{"id":7991,"date":"2022-07-20T07:00:03","date_gmt":"2022-07-20T12:00:03","guid":{"rendered":"https:\/\/politicosaldesnudo.com.mx\/?p=7991"},"modified":"2022-07-20T07:00:16","modified_gmt":"2022-07-20T12:00:16","slug":"a-los-amparos-se-los-llevo-el-tren","status":"publish","type":"post","link":"https:\/\/politicosaldesnudo.com.mx\/index.php\/2022\/07\/20\/a-los-amparos-se-los-llevo-el-tren\/","title":{"rendered":"A los amparos se los llev\u00f3 el tren"},"content":{"rendered":"<p>&nbsp;<\/p>\n<p class=\"p1\"><span style=\"font-size: 18pt;\"><b>Por \u00c1ngel \u00c1lvaro Pe\u00f1a<\/b><\/span><\/p>\n<p class=\"p1\"><span style=\"font-size: 14pt;\">La especulaci\u00f3n es v\u00e1lida para hacer pron\u00f3sticos a futuro, pero cuando se trata de especular sobre el presente se llama mentira o especulaci\u00f3n porque a pesar de que hay hechos concretos se tergiversa lo tangible, se modifica lo palpable, se cambia lo evidente a tal grado que distorsiona la percepci\u00f3n de la realidad.<\/span><\/p>\n<p class=\"p1\"><span style=\"font-size: 18pt;\"><strong>La verdad deber\u00eda estar dentro de la seguridad nacional de todos los pa\u00edses y seguramente habr\u00eda un periodismo m\u00e1s digno de los habitantes del planeta.<\/strong><\/span><\/p>\n<p class=\"p1\"><span style=\"font-size: 18pt;\"><strong>En el caso del Tren Maya, como suced\u00eda con otras obras p\u00fablicas, la trampa estaba bien puesta contra la actual administraci\u00f3n. Se orquestaban amparos para detener la obra, como sucedi\u00f3 con el Aeropuerto Internacional Felipe \u00c1ngeles, Dos Bocas, el Tren Maya, etc. Para, de esa manera, encarecer el costo de la obra, porque no es lo mismo trabajar de corrido que interrumpir hasta que se desecha el amparo por perversidad m\u00e1s que por otra causa.<\/strong><\/span><\/p>\n<p><img data-recalc-dims=\"1\" loading=\"lazy\" decoding=\"async\" class=\"aligncenter wp-image-7993 size-large\" src=\"https:\/\/i0.wp.com\/politicosaldesnudo.com.mx\/wp-content\/uploads\/2022\/07\/P-TREN-MAYA2-1024x573.png?resize=800%2C448&#038;ssl=1\" alt=\"\" width=\"800\" height=\"448\" srcset=\"https:\/\/i0.wp.com\/politicosaldesnudo.com.mx\/wp-content\/uploads\/2022\/07\/P-TREN-MAYA2.png?resize=1024%2C573&amp;ssl=1 1024w, https:\/\/i0.wp.com\/politicosaldesnudo.com.mx\/wp-content\/uploads\/2022\/07\/P-TREN-MAYA2.png?resize=300%2C168&amp;ssl=1 300w, https:\/\/i0.wp.com\/politicosaldesnudo.com.mx\/wp-content\/uploads\/2022\/07\/P-TREN-MAYA2.png?resize=768%2C430&amp;ssl=1 768w, https:\/\/i0.wp.com\/politicosaldesnudo.com.mx\/wp-content\/uploads\/2022\/07\/P-TREN-MAYA2.png?resize=1536%2C859&amp;ssl=1 1536w, https:\/\/i0.wp.com\/politicosaldesnudo.com.mx\/wp-content\/uploads\/2022\/07\/P-TREN-MAYA2.png?w=1816&amp;ssl=1 1816w, https:\/\/i0.wp.com\/politicosaldesnudo.com.mx\/wp-content\/uploads\/2022\/07\/P-TREN-MAYA2.png?w=1600&amp;ssl=1 1600w\" sizes=\"auto, (max-width: 800px) 100vw, 800px\" \/><\/p>\n<p>&nbsp;<\/p>\n<p class=\"p1\"><span style=\"font-size: 14pt;\">As\u00ed, la lluvia de amparos, siempre asesorados y financiados por los partidos de oposici\u00f3n, ten\u00eda varias finalidades, en primer lugar, dar a conocer supuestas violaciones en su construcci\u00f3n que atentaran contra la naturaleza, o la transparencia, al exponerlo trataban de descalificar proyectos que s\u00f3lo eran presentados como propios del Presidente, olvidando y ocultando el beneficio social que tiene toda obra p\u00fablica y que, en cada caso, hab\u00eda fundamentos concretos.<\/span><\/p>\n<p class=\"p1\"><span style=\"font-size: 18pt;\"><strong>Una vez declarada la violaci\u00f3n inexistente, pod\u00eda continuar la obra y los especuladores de la informaci\u00f3n, junto con los partidos pol\u00edticos, se preparaban para hacer c\u00e1lculos para sumar la p\u00e9rdida monetaria que produjo la acci\u00f3n de amparo y sumarla al presupuesto de la obra original.<\/strong><\/span><\/p>\n<p class=\"p1\"><span style=\"font-size: 14pt;\">Una vez publicado el sobreprecio a causa de la paralizaci\u00f3n de la obra, se dec\u00eda que si el c\u00e1lculo de la obra estaba mal hecho era por dos causas principales, la primera, falta de experiencia y conocimiento y la segunda por efectos de la corrupci\u00f3n, cuando ellos hab\u00edan propiciado ese sobreprecio, con el fin de que se parezca esta administraci\u00f3n a las anteriores, donde la oposici\u00f3n ten\u00eda el poder y la corrupci\u00f3n por h\u00e1bito, basada en el sobreprecio.<\/span><\/p>\n<p class=\"p1\"><span style=\"font-size: 14pt;\">La denostaci\u00f3n, la mancha estaba lanzada en los medios siempre en espacios destacados y en primeras planas. Los amparos le han servido a la oposici\u00f3n para descalificar las obras, pero no la pol\u00edtica del actual r\u00e9gimen, es por ello que en este momento, sobran abogados y jueces que se prestan a dar cauce a todo este tipo de lucrativas acciones de la oposici\u00f3n.<\/span><\/p>\n<p class=\"p1\"><span style=\"font-size: 18pt;\"><strong>El Tren Maya ha tenido muchos enemigos ef\u00edmeros, ficticios, mercenarios, falsos, comprados, alquilados, disfrazados, etc. Una de las obras magnas arroj\u00f3 mucha porquer\u00eda en contra, la gran mayor\u00eda de los obst\u00e1culos en los que se basaban los amparos eran falsedad, tergiversaciones, especulaciones, mentiras. La idea radica en retrasarla.<\/strong><\/span><\/p>\n<p class=\"p1\"><span style=\"font-size: 18pt;\"><strong>Ahora el gobierno declar\u00f3 al\u00a0Tren Maya\u00a0como obra de seguridad nacional, a efecto de evitar que los amparos promovidos por organizaciones ambientalistas retrasen los trabajos de construcci\u00f3n, como ocurri\u00f3 varias veces.<\/strong><\/span><\/p>\n<p>&nbsp;<\/p>\n<p><span style=\"font-size: 18pt; color: #319eca;\"><strong>LA OBRA ES PRIORITARIA<\/strong><\/span><\/p>\n<p class=\"p1\"><span style=\"font-size: 14pt;\">De inmediato emergieron de la tierra como hongos los voceros del pasado a decir que el presidente se burla de los amparos, pero deben entender que hay de amparos a amparos. Y de esa clase de amparos que s\u00f3lo han logrado que el dinero del pueblo se eche a perder en la espera de un fallo favorable a la obra, seguir\u00e1n burl\u00e1ndose la mayor\u00eda de los mexicanos.<\/span><\/p>\n<p class=\"p1\"><span style=\"font-size: 18pt;\"><strong>Javier May Rodr\u00edguez, director del\u00a0Fondo Nacional de Fomento al Turismo, asegur\u00f3 que la declaratoria implica que las Secretar\u00eda de Gobernaci\u00f3n y de Seguridad y Protecci\u00f3n Ciudadana ser\u00e1n las encargadas de la obra en el sur de M\u00e9xico.<\/strong><\/span><\/p>\n<p class=\"p1\"><span style=\"font-size: 14pt;\">\u201cEs un tema de seguridad nacional, hubo una declaratoria del Consejo de Seguridad Nacional donde la obra es prioritaria y es un tema de seguridad nacional y est\u00e1 a cargo de la Secretar\u00eda de Gobernaci\u00f3n y de Seguridad P\u00fablica\u201d, indic\u00f3 Javier May.<\/span><\/p>\n<p class=\"p1\"><span style=\"font-size: 18pt;\"><strong>Javier May refiri\u00f3 que el\u00a0amparo definitivo\u00a0concedido por dicho juez fue impugnado por el gobierno, quien presentar\u00e1 pruebas y las manifestaciones de impacto ambiental con el prop\u00f3sito de lograr que se levante la suspensi\u00f3n definitiva, debe tomarse en cuenta que en este sexenio surgieron de los rincones del resentimiento improvisados ambientalistas y rebeldes novatos contra toda obra p\u00fablica de la actual administraci\u00f3n, as\u00ed fuera algo que ellos mismos hubieran querido edificar, pero el odio gratuito los coloca del lado del retraso, del pasado, de la decadencia.<\/strong><\/span><\/p>\n<p><img data-recalc-dims=\"1\" loading=\"lazy\" decoding=\"async\" class=\"aligncenter wp-image-7992 size-large\" src=\"https:\/\/i0.wp.com\/politicosaldesnudo.com.mx\/wp-content\/uploads\/2022\/07\/P-TREN-MAYA1-1024x573.png?resize=800%2C448&#038;ssl=1\" alt=\"\" width=\"800\" height=\"448\" srcset=\"https:\/\/i0.wp.com\/politicosaldesnudo.com.mx\/wp-content\/uploads\/2022\/07\/P-TREN-MAYA1.png?resize=1024%2C573&amp;ssl=1 1024w, https:\/\/i0.wp.com\/politicosaldesnudo.com.mx\/wp-content\/uploads\/2022\/07\/P-TREN-MAYA1.png?resize=300%2C168&amp;ssl=1 300w, https:\/\/i0.wp.com\/politicosaldesnudo.com.mx\/wp-content\/uploads\/2022\/07\/P-TREN-MAYA1.png?resize=768%2C430&amp;ssl=1 768w, https:\/\/i0.wp.com\/politicosaldesnudo.com.mx\/wp-content\/uploads\/2022\/07\/P-TREN-MAYA1.png?resize=1536%2C859&amp;ssl=1 1536w, https:\/\/i0.wp.com\/politicosaldesnudo.com.mx\/wp-content\/uploads\/2022\/07\/P-TREN-MAYA1.png?w=1816&amp;ssl=1 1816w, https:\/\/i0.wp.com\/politicosaldesnudo.com.mx\/wp-content\/uploads\/2022\/07\/P-TREN-MAYA1.png?w=1600&amp;ssl=1 1600w\" sizes=\"auto, (max-width: 800px) 100vw, 800px\" \/><\/p>\n<p>&nbsp;<\/p>\n<p class=\"p1\"><span style=\"font-size: 14pt;\">Es decir, se respetar\u00e1n los tiempos de los amparos en honor a la ley de amparo que ha hecho historia en el mundo del derecho en M\u00e9xico, y, al mismo tiempo se comprobar\u00e1 que se trata de una obra de seguridad nacional porque es un camino, toda carretera tiene protecci\u00f3n federal, obra que une a los mexicanos, que muestra necesidades del tejido social, que favorece a la comunidad. Pero esas causas no son las causas de los detractores.<\/span><\/p>\n<p class=\"p1\"><span style=\"font-size: 14pt;\">El ex ministro, activo y sistem\u00e1tico cr\u00edtico de la actual administraci\u00f3n\u00a0Jos\u00e9 Ram\u00f3n Coss\u00edo, cuestion\u00f3 que el gobierno haya recurrido nuevamente a una declaratoria de seguridad nacional para proteger sus proyectos prioritarios, sin que los organismos aut\u00f3nomos como el Poder Judicial de la Federaci\u00f3n, validen sus acciones. Si estos derechos del ejecutivo Federal son desconocidos por este abogado quiere decir que nunca debi\u00f3 ser magistrado y menos a\u00fan tener un t\u00edtulo de abogado. Se act\u00faa conforme a las atribuciones del Jefe del ejecutivo.<\/span><\/p>\n<p class=\"p1\"><span style=\"font-size: 18pt;\"><strong>En la edici\u00f3n vespertina del Diario Oficial de la Federaci\u00f3n, \u201cel gobierno federal reafirm\u00f3 la declaraci\u00f3n de utilidad p\u00fablica 382 mil 992.40 metros cuadrados para la construcci\u00f3n del tramo 5 del Tren Maya en Quintana Roo, a pesar de las controversias en su construcci\u00f3n. Con la segunda publicaci\u00f3n de este decreto en el DOF este lunes 18, la Secretar\u00eda de Desarrollo Agrario Territorial y Urbano destaca que estos 25 inmuebles de propiedad privada que se encuentran en los municipios de Solidaridad y Tulum \u00abson apropiados e id\u00f3neos para la construcci\u00f3n y el funcionamiento integral del proyecto\u00bb.<\/strong><\/span><\/p>\n<p class=\"p1\"><span style=\"font-size: 14pt;\">Hay razones y leyes que quieren aceptar quienes fundamentan sus palabras no s\u00f3lo sobre la ley sino sobre la historia y m\u00e1s a\u00fan sobre la necesidad de una poblaci\u00f3n a la que siempre han desconocido tanto o m\u00e1s que las leyes. El tren camina.<\/span><\/p>\n<p>&nbsp;<\/p>\n<p class=\"p1\"><span style=\"font-size: 18pt;\"><strong>PEGA Y CORRE<\/strong><\/span><\/p>\n<p class=\"p1\"><span style=\"font-size: 14pt;\">La Secretar\u00eda de Agricultura y Desarrollo Rural inici\u00f3 la entrega de fertilizantes gratuitos en Chiapas, Guerrero y Oaxaca, para apoyar la producci\u00f3n de ma\u00edz, frijol y arroz, entidades con mayor marginaci\u00f3n. El precio especial de los fertilizantes, cuya producci\u00f3n escasea en todo el mundo, fue acordado por el gobierno mexicano en el m\u00e1s reciente viaje a Estados Unidos, pa\u00eds que se deshizo de una parte de su provisi\u00f3n nacional, para venderlo barato a M\u00e9xico, esto para quienes critican que este encuentro no tuvo logros, tambi\u00e9n relacionados con la seguridad nacional, que forma parte de la alimentaci\u00f3n de todos los mexicanos.\u2026 Esta columna se publica los lunes, mi\u00e9rcoles y viernes.<\/span><\/p>\n<p>&nbsp;<\/p>\n<p class=\"p1\"><span style=\"font-size: 18pt;\"><strong>Esta columna se publica los lunes, mi\u00e9rcoles y viernes<\/strong><\/span><\/p>\n<p>&nbsp;<\/p>\n<p><span style=\"font-size: 18pt; color: #319eca;\"><em><strong>**Las columnas firmadas en este medio son responsabilidad de quienes las firman**<\/strong><\/em><\/span><\/p>\n<p>&nbsp;<\/p>\n<p>&nbsp;<\/p>\n<p>&nbsp;<\/p>\n<p>&nbsp;<\/p>\n<p>&nbsp;<\/p>\n","protected":false},"excerpt":{"rendered":"<p>&nbsp; Por \u00c1ngel \u00c1lvaro Pe\u00f1a La especulaci\u00f3n es v\u00e1lida para hacer pron\u00f3sticos a futuro, pero cuando se trata de especular<\/p>\n","protected":false},"author":4,"featured_media":3775,"comment_status":"closed","ping_status":"closed","sticky":false,"template":"","format":"standard","meta":{"colormag_page_container_layout":"default_layout","colormag_page_sidebar_layout":"default_layout","_jetpack_memberships_contains_paid_content":false,"footnotes":"","jetpack_publicize_message":"","jetpack_publicize_feature_enabled":true,"jetpack_social_post_already_shared":false,"jetpack_social_options":{"image_generator_settings":{"template":"highway","default_image_id":0,"font":"","enabled":false},"version":2}},"categories":[26],"tags":[1180,1034,1179,1178,454],"class_list":["post-7991","post","type-post","status-publish","format-standard","has-post-thumbnail","hentry","category-columnistas","tag-amparos","tag-fonatur","tag-jay-may","tag-seguridad-nacional","tag-tren-maya"],"jetpack_publicize_connections":[],"jetpack_featured_media_url":"https:\/\/i0.wp.com\/politicosaldesnudo.com.mx\/wp-content\/uploads\/2022\/04\/A%CC%81NGEL-A%CC%81LVARO-PEN%CC%83A1.png?fit=1816%2C1016&ssl=1","jetpack-related-posts":[],"jetpack_sharing_enabled":true,"_links":{"self":[{"href":"https:\/\/politicosaldesnudo.com.mx\/index.php\/wp-json\/wp\/v2\/posts\/7991","targetHints":{"allow":["GET"]}}],"collection":[{"href":"https:\/\/politicosaldesnudo.com.mx\/index.php\/wp-json\/wp\/v2\/posts"}],"about":[{"href":"https:\/\/politicosaldesnudo.com.mx\/index.php\/wp-json\/wp\/v2\/types\/post"}],"author":[{"embeddable":true,"href":"https:\/\/politicosaldesnudo.com.mx\/index.php\/wp-json\/wp\/v2\/users\/4"}],"replies":[{"embeddable":true,"href":"https:\/\/politicosaldesnudo.com.mx\/index.php\/wp-json\/wp\/v2\/comments?post=7991"}],"version-history":[{"count":0,"href":"https:\/\/politicosaldesnudo.com.mx\/index.php\/wp-json\/wp\/v2\/posts\/7991\/revisions"}],"wp:featuredmedia":[{"embeddable":true,"href":"https:\/\/politicosaldesnudo.com.mx\/index.php\/wp-json\/wp\/v2\/media\/3775"}],"wp:attachment":[{"href":"https:\/\/politicosaldesnudo.com.mx\/index.php\/wp-json\/wp\/v2\/media?parent=7991"}],"wp:term":[{"taxonomy":"category","embeddable":true,"href":"https:\/\/politicosaldesnudo.com.mx\/index.php\/wp-json\/wp\/v2\/categories?post=7991"},{"taxonomy":"post_tag","embeddable":true,"href":"https:\/\/politicosaldesnudo.com.mx\/index.php\/wp-json\/wp\/v2\/tags?post=7991"}],"curies":[{"name":"wp","href":"https:\/\/api.w.org\/{rel}","templated":true}]}}