{"id":79912,"date":"2026-02-13T00:13:17","date_gmt":"2026-02-13T06:13:17","guid":{"rendered":"https:\/\/politicosaldesnudo.com.mx\/?p=79912"},"modified":"2026-02-12T23:16:24","modified_gmt":"2026-02-13T05:16:24","slug":"juez-concede-a-ciudadano-suspension-de-pago-por-incremento-de-predial-en-rosarito-bc","status":"publish","type":"post","link":"https:\/\/politicosaldesnudo.com.mx\/index.php\/2026\/02\/13\/juez-concede-a-ciudadano-suspension-de-pago-por-incremento-de-predial-en-rosarito-bc\/","title":{"rendered":"Juez concede a ciudadano suspensi\u00f3n de pago por incremento de predial en Rosarito, BC"},"content":{"rendered":"<div id=\"article-content-tts\" class=\"nota-contenido mb-5\">\n<div id=\"content_nitf\">\n<p class=\"nota-justify\">Un juez federal otorg\u00f3 la suspensi\u00f3n provisional a un ciudadano que promovi\u00f3 un amparo por el incremento del impuesto predial que realiz\u00f3 el Ayuntamiento de Playas de Rosarito a partir de enero de 2026.<\/p>\n<p class=\"nota-justify\">El juez D\u00e9cimo Tercero de Distrito del Poder Judicial de la Federaci\u00f3n declar\u00f3 procedente la suspensi\u00f3n con base al criterio que se asume, por regla general, en trat\u00e1ndose contra \u00abel cobro de contribuciones\u201d, seg\u00fan el expediente 89\/2026-F.<\/p>\n<p class=\"nota-justify\">En el documento les requiri\u00f3 informes al Congreso de Baja California y al Ayuntamiento de Playas de Rosarito sobre el incremento del impuesto.<\/p>\n<p class=\"nota-justify\">Movimiento Ciudadano promovi\u00f3 un centenar de solicitudes colectivas de amparo y derechos de petici\u00f3n al considerar ilegal incrementos de hasta el 450 por ciento contenido en la Ley de Ingresos que present\u00f3 la alcaldesa morenista Roc\u00edo Adame ante Cabildo y Congreso local, el cual se aplic\u00f3 desde el 1 de enero.<\/p>\n<p class=\"nota-justify\">El coordinador de MC, Salvador S\u00e1nchez, inform\u00f3 que se trata de la primera suspensi\u00f3n provisional contra el cobro del predial en Rosarito y ordena que a quien present\u00f3 el amparo no se le aplique el cobro del impuesto predial con base en la Ley de Ingresos 2026 y en la Tabla de Valores Catastrales, hasta que se resuelva de fondo el juicio.<\/p>\n<p class=\"nota-justify\">Mientras el gobierno municipal intenta normalizar cobros desproporcionados y presume \u2018recaudaci\u00f3n\u2019, sostuvo, miles de familias viven \u00abrecibos impagables, miedo e incertidumbre por su patrimonio\u201d.<\/p>\n<\/div>\n<\/div>\n<div class=\"notas-relacionadas\"><\/div>\n<div class=\"nota-tags\"><\/div>\n","protected":false},"excerpt":{"rendered":"<p>Un juez federal otorg\u00f3 la suspensi\u00f3n provisional a un ciudadano que promovi\u00f3 un amparo por el incremento del impuesto predial [&hellip;]<\/p>\n","protected":false},"author":4,"featured_media":79913,"comment_status":"closed","ping_status":"closed","sticky":false,"template":"","format":"standard","meta":{"site-sidebar-layout":"default","site-content-layout":"","ast-site-content-layout":"default","site-content-style":"default","site-sidebar-style":"default","ast-global-header-display":"","ast-banner-title-visibility":"","ast-main-header-display":"","ast-hfb-above-header-display":"","ast-hfb-below-header-display":"","ast-hfb-mobile-header-display":"","site-post-title":"","ast-breadcrumbs-content":"","ast-featured-img":"","footer-sml-layout":"","ast-disable-related-posts":"","theme-transparent-header-meta":"","adv-header-id-meta":"","stick-header-meta":"","header-above-stick-meta":"","header-main-stick-meta":"","header-below-stick-meta":"","astra-migrate-meta-layouts":"default","ast-page-background-enabled":"default","ast-page-background-meta":{"desktop":{"background-color":"var(--ast-global-color-5)","background-image":"","background-repeat":"repeat","background-position":"center center","background-size":"auto","background-attachment":"scroll","background-type":"","background-media":"","overlay-type":"","overlay-color":"","overlay-opacity":"","overlay-gradient":""},"tablet":{"background-color":"","background-image":"","background-repeat":"repeat","background-position":"center center","background-size":"auto","background-attachment":"scroll","background-type":"","background-media":"","overlay-type":"","overlay-color":"","overlay-opacity":"","overlay-gradient":""},"mobile":{"background-color":"","background-image":"","background-repeat":"repeat","background-position":"center center","background-size":"auto","background-attachment":"scroll","background-type":"","background-media":"","overlay-type":"","overlay-color":"","overlay-opacity":"","overlay-gradient":""}},"ast-content-background-meta":{"desktop":{"background-color":"var(--ast-global-color-4)","background-image":"","background-repeat":"repeat","background-position":"center center","background-size":"auto","background-attachment":"scroll","background-type":"","background-media":"","overlay-type":"","overlay-color":"","overlay-opacity":"","overlay-gradient":""},"tablet":{"background-color":"var(--ast-global-color-4)","background-image":"","background-repeat":"repeat","background-position":"center center","background-size":"auto","background-attachment":"scroll","background-type":"","background-media":"","overlay-type":"","overlay-color":"","overlay-opacity":"","overlay-gradient":""},"mobile":{"background-color":"var(--ast-global-color-4)","background-image":"","background-repeat":"repeat","background-position":"center center","background-size":"auto","background-attachment":"scroll","background-type":"","background-media":"","overlay-type":"","overlay-color":"","overlay-opacity":"","overlay-gradient":""}},"_jetpack_newsletter_access":"","_jetpack_dont_email_post_to_subs":false,"_jetpack_newsletter_tier_id":0,"_jetpack_memberships_contains_paywalled_content":false,"_jetpack_feature_clip_id":0,"_jetpack_memberships_contains_paid_content":false,"footnotes":"","jetpack_publicize_message":"","jetpack_publicize_feature_enabled":true,"jetpack_social_post_already_shared":true,"jetpack_social_options":{"image_generator_settings":{"template":"highway","default_image_id":0,"font":"","enabled":false},"version":2},"jetpack_post_was_ever_published":false},"categories":[30],"tags":[],"class_list":["post-79912","post","type-post","status-publish","format-standard","has-post-thumbnail","hentry","category-estados"],"yoast_head":"<!-- This site is optimized with the Yoast SEO plugin v28.3 - https:\/\/yoast.com\/product\/yoast-seo-wordpress\/ -->\n<title>Juez concede a ciudadano suspensi\u00f3n de pago por incremento de predial en Rosarito, BC - Pol\u00edticos al Desnudo<\/title>\n<meta name=\"robots\" content=\"index, follow, max-snippet:-1, max-image-preview:large, max-video-preview:-1\" \/>\n<link rel=\"canonical\" href=\"https:\/\/politicosaldesnudo.com.mx\/index.php\/2026\/02\/13\/juez-concede-a-ciudadano-suspension-de-pago-por-incremento-de-predial-en-rosarito-bc\/\" \/>\n<meta property=\"og:locale\" content=\"es_ES\" \/>\n<meta property=\"og:type\" content=\"article\" \/>\n<meta property=\"og:title\" content=\"Juez concede a ciudadano suspensi\u00f3n de pago por incremento de predial en Rosarito, BC - Pol\u00edticos al Desnudo\" \/>\n<meta property=\"og:description\" content=\"Un juez federal otorg\u00f3 la suspensi\u00f3n provisional a un ciudadano que promovi\u00f3 un amparo por el incremento del impuesto predial [&hellip;]\" \/>\n<meta property=\"og:url\" content=\"https:\/\/politicosaldesnudo.com.mx\/index.php\/2026\/02\/13\/juez-concede-a-ciudadano-suspension-de-pago-por-incremento-de-predial-en-rosarito-bc\/\" \/>\n<meta property=\"og:site_name\" content=\"Pol\u00edticos al Desnudo\" \/>\n<meta property=\"article:publisher\" content=\"https:\/\/www.facebook.com\/PoliticosAD\" \/>\n<meta property=\"article:published_time\" content=\"2026-02-13T06:13:17+00:00\" \/>\n<meta property=\"og:image\" content=\"https:\/\/i0.wp.com\/politicosaldesnudo.com.mx\/wp-content\/uploads\/2026\/02\/ROSRITO.jpg?fit=1200%2C806&ssl=1\" \/>\n\t<meta property=\"og:image:width\" content=\"1200\" \/>\n\t<meta property=\"og:image:height\" content=\"806\" \/>\n\t<meta property=\"og:image:type\" content=\"image\/jpeg\" \/>\n<meta name=\"author\" content=\"Redacci\u00f3n Pol\u00edticos\" \/>\n<meta name=\"twitter:card\" content=\"summary_large_image\" \/>\n<meta name=\"twitter:label1\" content=\"Escrito por\" \/>\n\t<meta name=\"twitter:data1\" content=\"Redacci\u00f3n Pol\u00edticos\" \/>\n\t<meta name=\"twitter:label2\" content=\"Tiempo de lectura\" \/>\n\t<meta name=\"twitter:data2\" content=\"1 minuto\" \/>\n<script type=\"application\/ld+json\" class=\"yoast-schema-graph\">{\"@context\":\"https:\\\/\\\/schema.org\",\"@graph\":[{\"@type\":\"Article\",\"@id\":\"https:\\\/\\\/politicosaldesnudo.com.mx\\\/index.php\\\/2026\\\/02\\\/13\\\/juez-concede-a-ciudadano-suspension-de-pago-por-incremento-de-predial-en-rosarito-bc\\\/#article\",\"isPartOf\":{\"@id\":\"https:\\\/\\\/politicosaldesnudo.com.mx\\\/index.php\\\/2026\\\/02\\\/13\\\/juez-concede-a-ciudadano-suspension-de-pago-por-incremento-de-predial-en-rosarito-bc\\\/\"},\"author\":{\"name\":\"Redacci\u00f3n Pol\u00edticos\",\"@id\":\"https:\\\/\\\/politicosaldesnudo.com.mx\\\/#\\\/schema\\\/person\\\/ef3a64e561cc3f3f5dc52fab81adde7e\"},\"headline\":\"Juez concede a ciudadano suspensi\u00f3n de pago por incremento de predial en Rosarito, BC\",\"datePublished\":\"2026-02-13T06:13:17+00:00\",\"mainEntityOfPage\":{\"@id\":\"https:\\\/\\\/politicosaldesnudo.com.mx\\\/index.php\\\/2026\\\/02\\\/13\\\/juez-concede-a-ciudadano-suspension-de-pago-por-incremento-de-predial-en-rosarito-bc\\\/\"},\"wordCount\":253,\"publisher\":{\"@id\":\"https:\\\/\\\/politicosaldesnudo.com.mx\\\/#organization\"},\"image\":{\"@id\":\"https:\\\/\\\/politicosaldesnudo.com.mx\\\/index.php\\\/2026\\\/02\\\/13\\\/juez-concede-a-ciudadano-suspension-de-pago-por-incremento-de-predial-en-rosarito-bc\\\/#primaryimage\"},\"thumbnailUrl\":\"https:\\\/\\\/i0.wp.com\\\/politicosaldesnudo.com.mx\\\/wp-content\\\/uploads\\\/2026\\\/02\\\/ROSRITO.jpg?fit=1200%2C806&ssl=1\",\"articleSection\":[\"ESTADOS\"],\"inLanguage\":\"es\"},{\"@type\":\"WebPage\",\"@id\":\"https:\\\/\\\/politicosaldesnudo.com.mx\\\/index.php\\\/2026\\\/02\\\/13\\\/juez-concede-a-ciudadano-suspension-de-pago-por-incremento-de-predial-en-rosarito-bc\\\/\",\"url\":\"https:\\\/\\\/politicosaldesnudo.com.mx\\\/index.php\\\/2026\\\/02\\\/13\\\/juez-concede-a-ciudadano-suspension-de-pago-por-incremento-de-predial-en-rosarito-bc\\\/\",\"name\":\"Juez concede a ciudadano suspensi\u00f3n de pago por incremento de predial en Rosarito, BC - Pol\u00edticos al Desnudo\",\"isPartOf\":{\"@id\":\"https:\\\/\\\/politicosaldesnudo.com.mx\\\/#website\"},\"primaryImageOfPage\":{\"@id\":\"https:\\\/\\\/politicosaldesnudo.com.mx\\\/index.php\\\/2026\\\/02\\\/13\\\/juez-concede-a-ciudadano-suspension-de-pago-por-incremento-de-predial-en-rosarito-bc\\\/#primaryimage\"},\"image\":{\"@id\":\"https:\\\/\\\/politicosaldesnudo.com.mx\\\/index.php\\\/2026\\\/02\\\/13\\\/juez-concede-a-ciudadano-suspension-de-pago-por-incremento-de-predial-en-rosarito-bc\\\/#primaryimage\"},\"thumbnailUrl\":\"https:\\\/\\\/i0.wp.com\\\/politicosaldesnudo.com.mx\\\/wp-content\\\/uploads\\\/2026\\\/02\\\/ROSRITO.jpg?fit=1200%2C806&ssl=1\",\"datePublished\":\"2026-02-13T06:13:17+00:00\",\"breadcrumb\":{\"@id\":\"https:\\\/\\\/politicosaldesnudo.com.mx\\\/index.php\\\/2026\\\/02\\\/13\\\/juez-concede-a-ciudadano-suspension-de-pago-por-incremento-de-predial-en-rosarito-bc\\\/#breadcrumb\"},\"inLanguage\":\"es\",\"potentialAction\":[{\"@type\":\"ReadAction\",\"target\":[\"https:\\\/\\\/politicosaldesnudo.com.mx\\\/index.php\\\/2026\\\/02\\\/13\\\/juez-concede-a-ciudadano-suspension-de-pago-por-incremento-de-predial-en-rosarito-bc\\\/\"]}]},{\"@type\":\"ImageObject\",\"inLanguage\":\"es\",\"@id\":\"https:\\\/\\\/politicosaldesnudo.com.mx\\\/index.php\\\/2026\\\/02\\\/13\\\/juez-concede-a-ciudadano-suspension-de-pago-por-incremento-de-predial-en-rosarito-bc\\\/#primaryimage\",\"url\":\"https:\\\/\\\/i0.wp.com\\\/politicosaldesnudo.com.mx\\\/wp-content\\\/uploads\\\/2026\\\/02\\\/ROSRITO.jpg?fit=1200%2C806&ssl=1\",\"contentUrl\":\"https:\\\/\\\/i0.wp.com\\\/politicosaldesnudo.com.mx\\\/wp-content\\\/uploads\\\/2026\\\/02\\\/ROSRITO.jpg?fit=1200%2C806&ssl=1\",\"width\":1200,\"height\":806},{\"@type\":\"BreadcrumbList\",\"@id\":\"https:\\\/\\\/politicosaldesnudo.com.mx\\\/index.php\\\/2026\\\/02\\\/13\\\/juez-concede-a-ciudadano-suspension-de-pago-por-incremento-de-predial-en-rosarito-bc\\\/#breadcrumb\",\"itemListElement\":[{\"@type\":\"ListItem\",\"position\":1,\"name\":\"Portada\",\"item\":\"https:\\\/\\\/politicosaldesnudo.com.mx\\\/\"},{\"@type\":\"ListItem\",\"position\":2,\"name\":\"Juez concede a ciudadano suspensi\u00f3n de pago por incremento de predial en Rosarito, BC\"}]},{\"@type\":\"WebSite\",\"@id\":\"https:\\\/\\\/politicosaldesnudo.com.mx\\\/#website\",\"url\":\"https:\\\/\\\/politicosaldesnudo.com.mx\\\/\",\"name\":\"Pol\u00edticos al Desnudo\",\"description\":\"\",\"publisher\":{\"@id\":\"https:\\\/\\\/politicosaldesnudo.com.mx\\\/#organization\"},\"potentialAction\":[{\"@type\":\"SearchAction\",\"target\":{\"@type\":\"EntryPoint\",\"urlTemplate\":\"https:\\\/\\\/politicosaldesnudo.com.mx\\\/?s={search_term_string}\"},\"query-input\":{\"@type\":\"PropertyValueSpecification\",\"valueRequired\":true,\"valueName\":\"search_term_string\"}}],\"inLanguage\":\"es\"},{\"@type\":\"Organization\",\"@id\":\"https:\\\/\\\/politicosaldesnudo.com.mx\\\/#organization\",\"name\":\"Pol\u00edticos al Desnudo\",\"url\":\"https:\\\/\\\/politicosaldesnudo.com.mx\\\/\",\"logo\":{\"@type\":\"ImageObject\",\"inLanguage\":\"es\",\"@id\":\"https:\\\/\\\/politicosaldesnudo.com.mx\\\/#\\\/schema\\\/logo\\\/image\\\/\",\"url\":\"https:\\\/\\\/i0.wp.com\\\/politicosaldesnudo.com.mx\\\/wp-content\\\/uploads\\\/2026\\\/08\\\/cropped-logo.webp?fit=400%2C126&ssl=1\",\"contentUrl\":\"https:\\\/\\\/i0.wp.com\\\/politicosaldesnudo.com.mx\\\/wp-content\\\/uploads\\\/2026\\\/08\\\/cropped-logo.webp?fit=400%2C126&ssl=1\",\"width\":400,\"height\":126,\"caption\":\"Pol\u00edticos al Desnudo\"},\"image\":{\"@id\":\"https:\\\/\\\/politicosaldesnudo.com.mx\\\/#\\\/schema\\\/logo\\\/image\\\/\"},\"sameAs\":[\"https:\\\/\\\/www.facebook.com\\\/PoliticosAD\"]},{\"@type\":\"Person\",\"@id\":\"https:\\\/\\\/politicosaldesnudo.com.mx\\\/#\\\/schema\\\/person\\\/ef3a64e561cc3f3f5dc52fab81adde7e\",\"name\":\"Redacci\u00f3n Pol\u00edticos\",\"url\":\"https:\\\/\\\/politicosaldesnudo.com.mx\\\/index.php\\\/author\\\/redaccion-politicos\\\/\"}]}<\/script>\n<!-- \/ Yoast SEO plugin. -->","yoast_head_json":{"title":"Juez concede a ciudadano suspensi\u00f3n de pago por incremento de predial en Rosarito, BC - Pol\u00edticos al Desnudo","robots":{"index":"index","follow":"follow","max-snippet":"max-snippet:-1","max-image-preview":"max-image-preview:large","max-video-preview":"max-video-preview:-1"},"canonical":"https:\/\/politicosaldesnudo.com.mx\/index.php\/2026\/02\/13\/juez-concede-a-ciudadano-suspension-de-pago-por-incremento-de-predial-en-rosarito-bc\/","og_locale":"es_ES","og_type":"article","og_title":"Juez concede a ciudadano suspensi\u00f3n de pago por incremento de predial en Rosarito, BC - Pol\u00edticos al Desnudo","og_description":"Un juez federal otorg\u00f3 la suspensi\u00f3n provisional a un ciudadano que promovi\u00f3 un amparo por el incremento del impuesto predial [&hellip;]","og_url":"https:\/\/politicosaldesnudo.com.mx\/index.php\/2026\/02\/13\/juez-concede-a-ciudadano-suspension-de-pago-por-incremento-de-predial-en-rosarito-bc\/","og_site_name":"Pol\u00edticos al Desnudo","article_publisher":"https:\/\/www.facebook.com\/PoliticosAD","article_published_time":"2026-02-13T06:13:17+00:00","og_image":[{"width":1200,"height":806,"url":"https:\/\/i0.wp.com\/politicosaldesnudo.com.mx\/wp-content\/uploads\/2026\/02\/ROSRITO.jpg?fit=1200%2C806&ssl=1","type":"image\/jpeg"}],"author":"Redacci\u00f3n Pol\u00edticos","twitter_card":"summary_large_image","twitter_misc":{"Escrito por":"Redacci\u00f3n Pol\u00edticos","Tiempo de lectura":"1 minuto"},"schema":{"@context":"https:\/\/schema.org","@graph":[{"@type":"Article","@id":"https:\/\/politicosaldesnudo.com.mx\/index.php\/2026\/02\/13\/juez-concede-a-ciudadano-suspension-de-pago-por-incremento-de-predial-en-rosarito-bc\/#article","isPartOf":{"@id":"https:\/\/politicosaldesnudo.com.mx\/index.php\/2026\/02\/13\/juez-concede-a-ciudadano-suspension-de-pago-por-incremento-de-predial-en-rosarito-bc\/"},"author":{"name":"Redacci\u00f3n Pol\u00edticos","@id":"https:\/\/politicosaldesnudo.com.mx\/#\/schema\/person\/ef3a64e561cc3f3f5dc52fab81adde7e"},"headline":"Juez concede a ciudadano suspensi\u00f3n de pago por incremento de predial en Rosarito, BC","datePublished":"2026-02-13T06:13:17+00:00","mainEntityOfPage":{"@id":"https:\/\/politicosaldesnudo.com.mx\/index.php\/2026\/02\/13\/juez-concede-a-ciudadano-suspension-de-pago-por-incremento-de-predial-en-rosarito-bc\/"},"wordCount":253,"publisher":{"@id":"https:\/\/politicosaldesnudo.com.mx\/#organization"},"image":{"@id":"https:\/\/politicosaldesnudo.com.mx\/index.php\/2026\/02\/13\/juez-concede-a-ciudadano-suspension-de-pago-por-incremento-de-predial-en-rosarito-bc\/#primaryimage"},"thumbnailUrl":"https:\/\/i0.wp.com\/politicosaldesnudo.com.mx\/wp-content\/uploads\/2026\/02\/ROSRITO.jpg?fit=1200%2C806&ssl=1","articleSection":["ESTADOS"],"inLanguage":"es"},{"@type":"WebPage","@id":"https:\/\/politicosaldesnudo.com.mx\/index.php\/2026\/02\/13\/juez-concede-a-ciudadano-suspension-de-pago-por-incremento-de-predial-en-rosarito-bc\/","url":"https:\/\/politicosaldesnudo.com.mx\/index.php\/2026\/02\/13\/juez-concede-a-ciudadano-suspension-de-pago-por-incremento-de-predial-en-rosarito-bc\/","name":"Juez concede a ciudadano suspensi\u00f3n de pago por incremento de predial en Rosarito, BC - Pol\u00edticos al Desnudo","isPartOf":{"@id":"https:\/\/politicosaldesnudo.com.mx\/#website"},"primaryImageOfPage":{"@id":"https:\/\/politicosaldesnudo.com.mx\/index.php\/2026\/02\/13\/juez-concede-a-ciudadano-suspension-de-pago-por-incremento-de-predial-en-rosarito-bc\/#primaryimage"},"image":{"@id":"https:\/\/politicosaldesnudo.com.mx\/index.php\/2026\/02\/13\/juez-concede-a-ciudadano-suspension-de-pago-por-incremento-de-predial-en-rosarito-bc\/#primaryimage"},"thumbnailUrl":"https:\/\/i0.wp.com\/politicosaldesnudo.com.mx\/wp-content\/uploads\/2026\/02\/ROSRITO.jpg?fit=1200%2C806&ssl=1","datePublished":"2026-02-13T06:13:17+00:00","breadcrumb":{"@id":"https:\/\/politicosaldesnudo.com.mx\/index.php\/2026\/02\/13\/juez-concede-a-ciudadano-suspension-de-pago-por-incremento-de-predial-en-rosarito-bc\/#breadcrumb"},"inLanguage":"es","potentialAction":[{"@type":"ReadAction","target":["https:\/\/politicosaldesnudo.com.mx\/index.php\/2026\/02\/13\/juez-concede-a-ciudadano-suspension-de-pago-por-incremento-de-predial-en-rosarito-bc\/"]}]},{"@type":"ImageObject","inLanguage":"es","@id":"https:\/\/politicosaldesnudo.com.mx\/index.php\/2026\/02\/13\/juez-concede-a-ciudadano-suspension-de-pago-por-incremento-de-predial-en-rosarito-bc\/#primaryimage","url":"https:\/\/i0.wp.com\/politicosaldesnudo.com.mx\/wp-content\/uploads\/2026\/02\/ROSRITO.jpg?fit=1200%2C806&ssl=1","contentUrl":"https:\/\/i0.wp.com\/politicosaldesnudo.com.mx\/wp-content\/uploads\/2026\/02\/ROSRITO.jpg?fit=1200%2C806&ssl=1","width":1200,"height":806},{"@type":"BreadcrumbList","@id":"https:\/\/politicosaldesnudo.com.mx\/index.php\/2026\/02\/13\/juez-concede-a-ciudadano-suspension-de-pago-por-incremento-de-predial-en-rosarito-bc\/#breadcrumb","itemListElement":[{"@type":"ListItem","position":1,"name":"Portada","item":"https:\/\/politicosaldesnudo.com.mx\/"},{"@type":"ListItem","position":2,"name":"Juez concede a ciudadano suspensi\u00f3n de pago por incremento de predial en Rosarito, BC"}]},{"@type":"WebSite","@id":"https:\/\/politicosaldesnudo.com.mx\/#website","url":"https:\/\/politicosaldesnudo.com.mx\/","name":"Pol\u00edticos al Desnudo","description":"","publisher":{"@id":"https:\/\/politicosaldesnudo.com.mx\/#organization"},"potentialAction":[{"@type":"SearchAction","target":{"@type":"EntryPoint","urlTemplate":"https:\/\/politicosaldesnudo.com.mx\/?s={search_term_string}"},"query-input":{"@type":"PropertyValueSpecification","valueRequired":true,"valueName":"search_term_string"}}],"inLanguage":"es"},{"@type":"Organization","@id":"https:\/\/politicosaldesnudo.com.mx\/#organization","name":"Pol\u00edticos al Desnudo","url":"https:\/\/politicosaldesnudo.com.mx\/","logo":{"@type":"ImageObject","inLanguage":"es","@id":"https:\/\/politicosaldesnudo.com.mx\/#\/schema\/logo\/image\/","url":"https:\/\/i0.wp.com\/politicosaldesnudo.com.mx\/wp-content\/uploads\/2026\/08\/cropped-logo.webp?fit=400%2C126&ssl=1","contentUrl":"https:\/\/i0.wp.com\/politicosaldesnudo.com.mx\/wp-content\/uploads\/2026\/08\/cropped-logo.webp?fit=400%2C126&ssl=1","width":400,"height":126,"caption":"Pol\u00edticos al Desnudo"},"image":{"@id":"https:\/\/politicosaldesnudo.com.mx\/#\/schema\/logo\/image\/"},"sameAs":["https:\/\/www.facebook.com\/PoliticosAD"]},{"@type":"Person","@id":"https:\/\/politicosaldesnudo.com.mx\/#\/schema\/person\/ef3a64e561cc3f3f5dc52fab81adde7e","name":"Redacci\u00f3n Pol\u00edticos","url":"https:\/\/politicosaldesnudo.com.mx\/index.php\/author\/redaccion-politicos\/"}]}},"jetpack_publicize_connections":[],"jetpack-related-posts":[{"id":28811,"url":"https:\/\/politicosaldesnudo.com.mx\/index.php\/2024\/01\/08\/va-lozoya-por-nuevo-amparo-contra-negativa-a-seguir-juicio-en-libertad\/","url_meta":{"origin":79912,"position":0},"title":"Va Lozoya por nuevo amparo contra negativa a seguir juicio en libertad","author":"Redacci\u00f3n Pol\u00edticos","date":"8 de enero de 2024","format":false,"excerpt":"Emilio Lozoya Austin, ex director de Petr\u00f3leos Mexicanos (Pemex), promovi\u00f3 un nuevo juicio de amparo contra la resoluci\u00f3n de un juez federal que le neg\u00f3 el cambio de medida cautelar para seguir su juicio en libertad por el caso Odebrecht. El ex funcionario inicio el juicio de amparo el pasado\u2026","rel":"","context":"En \u00abNACIONAL\u00bb","block_context":{"text":"NACIONAL","link":"https:\/\/politicosaldesnudo.com.mx\/index.php\/category\/nacional\/"},"img":{"alt_text":"","src":"https:\/\/i0.wp.com\/politicosaldesnudo.com.mx\/wp-content\/uploads\/2024\/01\/emilio-lozoya-2.jpeg?fit=1131%2C645&ssl=1&resize=350%2C200","width":350,"height":200,"srcset":"https:\/\/i0.wp.com\/politicosaldesnudo.com.mx\/wp-content\/uploads\/2024\/01\/emilio-lozoya-2.jpeg?fit=1131%2C645&ssl=1&resize=350%2C200 1x, https:\/\/i0.wp.com\/politicosaldesnudo.com.mx\/wp-content\/uploads\/2024\/01\/emilio-lozoya-2.jpeg?fit=1131%2C645&ssl=1&resize=525%2C300 1.5x, https:\/\/i0.wp.com\/politicosaldesnudo.com.mx\/wp-content\/uploads\/2024\/01\/emilio-lozoya-2.jpeg?fit=1131%2C645&ssl=1&resize=700%2C400 2x, https:\/\/i0.wp.com\/politicosaldesnudo.com.mx\/wp-content\/uploads\/2024\/01\/emilio-lozoya-2.jpeg?fit=1131%2C645&ssl=1&resize=1050%2C600 3x"},"classes":[]},{"id":87967,"url":"https:\/\/politicosaldesnudo.com.mx\/index.php\/2026\/08\/22\/mexico-extradita-a-argentina-a-presunto-lider-de-una-red-de-explotacion-sexual\/","url_meta":{"origin":79912,"position":1},"title":"M\u00e9xico extradita a Argentina a presunto l\u00edder de una red de explotaci\u00f3n sexual","author":"Redacci\u00f3n Pol\u00edticos","date":"22 de agosto de 2026","format":false,"excerpt":"Despu\u00e9s de una prolongada batalla judicial para evitar su traslado, Ra\u00fal \u201cN\u201d fue entregado por autoridades mexicanas a agentes de Argentina, donde es investigado por su presunta participaci\u00f3n en una organizaci\u00f3n dedicada a la trata de personas y al lavado de dinero. La operaci\u00f3n se realiz\u00f3 en el Aeropuerto Internacional\u2026","rel":"","context":"En \u00abINTERNACIONAL\u00bb","block_context":{"text":"INTERNACIONAL","link":"https:\/\/politicosaldesnudo.com.mx\/index.php\/category\/internacional\/"},"img":{"alt_text":"","src":"https:\/\/i0.wp.com\/politicosaldesnudo.com.mx\/wp-content\/uploads\/2026\/08\/fgr-entrega-a-argentina-a-presunto-tratante-de-personas-1200x675-1.webp?fit=1200%2C675&ssl=1&resize=350%2C200","width":350,"height":200,"srcset":"https:\/\/i0.wp.com\/politicosaldesnudo.com.mx\/wp-content\/uploads\/2026\/08\/fgr-entrega-a-argentina-a-presunto-tratante-de-personas-1200x675-1.webp?fit=1200%2C675&ssl=1&resize=350%2C200 1x, https:\/\/i0.wp.com\/politicosaldesnudo.com.mx\/wp-content\/uploads\/2026\/08\/fgr-entrega-a-argentina-a-presunto-tratante-de-personas-1200x675-1.webp?fit=1200%2C675&ssl=1&resize=525%2C300 1.5x, https:\/\/i0.wp.com\/politicosaldesnudo.com.mx\/wp-content\/uploads\/2026\/08\/fgr-entrega-a-argentina-a-presunto-tratante-de-personas-1200x675-1.webp?fit=1200%2C675&ssl=1&resize=700%2C400 2x, https:\/\/i0.wp.com\/politicosaldesnudo.com.mx\/wp-content\/uploads\/2026\/08\/fgr-entrega-a-argentina-a-presunto-tratante-de-personas-1200x675-1.webp?fit=1200%2C675&ssl=1&resize=1050%2C600 3x"},"classes":[]},{"id":87924,"url":"https:\/\/politicosaldesnudo.com.mx\/index.php\/2026\/08\/20\/trasladan-desde-argentina-a-fernando-farias-laguna-por-caso-de-huachicol-fiscal\/","url_meta":{"origin":79912,"position":2},"title":"Trasladan desde Argentina a Fernando Far\u00edas Laguna por caso de huachicol fiscal","author":"Redacci\u00f3n Pol\u00edticos","date":"20 de agosto de 2026","format":false,"excerpt":"El contralmirante Fernando Far\u00edas Laguna est\u00e1 siendo trasladado desde Argentina a territorio mexicano para quedar a disposici\u00f3n de la justicia, que lo investiga por su presunta participaci\u00f3n en una organizaci\u00f3n dedicada al contrabando y distribuci\u00f3n ilegal de combustibles. La Fiscal\u00eda General de la Rep\u00fablica confirm\u00f3 este jueves 20 de agosto\u2026","rel":"","context":"En \u00abNACIONAL\u00bb","block_context":{"text":"NACIONAL","link":"https:\/\/politicosaldesnudo.com.mx\/index.php\/category\/nacional\/"},"img":{"alt_text":"","src":"https:\/\/i0.wp.com\/politicosaldesnudo.com.mx\/wp-content\/uploads\/2026\/08\/farias.webp?fit=1200%2C806&ssl=1&resize=350%2C200","width":350,"height":200,"srcset":"https:\/\/i0.wp.com\/politicosaldesnudo.com.mx\/wp-content\/uploads\/2026\/08\/farias.webp?fit=1200%2C806&ssl=1&resize=350%2C200 1x, https:\/\/i0.wp.com\/politicosaldesnudo.com.mx\/wp-content\/uploads\/2026\/08\/farias.webp?fit=1200%2C806&ssl=1&resize=525%2C300 1.5x, https:\/\/i0.wp.com\/politicosaldesnudo.com.mx\/wp-content\/uploads\/2026\/08\/farias.webp?fit=1200%2C806&ssl=1&resize=700%2C400 2x, https:\/\/i0.wp.com\/politicosaldesnudo.com.mx\/wp-content\/uploads\/2026\/08\/farias.webp?fit=1200%2C806&ssl=1&resize=1050%2C600 3x"},"classes":[]},{"id":88051,"url":"https:\/\/politicosaldesnudo.com.mx\/index.php\/2026\/08\/24\/protestan-en-culiacan-contra-la-continuidad-del-grupo-politico-de-rocha-moya\/","url_meta":{"origin":79912,"position":3},"title":"Protestan en Culiac\u00e1n contra la continuidad del grupo pol\u00edtico de Rocha Moya","author":"Redacci\u00f3n Pol\u00edticos","date":"24 de agosto de 2026","format":false,"excerpt":"Culiac\u00e1n, Sin.- Empresarios, ciudadanos y representantes de partidos de oposici\u00f3n se concentraron este lunes frente al Palacio de Gobierno de Sinaloa para exigir la salida definitiva de Rub\u00e9n Rocha Moya y rechazar que alguno de sus colaboradores asuma el control de la administraci\u00f3n estatal. La movilizaci\u00f3n comenz\u00f3 alrededor de las\u2026","rel":"","context":"En \u00abESTADOS\u00bb","block_context":{"text":"ESTADOS","link":"https:\/\/politicosaldesnudo.com.mx\/index.php\/category\/estados\/"},"img":{"alt_text":"","src":"https:\/\/i0.wp.com\/politicosaldesnudo.com.mx\/wp-content\/uploads\/2026\/08\/manifestacion-sinaloa-fuerza-rocha-24ago26-1536x1024-1.jpg?fit=1200%2C800&ssl=1&resize=350%2C200","width":350,"height":200,"srcset":"https:\/\/i0.wp.com\/politicosaldesnudo.com.mx\/wp-content\/uploads\/2026\/08\/manifestacion-sinaloa-fuerza-rocha-24ago26-1536x1024-1.jpg?fit=1200%2C800&ssl=1&resize=350%2C200 1x, https:\/\/i0.wp.com\/politicosaldesnudo.com.mx\/wp-content\/uploads\/2026\/08\/manifestacion-sinaloa-fuerza-rocha-24ago26-1536x1024-1.jpg?fit=1200%2C800&ssl=1&resize=525%2C300 1.5x, https:\/\/i0.wp.com\/politicosaldesnudo.com.mx\/wp-content\/uploads\/2026\/08\/manifestacion-sinaloa-fuerza-rocha-24ago26-1536x1024-1.jpg?fit=1200%2C800&ssl=1&resize=700%2C400 2x, https:\/\/i0.wp.com\/politicosaldesnudo.com.mx\/wp-content\/uploads\/2026\/08\/manifestacion-sinaloa-fuerza-rocha-24ago26-1536x1024-1.jpg?fit=1200%2C800&ssl=1&resize=1050%2C600 3x"},"classes":[]},{"id":88045,"url":"https:\/\/politicosaldesnudo.com.mx\/index.php\/2026\/08\/24\/veracruz-reduce-casi-5-mil-millones-de-pesos-de-su-deuda-bancaria\/","url_meta":{"origin":79912,"position":4},"title":"Veracruz reduce casi 5 mil millones de pesos de su deuda bancaria","author":"Redacci\u00f3n Pol\u00edticos","date":"24 de agosto de 2026","format":false,"excerpt":"Xalapa, Ver.- El saldo de los cr\u00e9ditos bancarios contratados por el Gobierno de Veracruz se ubica actualmente en alrededor de 43 mil millones de pesos, despu\u00e9s de que la administraci\u00f3n estatal destinara cerca de 5 mil millones al pago de estos compromisos, inform\u00f3 la gobernadora Roc\u00edo Nahle Garc\u00eda. Al presentar\u2026","rel":"","context":"En \u00abESTADOS\u00bb","block_context":{"text":"ESTADOS","link":"https:\/\/politicosaldesnudo.com.mx\/index.php\/category\/estados\/"},"img":{"alt_text":"","src":"https:\/\/i0.wp.com\/politicosaldesnudo.com.mx\/wp-content\/uploads\/2026\/08\/nahle-1.png?fit=985%2C533&ssl=1&resize=350%2C200","width":350,"height":200,"srcset":"https:\/\/i0.wp.com\/politicosaldesnudo.com.mx\/wp-content\/uploads\/2026\/08\/nahle-1.png?fit=985%2C533&ssl=1&resize=350%2C200 1x, https:\/\/i0.wp.com\/politicosaldesnudo.com.mx\/wp-content\/uploads\/2026\/08\/nahle-1.png?fit=985%2C533&ssl=1&resize=525%2C300 1.5x, https:\/\/i0.wp.com\/politicosaldesnudo.com.mx\/wp-content\/uploads\/2026\/08\/nahle-1.png?fit=985%2C533&ssl=1&resize=700%2C400 2x"},"classes":[]},{"id":86978,"url":"https:\/\/politicosaldesnudo.com.mx\/index.php\/2026\/07\/20\/instalan-modulos-gratuitos-de-vacunacion\/","url_meta":{"origin":79912,"position":5},"title":"Instalan m\u00f3dulos gratuitos de vacunaci\u00f3n","author":"Redacci\u00f3n Pol\u00edticos","date":"20 de julio de 2026","format":false,"excerpt":"Ante el incremento de casos de enfermedades prevenibles, los m\u00f3dulos de vacunaci\u00f3n instalados en distintos puntos de la ciudad contin\u00faan brindando atenci\u00f3n gratuita a la poblaci\u00f3n, principalmente para reforzar la protecci\u00f3n contra el sarampi\u00f3n y otras enfermedades. Los representantes de estos m\u00f3dulos hicieron un llamado a las familias tuxpe\u00f1as para\u2026","rel":"","context":"En \u00abTUXPAN\u00bb","block_context":{"text":"TUXPAN","link":"https:\/\/politicosaldesnudo.com.mx\/index.php\/category\/tuxpan\/"},"img":{"alt_text":"","src":"https:\/\/i0.wp.com\/politicosaldesnudo.com.mx\/wp-content\/uploads\/2026\/07\/WhatsApp-Image-2026-07-19-at-17.40.1.jpg?fit=1200%2C800&ssl=1&resize=350%2C200","width":350,"height":200,"srcset":"https:\/\/i0.wp.com\/politicosaldesnudo.com.mx\/wp-content\/uploads\/2026\/07\/WhatsApp-Image-2026-07-19-at-17.40.1.jpg?fit=1200%2C800&ssl=1&resize=350%2C200 1x, https:\/\/i0.wp.com\/politicosaldesnudo.com.mx\/wp-content\/uploads\/2026\/07\/WhatsApp-Image-2026-07-19-at-17.40.1.jpg?fit=1200%2C800&ssl=1&resize=525%2C300 1.5x, https:\/\/i0.wp.com\/politicosaldesnudo.com.mx\/wp-content\/uploads\/2026\/07\/WhatsApp-Image-2026-07-19-at-17.40.1.jpg?fit=1200%2C800&ssl=1&resize=700%2C400 2x, https:\/\/i0.wp.com\/politicosaldesnudo.com.mx\/wp-content\/uploads\/2026\/07\/WhatsApp-Image-2026-07-19-at-17.40.1.jpg?fit=1200%2C800&ssl=1&resize=1050%2C600 3x"},"classes":[]}],"jetpack_sharing_enabled":true,"jetpack_featured_media_url":"https:\/\/i0.wp.com\/politicosaldesnudo.com.mx\/wp-content\/uploads\/2026\/02\/ROSRITO.jpg?fit=1200%2C806&ssl=1","_links":{"self":[{"href":"https:\/\/politicosaldesnudo.com.mx\/index.php\/wp-json\/wp\/v2\/posts\/79912","targetHints":{"allow":["GET"]}}],"collection":[{"href":"https:\/\/politicosaldesnudo.com.mx\/index.php\/wp-json\/wp\/v2\/posts"}],"about":[{"href":"https:\/\/politicosaldesnudo.com.mx\/index.php\/wp-json\/wp\/v2\/types\/post"}],"author":[{"embeddable":true,"href":"https:\/\/politicosaldesnudo.com.mx\/index.php\/wp-json\/wp\/v2\/users\/4"}],"replies":[{"embeddable":true,"href":"https:\/\/politicosaldesnudo.com.mx\/index.php\/wp-json\/wp\/v2\/comments?post=79912"}],"version-history":[{"count":0,"href":"https:\/\/politicosaldesnudo.com.mx\/index.php\/wp-json\/wp\/v2\/posts\/79912\/revisions"}],"wp:featuredmedia":[{"embeddable":true,"href":"https:\/\/politicosaldesnudo.com.mx\/index.php\/wp-json\/wp\/v2\/media\/79913"}],"wp:attachment":[{"href":"https:\/\/politicosaldesnudo.com.mx\/index.php\/wp-json\/wp\/v2\/media?parent=79912"}],"wp:term":[{"taxonomy":"category","embeddable":true,"href":"https:\/\/politicosaldesnudo.com.mx\/index.php\/wp-json\/wp\/v2\/categories?post=79912"},{"taxonomy":"post_tag","embeddable":true,"href":"https:\/\/politicosaldesnudo.com.mx\/index.php\/wp-json\/wp\/v2\/tags?post=79912"}],"curies":[{"name":"wp","href":"https:\/\/api.w.org\/{rel}","templated":true}]}}