{"id":79972,"date":"2026-02-14T00:11:32","date_gmt":"2026-02-14T06:11:32","guid":{"rendered":"https:\/\/politicosaldesnudo.com.mx\/?p=79972"},"modified":"2026-02-13T22:04:34","modified_gmt":"2026-02-14T04:04:34","slug":"pemex-realiza-la-mayor-emision-corporativa-en-la-historia-en-los-mercados-mexicanos","status":"publish","type":"post","link":"https:\/\/politicosaldesnudo.com.mx\/index.php\/2026\/02\/14\/pemex-realiza-la-mayor-emision-corporativa-en-la-historia-en-los-mercados-mexicanos\/","title":{"rendered":"Pemex realiza la mayor emisi\u00f3n corporativa en la historia en los mercados mexicanos"},"content":{"rendered":"<p class=\"nota-justify\">Petr\u00f3leos Mexicanos (Pemex) volvi\u00f3 a los mercados financieros con la mayor emisi\u00f3n corporativa en la historia del mercado local, al poner en el mercado 31 mil 500 millones de pesos, report\u00f3 la Secretar\u00eda de Hacienda y Cr\u00e9dito P\u00fablico.<\/p>\n<p class=\"nota-justify\">De acuerdo con la dependencia, la operaci\u00f3n que tiene el objetivo de reducir la carga financiera de la compa\u00f1\u00eda tuvo una demanda de 63 mil 285 millones de pesos, equivalente a una sobresuscripci\u00f3n de 2.5 veces sobre el monto objetivo de 25 mil millones de pesos.Tambi\u00e9n duplic\u00f3 dos veces el monto total colocado de 31 mil 500 millones de pesos, lo que permiti\u00f3 una reducci\u00f3n \u00a0promedio de 42 puntos base respecto a la indicaci\u00f3n de tasa inicial, apunt\u00f3 la dependencia.<\/p>\n<p class=\"nota-justify\">Esta colocaci\u00f3n es parte de la Estrategia Integral de Capitalizaci\u00f3n y Financiamiento de la petrolera. Los recursos obtenidos de ella ser\u00e1n destinados al pago de pasivos financieros con amortizaci\u00f3n en 2026, sin incrementar los saldos de la deuda de Pemex.<\/p>\n<p class=\"nota-justify\">D\u00edas atr\u00e1s, Pemex inform\u00f3 que su deuda en disminuy\u00f3 20 mil millones de d\u00f3lares en 2025 frente al nivel observado en 2018, el dato m\u00e1s bajo en los \u00faltimos 11 a\u00f1os. Como parte de seguir saneando las finanzas de la empresa, el gobierno federal anunci\u00f3 que buscar\u00e1 nuevas estrategias para reemplazar deuda cara por una m\u00e1s barata.<\/p>\n<p class=\"nota-justify\">La colocaci\u00f3n de este 13 de febrero se dio bajo la modalidad de vasos comunicantes en tres apartados: 9 mil 5 millones de pesos se colocaron a 5.2 a\u00f1os en tasa flotante; 16 mil 999 millones de pesos a 8.5 a\u00f1os en tasa fija nominal y 5 mil 496 millones de pesos a 10.5 a\u00f1os tasa fija real.<\/p>\n<p class=\"nota-justify\">\u201cEstos instrumentos se ejecutaron por debajo de los niveles de precio inicial (IPTs)\u00a0en 40 puntos base en el formato flotante, en 37 puntos base en formato fijo nominal y en 48\u00a0puntos base en formato fijo real\u201d, detall\u00f3 la dependencia.<\/p>\n<p class=\"nota-justify\">Hacienda inform\u00f3 que los agentes colocadores fueron Banorte, BBVA, Monex, Santander, Scotiabank y Ve por M\u00e1s.<\/p>\n<p class=\"nota-justify\">\u201cLas condiciones favorables obtenidas, que mejoraron significativamente respecto a la indicaci\u00f3n inicial, fortalecen el perfil financiero de Pemex y demuestran el compromiso del Gobierno de M\u00e9xico con la sostenibilidad y gesti\u00f3n prudente de la Empresa\u201d, apunt\u00f3 Hacienda.<\/p>\n","protected":false},"excerpt":{"rendered":"<p>Petr\u00f3leos Mexicanos (Pemex) volvi\u00f3 a los mercados financieros con la mayor emisi\u00f3n corporativa en la historia del mercado local, al [&hellip;]<\/p>\n","protected":false},"author":4,"featured_media":79973,"comment_status":"closed","ping_status":"closed","sticky":false,"template":"","format":"standard","meta":{"site-sidebar-layout":"default","site-content-layout":"","ast-site-content-layout":"default","site-content-style":"default","site-sidebar-style":"default","ast-global-header-display":"","ast-banner-title-visibility":"","ast-main-header-display":"","ast-hfb-above-header-display":"","ast-hfb-below-header-display":"","ast-hfb-mobile-header-display":"","site-post-title":"","ast-breadcrumbs-content":"","ast-featured-img":"","footer-sml-layout":"","ast-disable-related-posts":"","theme-transparent-header-meta":"","adv-header-id-meta":"","stick-header-meta":"","header-above-stick-meta":"","header-main-stick-meta":"","header-below-stick-meta":"","astra-migrate-meta-layouts":"default","ast-page-background-enabled":"default","ast-page-background-meta":{"desktop":{"background-color":"var(--ast-global-color-5)","background-image":"","background-repeat":"repeat","background-position":"center center","background-size":"auto","background-attachment":"scroll","background-type":"","background-media":"","overlay-type":"","overlay-color":"","overlay-opacity":"","overlay-gradient":""},"tablet":{"background-color":"","background-image":"","background-repeat":"repeat","background-position":"center center","background-size":"auto","background-attachment":"scroll","background-type":"","background-media":"","overlay-type":"","overlay-color":"","overlay-opacity":"","overlay-gradient":""},"mobile":{"background-color":"","background-image":"","background-repeat":"repeat","background-position":"center center","background-size":"auto","background-attachment":"scroll","background-type":"","background-media":"","overlay-type":"","overlay-color":"","overlay-opacity":"","overlay-gradient":""}},"ast-content-background-meta":{"desktop":{"background-color":"var(--ast-global-color-4)","background-image":"","background-repeat":"repeat","background-position":"center center","background-size":"auto","background-attachment":"scroll","background-type":"","background-media":"","overlay-type":"","overlay-color":"","overlay-opacity":"","overlay-gradient":""},"tablet":{"background-color":"var(--ast-global-color-4)","background-image":"","background-repeat":"repeat","background-position":"center center","background-size":"auto","background-attachment":"scroll","background-type":"","background-media":"","overlay-type":"","overlay-color":"","overlay-opacity":"","overlay-gradient":""},"mobile":{"background-color":"var(--ast-global-color-4)","background-image":"","background-repeat":"repeat","background-position":"center center","background-size":"auto","background-attachment":"scroll","background-type":"","background-media":"","overlay-type":"","overlay-color":"","overlay-opacity":"","overlay-gradient":""}},"_jetpack_newsletter_access":"","_jetpack_dont_email_post_to_subs":false,"_jetpack_newsletter_tier_id":0,"_jetpack_memberships_contains_paywalled_content":false,"_jetpack_feature_clip_id":0,"_jetpack_memberships_contains_paid_content":false,"footnotes":"","jetpack_publicize_message":"","jetpack_publicize_feature_enabled":true,"jetpack_social_post_already_shared":true,"jetpack_social_options":{"image_generator_settings":{"template":"highway","default_image_id":0,"font":"","enabled":false},"version":2},"jetpack_post_was_ever_published":false},"categories":[2050],"tags":[],"class_list":["post-79972","post","type-post","status-publish","format-standard","has-post-thumbnail","hentry","category-economia"],"yoast_head":"<!-- This site is optimized with the Yoast SEO plugin v28.3 - https:\/\/yoast.com\/product\/yoast-seo-wordpress\/ -->\n<title>Pemex realiza la mayor emisi\u00f3n corporativa en la historia en los mercados mexicanos - Pol\u00edticos al Desnudo<\/title>\n<meta name=\"robots\" content=\"index, follow, max-snippet:-1, max-image-preview:large, max-video-preview:-1\" \/>\n<link rel=\"canonical\" href=\"https:\/\/politicosaldesnudo.com.mx\/index.php\/2026\/02\/14\/pemex-realiza-la-mayor-emision-corporativa-en-la-historia-en-los-mercados-mexicanos\/\" \/>\n<meta property=\"og:locale\" content=\"es_ES\" \/>\n<meta property=\"og:type\" content=\"article\" \/>\n<meta property=\"og:title\" content=\"Pemex realiza la mayor emisi\u00f3n corporativa en la historia en los mercados mexicanos - Pol\u00edticos al Desnudo\" \/>\n<meta property=\"og:description\" content=\"Petr\u00f3leos Mexicanos (Pemex) volvi\u00f3 a los mercados financieros con la mayor emisi\u00f3n corporativa en la historia del mercado local, al [&hellip;]\" \/>\n<meta property=\"og:url\" content=\"https:\/\/politicosaldesnudo.com.mx\/index.php\/2026\/02\/14\/pemex-realiza-la-mayor-emision-corporativa-en-la-historia-en-los-mercados-mexicanos\/\" \/>\n<meta property=\"og:site_name\" content=\"Pol\u00edticos al Desnudo\" \/>\n<meta property=\"article:publisher\" content=\"https:\/\/www.facebook.com\/PoliticosAD\" \/>\n<meta property=\"article:published_time\" content=\"2026-02-14T06:11:32+00:00\" \/>\n<meta property=\"og:image\" content=\"https:\/\/i0.wp.com\/politicosaldesnudo.com.mx\/wp-content\/uploads\/2026\/02\/PMXS.jpg?fit=1200%2C806&ssl=1\" \/>\n\t<meta property=\"og:image:width\" content=\"1200\" \/>\n\t<meta property=\"og:image:height\" content=\"806\" \/>\n\t<meta property=\"og:image:type\" content=\"image\/jpeg\" \/>\n<meta name=\"author\" content=\"Redacci\u00f3n Pol\u00edticos\" \/>\n<meta name=\"twitter:card\" content=\"summary_large_image\" \/>\n<meta name=\"twitter:label1\" content=\"Escrito por\" \/>\n\t<meta name=\"twitter:data1\" content=\"Redacci\u00f3n Pol\u00edticos\" \/>\n\t<meta name=\"twitter:label2\" content=\"Tiempo de lectura\" \/>\n\t<meta name=\"twitter:data2\" content=\"2 minutos\" \/>\n<script type=\"application\/ld+json\" class=\"yoast-schema-graph\">{\"@context\":\"https:\\\/\\\/schema.org\",\"@graph\":[{\"@type\":\"Article\",\"@id\":\"https:\\\/\\\/politicosaldesnudo.com.mx\\\/index.php\\\/2026\\\/02\\\/14\\\/pemex-realiza-la-mayor-emision-corporativa-en-la-historia-en-los-mercados-mexicanos\\\/#article\",\"isPartOf\":{\"@id\":\"https:\\\/\\\/politicosaldesnudo.com.mx\\\/index.php\\\/2026\\\/02\\\/14\\\/pemex-realiza-la-mayor-emision-corporativa-en-la-historia-en-los-mercados-mexicanos\\\/\"},\"author\":{\"name\":\"Redacci\u00f3n Pol\u00edticos\",\"@id\":\"https:\\\/\\\/politicosaldesnudo.com.mx\\\/#\\\/schema\\\/person\\\/ef3a64e561cc3f3f5dc52fab81adde7e\"},\"headline\":\"Pemex realiza la mayor emisi\u00f3n corporativa en la historia en los mercados mexicanos\",\"datePublished\":\"2026-02-14T06:11:32+00:00\",\"mainEntityOfPage\":{\"@id\":\"https:\\\/\\\/politicosaldesnudo.com.mx\\\/index.php\\\/2026\\\/02\\\/14\\\/pemex-realiza-la-mayor-emision-corporativa-en-la-historia-en-los-mercados-mexicanos\\\/\"},\"wordCount\":384,\"publisher\":{\"@id\":\"https:\\\/\\\/politicosaldesnudo.com.mx\\\/#organization\"},\"image\":{\"@id\":\"https:\\\/\\\/politicosaldesnudo.com.mx\\\/index.php\\\/2026\\\/02\\\/14\\\/pemex-realiza-la-mayor-emision-corporativa-en-la-historia-en-los-mercados-mexicanos\\\/#primaryimage\"},\"thumbnailUrl\":\"https:\\\/\\\/i0.wp.com\\\/politicosaldesnudo.com.mx\\\/wp-content\\\/uploads\\\/2026\\\/02\\\/PMXS.jpg?fit=1200%2C806&ssl=1\",\"articleSection\":[\"ECONOM\u00cdA\"],\"inLanguage\":\"es\"},{\"@type\":\"WebPage\",\"@id\":\"https:\\\/\\\/politicosaldesnudo.com.mx\\\/index.php\\\/2026\\\/02\\\/14\\\/pemex-realiza-la-mayor-emision-corporativa-en-la-historia-en-los-mercados-mexicanos\\\/\",\"url\":\"https:\\\/\\\/politicosaldesnudo.com.mx\\\/index.php\\\/2026\\\/02\\\/14\\\/pemex-realiza-la-mayor-emision-corporativa-en-la-historia-en-los-mercados-mexicanos\\\/\",\"name\":\"Pemex realiza la mayor emisi\u00f3n corporativa en la historia en los mercados mexicanos - Pol\u00edticos al Desnudo\",\"isPartOf\":{\"@id\":\"https:\\\/\\\/politicosaldesnudo.com.mx\\\/#website\"},\"primaryImageOfPage\":{\"@id\":\"https:\\\/\\\/politicosaldesnudo.com.mx\\\/index.php\\\/2026\\\/02\\\/14\\\/pemex-realiza-la-mayor-emision-corporativa-en-la-historia-en-los-mercados-mexicanos\\\/#primaryimage\"},\"image\":{\"@id\":\"https:\\\/\\\/politicosaldesnudo.com.mx\\\/index.php\\\/2026\\\/02\\\/14\\\/pemex-realiza-la-mayor-emision-corporativa-en-la-historia-en-los-mercados-mexicanos\\\/#primaryimage\"},\"thumbnailUrl\":\"https:\\\/\\\/i0.wp.com\\\/politicosaldesnudo.com.mx\\\/wp-content\\\/uploads\\\/2026\\\/02\\\/PMXS.jpg?fit=1200%2C806&ssl=1\",\"datePublished\":\"2026-02-14T06:11:32+00:00\",\"breadcrumb\":{\"@id\":\"https:\\\/\\\/politicosaldesnudo.com.mx\\\/index.php\\\/2026\\\/02\\\/14\\\/pemex-realiza-la-mayor-emision-corporativa-en-la-historia-en-los-mercados-mexicanos\\\/#breadcrumb\"},\"inLanguage\":\"es\",\"potentialAction\":[{\"@type\":\"ReadAction\",\"target\":[\"https:\\\/\\\/politicosaldesnudo.com.mx\\\/index.php\\\/2026\\\/02\\\/14\\\/pemex-realiza-la-mayor-emision-corporativa-en-la-historia-en-los-mercados-mexicanos\\\/\"]}]},{\"@type\":\"ImageObject\",\"inLanguage\":\"es\",\"@id\":\"https:\\\/\\\/politicosaldesnudo.com.mx\\\/index.php\\\/2026\\\/02\\\/14\\\/pemex-realiza-la-mayor-emision-corporativa-en-la-historia-en-los-mercados-mexicanos\\\/#primaryimage\",\"url\":\"https:\\\/\\\/i0.wp.com\\\/politicosaldesnudo.com.mx\\\/wp-content\\\/uploads\\\/2026\\\/02\\\/PMXS.jpg?fit=1200%2C806&ssl=1\",\"contentUrl\":\"https:\\\/\\\/i0.wp.com\\\/politicosaldesnudo.com.mx\\\/wp-content\\\/uploads\\\/2026\\\/02\\\/PMXS.jpg?fit=1200%2C806&ssl=1\",\"width\":1200,\"height\":806},{\"@type\":\"BreadcrumbList\",\"@id\":\"https:\\\/\\\/politicosaldesnudo.com.mx\\\/index.php\\\/2026\\\/02\\\/14\\\/pemex-realiza-la-mayor-emision-corporativa-en-la-historia-en-los-mercados-mexicanos\\\/#breadcrumb\",\"itemListElement\":[{\"@type\":\"ListItem\",\"position\":1,\"name\":\"Portada\",\"item\":\"https:\\\/\\\/politicosaldesnudo.com.mx\\\/\"},{\"@type\":\"ListItem\",\"position\":2,\"name\":\"Pemex realiza la mayor emisi\u00f3n corporativa en la historia en los mercados mexicanos\"}]},{\"@type\":\"WebSite\",\"@id\":\"https:\\\/\\\/politicosaldesnudo.com.mx\\\/#website\",\"url\":\"https:\\\/\\\/politicosaldesnudo.com.mx\\\/\",\"name\":\"Pol\u00edticos al Desnudo\",\"description\":\"\",\"publisher\":{\"@id\":\"https:\\\/\\\/politicosaldesnudo.com.mx\\\/#organization\"},\"potentialAction\":[{\"@type\":\"SearchAction\",\"target\":{\"@type\":\"EntryPoint\",\"urlTemplate\":\"https:\\\/\\\/politicosaldesnudo.com.mx\\\/?s={search_term_string}\"},\"query-input\":{\"@type\":\"PropertyValueSpecification\",\"valueRequired\":true,\"valueName\":\"search_term_string\"}}],\"inLanguage\":\"es\"},{\"@type\":\"Organization\",\"@id\":\"https:\\\/\\\/politicosaldesnudo.com.mx\\\/#organization\",\"name\":\"Pol\u00edticos al Desnudo\",\"url\":\"https:\\\/\\\/politicosaldesnudo.com.mx\\\/\",\"logo\":{\"@type\":\"ImageObject\",\"inLanguage\":\"es\",\"@id\":\"https:\\\/\\\/politicosaldesnudo.com.mx\\\/#\\\/schema\\\/logo\\\/image\\\/\",\"url\":\"https:\\\/\\\/i0.wp.com\\\/politicosaldesnudo.com.mx\\\/wp-content\\\/uploads\\\/2026\\\/08\\\/cropped-logo.webp?fit=400%2C126&ssl=1\",\"contentUrl\":\"https:\\\/\\\/i0.wp.com\\\/politicosaldesnudo.com.mx\\\/wp-content\\\/uploads\\\/2026\\\/08\\\/cropped-logo.webp?fit=400%2C126&ssl=1\",\"width\":400,\"height\":126,\"caption\":\"Pol\u00edticos al Desnudo\"},\"image\":{\"@id\":\"https:\\\/\\\/politicosaldesnudo.com.mx\\\/#\\\/schema\\\/logo\\\/image\\\/\"},\"sameAs\":[\"https:\\\/\\\/www.facebook.com\\\/PoliticosAD\"]},{\"@type\":\"Person\",\"@id\":\"https:\\\/\\\/politicosaldesnudo.com.mx\\\/#\\\/schema\\\/person\\\/ef3a64e561cc3f3f5dc52fab81adde7e\",\"name\":\"Redacci\u00f3n Pol\u00edticos\",\"url\":\"https:\\\/\\\/politicosaldesnudo.com.mx\\\/index.php\\\/author\\\/redaccion-politicos\\\/\"}]}<\/script>\n<!-- \/ Yoast SEO plugin. -->","yoast_head_json":{"title":"Pemex realiza la mayor emisi\u00f3n corporativa en la historia en los mercados mexicanos - Pol\u00edticos al Desnudo","robots":{"index":"index","follow":"follow","max-snippet":"max-snippet:-1","max-image-preview":"max-image-preview:large","max-video-preview":"max-video-preview:-1"},"canonical":"https:\/\/politicosaldesnudo.com.mx\/index.php\/2026\/02\/14\/pemex-realiza-la-mayor-emision-corporativa-en-la-historia-en-los-mercados-mexicanos\/","og_locale":"es_ES","og_type":"article","og_title":"Pemex realiza la mayor emisi\u00f3n corporativa en la historia en los mercados mexicanos - Pol\u00edticos al Desnudo","og_description":"Petr\u00f3leos Mexicanos (Pemex) volvi\u00f3 a los mercados financieros con la mayor emisi\u00f3n corporativa en la historia del mercado local, al [&hellip;]","og_url":"https:\/\/politicosaldesnudo.com.mx\/index.php\/2026\/02\/14\/pemex-realiza-la-mayor-emision-corporativa-en-la-historia-en-los-mercados-mexicanos\/","og_site_name":"Pol\u00edticos al Desnudo","article_publisher":"https:\/\/www.facebook.com\/PoliticosAD","article_published_time":"2026-02-14T06:11:32+00:00","og_image":[{"width":1200,"height":806,"url":"https:\/\/i0.wp.com\/politicosaldesnudo.com.mx\/wp-content\/uploads\/2026\/02\/PMXS.jpg?fit=1200%2C806&ssl=1","type":"image\/jpeg"}],"author":"Redacci\u00f3n Pol\u00edticos","twitter_card":"summary_large_image","twitter_misc":{"Escrito por":"Redacci\u00f3n Pol\u00edticos","Tiempo de lectura":"2 minutos"},"schema":{"@context":"https:\/\/schema.org","@graph":[{"@type":"Article","@id":"https:\/\/politicosaldesnudo.com.mx\/index.php\/2026\/02\/14\/pemex-realiza-la-mayor-emision-corporativa-en-la-historia-en-los-mercados-mexicanos\/#article","isPartOf":{"@id":"https:\/\/politicosaldesnudo.com.mx\/index.php\/2026\/02\/14\/pemex-realiza-la-mayor-emision-corporativa-en-la-historia-en-los-mercados-mexicanos\/"},"author":{"name":"Redacci\u00f3n Pol\u00edticos","@id":"https:\/\/politicosaldesnudo.com.mx\/#\/schema\/person\/ef3a64e561cc3f3f5dc52fab81adde7e"},"headline":"Pemex realiza la mayor emisi\u00f3n corporativa en la historia en los mercados mexicanos","datePublished":"2026-02-14T06:11:32+00:00","mainEntityOfPage":{"@id":"https:\/\/politicosaldesnudo.com.mx\/index.php\/2026\/02\/14\/pemex-realiza-la-mayor-emision-corporativa-en-la-historia-en-los-mercados-mexicanos\/"},"wordCount":384,"publisher":{"@id":"https:\/\/politicosaldesnudo.com.mx\/#organization"},"image":{"@id":"https:\/\/politicosaldesnudo.com.mx\/index.php\/2026\/02\/14\/pemex-realiza-la-mayor-emision-corporativa-en-la-historia-en-los-mercados-mexicanos\/#primaryimage"},"thumbnailUrl":"https:\/\/i0.wp.com\/politicosaldesnudo.com.mx\/wp-content\/uploads\/2026\/02\/PMXS.jpg?fit=1200%2C806&ssl=1","articleSection":["ECONOM\u00cdA"],"inLanguage":"es"},{"@type":"WebPage","@id":"https:\/\/politicosaldesnudo.com.mx\/index.php\/2026\/02\/14\/pemex-realiza-la-mayor-emision-corporativa-en-la-historia-en-los-mercados-mexicanos\/","url":"https:\/\/politicosaldesnudo.com.mx\/index.php\/2026\/02\/14\/pemex-realiza-la-mayor-emision-corporativa-en-la-historia-en-los-mercados-mexicanos\/","name":"Pemex realiza la mayor emisi\u00f3n corporativa en la historia en los mercados mexicanos - Pol\u00edticos al Desnudo","isPartOf":{"@id":"https:\/\/politicosaldesnudo.com.mx\/#website"},"primaryImageOfPage":{"@id":"https:\/\/politicosaldesnudo.com.mx\/index.php\/2026\/02\/14\/pemex-realiza-la-mayor-emision-corporativa-en-la-historia-en-los-mercados-mexicanos\/#primaryimage"},"image":{"@id":"https:\/\/politicosaldesnudo.com.mx\/index.php\/2026\/02\/14\/pemex-realiza-la-mayor-emision-corporativa-en-la-historia-en-los-mercados-mexicanos\/#primaryimage"},"thumbnailUrl":"https:\/\/i0.wp.com\/politicosaldesnudo.com.mx\/wp-content\/uploads\/2026\/02\/PMXS.jpg?fit=1200%2C806&ssl=1","datePublished":"2026-02-14T06:11:32+00:00","breadcrumb":{"@id":"https:\/\/politicosaldesnudo.com.mx\/index.php\/2026\/02\/14\/pemex-realiza-la-mayor-emision-corporativa-en-la-historia-en-los-mercados-mexicanos\/#breadcrumb"},"inLanguage":"es","potentialAction":[{"@type":"ReadAction","target":["https:\/\/politicosaldesnudo.com.mx\/index.php\/2026\/02\/14\/pemex-realiza-la-mayor-emision-corporativa-en-la-historia-en-los-mercados-mexicanos\/"]}]},{"@type":"ImageObject","inLanguage":"es","@id":"https:\/\/politicosaldesnudo.com.mx\/index.php\/2026\/02\/14\/pemex-realiza-la-mayor-emision-corporativa-en-la-historia-en-los-mercados-mexicanos\/#primaryimage","url":"https:\/\/i0.wp.com\/politicosaldesnudo.com.mx\/wp-content\/uploads\/2026\/02\/PMXS.jpg?fit=1200%2C806&ssl=1","contentUrl":"https:\/\/i0.wp.com\/politicosaldesnudo.com.mx\/wp-content\/uploads\/2026\/02\/PMXS.jpg?fit=1200%2C806&ssl=1","width":1200,"height":806},{"@type":"BreadcrumbList","@id":"https:\/\/politicosaldesnudo.com.mx\/index.php\/2026\/02\/14\/pemex-realiza-la-mayor-emision-corporativa-en-la-historia-en-los-mercados-mexicanos\/#breadcrumb","itemListElement":[{"@type":"ListItem","position":1,"name":"Portada","item":"https:\/\/politicosaldesnudo.com.mx\/"},{"@type":"ListItem","position":2,"name":"Pemex realiza la mayor emisi\u00f3n corporativa en la historia en los mercados mexicanos"}]},{"@type":"WebSite","@id":"https:\/\/politicosaldesnudo.com.mx\/#website","url":"https:\/\/politicosaldesnudo.com.mx\/","name":"Pol\u00edticos al Desnudo","description":"","publisher":{"@id":"https:\/\/politicosaldesnudo.com.mx\/#organization"},"potentialAction":[{"@type":"SearchAction","target":{"@type":"EntryPoint","urlTemplate":"https:\/\/politicosaldesnudo.com.mx\/?s={search_term_string}"},"query-input":{"@type":"PropertyValueSpecification","valueRequired":true,"valueName":"search_term_string"}}],"inLanguage":"es"},{"@type":"Organization","@id":"https:\/\/politicosaldesnudo.com.mx\/#organization","name":"Pol\u00edticos al Desnudo","url":"https:\/\/politicosaldesnudo.com.mx\/","logo":{"@type":"ImageObject","inLanguage":"es","@id":"https:\/\/politicosaldesnudo.com.mx\/#\/schema\/logo\/image\/","url":"https:\/\/i0.wp.com\/politicosaldesnudo.com.mx\/wp-content\/uploads\/2026\/08\/cropped-logo.webp?fit=400%2C126&ssl=1","contentUrl":"https:\/\/i0.wp.com\/politicosaldesnudo.com.mx\/wp-content\/uploads\/2026\/08\/cropped-logo.webp?fit=400%2C126&ssl=1","width":400,"height":126,"caption":"Pol\u00edticos al Desnudo"},"image":{"@id":"https:\/\/politicosaldesnudo.com.mx\/#\/schema\/logo\/image\/"},"sameAs":["https:\/\/www.facebook.com\/PoliticosAD"]},{"@type":"Person","@id":"https:\/\/politicosaldesnudo.com.mx\/#\/schema\/person\/ef3a64e561cc3f3f5dc52fab81adde7e","name":"Redacci\u00f3n Pol\u00edticos","url":"https:\/\/politicosaldesnudo.com.mx\/index.php\/author\/redaccion-politicos\/"}]}},"jetpack_publicize_connections":[],"jetpack-related-posts":[{"id":87385,"url":"https:\/\/politicosaldesnudo.com.mx\/index.php\/2026\/07\/31\/cfe-obtuvo-ganancias-por-48-mil-mdp-en-el-segundo-trimestre-de-2026\/","url_meta":{"origin":79972,"position":0},"title":"CFE obtuvo ganancias por 48 mil mdp en el segundo trimestre de 2026","author":"Redacci\u00f3n Pol\u00edticos","date":"31 de julio de 2026","format":false,"excerpt":"La Comisi\u00f3n Federal de Electricidad (CFE) obtuvo ganancias por 48 mil 025 millones de pesos en el segundo trimestre de 2026, monto que revierte parte de las p\u00e9rdidas reportadas en los tres primeros meses del a\u00f1o, de acuerdo con el reporte enviado este jueves por la empresa a la Bolsa\u2026","rel":"","context":"En \u00abECONOM\u00cdA\u00bb","block_context":{"text":"ECONOM\u00cdA","link":"https:\/\/politicosaldesnudo.com.mx\/index.php\/category\/economia\/"},"img":{"alt_text":"","src":"https:\/\/i0.wp.com\/politicosaldesnudo.com.mx\/wp-content\/uploads\/2026\/07\/ALAC.webp?fit=1200%2C741&ssl=1&resize=350%2C200","width":350,"height":200,"srcset":"https:\/\/i0.wp.com\/politicosaldesnudo.com.mx\/wp-content\/uploads\/2026\/07\/ALAC.webp?fit=1200%2C741&ssl=1&resize=350%2C200 1x, https:\/\/i0.wp.com\/politicosaldesnudo.com.mx\/wp-content\/uploads\/2026\/07\/ALAC.webp?fit=1200%2C741&ssl=1&resize=525%2C300 1.5x, https:\/\/i0.wp.com\/politicosaldesnudo.com.mx\/wp-content\/uploads\/2026\/07\/ALAC.webp?fit=1200%2C741&ssl=1&resize=700%2C400 2x, https:\/\/i0.wp.com\/politicosaldesnudo.com.mx\/wp-content\/uploads\/2026\/07\/ALAC.webp?fit=1200%2C741&ssl=1&resize=1050%2C600 3x"},"classes":[]},{"id":87328,"url":"https:\/\/politicosaldesnudo.com.mx\/index.php\/2026\/07\/29\/mexico-pierde-251-mil-mdp-anuales-por-excluir-a-personas-con-discapacidad-del-empleo-estudio\/","url_meta":{"origin":79972,"position":1},"title":"M\u00e9xico pierde 251 mil mdp anuales por excluir a personas con discapacidad del empleo: estudio","author":"Redacci\u00f3n Pol\u00edticos","date":"29 de julio de 2026","format":false,"excerpt":"M\u00e9xico deja de generar cerca de 251 mil millones de pesos al a\u00f1o por excluir del mercado laboral a personas con alguna discapacidad, revela un estudio realizado por \u00c9ntrale, Alianza por la Inclusi\u00f3n Laboral de Personas con Discapacidad. De acuerdo con el an\u00e1lisis realizado por la iniciativa del Consejo Mexicano\u2026","rel":"","context":"En \u00abECONOM\u00cdA\u00bb","block_context":{"text":"ECONOM\u00cdA","link":"https:\/\/politicosaldesnudo.com.mx\/index.php\/category\/economia\/"},"img":{"alt_text":"","src":"https:\/\/i0.wp.com\/politicosaldesnudo.com.mx\/wp-content\/uploads\/2026\/07\/ADIS.webp?fit=1200%2C800&ssl=1&resize=350%2C200","width":350,"height":200,"srcset":"https:\/\/i0.wp.com\/politicosaldesnudo.com.mx\/wp-content\/uploads\/2026\/07\/ADIS.webp?fit=1200%2C800&ssl=1&resize=350%2C200 1x, https:\/\/i0.wp.com\/politicosaldesnudo.com.mx\/wp-content\/uploads\/2026\/07\/ADIS.webp?fit=1200%2C800&ssl=1&resize=525%2C300 1.5x, https:\/\/i0.wp.com\/politicosaldesnudo.com.mx\/wp-content\/uploads\/2026\/07\/ADIS.webp?fit=1200%2C800&ssl=1&resize=700%2C400 2x, https:\/\/i0.wp.com\/politicosaldesnudo.com.mx\/wp-content\/uploads\/2026\/07\/ADIS.webp?fit=1200%2C800&ssl=1&resize=1050%2C600 3x"},"classes":[]},{"id":87138,"url":"https:\/\/politicosaldesnudo.com.mx\/index.php\/2026\/07\/23\/walmart-mexico-reporta-caida-del-0-7-en-ganancias-durante-segundo-trimestre-del-2026\/","url_meta":{"origin":79972,"position":2},"title":"Walmart-M\u00e9xico reporta ca\u00edda del 0.7% en ganancias durante segundo trimestre del 2026","author":"Redacci\u00f3n Pol\u00edticos","date":"23 de julio de 2026","format":false,"excerpt":"Walmart de M\u00e9xico (Walmex) report\u00f3 una ca\u00edda del 0.7 por ciento en su ganancia neta durante el segundo trimestre del a\u00f1o, donde alcanz\u00f3 los 11 mil 152 millones de pesos en comparaci\u00f3n de los 11 mil 227 millones de pesos del mismo periodo en 2025. Las ventas en M\u00e9xico aumentaron\u2026","rel":"","context":"En \u00abECONOM\u00cdA\u00bb","block_context":{"text":"ECONOM\u00cdA","link":"https:\/\/politicosaldesnudo.com.mx\/index.php\/category\/economia\/"},"img":{"alt_text":"","src":"https:\/\/i0.wp.com\/politicosaldesnudo.com.mx\/wp-content\/uploads\/2026\/07\/WALA.webp?fit=1200%2C804&ssl=1&resize=350%2C200","width":350,"height":200,"srcset":"https:\/\/i0.wp.com\/politicosaldesnudo.com.mx\/wp-content\/uploads\/2026\/07\/WALA.webp?fit=1200%2C804&ssl=1&resize=350%2C200 1x, https:\/\/i0.wp.com\/politicosaldesnudo.com.mx\/wp-content\/uploads\/2026\/07\/WALA.webp?fit=1200%2C804&ssl=1&resize=525%2C300 1.5x, https:\/\/i0.wp.com\/politicosaldesnudo.com.mx\/wp-content\/uploads\/2026\/07\/WALA.webp?fit=1200%2C804&ssl=1&resize=700%2C400 2x, https:\/\/i0.wp.com\/politicosaldesnudo.com.mx\/wp-content\/uploads\/2026\/07\/WALA.webp?fit=1200%2C804&ssl=1&resize=1050%2C600 3x"},"classes":[]},{"id":47257,"url":"https:\/\/politicosaldesnudo.com.mx\/index.php\/2024\/09\/28\/presentan-nuevos-directores-de-pemex\/","url_meta":{"origin":79972,"position":3},"title":"Presentan nuevos directores de Pemex","author":"Redacci\u00f3n Pol\u00edticos","date":"28 de septiembre de 2024","format":false,"excerpt":"El aun director de Petr\u00f3leos mexicanos Octavio Romero Oropeza, present\u00f3 al nuevo equipo que estar\u00e1 al frente de la petrolera en la siguiente administraci\u00f3n a partir del 2 de octubre. Cargo y Nombre Direcci\u00f3n General de Pemex Exploraci\u00f3n y Producci\u00f3n - N\u00e9stor Martinez Romero Subdirecci\u00f3n de Exploraci\u00f3n\u00a0- Julio P\u00e9rez Aldana\u2026","rel":"","context":"En \u00abNACIONAL\u00bb","block_context":{"text":"NACIONAL","link":"https:\/\/politicosaldesnudo.com.mx\/index.php\/category\/nacional\/"},"img":{"alt_text":"","src":"https:\/\/i0.wp.com\/politicosaldesnudo.com.mx\/wp-content\/uploads\/2024\/09\/Pemex.jpg?fit=768%2C479&ssl=1&resize=350%2C200","width":350,"height":200,"srcset":"https:\/\/i0.wp.com\/politicosaldesnudo.com.mx\/wp-content\/uploads\/2024\/09\/Pemex.jpg?fit=768%2C479&ssl=1&resize=350%2C200 1x, https:\/\/i0.wp.com\/politicosaldesnudo.com.mx\/wp-content\/uploads\/2024\/09\/Pemex.jpg?fit=768%2C479&ssl=1&resize=525%2C300 1.5x, https:\/\/i0.wp.com\/politicosaldesnudo.com.mx\/wp-content\/uploads\/2024\/09\/Pemex.jpg?fit=768%2C479&ssl=1&resize=700%2C400 2x"},"classes":[]},{"id":87051,"url":"https:\/\/politicosaldesnudo.com.mx\/index.php\/2026\/07\/20\/huachicol-fiscal-la-evolucion-del-crimen\/","url_meta":{"origin":79972,"position":4},"title":"Huachicol fiscal, la evoluci\u00f3n del crimen","author":"Redacci\u00f3n Pol\u00edticos","date":"20 de julio de 2026","format":false,"excerpt":"La detenci\u00f3n del exgobernador Ernesto Ruffo Appel por su presunta participaci\u00f3n en una red de huachicol fiscal ha colocado nuevamente la palabra \"huachicol\" en la conversaci\u00f3n p\u00fablica. Sin embargo, el verdadero valor de este caso no radica \u00fanicamente en la relevancia pol\u00edtica del personaje involucrado, sino en la oportunidad para\u2026","rel":"","context":"En \u00abOPINI\u00d3N\u00bb","block_context":{"text":"OPINI\u00d3N","link":"https:\/\/politicosaldesnudo.com.mx\/index.php\/category\/columnistas\/"},"img":{"alt_text":"","src":"https:\/\/i0.wp.com\/politicosaldesnudo.com.mx\/wp-content\/uploads\/2026\/01\/ZAIRA-ROSAS-1.jpg?fit=800%2C445&ssl=1&resize=350%2C200","width":350,"height":200,"srcset":"https:\/\/i0.wp.com\/politicosaldesnudo.com.mx\/wp-content\/uploads\/2026\/01\/ZAIRA-ROSAS-1.jpg?fit=800%2C445&ssl=1&resize=350%2C200 1x, https:\/\/i0.wp.com\/politicosaldesnudo.com.mx\/wp-content\/uploads\/2026\/01\/ZAIRA-ROSAS-1.jpg?fit=800%2C445&ssl=1&resize=525%2C300 1.5x, https:\/\/i0.wp.com\/politicosaldesnudo.com.mx\/wp-content\/uploads\/2026\/01\/ZAIRA-ROSAS-1.jpg?fit=800%2C445&ssl=1&resize=700%2C400 2x"},"classes":[]},{"id":72843,"url":"https:\/\/politicosaldesnudo.com.mx\/index.php\/2025\/10\/15\/senado-extingue-fideicomiso-y-devuelve-mil-50-millones-de-pesos-a-la-federacion\/","url_meta":{"origin":79972,"position":5},"title":"Senado extingue fideicomiso y devuelve mil 50 millones de pesos a la Federaci\u00f3n","author":"Redacci\u00f3n Pol\u00edticos","date":"15 de octubre de 2025","format":false,"excerpt":"El Senado de la Rep\u00fablica acord\u00f3 extinguir el fideicomiso creado hace 31 a\u00f1os para la construcci\u00f3n y equipamiento de su sede de Reforma e Insurgentes y devolver\u00e1 los m\u00e1s de mil millones de pesos que contiene a la Tesorer\u00eda de la Federaci\u00f3n. La presidenta del Senado, Laura Itzel Castillo, ratific\u00f3\u2026","rel":"","context":"En \u00abNACIONAL\u00bb","block_context":{"text":"NACIONAL","link":"https:\/\/politicosaldesnudo.com.mx\/index.php\/category\/nacional\/"},"img":{"alt_text":"","src":"https:\/\/i0.wp.com\/politicosaldesnudo.com.mx\/wp-content\/uploads\/2025\/10\/RATY.jpg?fit=770%2C514&ssl=1&resize=350%2C200","width":350,"height":200,"srcset":"https:\/\/i0.wp.com\/politicosaldesnudo.com.mx\/wp-content\/uploads\/2025\/10\/RATY.jpg?fit=770%2C514&ssl=1&resize=350%2C200 1x, https:\/\/i0.wp.com\/politicosaldesnudo.com.mx\/wp-content\/uploads\/2025\/10\/RATY.jpg?fit=770%2C514&ssl=1&resize=525%2C300 1.5x, https:\/\/i0.wp.com\/politicosaldesnudo.com.mx\/wp-content\/uploads\/2025\/10\/RATY.jpg?fit=770%2C514&ssl=1&resize=700%2C400 2x"},"classes":[]}],"jetpack_sharing_enabled":true,"jetpack_featured_media_url":"https:\/\/i0.wp.com\/politicosaldesnudo.com.mx\/wp-content\/uploads\/2026\/02\/PMXS.jpg?fit=1200%2C806&ssl=1","_links":{"self":[{"href":"https:\/\/politicosaldesnudo.com.mx\/index.php\/wp-json\/wp\/v2\/posts\/79972","targetHints":{"allow":["GET"]}}],"collection":[{"href":"https:\/\/politicosaldesnudo.com.mx\/index.php\/wp-json\/wp\/v2\/posts"}],"about":[{"href":"https:\/\/politicosaldesnudo.com.mx\/index.php\/wp-json\/wp\/v2\/types\/post"}],"author":[{"embeddable":true,"href":"https:\/\/politicosaldesnudo.com.mx\/index.php\/wp-json\/wp\/v2\/users\/4"}],"replies":[{"embeddable":true,"href":"https:\/\/politicosaldesnudo.com.mx\/index.php\/wp-json\/wp\/v2\/comments?post=79972"}],"version-history":[{"count":0,"href":"https:\/\/politicosaldesnudo.com.mx\/index.php\/wp-json\/wp\/v2\/posts\/79972\/revisions"}],"wp:featuredmedia":[{"embeddable":true,"href":"https:\/\/politicosaldesnudo.com.mx\/index.php\/wp-json\/wp\/v2\/media\/79973"}],"wp:attachment":[{"href":"https:\/\/politicosaldesnudo.com.mx\/index.php\/wp-json\/wp\/v2\/media?parent=79972"}],"wp:term":[{"taxonomy":"category","embeddable":true,"href":"https:\/\/politicosaldesnudo.com.mx\/index.php\/wp-json\/wp\/v2\/categories?post=79972"},{"taxonomy":"post_tag","embeddable":true,"href":"https:\/\/politicosaldesnudo.com.mx\/index.php\/wp-json\/wp\/v2\/tags?post=79972"}],"curies":[{"name":"wp","href":"https:\/\/api.w.org\/{rel}","templated":true}]}}