{"id":79975,"date":"2026-02-14T00:12:02","date_gmt":"2026-02-14T06:12:02","guid":{"rendered":"https:\/\/politicosaldesnudo.com.mx\/?p=79975"},"modified":"2026-02-13T22:06:03","modified_gmt":"2026-02-14T04:06:03","slug":"mision-comercial-de-canada-visitara-mexico-en-busca-de-oportunidades-y-alianzas","status":"publish","type":"post","link":"https:\/\/politicosaldesnudo.com.mx\/index.php\/2026\/02\/14\/mision-comercial-de-canada-visitara-mexico-en-busca-de-oportunidades-y-alianzas\/","title":{"rendered":"Misi\u00f3n comercial de Canad\u00e1 visitar\u00e1 M\u00e9xico en busca de oportunidades y alianzas"},"content":{"rendered":"<p class=\"nota-justify\">El gobierno de Canad\u00e1 anunci\u00f3 este viernes que enviar\u00e1 una misi\u00f3n comercial a M\u00e9xico del 15 al 20 de febrero, encabezada por Dominic LeBlanc \u2014ministro responsable del Comercio Canad\u00e1-Estados Unidos, Asuntos Intergubernamentales, Comercio Interior y Econom\u00eda\u2014 en el marco de su estrategia para diversificar y fortalecer sus relaciones econ\u00f3micas internacionales ante un entorno global cambiante.<\/p>\n<p class=\"nota-justify\">De acuerdo con un comunicado por la embajada de Canad\u00e1, la misi\u00f3n reunir\u00e1 a m\u00e1s de 370 delegados y representantes de m\u00e1s de 240 organizaciones, lo que \u2014se\u00f1al\u00f3\u2014 refleja el inter\u00e9s de empresas canadienses por ampliar su presencia en el mercado mexicano y profundizar una relaci\u00f3n econ\u00f3mica que calific\u00f3 de hist\u00f3rica.<\/p>\n<p class=\"nota-justify\">La delegaci\u00f3n estar\u00e1 integrada por empresas, asociaciones industriales y socios de distintas regiones de Canad\u00e1, que sostendr\u00e1n encuentros con empresarios y autoridades mexicanas para explorar nuevas oportunidades de negocio y establecer alianzas de largo plazo. El gobierno canadiense indic\u00f3 que los participantes obtendr\u00e1n informaci\u00f3n directa sobre el mercado mexicano y buscar\u00e1n fortalecer cadenas de suministro y proyectos de inversi\u00f3n.<\/p>\n<p class=\"nota-justify\">La misi\u00f3n pondr\u00e1 \u00e9nfasis en sectores como manufactura avanzada; agricultura, alimentos procesados y tecnolog\u00eda agr\u00edcola; energ\u00edas limpias y tecnolog\u00edas ambientales; industrias creativas, y tecnolog\u00edas de la informaci\u00f3n y las comunicaciones.<\/p>\n<p class=\"nota-justify\">LeBlanc afirm\u00f3 que la relaci\u00f3n entre Canad\u00e1 y M\u00e9xico es fundamental para la solidez de la econom\u00eda de Am\u00e9rica del Norte. \u201cEsta misi\u00f3n comercial profundizar\u00e1 nuestra colaboraci\u00f3n en sectores clave y demostrar\u00e1 que Canad\u00e1 tiene lo que el mundo necesita. Juntos haremos de Am\u00e9rica del Norte la regi\u00f3n econ\u00f3mica m\u00e1s competitiva, resiliente y pr\u00f3spera del mundo\u201d, sostuvo.<\/p>\n<p class=\"nota-justify\">Por su parte, el ministro de Agricultura y Agroalimentaci\u00f3n, Heath MacDonald, se\u00f1al\u00f3 que la cooperaci\u00f3n entre los sectores agr\u00edcolas de ambos pa\u00edses sigue siendo esencial y que la misi\u00f3n abre la puerta para que productores ampl\u00eden mercados. A su vez, el ministro de Identidad y Cultura Canadiense, Marc Miller, destac\u00f3 que m\u00e1s de 40 empresas y organizaciones del sector creativo participar\u00e1n para generar nuevas asociaciones y fortalecer los lazos culturales con M\u00e9xico.<\/p>\n<p class=\"nota-justify\">El gobierno canadiense record\u00f3 que desde la entrada en vigor del Tratado de Libre Comercio de Am\u00e9rica del Norte en 1994, el comercio bilateral de mercanc\u00edas se ha multiplicado por doce, al superar los 56 mil millones de d\u00f3lares en 2024. M\u00e9xico es actualmente el tercer socio comercial individual de Canad\u00e1, despu\u00e9s de Estados Unidos y China, y el noveno destino de su inversi\u00f3n directa en el extranjero.<\/p>\n","protected":false},"excerpt":{"rendered":"<p>El gobierno de Canad\u00e1 anunci\u00f3 este viernes que enviar\u00e1 una misi\u00f3n comercial a M\u00e9xico del 15 al 20 de febrero, [&hellip;]<\/p>\n","protected":false},"author":4,"featured_media":79976,"comment_status":"closed","ping_status":"closed","sticky":false,"template":"","format":"standard","meta":{"site-sidebar-layout":"default","site-content-layout":"","ast-site-content-layout":"default","site-content-style":"default","site-sidebar-style":"default","ast-global-header-display":"","ast-banner-title-visibility":"","ast-main-header-display":"","ast-hfb-above-header-display":"","ast-hfb-below-header-display":"","ast-hfb-mobile-header-display":"","site-post-title":"","ast-breadcrumbs-content":"","ast-featured-img":"","footer-sml-layout":"","ast-disable-related-posts":"","theme-transparent-header-meta":"","adv-header-id-meta":"","stick-header-meta":"","header-above-stick-meta":"","header-main-stick-meta":"","header-below-stick-meta":"","astra-migrate-meta-layouts":"default","ast-page-background-enabled":"default","ast-page-background-meta":{"desktop":{"background-color":"var(--ast-global-color-5)","background-image":"","background-repeat":"repeat","background-position":"center center","background-size":"auto","background-attachment":"scroll","background-type":"","background-media":"","overlay-type":"","overlay-color":"","overlay-opacity":"","overlay-gradient":""},"tablet":{"background-color":"","background-image":"","background-repeat":"repeat","background-position":"center center","background-size":"auto","background-attachment":"scroll","background-type":"","background-media":"","overlay-type":"","overlay-color":"","overlay-opacity":"","overlay-gradient":""},"mobile":{"background-color":"","background-image":"","background-repeat":"repeat","background-position":"center center","background-size":"auto","background-attachment":"scroll","background-type":"","background-media":"","overlay-type":"","overlay-color":"","overlay-opacity":"","overlay-gradient":""}},"ast-content-background-meta":{"desktop":{"background-color":"var(--ast-global-color-4)","background-image":"","background-repeat":"repeat","background-position":"center center","background-size":"auto","background-attachment":"scroll","background-type":"","background-media":"","overlay-type":"","overlay-color":"","overlay-opacity":"","overlay-gradient":""},"tablet":{"background-color":"var(--ast-global-color-4)","background-image":"","background-repeat":"repeat","background-position":"center center","background-size":"auto","background-attachment":"scroll","background-type":"","background-media":"","overlay-type":"","overlay-color":"","overlay-opacity":"","overlay-gradient":""},"mobile":{"background-color":"var(--ast-global-color-4)","background-image":"","background-repeat":"repeat","background-position":"center center","background-size":"auto","background-attachment":"scroll","background-type":"","background-media":"","overlay-type":"","overlay-color":"","overlay-opacity":"","overlay-gradient":""}},"_jetpack_newsletter_access":"","_jetpack_dont_email_post_to_subs":false,"_jetpack_newsletter_tier_id":0,"_jetpack_memberships_contains_paywalled_content":false,"_jetpack_feature_clip_id":0,"_jetpack_memberships_contains_paid_content":false,"footnotes":"","jetpack_publicize_message":"","jetpack_publicize_feature_enabled":true,"jetpack_social_post_already_shared":true,"jetpack_social_options":{"image_generator_settings":{"template":"highway","default_image_id":0,"font":"","enabled":false},"version":2},"jetpack_post_was_ever_published":false},"categories":[2050],"tags":[],"class_list":["post-79975","post","type-post","status-publish","format-standard","has-post-thumbnail","hentry","category-economia"],"yoast_head":"<!-- This site is optimized with the Yoast SEO plugin v28.3 - https:\/\/yoast.com\/product\/yoast-seo-wordpress\/ -->\n<title>Misi\u00f3n comercial de Canad\u00e1 visitar\u00e1 M\u00e9xico en busca de oportunidades y alianzas - Pol\u00edticos al Desnudo<\/title>\n<meta name=\"robots\" content=\"index, follow, max-snippet:-1, max-image-preview:large, max-video-preview:-1\" \/>\n<link rel=\"canonical\" href=\"https:\/\/politicosaldesnudo.com.mx\/index.php\/2026\/02\/14\/mision-comercial-de-canada-visitara-mexico-en-busca-de-oportunidades-y-alianzas\/\" \/>\n<meta property=\"og:locale\" content=\"es_ES\" \/>\n<meta property=\"og:type\" content=\"article\" \/>\n<meta property=\"og:title\" content=\"Misi\u00f3n comercial de Canad\u00e1 visitar\u00e1 M\u00e9xico en busca de oportunidades y alianzas - Pol\u00edticos al Desnudo\" \/>\n<meta property=\"og:description\" content=\"El gobierno de Canad\u00e1 anunci\u00f3 este viernes que enviar\u00e1 una misi\u00f3n comercial a M\u00e9xico del 15 al 20 de febrero, [&hellip;]\" \/>\n<meta property=\"og:url\" content=\"https:\/\/politicosaldesnudo.com.mx\/index.php\/2026\/02\/14\/mision-comercial-de-canada-visitara-mexico-en-busca-de-oportunidades-y-alianzas\/\" \/>\n<meta property=\"og:site_name\" content=\"Pol\u00edticos al Desnudo\" \/>\n<meta property=\"article:publisher\" content=\"https:\/\/www.facebook.com\/PoliticosAD\" \/>\n<meta property=\"article:published_time\" content=\"2026-02-14T06:12:02+00:00\" \/>\n<meta property=\"og:image\" content=\"https:\/\/i0.wp.com\/politicosaldesnudo.com.mx\/wp-content\/uploads\/2026\/02\/CAN.jpg?fit=1200%2C676&ssl=1\" \/>\n\t<meta property=\"og:image:width\" content=\"1200\" \/>\n\t<meta property=\"og:image:height\" content=\"676\" \/>\n\t<meta property=\"og:image:type\" content=\"image\/jpeg\" \/>\n<meta name=\"author\" content=\"Redacci\u00f3n Pol\u00edticos\" \/>\n<meta name=\"twitter:card\" content=\"summary_large_image\" \/>\n<meta name=\"twitter:label1\" content=\"Escrito por\" \/>\n\t<meta name=\"twitter:data1\" content=\"Redacci\u00f3n Pol\u00edticos\" \/>\n\t<meta name=\"twitter:label2\" content=\"Tiempo de lectura\" \/>\n\t<meta name=\"twitter:data2\" content=\"2 minutos\" \/>\n<script type=\"application\/ld+json\" class=\"yoast-schema-graph\">{\"@context\":\"https:\\\/\\\/schema.org\",\"@graph\":[{\"@type\":\"Article\",\"@id\":\"https:\\\/\\\/politicosaldesnudo.com.mx\\\/index.php\\\/2026\\\/02\\\/14\\\/mision-comercial-de-canada-visitara-mexico-en-busca-de-oportunidades-y-alianzas\\\/#article\",\"isPartOf\":{\"@id\":\"https:\\\/\\\/politicosaldesnudo.com.mx\\\/index.php\\\/2026\\\/02\\\/14\\\/mision-comercial-de-canada-visitara-mexico-en-busca-de-oportunidades-y-alianzas\\\/\"},\"author\":{\"name\":\"Redacci\u00f3n Pol\u00edticos\",\"@id\":\"https:\\\/\\\/politicosaldesnudo.com.mx\\\/#\\\/schema\\\/person\\\/ef3a64e561cc3f3f5dc52fab81adde7e\"},\"headline\":\"Misi\u00f3n comercial de Canad\u00e1 visitar\u00e1 M\u00e9xico en busca de oportunidades y alianzas\",\"datePublished\":\"2026-02-14T06:12:02+00:00\",\"mainEntityOfPage\":{\"@id\":\"https:\\\/\\\/politicosaldesnudo.com.mx\\\/index.php\\\/2026\\\/02\\\/14\\\/mision-comercial-de-canada-visitara-mexico-en-busca-de-oportunidades-y-alianzas\\\/\"},\"wordCount\":451,\"publisher\":{\"@id\":\"https:\\\/\\\/politicosaldesnudo.com.mx\\\/#organization\"},\"image\":{\"@id\":\"https:\\\/\\\/politicosaldesnudo.com.mx\\\/index.php\\\/2026\\\/02\\\/14\\\/mision-comercial-de-canada-visitara-mexico-en-busca-de-oportunidades-y-alianzas\\\/#primaryimage\"},\"thumbnailUrl\":\"https:\\\/\\\/i0.wp.com\\\/politicosaldesnudo.com.mx\\\/wp-content\\\/uploads\\\/2026\\\/02\\\/CAN.jpg?fit=1200%2C676&ssl=1\",\"articleSection\":[\"ECONOM\u00cdA\"],\"inLanguage\":\"es\"},{\"@type\":\"WebPage\",\"@id\":\"https:\\\/\\\/politicosaldesnudo.com.mx\\\/index.php\\\/2026\\\/02\\\/14\\\/mision-comercial-de-canada-visitara-mexico-en-busca-de-oportunidades-y-alianzas\\\/\",\"url\":\"https:\\\/\\\/politicosaldesnudo.com.mx\\\/index.php\\\/2026\\\/02\\\/14\\\/mision-comercial-de-canada-visitara-mexico-en-busca-de-oportunidades-y-alianzas\\\/\",\"name\":\"Misi\u00f3n comercial de Canad\u00e1 visitar\u00e1 M\u00e9xico en busca de oportunidades y alianzas - Pol\u00edticos al Desnudo\",\"isPartOf\":{\"@id\":\"https:\\\/\\\/politicosaldesnudo.com.mx\\\/#website\"},\"primaryImageOfPage\":{\"@id\":\"https:\\\/\\\/politicosaldesnudo.com.mx\\\/index.php\\\/2026\\\/02\\\/14\\\/mision-comercial-de-canada-visitara-mexico-en-busca-de-oportunidades-y-alianzas\\\/#primaryimage\"},\"image\":{\"@id\":\"https:\\\/\\\/politicosaldesnudo.com.mx\\\/index.php\\\/2026\\\/02\\\/14\\\/mision-comercial-de-canada-visitara-mexico-en-busca-de-oportunidades-y-alianzas\\\/#primaryimage\"},\"thumbnailUrl\":\"https:\\\/\\\/i0.wp.com\\\/politicosaldesnudo.com.mx\\\/wp-content\\\/uploads\\\/2026\\\/02\\\/CAN.jpg?fit=1200%2C676&ssl=1\",\"datePublished\":\"2026-02-14T06:12:02+00:00\",\"breadcrumb\":{\"@id\":\"https:\\\/\\\/politicosaldesnudo.com.mx\\\/index.php\\\/2026\\\/02\\\/14\\\/mision-comercial-de-canada-visitara-mexico-en-busca-de-oportunidades-y-alianzas\\\/#breadcrumb\"},\"inLanguage\":\"es\",\"potentialAction\":[{\"@type\":\"ReadAction\",\"target\":[\"https:\\\/\\\/politicosaldesnudo.com.mx\\\/index.php\\\/2026\\\/02\\\/14\\\/mision-comercial-de-canada-visitara-mexico-en-busca-de-oportunidades-y-alianzas\\\/\"]}]},{\"@type\":\"ImageObject\",\"inLanguage\":\"es\",\"@id\":\"https:\\\/\\\/politicosaldesnudo.com.mx\\\/index.php\\\/2026\\\/02\\\/14\\\/mision-comercial-de-canada-visitara-mexico-en-busca-de-oportunidades-y-alianzas\\\/#primaryimage\",\"url\":\"https:\\\/\\\/i0.wp.com\\\/politicosaldesnudo.com.mx\\\/wp-content\\\/uploads\\\/2026\\\/02\\\/CAN.jpg?fit=1200%2C676&ssl=1\",\"contentUrl\":\"https:\\\/\\\/i0.wp.com\\\/politicosaldesnudo.com.mx\\\/wp-content\\\/uploads\\\/2026\\\/02\\\/CAN.jpg?fit=1200%2C676&ssl=1\",\"width\":1200,\"height\":676},{\"@type\":\"BreadcrumbList\",\"@id\":\"https:\\\/\\\/politicosaldesnudo.com.mx\\\/index.php\\\/2026\\\/02\\\/14\\\/mision-comercial-de-canada-visitara-mexico-en-busca-de-oportunidades-y-alianzas\\\/#breadcrumb\",\"itemListElement\":[{\"@type\":\"ListItem\",\"position\":1,\"name\":\"Portada\",\"item\":\"https:\\\/\\\/politicosaldesnudo.com.mx\\\/\"},{\"@type\":\"ListItem\",\"position\":2,\"name\":\"Misi\u00f3n comercial de Canad\u00e1 visitar\u00e1 M\u00e9xico en busca de oportunidades y alianzas\"}]},{\"@type\":\"WebSite\",\"@id\":\"https:\\\/\\\/politicosaldesnudo.com.mx\\\/#website\",\"url\":\"https:\\\/\\\/politicosaldesnudo.com.mx\\\/\",\"name\":\"Pol\u00edticos al Desnudo\",\"description\":\"\",\"publisher\":{\"@id\":\"https:\\\/\\\/politicosaldesnudo.com.mx\\\/#organization\"},\"potentialAction\":[{\"@type\":\"SearchAction\",\"target\":{\"@type\":\"EntryPoint\",\"urlTemplate\":\"https:\\\/\\\/politicosaldesnudo.com.mx\\\/?s={search_term_string}\"},\"query-input\":{\"@type\":\"PropertyValueSpecification\",\"valueRequired\":true,\"valueName\":\"search_term_string\"}}],\"inLanguage\":\"es\"},{\"@type\":\"Organization\",\"@id\":\"https:\\\/\\\/politicosaldesnudo.com.mx\\\/#organization\",\"name\":\"Pol\u00edticos al Desnudo\",\"url\":\"https:\\\/\\\/politicosaldesnudo.com.mx\\\/\",\"logo\":{\"@type\":\"ImageObject\",\"inLanguage\":\"es\",\"@id\":\"https:\\\/\\\/politicosaldesnudo.com.mx\\\/#\\\/schema\\\/logo\\\/image\\\/\",\"url\":\"https:\\\/\\\/i0.wp.com\\\/politicosaldesnudo.com.mx\\\/wp-content\\\/uploads\\\/2026\\\/08\\\/cropped-logo.webp?fit=400%2C126&ssl=1\",\"contentUrl\":\"https:\\\/\\\/i0.wp.com\\\/politicosaldesnudo.com.mx\\\/wp-content\\\/uploads\\\/2026\\\/08\\\/cropped-logo.webp?fit=400%2C126&ssl=1\",\"width\":400,\"height\":126,\"caption\":\"Pol\u00edticos al Desnudo\"},\"image\":{\"@id\":\"https:\\\/\\\/politicosaldesnudo.com.mx\\\/#\\\/schema\\\/logo\\\/image\\\/\"},\"sameAs\":[\"https:\\\/\\\/www.facebook.com\\\/PoliticosAD\"]},{\"@type\":\"Person\",\"@id\":\"https:\\\/\\\/politicosaldesnudo.com.mx\\\/#\\\/schema\\\/person\\\/ef3a64e561cc3f3f5dc52fab81adde7e\",\"name\":\"Redacci\u00f3n Pol\u00edticos\",\"url\":\"https:\\\/\\\/politicosaldesnudo.com.mx\\\/index.php\\\/author\\\/redaccion-politicos\\\/\"}]}<\/script>\n<!-- \/ Yoast SEO plugin. -->","yoast_head_json":{"title":"Misi\u00f3n comercial de Canad\u00e1 visitar\u00e1 M\u00e9xico en busca de oportunidades y alianzas - Pol\u00edticos al Desnudo","robots":{"index":"index","follow":"follow","max-snippet":"max-snippet:-1","max-image-preview":"max-image-preview:large","max-video-preview":"max-video-preview:-1"},"canonical":"https:\/\/politicosaldesnudo.com.mx\/index.php\/2026\/02\/14\/mision-comercial-de-canada-visitara-mexico-en-busca-de-oportunidades-y-alianzas\/","og_locale":"es_ES","og_type":"article","og_title":"Misi\u00f3n comercial de Canad\u00e1 visitar\u00e1 M\u00e9xico en busca de oportunidades y alianzas - Pol\u00edticos al Desnudo","og_description":"El gobierno de Canad\u00e1 anunci\u00f3 este viernes que enviar\u00e1 una misi\u00f3n comercial a M\u00e9xico del 15 al 20 de febrero, [&hellip;]","og_url":"https:\/\/politicosaldesnudo.com.mx\/index.php\/2026\/02\/14\/mision-comercial-de-canada-visitara-mexico-en-busca-de-oportunidades-y-alianzas\/","og_site_name":"Pol\u00edticos al Desnudo","article_publisher":"https:\/\/www.facebook.com\/PoliticosAD","article_published_time":"2026-02-14T06:12:02+00:00","og_image":[{"width":1200,"height":676,"url":"https:\/\/i0.wp.com\/politicosaldesnudo.com.mx\/wp-content\/uploads\/2026\/02\/CAN.jpg?fit=1200%2C676&ssl=1","type":"image\/jpeg"}],"author":"Redacci\u00f3n Pol\u00edticos","twitter_card":"summary_large_image","twitter_misc":{"Escrito por":"Redacci\u00f3n Pol\u00edticos","Tiempo de lectura":"2 minutos"},"schema":{"@context":"https:\/\/schema.org","@graph":[{"@type":"Article","@id":"https:\/\/politicosaldesnudo.com.mx\/index.php\/2026\/02\/14\/mision-comercial-de-canada-visitara-mexico-en-busca-de-oportunidades-y-alianzas\/#article","isPartOf":{"@id":"https:\/\/politicosaldesnudo.com.mx\/index.php\/2026\/02\/14\/mision-comercial-de-canada-visitara-mexico-en-busca-de-oportunidades-y-alianzas\/"},"author":{"name":"Redacci\u00f3n Pol\u00edticos","@id":"https:\/\/politicosaldesnudo.com.mx\/#\/schema\/person\/ef3a64e561cc3f3f5dc52fab81adde7e"},"headline":"Misi\u00f3n comercial de Canad\u00e1 visitar\u00e1 M\u00e9xico en busca de oportunidades y alianzas","datePublished":"2026-02-14T06:12:02+00:00","mainEntityOfPage":{"@id":"https:\/\/politicosaldesnudo.com.mx\/index.php\/2026\/02\/14\/mision-comercial-de-canada-visitara-mexico-en-busca-de-oportunidades-y-alianzas\/"},"wordCount":451,"publisher":{"@id":"https:\/\/politicosaldesnudo.com.mx\/#organization"},"image":{"@id":"https:\/\/politicosaldesnudo.com.mx\/index.php\/2026\/02\/14\/mision-comercial-de-canada-visitara-mexico-en-busca-de-oportunidades-y-alianzas\/#primaryimage"},"thumbnailUrl":"https:\/\/i0.wp.com\/politicosaldesnudo.com.mx\/wp-content\/uploads\/2026\/02\/CAN.jpg?fit=1200%2C676&ssl=1","articleSection":["ECONOM\u00cdA"],"inLanguage":"es"},{"@type":"WebPage","@id":"https:\/\/politicosaldesnudo.com.mx\/index.php\/2026\/02\/14\/mision-comercial-de-canada-visitara-mexico-en-busca-de-oportunidades-y-alianzas\/","url":"https:\/\/politicosaldesnudo.com.mx\/index.php\/2026\/02\/14\/mision-comercial-de-canada-visitara-mexico-en-busca-de-oportunidades-y-alianzas\/","name":"Misi\u00f3n comercial de Canad\u00e1 visitar\u00e1 M\u00e9xico en busca de oportunidades y alianzas - Pol\u00edticos al Desnudo","isPartOf":{"@id":"https:\/\/politicosaldesnudo.com.mx\/#website"},"primaryImageOfPage":{"@id":"https:\/\/politicosaldesnudo.com.mx\/index.php\/2026\/02\/14\/mision-comercial-de-canada-visitara-mexico-en-busca-de-oportunidades-y-alianzas\/#primaryimage"},"image":{"@id":"https:\/\/politicosaldesnudo.com.mx\/index.php\/2026\/02\/14\/mision-comercial-de-canada-visitara-mexico-en-busca-de-oportunidades-y-alianzas\/#primaryimage"},"thumbnailUrl":"https:\/\/i0.wp.com\/politicosaldesnudo.com.mx\/wp-content\/uploads\/2026\/02\/CAN.jpg?fit=1200%2C676&ssl=1","datePublished":"2026-02-14T06:12:02+00:00","breadcrumb":{"@id":"https:\/\/politicosaldesnudo.com.mx\/index.php\/2026\/02\/14\/mision-comercial-de-canada-visitara-mexico-en-busca-de-oportunidades-y-alianzas\/#breadcrumb"},"inLanguage":"es","potentialAction":[{"@type":"ReadAction","target":["https:\/\/politicosaldesnudo.com.mx\/index.php\/2026\/02\/14\/mision-comercial-de-canada-visitara-mexico-en-busca-de-oportunidades-y-alianzas\/"]}]},{"@type":"ImageObject","inLanguage":"es","@id":"https:\/\/politicosaldesnudo.com.mx\/index.php\/2026\/02\/14\/mision-comercial-de-canada-visitara-mexico-en-busca-de-oportunidades-y-alianzas\/#primaryimage","url":"https:\/\/i0.wp.com\/politicosaldesnudo.com.mx\/wp-content\/uploads\/2026\/02\/CAN.jpg?fit=1200%2C676&ssl=1","contentUrl":"https:\/\/i0.wp.com\/politicosaldesnudo.com.mx\/wp-content\/uploads\/2026\/02\/CAN.jpg?fit=1200%2C676&ssl=1","width":1200,"height":676},{"@type":"BreadcrumbList","@id":"https:\/\/politicosaldesnudo.com.mx\/index.php\/2026\/02\/14\/mision-comercial-de-canada-visitara-mexico-en-busca-de-oportunidades-y-alianzas\/#breadcrumb","itemListElement":[{"@type":"ListItem","position":1,"name":"Portada","item":"https:\/\/politicosaldesnudo.com.mx\/"},{"@type":"ListItem","position":2,"name":"Misi\u00f3n comercial de Canad\u00e1 visitar\u00e1 M\u00e9xico en busca de oportunidades y alianzas"}]},{"@type":"WebSite","@id":"https:\/\/politicosaldesnudo.com.mx\/#website","url":"https:\/\/politicosaldesnudo.com.mx\/","name":"Pol\u00edticos al Desnudo","description":"","publisher":{"@id":"https:\/\/politicosaldesnudo.com.mx\/#organization"},"potentialAction":[{"@type":"SearchAction","target":{"@type":"EntryPoint","urlTemplate":"https:\/\/politicosaldesnudo.com.mx\/?s={search_term_string}"},"query-input":{"@type":"PropertyValueSpecification","valueRequired":true,"valueName":"search_term_string"}}],"inLanguage":"es"},{"@type":"Organization","@id":"https:\/\/politicosaldesnudo.com.mx\/#organization","name":"Pol\u00edticos al Desnudo","url":"https:\/\/politicosaldesnudo.com.mx\/","logo":{"@type":"ImageObject","inLanguage":"es","@id":"https:\/\/politicosaldesnudo.com.mx\/#\/schema\/logo\/image\/","url":"https:\/\/i0.wp.com\/politicosaldesnudo.com.mx\/wp-content\/uploads\/2026\/08\/cropped-logo.webp?fit=400%2C126&ssl=1","contentUrl":"https:\/\/i0.wp.com\/politicosaldesnudo.com.mx\/wp-content\/uploads\/2026\/08\/cropped-logo.webp?fit=400%2C126&ssl=1","width":400,"height":126,"caption":"Pol\u00edticos al Desnudo"},"image":{"@id":"https:\/\/politicosaldesnudo.com.mx\/#\/schema\/logo\/image\/"},"sameAs":["https:\/\/www.facebook.com\/PoliticosAD"]},{"@type":"Person","@id":"https:\/\/politicosaldesnudo.com.mx\/#\/schema\/person\/ef3a64e561cc3f3f5dc52fab81adde7e","name":"Redacci\u00f3n Pol\u00edticos","url":"https:\/\/politicosaldesnudo.com.mx\/index.php\/author\/redaccion-politicos\/"}]}},"jetpack_publicize_connections":[],"jetpack-related-posts":[{"id":87973,"url":"https:\/\/politicosaldesnudo.com.mx\/index.php\/2026\/08\/22\/canada-desafia-a-trump-y-prepara-represalias-comerciales-contra-estados-unidos\/","url_meta":{"origin":79975,"position":0},"title":"Canad\u00e1 desaf\u00eda a Trump y prepara represalias comerciales contra Estados Unidos","author":"Redacci\u00f3n Pol\u00edticos","date":"22 de agosto de 2026","format":false,"excerpt":"La tensi\u00f3n comercial entre Canad\u00e1 y Estados Unidos escal\u00f3 despu\u00e9s de que ambos gobiernos fracasaran en su intento por alcanzar un acuerdo. Ottawa anunci\u00f3 que responder\u00e1 con nuevos aranceles a mercanc\u00edas estadounidenses a partir del pr\u00f3ximo 8 de septiembre. El primer ministro canadiense, Mark Carney, inform\u00f3 que las medidas alcanzar\u00e1n\u2026","rel":"","context":"En \u00abINTERNACIONAL\u00bb","block_context":{"text":"INTERNACIONAL","link":"https:\/\/politicosaldesnudo.com.mx\/index.php\/category\/internacional\/"},"img":{"alt_text":"","src":"https:\/\/i0.wp.com\/politicosaldesnudo.com.mx\/wp-content\/uploads\/2026\/08\/7e33f41a-155c-4331-9834-f6b40b230a80.png?fit=1200%2C675&ssl=1&resize=350%2C200","width":350,"height":200,"srcset":"https:\/\/i0.wp.com\/politicosaldesnudo.com.mx\/wp-content\/uploads\/2026\/08\/7e33f41a-155c-4331-9834-f6b40b230a80.png?fit=1200%2C675&ssl=1&resize=350%2C200 1x, https:\/\/i0.wp.com\/politicosaldesnudo.com.mx\/wp-content\/uploads\/2026\/08\/7e33f41a-155c-4331-9834-f6b40b230a80.png?fit=1200%2C675&ssl=1&resize=525%2C300 1.5x, https:\/\/i0.wp.com\/politicosaldesnudo.com.mx\/wp-content\/uploads\/2026\/08\/7e33f41a-155c-4331-9834-f6b40b230a80.png?fit=1200%2C675&ssl=1&resize=700%2C400 2x, https:\/\/i0.wp.com\/politicosaldesnudo.com.mx\/wp-content\/uploads\/2026\/08\/7e33f41a-155c-4331-9834-f6b40b230a80.png?fit=1200%2C675&ssl=1&resize=1050%2C600 3x"},"classes":[]},{"id":87059,"url":"https:\/\/politicosaldesnudo.com.mx\/index.php\/2026\/07\/20\/claudia-sheinbaum-cuida-su-relacion-con-eu\/","url_meta":{"origin":79975,"position":1},"title":"Claudia Sheinbaum cuida su relaci\u00f3n con EU","author":"Redacci\u00f3n Pol\u00edticos","date":"20 de julio de 2026","format":false,"excerpt":"ALMA GRANDE POR \u00c1NGEL \u00c1LVARO PE\u00d1A La imagen de la presidenta de M\u00e9xico, Claudia Sheinbaum, junto al presidente de Estados Unidos, Donald Trump, y al primer ministro de Canad\u00e1, Mark Carney, durante la final de la Copa Mundial de la FIFA 2026 en Nueva York tiene un significado que rebasa\u2026","rel":"","context":"En \u00abOPINI\u00d3N\u00bb","block_context":{"text":"OPINI\u00d3N","link":"https:\/\/politicosaldesnudo.com.mx\/index.php\/category\/columnistas\/"},"img":{"alt_text":"","src":"https:\/\/i0.wp.com\/politicosaldesnudo.com.mx\/wp-content\/uploads\/2026\/07\/BANNER-LOPEZ-DORIGA-DIGITAL-3.jpg?fit=800%2C445&ssl=1&resize=350%2C200","width":350,"height":200,"srcset":"https:\/\/i0.wp.com\/politicosaldesnudo.com.mx\/wp-content\/uploads\/2026\/07\/BANNER-LOPEZ-DORIGA-DIGITAL-3.jpg?fit=800%2C445&ssl=1&resize=350%2C200 1x, https:\/\/i0.wp.com\/politicosaldesnudo.com.mx\/wp-content\/uploads\/2026\/07\/BANNER-LOPEZ-DORIGA-DIGITAL-3.jpg?fit=800%2C445&ssl=1&resize=525%2C300 1.5x, https:\/\/i0.wp.com\/politicosaldesnudo.com.mx\/wp-content\/uploads\/2026\/07\/BANNER-LOPEZ-DORIGA-DIGITAL-3.jpg?fit=800%2C445&ssl=1&resize=700%2C400 2x"},"classes":[]},{"id":87999,"url":"https:\/\/politicosaldesnudo.com.mx\/index.php\/2026\/08\/23\/estados-unidos-advierte-graves-consecuencias-para-canada-tras-ruptura-comercial\/","url_meta":{"origin":79975,"position":2},"title":"Estados Unidos advierte graves consecuencias para Canad\u00e1 tras ruptura comercial","author":"Redacci\u00f3n Pol\u00edticos","date":"23 de agosto de 2026","format":false,"excerpt":"La tensi\u00f3n entre Estados Unidos y Canad\u00e1 escal\u00f3 despu\u00e9s del fracaso de las negociaciones comerciales y la entrada en vigor de nuevos aranceles estadounidenses de 50% sobre productos canadienses. El secretario de Transporte de Estados Unidos, Sean Duffy, advirti\u00f3 que Ottawa tendr\u00eda m\u00e1s que perder si mantiene su confrontaci\u00f3n econ\u00f3mica\u2026","rel":"","context":"En \u00abINTERNACIONAL\u00bb","block_context":{"text":"INTERNACIONAL","link":"https:\/\/politicosaldesnudo.com.mx\/index.php\/category\/internacional\/"},"img":{"alt_text":"","src":"https:\/\/i0.wp.com\/politicosaldesnudo.com.mx\/wp-content\/uploads\/2026\/08\/eucan-1.png?fit=1200%2C675&ssl=1&resize=350%2C200","width":350,"height":200,"srcset":"https:\/\/i0.wp.com\/politicosaldesnudo.com.mx\/wp-content\/uploads\/2026\/08\/eucan-1.png?fit=1200%2C675&ssl=1&resize=350%2C200 1x, https:\/\/i0.wp.com\/politicosaldesnudo.com.mx\/wp-content\/uploads\/2026\/08\/eucan-1.png?fit=1200%2C675&ssl=1&resize=525%2C300 1.5x, https:\/\/i0.wp.com\/politicosaldesnudo.com.mx\/wp-content\/uploads\/2026\/08\/eucan-1.png?fit=1200%2C675&ssl=1&resize=700%2C400 2x, https:\/\/i0.wp.com\/politicosaldesnudo.com.mx\/wp-content\/uploads\/2026\/08\/eucan-1.png?fit=1200%2C675&ssl=1&resize=1050%2C600 3x"},"classes":[]},{"id":88260,"url":"https:\/\/politicosaldesnudo.com.mx\/index.php\/2026\/09\/01\/canada-pone-un-alto-a-trump-no-retomara-dialogo-comercial-mientras-continuen-burlas-y-ataques\/","url_meta":{"origin":79975,"position":3},"title":"Canad\u00e1 pone un alto a Trump: no retomar\u00e1 di\u00e1logo comercial mientras contin\u00faen burlas y ataques","author":"Redacci\u00f3n Pol\u00edticos","date":"1 de septiembre de 2026","format":false,"excerpt":"El primer ministro canadiense, Mark Carney, condicion\u00f3 la reanudaci\u00f3n de las negociaciones comerciales con Estados Unidos a que el Gobierno de Donald Trump abandone las provocaciones y muestre una disposici\u00f3n seria para alcanzar un acuerdo. Carney se\u00f1al\u00f3 que Canad\u00e1 est\u00e1 preparado para volver a la mesa de di\u00e1logo, pero \u00fanicamente\u2026","rel":"","context":"En \u00abINTERNACIONAL\u00bb","block_context":{"text":"INTERNACIONAL","link":"https:\/\/politicosaldesnudo.com.mx\/index.php\/category\/internacional\/"},"img":{"alt_text":"","src":"https:\/\/i0.wp.com\/politicosaldesnudo.com.mx\/wp-content\/uploads\/2026\/09\/gettyimages-2227090184-1024x1024-1.jpg?fit=1024%2C683&ssl=1&resize=350%2C200","width":350,"height":200,"srcset":"https:\/\/i0.wp.com\/politicosaldesnudo.com.mx\/wp-content\/uploads\/2026\/09\/gettyimages-2227090184-1024x1024-1.jpg?fit=1024%2C683&ssl=1&resize=350%2C200 1x, https:\/\/i0.wp.com\/politicosaldesnudo.com.mx\/wp-content\/uploads\/2026\/09\/gettyimages-2227090184-1024x1024-1.jpg?fit=1024%2C683&ssl=1&resize=525%2C300 1.5x, https:\/\/i0.wp.com\/politicosaldesnudo.com.mx\/wp-content\/uploads\/2026\/09\/gettyimages-2227090184-1024x1024-1.jpg?fit=1024%2C683&ssl=1&resize=700%2C400 2x"},"classes":[]},{"id":87953,"url":"https:\/\/politicosaldesnudo.com.mx\/index.php\/2026\/08\/21\/anuncia-trump-que-negocia-nuevas-condiciones-comerciales-con-mexico\/","url_meta":{"origin":79975,"position":4},"title":"Anuncia Trump que negocia nuevas condiciones comerciales con M\u00e9xico","author":"Redacci\u00f3n Pol\u00edticos","date":"21 de agosto de 2026","format":false,"excerpt":"El presidente de Estados Unidos, Donald Trump, afirm\u00f3 que su gobierno comenz\u00f3 a trabajar en un nuevo entendimiento comercial con M\u00e9xico, en medio de las negociaciones abiertas tras la primera revisi\u00f3n conjunta del T-MEC. Durante un mensaje ofrecido este viernes, el mandatario estadounidense asegur\u00f3 que el eventual acuerdo ser\u00e1 m\u00e1s\u2026","rel":"","context":"En \u00abINTERNACIONAL\u00bb","block_context":{"text":"INTERNACIONAL","link":"https:\/\/politicosaldesnudo.com.mx\/index.php\/category\/internacional\/"},"img":{"alt_text":"","src":"https:\/\/i0.wp.com\/politicosaldesnudo.com.mx\/wp-content\/uploads\/2026\/08\/trimp.webp?fit=1200%2C800&ssl=1&resize=350%2C200","width":350,"height":200,"srcset":"https:\/\/i0.wp.com\/politicosaldesnudo.com.mx\/wp-content\/uploads\/2026\/08\/trimp.webp?fit=1200%2C800&ssl=1&resize=350%2C200 1x, https:\/\/i0.wp.com\/politicosaldesnudo.com.mx\/wp-content\/uploads\/2026\/08\/trimp.webp?fit=1200%2C800&ssl=1&resize=525%2C300 1.5x, https:\/\/i0.wp.com\/politicosaldesnudo.com.mx\/wp-content\/uploads\/2026\/08\/trimp.webp?fit=1200%2C800&ssl=1&resize=700%2C400 2x, https:\/\/i0.wp.com\/politicosaldesnudo.com.mx\/wp-content\/uploads\/2026\/08\/trimp.webp?fit=1200%2C800&ssl=1&resize=1050%2C600 3x"},"classes":[]},{"id":88081,"url":"https:\/\/politicosaldesnudo.com.mx\/index.php\/2026\/08\/26\/estados-unidos-aprieta-a-mexico-exige-frenar-el-fentanilo-y-desmantelar-a-los-carteles\/","url_meta":{"origin":79975,"position":5},"title":"Estados Unidos aprieta a M\u00e9xico: exige frenar el fentanilo y desmantelar a los c\u00e1rteles","author":"Redacci\u00f3n Pol\u00edticos","date":"26 de agosto de 2026","format":false,"excerpt":"El combate al narcotr\u00e1fico y la migraci\u00f3n irregular volvieron al centro de la relaci\u00f3n entre M\u00e9xico y Estados Unidos. Durante una reuni\u00f3n celebrada en Washington, el secretario de Estado estadounidense, Marco Rubio, plante\u00f3 al canciller Roberto Velasco la necesidad de acelerar las acciones contra los c\u00e1rteles y el tr\u00e1fico de\u2026","rel":"","context":"En \u00abINTERNACIONAL\u00bb","block_context":{"text":"INTERNACIONAL","link":"https:\/\/politicosaldesnudo.com.mx\/index.php\/category\/internacional\/"},"img":{"alt_text":"","src":"https:\/\/i0.wp.com\/politicosaldesnudo.com.mx\/wp-content\/uploads\/2026\/08\/782144596_1492096299330079_1426179680717466472_n.jpg?fit=1200%2C948&ssl=1&resize=350%2C200","width":350,"height":200,"srcset":"https:\/\/i0.wp.com\/politicosaldesnudo.com.mx\/wp-content\/uploads\/2026\/08\/782144596_1492096299330079_1426179680717466472_n.jpg?fit=1200%2C948&ssl=1&resize=350%2C200 1x, https:\/\/i0.wp.com\/politicosaldesnudo.com.mx\/wp-content\/uploads\/2026\/08\/782144596_1492096299330079_1426179680717466472_n.jpg?fit=1200%2C948&ssl=1&resize=525%2C300 1.5x, https:\/\/i0.wp.com\/politicosaldesnudo.com.mx\/wp-content\/uploads\/2026\/08\/782144596_1492096299330079_1426179680717466472_n.jpg?fit=1200%2C948&ssl=1&resize=700%2C400 2x, https:\/\/i0.wp.com\/politicosaldesnudo.com.mx\/wp-content\/uploads\/2026\/08\/782144596_1492096299330079_1426179680717466472_n.jpg?fit=1200%2C948&ssl=1&resize=1050%2C600 3x"},"classes":[]}],"jetpack_sharing_enabled":true,"jetpack_featured_media_url":"https:\/\/i0.wp.com\/politicosaldesnudo.com.mx\/wp-content\/uploads\/2026\/02\/CAN.jpg?fit=1200%2C676&ssl=1","_links":{"self":[{"href":"https:\/\/politicosaldesnudo.com.mx\/index.php\/wp-json\/wp\/v2\/posts\/79975","targetHints":{"allow":["GET"]}}],"collection":[{"href":"https:\/\/politicosaldesnudo.com.mx\/index.php\/wp-json\/wp\/v2\/posts"}],"about":[{"href":"https:\/\/politicosaldesnudo.com.mx\/index.php\/wp-json\/wp\/v2\/types\/post"}],"author":[{"embeddable":true,"href":"https:\/\/politicosaldesnudo.com.mx\/index.php\/wp-json\/wp\/v2\/users\/4"}],"replies":[{"embeddable":true,"href":"https:\/\/politicosaldesnudo.com.mx\/index.php\/wp-json\/wp\/v2\/comments?post=79975"}],"version-history":[{"count":0,"href":"https:\/\/politicosaldesnudo.com.mx\/index.php\/wp-json\/wp\/v2\/posts\/79975\/revisions"}],"wp:featuredmedia":[{"embeddable":true,"href":"https:\/\/politicosaldesnudo.com.mx\/index.php\/wp-json\/wp\/v2\/media\/79976"}],"wp:attachment":[{"href":"https:\/\/politicosaldesnudo.com.mx\/index.php\/wp-json\/wp\/v2\/media?parent=79975"}],"wp:term":[{"taxonomy":"category","embeddable":true,"href":"https:\/\/politicosaldesnudo.com.mx\/index.php\/wp-json\/wp\/v2\/categories?post=79975"},{"taxonomy":"post_tag","embeddable":true,"href":"https:\/\/politicosaldesnudo.com.mx\/index.php\/wp-json\/wp\/v2\/tags?post=79975"}],"curies":[{"name":"wp","href":"https:\/\/api.w.org\/{rel}","templated":true}]}}