{"id":7999,"date":"2022-07-20T05:15:52","date_gmt":"2022-07-20T10:15:52","guid":{"rendered":"https:\/\/politicosaldesnudo.com.mx\/?p=7999"},"modified":"2022-07-20T07:13:55","modified_gmt":"2022-07-20T12:13:55","slug":"retoma-morena-el-rumbo-sera","status":"publish","type":"post","link":"https:\/\/politicosaldesnudo.com.mx\/index.php\/2022\/07\/20\/retoma-morena-el-rumbo-sera\/","title":{"rendered":"\u00bfRetoma Morena el rumbo? \u00bfSer\u00e1?"},"content":{"rendered":"<p class=\"p1\">\n<p>&nbsp;<\/p>\n<p class=\"p1\"><strong><span style=\"font-size: 18pt;\">Por Luis Ram\u00edrez Baqueiro<\/span><\/strong><\/p>\n<p class=\"p1\">\n<p>&nbsp;<\/p>\n<p class=\"p1\" style=\"text-align: center;\"><em><strong><span style=\"font-size: 18pt;\">\u201cLa recompensa de una buena acci\u00f3n est\u00e1 en el hecho mismo de haberla llevado a cabo\u201d <\/span><\/strong><\/em><\/p>\n<p class=\"p1\" style=\"text-align: center;\"><span style=\"font-size: 18pt;\">\u2013 Lucio Anneo S\u00e9neca \u2013<\/span><\/p>\n<p class=\"p1\">\n<p>&nbsp;<\/p>\n<p class=\"p1\"><span style=\"font-size: 14pt;\">Usted recordar\u00e1 que una de las frases empleadas como propaganda pol\u00edtica en Morena para arribar al poder, fue aquella que dec\u00eda: \u201cno mentir, no robar y no traicionar al pueblo de M\u00e9xico\u201d.<\/span><\/p>\n<p class=\"p1\"><span style=\"font-size: 14pt;\">Millones de mexicanos incautos confiaron en sus falsas promesas, mismas que con el paso del tiempo fueron develando el pesado cortinaje con el que comenzaron a ser gobierno.<\/span><\/p>\n<p class=\"p1\"><span style=\"font-size: 14pt;\">Con el paso de estos primeros cuatro a\u00f1os de Gobierno, al parecer han cambiado de estrategia, y ahora retoman el axioma.<\/span><\/p>\n<p class=\"p1\"><span style=\"font-size: 14pt;\">Y es que, en las \u00faltimas 48 horas, el Gobierno de Veracruz y algunos pol\u00edticos emanados del proyecto transformador de Andr\u00e9s Manuel L\u00f3pez Obrador, parecen intentar recomponer el rumbo.<\/span><\/p>\n<p class=\"p1\"><span style=\"font-size: 14pt;\">Por principio de cuentas el Gobernador Cuitl\u00e1huac Garc\u00eda Jim\u00e9nez actu\u00f3 como verdadero titular del Ejecutivo, al salir el mismo a dar la cara respecto a los se\u00f1alamientos imputados por el l\u00edder estatal de Movimiento Ciudadano, Sergio Gil Rull\u00e1n sobre que el ser\u00eda el nuevo Javier Duarte de Veracruz respecto al presunto manejo financiero de la deuda estatal.\u00a0<\/span><\/p>\n<p class=\"p1\"><span style=\"font-size: 14pt;\">Como dir\u00eda el mandatario estatal: \u201cno m\u00e1s no se manchen\u201d.<\/span><\/p>\n<p class=\"p1\"><span style=\"font-size: 14pt;\">Y es que, en una conferencia de prensa elaborada ex profeso para ello, demostr\u00f3 lo que los \u00faltimos 5 gobernadores de Veracruz nunca se atrevieron a realizar, que es hablar con la verdad.<\/span><\/p>\n<p class=\"p1\"><span style=\"font-size: 14pt;\">As\u00ed categ\u00f3rico y contundente, Garc\u00eda Jim\u00e9nez explic\u00f3 con gr\u00e1ficas \u2013bolitas y palitos- la situaci\u00f3n actual de la deuda del Gobierno del Estado de Veracruz, esa que ocult\u00f3 con toda intenci\u00f3n Fidel Herrera, Javier Duarte, e inclusive el mismo Miguel \u00c1ngel Yunes, por as\u00ed convenirle a los intereses de su administraci\u00f3n.<\/span><\/p>\n<p class=\"p1\"><span style=\"font-size: 14pt;\">Pero lo cierto es que, la ciudadan\u00eda agradece, que, por primera vez, y sin rodeos se explicar\u00e1n c\u00f3mo y porqu\u00e9 se han venido manejando los recursos de la entidad de la forma en que se vienen operando, algo que, por mucho, ning\u00fan ex mandatario quiso o tuvo intenci\u00f3n de realizar.<\/span><\/p>\n<p class=\"p1\"><span style=\"font-size: 14pt;\">De esta manera, se transparentan puntualmente las cifras e inclusive se explica que la presente administraci\u00f3n estatal se encargar\u00e1 de finiquitar pasivos que los sinverg\u00fcenzas que le antecedieron, presuntamente documentaron.<\/span><\/p>\n<p class=\"p1\"><span style=\"font-size: 14pt;\">Pagos con el Sistema de Administraci\u00f3n Tributaria (SAT) que fueron literalmente omitidos para robarles sus recursos, entre otros fueron la manera de timar a los incautos bajo la bandera de que eran unos expertos en el manejo financiero.<\/span><\/p>\n<p class=\"p1\"><span style=\"font-size: 14pt;\">As\u00ed pudimos enterarnos que la deuda de Veracruz no es de 59 mil md, sino de 54 mil mdp; de los cuales se han pagado m\u00e1s de 5 mil mdp en diferentes dependencias, algo que en anta\u00f1o era secreto de Estado.<\/span><\/p>\n<p class=\"p1\"><span style=\"font-size: 14pt;\">Pero aunado a ello, es importante resaltar que esa actitud abierta con la que tambi\u00e9n el presidente de la Junta de Coordinaci\u00f3n Pol\u00edtica del Congreso Local, Juan Javier G\u00f3mez Cazar\u00edn habla del proceso de elecci\u00f3n de delegados de su partido, de cara a la renovaci\u00f3n de la dirigencia estatal y los cargos dentro del Comit\u00e9 Nacional de Morena, al afirmar que el no disputar\u00e1 ser delegado.<\/span><\/p>\n<p class=\"p1\"><span style=\"font-size: 14pt;\">Si ese escenario hubiera pasado en el PRI, seguramente la rebatinga hubiera estado al por mayor, pero el simplemente dice no, porque debemos ser congruentes con nuestra militancia, afirm\u00f3 -en un v\u00eddeo difundido en sus redes sociales-, esa a la que nos debemos, y la que ha trabajado con nosotros hasta hoy.\u00a0<\/span><\/p>\n<p class=\"p1\"><span style=\"font-size: 14pt;\">Y no como los cientos de saltamontes que ya preparan la operaci\u00f3n asalto para incorporarse a sus filas ante el nulo poder de convocatoria del partido de Dante Alfonso Delgado Rannauro, al menos lo se\u00f1alado por las \u00faltimas encuestas de preferencia electoral.<\/span><\/p>\n<p class=\"p1\"><span style=\"font-size: 14pt;\">Retomar el rumbo, recomponer el paso, no es malo, por el contrario, ser\u00e1 el hablar sin tapujos y sin reservas como poco a poco se han ido ganando a los segmentos m\u00e1s necesitados.<\/span><\/p>\n<p>&nbsp;<\/p>\n<p class=\"p1\"><span style=\"font-size: 18pt;\"><strong>Al tiempo.<\/strong><\/span><\/p>\n<p>&nbsp;<\/p>\n<p class=\"p1\"><span style=\"font-size: 18pt;\"><strong>Correo: <a href=\"mailto:astrolabiopoliticomx@gmail.com\">astrolabiopoliticomx@gmail.com<\/a><\/strong><\/span><\/p>\n<p class=\"p1\"><span style=\"font-size: 18pt;\"><strong>Twitter: <a href=\"http:\/\/www.twitter.com\/LuisBaqueiro_mx\">@LuisBaqueiro_mx<\/a><\/strong><\/span><\/p>\n<p>&nbsp;<\/p>\n<p><span style=\"font-size: 18pt; color: #319eca;\"><em><strong>**Las columnas firmadas en este medio son responsabilidad de quienes las firman**<\/strong><\/em><\/span><\/p>\n<p>&nbsp;<\/p>\n<p>&nbsp;<\/p>\n<p>&nbsp;<\/p>\n<p>&nbsp;<\/p>\n","protected":false},"excerpt":{"rendered":"<p>&nbsp; Por Luis Ram\u00edrez Baqueiro &nbsp; \u201cLa recompensa de una buena acci\u00f3n est\u00e1 en el hecho mismo de haberla llevado<\/p>\n","protected":false},"author":4,"featured_media":4390,"comment_status":"closed","ping_status":"closed","sticky":false,"template":"","format":"standard","meta":{"colormag_page_container_layout":"default_layout","colormag_page_sidebar_layout":"default_layout","_jetpack_memberships_contains_paid_content":false,"footnotes":"","jetpack_publicize_message":"","jetpack_publicize_feature_enabled":true,"jetpack_social_post_already_shared":false,"jetpack_social_options":{"image_generator_settings":{"template":"highway","default_image_id":0,"font":"","enabled":false},"version":2}},"categories":[26],"tags":[],"class_list":["post-7999","post","type-post","status-publish","format-standard","has-post-thumbnail","hentry","category-columnistas"],"jetpack_publicize_connections":[],"jetpack_featured_media_url":"https:\/\/i0.wp.com\/politicosaldesnudo.com.mx\/wp-content\/uploads\/2022\/04\/LUIS-RAMI%CC%81REZ-BAQUEIRO.png?fit=1816%2C1016&ssl=1","jetpack-related-posts":[],"jetpack_sharing_enabled":true,"_links":{"self":[{"href":"https:\/\/politicosaldesnudo.com.mx\/index.php\/wp-json\/wp\/v2\/posts\/7999","targetHints":{"allow":["GET"]}}],"collection":[{"href":"https:\/\/politicosaldesnudo.com.mx\/index.php\/wp-json\/wp\/v2\/posts"}],"about":[{"href":"https:\/\/politicosaldesnudo.com.mx\/index.php\/wp-json\/wp\/v2\/types\/post"}],"author":[{"embeddable":true,"href":"https:\/\/politicosaldesnudo.com.mx\/index.php\/wp-json\/wp\/v2\/users\/4"}],"replies":[{"embeddable":true,"href":"https:\/\/politicosaldesnudo.com.mx\/index.php\/wp-json\/wp\/v2\/comments?post=7999"}],"version-history":[{"count":0,"href":"https:\/\/politicosaldesnudo.com.mx\/index.php\/wp-json\/wp\/v2\/posts\/7999\/revisions"}],"wp:featuredmedia":[{"embeddable":true,"href":"https:\/\/politicosaldesnudo.com.mx\/index.php\/wp-json\/wp\/v2\/media\/4390"}],"wp:attachment":[{"href":"https:\/\/politicosaldesnudo.com.mx\/index.php\/wp-json\/wp\/v2\/media?parent=7999"}],"wp:term":[{"taxonomy":"category","embeddable":true,"href":"https:\/\/politicosaldesnudo.com.mx\/index.php\/wp-json\/wp\/v2\/categories?post=7999"},{"taxonomy":"post_tag","embeddable":true,"href":"https:\/\/politicosaldesnudo.com.mx\/index.php\/wp-json\/wp\/v2\/tags?post=7999"}],"curies":[{"name":"wp","href":"https:\/\/api.w.org\/{rel}","templated":true}]}}