{"id":8002,"date":"2022-07-20T07:51:11","date_gmt":"2022-07-20T12:51:11","guid":{"rendered":"https:\/\/politicosaldesnudo.com.mx\/?p=8002"},"modified":"2022-07-20T07:52:01","modified_gmt":"2022-07-20T12:52:01","slug":"monreal-en-su-laberinto","status":"publish","type":"post","link":"https:\/\/politicosaldesnudo.com.mx\/index.php\/2022\/07\/20\/monreal-en-su-laberinto\/","title":{"rendered":"Monreal en su laberinto"},"content":{"rendered":"<p>&nbsp;<\/p>\n<p class=\"p2\"><span style=\"font-size: 18pt;\"><strong>Por Jos\u00e9 Garc\u00eda S\u00e1nchez<\/strong><\/span><\/p>\n<p class=\"p2\"><span style=\"font-size: 14pt;\">Cuando el senador de Morena dijo que no le interesaba ning\u00fan puesto de consolaci\u00f3n que quer\u00eda s\u00f3lo la Presidencia de la Rep\u00fablica, los simpatizantes de Marcelo Ebrard subieron considerablemente dentro y fuera de Morena, lo que sucede es que se asociaba al secretario con el ex gobernador, como f\u00f3rmula electoral.<\/span><\/p>\n<p class=\"p2\"><span style=\"font-size: 14pt;\">Se hab\u00eda considerado una f\u00f3rmula convenida con anterioridad que si Ebrard iba a la Presidencia de la Rep\u00fablica, Monreal se encaminar\u00eda a la Jefatura de Gobierno de la CdMx. Esto se hab\u00eda convertido en un lastre para el secretario de Relaciones Exteriores, tanto que le imped\u00eda subir en las encuestas.<\/span><\/p>\n<p class=\"p2\"><span style=\"font-size: 18pt;\"><strong>El 15 de julio, Ricardo Monreal anunci\u00f3 interesarse por la capital del pa\u00eds, ya que parte de su vida la ha realizado en la entidad, sin embargo, posteriormente reiter\u00f3 que buscar\u00e1 la candidatura para suceder al mandatario Andr\u00e9s Manuel L\u00f3pez Obrador, y asegur\u00f3 que no ir\u00eda por ning\u00fan otro cargo que no fuera la Presidencia de la Rep\u00fablica, convirtiendo as\u00ed a su aliado Ebrard, en su contrincante, a pesar de la desproporci\u00f3n en las encuestas que conoce de sobra, sabe que no llega ni al 10 por ciento tanto dentro como fuera de la militancia de Morena.<\/strong><\/span><\/p>\n<p class=\"p2\"><span style=\"font-size: 14pt;\">Por ello,\u00a0descart\u00f3 estar en alg\u00fan tipo de negociaci\u00f3n para otra candidatura que no sea la presidencial, en la que ser\u00e1 el primero en inscribirse para el proceso interno cuando Morena emita la convocatoria; sin embargo, Morena ya tiene proyectado el m\u00e9todo de selecci\u00f3n por encuesta, el cual rechaza Monreal porque asegura estar\u00e1 manipulado. Dif\u00edcilmente cambiar\u00edan de posici\u00f3n Morena o Monreal, de tal suerte, que \u00e9sta puede considerarse fuera del partido.<\/span><\/p>\n<p class=\"p2\"><span style=\"font-size: 18pt;\"><strong>Monreal ha militado en todos los partidos menos en el Verde y en el PAN, en este \u00faltimo su l\u00edder nacional, Marko Cort\u00e9s le acaba de cerrar las puertas por considerar que s\u00f3lo busca intereses personales en la postulaci\u00f3n hacia la Presidencia de la Rep\u00fablica.<\/strong><\/span><\/p>\n<p><img data-recalc-dims=\"1\" loading=\"lazy\" decoding=\"async\" class=\"aligncenter wp-image-8003 size-large\" src=\"https:\/\/i0.wp.com\/politicosaldesnudo.com.mx\/wp-content\/uploads\/2022\/07\/P-RICARDO-MONREAL2-1024x573.png?resize=800%2C448&#038;ssl=1\" alt=\"\" width=\"800\" height=\"448\" srcset=\"https:\/\/i0.wp.com\/politicosaldesnudo.com.mx\/wp-content\/uploads\/2022\/07\/P-RICARDO-MONREAL2.png?resize=1024%2C573&amp;ssl=1 1024w, https:\/\/i0.wp.com\/politicosaldesnudo.com.mx\/wp-content\/uploads\/2022\/07\/P-RICARDO-MONREAL2.png?resize=300%2C168&amp;ssl=1 300w, https:\/\/i0.wp.com\/politicosaldesnudo.com.mx\/wp-content\/uploads\/2022\/07\/P-RICARDO-MONREAL2.png?resize=768%2C430&amp;ssl=1 768w, https:\/\/i0.wp.com\/politicosaldesnudo.com.mx\/wp-content\/uploads\/2022\/07\/P-RICARDO-MONREAL2.png?resize=1536%2C859&amp;ssl=1 1536w, https:\/\/i0.wp.com\/politicosaldesnudo.com.mx\/wp-content\/uploads\/2022\/07\/P-RICARDO-MONREAL2.png?w=1816&amp;ssl=1 1816w, https:\/\/i0.wp.com\/politicosaldesnudo.com.mx\/wp-content\/uploads\/2022\/07\/P-RICARDO-MONREAL2.png?w=1600&amp;ssl=1 1600w\" sizes=\"auto, (max-width: 800px) 100vw, 800px\" \/><\/p>\n<p>&nbsp;<\/p>\n<p class=\"p2\"><span style=\"font-size: 18pt;\"><strong>Lo cierto es que Ricardo Monreal ha hecho montajes, pagando espacios en los medios, forzado apariciones p\u00fablicas, pagado porristas, y manipulado encuestas. La intenci\u00f3n del voto real hacia su persona es muy raqu\u00edtica y esto hace que todo partido pol\u00edtico lo rechace, porque podr\u00eda dejarlo sin registro en 2024.<\/strong><\/span><\/p>\n<p class=\"p2\"><span style=\"font-size: 14pt;\">Hay una conducta que practican muchos militantes en Morena, que creen que por ser fundadores merecen el mejor cargo, cuando en realidad no est\u00e1n preparados para ellos. Participar en la fundaci\u00f3n de ese movimiento los convierte en militantes destacados con virtudes y defectos, fortalezas y debilidades, las cuales se ponderan a la hora de exigir un cargo cuyo perfil personal no satisface las necesidades de una responsabilidad mayor.<\/span><\/p>\n<p class=\"p2\"><span style=\"font-size: 18pt;\"><strong>Ser fundador de este u otro partido pol\u00edtico no los conduce a una candidatura forzosamente, menos a\u00fan a la Presidencia de la Rep\u00fablica. El partido debe considerar principalmente la aceptaci\u00f3n de la gente y en el caso de Ricardo Monreal no es muy aceptado por la poblaci\u00f3n, su antipat\u00eda puede ser uno de los obst\u00e1culos que el impidan ocupar la plataforma de lanzamiento al puesto pol\u00edtico m\u00e1s importante del pa\u00eds.<\/strong><\/span><\/p>\n<p class=\"p2\"><span style=\"font-size: 14pt;\">Al competir por la Presidencia de la Rep\u00fablica, Monreal fortalece al resto de los contrincantes, principalmente a Marcelo Ebrard, a quien se le adjudicaba una sociedad encaminada a una simbi\u00f3tica f\u00f3rmula electoral. Al aclarar que no quiere otro cargo m\u00e1s que la candidatura a la Presidencia tranquiliza a otros precandidatos de todos los partidos, y a la sociedad, porque fuera de Morena no hay cabida, la \u00fanica alternativa ser\u00eda Movimiento Ciudadano, donde, desde ahora est\u00e1n apuntalando al <span style=\"font-size: 18pt;\"><strong>hijo de Colosio<\/strong><\/span>, que pareciera no tener el peso suficiente para competir ni la fuerza necesaria para ganar. <span style=\"font-size: 18pt;\"><strong>Por un lado, est\u00e1 quemado y por el otro crudo.<\/strong><\/span><\/span><\/p>\n<p class=\"p2\"><span style=\"font-size: 14pt;\">El hecho de que el PRD lo invitara a ser su candidato a la Presidencia de la Rep\u00fablica lo coloca en el s\u00f3tano de las aspiraciones y en el \u00faltimo lugar en las preferencias electorales. Una especie de suicidio pol\u00edtico masivo.<\/span><\/p>\n<p class=\"p2\"><span style=\"font-size: 18pt;\"><strong>Si Monreal no tiene participaci\u00f3n en esta contienda como candidato a la Presidencia de la Rep\u00fablica puede decirse que su carrera pol\u00edtica termin\u00f3, ahora s\u00f3lo falta encontrar l partido que con el suficiente esp\u00edritu aventurero como para cargar con su obsesi\u00f3n.<\/strong><\/span><\/p>\n<p class=\"p2\"><span style=\"font-size: 18pt;\"><strong>Ricardo Monreal se fue cerrando las puertas al agotar alternativas, caminos, partidos, cargos, ilusiones.<\/strong><\/span><\/p>\n<p>&nbsp;<\/p>\n<p>&nbsp;<\/p>\n<p><strong><span style=\"font-size: 18pt;\">Twitter: <a href=\"https:\/\/twitter.com\/Josangasa3\">@Josangasa3<\/a><\/span><\/strong><\/p>\n<p>&nbsp;<\/p>\n<p><span style=\"font-size: 18pt; color: #319eca;\"><em><strong>**Las columnas firmadas en este medio son responsabilidad de quienes las firman**<\/strong><\/em><\/span><\/p>\n<p>&nbsp;<\/p>\n<p>&nbsp;<\/p>\n<p>&nbsp;<\/p>\n<p>&nbsp;<\/p>\n<p>&nbsp;<\/p>\n<p>&nbsp;<\/p>\n","protected":false},"excerpt":{"rendered":"<p>&nbsp; Por Jos\u00e9 Garc\u00eda S\u00e1nchez Cuando el senador de Morena dijo que no le interesaba ning\u00fan puesto de consolaci\u00f3n que<\/p>\n","protected":false},"author":4,"featured_media":3934,"comment_status":"closed","ping_status":"closed","sticky":false,"template":"","format":"standard","meta":{"colormag_page_container_layout":"default_layout","colormag_page_sidebar_layout":"default_layout","_jetpack_memberships_contains_paid_content":false,"footnotes":"","jetpack_publicize_message":"","jetpack_publicize_feature_enabled":true,"jetpack_social_post_already_shared":false,"jetpack_social_options":{"image_generator_settings":{"template":"highway","default_image_id":0,"font":"","enabled":false},"version":2}},"categories":[26],"tags":[46,63,1181,98],"class_list":["post-8002","post","type-post","status-publish","format-standard","has-post-thumbnail","hentry","category-columnistas","tag-marcelo-ebrard","tag-morena","tag-presidencia-de-la-republica","tag-ricardo-monreal"],"jetpack_publicize_connections":[],"jetpack_featured_media_url":"https:\/\/i0.wp.com\/politicosaldesnudo.com.mx\/wp-content\/uploads\/2022\/04\/JOSE%CC%81-GARCI%CC%81A.png?fit=1816%2C1016&ssl=1","jetpack-related-posts":[],"jetpack_sharing_enabled":true,"_links":{"self":[{"href":"https:\/\/politicosaldesnudo.com.mx\/index.php\/wp-json\/wp\/v2\/posts\/8002","targetHints":{"allow":["GET"]}}],"collection":[{"href":"https:\/\/politicosaldesnudo.com.mx\/index.php\/wp-json\/wp\/v2\/posts"}],"about":[{"href":"https:\/\/politicosaldesnudo.com.mx\/index.php\/wp-json\/wp\/v2\/types\/post"}],"author":[{"embeddable":true,"href":"https:\/\/politicosaldesnudo.com.mx\/index.php\/wp-json\/wp\/v2\/users\/4"}],"replies":[{"embeddable":true,"href":"https:\/\/politicosaldesnudo.com.mx\/index.php\/wp-json\/wp\/v2\/comments?post=8002"}],"version-history":[{"count":0,"href":"https:\/\/politicosaldesnudo.com.mx\/index.php\/wp-json\/wp\/v2\/posts\/8002\/revisions"}],"wp:featuredmedia":[{"embeddable":true,"href":"https:\/\/politicosaldesnudo.com.mx\/index.php\/wp-json\/wp\/v2\/media\/3934"}],"wp:attachment":[{"href":"https:\/\/politicosaldesnudo.com.mx\/index.php\/wp-json\/wp\/v2\/media?parent=8002"}],"wp:term":[{"taxonomy":"category","embeddable":true,"href":"https:\/\/politicosaldesnudo.com.mx\/index.php\/wp-json\/wp\/v2\/categories?post=8002"},{"taxonomy":"post_tag","embeddable":true,"href":"https:\/\/politicosaldesnudo.com.mx\/index.php\/wp-json\/wp\/v2\/tags?post=8002"}],"curies":[{"name":"wp","href":"https:\/\/api.w.org\/{rel}","templated":true}]}}