{"id":80053,"date":"2026-02-16T01:19:25","date_gmt":"2026-02-16T07:19:25","guid":{"rendered":"https:\/\/politicosaldesnudo.com.mx\/?p=80053"},"modified":"2026-02-16T01:19:25","modified_gmt":"2026-02-16T07:19:25","slug":"concluye-marx-arriaga-jornada-de-protesta-con-propuesta-tras-dos-dias-de-transmision-en-vivo-continua","status":"publish","type":"post","link":"https:\/\/politicosaldesnudo.com.mx\/index.php\/2026\/02\/16\/concluye-marx-arriaga-jornada-de-protesta-con-propuesta-tras-dos-dias-de-transmision-en-vivo-continua\/","title":{"rendered":"Concluye Marx Arriaga jornada de &#8216;Protesta con propuesta&#8217; tras dos d\u00edas de transmisi\u00f3n en vivo contin\u00faa"},"content":{"rendered":"<p class=\"nota-justify\">Despu\u00e9s de dos d\u00edas de transmisi\u00f3n en vivo, \u201cen donde hizo algunas pausas para comer y dormir un poco\u201d en su p\u00e1gina de Facebook, el titular de Materiales Educativos de la Secretar\u00eda de Educaci\u00f3n P\u00fablica (SEP), Marx Arriaga Navarro, concluy\u00f3 con su jornada de \u201cProtesta con propuesta\u201d para dar paso a una asamblea con docentes del Comit\u00e9 de Defensa de la Nueva Escuela Mexicana (NEM) para determinar las acciones que realizar\u00eda este lunes, entre ellas, especificar si dejar\u00eda la dependencia.<\/p>\n<p class=\"nota-justify\">A las 19:30 horas, a trav\u00e9s de la plataforma de teams, el funcionario inici\u00f3 la asamblea con un balance -que dur\u00f3 poco m\u00e1s de dos horas- de las conversaciones en vivo del s\u00e1bado y domingo. Para continuar con las propuestas para definir su pr\u00f3ximo actuar.<\/p>\n<p class=\"nota-justify\">Arriaga se\u00f1al\u00f3 que su despido tendr\u00eda que ser conforme a la ley y no con una notificaci\u00f3n verbal y subray\u00f3 que no ha tenido contacto con la presidenta Claudia Sheinbaum Pardo para aclarar su situaci\u00f3n.<\/p>\n<p class=\"nota-justify\">A las 22:30, Arriaga dio un receso a la asamblea e inform\u00f3 que a las 19 horas de ma\u00f1ana se reinstalar\u00e1 nuevamente para determinar las \u201cacciones claras como movimiento\u201d con base en lo que se anuncie en la conferencia presidencial.<\/p>\n<p class=\"nota-justify\">Reconoci\u00f3 que este lunes \u201cser\u00e1 un d\u00eda complicado\u201d, por lo cual a primera hora se dar\u00e1n a conocer 15 puntos \u201cpara que a lo largo del d\u00eda se tenga respuesta a lo que venga\u201d. Adem\u00e1s, en la asamblea vespertina se discutir\u00e1 el avance de las acciones pol\u00edticas.<\/p>\n<p class=\"nota-justify\">Al cierre de la sesi\u00f3n, Arriaga enumer\u00f3 15 ideas en com\u00fan entre todas las propuestas que dieron los docentes. Entre ellos est\u00e1 una carta abierta dependiendo a lo que se informe en la conferencia presidencial donde se plant\u00e9 la refundaci\u00f3n de la SEP.<\/p>\n<p class=\"nota-justify\">Tambi\u00e9n, compartir los archivos de todos los LTG vigentes antes de que se modifiquen; repetir el ejercicio de \u201cprotesta con propuesta\u201d; de forma paralela realizar\u00e1n un bloque que combata la infodemia.<\/p>\n<p class=\"nota-justify\">Adem\u00e1s, hacer mantas de apoyo para la NEM, refundaci\u00f3n de la SEP y la destituci\u00f3n del actual secretario de Educaci\u00f3n P\u00fablica; formar un grupo de comunicaci\u00f3n para informar con precisi\u00f3n la agenda.<\/p>\n","protected":false},"excerpt":{"rendered":"<p>Despu\u00e9s de dos d\u00edas de transmisi\u00f3n en vivo, \u201cen donde hizo algunas pausas para comer y dormir un poco\u201d en [&hellip;]<\/p>\n","protected":false},"author":4,"featured_media":80054,"comment_status":"closed","ping_status":"closed","sticky":false,"template":"","format":"standard","meta":{"site-sidebar-layout":"default","site-content-layout":"","ast-site-content-layout":"default","site-content-style":"default","site-sidebar-style":"default","ast-global-header-display":"","ast-banner-title-visibility":"","ast-main-header-display":"","ast-hfb-above-header-display":"","ast-hfb-below-header-display":"","ast-hfb-mobile-header-display":"","site-post-title":"","ast-breadcrumbs-content":"","ast-featured-img":"","footer-sml-layout":"","ast-disable-related-posts":"","theme-transparent-header-meta":"","adv-header-id-meta":"","stick-header-meta":"","header-above-stick-meta":"","header-main-stick-meta":"","header-below-stick-meta":"","astra-migrate-meta-layouts":"default","ast-page-background-enabled":"default","ast-page-background-meta":{"desktop":{"background-color":"var(--ast-global-color-5)","background-image":"","background-repeat":"repeat","background-position":"center center","background-size":"auto","background-attachment":"scroll","background-type":"","background-media":"","overlay-type":"","overlay-color":"","overlay-opacity":"","overlay-gradient":""},"tablet":{"background-color":"","background-image":"","background-repeat":"repeat","background-position":"center center","background-size":"auto","background-attachment":"scroll","background-type":"","background-media":"","overlay-type":"","overlay-color":"","overlay-opacity":"","overlay-gradient":""},"mobile":{"background-color":"","background-image":"","background-repeat":"repeat","background-position":"center center","background-size":"auto","background-attachment":"scroll","background-type":"","background-media":"","overlay-type":"","overlay-color":"","overlay-opacity":"","overlay-gradient":""}},"ast-content-background-meta":{"desktop":{"background-color":"var(--ast-global-color-4)","background-image":"","background-repeat":"repeat","background-position":"center center","background-size":"auto","background-attachment":"scroll","background-type":"","background-media":"","overlay-type":"","overlay-color":"","overlay-opacity":"","overlay-gradient":""},"tablet":{"background-color":"var(--ast-global-color-4)","background-image":"","background-repeat":"repeat","background-position":"center center","background-size":"auto","background-attachment":"scroll","background-type":"","background-media":"","overlay-type":"","overlay-color":"","overlay-opacity":"","overlay-gradient":""},"mobile":{"background-color":"var(--ast-global-color-4)","background-image":"","background-repeat":"repeat","background-position":"center center","background-size":"auto","background-attachment":"scroll","background-type":"","background-media":"","overlay-type":"","overlay-color":"","overlay-opacity":"","overlay-gradient":""}},"_jetpack_newsletter_access":"","_jetpack_dont_email_post_to_subs":false,"_jetpack_newsletter_tier_id":0,"_jetpack_memberships_contains_paywalled_content":false,"_jetpack_feature_clip_id":0,"_jetpack_memberships_contains_paid_content":false,"footnotes":"","jetpack_publicize_message":"","jetpack_publicize_feature_enabled":true,"jetpack_social_post_already_shared":true,"jetpack_social_options":{"image_generator_settings":{"template":"highway","default_image_id":0,"font":"","enabled":false},"version":2},"jetpack_post_was_ever_published":false},"categories":[33],"tags":[],"class_list":["post-80053","post","type-post","status-publish","format-standard","has-post-thumbnail","hentry","category-nacional"],"yoast_head":"<!-- This site is optimized with the Yoast SEO plugin v28.3 - https:\/\/yoast.com\/product\/yoast-seo-wordpress\/ -->\n<title>Concluye Marx Arriaga jornada de &#039;Protesta con propuesta&#039; tras dos d\u00edas de transmisi\u00f3n en vivo contin\u00faa - Pol\u00edticos al Desnudo<\/title>\n<meta name=\"robots\" content=\"index, follow, max-snippet:-1, max-image-preview:large, max-video-preview:-1\" \/>\n<link rel=\"canonical\" href=\"https:\/\/politicosaldesnudo.com.mx\/index.php\/2026\/02\/16\/concluye-marx-arriaga-jornada-de-protesta-con-propuesta-tras-dos-dias-de-transmision-en-vivo-continua\/\" \/>\n<meta property=\"og:locale\" content=\"es_ES\" \/>\n<meta property=\"og:type\" content=\"article\" \/>\n<meta property=\"og:title\" content=\"Concluye Marx Arriaga jornada de &#039;Protesta con propuesta&#039; tras dos d\u00edas de transmisi\u00f3n en vivo contin\u00faa - Pol\u00edticos al Desnudo\" \/>\n<meta property=\"og:description\" content=\"Despu\u00e9s de dos d\u00edas de transmisi\u00f3n en vivo, \u201cen donde hizo algunas pausas para comer y dormir un poco\u201d en [&hellip;]\" \/>\n<meta property=\"og:url\" content=\"https:\/\/politicosaldesnudo.com.mx\/index.php\/2026\/02\/16\/concluye-marx-arriaga-jornada-de-protesta-con-propuesta-tras-dos-dias-de-transmision-en-vivo-continua\/\" \/>\n<meta property=\"og:site_name\" content=\"Pol\u00edticos al Desnudo\" \/>\n<meta property=\"article:publisher\" content=\"https:\/\/www.facebook.com\/PoliticosAD\" \/>\n<meta property=\"article:published_time\" content=\"2026-02-16T07:19:25+00:00\" \/>\n<meta property=\"og:image\" content=\"https:\/\/i0.wp.com\/politicosaldesnudo.com.mx\/wp-content\/uploads\/2026\/02\/MAR.jpg?fit=1200%2C788&ssl=1\" \/>\n\t<meta property=\"og:image:width\" content=\"1200\" \/>\n\t<meta property=\"og:image:height\" content=\"788\" \/>\n\t<meta property=\"og:image:type\" content=\"image\/jpeg\" \/>\n<meta name=\"author\" content=\"Redacci\u00f3n Pol\u00edticos\" \/>\n<meta name=\"twitter:card\" content=\"summary_large_image\" \/>\n<meta name=\"twitter:label1\" content=\"Escrito por\" \/>\n\t<meta name=\"twitter:data1\" content=\"Redacci\u00f3n Pol\u00edticos\" \/>\n\t<meta name=\"twitter:label2\" content=\"Tiempo de lectura\" \/>\n\t<meta name=\"twitter:data2\" content=\"2 minutos\" \/>\n<script type=\"application\/ld+json\" class=\"yoast-schema-graph\">{\"@context\":\"https:\\\/\\\/schema.org\",\"@graph\":[{\"@type\":\"Article\",\"@id\":\"https:\\\/\\\/politicosaldesnudo.com.mx\\\/index.php\\\/2026\\\/02\\\/16\\\/concluye-marx-arriaga-jornada-de-protesta-con-propuesta-tras-dos-dias-de-transmision-en-vivo-continua\\\/#article\",\"isPartOf\":{\"@id\":\"https:\\\/\\\/politicosaldesnudo.com.mx\\\/index.php\\\/2026\\\/02\\\/16\\\/concluye-marx-arriaga-jornada-de-protesta-con-propuesta-tras-dos-dias-de-transmision-en-vivo-continua\\\/\"},\"author\":{\"name\":\"Redacci\u00f3n Pol\u00edticos\",\"@id\":\"https:\\\/\\\/politicosaldesnudo.com.mx\\\/#\\\/schema\\\/person\\\/ef3a64e561cc3f3f5dc52fab81adde7e\"},\"headline\":\"Concluye Marx Arriaga jornada de &#8216;Protesta con propuesta&#8217; tras dos d\u00edas de transmisi\u00f3n en vivo contin\u00faa\",\"datePublished\":\"2026-02-16T07:19:25+00:00\",\"mainEntityOfPage\":{\"@id\":\"https:\\\/\\\/politicosaldesnudo.com.mx\\\/index.php\\\/2026\\\/02\\\/16\\\/concluye-marx-arriaga-jornada-de-protesta-con-propuesta-tras-dos-dias-de-transmision-en-vivo-continua\\\/\"},\"wordCount\":402,\"publisher\":{\"@id\":\"https:\\\/\\\/politicosaldesnudo.com.mx\\\/#organization\"},\"image\":{\"@id\":\"https:\\\/\\\/politicosaldesnudo.com.mx\\\/index.php\\\/2026\\\/02\\\/16\\\/concluye-marx-arriaga-jornada-de-protesta-con-propuesta-tras-dos-dias-de-transmision-en-vivo-continua\\\/#primaryimage\"},\"thumbnailUrl\":\"https:\\\/\\\/i0.wp.com\\\/politicosaldesnudo.com.mx\\\/wp-content\\\/uploads\\\/2026\\\/02\\\/MAR.jpg?fit=1200%2C788&ssl=1\",\"articleSection\":[\"NACIONAL\"],\"inLanguage\":\"es\"},{\"@type\":\"WebPage\",\"@id\":\"https:\\\/\\\/politicosaldesnudo.com.mx\\\/index.php\\\/2026\\\/02\\\/16\\\/concluye-marx-arriaga-jornada-de-protesta-con-propuesta-tras-dos-dias-de-transmision-en-vivo-continua\\\/\",\"url\":\"https:\\\/\\\/politicosaldesnudo.com.mx\\\/index.php\\\/2026\\\/02\\\/16\\\/concluye-marx-arriaga-jornada-de-protesta-con-propuesta-tras-dos-dias-de-transmision-en-vivo-continua\\\/\",\"name\":\"Concluye Marx Arriaga jornada de 'Protesta con propuesta' tras dos d\u00edas de transmisi\u00f3n en vivo contin\u00faa - Pol\u00edticos al Desnudo\",\"isPartOf\":{\"@id\":\"https:\\\/\\\/politicosaldesnudo.com.mx\\\/#website\"},\"primaryImageOfPage\":{\"@id\":\"https:\\\/\\\/politicosaldesnudo.com.mx\\\/index.php\\\/2026\\\/02\\\/16\\\/concluye-marx-arriaga-jornada-de-protesta-con-propuesta-tras-dos-dias-de-transmision-en-vivo-continua\\\/#primaryimage\"},\"image\":{\"@id\":\"https:\\\/\\\/politicosaldesnudo.com.mx\\\/index.php\\\/2026\\\/02\\\/16\\\/concluye-marx-arriaga-jornada-de-protesta-con-propuesta-tras-dos-dias-de-transmision-en-vivo-continua\\\/#primaryimage\"},\"thumbnailUrl\":\"https:\\\/\\\/i0.wp.com\\\/politicosaldesnudo.com.mx\\\/wp-content\\\/uploads\\\/2026\\\/02\\\/MAR.jpg?fit=1200%2C788&ssl=1\",\"datePublished\":\"2026-02-16T07:19:25+00:00\",\"breadcrumb\":{\"@id\":\"https:\\\/\\\/politicosaldesnudo.com.mx\\\/index.php\\\/2026\\\/02\\\/16\\\/concluye-marx-arriaga-jornada-de-protesta-con-propuesta-tras-dos-dias-de-transmision-en-vivo-continua\\\/#breadcrumb\"},\"inLanguage\":\"es\",\"potentialAction\":[{\"@type\":\"ReadAction\",\"target\":[\"https:\\\/\\\/politicosaldesnudo.com.mx\\\/index.php\\\/2026\\\/02\\\/16\\\/concluye-marx-arriaga-jornada-de-protesta-con-propuesta-tras-dos-dias-de-transmision-en-vivo-continua\\\/\"]}]},{\"@type\":\"ImageObject\",\"inLanguage\":\"es\",\"@id\":\"https:\\\/\\\/politicosaldesnudo.com.mx\\\/index.php\\\/2026\\\/02\\\/16\\\/concluye-marx-arriaga-jornada-de-protesta-con-propuesta-tras-dos-dias-de-transmision-en-vivo-continua\\\/#primaryimage\",\"url\":\"https:\\\/\\\/i0.wp.com\\\/politicosaldesnudo.com.mx\\\/wp-content\\\/uploads\\\/2026\\\/02\\\/MAR.jpg?fit=1200%2C788&ssl=1\",\"contentUrl\":\"https:\\\/\\\/i0.wp.com\\\/politicosaldesnudo.com.mx\\\/wp-content\\\/uploads\\\/2026\\\/02\\\/MAR.jpg?fit=1200%2C788&ssl=1\",\"width\":1200,\"height\":788},{\"@type\":\"BreadcrumbList\",\"@id\":\"https:\\\/\\\/politicosaldesnudo.com.mx\\\/index.php\\\/2026\\\/02\\\/16\\\/concluye-marx-arriaga-jornada-de-protesta-con-propuesta-tras-dos-dias-de-transmision-en-vivo-continua\\\/#breadcrumb\",\"itemListElement\":[{\"@type\":\"ListItem\",\"position\":1,\"name\":\"Portada\",\"item\":\"https:\\\/\\\/politicosaldesnudo.com.mx\\\/\"},{\"@type\":\"ListItem\",\"position\":2,\"name\":\"Concluye Marx Arriaga jornada de &#8216;Protesta con propuesta&#8217; tras dos d\u00edas de transmisi\u00f3n en vivo contin\u00faa\"}]},{\"@type\":\"WebSite\",\"@id\":\"https:\\\/\\\/politicosaldesnudo.com.mx\\\/#website\",\"url\":\"https:\\\/\\\/politicosaldesnudo.com.mx\\\/\",\"name\":\"Pol\u00edticos al Desnudo\",\"description\":\"\",\"publisher\":{\"@id\":\"https:\\\/\\\/politicosaldesnudo.com.mx\\\/#organization\"},\"potentialAction\":[{\"@type\":\"SearchAction\",\"target\":{\"@type\":\"EntryPoint\",\"urlTemplate\":\"https:\\\/\\\/politicosaldesnudo.com.mx\\\/?s={search_term_string}\"},\"query-input\":{\"@type\":\"PropertyValueSpecification\",\"valueRequired\":true,\"valueName\":\"search_term_string\"}}],\"inLanguage\":\"es\"},{\"@type\":\"Organization\",\"@id\":\"https:\\\/\\\/politicosaldesnudo.com.mx\\\/#organization\",\"name\":\"Pol\u00edticos al Desnudo\",\"url\":\"https:\\\/\\\/politicosaldesnudo.com.mx\\\/\",\"logo\":{\"@type\":\"ImageObject\",\"inLanguage\":\"es\",\"@id\":\"https:\\\/\\\/politicosaldesnudo.com.mx\\\/#\\\/schema\\\/logo\\\/image\\\/\",\"url\":\"https:\\\/\\\/i0.wp.com\\\/politicosaldesnudo.com.mx\\\/wp-content\\\/uploads\\\/2026\\\/08\\\/cropped-logo.webp?fit=400%2C126&ssl=1\",\"contentUrl\":\"https:\\\/\\\/i0.wp.com\\\/politicosaldesnudo.com.mx\\\/wp-content\\\/uploads\\\/2026\\\/08\\\/cropped-logo.webp?fit=400%2C126&ssl=1\",\"width\":400,\"height\":126,\"caption\":\"Pol\u00edticos al Desnudo\"},\"image\":{\"@id\":\"https:\\\/\\\/politicosaldesnudo.com.mx\\\/#\\\/schema\\\/logo\\\/image\\\/\"},\"sameAs\":[\"https:\\\/\\\/www.facebook.com\\\/PoliticosAD\"]},{\"@type\":\"Person\",\"@id\":\"https:\\\/\\\/politicosaldesnudo.com.mx\\\/#\\\/schema\\\/person\\\/ef3a64e561cc3f3f5dc52fab81adde7e\",\"name\":\"Redacci\u00f3n Pol\u00edticos\",\"url\":\"https:\\\/\\\/politicosaldesnudo.com.mx\\\/index.php\\\/author\\\/redaccion-politicos\\\/\"}]}<\/script>\n<!-- \/ Yoast SEO plugin. -->","yoast_head_json":{"title":"Concluye Marx Arriaga jornada de 'Protesta con propuesta' tras dos d\u00edas de transmisi\u00f3n en vivo contin\u00faa - Pol\u00edticos al Desnudo","robots":{"index":"index","follow":"follow","max-snippet":"max-snippet:-1","max-image-preview":"max-image-preview:large","max-video-preview":"max-video-preview:-1"},"canonical":"https:\/\/politicosaldesnudo.com.mx\/index.php\/2026\/02\/16\/concluye-marx-arriaga-jornada-de-protesta-con-propuesta-tras-dos-dias-de-transmision-en-vivo-continua\/","og_locale":"es_ES","og_type":"article","og_title":"Concluye Marx Arriaga jornada de 'Protesta con propuesta' tras dos d\u00edas de transmisi\u00f3n en vivo contin\u00faa - Pol\u00edticos al Desnudo","og_description":"Despu\u00e9s de dos d\u00edas de transmisi\u00f3n en vivo, \u201cen donde hizo algunas pausas para comer y dormir un poco\u201d en [&hellip;]","og_url":"https:\/\/politicosaldesnudo.com.mx\/index.php\/2026\/02\/16\/concluye-marx-arriaga-jornada-de-protesta-con-propuesta-tras-dos-dias-de-transmision-en-vivo-continua\/","og_site_name":"Pol\u00edticos al Desnudo","article_publisher":"https:\/\/www.facebook.com\/PoliticosAD","article_published_time":"2026-02-16T07:19:25+00:00","og_image":[{"width":1200,"height":788,"url":"https:\/\/i0.wp.com\/politicosaldesnudo.com.mx\/wp-content\/uploads\/2026\/02\/MAR.jpg?fit=1200%2C788&ssl=1","type":"image\/jpeg"}],"author":"Redacci\u00f3n Pol\u00edticos","twitter_card":"summary_large_image","twitter_misc":{"Escrito por":"Redacci\u00f3n Pol\u00edticos","Tiempo de lectura":"2 minutos"},"schema":{"@context":"https:\/\/schema.org","@graph":[{"@type":"Article","@id":"https:\/\/politicosaldesnudo.com.mx\/index.php\/2026\/02\/16\/concluye-marx-arriaga-jornada-de-protesta-con-propuesta-tras-dos-dias-de-transmision-en-vivo-continua\/#article","isPartOf":{"@id":"https:\/\/politicosaldesnudo.com.mx\/index.php\/2026\/02\/16\/concluye-marx-arriaga-jornada-de-protesta-con-propuesta-tras-dos-dias-de-transmision-en-vivo-continua\/"},"author":{"name":"Redacci\u00f3n Pol\u00edticos","@id":"https:\/\/politicosaldesnudo.com.mx\/#\/schema\/person\/ef3a64e561cc3f3f5dc52fab81adde7e"},"headline":"Concluye Marx Arriaga jornada de &#8216;Protesta con propuesta&#8217; tras dos d\u00edas de transmisi\u00f3n en vivo contin\u00faa","datePublished":"2026-02-16T07:19:25+00:00","mainEntityOfPage":{"@id":"https:\/\/politicosaldesnudo.com.mx\/index.php\/2026\/02\/16\/concluye-marx-arriaga-jornada-de-protesta-con-propuesta-tras-dos-dias-de-transmision-en-vivo-continua\/"},"wordCount":402,"publisher":{"@id":"https:\/\/politicosaldesnudo.com.mx\/#organization"},"image":{"@id":"https:\/\/politicosaldesnudo.com.mx\/index.php\/2026\/02\/16\/concluye-marx-arriaga-jornada-de-protesta-con-propuesta-tras-dos-dias-de-transmision-en-vivo-continua\/#primaryimage"},"thumbnailUrl":"https:\/\/i0.wp.com\/politicosaldesnudo.com.mx\/wp-content\/uploads\/2026\/02\/MAR.jpg?fit=1200%2C788&ssl=1","articleSection":["NACIONAL"],"inLanguage":"es"},{"@type":"WebPage","@id":"https:\/\/politicosaldesnudo.com.mx\/index.php\/2026\/02\/16\/concluye-marx-arriaga-jornada-de-protesta-con-propuesta-tras-dos-dias-de-transmision-en-vivo-continua\/","url":"https:\/\/politicosaldesnudo.com.mx\/index.php\/2026\/02\/16\/concluye-marx-arriaga-jornada-de-protesta-con-propuesta-tras-dos-dias-de-transmision-en-vivo-continua\/","name":"Concluye Marx Arriaga jornada de 'Protesta con propuesta' tras dos d\u00edas de transmisi\u00f3n en vivo contin\u00faa - Pol\u00edticos al Desnudo","isPartOf":{"@id":"https:\/\/politicosaldesnudo.com.mx\/#website"},"primaryImageOfPage":{"@id":"https:\/\/politicosaldesnudo.com.mx\/index.php\/2026\/02\/16\/concluye-marx-arriaga-jornada-de-protesta-con-propuesta-tras-dos-dias-de-transmision-en-vivo-continua\/#primaryimage"},"image":{"@id":"https:\/\/politicosaldesnudo.com.mx\/index.php\/2026\/02\/16\/concluye-marx-arriaga-jornada-de-protesta-con-propuesta-tras-dos-dias-de-transmision-en-vivo-continua\/#primaryimage"},"thumbnailUrl":"https:\/\/i0.wp.com\/politicosaldesnudo.com.mx\/wp-content\/uploads\/2026\/02\/MAR.jpg?fit=1200%2C788&ssl=1","datePublished":"2026-02-16T07:19:25+00:00","breadcrumb":{"@id":"https:\/\/politicosaldesnudo.com.mx\/index.php\/2026\/02\/16\/concluye-marx-arriaga-jornada-de-protesta-con-propuesta-tras-dos-dias-de-transmision-en-vivo-continua\/#breadcrumb"},"inLanguage":"es","potentialAction":[{"@type":"ReadAction","target":["https:\/\/politicosaldesnudo.com.mx\/index.php\/2026\/02\/16\/concluye-marx-arriaga-jornada-de-protesta-con-propuesta-tras-dos-dias-de-transmision-en-vivo-continua\/"]}]},{"@type":"ImageObject","inLanguage":"es","@id":"https:\/\/politicosaldesnudo.com.mx\/index.php\/2026\/02\/16\/concluye-marx-arriaga-jornada-de-protesta-con-propuesta-tras-dos-dias-de-transmision-en-vivo-continua\/#primaryimage","url":"https:\/\/i0.wp.com\/politicosaldesnudo.com.mx\/wp-content\/uploads\/2026\/02\/MAR.jpg?fit=1200%2C788&ssl=1","contentUrl":"https:\/\/i0.wp.com\/politicosaldesnudo.com.mx\/wp-content\/uploads\/2026\/02\/MAR.jpg?fit=1200%2C788&ssl=1","width":1200,"height":788},{"@type":"BreadcrumbList","@id":"https:\/\/politicosaldesnudo.com.mx\/index.php\/2026\/02\/16\/concluye-marx-arriaga-jornada-de-protesta-con-propuesta-tras-dos-dias-de-transmision-en-vivo-continua\/#breadcrumb","itemListElement":[{"@type":"ListItem","position":1,"name":"Portada","item":"https:\/\/politicosaldesnudo.com.mx\/"},{"@type":"ListItem","position":2,"name":"Concluye Marx Arriaga jornada de &#8216;Protesta con propuesta&#8217; tras dos d\u00edas de transmisi\u00f3n en vivo contin\u00faa"}]},{"@type":"WebSite","@id":"https:\/\/politicosaldesnudo.com.mx\/#website","url":"https:\/\/politicosaldesnudo.com.mx\/","name":"Pol\u00edticos al Desnudo","description":"","publisher":{"@id":"https:\/\/politicosaldesnudo.com.mx\/#organization"},"potentialAction":[{"@type":"SearchAction","target":{"@type":"EntryPoint","urlTemplate":"https:\/\/politicosaldesnudo.com.mx\/?s={search_term_string}"},"query-input":{"@type":"PropertyValueSpecification","valueRequired":true,"valueName":"search_term_string"}}],"inLanguage":"es"},{"@type":"Organization","@id":"https:\/\/politicosaldesnudo.com.mx\/#organization","name":"Pol\u00edticos al Desnudo","url":"https:\/\/politicosaldesnudo.com.mx\/","logo":{"@type":"ImageObject","inLanguage":"es","@id":"https:\/\/politicosaldesnudo.com.mx\/#\/schema\/logo\/image\/","url":"https:\/\/i0.wp.com\/politicosaldesnudo.com.mx\/wp-content\/uploads\/2026\/08\/cropped-logo.webp?fit=400%2C126&ssl=1","contentUrl":"https:\/\/i0.wp.com\/politicosaldesnudo.com.mx\/wp-content\/uploads\/2026\/08\/cropped-logo.webp?fit=400%2C126&ssl=1","width":400,"height":126,"caption":"Pol\u00edticos al Desnudo"},"image":{"@id":"https:\/\/politicosaldesnudo.com.mx\/#\/schema\/logo\/image\/"},"sameAs":["https:\/\/www.facebook.com\/PoliticosAD"]},{"@type":"Person","@id":"https:\/\/politicosaldesnudo.com.mx\/#\/schema\/person\/ef3a64e561cc3f3f5dc52fab81adde7e","name":"Redacci\u00f3n Pol\u00edticos","url":"https:\/\/politicosaldesnudo.com.mx\/index.php\/author\/redaccion-politicos\/"}]}},"jetpack_publicize_connections":[],"jetpack-related-posts":[{"id":87126,"url":"https:\/\/politicosaldesnudo.com.mx\/index.php\/2026\/07\/23\/tepjf-determina-que-partido-paz-soborno-a-personas-para-asistir-a-asambleas-en-jalisco\/","url_meta":{"origin":80053,"position":0},"title":"TEPJF determina que partido PAZ soborn\u00f3 a personas para asistir a asambleas en Jalisco","author":"Redacci\u00f3n Pol\u00edticos","date":"23 de julio de 2026","format":false,"excerpt":"En seguimiento a las impugnaciones relacionadas con los nuevos partidos pol\u00edticos, la Sala Superior del Tribunal Electoral del Poder Judicial de la Federaci\u00f3n (TEPJF) concluy\u00f3 que la asociaci\u00f3n Construyendo Sociedades de Paz, hoy partido PAZ, s\u00ed ofreci\u00f3 despensas a cambio de que las personas acudieran a una asamblea. En otro\u2026","rel":"","context":"En \u00abNACIONAL\u00bb","block_context":{"text":"NACIONAL","link":"https:\/\/politicosaldesnudo.com.mx\/index.php\/category\/nacional\/"},"img":{"alt_text":"","src":"https:\/\/i0.wp.com\/politicosaldesnudo.com.mx\/wp-content\/uploads\/2026\/07\/SOB.webp?fit=1200%2C741&ssl=1&resize=350%2C200","width":350,"height":200,"srcset":"https:\/\/i0.wp.com\/politicosaldesnudo.com.mx\/wp-content\/uploads\/2026\/07\/SOB.webp?fit=1200%2C741&ssl=1&resize=350%2C200 1x, https:\/\/i0.wp.com\/politicosaldesnudo.com.mx\/wp-content\/uploads\/2026\/07\/SOB.webp?fit=1200%2C741&ssl=1&resize=525%2C300 1.5x, https:\/\/i0.wp.com\/politicosaldesnudo.com.mx\/wp-content\/uploads\/2026\/07\/SOB.webp?fit=1200%2C741&ssl=1&resize=700%2C400 2x, https:\/\/i0.wp.com\/politicosaldesnudo.com.mx\/wp-content\/uploads\/2026\/07\/SOB.webp?fit=1200%2C741&ssl=1&resize=1050%2C600 3x"},"classes":[]},{"id":52020,"url":"https:\/\/politicosaldesnudo.com.mx\/index.php\/2024\/12\/10\/cambios-en-el-ivea\/","url_meta":{"origin":80053,"position":1},"title":"Cambios en el IVEA","author":"Redacci\u00f3n Pol\u00edticos","date":"10 de diciembre de 2024","format":false,"excerpt":"A partir de este lunes, Bibiano Herrera ser\u00e1 el nuevo Coordinador de Zona del Instituto Veracruzano de Educaci\u00f3n para los Adultos, IVEA, en sustituci\u00f3n de Yeni Elizabeth D\u00edaz Quevedo, de acuerdo a la rotaci\u00f3n de personal y cambios propuestos por el nuevo gobierno. El nuevo coordinador, se desempe\u00f1aba como T\u00e9cnico\u2026","rel":"","context":"En \u00abTUXPAN\u00bb","block_context":{"text":"TUXPAN","link":"https:\/\/politicosaldesnudo.com.mx\/index.php\/category\/tuxpan\/"},"img":{"alt_text":"","src":"https:\/\/i0.wp.com\/politicosaldesnudo.com.mx\/wp-content\/uploads\/2024\/12\/6b-1.jpg?fit=1200%2C900&ssl=1&resize=350%2C200","width":350,"height":200,"srcset":"https:\/\/i0.wp.com\/politicosaldesnudo.com.mx\/wp-content\/uploads\/2024\/12\/6b-1.jpg?fit=1200%2C900&ssl=1&resize=350%2C200 1x, https:\/\/i0.wp.com\/politicosaldesnudo.com.mx\/wp-content\/uploads\/2024\/12\/6b-1.jpg?fit=1200%2C900&ssl=1&resize=525%2C300 1.5x, https:\/\/i0.wp.com\/politicosaldesnudo.com.mx\/wp-content\/uploads\/2024\/12\/6b-1.jpg?fit=1200%2C900&ssl=1&resize=700%2C400 2x, https:\/\/i0.wp.com\/politicosaldesnudo.com.mx\/wp-content\/uploads\/2024\/12\/6b-1.jpg?fit=1200%2C900&ssl=1&resize=1050%2C600 3x"},"classes":[]},{"id":88241,"url":"https:\/\/politicosaldesnudo.com.mx\/index.php\/2026\/08\/31\/falla-en-lineas-de-cfe-deja-sin-electricidad-a-zonas-de-yucatan-quintana-roo-y-chiapas\/","url_meta":{"origin":80053,"position":2},"title":"Falla en l\u00edneas de CFE deja sin electricidad a zonas de Yucat\u00e1n, Quintana Roo y Chiapas","author":"Redacci\u00f3n Pol\u00edticos","date":"31 de agosto de 2026","format":false,"excerpt":"La desconexi\u00f3n de dos l\u00edneas de transmisi\u00f3n provoc\u00f3 interrupciones parciales del suministro el\u00e9ctrico en tres estados del sureste mexicano. Cuadrillas de la empresa fueron desplegadas para recuperar el servicio. Una falla en la red de transmisi\u00f3n de la Comisi\u00f3n Federal de Electricidad (CFE) dej\u00f3 sin energ\u00eda el\u00e9ctrica a usuarios de\u2026","rel":"","context":"En \u00abNACIONAL\u00bb","block_context":{"text":"NACIONAL","link":"https:\/\/politicosaldesnudo.com.mx\/index.php\/category\/nacional\/"},"img":{"alt_text":"","src":"https:\/\/i0.wp.com\/politicosaldesnudo.com.mx\/wp-content\/uploads\/2026\/08\/ChatGPT-Image-31-ago-2026-21_49_04.png?fit=1200%2C675&ssl=1&resize=350%2C200","width":350,"height":200,"srcset":"https:\/\/i0.wp.com\/politicosaldesnudo.com.mx\/wp-content\/uploads\/2026\/08\/ChatGPT-Image-31-ago-2026-21_49_04.png?fit=1200%2C675&ssl=1&resize=350%2C200 1x, https:\/\/i0.wp.com\/politicosaldesnudo.com.mx\/wp-content\/uploads\/2026\/08\/ChatGPT-Image-31-ago-2026-21_49_04.png?fit=1200%2C675&ssl=1&resize=525%2C300 1.5x, https:\/\/i0.wp.com\/politicosaldesnudo.com.mx\/wp-content\/uploads\/2026\/08\/ChatGPT-Image-31-ago-2026-21_49_04.png?fit=1200%2C675&ssl=1&resize=700%2C400 2x, https:\/\/i0.wp.com\/politicosaldesnudo.com.mx\/wp-content\/uploads\/2026\/08\/ChatGPT-Image-31-ago-2026-21_49_04.png?fit=1200%2C675&ssl=1&resize=1050%2C600 3x"},"classes":[]},{"id":87941,"url":"https:\/\/politicosaldesnudo.com.mx\/index.php\/2026\/08\/21\/vuelve-rocha-moya-al-gobierno-de-sinaloa-tras-112-dias-de-licencia\/","url_meta":{"origin":80053,"position":3},"title":"Vuelve Rocha Moya al Gobierno de Sinaloa tras 112 d\u00edas de licencia","author":"Redacci\u00f3n Pol\u00edticos","date":"21 de agosto de 2026","format":false,"excerpt":"Rub\u00e9n Rocha Moya se reincorpor\u00f3 este viernes a la gubernatura de Sinaloa, despu\u00e9s de permanecer 112 d\u00edas separado del cargo mientras las autoridades mexicanas revisaban las acusaciones formuladas en su contra por Estados Unidos. Mediante un mensaje difundido en redes sociales, el mandatario asegur\u00f3 que retoma sus responsabilidades para concluir\u2026","rel":"","context":"En \u00abNACIONAL\u00bb","block_context":{"text":"NACIONAL","link":"https:\/\/politicosaldesnudo.com.mx\/index.php\/category\/nacional\/"},"img":{"alt_text":"","src":"https:\/\/i0.wp.com\/politicosaldesnudo.com.mx\/wp-content\/uploads\/2026\/08\/rocha-moya.jpg?fit=1200%2C663&ssl=1&resize=350%2C200","width":350,"height":200,"srcset":"https:\/\/i0.wp.com\/politicosaldesnudo.com.mx\/wp-content\/uploads\/2026\/08\/rocha-moya.jpg?fit=1200%2C663&ssl=1&resize=350%2C200 1x, https:\/\/i0.wp.com\/politicosaldesnudo.com.mx\/wp-content\/uploads\/2026\/08\/rocha-moya.jpg?fit=1200%2C663&ssl=1&resize=525%2C300 1.5x, https:\/\/i0.wp.com\/politicosaldesnudo.com.mx\/wp-content\/uploads\/2026\/08\/rocha-moya.jpg?fit=1200%2C663&ssl=1&resize=700%2C400 2x, https:\/\/i0.wp.com\/politicosaldesnudo.com.mx\/wp-content\/uploads\/2026\/08\/rocha-moya.jpg?fit=1200%2C663&ssl=1&resize=1050%2C600 3x"},"classes":[]},{"id":88217,"url":"https:\/\/politicosaldesnudo.com.mx\/index.php\/2026\/08\/31\/morena-aprieta-filas-en-veracruz\/","url_meta":{"origin":80053,"position":4},"title":"Morena aprieta filas en Veracruz","author":"Redacci\u00f3n Pol\u00edticos","date":"31 de agosto de 2026","format":false,"excerpt":"ALMA GRANDE Por \u00c1ngel \u00c1lvaro Pe\u00f1a La pol\u00edtica veracruzana empieza a calentarse en las estructuras de Morena. Una asamblea de Comit\u00e9s de Organizaci\u00f3n Territorial y presidentes seccionales dej\u00f3 ver que el movimiento ya est\u00e1 preparando m\u00fasculo pol\u00edtico para los siguientes escenarios, con una instrucci\u00f3n clara: territorio, unidad y presencia permanente\u2026","rel":"","context":"En \u00abOPINI\u00d3N\u00bb","block_context":{"text":"OPINI\u00d3N","link":"https:\/\/politicosaldesnudo.com.mx\/index.php\/category\/columnistas\/"},"img":{"alt_text":"","src":"https:\/\/i0.wp.com\/politicosaldesnudo.com.mx\/wp-content\/uploads\/2026\/08\/ALMA-3108.png?fit=1200%2C658&ssl=1&resize=350%2C200","width":350,"height":200,"srcset":"https:\/\/i0.wp.com\/politicosaldesnudo.com.mx\/wp-content\/uploads\/2026\/08\/ALMA-3108.png?fit=1200%2C658&ssl=1&resize=350%2C200 1x, https:\/\/i0.wp.com\/politicosaldesnudo.com.mx\/wp-content\/uploads\/2026\/08\/ALMA-3108.png?fit=1200%2C658&ssl=1&resize=525%2C300 1.5x, https:\/\/i0.wp.com\/politicosaldesnudo.com.mx\/wp-content\/uploads\/2026\/08\/ALMA-3108.png?fit=1200%2C658&ssl=1&resize=700%2C400 2x, https:\/\/i0.wp.com\/politicosaldesnudo.com.mx\/wp-content\/uploads\/2026\/08\/ALMA-3108.png?fit=1200%2C658&ssl=1&resize=1050%2C600 3x"},"classes":[]},{"id":88051,"url":"https:\/\/politicosaldesnudo.com.mx\/index.php\/2026\/08\/24\/protestan-en-culiacan-contra-la-continuidad-del-grupo-politico-de-rocha-moya\/","url_meta":{"origin":80053,"position":5},"title":"Protestan en Culiac\u00e1n contra la continuidad del grupo pol\u00edtico de Rocha Moya","author":"Redacci\u00f3n Pol\u00edticos","date":"24 de agosto de 2026","format":false,"excerpt":"Culiac\u00e1n, Sin.- Empresarios, ciudadanos y representantes de partidos de oposici\u00f3n se concentraron este lunes frente al Palacio de Gobierno de Sinaloa para exigir la salida definitiva de Rub\u00e9n Rocha Moya y rechazar que alguno de sus colaboradores asuma el control de la administraci\u00f3n estatal. La movilizaci\u00f3n comenz\u00f3 alrededor de las\u2026","rel":"","context":"En \u00abESTADOS\u00bb","block_context":{"text":"ESTADOS","link":"https:\/\/politicosaldesnudo.com.mx\/index.php\/category\/estados\/"},"img":{"alt_text":"","src":"https:\/\/i0.wp.com\/politicosaldesnudo.com.mx\/wp-content\/uploads\/2026\/08\/manifestacion-sinaloa-fuerza-rocha-24ago26-1536x1024-1.jpg?fit=1200%2C800&ssl=1&resize=350%2C200","width":350,"height":200,"srcset":"https:\/\/i0.wp.com\/politicosaldesnudo.com.mx\/wp-content\/uploads\/2026\/08\/manifestacion-sinaloa-fuerza-rocha-24ago26-1536x1024-1.jpg?fit=1200%2C800&ssl=1&resize=350%2C200 1x, https:\/\/i0.wp.com\/politicosaldesnudo.com.mx\/wp-content\/uploads\/2026\/08\/manifestacion-sinaloa-fuerza-rocha-24ago26-1536x1024-1.jpg?fit=1200%2C800&ssl=1&resize=525%2C300 1.5x, https:\/\/i0.wp.com\/politicosaldesnudo.com.mx\/wp-content\/uploads\/2026\/08\/manifestacion-sinaloa-fuerza-rocha-24ago26-1536x1024-1.jpg?fit=1200%2C800&ssl=1&resize=700%2C400 2x, https:\/\/i0.wp.com\/politicosaldesnudo.com.mx\/wp-content\/uploads\/2026\/08\/manifestacion-sinaloa-fuerza-rocha-24ago26-1536x1024-1.jpg?fit=1200%2C800&ssl=1&resize=1050%2C600 3x"},"classes":[]}],"jetpack_sharing_enabled":true,"jetpack_featured_media_url":"https:\/\/i0.wp.com\/politicosaldesnudo.com.mx\/wp-content\/uploads\/2026\/02\/MAR.jpg?fit=1200%2C788&ssl=1","_links":{"self":[{"href":"https:\/\/politicosaldesnudo.com.mx\/index.php\/wp-json\/wp\/v2\/posts\/80053","targetHints":{"allow":["GET"]}}],"collection":[{"href":"https:\/\/politicosaldesnudo.com.mx\/index.php\/wp-json\/wp\/v2\/posts"}],"about":[{"href":"https:\/\/politicosaldesnudo.com.mx\/index.php\/wp-json\/wp\/v2\/types\/post"}],"author":[{"embeddable":true,"href":"https:\/\/politicosaldesnudo.com.mx\/index.php\/wp-json\/wp\/v2\/users\/4"}],"replies":[{"embeddable":true,"href":"https:\/\/politicosaldesnudo.com.mx\/index.php\/wp-json\/wp\/v2\/comments?post=80053"}],"version-history":[{"count":0,"href":"https:\/\/politicosaldesnudo.com.mx\/index.php\/wp-json\/wp\/v2\/posts\/80053\/revisions"}],"wp:featuredmedia":[{"embeddable":true,"href":"https:\/\/politicosaldesnudo.com.mx\/index.php\/wp-json\/wp\/v2\/media\/80054"}],"wp:attachment":[{"href":"https:\/\/politicosaldesnudo.com.mx\/index.php\/wp-json\/wp\/v2\/media?parent=80053"}],"wp:term":[{"taxonomy":"category","embeddable":true,"href":"https:\/\/politicosaldesnudo.com.mx\/index.php\/wp-json\/wp\/v2\/categories?post=80053"},{"taxonomy":"post_tag","embeddable":true,"href":"https:\/\/politicosaldesnudo.com.mx\/index.php\/wp-json\/wp\/v2\/tags?post=80053"}],"curies":[{"name":"wp","href":"https:\/\/api.w.org\/{rel}","templated":true}]}}