{"id":80056,"date":"2026-02-16T01:20:50","date_gmt":"2026-02-16T07:20:50","guid":{"rendered":"https:\/\/politicosaldesnudo.com.mx\/?p=80056"},"modified":"2026-02-16T01:20:50","modified_gmt":"2026-02-16T07:20:50","slug":"pago-de-horas-extra-se-adelantara-a-la-hora-41-afirma-bolanos","status":"publish","type":"post","link":"https:\/\/politicosaldesnudo.com.mx\/index.php\/2026\/02\/16\/pago-de-horas-extra-se-adelantara-a-la-hora-41-afirma-bolanos\/","title":{"rendered":"Pago de horas extra se adelantar\u00e1 a la hora 41, afirma Bola\u00f1os"},"content":{"rendered":"<p class=\"nota-justify\">La iniciativa de reforma a la Ley Federal del Trabajo que disminuye a 40 horas semanales la jornada laboral, prev\u00e9 que las horas extras se paguen a partir de la hora 41 en lugar de la 49, como es actualmente. Podr\u00e1n ser un m\u00e1ximo de 12, pagadas con el doble de salario y cuatro m\u00e1s como m\u00e1ximo, por las que los empleados recibir\u00e1n el triple sus sueldos, explic\u00f3 el secretario del Trabajo y Previsi\u00f3n Social, Marath Bola\u00f1os.<\/p>\n<p class=\"nota-justify\">En un video difundido a trav\u00e9s de sus cuentas en redes sociales, el funcionario rechaz\u00f3 que los cambios propuestos por el Ejecutivo Federal afecten a los trabajadores en el tema de las horas extras. Por el contrario, dijo, se terminar\u00e1 con situaciones como que las personas trabajen hasta 80 o 90 horas a la semana, como ocurre en la miner\u00eda.<\/p>\n<p class=\"nota-justify\">Record\u00f3 que en la actualidad, la jornada laboral es de 48 horas con la posibilidad de nueve m\u00e1s extraordinarias pagadas al doble y las siguientes, sin l\u00edmite, con el triple del salario.<\/p>\n<p class=\"nota-justify\">El proyecto aprobado la semana pasada en el Senado de la Rep\u00fablica plantea mantener las horas extras como un acto voluntario del trabajador y que por las primeras 12 se pague el doble del salario. Habr\u00e1 la posibilidad de otras cuatro como m\u00e1ximo, con el triple del sueldo.<\/p>\n<p class=\"nota-justify\">Bola\u00f1os resalt\u00f3 que este periodo de trabajo extraordinario empezar\u00e1 a contar a partir de la hora 41 y no en la 49 como es actualmente. Es decir, subray\u00f3, el pa\u00eds va a pasar de una normatividad que no tiene l\u00edmites a una que respeta las mejores pr\u00e1cticas internacionales.<\/p>\n<p class=\"nota-justify\">Un punto adicional es que est\u00e1 prohibido el trabajo extra de los menores de edad. Bola\u00f1os indic\u00f3 que la reducci\u00f3n de la jornada laboral beneficiar\u00e1 a 64 por ciento de los mexicanos.<\/p>\n","protected":false},"excerpt":{"rendered":"<p>La iniciativa de reforma a la Ley Federal del Trabajo que disminuye a 40 horas semanales la jornada laboral, prev\u00e9 [&hellip;]<\/p>\n","protected":false},"author":4,"featured_media":80057,"comment_status":"closed","ping_status":"closed","sticky":false,"template":"","format":"standard","meta":{"site-sidebar-layout":"default","site-content-layout":"","ast-site-content-layout":"default","site-content-style":"default","site-sidebar-style":"default","ast-global-header-display":"","ast-banner-title-visibility":"","ast-main-header-display":"","ast-hfb-above-header-display":"","ast-hfb-below-header-display":"","ast-hfb-mobile-header-display":"","site-post-title":"","ast-breadcrumbs-content":"","ast-featured-img":"","footer-sml-layout":"","ast-disable-related-posts":"","theme-transparent-header-meta":"","adv-header-id-meta":"","stick-header-meta":"","header-above-stick-meta":"","header-main-stick-meta":"","header-below-stick-meta":"","astra-migrate-meta-layouts":"default","ast-page-background-enabled":"default","ast-page-background-meta":{"desktop":{"background-color":"var(--ast-global-color-5)","background-image":"","background-repeat":"repeat","background-position":"center center","background-size":"auto","background-attachment":"scroll","background-type":"","background-media":"","overlay-type":"","overlay-color":"","overlay-opacity":"","overlay-gradient":""},"tablet":{"background-color":"","background-image":"","background-repeat":"repeat","background-position":"center center","background-size":"auto","background-attachment":"scroll","background-type":"","background-media":"","overlay-type":"","overlay-color":"","overlay-opacity":"","overlay-gradient":""},"mobile":{"background-color":"","background-image":"","background-repeat":"repeat","background-position":"center center","background-size":"auto","background-attachment":"scroll","background-type":"","background-media":"","overlay-type":"","overlay-color":"","overlay-opacity":"","overlay-gradient":""}},"ast-content-background-meta":{"desktop":{"background-color":"var(--ast-global-color-4)","background-image":"","background-repeat":"repeat","background-position":"center center","background-size":"auto","background-attachment":"scroll","background-type":"","background-media":"","overlay-type":"","overlay-color":"","overlay-opacity":"","overlay-gradient":""},"tablet":{"background-color":"var(--ast-global-color-4)","background-image":"","background-repeat":"repeat","background-position":"center center","background-size":"auto","background-attachment":"scroll","background-type":"","background-media":"","overlay-type":"","overlay-color":"","overlay-opacity":"","overlay-gradient":""},"mobile":{"background-color":"var(--ast-global-color-4)","background-image":"","background-repeat":"repeat","background-position":"center center","background-size":"auto","background-attachment":"scroll","background-type":"","background-media":"","overlay-type":"","overlay-color":"","overlay-opacity":"","overlay-gradient":""}},"_jetpack_newsletter_access":"","_jetpack_dont_email_post_to_subs":false,"_jetpack_newsletter_tier_id":0,"_jetpack_memberships_contains_paywalled_content":false,"_jetpack_feature_clip_id":0,"_jetpack_memberships_contains_paid_content":false,"footnotes":"","jetpack_publicize_message":"","jetpack_publicize_feature_enabled":true,"jetpack_social_post_already_shared":true,"jetpack_social_options":{"image_generator_settings":{"template":"highway","default_image_id":0,"font":"","enabled":false},"version":2},"jetpack_post_was_ever_published":false},"categories":[33],"tags":[],"class_list":["post-80056","post","type-post","status-publish","format-standard","has-post-thumbnail","hentry","category-nacional"],"yoast_head":"<!-- This site is optimized with the Yoast SEO plugin v28.3 - https:\/\/yoast.com\/product\/yoast-seo-wordpress\/ -->\n<title>Pago de horas extra se adelantar\u00e1 a la hora 41, afirma Bola\u00f1os - Pol\u00edticos al Desnudo<\/title>\n<meta name=\"robots\" content=\"index, follow, max-snippet:-1, max-image-preview:large, max-video-preview:-1\" \/>\n<link rel=\"canonical\" href=\"https:\/\/politicosaldesnudo.com.mx\/index.php\/2026\/02\/16\/pago-de-horas-extra-se-adelantara-a-la-hora-41-afirma-bolanos\/\" \/>\n<meta property=\"og:locale\" content=\"es_ES\" \/>\n<meta property=\"og:type\" content=\"article\" \/>\n<meta property=\"og:title\" content=\"Pago de horas extra se adelantar\u00e1 a la hora 41, afirma Bola\u00f1os - Pol\u00edticos al Desnudo\" \/>\n<meta property=\"og:description\" content=\"La iniciativa de reforma a la Ley Federal del Trabajo que disminuye a 40 horas semanales la jornada laboral, prev\u00e9 [&hellip;]\" \/>\n<meta property=\"og:url\" content=\"https:\/\/politicosaldesnudo.com.mx\/index.php\/2026\/02\/16\/pago-de-horas-extra-se-adelantara-a-la-hora-41-afirma-bolanos\/\" \/>\n<meta property=\"og:site_name\" content=\"Pol\u00edticos al Desnudo\" \/>\n<meta property=\"article:publisher\" content=\"https:\/\/www.facebook.com\/PoliticosAD\" \/>\n<meta property=\"article:published_time\" content=\"2026-02-16T07:20:50+00:00\" \/>\n<meta property=\"og:image\" content=\"https:\/\/i0.wp.com\/politicosaldesnudo.com.mx\/wp-content\/uploads\/2026\/02\/DESM.jpg?fit=1200%2C800&ssl=1\" \/>\n\t<meta property=\"og:image:width\" content=\"1200\" \/>\n\t<meta property=\"og:image:height\" content=\"800\" \/>\n\t<meta property=\"og:image:type\" content=\"image\/jpeg\" \/>\n<meta name=\"author\" content=\"Redacci\u00f3n Pol\u00edticos\" \/>\n<meta name=\"twitter:card\" content=\"summary_large_image\" \/>\n<meta name=\"twitter:label1\" content=\"Escrito por\" \/>\n\t<meta name=\"twitter:data1\" content=\"Redacci\u00f3n Pol\u00edticos\" \/>\n\t<meta name=\"twitter:label2\" content=\"Tiempo de lectura\" \/>\n\t<meta name=\"twitter:data2\" content=\"2 minutos\" \/>\n<script type=\"application\/ld+json\" class=\"yoast-schema-graph\">{\"@context\":\"https:\\\/\\\/schema.org\",\"@graph\":[{\"@type\":\"Article\",\"@id\":\"https:\\\/\\\/politicosaldesnudo.com.mx\\\/index.php\\\/2026\\\/02\\\/16\\\/pago-de-horas-extra-se-adelantara-a-la-hora-41-afirma-bolanos\\\/#article\",\"isPartOf\":{\"@id\":\"https:\\\/\\\/politicosaldesnudo.com.mx\\\/index.php\\\/2026\\\/02\\\/16\\\/pago-de-horas-extra-se-adelantara-a-la-hora-41-afirma-bolanos\\\/\"},\"author\":{\"name\":\"Redacci\u00f3n Pol\u00edticos\",\"@id\":\"https:\\\/\\\/politicosaldesnudo.com.mx\\\/#\\\/schema\\\/person\\\/ef3a64e561cc3f3f5dc52fab81adde7e\"},\"headline\":\"Pago de horas extra se adelantar\u00e1 a la hora 41, afirma Bola\u00f1os\",\"datePublished\":\"2026-02-16T07:20:50+00:00\",\"mainEntityOfPage\":{\"@id\":\"https:\\\/\\\/politicosaldesnudo.com.mx\\\/index.php\\\/2026\\\/02\\\/16\\\/pago-de-horas-extra-se-adelantara-a-la-hora-41-afirma-bolanos\\\/\"},\"wordCount\":317,\"publisher\":{\"@id\":\"https:\\\/\\\/politicosaldesnudo.com.mx\\\/#organization\"},\"image\":{\"@id\":\"https:\\\/\\\/politicosaldesnudo.com.mx\\\/index.php\\\/2026\\\/02\\\/16\\\/pago-de-horas-extra-se-adelantara-a-la-hora-41-afirma-bolanos\\\/#primaryimage\"},\"thumbnailUrl\":\"https:\\\/\\\/i0.wp.com\\\/politicosaldesnudo.com.mx\\\/wp-content\\\/uploads\\\/2026\\\/02\\\/DESM.jpg?fit=1200%2C800&ssl=1\",\"articleSection\":[\"NACIONAL\"],\"inLanguage\":\"es\"},{\"@type\":\"WebPage\",\"@id\":\"https:\\\/\\\/politicosaldesnudo.com.mx\\\/index.php\\\/2026\\\/02\\\/16\\\/pago-de-horas-extra-se-adelantara-a-la-hora-41-afirma-bolanos\\\/\",\"url\":\"https:\\\/\\\/politicosaldesnudo.com.mx\\\/index.php\\\/2026\\\/02\\\/16\\\/pago-de-horas-extra-se-adelantara-a-la-hora-41-afirma-bolanos\\\/\",\"name\":\"Pago de horas extra se adelantar\u00e1 a la hora 41, afirma Bola\u00f1os - Pol\u00edticos al Desnudo\",\"isPartOf\":{\"@id\":\"https:\\\/\\\/politicosaldesnudo.com.mx\\\/#website\"},\"primaryImageOfPage\":{\"@id\":\"https:\\\/\\\/politicosaldesnudo.com.mx\\\/index.php\\\/2026\\\/02\\\/16\\\/pago-de-horas-extra-se-adelantara-a-la-hora-41-afirma-bolanos\\\/#primaryimage\"},\"image\":{\"@id\":\"https:\\\/\\\/politicosaldesnudo.com.mx\\\/index.php\\\/2026\\\/02\\\/16\\\/pago-de-horas-extra-se-adelantara-a-la-hora-41-afirma-bolanos\\\/#primaryimage\"},\"thumbnailUrl\":\"https:\\\/\\\/i0.wp.com\\\/politicosaldesnudo.com.mx\\\/wp-content\\\/uploads\\\/2026\\\/02\\\/DESM.jpg?fit=1200%2C800&ssl=1\",\"datePublished\":\"2026-02-16T07:20:50+00:00\",\"breadcrumb\":{\"@id\":\"https:\\\/\\\/politicosaldesnudo.com.mx\\\/index.php\\\/2026\\\/02\\\/16\\\/pago-de-horas-extra-se-adelantara-a-la-hora-41-afirma-bolanos\\\/#breadcrumb\"},\"inLanguage\":\"es\",\"potentialAction\":[{\"@type\":\"ReadAction\",\"target\":[\"https:\\\/\\\/politicosaldesnudo.com.mx\\\/index.php\\\/2026\\\/02\\\/16\\\/pago-de-horas-extra-se-adelantara-a-la-hora-41-afirma-bolanos\\\/\"]}]},{\"@type\":\"ImageObject\",\"inLanguage\":\"es\",\"@id\":\"https:\\\/\\\/politicosaldesnudo.com.mx\\\/index.php\\\/2026\\\/02\\\/16\\\/pago-de-horas-extra-se-adelantara-a-la-hora-41-afirma-bolanos\\\/#primaryimage\",\"url\":\"https:\\\/\\\/i0.wp.com\\\/politicosaldesnudo.com.mx\\\/wp-content\\\/uploads\\\/2026\\\/02\\\/DESM.jpg?fit=1200%2C800&ssl=1\",\"contentUrl\":\"https:\\\/\\\/i0.wp.com\\\/politicosaldesnudo.com.mx\\\/wp-content\\\/uploads\\\/2026\\\/02\\\/DESM.jpg?fit=1200%2C800&ssl=1\",\"width\":1200,\"height\":800},{\"@type\":\"BreadcrumbList\",\"@id\":\"https:\\\/\\\/politicosaldesnudo.com.mx\\\/index.php\\\/2026\\\/02\\\/16\\\/pago-de-horas-extra-se-adelantara-a-la-hora-41-afirma-bolanos\\\/#breadcrumb\",\"itemListElement\":[{\"@type\":\"ListItem\",\"position\":1,\"name\":\"Portada\",\"item\":\"https:\\\/\\\/politicosaldesnudo.com.mx\\\/\"},{\"@type\":\"ListItem\",\"position\":2,\"name\":\"Pago de horas extra se adelantar\u00e1 a la hora 41, afirma Bola\u00f1os\"}]},{\"@type\":\"WebSite\",\"@id\":\"https:\\\/\\\/politicosaldesnudo.com.mx\\\/#website\",\"url\":\"https:\\\/\\\/politicosaldesnudo.com.mx\\\/\",\"name\":\"Pol\u00edticos al Desnudo\",\"description\":\"\",\"publisher\":{\"@id\":\"https:\\\/\\\/politicosaldesnudo.com.mx\\\/#organization\"},\"potentialAction\":[{\"@type\":\"SearchAction\",\"target\":{\"@type\":\"EntryPoint\",\"urlTemplate\":\"https:\\\/\\\/politicosaldesnudo.com.mx\\\/?s={search_term_string}\"},\"query-input\":{\"@type\":\"PropertyValueSpecification\",\"valueRequired\":true,\"valueName\":\"search_term_string\"}}],\"inLanguage\":\"es\"},{\"@type\":\"Organization\",\"@id\":\"https:\\\/\\\/politicosaldesnudo.com.mx\\\/#organization\",\"name\":\"Pol\u00edticos al Desnudo\",\"url\":\"https:\\\/\\\/politicosaldesnudo.com.mx\\\/\",\"logo\":{\"@type\":\"ImageObject\",\"inLanguage\":\"es\",\"@id\":\"https:\\\/\\\/politicosaldesnudo.com.mx\\\/#\\\/schema\\\/logo\\\/image\\\/\",\"url\":\"https:\\\/\\\/i0.wp.com\\\/politicosaldesnudo.com.mx\\\/wp-content\\\/uploads\\\/2026\\\/08\\\/cropped-logo.webp?fit=400%2C126&ssl=1\",\"contentUrl\":\"https:\\\/\\\/i0.wp.com\\\/politicosaldesnudo.com.mx\\\/wp-content\\\/uploads\\\/2026\\\/08\\\/cropped-logo.webp?fit=400%2C126&ssl=1\",\"width\":400,\"height\":126,\"caption\":\"Pol\u00edticos al Desnudo\"},\"image\":{\"@id\":\"https:\\\/\\\/politicosaldesnudo.com.mx\\\/#\\\/schema\\\/logo\\\/image\\\/\"},\"sameAs\":[\"https:\\\/\\\/www.facebook.com\\\/PoliticosAD\"]},{\"@type\":\"Person\",\"@id\":\"https:\\\/\\\/politicosaldesnudo.com.mx\\\/#\\\/schema\\\/person\\\/ef3a64e561cc3f3f5dc52fab81adde7e\",\"name\":\"Redacci\u00f3n Pol\u00edticos\",\"url\":\"https:\\\/\\\/politicosaldesnudo.com.mx\\\/index.php\\\/author\\\/redaccion-politicos\\\/\"}]}<\/script>\n<!-- \/ Yoast SEO plugin. -->","yoast_head_json":{"title":"Pago de horas extra se adelantar\u00e1 a la hora 41, afirma Bola\u00f1os - Pol\u00edticos al Desnudo","robots":{"index":"index","follow":"follow","max-snippet":"max-snippet:-1","max-image-preview":"max-image-preview:large","max-video-preview":"max-video-preview:-1"},"canonical":"https:\/\/politicosaldesnudo.com.mx\/index.php\/2026\/02\/16\/pago-de-horas-extra-se-adelantara-a-la-hora-41-afirma-bolanos\/","og_locale":"es_ES","og_type":"article","og_title":"Pago de horas extra se adelantar\u00e1 a la hora 41, afirma Bola\u00f1os - Pol\u00edticos al Desnudo","og_description":"La iniciativa de reforma a la Ley Federal del Trabajo que disminuye a 40 horas semanales la jornada laboral, prev\u00e9 [&hellip;]","og_url":"https:\/\/politicosaldesnudo.com.mx\/index.php\/2026\/02\/16\/pago-de-horas-extra-se-adelantara-a-la-hora-41-afirma-bolanos\/","og_site_name":"Pol\u00edticos al Desnudo","article_publisher":"https:\/\/www.facebook.com\/PoliticosAD","article_published_time":"2026-02-16T07:20:50+00:00","og_image":[{"width":1200,"height":800,"url":"https:\/\/i0.wp.com\/politicosaldesnudo.com.mx\/wp-content\/uploads\/2026\/02\/DESM.jpg?fit=1200%2C800&ssl=1","type":"image\/jpeg"}],"author":"Redacci\u00f3n Pol\u00edticos","twitter_card":"summary_large_image","twitter_misc":{"Escrito por":"Redacci\u00f3n Pol\u00edticos","Tiempo de lectura":"2 minutos"},"schema":{"@context":"https:\/\/schema.org","@graph":[{"@type":"Article","@id":"https:\/\/politicosaldesnudo.com.mx\/index.php\/2026\/02\/16\/pago-de-horas-extra-se-adelantara-a-la-hora-41-afirma-bolanos\/#article","isPartOf":{"@id":"https:\/\/politicosaldesnudo.com.mx\/index.php\/2026\/02\/16\/pago-de-horas-extra-se-adelantara-a-la-hora-41-afirma-bolanos\/"},"author":{"name":"Redacci\u00f3n Pol\u00edticos","@id":"https:\/\/politicosaldesnudo.com.mx\/#\/schema\/person\/ef3a64e561cc3f3f5dc52fab81adde7e"},"headline":"Pago de horas extra se adelantar\u00e1 a la hora 41, afirma Bola\u00f1os","datePublished":"2026-02-16T07:20:50+00:00","mainEntityOfPage":{"@id":"https:\/\/politicosaldesnudo.com.mx\/index.php\/2026\/02\/16\/pago-de-horas-extra-se-adelantara-a-la-hora-41-afirma-bolanos\/"},"wordCount":317,"publisher":{"@id":"https:\/\/politicosaldesnudo.com.mx\/#organization"},"image":{"@id":"https:\/\/politicosaldesnudo.com.mx\/index.php\/2026\/02\/16\/pago-de-horas-extra-se-adelantara-a-la-hora-41-afirma-bolanos\/#primaryimage"},"thumbnailUrl":"https:\/\/i0.wp.com\/politicosaldesnudo.com.mx\/wp-content\/uploads\/2026\/02\/DESM.jpg?fit=1200%2C800&ssl=1","articleSection":["NACIONAL"],"inLanguage":"es"},{"@type":"WebPage","@id":"https:\/\/politicosaldesnudo.com.mx\/index.php\/2026\/02\/16\/pago-de-horas-extra-se-adelantara-a-la-hora-41-afirma-bolanos\/","url":"https:\/\/politicosaldesnudo.com.mx\/index.php\/2026\/02\/16\/pago-de-horas-extra-se-adelantara-a-la-hora-41-afirma-bolanos\/","name":"Pago de horas extra se adelantar\u00e1 a la hora 41, afirma Bola\u00f1os - Pol\u00edticos al Desnudo","isPartOf":{"@id":"https:\/\/politicosaldesnudo.com.mx\/#website"},"primaryImageOfPage":{"@id":"https:\/\/politicosaldesnudo.com.mx\/index.php\/2026\/02\/16\/pago-de-horas-extra-se-adelantara-a-la-hora-41-afirma-bolanos\/#primaryimage"},"image":{"@id":"https:\/\/politicosaldesnudo.com.mx\/index.php\/2026\/02\/16\/pago-de-horas-extra-se-adelantara-a-la-hora-41-afirma-bolanos\/#primaryimage"},"thumbnailUrl":"https:\/\/i0.wp.com\/politicosaldesnudo.com.mx\/wp-content\/uploads\/2026\/02\/DESM.jpg?fit=1200%2C800&ssl=1","datePublished":"2026-02-16T07:20:50+00:00","breadcrumb":{"@id":"https:\/\/politicosaldesnudo.com.mx\/index.php\/2026\/02\/16\/pago-de-horas-extra-se-adelantara-a-la-hora-41-afirma-bolanos\/#breadcrumb"},"inLanguage":"es","potentialAction":[{"@type":"ReadAction","target":["https:\/\/politicosaldesnudo.com.mx\/index.php\/2026\/02\/16\/pago-de-horas-extra-se-adelantara-a-la-hora-41-afirma-bolanos\/"]}]},{"@type":"ImageObject","inLanguage":"es","@id":"https:\/\/politicosaldesnudo.com.mx\/index.php\/2026\/02\/16\/pago-de-horas-extra-se-adelantara-a-la-hora-41-afirma-bolanos\/#primaryimage","url":"https:\/\/i0.wp.com\/politicosaldesnudo.com.mx\/wp-content\/uploads\/2026\/02\/DESM.jpg?fit=1200%2C800&ssl=1","contentUrl":"https:\/\/i0.wp.com\/politicosaldesnudo.com.mx\/wp-content\/uploads\/2026\/02\/DESM.jpg?fit=1200%2C800&ssl=1","width":1200,"height":800},{"@type":"BreadcrumbList","@id":"https:\/\/politicosaldesnudo.com.mx\/index.php\/2026\/02\/16\/pago-de-horas-extra-se-adelantara-a-la-hora-41-afirma-bolanos\/#breadcrumb","itemListElement":[{"@type":"ListItem","position":1,"name":"Portada","item":"https:\/\/politicosaldesnudo.com.mx\/"},{"@type":"ListItem","position":2,"name":"Pago de horas extra se adelantar\u00e1 a la hora 41, afirma Bola\u00f1os"}]},{"@type":"WebSite","@id":"https:\/\/politicosaldesnudo.com.mx\/#website","url":"https:\/\/politicosaldesnudo.com.mx\/","name":"Pol\u00edticos al Desnudo","description":"","publisher":{"@id":"https:\/\/politicosaldesnudo.com.mx\/#organization"},"potentialAction":[{"@type":"SearchAction","target":{"@type":"EntryPoint","urlTemplate":"https:\/\/politicosaldesnudo.com.mx\/?s={search_term_string}"},"query-input":{"@type":"PropertyValueSpecification","valueRequired":true,"valueName":"search_term_string"}}],"inLanguage":"es"},{"@type":"Organization","@id":"https:\/\/politicosaldesnudo.com.mx\/#organization","name":"Pol\u00edticos al Desnudo","url":"https:\/\/politicosaldesnudo.com.mx\/","logo":{"@type":"ImageObject","inLanguage":"es","@id":"https:\/\/politicosaldesnudo.com.mx\/#\/schema\/logo\/image\/","url":"https:\/\/i0.wp.com\/politicosaldesnudo.com.mx\/wp-content\/uploads\/2026\/08\/cropped-logo.webp?fit=400%2C126&ssl=1","contentUrl":"https:\/\/i0.wp.com\/politicosaldesnudo.com.mx\/wp-content\/uploads\/2026\/08\/cropped-logo.webp?fit=400%2C126&ssl=1","width":400,"height":126,"caption":"Pol\u00edticos al Desnudo"},"image":{"@id":"https:\/\/politicosaldesnudo.com.mx\/#\/schema\/logo\/image\/"},"sameAs":["https:\/\/www.facebook.com\/PoliticosAD"]},{"@type":"Person","@id":"https:\/\/politicosaldesnudo.com.mx\/#\/schema\/person\/ef3a64e561cc3f3f5dc52fab81adde7e","name":"Redacci\u00f3n Pol\u00edticos","url":"https:\/\/politicosaldesnudo.com.mx\/index.php\/author\/redaccion-politicos\/"}]}},"jetpack_publicize_connections":[],"jetpack-related-posts":[{"id":88244,"url":"https:\/\/politicosaldesnudo.com.mx\/index.php\/2026\/08\/31\/relevo-en-el-congreso-higinio-martinez-toma-el-senado-y-raul-bolanos-encabeza-san-lazaro\/","url_meta":{"origin":80056,"position":0},"title":"Relevo en el Congreso: Higinio Mart\u00ednez toma el Senado y Ra\u00fal Bola\u00f1os encabeza San L\u00e1zaro","author":"Redacci\u00f3n Pol\u00edticos","date":"31 de agosto de 2026","format":false,"excerpt":"Las dos c\u00e1maras del Congreso de la Uni\u00f3n renovaron sus mesas directivas para el \u00faltimo a\u00f1o de la LXVI Legislatura. Morena conservar\u00e1 la conducci\u00f3n del Senado, mientras el Partido Verde asumir\u00e1 por primera vez la presidencia de la C\u00e1mara de Diputados. El Congreso de la Uni\u00f3n inicia una nueva etapa\u2026","rel":"","context":"En \u00abNACIONAL\u00bb","block_context":{"text":"NACIONAL","link":"https:\/\/politicosaldesnudo.com.mx\/index.php\/category\/nacional\/"},"img":{"alt_text":"","src":"https:\/\/i0.wp.com\/politicosaldesnudo.com.mx\/wp-content\/uploads\/2026\/08\/3c93aced-3583-4f59-bf8b-eb1b5153d09e.png?fit=1200%2C675&ssl=1&resize=350%2C200","width":350,"height":200,"srcset":"https:\/\/i0.wp.com\/politicosaldesnudo.com.mx\/wp-content\/uploads\/2026\/08\/3c93aced-3583-4f59-bf8b-eb1b5153d09e.png?fit=1200%2C675&ssl=1&resize=350%2C200 1x, https:\/\/i0.wp.com\/politicosaldesnudo.com.mx\/wp-content\/uploads\/2026\/08\/3c93aced-3583-4f59-bf8b-eb1b5153d09e.png?fit=1200%2C675&ssl=1&resize=525%2C300 1.5x, https:\/\/i0.wp.com\/politicosaldesnudo.com.mx\/wp-content\/uploads\/2026\/08\/3c93aced-3583-4f59-bf8b-eb1b5153d09e.png?fit=1200%2C675&ssl=1&resize=700%2C400 2x, https:\/\/i0.wp.com\/politicosaldesnudo.com.mx\/wp-content\/uploads\/2026\/08\/3c93aced-3583-4f59-bf8b-eb1b5153d09e.png?fit=1200%2C675&ssl=1&resize=1050%2C600 3x"},"classes":[]},{"id":87874,"url":"https:\/\/politicosaldesnudo.com.mx\/index.php\/2026\/08\/18\/continuan-pendientes-pagos-a-trabajadores-del-ingenio-san-pedro\/","url_meta":{"origin":80056,"position":1},"title":"Contin\u00faan pendientes pagos a trabajadores del Ingenio San Pedro","author":"Redacci\u00f3n Pol\u00edticos","date":"18 de agosto de 2026","format":false,"excerpt":"A casi dos semanas de que se anunciara el cierre del Ingenio San Pedro, ubicado en Lerdo de Tejada, sus trabajadores todav\u00eda no reciben las liquidaciones correspondientes. El secretario de Trabajo, Previsi\u00f3n Social y Productividad de Veracruz, Luis Arturo Santiago Mart\u00ednez, inform\u00f3 que la dependencia mantiene contacto con los empleados\u2026","rel":"","context":"En \u00abESTADOS\u00bb","block_context":{"text":"ESTADOS","link":"https:\/\/politicosaldesnudo.com.mx\/index.php\/category\/estados\/"},"img":{"alt_text":"","src":"https:\/\/i0.wp.com\/politicosaldesnudo.com.mx\/wp-content\/uploads\/2026\/08\/774667794_1640892540732414_6413776533447448678_n.jpg?fit=1200%2C675&ssl=1&resize=350%2C200","width":350,"height":200,"srcset":"https:\/\/i0.wp.com\/politicosaldesnudo.com.mx\/wp-content\/uploads\/2026\/08\/774667794_1640892540732414_6413776533447448678_n.jpg?fit=1200%2C675&ssl=1&resize=350%2C200 1x, https:\/\/i0.wp.com\/politicosaldesnudo.com.mx\/wp-content\/uploads\/2026\/08\/774667794_1640892540732414_6413776533447448678_n.jpg?fit=1200%2C675&ssl=1&resize=525%2C300 1.5x, https:\/\/i0.wp.com\/politicosaldesnudo.com.mx\/wp-content\/uploads\/2026\/08\/774667794_1640892540732414_6413776533447448678_n.jpg?fit=1200%2C675&ssl=1&resize=700%2C400 2x, https:\/\/i0.wp.com\/politicosaldesnudo.com.mx\/wp-content\/uploads\/2026\/08\/774667794_1640892540732414_6413776533447448678_n.jpg?fit=1200%2C675&ssl=1&resize=1050%2C600 3x"},"classes":[]},{"id":88060,"url":"https:\/\/politicosaldesnudo.com.mx\/index.php\/2026\/08\/25\/hallan-con-vida-al-reportero-eli-martinez-tras-12-horas-de-secuestro-y-un-ataque-armado-en-poza-rica\/","url_meta":{"origin":80056,"position":2},"title":"Hallan con vida al reportero El\u00ed Mart\u00ednez tras 12 horas de secuestro y un ataque armado en Poza Rica","author":"Redacci\u00f3n Pol\u00edticos","date":"25 de agosto de 2026","format":false,"excerpt":"El reporero veracruzano El\u00ed Mart\u00ednez fue localizado con vida despu\u00e9s de permanecer aproximadamente 12 horas privado de la libertad, tras ser interceptado por hombres armados en Poza Rica. El comunicador, especializado en la cobertura de hechos policiacos, qued\u00f3 bajo resguardo de elementos de la Polic\u00eda Ministerial y fue trasladado ante\u2026","rel":"","context":"En \u00abESTADOS\u00bb","block_context":{"text":"ESTADOS","link":"https:\/\/politicosaldesnudo.com.mx\/index.php\/category\/estados\/"},"img":{"alt_text":"","src":"https:\/\/i0.wp.com\/politicosaldesnudo.com.mx\/wp-content\/uploads\/2026\/08\/eli.jpg?fit=1200%2C675&ssl=1&resize=350%2C200","width":350,"height":200,"srcset":"https:\/\/i0.wp.com\/politicosaldesnudo.com.mx\/wp-content\/uploads\/2026\/08\/eli.jpg?fit=1200%2C675&ssl=1&resize=350%2C200 1x, https:\/\/i0.wp.com\/politicosaldesnudo.com.mx\/wp-content\/uploads\/2026\/08\/eli.jpg?fit=1200%2C675&ssl=1&resize=525%2C300 1.5x, https:\/\/i0.wp.com\/politicosaldesnudo.com.mx\/wp-content\/uploads\/2026\/08\/eli.jpg?fit=1200%2C675&ssl=1&resize=700%2C400 2x, https:\/\/i0.wp.com\/politicosaldesnudo.com.mx\/wp-content\/uploads\/2026\/08\/eli.jpg?fit=1200%2C675&ssl=1&resize=1050%2C600 3x"},"classes":[]},{"id":87983,"url":"https:\/\/politicosaldesnudo.com.mx\/index.php\/2026\/08\/22\/fernando-farias-permanecera-en-el-altiplano-definiran-el-miercoles-si-sera-vinculado-por-huachicol-fiscal\/","url_meta":{"origin":80056,"position":3},"title":"Fernando Far\u00edas permanecer\u00e1 en El Altiplano; definir\u00e1n el mi\u00e9rcoles si ser\u00e1 vinculado por huachicol fiscal","author":"Redacci\u00f3n Pol\u00edticos","date":"22 de agosto de 2026","format":false,"excerpt":"Fernando Far\u00edas Laguna, excontralmirante de la Secretar\u00eda de Marina, continuar\u00e1 recluido en el penal federal de m\u00e1xima seguridad de El Altiplano, luego de que una jueza le impusiera prisi\u00f3n preventiva oficiosa. La resoluci\u00f3n se emiti\u00f3 al t\u00e9rmino de una audiencia inicial que se prolong\u00f3 durante cerca de 18 horas y\u2026","rel":"","context":"En \u00abNACIONAL\u00bb","block_context":{"text":"NACIONAL","link":"https:\/\/politicosaldesnudo.com.mx\/index.php\/category\/nacional\/"},"img":{"alt_text":"","src":"https:\/\/i0.wp.com\/politicosaldesnudo.com.mx\/wp-content\/uploads\/2026\/08\/farias.jpg?fit=1200%2C800&ssl=1&resize=350%2C200","width":350,"height":200,"srcset":"https:\/\/i0.wp.com\/politicosaldesnudo.com.mx\/wp-content\/uploads\/2026\/08\/farias.jpg?fit=1200%2C800&ssl=1&resize=350%2C200 1x, https:\/\/i0.wp.com\/politicosaldesnudo.com.mx\/wp-content\/uploads\/2026\/08\/farias.jpg?fit=1200%2C800&ssl=1&resize=525%2C300 1.5x, https:\/\/i0.wp.com\/politicosaldesnudo.com.mx\/wp-content\/uploads\/2026\/08\/farias.jpg?fit=1200%2C800&ssl=1&resize=700%2C400 2x, https:\/\/i0.wp.com\/politicosaldesnudo.com.mx\/wp-content\/uploads\/2026\/08\/farias.jpg?fit=1200%2C800&ssl=1&resize=1050%2C600 3x"},"classes":[]},{"id":87747,"url":"https:\/\/politicosaldesnudo.com.mx\/index.php\/2026\/08\/14\/ooootra-vez-bbva-registra-fallas-en-su-app-en-plena-quincena\/","url_meta":{"origin":80056,"position":4},"title":"Ooootra vez BBVA registra fallas en su app en plena quincena","author":"Redacci\u00f3n Pol\u00edticos","date":"14 de agosto de 2026","format":false,"excerpt":"La aplicaci\u00f3n m\u00f3vil de BBVA present\u00f3 nuevamente problemas de funcionamiento este viernes, justo en una jornada de pago quincenal, lo que gener\u00f3 que clientes del banco tuvieran dificultades para acceder a sus cuentas y realizar operaciones. A trav\u00e9s de redes sociales, usuarios reportaron que no pod\u00edan ingresar a la plataforma\u2026","rel":"","context":"En \u00abNACIONAL\u00bb","block_context":{"text":"NACIONAL","link":"https:\/\/politicosaldesnudo.com.mx\/index.php\/category\/nacional\/"},"img":{"alt_text":"","src":"https:\/\/i0.wp.com\/politicosaldesnudo.com.mx\/wp-content\/uploads\/2026\/08\/bbva.webp?fit=1200%2C740&ssl=1&resize=350%2C200","width":350,"height":200,"srcset":"https:\/\/i0.wp.com\/politicosaldesnudo.com.mx\/wp-content\/uploads\/2026\/08\/bbva.webp?fit=1200%2C740&ssl=1&resize=350%2C200 1x, https:\/\/i0.wp.com\/politicosaldesnudo.com.mx\/wp-content\/uploads\/2026\/08\/bbva.webp?fit=1200%2C740&ssl=1&resize=525%2C300 1.5x, https:\/\/i0.wp.com\/politicosaldesnudo.com.mx\/wp-content\/uploads\/2026\/08\/bbva.webp?fit=1200%2C740&ssl=1&resize=700%2C400 2x, https:\/\/i0.wp.com\/politicosaldesnudo.com.mx\/wp-content\/uploads\/2026\/08\/bbva.webp?fit=1200%2C740&ssl=1&resize=1050%2C600 3x"},"classes":[]},{"id":88045,"url":"https:\/\/politicosaldesnudo.com.mx\/index.php\/2026\/08\/24\/veracruz-reduce-casi-5-mil-millones-de-pesos-de-su-deuda-bancaria\/","url_meta":{"origin":80056,"position":5},"title":"Veracruz reduce casi 5 mil millones de pesos de su deuda bancaria","author":"Redacci\u00f3n Pol\u00edticos","date":"24 de agosto de 2026","format":false,"excerpt":"Xalapa, Ver.- El saldo de los cr\u00e9ditos bancarios contratados por el Gobierno de Veracruz se ubica actualmente en alrededor de 43 mil millones de pesos, despu\u00e9s de que la administraci\u00f3n estatal destinara cerca de 5 mil millones al pago de estos compromisos, inform\u00f3 la gobernadora Roc\u00edo Nahle Garc\u00eda. Al presentar\u2026","rel":"","context":"En \u00abESTADOS\u00bb","block_context":{"text":"ESTADOS","link":"https:\/\/politicosaldesnudo.com.mx\/index.php\/category\/estados\/"},"img":{"alt_text":"","src":"https:\/\/i0.wp.com\/politicosaldesnudo.com.mx\/wp-content\/uploads\/2026\/08\/nahle-1.png?fit=985%2C533&ssl=1&resize=350%2C200","width":350,"height":200,"srcset":"https:\/\/i0.wp.com\/politicosaldesnudo.com.mx\/wp-content\/uploads\/2026\/08\/nahle-1.png?fit=985%2C533&ssl=1&resize=350%2C200 1x, https:\/\/i0.wp.com\/politicosaldesnudo.com.mx\/wp-content\/uploads\/2026\/08\/nahle-1.png?fit=985%2C533&ssl=1&resize=525%2C300 1.5x, https:\/\/i0.wp.com\/politicosaldesnudo.com.mx\/wp-content\/uploads\/2026\/08\/nahle-1.png?fit=985%2C533&ssl=1&resize=700%2C400 2x"},"classes":[]}],"jetpack_sharing_enabled":true,"jetpack_featured_media_url":"https:\/\/i0.wp.com\/politicosaldesnudo.com.mx\/wp-content\/uploads\/2026\/02\/DESM.jpg?fit=1200%2C800&ssl=1","_links":{"self":[{"href":"https:\/\/politicosaldesnudo.com.mx\/index.php\/wp-json\/wp\/v2\/posts\/80056","targetHints":{"allow":["GET"]}}],"collection":[{"href":"https:\/\/politicosaldesnudo.com.mx\/index.php\/wp-json\/wp\/v2\/posts"}],"about":[{"href":"https:\/\/politicosaldesnudo.com.mx\/index.php\/wp-json\/wp\/v2\/types\/post"}],"author":[{"embeddable":true,"href":"https:\/\/politicosaldesnudo.com.mx\/index.php\/wp-json\/wp\/v2\/users\/4"}],"replies":[{"embeddable":true,"href":"https:\/\/politicosaldesnudo.com.mx\/index.php\/wp-json\/wp\/v2\/comments?post=80056"}],"version-history":[{"count":0,"href":"https:\/\/politicosaldesnudo.com.mx\/index.php\/wp-json\/wp\/v2\/posts\/80056\/revisions"}],"wp:featuredmedia":[{"embeddable":true,"href":"https:\/\/politicosaldesnudo.com.mx\/index.php\/wp-json\/wp\/v2\/media\/80057"}],"wp:attachment":[{"href":"https:\/\/politicosaldesnudo.com.mx\/index.php\/wp-json\/wp\/v2\/media?parent=80056"}],"wp:term":[{"taxonomy":"category","embeddable":true,"href":"https:\/\/politicosaldesnudo.com.mx\/index.php\/wp-json\/wp\/v2\/categories?post=80056"},{"taxonomy":"post_tag","embeddable":true,"href":"https:\/\/politicosaldesnudo.com.mx\/index.php\/wp-json\/wp\/v2\/tags?post=80056"}],"curies":[{"name":"wp","href":"https:\/\/api.w.org\/{rel}","templated":true}]}}