{"id":80062,"date":"2026-02-16T01:23:49","date_gmt":"2026-02-16T07:23:49","guid":{"rendered":"https:\/\/politicosaldesnudo.com.mx\/?p=80062"},"modified":"2026-02-16T01:23:49","modified_gmt":"2026-02-16T07:23:49","slug":"deficiente-actuacion-de-la-asf-ha-debilitado-la-fiscalizacion-superior","status":"publish","type":"post","link":"https:\/\/politicosaldesnudo.com.mx\/index.php\/2026\/02\/16\/deficiente-actuacion-de-la-asf-ha-debilitado-la-fiscalizacion-superior\/","title":{"rendered":"Deficiente actuaci\u00f3n de la ASF \u00abha debilitado la fiscalizaci\u00f3n superior\u00bb"},"content":{"rendered":"<p class=\"nota-justify\">Las valoraciones m\u00e1s recientes hechas por la Unidad de Evaluaci\u00f3n y Control (UEC) a la Auditor\u00eda Superior de la Federaci\u00f3n (ASF) revelan que el organismo encabezado por David Colmenares P\u00e1ramo ha debilitado la fiscalizaci\u00f3n superior. De acuerdo con un informe fechado en 2025 por el \u00fanico \u00f3rgano facultado para revisar el trabajo de la ASF, la presentaci\u00f3n de denuncias ha bajado dr\u00e1sticamente y se detectaron retrasos y graves omisiones en la integraci\u00f3n de los expedientes, por lo que se corre el riesgo de que prescriban los delitos denunciados y generen \u201cp\u00e9rdida de confianza ciudadana, debilitamiento del combate a la corrupci\u00f3n y cuestionamientos sobre la utilidad de los recursos destinados a la fiscalizaci\u00f3n superior\u201d.<\/p>\n<p class=\"nota-justify\">La ASF s\u00f3lo ha conseguido cuatro sentencias condenatorias firmes contra cinco personas de 367 denuncias que ha presentado ante la Fiscal\u00eda General de la Rep\u00fablica (FGR) en casi una d\u00e9cada. \u201cLa falta de resultados tangibles incrementa la posibilidad de que conductas graves queden impunes\u201d, sentencia la UEC en el informe de evaluaci\u00f3n del efecto o consecuencia de la acci\u00f3n fiscalizadora en relaci\u00f3n con las denuncias de hechos y responsabilidades administrativas por faltas graves.<\/p>\n<p class=\"nota-justify\">El documento, elaborado por la instancia t\u00e9cnica de la C\u00e1mara de Diputados, advierte que esta baja tasa de sentencias \u2013que representa 1.09 por ciento del total\u2013 y los largos periodos para concluir los procesos judiciales generan \u201cpercepci\u00f3n de ineficacia\u201d en la fiscalizaci\u00f3n superior y en la colaboraci\u00f3n con la FGR.<\/p>\n<p class=\"nota-justify\"><strong>\u201cRetrasos cr\u00edticos\u201d<\/strong><\/p>\n<p class=\"nota-justify\">La evaluaci\u00f3n detect\u00f3 que la ASF enfrenta \u201cretrasos cr\u00edticos\u201d para integrar y presentar denuncias ante la fiscal\u00eda especializada, con demoras hasta de siete a\u00f1os entre la detecci\u00f3n de las irregularidades graves y la interposici\u00f3n de las acciones legales. Esta dilaci\u00f3n coloca a la mayor\u00eda de los casos en \u201calto riesgo de prescripci\u00f3n\u201d de los delitos, lo que podr\u00eda dejar sin castigo cientos de expedientes. El informe subraya que la ASF opera con \u201cdeficiencia estructural\u201d, ya que no realiza estimaciones internas sobre los plazos de prescripci\u00f3n ni prioriza los casos cr\u00edticos, lo que, a su juicio, \u201cdebilita la fiscalizaci\u00f3n\u201d.<\/p>\n<p class=\"nota-justify\">La evaluaci\u00f3n, que corresponde a la gesti\u00f3n de Colmenares P\u00e1ramo en la recta final de su periodo de ocho a\u00f1os \u2013iniciado en 2018 y que concluye el 15 de marzo\u2013, se da en un contexto en que el propio auditor superior ha anunciado que buscar\u00e1 su relecci\u00f3n por un segundo y \u00faltimo periodo de ocho a\u00f1os al frente de la ASF, para lo cual deber\u00e1 someterse al proceso que convoque la C\u00e1mara de Diputados la pr\u00f3xima semana.<\/p>\n<p class=\"nota-justify\">El informe evidencia \u201cpreocupante\u201d tendencia a la baja en la presentaci\u00f3n de denuncias. Mientras de la revisi\u00f3n de la cuenta p\u00fablica 2020 se derivaron 17 denuncias, para los ejercicios 2021 y 2022, la cifra fue de dos y una, respectivamente. Al corte de septiembre de 2025 no se hab\u00eda presentado ninguna correspondiente a la cuenta p\u00fablica 2023. De las 30 denuncias analizadas entre 2019 y 2023, 28 contin\u00faan en etapa de integraci\u00f3n \u2013es decir, 93 por ciento\u2013 y s\u00f3lo una ha sido judicializada.<\/p>\n<p class=\"nota-justify\">En materia administrativa, el panorama es similar. De mil 833 promociones de responsabilidad por faltas graves presentadas ante el Tribunal Federal de Justicia Administrativa, apenas 1.9 por ciento ha concluido, y s\u00f3lo 18 resoluciones han derivado en responsabilidad acreditada. La mayor\u00eda de los asuntos se encuentra en etapa de substanciaci\u00f3n , con rezagos de la ASF que tambi\u00e9n pueden derivar en prescripci\u00f3n.<\/p>\n","protected":false},"excerpt":{"rendered":"<p>Las valoraciones m\u00e1s recientes hechas por la Unidad de Evaluaci\u00f3n y Control (UEC) a la Auditor\u00eda Superior de la Federaci\u00f3n [&hellip;]<\/p>\n","protected":false},"author":4,"featured_media":80063,"comment_status":"closed","ping_status":"closed","sticky":false,"template":"","format":"standard","meta":{"site-sidebar-layout":"default","site-content-layout":"","ast-site-content-layout":"default","site-content-style":"default","site-sidebar-style":"default","ast-global-header-display":"","ast-banner-title-visibility":"","ast-main-header-display":"","ast-hfb-above-header-display":"","ast-hfb-below-header-display":"","ast-hfb-mobile-header-display":"","site-post-title":"","ast-breadcrumbs-content":"","ast-featured-img":"","footer-sml-layout":"","ast-disable-related-posts":"","theme-transparent-header-meta":"","adv-header-id-meta":"","stick-header-meta":"","header-above-stick-meta":"","header-main-stick-meta":"","header-below-stick-meta":"","astra-migrate-meta-layouts":"default","ast-page-background-enabled":"default","ast-page-background-meta":{"desktop":{"background-color":"var(--ast-global-color-5)","background-image":"","background-repeat":"repeat","background-position":"center center","background-size":"auto","background-attachment":"scroll","background-type":"","background-media":"","overlay-type":"","overlay-color":"","overlay-opacity":"","overlay-gradient":""},"tablet":{"background-color":"","background-image":"","background-repeat":"repeat","background-position":"center center","background-size":"auto","background-attachment":"scroll","background-type":"","background-media":"","overlay-type":"","overlay-color":"","overlay-opacity":"","overlay-gradient":""},"mobile":{"background-color":"","background-image":"","background-repeat":"repeat","background-position":"center center","background-size":"auto","background-attachment":"scroll","background-type":"","background-media":"","overlay-type":"","overlay-color":"","overlay-opacity":"","overlay-gradient":""}},"ast-content-background-meta":{"desktop":{"background-color":"var(--ast-global-color-4)","background-image":"","background-repeat":"repeat","background-position":"center center","background-size":"auto","background-attachment":"scroll","background-type":"","background-media":"","overlay-type":"","overlay-color":"","overlay-opacity":"","overlay-gradient":""},"tablet":{"background-color":"var(--ast-global-color-4)","background-image":"","background-repeat":"repeat","background-position":"center center","background-size":"auto","background-attachment":"scroll","background-type":"","background-media":"","overlay-type":"","overlay-color":"","overlay-opacity":"","overlay-gradient":""},"mobile":{"background-color":"var(--ast-global-color-4)","background-image":"","background-repeat":"repeat","background-position":"center center","background-size":"auto","background-attachment":"scroll","background-type":"","background-media":"","overlay-type":"","overlay-color":"","overlay-opacity":"","overlay-gradient":""}},"_jetpack_newsletter_access":"","_jetpack_dont_email_post_to_subs":false,"_jetpack_newsletter_tier_id":0,"_jetpack_memberships_contains_paywalled_content":false,"_jetpack_feature_clip_id":0,"_jetpack_memberships_contains_paid_content":false,"footnotes":"","jetpack_publicize_message":"","jetpack_publicize_feature_enabled":true,"jetpack_social_post_already_shared":true,"jetpack_social_options":{"image_generator_settings":{"template":"highway","default_image_id":0,"font":"","enabled":false},"version":2},"jetpack_post_was_ever_published":false},"categories":[33],"tags":[],"class_list":["post-80062","post","type-post","status-publish","format-standard","has-post-thumbnail","hentry","category-nacional"],"yoast_head":"<!-- This site is optimized with the Yoast SEO plugin v28.3 - https:\/\/yoast.com\/product\/yoast-seo-wordpress\/ -->\n<title>Deficiente actuaci\u00f3n de la ASF &quot;ha debilitado la fiscalizaci\u00f3n superior&quot; - Pol\u00edticos al Desnudo<\/title>\n<meta name=\"robots\" content=\"index, follow, max-snippet:-1, max-image-preview:large, max-video-preview:-1\" \/>\n<link rel=\"canonical\" href=\"https:\/\/politicosaldesnudo.com.mx\/index.php\/2026\/02\/16\/deficiente-actuacion-de-la-asf-ha-debilitado-la-fiscalizacion-superior\/\" \/>\n<meta property=\"og:locale\" content=\"es_ES\" \/>\n<meta property=\"og:type\" content=\"article\" \/>\n<meta property=\"og:title\" content=\"Deficiente actuaci\u00f3n de la ASF &quot;ha debilitado la fiscalizaci\u00f3n superior&quot; - Pol\u00edticos al Desnudo\" \/>\n<meta property=\"og:description\" content=\"Las valoraciones m\u00e1s recientes hechas por la Unidad de Evaluaci\u00f3n y Control (UEC) a la Auditor\u00eda Superior de la Federaci\u00f3n [&hellip;]\" \/>\n<meta property=\"og:url\" content=\"https:\/\/politicosaldesnudo.com.mx\/index.php\/2026\/02\/16\/deficiente-actuacion-de-la-asf-ha-debilitado-la-fiscalizacion-superior\/\" \/>\n<meta property=\"og:site_name\" content=\"Pol\u00edticos al Desnudo\" \/>\n<meta property=\"article:publisher\" content=\"https:\/\/www.facebook.com\/PoliticosAD\" \/>\n<meta property=\"article:published_time\" content=\"2026-02-16T07:23:49+00:00\" \/>\n<meta property=\"og:image\" content=\"https:\/\/i0.wp.com\/politicosaldesnudo.com.mx\/wp-content\/uploads\/2026\/02\/ASF.jpg?fit=1200%2C797&ssl=1\" \/>\n\t<meta property=\"og:image:width\" content=\"1200\" \/>\n\t<meta property=\"og:image:height\" content=\"797\" \/>\n\t<meta property=\"og:image:type\" content=\"image\/jpeg\" \/>\n<meta name=\"author\" content=\"Redacci\u00f3n Pol\u00edticos\" \/>\n<meta name=\"twitter:card\" content=\"summary_large_image\" \/>\n<meta name=\"twitter:label1\" content=\"Escrito por\" \/>\n\t<meta name=\"twitter:data1\" content=\"Redacci\u00f3n Pol\u00edticos\" \/>\n\t<meta name=\"twitter:label2\" content=\"Tiempo de lectura\" \/>\n\t<meta name=\"twitter:data2\" content=\"3 minutos\" \/>\n<script type=\"application\/ld+json\" class=\"yoast-schema-graph\">{\"@context\":\"https:\\\/\\\/schema.org\",\"@graph\":[{\"@type\":\"Article\",\"@id\":\"https:\\\/\\\/politicosaldesnudo.com.mx\\\/index.php\\\/2026\\\/02\\\/16\\\/deficiente-actuacion-de-la-asf-ha-debilitado-la-fiscalizacion-superior\\\/#article\",\"isPartOf\":{\"@id\":\"https:\\\/\\\/politicosaldesnudo.com.mx\\\/index.php\\\/2026\\\/02\\\/16\\\/deficiente-actuacion-de-la-asf-ha-debilitado-la-fiscalizacion-superior\\\/\"},\"author\":{\"name\":\"Redacci\u00f3n Pol\u00edticos\",\"@id\":\"https:\\\/\\\/politicosaldesnudo.com.mx\\\/#\\\/schema\\\/person\\\/ef3a64e561cc3f3f5dc52fab81adde7e\"},\"headline\":\"Deficiente actuaci\u00f3n de la ASF \u00abha debilitado la fiscalizaci\u00f3n superior\u00bb\",\"datePublished\":\"2026-02-16T07:23:49+00:00\",\"mainEntityOfPage\":{\"@id\":\"https:\\\/\\\/politicosaldesnudo.com.mx\\\/index.php\\\/2026\\\/02\\\/16\\\/deficiente-actuacion-de-la-asf-ha-debilitado-la-fiscalizacion-superior\\\/\"},\"wordCount\":609,\"publisher\":{\"@id\":\"https:\\\/\\\/politicosaldesnudo.com.mx\\\/#organization\"},\"image\":{\"@id\":\"https:\\\/\\\/politicosaldesnudo.com.mx\\\/index.php\\\/2026\\\/02\\\/16\\\/deficiente-actuacion-de-la-asf-ha-debilitado-la-fiscalizacion-superior\\\/#primaryimage\"},\"thumbnailUrl\":\"https:\\\/\\\/i0.wp.com\\\/politicosaldesnudo.com.mx\\\/wp-content\\\/uploads\\\/2026\\\/02\\\/ASF.jpg?fit=1200%2C797&ssl=1\",\"articleSection\":[\"NACIONAL\"],\"inLanguage\":\"es\"},{\"@type\":\"WebPage\",\"@id\":\"https:\\\/\\\/politicosaldesnudo.com.mx\\\/index.php\\\/2026\\\/02\\\/16\\\/deficiente-actuacion-de-la-asf-ha-debilitado-la-fiscalizacion-superior\\\/\",\"url\":\"https:\\\/\\\/politicosaldesnudo.com.mx\\\/index.php\\\/2026\\\/02\\\/16\\\/deficiente-actuacion-de-la-asf-ha-debilitado-la-fiscalizacion-superior\\\/\",\"name\":\"Deficiente actuaci\u00f3n de la ASF \\\"ha debilitado la fiscalizaci\u00f3n superior\\\" - Pol\u00edticos al Desnudo\",\"isPartOf\":{\"@id\":\"https:\\\/\\\/politicosaldesnudo.com.mx\\\/#website\"},\"primaryImageOfPage\":{\"@id\":\"https:\\\/\\\/politicosaldesnudo.com.mx\\\/index.php\\\/2026\\\/02\\\/16\\\/deficiente-actuacion-de-la-asf-ha-debilitado-la-fiscalizacion-superior\\\/#primaryimage\"},\"image\":{\"@id\":\"https:\\\/\\\/politicosaldesnudo.com.mx\\\/index.php\\\/2026\\\/02\\\/16\\\/deficiente-actuacion-de-la-asf-ha-debilitado-la-fiscalizacion-superior\\\/#primaryimage\"},\"thumbnailUrl\":\"https:\\\/\\\/i0.wp.com\\\/politicosaldesnudo.com.mx\\\/wp-content\\\/uploads\\\/2026\\\/02\\\/ASF.jpg?fit=1200%2C797&ssl=1\",\"datePublished\":\"2026-02-16T07:23:49+00:00\",\"breadcrumb\":{\"@id\":\"https:\\\/\\\/politicosaldesnudo.com.mx\\\/index.php\\\/2026\\\/02\\\/16\\\/deficiente-actuacion-de-la-asf-ha-debilitado-la-fiscalizacion-superior\\\/#breadcrumb\"},\"inLanguage\":\"es\",\"potentialAction\":[{\"@type\":\"ReadAction\",\"target\":[\"https:\\\/\\\/politicosaldesnudo.com.mx\\\/index.php\\\/2026\\\/02\\\/16\\\/deficiente-actuacion-de-la-asf-ha-debilitado-la-fiscalizacion-superior\\\/\"]}]},{\"@type\":\"ImageObject\",\"inLanguage\":\"es\",\"@id\":\"https:\\\/\\\/politicosaldesnudo.com.mx\\\/index.php\\\/2026\\\/02\\\/16\\\/deficiente-actuacion-de-la-asf-ha-debilitado-la-fiscalizacion-superior\\\/#primaryimage\",\"url\":\"https:\\\/\\\/i0.wp.com\\\/politicosaldesnudo.com.mx\\\/wp-content\\\/uploads\\\/2026\\\/02\\\/ASF.jpg?fit=1200%2C797&ssl=1\",\"contentUrl\":\"https:\\\/\\\/i0.wp.com\\\/politicosaldesnudo.com.mx\\\/wp-content\\\/uploads\\\/2026\\\/02\\\/ASF.jpg?fit=1200%2C797&ssl=1\",\"width\":1200,\"height\":797},{\"@type\":\"BreadcrumbList\",\"@id\":\"https:\\\/\\\/politicosaldesnudo.com.mx\\\/index.php\\\/2026\\\/02\\\/16\\\/deficiente-actuacion-de-la-asf-ha-debilitado-la-fiscalizacion-superior\\\/#breadcrumb\",\"itemListElement\":[{\"@type\":\"ListItem\",\"position\":1,\"name\":\"Portada\",\"item\":\"https:\\\/\\\/politicosaldesnudo.com.mx\\\/\"},{\"@type\":\"ListItem\",\"position\":2,\"name\":\"Deficiente actuaci\u00f3n de la ASF \u00abha debilitado la fiscalizaci\u00f3n superior\u00bb\"}]},{\"@type\":\"WebSite\",\"@id\":\"https:\\\/\\\/politicosaldesnudo.com.mx\\\/#website\",\"url\":\"https:\\\/\\\/politicosaldesnudo.com.mx\\\/\",\"name\":\"Pol\u00edticos al Desnudo\",\"description\":\"\",\"publisher\":{\"@id\":\"https:\\\/\\\/politicosaldesnudo.com.mx\\\/#organization\"},\"potentialAction\":[{\"@type\":\"SearchAction\",\"target\":{\"@type\":\"EntryPoint\",\"urlTemplate\":\"https:\\\/\\\/politicosaldesnudo.com.mx\\\/?s={search_term_string}\"},\"query-input\":{\"@type\":\"PropertyValueSpecification\",\"valueRequired\":true,\"valueName\":\"search_term_string\"}}],\"inLanguage\":\"es\"},{\"@type\":\"Organization\",\"@id\":\"https:\\\/\\\/politicosaldesnudo.com.mx\\\/#organization\",\"name\":\"Pol\u00edticos al Desnudo\",\"url\":\"https:\\\/\\\/politicosaldesnudo.com.mx\\\/\",\"logo\":{\"@type\":\"ImageObject\",\"inLanguage\":\"es\",\"@id\":\"https:\\\/\\\/politicosaldesnudo.com.mx\\\/#\\\/schema\\\/logo\\\/image\\\/\",\"url\":\"https:\\\/\\\/i0.wp.com\\\/politicosaldesnudo.com.mx\\\/wp-content\\\/uploads\\\/2026\\\/08\\\/cropped-logo.webp?fit=400%2C126&ssl=1\",\"contentUrl\":\"https:\\\/\\\/i0.wp.com\\\/politicosaldesnudo.com.mx\\\/wp-content\\\/uploads\\\/2026\\\/08\\\/cropped-logo.webp?fit=400%2C126&ssl=1\",\"width\":400,\"height\":126,\"caption\":\"Pol\u00edticos al Desnudo\"},\"image\":{\"@id\":\"https:\\\/\\\/politicosaldesnudo.com.mx\\\/#\\\/schema\\\/logo\\\/image\\\/\"},\"sameAs\":[\"https:\\\/\\\/www.facebook.com\\\/PoliticosAD\"]},{\"@type\":\"Person\",\"@id\":\"https:\\\/\\\/politicosaldesnudo.com.mx\\\/#\\\/schema\\\/person\\\/ef3a64e561cc3f3f5dc52fab81adde7e\",\"name\":\"Redacci\u00f3n Pol\u00edticos\",\"url\":\"https:\\\/\\\/politicosaldesnudo.com.mx\\\/index.php\\\/author\\\/redaccion-politicos\\\/\"}]}<\/script>\n<!-- \/ Yoast SEO plugin. -->","yoast_head_json":{"title":"Deficiente actuaci\u00f3n de la ASF \"ha debilitado la fiscalizaci\u00f3n superior\" - Pol\u00edticos al Desnudo","robots":{"index":"index","follow":"follow","max-snippet":"max-snippet:-1","max-image-preview":"max-image-preview:large","max-video-preview":"max-video-preview:-1"},"canonical":"https:\/\/politicosaldesnudo.com.mx\/index.php\/2026\/02\/16\/deficiente-actuacion-de-la-asf-ha-debilitado-la-fiscalizacion-superior\/","og_locale":"es_ES","og_type":"article","og_title":"Deficiente actuaci\u00f3n de la ASF \"ha debilitado la fiscalizaci\u00f3n superior\" - Pol\u00edticos al Desnudo","og_description":"Las valoraciones m\u00e1s recientes hechas por la Unidad de Evaluaci\u00f3n y Control (UEC) a la Auditor\u00eda Superior de la Federaci\u00f3n [&hellip;]","og_url":"https:\/\/politicosaldesnudo.com.mx\/index.php\/2026\/02\/16\/deficiente-actuacion-de-la-asf-ha-debilitado-la-fiscalizacion-superior\/","og_site_name":"Pol\u00edticos al Desnudo","article_publisher":"https:\/\/www.facebook.com\/PoliticosAD","article_published_time":"2026-02-16T07:23:49+00:00","og_image":[{"width":1200,"height":797,"url":"https:\/\/i0.wp.com\/politicosaldesnudo.com.mx\/wp-content\/uploads\/2026\/02\/ASF.jpg?fit=1200%2C797&ssl=1","type":"image\/jpeg"}],"author":"Redacci\u00f3n Pol\u00edticos","twitter_card":"summary_large_image","twitter_misc":{"Escrito por":"Redacci\u00f3n Pol\u00edticos","Tiempo de lectura":"3 minutos"},"schema":{"@context":"https:\/\/schema.org","@graph":[{"@type":"Article","@id":"https:\/\/politicosaldesnudo.com.mx\/index.php\/2026\/02\/16\/deficiente-actuacion-de-la-asf-ha-debilitado-la-fiscalizacion-superior\/#article","isPartOf":{"@id":"https:\/\/politicosaldesnudo.com.mx\/index.php\/2026\/02\/16\/deficiente-actuacion-de-la-asf-ha-debilitado-la-fiscalizacion-superior\/"},"author":{"name":"Redacci\u00f3n Pol\u00edticos","@id":"https:\/\/politicosaldesnudo.com.mx\/#\/schema\/person\/ef3a64e561cc3f3f5dc52fab81adde7e"},"headline":"Deficiente actuaci\u00f3n de la ASF \u00abha debilitado la fiscalizaci\u00f3n superior\u00bb","datePublished":"2026-02-16T07:23:49+00:00","mainEntityOfPage":{"@id":"https:\/\/politicosaldesnudo.com.mx\/index.php\/2026\/02\/16\/deficiente-actuacion-de-la-asf-ha-debilitado-la-fiscalizacion-superior\/"},"wordCount":609,"publisher":{"@id":"https:\/\/politicosaldesnudo.com.mx\/#organization"},"image":{"@id":"https:\/\/politicosaldesnudo.com.mx\/index.php\/2026\/02\/16\/deficiente-actuacion-de-la-asf-ha-debilitado-la-fiscalizacion-superior\/#primaryimage"},"thumbnailUrl":"https:\/\/i0.wp.com\/politicosaldesnudo.com.mx\/wp-content\/uploads\/2026\/02\/ASF.jpg?fit=1200%2C797&ssl=1","articleSection":["NACIONAL"],"inLanguage":"es"},{"@type":"WebPage","@id":"https:\/\/politicosaldesnudo.com.mx\/index.php\/2026\/02\/16\/deficiente-actuacion-de-la-asf-ha-debilitado-la-fiscalizacion-superior\/","url":"https:\/\/politicosaldesnudo.com.mx\/index.php\/2026\/02\/16\/deficiente-actuacion-de-la-asf-ha-debilitado-la-fiscalizacion-superior\/","name":"Deficiente actuaci\u00f3n de la ASF \"ha debilitado la fiscalizaci\u00f3n superior\" - Pol\u00edticos al Desnudo","isPartOf":{"@id":"https:\/\/politicosaldesnudo.com.mx\/#website"},"primaryImageOfPage":{"@id":"https:\/\/politicosaldesnudo.com.mx\/index.php\/2026\/02\/16\/deficiente-actuacion-de-la-asf-ha-debilitado-la-fiscalizacion-superior\/#primaryimage"},"image":{"@id":"https:\/\/politicosaldesnudo.com.mx\/index.php\/2026\/02\/16\/deficiente-actuacion-de-la-asf-ha-debilitado-la-fiscalizacion-superior\/#primaryimage"},"thumbnailUrl":"https:\/\/i0.wp.com\/politicosaldesnudo.com.mx\/wp-content\/uploads\/2026\/02\/ASF.jpg?fit=1200%2C797&ssl=1","datePublished":"2026-02-16T07:23:49+00:00","breadcrumb":{"@id":"https:\/\/politicosaldesnudo.com.mx\/index.php\/2026\/02\/16\/deficiente-actuacion-de-la-asf-ha-debilitado-la-fiscalizacion-superior\/#breadcrumb"},"inLanguage":"es","potentialAction":[{"@type":"ReadAction","target":["https:\/\/politicosaldesnudo.com.mx\/index.php\/2026\/02\/16\/deficiente-actuacion-de-la-asf-ha-debilitado-la-fiscalizacion-superior\/"]}]},{"@type":"ImageObject","inLanguage":"es","@id":"https:\/\/politicosaldesnudo.com.mx\/index.php\/2026\/02\/16\/deficiente-actuacion-de-la-asf-ha-debilitado-la-fiscalizacion-superior\/#primaryimage","url":"https:\/\/i0.wp.com\/politicosaldesnudo.com.mx\/wp-content\/uploads\/2026\/02\/ASF.jpg?fit=1200%2C797&ssl=1","contentUrl":"https:\/\/i0.wp.com\/politicosaldesnudo.com.mx\/wp-content\/uploads\/2026\/02\/ASF.jpg?fit=1200%2C797&ssl=1","width":1200,"height":797},{"@type":"BreadcrumbList","@id":"https:\/\/politicosaldesnudo.com.mx\/index.php\/2026\/02\/16\/deficiente-actuacion-de-la-asf-ha-debilitado-la-fiscalizacion-superior\/#breadcrumb","itemListElement":[{"@type":"ListItem","position":1,"name":"Portada","item":"https:\/\/politicosaldesnudo.com.mx\/"},{"@type":"ListItem","position":2,"name":"Deficiente actuaci\u00f3n de la ASF \u00abha debilitado la fiscalizaci\u00f3n superior\u00bb"}]},{"@type":"WebSite","@id":"https:\/\/politicosaldesnudo.com.mx\/#website","url":"https:\/\/politicosaldesnudo.com.mx\/","name":"Pol\u00edticos al Desnudo","description":"","publisher":{"@id":"https:\/\/politicosaldesnudo.com.mx\/#organization"},"potentialAction":[{"@type":"SearchAction","target":{"@type":"EntryPoint","urlTemplate":"https:\/\/politicosaldesnudo.com.mx\/?s={search_term_string}"},"query-input":{"@type":"PropertyValueSpecification","valueRequired":true,"valueName":"search_term_string"}}],"inLanguage":"es"},{"@type":"Organization","@id":"https:\/\/politicosaldesnudo.com.mx\/#organization","name":"Pol\u00edticos al Desnudo","url":"https:\/\/politicosaldesnudo.com.mx\/","logo":{"@type":"ImageObject","inLanguage":"es","@id":"https:\/\/politicosaldesnudo.com.mx\/#\/schema\/logo\/image\/","url":"https:\/\/i0.wp.com\/politicosaldesnudo.com.mx\/wp-content\/uploads\/2026\/08\/cropped-logo.webp?fit=400%2C126&ssl=1","contentUrl":"https:\/\/i0.wp.com\/politicosaldesnudo.com.mx\/wp-content\/uploads\/2026\/08\/cropped-logo.webp?fit=400%2C126&ssl=1","width":400,"height":126,"caption":"Pol\u00edticos al Desnudo"},"image":{"@id":"https:\/\/politicosaldesnudo.com.mx\/#\/schema\/logo\/image\/"},"sameAs":["https:\/\/www.facebook.com\/PoliticosAD"]},{"@type":"Person","@id":"https:\/\/politicosaldesnudo.com.mx\/#\/schema\/person\/ef3a64e561cc3f3f5dc52fab81adde7e","name":"Redacci\u00f3n Pol\u00edticos","url":"https:\/\/politicosaldesnudo.com.mx\/index.php\/author\/redaccion-politicos\/"}]}},"jetpack_publicize_connections":[],"jetpack-related-posts":[{"id":87668,"url":"https:\/\/politicosaldesnudo.com.mx\/index.php\/2026\/08\/12\/la-herencia-que-nadie-quiere-pagar\/","url_meta":{"origin":80062,"position":0},"title":"La herencia que nadie quiere pagar","author":"Redacci\u00f3n Pol\u00edticos","date":"12 de agosto de 2026","format":false,"excerpt":"Astrolabio Pol\u00edtico Por: Luis Ram\u00edrez Baqueiro \u201cLa peor decisi\u00f3n es la indecisi\u00f3n\u201d. \u2013 Benjam\u00edn Franklin. Las cuentas del sexenio de Cuitl\u00e1huac Garc\u00eda Jim\u00e9nez est\u00e1n lejos de cerrarse. Y no se trata \u00fanicamente del juicio pol\u00edtico que pueda hacerse sobre su administraci\u00f3n, sino de algo mucho m\u00e1s concreto: dinero p\u00fablico que\u2026","rel":"","context":"En \u00abOPINI\u00d3N\u00bb","block_context":{"text":"OPINI\u00d3N","link":"https:\/\/politicosaldesnudo.com.mx\/index.php\/category\/columnistas\/"},"img":{"alt_text":"","src":"https:\/\/i0.wp.com\/politicosaldesnudo.com.mx\/wp-content\/uploads\/2026\/08\/baqueiro-la-herencia.png?fit=1200%2C659&ssl=1&resize=350%2C200","width":350,"height":200,"srcset":"https:\/\/i0.wp.com\/politicosaldesnudo.com.mx\/wp-content\/uploads\/2026\/08\/baqueiro-la-herencia.png?fit=1200%2C659&ssl=1&resize=350%2C200 1x, https:\/\/i0.wp.com\/politicosaldesnudo.com.mx\/wp-content\/uploads\/2026\/08\/baqueiro-la-herencia.png?fit=1200%2C659&ssl=1&resize=525%2C300 1.5x, https:\/\/i0.wp.com\/politicosaldesnudo.com.mx\/wp-content\/uploads\/2026\/08\/baqueiro-la-herencia.png?fit=1200%2C659&ssl=1&resize=700%2C400 2x, https:\/\/i0.wp.com\/politicosaldesnudo.com.mx\/wp-content\/uploads\/2026\/08\/baqueiro-la-herencia.png?fit=1200%2C659&ssl=1&resize=1050%2C600 3x"},"classes":[]},{"id":87316,"url":"https:\/\/politicosaldesnudo.com.mx\/index.php\/2026\/07\/29\/sheinbaum-anuncia-decreto-para-evitar-que-dependencias-reserven-informacion-de-manera-discrecional\/","url_meta":{"origin":80062,"position":1},"title":"Sheinbaum anuncia decreto para evitar que dependencias reserven informaci\u00f3n de manera discrecional","author":"Redacci\u00f3n Pol\u00edticos","date":"29 de julio de 2026","format":false,"excerpt":"La presidenta Claudia Sheinbaum Pardo adelant\u00f3 este martes que emitir\u00e1 un \u201cdecreto para la transparencia\u201d en la administraci\u00f3n p\u00fablica federal, con el objetivo de evitar que las dependencias reserven informaci\u00f3n de manera discrecional y, con ello, combatir la opacidad y la impunidad. Durante su conferencia matutina en Palacio Nacional, explic\u00f3\u2026","rel":"","context":"En \u00abNACIONAL\u00bb","block_context":{"text":"NACIONAL","link":"https:\/\/politicosaldesnudo.com.mx\/index.php\/category\/nacional\/"},"img":{"alt_text":"","src":"https:\/\/i0.wp.com\/politicosaldesnudo.com.mx\/wp-content\/uploads\/2026\/07\/Sin-titulo-1.jpg?fit=1200%2C741&ssl=1&resize=350%2C200","width":350,"height":200,"srcset":"https:\/\/i0.wp.com\/politicosaldesnudo.com.mx\/wp-content\/uploads\/2026\/07\/Sin-titulo-1.jpg?fit=1200%2C741&ssl=1&resize=350%2C200 1x, https:\/\/i0.wp.com\/politicosaldesnudo.com.mx\/wp-content\/uploads\/2026\/07\/Sin-titulo-1.jpg?fit=1200%2C741&ssl=1&resize=525%2C300 1.5x, https:\/\/i0.wp.com\/politicosaldesnudo.com.mx\/wp-content\/uploads\/2026\/07\/Sin-titulo-1.jpg?fit=1200%2C741&ssl=1&resize=700%2C400 2x, https:\/\/i0.wp.com\/politicosaldesnudo.com.mx\/wp-content\/uploads\/2026\/07\/Sin-titulo-1.jpg?fit=1200%2C741&ssl=1&resize=1050%2C600 3x"},"classes":[]},{"id":88071,"url":"https:\/\/politicosaldesnudo.com.mx\/index.php\/2026\/08\/26\/cuitlahuac-deja-otro-hoyo-de-56-6-millones-expediente-llega-a-la-fiscalia\/","url_meta":{"origin":80062,"position":2},"title":"Cuitl\u00e1huac deja otro hoyo de 56.6 millones; expediente llega a la Fiscal\u00eda","author":"Redacci\u00f3n Pol\u00edticos","date":"26 de agosto de 2026","format":false,"excerpt":"Alma Grande Por \u00c1ngel \u00c1lvaro Pe\u00f1a La recta final de la administraci\u00f3n de Delia Gonz\u00e1lez Cobos al frente del \u00d3rgano de Fiscalizaci\u00f3n Superior de Veracruz (ORFIS) dej\u00f3 sobre la mesa un expediente que vuelve a poner bajo la lupa el manejo de los recursos p\u00fablicos durante el gobierno de Cuitl\u00e1huac\u2026","rel":"","context":"En \u00abOPINI\u00d3N\u00bb","block_context":{"text":"OPINI\u00d3N","link":"https:\/\/politicosaldesnudo.com.mx\/index.php\/category\/columnistas\/"},"img":{"alt_text":"","src":"https:\/\/i0.wp.com\/politicosaldesnudo.com.mx\/wp-content\/uploads\/2026\/08\/ag2608.png?fit=1200%2C659&ssl=1&resize=350%2C200","width":350,"height":200,"srcset":"https:\/\/i0.wp.com\/politicosaldesnudo.com.mx\/wp-content\/uploads\/2026\/08\/ag2608.png?fit=1200%2C659&ssl=1&resize=350%2C200 1x, https:\/\/i0.wp.com\/politicosaldesnudo.com.mx\/wp-content\/uploads\/2026\/08\/ag2608.png?fit=1200%2C659&ssl=1&resize=525%2C300 1.5x, https:\/\/i0.wp.com\/politicosaldesnudo.com.mx\/wp-content\/uploads\/2026\/08\/ag2608.png?fit=1200%2C659&ssl=1&resize=700%2C400 2x, https:\/\/i0.wp.com\/politicosaldesnudo.com.mx\/wp-content\/uploads\/2026\/08\/ag2608.png?fit=1200%2C659&ssl=1&resize=1050%2C600 3x"},"classes":[]},{"id":88131,"url":"https:\/\/politicosaldesnudo.com.mx\/index.php\/2026\/08\/28\/corrupcion-bajo-la-lupa-en-veracruz-96-investigaciones-y-apenas-11-sanciones\/","url_meta":{"origin":80062,"position":3},"title":"Corrupci\u00f3n bajo la lupa en Veracruz: 96 investigaciones y apenas 11 sanciones","author":"Redacci\u00f3n Pol\u00edticos","date":"28 de agosto de 2026","format":false,"excerpt":"La detecci\u00f3n de posibles actos de corrupci\u00f3n en Veracruz no siempre se traduce en castigos. Aunque las autoridades fiscalizadoras reportaron 96 investigaciones por faltas administrativas graves, el balance disponible registra \u00fanicamente nueve resoluciones definitivas y 11 sanciones. Las cifras forman parte de un estudio presentado por Transparencia Mexicana, elaborado con\u2026","rel":"","context":"En \u00abESTADOS\u00bb","block_context":{"text":"ESTADOS","link":"https:\/\/politicosaldesnudo.com.mx\/index.php\/category\/estados\/"},"img":{"alt_text":"","src":"https:\/\/i0.wp.com\/politicosaldesnudo.com.mx\/wp-content\/uploads\/2026\/08\/juz.jpg?fit=1200%2C800&ssl=1&resize=350%2C200","width":350,"height":200,"srcset":"https:\/\/i0.wp.com\/politicosaldesnudo.com.mx\/wp-content\/uploads\/2026\/08\/juz.jpg?fit=1200%2C800&ssl=1&resize=350%2C200 1x, https:\/\/i0.wp.com\/politicosaldesnudo.com.mx\/wp-content\/uploads\/2026\/08\/juz.jpg?fit=1200%2C800&ssl=1&resize=525%2C300 1.5x, https:\/\/i0.wp.com\/politicosaldesnudo.com.mx\/wp-content\/uploads\/2026\/08\/juz.jpg?fit=1200%2C800&ssl=1&resize=700%2C400 2x, https:\/\/i0.wp.com\/politicosaldesnudo.com.mx\/wp-content\/uploads\/2026\/08\/juz.jpg?fit=1200%2C800&ssl=1&resize=1050%2C600 3x"},"classes":[]},{"id":87915,"url":"https:\/\/politicosaldesnudo.com.mx\/index.php\/2026\/08\/20\/sheinbaum-abre-la-puerta-a-incorporar-a-monica-soto-al-gobierno-federal\/","url_meta":{"origin":80062,"position":4},"title":"Sheinbaum abre la puerta a incorporar a M\u00f3nica Soto al Gobierno federal","author":"Redacci\u00f3n Pol\u00edticos","date":"20 de agosto de 2026","format":false,"excerpt":"La presidenta Claudia Sheinbaum Pardo dej\u00f3 abierta la posibilidad de que M\u00f3nica Soto Fregoso se integre en el futuro a la administraci\u00f3n p\u00fablica federal, luego de presentar su renuncia como magistrada de la Sala Superior del Tribunal Electoral del Poder Judicial de la Federaci\u00f3n (TEPJF). Durante su conferencia matutina, la\u2026","rel":"","context":"En \u00abNACIONAL\u00bb","block_context":{"text":"NACIONAL","link":"https:\/\/politicosaldesnudo.com.mx\/index.php\/category\/nacional\/"},"img":{"alt_text":"","src":"https:\/\/i0.wp.com\/politicosaldesnudo.com.mx\/wp-content\/uploads\/2026\/08\/monica-soto.jpeg?fit=1200%2C812&ssl=1&resize=350%2C200","width":350,"height":200,"srcset":"https:\/\/i0.wp.com\/politicosaldesnudo.com.mx\/wp-content\/uploads\/2026\/08\/monica-soto.jpeg?fit=1200%2C812&ssl=1&resize=350%2C200 1x, https:\/\/i0.wp.com\/politicosaldesnudo.com.mx\/wp-content\/uploads\/2026\/08\/monica-soto.jpeg?fit=1200%2C812&ssl=1&resize=525%2C300 1.5x, https:\/\/i0.wp.com\/politicosaldesnudo.com.mx\/wp-content\/uploads\/2026\/08\/monica-soto.jpeg?fit=1200%2C812&ssl=1&resize=700%2C400 2x, https:\/\/i0.wp.com\/politicosaldesnudo.com.mx\/wp-content\/uploads\/2026\/08\/monica-soto.jpeg?fit=1200%2C812&ssl=1&resize=1050%2C600 3x"},"classes":[]},{"id":87359,"url":"https:\/\/politicosaldesnudo.com.mx\/index.php\/2026\/07\/29\/estulticia-del-estado\/","url_meta":{"origin":80062,"position":5},"title":"Estulticia del estado","author":"Redacci\u00f3n Pol\u00edticos","date":"29 de julio de 2026","format":false,"excerpt":"Dentro de la abogac\u00eda independiente de la Federaci\u00f3n existe una preocupaci\u00f3n manifiesta por mejorar las instituciones de impartici\u00f3n de justicia, en verdad que hay problemas por resolver, sin embargo, los indicadores del Movimiento de Regeneraci\u00f3n Nacional son claros, vamos hacia la destrucci\u00f3n de la independencia del Poder Judicial Federal. Para\u2026","rel":"","context":"En \u00abOPINI\u00d3N\u00bb","block_context":{"text":"OPINI\u00d3N","link":"https:\/\/politicosaldesnudo.com.mx\/index.php\/category\/columnistas\/"},"img":{"alt_text":"","src":"https:\/\/i0.wp.com\/politicosaldesnudo.com.mx\/wp-content\/uploads\/2026\/03\/WOODLRICH.jpg?fit=800%2C445&ssl=1&resize=350%2C200","width":350,"height":200,"srcset":"https:\/\/i0.wp.com\/politicosaldesnudo.com.mx\/wp-content\/uploads\/2026\/03\/WOODLRICH.jpg?fit=800%2C445&ssl=1&resize=350%2C200 1x, https:\/\/i0.wp.com\/politicosaldesnudo.com.mx\/wp-content\/uploads\/2026\/03\/WOODLRICH.jpg?fit=800%2C445&ssl=1&resize=525%2C300 1.5x, https:\/\/i0.wp.com\/politicosaldesnudo.com.mx\/wp-content\/uploads\/2026\/03\/WOODLRICH.jpg?fit=800%2C445&ssl=1&resize=700%2C400 2x"},"classes":[]}],"jetpack_sharing_enabled":true,"jetpack_featured_media_url":"https:\/\/i0.wp.com\/politicosaldesnudo.com.mx\/wp-content\/uploads\/2026\/02\/ASF.jpg?fit=1200%2C797&ssl=1","_links":{"self":[{"href":"https:\/\/politicosaldesnudo.com.mx\/index.php\/wp-json\/wp\/v2\/posts\/80062","targetHints":{"allow":["GET"]}}],"collection":[{"href":"https:\/\/politicosaldesnudo.com.mx\/index.php\/wp-json\/wp\/v2\/posts"}],"about":[{"href":"https:\/\/politicosaldesnudo.com.mx\/index.php\/wp-json\/wp\/v2\/types\/post"}],"author":[{"embeddable":true,"href":"https:\/\/politicosaldesnudo.com.mx\/index.php\/wp-json\/wp\/v2\/users\/4"}],"replies":[{"embeddable":true,"href":"https:\/\/politicosaldesnudo.com.mx\/index.php\/wp-json\/wp\/v2\/comments?post=80062"}],"version-history":[{"count":0,"href":"https:\/\/politicosaldesnudo.com.mx\/index.php\/wp-json\/wp\/v2\/posts\/80062\/revisions"}],"wp:featuredmedia":[{"embeddable":true,"href":"https:\/\/politicosaldesnudo.com.mx\/index.php\/wp-json\/wp\/v2\/media\/80063"}],"wp:attachment":[{"href":"https:\/\/politicosaldesnudo.com.mx\/index.php\/wp-json\/wp\/v2\/media?parent=80062"}],"wp:term":[{"taxonomy":"category","embeddable":true,"href":"https:\/\/politicosaldesnudo.com.mx\/index.php\/wp-json\/wp\/v2\/categories?post=80062"},{"taxonomy":"post_tag","embeddable":true,"href":"https:\/\/politicosaldesnudo.com.mx\/index.php\/wp-json\/wp\/v2\/tags?post=80062"}],"curies":[{"name":"wp","href":"https:\/\/api.w.org\/{rel}","templated":true}]}}