{"id":80068,"date":"2026-02-16T01:26:36","date_gmt":"2026-02-16T07:26:36","guid":{"rendered":"https:\/\/politicosaldesnudo.com.mx\/?p=80068"},"modified":"2026-02-16T01:26:36","modified_gmt":"2026-02-16T07:26:36","slug":"lula-promulga-la-ley-del-gas-del-pueblo-para-recargas-gratuitas-en-15-millones-de-hogares","status":"publish","type":"post","link":"https:\/\/politicosaldesnudo.com.mx\/index.php\/2026\/02\/16\/lula-promulga-la-ley-del-gas-del-pueblo-para-recargas-gratuitas-en-15-millones-de-hogares\/","title":{"rendered":"Lula promulga la Ley del Gas del Pueblo para recargas gratuitas en 15 millones de hogares"},"content":{"rendered":"<p>El presidente de Brasil, Luiz In\u00e1cio Lula da Silva, ha aprobado la creaci\u00f3n de un programa &#8211;bautizado como &#8216;Gas del Pueblo&#8217;&#8211; para asegurar la recarga sin coste de bombonas de 13 kilogramos a los hogares vulnerables inscritos en el Registro \u00danico de Programas Sociales del Gobierno Federal (Cad\u00danico), con la previsi\u00f3n de que la medida beneficie a unos 50 millones de personas.<\/p>\n<p>El plan tiene como objetivo combatir la pobreza energ\u00e9tica que afecta a los hogares con menos recursos, atendiendo especialmente a las dificultades para acceder al gas licuado de petr\u00f3leo (GLP), conocido popularmente como gas de cocina.<\/p>\n<p>El mismo medio subraya, no obstante, que para poder beneficiarse de este subsidio, los solicitantes han de acreditar como m\u00e1ximo \u00abingresos por persona de hasta la mitad del salario m\u00ednimo\u00bb, ha informado la Presidencia brasile\u00f1a en un comunicado recogido por la Agencia de Brasil.<\/p>\n<p>La ejecuci\u00f3n de la iniciativa implicar\u00e1 a los ministerios de Minas y Energ\u00eda y de Desarrollo y Asistencia Social, Familia y Combate al Hambre, as\u00ed como a la entidad financiera p\u00fablica Caixa Econ\u00f3mica Federal.<\/p>\n<p>As\u00ed las cosas, \u00abcon el hito de 10 mil puntos de venta acreditados en menos de dos meses, uno de cada seis revendedores de GLP del pa\u00eds ha quedado vinculado a la iniciativa\u00bb, han subrayado desde el Palacio de Planalto, en Brasilia, la capital del pa\u00eds.<\/p>\n<p><strong>Requisitos para acceder al beneficio\u00a0<\/strong><\/p>\n<p>El Ejecutivo brasile\u00f1o, que espera que el proyecto &#8211;desarrollado en la Ley n.\u00ba 15.348&#8211; est\u00e9 plenamente operativo en marzo, estima que el programa alcanzar\u00e1 a aproximadamente 15 millones de familias, siempre y cuando cumplan con los requisitos establecidos.<\/p>\n<p>Por ejemplo, toda familia que pretenda solicitar el acceso a este programa habr\u00e1 de ser previamente beneficiarias del Bolsa Familia con al menos dos integrantes y haber mantenido actualizado su registro en el Cad\u00danico durante los \u00faltimos 24 meses.<\/p>\n<p>Adem\u00e1s, el C\u00f3digo de Identificaci\u00f3n Fiscal (CPF) del cabeza de familia debe estar en \u00absituaci\u00f3n regular\u00bb y \u00absin incidencias\u00bb, como verificaciones pendientes o registros de fallecimiento.<\/p>\n<p>Las familias demandantes podr\u00e1n comprobar si re\u00fanen los requisitos exigidos a trav\u00e9s de la aplicaci\u00f3n Meu Social &#8211; G\u00e1s do Povo, en la que tambi\u00e9n tendr\u00e1n acceso a datos relacionados con el estado de su vale de recarga o la localizaci\u00f3n de establecimientos autorizados, junto con sus tel\u00e9fonos y direcciones.<\/p>\n<p>Para quienes no dispongan de acceso a Internet o tel\u00e9fono m\u00f3vil, el programa permite la utilizaci\u00f3n del vale mediante la tarjeta del Bolsa Familia con chip, la tarjeta de d\u00e9bito de Caixa o facilitando el CPF del responsable familiar en el punto de venta acreditado.<\/p>\n","protected":false},"excerpt":{"rendered":"<p>El presidente de Brasil, Luiz In\u00e1cio Lula da Silva, ha aprobado la creaci\u00f3n de un programa &#8211;bautizado como &#8216;Gas del [&hellip;]<\/p>\n","protected":false},"author":4,"featured_media":80069,"comment_status":"closed","ping_status":"closed","sticky":false,"template":"","format":"standard","meta":{"site-sidebar-layout":"default","site-content-layout":"","ast-site-content-layout":"default","site-content-style":"default","site-sidebar-style":"default","ast-global-header-display":"","ast-banner-title-visibility":"","ast-main-header-display":"","ast-hfb-above-header-display":"","ast-hfb-below-header-display":"","ast-hfb-mobile-header-display":"","site-post-title":"","ast-breadcrumbs-content":"","ast-featured-img":"","footer-sml-layout":"","ast-disable-related-posts":"","theme-transparent-header-meta":"","adv-header-id-meta":"","stick-header-meta":"","header-above-stick-meta":"","header-main-stick-meta":"","header-below-stick-meta":"","astra-migrate-meta-layouts":"default","ast-page-background-enabled":"default","ast-page-background-meta":{"desktop":{"background-color":"var(--ast-global-color-5)","background-image":"","background-repeat":"repeat","background-position":"center center","background-size":"auto","background-attachment":"scroll","background-type":"","background-media":"","overlay-type":"","overlay-color":"","overlay-opacity":"","overlay-gradient":""},"tablet":{"background-color":"","background-image":"","background-repeat":"repeat","background-position":"center center","background-size":"auto","background-attachment":"scroll","background-type":"","background-media":"","overlay-type":"","overlay-color":"","overlay-opacity":"","overlay-gradient":""},"mobile":{"background-color":"","background-image":"","background-repeat":"repeat","background-position":"center center","background-size":"auto","background-attachment":"scroll","background-type":"","background-media":"","overlay-type":"","overlay-color":"","overlay-opacity":"","overlay-gradient":""}},"ast-content-background-meta":{"desktop":{"background-color":"var(--ast-global-color-4)","background-image":"","background-repeat":"repeat","background-position":"center center","background-size":"auto","background-attachment":"scroll","background-type":"","background-media":"","overlay-type":"","overlay-color":"","overlay-opacity":"","overlay-gradient":""},"tablet":{"background-color":"var(--ast-global-color-4)","background-image":"","background-repeat":"repeat","background-position":"center center","background-size":"auto","background-attachment":"scroll","background-type":"","background-media":"","overlay-type":"","overlay-color":"","overlay-opacity":"","overlay-gradient":""},"mobile":{"background-color":"var(--ast-global-color-4)","background-image":"","background-repeat":"repeat","background-position":"center center","background-size":"auto","background-attachment":"scroll","background-type":"","background-media":"","overlay-type":"","overlay-color":"","overlay-opacity":"","overlay-gradient":""}},"_jetpack_newsletter_access":"","_jetpack_dont_email_post_to_subs":false,"_jetpack_newsletter_tier_id":0,"_jetpack_memberships_contains_paywalled_content":false,"_jetpack_feature_clip_id":0,"_jetpack_memberships_contains_paid_content":false,"footnotes":"","jetpack_publicize_message":"","jetpack_publicize_feature_enabled":true,"jetpack_social_post_already_shared":true,"jetpack_social_options":{"image_generator_settings":{"template":"highway","default_image_id":0,"font":"","enabled":false},"version":2},"jetpack_post_was_ever_published":false},"categories":[2050],"tags":[],"class_list":["post-80068","post","type-post","status-publish","format-standard","has-post-thumbnail","hentry","category-economia"],"yoast_head":"<!-- This site is optimized with the Yoast SEO plugin v28.3 - https:\/\/yoast.com\/product\/yoast-seo-wordpress\/ -->\n<title>Lula promulga la Ley del Gas del Pueblo para recargas gratuitas en 15 millones de hogares - Pol\u00edticos al Desnudo<\/title>\n<meta name=\"robots\" content=\"index, follow, max-snippet:-1, max-image-preview:large, max-video-preview:-1\" \/>\n<link rel=\"canonical\" href=\"https:\/\/politicosaldesnudo.com.mx\/index.php\/2026\/02\/16\/lula-promulga-la-ley-del-gas-del-pueblo-para-recargas-gratuitas-en-15-millones-de-hogares\/\" \/>\n<meta property=\"og:locale\" content=\"es_ES\" \/>\n<meta property=\"og:type\" content=\"article\" \/>\n<meta property=\"og:title\" content=\"Lula promulga la Ley del Gas del Pueblo para recargas gratuitas en 15 millones de hogares - Pol\u00edticos al Desnudo\" \/>\n<meta property=\"og:description\" content=\"El presidente de Brasil, Luiz In\u00e1cio Lula da Silva, ha aprobado la creaci\u00f3n de un programa &#8211;bautizado como &#8216;Gas del [&hellip;]\" \/>\n<meta property=\"og:url\" content=\"https:\/\/politicosaldesnudo.com.mx\/index.php\/2026\/02\/16\/lula-promulga-la-ley-del-gas-del-pueblo-para-recargas-gratuitas-en-15-millones-de-hogares\/\" \/>\n<meta property=\"og:site_name\" content=\"Pol\u00edticos al Desnudo\" \/>\n<meta property=\"article:publisher\" content=\"https:\/\/www.facebook.com\/PoliticosAD\" \/>\n<meta property=\"article:published_time\" content=\"2026-02-16T07:26:36+00:00\" \/>\n<meta property=\"og:image\" content=\"https:\/\/i0.wp.com\/politicosaldesnudo.com.mx\/wp-content\/uploads\/2026\/02\/LUI.jpg?fit=1200%2C801&ssl=1\" \/>\n\t<meta property=\"og:image:width\" content=\"1200\" \/>\n\t<meta property=\"og:image:height\" content=\"801\" \/>\n\t<meta property=\"og:image:type\" content=\"image\/jpeg\" \/>\n<meta name=\"author\" content=\"Redacci\u00f3n Pol\u00edticos\" \/>\n<meta name=\"twitter:card\" content=\"summary_large_image\" \/>\n<meta name=\"twitter:label1\" content=\"Escrito por\" \/>\n\t<meta name=\"twitter:data1\" content=\"Redacci\u00f3n Pol\u00edticos\" \/>\n\t<meta name=\"twitter:label2\" content=\"Tiempo de lectura\" \/>\n\t<meta name=\"twitter:data2\" content=\"2 minutos\" \/>\n<script type=\"application\/ld+json\" class=\"yoast-schema-graph\">{\"@context\":\"https:\\\/\\\/schema.org\",\"@graph\":[{\"@type\":\"Article\",\"@id\":\"https:\\\/\\\/politicosaldesnudo.com.mx\\\/index.php\\\/2026\\\/02\\\/16\\\/lula-promulga-la-ley-del-gas-del-pueblo-para-recargas-gratuitas-en-15-millones-de-hogares\\\/#article\",\"isPartOf\":{\"@id\":\"https:\\\/\\\/politicosaldesnudo.com.mx\\\/index.php\\\/2026\\\/02\\\/16\\\/lula-promulga-la-ley-del-gas-del-pueblo-para-recargas-gratuitas-en-15-millones-de-hogares\\\/\"},\"author\":{\"name\":\"Redacci\u00f3n Pol\u00edticos\",\"@id\":\"https:\\\/\\\/politicosaldesnudo.com.mx\\\/#\\\/schema\\\/person\\\/ef3a64e561cc3f3f5dc52fab81adde7e\"},\"headline\":\"Lula promulga la Ley del Gas del Pueblo para recargas gratuitas en 15 millones de hogares\",\"datePublished\":\"2026-02-16T07:26:36+00:00\",\"mainEntityOfPage\":{\"@id\":\"https:\\\/\\\/politicosaldesnudo.com.mx\\\/index.php\\\/2026\\\/02\\\/16\\\/lula-promulga-la-ley-del-gas-del-pueblo-para-recargas-gratuitas-en-15-millones-de-hogares\\\/\"},\"wordCount\":470,\"publisher\":{\"@id\":\"https:\\\/\\\/politicosaldesnudo.com.mx\\\/#organization\"},\"image\":{\"@id\":\"https:\\\/\\\/politicosaldesnudo.com.mx\\\/index.php\\\/2026\\\/02\\\/16\\\/lula-promulga-la-ley-del-gas-del-pueblo-para-recargas-gratuitas-en-15-millones-de-hogares\\\/#primaryimage\"},\"thumbnailUrl\":\"https:\\\/\\\/i0.wp.com\\\/politicosaldesnudo.com.mx\\\/wp-content\\\/uploads\\\/2026\\\/02\\\/LUI.jpg?fit=1200%2C801&ssl=1\",\"articleSection\":[\"ECONOM\u00cdA\"],\"inLanguage\":\"es\"},{\"@type\":\"WebPage\",\"@id\":\"https:\\\/\\\/politicosaldesnudo.com.mx\\\/index.php\\\/2026\\\/02\\\/16\\\/lula-promulga-la-ley-del-gas-del-pueblo-para-recargas-gratuitas-en-15-millones-de-hogares\\\/\",\"url\":\"https:\\\/\\\/politicosaldesnudo.com.mx\\\/index.php\\\/2026\\\/02\\\/16\\\/lula-promulga-la-ley-del-gas-del-pueblo-para-recargas-gratuitas-en-15-millones-de-hogares\\\/\",\"name\":\"Lula promulga la Ley del Gas del Pueblo para recargas gratuitas en 15 millones de hogares - Pol\u00edticos al Desnudo\",\"isPartOf\":{\"@id\":\"https:\\\/\\\/politicosaldesnudo.com.mx\\\/#website\"},\"primaryImageOfPage\":{\"@id\":\"https:\\\/\\\/politicosaldesnudo.com.mx\\\/index.php\\\/2026\\\/02\\\/16\\\/lula-promulga-la-ley-del-gas-del-pueblo-para-recargas-gratuitas-en-15-millones-de-hogares\\\/#primaryimage\"},\"image\":{\"@id\":\"https:\\\/\\\/politicosaldesnudo.com.mx\\\/index.php\\\/2026\\\/02\\\/16\\\/lula-promulga-la-ley-del-gas-del-pueblo-para-recargas-gratuitas-en-15-millones-de-hogares\\\/#primaryimage\"},\"thumbnailUrl\":\"https:\\\/\\\/i0.wp.com\\\/politicosaldesnudo.com.mx\\\/wp-content\\\/uploads\\\/2026\\\/02\\\/LUI.jpg?fit=1200%2C801&ssl=1\",\"datePublished\":\"2026-02-16T07:26:36+00:00\",\"breadcrumb\":{\"@id\":\"https:\\\/\\\/politicosaldesnudo.com.mx\\\/index.php\\\/2026\\\/02\\\/16\\\/lula-promulga-la-ley-del-gas-del-pueblo-para-recargas-gratuitas-en-15-millones-de-hogares\\\/#breadcrumb\"},\"inLanguage\":\"es\",\"potentialAction\":[{\"@type\":\"ReadAction\",\"target\":[\"https:\\\/\\\/politicosaldesnudo.com.mx\\\/index.php\\\/2026\\\/02\\\/16\\\/lula-promulga-la-ley-del-gas-del-pueblo-para-recargas-gratuitas-en-15-millones-de-hogares\\\/\"]}]},{\"@type\":\"ImageObject\",\"inLanguage\":\"es\",\"@id\":\"https:\\\/\\\/politicosaldesnudo.com.mx\\\/index.php\\\/2026\\\/02\\\/16\\\/lula-promulga-la-ley-del-gas-del-pueblo-para-recargas-gratuitas-en-15-millones-de-hogares\\\/#primaryimage\",\"url\":\"https:\\\/\\\/i0.wp.com\\\/politicosaldesnudo.com.mx\\\/wp-content\\\/uploads\\\/2026\\\/02\\\/LUI.jpg?fit=1200%2C801&ssl=1\",\"contentUrl\":\"https:\\\/\\\/i0.wp.com\\\/politicosaldesnudo.com.mx\\\/wp-content\\\/uploads\\\/2026\\\/02\\\/LUI.jpg?fit=1200%2C801&ssl=1\",\"width\":1200,\"height\":801},{\"@type\":\"BreadcrumbList\",\"@id\":\"https:\\\/\\\/politicosaldesnudo.com.mx\\\/index.php\\\/2026\\\/02\\\/16\\\/lula-promulga-la-ley-del-gas-del-pueblo-para-recargas-gratuitas-en-15-millones-de-hogares\\\/#breadcrumb\",\"itemListElement\":[{\"@type\":\"ListItem\",\"position\":1,\"name\":\"Portada\",\"item\":\"https:\\\/\\\/politicosaldesnudo.com.mx\\\/\"},{\"@type\":\"ListItem\",\"position\":2,\"name\":\"Lula promulga la Ley del Gas del Pueblo para recargas gratuitas en 15 millones de hogares\"}]},{\"@type\":\"WebSite\",\"@id\":\"https:\\\/\\\/politicosaldesnudo.com.mx\\\/#website\",\"url\":\"https:\\\/\\\/politicosaldesnudo.com.mx\\\/\",\"name\":\"Pol\u00edticos al Desnudo\",\"description\":\"\",\"publisher\":{\"@id\":\"https:\\\/\\\/politicosaldesnudo.com.mx\\\/#organization\"},\"potentialAction\":[{\"@type\":\"SearchAction\",\"target\":{\"@type\":\"EntryPoint\",\"urlTemplate\":\"https:\\\/\\\/politicosaldesnudo.com.mx\\\/?s={search_term_string}\"},\"query-input\":{\"@type\":\"PropertyValueSpecification\",\"valueRequired\":true,\"valueName\":\"search_term_string\"}}],\"inLanguage\":\"es\"},{\"@type\":\"Organization\",\"@id\":\"https:\\\/\\\/politicosaldesnudo.com.mx\\\/#organization\",\"name\":\"Pol\u00edticos al Desnudo\",\"url\":\"https:\\\/\\\/politicosaldesnudo.com.mx\\\/\",\"logo\":{\"@type\":\"ImageObject\",\"inLanguage\":\"es\",\"@id\":\"https:\\\/\\\/politicosaldesnudo.com.mx\\\/#\\\/schema\\\/logo\\\/image\\\/\",\"url\":\"https:\\\/\\\/i0.wp.com\\\/politicosaldesnudo.com.mx\\\/wp-content\\\/uploads\\\/2026\\\/08\\\/cropped-logo.webp?fit=400%2C126&ssl=1\",\"contentUrl\":\"https:\\\/\\\/i0.wp.com\\\/politicosaldesnudo.com.mx\\\/wp-content\\\/uploads\\\/2026\\\/08\\\/cropped-logo.webp?fit=400%2C126&ssl=1\",\"width\":400,\"height\":126,\"caption\":\"Pol\u00edticos al Desnudo\"},\"image\":{\"@id\":\"https:\\\/\\\/politicosaldesnudo.com.mx\\\/#\\\/schema\\\/logo\\\/image\\\/\"},\"sameAs\":[\"https:\\\/\\\/www.facebook.com\\\/PoliticosAD\"]},{\"@type\":\"Person\",\"@id\":\"https:\\\/\\\/politicosaldesnudo.com.mx\\\/#\\\/schema\\\/person\\\/ef3a64e561cc3f3f5dc52fab81adde7e\",\"name\":\"Redacci\u00f3n Pol\u00edticos\",\"url\":\"https:\\\/\\\/politicosaldesnudo.com.mx\\\/index.php\\\/author\\\/redaccion-politicos\\\/\"}]}<\/script>\n<!-- \/ Yoast SEO plugin. -->","yoast_head_json":{"title":"Lula promulga la Ley del Gas del Pueblo para recargas gratuitas en 15 millones de hogares - Pol\u00edticos al Desnudo","robots":{"index":"index","follow":"follow","max-snippet":"max-snippet:-1","max-image-preview":"max-image-preview:large","max-video-preview":"max-video-preview:-1"},"canonical":"https:\/\/politicosaldesnudo.com.mx\/index.php\/2026\/02\/16\/lula-promulga-la-ley-del-gas-del-pueblo-para-recargas-gratuitas-en-15-millones-de-hogares\/","og_locale":"es_ES","og_type":"article","og_title":"Lula promulga la Ley del Gas del Pueblo para recargas gratuitas en 15 millones de hogares - Pol\u00edticos al Desnudo","og_description":"El presidente de Brasil, Luiz In\u00e1cio Lula da Silva, ha aprobado la creaci\u00f3n de un programa &#8211;bautizado como &#8216;Gas del [&hellip;]","og_url":"https:\/\/politicosaldesnudo.com.mx\/index.php\/2026\/02\/16\/lula-promulga-la-ley-del-gas-del-pueblo-para-recargas-gratuitas-en-15-millones-de-hogares\/","og_site_name":"Pol\u00edticos al Desnudo","article_publisher":"https:\/\/www.facebook.com\/PoliticosAD","article_published_time":"2026-02-16T07:26:36+00:00","og_image":[{"width":1200,"height":801,"url":"https:\/\/i0.wp.com\/politicosaldesnudo.com.mx\/wp-content\/uploads\/2026\/02\/LUI.jpg?fit=1200%2C801&ssl=1","type":"image\/jpeg"}],"author":"Redacci\u00f3n Pol\u00edticos","twitter_card":"summary_large_image","twitter_misc":{"Escrito por":"Redacci\u00f3n Pol\u00edticos","Tiempo de lectura":"2 minutos"},"schema":{"@context":"https:\/\/schema.org","@graph":[{"@type":"Article","@id":"https:\/\/politicosaldesnudo.com.mx\/index.php\/2026\/02\/16\/lula-promulga-la-ley-del-gas-del-pueblo-para-recargas-gratuitas-en-15-millones-de-hogares\/#article","isPartOf":{"@id":"https:\/\/politicosaldesnudo.com.mx\/index.php\/2026\/02\/16\/lula-promulga-la-ley-del-gas-del-pueblo-para-recargas-gratuitas-en-15-millones-de-hogares\/"},"author":{"name":"Redacci\u00f3n Pol\u00edticos","@id":"https:\/\/politicosaldesnudo.com.mx\/#\/schema\/person\/ef3a64e561cc3f3f5dc52fab81adde7e"},"headline":"Lula promulga la Ley del Gas del Pueblo para recargas gratuitas en 15 millones de hogares","datePublished":"2026-02-16T07:26:36+00:00","mainEntityOfPage":{"@id":"https:\/\/politicosaldesnudo.com.mx\/index.php\/2026\/02\/16\/lula-promulga-la-ley-del-gas-del-pueblo-para-recargas-gratuitas-en-15-millones-de-hogares\/"},"wordCount":470,"publisher":{"@id":"https:\/\/politicosaldesnudo.com.mx\/#organization"},"image":{"@id":"https:\/\/politicosaldesnudo.com.mx\/index.php\/2026\/02\/16\/lula-promulga-la-ley-del-gas-del-pueblo-para-recargas-gratuitas-en-15-millones-de-hogares\/#primaryimage"},"thumbnailUrl":"https:\/\/i0.wp.com\/politicosaldesnudo.com.mx\/wp-content\/uploads\/2026\/02\/LUI.jpg?fit=1200%2C801&ssl=1","articleSection":["ECONOM\u00cdA"],"inLanguage":"es"},{"@type":"WebPage","@id":"https:\/\/politicosaldesnudo.com.mx\/index.php\/2026\/02\/16\/lula-promulga-la-ley-del-gas-del-pueblo-para-recargas-gratuitas-en-15-millones-de-hogares\/","url":"https:\/\/politicosaldesnudo.com.mx\/index.php\/2026\/02\/16\/lula-promulga-la-ley-del-gas-del-pueblo-para-recargas-gratuitas-en-15-millones-de-hogares\/","name":"Lula promulga la Ley del Gas del Pueblo para recargas gratuitas en 15 millones de hogares - Pol\u00edticos al Desnudo","isPartOf":{"@id":"https:\/\/politicosaldesnudo.com.mx\/#website"},"primaryImageOfPage":{"@id":"https:\/\/politicosaldesnudo.com.mx\/index.php\/2026\/02\/16\/lula-promulga-la-ley-del-gas-del-pueblo-para-recargas-gratuitas-en-15-millones-de-hogares\/#primaryimage"},"image":{"@id":"https:\/\/politicosaldesnudo.com.mx\/index.php\/2026\/02\/16\/lula-promulga-la-ley-del-gas-del-pueblo-para-recargas-gratuitas-en-15-millones-de-hogares\/#primaryimage"},"thumbnailUrl":"https:\/\/i0.wp.com\/politicosaldesnudo.com.mx\/wp-content\/uploads\/2026\/02\/LUI.jpg?fit=1200%2C801&ssl=1","datePublished":"2026-02-16T07:26:36+00:00","breadcrumb":{"@id":"https:\/\/politicosaldesnudo.com.mx\/index.php\/2026\/02\/16\/lula-promulga-la-ley-del-gas-del-pueblo-para-recargas-gratuitas-en-15-millones-de-hogares\/#breadcrumb"},"inLanguage":"es","potentialAction":[{"@type":"ReadAction","target":["https:\/\/politicosaldesnudo.com.mx\/index.php\/2026\/02\/16\/lula-promulga-la-ley-del-gas-del-pueblo-para-recargas-gratuitas-en-15-millones-de-hogares\/"]}]},{"@type":"ImageObject","inLanguage":"es","@id":"https:\/\/politicosaldesnudo.com.mx\/index.php\/2026\/02\/16\/lula-promulga-la-ley-del-gas-del-pueblo-para-recargas-gratuitas-en-15-millones-de-hogares\/#primaryimage","url":"https:\/\/i0.wp.com\/politicosaldesnudo.com.mx\/wp-content\/uploads\/2026\/02\/LUI.jpg?fit=1200%2C801&ssl=1","contentUrl":"https:\/\/i0.wp.com\/politicosaldesnudo.com.mx\/wp-content\/uploads\/2026\/02\/LUI.jpg?fit=1200%2C801&ssl=1","width":1200,"height":801},{"@type":"BreadcrumbList","@id":"https:\/\/politicosaldesnudo.com.mx\/index.php\/2026\/02\/16\/lula-promulga-la-ley-del-gas-del-pueblo-para-recargas-gratuitas-en-15-millones-de-hogares\/#breadcrumb","itemListElement":[{"@type":"ListItem","position":1,"name":"Portada","item":"https:\/\/politicosaldesnudo.com.mx\/"},{"@type":"ListItem","position":2,"name":"Lula promulga la Ley del Gas del Pueblo para recargas gratuitas en 15 millones de hogares"}]},{"@type":"WebSite","@id":"https:\/\/politicosaldesnudo.com.mx\/#website","url":"https:\/\/politicosaldesnudo.com.mx\/","name":"Pol\u00edticos al Desnudo","description":"","publisher":{"@id":"https:\/\/politicosaldesnudo.com.mx\/#organization"},"potentialAction":[{"@type":"SearchAction","target":{"@type":"EntryPoint","urlTemplate":"https:\/\/politicosaldesnudo.com.mx\/?s={search_term_string}"},"query-input":{"@type":"PropertyValueSpecification","valueRequired":true,"valueName":"search_term_string"}}],"inLanguage":"es"},{"@type":"Organization","@id":"https:\/\/politicosaldesnudo.com.mx\/#organization","name":"Pol\u00edticos al Desnudo","url":"https:\/\/politicosaldesnudo.com.mx\/","logo":{"@type":"ImageObject","inLanguage":"es","@id":"https:\/\/politicosaldesnudo.com.mx\/#\/schema\/logo\/image\/","url":"https:\/\/i0.wp.com\/politicosaldesnudo.com.mx\/wp-content\/uploads\/2026\/08\/cropped-logo.webp?fit=400%2C126&ssl=1","contentUrl":"https:\/\/i0.wp.com\/politicosaldesnudo.com.mx\/wp-content\/uploads\/2026\/08\/cropped-logo.webp?fit=400%2C126&ssl=1","width":400,"height":126,"caption":"Pol\u00edticos al Desnudo"},"image":{"@id":"https:\/\/politicosaldesnudo.com.mx\/#\/schema\/logo\/image\/"},"sameAs":["https:\/\/www.facebook.com\/PoliticosAD"]},{"@type":"Person","@id":"https:\/\/politicosaldesnudo.com.mx\/#\/schema\/person\/ef3a64e561cc3f3f5dc52fab81adde7e","name":"Redacci\u00f3n Pol\u00edticos","url":"https:\/\/politicosaldesnudo.com.mx\/index.php\/author\/redaccion-politicos\/"}]}},"jetpack_publicize_connections":[],"jetpack-related-posts":[{"id":15733,"url":"https:\/\/politicosaldesnudo.com.mx\/index.php\/2023\/01\/31\/destaca-lula-organismo-para-negociar-paz-entre-rusia-y-ucrania\/","url_meta":{"origin":80068,"position":0},"title":"Destaca Lula organismo para negociar paz entre Rusia y Ucrania","author":"Redacci\u00f3n Pol\u00edticos","date":"31 de enero de 2023","format":false,"excerpt":"\u00a0 S\u00c3O PAULO, BRASIL. Luiz Inacio Lula da Silva, presidente de Brasil, durante una rueda de prensa conjunta con Olaf Scholz, canciller alem\u00e1n, defendi\u00f3 la creaci\u00f3n de un organismo para negociar la paz entre Rusia y Ucrania. Durante su encuentro con Scholz, Lula\u00a0reafirm\u00f3 su intenci\u00f3n\u00a0de no enviar municiones a Kiev,\u2026","rel":"","context":"En \u00abINTERNACIONAL\u00bb","block_context":{"text":"INTERNACIONAL","link":"https:\/\/politicosaldesnudo.com.mx\/index.php\/category\/internacional\/"},"img":{"alt_text":"","src":"https:\/\/i0.wp.com\/politicosaldesnudo.com.mx\/wp-content\/uploads\/2023\/01\/P-LULA-DA-SILVA-OLAF-SCHOLZ.png?fit=1200%2C671&ssl=1&resize=350%2C200","width":350,"height":200,"srcset":"https:\/\/i0.wp.com\/politicosaldesnudo.com.mx\/wp-content\/uploads\/2023\/01\/P-LULA-DA-SILVA-OLAF-SCHOLZ.png?fit=1200%2C671&ssl=1&resize=350%2C200 1x, https:\/\/i0.wp.com\/politicosaldesnudo.com.mx\/wp-content\/uploads\/2023\/01\/P-LULA-DA-SILVA-OLAF-SCHOLZ.png?fit=1200%2C671&ssl=1&resize=525%2C300 1.5x, https:\/\/i0.wp.com\/politicosaldesnudo.com.mx\/wp-content\/uploads\/2023\/01\/P-LULA-DA-SILVA-OLAF-SCHOLZ.png?fit=1200%2C671&ssl=1&resize=700%2C400 2x, https:\/\/i0.wp.com\/politicosaldesnudo.com.mx\/wp-content\/uploads\/2023\/01\/P-LULA-DA-SILVA-OLAF-SCHOLZ.png?fit=1200%2C671&ssl=1&resize=1050%2C600 3x"},"classes":[]},{"id":87008,"url":"https:\/\/politicosaldesnudo.com.mx\/index.php\/2026\/07\/20\/se-pide-respecto-a-cultura-mayo-yoreme-en-el-proyecto-de-planta-de-amoniaco-en-topolobampo\/","url_meta":{"origin":80068,"position":1},"title":"SE pide respecto a cultura Mayo-Yoreme en el proyecto de planta de amon\u00edaco en Topolobampo","author":"Redacci\u00f3n Pol\u00edticos","date":"20 de julio de 2026","format":false,"excerpt":"La Secretar\u00eda de Econom\u00eda (SE) llam\u00f3 a respetar la cultura Mayo-Yoreme en el proyecto de la planta de amon\u00edaco en Topolobampo, Sinaloa, inform\u00f3 la dependencia. En un comunicado, la SE indic\u00f3 que este s\u00e1bado se realiz\u00f3 la segunda mesa de di\u00e1logo entre el Gobierno de M\u00e9xico, representantes de comunidades y\u2026","rel":"","context":"En \u00abECONOM\u00cdA\u00bb","block_context":{"text":"ECONOM\u00cdA","link":"https:\/\/politicosaldesnudo.com.mx\/index.php\/category\/economia\/"},"img":{"alt_text":"","src":"https:\/\/i0.wp.com\/politicosaldesnudo.com.mx\/wp-content\/uploads\/2026\/07\/atop.webp?fit=1200%2C741&ssl=1&resize=350%2C200","width":350,"height":200,"srcset":"https:\/\/i0.wp.com\/politicosaldesnudo.com.mx\/wp-content\/uploads\/2026\/07\/atop.webp?fit=1200%2C741&ssl=1&resize=350%2C200 1x, https:\/\/i0.wp.com\/politicosaldesnudo.com.mx\/wp-content\/uploads\/2026\/07\/atop.webp?fit=1200%2C741&ssl=1&resize=525%2C300 1.5x, https:\/\/i0.wp.com\/politicosaldesnudo.com.mx\/wp-content\/uploads\/2026\/07\/atop.webp?fit=1200%2C741&ssl=1&resize=700%2C400 2x, https:\/\/i0.wp.com\/politicosaldesnudo.com.mx\/wp-content\/uploads\/2026\/07\/atop.webp?fit=1200%2C741&ssl=1&resize=1050%2C600 3x"},"classes":[]},{"id":87385,"url":"https:\/\/politicosaldesnudo.com.mx\/index.php\/2026\/07\/31\/cfe-obtuvo-ganancias-por-48-mil-mdp-en-el-segundo-trimestre-de-2026\/","url_meta":{"origin":80068,"position":2},"title":"CFE obtuvo ganancias por 48 mil mdp en el segundo trimestre de 2026","author":"Redacci\u00f3n Pol\u00edticos","date":"31 de julio de 2026","format":false,"excerpt":"La Comisi\u00f3n Federal de Electricidad (CFE) obtuvo ganancias por 48 mil 025 millones de pesos en el segundo trimestre de 2026, monto que revierte parte de las p\u00e9rdidas reportadas en los tres primeros meses del a\u00f1o, de acuerdo con el reporte enviado este jueves por la empresa a la Bolsa\u2026","rel":"","context":"En \u00abECONOM\u00cdA\u00bb","block_context":{"text":"ECONOM\u00cdA","link":"https:\/\/politicosaldesnudo.com.mx\/index.php\/category\/economia\/"},"img":{"alt_text":"","src":"https:\/\/i0.wp.com\/politicosaldesnudo.com.mx\/wp-content\/uploads\/2026\/07\/ALAC.webp?fit=1200%2C741&ssl=1&resize=350%2C200","width":350,"height":200,"srcset":"https:\/\/i0.wp.com\/politicosaldesnudo.com.mx\/wp-content\/uploads\/2026\/07\/ALAC.webp?fit=1200%2C741&ssl=1&resize=350%2C200 1x, https:\/\/i0.wp.com\/politicosaldesnudo.com.mx\/wp-content\/uploads\/2026\/07\/ALAC.webp?fit=1200%2C741&ssl=1&resize=525%2C300 1.5x, https:\/\/i0.wp.com\/politicosaldesnudo.com.mx\/wp-content\/uploads\/2026\/07\/ALAC.webp?fit=1200%2C741&ssl=1&resize=700%2C400 2x, https:\/\/i0.wp.com\/politicosaldesnudo.com.mx\/wp-content\/uploads\/2026\/07\/ALAC.webp?fit=1200%2C741&ssl=1&resize=1050%2C600 3x"},"classes":[]},{"id":54677,"url":"https:\/\/politicosaldesnudo.com.mx\/index.php\/2025\/01\/18\/abrira-inscripciones-beca-benito-juarez\/","url_meta":{"origin":80068,"position":3},"title":"Abrir\u00e1 inscripciones Beca Benito Ju\u00e1rez","author":"Redacci\u00f3n Pol\u00edticos","date":"18 de enero de 2025","format":false,"excerpt":"A partir del pr\u00f3ximo 5 de febrero, millones de estudiantes de bachillerato podr\u00e1n registrarse en l\u00ednea para obtener la Beca Benito Ju\u00e1rez. Este apoyo econ\u00f3mico, otorgado por el gobierno federal, busca facilitar el acceso a la educaci\u00f3n de j\u00f3venes en todo el pa\u00eds y en Tuxpan la asesor\u00eda por parte\u2026","rel":"","context":"En \u00abTUXPAN\u00bb","block_context":{"text":"TUXPAN","link":"https:\/\/politicosaldesnudo.com.mx\/index.php\/category\/tuxpan\/"},"img":{"alt_text":"","src":"https:\/\/i0.wp.com\/politicosaldesnudo.com.mx\/wp-content\/uploads\/2025\/01\/5b-6.jpg?fit=1200%2C900&ssl=1&resize=350%2C200","width":350,"height":200,"srcset":"https:\/\/i0.wp.com\/politicosaldesnudo.com.mx\/wp-content\/uploads\/2025\/01\/5b-6.jpg?fit=1200%2C900&ssl=1&resize=350%2C200 1x, https:\/\/i0.wp.com\/politicosaldesnudo.com.mx\/wp-content\/uploads\/2025\/01\/5b-6.jpg?fit=1200%2C900&ssl=1&resize=525%2C300 1.5x, https:\/\/i0.wp.com\/politicosaldesnudo.com.mx\/wp-content\/uploads\/2025\/01\/5b-6.jpg?fit=1200%2C900&ssl=1&resize=700%2C400 2x, https:\/\/i0.wp.com\/politicosaldesnudo.com.mx\/wp-content\/uploads\/2025\/01\/5b-6.jpg?fit=1200%2C900&ssl=1&resize=1050%2C600 3x"},"classes":[]},{"id":87005,"url":"https:\/\/politicosaldesnudo.com.mx\/index.php\/2026\/07\/20\/vacaciones-de-verano-dejaran-una-derrama-economica-a-mexico-por-883-mil-mdp\/","url_meta":{"origin":80068,"position":4},"title":"Vacaciones de verano dejar\u00e1n una derrama econ\u00f3mica a M\u00e9xico por 883 mil mdp","author":"Redacci\u00f3n Pol\u00edticos","date":"20 de julio de 2026","format":false,"excerpt":"M\u00e9xico recibir\u00e1 a m\u00e1s de 22 millones 400 mil turistas este verano, mismos que impulsar\u00e1n una derrama econ\u00f3mica de 883 mil millones de pesos. Este monto representa un crecimiento de 6.5 por ciento en comparaci\u00f3n con el mismo lapso de 2025, seg\u00fan datos oficiales y del sector privado. La Sectur\u2026","rel":"","context":"En \u00abECONOM\u00cdA\u00bb","block_context":{"text":"ECONOM\u00cdA","link":"https:\/\/politicosaldesnudo.com.mx\/index.php\/category\/economia\/"},"img":{"alt_text":"","src":"https:\/\/i0.wp.com\/politicosaldesnudo.com.mx\/wp-content\/uploads\/2026\/07\/GNDJWVNHRKDHOYFJ3PET7PYJTI.jpg?fit=1181%2C788&ssl=1&resize=350%2C200","width":350,"height":200,"srcset":"https:\/\/i0.wp.com\/politicosaldesnudo.com.mx\/wp-content\/uploads\/2026\/07\/GNDJWVNHRKDHOYFJ3PET7PYJTI.jpg?fit=1181%2C788&ssl=1&resize=350%2C200 1x, https:\/\/i0.wp.com\/politicosaldesnudo.com.mx\/wp-content\/uploads\/2026\/07\/GNDJWVNHRKDHOYFJ3PET7PYJTI.jpg?fit=1181%2C788&ssl=1&resize=525%2C300 1.5x, https:\/\/i0.wp.com\/politicosaldesnudo.com.mx\/wp-content\/uploads\/2026\/07\/GNDJWVNHRKDHOYFJ3PET7PYJTI.jpg?fit=1181%2C788&ssl=1&resize=700%2C400 2x, https:\/\/i0.wp.com\/politicosaldesnudo.com.mx\/wp-content\/uploads\/2026\/07\/GNDJWVNHRKDHOYFJ3PET7PYJTI.jpg?fit=1181%2C788&ssl=1&resize=1050%2C600 3x"},"classes":[]},{"id":87328,"url":"https:\/\/politicosaldesnudo.com.mx\/index.php\/2026\/07\/29\/mexico-pierde-251-mil-mdp-anuales-por-excluir-a-personas-con-discapacidad-del-empleo-estudio\/","url_meta":{"origin":80068,"position":5},"title":"M\u00e9xico pierde 251 mil mdp anuales por excluir a personas con discapacidad del empleo: estudio","author":"Redacci\u00f3n Pol\u00edticos","date":"29 de julio de 2026","format":false,"excerpt":"M\u00e9xico deja de generar cerca de 251 mil millones de pesos al a\u00f1o por excluir del mercado laboral a personas con alguna discapacidad, revela un estudio realizado por \u00c9ntrale, Alianza por la Inclusi\u00f3n Laboral de Personas con Discapacidad. De acuerdo con el an\u00e1lisis realizado por la iniciativa del Consejo Mexicano\u2026","rel":"","context":"En \u00abECONOM\u00cdA\u00bb","block_context":{"text":"ECONOM\u00cdA","link":"https:\/\/politicosaldesnudo.com.mx\/index.php\/category\/economia\/"},"img":{"alt_text":"","src":"https:\/\/i0.wp.com\/politicosaldesnudo.com.mx\/wp-content\/uploads\/2026\/07\/ADIS.webp?fit=1200%2C800&ssl=1&resize=350%2C200","width":350,"height":200,"srcset":"https:\/\/i0.wp.com\/politicosaldesnudo.com.mx\/wp-content\/uploads\/2026\/07\/ADIS.webp?fit=1200%2C800&ssl=1&resize=350%2C200 1x, https:\/\/i0.wp.com\/politicosaldesnudo.com.mx\/wp-content\/uploads\/2026\/07\/ADIS.webp?fit=1200%2C800&ssl=1&resize=525%2C300 1.5x, https:\/\/i0.wp.com\/politicosaldesnudo.com.mx\/wp-content\/uploads\/2026\/07\/ADIS.webp?fit=1200%2C800&ssl=1&resize=700%2C400 2x, https:\/\/i0.wp.com\/politicosaldesnudo.com.mx\/wp-content\/uploads\/2026\/07\/ADIS.webp?fit=1200%2C800&ssl=1&resize=1050%2C600 3x"},"classes":[]}],"jetpack_sharing_enabled":true,"jetpack_featured_media_url":"https:\/\/i0.wp.com\/politicosaldesnudo.com.mx\/wp-content\/uploads\/2026\/02\/LUI.jpg?fit=1200%2C801&ssl=1","_links":{"self":[{"href":"https:\/\/politicosaldesnudo.com.mx\/index.php\/wp-json\/wp\/v2\/posts\/80068","targetHints":{"allow":["GET"]}}],"collection":[{"href":"https:\/\/politicosaldesnudo.com.mx\/index.php\/wp-json\/wp\/v2\/posts"}],"about":[{"href":"https:\/\/politicosaldesnudo.com.mx\/index.php\/wp-json\/wp\/v2\/types\/post"}],"author":[{"embeddable":true,"href":"https:\/\/politicosaldesnudo.com.mx\/index.php\/wp-json\/wp\/v2\/users\/4"}],"replies":[{"embeddable":true,"href":"https:\/\/politicosaldesnudo.com.mx\/index.php\/wp-json\/wp\/v2\/comments?post=80068"}],"version-history":[{"count":0,"href":"https:\/\/politicosaldesnudo.com.mx\/index.php\/wp-json\/wp\/v2\/posts\/80068\/revisions"}],"wp:featuredmedia":[{"embeddable":true,"href":"https:\/\/politicosaldesnudo.com.mx\/index.php\/wp-json\/wp\/v2\/media\/80069"}],"wp:attachment":[{"href":"https:\/\/politicosaldesnudo.com.mx\/index.php\/wp-json\/wp\/v2\/media?parent=80068"}],"wp:term":[{"taxonomy":"category","embeddable":true,"href":"https:\/\/politicosaldesnudo.com.mx\/index.php\/wp-json\/wp\/v2\/categories?post=80068"},{"taxonomy":"post_tag","embeddable":true,"href":"https:\/\/politicosaldesnudo.com.mx\/index.php\/wp-json\/wp\/v2\/tags?post=80068"}],"curies":[{"name":"wp","href":"https:\/\/api.w.org\/{rel}","templated":true}]}}