{"id":80071,"date":"2026-02-16T01:27:52","date_gmt":"2026-02-16T07:27:52","guid":{"rendered":"https:\/\/politicosaldesnudo.com.mx\/?p=80071"},"modified":"2026-02-16T01:27:52","modified_gmt":"2026-02-16T07:27:52","slug":"sustituir-trabajadores-con-la-ia-elevara-desigualdad-del-ingreso","status":"publish","type":"post","link":"https:\/\/politicosaldesnudo.com.mx\/index.php\/2026\/02\/16\/sustituir-trabajadores-con-la-ia-elevara-desigualdad-del-ingreso\/","title":{"rendered":"Sustituir trabajadores con la IA elevar\u00e1 desigualdad del ingreso"},"content":{"rendered":"<p>Sustituir trabajadores por inteligencia artificial (IA) es una tendencia que acelera el paso en distintos sectores econ\u00f3micos, pues representa reducci\u00f3n de costos para las empresas; sin embargo, tiene un efecto negativo en igualdad de ingreso y riqueza, seg\u00fan Ossiam, una administradora de activos financieros creada en Francia.<\/p>\n<p>\u201cEl desarrollo de la inteligencia artificial provocar\u00e1 un aumento de las desigualdades de ingreso y riqueza por varias razones\u201d, se\u00f1al\u00f3 Patrick Artus, asesor econ\u00f3mico s\u00e9nior de la firma.<\/p>\n<p>En un an\u00e1lisis, el especialista coment\u00f3 que las desigualdades de ingreso aumentan porque el uso de la IA desplaza a los trabajadores a empleos de menor proactividad respecto a los que ven\u00edan realizando.<\/p>\n<p>La Organizaci\u00f3n Internacional del Trabajo (OIT) estima que cerca del 40 por ciento de los empleos est\u00e1n potencialmente afectados por la IA, ya que los sustituye con mayor eficiencia, lo que obliga a los trabajadores desplazados a incorporarse a sectores donde la IA es dif\u00edcil de poner en pr\u00e1ctica.<\/p>\n<p>Artus sostuvo que la introducci\u00f3n de la IA desplazar\u00e1 a los trabajadores en \u00e1reas relacionadas con servicios legales y financieros, consultor\u00eda y log\u00edstica.<\/p>\n<p>\u201cLas personas que pierdan su empleo en estos sectores tender\u00e1n a incorporarse a trabajos menos calificados en industrias menos sofisticadas, al tiempo que los sectores en los que laboraban aumentar\u00e1n su productividad al utilizar la IA.\u201d<\/p>\n<p>Desde la perspectiva de Artus, se observar\u00e1 una divergencia en la productividad laboral de las empresas y, por tanto, en los salarios reales, entre los sectores que pueden hacer un uso significativo de la IA y aquellos donde su aplicaci\u00f3n es limitada como la construcci\u00f3n, los servicios personales, hoteles, restaurantes y el sector salud.<\/p>\n<p>Incluso, las empresas que desarrollan y utilizan modelos de IA y sus proveedores est\u00e1n registrando valuaciones burs\u00e1tiles cada vez m\u00e1s elevadas.<\/p>\n<p>Es el caso de Alphabet, Tesla, Microsoft, Meta, Apple y Amazon, as\u00ed como de sus proveedores como Nvidia, productores de electricidad y operadores de redes de suministro el\u00e9ctrico o de agua.<\/p>\n<p>En 2025, el uno por ciento m\u00e1s rico de los estadunidenses concentraba 49.8 por ciento de las acciones y participaciones en fondos de inversi\u00f3n relacionados a esas empresas.<\/p>\n<p>\u201cEl aumento en la riqueza burs\u00e1til, por lo tanto, ampl\u00eda las desigualdades patrimoniales\u201d, concluy\u00f3 el analista.<\/p>\n","protected":false},"excerpt":{"rendered":"<p>Sustituir trabajadores por inteligencia artificial (IA) es una tendencia que acelera el paso en distintos sectores econ\u00f3micos, pues representa reducci\u00f3n [&hellip;]<\/p>\n","protected":false},"author":4,"featured_media":80072,"comment_status":"closed","ping_status":"closed","sticky":false,"template":"","format":"standard","meta":{"site-sidebar-layout":"default","site-content-layout":"","ast-site-content-layout":"default","site-content-style":"default","site-sidebar-style":"default","ast-global-header-display":"","ast-banner-title-visibility":"","ast-main-header-display":"","ast-hfb-above-header-display":"","ast-hfb-below-header-display":"","ast-hfb-mobile-header-display":"","site-post-title":"","ast-breadcrumbs-content":"","ast-featured-img":"","footer-sml-layout":"","ast-disable-related-posts":"","theme-transparent-header-meta":"","adv-header-id-meta":"","stick-header-meta":"","header-above-stick-meta":"","header-main-stick-meta":"","header-below-stick-meta":"","astra-migrate-meta-layouts":"default","ast-page-background-enabled":"default","ast-page-background-meta":{"desktop":{"background-color":"var(--ast-global-color-5)","background-image":"","background-repeat":"repeat","background-position":"center center","background-size":"auto","background-attachment":"scroll","background-type":"","background-media":"","overlay-type":"","overlay-color":"","overlay-opacity":"","overlay-gradient":""},"tablet":{"background-color":"","background-image":"","background-repeat":"repeat","background-position":"center center","background-size":"auto","background-attachment":"scroll","background-type":"","background-media":"","overlay-type":"","overlay-color":"","overlay-opacity":"","overlay-gradient":""},"mobile":{"background-color":"","background-image":"","background-repeat":"repeat","background-position":"center center","background-size":"auto","background-attachment":"scroll","background-type":"","background-media":"","overlay-type":"","overlay-color":"","overlay-opacity":"","overlay-gradient":""}},"ast-content-background-meta":{"desktop":{"background-color":"var(--ast-global-color-4)","background-image":"","background-repeat":"repeat","background-position":"center center","background-size":"auto","background-attachment":"scroll","background-type":"","background-media":"","overlay-type":"","overlay-color":"","overlay-opacity":"","overlay-gradient":""},"tablet":{"background-color":"var(--ast-global-color-4)","background-image":"","background-repeat":"repeat","background-position":"center center","background-size":"auto","background-attachment":"scroll","background-type":"","background-media":"","overlay-type":"","overlay-color":"","overlay-opacity":"","overlay-gradient":""},"mobile":{"background-color":"var(--ast-global-color-4)","background-image":"","background-repeat":"repeat","background-position":"center center","background-size":"auto","background-attachment":"scroll","background-type":"","background-media":"","overlay-type":"","overlay-color":"","overlay-opacity":"","overlay-gradient":""}},"_jetpack_newsletter_access":"","_jetpack_dont_email_post_to_subs":false,"_jetpack_newsletter_tier_id":0,"_jetpack_memberships_contains_paywalled_content":false,"_jetpack_feature_clip_id":0,"_jetpack_memberships_contains_paid_content":false,"footnotes":"","jetpack_publicize_message":"","jetpack_publicize_feature_enabled":true,"jetpack_social_post_already_shared":true,"jetpack_social_options":{"image_generator_settings":{"template":"highway","default_image_id":0,"font":"","enabled":false},"version":2},"jetpack_post_was_ever_published":false},"categories":[2050],"tags":[],"class_list":["post-80071","post","type-post","status-publish","format-standard","has-post-thumbnail","hentry","category-economia"],"yoast_head":"<!-- This site is optimized with the Yoast SEO plugin v28.3 - https:\/\/yoast.com\/product\/yoast-seo-wordpress\/ -->\n<title>Sustituir trabajadores con la IA elevar\u00e1 desigualdad del ingreso - Pol\u00edticos al Desnudo<\/title>\n<meta name=\"robots\" content=\"index, follow, max-snippet:-1, max-image-preview:large, max-video-preview:-1\" \/>\n<link rel=\"canonical\" href=\"https:\/\/politicosaldesnudo.com.mx\/index.php\/2026\/02\/16\/sustituir-trabajadores-con-la-ia-elevara-desigualdad-del-ingreso\/\" \/>\n<meta property=\"og:locale\" content=\"es_ES\" \/>\n<meta property=\"og:type\" content=\"article\" \/>\n<meta property=\"og:title\" content=\"Sustituir trabajadores con la IA elevar\u00e1 desigualdad del ingreso - Pol\u00edticos al Desnudo\" \/>\n<meta property=\"og:description\" content=\"Sustituir trabajadores por inteligencia artificial (IA) es una tendencia que acelera el paso en distintos sectores econ\u00f3micos, pues representa reducci\u00f3n [&hellip;]\" \/>\n<meta property=\"og:url\" content=\"https:\/\/politicosaldesnudo.com.mx\/index.php\/2026\/02\/16\/sustituir-trabajadores-con-la-ia-elevara-desigualdad-del-ingreso\/\" \/>\n<meta property=\"og:site_name\" content=\"Pol\u00edticos al Desnudo\" \/>\n<meta property=\"article:publisher\" content=\"https:\/\/www.facebook.com\/PoliticosAD\" \/>\n<meta property=\"article:published_time\" content=\"2026-02-16T07:27:52+00:00\" \/>\n<meta property=\"og:image\" content=\"https:\/\/i0.wp.com\/politicosaldesnudo.com.mx\/wp-content\/uploads\/2026\/02\/TRAI.jpg?fit=1200%2C741&ssl=1\" \/>\n\t<meta property=\"og:image:width\" content=\"1200\" \/>\n\t<meta property=\"og:image:height\" content=\"741\" \/>\n\t<meta property=\"og:image:type\" content=\"image\/jpeg\" \/>\n<meta name=\"author\" content=\"Redacci\u00f3n Pol\u00edticos\" \/>\n<meta name=\"twitter:card\" content=\"summary_large_image\" \/>\n<meta name=\"twitter:label1\" content=\"Escrito por\" \/>\n\t<meta name=\"twitter:data1\" content=\"Redacci\u00f3n Pol\u00edticos\" \/>\n\t<meta name=\"twitter:label2\" content=\"Tiempo de lectura\" \/>\n\t<meta name=\"twitter:data2\" content=\"2 minutos\" \/>\n<script type=\"application\/ld+json\" class=\"yoast-schema-graph\">{\"@context\":\"https:\\\/\\\/schema.org\",\"@graph\":[{\"@type\":\"Article\",\"@id\":\"https:\\\/\\\/politicosaldesnudo.com.mx\\\/index.php\\\/2026\\\/02\\\/16\\\/sustituir-trabajadores-con-la-ia-elevara-desigualdad-del-ingreso\\\/#article\",\"isPartOf\":{\"@id\":\"https:\\\/\\\/politicosaldesnudo.com.mx\\\/index.php\\\/2026\\\/02\\\/16\\\/sustituir-trabajadores-con-la-ia-elevara-desigualdad-del-ingreso\\\/\"},\"author\":{\"name\":\"Redacci\u00f3n Pol\u00edticos\",\"@id\":\"https:\\\/\\\/politicosaldesnudo.com.mx\\\/#\\\/schema\\\/person\\\/ef3a64e561cc3f3f5dc52fab81adde7e\"},\"headline\":\"Sustituir trabajadores con la IA elevar\u00e1 desigualdad del ingreso\",\"datePublished\":\"2026-02-16T07:27:52+00:00\",\"mainEntityOfPage\":{\"@id\":\"https:\\\/\\\/politicosaldesnudo.com.mx\\\/index.php\\\/2026\\\/02\\\/16\\\/sustituir-trabajadores-con-la-ia-elevara-desigualdad-del-ingreso\\\/\"},\"wordCount\":399,\"publisher\":{\"@id\":\"https:\\\/\\\/politicosaldesnudo.com.mx\\\/#organization\"},\"image\":{\"@id\":\"https:\\\/\\\/politicosaldesnudo.com.mx\\\/index.php\\\/2026\\\/02\\\/16\\\/sustituir-trabajadores-con-la-ia-elevara-desigualdad-del-ingreso\\\/#primaryimage\"},\"thumbnailUrl\":\"https:\\\/\\\/i0.wp.com\\\/politicosaldesnudo.com.mx\\\/wp-content\\\/uploads\\\/2026\\\/02\\\/TRAI.jpg?fit=1200%2C741&ssl=1\",\"articleSection\":[\"ECONOM\u00cdA\"],\"inLanguage\":\"es\"},{\"@type\":\"WebPage\",\"@id\":\"https:\\\/\\\/politicosaldesnudo.com.mx\\\/index.php\\\/2026\\\/02\\\/16\\\/sustituir-trabajadores-con-la-ia-elevara-desigualdad-del-ingreso\\\/\",\"url\":\"https:\\\/\\\/politicosaldesnudo.com.mx\\\/index.php\\\/2026\\\/02\\\/16\\\/sustituir-trabajadores-con-la-ia-elevara-desigualdad-del-ingreso\\\/\",\"name\":\"Sustituir trabajadores con la IA elevar\u00e1 desigualdad del ingreso - Pol\u00edticos al Desnudo\",\"isPartOf\":{\"@id\":\"https:\\\/\\\/politicosaldesnudo.com.mx\\\/#website\"},\"primaryImageOfPage\":{\"@id\":\"https:\\\/\\\/politicosaldesnudo.com.mx\\\/index.php\\\/2026\\\/02\\\/16\\\/sustituir-trabajadores-con-la-ia-elevara-desigualdad-del-ingreso\\\/#primaryimage\"},\"image\":{\"@id\":\"https:\\\/\\\/politicosaldesnudo.com.mx\\\/index.php\\\/2026\\\/02\\\/16\\\/sustituir-trabajadores-con-la-ia-elevara-desigualdad-del-ingreso\\\/#primaryimage\"},\"thumbnailUrl\":\"https:\\\/\\\/i0.wp.com\\\/politicosaldesnudo.com.mx\\\/wp-content\\\/uploads\\\/2026\\\/02\\\/TRAI.jpg?fit=1200%2C741&ssl=1\",\"datePublished\":\"2026-02-16T07:27:52+00:00\",\"breadcrumb\":{\"@id\":\"https:\\\/\\\/politicosaldesnudo.com.mx\\\/index.php\\\/2026\\\/02\\\/16\\\/sustituir-trabajadores-con-la-ia-elevara-desigualdad-del-ingreso\\\/#breadcrumb\"},\"inLanguage\":\"es\",\"potentialAction\":[{\"@type\":\"ReadAction\",\"target\":[\"https:\\\/\\\/politicosaldesnudo.com.mx\\\/index.php\\\/2026\\\/02\\\/16\\\/sustituir-trabajadores-con-la-ia-elevara-desigualdad-del-ingreso\\\/\"]}]},{\"@type\":\"ImageObject\",\"inLanguage\":\"es\",\"@id\":\"https:\\\/\\\/politicosaldesnudo.com.mx\\\/index.php\\\/2026\\\/02\\\/16\\\/sustituir-trabajadores-con-la-ia-elevara-desigualdad-del-ingreso\\\/#primaryimage\",\"url\":\"https:\\\/\\\/i0.wp.com\\\/politicosaldesnudo.com.mx\\\/wp-content\\\/uploads\\\/2026\\\/02\\\/TRAI.jpg?fit=1200%2C741&ssl=1\",\"contentUrl\":\"https:\\\/\\\/i0.wp.com\\\/politicosaldesnudo.com.mx\\\/wp-content\\\/uploads\\\/2026\\\/02\\\/TRAI.jpg?fit=1200%2C741&ssl=1\",\"width\":1200,\"height\":741},{\"@type\":\"BreadcrumbList\",\"@id\":\"https:\\\/\\\/politicosaldesnudo.com.mx\\\/index.php\\\/2026\\\/02\\\/16\\\/sustituir-trabajadores-con-la-ia-elevara-desigualdad-del-ingreso\\\/#breadcrumb\",\"itemListElement\":[{\"@type\":\"ListItem\",\"position\":1,\"name\":\"Portada\",\"item\":\"https:\\\/\\\/politicosaldesnudo.com.mx\\\/\"},{\"@type\":\"ListItem\",\"position\":2,\"name\":\"Sustituir trabajadores con la IA elevar\u00e1 desigualdad del ingreso\"}]},{\"@type\":\"WebSite\",\"@id\":\"https:\\\/\\\/politicosaldesnudo.com.mx\\\/#website\",\"url\":\"https:\\\/\\\/politicosaldesnudo.com.mx\\\/\",\"name\":\"Pol\u00edticos al Desnudo\",\"description\":\"\",\"publisher\":{\"@id\":\"https:\\\/\\\/politicosaldesnudo.com.mx\\\/#organization\"},\"potentialAction\":[{\"@type\":\"SearchAction\",\"target\":{\"@type\":\"EntryPoint\",\"urlTemplate\":\"https:\\\/\\\/politicosaldesnudo.com.mx\\\/?s={search_term_string}\"},\"query-input\":{\"@type\":\"PropertyValueSpecification\",\"valueRequired\":true,\"valueName\":\"search_term_string\"}}],\"inLanguage\":\"es\"},{\"@type\":\"Organization\",\"@id\":\"https:\\\/\\\/politicosaldesnudo.com.mx\\\/#organization\",\"name\":\"Pol\u00edticos al Desnudo\",\"url\":\"https:\\\/\\\/politicosaldesnudo.com.mx\\\/\",\"logo\":{\"@type\":\"ImageObject\",\"inLanguage\":\"es\",\"@id\":\"https:\\\/\\\/politicosaldesnudo.com.mx\\\/#\\\/schema\\\/logo\\\/image\\\/\",\"url\":\"https:\\\/\\\/i0.wp.com\\\/politicosaldesnudo.com.mx\\\/wp-content\\\/uploads\\\/2026\\\/08\\\/cropped-logo.webp?fit=400%2C126&ssl=1\",\"contentUrl\":\"https:\\\/\\\/i0.wp.com\\\/politicosaldesnudo.com.mx\\\/wp-content\\\/uploads\\\/2026\\\/08\\\/cropped-logo.webp?fit=400%2C126&ssl=1\",\"width\":400,\"height\":126,\"caption\":\"Pol\u00edticos al Desnudo\"},\"image\":{\"@id\":\"https:\\\/\\\/politicosaldesnudo.com.mx\\\/#\\\/schema\\\/logo\\\/image\\\/\"},\"sameAs\":[\"https:\\\/\\\/www.facebook.com\\\/PoliticosAD\"]},{\"@type\":\"Person\",\"@id\":\"https:\\\/\\\/politicosaldesnudo.com.mx\\\/#\\\/schema\\\/person\\\/ef3a64e561cc3f3f5dc52fab81adde7e\",\"name\":\"Redacci\u00f3n Pol\u00edticos\",\"url\":\"https:\\\/\\\/politicosaldesnudo.com.mx\\\/index.php\\\/author\\\/redaccion-politicos\\\/\"}]}<\/script>\n<!-- \/ Yoast SEO plugin. -->","yoast_head_json":{"title":"Sustituir trabajadores con la IA elevar\u00e1 desigualdad del ingreso - Pol\u00edticos al Desnudo","robots":{"index":"index","follow":"follow","max-snippet":"max-snippet:-1","max-image-preview":"max-image-preview:large","max-video-preview":"max-video-preview:-1"},"canonical":"https:\/\/politicosaldesnudo.com.mx\/index.php\/2026\/02\/16\/sustituir-trabajadores-con-la-ia-elevara-desigualdad-del-ingreso\/","og_locale":"es_ES","og_type":"article","og_title":"Sustituir trabajadores con la IA elevar\u00e1 desigualdad del ingreso - Pol\u00edticos al Desnudo","og_description":"Sustituir trabajadores por inteligencia artificial (IA) es una tendencia que acelera el paso en distintos sectores econ\u00f3micos, pues representa reducci\u00f3n [&hellip;]","og_url":"https:\/\/politicosaldesnudo.com.mx\/index.php\/2026\/02\/16\/sustituir-trabajadores-con-la-ia-elevara-desigualdad-del-ingreso\/","og_site_name":"Pol\u00edticos al Desnudo","article_publisher":"https:\/\/www.facebook.com\/PoliticosAD","article_published_time":"2026-02-16T07:27:52+00:00","og_image":[{"width":1200,"height":741,"url":"https:\/\/i0.wp.com\/politicosaldesnudo.com.mx\/wp-content\/uploads\/2026\/02\/TRAI.jpg?fit=1200%2C741&ssl=1","type":"image\/jpeg"}],"author":"Redacci\u00f3n Pol\u00edticos","twitter_card":"summary_large_image","twitter_misc":{"Escrito por":"Redacci\u00f3n Pol\u00edticos","Tiempo de lectura":"2 minutos"},"schema":{"@context":"https:\/\/schema.org","@graph":[{"@type":"Article","@id":"https:\/\/politicosaldesnudo.com.mx\/index.php\/2026\/02\/16\/sustituir-trabajadores-con-la-ia-elevara-desigualdad-del-ingreso\/#article","isPartOf":{"@id":"https:\/\/politicosaldesnudo.com.mx\/index.php\/2026\/02\/16\/sustituir-trabajadores-con-la-ia-elevara-desigualdad-del-ingreso\/"},"author":{"name":"Redacci\u00f3n Pol\u00edticos","@id":"https:\/\/politicosaldesnudo.com.mx\/#\/schema\/person\/ef3a64e561cc3f3f5dc52fab81adde7e"},"headline":"Sustituir trabajadores con la IA elevar\u00e1 desigualdad del ingreso","datePublished":"2026-02-16T07:27:52+00:00","mainEntityOfPage":{"@id":"https:\/\/politicosaldesnudo.com.mx\/index.php\/2026\/02\/16\/sustituir-trabajadores-con-la-ia-elevara-desigualdad-del-ingreso\/"},"wordCount":399,"publisher":{"@id":"https:\/\/politicosaldesnudo.com.mx\/#organization"},"image":{"@id":"https:\/\/politicosaldesnudo.com.mx\/index.php\/2026\/02\/16\/sustituir-trabajadores-con-la-ia-elevara-desigualdad-del-ingreso\/#primaryimage"},"thumbnailUrl":"https:\/\/i0.wp.com\/politicosaldesnudo.com.mx\/wp-content\/uploads\/2026\/02\/TRAI.jpg?fit=1200%2C741&ssl=1","articleSection":["ECONOM\u00cdA"],"inLanguage":"es"},{"@type":"WebPage","@id":"https:\/\/politicosaldesnudo.com.mx\/index.php\/2026\/02\/16\/sustituir-trabajadores-con-la-ia-elevara-desigualdad-del-ingreso\/","url":"https:\/\/politicosaldesnudo.com.mx\/index.php\/2026\/02\/16\/sustituir-trabajadores-con-la-ia-elevara-desigualdad-del-ingreso\/","name":"Sustituir trabajadores con la IA elevar\u00e1 desigualdad del ingreso - Pol\u00edticos al Desnudo","isPartOf":{"@id":"https:\/\/politicosaldesnudo.com.mx\/#website"},"primaryImageOfPage":{"@id":"https:\/\/politicosaldesnudo.com.mx\/index.php\/2026\/02\/16\/sustituir-trabajadores-con-la-ia-elevara-desigualdad-del-ingreso\/#primaryimage"},"image":{"@id":"https:\/\/politicosaldesnudo.com.mx\/index.php\/2026\/02\/16\/sustituir-trabajadores-con-la-ia-elevara-desigualdad-del-ingreso\/#primaryimage"},"thumbnailUrl":"https:\/\/i0.wp.com\/politicosaldesnudo.com.mx\/wp-content\/uploads\/2026\/02\/TRAI.jpg?fit=1200%2C741&ssl=1","datePublished":"2026-02-16T07:27:52+00:00","breadcrumb":{"@id":"https:\/\/politicosaldesnudo.com.mx\/index.php\/2026\/02\/16\/sustituir-trabajadores-con-la-ia-elevara-desigualdad-del-ingreso\/#breadcrumb"},"inLanguage":"es","potentialAction":[{"@type":"ReadAction","target":["https:\/\/politicosaldesnudo.com.mx\/index.php\/2026\/02\/16\/sustituir-trabajadores-con-la-ia-elevara-desigualdad-del-ingreso\/"]}]},{"@type":"ImageObject","inLanguage":"es","@id":"https:\/\/politicosaldesnudo.com.mx\/index.php\/2026\/02\/16\/sustituir-trabajadores-con-la-ia-elevara-desigualdad-del-ingreso\/#primaryimage","url":"https:\/\/i0.wp.com\/politicosaldesnudo.com.mx\/wp-content\/uploads\/2026\/02\/TRAI.jpg?fit=1200%2C741&ssl=1","contentUrl":"https:\/\/i0.wp.com\/politicosaldesnudo.com.mx\/wp-content\/uploads\/2026\/02\/TRAI.jpg?fit=1200%2C741&ssl=1","width":1200,"height":741},{"@type":"BreadcrumbList","@id":"https:\/\/politicosaldesnudo.com.mx\/index.php\/2026\/02\/16\/sustituir-trabajadores-con-la-ia-elevara-desigualdad-del-ingreso\/#breadcrumb","itemListElement":[{"@type":"ListItem","position":1,"name":"Portada","item":"https:\/\/politicosaldesnudo.com.mx\/"},{"@type":"ListItem","position":2,"name":"Sustituir trabajadores con la IA elevar\u00e1 desigualdad del ingreso"}]},{"@type":"WebSite","@id":"https:\/\/politicosaldesnudo.com.mx\/#website","url":"https:\/\/politicosaldesnudo.com.mx\/","name":"Pol\u00edticos al Desnudo","description":"","publisher":{"@id":"https:\/\/politicosaldesnudo.com.mx\/#organization"},"potentialAction":[{"@type":"SearchAction","target":{"@type":"EntryPoint","urlTemplate":"https:\/\/politicosaldesnudo.com.mx\/?s={search_term_string}"},"query-input":{"@type":"PropertyValueSpecification","valueRequired":true,"valueName":"search_term_string"}}],"inLanguage":"es"},{"@type":"Organization","@id":"https:\/\/politicosaldesnudo.com.mx\/#organization","name":"Pol\u00edticos al Desnudo","url":"https:\/\/politicosaldesnudo.com.mx\/","logo":{"@type":"ImageObject","inLanguage":"es","@id":"https:\/\/politicosaldesnudo.com.mx\/#\/schema\/logo\/image\/","url":"https:\/\/i0.wp.com\/politicosaldesnudo.com.mx\/wp-content\/uploads\/2026\/08\/cropped-logo.webp?fit=400%2C126&ssl=1","contentUrl":"https:\/\/i0.wp.com\/politicosaldesnudo.com.mx\/wp-content\/uploads\/2026\/08\/cropped-logo.webp?fit=400%2C126&ssl=1","width":400,"height":126,"caption":"Pol\u00edticos al Desnudo"},"image":{"@id":"https:\/\/politicosaldesnudo.com.mx\/#\/schema\/logo\/image\/"},"sameAs":["https:\/\/www.facebook.com\/PoliticosAD"]},{"@type":"Person","@id":"https:\/\/politicosaldesnudo.com.mx\/#\/schema\/person\/ef3a64e561cc3f3f5dc52fab81adde7e","name":"Redacci\u00f3n Pol\u00edticos","url":"https:\/\/politicosaldesnudo.com.mx\/index.php\/author\/redaccion-politicos\/"}]}},"jetpack_publicize_connections":[],"jetpack-related-posts":[{"id":87322,"url":"https:\/\/politicosaldesnudo.com.mx\/index.php\/2026\/07\/29\/visa-despedira-a-7-de-su-plantilla-para-aumentar-la-eficiencia-con-inteligencia-artificial\/","url_meta":{"origin":80071,"position":0},"title":"Visa despedir\u00e1 a 7% de su plantilla para aumentar la eficiencia con inteligencia artificial","author":"Redacci\u00f3n Pol\u00edticos","date":"29 de julio de 2026","format":false,"excerpt":"Visa tiene previsto recortar el 7 por ciento de su plantilla, lo que supone unos 2 mil 600 puestos de trabajo, afirm\u00f3 el martes un portavoz de la empresa, en un intento por aumentar la eficiencia de la firma de procesamiento de pagos, unos seis meses despu\u00e9s de que su\u2026","rel":"","context":"En \u00abECONOM\u00cdA\u00bb","block_context":{"text":"ECONOM\u00cdA","link":"https:\/\/politicosaldesnudo.com.mx\/index.php\/category\/economia\/"},"img":{"alt_text":"","src":"https:\/\/i0.wp.com\/politicosaldesnudo.com.mx\/wp-content\/uploads\/2026\/07\/AVIGAT.webp?fit=1200%2C628&ssl=1&resize=350%2C200","width":350,"height":200,"srcset":"https:\/\/i0.wp.com\/politicosaldesnudo.com.mx\/wp-content\/uploads\/2026\/07\/AVIGAT.webp?fit=1200%2C628&ssl=1&resize=350%2C200 1x, https:\/\/i0.wp.com\/politicosaldesnudo.com.mx\/wp-content\/uploads\/2026\/07\/AVIGAT.webp?fit=1200%2C628&ssl=1&resize=525%2C300 1.5x, https:\/\/i0.wp.com\/politicosaldesnudo.com.mx\/wp-content\/uploads\/2026\/07\/AVIGAT.webp?fit=1200%2C628&ssl=1&resize=700%2C400 2x, https:\/\/i0.wp.com\/politicosaldesnudo.com.mx\/wp-content\/uploads\/2026\/07\/AVIGAT.webp?fit=1200%2C628&ssl=1&resize=1050%2C600 3x"},"classes":[]},{"id":87249,"url":"https:\/\/politicosaldesnudo.com.mx\/index.php\/2026\/07\/27\/roberto-velasco-se-reune-con-vicesecretaria-de-la-onu\/","url_meta":{"origin":80071,"position":1},"title":"Roberto Velasco se re\u00fane con vicesecretaria de la ONU","author":"Redacci\u00f3n Pol\u00edticos","date":"27 de julio de 2026","format":false,"excerpt":"El canciller, Roberto Velasco, sostuvo una reuni\u00f3n con Amina J. Mohammed, vicesecretaria general de la Organizaci\u00f3n de las Naciones Unidas (ONU), en la que conversaron sobre el futuro del multilateralismo y el papel que M\u00e9xico desempe\u00f1a en su fortalecimiento. Igualmente, sobre las reformas que requiere la ONU para hacer frente\u2026","rel":"","context":"En \u00abNACIONAL\u00bb","block_context":{"text":"NACIONAL","link":"https:\/\/politicosaldesnudo.com.mx\/index.php\/category\/nacional\/"},"img":{"alt_text":"","src":"https:\/\/i0.wp.com\/politicosaldesnudo.com.mx\/wp-content\/uploads\/2026\/07\/ALALO.jpg?fit=1200%2C800&ssl=1&resize=350%2C200","width":350,"height":200,"srcset":"https:\/\/i0.wp.com\/politicosaldesnudo.com.mx\/wp-content\/uploads\/2026\/07\/ALALO.jpg?fit=1200%2C800&ssl=1&resize=350%2C200 1x, https:\/\/i0.wp.com\/politicosaldesnudo.com.mx\/wp-content\/uploads\/2026\/07\/ALALO.jpg?fit=1200%2C800&ssl=1&resize=525%2C300 1.5x, https:\/\/i0.wp.com\/politicosaldesnudo.com.mx\/wp-content\/uploads\/2026\/07\/ALALO.jpg?fit=1200%2C800&ssl=1&resize=700%2C400 2x, https:\/\/i0.wp.com\/politicosaldesnudo.com.mx\/wp-content\/uploads\/2026\/07\/ALALO.jpg?fit=1200%2C800&ssl=1&resize=1050%2C600 3x"},"classes":[]},{"id":87874,"url":"https:\/\/politicosaldesnudo.com.mx\/index.php\/2026\/08\/18\/continuan-pendientes-pagos-a-trabajadores-del-ingenio-san-pedro\/","url_meta":{"origin":80071,"position":2},"title":"Contin\u00faan pendientes pagos a trabajadores del Ingenio San Pedro","author":"Redacci\u00f3n Pol\u00edticos","date":"18 de agosto de 2026","format":false,"excerpt":"A casi dos semanas de que se anunciara el cierre del Ingenio San Pedro, ubicado en Lerdo de Tejada, sus trabajadores todav\u00eda no reciben las liquidaciones correspondientes. El secretario de Trabajo, Previsi\u00f3n Social y Productividad de Veracruz, Luis Arturo Santiago Mart\u00ednez, inform\u00f3 que la dependencia mantiene contacto con los empleados\u2026","rel":"","context":"En \u00abESTADOS\u00bb","block_context":{"text":"ESTADOS","link":"https:\/\/politicosaldesnudo.com.mx\/index.php\/category\/estados\/"},"img":{"alt_text":"","src":"https:\/\/i0.wp.com\/politicosaldesnudo.com.mx\/wp-content\/uploads\/2026\/08\/774667794_1640892540732414_6413776533447448678_n.jpg?fit=1200%2C675&ssl=1&resize=350%2C200","width":350,"height":200,"srcset":"https:\/\/i0.wp.com\/politicosaldesnudo.com.mx\/wp-content\/uploads\/2026\/08\/774667794_1640892540732414_6413776533447448678_n.jpg?fit=1200%2C675&ssl=1&resize=350%2C200 1x, https:\/\/i0.wp.com\/politicosaldesnudo.com.mx\/wp-content\/uploads\/2026\/08\/774667794_1640892540732414_6413776533447448678_n.jpg?fit=1200%2C675&ssl=1&resize=525%2C300 1.5x, https:\/\/i0.wp.com\/politicosaldesnudo.com.mx\/wp-content\/uploads\/2026\/08\/774667794_1640892540732414_6413776533447448678_n.jpg?fit=1200%2C675&ssl=1&resize=700%2C400 2x, https:\/\/i0.wp.com\/politicosaldesnudo.com.mx\/wp-content\/uploads\/2026\/08\/774667794_1640892540732414_6413776533447448678_n.jpg?fit=1200%2C675&ssl=1&resize=1050%2C600 3x"},"classes":[]},{"id":88169,"url":"https:\/\/politicosaldesnudo.com.mx\/index.php\/2026\/08\/29\/sheinbaum-destaca-cinco-senales-positivas-de-la-economia-mexicana-rumbo-a-su-segundo-informe\/","url_meta":{"origin":80071,"position":3},"title":"Sheinbaum destaca cinco se\u00f1ales positivas de la econom\u00eda mexicana rumbo a su Segundo Informe","author":"Redacci\u00f3n Pol\u00edticos","date":"29 de agosto de 2026","format":false,"excerpt":"La presidenta Claudia Sheinbaum present\u00f3 un balance sobre la situaci\u00f3n econ\u00f3mica del pa\u00eds, en el que resalt\u00f3 el comportamiento de los combustibles, el empleo, los salarios, la inflaci\u00f3n y la inversi\u00f3n extranjera. A trav\u00e9s de un mensaje difundido en sus redes sociales, la mandataria asegur\u00f3 que durante su administraci\u00f3n se\u2026","rel":"","context":"En \u00abNACIONAL\u00bb","block_context":{"text":"NACIONAL","link":"https:\/\/politicosaldesnudo.com.mx\/index.php\/category\/nacional\/"},"img":{"alt_text":"","src":"https:\/\/i0.wp.com\/politicosaldesnudo.com.mx\/wp-content\/uploads\/2026\/08\/SHIN.png?fit=1200%2C673&ssl=1&resize=350%2C200","width":350,"height":200,"srcset":"https:\/\/i0.wp.com\/politicosaldesnudo.com.mx\/wp-content\/uploads\/2026\/08\/SHIN.png?fit=1200%2C673&ssl=1&resize=350%2C200 1x, https:\/\/i0.wp.com\/politicosaldesnudo.com.mx\/wp-content\/uploads\/2026\/08\/SHIN.png?fit=1200%2C673&ssl=1&resize=525%2C300 1.5x, https:\/\/i0.wp.com\/politicosaldesnudo.com.mx\/wp-content\/uploads\/2026\/08\/SHIN.png?fit=1200%2C673&ssl=1&resize=700%2C400 2x, https:\/\/i0.wp.com\/politicosaldesnudo.com.mx\/wp-content\/uploads\/2026\/08\/SHIN.png?fit=1200%2C673&ssl=1&resize=1050%2C600 3x"},"classes":[]},{"id":87673,"url":"https:\/\/politicosaldesnudo.com.mx\/index.php\/2026\/08\/12\/el-moche-del-sueldo-en-morena\/","url_meta":{"origin":80071,"position":4},"title":"El \u201cmoche\u201d del sueldo en MORENA","author":"Redacci\u00f3n Pol\u00edticos","date":"12 de agosto de 2026","format":false,"excerpt":"ALMA GRANDE POR \u00c1NGEL \u00c1LVARO PE\u00d1A Hay una frase de Roc\u00edo Nahle que merece quedarse en el centro de la discusi\u00f3n pol\u00edtica: ning\u00fan funcionario, diputado o dirigente partidista debe cobrarle un porcentaje de su sueldo a un trabajador. La gobernadora de Veracruz fue clara al referirse a los se\u00f1alamientos recientes\u2026","rel":"","context":"En \u00abOPINI\u00d3N\u00bb","block_context":{"text":"OPINI\u00d3N","link":"https:\/\/politicosaldesnudo.com.mx\/index.php\/category\/columnistas\/"},"img":{"alt_text":"","src":"https:\/\/i0.wp.com\/politicosaldesnudo.com.mx\/wp-content\/uploads\/2026\/08\/ALMA-GRANDE-120826.png?fit=1200%2C658&ssl=1&resize=350%2C200","width":350,"height":200,"srcset":"https:\/\/i0.wp.com\/politicosaldesnudo.com.mx\/wp-content\/uploads\/2026\/08\/ALMA-GRANDE-120826.png?fit=1200%2C658&ssl=1&resize=350%2C200 1x, https:\/\/i0.wp.com\/politicosaldesnudo.com.mx\/wp-content\/uploads\/2026\/08\/ALMA-GRANDE-120826.png?fit=1200%2C658&ssl=1&resize=525%2C300 1.5x, https:\/\/i0.wp.com\/politicosaldesnudo.com.mx\/wp-content\/uploads\/2026\/08\/ALMA-GRANDE-120826.png?fit=1200%2C658&ssl=1&resize=700%2C400 2x, https:\/\/i0.wp.com\/politicosaldesnudo.com.mx\/wp-content\/uploads\/2026\/08\/ALMA-GRANDE-120826.png?fit=1200%2C658&ssl=1&resize=1050%2C600 3x"},"classes":[]},{"id":88186,"url":"https:\/\/politicosaldesnudo.com.mx\/index.php\/2026\/08\/30\/gobierno-busca-poner-lupa-a-capital-extranjero-en-sectores-estrategicos-de-mexico\/","url_meta":{"origin":80071,"position":5},"title":"Gobierno busca poner lupa a capital extranjero en sectores estrat\u00e9gicos de M\u00e9xico","author":"Redacci\u00f3n Pol\u00edticos","date":"30 de agosto de 2026","format":false,"excerpt":"El Gobierno federal pretende reforzar la vigilancia sobre las operaciones mediante las cuales inversionistas extranjeros adquieren el control de compa\u00f1\u00edas mexicanas vinculadas con infraestructura, tecnolog\u00eda o informaci\u00f3n considerada sensible. La presidenta Claudia Sheinbaum envi\u00f3 al Senado una iniciativa para modificar la Ley de Inversi\u00f3n Extranjera y establecer un procedimiento especial\u2026","rel":"","context":"En \u00abNACIONAL\u00bb","block_context":{"text":"NACIONAL","link":"https:\/\/politicosaldesnudo.com.mx\/index.php\/category\/nacional\/"},"img":{"alt_text":"","src":"https:\/\/i0.wp.com\/politicosaldesnudo.com.mx\/wp-content\/uploads\/2026\/08\/maxresdefault.jpg?fit=1200%2C675&ssl=1&resize=350%2C200","width":350,"height":200,"srcset":"https:\/\/i0.wp.com\/politicosaldesnudo.com.mx\/wp-content\/uploads\/2026\/08\/maxresdefault.jpg?fit=1200%2C675&ssl=1&resize=350%2C200 1x, https:\/\/i0.wp.com\/politicosaldesnudo.com.mx\/wp-content\/uploads\/2026\/08\/maxresdefault.jpg?fit=1200%2C675&ssl=1&resize=525%2C300 1.5x, https:\/\/i0.wp.com\/politicosaldesnudo.com.mx\/wp-content\/uploads\/2026\/08\/maxresdefault.jpg?fit=1200%2C675&ssl=1&resize=700%2C400 2x, https:\/\/i0.wp.com\/politicosaldesnudo.com.mx\/wp-content\/uploads\/2026\/08\/maxresdefault.jpg?fit=1200%2C675&ssl=1&resize=1050%2C600 3x"},"classes":[]}],"jetpack_sharing_enabled":true,"jetpack_featured_media_url":"https:\/\/i0.wp.com\/politicosaldesnudo.com.mx\/wp-content\/uploads\/2026\/02\/TRAI.jpg?fit=1200%2C741&ssl=1","_links":{"self":[{"href":"https:\/\/politicosaldesnudo.com.mx\/index.php\/wp-json\/wp\/v2\/posts\/80071","targetHints":{"allow":["GET"]}}],"collection":[{"href":"https:\/\/politicosaldesnudo.com.mx\/index.php\/wp-json\/wp\/v2\/posts"}],"about":[{"href":"https:\/\/politicosaldesnudo.com.mx\/index.php\/wp-json\/wp\/v2\/types\/post"}],"author":[{"embeddable":true,"href":"https:\/\/politicosaldesnudo.com.mx\/index.php\/wp-json\/wp\/v2\/users\/4"}],"replies":[{"embeddable":true,"href":"https:\/\/politicosaldesnudo.com.mx\/index.php\/wp-json\/wp\/v2\/comments?post=80071"}],"version-history":[{"count":0,"href":"https:\/\/politicosaldesnudo.com.mx\/index.php\/wp-json\/wp\/v2\/posts\/80071\/revisions"}],"wp:featuredmedia":[{"embeddable":true,"href":"https:\/\/politicosaldesnudo.com.mx\/index.php\/wp-json\/wp\/v2\/media\/80072"}],"wp:attachment":[{"href":"https:\/\/politicosaldesnudo.com.mx\/index.php\/wp-json\/wp\/v2\/media?parent=80071"}],"wp:term":[{"taxonomy":"category","embeddable":true,"href":"https:\/\/politicosaldesnudo.com.mx\/index.php\/wp-json\/wp\/v2\/categories?post=80071"},{"taxonomy":"post_tag","embeddable":true,"href":"https:\/\/politicosaldesnudo.com.mx\/index.php\/wp-json\/wp\/v2\/tags?post=80071"}],"curies":[{"name":"wp","href":"https:\/\/api.w.org\/{rel}","templated":true}]}}