{"id":80074,"date":"2026-02-16T01:29:00","date_gmt":"2026-02-16T07:29:00","guid":{"rendered":"https:\/\/politicosaldesnudo.com.mx\/?p=80074"},"modified":"2026-02-16T01:29:00","modified_gmt":"2026-02-16T07:29:00","slug":"el-nopal-se-alza-en-mexico-como-verdadero-tesoro-cultural-y-gastronomico","status":"publish","type":"post","link":"https:\/\/politicosaldesnudo.com.mx\/index.php\/2026\/02\/16\/el-nopal-se-alza-en-mexico-como-verdadero-tesoro-cultural-y-gastronomico\/","title":{"rendered":"El nopal se alza en M\u00e9xico como verdadero tesoro cultural y gastron\u00f3mico"},"content":{"rendered":"<p class=\"nota-justify\">El nopal contin\u00faa consolid\u00e1ndose como un tesoro de la gastronom\u00eda mexicana. Este cultivo transita un camino que une la tradici\u00f3n agr\u00edcola con la mesa de millones de hogares.<\/p>\n<p class=\"nota-justify\">El proceso comienza en regiones emblem\u00e1ticas como Milpa Alta, uno de los epicentros de esta actividad enclavada en la alcald\u00eda m\u00e1s rural de la Ciudad de M\u00e9xico, en el oriente.<\/p>\n<p class=\"nota-justify\">Con guantes en las manos para evitar las espinas, los agricultores seleccionan cuidadosamente las pencas m\u00e1s tiernas, sabiendo que pronto ser\u00e1n parte de platillos tradicionales como nopales asados, ensaladas frescas o guarnici\u00f3n para carnes como cerdo, borrego, conejo o pollo.<\/p>\n<p class=\"nota-justify\">\u201cCon el nopal se pueden hacer muchas cosas: para agua, nopal para un guisado, para una sopa, para un postre, para todo, el nopal es muy noble\u201d, sostiene la productora Silvia Laguna, en entrevista con Xinhua.<\/p>\n<p class=\"nota-justify\">Milpa Alta, la alcald\u00eda m\u00e1s rural de la capital mexicana, produce cerca de 40 por ciento del nopal que alimenta a millones de familias mexicanas. Y, en cada penca, parece latir el coraz\u00f3n verde de M\u00e9xico.<\/p>\n","protected":false},"excerpt":{"rendered":"<p>El nopal contin\u00faa consolid\u00e1ndose como un tesoro de la gastronom\u00eda mexicana. Este cultivo transita un camino que une la tradici\u00f3n [&hellip;]<\/p>\n","protected":false},"author":4,"featured_media":80075,"comment_status":"closed","ping_status":"closed","sticky":false,"template":"","format":"standard","meta":{"site-sidebar-layout":"default","site-content-layout":"","ast-site-content-layout":"default","site-content-style":"default","site-sidebar-style":"default","ast-global-header-display":"","ast-banner-title-visibility":"","ast-main-header-display":"","ast-hfb-above-header-display":"","ast-hfb-below-header-display":"","ast-hfb-mobile-header-display":"","site-post-title":"","ast-breadcrumbs-content":"","ast-featured-img":"","footer-sml-layout":"","ast-disable-related-posts":"","theme-transparent-header-meta":"","adv-header-id-meta":"","stick-header-meta":"","header-above-stick-meta":"","header-main-stick-meta":"","header-below-stick-meta":"","astra-migrate-meta-layouts":"default","ast-page-background-enabled":"default","ast-page-background-meta":{"desktop":{"background-color":"var(--ast-global-color-5)","background-image":"","background-repeat":"repeat","background-position":"center center","background-size":"auto","background-attachment":"scroll","background-type":"","background-media":"","overlay-type":"","overlay-color":"","overlay-opacity":"","overlay-gradient":""},"tablet":{"background-color":"","background-image":"","background-repeat":"repeat","background-position":"center center","background-size":"auto","background-attachment":"scroll","background-type":"","background-media":"","overlay-type":"","overlay-color":"","overlay-opacity":"","overlay-gradient":""},"mobile":{"background-color":"","background-image":"","background-repeat":"repeat","background-position":"center center","background-size":"auto","background-attachment":"scroll","background-type":"","background-media":"","overlay-type":"","overlay-color":"","overlay-opacity":"","overlay-gradient":""}},"ast-content-background-meta":{"desktop":{"background-color":"var(--ast-global-color-4)","background-image":"","background-repeat":"repeat","background-position":"center center","background-size":"auto","background-attachment":"scroll","background-type":"","background-media":"","overlay-type":"","overlay-color":"","overlay-opacity":"","overlay-gradient":""},"tablet":{"background-color":"var(--ast-global-color-4)","background-image":"","background-repeat":"repeat","background-position":"center center","background-size":"auto","background-attachment":"scroll","background-type":"","background-media":"","overlay-type":"","overlay-color":"","overlay-opacity":"","overlay-gradient":""},"mobile":{"background-color":"var(--ast-global-color-4)","background-image":"","background-repeat":"repeat","background-position":"center center","background-size":"auto","background-attachment":"scroll","background-type":"","background-media":"","overlay-type":"","overlay-color":"","overlay-opacity":"","overlay-gradient":""}},"_jetpack_newsletter_access":"","_jetpack_dont_email_post_to_subs":false,"_jetpack_newsletter_tier_id":0,"_jetpack_memberships_contains_paywalled_content":false,"_jetpack_feature_clip_id":0,"_jetpack_memberships_contains_paid_content":false,"footnotes":"","jetpack_publicize_message":"","jetpack_publicize_feature_enabled":true,"jetpack_social_post_already_shared":true,"jetpack_social_options":{"image_generator_settings":{"template":"highway","default_image_id":0,"font":"","enabled":false},"version":2},"jetpack_post_was_ever_published":false},"categories":[2050],"tags":[],"class_list":["post-80074","post","type-post","status-publish","format-standard","has-post-thumbnail","hentry","category-economia"],"yoast_head":"<!-- This site is optimized with the Yoast SEO plugin v28.3 - https:\/\/yoast.com\/product\/yoast-seo-wordpress\/ -->\n<title>El nopal se alza en M\u00e9xico como verdadero tesoro cultural y gastron\u00f3mico - Pol\u00edticos al Desnudo<\/title>\n<meta name=\"robots\" content=\"index, follow, max-snippet:-1, max-image-preview:large, max-video-preview:-1\" \/>\n<link rel=\"canonical\" href=\"https:\/\/politicosaldesnudo.com.mx\/index.php\/2026\/02\/16\/el-nopal-se-alza-en-mexico-como-verdadero-tesoro-cultural-y-gastronomico\/\" \/>\n<meta property=\"og:locale\" content=\"es_ES\" \/>\n<meta property=\"og:type\" content=\"article\" \/>\n<meta property=\"og:title\" content=\"El nopal se alza en M\u00e9xico como verdadero tesoro cultural y gastron\u00f3mico - Pol\u00edticos al Desnudo\" \/>\n<meta property=\"og:description\" content=\"El nopal contin\u00faa consolid\u00e1ndose como un tesoro de la gastronom\u00eda mexicana. Este cultivo transita un camino que une la tradici\u00f3n [&hellip;]\" \/>\n<meta property=\"og:url\" content=\"https:\/\/politicosaldesnudo.com.mx\/index.php\/2026\/02\/16\/el-nopal-se-alza-en-mexico-como-verdadero-tesoro-cultural-y-gastronomico\/\" \/>\n<meta property=\"og:site_name\" content=\"Pol\u00edticos al Desnudo\" \/>\n<meta property=\"article:publisher\" content=\"https:\/\/www.facebook.com\/PoliticosAD\" \/>\n<meta property=\"article:published_time\" content=\"2026-02-16T07:29:00+00:00\" \/>\n<meta property=\"og:image\" content=\"https:\/\/i0.wp.com\/politicosaldesnudo.com.mx\/wp-content\/uploads\/2026\/02\/NOP.jpg?fit=1200%2C800&ssl=1\" \/>\n\t<meta property=\"og:image:width\" content=\"1200\" \/>\n\t<meta property=\"og:image:height\" content=\"800\" \/>\n\t<meta property=\"og:image:type\" content=\"image\/jpeg\" \/>\n<meta name=\"author\" content=\"Redacci\u00f3n Pol\u00edticos\" \/>\n<meta name=\"twitter:card\" content=\"summary_large_image\" \/>\n<meta name=\"twitter:label1\" content=\"Escrito por\" \/>\n\t<meta name=\"twitter:data1\" content=\"Redacci\u00f3n Pol\u00edticos\" \/>\n\t<meta name=\"twitter:label2\" content=\"Tiempo de lectura\" \/>\n\t<meta name=\"twitter:data2\" content=\"1 minuto\" \/>\n<script type=\"application\/ld+json\" class=\"yoast-schema-graph\">{\"@context\":\"https:\\\/\\\/schema.org\",\"@graph\":[{\"@type\":\"Article\",\"@id\":\"https:\\\/\\\/politicosaldesnudo.com.mx\\\/index.php\\\/2026\\\/02\\\/16\\\/el-nopal-se-alza-en-mexico-como-verdadero-tesoro-cultural-y-gastronomico\\\/#article\",\"isPartOf\":{\"@id\":\"https:\\\/\\\/politicosaldesnudo.com.mx\\\/index.php\\\/2026\\\/02\\\/16\\\/el-nopal-se-alza-en-mexico-como-verdadero-tesoro-cultural-y-gastronomico\\\/\"},\"author\":{\"name\":\"Redacci\u00f3n Pol\u00edticos\",\"@id\":\"https:\\\/\\\/politicosaldesnudo.com.mx\\\/#\\\/schema\\\/person\\\/ef3a64e561cc3f3f5dc52fab81adde7e\"},\"headline\":\"El nopal se alza en M\u00e9xico como verdadero tesoro cultural y gastron\u00f3mico\",\"datePublished\":\"2026-02-16T07:29:00+00:00\",\"mainEntityOfPage\":{\"@id\":\"https:\\\/\\\/politicosaldesnudo.com.mx\\\/index.php\\\/2026\\\/02\\\/16\\\/el-nopal-se-alza-en-mexico-como-verdadero-tesoro-cultural-y-gastronomico\\\/\"},\"wordCount\":199,\"publisher\":{\"@id\":\"https:\\\/\\\/politicosaldesnudo.com.mx\\\/#organization\"},\"image\":{\"@id\":\"https:\\\/\\\/politicosaldesnudo.com.mx\\\/index.php\\\/2026\\\/02\\\/16\\\/el-nopal-se-alza-en-mexico-como-verdadero-tesoro-cultural-y-gastronomico\\\/#primaryimage\"},\"thumbnailUrl\":\"https:\\\/\\\/i0.wp.com\\\/politicosaldesnudo.com.mx\\\/wp-content\\\/uploads\\\/2026\\\/02\\\/NOP.jpg?fit=1200%2C800&ssl=1\",\"articleSection\":[\"ECONOM\u00cdA\"],\"inLanguage\":\"es\"},{\"@type\":\"WebPage\",\"@id\":\"https:\\\/\\\/politicosaldesnudo.com.mx\\\/index.php\\\/2026\\\/02\\\/16\\\/el-nopal-se-alza-en-mexico-como-verdadero-tesoro-cultural-y-gastronomico\\\/\",\"url\":\"https:\\\/\\\/politicosaldesnudo.com.mx\\\/index.php\\\/2026\\\/02\\\/16\\\/el-nopal-se-alza-en-mexico-como-verdadero-tesoro-cultural-y-gastronomico\\\/\",\"name\":\"El nopal se alza en M\u00e9xico como verdadero tesoro cultural y gastron\u00f3mico - Pol\u00edticos al Desnudo\",\"isPartOf\":{\"@id\":\"https:\\\/\\\/politicosaldesnudo.com.mx\\\/#website\"},\"primaryImageOfPage\":{\"@id\":\"https:\\\/\\\/politicosaldesnudo.com.mx\\\/index.php\\\/2026\\\/02\\\/16\\\/el-nopal-se-alza-en-mexico-como-verdadero-tesoro-cultural-y-gastronomico\\\/#primaryimage\"},\"image\":{\"@id\":\"https:\\\/\\\/politicosaldesnudo.com.mx\\\/index.php\\\/2026\\\/02\\\/16\\\/el-nopal-se-alza-en-mexico-como-verdadero-tesoro-cultural-y-gastronomico\\\/#primaryimage\"},\"thumbnailUrl\":\"https:\\\/\\\/i0.wp.com\\\/politicosaldesnudo.com.mx\\\/wp-content\\\/uploads\\\/2026\\\/02\\\/NOP.jpg?fit=1200%2C800&ssl=1\",\"datePublished\":\"2026-02-16T07:29:00+00:00\",\"breadcrumb\":{\"@id\":\"https:\\\/\\\/politicosaldesnudo.com.mx\\\/index.php\\\/2026\\\/02\\\/16\\\/el-nopal-se-alza-en-mexico-como-verdadero-tesoro-cultural-y-gastronomico\\\/#breadcrumb\"},\"inLanguage\":\"es\",\"potentialAction\":[{\"@type\":\"ReadAction\",\"target\":[\"https:\\\/\\\/politicosaldesnudo.com.mx\\\/index.php\\\/2026\\\/02\\\/16\\\/el-nopal-se-alza-en-mexico-como-verdadero-tesoro-cultural-y-gastronomico\\\/\"]}]},{\"@type\":\"ImageObject\",\"inLanguage\":\"es\",\"@id\":\"https:\\\/\\\/politicosaldesnudo.com.mx\\\/index.php\\\/2026\\\/02\\\/16\\\/el-nopal-se-alza-en-mexico-como-verdadero-tesoro-cultural-y-gastronomico\\\/#primaryimage\",\"url\":\"https:\\\/\\\/i0.wp.com\\\/politicosaldesnudo.com.mx\\\/wp-content\\\/uploads\\\/2026\\\/02\\\/NOP.jpg?fit=1200%2C800&ssl=1\",\"contentUrl\":\"https:\\\/\\\/i0.wp.com\\\/politicosaldesnudo.com.mx\\\/wp-content\\\/uploads\\\/2026\\\/02\\\/NOP.jpg?fit=1200%2C800&ssl=1\",\"width\":1200,\"height\":800},{\"@type\":\"BreadcrumbList\",\"@id\":\"https:\\\/\\\/politicosaldesnudo.com.mx\\\/index.php\\\/2026\\\/02\\\/16\\\/el-nopal-se-alza-en-mexico-como-verdadero-tesoro-cultural-y-gastronomico\\\/#breadcrumb\",\"itemListElement\":[{\"@type\":\"ListItem\",\"position\":1,\"name\":\"Portada\",\"item\":\"https:\\\/\\\/politicosaldesnudo.com.mx\\\/\"},{\"@type\":\"ListItem\",\"position\":2,\"name\":\"El nopal se alza en M\u00e9xico como verdadero tesoro cultural y gastron\u00f3mico\"}]},{\"@type\":\"WebSite\",\"@id\":\"https:\\\/\\\/politicosaldesnudo.com.mx\\\/#website\",\"url\":\"https:\\\/\\\/politicosaldesnudo.com.mx\\\/\",\"name\":\"Pol\u00edticos al Desnudo\",\"description\":\"\",\"publisher\":{\"@id\":\"https:\\\/\\\/politicosaldesnudo.com.mx\\\/#organization\"},\"potentialAction\":[{\"@type\":\"SearchAction\",\"target\":{\"@type\":\"EntryPoint\",\"urlTemplate\":\"https:\\\/\\\/politicosaldesnudo.com.mx\\\/?s={search_term_string}\"},\"query-input\":{\"@type\":\"PropertyValueSpecification\",\"valueRequired\":true,\"valueName\":\"search_term_string\"}}],\"inLanguage\":\"es\"},{\"@type\":\"Organization\",\"@id\":\"https:\\\/\\\/politicosaldesnudo.com.mx\\\/#organization\",\"name\":\"Pol\u00edticos al Desnudo\",\"url\":\"https:\\\/\\\/politicosaldesnudo.com.mx\\\/\",\"logo\":{\"@type\":\"ImageObject\",\"inLanguage\":\"es\",\"@id\":\"https:\\\/\\\/politicosaldesnudo.com.mx\\\/#\\\/schema\\\/logo\\\/image\\\/\",\"url\":\"https:\\\/\\\/i0.wp.com\\\/politicosaldesnudo.com.mx\\\/wp-content\\\/uploads\\\/2026\\\/08\\\/cropped-logo.webp?fit=400%2C126&ssl=1\",\"contentUrl\":\"https:\\\/\\\/i0.wp.com\\\/politicosaldesnudo.com.mx\\\/wp-content\\\/uploads\\\/2026\\\/08\\\/cropped-logo.webp?fit=400%2C126&ssl=1\",\"width\":400,\"height\":126,\"caption\":\"Pol\u00edticos al Desnudo\"},\"image\":{\"@id\":\"https:\\\/\\\/politicosaldesnudo.com.mx\\\/#\\\/schema\\\/logo\\\/image\\\/\"},\"sameAs\":[\"https:\\\/\\\/www.facebook.com\\\/PoliticosAD\"]},{\"@type\":\"Person\",\"@id\":\"https:\\\/\\\/politicosaldesnudo.com.mx\\\/#\\\/schema\\\/person\\\/ef3a64e561cc3f3f5dc52fab81adde7e\",\"name\":\"Redacci\u00f3n Pol\u00edticos\",\"url\":\"https:\\\/\\\/politicosaldesnudo.com.mx\\\/index.php\\\/author\\\/redaccion-politicos\\\/\"}]}<\/script>\n<!-- \/ Yoast SEO plugin. -->","yoast_head_json":{"title":"El nopal se alza en M\u00e9xico como verdadero tesoro cultural y gastron\u00f3mico - Pol\u00edticos al Desnudo","robots":{"index":"index","follow":"follow","max-snippet":"max-snippet:-1","max-image-preview":"max-image-preview:large","max-video-preview":"max-video-preview:-1"},"canonical":"https:\/\/politicosaldesnudo.com.mx\/index.php\/2026\/02\/16\/el-nopal-se-alza-en-mexico-como-verdadero-tesoro-cultural-y-gastronomico\/","og_locale":"es_ES","og_type":"article","og_title":"El nopal se alza en M\u00e9xico como verdadero tesoro cultural y gastron\u00f3mico - Pol\u00edticos al Desnudo","og_description":"El nopal contin\u00faa consolid\u00e1ndose como un tesoro de la gastronom\u00eda mexicana. Este cultivo transita un camino que une la tradici\u00f3n [&hellip;]","og_url":"https:\/\/politicosaldesnudo.com.mx\/index.php\/2026\/02\/16\/el-nopal-se-alza-en-mexico-como-verdadero-tesoro-cultural-y-gastronomico\/","og_site_name":"Pol\u00edticos al Desnudo","article_publisher":"https:\/\/www.facebook.com\/PoliticosAD","article_published_time":"2026-02-16T07:29:00+00:00","og_image":[{"width":1200,"height":800,"url":"https:\/\/i0.wp.com\/politicosaldesnudo.com.mx\/wp-content\/uploads\/2026\/02\/NOP.jpg?fit=1200%2C800&ssl=1","type":"image\/jpeg"}],"author":"Redacci\u00f3n Pol\u00edticos","twitter_card":"summary_large_image","twitter_misc":{"Escrito por":"Redacci\u00f3n Pol\u00edticos","Tiempo de lectura":"1 minuto"},"schema":{"@context":"https:\/\/schema.org","@graph":[{"@type":"Article","@id":"https:\/\/politicosaldesnudo.com.mx\/index.php\/2026\/02\/16\/el-nopal-se-alza-en-mexico-como-verdadero-tesoro-cultural-y-gastronomico\/#article","isPartOf":{"@id":"https:\/\/politicosaldesnudo.com.mx\/index.php\/2026\/02\/16\/el-nopal-se-alza-en-mexico-como-verdadero-tesoro-cultural-y-gastronomico\/"},"author":{"name":"Redacci\u00f3n Pol\u00edticos","@id":"https:\/\/politicosaldesnudo.com.mx\/#\/schema\/person\/ef3a64e561cc3f3f5dc52fab81adde7e"},"headline":"El nopal se alza en M\u00e9xico como verdadero tesoro cultural y gastron\u00f3mico","datePublished":"2026-02-16T07:29:00+00:00","mainEntityOfPage":{"@id":"https:\/\/politicosaldesnudo.com.mx\/index.php\/2026\/02\/16\/el-nopal-se-alza-en-mexico-como-verdadero-tesoro-cultural-y-gastronomico\/"},"wordCount":199,"publisher":{"@id":"https:\/\/politicosaldesnudo.com.mx\/#organization"},"image":{"@id":"https:\/\/politicosaldesnudo.com.mx\/index.php\/2026\/02\/16\/el-nopal-se-alza-en-mexico-como-verdadero-tesoro-cultural-y-gastronomico\/#primaryimage"},"thumbnailUrl":"https:\/\/i0.wp.com\/politicosaldesnudo.com.mx\/wp-content\/uploads\/2026\/02\/NOP.jpg?fit=1200%2C800&ssl=1","articleSection":["ECONOM\u00cdA"],"inLanguage":"es"},{"@type":"WebPage","@id":"https:\/\/politicosaldesnudo.com.mx\/index.php\/2026\/02\/16\/el-nopal-se-alza-en-mexico-como-verdadero-tesoro-cultural-y-gastronomico\/","url":"https:\/\/politicosaldesnudo.com.mx\/index.php\/2026\/02\/16\/el-nopal-se-alza-en-mexico-como-verdadero-tesoro-cultural-y-gastronomico\/","name":"El nopal se alza en M\u00e9xico como verdadero tesoro cultural y gastron\u00f3mico - Pol\u00edticos al Desnudo","isPartOf":{"@id":"https:\/\/politicosaldesnudo.com.mx\/#website"},"primaryImageOfPage":{"@id":"https:\/\/politicosaldesnudo.com.mx\/index.php\/2026\/02\/16\/el-nopal-se-alza-en-mexico-como-verdadero-tesoro-cultural-y-gastronomico\/#primaryimage"},"image":{"@id":"https:\/\/politicosaldesnudo.com.mx\/index.php\/2026\/02\/16\/el-nopal-se-alza-en-mexico-como-verdadero-tesoro-cultural-y-gastronomico\/#primaryimage"},"thumbnailUrl":"https:\/\/i0.wp.com\/politicosaldesnudo.com.mx\/wp-content\/uploads\/2026\/02\/NOP.jpg?fit=1200%2C800&ssl=1","datePublished":"2026-02-16T07:29:00+00:00","breadcrumb":{"@id":"https:\/\/politicosaldesnudo.com.mx\/index.php\/2026\/02\/16\/el-nopal-se-alza-en-mexico-como-verdadero-tesoro-cultural-y-gastronomico\/#breadcrumb"},"inLanguage":"es","potentialAction":[{"@type":"ReadAction","target":["https:\/\/politicosaldesnudo.com.mx\/index.php\/2026\/02\/16\/el-nopal-se-alza-en-mexico-como-verdadero-tesoro-cultural-y-gastronomico\/"]}]},{"@type":"ImageObject","inLanguage":"es","@id":"https:\/\/politicosaldesnudo.com.mx\/index.php\/2026\/02\/16\/el-nopal-se-alza-en-mexico-como-verdadero-tesoro-cultural-y-gastronomico\/#primaryimage","url":"https:\/\/i0.wp.com\/politicosaldesnudo.com.mx\/wp-content\/uploads\/2026\/02\/NOP.jpg?fit=1200%2C800&ssl=1","contentUrl":"https:\/\/i0.wp.com\/politicosaldesnudo.com.mx\/wp-content\/uploads\/2026\/02\/NOP.jpg?fit=1200%2C800&ssl=1","width":1200,"height":800},{"@type":"BreadcrumbList","@id":"https:\/\/politicosaldesnudo.com.mx\/index.php\/2026\/02\/16\/el-nopal-se-alza-en-mexico-como-verdadero-tesoro-cultural-y-gastronomico\/#breadcrumb","itemListElement":[{"@type":"ListItem","position":1,"name":"Portada","item":"https:\/\/politicosaldesnudo.com.mx\/"},{"@type":"ListItem","position":2,"name":"El nopal se alza en M\u00e9xico como verdadero tesoro cultural y gastron\u00f3mico"}]},{"@type":"WebSite","@id":"https:\/\/politicosaldesnudo.com.mx\/#website","url":"https:\/\/politicosaldesnudo.com.mx\/","name":"Pol\u00edticos al Desnudo","description":"","publisher":{"@id":"https:\/\/politicosaldesnudo.com.mx\/#organization"},"potentialAction":[{"@type":"SearchAction","target":{"@type":"EntryPoint","urlTemplate":"https:\/\/politicosaldesnudo.com.mx\/?s={search_term_string}"},"query-input":{"@type":"PropertyValueSpecification","valueRequired":true,"valueName":"search_term_string"}}],"inLanguage":"es"},{"@type":"Organization","@id":"https:\/\/politicosaldesnudo.com.mx\/#organization","name":"Pol\u00edticos al Desnudo","url":"https:\/\/politicosaldesnudo.com.mx\/","logo":{"@type":"ImageObject","inLanguage":"es","@id":"https:\/\/politicosaldesnudo.com.mx\/#\/schema\/logo\/image\/","url":"https:\/\/i0.wp.com\/politicosaldesnudo.com.mx\/wp-content\/uploads\/2026\/08\/cropped-logo.webp?fit=400%2C126&ssl=1","contentUrl":"https:\/\/i0.wp.com\/politicosaldesnudo.com.mx\/wp-content\/uploads\/2026\/08\/cropped-logo.webp?fit=400%2C126&ssl=1","width":400,"height":126,"caption":"Pol\u00edticos al Desnudo"},"image":{"@id":"https:\/\/politicosaldesnudo.com.mx\/#\/schema\/logo\/image\/"},"sameAs":["https:\/\/www.facebook.com\/PoliticosAD"]},{"@type":"Person","@id":"https:\/\/politicosaldesnudo.com.mx\/#\/schema\/person\/ef3a64e561cc3f3f5dc52fab81adde7e","name":"Redacci\u00f3n Pol\u00edticos","url":"https:\/\/politicosaldesnudo.com.mx\/index.php\/author\/redaccion-politicos\/"}]}},"jetpack_publicize_connections":[],"jetpack-related-posts":[{"id":87047,"url":"https:\/\/politicosaldesnudo.com.mx\/index.php\/2026\/07\/20\/las-mentiras-y-chantajes-armas-genocidas-de-trump\/","url_meta":{"origin":80074,"position":0},"title":"Las mentiras y chantajes, armas genocidas de Trump","author":"Redacci\u00f3n Pol\u00edticos","date":"20 de julio de 2026","format":false,"excerpt":"Las mentiras, repetidas mil veces se convierten en verdades para confundir y como v\u00edboras hambrientas se apoderan de los recursos naturales de las naciones, dando paso, de inmediato al chantaje amenazante y\u00a0 criminal\u00a0 e la aplicaci\u00f3n\u00a0 de aranceles , o bien de bloqueo comerciales \u00a0para sojuzgar a los pueblos y\u2026","rel":"","context":"En \u00abOPINI\u00d3N\u00bb","block_context":{"text":"OPINI\u00d3N","link":"https:\/\/politicosaldesnudo.com.mx\/index.php\/category\/columnistas\/"},"img":{"alt_text":"","src":"https:\/\/i0.wp.com\/politicosaldesnudo.com.mx\/wp-content\/uploads\/2026\/01\/BANNER-LIMA-COBOS.jpg?fit=533%2C297&ssl=1&resize=350%2C200","width":350,"height":200,"srcset":"https:\/\/i0.wp.com\/politicosaldesnudo.com.mx\/wp-content\/uploads\/2026\/01\/BANNER-LIMA-COBOS.jpg?fit=533%2C297&ssl=1&resize=350%2C200 1x, https:\/\/i0.wp.com\/politicosaldesnudo.com.mx\/wp-content\/uploads\/2026\/01\/BANNER-LIMA-COBOS.jpg?fit=533%2C297&ssl=1&resize=525%2C300 1.5x"},"classes":[]},{"id":87194,"url":"https:\/\/politicosaldesnudo.com.mx\/index.php\/2026\/07\/24\/industria-del-tequila-integra-mas-de-166-actividades-economicas-en-mexico\/","url_meta":{"origin":80074,"position":1},"title":"Industria del tequila integra m\u00e1s de 166 actividades econ\u00f3micas en M\u00e9xico","author":"Redacci\u00f3n Pol\u00edticos","date":"24 de julio de 2026","format":false,"excerpt":"La cadena de valor del tequila integra m\u00e1s de 166 actividades econ\u00f3micas, desde el cultivo del agave hasta el embotellado, en las que participan jimadores, maestros tequileros, ingenieros y especialistas, seg\u00fan un comunicado\u00a0de Casa Herradura. El destilado se conmemora cada 24 de julio con el D\u00eda Internacional del Tequila y\u2026","rel":"","context":"En \u00abECONOM\u00cdA\u00bb","block_context":{"text":"ECONOM\u00cdA","link":"https:\/\/politicosaldesnudo.com.mx\/index.php\/category\/economia\/"},"img":{"alt_text":"","src":"https:\/\/i0.wp.com\/politicosaldesnudo.com.mx\/wp-content\/uploads\/2026\/07\/ATEH.webp?fit=1200%2C741&ssl=1&resize=350%2C200","width":350,"height":200,"srcset":"https:\/\/i0.wp.com\/politicosaldesnudo.com.mx\/wp-content\/uploads\/2026\/07\/ATEH.webp?fit=1200%2C741&ssl=1&resize=350%2C200 1x, https:\/\/i0.wp.com\/politicosaldesnudo.com.mx\/wp-content\/uploads\/2026\/07\/ATEH.webp?fit=1200%2C741&ssl=1&resize=525%2C300 1.5x, https:\/\/i0.wp.com\/politicosaldesnudo.com.mx\/wp-content\/uploads\/2026\/07\/ATEH.webp?fit=1200%2C741&ssl=1&resize=700%2C400 2x, https:\/\/i0.wp.com\/politicosaldesnudo.com.mx\/wp-content\/uploads\/2026\/07\/ATEH.webp?fit=1200%2C741&ssl=1&resize=1050%2C600 3x"},"classes":[]},{"id":87005,"url":"https:\/\/politicosaldesnudo.com.mx\/index.php\/2026\/07\/20\/vacaciones-de-verano-dejaran-una-derrama-economica-a-mexico-por-883-mil-mdp\/","url_meta":{"origin":80074,"position":2},"title":"Vacaciones de verano dejar\u00e1n una derrama econ\u00f3mica a M\u00e9xico por 883 mil mdp","author":"Redacci\u00f3n Pol\u00edticos","date":"20 de julio de 2026","format":false,"excerpt":"M\u00e9xico recibir\u00e1 a m\u00e1s de 22 millones 400 mil turistas este verano, mismos que impulsar\u00e1n una derrama econ\u00f3mica de 883 mil millones de pesos. Este monto representa un crecimiento de 6.5 por ciento en comparaci\u00f3n con el mismo lapso de 2025, seg\u00fan datos oficiales y del sector privado. La Sectur\u2026","rel":"","context":"En \u00abECONOM\u00cdA\u00bb","block_context":{"text":"ECONOM\u00cdA","link":"https:\/\/politicosaldesnudo.com.mx\/index.php\/category\/economia\/"},"img":{"alt_text":"","src":"https:\/\/i0.wp.com\/politicosaldesnudo.com.mx\/wp-content\/uploads\/2026\/07\/GNDJWVNHRKDHOYFJ3PET7PYJTI.jpg?fit=1181%2C788&ssl=1&resize=350%2C200","width":350,"height":200,"srcset":"https:\/\/i0.wp.com\/politicosaldesnudo.com.mx\/wp-content\/uploads\/2026\/07\/GNDJWVNHRKDHOYFJ3PET7PYJTI.jpg?fit=1181%2C788&ssl=1&resize=350%2C200 1x, https:\/\/i0.wp.com\/politicosaldesnudo.com.mx\/wp-content\/uploads\/2026\/07\/GNDJWVNHRKDHOYFJ3PET7PYJTI.jpg?fit=1181%2C788&ssl=1&resize=525%2C300 1.5x, https:\/\/i0.wp.com\/politicosaldesnudo.com.mx\/wp-content\/uploads\/2026\/07\/GNDJWVNHRKDHOYFJ3PET7PYJTI.jpg?fit=1181%2C788&ssl=1&resize=700%2C400 2x, https:\/\/i0.wp.com\/politicosaldesnudo.com.mx\/wp-content\/uploads\/2026\/07\/GNDJWVNHRKDHOYFJ3PET7PYJTI.jpg?fit=1181%2C788&ssl=1&resize=1050%2C600 3x"},"classes":[]},{"id":87953,"url":"https:\/\/politicosaldesnudo.com.mx\/index.php\/2026\/08\/21\/anuncia-trump-que-negocia-nuevas-condiciones-comerciales-con-mexico\/","url_meta":{"origin":80074,"position":3},"title":"Anuncia Trump que negocia nuevas condiciones comerciales con M\u00e9xico","author":"Redacci\u00f3n Pol\u00edticos","date":"21 de agosto de 2026","format":false,"excerpt":"El presidente de Estados Unidos, Donald Trump, afirm\u00f3 que su gobierno comenz\u00f3 a trabajar en un nuevo entendimiento comercial con M\u00e9xico, en medio de las negociaciones abiertas tras la primera revisi\u00f3n conjunta del T-MEC. Durante un mensaje ofrecido este viernes, el mandatario estadounidense asegur\u00f3 que el eventual acuerdo ser\u00e1 m\u00e1s\u2026","rel":"","context":"En \u00abINTERNACIONAL\u00bb","block_context":{"text":"INTERNACIONAL","link":"https:\/\/politicosaldesnudo.com.mx\/index.php\/category\/internacional\/"},"img":{"alt_text":"","src":"https:\/\/i0.wp.com\/politicosaldesnudo.com.mx\/wp-content\/uploads\/2026\/08\/trimp.webp?fit=1200%2C800&ssl=1&resize=350%2C200","width":350,"height":200,"srcset":"https:\/\/i0.wp.com\/politicosaldesnudo.com.mx\/wp-content\/uploads\/2026\/08\/trimp.webp?fit=1200%2C800&ssl=1&resize=350%2C200 1x, https:\/\/i0.wp.com\/politicosaldesnudo.com.mx\/wp-content\/uploads\/2026\/08\/trimp.webp?fit=1200%2C800&ssl=1&resize=525%2C300 1.5x, https:\/\/i0.wp.com\/politicosaldesnudo.com.mx\/wp-content\/uploads\/2026\/08\/trimp.webp?fit=1200%2C800&ssl=1&resize=700%2C400 2x, https:\/\/i0.wp.com\/politicosaldesnudo.com.mx\/wp-content\/uploads\/2026\/08\/trimp.webp?fit=1200%2C800&ssl=1&resize=1050%2C600 3x"},"classes":[]},{"id":88022,"url":"https:\/\/politicosaldesnudo.com.mx\/index.php\/2026\/08\/24\/34-horas-entre-washington-y-palacio-nacional\/","url_meta":{"origin":80074,"position":4},"title":"34 horas entre Washington y Palacio Nacional","author":"Redacci\u00f3n Pol\u00edticos","date":"24 de agosto de 2026","format":false,"excerpt":"MEDIACIONES Por: Zaira Rosas zairosas.22@gmail.com Rub\u00e9n Rocha Moya necesit\u00f3 apenas 34 horas para comprobar que volver al gobierno no era lo mismo que volver al poder. Despu\u00e9s de 112 d\u00edas de licencia, regres\u00f3 a la gubernatura de Sinaloa y, poco m\u00e1s de un d\u00eda despu\u00e9s, volvi\u00f3 a separarse del cargo.\u2026","rel":"","context":"En \u00abOPINI\u00d3N\u00bb","block_context":{"text":"OPINI\u00d3N","link":"https:\/\/politicosaldesnudo.com.mx\/index.php\/category\/columnistas\/"},"img":{"alt_text":"","src":"https:\/\/i0.wp.com\/politicosaldesnudo.com.mx\/wp-content\/uploads\/2026\/08\/zaira-2308-scaled.png?fit=1200%2C659&ssl=1&resize=350%2C200","width":350,"height":200,"srcset":"https:\/\/i0.wp.com\/politicosaldesnudo.com.mx\/wp-content\/uploads\/2026\/08\/zaira-2308-scaled.png?fit=1200%2C659&ssl=1&resize=350%2C200 1x, https:\/\/i0.wp.com\/politicosaldesnudo.com.mx\/wp-content\/uploads\/2026\/08\/zaira-2308-scaled.png?fit=1200%2C659&ssl=1&resize=525%2C300 1.5x, https:\/\/i0.wp.com\/politicosaldesnudo.com.mx\/wp-content\/uploads\/2026\/08\/zaira-2308-scaled.png?fit=1200%2C659&ssl=1&resize=700%2C400 2x, https:\/\/i0.wp.com\/politicosaldesnudo.com.mx\/wp-content\/uploads\/2026\/08\/zaira-2308-scaled.png?fit=1200%2C659&ssl=1&resize=1050%2C600 3x"},"classes":[]},{"id":88094,"url":"https:\/\/politicosaldesnudo.com.mx\/index.php\/2026\/08\/27\/mexico-vs-la-narco-politica\/","url_meta":{"origin":80074,"position":5},"title":"M\u00e9xico Vs. la narco-pol\u00edtica","author":"Redacci\u00f3n Pol\u00edticos","date":"27 de agosto de 2026","format":false,"excerpt":"Por: Lic. Alberto Woolrich Ortiz Unas cuantas semanas m\u00e1s y habr\u00e1 concluido la historia de la impunidad concedida a la narco-pol\u00edtica, toda vez que ya se sabe qui\u00e9n es el verdadero responsable de la creaci\u00f3n de ese fen\u00f3meno que enturbi\u00f3 los destinos de M\u00e9xico y que s\u00f3lo arroj\u00f3 confusi\u00f3n, descr\u00e9dito\u2026","rel":"","context":"En \u00abOPINI\u00d3N\u00bb","block_context":{"text":"OPINI\u00d3N","link":"https:\/\/politicosaldesnudo.com.mx\/index.php\/category\/columnistas\/"},"img":{"alt_text":"","src":"https:\/\/i0.wp.com\/politicosaldesnudo.com.mx\/wp-content\/uploads\/2026\/08\/woolrich-2708-scaled.png?fit=1200%2C659&ssl=1&resize=350%2C200","width":350,"height":200,"srcset":"https:\/\/i0.wp.com\/politicosaldesnudo.com.mx\/wp-content\/uploads\/2026\/08\/woolrich-2708-scaled.png?fit=1200%2C659&ssl=1&resize=350%2C200 1x, https:\/\/i0.wp.com\/politicosaldesnudo.com.mx\/wp-content\/uploads\/2026\/08\/woolrich-2708-scaled.png?fit=1200%2C659&ssl=1&resize=525%2C300 1.5x, https:\/\/i0.wp.com\/politicosaldesnudo.com.mx\/wp-content\/uploads\/2026\/08\/woolrich-2708-scaled.png?fit=1200%2C659&ssl=1&resize=700%2C400 2x, https:\/\/i0.wp.com\/politicosaldesnudo.com.mx\/wp-content\/uploads\/2026\/08\/woolrich-2708-scaled.png?fit=1200%2C659&ssl=1&resize=1050%2C600 3x"},"classes":[]}],"jetpack_sharing_enabled":true,"jetpack_featured_media_url":"https:\/\/i0.wp.com\/politicosaldesnudo.com.mx\/wp-content\/uploads\/2026\/02\/NOP.jpg?fit=1200%2C800&ssl=1","_links":{"self":[{"href":"https:\/\/politicosaldesnudo.com.mx\/index.php\/wp-json\/wp\/v2\/posts\/80074","targetHints":{"allow":["GET"]}}],"collection":[{"href":"https:\/\/politicosaldesnudo.com.mx\/index.php\/wp-json\/wp\/v2\/posts"}],"about":[{"href":"https:\/\/politicosaldesnudo.com.mx\/index.php\/wp-json\/wp\/v2\/types\/post"}],"author":[{"embeddable":true,"href":"https:\/\/politicosaldesnudo.com.mx\/index.php\/wp-json\/wp\/v2\/users\/4"}],"replies":[{"embeddable":true,"href":"https:\/\/politicosaldesnudo.com.mx\/index.php\/wp-json\/wp\/v2\/comments?post=80074"}],"version-history":[{"count":0,"href":"https:\/\/politicosaldesnudo.com.mx\/index.php\/wp-json\/wp\/v2\/posts\/80074\/revisions"}],"wp:featuredmedia":[{"embeddable":true,"href":"https:\/\/politicosaldesnudo.com.mx\/index.php\/wp-json\/wp\/v2\/media\/80075"}],"wp:attachment":[{"href":"https:\/\/politicosaldesnudo.com.mx\/index.php\/wp-json\/wp\/v2\/media?parent=80074"}],"wp:term":[{"taxonomy":"category","embeddable":true,"href":"https:\/\/politicosaldesnudo.com.mx\/index.php\/wp-json\/wp\/v2\/categories?post=80074"},{"taxonomy":"post_tag","embeddable":true,"href":"https:\/\/politicosaldesnudo.com.mx\/index.php\/wp-json\/wp\/v2\/tags?post=80074"}],"curies":[{"name":"wp","href":"https:\/\/api.w.org\/{rel}","templated":true}]}}