{"id":80113,"date":"2026-02-17T00:07:49","date_gmt":"2026-02-17T06:07:49","guid":{"rendered":"https:\/\/politicosaldesnudo.com.mx\/?p=80113"},"modified":"2026-02-16T19:07:27","modified_gmt":"2026-02-17T01:07:27","slug":"boletas-y-materiales-electorales-de-mexico-costaran-3-mil-mdp-en-2027","status":"publish","type":"post","link":"https:\/\/politicosaldesnudo.com.mx\/index.php\/2026\/02\/17\/boletas-y-materiales-electorales-de-mexico-costaran-3-mil-mdp-en-2027\/","title":{"rendered":"Boletas y materiales electorales de M\u00e9xico costar\u00e1n 3 mil mdp en 2027"},"content":{"rendered":"<p class=\"nota-justify\">El mercado de boletas y materiales electorales de M\u00e9xico podr\u00eda superar el a\u00f1o pr\u00f3ximo 3 mil millones de pesos para la realizaci\u00f3n de una megaelecci\u00f3n que incluye contiendas federales y locales.<\/p>\n<p class=\"nota-justify\">En los a\u00f1os recientes, un peque\u00f1o grupo de cuatro empresas \u2013y asociados\u2013 ha recibido la mayor\u00eda de los contratos de manos del Instituto Nacional Electoral (INE) y los Organismos P\u00fablicos Locales Electorales (Oples).<\/p>\n<p class=\"nota-justify\">Esa circunstancia motiv\u00f3 en 2022 la apertura de una investigaci\u00f3n de oficio de la Comisi\u00f3n Federal de Competencia Econ\u00f3mica (Cofece); luego de detectarse \u201cposibles pr\u00e1cticas monop\u00f3licas absolutas\u201d, se indic\u00f3 en el aviso de indagatoria, cuyo inicio se public\u00f3 en el\u00a0<i>Diario Oficial de la Federaci\u00f3n\u00a0<\/i>en julio de 2022.<\/p>\n<p class=\"nota-justify\">Aunque hasta la eliminaci\u00f3n de la Cofece, el a\u00f1o pasado, no se dieron a conocer los resultados del caso, tampoco en el INE ha habido cambios sustanciales, pese a que un estudio interno del \u00f3rgano, realizado de cara a la m\u00e1s reciente elecci\u00f3n federal, advirti\u00f3 distintos \u201cdesequilibrios\u201d en la materia.<\/p>\n<p class=\"nota-justify\">Por ejemplo, refiri\u00f3 desbalances en el costo unitario de la fabricaci\u00f3n de las boletas (del a\u00f1o 2014 al 2021), pues mientras el INE pagaba 0.87 centavos, en Tlaxcala se pagaron 5.89 y en Hidalgo la carga fue de 3.29 pesos.<\/p>\n<p class=\"nota-justify\">En 2024 las boletas y materiales costaron un aproximado de 2 mil 340 millones de pesos, mientras en 2025 tan s\u00f3lo las utilizadas para la elecci\u00f3n judicial provocaron un gasto al INE de mil millones de pesos para imprimir 602 millones de papeletas.<\/p>\n<p class=\"nota-justify\">En esa contienda se usaron pocas boletas, pues la participaci\u00f3n ciudadana fue de 13 por ciento.<\/p>\n<p class=\"nota-justify\">El gasto pol\u00edtico-electoral es uno de los elementos a considerar en la inminente reforma electoral.<\/p>\n<p class=\"nota-justify\">Desde 2023, el INE elabor\u00f3 el estudio \u201cAn\u00e1lisis de pr\u00e1cticas y mecanismos institucionales relacionados con la cadena de suministro de documentaci\u00f3n y material electoral en el marco del Sistema Nacional Electoral (SNE)\u201d.<\/p>\n<p class=\"nota-justify\">El INE encabeza ese sistema y, por tanto, es competente para emitir las reglas para todo el pa\u00eds.<\/p>\n<p class=\"nota-justify\">En esa ocasi\u00f3n advirti\u00f3 una \u201cdesarticulaci\u00f3n del SNE\u201d en la provisi\u00f3n de los insumos; mencion\u00f3 \u2013por citar un rubro\u2013 que 19 Oples reportaron en 2021 atrasos adjudicados al proveedor, as\u00ed como otras inconsistencias en pr\u00e1cticamente todo el pa\u00eds.<\/p>\n<p class=\"nota-justify\">Y pese a ello, el INE no ha aplicado cambios significativos, sobre todo para evitar sobrecostos en un momento en que en lugar de licitaciones opta por adjudicaciones directas.<\/p>\n<p class=\"nota-justify\">Acorde con una revisi\u00f3n de los contratos otorgados en recientes contiendas federales y locales de 2018 a la fecha, son constantes como beneficiarias del INE y los Oples, Cajas Graf, Formas Finas y Materiales, Corporativo Zeg y Litho Formas, as\u00ed como la paraestatal Talleres Gr\u00e1ficos de M\u00e9xico.<\/p>\n<p class=\"nota-justify\">Todas, a su vez, trabajan con socios y subcontratan para la elaboraci\u00f3n de documentos con emblemas, sin emblemas, urnas, mamparas y boletas, entre muchos otros productos .<\/p>\n<p class=\"nota-justify\">Por lo pronto, la representante del PRI ante el INE, Marcela Guerra, pidi\u00f3 al consejo general del \u00f3rgano un informe para determinar si existe o no conflicto de intereses del nuevo administrador del instituto, Jes\u00fas Octavio Garc\u00eda Gonz\u00e1lez, quien era representante de algunas de las compa\u00f1\u00edas en referencia y mencionadas en la indagatoria de la Cofece.<\/p>\n","protected":false},"excerpt":{"rendered":"<p>El mercado de boletas y materiales electorales de M\u00e9xico podr\u00eda superar el a\u00f1o pr\u00f3ximo 3 mil millones de pesos para [&hellip;]<\/p>\n","protected":false},"author":4,"featured_media":80114,"comment_status":"closed","ping_status":"closed","sticky":false,"template":"","format":"standard","meta":{"site-sidebar-layout":"default","site-content-layout":"","ast-site-content-layout":"default","site-content-style":"default","site-sidebar-style":"default","ast-global-header-display":"","ast-banner-title-visibility":"","ast-main-header-display":"","ast-hfb-above-header-display":"","ast-hfb-below-header-display":"","ast-hfb-mobile-header-display":"","site-post-title":"","ast-breadcrumbs-content":"","ast-featured-img":"","footer-sml-layout":"","ast-disable-related-posts":"","theme-transparent-header-meta":"","adv-header-id-meta":"","stick-header-meta":"","header-above-stick-meta":"","header-main-stick-meta":"","header-below-stick-meta":"","astra-migrate-meta-layouts":"default","ast-page-background-enabled":"default","ast-page-background-meta":{"desktop":{"background-color":"var(--ast-global-color-5)","background-image":"","background-repeat":"repeat","background-position":"center center","background-size":"auto","background-attachment":"scroll","background-type":"","background-media":"","overlay-type":"","overlay-color":"","overlay-opacity":"","overlay-gradient":""},"tablet":{"background-color":"","background-image":"","background-repeat":"repeat","background-position":"center center","background-size":"auto","background-attachment":"scroll","background-type":"","background-media":"","overlay-type":"","overlay-color":"","overlay-opacity":"","overlay-gradient":""},"mobile":{"background-color":"","background-image":"","background-repeat":"repeat","background-position":"center center","background-size":"auto","background-attachment":"scroll","background-type":"","background-media":"","overlay-type":"","overlay-color":"","overlay-opacity":"","overlay-gradient":""}},"ast-content-background-meta":{"desktop":{"background-color":"var(--ast-global-color-4)","background-image":"","background-repeat":"repeat","background-position":"center center","background-size":"auto","background-attachment":"scroll","background-type":"","background-media":"","overlay-type":"","overlay-color":"","overlay-opacity":"","overlay-gradient":""},"tablet":{"background-color":"var(--ast-global-color-4)","background-image":"","background-repeat":"repeat","background-position":"center center","background-size":"auto","background-attachment":"scroll","background-type":"","background-media":"","overlay-type":"","overlay-color":"","overlay-opacity":"","overlay-gradient":""},"mobile":{"background-color":"var(--ast-global-color-4)","background-image":"","background-repeat":"repeat","background-position":"center center","background-size":"auto","background-attachment":"scroll","background-type":"","background-media":"","overlay-type":"","overlay-color":"","overlay-opacity":"","overlay-gradient":""}},"_jetpack_newsletter_access":"","_jetpack_dont_email_post_to_subs":false,"_jetpack_newsletter_tier_id":0,"_jetpack_memberships_contains_paywalled_content":false,"_jetpack_feature_clip_id":0,"_jetpack_memberships_contains_paid_content":false,"footnotes":"","jetpack_publicize_message":"","jetpack_publicize_feature_enabled":true,"jetpack_social_post_already_shared":true,"jetpack_social_options":{"image_generator_settings":{"template":"highway","default_image_id":0,"font":"","enabled":false},"version":2},"jetpack_post_was_ever_published":false},"categories":[33],"tags":[],"class_list":["post-80113","post","type-post","status-publish","format-standard","has-post-thumbnail","hentry","category-nacional"],"yoast_head":"<!-- This site is optimized with the Yoast SEO plugin v28.3 - https:\/\/yoast.com\/product\/yoast-seo-wordpress\/ -->\n<title>Boletas y materiales electorales de M\u00e9xico costar\u00e1n 3 mil mdp en 2027 - Pol\u00edticos al Desnudo<\/title>\n<meta name=\"robots\" content=\"index, follow, max-snippet:-1, max-image-preview:large, max-video-preview:-1\" \/>\n<link rel=\"canonical\" href=\"https:\/\/politicosaldesnudo.com.mx\/index.php\/2026\/02\/17\/boletas-y-materiales-electorales-de-mexico-costaran-3-mil-mdp-en-2027\/\" \/>\n<meta property=\"og:locale\" content=\"es_ES\" \/>\n<meta property=\"og:type\" content=\"article\" \/>\n<meta property=\"og:title\" content=\"Boletas y materiales electorales de M\u00e9xico costar\u00e1n 3 mil mdp en 2027 - Pol\u00edticos al Desnudo\" \/>\n<meta property=\"og:description\" content=\"El mercado de boletas y materiales electorales de M\u00e9xico podr\u00eda superar el a\u00f1o pr\u00f3ximo 3 mil millones de pesos para [&hellip;]\" \/>\n<meta property=\"og:url\" content=\"https:\/\/politicosaldesnudo.com.mx\/index.php\/2026\/02\/17\/boletas-y-materiales-electorales-de-mexico-costaran-3-mil-mdp-en-2027\/\" \/>\n<meta property=\"og:site_name\" content=\"Pol\u00edticos al Desnudo\" \/>\n<meta property=\"article:publisher\" content=\"https:\/\/www.facebook.com\/PoliticosAD\" \/>\n<meta property=\"article:published_time\" content=\"2026-02-17T06:07:49+00:00\" \/>\n<meta property=\"og:image\" content=\"https:\/\/i0.wp.com\/politicosaldesnudo.com.mx\/wp-content\/uploads\/2026\/02\/BOLTS.jpg?fit=1200%2C794&ssl=1\" \/>\n\t<meta property=\"og:image:width\" content=\"1200\" \/>\n\t<meta property=\"og:image:height\" content=\"794\" \/>\n\t<meta property=\"og:image:type\" content=\"image\/jpeg\" \/>\n<meta name=\"author\" content=\"Redacci\u00f3n Pol\u00edticos\" \/>\n<meta name=\"twitter:card\" content=\"summary_large_image\" \/>\n<meta name=\"twitter:label1\" content=\"Escrito por\" \/>\n\t<meta name=\"twitter:data1\" content=\"Redacci\u00f3n Pol\u00edticos\" \/>\n\t<meta name=\"twitter:label2\" content=\"Tiempo de lectura\" \/>\n\t<meta name=\"twitter:data2\" content=\"3 minutos\" \/>\n<script type=\"application\/ld+json\" class=\"yoast-schema-graph\">{\"@context\":\"https:\\\/\\\/schema.org\",\"@graph\":[{\"@type\":\"Article\",\"@id\":\"https:\\\/\\\/politicosaldesnudo.com.mx\\\/index.php\\\/2026\\\/02\\\/17\\\/boletas-y-materiales-electorales-de-mexico-costaran-3-mil-mdp-en-2027\\\/#article\",\"isPartOf\":{\"@id\":\"https:\\\/\\\/politicosaldesnudo.com.mx\\\/index.php\\\/2026\\\/02\\\/17\\\/boletas-y-materiales-electorales-de-mexico-costaran-3-mil-mdp-en-2027\\\/\"},\"author\":{\"name\":\"Redacci\u00f3n Pol\u00edticos\",\"@id\":\"https:\\\/\\\/politicosaldesnudo.com.mx\\\/#\\\/schema\\\/person\\\/ef3a64e561cc3f3f5dc52fab81adde7e\"},\"headline\":\"Boletas y materiales electorales de M\u00e9xico costar\u00e1n 3 mil mdp en 2027\",\"datePublished\":\"2026-02-17T06:07:49+00:00\",\"mainEntityOfPage\":{\"@id\":\"https:\\\/\\\/politicosaldesnudo.com.mx\\\/index.php\\\/2026\\\/02\\\/17\\\/boletas-y-materiales-electorales-de-mexico-costaran-3-mil-mdp-en-2027\\\/\"},\"wordCount\":560,\"publisher\":{\"@id\":\"https:\\\/\\\/politicosaldesnudo.com.mx\\\/#organization\"},\"image\":{\"@id\":\"https:\\\/\\\/politicosaldesnudo.com.mx\\\/index.php\\\/2026\\\/02\\\/17\\\/boletas-y-materiales-electorales-de-mexico-costaran-3-mil-mdp-en-2027\\\/#primaryimage\"},\"thumbnailUrl\":\"https:\\\/\\\/i0.wp.com\\\/politicosaldesnudo.com.mx\\\/wp-content\\\/uploads\\\/2026\\\/02\\\/BOLTS.jpg?fit=1200%2C794&ssl=1\",\"articleSection\":[\"NACIONAL\"],\"inLanguage\":\"es\"},{\"@type\":\"WebPage\",\"@id\":\"https:\\\/\\\/politicosaldesnudo.com.mx\\\/index.php\\\/2026\\\/02\\\/17\\\/boletas-y-materiales-electorales-de-mexico-costaran-3-mil-mdp-en-2027\\\/\",\"url\":\"https:\\\/\\\/politicosaldesnudo.com.mx\\\/index.php\\\/2026\\\/02\\\/17\\\/boletas-y-materiales-electorales-de-mexico-costaran-3-mil-mdp-en-2027\\\/\",\"name\":\"Boletas y materiales electorales de M\u00e9xico costar\u00e1n 3 mil mdp en 2027 - Pol\u00edticos al Desnudo\",\"isPartOf\":{\"@id\":\"https:\\\/\\\/politicosaldesnudo.com.mx\\\/#website\"},\"primaryImageOfPage\":{\"@id\":\"https:\\\/\\\/politicosaldesnudo.com.mx\\\/index.php\\\/2026\\\/02\\\/17\\\/boletas-y-materiales-electorales-de-mexico-costaran-3-mil-mdp-en-2027\\\/#primaryimage\"},\"image\":{\"@id\":\"https:\\\/\\\/politicosaldesnudo.com.mx\\\/index.php\\\/2026\\\/02\\\/17\\\/boletas-y-materiales-electorales-de-mexico-costaran-3-mil-mdp-en-2027\\\/#primaryimage\"},\"thumbnailUrl\":\"https:\\\/\\\/i0.wp.com\\\/politicosaldesnudo.com.mx\\\/wp-content\\\/uploads\\\/2026\\\/02\\\/BOLTS.jpg?fit=1200%2C794&ssl=1\",\"datePublished\":\"2026-02-17T06:07:49+00:00\",\"breadcrumb\":{\"@id\":\"https:\\\/\\\/politicosaldesnudo.com.mx\\\/index.php\\\/2026\\\/02\\\/17\\\/boletas-y-materiales-electorales-de-mexico-costaran-3-mil-mdp-en-2027\\\/#breadcrumb\"},\"inLanguage\":\"es\",\"potentialAction\":[{\"@type\":\"ReadAction\",\"target\":[\"https:\\\/\\\/politicosaldesnudo.com.mx\\\/index.php\\\/2026\\\/02\\\/17\\\/boletas-y-materiales-electorales-de-mexico-costaran-3-mil-mdp-en-2027\\\/\"]}]},{\"@type\":\"ImageObject\",\"inLanguage\":\"es\",\"@id\":\"https:\\\/\\\/politicosaldesnudo.com.mx\\\/index.php\\\/2026\\\/02\\\/17\\\/boletas-y-materiales-electorales-de-mexico-costaran-3-mil-mdp-en-2027\\\/#primaryimage\",\"url\":\"https:\\\/\\\/i0.wp.com\\\/politicosaldesnudo.com.mx\\\/wp-content\\\/uploads\\\/2026\\\/02\\\/BOLTS.jpg?fit=1200%2C794&ssl=1\",\"contentUrl\":\"https:\\\/\\\/i0.wp.com\\\/politicosaldesnudo.com.mx\\\/wp-content\\\/uploads\\\/2026\\\/02\\\/BOLTS.jpg?fit=1200%2C794&ssl=1\",\"width\":1200,\"height\":794},{\"@type\":\"BreadcrumbList\",\"@id\":\"https:\\\/\\\/politicosaldesnudo.com.mx\\\/index.php\\\/2026\\\/02\\\/17\\\/boletas-y-materiales-electorales-de-mexico-costaran-3-mil-mdp-en-2027\\\/#breadcrumb\",\"itemListElement\":[{\"@type\":\"ListItem\",\"position\":1,\"name\":\"Portada\",\"item\":\"https:\\\/\\\/politicosaldesnudo.com.mx\\\/\"},{\"@type\":\"ListItem\",\"position\":2,\"name\":\"Boletas y materiales electorales de M\u00e9xico costar\u00e1n 3 mil mdp en 2027\"}]},{\"@type\":\"WebSite\",\"@id\":\"https:\\\/\\\/politicosaldesnudo.com.mx\\\/#website\",\"url\":\"https:\\\/\\\/politicosaldesnudo.com.mx\\\/\",\"name\":\"Pol\u00edticos al Desnudo\",\"description\":\"\",\"publisher\":{\"@id\":\"https:\\\/\\\/politicosaldesnudo.com.mx\\\/#organization\"},\"potentialAction\":[{\"@type\":\"SearchAction\",\"target\":{\"@type\":\"EntryPoint\",\"urlTemplate\":\"https:\\\/\\\/politicosaldesnudo.com.mx\\\/?s={search_term_string}\"},\"query-input\":{\"@type\":\"PropertyValueSpecification\",\"valueRequired\":true,\"valueName\":\"search_term_string\"}}],\"inLanguage\":\"es\"},{\"@type\":\"Organization\",\"@id\":\"https:\\\/\\\/politicosaldesnudo.com.mx\\\/#organization\",\"name\":\"Pol\u00edticos al Desnudo\",\"url\":\"https:\\\/\\\/politicosaldesnudo.com.mx\\\/\",\"logo\":{\"@type\":\"ImageObject\",\"inLanguage\":\"es\",\"@id\":\"https:\\\/\\\/politicosaldesnudo.com.mx\\\/#\\\/schema\\\/logo\\\/image\\\/\",\"url\":\"https:\\\/\\\/i0.wp.com\\\/politicosaldesnudo.com.mx\\\/wp-content\\\/uploads\\\/2026\\\/08\\\/cropped-logo.webp?fit=400%2C126&ssl=1\",\"contentUrl\":\"https:\\\/\\\/i0.wp.com\\\/politicosaldesnudo.com.mx\\\/wp-content\\\/uploads\\\/2026\\\/08\\\/cropped-logo.webp?fit=400%2C126&ssl=1\",\"width\":400,\"height\":126,\"caption\":\"Pol\u00edticos al Desnudo\"},\"image\":{\"@id\":\"https:\\\/\\\/politicosaldesnudo.com.mx\\\/#\\\/schema\\\/logo\\\/image\\\/\"},\"sameAs\":[\"https:\\\/\\\/www.facebook.com\\\/PoliticosAD\"]},{\"@type\":\"Person\",\"@id\":\"https:\\\/\\\/politicosaldesnudo.com.mx\\\/#\\\/schema\\\/person\\\/ef3a64e561cc3f3f5dc52fab81adde7e\",\"name\":\"Redacci\u00f3n Pol\u00edticos\",\"url\":\"https:\\\/\\\/politicosaldesnudo.com.mx\\\/index.php\\\/author\\\/redaccion-politicos\\\/\"}]}<\/script>\n<!-- \/ Yoast SEO plugin. -->","yoast_head_json":{"title":"Boletas y materiales electorales de M\u00e9xico costar\u00e1n 3 mil mdp en 2027 - Pol\u00edticos al Desnudo","robots":{"index":"index","follow":"follow","max-snippet":"max-snippet:-1","max-image-preview":"max-image-preview:large","max-video-preview":"max-video-preview:-1"},"canonical":"https:\/\/politicosaldesnudo.com.mx\/index.php\/2026\/02\/17\/boletas-y-materiales-electorales-de-mexico-costaran-3-mil-mdp-en-2027\/","og_locale":"es_ES","og_type":"article","og_title":"Boletas y materiales electorales de M\u00e9xico costar\u00e1n 3 mil mdp en 2027 - Pol\u00edticos al Desnudo","og_description":"El mercado de boletas y materiales electorales de M\u00e9xico podr\u00eda superar el a\u00f1o pr\u00f3ximo 3 mil millones de pesos para [&hellip;]","og_url":"https:\/\/politicosaldesnudo.com.mx\/index.php\/2026\/02\/17\/boletas-y-materiales-electorales-de-mexico-costaran-3-mil-mdp-en-2027\/","og_site_name":"Pol\u00edticos al Desnudo","article_publisher":"https:\/\/www.facebook.com\/PoliticosAD","article_published_time":"2026-02-17T06:07:49+00:00","og_image":[{"width":1200,"height":794,"url":"https:\/\/i0.wp.com\/politicosaldesnudo.com.mx\/wp-content\/uploads\/2026\/02\/BOLTS.jpg?fit=1200%2C794&ssl=1","type":"image\/jpeg"}],"author":"Redacci\u00f3n Pol\u00edticos","twitter_card":"summary_large_image","twitter_misc":{"Escrito por":"Redacci\u00f3n Pol\u00edticos","Tiempo de lectura":"3 minutos"},"schema":{"@context":"https:\/\/schema.org","@graph":[{"@type":"Article","@id":"https:\/\/politicosaldesnudo.com.mx\/index.php\/2026\/02\/17\/boletas-y-materiales-electorales-de-mexico-costaran-3-mil-mdp-en-2027\/#article","isPartOf":{"@id":"https:\/\/politicosaldesnudo.com.mx\/index.php\/2026\/02\/17\/boletas-y-materiales-electorales-de-mexico-costaran-3-mil-mdp-en-2027\/"},"author":{"name":"Redacci\u00f3n Pol\u00edticos","@id":"https:\/\/politicosaldesnudo.com.mx\/#\/schema\/person\/ef3a64e561cc3f3f5dc52fab81adde7e"},"headline":"Boletas y materiales electorales de M\u00e9xico costar\u00e1n 3 mil mdp en 2027","datePublished":"2026-02-17T06:07:49+00:00","mainEntityOfPage":{"@id":"https:\/\/politicosaldesnudo.com.mx\/index.php\/2026\/02\/17\/boletas-y-materiales-electorales-de-mexico-costaran-3-mil-mdp-en-2027\/"},"wordCount":560,"publisher":{"@id":"https:\/\/politicosaldesnudo.com.mx\/#organization"},"image":{"@id":"https:\/\/politicosaldesnudo.com.mx\/index.php\/2026\/02\/17\/boletas-y-materiales-electorales-de-mexico-costaran-3-mil-mdp-en-2027\/#primaryimage"},"thumbnailUrl":"https:\/\/i0.wp.com\/politicosaldesnudo.com.mx\/wp-content\/uploads\/2026\/02\/BOLTS.jpg?fit=1200%2C794&ssl=1","articleSection":["NACIONAL"],"inLanguage":"es"},{"@type":"WebPage","@id":"https:\/\/politicosaldesnudo.com.mx\/index.php\/2026\/02\/17\/boletas-y-materiales-electorales-de-mexico-costaran-3-mil-mdp-en-2027\/","url":"https:\/\/politicosaldesnudo.com.mx\/index.php\/2026\/02\/17\/boletas-y-materiales-electorales-de-mexico-costaran-3-mil-mdp-en-2027\/","name":"Boletas y materiales electorales de M\u00e9xico costar\u00e1n 3 mil mdp en 2027 - Pol\u00edticos al Desnudo","isPartOf":{"@id":"https:\/\/politicosaldesnudo.com.mx\/#website"},"primaryImageOfPage":{"@id":"https:\/\/politicosaldesnudo.com.mx\/index.php\/2026\/02\/17\/boletas-y-materiales-electorales-de-mexico-costaran-3-mil-mdp-en-2027\/#primaryimage"},"image":{"@id":"https:\/\/politicosaldesnudo.com.mx\/index.php\/2026\/02\/17\/boletas-y-materiales-electorales-de-mexico-costaran-3-mil-mdp-en-2027\/#primaryimage"},"thumbnailUrl":"https:\/\/i0.wp.com\/politicosaldesnudo.com.mx\/wp-content\/uploads\/2026\/02\/BOLTS.jpg?fit=1200%2C794&ssl=1","datePublished":"2026-02-17T06:07:49+00:00","breadcrumb":{"@id":"https:\/\/politicosaldesnudo.com.mx\/index.php\/2026\/02\/17\/boletas-y-materiales-electorales-de-mexico-costaran-3-mil-mdp-en-2027\/#breadcrumb"},"inLanguage":"es","potentialAction":[{"@type":"ReadAction","target":["https:\/\/politicosaldesnudo.com.mx\/index.php\/2026\/02\/17\/boletas-y-materiales-electorales-de-mexico-costaran-3-mil-mdp-en-2027\/"]}]},{"@type":"ImageObject","inLanguage":"es","@id":"https:\/\/politicosaldesnudo.com.mx\/index.php\/2026\/02\/17\/boletas-y-materiales-electorales-de-mexico-costaran-3-mil-mdp-en-2027\/#primaryimage","url":"https:\/\/i0.wp.com\/politicosaldesnudo.com.mx\/wp-content\/uploads\/2026\/02\/BOLTS.jpg?fit=1200%2C794&ssl=1","contentUrl":"https:\/\/i0.wp.com\/politicosaldesnudo.com.mx\/wp-content\/uploads\/2026\/02\/BOLTS.jpg?fit=1200%2C794&ssl=1","width":1200,"height":794},{"@type":"BreadcrumbList","@id":"https:\/\/politicosaldesnudo.com.mx\/index.php\/2026\/02\/17\/boletas-y-materiales-electorales-de-mexico-costaran-3-mil-mdp-en-2027\/#breadcrumb","itemListElement":[{"@type":"ListItem","position":1,"name":"Portada","item":"https:\/\/politicosaldesnudo.com.mx\/"},{"@type":"ListItem","position":2,"name":"Boletas y materiales electorales de M\u00e9xico costar\u00e1n 3 mil mdp en 2027"}]},{"@type":"WebSite","@id":"https:\/\/politicosaldesnudo.com.mx\/#website","url":"https:\/\/politicosaldesnudo.com.mx\/","name":"Pol\u00edticos al Desnudo","description":"","publisher":{"@id":"https:\/\/politicosaldesnudo.com.mx\/#organization"},"potentialAction":[{"@type":"SearchAction","target":{"@type":"EntryPoint","urlTemplate":"https:\/\/politicosaldesnudo.com.mx\/?s={search_term_string}"},"query-input":{"@type":"PropertyValueSpecification","valueRequired":true,"valueName":"search_term_string"}}],"inLanguage":"es"},{"@type":"Organization","@id":"https:\/\/politicosaldesnudo.com.mx\/#organization","name":"Pol\u00edticos al Desnudo","url":"https:\/\/politicosaldesnudo.com.mx\/","logo":{"@type":"ImageObject","inLanguage":"es","@id":"https:\/\/politicosaldesnudo.com.mx\/#\/schema\/logo\/image\/","url":"https:\/\/i0.wp.com\/politicosaldesnudo.com.mx\/wp-content\/uploads\/2026\/08\/cropped-logo.webp?fit=400%2C126&ssl=1","contentUrl":"https:\/\/i0.wp.com\/politicosaldesnudo.com.mx\/wp-content\/uploads\/2026\/08\/cropped-logo.webp?fit=400%2C126&ssl=1","width":400,"height":126,"caption":"Pol\u00edticos al Desnudo"},"image":{"@id":"https:\/\/politicosaldesnudo.com.mx\/#\/schema\/logo\/image\/"},"sameAs":["https:\/\/www.facebook.com\/PoliticosAD"]},{"@type":"Person","@id":"https:\/\/politicosaldesnudo.com.mx\/#\/schema\/person\/ef3a64e561cc3f3f5dc52fab81adde7e","name":"Redacci\u00f3n Pol\u00edticos","url":"https:\/\/politicosaldesnudo.com.mx\/index.php\/author\/redaccion-politicos\/"}]}},"jetpack_publicize_connections":[],"jetpack-related-posts":[{"id":86999,"url":"https:\/\/politicosaldesnudo.com.mx\/index.php\/2026\/07\/20\/elecciones-2027-seran-de-una-complejidad-sin-precedente-advierten-expertos\/","url_meta":{"origin":80113,"position":0},"title":"Elecciones 2027 ser\u00e1n de una complejidad sin precedente, advierten expertos","author":"Redacci\u00f3n Pol\u00edticos","date":"20 de julio de 2026","format":false,"excerpt":"El a\u00f1o pr\u00f3ximo, la concurrencia de elecciones locales con una federal no tendr\u00e1 precedente, ya que junto con la renovaci\u00f3n de la C\u00e1mara de Diputados y 17 gubernaturas estar\u00e1n en las boletas los candidatos a mil 802 presidencias municipales. Los primeros c\u00e1lculos al respecto, como el del ex consejero y\u2026","rel":"","context":"En \u00abNACIONAL\u00bb","block_context":{"text":"NACIONAL","link":"https:\/\/politicosaldesnudo.com.mx\/index.php\/category\/nacional\/"},"img":{"alt_text":"","src":"https:\/\/i0.wp.com\/politicosaldesnudo.com.mx\/wp-content\/uploads\/2026\/07\/MAMEL.jpg?fit=1200%2C741&ssl=1&resize=350%2C200","width":350,"height":200,"srcset":"https:\/\/i0.wp.com\/politicosaldesnudo.com.mx\/wp-content\/uploads\/2026\/07\/MAMEL.jpg?fit=1200%2C741&ssl=1&resize=350%2C200 1x, https:\/\/i0.wp.com\/politicosaldesnudo.com.mx\/wp-content\/uploads\/2026\/07\/MAMEL.jpg?fit=1200%2C741&ssl=1&resize=525%2C300 1.5x, https:\/\/i0.wp.com\/politicosaldesnudo.com.mx\/wp-content\/uploads\/2026\/07\/MAMEL.jpg?fit=1200%2C741&ssl=1&resize=700%2C400 2x, https:\/\/i0.wp.com\/politicosaldesnudo.com.mx\/wp-content\/uploads\/2026\/07\/MAMEL.jpg?fit=1200%2C741&ssl=1&resize=1050%2C600 3x"},"classes":[]},{"id":13905,"url":"https:\/\/politicosaldesnudo.com.mx\/index.php\/2022\/12\/19\/cae-el-cartel-del-ine-y-el-futbolero-cuando\/","url_meta":{"origin":80113,"position":1},"title":"Cae el c\u00e1rtel del INE y el futbolero \u00bfcu\u00e1ndo?","author":"Redacci\u00f3n Pol\u00edticos","date":"19 de diciembre de 2022","format":false,"excerpt":"\u00a0 Por Jos\u00e9 Lima Cobos\u00a0 Segunda Parte \u00a0 En el pa\u00eds se ha formado y fortalecidos con los varios c\u00e1rteles que, lo mismo sirven para la defraudaci\u00f3n fiscal o tr\u00e1fico de personas\u00a0 o drogas, o bien cualquiera de las otras linduras que se forman\u00a0 o constituyen en la legalidad gubernamental\u2026","rel":"","context":"En \u00abOPINI\u00d3N\u00bb","block_context":{"text":"OPINI\u00d3N","link":"https:\/\/politicosaldesnudo.com.mx\/index.php\/category\/columnistas\/"},"img":{"alt_text":"","src":"https:\/\/i0.wp.com\/politicosaldesnudo.com.mx\/wp-content\/uploads\/2022\/04\/JOSE%CC%81-LIMA-COBOS.png?fit=1200%2C671&ssl=1&resize=350%2C200","width":350,"height":200,"srcset":"https:\/\/i0.wp.com\/politicosaldesnudo.com.mx\/wp-content\/uploads\/2022\/04\/JOSE%CC%81-LIMA-COBOS.png?fit=1200%2C671&ssl=1&resize=350%2C200 1x, https:\/\/i0.wp.com\/politicosaldesnudo.com.mx\/wp-content\/uploads\/2022\/04\/JOSE%CC%81-LIMA-COBOS.png?fit=1200%2C671&ssl=1&resize=525%2C300 1.5x, https:\/\/i0.wp.com\/politicosaldesnudo.com.mx\/wp-content\/uploads\/2022\/04\/JOSE%CC%81-LIMA-COBOS.png?fit=1200%2C671&ssl=1&resize=700%2C400 2x, https:\/\/i0.wp.com\/politicosaldesnudo.com.mx\/wp-content\/uploads\/2022\/04\/JOSE%CC%81-LIMA-COBOS.png?fit=1200%2C671&ssl=1&resize=1050%2C600 3x"},"classes":[]},{"id":20510,"url":"https:\/\/politicosaldesnudo.com.mx\/index.php\/2023\/06\/01\/desde-palacio-se-ve-desastre-de-la-alianza-va-por-mexico\/","url_meta":{"origin":80113,"position":2},"title":"Desde Palacio se ve desastre de la alianza Va por M\u00e9xico","author":"Redacci\u00f3n Pol\u00edticos","date":"1 de junio de 2023","format":false,"excerpt":"\u00a0 Por Jos\u00e9 Ure\u00f1a Los objetivos presidenciales est\u00e1n a la vista: Desaparecer electoralmente al PRI y romper su alianza con el PAN y el PRD para el 2024. A la vista del Ejecutivo ambos objetivos comenzar\u00e1n a cumplirse en las elecciones del domingo pr\u00f3ximo en el Estado de M\u00e9xico, el\u2026","rel":"","context":"En \u00abOPINI\u00d3N\u00bb","block_context":{"text":"OPINI\u00d3N","link":"https:\/\/politicosaldesnudo.com.mx\/index.php\/category\/columnistas\/"},"img":{"alt_text":"","src":"https:\/\/i0.wp.com\/politicosaldesnudo.com.mx\/wp-content\/uploads\/2022\/04\/JOSE%CC%81-UREN%CC%83A-1.png?fit=1200%2C671&ssl=1&resize=350%2C200","width":350,"height":200,"srcset":"https:\/\/i0.wp.com\/politicosaldesnudo.com.mx\/wp-content\/uploads\/2022\/04\/JOSE%CC%81-UREN%CC%83A-1.png?fit=1200%2C671&ssl=1&resize=350%2C200 1x, https:\/\/i0.wp.com\/politicosaldesnudo.com.mx\/wp-content\/uploads\/2022\/04\/JOSE%CC%81-UREN%CC%83A-1.png?fit=1200%2C671&ssl=1&resize=525%2C300 1.5x, https:\/\/i0.wp.com\/politicosaldesnudo.com.mx\/wp-content\/uploads\/2022\/04\/JOSE%CC%81-UREN%CC%83A-1.png?fit=1200%2C671&ssl=1&resize=700%2C400 2x, https:\/\/i0.wp.com\/politicosaldesnudo.com.mx\/wp-content\/uploads\/2022\/04\/JOSE%CC%81-UREN%CC%83A-1.png?fit=1200%2C671&ssl=1&resize=1050%2C600 3x"},"classes":[]},{"id":87915,"url":"https:\/\/politicosaldesnudo.com.mx\/index.php\/2026\/08\/20\/sheinbaum-abre-la-puerta-a-incorporar-a-monica-soto-al-gobierno-federal\/","url_meta":{"origin":80113,"position":3},"title":"Sheinbaum abre la puerta a incorporar a M\u00f3nica Soto al Gobierno federal","author":"Redacci\u00f3n Pol\u00edticos","date":"20 de agosto de 2026","format":false,"excerpt":"La presidenta Claudia Sheinbaum Pardo dej\u00f3 abierta la posibilidad de que M\u00f3nica Soto Fregoso se integre en el futuro a la administraci\u00f3n p\u00fablica federal, luego de presentar su renuncia como magistrada de la Sala Superior del Tribunal Electoral del Poder Judicial de la Federaci\u00f3n (TEPJF). Durante su conferencia matutina, la\u2026","rel":"","context":"En \u00abNACIONAL\u00bb","block_context":{"text":"NACIONAL","link":"https:\/\/politicosaldesnudo.com.mx\/index.php\/category\/nacional\/"},"img":{"alt_text":"","src":"https:\/\/i0.wp.com\/politicosaldesnudo.com.mx\/wp-content\/uploads\/2026\/08\/monica-soto.jpeg?fit=1200%2C812&ssl=1&resize=350%2C200","width":350,"height":200,"srcset":"https:\/\/i0.wp.com\/politicosaldesnudo.com.mx\/wp-content\/uploads\/2026\/08\/monica-soto.jpeg?fit=1200%2C812&ssl=1&resize=350%2C200 1x, https:\/\/i0.wp.com\/politicosaldesnudo.com.mx\/wp-content\/uploads\/2026\/08\/monica-soto.jpeg?fit=1200%2C812&ssl=1&resize=525%2C300 1.5x, https:\/\/i0.wp.com\/politicosaldesnudo.com.mx\/wp-content\/uploads\/2026\/08\/monica-soto.jpeg?fit=1200%2C812&ssl=1&resize=700%2C400 2x, https:\/\/i0.wp.com\/politicosaldesnudo.com.mx\/wp-content\/uploads\/2026\/08\/monica-soto.jpeg?fit=1200%2C812&ssl=1&resize=1050%2C600 3x"},"classes":[]},{"id":87950,"url":"https:\/\/politicosaldesnudo.com.mx\/index.php\/2026\/08\/21\/pan-abre-la-puerta-a-pactos-con-el-pri-en-veracruz-rumbo-a-2027\/","url_meta":{"origin":80113,"position":4},"title":"PAN abre la puerta a pactos con el PRI en Veracruz rumbo a 2027","author":"Redacci\u00f3n Pol\u00edticos","date":"21 de agosto de 2026","format":false,"excerpt":"La posibilidad de que el PAN y el PRI vuelvan a competir juntos en Veracruz no est\u00e1 completamente descartada. La dirigencia nacional de Acci\u00f3n Nacional evaluar\u00e1 cada distrito antes de decidir si establece acuerdos electorales para los comicios de 2027. Durante una visita a la entidad, el presidente nacional del\u2026","rel":"","context":"En \u00abESTADOS\u00bb","block_context":{"text":"ESTADOS","link":"https:\/\/politicosaldesnudo.com.mx\/index.php\/category\/estados\/"},"img":{"alt_text":"","src":"https:\/\/i0.wp.com\/politicosaldesnudo.com.mx\/wp-content\/uploads\/2026\/08\/pan-pri.png?fit=1200%2C675&ssl=1&resize=350%2C200","width":350,"height":200,"srcset":"https:\/\/i0.wp.com\/politicosaldesnudo.com.mx\/wp-content\/uploads\/2026\/08\/pan-pri.png?fit=1200%2C675&ssl=1&resize=350%2C200 1x, https:\/\/i0.wp.com\/politicosaldesnudo.com.mx\/wp-content\/uploads\/2026\/08\/pan-pri.png?fit=1200%2C675&ssl=1&resize=525%2C300 1.5x, https:\/\/i0.wp.com\/politicosaldesnudo.com.mx\/wp-content\/uploads\/2026\/08\/pan-pri.png?fit=1200%2C675&ssl=1&resize=700%2C400 2x, https:\/\/i0.wp.com\/politicosaldesnudo.com.mx\/wp-content\/uploads\/2026\/08\/pan-pri.png?fit=1200%2C675&ssl=1&resize=1050%2C600 3x"},"classes":[]},{"id":87902,"url":"https:\/\/politicosaldesnudo.com.mx\/index.php\/2026\/08\/19\/comision-permanente-avala-salida-de-monica-soto-tepjf-quedara-con-solo-cinco-magistraturas\/","url_meta":{"origin":80113,"position":5},"title":"Comisi\u00f3n Permanente avala salida de M\u00f3nica Soto; TEPJF quedar\u00e1 con s\u00f3lo cinco magistraturas","author":"Redacci\u00f3n Pol\u00edticos","date":"19 de agosto de 2026","format":false,"excerpt":"La Comisi\u00f3n Permanente del Congreso de la Uni\u00f3n aprob\u00f3 la renuncia de M\u00f3nica Aral\u00ed Soto Fregoso como magistrada de la Sala Superior del Tribunal Electoral del Poder Judicial de la Federaci\u00f3n (TEPJF). La separaci\u00f3n del cargo fue autorizada este mi\u00e9rcoles con 26 votos a favor, cinco en contra y cinco\u2026","rel":"","context":"En \u00abNACIONAL\u00bb","block_context":{"text":"NACIONAL","link":"https:\/\/politicosaldesnudo.com.mx\/index.php\/category\/nacional\/"},"img":{"alt_text":"","src":"https:\/\/i0.wp.com\/politicosaldesnudo.com.mx\/wp-content\/uploads\/2026\/08\/sup_12032024_1409.jpeg?fit=1200%2C857&ssl=1&resize=350%2C200","width":350,"height":200,"srcset":"https:\/\/i0.wp.com\/politicosaldesnudo.com.mx\/wp-content\/uploads\/2026\/08\/sup_12032024_1409.jpeg?fit=1200%2C857&ssl=1&resize=350%2C200 1x, https:\/\/i0.wp.com\/politicosaldesnudo.com.mx\/wp-content\/uploads\/2026\/08\/sup_12032024_1409.jpeg?fit=1200%2C857&ssl=1&resize=525%2C300 1.5x, https:\/\/i0.wp.com\/politicosaldesnudo.com.mx\/wp-content\/uploads\/2026\/08\/sup_12032024_1409.jpeg?fit=1200%2C857&ssl=1&resize=700%2C400 2x, https:\/\/i0.wp.com\/politicosaldesnudo.com.mx\/wp-content\/uploads\/2026\/08\/sup_12032024_1409.jpeg?fit=1200%2C857&ssl=1&resize=1050%2C600 3x"},"classes":[]}],"jetpack_sharing_enabled":true,"jetpack_featured_media_url":"https:\/\/i0.wp.com\/politicosaldesnudo.com.mx\/wp-content\/uploads\/2026\/02\/BOLTS.jpg?fit=1200%2C794&ssl=1","_links":{"self":[{"href":"https:\/\/politicosaldesnudo.com.mx\/index.php\/wp-json\/wp\/v2\/posts\/80113","targetHints":{"allow":["GET"]}}],"collection":[{"href":"https:\/\/politicosaldesnudo.com.mx\/index.php\/wp-json\/wp\/v2\/posts"}],"about":[{"href":"https:\/\/politicosaldesnudo.com.mx\/index.php\/wp-json\/wp\/v2\/types\/post"}],"author":[{"embeddable":true,"href":"https:\/\/politicosaldesnudo.com.mx\/index.php\/wp-json\/wp\/v2\/users\/4"}],"replies":[{"embeddable":true,"href":"https:\/\/politicosaldesnudo.com.mx\/index.php\/wp-json\/wp\/v2\/comments?post=80113"}],"version-history":[{"count":0,"href":"https:\/\/politicosaldesnudo.com.mx\/index.php\/wp-json\/wp\/v2\/posts\/80113\/revisions"}],"wp:featuredmedia":[{"embeddable":true,"href":"https:\/\/politicosaldesnudo.com.mx\/index.php\/wp-json\/wp\/v2\/media\/80114"}],"wp:attachment":[{"href":"https:\/\/politicosaldesnudo.com.mx\/index.php\/wp-json\/wp\/v2\/media?parent=80113"}],"wp:term":[{"taxonomy":"category","embeddable":true,"href":"https:\/\/politicosaldesnudo.com.mx\/index.php\/wp-json\/wp\/v2\/categories?post=80113"},{"taxonomy":"post_tag","embeddable":true,"href":"https:\/\/politicosaldesnudo.com.mx\/index.php\/wp-json\/wp\/v2\/tags?post=80113"}],"curies":[{"name":"wp","href":"https:\/\/api.w.org\/{rel}","templated":true}]}}