{"id":80116,"date":"2026-02-17T00:06:20","date_gmt":"2026-02-17T06:06:20","guid":{"rendered":"https:\/\/politicosaldesnudo.com.mx\/?p=80116"},"modified":"2026-02-16T19:09:31","modified_gmt":"2026-02-17T01:09:31","slug":"arrinconaremos-el-sarampion-con-vacunas-y-control-imss-bienestar","status":"publish","type":"post","link":"https:\/\/politicosaldesnudo.com.mx\/index.php\/2026\/02\/17\/arrinconaremos-el-sarampion-con-vacunas-y-control-imss-bienestar\/","title":{"rendered":"Arrinconaremos el sarampi\u00f3n con vacunas y control: IMSS-Bienestar"},"content":{"rendered":"<p class=\"nota-justify\">\u201cTenemos que arrinconar el sarampi\u00f3n\u201d con la aplicaci\u00f3n de vacunas y el control epidemiol\u00f3gico, esto es, el estudio de cada caso y la b\u00fasqueda de personas con quienes el paciente estuvo en contacto en las 15 manzanas alrededor de su domicilio, para aplicarles el biol\u00f3gico, se\u00f1al\u00f3 Alejandro Svarch, director de los Servicios P\u00fablicos de Salud IMSS -Bienestar.<\/p>\n<p class=\"nota-justify\">Lo m\u00e1s importante, subray\u00f3, es cerrar las brechas de inmunizaci\u00f3n. Para ello, el organismo cuenta con m\u00e1s de 8 mil 300 centros de salud en las 23 entidades federativas donde la atenci\u00f3n m\u00e9dica est\u00e1 bajo su responsabilidad, con lo que es la principal fuerza de prevenci\u00f3n de enfermedades a escala nacional.<\/p>\n<p class=\"nota-justify\">\u201cEstamos en todos lados; hasta en los m\u00e1s alejados\u201d. Adem\u00e1s, s\u00f3lo 3 por ciento de la poblaci\u00f3n vive a m\u00e1s de 30 minutos de un centro de salud, destac\u00f3.<\/p>\n<p class=\"nota-justify\">En entrevista, adelant\u00f3 que este a\u00f1o, IMSS-Bienestar buscar\u00e1 que la mayor\u00eda de unidades m\u00e9dicas brinden atenci\u00f3n los fines de semana, y \u201cestamos empezando con la aplicaci\u00f3n de vacunas contra el sarampi\u00f3n\u201d. Se trata, dijo, de que todas las personas puedan llevar a su hijos, y si tienen menos de 49 a\u00f1os, que tambi\u00e9n las reciban.<\/p>\n<p class=\"nota-justify\">Svarch coment\u00f3 sobre algunas investigaciones que han confirmado la eficacia del biol\u00f3gico. Con una dosis la protecci\u00f3n es menor, el individuo presenta algo parecido a una gripe, un cuadro leve y generalmente asintom\u00e1tico.<\/p>\n<p class=\"nota-justify\">Con las dos dosis consideradas en el programa universal de M\u00e9xico, la eficacia para evitar el contagio es superior a 95 por ciento, y cuando se logra una administraci\u00f3n masiva, sumado a la capacidad del sistema de defensas para proteger al organismo cuando ya ha estado expuesto al virus, se genera la protecci\u00f3n de reba\u00f1o.<\/p>\n<p class=\"nota-justify\">Significa que las personas vacunadas y\/o con inmunidad natural se convierten en una barrera para frenar la transmisi\u00f3n del virus. \u201cAs\u00ed lo tenemos que arrinconar\u201d, subray\u00f3 el funcionario.<\/p>\n<p class=\"nota-justify\">Hasta ahora, el personal de enfermer\u00eda de IMSS-Bienestar ha aplicado 5 millones 757 mil 755 dosis, de las cuales, en 2025 fueron 4 millones 333 mil 223 y en lo que va de 2026, un mill\u00f3n 424 mil 532. Se tiene previsto administrar 9 millones.<\/p>\n<p class=\"nota-justify\">Como parte de las acciones emprendidas para controlar el brote de sarampi\u00f3n que empez\u00f3 hace un a\u00f1o en zonas rurales de Chihuahua, personal de salud del organismo hab\u00eda colaborado en 2 mil 384 bloqueos vacunales hasta el pasado viernes. Es decir, la investigaci\u00f3n y aplicaci\u00f3n de biol\u00f3gicos en los lugares donde se identifican casos probables o confirmados de la enfermedad.<\/p>\n<p class=\"nota-justify\">Los servicios m\u00e9dicos tambi\u00e9n han estado involucrados en el control de 234 brotes notificados en los estados, salvo en aquellos donde los servicios de salud est\u00e1n a cargo de los gobiernos locales.<\/p>\n<p class=\"nota-justify\">Hasta ahora, el mayor n\u00famero de bloqueos vacunales se ha realizado en Michoac\u00e1n (356), Ciudad de M\u00e9xico (314), Chiapas (248), Sonora (196), Guerrero (185), Sinaloa (158), Tabasco (158), Hidalgo (133), estado de M\u00e9xico (127) y Morelos (124).<\/p>\n<p class=\"nota-justify\">Aunque hay brotes de sarampi\u00f3n en todo el pa\u00eds, de 234 contabilizados, las mayores cifras se han presentado en Guerrero (60), Sonora (43), Tabasco (18), estado de M\u00e9xico (17), Michoac\u00e1n (15), Baja California (14) y Oaxaca (10).<\/p>\n<p class=\"nota-justify\">Svarch afirm\u00f3 que \u00e9sta es una batalla que el pa\u00eds va a ganar porque el sarampi\u00f3n es una enfermedad que \u201cse conoce muy bien, existen vacunas altamente eficaces y hay experiencia acumulada en el sector salud para la atenci\u00f3n de pacientes y el control del brote\u201d.<\/p>\n<p class=\"nota-justify\">Tambi\u00e9n destac\u00f3 que el \u00e9nfasis de la inmunizaci\u00f3n est\u00e1 en los ni\u00f1os de seis meses para una dosis cero; a los 12 y 18 meses, las previstas en el esquema universal, as\u00ed como para los menores de 49 a\u00f1os que no hayan tenido las dos aplicaciones. Incluye a quienes desconozcan y no tengan manera de saber si fueron vacunados en la infancia.<\/p>\n<p class=\"nota-justify\">Record\u00f3 que en 2021 se modific\u00f3 el esquema de vacunaci\u00f3n contra esta enfermedad. Hasta ese momento eran dos dosis, la primera al a\u00f1o y un refuerzo a los 6. Los especialistas identificaron que hab\u00eda alta probabilidad de que las familias ya no regresaran por la segunda aplicaci\u00f3n. Por eso, desde entonces el refuerzo se aplica a los 18 meses.<\/p>\n<p class=\"nota-justify\">Svarch explic\u00f3 que el contagio sigue en aumento en algunos territorios que est\u00e1n bien identificados. Por eso, \u201csi vacunamos, el sarampi\u00f3n ya no pasar\u00e1\u201d, sostuvo.<\/p>\n","protected":false},"excerpt":{"rendered":"<p>\u201cTenemos que arrinconar el sarampi\u00f3n\u201d con la aplicaci\u00f3n de vacunas y el control epidemiol\u00f3gico, esto es, el estudio de cada [&hellip;]<\/p>\n","protected":false},"author":4,"featured_media":80117,"comment_status":"closed","ping_status":"closed","sticky":false,"template":"","format":"standard","meta":{"site-sidebar-layout":"default","site-content-layout":"","ast-site-content-layout":"default","site-content-style":"default","site-sidebar-style":"default","ast-global-header-display":"","ast-banner-title-visibility":"","ast-main-header-display":"","ast-hfb-above-header-display":"","ast-hfb-below-header-display":"","ast-hfb-mobile-header-display":"","site-post-title":"","ast-breadcrumbs-content":"","ast-featured-img":"","footer-sml-layout":"","ast-disable-related-posts":"","theme-transparent-header-meta":"","adv-header-id-meta":"","stick-header-meta":"","header-above-stick-meta":"","header-main-stick-meta":"","header-below-stick-meta":"","astra-migrate-meta-layouts":"default","ast-page-background-enabled":"default","ast-page-background-meta":{"desktop":{"background-color":"var(--ast-global-color-5)","background-image":"","background-repeat":"repeat","background-position":"center center","background-size":"auto","background-attachment":"scroll","background-type":"","background-media":"","overlay-type":"","overlay-color":"","overlay-opacity":"","overlay-gradient":""},"tablet":{"background-color":"","background-image":"","background-repeat":"repeat","background-position":"center center","background-size":"auto","background-attachment":"scroll","background-type":"","background-media":"","overlay-type":"","overlay-color":"","overlay-opacity":"","overlay-gradient":""},"mobile":{"background-color":"","background-image":"","background-repeat":"repeat","background-position":"center center","background-size":"auto","background-attachment":"scroll","background-type":"","background-media":"","overlay-type":"","overlay-color":"","overlay-opacity":"","overlay-gradient":""}},"ast-content-background-meta":{"desktop":{"background-color":"var(--ast-global-color-4)","background-image":"","background-repeat":"repeat","background-position":"center center","background-size":"auto","background-attachment":"scroll","background-type":"","background-media":"","overlay-type":"","overlay-color":"","overlay-opacity":"","overlay-gradient":""},"tablet":{"background-color":"var(--ast-global-color-4)","background-image":"","background-repeat":"repeat","background-position":"center center","background-size":"auto","background-attachment":"scroll","background-type":"","background-media":"","overlay-type":"","overlay-color":"","overlay-opacity":"","overlay-gradient":""},"mobile":{"background-color":"var(--ast-global-color-4)","background-image":"","background-repeat":"repeat","background-position":"center center","background-size":"auto","background-attachment":"scroll","background-type":"","background-media":"","overlay-type":"","overlay-color":"","overlay-opacity":"","overlay-gradient":""}},"_jetpack_newsletter_access":"","_jetpack_dont_email_post_to_subs":false,"_jetpack_newsletter_tier_id":0,"_jetpack_memberships_contains_paywalled_content":false,"_jetpack_feature_clip_id":0,"_jetpack_memberships_contains_paid_content":false,"footnotes":"","jetpack_publicize_message":"","jetpack_publicize_feature_enabled":true,"jetpack_social_post_already_shared":true,"jetpack_social_options":{"image_generator_settings":{"template":"highway","default_image_id":0,"font":"","enabled":false},"version":2},"jetpack_post_was_ever_published":false},"categories":[33],"tags":[],"class_list":["post-80116","post","type-post","status-publish","format-standard","has-post-thumbnail","hentry","category-nacional"],"yoast_head":"<!-- This site is optimized with the Yoast SEO plugin v28.3 - https:\/\/yoast.com\/product\/yoast-seo-wordpress\/ -->\n<title>Arrinconaremos el sarampi\u00f3n con vacunas y control: IMSS-Bienestar - Pol\u00edticos al Desnudo<\/title>\n<meta name=\"robots\" content=\"index, follow, max-snippet:-1, max-image-preview:large, max-video-preview:-1\" \/>\n<link rel=\"canonical\" href=\"https:\/\/politicosaldesnudo.com.mx\/index.php\/2026\/02\/17\/arrinconaremos-el-sarampion-con-vacunas-y-control-imss-bienestar\/\" \/>\n<meta property=\"og:locale\" content=\"es_ES\" \/>\n<meta property=\"og:type\" content=\"article\" \/>\n<meta property=\"og:title\" content=\"Arrinconaremos el sarampi\u00f3n con vacunas y control: IMSS-Bienestar - Pol\u00edticos al Desnudo\" \/>\n<meta property=\"og:description\" content=\"\u201cTenemos que arrinconar el sarampi\u00f3n\u201d con la aplicaci\u00f3n de vacunas y el control epidemiol\u00f3gico, esto es, el estudio de cada [&hellip;]\" \/>\n<meta property=\"og:url\" content=\"https:\/\/politicosaldesnudo.com.mx\/index.php\/2026\/02\/17\/arrinconaremos-el-sarampion-con-vacunas-y-control-imss-bienestar\/\" \/>\n<meta property=\"og:site_name\" content=\"Pol\u00edticos al Desnudo\" \/>\n<meta property=\"article:publisher\" content=\"https:\/\/www.facebook.com\/PoliticosAD\" \/>\n<meta property=\"article:published_time\" content=\"2026-02-17T06:06:20+00:00\" \/>\n<meta property=\"og:image\" content=\"https:\/\/i0.wp.com\/politicosaldesnudo.com.mx\/wp-content\/uploads\/2026\/02\/SARE.jpg?fit=1200%2C791&ssl=1\" \/>\n\t<meta property=\"og:image:width\" content=\"1200\" \/>\n\t<meta property=\"og:image:height\" content=\"791\" \/>\n\t<meta property=\"og:image:type\" content=\"image\/jpeg\" \/>\n<meta name=\"author\" content=\"Redacci\u00f3n Pol\u00edticos\" \/>\n<meta name=\"twitter:card\" content=\"summary_large_image\" \/>\n<meta name=\"twitter:label1\" content=\"Escrito por\" \/>\n\t<meta name=\"twitter:data1\" content=\"Redacci\u00f3n Pol\u00edticos\" \/>\n\t<meta name=\"twitter:label2\" content=\"Tiempo de lectura\" \/>\n\t<meta name=\"twitter:data2\" content=\"4 minutos\" \/>\n<script type=\"application\/ld+json\" class=\"yoast-schema-graph\">{\"@context\":\"https:\\\/\\\/schema.org\",\"@graph\":[{\"@type\":\"Article\",\"@id\":\"https:\\\/\\\/politicosaldesnudo.com.mx\\\/index.php\\\/2026\\\/02\\\/17\\\/arrinconaremos-el-sarampion-con-vacunas-y-control-imss-bienestar\\\/#article\",\"isPartOf\":{\"@id\":\"https:\\\/\\\/politicosaldesnudo.com.mx\\\/index.php\\\/2026\\\/02\\\/17\\\/arrinconaremos-el-sarampion-con-vacunas-y-control-imss-bienestar\\\/\"},\"author\":{\"name\":\"Redacci\u00f3n Pol\u00edticos\",\"@id\":\"https:\\\/\\\/politicosaldesnudo.com.mx\\\/#\\\/schema\\\/person\\\/ef3a64e561cc3f3f5dc52fab81adde7e\"},\"headline\":\"Arrinconaremos el sarampi\u00f3n con vacunas y control: IMSS-Bienestar\",\"datePublished\":\"2026-02-17T06:06:20+00:00\",\"mainEntityOfPage\":{\"@id\":\"https:\\\/\\\/politicosaldesnudo.com.mx\\\/index.php\\\/2026\\\/02\\\/17\\\/arrinconaremos-el-sarampion-con-vacunas-y-control-imss-bienestar\\\/\"},\"wordCount\":741,\"publisher\":{\"@id\":\"https:\\\/\\\/politicosaldesnudo.com.mx\\\/#organization\"},\"image\":{\"@id\":\"https:\\\/\\\/politicosaldesnudo.com.mx\\\/index.php\\\/2026\\\/02\\\/17\\\/arrinconaremos-el-sarampion-con-vacunas-y-control-imss-bienestar\\\/#primaryimage\"},\"thumbnailUrl\":\"https:\\\/\\\/i0.wp.com\\\/politicosaldesnudo.com.mx\\\/wp-content\\\/uploads\\\/2026\\\/02\\\/SARE.jpg?fit=1200%2C791&ssl=1\",\"articleSection\":[\"NACIONAL\"],\"inLanguage\":\"es\"},{\"@type\":\"WebPage\",\"@id\":\"https:\\\/\\\/politicosaldesnudo.com.mx\\\/index.php\\\/2026\\\/02\\\/17\\\/arrinconaremos-el-sarampion-con-vacunas-y-control-imss-bienestar\\\/\",\"url\":\"https:\\\/\\\/politicosaldesnudo.com.mx\\\/index.php\\\/2026\\\/02\\\/17\\\/arrinconaremos-el-sarampion-con-vacunas-y-control-imss-bienestar\\\/\",\"name\":\"Arrinconaremos el sarampi\u00f3n con vacunas y control: IMSS-Bienestar - Pol\u00edticos al Desnudo\",\"isPartOf\":{\"@id\":\"https:\\\/\\\/politicosaldesnudo.com.mx\\\/#website\"},\"primaryImageOfPage\":{\"@id\":\"https:\\\/\\\/politicosaldesnudo.com.mx\\\/index.php\\\/2026\\\/02\\\/17\\\/arrinconaremos-el-sarampion-con-vacunas-y-control-imss-bienestar\\\/#primaryimage\"},\"image\":{\"@id\":\"https:\\\/\\\/politicosaldesnudo.com.mx\\\/index.php\\\/2026\\\/02\\\/17\\\/arrinconaremos-el-sarampion-con-vacunas-y-control-imss-bienestar\\\/#primaryimage\"},\"thumbnailUrl\":\"https:\\\/\\\/i0.wp.com\\\/politicosaldesnudo.com.mx\\\/wp-content\\\/uploads\\\/2026\\\/02\\\/SARE.jpg?fit=1200%2C791&ssl=1\",\"datePublished\":\"2026-02-17T06:06:20+00:00\",\"breadcrumb\":{\"@id\":\"https:\\\/\\\/politicosaldesnudo.com.mx\\\/index.php\\\/2026\\\/02\\\/17\\\/arrinconaremos-el-sarampion-con-vacunas-y-control-imss-bienestar\\\/#breadcrumb\"},\"inLanguage\":\"es\",\"potentialAction\":[{\"@type\":\"ReadAction\",\"target\":[\"https:\\\/\\\/politicosaldesnudo.com.mx\\\/index.php\\\/2026\\\/02\\\/17\\\/arrinconaremos-el-sarampion-con-vacunas-y-control-imss-bienestar\\\/\"]}]},{\"@type\":\"ImageObject\",\"inLanguage\":\"es\",\"@id\":\"https:\\\/\\\/politicosaldesnudo.com.mx\\\/index.php\\\/2026\\\/02\\\/17\\\/arrinconaremos-el-sarampion-con-vacunas-y-control-imss-bienestar\\\/#primaryimage\",\"url\":\"https:\\\/\\\/i0.wp.com\\\/politicosaldesnudo.com.mx\\\/wp-content\\\/uploads\\\/2026\\\/02\\\/SARE.jpg?fit=1200%2C791&ssl=1\",\"contentUrl\":\"https:\\\/\\\/i0.wp.com\\\/politicosaldesnudo.com.mx\\\/wp-content\\\/uploads\\\/2026\\\/02\\\/SARE.jpg?fit=1200%2C791&ssl=1\",\"width\":1200,\"height\":791},{\"@type\":\"BreadcrumbList\",\"@id\":\"https:\\\/\\\/politicosaldesnudo.com.mx\\\/index.php\\\/2026\\\/02\\\/17\\\/arrinconaremos-el-sarampion-con-vacunas-y-control-imss-bienestar\\\/#breadcrumb\",\"itemListElement\":[{\"@type\":\"ListItem\",\"position\":1,\"name\":\"Portada\",\"item\":\"https:\\\/\\\/politicosaldesnudo.com.mx\\\/\"},{\"@type\":\"ListItem\",\"position\":2,\"name\":\"Arrinconaremos el sarampi\u00f3n con vacunas y control: IMSS-Bienestar\"}]},{\"@type\":\"WebSite\",\"@id\":\"https:\\\/\\\/politicosaldesnudo.com.mx\\\/#website\",\"url\":\"https:\\\/\\\/politicosaldesnudo.com.mx\\\/\",\"name\":\"Pol\u00edticos al Desnudo\",\"description\":\"\",\"publisher\":{\"@id\":\"https:\\\/\\\/politicosaldesnudo.com.mx\\\/#organization\"},\"potentialAction\":[{\"@type\":\"SearchAction\",\"target\":{\"@type\":\"EntryPoint\",\"urlTemplate\":\"https:\\\/\\\/politicosaldesnudo.com.mx\\\/?s={search_term_string}\"},\"query-input\":{\"@type\":\"PropertyValueSpecification\",\"valueRequired\":true,\"valueName\":\"search_term_string\"}}],\"inLanguage\":\"es\"},{\"@type\":\"Organization\",\"@id\":\"https:\\\/\\\/politicosaldesnudo.com.mx\\\/#organization\",\"name\":\"Pol\u00edticos al Desnudo\",\"url\":\"https:\\\/\\\/politicosaldesnudo.com.mx\\\/\",\"logo\":{\"@type\":\"ImageObject\",\"inLanguage\":\"es\",\"@id\":\"https:\\\/\\\/politicosaldesnudo.com.mx\\\/#\\\/schema\\\/logo\\\/image\\\/\",\"url\":\"https:\\\/\\\/i0.wp.com\\\/politicosaldesnudo.com.mx\\\/wp-content\\\/uploads\\\/2026\\\/08\\\/cropped-logo.webp?fit=400%2C126&ssl=1\",\"contentUrl\":\"https:\\\/\\\/i0.wp.com\\\/politicosaldesnudo.com.mx\\\/wp-content\\\/uploads\\\/2026\\\/08\\\/cropped-logo.webp?fit=400%2C126&ssl=1\",\"width\":400,\"height\":126,\"caption\":\"Pol\u00edticos al Desnudo\"},\"image\":{\"@id\":\"https:\\\/\\\/politicosaldesnudo.com.mx\\\/#\\\/schema\\\/logo\\\/image\\\/\"},\"sameAs\":[\"https:\\\/\\\/www.facebook.com\\\/PoliticosAD\"]},{\"@type\":\"Person\",\"@id\":\"https:\\\/\\\/politicosaldesnudo.com.mx\\\/#\\\/schema\\\/person\\\/ef3a64e561cc3f3f5dc52fab81adde7e\",\"name\":\"Redacci\u00f3n Pol\u00edticos\",\"url\":\"https:\\\/\\\/politicosaldesnudo.com.mx\\\/index.php\\\/author\\\/redaccion-politicos\\\/\"}]}<\/script>\n<!-- \/ Yoast SEO plugin. -->","yoast_head_json":{"title":"Arrinconaremos el sarampi\u00f3n con vacunas y control: IMSS-Bienestar - Pol\u00edticos al Desnudo","robots":{"index":"index","follow":"follow","max-snippet":"max-snippet:-1","max-image-preview":"max-image-preview:large","max-video-preview":"max-video-preview:-1"},"canonical":"https:\/\/politicosaldesnudo.com.mx\/index.php\/2026\/02\/17\/arrinconaremos-el-sarampion-con-vacunas-y-control-imss-bienestar\/","og_locale":"es_ES","og_type":"article","og_title":"Arrinconaremos el sarampi\u00f3n con vacunas y control: IMSS-Bienestar - Pol\u00edticos al Desnudo","og_description":"\u201cTenemos que arrinconar el sarampi\u00f3n\u201d con la aplicaci\u00f3n de vacunas y el control epidemiol\u00f3gico, esto es, el estudio de cada [&hellip;]","og_url":"https:\/\/politicosaldesnudo.com.mx\/index.php\/2026\/02\/17\/arrinconaremos-el-sarampion-con-vacunas-y-control-imss-bienestar\/","og_site_name":"Pol\u00edticos al Desnudo","article_publisher":"https:\/\/www.facebook.com\/PoliticosAD","article_published_time":"2026-02-17T06:06:20+00:00","og_image":[{"width":1200,"height":791,"url":"https:\/\/i0.wp.com\/politicosaldesnudo.com.mx\/wp-content\/uploads\/2026\/02\/SARE.jpg?fit=1200%2C791&ssl=1","type":"image\/jpeg"}],"author":"Redacci\u00f3n Pol\u00edticos","twitter_card":"summary_large_image","twitter_misc":{"Escrito por":"Redacci\u00f3n Pol\u00edticos","Tiempo de lectura":"4 minutos"},"schema":{"@context":"https:\/\/schema.org","@graph":[{"@type":"Article","@id":"https:\/\/politicosaldesnudo.com.mx\/index.php\/2026\/02\/17\/arrinconaremos-el-sarampion-con-vacunas-y-control-imss-bienestar\/#article","isPartOf":{"@id":"https:\/\/politicosaldesnudo.com.mx\/index.php\/2026\/02\/17\/arrinconaremos-el-sarampion-con-vacunas-y-control-imss-bienestar\/"},"author":{"name":"Redacci\u00f3n Pol\u00edticos","@id":"https:\/\/politicosaldesnudo.com.mx\/#\/schema\/person\/ef3a64e561cc3f3f5dc52fab81adde7e"},"headline":"Arrinconaremos el sarampi\u00f3n con vacunas y control: IMSS-Bienestar","datePublished":"2026-02-17T06:06:20+00:00","mainEntityOfPage":{"@id":"https:\/\/politicosaldesnudo.com.mx\/index.php\/2026\/02\/17\/arrinconaremos-el-sarampion-con-vacunas-y-control-imss-bienestar\/"},"wordCount":741,"publisher":{"@id":"https:\/\/politicosaldesnudo.com.mx\/#organization"},"image":{"@id":"https:\/\/politicosaldesnudo.com.mx\/index.php\/2026\/02\/17\/arrinconaremos-el-sarampion-con-vacunas-y-control-imss-bienestar\/#primaryimage"},"thumbnailUrl":"https:\/\/i0.wp.com\/politicosaldesnudo.com.mx\/wp-content\/uploads\/2026\/02\/SARE.jpg?fit=1200%2C791&ssl=1","articleSection":["NACIONAL"],"inLanguage":"es"},{"@type":"WebPage","@id":"https:\/\/politicosaldesnudo.com.mx\/index.php\/2026\/02\/17\/arrinconaremos-el-sarampion-con-vacunas-y-control-imss-bienestar\/","url":"https:\/\/politicosaldesnudo.com.mx\/index.php\/2026\/02\/17\/arrinconaremos-el-sarampion-con-vacunas-y-control-imss-bienestar\/","name":"Arrinconaremos el sarampi\u00f3n con vacunas y control: IMSS-Bienestar - Pol\u00edticos al Desnudo","isPartOf":{"@id":"https:\/\/politicosaldesnudo.com.mx\/#website"},"primaryImageOfPage":{"@id":"https:\/\/politicosaldesnudo.com.mx\/index.php\/2026\/02\/17\/arrinconaremos-el-sarampion-con-vacunas-y-control-imss-bienestar\/#primaryimage"},"image":{"@id":"https:\/\/politicosaldesnudo.com.mx\/index.php\/2026\/02\/17\/arrinconaremos-el-sarampion-con-vacunas-y-control-imss-bienestar\/#primaryimage"},"thumbnailUrl":"https:\/\/i0.wp.com\/politicosaldesnudo.com.mx\/wp-content\/uploads\/2026\/02\/SARE.jpg?fit=1200%2C791&ssl=1","datePublished":"2026-02-17T06:06:20+00:00","breadcrumb":{"@id":"https:\/\/politicosaldesnudo.com.mx\/index.php\/2026\/02\/17\/arrinconaremos-el-sarampion-con-vacunas-y-control-imss-bienestar\/#breadcrumb"},"inLanguage":"es","potentialAction":[{"@type":"ReadAction","target":["https:\/\/politicosaldesnudo.com.mx\/index.php\/2026\/02\/17\/arrinconaremos-el-sarampion-con-vacunas-y-control-imss-bienestar\/"]}]},{"@type":"ImageObject","inLanguage":"es","@id":"https:\/\/politicosaldesnudo.com.mx\/index.php\/2026\/02\/17\/arrinconaremos-el-sarampion-con-vacunas-y-control-imss-bienestar\/#primaryimage","url":"https:\/\/i0.wp.com\/politicosaldesnudo.com.mx\/wp-content\/uploads\/2026\/02\/SARE.jpg?fit=1200%2C791&ssl=1","contentUrl":"https:\/\/i0.wp.com\/politicosaldesnudo.com.mx\/wp-content\/uploads\/2026\/02\/SARE.jpg?fit=1200%2C791&ssl=1","width":1200,"height":791},{"@type":"BreadcrumbList","@id":"https:\/\/politicosaldesnudo.com.mx\/index.php\/2026\/02\/17\/arrinconaremos-el-sarampion-con-vacunas-y-control-imss-bienestar\/#breadcrumb","itemListElement":[{"@type":"ListItem","position":1,"name":"Portada","item":"https:\/\/politicosaldesnudo.com.mx\/"},{"@type":"ListItem","position":2,"name":"Arrinconaremos el sarampi\u00f3n con vacunas y control: IMSS-Bienestar"}]},{"@type":"WebSite","@id":"https:\/\/politicosaldesnudo.com.mx\/#website","url":"https:\/\/politicosaldesnudo.com.mx\/","name":"Pol\u00edticos al Desnudo","description":"","publisher":{"@id":"https:\/\/politicosaldesnudo.com.mx\/#organization"},"potentialAction":[{"@type":"SearchAction","target":{"@type":"EntryPoint","urlTemplate":"https:\/\/politicosaldesnudo.com.mx\/?s={search_term_string}"},"query-input":{"@type":"PropertyValueSpecification","valueRequired":true,"valueName":"search_term_string"}}],"inLanguage":"es"},{"@type":"Organization","@id":"https:\/\/politicosaldesnudo.com.mx\/#organization","name":"Pol\u00edticos al Desnudo","url":"https:\/\/politicosaldesnudo.com.mx\/","logo":{"@type":"ImageObject","inLanguage":"es","@id":"https:\/\/politicosaldesnudo.com.mx\/#\/schema\/logo\/image\/","url":"https:\/\/i0.wp.com\/politicosaldesnudo.com.mx\/wp-content\/uploads\/2026\/08\/cropped-logo.webp?fit=400%2C126&ssl=1","contentUrl":"https:\/\/i0.wp.com\/politicosaldesnudo.com.mx\/wp-content\/uploads\/2026\/08\/cropped-logo.webp?fit=400%2C126&ssl=1","width":400,"height":126,"caption":"Pol\u00edticos al Desnudo"},"image":{"@id":"https:\/\/politicosaldesnudo.com.mx\/#\/schema\/logo\/image\/"},"sameAs":["https:\/\/www.facebook.com\/PoliticosAD"]},{"@type":"Person","@id":"https:\/\/politicosaldesnudo.com.mx\/#\/schema\/person\/ef3a64e561cc3f3f5dc52fab81adde7e","name":"Redacci\u00f3n Pol\u00edticos","url":"https:\/\/politicosaldesnudo.com.mx\/index.php\/author\/redaccion-politicos\/"}]}},"jetpack_publicize_connections":[],"jetpack-related-posts":[{"id":87871,"url":"https:\/\/politicosaldesnudo.com.mx\/index.php\/2026\/08\/18\/sheinbaum-destaca-exito-del-imss-bienestar-consultas-de-especialidad-crecen-90\/","url_meta":{"origin":80116,"position":0},"title":"Sheinbaum destaca \u00e9xito del IMSS Bienestar: Consultas de especialidad crecen 90%","author":"Redacci\u00f3n Pol\u00edticos","date":"18 de agosto de 2026","format":false,"excerpt":"La presidenta Claudia Sheinbaum y autoridades de salud presentaron datos que demuestran una gran diferencia entre las cl\u00ednicas integradas a este sistema y los 8 estados que decidieron mantener sus propios servicios de salud. El impacto en los n\u00fameros de atenci\u00f3n Consultas generales: Subieron un 50% en las zonas con\u2026","rel":"","context":"En \u00abNACIONAL\u00bb","block_context":{"text":"NACIONAL","link":"https:\/\/politicosaldesnudo.com.mx\/index.php\/category\/nacional\/"},"img":{"alt_text":"","src":"https:\/\/i0.wp.com\/politicosaldesnudo.com.mx\/wp-content\/uploads\/2026\/08\/mananera.png?fit=1200%2C663&ssl=1&resize=350%2C200","width":350,"height":200,"srcset":"https:\/\/i0.wp.com\/politicosaldesnudo.com.mx\/wp-content\/uploads\/2026\/08\/mananera.png?fit=1200%2C663&ssl=1&resize=350%2C200 1x, https:\/\/i0.wp.com\/politicosaldesnudo.com.mx\/wp-content\/uploads\/2026\/08\/mananera.png?fit=1200%2C663&ssl=1&resize=525%2C300 1.5x, https:\/\/i0.wp.com\/politicosaldesnudo.com.mx\/wp-content\/uploads\/2026\/08\/mananera.png?fit=1200%2C663&ssl=1&resize=700%2C400 2x, https:\/\/i0.wp.com\/politicosaldesnudo.com.mx\/wp-content\/uploads\/2026\/08\/mananera.png?fit=1200%2C663&ssl=1&resize=1050%2C600 3x"},"classes":[]},{"id":86978,"url":"https:\/\/politicosaldesnudo.com.mx\/index.php\/2026\/07\/20\/instalan-modulos-gratuitos-de-vacunacion\/","url_meta":{"origin":80116,"position":1},"title":"Instalan m\u00f3dulos gratuitos de vacunaci\u00f3n","author":"Redacci\u00f3n Pol\u00edticos","date":"20 de julio de 2026","format":false,"excerpt":"Ante el incremento de casos de enfermedades prevenibles, los m\u00f3dulos de vacunaci\u00f3n instalados en distintos puntos de la ciudad contin\u00faan brindando atenci\u00f3n gratuita a la poblaci\u00f3n, principalmente para reforzar la protecci\u00f3n contra el sarampi\u00f3n y otras enfermedades. Los representantes de estos m\u00f3dulos hicieron un llamado a las familias tuxpe\u00f1as para\u2026","rel":"","context":"En \u00abTUXPAN\u00bb","block_context":{"text":"TUXPAN","link":"https:\/\/politicosaldesnudo.com.mx\/index.php\/category\/tuxpan\/"},"img":{"alt_text":"","src":"https:\/\/i0.wp.com\/politicosaldesnudo.com.mx\/wp-content\/uploads\/2026\/07\/WhatsApp-Image-2026-07-19-at-17.40.1.jpg?fit=1200%2C800&ssl=1&resize=350%2C200","width":350,"height":200,"srcset":"https:\/\/i0.wp.com\/politicosaldesnudo.com.mx\/wp-content\/uploads\/2026\/07\/WhatsApp-Image-2026-07-19-at-17.40.1.jpg?fit=1200%2C800&ssl=1&resize=350%2C200 1x, https:\/\/i0.wp.com\/politicosaldesnudo.com.mx\/wp-content\/uploads\/2026\/07\/WhatsApp-Image-2026-07-19-at-17.40.1.jpg?fit=1200%2C800&ssl=1&resize=525%2C300 1.5x, https:\/\/i0.wp.com\/politicosaldesnudo.com.mx\/wp-content\/uploads\/2026\/07\/WhatsApp-Image-2026-07-19-at-17.40.1.jpg?fit=1200%2C800&ssl=1&resize=700%2C400 2x, https:\/\/i0.wp.com\/politicosaldesnudo.com.mx\/wp-content\/uploads\/2026\/07\/WhatsApp-Image-2026-07-19-at-17.40.1.jpg?fit=1200%2C800&ssl=1&resize=1050%2C600 3x"},"classes":[]},{"id":88145,"url":"https:\/\/politicosaldesnudo.com.mx\/index.php\/2026\/08\/28\/la-espera-termino-mas-de-49-mil-jovenes-comenzaran-una-nueva-etapa-en-la-unam\/","url_meta":{"origin":80116,"position":2},"title":"\u00a1La espera termin\u00f3! M\u00e1s de 49 mil j\u00f3venes comenzar\u00e1n una nueva etapa en la UNAM","author":"Redacci\u00f3n Pol\u00edticos","date":"28 de agosto de 2026","format":false,"excerpt":"La Universidad Nacional public\u00f3 los resultados definitivos de su proceso de ingreso a licenciatura. Los aspirantes seleccionados deber\u00e1n descargar sus documentos y prepararse para iniciar clases este lunes. La incertidumbre lleg\u00f3 a su fin para miles de aspirantes. La Universidad Nacional Aut\u00f3noma de M\u00e9xico dio a conocer los resultados del\u2026","rel":"","context":"En \u00abNACIONAL\u00bb","block_context":{"text":"NACIONAL","link":"https:\/\/politicosaldesnudo.com.mx\/index.php\/category\/nacional\/"},"img":{"alt_text":"","src":"https:\/\/i0.wp.com\/politicosaldesnudo.com.mx\/wp-content\/uploads\/2026\/08\/UNAM.jpg?fit=1200%2C675&ssl=1&resize=350%2C200","width":350,"height":200,"srcset":"https:\/\/i0.wp.com\/politicosaldesnudo.com.mx\/wp-content\/uploads\/2026\/08\/UNAM.jpg?fit=1200%2C675&ssl=1&resize=350%2C200 1x, https:\/\/i0.wp.com\/politicosaldesnudo.com.mx\/wp-content\/uploads\/2026\/08\/UNAM.jpg?fit=1200%2C675&ssl=1&resize=525%2C300 1.5x, https:\/\/i0.wp.com\/politicosaldesnudo.com.mx\/wp-content\/uploads\/2026\/08\/UNAM.jpg?fit=1200%2C675&ssl=1&resize=700%2C400 2x, https:\/\/i0.wp.com\/politicosaldesnudo.com.mx\/wp-content\/uploads\/2026\/08\/UNAM.jpg?fit=1200%2C675&ssl=1&resize=1050%2C600 3x"},"classes":[]},{"id":42309,"url":"https:\/\/politicosaldesnudo.com.mx\/index.php\/2024\/07\/19\/covid-19-sin-datos-oficiales\/","url_meta":{"origin":80116,"position":3},"title":"Covid 19 sin datos oficiales","author":"Redacci\u00f3n Pol\u00edticos","date":"19 de julio de 2024","format":false,"excerpt":"Autoridades no reconocen que ha habido un aumento paulatino La mayor\u00eda de las personas contagiadas presentan s\u00edntomas leves Las vacunas contra el Covid 19 se encuentran agotadas en farmacias Por Miguel \u00c1ngel Cristiani G. Aunque se asegura extraoficialmente que en las \u00faltimas semanas, se ha registrado un incremento paulatino en\u2026","rel":"","context":"En \u00abOPINI\u00d3N\u00bb","block_context":{"text":"OPINI\u00d3N","link":"https:\/\/politicosaldesnudo.com.mx\/index.php\/category\/columnistas\/"},"img":{"alt_text":"","src":"https:\/\/i0.wp.com\/politicosaldesnudo.com.mx\/wp-content\/uploads\/2022\/04\/CRISTIANI.png?fit=1200%2C671&ssl=1&resize=350%2C200","width":350,"height":200,"srcset":"https:\/\/i0.wp.com\/politicosaldesnudo.com.mx\/wp-content\/uploads\/2022\/04\/CRISTIANI.png?fit=1200%2C671&ssl=1&resize=350%2C200 1x, https:\/\/i0.wp.com\/politicosaldesnudo.com.mx\/wp-content\/uploads\/2022\/04\/CRISTIANI.png?fit=1200%2C671&ssl=1&resize=525%2C300 1.5x, https:\/\/i0.wp.com\/politicosaldesnudo.com.mx\/wp-content\/uploads\/2022\/04\/CRISTIANI.png?fit=1200%2C671&ssl=1&resize=700%2C400 2x, https:\/\/i0.wp.com\/politicosaldesnudo.com.mx\/wp-content\/uploads\/2022\/04\/CRISTIANI.png?fit=1200%2C671&ssl=1&resize=1050%2C600 3x"},"classes":[]},{"id":88186,"url":"https:\/\/politicosaldesnudo.com.mx\/index.php\/2026\/08\/30\/gobierno-busca-poner-lupa-a-capital-extranjero-en-sectores-estrategicos-de-mexico\/","url_meta":{"origin":80116,"position":4},"title":"Gobierno busca poner lupa a capital extranjero en sectores estrat\u00e9gicos de M\u00e9xico","author":"Redacci\u00f3n Pol\u00edticos","date":"30 de agosto de 2026","format":false,"excerpt":"El Gobierno federal pretende reforzar la vigilancia sobre las operaciones mediante las cuales inversionistas extranjeros adquieren el control de compa\u00f1\u00edas mexicanas vinculadas con infraestructura, tecnolog\u00eda o informaci\u00f3n considerada sensible. La presidenta Claudia Sheinbaum envi\u00f3 al Senado una iniciativa para modificar la Ley de Inversi\u00f3n Extranjera y establecer un procedimiento especial\u2026","rel":"","context":"En \u00abNACIONAL\u00bb","block_context":{"text":"NACIONAL","link":"https:\/\/politicosaldesnudo.com.mx\/index.php\/category\/nacional\/"},"img":{"alt_text":"","src":"https:\/\/i0.wp.com\/politicosaldesnudo.com.mx\/wp-content\/uploads\/2026\/08\/maxresdefault.jpg?fit=1200%2C675&ssl=1&resize=350%2C200","width":350,"height":200,"srcset":"https:\/\/i0.wp.com\/politicosaldesnudo.com.mx\/wp-content\/uploads\/2026\/08\/maxresdefault.jpg?fit=1200%2C675&ssl=1&resize=350%2C200 1x, https:\/\/i0.wp.com\/politicosaldesnudo.com.mx\/wp-content\/uploads\/2026\/08\/maxresdefault.jpg?fit=1200%2C675&ssl=1&resize=525%2C300 1.5x, https:\/\/i0.wp.com\/politicosaldesnudo.com.mx\/wp-content\/uploads\/2026\/08\/maxresdefault.jpg?fit=1200%2C675&ssl=1&resize=700%2C400 2x, https:\/\/i0.wp.com\/politicosaldesnudo.com.mx\/wp-content\/uploads\/2026\/08\/maxresdefault.jpg?fit=1200%2C675&ssl=1&resize=1050%2C600 3x"},"classes":[]},{"id":88103,"url":"https:\/\/politicosaldesnudo.com.mx\/index.php\/2026\/08\/27\/rescatan-a-43-perros-de-un-infierno-clandestino-en-xalapa\/","url_meta":{"origin":80116,"position":5},"title":"Rescatan a 43 perros de un infierno clandestino en Xalapa","author":"Redacci\u00f3n Pol\u00edticos","date":"27 de agosto de 2026","format":false,"excerpt":"Los animales permanec\u00edan hacinados entre basura y plagas en una vivienda de la colonia Modelo; algunos presentan desnutrici\u00f3n, enfermedades en la piel y padecimientos transmitidos por garrapatas. Xalapa, Ver.\u2014 Un total de 43 perros fueron retirados de una vivienda donde presuntamente funcionaba un criadero clandestino, tras ser encontrados en condiciones\u2026","rel":"","context":"En \u00abESTADOS\u00bb","block_context":{"text":"ESTADOS","link":"https:\/\/politicosaldesnudo.com.mx\/index.php\/category\/estados\/"},"img":{"alt_text":"","src":"https:\/\/i0.wp.com\/politicosaldesnudo.com.mx\/wp-content\/uploads\/2026\/08\/ChatGPT-Image-27-ago-2026-17_38_17.png?fit=1200%2C675&ssl=1&resize=350%2C200","width":350,"height":200,"srcset":"https:\/\/i0.wp.com\/politicosaldesnudo.com.mx\/wp-content\/uploads\/2026\/08\/ChatGPT-Image-27-ago-2026-17_38_17.png?fit=1200%2C675&ssl=1&resize=350%2C200 1x, https:\/\/i0.wp.com\/politicosaldesnudo.com.mx\/wp-content\/uploads\/2026\/08\/ChatGPT-Image-27-ago-2026-17_38_17.png?fit=1200%2C675&ssl=1&resize=525%2C300 1.5x, https:\/\/i0.wp.com\/politicosaldesnudo.com.mx\/wp-content\/uploads\/2026\/08\/ChatGPT-Image-27-ago-2026-17_38_17.png?fit=1200%2C675&ssl=1&resize=700%2C400 2x, https:\/\/i0.wp.com\/politicosaldesnudo.com.mx\/wp-content\/uploads\/2026\/08\/ChatGPT-Image-27-ago-2026-17_38_17.png?fit=1200%2C675&ssl=1&resize=1050%2C600 3x"},"classes":[]}],"jetpack_sharing_enabled":true,"jetpack_featured_media_url":"https:\/\/i0.wp.com\/politicosaldesnudo.com.mx\/wp-content\/uploads\/2026\/02\/SARE.jpg?fit=1200%2C791&ssl=1","_links":{"self":[{"href":"https:\/\/politicosaldesnudo.com.mx\/index.php\/wp-json\/wp\/v2\/posts\/80116","targetHints":{"allow":["GET"]}}],"collection":[{"href":"https:\/\/politicosaldesnudo.com.mx\/index.php\/wp-json\/wp\/v2\/posts"}],"about":[{"href":"https:\/\/politicosaldesnudo.com.mx\/index.php\/wp-json\/wp\/v2\/types\/post"}],"author":[{"embeddable":true,"href":"https:\/\/politicosaldesnudo.com.mx\/index.php\/wp-json\/wp\/v2\/users\/4"}],"replies":[{"embeddable":true,"href":"https:\/\/politicosaldesnudo.com.mx\/index.php\/wp-json\/wp\/v2\/comments?post=80116"}],"version-history":[{"count":0,"href":"https:\/\/politicosaldesnudo.com.mx\/index.php\/wp-json\/wp\/v2\/posts\/80116\/revisions"}],"wp:featuredmedia":[{"embeddable":true,"href":"https:\/\/politicosaldesnudo.com.mx\/index.php\/wp-json\/wp\/v2\/media\/80117"}],"wp:attachment":[{"href":"https:\/\/politicosaldesnudo.com.mx\/index.php\/wp-json\/wp\/v2\/media?parent=80116"}],"wp:term":[{"taxonomy":"category","embeddable":true,"href":"https:\/\/politicosaldesnudo.com.mx\/index.php\/wp-json\/wp\/v2\/categories?post=80116"},{"taxonomy":"post_tag","embeddable":true,"href":"https:\/\/politicosaldesnudo.com.mx\/index.php\/wp-json\/wp\/v2\/tags?post=80116"}],"curies":[{"name":"wp","href":"https:\/\/api.w.org\/{rel}","templated":true}]}}