{"id":80143,"date":"2026-02-17T00:16:29","date_gmt":"2026-02-17T06:16:29","guid":{"rendered":"https:\/\/politicosaldesnudo.com.mx\/?p=80143"},"modified":"2026-02-16T19:30:31","modified_gmt":"2026-02-17T01:30:31","slug":"ceteg-bloquea-caseta-en-la-autopista-del-sol-en-demanda-de-pagos-retrasados","status":"publish","type":"post","link":"https:\/\/politicosaldesnudo.com.mx\/index.php\/2026\/02\/17\/ceteg-bloquea-caseta-en-la-autopista-del-sol-en-demanda-de-pagos-retrasados\/","title":{"rendered":"CETEG bloquea caseta en la Autopista del Sol en demanda de pagos retrasados"},"content":{"rendered":"<p class=\"nota-justify\">Desde las nueve de la ma\u00f1ana, decenas de maestros de la Coordinadora Estatal de Trabajadores de la Educaci\u00f3n en Guerrero (CETEG) tomaron la caseta de cobro de Palo Blanco de la Autopista del Sol M\u00e9xico-Acapulco en demanda de soluci\u00f3n a su pliego petitorio.<\/p>\n<p class=\"nota-justify\">Los profesores demandan pagos atrasados, y la incorporaci\u00f3n al FONE de m\u00e1s de 2 mil 500 trabajadores administrativos. A la protesta se sumaron, docentes\u00a0jubilados y pensionados provenientes de diversas regiones del estado de Guerrero.<\/p>\n<p class=\"nota-justify\">Otras demandas son el pago del bono de despensa para el Personal de Apoyo y Asistencia a la Educaci\u00f3n (PAAE); la segunda parte del aguinaldo as\u00ed como la incorporaci\u00f3n al FONE de alrededor de 2 mil trabajadores.<\/p>\n<p class=\"nota-justify\">Uno de los lideres de la CETEG dijo que el pago del bono de despensa se debi\u00f3 haber pagado desde el pasado mes de diciembre, a m\u00e1s de 11 mil trabajadores y es la fecha que no lo reciben.<\/p>\n<p class=\"nota-justify\">Manifest\u00f3 que ante ello y como medida de presi\u00f3n, los docentes cerraron las oficinas de la Delegaci\u00f3n D-III-16-02, hasta que las autoridades educativas resuelvan las demandas laborales.<\/p>\n<p class=\"nota-justify\">Por lo que se refiere a\u00a0 los Jubilados y Pensionados del Estado de Guerrero, de igual forma est\u00e1n solicitando el pago completo del bono decembrino, a m\u00e1s de mil ex trabajadores de todo el estado; y el pago de despensa al personal administrativo y asistentes del estado PAAE.Adem\u00e1s demandan el pago de manera puntual de las quincenas, a los trabajadores administrativos y jubilados y pensionados.<\/p>\n<p class=\"nota-justify\">Al lugar no lleg\u00f3 ninguna autoridad a dialogar con los manifestantes. Por ello, los manifestantes acordaron intensificar sus movilizaciones en Chilpancingo; y advirtieron que no desistir\u00e1n de sus protestas, hasta encontrar respuestas favorables a sus demandas.<\/p>\n<p class=\"nota-justify\">En tanto, tambi\u00e9n esta ma\u00f1ana en la ciudad de Iguala, se sumaron a la protesta de la CETEG, maestros del SNTE, y bloquearon la caseta que va Cuernavaca; y hacia el vecino municipio de\u00a0 Teloloapan. Son profesores de CBTis 56 de Iguala, y CBTa 315 del municipio de Tepecoacuilco, quienes exigen el segundo pago del bono decembrino.<\/p>\n","protected":false},"excerpt":{"rendered":"<p>Desde las nueve de la ma\u00f1ana, decenas de maestros de la Coordinadora Estatal de Trabajadores de la Educaci\u00f3n en Guerrero [&hellip;]<\/p>\n","protected":false},"author":4,"featured_media":80144,"comment_status":"closed","ping_status":"closed","sticky":false,"template":"","format":"standard","meta":{"site-sidebar-layout":"default","site-content-layout":"","ast-site-content-layout":"default","site-content-style":"default","site-sidebar-style":"default","ast-global-header-display":"","ast-banner-title-visibility":"","ast-main-header-display":"","ast-hfb-above-header-display":"","ast-hfb-below-header-display":"","ast-hfb-mobile-header-display":"","site-post-title":"","ast-breadcrumbs-content":"","ast-featured-img":"","footer-sml-layout":"","ast-disable-related-posts":"","theme-transparent-header-meta":"","adv-header-id-meta":"","stick-header-meta":"","header-above-stick-meta":"","header-main-stick-meta":"","header-below-stick-meta":"","astra-migrate-meta-layouts":"default","ast-page-background-enabled":"default","ast-page-background-meta":{"desktop":{"background-color":"var(--ast-global-color-5)","background-image":"","background-repeat":"repeat","background-position":"center center","background-size":"auto","background-attachment":"scroll","background-type":"","background-media":"","overlay-type":"","overlay-color":"","overlay-opacity":"","overlay-gradient":""},"tablet":{"background-color":"","background-image":"","background-repeat":"repeat","background-position":"center center","background-size":"auto","background-attachment":"scroll","background-type":"","background-media":"","overlay-type":"","overlay-color":"","overlay-opacity":"","overlay-gradient":""},"mobile":{"background-color":"","background-image":"","background-repeat":"repeat","background-position":"center center","background-size":"auto","background-attachment":"scroll","background-type":"","background-media":"","overlay-type":"","overlay-color":"","overlay-opacity":"","overlay-gradient":""}},"ast-content-background-meta":{"desktop":{"background-color":"var(--ast-global-color-4)","background-image":"","background-repeat":"repeat","background-position":"center center","background-size":"auto","background-attachment":"scroll","background-type":"","background-media":"","overlay-type":"","overlay-color":"","overlay-opacity":"","overlay-gradient":""},"tablet":{"background-color":"var(--ast-global-color-4)","background-image":"","background-repeat":"repeat","background-position":"center center","background-size":"auto","background-attachment":"scroll","background-type":"","background-media":"","overlay-type":"","overlay-color":"","overlay-opacity":"","overlay-gradient":""},"mobile":{"background-color":"var(--ast-global-color-4)","background-image":"","background-repeat":"repeat","background-position":"center center","background-size":"auto","background-attachment":"scroll","background-type":"","background-media":"","overlay-type":"","overlay-color":"","overlay-opacity":"","overlay-gradient":""}},"_jetpack_newsletter_access":"","_jetpack_dont_email_post_to_subs":false,"_jetpack_newsletter_tier_id":0,"_jetpack_memberships_contains_paywalled_content":false,"_jetpack_feature_clip_id":0,"_jetpack_memberships_contains_paid_content":false,"footnotes":"","jetpack_publicize_message":"","jetpack_publicize_feature_enabled":true,"jetpack_social_post_already_shared":true,"jetpack_social_options":{"image_generator_settings":{"template":"highway","default_image_id":0,"font":"","enabled":false},"version":2},"jetpack_post_was_ever_published":false},"categories":[30],"tags":[],"class_list":["post-80143","post","type-post","status-publish","format-standard","has-post-thumbnail","hentry","category-estados"],"yoast_head":"<!-- This site is optimized with the Yoast SEO plugin v28.3 - https:\/\/yoast.com\/product\/yoast-seo-wordpress\/ -->\n<title>CETEG bloquea caseta en la Autopista del Sol en demanda de pagos retrasados - Pol\u00edticos al Desnudo<\/title>\n<meta name=\"robots\" content=\"index, follow, max-snippet:-1, max-image-preview:large, max-video-preview:-1\" \/>\n<link rel=\"canonical\" href=\"https:\/\/politicosaldesnudo.com.mx\/index.php\/2026\/02\/17\/ceteg-bloquea-caseta-en-la-autopista-del-sol-en-demanda-de-pagos-retrasados\/\" \/>\n<meta property=\"og:locale\" content=\"es_ES\" \/>\n<meta property=\"og:type\" content=\"article\" \/>\n<meta property=\"og:title\" content=\"CETEG bloquea caseta en la Autopista del Sol en demanda de pagos retrasados - Pol\u00edticos al Desnudo\" \/>\n<meta property=\"og:description\" content=\"Desde las nueve de la ma\u00f1ana, decenas de maestros de la Coordinadora Estatal de Trabajadores de la Educaci\u00f3n en Guerrero [&hellip;]\" \/>\n<meta property=\"og:url\" content=\"https:\/\/politicosaldesnudo.com.mx\/index.php\/2026\/02\/17\/ceteg-bloquea-caseta-en-la-autopista-del-sol-en-demanda-de-pagos-retrasados\/\" \/>\n<meta property=\"og:site_name\" content=\"Pol\u00edticos al Desnudo\" \/>\n<meta property=\"article:publisher\" content=\"https:\/\/www.facebook.com\/PoliticosAD\" \/>\n<meta property=\"article:published_time\" content=\"2026-02-17T06:16:29+00:00\" \/>\n<meta property=\"og:image\" content=\"https:\/\/i0.wp.com\/politicosaldesnudo.com.mx\/wp-content\/uploads\/2026\/02\/BLO.jpg?fit=1200%2C675&ssl=1\" \/>\n\t<meta property=\"og:image:width\" content=\"1200\" \/>\n\t<meta property=\"og:image:height\" content=\"675\" \/>\n\t<meta property=\"og:image:type\" content=\"image\/jpeg\" \/>\n<meta name=\"author\" content=\"Redacci\u00f3n Pol\u00edticos\" \/>\n<meta name=\"twitter:card\" content=\"summary_large_image\" \/>\n<meta name=\"twitter:label1\" content=\"Escrito por\" \/>\n\t<meta name=\"twitter:data1\" content=\"Redacci\u00f3n Pol\u00edticos\" \/>\n\t<meta name=\"twitter:label2\" content=\"Tiempo de lectura\" \/>\n\t<meta name=\"twitter:data2\" content=\"2 minutos\" \/>\n<script type=\"application\/ld+json\" class=\"yoast-schema-graph\">{\"@context\":\"https:\\\/\\\/schema.org\",\"@graph\":[{\"@type\":\"Article\",\"@id\":\"https:\\\/\\\/politicosaldesnudo.com.mx\\\/index.php\\\/2026\\\/02\\\/17\\\/ceteg-bloquea-caseta-en-la-autopista-del-sol-en-demanda-de-pagos-retrasados\\\/#article\",\"isPartOf\":{\"@id\":\"https:\\\/\\\/politicosaldesnudo.com.mx\\\/index.php\\\/2026\\\/02\\\/17\\\/ceteg-bloquea-caseta-en-la-autopista-del-sol-en-demanda-de-pagos-retrasados\\\/\"},\"author\":{\"name\":\"Redacci\u00f3n Pol\u00edticos\",\"@id\":\"https:\\\/\\\/politicosaldesnudo.com.mx\\\/#\\\/schema\\\/person\\\/ef3a64e561cc3f3f5dc52fab81adde7e\"},\"headline\":\"CETEG bloquea caseta en la Autopista del Sol en demanda de pagos retrasados\",\"datePublished\":\"2026-02-17T06:16:29+00:00\",\"mainEntityOfPage\":{\"@id\":\"https:\\\/\\\/politicosaldesnudo.com.mx\\\/index.php\\\/2026\\\/02\\\/17\\\/ceteg-bloquea-caseta-en-la-autopista-del-sol-en-demanda-de-pagos-retrasados\\\/\"},\"wordCount\":365,\"publisher\":{\"@id\":\"https:\\\/\\\/politicosaldesnudo.com.mx\\\/#organization\"},\"image\":{\"@id\":\"https:\\\/\\\/politicosaldesnudo.com.mx\\\/index.php\\\/2026\\\/02\\\/17\\\/ceteg-bloquea-caseta-en-la-autopista-del-sol-en-demanda-de-pagos-retrasados\\\/#primaryimage\"},\"thumbnailUrl\":\"https:\\\/\\\/i0.wp.com\\\/politicosaldesnudo.com.mx\\\/wp-content\\\/uploads\\\/2026\\\/02\\\/BLO.jpg?fit=1200%2C675&ssl=1\",\"articleSection\":[\"ESTADOS\"],\"inLanguage\":\"es\"},{\"@type\":\"WebPage\",\"@id\":\"https:\\\/\\\/politicosaldesnudo.com.mx\\\/index.php\\\/2026\\\/02\\\/17\\\/ceteg-bloquea-caseta-en-la-autopista-del-sol-en-demanda-de-pagos-retrasados\\\/\",\"url\":\"https:\\\/\\\/politicosaldesnudo.com.mx\\\/index.php\\\/2026\\\/02\\\/17\\\/ceteg-bloquea-caseta-en-la-autopista-del-sol-en-demanda-de-pagos-retrasados\\\/\",\"name\":\"CETEG bloquea caseta en la Autopista del Sol en demanda de pagos retrasados - Pol\u00edticos al Desnudo\",\"isPartOf\":{\"@id\":\"https:\\\/\\\/politicosaldesnudo.com.mx\\\/#website\"},\"primaryImageOfPage\":{\"@id\":\"https:\\\/\\\/politicosaldesnudo.com.mx\\\/index.php\\\/2026\\\/02\\\/17\\\/ceteg-bloquea-caseta-en-la-autopista-del-sol-en-demanda-de-pagos-retrasados\\\/#primaryimage\"},\"image\":{\"@id\":\"https:\\\/\\\/politicosaldesnudo.com.mx\\\/index.php\\\/2026\\\/02\\\/17\\\/ceteg-bloquea-caseta-en-la-autopista-del-sol-en-demanda-de-pagos-retrasados\\\/#primaryimage\"},\"thumbnailUrl\":\"https:\\\/\\\/i0.wp.com\\\/politicosaldesnudo.com.mx\\\/wp-content\\\/uploads\\\/2026\\\/02\\\/BLO.jpg?fit=1200%2C675&ssl=1\",\"datePublished\":\"2026-02-17T06:16:29+00:00\",\"breadcrumb\":{\"@id\":\"https:\\\/\\\/politicosaldesnudo.com.mx\\\/index.php\\\/2026\\\/02\\\/17\\\/ceteg-bloquea-caseta-en-la-autopista-del-sol-en-demanda-de-pagos-retrasados\\\/#breadcrumb\"},\"inLanguage\":\"es\",\"potentialAction\":[{\"@type\":\"ReadAction\",\"target\":[\"https:\\\/\\\/politicosaldesnudo.com.mx\\\/index.php\\\/2026\\\/02\\\/17\\\/ceteg-bloquea-caseta-en-la-autopista-del-sol-en-demanda-de-pagos-retrasados\\\/\"]}]},{\"@type\":\"ImageObject\",\"inLanguage\":\"es\",\"@id\":\"https:\\\/\\\/politicosaldesnudo.com.mx\\\/index.php\\\/2026\\\/02\\\/17\\\/ceteg-bloquea-caseta-en-la-autopista-del-sol-en-demanda-de-pagos-retrasados\\\/#primaryimage\",\"url\":\"https:\\\/\\\/i0.wp.com\\\/politicosaldesnudo.com.mx\\\/wp-content\\\/uploads\\\/2026\\\/02\\\/BLO.jpg?fit=1200%2C675&ssl=1\",\"contentUrl\":\"https:\\\/\\\/i0.wp.com\\\/politicosaldesnudo.com.mx\\\/wp-content\\\/uploads\\\/2026\\\/02\\\/BLO.jpg?fit=1200%2C675&ssl=1\",\"width\":1200,\"height\":675},{\"@type\":\"BreadcrumbList\",\"@id\":\"https:\\\/\\\/politicosaldesnudo.com.mx\\\/index.php\\\/2026\\\/02\\\/17\\\/ceteg-bloquea-caseta-en-la-autopista-del-sol-en-demanda-de-pagos-retrasados\\\/#breadcrumb\",\"itemListElement\":[{\"@type\":\"ListItem\",\"position\":1,\"name\":\"Portada\",\"item\":\"https:\\\/\\\/politicosaldesnudo.com.mx\\\/\"},{\"@type\":\"ListItem\",\"position\":2,\"name\":\"CETEG bloquea caseta en la Autopista del Sol en demanda de pagos retrasados\"}]},{\"@type\":\"WebSite\",\"@id\":\"https:\\\/\\\/politicosaldesnudo.com.mx\\\/#website\",\"url\":\"https:\\\/\\\/politicosaldesnudo.com.mx\\\/\",\"name\":\"Pol\u00edticos al Desnudo\",\"description\":\"\",\"publisher\":{\"@id\":\"https:\\\/\\\/politicosaldesnudo.com.mx\\\/#organization\"},\"potentialAction\":[{\"@type\":\"SearchAction\",\"target\":{\"@type\":\"EntryPoint\",\"urlTemplate\":\"https:\\\/\\\/politicosaldesnudo.com.mx\\\/?s={search_term_string}\"},\"query-input\":{\"@type\":\"PropertyValueSpecification\",\"valueRequired\":true,\"valueName\":\"search_term_string\"}}],\"inLanguage\":\"es\"},{\"@type\":\"Organization\",\"@id\":\"https:\\\/\\\/politicosaldesnudo.com.mx\\\/#organization\",\"name\":\"Pol\u00edticos al Desnudo\",\"url\":\"https:\\\/\\\/politicosaldesnudo.com.mx\\\/\",\"logo\":{\"@type\":\"ImageObject\",\"inLanguage\":\"es\",\"@id\":\"https:\\\/\\\/politicosaldesnudo.com.mx\\\/#\\\/schema\\\/logo\\\/image\\\/\",\"url\":\"https:\\\/\\\/i0.wp.com\\\/politicosaldesnudo.com.mx\\\/wp-content\\\/uploads\\\/2026\\\/08\\\/cropped-logo.webp?fit=400%2C126&ssl=1\",\"contentUrl\":\"https:\\\/\\\/i0.wp.com\\\/politicosaldesnudo.com.mx\\\/wp-content\\\/uploads\\\/2026\\\/08\\\/cropped-logo.webp?fit=400%2C126&ssl=1\",\"width\":400,\"height\":126,\"caption\":\"Pol\u00edticos al Desnudo\"},\"image\":{\"@id\":\"https:\\\/\\\/politicosaldesnudo.com.mx\\\/#\\\/schema\\\/logo\\\/image\\\/\"},\"sameAs\":[\"https:\\\/\\\/www.facebook.com\\\/PoliticosAD\"]},{\"@type\":\"Person\",\"@id\":\"https:\\\/\\\/politicosaldesnudo.com.mx\\\/#\\\/schema\\\/person\\\/ef3a64e561cc3f3f5dc52fab81adde7e\",\"name\":\"Redacci\u00f3n Pol\u00edticos\",\"url\":\"https:\\\/\\\/politicosaldesnudo.com.mx\\\/index.php\\\/author\\\/redaccion-politicos\\\/\"}]}<\/script>\n<!-- \/ Yoast SEO plugin. -->","yoast_head_json":{"title":"CETEG bloquea caseta en la Autopista del Sol en demanda de pagos retrasados - Pol\u00edticos al Desnudo","robots":{"index":"index","follow":"follow","max-snippet":"max-snippet:-1","max-image-preview":"max-image-preview:large","max-video-preview":"max-video-preview:-1"},"canonical":"https:\/\/politicosaldesnudo.com.mx\/index.php\/2026\/02\/17\/ceteg-bloquea-caseta-en-la-autopista-del-sol-en-demanda-de-pagos-retrasados\/","og_locale":"es_ES","og_type":"article","og_title":"CETEG bloquea caseta en la Autopista del Sol en demanda de pagos retrasados - Pol\u00edticos al Desnudo","og_description":"Desde las nueve de la ma\u00f1ana, decenas de maestros de la Coordinadora Estatal de Trabajadores de la Educaci\u00f3n en Guerrero [&hellip;]","og_url":"https:\/\/politicosaldesnudo.com.mx\/index.php\/2026\/02\/17\/ceteg-bloquea-caseta-en-la-autopista-del-sol-en-demanda-de-pagos-retrasados\/","og_site_name":"Pol\u00edticos al Desnudo","article_publisher":"https:\/\/www.facebook.com\/PoliticosAD","article_published_time":"2026-02-17T06:16:29+00:00","og_image":[{"width":1200,"height":675,"url":"https:\/\/i0.wp.com\/politicosaldesnudo.com.mx\/wp-content\/uploads\/2026\/02\/BLO.jpg?fit=1200%2C675&ssl=1","type":"image\/jpeg"}],"author":"Redacci\u00f3n Pol\u00edticos","twitter_card":"summary_large_image","twitter_misc":{"Escrito por":"Redacci\u00f3n Pol\u00edticos","Tiempo de lectura":"2 minutos"},"schema":{"@context":"https:\/\/schema.org","@graph":[{"@type":"Article","@id":"https:\/\/politicosaldesnudo.com.mx\/index.php\/2026\/02\/17\/ceteg-bloquea-caseta-en-la-autopista-del-sol-en-demanda-de-pagos-retrasados\/#article","isPartOf":{"@id":"https:\/\/politicosaldesnudo.com.mx\/index.php\/2026\/02\/17\/ceteg-bloquea-caseta-en-la-autopista-del-sol-en-demanda-de-pagos-retrasados\/"},"author":{"name":"Redacci\u00f3n Pol\u00edticos","@id":"https:\/\/politicosaldesnudo.com.mx\/#\/schema\/person\/ef3a64e561cc3f3f5dc52fab81adde7e"},"headline":"CETEG bloquea caseta en la Autopista del Sol en demanda de pagos retrasados","datePublished":"2026-02-17T06:16:29+00:00","mainEntityOfPage":{"@id":"https:\/\/politicosaldesnudo.com.mx\/index.php\/2026\/02\/17\/ceteg-bloquea-caseta-en-la-autopista-del-sol-en-demanda-de-pagos-retrasados\/"},"wordCount":365,"publisher":{"@id":"https:\/\/politicosaldesnudo.com.mx\/#organization"},"image":{"@id":"https:\/\/politicosaldesnudo.com.mx\/index.php\/2026\/02\/17\/ceteg-bloquea-caseta-en-la-autopista-del-sol-en-demanda-de-pagos-retrasados\/#primaryimage"},"thumbnailUrl":"https:\/\/i0.wp.com\/politicosaldesnudo.com.mx\/wp-content\/uploads\/2026\/02\/BLO.jpg?fit=1200%2C675&ssl=1","articleSection":["ESTADOS"],"inLanguage":"es"},{"@type":"WebPage","@id":"https:\/\/politicosaldesnudo.com.mx\/index.php\/2026\/02\/17\/ceteg-bloquea-caseta-en-la-autopista-del-sol-en-demanda-de-pagos-retrasados\/","url":"https:\/\/politicosaldesnudo.com.mx\/index.php\/2026\/02\/17\/ceteg-bloquea-caseta-en-la-autopista-del-sol-en-demanda-de-pagos-retrasados\/","name":"CETEG bloquea caseta en la Autopista del Sol en demanda de pagos retrasados - Pol\u00edticos al Desnudo","isPartOf":{"@id":"https:\/\/politicosaldesnudo.com.mx\/#website"},"primaryImageOfPage":{"@id":"https:\/\/politicosaldesnudo.com.mx\/index.php\/2026\/02\/17\/ceteg-bloquea-caseta-en-la-autopista-del-sol-en-demanda-de-pagos-retrasados\/#primaryimage"},"image":{"@id":"https:\/\/politicosaldesnudo.com.mx\/index.php\/2026\/02\/17\/ceteg-bloquea-caseta-en-la-autopista-del-sol-en-demanda-de-pagos-retrasados\/#primaryimage"},"thumbnailUrl":"https:\/\/i0.wp.com\/politicosaldesnudo.com.mx\/wp-content\/uploads\/2026\/02\/BLO.jpg?fit=1200%2C675&ssl=1","datePublished":"2026-02-17T06:16:29+00:00","breadcrumb":{"@id":"https:\/\/politicosaldesnudo.com.mx\/index.php\/2026\/02\/17\/ceteg-bloquea-caseta-en-la-autopista-del-sol-en-demanda-de-pagos-retrasados\/#breadcrumb"},"inLanguage":"es","potentialAction":[{"@type":"ReadAction","target":["https:\/\/politicosaldesnudo.com.mx\/index.php\/2026\/02\/17\/ceteg-bloquea-caseta-en-la-autopista-del-sol-en-demanda-de-pagos-retrasados\/"]}]},{"@type":"ImageObject","inLanguage":"es","@id":"https:\/\/politicosaldesnudo.com.mx\/index.php\/2026\/02\/17\/ceteg-bloquea-caseta-en-la-autopista-del-sol-en-demanda-de-pagos-retrasados\/#primaryimage","url":"https:\/\/i0.wp.com\/politicosaldesnudo.com.mx\/wp-content\/uploads\/2026\/02\/BLO.jpg?fit=1200%2C675&ssl=1","contentUrl":"https:\/\/i0.wp.com\/politicosaldesnudo.com.mx\/wp-content\/uploads\/2026\/02\/BLO.jpg?fit=1200%2C675&ssl=1","width":1200,"height":675},{"@type":"BreadcrumbList","@id":"https:\/\/politicosaldesnudo.com.mx\/index.php\/2026\/02\/17\/ceteg-bloquea-caseta-en-la-autopista-del-sol-en-demanda-de-pagos-retrasados\/#breadcrumb","itemListElement":[{"@type":"ListItem","position":1,"name":"Portada","item":"https:\/\/politicosaldesnudo.com.mx\/"},{"@type":"ListItem","position":2,"name":"CETEG bloquea caseta en la Autopista del Sol en demanda de pagos retrasados"}]},{"@type":"WebSite","@id":"https:\/\/politicosaldesnudo.com.mx\/#website","url":"https:\/\/politicosaldesnudo.com.mx\/","name":"Pol\u00edticos al Desnudo","description":"","publisher":{"@id":"https:\/\/politicosaldesnudo.com.mx\/#organization"},"potentialAction":[{"@type":"SearchAction","target":{"@type":"EntryPoint","urlTemplate":"https:\/\/politicosaldesnudo.com.mx\/?s={search_term_string}"},"query-input":{"@type":"PropertyValueSpecification","valueRequired":true,"valueName":"search_term_string"}}],"inLanguage":"es"},{"@type":"Organization","@id":"https:\/\/politicosaldesnudo.com.mx\/#organization","name":"Pol\u00edticos al Desnudo","url":"https:\/\/politicosaldesnudo.com.mx\/","logo":{"@type":"ImageObject","inLanguage":"es","@id":"https:\/\/politicosaldesnudo.com.mx\/#\/schema\/logo\/image\/","url":"https:\/\/i0.wp.com\/politicosaldesnudo.com.mx\/wp-content\/uploads\/2026\/08\/cropped-logo.webp?fit=400%2C126&ssl=1","contentUrl":"https:\/\/i0.wp.com\/politicosaldesnudo.com.mx\/wp-content\/uploads\/2026\/08\/cropped-logo.webp?fit=400%2C126&ssl=1","width":400,"height":126,"caption":"Pol\u00edticos al Desnudo"},"image":{"@id":"https:\/\/politicosaldesnudo.com.mx\/#\/schema\/logo\/image\/"},"sameAs":["https:\/\/www.facebook.com\/PoliticosAD"]},{"@type":"Person","@id":"https:\/\/politicosaldesnudo.com.mx\/#\/schema\/person\/ef3a64e561cc3f3f5dc52fab81adde7e","name":"Redacci\u00f3n Pol\u00edticos","url":"https:\/\/politicosaldesnudo.com.mx\/index.php\/author\/redaccion-politicos\/"}]}},"jetpack_publicize_connections":[],"jetpack-related-posts":[{"id":87874,"url":"https:\/\/politicosaldesnudo.com.mx\/index.php\/2026\/08\/18\/continuan-pendientes-pagos-a-trabajadores-del-ingenio-san-pedro\/","url_meta":{"origin":80143,"position":0},"title":"Contin\u00faan pendientes pagos a trabajadores del Ingenio San Pedro","author":"Redacci\u00f3n Pol\u00edticos","date":"18 de agosto de 2026","format":false,"excerpt":"A casi dos semanas de que se anunciara el cierre del Ingenio San Pedro, ubicado en Lerdo de Tejada, sus trabajadores todav\u00eda no reciben las liquidaciones correspondientes. El secretario de Trabajo, Previsi\u00f3n Social y Productividad de Veracruz, Luis Arturo Santiago Mart\u00ednez, inform\u00f3 que la dependencia mantiene contacto con los empleados\u2026","rel":"","context":"En \u00abESTADOS\u00bb","block_context":{"text":"ESTADOS","link":"https:\/\/politicosaldesnudo.com.mx\/index.php\/category\/estados\/"},"img":{"alt_text":"","src":"https:\/\/i0.wp.com\/politicosaldesnudo.com.mx\/wp-content\/uploads\/2026\/08\/774667794_1640892540732414_6413776533447448678_n.jpg?fit=1200%2C675&ssl=1&resize=350%2C200","width":350,"height":200,"srcset":"https:\/\/i0.wp.com\/politicosaldesnudo.com.mx\/wp-content\/uploads\/2026\/08\/774667794_1640892540732414_6413776533447448678_n.jpg?fit=1200%2C675&ssl=1&resize=350%2C200 1x, https:\/\/i0.wp.com\/politicosaldesnudo.com.mx\/wp-content\/uploads\/2026\/08\/774667794_1640892540732414_6413776533447448678_n.jpg?fit=1200%2C675&ssl=1&resize=525%2C300 1.5x, https:\/\/i0.wp.com\/politicosaldesnudo.com.mx\/wp-content\/uploads\/2026\/08\/774667794_1640892540732414_6413776533447448678_n.jpg?fit=1200%2C675&ssl=1&resize=700%2C400 2x, https:\/\/i0.wp.com\/politicosaldesnudo.com.mx\/wp-content\/uploads\/2026\/08\/774667794_1640892540732414_6413776533447448678_n.jpg?fit=1200%2C675&ssl=1&resize=1050%2C600 3x"},"classes":[]},{"id":87126,"url":"https:\/\/politicosaldesnudo.com.mx\/index.php\/2026\/07\/23\/tepjf-determina-que-partido-paz-soborno-a-personas-para-asistir-a-asambleas-en-jalisco\/","url_meta":{"origin":80143,"position":1},"title":"TEPJF determina que partido PAZ soborn\u00f3 a personas para asistir a asambleas en Jalisco","author":"Redacci\u00f3n Pol\u00edticos","date":"23 de julio de 2026","format":false,"excerpt":"En seguimiento a las impugnaciones relacionadas con los nuevos partidos pol\u00edticos, la Sala Superior del Tribunal Electoral del Poder Judicial de la Federaci\u00f3n (TEPJF) concluy\u00f3 que la asociaci\u00f3n Construyendo Sociedades de Paz, hoy partido PAZ, s\u00ed ofreci\u00f3 despensas a cambio de que las personas acudieran a una asamblea. En otro\u2026","rel":"","context":"En \u00abNACIONAL\u00bb","block_context":{"text":"NACIONAL","link":"https:\/\/politicosaldesnudo.com.mx\/index.php\/category\/nacional\/"},"img":{"alt_text":"","src":"https:\/\/i0.wp.com\/politicosaldesnudo.com.mx\/wp-content\/uploads\/2026\/07\/SOB.webp?fit=1200%2C741&ssl=1&resize=350%2C200","width":350,"height":200,"srcset":"https:\/\/i0.wp.com\/politicosaldesnudo.com.mx\/wp-content\/uploads\/2026\/07\/SOB.webp?fit=1200%2C741&ssl=1&resize=350%2C200 1x, https:\/\/i0.wp.com\/politicosaldesnudo.com.mx\/wp-content\/uploads\/2026\/07\/SOB.webp?fit=1200%2C741&ssl=1&resize=525%2C300 1.5x, https:\/\/i0.wp.com\/politicosaldesnudo.com.mx\/wp-content\/uploads\/2026\/07\/SOB.webp?fit=1200%2C741&ssl=1&resize=700%2C400 2x, https:\/\/i0.wp.com\/politicosaldesnudo.com.mx\/wp-content\/uploads\/2026\/07\/SOB.webp?fit=1200%2C741&ssl=1&resize=1050%2C600 3x"},"classes":[]},{"id":87753,"url":"https:\/\/politicosaldesnudo.com.mx\/index.php\/2026\/08\/14\/hermana-de-dorheny-garcia-ocupa-cargo-en-la-pma-con-sueldo-de-mas-de-34-mil-pesos\/","url_meta":{"origin":80143,"position":2},"title":"Hermana de Dorheny Garc\u00eda ocupa cargo en la PMA con sueldo de m\u00e1s de 34 mil pesos","author":"Redacci\u00f3n Pol\u00edticos","date":"14 de agosto de 2026","format":false,"excerpt":"Diddage Garc\u00eda Cayetano, hermana de la diputada local de Morena, Dorheny Garc\u00eda Cayetano, aparece en registros oficiales como funcionaria de la Procuradur\u00eda Estatal de Protecci\u00f3n al Medio Ambiente (PMA), donde percibe un salario bruto mensual superior a los 34 mil pesos. De acuerdo con informaci\u00f3n oficial obtenida mediante mecanismos de\u2026","rel":"","context":"En \u00abESTADOS\u00bb","block_context":{"text":"ESTADOS","link":"https:\/\/politicosaldesnudo.com.mx\/index.php\/category\/estados\/"},"img":{"alt_text":"","src":"https:\/\/i0.wp.com\/politicosaldesnudo.com.mx\/wp-content\/uploads\/2026\/08\/468541413_657358450288844_8023804007843525227_n.jpg?fit=941%2C600&ssl=1&resize=350%2C200","width":350,"height":200,"srcset":"https:\/\/i0.wp.com\/politicosaldesnudo.com.mx\/wp-content\/uploads\/2026\/08\/468541413_657358450288844_8023804007843525227_n.jpg?fit=941%2C600&ssl=1&resize=350%2C200 1x, https:\/\/i0.wp.com\/politicosaldesnudo.com.mx\/wp-content\/uploads\/2026\/08\/468541413_657358450288844_8023804007843525227_n.jpg?fit=941%2C600&ssl=1&resize=525%2C300 1.5x, https:\/\/i0.wp.com\/politicosaldesnudo.com.mx\/wp-content\/uploads\/2026\/08\/468541413_657358450288844_8023804007843525227_n.jpg?fit=941%2C600&ssl=1&resize=700%2C400 2x"},"classes":[]},{"id":87747,"url":"https:\/\/politicosaldesnudo.com.mx\/index.php\/2026\/08\/14\/ooootra-vez-bbva-registra-fallas-en-su-app-en-plena-quincena\/","url_meta":{"origin":80143,"position":3},"title":"Ooootra vez BBVA registra fallas en su app en plena quincena","author":"Redacci\u00f3n Pol\u00edticos","date":"14 de agosto de 2026","format":false,"excerpt":"La aplicaci\u00f3n m\u00f3vil de BBVA present\u00f3 nuevamente problemas de funcionamiento este viernes, justo en una jornada de pago quincenal, lo que gener\u00f3 que clientes del banco tuvieran dificultades para acceder a sus cuentas y realizar operaciones. A trav\u00e9s de redes sociales, usuarios reportaron que no pod\u00edan ingresar a la plataforma\u2026","rel":"","context":"En \u00abNACIONAL\u00bb","block_context":{"text":"NACIONAL","link":"https:\/\/politicosaldesnudo.com.mx\/index.php\/category\/nacional\/"},"img":{"alt_text":"","src":"https:\/\/i0.wp.com\/politicosaldesnudo.com.mx\/wp-content\/uploads\/2026\/08\/bbva.webp?fit=1200%2C740&ssl=1&resize=350%2C200","width":350,"height":200,"srcset":"https:\/\/i0.wp.com\/politicosaldesnudo.com.mx\/wp-content\/uploads\/2026\/08\/bbva.webp?fit=1200%2C740&ssl=1&resize=350%2C200 1x, https:\/\/i0.wp.com\/politicosaldesnudo.com.mx\/wp-content\/uploads\/2026\/08\/bbva.webp?fit=1200%2C740&ssl=1&resize=525%2C300 1.5x, https:\/\/i0.wp.com\/politicosaldesnudo.com.mx\/wp-content\/uploads\/2026\/08\/bbva.webp?fit=1200%2C740&ssl=1&resize=700%2C400 2x, https:\/\/i0.wp.com\/politicosaldesnudo.com.mx\/wp-content\/uploads\/2026\/08\/bbva.webp?fit=1200%2C740&ssl=1&resize=1050%2C600 3x"},"classes":[]},{"id":87711,"url":"https:\/\/politicosaldesnudo.com.mx\/index.php\/2026\/08\/13\/colombia-mantiene-en-espera-a-rescatistas-de-sedena-enviados-por-mexico\/","url_meta":{"origin":80143,"position":4},"title":"Colombia mantiene en espera a rescatistas de Sedena enviados por M\u00e9xico","author":"Redacci\u00f3n Pol\u00edticos","date":"13 de agosto de 2026","format":false,"excerpt":"La brigada especializada en b\u00fasqueda y rescate de la Secretar\u00eda de la Defensa Nacional (Sedena) contin\u00faa preparada para viajar a Colombia y apoyar en la atenci\u00f3n de la emergencia provocada por el sismo de magnitud 7.4, pero todav\u00eda no cuenta con autorizaci\u00f3n para ingresar al pa\u00eds. La presidenta Claudia Sheinbaum\u2026","rel":"","context":"En \u00abNACIONAL\u00bb","block_context":{"text":"NACIONAL","link":"https:\/\/politicosaldesnudo.com.mx\/index.php\/category\/nacional\/"},"img":{"alt_text":"Foto: DEFENSA","src":"https:\/\/i0.wp.com\/politicosaldesnudo.com.mx\/wp-content\/uploads\/2026\/08\/defensa.webp?fit=1200%2C800&ssl=1&resize=350%2C200","width":350,"height":200,"srcset":"https:\/\/i0.wp.com\/politicosaldesnudo.com.mx\/wp-content\/uploads\/2026\/08\/defensa.webp?fit=1200%2C800&ssl=1&resize=350%2C200 1x, https:\/\/i0.wp.com\/politicosaldesnudo.com.mx\/wp-content\/uploads\/2026\/08\/defensa.webp?fit=1200%2C800&ssl=1&resize=525%2C300 1.5x, https:\/\/i0.wp.com\/politicosaldesnudo.com.mx\/wp-content\/uploads\/2026\/08\/defensa.webp?fit=1200%2C800&ssl=1&resize=700%2C400 2x, https:\/\/i0.wp.com\/politicosaldesnudo.com.mx\/wp-content\/uploads\/2026\/08\/defensa.webp?fit=1200%2C800&ssl=1&resize=1050%2C600 3x"},"classes":[]},{"id":88045,"url":"https:\/\/politicosaldesnudo.com.mx\/index.php\/2026\/08\/24\/veracruz-reduce-casi-5-mil-millones-de-pesos-de-su-deuda-bancaria\/","url_meta":{"origin":80143,"position":5},"title":"Veracruz reduce casi 5 mil millones de pesos de su deuda bancaria","author":"Redacci\u00f3n Pol\u00edticos","date":"24 de agosto de 2026","format":false,"excerpt":"Xalapa, Ver.- El saldo de los cr\u00e9ditos bancarios contratados por el Gobierno de Veracruz se ubica actualmente en alrededor de 43 mil millones de pesos, despu\u00e9s de que la administraci\u00f3n estatal destinara cerca de 5 mil millones al pago de estos compromisos, inform\u00f3 la gobernadora Roc\u00edo Nahle Garc\u00eda. Al presentar\u2026","rel":"","context":"En \u00abESTADOS\u00bb","block_context":{"text":"ESTADOS","link":"https:\/\/politicosaldesnudo.com.mx\/index.php\/category\/estados\/"},"img":{"alt_text":"","src":"https:\/\/i0.wp.com\/politicosaldesnudo.com.mx\/wp-content\/uploads\/2026\/08\/nahle-1.png?fit=985%2C533&ssl=1&resize=350%2C200","width":350,"height":200,"srcset":"https:\/\/i0.wp.com\/politicosaldesnudo.com.mx\/wp-content\/uploads\/2026\/08\/nahle-1.png?fit=985%2C533&ssl=1&resize=350%2C200 1x, https:\/\/i0.wp.com\/politicosaldesnudo.com.mx\/wp-content\/uploads\/2026\/08\/nahle-1.png?fit=985%2C533&ssl=1&resize=525%2C300 1.5x, https:\/\/i0.wp.com\/politicosaldesnudo.com.mx\/wp-content\/uploads\/2026\/08\/nahle-1.png?fit=985%2C533&ssl=1&resize=700%2C400 2x"},"classes":[]}],"jetpack_sharing_enabled":true,"jetpack_featured_media_url":"https:\/\/i0.wp.com\/politicosaldesnudo.com.mx\/wp-content\/uploads\/2026\/02\/BLO.jpg?fit=1200%2C675&ssl=1","_links":{"self":[{"href":"https:\/\/politicosaldesnudo.com.mx\/index.php\/wp-json\/wp\/v2\/posts\/80143","targetHints":{"allow":["GET"]}}],"collection":[{"href":"https:\/\/politicosaldesnudo.com.mx\/index.php\/wp-json\/wp\/v2\/posts"}],"about":[{"href":"https:\/\/politicosaldesnudo.com.mx\/index.php\/wp-json\/wp\/v2\/types\/post"}],"author":[{"embeddable":true,"href":"https:\/\/politicosaldesnudo.com.mx\/index.php\/wp-json\/wp\/v2\/users\/4"}],"replies":[{"embeddable":true,"href":"https:\/\/politicosaldesnudo.com.mx\/index.php\/wp-json\/wp\/v2\/comments?post=80143"}],"version-history":[{"count":0,"href":"https:\/\/politicosaldesnudo.com.mx\/index.php\/wp-json\/wp\/v2\/posts\/80143\/revisions"}],"wp:featuredmedia":[{"embeddable":true,"href":"https:\/\/politicosaldesnudo.com.mx\/index.php\/wp-json\/wp\/v2\/media\/80144"}],"wp:attachment":[{"href":"https:\/\/politicosaldesnudo.com.mx\/index.php\/wp-json\/wp\/v2\/media?parent=80143"}],"wp:term":[{"taxonomy":"category","embeddable":true,"href":"https:\/\/politicosaldesnudo.com.mx\/index.php\/wp-json\/wp\/v2\/categories?post=80143"},{"taxonomy":"post_tag","embeddable":true,"href":"https:\/\/politicosaldesnudo.com.mx\/index.php\/wp-json\/wp\/v2\/tags?post=80143"}],"curies":[{"name":"wp","href":"https:\/\/api.w.org\/{rel}","templated":true}]}}