{"id":80152,"date":"2026-02-17T00:19:53","date_gmt":"2026-02-17T06:19:53","guid":{"rendered":"https:\/\/politicosaldesnudo.com.mx\/?p=80152"},"modified":"2026-02-16T19:36:03","modified_gmt":"2026-02-17T01:36:03","slug":"mas-de-70-organizaciones-denuncian-que-nueva-politica-migratoria-de-union-europea-imita-modelo-de-trump","status":"publish","type":"post","link":"https:\/\/politicosaldesnudo.com.mx\/index.php\/2026\/02\/17\/mas-de-70-organizaciones-denuncian-que-nueva-politica-migratoria-de-union-europea-imita-modelo-de-trump\/","title":{"rendered":"M\u00e1s de 70 organizaciones denuncian que nueva pol\u00edtica migratoria de Uni\u00f3n Europea imita modelo de Trump"},"content":{"rendered":"<p class=\"nota-justify\">Unos 70 grupos criticaron este lunes las reformas migratorias actualmente en estudio en el Parlamento Europeo, compar\u00e1ndolas con la pol\u00edtica m\u00e1s dura de Estados Unidos bajo el presidente estadunidense, Donald Trump.<\/p>\n<p class=\"nota-justify\">La administraci\u00f3n Trump intensific\u00f3 sus esfuerzos para arrestar y deportar a millones de migrantes indocumentados y despleg\u00f3 agentes del servicio de inmigraci\u00f3n y aduanas (ICE), que lidera su campa\u00f1a de deportaciones masivas.<\/p>\n<p class=\"nota-justify\">\u00abEsta amenaza es real e inmediata\u00bb, afirmaron un amplio abanico de asociaciones, entre ellas grupos europeos y nacionales de defensa de los derechos que pidieron a los responsables europeos que abandonen el texto.<\/p>\n<p class=\"nota-justify\">La reforma migratoria impulsada por la Comisi\u00f3n Europea permitir\u00eda la creaci\u00f3n de centros fuera de las fronteras de la UE para solicitantes de asilo rechazados, llamados \u00abcentros de retorno\u00bb.<\/p>\n<p class=\"nota-justify\">Tambi\u00e9n habr\u00eda sanciones m\u00e1s severas para quienes se nieguen a abandonar el territorio europeo, incluidos per\u00edodos de detenci\u00f3n m\u00e1s largos y la confiscaci\u00f3n de documentos de identidad.<\/p>\n<p class=\"nota-justify\">Las medidas ya fueron aprobadas por la mayor\u00eda de los Estados de la UE, pero son condenadas por la izquierda en el Parlamento Europeo y por grupos de protecci\u00f3n de migrantes.<\/p>\n","protected":false},"excerpt":{"rendered":"<p>Unos 70 grupos criticaron este lunes las reformas migratorias actualmente en estudio en el Parlamento Europeo, compar\u00e1ndolas con la pol\u00edtica [&hellip;]<\/p>\n","protected":false},"author":4,"featured_media":80153,"comment_status":"closed","ping_status":"closed","sticky":false,"template":"","format":"standard","meta":{"site-sidebar-layout":"default","site-content-layout":"","ast-site-content-layout":"default","site-content-style":"default","site-sidebar-style":"default","ast-global-header-display":"","ast-banner-title-visibility":"","ast-main-header-display":"","ast-hfb-above-header-display":"","ast-hfb-below-header-display":"","ast-hfb-mobile-header-display":"","site-post-title":"","ast-breadcrumbs-content":"","ast-featured-img":"","footer-sml-layout":"","ast-disable-related-posts":"","theme-transparent-header-meta":"","adv-header-id-meta":"","stick-header-meta":"","header-above-stick-meta":"","header-main-stick-meta":"","header-below-stick-meta":"","astra-migrate-meta-layouts":"default","ast-page-background-enabled":"default","ast-page-background-meta":{"desktop":{"background-color":"var(--ast-global-color-5)","background-image":"","background-repeat":"repeat","background-position":"center center","background-size":"auto","background-attachment":"scroll","background-type":"","background-media":"","overlay-type":"","overlay-color":"","overlay-opacity":"","overlay-gradient":""},"tablet":{"background-color":"","background-image":"","background-repeat":"repeat","background-position":"center center","background-size":"auto","background-attachment":"scroll","background-type":"","background-media":"","overlay-type":"","overlay-color":"","overlay-opacity":"","overlay-gradient":""},"mobile":{"background-color":"","background-image":"","background-repeat":"repeat","background-position":"center center","background-size":"auto","background-attachment":"scroll","background-type":"","background-media":"","overlay-type":"","overlay-color":"","overlay-opacity":"","overlay-gradient":""}},"ast-content-background-meta":{"desktop":{"background-color":"var(--ast-global-color-4)","background-image":"","background-repeat":"repeat","background-position":"center center","background-size":"auto","background-attachment":"scroll","background-type":"","background-media":"","overlay-type":"","overlay-color":"","overlay-opacity":"","overlay-gradient":""},"tablet":{"background-color":"var(--ast-global-color-4)","background-image":"","background-repeat":"repeat","background-position":"center center","background-size":"auto","background-attachment":"scroll","background-type":"","background-media":"","overlay-type":"","overlay-color":"","overlay-opacity":"","overlay-gradient":""},"mobile":{"background-color":"var(--ast-global-color-4)","background-image":"","background-repeat":"repeat","background-position":"center center","background-size":"auto","background-attachment":"scroll","background-type":"","background-media":"","overlay-type":"","overlay-color":"","overlay-opacity":"","overlay-gradient":""}},"_jetpack_newsletter_access":"","_jetpack_dont_email_post_to_subs":false,"_jetpack_newsletter_tier_id":0,"_jetpack_memberships_contains_paywalled_content":false,"_jetpack_feature_clip_id":0,"_jetpack_memberships_contains_paid_content":false,"footnotes":"","jetpack_publicize_message":"","jetpack_publicize_feature_enabled":true,"jetpack_social_post_already_shared":true,"jetpack_social_options":{"image_generator_settings":{"template":"highway","default_image_id":0,"font":"","enabled":false},"version":2},"jetpack_post_was_ever_published":false},"categories":[28],"tags":[],"class_list":["post-80152","post","type-post","status-publish","format-standard","has-post-thumbnail","hentry","category-internacional"],"yoast_head":"<!-- This site is optimized with the Yoast SEO plugin v28.3 - https:\/\/yoast.com\/product\/yoast-seo-wordpress\/ -->\n<title>M\u00e1s de 70 organizaciones denuncian que nueva pol\u00edtica migratoria de Uni\u00f3n Europea imita modelo de Trump - Pol\u00edticos al Desnudo<\/title>\n<meta name=\"robots\" content=\"index, follow, max-snippet:-1, max-image-preview:large, max-video-preview:-1\" \/>\n<link rel=\"canonical\" href=\"https:\/\/politicosaldesnudo.com.mx\/index.php\/2026\/02\/17\/mas-de-70-organizaciones-denuncian-que-nueva-politica-migratoria-de-union-europea-imita-modelo-de-trump\/\" \/>\n<meta property=\"og:locale\" content=\"es_ES\" \/>\n<meta property=\"og:type\" content=\"article\" \/>\n<meta property=\"og:title\" content=\"M\u00e1s de 70 organizaciones denuncian que nueva pol\u00edtica migratoria de Uni\u00f3n Europea imita modelo de Trump - Pol\u00edticos al Desnudo\" \/>\n<meta property=\"og:description\" content=\"Unos 70 grupos criticaron este lunes las reformas migratorias actualmente en estudio en el Parlamento Europeo, compar\u00e1ndolas con la pol\u00edtica [&hellip;]\" \/>\n<meta property=\"og:url\" content=\"https:\/\/politicosaldesnudo.com.mx\/index.php\/2026\/02\/17\/mas-de-70-organizaciones-denuncian-que-nueva-politica-migratoria-de-union-europea-imita-modelo-de-trump\/\" \/>\n<meta property=\"og:site_name\" content=\"Pol\u00edticos al Desnudo\" \/>\n<meta property=\"article:publisher\" content=\"https:\/\/www.facebook.com\/PoliticosAD\" \/>\n<meta property=\"article:published_time\" content=\"2026-02-17T06:19:53+00:00\" \/>\n<meta property=\"og:image\" content=\"https:\/\/i0.wp.com\/politicosaldesnudo.com.mx\/wp-content\/uploads\/2026\/02\/MOD.jpg?fit=1200%2C801&ssl=1\" \/>\n\t<meta property=\"og:image:width\" content=\"1200\" \/>\n\t<meta property=\"og:image:height\" content=\"801\" \/>\n\t<meta property=\"og:image:type\" content=\"image\/jpeg\" \/>\n<meta name=\"author\" content=\"Redacci\u00f3n Pol\u00edticos\" \/>\n<meta name=\"twitter:card\" content=\"summary_large_image\" \/>\n<meta name=\"twitter:label1\" content=\"Escrito por\" \/>\n\t<meta name=\"twitter:data1\" content=\"Redacci\u00f3n Pol\u00edticos\" \/>\n\t<meta name=\"twitter:label2\" content=\"Tiempo de lectura\" \/>\n\t<meta name=\"twitter:data2\" content=\"1 minuto\" \/>\n<script type=\"application\/ld+json\" class=\"yoast-schema-graph\">{\"@context\":\"https:\\\/\\\/schema.org\",\"@graph\":[{\"@type\":\"Article\",\"@id\":\"https:\\\/\\\/politicosaldesnudo.com.mx\\\/index.php\\\/2026\\\/02\\\/17\\\/mas-de-70-organizaciones-denuncian-que-nueva-politica-migratoria-de-union-europea-imita-modelo-de-trump\\\/#article\",\"isPartOf\":{\"@id\":\"https:\\\/\\\/politicosaldesnudo.com.mx\\\/index.php\\\/2026\\\/02\\\/17\\\/mas-de-70-organizaciones-denuncian-que-nueva-politica-migratoria-de-union-europea-imita-modelo-de-trump\\\/\"},\"author\":{\"name\":\"Redacci\u00f3n Pol\u00edticos\",\"@id\":\"https:\\\/\\\/politicosaldesnudo.com.mx\\\/#\\\/schema\\\/person\\\/ef3a64e561cc3f3f5dc52fab81adde7e\"},\"headline\":\"M\u00e1s de 70 organizaciones denuncian que nueva pol\u00edtica migratoria de Uni\u00f3n Europea imita modelo de Trump\",\"datePublished\":\"2026-02-17T06:19:53+00:00\",\"mainEntityOfPage\":{\"@id\":\"https:\\\/\\\/politicosaldesnudo.com.mx\\\/index.php\\\/2026\\\/02\\\/17\\\/mas-de-70-organizaciones-denuncian-que-nueva-politica-migratoria-de-union-europea-imita-modelo-de-trump\\\/\"},\"wordCount\":218,\"publisher\":{\"@id\":\"https:\\\/\\\/politicosaldesnudo.com.mx\\\/#organization\"},\"image\":{\"@id\":\"https:\\\/\\\/politicosaldesnudo.com.mx\\\/index.php\\\/2026\\\/02\\\/17\\\/mas-de-70-organizaciones-denuncian-que-nueva-politica-migratoria-de-union-europea-imita-modelo-de-trump\\\/#primaryimage\"},\"thumbnailUrl\":\"https:\\\/\\\/i0.wp.com\\\/politicosaldesnudo.com.mx\\\/wp-content\\\/uploads\\\/2026\\\/02\\\/MOD.jpg?fit=1200%2C801&ssl=1\",\"articleSection\":[\"INTERNACIONAL\"],\"inLanguage\":\"es\"},{\"@type\":\"WebPage\",\"@id\":\"https:\\\/\\\/politicosaldesnudo.com.mx\\\/index.php\\\/2026\\\/02\\\/17\\\/mas-de-70-organizaciones-denuncian-que-nueva-politica-migratoria-de-union-europea-imita-modelo-de-trump\\\/\",\"url\":\"https:\\\/\\\/politicosaldesnudo.com.mx\\\/index.php\\\/2026\\\/02\\\/17\\\/mas-de-70-organizaciones-denuncian-que-nueva-politica-migratoria-de-union-europea-imita-modelo-de-trump\\\/\",\"name\":\"M\u00e1s de 70 organizaciones denuncian que nueva pol\u00edtica migratoria de Uni\u00f3n Europea imita modelo de Trump - Pol\u00edticos al Desnudo\",\"isPartOf\":{\"@id\":\"https:\\\/\\\/politicosaldesnudo.com.mx\\\/#website\"},\"primaryImageOfPage\":{\"@id\":\"https:\\\/\\\/politicosaldesnudo.com.mx\\\/index.php\\\/2026\\\/02\\\/17\\\/mas-de-70-organizaciones-denuncian-que-nueva-politica-migratoria-de-union-europea-imita-modelo-de-trump\\\/#primaryimage\"},\"image\":{\"@id\":\"https:\\\/\\\/politicosaldesnudo.com.mx\\\/index.php\\\/2026\\\/02\\\/17\\\/mas-de-70-organizaciones-denuncian-que-nueva-politica-migratoria-de-union-europea-imita-modelo-de-trump\\\/#primaryimage\"},\"thumbnailUrl\":\"https:\\\/\\\/i0.wp.com\\\/politicosaldesnudo.com.mx\\\/wp-content\\\/uploads\\\/2026\\\/02\\\/MOD.jpg?fit=1200%2C801&ssl=1\",\"datePublished\":\"2026-02-17T06:19:53+00:00\",\"breadcrumb\":{\"@id\":\"https:\\\/\\\/politicosaldesnudo.com.mx\\\/index.php\\\/2026\\\/02\\\/17\\\/mas-de-70-organizaciones-denuncian-que-nueva-politica-migratoria-de-union-europea-imita-modelo-de-trump\\\/#breadcrumb\"},\"inLanguage\":\"es\",\"potentialAction\":[{\"@type\":\"ReadAction\",\"target\":[\"https:\\\/\\\/politicosaldesnudo.com.mx\\\/index.php\\\/2026\\\/02\\\/17\\\/mas-de-70-organizaciones-denuncian-que-nueva-politica-migratoria-de-union-europea-imita-modelo-de-trump\\\/\"]}]},{\"@type\":\"ImageObject\",\"inLanguage\":\"es\",\"@id\":\"https:\\\/\\\/politicosaldesnudo.com.mx\\\/index.php\\\/2026\\\/02\\\/17\\\/mas-de-70-organizaciones-denuncian-que-nueva-politica-migratoria-de-union-europea-imita-modelo-de-trump\\\/#primaryimage\",\"url\":\"https:\\\/\\\/i0.wp.com\\\/politicosaldesnudo.com.mx\\\/wp-content\\\/uploads\\\/2026\\\/02\\\/MOD.jpg?fit=1200%2C801&ssl=1\",\"contentUrl\":\"https:\\\/\\\/i0.wp.com\\\/politicosaldesnudo.com.mx\\\/wp-content\\\/uploads\\\/2026\\\/02\\\/MOD.jpg?fit=1200%2C801&ssl=1\",\"width\":1200,\"height\":801},{\"@type\":\"BreadcrumbList\",\"@id\":\"https:\\\/\\\/politicosaldesnudo.com.mx\\\/index.php\\\/2026\\\/02\\\/17\\\/mas-de-70-organizaciones-denuncian-que-nueva-politica-migratoria-de-union-europea-imita-modelo-de-trump\\\/#breadcrumb\",\"itemListElement\":[{\"@type\":\"ListItem\",\"position\":1,\"name\":\"Portada\",\"item\":\"https:\\\/\\\/politicosaldesnudo.com.mx\\\/\"},{\"@type\":\"ListItem\",\"position\":2,\"name\":\"M\u00e1s de 70 organizaciones denuncian que nueva pol\u00edtica migratoria de Uni\u00f3n Europea imita modelo de Trump\"}]},{\"@type\":\"WebSite\",\"@id\":\"https:\\\/\\\/politicosaldesnudo.com.mx\\\/#website\",\"url\":\"https:\\\/\\\/politicosaldesnudo.com.mx\\\/\",\"name\":\"Pol\u00edticos al Desnudo\",\"description\":\"\",\"publisher\":{\"@id\":\"https:\\\/\\\/politicosaldesnudo.com.mx\\\/#organization\"},\"potentialAction\":[{\"@type\":\"SearchAction\",\"target\":{\"@type\":\"EntryPoint\",\"urlTemplate\":\"https:\\\/\\\/politicosaldesnudo.com.mx\\\/?s={search_term_string}\"},\"query-input\":{\"@type\":\"PropertyValueSpecification\",\"valueRequired\":true,\"valueName\":\"search_term_string\"}}],\"inLanguage\":\"es\"},{\"@type\":\"Organization\",\"@id\":\"https:\\\/\\\/politicosaldesnudo.com.mx\\\/#organization\",\"name\":\"Pol\u00edticos al Desnudo\",\"url\":\"https:\\\/\\\/politicosaldesnudo.com.mx\\\/\",\"logo\":{\"@type\":\"ImageObject\",\"inLanguage\":\"es\",\"@id\":\"https:\\\/\\\/politicosaldesnudo.com.mx\\\/#\\\/schema\\\/logo\\\/image\\\/\",\"url\":\"https:\\\/\\\/i0.wp.com\\\/politicosaldesnudo.com.mx\\\/wp-content\\\/uploads\\\/2026\\\/08\\\/cropped-logo.webp?fit=400%2C126&ssl=1\",\"contentUrl\":\"https:\\\/\\\/i0.wp.com\\\/politicosaldesnudo.com.mx\\\/wp-content\\\/uploads\\\/2026\\\/08\\\/cropped-logo.webp?fit=400%2C126&ssl=1\",\"width\":400,\"height\":126,\"caption\":\"Pol\u00edticos al Desnudo\"},\"image\":{\"@id\":\"https:\\\/\\\/politicosaldesnudo.com.mx\\\/#\\\/schema\\\/logo\\\/image\\\/\"},\"sameAs\":[\"https:\\\/\\\/www.facebook.com\\\/PoliticosAD\"]},{\"@type\":\"Person\",\"@id\":\"https:\\\/\\\/politicosaldesnudo.com.mx\\\/#\\\/schema\\\/person\\\/ef3a64e561cc3f3f5dc52fab81adde7e\",\"name\":\"Redacci\u00f3n Pol\u00edticos\",\"url\":\"https:\\\/\\\/politicosaldesnudo.com.mx\\\/index.php\\\/author\\\/redaccion-politicos\\\/\"}]}<\/script>\n<!-- \/ Yoast SEO plugin. -->","yoast_head_json":{"title":"M\u00e1s de 70 organizaciones denuncian que nueva pol\u00edtica migratoria de Uni\u00f3n Europea imita modelo de Trump - Pol\u00edticos al Desnudo","robots":{"index":"index","follow":"follow","max-snippet":"max-snippet:-1","max-image-preview":"max-image-preview:large","max-video-preview":"max-video-preview:-1"},"canonical":"https:\/\/politicosaldesnudo.com.mx\/index.php\/2026\/02\/17\/mas-de-70-organizaciones-denuncian-que-nueva-politica-migratoria-de-union-europea-imita-modelo-de-trump\/","og_locale":"es_ES","og_type":"article","og_title":"M\u00e1s de 70 organizaciones denuncian que nueva pol\u00edtica migratoria de Uni\u00f3n Europea imita modelo de Trump - Pol\u00edticos al Desnudo","og_description":"Unos 70 grupos criticaron este lunes las reformas migratorias actualmente en estudio en el Parlamento Europeo, compar\u00e1ndolas con la pol\u00edtica [&hellip;]","og_url":"https:\/\/politicosaldesnudo.com.mx\/index.php\/2026\/02\/17\/mas-de-70-organizaciones-denuncian-que-nueva-politica-migratoria-de-union-europea-imita-modelo-de-trump\/","og_site_name":"Pol\u00edticos al Desnudo","article_publisher":"https:\/\/www.facebook.com\/PoliticosAD","article_published_time":"2026-02-17T06:19:53+00:00","og_image":[{"width":1200,"height":801,"url":"https:\/\/i0.wp.com\/politicosaldesnudo.com.mx\/wp-content\/uploads\/2026\/02\/MOD.jpg?fit=1200%2C801&ssl=1","type":"image\/jpeg"}],"author":"Redacci\u00f3n Pol\u00edticos","twitter_card":"summary_large_image","twitter_misc":{"Escrito por":"Redacci\u00f3n Pol\u00edticos","Tiempo de lectura":"1 minuto"},"schema":{"@context":"https:\/\/schema.org","@graph":[{"@type":"Article","@id":"https:\/\/politicosaldesnudo.com.mx\/index.php\/2026\/02\/17\/mas-de-70-organizaciones-denuncian-que-nueva-politica-migratoria-de-union-europea-imita-modelo-de-trump\/#article","isPartOf":{"@id":"https:\/\/politicosaldesnudo.com.mx\/index.php\/2026\/02\/17\/mas-de-70-organizaciones-denuncian-que-nueva-politica-migratoria-de-union-europea-imita-modelo-de-trump\/"},"author":{"name":"Redacci\u00f3n Pol\u00edticos","@id":"https:\/\/politicosaldesnudo.com.mx\/#\/schema\/person\/ef3a64e561cc3f3f5dc52fab81adde7e"},"headline":"M\u00e1s de 70 organizaciones denuncian que nueva pol\u00edtica migratoria de Uni\u00f3n Europea imita modelo de Trump","datePublished":"2026-02-17T06:19:53+00:00","mainEntityOfPage":{"@id":"https:\/\/politicosaldesnudo.com.mx\/index.php\/2026\/02\/17\/mas-de-70-organizaciones-denuncian-que-nueva-politica-migratoria-de-union-europea-imita-modelo-de-trump\/"},"wordCount":218,"publisher":{"@id":"https:\/\/politicosaldesnudo.com.mx\/#organization"},"image":{"@id":"https:\/\/politicosaldesnudo.com.mx\/index.php\/2026\/02\/17\/mas-de-70-organizaciones-denuncian-que-nueva-politica-migratoria-de-union-europea-imita-modelo-de-trump\/#primaryimage"},"thumbnailUrl":"https:\/\/i0.wp.com\/politicosaldesnudo.com.mx\/wp-content\/uploads\/2026\/02\/MOD.jpg?fit=1200%2C801&ssl=1","articleSection":["INTERNACIONAL"],"inLanguage":"es"},{"@type":"WebPage","@id":"https:\/\/politicosaldesnudo.com.mx\/index.php\/2026\/02\/17\/mas-de-70-organizaciones-denuncian-que-nueva-politica-migratoria-de-union-europea-imita-modelo-de-trump\/","url":"https:\/\/politicosaldesnudo.com.mx\/index.php\/2026\/02\/17\/mas-de-70-organizaciones-denuncian-que-nueva-politica-migratoria-de-union-europea-imita-modelo-de-trump\/","name":"M\u00e1s de 70 organizaciones denuncian que nueva pol\u00edtica migratoria de Uni\u00f3n Europea imita modelo de Trump - Pol\u00edticos al Desnudo","isPartOf":{"@id":"https:\/\/politicosaldesnudo.com.mx\/#website"},"primaryImageOfPage":{"@id":"https:\/\/politicosaldesnudo.com.mx\/index.php\/2026\/02\/17\/mas-de-70-organizaciones-denuncian-que-nueva-politica-migratoria-de-union-europea-imita-modelo-de-trump\/#primaryimage"},"image":{"@id":"https:\/\/politicosaldesnudo.com.mx\/index.php\/2026\/02\/17\/mas-de-70-organizaciones-denuncian-que-nueva-politica-migratoria-de-union-europea-imita-modelo-de-trump\/#primaryimage"},"thumbnailUrl":"https:\/\/i0.wp.com\/politicosaldesnudo.com.mx\/wp-content\/uploads\/2026\/02\/MOD.jpg?fit=1200%2C801&ssl=1","datePublished":"2026-02-17T06:19:53+00:00","breadcrumb":{"@id":"https:\/\/politicosaldesnudo.com.mx\/index.php\/2026\/02\/17\/mas-de-70-organizaciones-denuncian-que-nueva-politica-migratoria-de-union-europea-imita-modelo-de-trump\/#breadcrumb"},"inLanguage":"es","potentialAction":[{"@type":"ReadAction","target":["https:\/\/politicosaldesnudo.com.mx\/index.php\/2026\/02\/17\/mas-de-70-organizaciones-denuncian-que-nueva-politica-migratoria-de-union-europea-imita-modelo-de-trump\/"]}]},{"@type":"ImageObject","inLanguage":"es","@id":"https:\/\/politicosaldesnudo.com.mx\/index.php\/2026\/02\/17\/mas-de-70-organizaciones-denuncian-que-nueva-politica-migratoria-de-union-europea-imita-modelo-de-trump\/#primaryimage","url":"https:\/\/i0.wp.com\/politicosaldesnudo.com.mx\/wp-content\/uploads\/2026\/02\/MOD.jpg?fit=1200%2C801&ssl=1","contentUrl":"https:\/\/i0.wp.com\/politicosaldesnudo.com.mx\/wp-content\/uploads\/2026\/02\/MOD.jpg?fit=1200%2C801&ssl=1","width":1200,"height":801},{"@type":"BreadcrumbList","@id":"https:\/\/politicosaldesnudo.com.mx\/index.php\/2026\/02\/17\/mas-de-70-organizaciones-denuncian-que-nueva-politica-migratoria-de-union-europea-imita-modelo-de-trump\/#breadcrumb","itemListElement":[{"@type":"ListItem","position":1,"name":"Portada","item":"https:\/\/politicosaldesnudo.com.mx\/"},{"@type":"ListItem","position":2,"name":"M\u00e1s de 70 organizaciones denuncian que nueva pol\u00edtica migratoria de Uni\u00f3n Europea imita modelo de Trump"}]},{"@type":"WebSite","@id":"https:\/\/politicosaldesnudo.com.mx\/#website","url":"https:\/\/politicosaldesnudo.com.mx\/","name":"Pol\u00edticos al Desnudo","description":"","publisher":{"@id":"https:\/\/politicosaldesnudo.com.mx\/#organization"},"potentialAction":[{"@type":"SearchAction","target":{"@type":"EntryPoint","urlTemplate":"https:\/\/politicosaldesnudo.com.mx\/?s={search_term_string}"},"query-input":{"@type":"PropertyValueSpecification","valueRequired":true,"valueName":"search_term_string"}}],"inLanguage":"es"},{"@type":"Organization","@id":"https:\/\/politicosaldesnudo.com.mx\/#organization","name":"Pol\u00edticos al Desnudo","url":"https:\/\/politicosaldesnudo.com.mx\/","logo":{"@type":"ImageObject","inLanguage":"es","@id":"https:\/\/politicosaldesnudo.com.mx\/#\/schema\/logo\/image\/","url":"https:\/\/i0.wp.com\/politicosaldesnudo.com.mx\/wp-content\/uploads\/2026\/08\/cropped-logo.webp?fit=400%2C126&ssl=1","contentUrl":"https:\/\/i0.wp.com\/politicosaldesnudo.com.mx\/wp-content\/uploads\/2026\/08\/cropped-logo.webp?fit=400%2C126&ssl=1","width":400,"height":126,"caption":"Pol\u00edticos al Desnudo"},"image":{"@id":"https:\/\/politicosaldesnudo.com.mx\/#\/schema\/logo\/image\/"},"sameAs":["https:\/\/www.facebook.com\/PoliticosAD"]},{"@type":"Person","@id":"https:\/\/politicosaldesnudo.com.mx\/#\/schema\/person\/ef3a64e561cc3f3f5dc52fab81adde7e","name":"Redacci\u00f3n Pol\u00edticos","url":"https:\/\/politicosaldesnudo.com.mx\/index.php\/author\/redaccion-politicos\/"}]}},"jetpack_publicize_connections":[],"jetpack-related-posts":[{"id":88233,"url":"https:\/\/politicosaldesnudo.com.mx\/index.php\/2026\/08\/31\/argentina-en-alerta-tragedia-en-nepal-desata-presion-contra-milei-por-reforma-a-los-glaciares\/","url_meta":{"origin":80152,"position":0},"title":"Argentina en alerta: tragedia en Nepal desata presi\u00f3n contra Milei por reforma a los glaciares","author":"Redacci\u00f3n Pol\u00edticos","date":"31 de agosto de 2026","format":false,"excerpt":"La tragedia provocada por el colapso de una masa de hielo en Nepal encendi\u00f3 las alarmas a miles de kil\u00f3metros de distancia. En Argentina, organizaciones ambientalistas retomaron las protestas contra la reforma impulsada por Javier Milei, que flexibiliz\u00f3 la protecci\u00f3n de los glaciares y permiti\u00f3 el avance de proyectos mineros\u2026","rel":"","context":"En \u00abINTERNACIONAL\u00bb","block_context":{"text":"INTERNACIONAL","link":"https:\/\/politicosaldesnudo.com.mx\/index.php\/category\/internacional\/"},"img":{"alt_text":"","src":"https:\/\/i0.wp.com\/politicosaldesnudo.com.mx\/wp-content\/uploads\/2026\/08\/glaciar-perito-moreno-1280x720-1.jpg?fit=1200%2C675&ssl=1&resize=350%2C200","width":350,"height":200,"srcset":"https:\/\/i0.wp.com\/politicosaldesnudo.com.mx\/wp-content\/uploads\/2026\/08\/glaciar-perito-moreno-1280x720-1.jpg?fit=1200%2C675&ssl=1&resize=350%2C200 1x, https:\/\/i0.wp.com\/politicosaldesnudo.com.mx\/wp-content\/uploads\/2026\/08\/glaciar-perito-moreno-1280x720-1.jpg?fit=1200%2C675&ssl=1&resize=525%2C300 1.5x, https:\/\/i0.wp.com\/politicosaldesnudo.com.mx\/wp-content\/uploads\/2026\/08\/glaciar-perito-moreno-1280x720-1.jpg?fit=1200%2C675&ssl=1&resize=700%2C400 2x, https:\/\/i0.wp.com\/politicosaldesnudo.com.mx\/wp-content\/uploads\/2026\/08\/glaciar-perito-moreno-1280x720-1.jpg?fit=1200%2C675&ssl=1&resize=1050%2C600 3x"},"classes":[]},{"id":87986,"url":"https:\/\/politicosaldesnudo.com.mx\/index.php\/2026\/08\/22\/macron-desafia-a-putin-francia-enviara-mas-misiles-para-proteger-a-ucrania\/","url_meta":{"origin":80152,"position":1},"title":"Macron desaf\u00eda a Putin: Francia enviar\u00e1 m\u00e1s misiles para proteger a Ucrania","author":"Redacci\u00f3n Pol\u00edticos","date":"22 de agosto de 2026","format":false,"excerpt":"Francia enviar\u00e1 nuevos misiles interceptores y acelerar\u00e1 la entrega de equipos militares a Ucrania, en respuesta a la reciente intensificaci\u00f3n de los ataques rusos contra ciudades e infraestructura civil. El presidente Emmanuel Macron confirm\u00f3 el apoyo despu\u00e9s de mantener una conversaci\u00f3n telef\u00f3nica de casi dos horas con su hom\u00f3logo ucraniano,\u2026","rel":"","context":"En \u00abINTERNACIONAL\u00bb","block_context":{"text":"INTERNACIONAL","link":"https:\/\/politicosaldesnudo.com.mx\/index.php\/category\/internacional\/"},"img":{"alt_text":"","src":"https:\/\/politicosaldesnudo.com.mx\/wp-content\/uploads\/2026\/08\/UZGCVPJBNJDS3O7ZRFP6WVEPYI.avif","width":350,"height":200,"srcset":"https:\/\/politicosaldesnudo.com.mx\/wp-content\/uploads\/2026\/08\/UZGCVPJBNJDS3O7ZRFP6WVEPYI.avif 1x, https:\/\/politicosaldesnudo.com.mx\/wp-content\/uploads\/2026\/08\/UZGCVPJBNJDS3O7ZRFP6WVEPYI.avif 1.5x, https:\/\/politicosaldesnudo.com.mx\/wp-content\/uploads\/2026\/08\/UZGCVPJBNJDS3O7ZRFP6WVEPYI.avif 2x"},"classes":[]},{"id":87759,"url":"https:\/\/politicosaldesnudo.com.mx\/index.php\/2026\/08\/15\/le-quitaron-la-visa-a-andy-y-se-sintio-secretario-de-estado-de-trump\/","url_meta":{"origin":80152,"position":2},"title":"Le quitaron la visa a Andy\u2026 y se sinti\u00f3 secretario de Estado de Trump","author":"Redacci\u00f3n Pol\u00edticos","date":"15 de agosto de 2026","format":false,"excerpt":"COLUMNA: LA LIBRETA DE LA EDITORA Hay gente que cuando le cancelan una visa pregunta: \u201c\u00bfY ahora por qu\u00e9?\u201d. Y hay otro tipo de gente que, cuando le cancelan la visa, le escribe al presidente del pa\u00eds para decirle c\u00f3mo debe manejar su gobierno. Andy L\u00f3pez Beltr\u00e1n, evidentemente, pertenece al\u2026","rel":"","context":"En \u00abOPINI\u00d3N\u00bb","block_context":{"text":"OPINI\u00d3N","link":"https:\/\/politicosaldesnudo.com.mx\/index.php\/category\/columnistas\/"},"img":{"alt_text":"","src":"https:\/\/i0.wp.com\/politicosaldesnudo.com.mx\/wp-content\/uploads\/2026\/08\/COLUMNISTAS-PAD.png?fit=1200%2C659&ssl=1&resize=350%2C200","width":350,"height":200,"srcset":"https:\/\/i0.wp.com\/politicosaldesnudo.com.mx\/wp-content\/uploads\/2026\/08\/COLUMNISTAS-PAD.png?fit=1200%2C659&ssl=1&resize=350%2C200 1x, https:\/\/i0.wp.com\/politicosaldesnudo.com.mx\/wp-content\/uploads\/2026\/08\/COLUMNISTAS-PAD.png?fit=1200%2C659&ssl=1&resize=525%2C300 1.5x, https:\/\/i0.wp.com\/politicosaldesnudo.com.mx\/wp-content\/uploads\/2026\/08\/COLUMNISTAS-PAD.png?fit=1200%2C659&ssl=1&resize=700%2C400 2x, https:\/\/i0.wp.com\/politicosaldesnudo.com.mx\/wp-content\/uploads\/2026\/08\/COLUMNISTAS-PAD.png?fit=1200%2C659&ssl=1&resize=1050%2C600 3x"},"classes":[]},{"id":87624,"url":"https:\/\/politicosaldesnudo.com.mx\/index.php\/2026\/08\/10\/recrimine-a-la-reforma-judicial\/","url_meta":{"origin":80152,"position":3},"title":"Recrimine a la reforma judicial","author":"Redacci\u00f3n Pol\u00edticos","date":"10 de agosto de 2026","format":false,"excerpt":"Por: Lic. Alberto Woolrich Ortiz No obstante que hasta la fecha el segundo piso de la Cuarta Transformaci\u00f3n de la Naci\u00f3n no ha dado visos de modificar su mala forma de gobernanza; la justicia y la probidad siguen teniendo millones de partidarios entre los que destacan algunos impartidores de justicia\u2026","rel":"","context":"En \u00abOPINI\u00d3N\u00bb","block_context":{"text":"OPINI\u00d3N","link":"https:\/\/politicosaldesnudo.com.mx\/index.php\/category\/columnistas\/"},"img":{"alt_text":"","src":"https:\/\/i0.wp.com\/politicosaldesnudo.com.mx\/wp-content\/uploads\/2026\/03\/WOODLRICH.jpg?fit=800%2C445&ssl=1&resize=350%2C200","width":350,"height":200,"srcset":"https:\/\/i0.wp.com\/politicosaldesnudo.com.mx\/wp-content\/uploads\/2026\/03\/WOODLRICH.jpg?fit=800%2C445&ssl=1&resize=350%2C200 1x, https:\/\/i0.wp.com\/politicosaldesnudo.com.mx\/wp-content\/uploads\/2026\/03\/WOODLRICH.jpg?fit=800%2C445&ssl=1&resize=525%2C300 1.5x, https:\/\/i0.wp.com\/politicosaldesnudo.com.mx\/wp-content\/uploads\/2026\/03\/WOODLRICH.jpg?fit=800%2C445&ssl=1&resize=700%2C400 2x"},"classes":[]},{"id":6158,"url":"https:\/\/politicosaldesnudo.com.mx\/index.php\/2022\/06\/04\/recupera-inah-objetos-rituales-del-pueblo-yaqui-ubicados-en-suecia\/","url_meta":{"origin":80152,"position":4},"title":"Recupera INAH objetos rituales del pueblo Yaqui ubicados en Suecia","author":"Redacci\u00f3n Pol\u00edticos","date":"4 de junio de 2022","format":false,"excerpt":"\u00a0 Suecia. 24 objetos rituales \u201cMaaso Koba\u201d del pueblo yaqui de Sonora que se encontraban en el Museo de la Cultura del Mundo de Gotemburgo, Suecia fueron entregadas a M\u00e9xico, inform\u00f3 el Instituto Nacional de Antropolog\u00eda e Historia (INAH). En Estocolmo, Suecia, se realiz\u00f3 la entrega de la colecci\u00f3n, misma\u2026","rel":"","context":"En \u00abCULTURA\u00bb","block_context":{"text":"CULTURA","link":"https:\/\/politicosaldesnudo.com.mx\/index.php\/category\/cultura\/"},"img":{"alt_text":"","src":"https:\/\/i0.wp.com\/politicosaldesnudo.com.mx\/wp-content\/uploads\/2022\/06\/P-INAH.png?fit=1200%2C671&ssl=1&resize=350%2C200","width":350,"height":200,"srcset":"https:\/\/i0.wp.com\/politicosaldesnudo.com.mx\/wp-content\/uploads\/2022\/06\/P-INAH.png?fit=1200%2C671&ssl=1&resize=350%2C200 1x, https:\/\/i0.wp.com\/politicosaldesnudo.com.mx\/wp-content\/uploads\/2022\/06\/P-INAH.png?fit=1200%2C671&ssl=1&resize=525%2C300 1.5x, https:\/\/i0.wp.com\/politicosaldesnudo.com.mx\/wp-content\/uploads\/2022\/06\/P-INAH.png?fit=1200%2C671&ssl=1&resize=700%2C400 2x, https:\/\/i0.wp.com\/politicosaldesnudo.com.mx\/wp-content\/uploads\/2022\/06\/P-INAH.png?fit=1200%2C671&ssl=1&resize=1050%2C600 3x"},"classes":[]},{"id":88267,"url":"https:\/\/politicosaldesnudo.com.mx\/index.php\/2026\/09\/02\/con-mexico-no-podran-sheinbaum-denuncia-maniobra-de-eu-para-enfrentar-a-sus-funcionarios\/","url_meta":{"origin":80152,"position":5},"title":"\u201cCon M\u00e9xico no podr\u00e1n\u201d: Sheinbaum denuncia maniobra de EU para enfrentar a sus funcionarios","author":"Redacci\u00f3n Pol\u00edticos","date":"2 de septiembre de 2026","format":false,"excerpt":"Claudia Sheinbaum lanz\u00f3 una dura advertencia a Washington: la relaci\u00f3n bilateral puede mantenerse en el terreno de la colaboraci\u00f3n, pero M\u00e9xico no permitir\u00e1 que autoridades extranjeras intervengan en sus decisiones pol\u00edticas ni intenten confrontar a los integrantes del Gobierno federal. La presidenta interpret\u00f3 los recientes reconocimientos del director de la\u2026","rel":"","context":"En \u00abNACIONAL\u00bb","block_context":{"text":"NACIONAL","link":"https:\/\/politicosaldesnudo.com.mx\/index.php\/category\/nacional\/"},"img":{"alt_text":"","src":"https:\/\/i0.wp.com\/politicosaldesnudo.com.mx\/wp-content\/uploads\/2026\/09\/791438102_1053071747611609_620136172344727379_n.jpg?fit=1200%2C800&ssl=1&resize=350%2C200","width":350,"height":200,"srcset":"https:\/\/i0.wp.com\/politicosaldesnudo.com.mx\/wp-content\/uploads\/2026\/09\/791438102_1053071747611609_620136172344727379_n.jpg?fit=1200%2C800&ssl=1&resize=350%2C200 1x, https:\/\/i0.wp.com\/politicosaldesnudo.com.mx\/wp-content\/uploads\/2026\/09\/791438102_1053071747611609_620136172344727379_n.jpg?fit=1200%2C800&ssl=1&resize=525%2C300 1.5x, https:\/\/i0.wp.com\/politicosaldesnudo.com.mx\/wp-content\/uploads\/2026\/09\/791438102_1053071747611609_620136172344727379_n.jpg?fit=1200%2C800&ssl=1&resize=700%2C400 2x, https:\/\/i0.wp.com\/politicosaldesnudo.com.mx\/wp-content\/uploads\/2026\/09\/791438102_1053071747611609_620136172344727379_n.jpg?fit=1200%2C800&ssl=1&resize=1050%2C600 3x"},"classes":[]}],"jetpack_sharing_enabled":true,"jetpack_featured_media_url":"https:\/\/i0.wp.com\/politicosaldesnudo.com.mx\/wp-content\/uploads\/2026\/02\/MOD.jpg?fit=1200%2C801&ssl=1","_links":{"self":[{"href":"https:\/\/politicosaldesnudo.com.mx\/index.php\/wp-json\/wp\/v2\/posts\/80152","targetHints":{"allow":["GET"]}}],"collection":[{"href":"https:\/\/politicosaldesnudo.com.mx\/index.php\/wp-json\/wp\/v2\/posts"}],"about":[{"href":"https:\/\/politicosaldesnudo.com.mx\/index.php\/wp-json\/wp\/v2\/types\/post"}],"author":[{"embeddable":true,"href":"https:\/\/politicosaldesnudo.com.mx\/index.php\/wp-json\/wp\/v2\/users\/4"}],"replies":[{"embeddable":true,"href":"https:\/\/politicosaldesnudo.com.mx\/index.php\/wp-json\/wp\/v2\/comments?post=80152"}],"version-history":[{"count":0,"href":"https:\/\/politicosaldesnudo.com.mx\/index.php\/wp-json\/wp\/v2\/posts\/80152\/revisions"}],"wp:featuredmedia":[{"embeddable":true,"href":"https:\/\/politicosaldesnudo.com.mx\/index.php\/wp-json\/wp\/v2\/media\/80153"}],"wp:attachment":[{"href":"https:\/\/politicosaldesnudo.com.mx\/index.php\/wp-json\/wp\/v2\/media?parent=80152"}],"wp:term":[{"taxonomy":"category","embeddable":true,"href":"https:\/\/politicosaldesnudo.com.mx\/index.php\/wp-json\/wp\/v2\/categories?post=80152"},{"taxonomy":"post_tag","embeddable":true,"href":"https:\/\/politicosaldesnudo.com.mx\/index.php\/wp-json\/wp\/v2\/tags?post=80152"}],"curies":[{"name":"wp","href":"https:\/\/api.w.org\/{rel}","templated":true}]}}