{"id":80182,"date":"2026-02-18T00:09:20","date_gmt":"2026-02-18T06:09:20","guid":{"rendered":"https:\/\/politicosaldesnudo.com.mx\/?p=80182"},"modified":"2026-02-17T23:44:23","modified_gmt":"2026-02-18T05:44:23","slug":"espana-segundo-trampolin-mundial-de-inversiones-latinoamericanas-hacia-otros-paises","status":"publish","type":"post","link":"https:\/\/politicosaldesnudo.com.mx\/index.php\/2026\/02\/18\/espana-segundo-trampolin-mundial-de-inversiones-latinoamericanas-hacia-otros-paises\/","title":{"rendered":"Espa\u00f1a, segundo trampol\u00edn mundial de inversiones latinoamericanas hacia otros pa\u00edses"},"content":{"rendered":"<div id=\"article-content-tts\" class=\"nota-contenido mb-5\">\n<div id=\"content_nitf\">\n<p class=\"nota-justify\">Espa\u00f1a ocupa la segunda posici\u00f3n a nivel mundial, solo por detr\u00e1s de Estados Unidos, donde se localizan filiales de empresas latinoamericanas que act\u00faan como trampol\u00edn directo hacia terceros pa\u00edses.<\/p>\n<p class=\"nota-justify\">Estas afirmaciones se desprenden del informe &#8216;Espa\u00f1a como econom\u00eda trampol\u00edn de inversiones en Iberoam\u00e9rica&#8217;, elaborado por el Observatorio Empresarial Iberoamericano Ceapi junto al Instituto Complutense de Estudios Internacionales de la Universidad Complutense de Madrid.<\/p>\n<p class=\"nota-justify\">En concreto, Estados Unidos acoge a 270 filiales de empresas \u00abtrampol\u00edn\u00bb, Espa\u00f1a a 197 y Reino Unido a 155. De ellas, \u00abBrasil lidera el ranking de pa\u00edses con mayor n\u00famero de trampolines directos, Panam\u00e1 gana protagonismo, Ecuador se mantiene como destino importante, y sigue sorprendiendo que M\u00e9xico no destaca en este tipo de filiales\u00bb, especifican los autores del documento.<\/p>\n<p class=\"nota-justify\">En el caso espa\u00f1ol, el pa\u00eds es trampol\u00edn de 13 de los 19 pa\u00edses analizados en posiciones relevantes y destaca su papel en el caso de Venezuela, Uruguay, M\u00e9xico, Guatemala y Chile.<\/p>\n<p class=\"nota-justify\">El informe tambi\u00e9n constata que M\u00e9xico es el principal inversor de Am\u00e9rica Latina en Espa\u00f1a, tanto por el n\u00famero de matrices como de filiales: el pa\u00eds ha constituido una importante red al alcanzar casi cuatro filiales por matriz en Espa\u00f1a frente a una media que se sit\u00faa en dos. Los otros grandes inversores latinoamericanos son Chile, Colombia y Brasil.<\/p>\n<p class=\"nota-justify\">La principal motivaci\u00f3n de las inversiones de las empresas latinoamericanas en Espa\u00f1a es estar presente en este mercado, \u00abaunque ello no evita que utilicen esta localizaci\u00f3n para realizar inversiones en otras econom\u00edas\u00bb, expone el informe.<\/p>\n<p class=\"nota-justify\">Respecto a los sectores de estas compa\u00f1\u00edas, el 9.1 por ciento de las matrices y filiales latinoamericanas pertenecen al \u00e1mbito financiero, el 4.9 por ciento al manufacturero, el 4.3 por ciento al inmobiliario, el 3.4 por ciento a las comunicaciones y en 2.5 por ciento al comercio.<\/p>\n<p class=\"nota-justify\">En sentido contrario, Espa\u00f1a se ha consolidado como el segundo inversor en Am\u00e9rica Latina con un 11 por ciento de la inversi\u00f3n extranjera directa (IED), con Brasil, M\u00e9xico y Colombia como principales destinos (38 por ciento, 25 por ciento y 15 por ciento, respectivamente). De hecho, Am\u00e9rica Latina y el Caribe representan cerca del 40 por ciento de la IED que emite Espa\u00f1a.<\/p>\n<p class=\"nota-justify\">Los servicios financieros y de seguros representaron el 35 por ciento del stock, como reflejo de la expansi\u00f3n bancaria espa\u00f1ola desde los a\u00f1os 90, le siguen las telecomunicaciones con m\u00e1s del 9 por ciento, la distribuci\u00f3n de energ\u00eda y agua (cerca del 8 por ciento) y el comercio minorista (menos del 5 por ciento), estos dos \u00faltimos en retroceso desde 2015.<\/p>\n<\/div>\n<\/div>\n<div class=\"notas-relacionadas\"><\/div>\n<div class=\"nota-tags\"><\/div>\n","protected":false},"excerpt":{"rendered":"<p>Espa\u00f1a ocupa la segunda posici\u00f3n a nivel mundial, solo por detr\u00e1s de Estados Unidos, donde se localizan filiales de empresas [&hellip;]<\/p>\n","protected":false},"author":4,"featured_media":80183,"comment_status":"closed","ping_status":"closed","sticky":false,"template":"","format":"standard","meta":{"site-sidebar-layout":"default","site-content-layout":"","ast-site-content-layout":"default","site-content-style":"default","site-sidebar-style":"default","ast-global-header-display":"","ast-banner-title-visibility":"","ast-main-header-display":"","ast-hfb-above-header-display":"","ast-hfb-below-header-display":"","ast-hfb-mobile-header-display":"","site-post-title":"","ast-breadcrumbs-content":"","ast-featured-img":"","footer-sml-layout":"","ast-disable-related-posts":"","theme-transparent-header-meta":"","adv-header-id-meta":"","stick-header-meta":"","header-above-stick-meta":"","header-main-stick-meta":"","header-below-stick-meta":"","astra-migrate-meta-layouts":"default","ast-page-background-enabled":"default","ast-page-background-meta":{"desktop":{"background-color":"var(--ast-global-color-5)","background-image":"","background-repeat":"repeat","background-position":"center center","background-size":"auto","background-attachment":"scroll","background-type":"","background-media":"","overlay-type":"","overlay-color":"","overlay-opacity":"","overlay-gradient":""},"tablet":{"background-color":"","background-image":"","background-repeat":"repeat","background-position":"center center","background-size":"auto","background-attachment":"scroll","background-type":"","background-media":"","overlay-type":"","overlay-color":"","overlay-opacity":"","overlay-gradient":""},"mobile":{"background-color":"","background-image":"","background-repeat":"repeat","background-position":"center center","background-size":"auto","background-attachment":"scroll","background-type":"","background-media":"","overlay-type":"","overlay-color":"","overlay-opacity":"","overlay-gradient":""}},"ast-content-background-meta":{"desktop":{"background-color":"var(--ast-global-color-4)","background-image":"","background-repeat":"repeat","background-position":"center center","background-size":"auto","background-attachment":"scroll","background-type":"","background-media":"","overlay-type":"","overlay-color":"","overlay-opacity":"","overlay-gradient":""},"tablet":{"background-color":"var(--ast-global-color-4)","background-image":"","background-repeat":"repeat","background-position":"center center","background-size":"auto","background-attachment":"scroll","background-type":"","background-media":"","overlay-type":"","overlay-color":"","overlay-opacity":"","overlay-gradient":""},"mobile":{"background-color":"var(--ast-global-color-4)","background-image":"","background-repeat":"repeat","background-position":"center center","background-size":"auto","background-attachment":"scroll","background-type":"","background-media":"","overlay-type":"","overlay-color":"","overlay-opacity":"","overlay-gradient":""}},"_jetpack_newsletter_access":"","_jetpack_dont_email_post_to_subs":false,"_jetpack_newsletter_tier_id":0,"_jetpack_memberships_contains_paywalled_content":false,"_jetpack_feature_clip_id":0,"_jetpack_memberships_contains_paid_content":false,"footnotes":"","jetpack_publicize_message":"","jetpack_publicize_feature_enabled":true,"jetpack_social_post_already_shared":true,"jetpack_social_options":{"image_generator_settings":{"template":"highway","default_image_id":0,"font":"","enabled":false},"version":2},"jetpack_post_was_ever_published":false},"categories":[2050],"tags":[],"class_list":["post-80182","post","type-post","status-publish","format-standard","has-post-thumbnail","hentry","category-economia"],"yoast_head":"<!-- This site is optimized with the Yoast SEO plugin v28.3 - https:\/\/yoast.com\/product\/yoast-seo-wordpress\/ -->\n<title>Espa\u00f1a, segundo trampol\u00edn mundial de inversiones latinoamericanas hacia otros pa\u00edses - Pol\u00edticos al Desnudo<\/title>\n<meta name=\"robots\" content=\"index, follow, max-snippet:-1, max-image-preview:large, max-video-preview:-1\" \/>\n<link rel=\"canonical\" href=\"https:\/\/politicosaldesnudo.com.mx\/index.php\/2026\/02\/18\/espana-segundo-trampolin-mundial-de-inversiones-latinoamericanas-hacia-otros-paises\/\" \/>\n<meta property=\"og:locale\" content=\"es_ES\" \/>\n<meta property=\"og:type\" content=\"article\" \/>\n<meta property=\"og:title\" content=\"Espa\u00f1a, segundo trampol\u00edn mundial de inversiones latinoamericanas hacia otros pa\u00edses - Pol\u00edticos al Desnudo\" \/>\n<meta property=\"og:description\" content=\"Espa\u00f1a ocupa la segunda posici\u00f3n a nivel mundial, solo por detr\u00e1s de Estados Unidos, donde se localizan filiales de empresas [&hellip;]\" \/>\n<meta property=\"og:url\" content=\"https:\/\/politicosaldesnudo.com.mx\/index.php\/2026\/02\/18\/espana-segundo-trampolin-mundial-de-inversiones-latinoamericanas-hacia-otros-paises\/\" \/>\n<meta property=\"og:site_name\" content=\"Pol\u00edticos al Desnudo\" \/>\n<meta property=\"article:publisher\" content=\"https:\/\/www.facebook.com\/PoliticosAD\" \/>\n<meta property=\"article:published_time\" content=\"2026-02-18T06:09:20+00:00\" \/>\n<meta property=\"og:image\" content=\"https:\/\/i0.wp.com\/politicosaldesnudo.com.mx\/wp-content\/uploads\/2026\/02\/Sin-titulo-1.jpg?fit=1200%2C713&ssl=1\" \/>\n\t<meta property=\"og:image:width\" content=\"1200\" \/>\n\t<meta property=\"og:image:height\" content=\"713\" \/>\n\t<meta property=\"og:image:type\" content=\"image\/jpeg\" \/>\n<meta name=\"author\" content=\"Redacci\u00f3n Pol\u00edticos\" \/>\n<meta name=\"twitter:card\" content=\"summary_large_image\" \/>\n<meta name=\"twitter:label1\" content=\"Escrito por\" \/>\n\t<meta name=\"twitter:data1\" content=\"Redacci\u00f3n Pol\u00edticos\" \/>\n\t<meta name=\"twitter:label2\" content=\"Tiempo de lectura\" \/>\n\t<meta name=\"twitter:data2\" content=\"2 minutos\" \/>\n<script type=\"application\/ld+json\" class=\"yoast-schema-graph\">{\"@context\":\"https:\\\/\\\/schema.org\",\"@graph\":[{\"@type\":\"Article\",\"@id\":\"https:\\\/\\\/politicosaldesnudo.com.mx\\\/index.php\\\/2026\\\/02\\\/18\\\/espana-segundo-trampolin-mundial-de-inversiones-latinoamericanas-hacia-otros-paises\\\/#article\",\"isPartOf\":{\"@id\":\"https:\\\/\\\/politicosaldesnudo.com.mx\\\/index.php\\\/2026\\\/02\\\/18\\\/espana-segundo-trampolin-mundial-de-inversiones-latinoamericanas-hacia-otros-paises\\\/\"},\"author\":{\"name\":\"Redacci\u00f3n Pol\u00edticos\",\"@id\":\"https:\\\/\\\/politicosaldesnudo.com.mx\\\/#\\\/schema\\\/person\\\/ef3a64e561cc3f3f5dc52fab81adde7e\"},\"headline\":\"Espa\u00f1a, segundo trampol\u00edn mundial de inversiones latinoamericanas hacia otros pa\u00edses\",\"datePublished\":\"2026-02-18T06:09:20+00:00\",\"mainEntityOfPage\":{\"@id\":\"https:\\\/\\\/politicosaldesnudo.com.mx\\\/index.php\\\/2026\\\/02\\\/18\\\/espana-segundo-trampolin-mundial-de-inversiones-latinoamericanas-hacia-otros-paises\\\/\"},\"wordCount\":456,\"publisher\":{\"@id\":\"https:\\\/\\\/politicosaldesnudo.com.mx\\\/#organization\"},\"image\":{\"@id\":\"https:\\\/\\\/politicosaldesnudo.com.mx\\\/index.php\\\/2026\\\/02\\\/18\\\/espana-segundo-trampolin-mundial-de-inversiones-latinoamericanas-hacia-otros-paises\\\/#primaryimage\"},\"thumbnailUrl\":\"https:\\\/\\\/i0.wp.com\\\/politicosaldesnudo.com.mx\\\/wp-content\\\/uploads\\\/2026\\\/02\\\/Sin-titulo-1.jpg?fit=1200%2C713&ssl=1\",\"articleSection\":[\"ECONOM\u00cdA\"],\"inLanguage\":\"es\"},{\"@type\":\"WebPage\",\"@id\":\"https:\\\/\\\/politicosaldesnudo.com.mx\\\/index.php\\\/2026\\\/02\\\/18\\\/espana-segundo-trampolin-mundial-de-inversiones-latinoamericanas-hacia-otros-paises\\\/\",\"url\":\"https:\\\/\\\/politicosaldesnudo.com.mx\\\/index.php\\\/2026\\\/02\\\/18\\\/espana-segundo-trampolin-mundial-de-inversiones-latinoamericanas-hacia-otros-paises\\\/\",\"name\":\"Espa\u00f1a, segundo trampol\u00edn mundial de inversiones latinoamericanas hacia otros pa\u00edses - Pol\u00edticos al Desnudo\",\"isPartOf\":{\"@id\":\"https:\\\/\\\/politicosaldesnudo.com.mx\\\/#website\"},\"primaryImageOfPage\":{\"@id\":\"https:\\\/\\\/politicosaldesnudo.com.mx\\\/index.php\\\/2026\\\/02\\\/18\\\/espana-segundo-trampolin-mundial-de-inversiones-latinoamericanas-hacia-otros-paises\\\/#primaryimage\"},\"image\":{\"@id\":\"https:\\\/\\\/politicosaldesnudo.com.mx\\\/index.php\\\/2026\\\/02\\\/18\\\/espana-segundo-trampolin-mundial-de-inversiones-latinoamericanas-hacia-otros-paises\\\/#primaryimage\"},\"thumbnailUrl\":\"https:\\\/\\\/i0.wp.com\\\/politicosaldesnudo.com.mx\\\/wp-content\\\/uploads\\\/2026\\\/02\\\/Sin-titulo-1.jpg?fit=1200%2C713&ssl=1\",\"datePublished\":\"2026-02-18T06:09:20+00:00\",\"breadcrumb\":{\"@id\":\"https:\\\/\\\/politicosaldesnudo.com.mx\\\/index.php\\\/2026\\\/02\\\/18\\\/espana-segundo-trampolin-mundial-de-inversiones-latinoamericanas-hacia-otros-paises\\\/#breadcrumb\"},\"inLanguage\":\"es\",\"potentialAction\":[{\"@type\":\"ReadAction\",\"target\":[\"https:\\\/\\\/politicosaldesnudo.com.mx\\\/index.php\\\/2026\\\/02\\\/18\\\/espana-segundo-trampolin-mundial-de-inversiones-latinoamericanas-hacia-otros-paises\\\/\"]}]},{\"@type\":\"ImageObject\",\"inLanguage\":\"es\",\"@id\":\"https:\\\/\\\/politicosaldesnudo.com.mx\\\/index.php\\\/2026\\\/02\\\/18\\\/espana-segundo-trampolin-mundial-de-inversiones-latinoamericanas-hacia-otros-paises\\\/#primaryimage\",\"url\":\"https:\\\/\\\/i0.wp.com\\\/politicosaldesnudo.com.mx\\\/wp-content\\\/uploads\\\/2026\\\/02\\\/Sin-titulo-1.jpg?fit=1200%2C713&ssl=1\",\"contentUrl\":\"https:\\\/\\\/i0.wp.com\\\/politicosaldesnudo.com.mx\\\/wp-content\\\/uploads\\\/2026\\\/02\\\/Sin-titulo-1.jpg?fit=1200%2C713&ssl=1\",\"width\":1200,\"height\":713},{\"@type\":\"BreadcrumbList\",\"@id\":\"https:\\\/\\\/politicosaldesnudo.com.mx\\\/index.php\\\/2026\\\/02\\\/18\\\/espana-segundo-trampolin-mundial-de-inversiones-latinoamericanas-hacia-otros-paises\\\/#breadcrumb\",\"itemListElement\":[{\"@type\":\"ListItem\",\"position\":1,\"name\":\"Portada\",\"item\":\"https:\\\/\\\/politicosaldesnudo.com.mx\\\/\"},{\"@type\":\"ListItem\",\"position\":2,\"name\":\"Espa\u00f1a, segundo trampol\u00edn mundial de inversiones latinoamericanas hacia otros pa\u00edses\"}]},{\"@type\":\"WebSite\",\"@id\":\"https:\\\/\\\/politicosaldesnudo.com.mx\\\/#website\",\"url\":\"https:\\\/\\\/politicosaldesnudo.com.mx\\\/\",\"name\":\"Pol\u00edticos al Desnudo\",\"description\":\"\",\"publisher\":{\"@id\":\"https:\\\/\\\/politicosaldesnudo.com.mx\\\/#organization\"},\"potentialAction\":[{\"@type\":\"SearchAction\",\"target\":{\"@type\":\"EntryPoint\",\"urlTemplate\":\"https:\\\/\\\/politicosaldesnudo.com.mx\\\/?s={search_term_string}\"},\"query-input\":{\"@type\":\"PropertyValueSpecification\",\"valueRequired\":true,\"valueName\":\"search_term_string\"}}],\"inLanguage\":\"es\"},{\"@type\":\"Organization\",\"@id\":\"https:\\\/\\\/politicosaldesnudo.com.mx\\\/#organization\",\"name\":\"Pol\u00edticos al Desnudo\",\"url\":\"https:\\\/\\\/politicosaldesnudo.com.mx\\\/\",\"logo\":{\"@type\":\"ImageObject\",\"inLanguage\":\"es\",\"@id\":\"https:\\\/\\\/politicosaldesnudo.com.mx\\\/#\\\/schema\\\/logo\\\/image\\\/\",\"url\":\"https:\\\/\\\/i0.wp.com\\\/politicosaldesnudo.com.mx\\\/wp-content\\\/uploads\\\/2026\\\/08\\\/cropped-logo.webp?fit=400%2C126&ssl=1\",\"contentUrl\":\"https:\\\/\\\/i0.wp.com\\\/politicosaldesnudo.com.mx\\\/wp-content\\\/uploads\\\/2026\\\/08\\\/cropped-logo.webp?fit=400%2C126&ssl=1\",\"width\":400,\"height\":126,\"caption\":\"Pol\u00edticos al Desnudo\"},\"image\":{\"@id\":\"https:\\\/\\\/politicosaldesnudo.com.mx\\\/#\\\/schema\\\/logo\\\/image\\\/\"},\"sameAs\":[\"https:\\\/\\\/www.facebook.com\\\/PoliticosAD\"]},{\"@type\":\"Person\",\"@id\":\"https:\\\/\\\/politicosaldesnudo.com.mx\\\/#\\\/schema\\\/person\\\/ef3a64e561cc3f3f5dc52fab81adde7e\",\"name\":\"Redacci\u00f3n Pol\u00edticos\",\"url\":\"https:\\\/\\\/politicosaldesnudo.com.mx\\\/index.php\\\/author\\\/redaccion-politicos\\\/\"}]}<\/script>\n<!-- \/ Yoast SEO plugin. -->","yoast_head_json":{"title":"Espa\u00f1a, segundo trampol\u00edn mundial de inversiones latinoamericanas hacia otros pa\u00edses - Pol\u00edticos al Desnudo","robots":{"index":"index","follow":"follow","max-snippet":"max-snippet:-1","max-image-preview":"max-image-preview:large","max-video-preview":"max-video-preview:-1"},"canonical":"https:\/\/politicosaldesnudo.com.mx\/index.php\/2026\/02\/18\/espana-segundo-trampolin-mundial-de-inversiones-latinoamericanas-hacia-otros-paises\/","og_locale":"es_ES","og_type":"article","og_title":"Espa\u00f1a, segundo trampol\u00edn mundial de inversiones latinoamericanas hacia otros pa\u00edses - Pol\u00edticos al Desnudo","og_description":"Espa\u00f1a ocupa la segunda posici\u00f3n a nivel mundial, solo por detr\u00e1s de Estados Unidos, donde se localizan filiales de empresas [&hellip;]","og_url":"https:\/\/politicosaldesnudo.com.mx\/index.php\/2026\/02\/18\/espana-segundo-trampolin-mundial-de-inversiones-latinoamericanas-hacia-otros-paises\/","og_site_name":"Pol\u00edticos al Desnudo","article_publisher":"https:\/\/www.facebook.com\/PoliticosAD","article_published_time":"2026-02-18T06:09:20+00:00","og_image":[{"width":1200,"height":713,"url":"https:\/\/i0.wp.com\/politicosaldesnudo.com.mx\/wp-content\/uploads\/2026\/02\/Sin-titulo-1.jpg?fit=1200%2C713&ssl=1","type":"image\/jpeg"}],"author":"Redacci\u00f3n Pol\u00edticos","twitter_card":"summary_large_image","twitter_misc":{"Escrito por":"Redacci\u00f3n Pol\u00edticos","Tiempo de lectura":"2 minutos"},"schema":{"@context":"https:\/\/schema.org","@graph":[{"@type":"Article","@id":"https:\/\/politicosaldesnudo.com.mx\/index.php\/2026\/02\/18\/espana-segundo-trampolin-mundial-de-inversiones-latinoamericanas-hacia-otros-paises\/#article","isPartOf":{"@id":"https:\/\/politicosaldesnudo.com.mx\/index.php\/2026\/02\/18\/espana-segundo-trampolin-mundial-de-inversiones-latinoamericanas-hacia-otros-paises\/"},"author":{"name":"Redacci\u00f3n Pol\u00edticos","@id":"https:\/\/politicosaldesnudo.com.mx\/#\/schema\/person\/ef3a64e561cc3f3f5dc52fab81adde7e"},"headline":"Espa\u00f1a, segundo trampol\u00edn mundial de inversiones latinoamericanas hacia otros pa\u00edses","datePublished":"2026-02-18T06:09:20+00:00","mainEntityOfPage":{"@id":"https:\/\/politicosaldesnudo.com.mx\/index.php\/2026\/02\/18\/espana-segundo-trampolin-mundial-de-inversiones-latinoamericanas-hacia-otros-paises\/"},"wordCount":456,"publisher":{"@id":"https:\/\/politicosaldesnudo.com.mx\/#organization"},"image":{"@id":"https:\/\/politicosaldesnudo.com.mx\/index.php\/2026\/02\/18\/espana-segundo-trampolin-mundial-de-inversiones-latinoamericanas-hacia-otros-paises\/#primaryimage"},"thumbnailUrl":"https:\/\/i0.wp.com\/politicosaldesnudo.com.mx\/wp-content\/uploads\/2026\/02\/Sin-titulo-1.jpg?fit=1200%2C713&ssl=1","articleSection":["ECONOM\u00cdA"],"inLanguage":"es"},{"@type":"WebPage","@id":"https:\/\/politicosaldesnudo.com.mx\/index.php\/2026\/02\/18\/espana-segundo-trampolin-mundial-de-inversiones-latinoamericanas-hacia-otros-paises\/","url":"https:\/\/politicosaldesnudo.com.mx\/index.php\/2026\/02\/18\/espana-segundo-trampolin-mundial-de-inversiones-latinoamericanas-hacia-otros-paises\/","name":"Espa\u00f1a, segundo trampol\u00edn mundial de inversiones latinoamericanas hacia otros pa\u00edses - Pol\u00edticos al Desnudo","isPartOf":{"@id":"https:\/\/politicosaldesnudo.com.mx\/#website"},"primaryImageOfPage":{"@id":"https:\/\/politicosaldesnudo.com.mx\/index.php\/2026\/02\/18\/espana-segundo-trampolin-mundial-de-inversiones-latinoamericanas-hacia-otros-paises\/#primaryimage"},"image":{"@id":"https:\/\/politicosaldesnudo.com.mx\/index.php\/2026\/02\/18\/espana-segundo-trampolin-mundial-de-inversiones-latinoamericanas-hacia-otros-paises\/#primaryimage"},"thumbnailUrl":"https:\/\/i0.wp.com\/politicosaldesnudo.com.mx\/wp-content\/uploads\/2026\/02\/Sin-titulo-1.jpg?fit=1200%2C713&ssl=1","datePublished":"2026-02-18T06:09:20+00:00","breadcrumb":{"@id":"https:\/\/politicosaldesnudo.com.mx\/index.php\/2026\/02\/18\/espana-segundo-trampolin-mundial-de-inversiones-latinoamericanas-hacia-otros-paises\/#breadcrumb"},"inLanguage":"es","potentialAction":[{"@type":"ReadAction","target":["https:\/\/politicosaldesnudo.com.mx\/index.php\/2026\/02\/18\/espana-segundo-trampolin-mundial-de-inversiones-latinoamericanas-hacia-otros-paises\/"]}]},{"@type":"ImageObject","inLanguage":"es","@id":"https:\/\/politicosaldesnudo.com.mx\/index.php\/2026\/02\/18\/espana-segundo-trampolin-mundial-de-inversiones-latinoamericanas-hacia-otros-paises\/#primaryimage","url":"https:\/\/i0.wp.com\/politicosaldesnudo.com.mx\/wp-content\/uploads\/2026\/02\/Sin-titulo-1.jpg?fit=1200%2C713&ssl=1","contentUrl":"https:\/\/i0.wp.com\/politicosaldesnudo.com.mx\/wp-content\/uploads\/2026\/02\/Sin-titulo-1.jpg?fit=1200%2C713&ssl=1","width":1200,"height":713},{"@type":"BreadcrumbList","@id":"https:\/\/politicosaldesnudo.com.mx\/index.php\/2026\/02\/18\/espana-segundo-trampolin-mundial-de-inversiones-latinoamericanas-hacia-otros-paises\/#breadcrumb","itemListElement":[{"@type":"ListItem","position":1,"name":"Portada","item":"https:\/\/politicosaldesnudo.com.mx\/"},{"@type":"ListItem","position":2,"name":"Espa\u00f1a, segundo trampol\u00edn mundial de inversiones latinoamericanas hacia otros pa\u00edses"}]},{"@type":"WebSite","@id":"https:\/\/politicosaldesnudo.com.mx\/#website","url":"https:\/\/politicosaldesnudo.com.mx\/","name":"Pol\u00edticos al Desnudo","description":"","publisher":{"@id":"https:\/\/politicosaldesnudo.com.mx\/#organization"},"potentialAction":[{"@type":"SearchAction","target":{"@type":"EntryPoint","urlTemplate":"https:\/\/politicosaldesnudo.com.mx\/?s={search_term_string}"},"query-input":{"@type":"PropertyValueSpecification","valueRequired":true,"valueName":"search_term_string"}}],"inLanguage":"es"},{"@type":"Organization","@id":"https:\/\/politicosaldesnudo.com.mx\/#organization","name":"Pol\u00edticos al Desnudo","url":"https:\/\/politicosaldesnudo.com.mx\/","logo":{"@type":"ImageObject","inLanguage":"es","@id":"https:\/\/politicosaldesnudo.com.mx\/#\/schema\/logo\/image\/","url":"https:\/\/i0.wp.com\/politicosaldesnudo.com.mx\/wp-content\/uploads\/2026\/08\/cropped-logo.webp?fit=400%2C126&ssl=1","contentUrl":"https:\/\/i0.wp.com\/politicosaldesnudo.com.mx\/wp-content\/uploads\/2026\/08\/cropped-logo.webp?fit=400%2C126&ssl=1","width":400,"height":126,"caption":"Pol\u00edticos al Desnudo"},"image":{"@id":"https:\/\/politicosaldesnudo.com.mx\/#\/schema\/logo\/image\/"},"sameAs":["https:\/\/www.facebook.com\/PoliticosAD"]},{"@type":"Person","@id":"https:\/\/politicosaldesnudo.com.mx\/#\/schema\/person\/ef3a64e561cc3f3f5dc52fab81adde7e","name":"Redacci\u00f3n Pol\u00edticos","url":"https:\/\/politicosaldesnudo.com.mx\/index.php\/author\/redaccion-politicos\/"}]}},"jetpack_publicize_connections":[],"jetpack-related-posts":[{"id":88169,"url":"https:\/\/politicosaldesnudo.com.mx\/index.php\/2026\/08\/29\/sheinbaum-destaca-cinco-senales-positivas-de-la-economia-mexicana-rumbo-a-su-segundo-informe\/","url_meta":{"origin":80182,"position":0},"title":"Sheinbaum destaca cinco se\u00f1ales positivas de la econom\u00eda mexicana rumbo a su Segundo Informe","author":"Redacci\u00f3n Pol\u00edticos","date":"29 de agosto de 2026","format":false,"excerpt":"La presidenta Claudia Sheinbaum present\u00f3 un balance sobre la situaci\u00f3n econ\u00f3mica del pa\u00eds, en el que resalt\u00f3 el comportamiento de los combustibles, el empleo, los salarios, la inflaci\u00f3n y la inversi\u00f3n extranjera. A trav\u00e9s de un mensaje difundido en sus redes sociales, la mandataria asegur\u00f3 que durante su administraci\u00f3n se\u2026","rel":"","context":"En \u00abNACIONAL\u00bb","block_context":{"text":"NACIONAL","link":"https:\/\/politicosaldesnudo.com.mx\/index.php\/category\/nacional\/"},"img":{"alt_text":"","src":"https:\/\/i0.wp.com\/politicosaldesnudo.com.mx\/wp-content\/uploads\/2026\/08\/SHIN.png?fit=1200%2C673&ssl=1&resize=350%2C200","width":350,"height":200,"srcset":"https:\/\/i0.wp.com\/politicosaldesnudo.com.mx\/wp-content\/uploads\/2026\/08\/SHIN.png?fit=1200%2C673&ssl=1&resize=350%2C200 1x, https:\/\/i0.wp.com\/politicosaldesnudo.com.mx\/wp-content\/uploads\/2026\/08\/SHIN.png?fit=1200%2C673&ssl=1&resize=525%2C300 1.5x, https:\/\/i0.wp.com\/politicosaldesnudo.com.mx\/wp-content\/uploads\/2026\/08\/SHIN.png?fit=1200%2C673&ssl=1&resize=700%2C400 2x, https:\/\/i0.wp.com\/politicosaldesnudo.com.mx\/wp-content\/uploads\/2026\/08\/SHIN.png?fit=1200%2C673&ssl=1&resize=1050%2C600 3x"},"classes":[]},{"id":87008,"url":"https:\/\/politicosaldesnudo.com.mx\/index.php\/2026\/07\/20\/se-pide-respecto-a-cultura-mayo-yoreme-en-el-proyecto-de-planta-de-amoniaco-en-topolobampo\/","url_meta":{"origin":80182,"position":1},"title":"SE pide respecto a cultura Mayo-Yoreme en el proyecto de planta de amon\u00edaco en Topolobampo","author":"Redacci\u00f3n Pol\u00edticos","date":"20 de julio de 2026","format":false,"excerpt":"La Secretar\u00eda de Econom\u00eda (SE) llam\u00f3 a respetar la cultura Mayo-Yoreme en el proyecto de la planta de amon\u00edaco en Topolobampo, Sinaloa, inform\u00f3 la dependencia. En un comunicado, la SE indic\u00f3 que este s\u00e1bado se realiz\u00f3 la segunda mesa de di\u00e1logo entre el Gobierno de M\u00e9xico, representantes de comunidades y\u2026","rel":"","context":"En \u00abECONOM\u00cdA\u00bb","block_context":{"text":"ECONOM\u00cdA","link":"https:\/\/politicosaldesnudo.com.mx\/index.php\/category\/economia\/"},"img":{"alt_text":"","src":"https:\/\/i0.wp.com\/politicosaldesnudo.com.mx\/wp-content\/uploads\/2026\/07\/atop.webp?fit=1200%2C741&ssl=1&resize=350%2C200","width":350,"height":200,"srcset":"https:\/\/i0.wp.com\/politicosaldesnudo.com.mx\/wp-content\/uploads\/2026\/07\/atop.webp?fit=1200%2C741&ssl=1&resize=350%2C200 1x, https:\/\/i0.wp.com\/politicosaldesnudo.com.mx\/wp-content\/uploads\/2026\/07\/atop.webp?fit=1200%2C741&ssl=1&resize=525%2C300 1.5x, https:\/\/i0.wp.com\/politicosaldesnudo.com.mx\/wp-content\/uploads\/2026\/07\/atop.webp?fit=1200%2C741&ssl=1&resize=700%2C400 2x, https:\/\/i0.wp.com\/politicosaldesnudo.com.mx\/wp-content\/uploads\/2026\/07\/atop.webp?fit=1200%2C741&ssl=1&resize=1050%2C600 3x"},"classes":[]},{"id":88137,"url":"https:\/\/politicosaldesnudo.com.mx\/index.php\/2026\/08\/28\/trump-sella-megacuerdo-con-venezuela-estados-unidos-controlara-65-mil-millones-de-barriles-de-petroleo\/","url_meta":{"origin":80182,"position":2},"title":"Trump sella megacuerdo con Venezuela: Estados Unidos controlar\u00e1 65 mil millones de barriles de petr\u00f3leo","author":"Redacci\u00f3n Pol\u00edticos","date":"28 de agosto de 2026","format":false,"excerpt":"Estados Unidos tendr\u00e1 participaci\u00f3n mayoritaria sobre una parte estrat\u00e9gica de las reservas petroleras de Venezuela, luego de que el presidente Donald Trump anunciara un acuerdo que calific\u00f3 como el m\u00e1s grande alcanzado en la historia de la industria energ\u00e9tica. El convenio contempla que Washington obtenga el control operativo de m\u00e1s\u2026","rel":"","context":"En \u00abINTERNACIONAL\u00bb","block_context":{"text":"INTERNACIONAL","link":"https:\/\/politicosaldesnudo.com.mx\/index.php\/category\/internacional\/"},"img":{"alt_text":"","src":"https:\/\/i0.wp.com\/politicosaldesnudo.com.mx\/wp-content\/uploads\/2026\/08\/TRUNP.jpg?fit=640%2C427&ssl=1&resize=350%2C200","width":350,"height":200,"srcset":"https:\/\/i0.wp.com\/politicosaldesnudo.com.mx\/wp-content\/uploads\/2026\/08\/TRUNP.jpg?fit=640%2C427&ssl=1&resize=350%2C200 1x, https:\/\/i0.wp.com\/politicosaldesnudo.com.mx\/wp-content\/uploads\/2026\/08\/TRUNP.jpg?fit=640%2C427&ssl=1&resize=525%2C300 1.5x"},"classes":[]},{"id":88128,"url":"https:\/\/politicosaldesnudo.com.mx\/index.php\/2026\/08\/28\/sheinbaum-presume-avances-en-economia-y-seguridad-previo-a-su-segundo-informe\/","url_meta":{"origin":80182,"position":3},"title":"Sheinbaum presume avances en econom\u00eda y seguridad previo a su Segundo Informe","author":"Redacci\u00f3n Pol\u00edticos","date":"28 de agosto de 2026","format":false,"excerpt":"A cuatro d\u00edas de presentar su Segundo Informe de Gobierno, la presidenta Claudia Sheinbaum Pardo asegur\u00f3 que M\u00e9xico mantiene un rumbo favorable, pese a las dificultades internas y al complejo panorama internacional. Durante su conferencia matutina en Palacio Nacional, la mandataria se mostr\u00f3 confiada en los resultados alcanzados por su\u2026","rel":"","context":"En \u00abNACIONAL\u00bb","block_context":{"text":"NACIONAL","link":"https:\/\/politicosaldesnudo.com.mx\/index.php\/category\/nacional\/"},"img":{"alt_text":"","src":"https:\/\/i0.wp.com\/politicosaldesnudo.com.mx\/wp-content\/uploads\/2026\/08\/claudia-sheinbaum-mananera-28-agosto-2026.jpg?fit=1200%2C800&ssl=1&resize=350%2C200","width":350,"height":200,"srcset":"https:\/\/i0.wp.com\/politicosaldesnudo.com.mx\/wp-content\/uploads\/2026\/08\/claudia-sheinbaum-mananera-28-agosto-2026.jpg?fit=1200%2C800&ssl=1&resize=350%2C200 1x, https:\/\/i0.wp.com\/politicosaldesnudo.com.mx\/wp-content\/uploads\/2026\/08\/claudia-sheinbaum-mananera-28-agosto-2026.jpg?fit=1200%2C800&ssl=1&resize=525%2C300 1.5x, https:\/\/i0.wp.com\/politicosaldesnudo.com.mx\/wp-content\/uploads\/2026\/08\/claudia-sheinbaum-mananera-28-agosto-2026.jpg?fit=1200%2C800&ssl=1&resize=700%2C400 2x, https:\/\/i0.wp.com\/politicosaldesnudo.com.mx\/wp-content\/uploads\/2026\/08\/claudia-sheinbaum-mananera-28-agosto-2026.jpg?fit=1200%2C800&ssl=1&resize=1050%2C600 3x"},"classes":[]},{"id":87973,"url":"https:\/\/politicosaldesnudo.com.mx\/index.php\/2026\/08\/22\/canada-desafia-a-trump-y-prepara-represalias-comerciales-contra-estados-unidos\/","url_meta":{"origin":80182,"position":4},"title":"Canad\u00e1 desaf\u00eda a Trump y prepara represalias comerciales contra Estados Unidos","author":"Redacci\u00f3n Pol\u00edticos","date":"22 de agosto de 2026","format":false,"excerpt":"La tensi\u00f3n comercial entre Canad\u00e1 y Estados Unidos escal\u00f3 despu\u00e9s de que ambos gobiernos fracasaran en su intento por alcanzar un acuerdo. Ottawa anunci\u00f3 que responder\u00e1 con nuevos aranceles a mercanc\u00edas estadounidenses a partir del pr\u00f3ximo 8 de septiembre. El primer ministro canadiense, Mark Carney, inform\u00f3 que las medidas alcanzar\u00e1n\u2026","rel":"","context":"En \u00abINTERNACIONAL\u00bb","block_context":{"text":"INTERNACIONAL","link":"https:\/\/politicosaldesnudo.com.mx\/index.php\/category\/internacional\/"},"img":{"alt_text":"","src":"https:\/\/i0.wp.com\/politicosaldesnudo.com.mx\/wp-content\/uploads\/2026\/08\/7e33f41a-155c-4331-9834-f6b40b230a80.png?fit=1200%2C675&ssl=1&resize=350%2C200","width":350,"height":200,"srcset":"https:\/\/i0.wp.com\/politicosaldesnudo.com.mx\/wp-content\/uploads\/2026\/08\/7e33f41a-155c-4331-9834-f6b40b230a80.png?fit=1200%2C675&ssl=1&resize=350%2C200 1x, https:\/\/i0.wp.com\/politicosaldesnudo.com.mx\/wp-content\/uploads\/2026\/08\/7e33f41a-155c-4331-9834-f6b40b230a80.png?fit=1200%2C675&ssl=1&resize=525%2C300 1.5x, https:\/\/i0.wp.com\/politicosaldesnudo.com.mx\/wp-content\/uploads\/2026\/08\/7e33f41a-155c-4331-9834-f6b40b230a80.png?fit=1200%2C675&ssl=1&resize=700%2C400 2x, https:\/\/i0.wp.com\/politicosaldesnudo.com.mx\/wp-content\/uploads\/2026\/08\/7e33f41a-155c-4331-9834-f6b40b230a80.png?fit=1200%2C675&ssl=1&resize=1050%2C600 3x"},"classes":[]},{"id":53619,"url":"https:\/\/politicosaldesnudo.com.mx\/index.php\/2025\/01\/04\/opositor-venezolano-edmundo-gonzalez-llega-a-argentina-para-reunirse-con-milei\/","url_meta":{"origin":80182,"position":5},"title":"Opositor venezolano, Edmundo Gonz\u00e1lez, llega a Argentina para reunirse con Milei","author":"Redacci\u00f3n Pol\u00edticos","date":"4 de enero de 2025","format":false,"excerpt":"El opositor Edmundo Gonz\u00e1lez Urrutia, quien reclama el triunfo electoral de 2024 frente a Nicol\u00e1s Maduro, llega a Argentina este viernes para reunirse el s\u00e1bado con el presidente Javier Milei, en el inicio de una \"gira latinoamericana\" antes de la asunci\u00f3n presidencial venezolana del 10 de enero. La visita de\u2026","rel":"","context":"En \u00abINTERNACIONAL\u00bb","block_context":{"text":"INTERNACIONAL","link":"https:\/\/politicosaldesnudo.com.mx\/index.php\/category\/internacional\/"},"img":{"alt_text":"","src":"https:\/\/i0.wp.com\/politicosaldesnudo.com.mx\/wp-content\/uploads\/2025\/01\/descarga-1.jpg?fit=1200%2C675&ssl=1&resize=350%2C200","width":350,"height":200,"srcset":"https:\/\/i0.wp.com\/politicosaldesnudo.com.mx\/wp-content\/uploads\/2025\/01\/descarga-1.jpg?fit=1200%2C675&ssl=1&resize=350%2C200 1x, https:\/\/i0.wp.com\/politicosaldesnudo.com.mx\/wp-content\/uploads\/2025\/01\/descarga-1.jpg?fit=1200%2C675&ssl=1&resize=525%2C300 1.5x, https:\/\/i0.wp.com\/politicosaldesnudo.com.mx\/wp-content\/uploads\/2025\/01\/descarga-1.jpg?fit=1200%2C675&ssl=1&resize=700%2C400 2x, https:\/\/i0.wp.com\/politicosaldesnudo.com.mx\/wp-content\/uploads\/2025\/01\/descarga-1.jpg?fit=1200%2C675&ssl=1&resize=1050%2C600 3x"},"classes":[]}],"jetpack_sharing_enabled":true,"jetpack_featured_media_url":"https:\/\/i0.wp.com\/politicosaldesnudo.com.mx\/wp-content\/uploads\/2026\/02\/Sin-titulo-1.jpg?fit=1200%2C713&ssl=1","_links":{"self":[{"href":"https:\/\/politicosaldesnudo.com.mx\/index.php\/wp-json\/wp\/v2\/posts\/80182","targetHints":{"allow":["GET"]}}],"collection":[{"href":"https:\/\/politicosaldesnudo.com.mx\/index.php\/wp-json\/wp\/v2\/posts"}],"about":[{"href":"https:\/\/politicosaldesnudo.com.mx\/index.php\/wp-json\/wp\/v2\/types\/post"}],"author":[{"embeddable":true,"href":"https:\/\/politicosaldesnudo.com.mx\/index.php\/wp-json\/wp\/v2\/users\/4"}],"replies":[{"embeddable":true,"href":"https:\/\/politicosaldesnudo.com.mx\/index.php\/wp-json\/wp\/v2\/comments?post=80182"}],"version-history":[{"count":0,"href":"https:\/\/politicosaldesnudo.com.mx\/index.php\/wp-json\/wp\/v2\/posts\/80182\/revisions"}],"wp:featuredmedia":[{"embeddable":true,"href":"https:\/\/politicosaldesnudo.com.mx\/index.php\/wp-json\/wp\/v2\/media\/80183"}],"wp:attachment":[{"href":"https:\/\/politicosaldesnudo.com.mx\/index.php\/wp-json\/wp\/v2\/media?parent=80182"}],"wp:term":[{"taxonomy":"category","embeddable":true,"href":"https:\/\/politicosaldesnudo.com.mx\/index.php\/wp-json\/wp\/v2\/categories?post=80182"},{"taxonomy":"post_tag","embeddable":true,"href":"https:\/\/politicosaldesnudo.com.mx\/index.php\/wp-json\/wp\/v2\/tags?post=80182"}],"curies":[{"name":"wp","href":"https:\/\/api.w.org\/{rel}","templated":true}]}}