{"id":80188,"date":"2026-02-18T00:11:20","date_gmt":"2026-02-18T06:11:20","guid":{"rendered":"https:\/\/politicosaldesnudo.com.mx\/?p=80188"},"modified":"2026-02-17T23:47:24","modified_gmt":"2026-02-18T05:47:24","slug":"el-peso-mexicano-encontro-ganancias-frente-al-dolar","status":"publish","type":"post","link":"https:\/\/politicosaldesnudo.com.mx\/index.php\/2026\/02\/18\/el-peso-mexicano-encontro-ganancias-frente-al-dolar\/","title":{"rendered":"El peso mexicano encontr\u00f3 ganancias frente al d\u00f3lar"},"content":{"rendered":"<p class=\"nota-justify\">El d\u00f3lar, a pesar de su fortaleza mundial, no inhibi\u00f3 el avance del peso mexicano este martes. Mientras el oro y el petr\u00f3leo giraron a las p\u00e9rdidas, la divisa mexicana registr\u00f3 una apreciaci\u00f3n de 0.17 por ciento, equivalente a 3 centavos frente a la divisa estadunidense, para cerrar en 17.1288 pesos por d\u00f3lar\u00a0<i>spot<\/i>, su mejor cotizaci\u00f3n desde finales de mayo de 2024.<\/p>\n<p class=\"nota-justify\">La moneda nacional oper\u00f3 entre 17.2380 y 17.1090 unidades por d\u00f3lar, a la espera de las minutas del Banco de M\u00e9xico de su \u00faltima reuni\u00f3n de pol\u00edtica monetaria, en donde dej\u00f3 las tasas de inter\u00e9s en 7 por ciento, por lo que lleg\u00f3 a operar cerca de los 17 por d\u00f3lar.<\/p>\n<p class=\"nota-justify\">Las conversaciones entre Estados Unidos e Ir\u00e1n, con el objetivo de buscar un acuerdo nuclear, se instalaron en la operaci\u00f3n de los mercados financieros este martes, en donde la divisa estadunidense, que evit\u00f3 nuevos descensos, y a la espera de pr\u00f3ximas referencias como las actas de la pol\u00edtica monetaria de la Reserva Federal (Fed), avanz\u00f3 0.21 por ciento, a 97.030 unidades.<\/p>\n<p class=\"nota-justify\">Wall Street abandon\u00f3 las p\u00e9rdidas este martes, en las que estuvo gran parte de la sesi\u00f3n, luego del feriado del lunes. El S&amp;P 500 repunt\u00f3 0.10 por ciento, para terminar en los 6 mil 843.22 puntos. El Nasdaq subi\u00f3 0.14 por ciento, a los 22 mil 578.38 enteros. El Dow Jones avanz\u00f3 0.07 por ciento.<\/p>\n<p class=\"nota-justify\">Los mercados financieros prestar\u00e1n atenci\u00f3n a la publicaci\u00f3n de indicadores de la actividad econ\u00f3mica de Estados Unidos. En particular, previo a la apertura, se revelar\u00e1n las cifras de \u00f3rdenes de bienes duraderos y los permisos de construcci\u00f3n del mes de enero. Adem\u00e1s, durante la sesi\u00f3n, conoceremos las minutas de pol\u00edtica monetaria de la Reserva Federal, explic\u00f3 Actinver.<\/p>\n<p class=\"nota-justify\">Pero la Bolsa Mexicana de Valores no pudo remontar a ganancias al cierre de la sesi\u00f3n.\u00a0Por segunda jornada consecutiva, el \u00cdndice de Precios y Cotizaciones (IPC) retrocedi\u00f3, este martes cedi\u00f3 0.28 por ciento, para cerrar en los 71 mil 155.69 puntos.<\/p>\n<p class=\"nota-justify\">Afectado por el sector materiales, con la ca\u00edda de Cemex, 1.19 por ciento; Grupo M\u00e9xico, 3.95 por ciento; Pe\u00f1oles, 4.06 por ciento, principalmente, en medio del anuncio del retiro de concesiones a las mineras y de reuniones con el gobierno federal.<\/p>\n<p class=\"nota-justify\">Los precios del petr\u00f3leo cerraron a la baja el martes tras nuevas conversaciones entre Teher\u00e1n y Washington, que podr\u00edan abrir la v\u00eda a un posible acuerdo entre ambos pa\u00edses.<\/p>\n<p class=\"nota-justify\">El precio del barril de Brent del mar del Norte, para entrega en abril, perdi\u00f3 1.79 por ciento, hasta 67.42 d\u00f3lares. Su equivalente estadunidense, el West Texas Intermediate (WTI), retrocedi\u00f3 0.89 por ciento, hasta 62.33 d\u00f3lares para entrega en marzo.<\/p>\n","protected":false},"excerpt":{"rendered":"<p>El d\u00f3lar, a pesar de su fortaleza mundial, no inhibi\u00f3 el avance del peso mexicano este martes. Mientras el oro [&hellip;]<\/p>\n","protected":false},"author":4,"featured_media":80189,"comment_status":"closed","ping_status":"closed","sticky":false,"template":"","format":"standard","meta":{"site-sidebar-layout":"default","site-content-layout":"","ast-site-content-layout":"default","site-content-style":"default","site-sidebar-style":"default","ast-global-header-display":"","ast-banner-title-visibility":"","ast-main-header-display":"","ast-hfb-above-header-display":"","ast-hfb-below-header-display":"","ast-hfb-mobile-header-display":"","site-post-title":"","ast-breadcrumbs-content":"","ast-featured-img":"","footer-sml-layout":"","ast-disable-related-posts":"","theme-transparent-header-meta":"","adv-header-id-meta":"","stick-header-meta":"","header-above-stick-meta":"","header-main-stick-meta":"","header-below-stick-meta":"","astra-migrate-meta-layouts":"default","ast-page-background-enabled":"default","ast-page-background-meta":{"desktop":{"background-color":"var(--ast-global-color-5)","background-image":"","background-repeat":"repeat","background-position":"center center","background-size":"auto","background-attachment":"scroll","background-type":"","background-media":"","overlay-type":"","overlay-color":"","overlay-opacity":"","overlay-gradient":""},"tablet":{"background-color":"","background-image":"","background-repeat":"repeat","background-position":"center center","background-size":"auto","background-attachment":"scroll","background-type":"","background-media":"","overlay-type":"","overlay-color":"","overlay-opacity":"","overlay-gradient":""},"mobile":{"background-color":"","background-image":"","background-repeat":"repeat","background-position":"center center","background-size":"auto","background-attachment":"scroll","background-type":"","background-media":"","overlay-type":"","overlay-color":"","overlay-opacity":"","overlay-gradient":""}},"ast-content-background-meta":{"desktop":{"background-color":"var(--ast-global-color-4)","background-image":"","background-repeat":"repeat","background-position":"center center","background-size":"auto","background-attachment":"scroll","background-type":"","background-media":"","overlay-type":"","overlay-color":"","overlay-opacity":"","overlay-gradient":""},"tablet":{"background-color":"var(--ast-global-color-4)","background-image":"","background-repeat":"repeat","background-position":"center center","background-size":"auto","background-attachment":"scroll","background-type":"","background-media":"","overlay-type":"","overlay-color":"","overlay-opacity":"","overlay-gradient":""},"mobile":{"background-color":"var(--ast-global-color-4)","background-image":"","background-repeat":"repeat","background-position":"center center","background-size":"auto","background-attachment":"scroll","background-type":"","background-media":"","overlay-type":"","overlay-color":"","overlay-opacity":"","overlay-gradient":""}},"_jetpack_newsletter_access":"","_jetpack_dont_email_post_to_subs":false,"_jetpack_newsletter_tier_id":0,"_jetpack_memberships_contains_paywalled_content":false,"_jetpack_feature_clip_id":0,"_jetpack_memberships_contains_paid_content":false,"footnotes":"","jetpack_publicize_message":"","jetpack_publicize_feature_enabled":true,"jetpack_social_post_already_shared":true,"jetpack_social_options":{"image_generator_settings":{"template":"highway","default_image_id":0,"font":"","enabled":false},"version":2},"jetpack_post_was_ever_published":false},"categories":[2050],"tags":[],"class_list":["post-80188","post","type-post","status-publish","format-standard","has-post-thumbnail","hentry","category-economia"],"yoast_head":"<!-- This site is optimized with the Yoast SEO plugin v28.3 - https:\/\/yoast.com\/product\/yoast-seo-wordpress\/ -->\n<title>El peso mexicano encontr\u00f3 ganancias frente al d\u00f3lar - Pol\u00edticos al Desnudo<\/title>\n<meta name=\"robots\" content=\"index, follow, max-snippet:-1, max-image-preview:large, max-video-preview:-1\" \/>\n<link rel=\"canonical\" href=\"https:\/\/politicosaldesnudo.com.mx\/index.php\/2026\/02\/18\/el-peso-mexicano-encontro-ganancias-frente-al-dolar\/\" \/>\n<meta property=\"og:locale\" content=\"es_ES\" \/>\n<meta property=\"og:type\" content=\"article\" \/>\n<meta property=\"og:title\" content=\"El peso mexicano encontr\u00f3 ganancias frente al d\u00f3lar - Pol\u00edticos al Desnudo\" \/>\n<meta property=\"og:description\" content=\"El d\u00f3lar, a pesar de su fortaleza mundial, no inhibi\u00f3 el avance del peso mexicano este martes. Mientras el oro [&hellip;]\" \/>\n<meta property=\"og:url\" content=\"https:\/\/politicosaldesnudo.com.mx\/index.php\/2026\/02\/18\/el-peso-mexicano-encontro-ganancias-frente-al-dolar\/\" \/>\n<meta property=\"og:site_name\" content=\"Pol\u00edticos al Desnudo\" \/>\n<meta property=\"article:publisher\" content=\"https:\/\/www.facebook.com\/PoliticosAD\" \/>\n<meta property=\"article:published_time\" content=\"2026-02-18T06:11:20+00:00\" \/>\n<meta property=\"og:image\" content=\"https:\/\/i0.wp.com\/politicosaldesnudo.com.mx\/wp-content\/uploads\/2026\/02\/OTROP.jpg?fit=1200%2C800&ssl=1\" \/>\n\t<meta property=\"og:image:width\" content=\"1200\" \/>\n\t<meta property=\"og:image:height\" content=\"800\" \/>\n\t<meta property=\"og:image:type\" content=\"image\/jpeg\" \/>\n<meta name=\"author\" content=\"Redacci\u00f3n Pol\u00edticos\" \/>\n<meta name=\"twitter:card\" content=\"summary_large_image\" \/>\n<meta name=\"twitter:label1\" content=\"Escrito por\" \/>\n\t<meta name=\"twitter:data1\" content=\"Redacci\u00f3n Pol\u00edticos\" \/>\n\t<meta name=\"twitter:label2\" content=\"Tiempo de lectura\" \/>\n\t<meta name=\"twitter:data2\" content=\"2 minutos\" \/>\n<script type=\"application\/ld+json\" class=\"yoast-schema-graph\">{\"@context\":\"https:\\\/\\\/schema.org\",\"@graph\":[{\"@type\":\"Article\",\"@id\":\"https:\\\/\\\/politicosaldesnudo.com.mx\\\/index.php\\\/2026\\\/02\\\/18\\\/el-peso-mexicano-encontro-ganancias-frente-al-dolar\\\/#article\",\"isPartOf\":{\"@id\":\"https:\\\/\\\/politicosaldesnudo.com.mx\\\/index.php\\\/2026\\\/02\\\/18\\\/el-peso-mexicano-encontro-ganancias-frente-al-dolar\\\/\"},\"author\":{\"name\":\"Redacci\u00f3n Pol\u00edticos\",\"@id\":\"https:\\\/\\\/politicosaldesnudo.com.mx\\\/#\\\/schema\\\/person\\\/ef3a64e561cc3f3f5dc52fab81adde7e\"},\"headline\":\"El peso mexicano encontr\u00f3 ganancias frente al d\u00f3lar\",\"datePublished\":\"2026-02-18T06:11:20+00:00\",\"mainEntityOfPage\":{\"@id\":\"https:\\\/\\\/politicosaldesnudo.com.mx\\\/index.php\\\/2026\\\/02\\\/18\\\/el-peso-mexicano-encontro-ganancias-frente-al-dolar\\\/\"},\"wordCount\":460,\"publisher\":{\"@id\":\"https:\\\/\\\/politicosaldesnudo.com.mx\\\/#organization\"},\"image\":{\"@id\":\"https:\\\/\\\/politicosaldesnudo.com.mx\\\/index.php\\\/2026\\\/02\\\/18\\\/el-peso-mexicano-encontro-ganancias-frente-al-dolar\\\/#primaryimage\"},\"thumbnailUrl\":\"https:\\\/\\\/i0.wp.com\\\/politicosaldesnudo.com.mx\\\/wp-content\\\/uploads\\\/2026\\\/02\\\/OTROP.jpg?fit=1200%2C800&ssl=1\",\"articleSection\":[\"ECONOM\u00cdA\"],\"inLanguage\":\"es\"},{\"@type\":\"WebPage\",\"@id\":\"https:\\\/\\\/politicosaldesnudo.com.mx\\\/index.php\\\/2026\\\/02\\\/18\\\/el-peso-mexicano-encontro-ganancias-frente-al-dolar\\\/\",\"url\":\"https:\\\/\\\/politicosaldesnudo.com.mx\\\/index.php\\\/2026\\\/02\\\/18\\\/el-peso-mexicano-encontro-ganancias-frente-al-dolar\\\/\",\"name\":\"El peso mexicano encontr\u00f3 ganancias frente al d\u00f3lar - Pol\u00edticos al Desnudo\",\"isPartOf\":{\"@id\":\"https:\\\/\\\/politicosaldesnudo.com.mx\\\/#website\"},\"primaryImageOfPage\":{\"@id\":\"https:\\\/\\\/politicosaldesnudo.com.mx\\\/index.php\\\/2026\\\/02\\\/18\\\/el-peso-mexicano-encontro-ganancias-frente-al-dolar\\\/#primaryimage\"},\"image\":{\"@id\":\"https:\\\/\\\/politicosaldesnudo.com.mx\\\/index.php\\\/2026\\\/02\\\/18\\\/el-peso-mexicano-encontro-ganancias-frente-al-dolar\\\/#primaryimage\"},\"thumbnailUrl\":\"https:\\\/\\\/i0.wp.com\\\/politicosaldesnudo.com.mx\\\/wp-content\\\/uploads\\\/2026\\\/02\\\/OTROP.jpg?fit=1200%2C800&ssl=1\",\"datePublished\":\"2026-02-18T06:11:20+00:00\",\"breadcrumb\":{\"@id\":\"https:\\\/\\\/politicosaldesnudo.com.mx\\\/index.php\\\/2026\\\/02\\\/18\\\/el-peso-mexicano-encontro-ganancias-frente-al-dolar\\\/#breadcrumb\"},\"inLanguage\":\"es\",\"potentialAction\":[{\"@type\":\"ReadAction\",\"target\":[\"https:\\\/\\\/politicosaldesnudo.com.mx\\\/index.php\\\/2026\\\/02\\\/18\\\/el-peso-mexicano-encontro-ganancias-frente-al-dolar\\\/\"]}]},{\"@type\":\"ImageObject\",\"inLanguage\":\"es\",\"@id\":\"https:\\\/\\\/politicosaldesnudo.com.mx\\\/index.php\\\/2026\\\/02\\\/18\\\/el-peso-mexicano-encontro-ganancias-frente-al-dolar\\\/#primaryimage\",\"url\":\"https:\\\/\\\/i0.wp.com\\\/politicosaldesnudo.com.mx\\\/wp-content\\\/uploads\\\/2026\\\/02\\\/OTROP.jpg?fit=1200%2C800&ssl=1\",\"contentUrl\":\"https:\\\/\\\/i0.wp.com\\\/politicosaldesnudo.com.mx\\\/wp-content\\\/uploads\\\/2026\\\/02\\\/OTROP.jpg?fit=1200%2C800&ssl=1\",\"width\":1200,\"height\":800},{\"@type\":\"BreadcrumbList\",\"@id\":\"https:\\\/\\\/politicosaldesnudo.com.mx\\\/index.php\\\/2026\\\/02\\\/18\\\/el-peso-mexicano-encontro-ganancias-frente-al-dolar\\\/#breadcrumb\",\"itemListElement\":[{\"@type\":\"ListItem\",\"position\":1,\"name\":\"Portada\",\"item\":\"https:\\\/\\\/politicosaldesnudo.com.mx\\\/\"},{\"@type\":\"ListItem\",\"position\":2,\"name\":\"El peso mexicano encontr\u00f3 ganancias frente al d\u00f3lar\"}]},{\"@type\":\"WebSite\",\"@id\":\"https:\\\/\\\/politicosaldesnudo.com.mx\\\/#website\",\"url\":\"https:\\\/\\\/politicosaldesnudo.com.mx\\\/\",\"name\":\"Pol\u00edticos al Desnudo\",\"description\":\"\",\"publisher\":{\"@id\":\"https:\\\/\\\/politicosaldesnudo.com.mx\\\/#organization\"},\"potentialAction\":[{\"@type\":\"SearchAction\",\"target\":{\"@type\":\"EntryPoint\",\"urlTemplate\":\"https:\\\/\\\/politicosaldesnudo.com.mx\\\/?s={search_term_string}\"},\"query-input\":{\"@type\":\"PropertyValueSpecification\",\"valueRequired\":true,\"valueName\":\"search_term_string\"}}],\"inLanguage\":\"es\"},{\"@type\":\"Organization\",\"@id\":\"https:\\\/\\\/politicosaldesnudo.com.mx\\\/#organization\",\"name\":\"Pol\u00edticos al Desnudo\",\"url\":\"https:\\\/\\\/politicosaldesnudo.com.mx\\\/\",\"logo\":{\"@type\":\"ImageObject\",\"inLanguage\":\"es\",\"@id\":\"https:\\\/\\\/politicosaldesnudo.com.mx\\\/#\\\/schema\\\/logo\\\/image\\\/\",\"url\":\"https:\\\/\\\/i0.wp.com\\\/politicosaldesnudo.com.mx\\\/wp-content\\\/uploads\\\/2026\\\/08\\\/cropped-logo.webp?fit=400%2C126&ssl=1\",\"contentUrl\":\"https:\\\/\\\/i0.wp.com\\\/politicosaldesnudo.com.mx\\\/wp-content\\\/uploads\\\/2026\\\/08\\\/cropped-logo.webp?fit=400%2C126&ssl=1\",\"width\":400,\"height\":126,\"caption\":\"Pol\u00edticos al Desnudo\"},\"image\":{\"@id\":\"https:\\\/\\\/politicosaldesnudo.com.mx\\\/#\\\/schema\\\/logo\\\/image\\\/\"},\"sameAs\":[\"https:\\\/\\\/www.facebook.com\\\/PoliticosAD\"]},{\"@type\":\"Person\",\"@id\":\"https:\\\/\\\/politicosaldesnudo.com.mx\\\/#\\\/schema\\\/person\\\/ef3a64e561cc3f3f5dc52fab81adde7e\",\"name\":\"Redacci\u00f3n Pol\u00edticos\",\"url\":\"https:\\\/\\\/politicosaldesnudo.com.mx\\\/index.php\\\/author\\\/redaccion-politicos\\\/\"}]}<\/script>\n<!-- \/ Yoast SEO plugin. -->","yoast_head_json":{"title":"El peso mexicano encontr\u00f3 ganancias frente al d\u00f3lar - Pol\u00edticos al Desnudo","robots":{"index":"index","follow":"follow","max-snippet":"max-snippet:-1","max-image-preview":"max-image-preview:large","max-video-preview":"max-video-preview:-1"},"canonical":"https:\/\/politicosaldesnudo.com.mx\/index.php\/2026\/02\/18\/el-peso-mexicano-encontro-ganancias-frente-al-dolar\/","og_locale":"es_ES","og_type":"article","og_title":"El peso mexicano encontr\u00f3 ganancias frente al d\u00f3lar - Pol\u00edticos al Desnudo","og_description":"El d\u00f3lar, a pesar de su fortaleza mundial, no inhibi\u00f3 el avance del peso mexicano este martes. Mientras el oro [&hellip;]","og_url":"https:\/\/politicosaldesnudo.com.mx\/index.php\/2026\/02\/18\/el-peso-mexicano-encontro-ganancias-frente-al-dolar\/","og_site_name":"Pol\u00edticos al Desnudo","article_publisher":"https:\/\/www.facebook.com\/PoliticosAD","article_published_time":"2026-02-18T06:11:20+00:00","og_image":[{"width":1200,"height":800,"url":"https:\/\/i0.wp.com\/politicosaldesnudo.com.mx\/wp-content\/uploads\/2026\/02\/OTROP.jpg?fit=1200%2C800&ssl=1","type":"image\/jpeg"}],"author":"Redacci\u00f3n Pol\u00edticos","twitter_card":"summary_large_image","twitter_misc":{"Escrito por":"Redacci\u00f3n Pol\u00edticos","Tiempo de lectura":"2 minutos"},"schema":{"@context":"https:\/\/schema.org","@graph":[{"@type":"Article","@id":"https:\/\/politicosaldesnudo.com.mx\/index.php\/2026\/02\/18\/el-peso-mexicano-encontro-ganancias-frente-al-dolar\/#article","isPartOf":{"@id":"https:\/\/politicosaldesnudo.com.mx\/index.php\/2026\/02\/18\/el-peso-mexicano-encontro-ganancias-frente-al-dolar\/"},"author":{"name":"Redacci\u00f3n Pol\u00edticos","@id":"https:\/\/politicosaldesnudo.com.mx\/#\/schema\/person\/ef3a64e561cc3f3f5dc52fab81adde7e"},"headline":"El peso mexicano encontr\u00f3 ganancias frente al d\u00f3lar","datePublished":"2026-02-18T06:11:20+00:00","mainEntityOfPage":{"@id":"https:\/\/politicosaldesnudo.com.mx\/index.php\/2026\/02\/18\/el-peso-mexicano-encontro-ganancias-frente-al-dolar\/"},"wordCount":460,"publisher":{"@id":"https:\/\/politicosaldesnudo.com.mx\/#organization"},"image":{"@id":"https:\/\/politicosaldesnudo.com.mx\/index.php\/2026\/02\/18\/el-peso-mexicano-encontro-ganancias-frente-al-dolar\/#primaryimage"},"thumbnailUrl":"https:\/\/i0.wp.com\/politicosaldesnudo.com.mx\/wp-content\/uploads\/2026\/02\/OTROP.jpg?fit=1200%2C800&ssl=1","articleSection":["ECONOM\u00cdA"],"inLanguage":"es"},{"@type":"WebPage","@id":"https:\/\/politicosaldesnudo.com.mx\/index.php\/2026\/02\/18\/el-peso-mexicano-encontro-ganancias-frente-al-dolar\/","url":"https:\/\/politicosaldesnudo.com.mx\/index.php\/2026\/02\/18\/el-peso-mexicano-encontro-ganancias-frente-al-dolar\/","name":"El peso mexicano encontr\u00f3 ganancias frente al d\u00f3lar - Pol\u00edticos al Desnudo","isPartOf":{"@id":"https:\/\/politicosaldesnudo.com.mx\/#website"},"primaryImageOfPage":{"@id":"https:\/\/politicosaldesnudo.com.mx\/index.php\/2026\/02\/18\/el-peso-mexicano-encontro-ganancias-frente-al-dolar\/#primaryimage"},"image":{"@id":"https:\/\/politicosaldesnudo.com.mx\/index.php\/2026\/02\/18\/el-peso-mexicano-encontro-ganancias-frente-al-dolar\/#primaryimage"},"thumbnailUrl":"https:\/\/i0.wp.com\/politicosaldesnudo.com.mx\/wp-content\/uploads\/2026\/02\/OTROP.jpg?fit=1200%2C800&ssl=1","datePublished":"2026-02-18T06:11:20+00:00","breadcrumb":{"@id":"https:\/\/politicosaldesnudo.com.mx\/index.php\/2026\/02\/18\/el-peso-mexicano-encontro-ganancias-frente-al-dolar\/#breadcrumb"},"inLanguage":"es","potentialAction":[{"@type":"ReadAction","target":["https:\/\/politicosaldesnudo.com.mx\/index.php\/2026\/02\/18\/el-peso-mexicano-encontro-ganancias-frente-al-dolar\/"]}]},{"@type":"ImageObject","inLanguage":"es","@id":"https:\/\/politicosaldesnudo.com.mx\/index.php\/2026\/02\/18\/el-peso-mexicano-encontro-ganancias-frente-al-dolar\/#primaryimage","url":"https:\/\/i0.wp.com\/politicosaldesnudo.com.mx\/wp-content\/uploads\/2026\/02\/OTROP.jpg?fit=1200%2C800&ssl=1","contentUrl":"https:\/\/i0.wp.com\/politicosaldesnudo.com.mx\/wp-content\/uploads\/2026\/02\/OTROP.jpg?fit=1200%2C800&ssl=1","width":1200,"height":800},{"@type":"BreadcrumbList","@id":"https:\/\/politicosaldesnudo.com.mx\/index.php\/2026\/02\/18\/el-peso-mexicano-encontro-ganancias-frente-al-dolar\/#breadcrumb","itemListElement":[{"@type":"ListItem","position":1,"name":"Portada","item":"https:\/\/politicosaldesnudo.com.mx\/"},{"@type":"ListItem","position":2,"name":"El peso mexicano encontr\u00f3 ganancias frente al d\u00f3lar"}]},{"@type":"WebSite","@id":"https:\/\/politicosaldesnudo.com.mx\/#website","url":"https:\/\/politicosaldesnudo.com.mx\/","name":"Pol\u00edticos al Desnudo","description":"","publisher":{"@id":"https:\/\/politicosaldesnudo.com.mx\/#organization"},"potentialAction":[{"@type":"SearchAction","target":{"@type":"EntryPoint","urlTemplate":"https:\/\/politicosaldesnudo.com.mx\/?s={search_term_string}"},"query-input":{"@type":"PropertyValueSpecification","valueRequired":true,"valueName":"search_term_string"}}],"inLanguage":"es"},{"@type":"Organization","@id":"https:\/\/politicosaldesnudo.com.mx\/#organization","name":"Pol\u00edticos al Desnudo","url":"https:\/\/politicosaldesnudo.com.mx\/","logo":{"@type":"ImageObject","inLanguage":"es","@id":"https:\/\/politicosaldesnudo.com.mx\/#\/schema\/logo\/image\/","url":"https:\/\/i0.wp.com\/politicosaldesnudo.com.mx\/wp-content\/uploads\/2026\/08\/cropped-logo.webp?fit=400%2C126&ssl=1","contentUrl":"https:\/\/i0.wp.com\/politicosaldesnudo.com.mx\/wp-content\/uploads\/2026\/08\/cropped-logo.webp?fit=400%2C126&ssl=1","width":400,"height":126,"caption":"Pol\u00edticos al Desnudo"},"image":{"@id":"https:\/\/politicosaldesnudo.com.mx\/#\/schema\/logo\/image\/"},"sameAs":["https:\/\/www.facebook.com\/PoliticosAD"]},{"@type":"Person","@id":"https:\/\/politicosaldesnudo.com.mx\/#\/schema\/person\/ef3a64e561cc3f3f5dc52fab81adde7e","name":"Redacci\u00f3n Pol\u00edticos","url":"https:\/\/politicosaldesnudo.com.mx\/index.php\/author\/redaccion-politicos\/"}]}},"jetpack_publicize_connections":[],"jetpack-related-posts":[{"id":88169,"url":"https:\/\/politicosaldesnudo.com.mx\/index.php\/2026\/08\/29\/sheinbaum-destaca-cinco-senales-positivas-de-la-economia-mexicana-rumbo-a-su-segundo-informe\/","url_meta":{"origin":80188,"position":0},"title":"Sheinbaum destaca cinco se\u00f1ales positivas de la econom\u00eda mexicana rumbo a su Segundo Informe","author":"Redacci\u00f3n Pol\u00edticos","date":"29 de agosto de 2026","format":false,"excerpt":"La presidenta Claudia Sheinbaum present\u00f3 un balance sobre la situaci\u00f3n econ\u00f3mica del pa\u00eds, en el que resalt\u00f3 el comportamiento de los combustibles, el empleo, los salarios, la inflaci\u00f3n y la inversi\u00f3n extranjera. A trav\u00e9s de un mensaje difundido en sus redes sociales, la mandataria asegur\u00f3 que durante su administraci\u00f3n se\u2026","rel":"","context":"En \u00abNACIONAL\u00bb","block_context":{"text":"NACIONAL","link":"https:\/\/politicosaldesnudo.com.mx\/index.php\/category\/nacional\/"},"img":{"alt_text":"","src":"https:\/\/i0.wp.com\/politicosaldesnudo.com.mx\/wp-content\/uploads\/2026\/08\/SHIN.png?fit=1200%2C673&ssl=1&resize=350%2C200","width":350,"height":200,"srcset":"https:\/\/i0.wp.com\/politicosaldesnudo.com.mx\/wp-content\/uploads\/2026\/08\/SHIN.png?fit=1200%2C673&ssl=1&resize=350%2C200 1x, https:\/\/i0.wp.com\/politicosaldesnudo.com.mx\/wp-content\/uploads\/2026\/08\/SHIN.png?fit=1200%2C673&ssl=1&resize=525%2C300 1.5x, https:\/\/i0.wp.com\/politicosaldesnudo.com.mx\/wp-content\/uploads\/2026\/08\/SHIN.png?fit=1200%2C673&ssl=1&resize=700%2C400 2x, https:\/\/i0.wp.com\/politicosaldesnudo.com.mx\/wp-content\/uploads\/2026\/08\/SHIN.png?fit=1200%2C673&ssl=1&resize=1050%2C600 3x"},"classes":[]},{"id":87973,"url":"https:\/\/politicosaldesnudo.com.mx\/index.php\/2026\/08\/22\/canada-desafia-a-trump-y-prepara-represalias-comerciales-contra-estados-unidos\/","url_meta":{"origin":80188,"position":1},"title":"Canad\u00e1 desaf\u00eda a Trump y prepara represalias comerciales contra Estados Unidos","author":"Redacci\u00f3n Pol\u00edticos","date":"22 de agosto de 2026","format":false,"excerpt":"La tensi\u00f3n comercial entre Canad\u00e1 y Estados Unidos escal\u00f3 despu\u00e9s de que ambos gobiernos fracasaran en su intento por alcanzar un acuerdo. Ottawa anunci\u00f3 que responder\u00e1 con nuevos aranceles a mercanc\u00edas estadounidenses a partir del pr\u00f3ximo 8 de septiembre. El primer ministro canadiense, Mark Carney, inform\u00f3 que las medidas alcanzar\u00e1n\u2026","rel":"","context":"En \u00abINTERNACIONAL\u00bb","block_context":{"text":"INTERNACIONAL","link":"https:\/\/politicosaldesnudo.com.mx\/index.php\/category\/internacional\/"},"img":{"alt_text":"","src":"https:\/\/i0.wp.com\/politicosaldesnudo.com.mx\/wp-content\/uploads\/2026\/08\/7e33f41a-155c-4331-9834-f6b40b230a80.png?fit=1200%2C675&ssl=1&resize=350%2C200","width":350,"height":200,"srcset":"https:\/\/i0.wp.com\/politicosaldesnudo.com.mx\/wp-content\/uploads\/2026\/08\/7e33f41a-155c-4331-9834-f6b40b230a80.png?fit=1200%2C675&ssl=1&resize=350%2C200 1x, https:\/\/i0.wp.com\/politicosaldesnudo.com.mx\/wp-content\/uploads\/2026\/08\/7e33f41a-155c-4331-9834-f6b40b230a80.png?fit=1200%2C675&ssl=1&resize=525%2C300 1.5x, https:\/\/i0.wp.com\/politicosaldesnudo.com.mx\/wp-content\/uploads\/2026\/08\/7e33f41a-155c-4331-9834-f6b40b230a80.png?fit=1200%2C675&ssl=1&resize=700%2C400 2x, https:\/\/i0.wp.com\/politicosaldesnudo.com.mx\/wp-content\/uploads\/2026\/08\/7e33f41a-155c-4331-9834-f6b40b230a80.png?fit=1200%2C675&ssl=1&resize=1050%2C600 3x"},"classes":[]},{"id":87385,"url":"https:\/\/politicosaldesnudo.com.mx\/index.php\/2026\/07\/31\/cfe-obtuvo-ganancias-por-48-mil-mdp-en-el-segundo-trimestre-de-2026\/","url_meta":{"origin":80188,"position":2},"title":"CFE obtuvo ganancias por 48 mil mdp en el segundo trimestre de 2026","author":"Redacci\u00f3n Pol\u00edticos","date":"31 de julio de 2026","format":false,"excerpt":"La Comisi\u00f3n Federal de Electricidad (CFE) obtuvo ganancias por 48 mil 025 millones de pesos en el segundo trimestre de 2026, monto que revierte parte de las p\u00e9rdidas reportadas en los tres primeros meses del a\u00f1o, de acuerdo con el reporte enviado este jueves por la empresa a la Bolsa\u2026","rel":"","context":"En \u00abECONOM\u00cdA\u00bb","block_context":{"text":"ECONOM\u00cdA","link":"https:\/\/politicosaldesnudo.com.mx\/index.php\/category\/economia\/"},"img":{"alt_text":"","src":"https:\/\/i0.wp.com\/politicosaldesnudo.com.mx\/wp-content\/uploads\/2026\/07\/ALAC.webp?fit=1200%2C741&ssl=1&resize=350%2C200","width":350,"height":200,"srcset":"https:\/\/i0.wp.com\/politicosaldesnudo.com.mx\/wp-content\/uploads\/2026\/07\/ALAC.webp?fit=1200%2C741&ssl=1&resize=350%2C200 1x, https:\/\/i0.wp.com\/politicosaldesnudo.com.mx\/wp-content\/uploads\/2026\/07\/ALAC.webp?fit=1200%2C741&ssl=1&resize=525%2C300 1.5x, https:\/\/i0.wp.com\/politicosaldesnudo.com.mx\/wp-content\/uploads\/2026\/07\/ALAC.webp?fit=1200%2C741&ssl=1&resize=700%2C400 2x, https:\/\/i0.wp.com\/politicosaldesnudo.com.mx\/wp-content\/uploads\/2026\/07\/ALAC.webp?fit=1200%2C741&ssl=1&resize=1050%2C600 3x"},"classes":[]},{"id":34134,"url":"https:\/\/politicosaldesnudo.com.mx\/index.php\/2024\/03\/25\/sin-solucion-de-raiz-la-migracion-seguira\/","url_meta":{"origin":80188,"position":3},"title":"Sin soluci\u00f3n de ra\u00edz, la migraci\u00f3n seguir\u00e1","author":"Redacci\u00f3n Pol\u00edticos","date":"25 de marzo de 2024","format":false,"excerpt":"En una entrevista con el programa estadunidense \u201860 Minutos\u2019 de CBS News, el presidente Andr\u00e9s Manuel L\u00f3pez Obrador afirm\u00f3 que si el problema de la migraci\u00f3n no se enfrenta de ra\u00edz y no se aplican sus propuestas de soluci\u00f3n, como realizar una inversi\u00f3n de 20 mil millones de d\u00f3lares en\u2026","rel":"","context":"En \u00abNACIONAL\u00bb","block_context":{"text":"NACIONAL","link":"https:\/\/politicosaldesnudo.com.mx\/index.php\/category\/nacional\/"},"img":{"alt_text":"","src":"https:\/\/i0.wp.com\/politicosaldesnudo.com.mx\/wp-content\/uploads\/2024\/03\/127283324_4317b55d-baea-47f8-b710-166d31efb5c7.jpg?fit=640%2C360&ssl=1&resize=350%2C200","width":350,"height":200,"srcset":"https:\/\/i0.wp.com\/politicosaldesnudo.com.mx\/wp-content\/uploads\/2024\/03\/127283324_4317b55d-baea-47f8-b710-166d31efb5c7.jpg?fit=640%2C360&ssl=1&resize=350%2C200 1x, https:\/\/i0.wp.com\/politicosaldesnudo.com.mx\/wp-content\/uploads\/2024\/03\/127283324_4317b55d-baea-47f8-b710-166d31efb5c7.jpg?fit=640%2C360&ssl=1&resize=525%2C300 1.5x"},"classes":[]},{"id":87138,"url":"https:\/\/politicosaldesnudo.com.mx\/index.php\/2026\/07\/23\/walmart-mexico-reporta-caida-del-0-7-en-ganancias-durante-segundo-trimestre-del-2026\/","url_meta":{"origin":80188,"position":4},"title":"Walmart-M\u00e9xico reporta ca\u00edda del 0.7% en ganancias durante segundo trimestre del 2026","author":"Redacci\u00f3n Pol\u00edticos","date":"23 de julio de 2026","format":false,"excerpt":"Walmart de M\u00e9xico (Walmex) report\u00f3 una ca\u00edda del 0.7 por ciento en su ganancia neta durante el segundo trimestre del a\u00f1o, donde alcanz\u00f3 los 11 mil 152 millones de pesos en comparaci\u00f3n de los 11 mil 227 millones de pesos del mismo periodo en 2025. Las ventas en M\u00e9xico aumentaron\u2026","rel":"","context":"En \u00abECONOM\u00cdA\u00bb","block_context":{"text":"ECONOM\u00cdA","link":"https:\/\/politicosaldesnudo.com.mx\/index.php\/category\/economia\/"},"img":{"alt_text":"","src":"https:\/\/i0.wp.com\/politicosaldesnudo.com.mx\/wp-content\/uploads\/2026\/07\/WALA.webp?fit=1200%2C804&ssl=1&resize=350%2C200","width":350,"height":200,"srcset":"https:\/\/i0.wp.com\/politicosaldesnudo.com.mx\/wp-content\/uploads\/2026\/07\/WALA.webp?fit=1200%2C804&ssl=1&resize=350%2C200 1x, https:\/\/i0.wp.com\/politicosaldesnudo.com.mx\/wp-content\/uploads\/2026\/07\/WALA.webp?fit=1200%2C804&ssl=1&resize=525%2C300 1.5x, https:\/\/i0.wp.com\/politicosaldesnudo.com.mx\/wp-content\/uploads\/2026\/07\/WALA.webp?fit=1200%2C804&ssl=1&resize=700%2C400 2x, https:\/\/i0.wp.com\/politicosaldesnudo.com.mx\/wp-content\/uploads\/2026\/07\/WALA.webp?fit=1200%2C804&ssl=1&resize=1050%2C600 3x"},"classes":[]},{"id":87999,"url":"https:\/\/politicosaldesnudo.com.mx\/index.php\/2026\/08\/23\/estados-unidos-advierte-graves-consecuencias-para-canada-tras-ruptura-comercial\/","url_meta":{"origin":80188,"position":5},"title":"Estados Unidos advierte graves consecuencias para Canad\u00e1 tras ruptura comercial","author":"Redacci\u00f3n Pol\u00edticos","date":"23 de agosto de 2026","format":false,"excerpt":"La tensi\u00f3n entre Estados Unidos y Canad\u00e1 escal\u00f3 despu\u00e9s del fracaso de las negociaciones comerciales y la entrada en vigor de nuevos aranceles estadounidenses de 50% sobre productos canadienses. El secretario de Transporte de Estados Unidos, Sean Duffy, advirti\u00f3 que Ottawa tendr\u00eda m\u00e1s que perder si mantiene su confrontaci\u00f3n econ\u00f3mica\u2026","rel":"","context":"En \u00abINTERNACIONAL\u00bb","block_context":{"text":"INTERNACIONAL","link":"https:\/\/politicosaldesnudo.com.mx\/index.php\/category\/internacional\/"},"img":{"alt_text":"","src":"https:\/\/i0.wp.com\/politicosaldesnudo.com.mx\/wp-content\/uploads\/2026\/08\/eucan-1.png?fit=1200%2C675&ssl=1&resize=350%2C200","width":350,"height":200,"srcset":"https:\/\/i0.wp.com\/politicosaldesnudo.com.mx\/wp-content\/uploads\/2026\/08\/eucan-1.png?fit=1200%2C675&ssl=1&resize=350%2C200 1x, https:\/\/i0.wp.com\/politicosaldesnudo.com.mx\/wp-content\/uploads\/2026\/08\/eucan-1.png?fit=1200%2C675&ssl=1&resize=525%2C300 1.5x, https:\/\/i0.wp.com\/politicosaldesnudo.com.mx\/wp-content\/uploads\/2026\/08\/eucan-1.png?fit=1200%2C675&ssl=1&resize=700%2C400 2x, https:\/\/i0.wp.com\/politicosaldesnudo.com.mx\/wp-content\/uploads\/2026\/08\/eucan-1.png?fit=1200%2C675&ssl=1&resize=1050%2C600 3x"},"classes":[]}],"jetpack_sharing_enabled":true,"jetpack_featured_media_url":"https:\/\/i0.wp.com\/politicosaldesnudo.com.mx\/wp-content\/uploads\/2026\/02\/OTROP.jpg?fit=1200%2C800&ssl=1","_links":{"self":[{"href":"https:\/\/politicosaldesnudo.com.mx\/index.php\/wp-json\/wp\/v2\/posts\/80188","targetHints":{"allow":["GET"]}}],"collection":[{"href":"https:\/\/politicosaldesnudo.com.mx\/index.php\/wp-json\/wp\/v2\/posts"}],"about":[{"href":"https:\/\/politicosaldesnudo.com.mx\/index.php\/wp-json\/wp\/v2\/types\/post"}],"author":[{"embeddable":true,"href":"https:\/\/politicosaldesnudo.com.mx\/index.php\/wp-json\/wp\/v2\/users\/4"}],"replies":[{"embeddable":true,"href":"https:\/\/politicosaldesnudo.com.mx\/index.php\/wp-json\/wp\/v2\/comments?post=80188"}],"version-history":[{"count":0,"href":"https:\/\/politicosaldesnudo.com.mx\/index.php\/wp-json\/wp\/v2\/posts\/80188\/revisions"}],"wp:featuredmedia":[{"embeddable":true,"href":"https:\/\/politicosaldesnudo.com.mx\/index.php\/wp-json\/wp\/v2\/media\/80189"}],"wp:attachment":[{"href":"https:\/\/politicosaldesnudo.com.mx\/index.php\/wp-json\/wp\/v2\/media?parent=80188"}],"wp:term":[{"taxonomy":"category","embeddable":true,"href":"https:\/\/politicosaldesnudo.com.mx\/index.php\/wp-json\/wp\/v2\/categories?post=80188"},{"taxonomy":"post_tag","embeddable":true,"href":"https:\/\/politicosaldesnudo.com.mx\/index.php\/wp-json\/wp\/v2\/tags?post=80188"}],"curies":[{"name":"wp","href":"https:\/\/api.w.org\/{rel}","templated":true}]}}