{"id":80200,"date":"2026-02-18T00:15:24","date_gmt":"2026-02-18T06:15:24","guid":{"rendered":"https:\/\/politicosaldesnudo.com.mx\/?p=80200"},"modified":"2026-02-17T23:53:23","modified_gmt":"2026-02-18T05:53:23","slug":"aprueba-congreso-de-san-luis-potosi-creacion-de-fiscalia-especializada-en-desaparicion-forzada","status":"publish","type":"post","link":"https:\/\/politicosaldesnudo.com.mx\/index.php\/2026\/02\/18\/aprueba-congreso-de-san-luis-potosi-creacion-de-fiscalia-especializada-en-desaparicion-forzada\/","title":{"rendered":"Aprueba Congreso de San Luis Potos\u00ed creaci\u00f3n de fiscal\u00eda especializada en desaparici\u00f3n forzada"},"content":{"rendered":"<p class=\"nota-justify\">El Congreso local aprob\u00f3 la creaci\u00f3n de la Fiscal\u00eda Especializada para la investigaci\u00f3n y persecuci\u00f3n de los delitos de desaparici\u00f3n forzada de personas y desaparici\u00f3n de personas cometida por particulares, para fortalecer la capacidad de investigaci\u00f3n y seguimiento penal en dichos delitos, y as\u00ed garantizar el derecho a la verdad, la justicia y la reparaci\u00f3n integral del da\u00f1o a las v\u00edctimas.<\/p>\n<p class=\"nota-justify\">La propuesta fue aprobada por unanimidad y se crea por decreto dentro de la estructura de la Fiscal\u00eda General del Estado (FGE) y le asignaron un presupuesto para 2026 de 4 millones 696 mil 305 pesos.<\/p>\n<p class=\"nota-justify\">La iniciativa fue presentada por el diputado Luis Fernando G\u00e1mez Mac\u00edas, y a la instituci\u00f3n le corresponder\u00e1 la investigaci\u00f3n y persecuci\u00f3n de los delitos en dicha materia.<\/p>\n<p class=\"nota-justify\">Asimismo, se establece que los servidores p\u00fablicos que integren la fiscal\u00eda especializada, deber\u00e1n cumplir con los requisitos estipulados en el art\u00edculo 69 de la Ley General en Materia de desaparici\u00f3n forzada de personas y desaparici\u00f3n de personas cometida por particulares\u00a0y del Sistema Nacional de B\u00fasqueda de Personas.<\/p>\n<p class=\"nota-justify\">Mientras, el personal sustantivo ministerial, policial, pericial, as\u00ed como de an\u00e1lisis de contexto y de apoyo psicosocial, deber\u00e1n cumplir con los perfiles establecidos por la Conferencia Nacional de Procuraci\u00f3n de Justicia.<\/p>\n<p class=\"nota-justify\">El \u00f3rgano deber\u00e1 contar con los recursos humanos, financieros, materiales y t\u00e9cnicos especializados y multidisciplinarios, as\u00ed como con las unidades especializada de investigaci\u00f3n, de an\u00e1lisis de contexto, de atenci\u00f3n y seguimiento a v\u00edctimas, de b\u00fasqueda inmediata y de larga data, as\u00ed como una \u00e1rea especializada en delitos cibern\u00e9ticos.<\/p>\n<p class=\"nota-justify\">Para el cumplimiento de sus atribuciones, facultades y funciones contar\u00e1 con los recursos humanos, materiales y presupuestales previstos y asignados en el Presupuesto de Egresos para el ejercicio fiscal 2026.<\/p>\n<p class=\"nota-justify\">El decreto modifica diversas disposiciones de la Ley Org\u00e1nica de la FGE; y de la Ley en Materia de desaparici\u00f3n forzada de personas y desaparici\u00f3n de personas cometida por particulares\u00a0y del Sistema Estatal de B\u00fasqueda de Personas de San Luis Potos\u00ed.<\/p>\n","protected":false},"excerpt":{"rendered":"<p>El Congreso local aprob\u00f3 la creaci\u00f3n de la Fiscal\u00eda Especializada para la investigaci\u00f3n y persecuci\u00f3n de los delitos de desaparici\u00f3n [&hellip;]<\/p>\n","protected":false},"author":4,"featured_media":80201,"comment_status":"closed","ping_status":"closed","sticky":false,"template":"","format":"standard","meta":{"site-sidebar-layout":"default","site-content-layout":"","ast-site-content-layout":"default","site-content-style":"default","site-sidebar-style":"default","ast-global-header-display":"","ast-banner-title-visibility":"","ast-main-header-display":"","ast-hfb-above-header-display":"","ast-hfb-below-header-display":"","ast-hfb-mobile-header-display":"","site-post-title":"","ast-breadcrumbs-content":"","ast-featured-img":"","footer-sml-layout":"","ast-disable-related-posts":"","theme-transparent-header-meta":"","adv-header-id-meta":"","stick-header-meta":"","header-above-stick-meta":"","header-main-stick-meta":"","header-below-stick-meta":"","astra-migrate-meta-layouts":"default","ast-page-background-enabled":"default","ast-page-background-meta":{"desktop":{"background-color":"var(--ast-global-color-5)","background-image":"","background-repeat":"repeat","background-position":"center center","background-size":"auto","background-attachment":"scroll","background-type":"","background-media":"","overlay-type":"","overlay-color":"","overlay-opacity":"","overlay-gradient":""},"tablet":{"background-color":"","background-image":"","background-repeat":"repeat","background-position":"center center","background-size":"auto","background-attachment":"scroll","background-type":"","background-media":"","overlay-type":"","overlay-color":"","overlay-opacity":"","overlay-gradient":""},"mobile":{"background-color":"","background-image":"","background-repeat":"repeat","background-position":"center center","background-size":"auto","background-attachment":"scroll","background-type":"","background-media":"","overlay-type":"","overlay-color":"","overlay-opacity":"","overlay-gradient":""}},"ast-content-background-meta":{"desktop":{"background-color":"var(--ast-global-color-4)","background-image":"","background-repeat":"repeat","background-position":"center center","background-size":"auto","background-attachment":"scroll","background-type":"","background-media":"","overlay-type":"","overlay-color":"","overlay-opacity":"","overlay-gradient":""},"tablet":{"background-color":"var(--ast-global-color-4)","background-image":"","background-repeat":"repeat","background-position":"center center","background-size":"auto","background-attachment":"scroll","background-type":"","background-media":"","overlay-type":"","overlay-color":"","overlay-opacity":"","overlay-gradient":""},"mobile":{"background-color":"var(--ast-global-color-4)","background-image":"","background-repeat":"repeat","background-position":"center center","background-size":"auto","background-attachment":"scroll","background-type":"","background-media":"","overlay-type":"","overlay-color":"","overlay-opacity":"","overlay-gradient":""}},"_jetpack_newsletter_access":"","_jetpack_dont_email_post_to_subs":false,"_jetpack_newsletter_tier_id":0,"_jetpack_memberships_contains_paywalled_content":false,"_jetpack_feature_clip_id":0,"_jetpack_memberships_contains_paid_content":false,"footnotes":"","jetpack_publicize_message":"","jetpack_publicize_feature_enabled":true,"jetpack_social_post_already_shared":true,"jetpack_social_options":{"image_generator_settings":{"template":"highway","default_image_id":0,"font":"","enabled":false},"version":2},"jetpack_post_was_ever_published":false},"categories":[30],"tags":[],"class_list":["post-80200","post","type-post","status-publish","format-standard","has-post-thumbnail","hentry","category-estados"],"yoast_head":"<!-- This site is optimized with the Yoast SEO plugin v28.3 - https:\/\/yoast.com\/product\/yoast-seo-wordpress\/ -->\n<title>Aprueba Congreso de San Luis Potos\u00ed creaci\u00f3n de fiscal\u00eda especializada en desaparici\u00f3n forzada - Pol\u00edticos al Desnudo<\/title>\n<meta name=\"robots\" content=\"index, follow, max-snippet:-1, max-image-preview:large, max-video-preview:-1\" \/>\n<link rel=\"canonical\" href=\"https:\/\/politicosaldesnudo.com.mx\/index.php\/2026\/02\/18\/aprueba-congreso-de-san-luis-potosi-creacion-de-fiscalia-especializada-en-desaparicion-forzada\/\" \/>\n<meta property=\"og:locale\" content=\"es_ES\" \/>\n<meta property=\"og:type\" content=\"article\" \/>\n<meta property=\"og:title\" content=\"Aprueba Congreso de San Luis Potos\u00ed creaci\u00f3n de fiscal\u00eda especializada en desaparici\u00f3n forzada - Pol\u00edticos al Desnudo\" \/>\n<meta property=\"og:description\" content=\"El Congreso local aprob\u00f3 la creaci\u00f3n de la Fiscal\u00eda Especializada para la investigaci\u00f3n y persecuci\u00f3n de los delitos de desaparici\u00f3n [&hellip;]\" \/>\n<meta property=\"og:url\" content=\"https:\/\/politicosaldesnudo.com.mx\/index.php\/2026\/02\/18\/aprueba-congreso-de-san-luis-potosi-creacion-de-fiscalia-especializada-en-desaparicion-forzada\/\" \/>\n<meta property=\"og:site_name\" content=\"Pol\u00edticos al Desnudo\" \/>\n<meta property=\"article:publisher\" content=\"https:\/\/www.facebook.com\/PoliticosAD\" \/>\n<meta property=\"article:published_time\" content=\"2026-02-18T06:15:24+00:00\" \/>\n<meta property=\"og:image\" content=\"https:\/\/i0.wp.com\/politicosaldesnudo.com.mx\/wp-content\/uploads\/2026\/02\/SALUI.jpg?fit=1200%2C831&ssl=1\" \/>\n\t<meta property=\"og:image:width\" content=\"1200\" \/>\n\t<meta property=\"og:image:height\" content=\"831\" \/>\n\t<meta property=\"og:image:type\" content=\"image\/jpeg\" \/>\n<meta name=\"author\" content=\"Redacci\u00f3n Pol\u00edticos\" \/>\n<meta name=\"twitter:card\" content=\"summary_large_image\" \/>\n<meta name=\"twitter:label1\" content=\"Escrito por\" \/>\n\t<meta name=\"twitter:data1\" content=\"Redacci\u00f3n Pol\u00edticos\" \/>\n\t<meta name=\"twitter:label2\" content=\"Tiempo de lectura\" \/>\n\t<meta name=\"twitter:data2\" content=\"2 minutos\" \/>\n<script type=\"application\/ld+json\" class=\"yoast-schema-graph\">{\"@context\":\"https:\\\/\\\/schema.org\",\"@graph\":[{\"@type\":\"Article\",\"@id\":\"https:\\\/\\\/politicosaldesnudo.com.mx\\\/index.php\\\/2026\\\/02\\\/18\\\/aprueba-congreso-de-san-luis-potosi-creacion-de-fiscalia-especializada-en-desaparicion-forzada\\\/#article\",\"isPartOf\":{\"@id\":\"https:\\\/\\\/politicosaldesnudo.com.mx\\\/index.php\\\/2026\\\/02\\\/18\\\/aprueba-congreso-de-san-luis-potosi-creacion-de-fiscalia-especializada-en-desaparicion-forzada\\\/\"},\"author\":{\"name\":\"Redacci\u00f3n Pol\u00edticos\",\"@id\":\"https:\\\/\\\/politicosaldesnudo.com.mx\\\/#\\\/schema\\\/person\\\/ef3a64e561cc3f3f5dc52fab81adde7e\"},\"headline\":\"Aprueba Congreso de San Luis Potos\u00ed creaci\u00f3n de fiscal\u00eda especializada en desaparici\u00f3n forzada\",\"datePublished\":\"2026-02-18T06:15:24+00:00\",\"mainEntityOfPage\":{\"@id\":\"https:\\\/\\\/politicosaldesnudo.com.mx\\\/index.php\\\/2026\\\/02\\\/18\\\/aprueba-congreso-de-san-luis-potosi-creacion-de-fiscalia-especializada-en-desaparicion-forzada\\\/\"},\"wordCount\":370,\"publisher\":{\"@id\":\"https:\\\/\\\/politicosaldesnudo.com.mx\\\/#organization\"},\"image\":{\"@id\":\"https:\\\/\\\/politicosaldesnudo.com.mx\\\/index.php\\\/2026\\\/02\\\/18\\\/aprueba-congreso-de-san-luis-potosi-creacion-de-fiscalia-especializada-en-desaparicion-forzada\\\/#primaryimage\"},\"thumbnailUrl\":\"https:\\\/\\\/i0.wp.com\\\/politicosaldesnudo.com.mx\\\/wp-content\\\/uploads\\\/2026\\\/02\\\/SALUI.jpg?fit=1200%2C831&ssl=1\",\"articleSection\":[\"ESTADOS\"],\"inLanguage\":\"es\"},{\"@type\":\"WebPage\",\"@id\":\"https:\\\/\\\/politicosaldesnudo.com.mx\\\/index.php\\\/2026\\\/02\\\/18\\\/aprueba-congreso-de-san-luis-potosi-creacion-de-fiscalia-especializada-en-desaparicion-forzada\\\/\",\"url\":\"https:\\\/\\\/politicosaldesnudo.com.mx\\\/index.php\\\/2026\\\/02\\\/18\\\/aprueba-congreso-de-san-luis-potosi-creacion-de-fiscalia-especializada-en-desaparicion-forzada\\\/\",\"name\":\"Aprueba Congreso de San Luis Potos\u00ed creaci\u00f3n de fiscal\u00eda especializada en desaparici\u00f3n forzada - Pol\u00edticos al Desnudo\",\"isPartOf\":{\"@id\":\"https:\\\/\\\/politicosaldesnudo.com.mx\\\/#website\"},\"primaryImageOfPage\":{\"@id\":\"https:\\\/\\\/politicosaldesnudo.com.mx\\\/index.php\\\/2026\\\/02\\\/18\\\/aprueba-congreso-de-san-luis-potosi-creacion-de-fiscalia-especializada-en-desaparicion-forzada\\\/#primaryimage\"},\"image\":{\"@id\":\"https:\\\/\\\/politicosaldesnudo.com.mx\\\/index.php\\\/2026\\\/02\\\/18\\\/aprueba-congreso-de-san-luis-potosi-creacion-de-fiscalia-especializada-en-desaparicion-forzada\\\/#primaryimage\"},\"thumbnailUrl\":\"https:\\\/\\\/i0.wp.com\\\/politicosaldesnudo.com.mx\\\/wp-content\\\/uploads\\\/2026\\\/02\\\/SALUI.jpg?fit=1200%2C831&ssl=1\",\"datePublished\":\"2026-02-18T06:15:24+00:00\",\"breadcrumb\":{\"@id\":\"https:\\\/\\\/politicosaldesnudo.com.mx\\\/index.php\\\/2026\\\/02\\\/18\\\/aprueba-congreso-de-san-luis-potosi-creacion-de-fiscalia-especializada-en-desaparicion-forzada\\\/#breadcrumb\"},\"inLanguage\":\"es\",\"potentialAction\":[{\"@type\":\"ReadAction\",\"target\":[\"https:\\\/\\\/politicosaldesnudo.com.mx\\\/index.php\\\/2026\\\/02\\\/18\\\/aprueba-congreso-de-san-luis-potosi-creacion-de-fiscalia-especializada-en-desaparicion-forzada\\\/\"]}]},{\"@type\":\"ImageObject\",\"inLanguage\":\"es\",\"@id\":\"https:\\\/\\\/politicosaldesnudo.com.mx\\\/index.php\\\/2026\\\/02\\\/18\\\/aprueba-congreso-de-san-luis-potosi-creacion-de-fiscalia-especializada-en-desaparicion-forzada\\\/#primaryimage\",\"url\":\"https:\\\/\\\/i0.wp.com\\\/politicosaldesnudo.com.mx\\\/wp-content\\\/uploads\\\/2026\\\/02\\\/SALUI.jpg?fit=1200%2C831&ssl=1\",\"contentUrl\":\"https:\\\/\\\/i0.wp.com\\\/politicosaldesnudo.com.mx\\\/wp-content\\\/uploads\\\/2026\\\/02\\\/SALUI.jpg?fit=1200%2C831&ssl=1\",\"width\":1200,\"height\":831},{\"@type\":\"BreadcrumbList\",\"@id\":\"https:\\\/\\\/politicosaldesnudo.com.mx\\\/index.php\\\/2026\\\/02\\\/18\\\/aprueba-congreso-de-san-luis-potosi-creacion-de-fiscalia-especializada-en-desaparicion-forzada\\\/#breadcrumb\",\"itemListElement\":[{\"@type\":\"ListItem\",\"position\":1,\"name\":\"Portada\",\"item\":\"https:\\\/\\\/politicosaldesnudo.com.mx\\\/\"},{\"@type\":\"ListItem\",\"position\":2,\"name\":\"Aprueba Congreso de San Luis Potos\u00ed creaci\u00f3n de fiscal\u00eda especializada en desaparici\u00f3n forzada\"}]},{\"@type\":\"WebSite\",\"@id\":\"https:\\\/\\\/politicosaldesnudo.com.mx\\\/#website\",\"url\":\"https:\\\/\\\/politicosaldesnudo.com.mx\\\/\",\"name\":\"Pol\u00edticos al Desnudo\",\"description\":\"\",\"publisher\":{\"@id\":\"https:\\\/\\\/politicosaldesnudo.com.mx\\\/#organization\"},\"potentialAction\":[{\"@type\":\"SearchAction\",\"target\":{\"@type\":\"EntryPoint\",\"urlTemplate\":\"https:\\\/\\\/politicosaldesnudo.com.mx\\\/?s={search_term_string}\"},\"query-input\":{\"@type\":\"PropertyValueSpecification\",\"valueRequired\":true,\"valueName\":\"search_term_string\"}}],\"inLanguage\":\"es\"},{\"@type\":\"Organization\",\"@id\":\"https:\\\/\\\/politicosaldesnudo.com.mx\\\/#organization\",\"name\":\"Pol\u00edticos al Desnudo\",\"url\":\"https:\\\/\\\/politicosaldesnudo.com.mx\\\/\",\"logo\":{\"@type\":\"ImageObject\",\"inLanguage\":\"es\",\"@id\":\"https:\\\/\\\/politicosaldesnudo.com.mx\\\/#\\\/schema\\\/logo\\\/image\\\/\",\"url\":\"https:\\\/\\\/i0.wp.com\\\/politicosaldesnudo.com.mx\\\/wp-content\\\/uploads\\\/2026\\\/08\\\/cropped-logo.webp?fit=400%2C126&ssl=1\",\"contentUrl\":\"https:\\\/\\\/i0.wp.com\\\/politicosaldesnudo.com.mx\\\/wp-content\\\/uploads\\\/2026\\\/08\\\/cropped-logo.webp?fit=400%2C126&ssl=1\",\"width\":400,\"height\":126,\"caption\":\"Pol\u00edticos al Desnudo\"},\"image\":{\"@id\":\"https:\\\/\\\/politicosaldesnudo.com.mx\\\/#\\\/schema\\\/logo\\\/image\\\/\"},\"sameAs\":[\"https:\\\/\\\/www.facebook.com\\\/PoliticosAD\"]},{\"@type\":\"Person\",\"@id\":\"https:\\\/\\\/politicosaldesnudo.com.mx\\\/#\\\/schema\\\/person\\\/ef3a64e561cc3f3f5dc52fab81adde7e\",\"name\":\"Redacci\u00f3n Pol\u00edticos\",\"url\":\"https:\\\/\\\/politicosaldesnudo.com.mx\\\/index.php\\\/author\\\/redaccion-politicos\\\/\"}]}<\/script>\n<!-- \/ Yoast SEO plugin. -->","yoast_head_json":{"title":"Aprueba Congreso de San Luis Potos\u00ed creaci\u00f3n de fiscal\u00eda especializada en desaparici\u00f3n forzada - Pol\u00edticos al Desnudo","robots":{"index":"index","follow":"follow","max-snippet":"max-snippet:-1","max-image-preview":"max-image-preview:large","max-video-preview":"max-video-preview:-1"},"canonical":"https:\/\/politicosaldesnudo.com.mx\/index.php\/2026\/02\/18\/aprueba-congreso-de-san-luis-potosi-creacion-de-fiscalia-especializada-en-desaparicion-forzada\/","og_locale":"es_ES","og_type":"article","og_title":"Aprueba Congreso de San Luis Potos\u00ed creaci\u00f3n de fiscal\u00eda especializada en desaparici\u00f3n forzada - Pol\u00edticos al Desnudo","og_description":"El Congreso local aprob\u00f3 la creaci\u00f3n de la Fiscal\u00eda Especializada para la investigaci\u00f3n y persecuci\u00f3n de los delitos de desaparici\u00f3n [&hellip;]","og_url":"https:\/\/politicosaldesnudo.com.mx\/index.php\/2026\/02\/18\/aprueba-congreso-de-san-luis-potosi-creacion-de-fiscalia-especializada-en-desaparicion-forzada\/","og_site_name":"Pol\u00edticos al Desnudo","article_publisher":"https:\/\/www.facebook.com\/PoliticosAD","article_published_time":"2026-02-18T06:15:24+00:00","og_image":[{"width":1200,"height":831,"url":"https:\/\/i0.wp.com\/politicosaldesnudo.com.mx\/wp-content\/uploads\/2026\/02\/SALUI.jpg?fit=1200%2C831&ssl=1","type":"image\/jpeg"}],"author":"Redacci\u00f3n Pol\u00edticos","twitter_card":"summary_large_image","twitter_misc":{"Escrito por":"Redacci\u00f3n Pol\u00edticos","Tiempo de lectura":"2 minutos"},"schema":{"@context":"https:\/\/schema.org","@graph":[{"@type":"Article","@id":"https:\/\/politicosaldesnudo.com.mx\/index.php\/2026\/02\/18\/aprueba-congreso-de-san-luis-potosi-creacion-de-fiscalia-especializada-en-desaparicion-forzada\/#article","isPartOf":{"@id":"https:\/\/politicosaldesnudo.com.mx\/index.php\/2026\/02\/18\/aprueba-congreso-de-san-luis-potosi-creacion-de-fiscalia-especializada-en-desaparicion-forzada\/"},"author":{"name":"Redacci\u00f3n Pol\u00edticos","@id":"https:\/\/politicosaldesnudo.com.mx\/#\/schema\/person\/ef3a64e561cc3f3f5dc52fab81adde7e"},"headline":"Aprueba Congreso de San Luis Potos\u00ed creaci\u00f3n de fiscal\u00eda especializada en desaparici\u00f3n forzada","datePublished":"2026-02-18T06:15:24+00:00","mainEntityOfPage":{"@id":"https:\/\/politicosaldesnudo.com.mx\/index.php\/2026\/02\/18\/aprueba-congreso-de-san-luis-potosi-creacion-de-fiscalia-especializada-en-desaparicion-forzada\/"},"wordCount":370,"publisher":{"@id":"https:\/\/politicosaldesnudo.com.mx\/#organization"},"image":{"@id":"https:\/\/politicosaldesnudo.com.mx\/index.php\/2026\/02\/18\/aprueba-congreso-de-san-luis-potosi-creacion-de-fiscalia-especializada-en-desaparicion-forzada\/#primaryimage"},"thumbnailUrl":"https:\/\/i0.wp.com\/politicosaldesnudo.com.mx\/wp-content\/uploads\/2026\/02\/SALUI.jpg?fit=1200%2C831&ssl=1","articleSection":["ESTADOS"],"inLanguage":"es"},{"@type":"WebPage","@id":"https:\/\/politicosaldesnudo.com.mx\/index.php\/2026\/02\/18\/aprueba-congreso-de-san-luis-potosi-creacion-de-fiscalia-especializada-en-desaparicion-forzada\/","url":"https:\/\/politicosaldesnudo.com.mx\/index.php\/2026\/02\/18\/aprueba-congreso-de-san-luis-potosi-creacion-de-fiscalia-especializada-en-desaparicion-forzada\/","name":"Aprueba Congreso de San Luis Potos\u00ed creaci\u00f3n de fiscal\u00eda especializada en desaparici\u00f3n forzada - Pol\u00edticos al Desnudo","isPartOf":{"@id":"https:\/\/politicosaldesnudo.com.mx\/#website"},"primaryImageOfPage":{"@id":"https:\/\/politicosaldesnudo.com.mx\/index.php\/2026\/02\/18\/aprueba-congreso-de-san-luis-potosi-creacion-de-fiscalia-especializada-en-desaparicion-forzada\/#primaryimage"},"image":{"@id":"https:\/\/politicosaldesnudo.com.mx\/index.php\/2026\/02\/18\/aprueba-congreso-de-san-luis-potosi-creacion-de-fiscalia-especializada-en-desaparicion-forzada\/#primaryimage"},"thumbnailUrl":"https:\/\/i0.wp.com\/politicosaldesnudo.com.mx\/wp-content\/uploads\/2026\/02\/SALUI.jpg?fit=1200%2C831&ssl=1","datePublished":"2026-02-18T06:15:24+00:00","breadcrumb":{"@id":"https:\/\/politicosaldesnudo.com.mx\/index.php\/2026\/02\/18\/aprueba-congreso-de-san-luis-potosi-creacion-de-fiscalia-especializada-en-desaparicion-forzada\/#breadcrumb"},"inLanguage":"es","potentialAction":[{"@type":"ReadAction","target":["https:\/\/politicosaldesnudo.com.mx\/index.php\/2026\/02\/18\/aprueba-congreso-de-san-luis-potosi-creacion-de-fiscalia-especializada-en-desaparicion-forzada\/"]}]},{"@type":"ImageObject","inLanguage":"es","@id":"https:\/\/politicosaldesnudo.com.mx\/index.php\/2026\/02\/18\/aprueba-congreso-de-san-luis-potosi-creacion-de-fiscalia-especializada-en-desaparicion-forzada\/#primaryimage","url":"https:\/\/i0.wp.com\/politicosaldesnudo.com.mx\/wp-content\/uploads\/2026\/02\/SALUI.jpg?fit=1200%2C831&ssl=1","contentUrl":"https:\/\/i0.wp.com\/politicosaldesnudo.com.mx\/wp-content\/uploads\/2026\/02\/SALUI.jpg?fit=1200%2C831&ssl=1","width":1200,"height":831},{"@type":"BreadcrumbList","@id":"https:\/\/politicosaldesnudo.com.mx\/index.php\/2026\/02\/18\/aprueba-congreso-de-san-luis-potosi-creacion-de-fiscalia-especializada-en-desaparicion-forzada\/#breadcrumb","itemListElement":[{"@type":"ListItem","position":1,"name":"Portada","item":"https:\/\/politicosaldesnudo.com.mx\/"},{"@type":"ListItem","position":2,"name":"Aprueba Congreso de San Luis Potos\u00ed creaci\u00f3n de fiscal\u00eda especializada en desaparici\u00f3n forzada"}]},{"@type":"WebSite","@id":"https:\/\/politicosaldesnudo.com.mx\/#website","url":"https:\/\/politicosaldesnudo.com.mx\/","name":"Pol\u00edticos al Desnudo","description":"","publisher":{"@id":"https:\/\/politicosaldesnudo.com.mx\/#organization"},"potentialAction":[{"@type":"SearchAction","target":{"@type":"EntryPoint","urlTemplate":"https:\/\/politicosaldesnudo.com.mx\/?s={search_term_string}"},"query-input":{"@type":"PropertyValueSpecification","valueRequired":true,"valueName":"search_term_string"}}],"inLanguage":"es"},{"@type":"Organization","@id":"https:\/\/politicosaldesnudo.com.mx\/#organization","name":"Pol\u00edticos al Desnudo","url":"https:\/\/politicosaldesnudo.com.mx\/","logo":{"@type":"ImageObject","inLanguage":"es","@id":"https:\/\/politicosaldesnudo.com.mx\/#\/schema\/logo\/image\/","url":"https:\/\/i0.wp.com\/politicosaldesnudo.com.mx\/wp-content\/uploads\/2026\/08\/cropped-logo.webp?fit=400%2C126&ssl=1","contentUrl":"https:\/\/i0.wp.com\/politicosaldesnudo.com.mx\/wp-content\/uploads\/2026\/08\/cropped-logo.webp?fit=400%2C126&ssl=1","width":400,"height":126,"caption":"Pol\u00edticos al Desnudo"},"image":{"@id":"https:\/\/politicosaldesnudo.com.mx\/#\/schema\/logo\/image\/"},"sameAs":["https:\/\/www.facebook.com\/PoliticosAD"]},{"@type":"Person","@id":"https:\/\/politicosaldesnudo.com.mx\/#\/schema\/person\/ef3a64e561cc3f3f5dc52fab81adde7e","name":"Redacci\u00f3n Pol\u00edticos","url":"https:\/\/politicosaldesnudo.com.mx\/index.php\/author\/redaccion-politicos\/"}]}},"jetpack_publicize_connections":[],"jetpack-related-posts":[{"id":87980,"url":"https:\/\/politicosaldesnudo.com.mx\/index.php\/2026\/08\/22\/prision-preventiva-para-presunto-implicado-en-la-desaparicion-de-wendy-y-karime-en-poza-rica\/","url_meta":{"origin":80200,"position":0},"title":"Prisi\u00f3n preventiva para presunto implicado en la desaparici\u00f3n de Wendy y Karime en Poza Rica","author":"Redacci\u00f3n Pol\u00edticos","date":"22 de agosto de 2026","format":false,"excerpt":"A m\u00e1s de siete meses de que Wendy Arantxa Portilla Ramos y Karime Monserrat Murrieta Res\u00e9ndiz desaparecieran en Poza Rica, la Fiscal\u00eda General del Estado de Veracruz inform\u00f3 sobre la detenci\u00f3n e imputaci\u00f3n de un hombre presuntamente relacionado con el caso. El acusado fue identificado como El\u00edas \u201cN\u201d, tambi\u00e9n conocido\u2026","rel":"","context":"En \u00abESTADOS\u00bb","block_context":{"text":"ESTADOS","link":"https:\/\/politicosaldesnudo.com.mx\/index.php\/category\/estados\/"},"img":{"alt_text":"","src":"https:\/\/i0.wp.com\/politicosaldesnudo.com.mx\/wp-content\/uploads\/2026\/08\/poza.png?fit=1200%2C675&ssl=1&resize=350%2C200","width":350,"height":200,"srcset":"https:\/\/i0.wp.com\/politicosaldesnudo.com.mx\/wp-content\/uploads\/2026\/08\/poza.png?fit=1200%2C675&ssl=1&resize=350%2C200 1x, https:\/\/i0.wp.com\/politicosaldesnudo.com.mx\/wp-content\/uploads\/2026\/08\/poza.png?fit=1200%2C675&ssl=1&resize=525%2C300 1.5x, https:\/\/i0.wp.com\/politicosaldesnudo.com.mx\/wp-content\/uploads\/2026\/08\/poza.png?fit=1200%2C675&ssl=1&resize=700%2C400 2x, https:\/\/i0.wp.com\/politicosaldesnudo.com.mx\/wp-content\/uploads\/2026\/08\/poza.png?fit=1200%2C675&ssl=1&resize=1050%2C600 3x"},"classes":[]},{"id":87852,"url":"https:\/\/politicosaldesnudo.com.mx\/index.php\/2026\/08\/17\/sin-detenidos-por-crimen-de-estudiantes-de-la-uv-fiscalia-mantiene-abiertas-lineas-de-investigacion\/","url_meta":{"origin":80200,"position":1},"title":"Sin detenidos por crimen de estudiantes de la UV; Fiscal\u00eda mantiene abiertas l\u00edneas de investigaci\u00f3n","author":"Redacci\u00f3n Pol\u00edticos","date":"17 de agosto de 2026","format":false,"excerpt":"El asesinato de Melanie Michelle M\u00e9ndez Morales y Luis Fernando Hern\u00e1ndez Ib\u00e1\u00f1ez, estudiantes de Psicolog\u00eda de la Universidad Veracruzana (UV), contin\u00faa sin esclarecerse mientras la Fiscal\u00eda General del Estado (FGE) mantiene abiertas distintas l\u00edneas de investigaci\u00f3n para determinar qu\u00e9 ocurri\u00f3 antes de que ambos fueran encontrados sin vida. Los j\u00f3venes\u2026","rel":"","context":"En \u00abESTADOS\u00bb","block_context":{"text":"ESTADOS","link":"https:\/\/politicosaldesnudo.com.mx\/index.php\/category\/estados\/"},"img":{"alt_text":"","src":"https:\/\/i0.wp.com\/politicosaldesnudo.com.mx\/wp-content\/uploads\/2026\/08\/melanie_luis_fernando.jpg?fit=1200%2C800&ssl=1&resize=350%2C200","width":350,"height":200,"srcset":"https:\/\/i0.wp.com\/politicosaldesnudo.com.mx\/wp-content\/uploads\/2026\/08\/melanie_luis_fernando.jpg?fit=1200%2C800&ssl=1&resize=350%2C200 1x, https:\/\/i0.wp.com\/politicosaldesnudo.com.mx\/wp-content\/uploads\/2026\/08\/melanie_luis_fernando.jpg?fit=1200%2C800&ssl=1&resize=525%2C300 1.5x, https:\/\/i0.wp.com\/politicosaldesnudo.com.mx\/wp-content\/uploads\/2026\/08\/melanie_luis_fernando.jpg?fit=1200%2C800&ssl=1&resize=700%2C400 2x, https:\/\/i0.wp.com\/politicosaldesnudo.com.mx\/wp-content\/uploads\/2026\/08\/melanie_luis_fernando.jpg?fit=1200%2C800&ssl=1&resize=1050%2C600 3x"},"classes":[]},{"id":88163,"url":"https:\/\/politicosaldesnudo.com.mx\/index.php\/2026\/08\/29\/balean-a-fundadora-de-colectivo-de-busqueda-en-culiacan-fiscalia-indaga-intento-de-feminicidio\/","url_meta":{"origin":80200,"position":2},"title":"Balean a fundadora de colectivo de b\u00fasqueda en Culiac\u00e1n; Fiscal\u00eda indaga intento de feminicidio","author":"Redacci\u00f3n Pol\u00edticos","date":"29 de agosto de 2026","format":false,"excerpt":"Alma Rosa Rojo Medina, fundadora del colectivo Voces Unidas por la Vida, result\u00f3 herida durante un ataque armado registrado este s\u00e1bado en Culiac\u00e1n, Sinaloa. La agresi\u00f3n ocurri\u00f3 en la colonia Esthela Ortiz de Toledo, donde sujetos armados dispararon contra el autom\u00f3vil en el que viajaba la activista. Otra mujer, identificada\u2026","rel":"","context":"En \u00abNACIONAL\u00bb","block_context":{"text":"NACIONAL","link":"https:\/\/politicosaldesnudo.com.mx\/index.php\/category\/nacional\/"},"img":{"alt_text":"","src":"https:\/\/i0.wp.com\/politicosaldesnudo.com.mx\/wp-content\/uploads\/2026\/08\/atacan-balazos-buscadora-alma-rosa-rojo-medina-culiacan-sinaloa-29082026.jpg?fit=1200%2C750&ssl=1&resize=350%2C200","width":350,"height":200,"srcset":"https:\/\/i0.wp.com\/politicosaldesnudo.com.mx\/wp-content\/uploads\/2026\/08\/atacan-balazos-buscadora-alma-rosa-rojo-medina-culiacan-sinaloa-29082026.jpg?fit=1200%2C750&ssl=1&resize=350%2C200 1x, https:\/\/i0.wp.com\/politicosaldesnudo.com.mx\/wp-content\/uploads\/2026\/08\/atacan-balazos-buscadora-alma-rosa-rojo-medina-culiacan-sinaloa-29082026.jpg?fit=1200%2C750&ssl=1&resize=525%2C300 1.5x, https:\/\/i0.wp.com\/politicosaldesnudo.com.mx\/wp-content\/uploads\/2026\/08\/atacan-balazos-buscadora-alma-rosa-rojo-medina-culiacan-sinaloa-29082026.jpg?fit=1200%2C750&ssl=1&resize=700%2C400 2x, https:\/\/i0.wp.com\/politicosaldesnudo.com.mx\/wp-content\/uploads\/2026\/08\/atacan-balazos-buscadora-alma-rosa-rojo-medina-culiacan-sinaloa-29082026.jpg?fit=1200%2C750&ssl=1&resize=1050%2C600 3x"},"classes":[]},{"id":88118,"url":"https:\/\/politicosaldesnudo.com.mx\/index.php\/2026\/08\/27\/cateo-en-tuxpan-aseguran-negocio-investigado-por-presunta-extorsion-a-avicultores\/","url_meta":{"origin":80200,"position":3},"title":"Cateo en Tuxpan: aseguran negocio investigado por presunta extorsi\u00f3n a avicultores","author":"Redacci\u00f3n Pol\u00edticos","date":"27 de agosto de 2026","format":false,"excerpt":"Un establecimiento comercial de la colonia An\u00e1huac, en Tuxpan, qued\u00f3 bajo resguardo de las autoridades tras un operativo relacionado con una investigaci\u00f3n por posibles extorsiones contra integrantes del sector av\u00edcola. La diligencia fue realizada por agentes de la Unidad Especializada en Combate al Secuestro y la Extorsi\u00f3n (UECS), quienes contaron\u2026","rel":"","context":"En \u00abESTADOS\u00bb","block_context":{"text":"ESTADOS","link":"https:\/\/politicosaldesnudo.com.mx\/index.php\/category\/estados\/"},"img":{"alt_text":"","src":"https:\/\/i0.wp.com\/politicosaldesnudo.com.mx\/wp-content\/uploads\/2026\/08\/avc-tuxpan-horizontal.png?fit=1200%2C675&ssl=1&resize=350%2C200","width":350,"height":200,"srcset":"https:\/\/i0.wp.com\/politicosaldesnudo.com.mx\/wp-content\/uploads\/2026\/08\/avc-tuxpan-horizontal.png?fit=1200%2C675&ssl=1&resize=350%2C200 1x, https:\/\/i0.wp.com\/politicosaldesnudo.com.mx\/wp-content\/uploads\/2026\/08\/avc-tuxpan-horizontal.png?fit=1200%2C675&ssl=1&resize=525%2C300 1.5x, https:\/\/i0.wp.com\/politicosaldesnudo.com.mx\/wp-content\/uploads\/2026\/08\/avc-tuxpan-horizontal.png?fit=1200%2C675&ssl=1&resize=700%2C400 2x, https:\/\/i0.wp.com\/politicosaldesnudo.com.mx\/wp-content\/uploads\/2026\/08\/avc-tuxpan-horizontal.png?fit=1200%2C675&ssl=1&resize=1050%2C600 3x"},"classes":[]},{"id":88060,"url":"https:\/\/politicosaldesnudo.com.mx\/index.php\/2026\/08\/25\/hallan-con-vida-al-reportero-eli-martinez-tras-12-horas-de-secuestro-y-un-ataque-armado-en-poza-rica\/","url_meta":{"origin":80200,"position":4},"title":"Hallan con vida al reportero El\u00ed Mart\u00ednez tras 12 horas de secuestro y un ataque armado en Poza Rica","author":"Redacci\u00f3n Pol\u00edticos","date":"25 de agosto de 2026","format":false,"excerpt":"El reporero veracruzano El\u00ed Mart\u00ednez fue localizado con vida despu\u00e9s de permanecer aproximadamente 12 horas privado de la libertad, tras ser interceptado por hombres armados en Poza Rica. El comunicador, especializado en la cobertura de hechos policiacos, qued\u00f3 bajo resguardo de elementos de la Polic\u00eda Ministerial y fue trasladado ante\u2026","rel":"","context":"En \u00abESTADOS\u00bb","block_context":{"text":"ESTADOS","link":"https:\/\/politicosaldesnudo.com.mx\/index.php\/category\/estados\/"},"img":{"alt_text":"","src":"https:\/\/i0.wp.com\/politicosaldesnudo.com.mx\/wp-content\/uploads\/2026\/08\/eli.jpg?fit=1200%2C675&ssl=1&resize=350%2C200","width":350,"height":200,"srcset":"https:\/\/i0.wp.com\/politicosaldesnudo.com.mx\/wp-content\/uploads\/2026\/08\/eli.jpg?fit=1200%2C675&ssl=1&resize=350%2C200 1x, https:\/\/i0.wp.com\/politicosaldesnudo.com.mx\/wp-content\/uploads\/2026\/08\/eli.jpg?fit=1200%2C675&ssl=1&resize=525%2C300 1.5x, https:\/\/i0.wp.com\/politicosaldesnudo.com.mx\/wp-content\/uploads\/2026\/08\/eli.jpg?fit=1200%2C675&ssl=1&resize=700%2C400 2x, https:\/\/i0.wp.com\/politicosaldesnudo.com.mx\/wp-content\/uploads\/2026\/08\/eli.jpg?fit=1200%2C675&ssl=1&resize=1050%2C600 3x"},"classes":[]},{"id":88176,"url":"https:\/\/politicosaldesnudo.com.mx\/index.php\/2026\/08\/30\/un-viaje-sin-regreso-asi-habria-ocurrido-el-asesinato-del-hermano-de-la-creadora-de-contenido-ruthi-san-en-tuxpan\/","url_meta":{"origin":80200,"position":5},"title":"Un viaje sin regreso: as\u00ed habr\u00eda ocurrido el asesinato del hermano de la creadora de contenido Ruthi San, en Tuxpan","author":"Redacci\u00f3n Pol\u00edticos","date":"30 de agosto de 2026","format":false,"excerpt":"Un servicio de transporte termin\u00f3 convertido en la escena de un crimen. Cuatro meses despu\u00e9s del homicidio de Habib Ju\u00e1rez Castellanos, taxista de Tuxpan y hermano de la creadora de contenido Ruthi San, dos personas fueron detenidas y presentadas ante un juez. La investigaci\u00f3n de la Fiscal\u00eda Regional se\u00f1ala que\u2026","rel":"","context":"En \u00abESTADOS\u00bb","block_context":{"text":"ESTADOS","link":"https:\/\/politicosaldesnudo.com.mx\/index.php\/category\/estados\/"},"img":{"alt_text":"","src":"https:\/\/i0.wp.com\/politicosaldesnudo.com.mx\/wp-content\/uploads\/2026\/08\/f957448d-9e13-44e1-acb0-03d35ff4db3c.png?fit=1200%2C675&ssl=1&resize=350%2C200","width":350,"height":200,"srcset":"https:\/\/i0.wp.com\/politicosaldesnudo.com.mx\/wp-content\/uploads\/2026\/08\/f957448d-9e13-44e1-acb0-03d35ff4db3c.png?fit=1200%2C675&ssl=1&resize=350%2C200 1x, https:\/\/i0.wp.com\/politicosaldesnudo.com.mx\/wp-content\/uploads\/2026\/08\/f957448d-9e13-44e1-acb0-03d35ff4db3c.png?fit=1200%2C675&ssl=1&resize=525%2C300 1.5x, https:\/\/i0.wp.com\/politicosaldesnudo.com.mx\/wp-content\/uploads\/2026\/08\/f957448d-9e13-44e1-acb0-03d35ff4db3c.png?fit=1200%2C675&ssl=1&resize=700%2C400 2x, https:\/\/i0.wp.com\/politicosaldesnudo.com.mx\/wp-content\/uploads\/2026\/08\/f957448d-9e13-44e1-acb0-03d35ff4db3c.png?fit=1200%2C675&ssl=1&resize=1050%2C600 3x"},"classes":[]}],"jetpack_sharing_enabled":true,"jetpack_featured_media_url":"https:\/\/i0.wp.com\/politicosaldesnudo.com.mx\/wp-content\/uploads\/2026\/02\/SALUI.jpg?fit=1200%2C831&ssl=1","_links":{"self":[{"href":"https:\/\/politicosaldesnudo.com.mx\/index.php\/wp-json\/wp\/v2\/posts\/80200","targetHints":{"allow":["GET"]}}],"collection":[{"href":"https:\/\/politicosaldesnudo.com.mx\/index.php\/wp-json\/wp\/v2\/posts"}],"about":[{"href":"https:\/\/politicosaldesnudo.com.mx\/index.php\/wp-json\/wp\/v2\/types\/post"}],"author":[{"embeddable":true,"href":"https:\/\/politicosaldesnudo.com.mx\/index.php\/wp-json\/wp\/v2\/users\/4"}],"replies":[{"embeddable":true,"href":"https:\/\/politicosaldesnudo.com.mx\/index.php\/wp-json\/wp\/v2\/comments?post=80200"}],"version-history":[{"count":0,"href":"https:\/\/politicosaldesnudo.com.mx\/index.php\/wp-json\/wp\/v2\/posts\/80200\/revisions"}],"wp:featuredmedia":[{"embeddable":true,"href":"https:\/\/politicosaldesnudo.com.mx\/index.php\/wp-json\/wp\/v2\/media\/80201"}],"wp:attachment":[{"href":"https:\/\/politicosaldesnudo.com.mx\/index.php\/wp-json\/wp\/v2\/media?parent=80200"}],"wp:term":[{"taxonomy":"category","embeddable":true,"href":"https:\/\/politicosaldesnudo.com.mx\/index.php\/wp-json\/wp\/v2\/categories?post=80200"},{"taxonomy":"post_tag","embeddable":true,"href":"https:\/\/politicosaldesnudo.com.mx\/index.php\/wp-json\/wp\/v2\/tags?post=80200"}],"curies":[{"name":"wp","href":"https:\/\/api.w.org\/{rel}","templated":true}]}}