{"id":80243,"date":"2026-02-19T00:08:15","date_gmt":"2026-02-19T06:08:15","guid":{"rendered":"https:\/\/politicosaldesnudo.com.mx\/?p=80243"},"modified":"2026-02-18T21:00:26","modified_gmt":"2026-02-19T03:00:26","slug":"ignacio-mier-reforma-electoral-apegada-a-la-conviccion-de-morena-en-torno-a-la-austeridad","status":"publish","type":"post","link":"https:\/\/politicosaldesnudo.com.mx\/index.php\/2026\/02\/19\/ignacio-mier-reforma-electoral-apegada-a-la-conviccion-de-morena-en-torno-a-la-austeridad\/","title":{"rendered":"Ignacio Mier: reforma electoral apegada a la convicci\u00f3n de Morena en torno a la austeridad"},"content":{"rendered":"<p class=\"nota-justify\">La reforma electoral estar\u00e1 apegada a la convicci\u00f3n de Morena en torno a la austeridad, dijo el coordinador de este partido en el Senado, Ignacio Mier.<\/p>\n<p class=\"nota-justify\">\u201cNosotros en Morena no podemos desfigurarnos, tenemos una convicci\u00f3n con relaci\u00f3n a la austeridad por lo que hace a los procesos electorales, sin que signifique debilitar al \u00e1rbitro\u201d, puntualiz\u00f3 el legislador previo al inicio de la sesi\u00f3n plenaria.<\/p>\n<p class=\"nota-justify\">Agreg\u00f3 que se fortalecer\u00e1 la independencia y autonom\u00eda del Instituto Nacional Electoral, as\u00ed como la independencia entre los poderes. Se garantizar\u00e1 la soberan\u00eda de los estados por lo que hace a los organismos locales electorales, a\u00f1adi\u00f3.<\/p>\n<p class=\"nota-justify\">Mier resalt\u00f3 que su partido se mantendr\u00e1 en la postura de que la reforma tiene que ser conforme a lo que ha venido manifestando y se\u00f1al\u00e1ndole al pueblo de M\u00e9xico.<\/p>\n<p class=\"nota-justify\">Explic\u00f3 que si no hubiese un acuerdo con los partidos del Trabajo (PT), y Verde Ecologista de M\u00e9xico (PVEM), sobre la reforma, de cualquier manera, se pondr\u00e1 a discusi\u00f3n en las comisiones.<\/p>\n<p class=\"nota-justify\">Por otra parte, el coordinador guinda celebr\u00f3 la iniciativa de reforma al art\u00edculo 127 constitucional para topar las pensiones de altos funcionarios, que dio a conocer por la ma\u00f1ana la presidenta, Claudia Sheinbaum.<\/p>\n<p>Consider\u00f3 que la presentaci\u00f3n de ese documento forma parte de la impronta de la austeridad y de que no puede haber un gobierno rico con un pueblo pobre.<\/p>\n","protected":false},"excerpt":{"rendered":"<p>La reforma electoral estar\u00e1 apegada a la convicci\u00f3n de Morena en torno a la austeridad, dijo el coordinador de este [&hellip;]<\/p>\n","protected":false},"author":4,"featured_media":80244,"comment_status":"closed","ping_status":"closed","sticky":false,"template":"","format":"standard","meta":{"site-sidebar-layout":"default","site-content-layout":"","ast-site-content-layout":"default","site-content-style":"default","site-sidebar-style":"default","ast-global-header-display":"","ast-banner-title-visibility":"","ast-main-header-display":"","ast-hfb-above-header-display":"","ast-hfb-below-header-display":"","ast-hfb-mobile-header-display":"","site-post-title":"","ast-breadcrumbs-content":"","ast-featured-img":"","footer-sml-layout":"","ast-disable-related-posts":"","theme-transparent-header-meta":"","adv-header-id-meta":"","stick-header-meta":"","header-above-stick-meta":"","header-main-stick-meta":"","header-below-stick-meta":"","astra-migrate-meta-layouts":"default","ast-page-background-enabled":"default","ast-page-background-meta":{"desktop":{"background-color":"var(--ast-global-color-5)","background-image":"","background-repeat":"repeat","background-position":"center center","background-size":"auto","background-attachment":"scroll","background-type":"","background-media":"","overlay-type":"","overlay-color":"","overlay-opacity":"","overlay-gradient":""},"tablet":{"background-color":"","background-image":"","background-repeat":"repeat","background-position":"center center","background-size":"auto","background-attachment":"scroll","background-type":"","background-media":"","overlay-type":"","overlay-color":"","overlay-opacity":"","overlay-gradient":""},"mobile":{"background-color":"","background-image":"","background-repeat":"repeat","background-position":"center center","background-size":"auto","background-attachment":"scroll","background-type":"","background-media":"","overlay-type":"","overlay-color":"","overlay-opacity":"","overlay-gradient":""}},"ast-content-background-meta":{"desktop":{"background-color":"var(--ast-global-color-4)","background-image":"","background-repeat":"repeat","background-position":"center center","background-size":"auto","background-attachment":"scroll","background-type":"","background-media":"","overlay-type":"","overlay-color":"","overlay-opacity":"","overlay-gradient":""},"tablet":{"background-color":"var(--ast-global-color-4)","background-image":"","background-repeat":"repeat","background-position":"center center","background-size":"auto","background-attachment":"scroll","background-type":"","background-media":"","overlay-type":"","overlay-color":"","overlay-opacity":"","overlay-gradient":""},"mobile":{"background-color":"var(--ast-global-color-4)","background-image":"","background-repeat":"repeat","background-position":"center center","background-size":"auto","background-attachment":"scroll","background-type":"","background-media":"","overlay-type":"","overlay-color":"","overlay-opacity":"","overlay-gradient":""}},"_jetpack_newsletter_access":"","_jetpack_dont_email_post_to_subs":false,"_jetpack_newsletter_tier_id":0,"_jetpack_memberships_contains_paywalled_content":false,"_jetpack_feature_clip_id":0,"_jetpack_memberships_contains_paid_content":false,"footnotes":"","jetpack_publicize_message":"","jetpack_publicize_feature_enabled":true,"jetpack_social_post_already_shared":true,"jetpack_social_options":{"image_generator_settings":{"template":"highway","default_image_id":0,"font":"","enabled":false},"version":2},"jetpack_post_was_ever_published":false},"categories":[33],"tags":[],"class_list":["post-80243","post","type-post","status-publish","format-standard","has-post-thumbnail","hentry","category-nacional"],"yoast_head":"<!-- This site is optimized with the Yoast SEO plugin v28.3 - https:\/\/yoast.com\/product\/yoast-seo-wordpress\/ -->\n<title>Ignacio Mier: reforma electoral apegada a la convicci\u00f3n de Morena en torno a la austeridad - Pol\u00edticos al Desnudo<\/title>\n<meta name=\"robots\" content=\"index, follow, max-snippet:-1, max-image-preview:large, max-video-preview:-1\" \/>\n<link rel=\"canonical\" href=\"https:\/\/politicosaldesnudo.com.mx\/index.php\/2026\/02\/19\/ignacio-mier-reforma-electoral-apegada-a-la-conviccion-de-morena-en-torno-a-la-austeridad\/\" \/>\n<meta property=\"og:locale\" content=\"es_ES\" \/>\n<meta property=\"og:type\" content=\"article\" \/>\n<meta property=\"og:title\" content=\"Ignacio Mier: reforma electoral apegada a la convicci\u00f3n de Morena en torno a la austeridad - Pol\u00edticos al Desnudo\" \/>\n<meta property=\"og:description\" content=\"La reforma electoral estar\u00e1 apegada a la convicci\u00f3n de Morena en torno a la austeridad, dijo el coordinador de este [&hellip;]\" \/>\n<meta property=\"og:url\" content=\"https:\/\/politicosaldesnudo.com.mx\/index.php\/2026\/02\/19\/ignacio-mier-reforma-electoral-apegada-a-la-conviccion-de-morena-en-torno-a-la-austeridad\/\" \/>\n<meta property=\"og:site_name\" content=\"Pol\u00edticos al Desnudo\" \/>\n<meta property=\"article:publisher\" content=\"https:\/\/www.facebook.com\/PoliticosAD\" \/>\n<meta property=\"article:published_time\" content=\"2026-02-19T06:08:15+00:00\" \/>\n<meta property=\"og:image\" content=\"https:\/\/i0.wp.com\/politicosaldesnudo.com.mx\/wp-content\/uploads\/2026\/02\/REFEL.jpg?fit=1200%2C801&ssl=1\" \/>\n\t<meta property=\"og:image:width\" content=\"1200\" \/>\n\t<meta property=\"og:image:height\" content=\"801\" \/>\n\t<meta property=\"og:image:type\" content=\"image\/jpeg\" \/>\n<meta name=\"author\" content=\"Redacci\u00f3n Pol\u00edticos\" \/>\n<meta name=\"twitter:card\" content=\"summary_large_image\" \/>\n<meta name=\"twitter:label1\" content=\"Escrito por\" \/>\n\t<meta name=\"twitter:data1\" content=\"Redacci\u00f3n Pol\u00edticos\" \/>\n\t<meta name=\"twitter:label2\" content=\"Tiempo de lectura\" \/>\n\t<meta name=\"twitter:data2\" content=\"1 minuto\" \/>\n<script type=\"application\/ld+json\" class=\"yoast-schema-graph\">{\"@context\":\"https:\\\/\\\/schema.org\",\"@graph\":[{\"@type\":\"Article\",\"@id\":\"https:\\\/\\\/politicosaldesnudo.com.mx\\\/index.php\\\/2026\\\/02\\\/19\\\/ignacio-mier-reforma-electoral-apegada-a-la-conviccion-de-morena-en-torno-a-la-austeridad\\\/#article\",\"isPartOf\":{\"@id\":\"https:\\\/\\\/politicosaldesnudo.com.mx\\\/index.php\\\/2026\\\/02\\\/19\\\/ignacio-mier-reforma-electoral-apegada-a-la-conviccion-de-morena-en-torno-a-la-austeridad\\\/\"},\"author\":{\"name\":\"Redacci\u00f3n Pol\u00edticos\",\"@id\":\"https:\\\/\\\/politicosaldesnudo.com.mx\\\/#\\\/schema\\\/person\\\/ef3a64e561cc3f3f5dc52fab81adde7e\"},\"headline\":\"Ignacio Mier: reforma electoral apegada a la convicci\u00f3n de Morena en torno a la austeridad\",\"datePublished\":\"2026-02-19T06:08:15+00:00\",\"mainEntityOfPage\":{\"@id\":\"https:\\\/\\\/politicosaldesnudo.com.mx\\\/index.php\\\/2026\\\/02\\\/19\\\/ignacio-mier-reforma-electoral-apegada-a-la-conviccion-de-morena-en-torno-a-la-austeridad\\\/\"},\"wordCount\":253,\"publisher\":{\"@id\":\"https:\\\/\\\/politicosaldesnudo.com.mx\\\/#organization\"},\"image\":{\"@id\":\"https:\\\/\\\/politicosaldesnudo.com.mx\\\/index.php\\\/2026\\\/02\\\/19\\\/ignacio-mier-reforma-electoral-apegada-a-la-conviccion-de-morena-en-torno-a-la-austeridad\\\/#primaryimage\"},\"thumbnailUrl\":\"https:\\\/\\\/i0.wp.com\\\/politicosaldesnudo.com.mx\\\/wp-content\\\/uploads\\\/2026\\\/02\\\/REFEL.jpg?fit=1200%2C801&ssl=1\",\"articleSection\":[\"NACIONAL\"],\"inLanguage\":\"es\"},{\"@type\":\"WebPage\",\"@id\":\"https:\\\/\\\/politicosaldesnudo.com.mx\\\/index.php\\\/2026\\\/02\\\/19\\\/ignacio-mier-reforma-electoral-apegada-a-la-conviccion-de-morena-en-torno-a-la-austeridad\\\/\",\"url\":\"https:\\\/\\\/politicosaldesnudo.com.mx\\\/index.php\\\/2026\\\/02\\\/19\\\/ignacio-mier-reforma-electoral-apegada-a-la-conviccion-de-morena-en-torno-a-la-austeridad\\\/\",\"name\":\"Ignacio Mier: reforma electoral apegada a la convicci\u00f3n de Morena en torno a la austeridad - Pol\u00edticos al Desnudo\",\"isPartOf\":{\"@id\":\"https:\\\/\\\/politicosaldesnudo.com.mx\\\/#website\"},\"primaryImageOfPage\":{\"@id\":\"https:\\\/\\\/politicosaldesnudo.com.mx\\\/index.php\\\/2026\\\/02\\\/19\\\/ignacio-mier-reforma-electoral-apegada-a-la-conviccion-de-morena-en-torno-a-la-austeridad\\\/#primaryimage\"},\"image\":{\"@id\":\"https:\\\/\\\/politicosaldesnudo.com.mx\\\/index.php\\\/2026\\\/02\\\/19\\\/ignacio-mier-reforma-electoral-apegada-a-la-conviccion-de-morena-en-torno-a-la-austeridad\\\/#primaryimage\"},\"thumbnailUrl\":\"https:\\\/\\\/i0.wp.com\\\/politicosaldesnudo.com.mx\\\/wp-content\\\/uploads\\\/2026\\\/02\\\/REFEL.jpg?fit=1200%2C801&ssl=1\",\"datePublished\":\"2026-02-19T06:08:15+00:00\",\"breadcrumb\":{\"@id\":\"https:\\\/\\\/politicosaldesnudo.com.mx\\\/index.php\\\/2026\\\/02\\\/19\\\/ignacio-mier-reforma-electoral-apegada-a-la-conviccion-de-morena-en-torno-a-la-austeridad\\\/#breadcrumb\"},\"inLanguage\":\"es\",\"potentialAction\":[{\"@type\":\"ReadAction\",\"target\":[\"https:\\\/\\\/politicosaldesnudo.com.mx\\\/index.php\\\/2026\\\/02\\\/19\\\/ignacio-mier-reforma-electoral-apegada-a-la-conviccion-de-morena-en-torno-a-la-austeridad\\\/\"]}]},{\"@type\":\"ImageObject\",\"inLanguage\":\"es\",\"@id\":\"https:\\\/\\\/politicosaldesnudo.com.mx\\\/index.php\\\/2026\\\/02\\\/19\\\/ignacio-mier-reforma-electoral-apegada-a-la-conviccion-de-morena-en-torno-a-la-austeridad\\\/#primaryimage\",\"url\":\"https:\\\/\\\/i0.wp.com\\\/politicosaldesnudo.com.mx\\\/wp-content\\\/uploads\\\/2026\\\/02\\\/REFEL.jpg?fit=1200%2C801&ssl=1\",\"contentUrl\":\"https:\\\/\\\/i0.wp.com\\\/politicosaldesnudo.com.mx\\\/wp-content\\\/uploads\\\/2026\\\/02\\\/REFEL.jpg?fit=1200%2C801&ssl=1\",\"width\":1200,\"height\":801},{\"@type\":\"BreadcrumbList\",\"@id\":\"https:\\\/\\\/politicosaldesnudo.com.mx\\\/index.php\\\/2026\\\/02\\\/19\\\/ignacio-mier-reforma-electoral-apegada-a-la-conviccion-de-morena-en-torno-a-la-austeridad\\\/#breadcrumb\",\"itemListElement\":[{\"@type\":\"ListItem\",\"position\":1,\"name\":\"Portada\",\"item\":\"https:\\\/\\\/politicosaldesnudo.com.mx\\\/\"},{\"@type\":\"ListItem\",\"position\":2,\"name\":\"Ignacio Mier: reforma electoral apegada a la convicci\u00f3n de Morena en torno a la austeridad\"}]},{\"@type\":\"WebSite\",\"@id\":\"https:\\\/\\\/politicosaldesnudo.com.mx\\\/#website\",\"url\":\"https:\\\/\\\/politicosaldesnudo.com.mx\\\/\",\"name\":\"Pol\u00edticos al Desnudo\",\"description\":\"\",\"publisher\":{\"@id\":\"https:\\\/\\\/politicosaldesnudo.com.mx\\\/#organization\"},\"potentialAction\":[{\"@type\":\"SearchAction\",\"target\":{\"@type\":\"EntryPoint\",\"urlTemplate\":\"https:\\\/\\\/politicosaldesnudo.com.mx\\\/?s={search_term_string}\"},\"query-input\":{\"@type\":\"PropertyValueSpecification\",\"valueRequired\":true,\"valueName\":\"search_term_string\"}}],\"inLanguage\":\"es\"},{\"@type\":\"Organization\",\"@id\":\"https:\\\/\\\/politicosaldesnudo.com.mx\\\/#organization\",\"name\":\"Pol\u00edticos al Desnudo\",\"url\":\"https:\\\/\\\/politicosaldesnudo.com.mx\\\/\",\"logo\":{\"@type\":\"ImageObject\",\"inLanguage\":\"es\",\"@id\":\"https:\\\/\\\/politicosaldesnudo.com.mx\\\/#\\\/schema\\\/logo\\\/image\\\/\",\"url\":\"https:\\\/\\\/i0.wp.com\\\/politicosaldesnudo.com.mx\\\/wp-content\\\/uploads\\\/2026\\\/08\\\/cropped-logo.webp?fit=400%2C126&ssl=1\",\"contentUrl\":\"https:\\\/\\\/i0.wp.com\\\/politicosaldesnudo.com.mx\\\/wp-content\\\/uploads\\\/2026\\\/08\\\/cropped-logo.webp?fit=400%2C126&ssl=1\",\"width\":400,\"height\":126,\"caption\":\"Pol\u00edticos al Desnudo\"},\"image\":{\"@id\":\"https:\\\/\\\/politicosaldesnudo.com.mx\\\/#\\\/schema\\\/logo\\\/image\\\/\"},\"sameAs\":[\"https:\\\/\\\/www.facebook.com\\\/PoliticosAD\"]},{\"@type\":\"Person\",\"@id\":\"https:\\\/\\\/politicosaldesnudo.com.mx\\\/#\\\/schema\\\/person\\\/ef3a64e561cc3f3f5dc52fab81adde7e\",\"name\":\"Redacci\u00f3n Pol\u00edticos\",\"url\":\"https:\\\/\\\/politicosaldesnudo.com.mx\\\/index.php\\\/author\\\/redaccion-politicos\\\/\"}]}<\/script>\n<!-- \/ Yoast SEO plugin. -->","yoast_head_json":{"title":"Ignacio Mier: reforma electoral apegada a la convicci\u00f3n de Morena en torno a la austeridad - Pol\u00edticos al Desnudo","robots":{"index":"index","follow":"follow","max-snippet":"max-snippet:-1","max-image-preview":"max-image-preview:large","max-video-preview":"max-video-preview:-1"},"canonical":"https:\/\/politicosaldesnudo.com.mx\/index.php\/2026\/02\/19\/ignacio-mier-reforma-electoral-apegada-a-la-conviccion-de-morena-en-torno-a-la-austeridad\/","og_locale":"es_ES","og_type":"article","og_title":"Ignacio Mier: reforma electoral apegada a la convicci\u00f3n de Morena en torno a la austeridad - Pol\u00edticos al Desnudo","og_description":"La reforma electoral estar\u00e1 apegada a la convicci\u00f3n de Morena en torno a la austeridad, dijo el coordinador de este [&hellip;]","og_url":"https:\/\/politicosaldesnudo.com.mx\/index.php\/2026\/02\/19\/ignacio-mier-reforma-electoral-apegada-a-la-conviccion-de-morena-en-torno-a-la-austeridad\/","og_site_name":"Pol\u00edticos al Desnudo","article_publisher":"https:\/\/www.facebook.com\/PoliticosAD","article_published_time":"2026-02-19T06:08:15+00:00","og_image":[{"width":1200,"height":801,"url":"https:\/\/i0.wp.com\/politicosaldesnudo.com.mx\/wp-content\/uploads\/2026\/02\/REFEL.jpg?fit=1200%2C801&ssl=1","type":"image\/jpeg"}],"author":"Redacci\u00f3n Pol\u00edticos","twitter_card":"summary_large_image","twitter_misc":{"Escrito por":"Redacci\u00f3n Pol\u00edticos","Tiempo de lectura":"1 minuto"},"schema":{"@context":"https:\/\/schema.org","@graph":[{"@type":"Article","@id":"https:\/\/politicosaldesnudo.com.mx\/index.php\/2026\/02\/19\/ignacio-mier-reforma-electoral-apegada-a-la-conviccion-de-morena-en-torno-a-la-austeridad\/#article","isPartOf":{"@id":"https:\/\/politicosaldesnudo.com.mx\/index.php\/2026\/02\/19\/ignacio-mier-reforma-electoral-apegada-a-la-conviccion-de-morena-en-torno-a-la-austeridad\/"},"author":{"name":"Redacci\u00f3n Pol\u00edticos","@id":"https:\/\/politicosaldesnudo.com.mx\/#\/schema\/person\/ef3a64e561cc3f3f5dc52fab81adde7e"},"headline":"Ignacio Mier: reforma electoral apegada a la convicci\u00f3n de Morena en torno a la austeridad","datePublished":"2026-02-19T06:08:15+00:00","mainEntityOfPage":{"@id":"https:\/\/politicosaldesnudo.com.mx\/index.php\/2026\/02\/19\/ignacio-mier-reforma-electoral-apegada-a-la-conviccion-de-morena-en-torno-a-la-austeridad\/"},"wordCount":253,"publisher":{"@id":"https:\/\/politicosaldesnudo.com.mx\/#organization"},"image":{"@id":"https:\/\/politicosaldesnudo.com.mx\/index.php\/2026\/02\/19\/ignacio-mier-reforma-electoral-apegada-a-la-conviccion-de-morena-en-torno-a-la-austeridad\/#primaryimage"},"thumbnailUrl":"https:\/\/i0.wp.com\/politicosaldesnudo.com.mx\/wp-content\/uploads\/2026\/02\/REFEL.jpg?fit=1200%2C801&ssl=1","articleSection":["NACIONAL"],"inLanguage":"es"},{"@type":"WebPage","@id":"https:\/\/politicosaldesnudo.com.mx\/index.php\/2026\/02\/19\/ignacio-mier-reforma-electoral-apegada-a-la-conviccion-de-morena-en-torno-a-la-austeridad\/","url":"https:\/\/politicosaldesnudo.com.mx\/index.php\/2026\/02\/19\/ignacio-mier-reforma-electoral-apegada-a-la-conviccion-de-morena-en-torno-a-la-austeridad\/","name":"Ignacio Mier: reforma electoral apegada a la convicci\u00f3n de Morena en torno a la austeridad - Pol\u00edticos al Desnudo","isPartOf":{"@id":"https:\/\/politicosaldesnudo.com.mx\/#website"},"primaryImageOfPage":{"@id":"https:\/\/politicosaldesnudo.com.mx\/index.php\/2026\/02\/19\/ignacio-mier-reforma-electoral-apegada-a-la-conviccion-de-morena-en-torno-a-la-austeridad\/#primaryimage"},"image":{"@id":"https:\/\/politicosaldesnudo.com.mx\/index.php\/2026\/02\/19\/ignacio-mier-reforma-electoral-apegada-a-la-conviccion-de-morena-en-torno-a-la-austeridad\/#primaryimage"},"thumbnailUrl":"https:\/\/i0.wp.com\/politicosaldesnudo.com.mx\/wp-content\/uploads\/2026\/02\/REFEL.jpg?fit=1200%2C801&ssl=1","datePublished":"2026-02-19T06:08:15+00:00","breadcrumb":{"@id":"https:\/\/politicosaldesnudo.com.mx\/index.php\/2026\/02\/19\/ignacio-mier-reforma-electoral-apegada-a-la-conviccion-de-morena-en-torno-a-la-austeridad\/#breadcrumb"},"inLanguage":"es","potentialAction":[{"@type":"ReadAction","target":["https:\/\/politicosaldesnudo.com.mx\/index.php\/2026\/02\/19\/ignacio-mier-reforma-electoral-apegada-a-la-conviccion-de-morena-en-torno-a-la-austeridad\/"]}]},{"@type":"ImageObject","inLanguage":"es","@id":"https:\/\/politicosaldesnudo.com.mx\/index.php\/2026\/02\/19\/ignacio-mier-reforma-electoral-apegada-a-la-conviccion-de-morena-en-torno-a-la-austeridad\/#primaryimage","url":"https:\/\/i0.wp.com\/politicosaldesnudo.com.mx\/wp-content\/uploads\/2026\/02\/REFEL.jpg?fit=1200%2C801&ssl=1","contentUrl":"https:\/\/i0.wp.com\/politicosaldesnudo.com.mx\/wp-content\/uploads\/2026\/02\/REFEL.jpg?fit=1200%2C801&ssl=1","width":1200,"height":801},{"@type":"BreadcrumbList","@id":"https:\/\/politicosaldesnudo.com.mx\/index.php\/2026\/02\/19\/ignacio-mier-reforma-electoral-apegada-a-la-conviccion-de-morena-en-torno-a-la-austeridad\/#breadcrumb","itemListElement":[{"@type":"ListItem","position":1,"name":"Portada","item":"https:\/\/politicosaldesnudo.com.mx\/"},{"@type":"ListItem","position":2,"name":"Ignacio Mier: reforma electoral apegada a la convicci\u00f3n de Morena en torno a la austeridad"}]},{"@type":"WebSite","@id":"https:\/\/politicosaldesnudo.com.mx\/#website","url":"https:\/\/politicosaldesnudo.com.mx\/","name":"Pol\u00edticos al Desnudo","description":"","publisher":{"@id":"https:\/\/politicosaldesnudo.com.mx\/#organization"},"potentialAction":[{"@type":"SearchAction","target":{"@type":"EntryPoint","urlTemplate":"https:\/\/politicosaldesnudo.com.mx\/?s={search_term_string}"},"query-input":{"@type":"PropertyValueSpecification","valueRequired":true,"valueName":"search_term_string"}}],"inLanguage":"es"},{"@type":"Organization","@id":"https:\/\/politicosaldesnudo.com.mx\/#organization","name":"Pol\u00edticos al Desnudo","url":"https:\/\/politicosaldesnudo.com.mx\/","logo":{"@type":"ImageObject","inLanguage":"es","@id":"https:\/\/politicosaldesnudo.com.mx\/#\/schema\/logo\/image\/","url":"https:\/\/i0.wp.com\/politicosaldesnudo.com.mx\/wp-content\/uploads\/2026\/08\/cropped-logo.webp?fit=400%2C126&ssl=1","contentUrl":"https:\/\/i0.wp.com\/politicosaldesnudo.com.mx\/wp-content\/uploads\/2026\/08\/cropped-logo.webp?fit=400%2C126&ssl=1","width":400,"height":126,"caption":"Pol\u00edticos al Desnudo"},"image":{"@id":"https:\/\/politicosaldesnudo.com.mx\/#\/schema\/logo\/image\/"},"sameAs":["https:\/\/www.facebook.com\/PoliticosAD"]},{"@type":"Person","@id":"https:\/\/politicosaldesnudo.com.mx\/#\/schema\/person\/ef3a64e561cc3f3f5dc52fab81adde7e","name":"Redacci\u00f3n Pol\u00edticos","url":"https:\/\/politicosaldesnudo.com.mx\/index.php\/author\/redaccion-politicos\/"}]}},"jetpack_publicize_connections":[],"jetpack-related-posts":[{"id":88074,"url":"https:\/\/politicosaldesnudo.com.mx\/index.php\/2026\/08\/26\/presionado-por-acusaciones-enrique-inzunza-deja-la-bancada-de-morena-pero-no-el-senado\/","url_meta":{"origin":80243,"position":0},"title":"Presionado por acusaciones, Enrique Inzunza deja la bancada de Morena, pero no el Senado","author":"Redacci\u00f3n Pol\u00edticos","date":"26 de agosto de 2026","format":false,"excerpt":"El senador Enrique Inzunza anunci\u00f3 su salida del grupo parlamentario de Morena y continuar\u00e1 sus funciones como legislador independiente, en medio de los se\u00f1alamientos que lo relacionan presuntamente con la facci\u00f3n de Los Chapitos. La decisi\u00f3n fue comunicada mediante una carta enviada a Ignacio Mier, coordinador de la bancada morenista\u2026","rel":"","context":"En \u00abNACIONAL\u00bb","block_context":{"text":"NACIONAL","link":"https:\/\/politicosaldesnudo.com.mx\/index.php\/category\/nacional\/"},"img":{"alt_text":"","src":"https:\/\/i0.wp.com\/politicosaldesnudo.com.mx\/wp-content\/uploads\/2026\/08\/inzunza-1.png?fit=1200%2C675&ssl=1&resize=350%2C200","width":350,"height":200,"srcset":"https:\/\/i0.wp.com\/politicosaldesnudo.com.mx\/wp-content\/uploads\/2026\/08\/inzunza-1.png?fit=1200%2C675&ssl=1&resize=350%2C200 1x, https:\/\/i0.wp.com\/politicosaldesnudo.com.mx\/wp-content\/uploads\/2026\/08\/inzunza-1.png?fit=1200%2C675&ssl=1&resize=525%2C300 1.5x, https:\/\/i0.wp.com\/politicosaldesnudo.com.mx\/wp-content\/uploads\/2026\/08\/inzunza-1.png?fit=1200%2C675&ssl=1&resize=700%2C400 2x, https:\/\/i0.wp.com\/politicosaldesnudo.com.mx\/wp-content\/uploads\/2026\/08\/inzunza-1.png?fit=1200%2C675&ssl=1&resize=1050%2C600 3x"},"classes":[]},{"id":87902,"url":"https:\/\/politicosaldesnudo.com.mx\/index.php\/2026\/08\/19\/comision-permanente-avala-salida-de-monica-soto-tepjf-quedara-con-solo-cinco-magistraturas\/","url_meta":{"origin":80243,"position":1},"title":"Comisi\u00f3n Permanente avala salida de M\u00f3nica Soto; TEPJF quedar\u00e1 con s\u00f3lo cinco magistraturas","author":"Redacci\u00f3n Pol\u00edticos","date":"19 de agosto de 2026","format":false,"excerpt":"La Comisi\u00f3n Permanente del Congreso de la Uni\u00f3n aprob\u00f3 la renuncia de M\u00f3nica Aral\u00ed Soto Fregoso como magistrada de la Sala Superior del Tribunal Electoral del Poder Judicial de la Federaci\u00f3n (TEPJF). La separaci\u00f3n del cargo fue autorizada este mi\u00e9rcoles con 26 votos a favor, cinco en contra y cinco\u2026","rel":"","context":"En \u00abNACIONAL\u00bb","block_context":{"text":"NACIONAL","link":"https:\/\/politicosaldesnudo.com.mx\/index.php\/category\/nacional\/"},"img":{"alt_text":"","src":"https:\/\/i0.wp.com\/politicosaldesnudo.com.mx\/wp-content\/uploads\/2026\/08\/sup_12032024_1409.jpeg?fit=1200%2C857&ssl=1&resize=350%2C200","width":350,"height":200,"srcset":"https:\/\/i0.wp.com\/politicosaldesnudo.com.mx\/wp-content\/uploads\/2026\/08\/sup_12032024_1409.jpeg?fit=1200%2C857&ssl=1&resize=350%2C200 1x, https:\/\/i0.wp.com\/politicosaldesnudo.com.mx\/wp-content\/uploads\/2026\/08\/sup_12032024_1409.jpeg?fit=1200%2C857&ssl=1&resize=525%2C300 1.5x, https:\/\/i0.wp.com\/politicosaldesnudo.com.mx\/wp-content\/uploads\/2026\/08\/sup_12032024_1409.jpeg?fit=1200%2C857&ssl=1&resize=700%2C400 2x, https:\/\/i0.wp.com\/politicosaldesnudo.com.mx\/wp-content\/uploads\/2026\/08\/sup_12032024_1409.jpeg?fit=1200%2C857&ssl=1&resize=1050%2C600 3x"},"classes":[]},{"id":88244,"url":"https:\/\/politicosaldesnudo.com.mx\/index.php\/2026\/08\/31\/relevo-en-el-congreso-higinio-martinez-toma-el-senado-y-raul-bolanos-encabeza-san-lazaro\/","url_meta":{"origin":80243,"position":2},"title":"Relevo en el Congreso: Higinio Mart\u00ednez toma el Senado y Ra\u00fal Bola\u00f1os encabeza San L\u00e1zaro","author":"Redacci\u00f3n Pol\u00edticos","date":"31 de agosto de 2026","format":false,"excerpt":"Las dos c\u00e1maras del Congreso de la Uni\u00f3n renovaron sus mesas directivas para el \u00faltimo a\u00f1o de la LXVI Legislatura. Morena conservar\u00e1 la conducci\u00f3n del Senado, mientras el Partido Verde asumir\u00e1 por primera vez la presidencia de la C\u00e1mara de Diputados. El Congreso de la Uni\u00f3n inicia una nueva etapa\u2026","rel":"","context":"En \u00abNACIONAL\u00bb","block_context":{"text":"NACIONAL","link":"https:\/\/politicosaldesnudo.com.mx\/index.php\/category\/nacional\/"},"img":{"alt_text":"","src":"https:\/\/i0.wp.com\/politicosaldesnudo.com.mx\/wp-content\/uploads\/2026\/08\/3c93aced-3583-4f59-bf8b-eb1b5153d09e.png?fit=1200%2C675&ssl=1&resize=350%2C200","width":350,"height":200,"srcset":"https:\/\/i0.wp.com\/politicosaldesnudo.com.mx\/wp-content\/uploads\/2026\/08\/3c93aced-3583-4f59-bf8b-eb1b5153d09e.png?fit=1200%2C675&ssl=1&resize=350%2C200 1x, https:\/\/i0.wp.com\/politicosaldesnudo.com.mx\/wp-content\/uploads\/2026\/08\/3c93aced-3583-4f59-bf8b-eb1b5153d09e.png?fit=1200%2C675&ssl=1&resize=525%2C300 1.5x, https:\/\/i0.wp.com\/politicosaldesnudo.com.mx\/wp-content\/uploads\/2026\/08\/3c93aced-3583-4f59-bf8b-eb1b5153d09e.png?fit=1200%2C675&ssl=1&resize=700%2C400 2x, https:\/\/i0.wp.com\/politicosaldesnudo.com.mx\/wp-content\/uploads\/2026\/08\/3c93aced-3583-4f59-bf8b-eb1b5153d09e.png?fit=1200%2C675&ssl=1&resize=1050%2C600 3x"},"classes":[]},{"id":87950,"url":"https:\/\/politicosaldesnudo.com.mx\/index.php\/2026\/08\/21\/pan-abre-la-puerta-a-pactos-con-el-pri-en-veracruz-rumbo-a-2027\/","url_meta":{"origin":80243,"position":3},"title":"PAN abre la puerta a pactos con el PRI en Veracruz rumbo a 2027","author":"Redacci\u00f3n Pol\u00edticos","date":"21 de agosto de 2026","format":false,"excerpt":"La posibilidad de que el PAN y el PRI vuelvan a competir juntos en Veracruz no est\u00e1 completamente descartada. La dirigencia nacional de Acci\u00f3n Nacional evaluar\u00e1 cada distrito antes de decidir si establece acuerdos electorales para los comicios de 2027. Durante una visita a la entidad, el presidente nacional del\u2026","rel":"","context":"En \u00abESTADOS\u00bb","block_context":{"text":"ESTADOS","link":"https:\/\/politicosaldesnudo.com.mx\/index.php\/category\/estados\/"},"img":{"alt_text":"","src":"https:\/\/i0.wp.com\/politicosaldesnudo.com.mx\/wp-content\/uploads\/2026\/08\/pan-pri.png?fit=1200%2C675&ssl=1&resize=350%2C200","width":350,"height":200,"srcset":"https:\/\/i0.wp.com\/politicosaldesnudo.com.mx\/wp-content\/uploads\/2026\/08\/pan-pri.png?fit=1200%2C675&ssl=1&resize=350%2C200 1x, https:\/\/i0.wp.com\/politicosaldesnudo.com.mx\/wp-content\/uploads\/2026\/08\/pan-pri.png?fit=1200%2C675&ssl=1&resize=525%2C300 1.5x, https:\/\/i0.wp.com\/politicosaldesnudo.com.mx\/wp-content\/uploads\/2026\/08\/pan-pri.png?fit=1200%2C675&ssl=1&resize=700%2C400 2x, https:\/\/i0.wp.com\/politicosaldesnudo.com.mx\/wp-content\/uploads\/2026\/08\/pan-pri.png?fit=1200%2C675&ssl=1&resize=1050%2C600 3x"},"classes":[]},{"id":87930,"url":"https:\/\/politicosaldesnudo.com.mx\/index.php\/2026\/08\/21\/pan-busca-dejar-atras-la-influencia-de-los-yunes\/","url_meta":{"origin":80243,"position":4},"title":"PAN busca dejar atr\u00e1s la influencia de los Yunes","author":"Redacci\u00f3n Pol\u00edticos","date":"21 de agosto de 2026","format":false,"excerpt":"ALMA GRANDE POR \u00c1NGEL \u00c1LVARO PE\u00d1A La declaraci\u00f3n de Jorge Romero Herrera sobre Miguel \u00c1ngel Yunes Linares y Miguel \u00c1ngel Yunes M\u00e1rquez coloca nuevamente al PAN frente a una de las rupturas pol\u00edticas que m\u00e1s repercusi\u00f3n han tenido en Veracruz. El dirigente nacional asegur\u00f3 que los Yunes ya no tendr\u00e1n\u2026","rel":"","context":"En \u00abOPINI\u00d3N\u00bb","block_context":{"text":"OPINI\u00d3N","link":"https:\/\/politicosaldesnudo.com.mx\/index.php\/category\/columnistas\/"},"img":{"alt_text":"","src":"https:\/\/i0.wp.com\/politicosaldesnudo.com.mx\/wp-content\/uploads\/2026\/08\/ag-210826.png?fit=1200%2C659&ssl=1&resize=350%2C200","width":350,"height":200,"srcset":"https:\/\/i0.wp.com\/politicosaldesnudo.com.mx\/wp-content\/uploads\/2026\/08\/ag-210826.png?fit=1200%2C659&ssl=1&resize=350%2C200 1x, https:\/\/i0.wp.com\/politicosaldesnudo.com.mx\/wp-content\/uploads\/2026\/08\/ag-210826.png?fit=1200%2C659&ssl=1&resize=525%2C300 1.5x, https:\/\/i0.wp.com\/politicosaldesnudo.com.mx\/wp-content\/uploads\/2026\/08\/ag-210826.png?fit=1200%2C659&ssl=1&resize=700%2C400 2x, https:\/\/i0.wp.com\/politicosaldesnudo.com.mx\/wp-content\/uploads\/2026\/08\/ag-210826.png?fit=1200%2C659&ssl=1&resize=1050%2C600 3x"},"classes":[]},{"id":72843,"url":"https:\/\/politicosaldesnudo.com.mx\/index.php\/2025\/10\/15\/senado-extingue-fideicomiso-y-devuelve-mil-50-millones-de-pesos-a-la-federacion\/","url_meta":{"origin":80243,"position":5},"title":"Senado extingue fideicomiso y devuelve mil 50 millones de pesos a la Federaci\u00f3n","author":"Redacci\u00f3n Pol\u00edticos","date":"15 de octubre de 2025","format":false,"excerpt":"El Senado de la Rep\u00fablica acord\u00f3 extinguir el fideicomiso creado hace 31 a\u00f1os para la construcci\u00f3n y equipamiento de su sede de Reforma e Insurgentes y devolver\u00e1 los m\u00e1s de mil millones de pesos que contiene a la Tesorer\u00eda de la Federaci\u00f3n. La presidenta del Senado, Laura Itzel Castillo, ratific\u00f3\u2026","rel":"","context":"En \u00abNACIONAL\u00bb","block_context":{"text":"NACIONAL","link":"https:\/\/politicosaldesnudo.com.mx\/index.php\/category\/nacional\/"},"img":{"alt_text":"","src":"https:\/\/i0.wp.com\/politicosaldesnudo.com.mx\/wp-content\/uploads\/2025\/10\/RATY.jpg?fit=770%2C514&ssl=1&resize=350%2C200","width":350,"height":200,"srcset":"https:\/\/i0.wp.com\/politicosaldesnudo.com.mx\/wp-content\/uploads\/2025\/10\/RATY.jpg?fit=770%2C514&ssl=1&resize=350%2C200 1x, https:\/\/i0.wp.com\/politicosaldesnudo.com.mx\/wp-content\/uploads\/2025\/10\/RATY.jpg?fit=770%2C514&ssl=1&resize=525%2C300 1.5x, https:\/\/i0.wp.com\/politicosaldesnudo.com.mx\/wp-content\/uploads\/2025\/10\/RATY.jpg?fit=770%2C514&ssl=1&resize=700%2C400 2x"},"classes":[]}],"jetpack_sharing_enabled":true,"jetpack_featured_media_url":"https:\/\/i0.wp.com\/politicosaldesnudo.com.mx\/wp-content\/uploads\/2026\/02\/REFEL.jpg?fit=1200%2C801&ssl=1","_links":{"self":[{"href":"https:\/\/politicosaldesnudo.com.mx\/index.php\/wp-json\/wp\/v2\/posts\/80243","targetHints":{"allow":["GET"]}}],"collection":[{"href":"https:\/\/politicosaldesnudo.com.mx\/index.php\/wp-json\/wp\/v2\/posts"}],"about":[{"href":"https:\/\/politicosaldesnudo.com.mx\/index.php\/wp-json\/wp\/v2\/types\/post"}],"author":[{"embeddable":true,"href":"https:\/\/politicosaldesnudo.com.mx\/index.php\/wp-json\/wp\/v2\/users\/4"}],"replies":[{"embeddable":true,"href":"https:\/\/politicosaldesnudo.com.mx\/index.php\/wp-json\/wp\/v2\/comments?post=80243"}],"version-history":[{"count":0,"href":"https:\/\/politicosaldesnudo.com.mx\/index.php\/wp-json\/wp\/v2\/posts\/80243\/revisions"}],"wp:featuredmedia":[{"embeddable":true,"href":"https:\/\/politicosaldesnudo.com.mx\/index.php\/wp-json\/wp\/v2\/media\/80244"}],"wp:attachment":[{"href":"https:\/\/politicosaldesnudo.com.mx\/index.php\/wp-json\/wp\/v2\/media?parent=80243"}],"wp:term":[{"taxonomy":"category","embeddable":true,"href":"https:\/\/politicosaldesnudo.com.mx\/index.php\/wp-json\/wp\/v2\/categories?post=80243"},{"taxonomy":"post_tag","embeddable":true,"href":"https:\/\/politicosaldesnudo.com.mx\/index.php\/wp-json\/wp\/v2\/tags?post=80243"}],"curies":[{"name":"wp","href":"https:\/\/api.w.org\/{rel}","templated":true}]}}