{"id":80252,"date":"2026-02-19T00:11:17","date_gmt":"2026-02-19T06:11:17","guid":{"rendered":"https:\/\/politicosaldesnudo.com.mx\/?p=80252"},"modified":"2026-02-18T21:05:25","modified_gmt":"2026-02-19T03:05:25","slug":"japon-reafirma-inversion-en-mexico-pese-a-incertidumbre-internacional","status":"publish","type":"post","link":"https:\/\/politicosaldesnudo.com.mx\/index.php\/2026\/02\/19\/japon-reafirma-inversion-en-mexico-pese-a-incertidumbre-internacional\/","title":{"rendered":"Jap\u00f3n reafirma inversi\u00f3n en M\u00e9xico pese a incertidumbre internacional"},"content":{"rendered":"<p class=\"nota-justify\">Con el compromiso de \u201ccontinuar impulsando la inversi\u00f3n japonesa aqu\u00ed en M\u00e9xico\u201d, el embajador de Jap\u00f3n, Kozo Honsei, afirm\u00f3 este mi\u00e9rcoles que, en un contexto internacional de incertidumbre, es indispensable garantizar \u201cla certeza jur\u00eddica\u201d y atender \u201clas preocupaciones y desaf\u00edos que enfrentan las empresas japonesas\u201d en el pa\u00eds, incluidas las relacionadas con el T-MEC, para fortalecer el ambiente de negocios.<\/p>\n<p class=\"nota-justify\">En la ceremonia por la Fiesta Nacional de Jap\u00f3n, con motivo del cumplea\u00f1os 66 del emperador Naruhito, realizada en la residencia oficial en la Ciudad de M\u00e9xico, el diplom\u00e1tico subray\u00f3 que m\u00e1s de mil 600 empresas japonesas operan en el pa\u00eds, la cifra m\u00e1s alta en Am\u00e9rica Latina. Record\u00f3 que la relaci\u00f3n econ\u00f3mica se ha visto apuntalada por el Acuerdo de Asociaci\u00f3n Econ\u00f3mica bilateral y por la membres\u00eda com\u00fan en el Tratado Integral y Progresista de Asociaci\u00f3n Transpac\u00edfico (TIPAT). \u201cMientras se aseguren los dos aspectos fundamentales de un ambiente \u00f3ptimo para los negocios, tenemos la intenci\u00f3n de continuar impulsando la inversi\u00f3n japonesa\u201d, insisti\u00f3.<\/p>\n<p class=\"nota-justify\">Honsei destac\u00f3 que Jap\u00f3n fue el tercer mayor inversionista en M\u00e9xico en el tercer trimestre del a\u00f1o pasado y agradeci\u00f3 a quienes trabajan para fortalecer los v\u00ednculos econ\u00f3micos. En el plano multilateral, se\u00f1al\u00f3 la colaboraci\u00f3n en desarme, no proliferaci\u00f3n, cambio clim\u00e1tico y prevenci\u00f3n de desastres, y refrend\u00f3 la intenci\u00f3n de ampliar los intercambios ministeriales y parlamentarios.<\/p>\n<p class=\"nota-justify\">Por su parte, el ministro Fernando Gonz\u00e1lez Saiffe Gonz\u00e1lez, director general para Asia-Pac\u00edfico de la Secretar\u00eda de Relaciones Exteriores, afirm\u00f3 que la relaci\u00f3n con Jap\u00f3n \u201ces un referente de c\u00f3mo la diplomacia puede traducirse en bienestar tangible\u201d. Agradeci\u00f3 a las empresas japonesas \u201cpor creer en M\u00e9xico\u201d y resalt\u00f3 que sus operaciones han generado empleos y contribuido a la formaci\u00f3n de talento. Subray\u00f3 que la relaci\u00f3n comercial est\u00e1 cimentada en el acuerdo bilateral y el TIPAT, que han hecho de Jap\u00f3n \u201cuno de los socios m\u00e1s estrat\u00e9gicos y confiables\u201d.<\/p>\n<p class=\"nota-justify\">En materia tur\u00edstica, ambos celebraron el crecimiento de los flujos. M\u00e1s de 200 mil mexicanos visitaron Jap\u00f3n en 2025, cifra r\u00e9cord, favorecida por los vuelos directos de ANA y Aerom\u00e9xico. Honsei a\u00f1adi\u00f3 que este a\u00f1o se espera un aumento de turistas japoneses hacia M\u00e9xico.<\/p>\n<p class=\"nota-justify\">El embajador tambi\u00e9n resalt\u00f3 la expansi\u00f3n cultural: \u201cExisten alrededor de 7 mil 400 restaurantes japoneses en el pa\u00eds, cifra que representa la cuarta mayor a nivel mundial\u201d, dijo.<\/p>\n<p class=\"nota-justify\">La diputada Estefan\u00eda Guti\u00e9rrez Valtierra, presidenta del Grupo de Amistad M\u00e9xico-Jap\u00f3n, hizo el brindis. Reafirm\u00f3 el compromiso parlamentario de \u201cseguir fortaleciendo los lazos\u201d mediante el intercambio legislativo y expres\u00f3 sus mejores deseos al emperador y al pueblo japon\u00e9s.<\/p>\n<p class=\"nota-justify\">Asistieron representantes de la C\u00e1mara Japonesa en M\u00e9xico, de la Asociaci\u00f3n Japonesa y del Liceo Japon\u00e9s, as\u00ed como funcionarios federales y miembros del cuerpo diplom\u00e1tico.<\/p>\n","protected":false},"excerpt":{"rendered":"<p>Con el compromiso de \u201ccontinuar impulsando la inversi\u00f3n japonesa aqu\u00ed en M\u00e9xico\u201d, el embajador de Jap\u00f3n, Kozo Honsei, afirm\u00f3 este [&hellip;]<\/p>\n","protected":false},"author":4,"featured_media":80253,"comment_status":"closed","ping_status":"closed","sticky":false,"template":"","format":"standard","meta":{"site-sidebar-layout":"default","site-content-layout":"","ast-site-content-layout":"default","site-content-style":"default","site-sidebar-style":"default","ast-global-header-display":"","ast-banner-title-visibility":"","ast-main-header-display":"","ast-hfb-above-header-display":"","ast-hfb-below-header-display":"","ast-hfb-mobile-header-display":"","site-post-title":"","ast-breadcrumbs-content":"","ast-featured-img":"","footer-sml-layout":"","ast-disable-related-posts":"","theme-transparent-header-meta":"","adv-header-id-meta":"","stick-header-meta":"","header-above-stick-meta":"","header-main-stick-meta":"","header-below-stick-meta":"","astra-migrate-meta-layouts":"default","ast-page-background-enabled":"default","ast-page-background-meta":{"desktop":{"background-color":"var(--ast-global-color-5)","background-image":"","background-repeat":"repeat","background-position":"center center","background-size":"auto","background-attachment":"scroll","background-type":"","background-media":"","overlay-type":"","overlay-color":"","overlay-opacity":"","overlay-gradient":""},"tablet":{"background-color":"","background-image":"","background-repeat":"repeat","background-position":"center center","background-size":"auto","background-attachment":"scroll","background-type":"","background-media":"","overlay-type":"","overlay-color":"","overlay-opacity":"","overlay-gradient":""},"mobile":{"background-color":"","background-image":"","background-repeat":"repeat","background-position":"center center","background-size":"auto","background-attachment":"scroll","background-type":"","background-media":"","overlay-type":"","overlay-color":"","overlay-opacity":"","overlay-gradient":""}},"ast-content-background-meta":{"desktop":{"background-color":"var(--ast-global-color-4)","background-image":"","background-repeat":"repeat","background-position":"center center","background-size":"auto","background-attachment":"scroll","background-type":"","background-media":"","overlay-type":"","overlay-color":"","overlay-opacity":"","overlay-gradient":""},"tablet":{"background-color":"var(--ast-global-color-4)","background-image":"","background-repeat":"repeat","background-position":"center center","background-size":"auto","background-attachment":"scroll","background-type":"","background-media":"","overlay-type":"","overlay-color":"","overlay-opacity":"","overlay-gradient":""},"mobile":{"background-color":"var(--ast-global-color-4)","background-image":"","background-repeat":"repeat","background-position":"center center","background-size":"auto","background-attachment":"scroll","background-type":"","background-media":"","overlay-type":"","overlay-color":"","overlay-opacity":"","overlay-gradient":""}},"_jetpack_newsletter_access":"","_jetpack_dont_email_post_to_subs":false,"_jetpack_newsletter_tier_id":0,"_jetpack_memberships_contains_paywalled_content":false,"_jetpack_feature_clip_id":0,"_jetpack_memberships_contains_paid_content":false,"footnotes":"","jetpack_publicize_message":"","jetpack_publicize_feature_enabled":true,"jetpack_social_post_already_shared":true,"jetpack_social_options":{"image_generator_settings":{"template":"highway","default_image_id":0,"font":"","enabled":false},"version":2},"jetpack_post_was_ever_published":false},"categories":[2050],"tags":[],"class_list":["post-80252","post","type-post","status-publish","format-standard","has-post-thumbnail","hentry","category-economia"],"yoast_head":"<!-- This site is optimized with the Yoast SEO plugin v28.3 - https:\/\/yoast.com\/product\/yoast-seo-wordpress\/ -->\n<title>Jap\u00f3n reafirma inversi\u00f3n en M\u00e9xico pese a incertidumbre internacional - Pol\u00edticos al Desnudo<\/title>\n<meta name=\"robots\" content=\"index, follow, max-snippet:-1, max-image-preview:large, max-video-preview:-1\" \/>\n<link rel=\"canonical\" href=\"https:\/\/politicosaldesnudo.com.mx\/index.php\/2026\/02\/19\/japon-reafirma-inversion-en-mexico-pese-a-incertidumbre-internacional\/\" \/>\n<meta property=\"og:locale\" content=\"es_ES\" \/>\n<meta property=\"og:type\" content=\"article\" \/>\n<meta property=\"og:title\" content=\"Jap\u00f3n reafirma inversi\u00f3n en M\u00e9xico pese a incertidumbre internacional - Pol\u00edticos al Desnudo\" \/>\n<meta property=\"og:description\" content=\"Con el compromiso de \u201ccontinuar impulsando la inversi\u00f3n japonesa aqu\u00ed en M\u00e9xico\u201d, el embajador de Jap\u00f3n, Kozo Honsei, afirm\u00f3 este [&hellip;]\" \/>\n<meta property=\"og:url\" content=\"https:\/\/politicosaldesnudo.com.mx\/index.php\/2026\/02\/19\/japon-reafirma-inversion-en-mexico-pese-a-incertidumbre-internacional\/\" \/>\n<meta property=\"og:site_name\" content=\"Pol\u00edticos al Desnudo\" \/>\n<meta property=\"article:publisher\" content=\"https:\/\/www.facebook.com\/PoliticosAD\" \/>\n<meta property=\"article:published_time\" content=\"2026-02-19T06:11:17+00:00\" \/>\n<meta property=\"og:image\" content=\"https:\/\/i0.wp.com\/politicosaldesnudo.com.mx\/wp-content\/uploads\/2026\/02\/CHAL.jpg?fit=1200%2C800&ssl=1\" \/>\n\t<meta property=\"og:image:width\" content=\"1200\" \/>\n\t<meta property=\"og:image:height\" content=\"800\" \/>\n\t<meta property=\"og:image:type\" content=\"image\/jpeg\" \/>\n<meta name=\"author\" content=\"Redacci\u00f3n Pol\u00edticos\" \/>\n<meta name=\"twitter:card\" content=\"summary_large_image\" \/>\n<meta name=\"twitter:label1\" content=\"Escrito por\" \/>\n\t<meta name=\"twitter:data1\" content=\"Redacci\u00f3n Pol\u00edticos\" \/>\n\t<meta name=\"twitter:label2\" content=\"Tiempo de lectura\" \/>\n\t<meta name=\"twitter:data2\" content=\"3 minutos\" \/>\n<script type=\"application\/ld+json\" class=\"yoast-schema-graph\">{\"@context\":\"https:\\\/\\\/schema.org\",\"@graph\":[{\"@type\":\"Article\",\"@id\":\"https:\\\/\\\/politicosaldesnudo.com.mx\\\/index.php\\\/2026\\\/02\\\/19\\\/japon-reafirma-inversion-en-mexico-pese-a-incertidumbre-internacional\\\/#article\",\"isPartOf\":{\"@id\":\"https:\\\/\\\/politicosaldesnudo.com.mx\\\/index.php\\\/2026\\\/02\\\/19\\\/japon-reafirma-inversion-en-mexico-pese-a-incertidumbre-internacional\\\/\"},\"author\":{\"name\":\"Redacci\u00f3n Pol\u00edticos\",\"@id\":\"https:\\\/\\\/politicosaldesnudo.com.mx\\\/#\\\/schema\\\/person\\\/ef3a64e561cc3f3f5dc52fab81adde7e\"},\"headline\":\"Jap\u00f3n reafirma inversi\u00f3n en M\u00e9xico pese a incertidumbre internacional\",\"datePublished\":\"2026-02-19T06:11:17+00:00\",\"mainEntityOfPage\":{\"@id\":\"https:\\\/\\\/politicosaldesnudo.com.mx\\\/index.php\\\/2026\\\/02\\\/19\\\/japon-reafirma-inversion-en-mexico-pese-a-incertidumbre-internacional\\\/\"},\"wordCount\":518,\"publisher\":{\"@id\":\"https:\\\/\\\/politicosaldesnudo.com.mx\\\/#organization\"},\"image\":{\"@id\":\"https:\\\/\\\/politicosaldesnudo.com.mx\\\/index.php\\\/2026\\\/02\\\/19\\\/japon-reafirma-inversion-en-mexico-pese-a-incertidumbre-internacional\\\/#primaryimage\"},\"thumbnailUrl\":\"https:\\\/\\\/i0.wp.com\\\/politicosaldesnudo.com.mx\\\/wp-content\\\/uploads\\\/2026\\\/02\\\/CHAL.jpg?fit=1200%2C800&ssl=1\",\"articleSection\":[\"ECONOM\u00cdA\"],\"inLanguage\":\"es\"},{\"@type\":\"WebPage\",\"@id\":\"https:\\\/\\\/politicosaldesnudo.com.mx\\\/index.php\\\/2026\\\/02\\\/19\\\/japon-reafirma-inversion-en-mexico-pese-a-incertidumbre-internacional\\\/\",\"url\":\"https:\\\/\\\/politicosaldesnudo.com.mx\\\/index.php\\\/2026\\\/02\\\/19\\\/japon-reafirma-inversion-en-mexico-pese-a-incertidumbre-internacional\\\/\",\"name\":\"Jap\u00f3n reafirma inversi\u00f3n en M\u00e9xico pese a incertidumbre internacional - Pol\u00edticos al Desnudo\",\"isPartOf\":{\"@id\":\"https:\\\/\\\/politicosaldesnudo.com.mx\\\/#website\"},\"primaryImageOfPage\":{\"@id\":\"https:\\\/\\\/politicosaldesnudo.com.mx\\\/index.php\\\/2026\\\/02\\\/19\\\/japon-reafirma-inversion-en-mexico-pese-a-incertidumbre-internacional\\\/#primaryimage\"},\"image\":{\"@id\":\"https:\\\/\\\/politicosaldesnudo.com.mx\\\/index.php\\\/2026\\\/02\\\/19\\\/japon-reafirma-inversion-en-mexico-pese-a-incertidumbre-internacional\\\/#primaryimage\"},\"thumbnailUrl\":\"https:\\\/\\\/i0.wp.com\\\/politicosaldesnudo.com.mx\\\/wp-content\\\/uploads\\\/2026\\\/02\\\/CHAL.jpg?fit=1200%2C800&ssl=1\",\"datePublished\":\"2026-02-19T06:11:17+00:00\",\"breadcrumb\":{\"@id\":\"https:\\\/\\\/politicosaldesnudo.com.mx\\\/index.php\\\/2026\\\/02\\\/19\\\/japon-reafirma-inversion-en-mexico-pese-a-incertidumbre-internacional\\\/#breadcrumb\"},\"inLanguage\":\"es\",\"potentialAction\":[{\"@type\":\"ReadAction\",\"target\":[\"https:\\\/\\\/politicosaldesnudo.com.mx\\\/index.php\\\/2026\\\/02\\\/19\\\/japon-reafirma-inversion-en-mexico-pese-a-incertidumbre-internacional\\\/\"]}]},{\"@type\":\"ImageObject\",\"inLanguage\":\"es\",\"@id\":\"https:\\\/\\\/politicosaldesnudo.com.mx\\\/index.php\\\/2026\\\/02\\\/19\\\/japon-reafirma-inversion-en-mexico-pese-a-incertidumbre-internacional\\\/#primaryimage\",\"url\":\"https:\\\/\\\/i0.wp.com\\\/politicosaldesnudo.com.mx\\\/wp-content\\\/uploads\\\/2026\\\/02\\\/CHAL.jpg?fit=1200%2C800&ssl=1\",\"contentUrl\":\"https:\\\/\\\/i0.wp.com\\\/politicosaldesnudo.com.mx\\\/wp-content\\\/uploads\\\/2026\\\/02\\\/CHAL.jpg?fit=1200%2C800&ssl=1\",\"width\":1200,\"height\":800},{\"@type\":\"BreadcrumbList\",\"@id\":\"https:\\\/\\\/politicosaldesnudo.com.mx\\\/index.php\\\/2026\\\/02\\\/19\\\/japon-reafirma-inversion-en-mexico-pese-a-incertidumbre-internacional\\\/#breadcrumb\",\"itemListElement\":[{\"@type\":\"ListItem\",\"position\":1,\"name\":\"Portada\",\"item\":\"https:\\\/\\\/politicosaldesnudo.com.mx\\\/\"},{\"@type\":\"ListItem\",\"position\":2,\"name\":\"Jap\u00f3n reafirma inversi\u00f3n en M\u00e9xico pese a incertidumbre internacional\"}]},{\"@type\":\"WebSite\",\"@id\":\"https:\\\/\\\/politicosaldesnudo.com.mx\\\/#website\",\"url\":\"https:\\\/\\\/politicosaldesnudo.com.mx\\\/\",\"name\":\"Pol\u00edticos al Desnudo\",\"description\":\"\",\"publisher\":{\"@id\":\"https:\\\/\\\/politicosaldesnudo.com.mx\\\/#organization\"},\"potentialAction\":[{\"@type\":\"SearchAction\",\"target\":{\"@type\":\"EntryPoint\",\"urlTemplate\":\"https:\\\/\\\/politicosaldesnudo.com.mx\\\/?s={search_term_string}\"},\"query-input\":{\"@type\":\"PropertyValueSpecification\",\"valueRequired\":true,\"valueName\":\"search_term_string\"}}],\"inLanguage\":\"es\"},{\"@type\":\"Organization\",\"@id\":\"https:\\\/\\\/politicosaldesnudo.com.mx\\\/#organization\",\"name\":\"Pol\u00edticos al Desnudo\",\"url\":\"https:\\\/\\\/politicosaldesnudo.com.mx\\\/\",\"logo\":{\"@type\":\"ImageObject\",\"inLanguage\":\"es\",\"@id\":\"https:\\\/\\\/politicosaldesnudo.com.mx\\\/#\\\/schema\\\/logo\\\/image\\\/\",\"url\":\"https:\\\/\\\/i0.wp.com\\\/politicosaldesnudo.com.mx\\\/wp-content\\\/uploads\\\/2026\\\/08\\\/cropped-logo.webp?fit=400%2C126&ssl=1\",\"contentUrl\":\"https:\\\/\\\/i0.wp.com\\\/politicosaldesnudo.com.mx\\\/wp-content\\\/uploads\\\/2026\\\/08\\\/cropped-logo.webp?fit=400%2C126&ssl=1\",\"width\":400,\"height\":126,\"caption\":\"Pol\u00edticos al Desnudo\"},\"image\":{\"@id\":\"https:\\\/\\\/politicosaldesnudo.com.mx\\\/#\\\/schema\\\/logo\\\/image\\\/\"},\"sameAs\":[\"https:\\\/\\\/www.facebook.com\\\/PoliticosAD\"]},{\"@type\":\"Person\",\"@id\":\"https:\\\/\\\/politicosaldesnudo.com.mx\\\/#\\\/schema\\\/person\\\/ef3a64e561cc3f3f5dc52fab81adde7e\",\"name\":\"Redacci\u00f3n Pol\u00edticos\",\"url\":\"https:\\\/\\\/politicosaldesnudo.com.mx\\\/index.php\\\/author\\\/redaccion-politicos\\\/\"}]}<\/script>\n<!-- \/ Yoast SEO plugin. -->","yoast_head_json":{"title":"Jap\u00f3n reafirma inversi\u00f3n en M\u00e9xico pese a incertidumbre internacional - Pol\u00edticos al Desnudo","robots":{"index":"index","follow":"follow","max-snippet":"max-snippet:-1","max-image-preview":"max-image-preview:large","max-video-preview":"max-video-preview:-1"},"canonical":"https:\/\/politicosaldesnudo.com.mx\/index.php\/2026\/02\/19\/japon-reafirma-inversion-en-mexico-pese-a-incertidumbre-internacional\/","og_locale":"es_ES","og_type":"article","og_title":"Jap\u00f3n reafirma inversi\u00f3n en M\u00e9xico pese a incertidumbre internacional - Pol\u00edticos al Desnudo","og_description":"Con el compromiso de \u201ccontinuar impulsando la inversi\u00f3n japonesa aqu\u00ed en M\u00e9xico\u201d, el embajador de Jap\u00f3n, Kozo Honsei, afirm\u00f3 este [&hellip;]","og_url":"https:\/\/politicosaldesnudo.com.mx\/index.php\/2026\/02\/19\/japon-reafirma-inversion-en-mexico-pese-a-incertidumbre-internacional\/","og_site_name":"Pol\u00edticos al Desnudo","article_publisher":"https:\/\/www.facebook.com\/PoliticosAD","article_published_time":"2026-02-19T06:11:17+00:00","og_image":[{"width":1200,"height":800,"url":"https:\/\/i0.wp.com\/politicosaldesnudo.com.mx\/wp-content\/uploads\/2026\/02\/CHAL.jpg?fit=1200%2C800&ssl=1","type":"image\/jpeg"}],"author":"Redacci\u00f3n Pol\u00edticos","twitter_card":"summary_large_image","twitter_misc":{"Escrito por":"Redacci\u00f3n Pol\u00edticos","Tiempo de lectura":"3 minutos"},"schema":{"@context":"https:\/\/schema.org","@graph":[{"@type":"Article","@id":"https:\/\/politicosaldesnudo.com.mx\/index.php\/2026\/02\/19\/japon-reafirma-inversion-en-mexico-pese-a-incertidumbre-internacional\/#article","isPartOf":{"@id":"https:\/\/politicosaldesnudo.com.mx\/index.php\/2026\/02\/19\/japon-reafirma-inversion-en-mexico-pese-a-incertidumbre-internacional\/"},"author":{"name":"Redacci\u00f3n Pol\u00edticos","@id":"https:\/\/politicosaldesnudo.com.mx\/#\/schema\/person\/ef3a64e561cc3f3f5dc52fab81adde7e"},"headline":"Jap\u00f3n reafirma inversi\u00f3n en M\u00e9xico pese a incertidumbre internacional","datePublished":"2026-02-19T06:11:17+00:00","mainEntityOfPage":{"@id":"https:\/\/politicosaldesnudo.com.mx\/index.php\/2026\/02\/19\/japon-reafirma-inversion-en-mexico-pese-a-incertidumbre-internacional\/"},"wordCount":518,"publisher":{"@id":"https:\/\/politicosaldesnudo.com.mx\/#organization"},"image":{"@id":"https:\/\/politicosaldesnudo.com.mx\/index.php\/2026\/02\/19\/japon-reafirma-inversion-en-mexico-pese-a-incertidumbre-internacional\/#primaryimage"},"thumbnailUrl":"https:\/\/i0.wp.com\/politicosaldesnudo.com.mx\/wp-content\/uploads\/2026\/02\/CHAL.jpg?fit=1200%2C800&ssl=1","articleSection":["ECONOM\u00cdA"],"inLanguage":"es"},{"@type":"WebPage","@id":"https:\/\/politicosaldesnudo.com.mx\/index.php\/2026\/02\/19\/japon-reafirma-inversion-en-mexico-pese-a-incertidumbre-internacional\/","url":"https:\/\/politicosaldesnudo.com.mx\/index.php\/2026\/02\/19\/japon-reafirma-inversion-en-mexico-pese-a-incertidumbre-internacional\/","name":"Jap\u00f3n reafirma inversi\u00f3n en M\u00e9xico pese a incertidumbre internacional - Pol\u00edticos al Desnudo","isPartOf":{"@id":"https:\/\/politicosaldesnudo.com.mx\/#website"},"primaryImageOfPage":{"@id":"https:\/\/politicosaldesnudo.com.mx\/index.php\/2026\/02\/19\/japon-reafirma-inversion-en-mexico-pese-a-incertidumbre-internacional\/#primaryimage"},"image":{"@id":"https:\/\/politicosaldesnudo.com.mx\/index.php\/2026\/02\/19\/japon-reafirma-inversion-en-mexico-pese-a-incertidumbre-internacional\/#primaryimage"},"thumbnailUrl":"https:\/\/i0.wp.com\/politicosaldesnudo.com.mx\/wp-content\/uploads\/2026\/02\/CHAL.jpg?fit=1200%2C800&ssl=1","datePublished":"2026-02-19T06:11:17+00:00","breadcrumb":{"@id":"https:\/\/politicosaldesnudo.com.mx\/index.php\/2026\/02\/19\/japon-reafirma-inversion-en-mexico-pese-a-incertidumbre-internacional\/#breadcrumb"},"inLanguage":"es","potentialAction":[{"@type":"ReadAction","target":["https:\/\/politicosaldesnudo.com.mx\/index.php\/2026\/02\/19\/japon-reafirma-inversion-en-mexico-pese-a-incertidumbre-internacional\/"]}]},{"@type":"ImageObject","inLanguage":"es","@id":"https:\/\/politicosaldesnudo.com.mx\/index.php\/2026\/02\/19\/japon-reafirma-inversion-en-mexico-pese-a-incertidumbre-internacional\/#primaryimage","url":"https:\/\/i0.wp.com\/politicosaldesnudo.com.mx\/wp-content\/uploads\/2026\/02\/CHAL.jpg?fit=1200%2C800&ssl=1","contentUrl":"https:\/\/i0.wp.com\/politicosaldesnudo.com.mx\/wp-content\/uploads\/2026\/02\/CHAL.jpg?fit=1200%2C800&ssl=1","width":1200,"height":800},{"@type":"BreadcrumbList","@id":"https:\/\/politicosaldesnudo.com.mx\/index.php\/2026\/02\/19\/japon-reafirma-inversion-en-mexico-pese-a-incertidumbre-internacional\/#breadcrumb","itemListElement":[{"@type":"ListItem","position":1,"name":"Portada","item":"https:\/\/politicosaldesnudo.com.mx\/"},{"@type":"ListItem","position":2,"name":"Jap\u00f3n reafirma inversi\u00f3n en M\u00e9xico pese a incertidumbre internacional"}]},{"@type":"WebSite","@id":"https:\/\/politicosaldesnudo.com.mx\/#website","url":"https:\/\/politicosaldesnudo.com.mx\/","name":"Pol\u00edticos al Desnudo","description":"","publisher":{"@id":"https:\/\/politicosaldesnudo.com.mx\/#organization"},"potentialAction":[{"@type":"SearchAction","target":{"@type":"EntryPoint","urlTemplate":"https:\/\/politicosaldesnudo.com.mx\/?s={search_term_string}"},"query-input":{"@type":"PropertyValueSpecification","valueRequired":true,"valueName":"search_term_string"}}],"inLanguage":"es"},{"@type":"Organization","@id":"https:\/\/politicosaldesnudo.com.mx\/#organization","name":"Pol\u00edticos al Desnudo","url":"https:\/\/politicosaldesnudo.com.mx\/","logo":{"@type":"ImageObject","inLanguage":"es","@id":"https:\/\/politicosaldesnudo.com.mx\/#\/schema\/logo\/image\/","url":"https:\/\/i0.wp.com\/politicosaldesnudo.com.mx\/wp-content\/uploads\/2026\/08\/cropped-logo.webp?fit=400%2C126&ssl=1","contentUrl":"https:\/\/i0.wp.com\/politicosaldesnudo.com.mx\/wp-content\/uploads\/2026\/08\/cropped-logo.webp?fit=400%2C126&ssl=1","width":400,"height":126,"caption":"Pol\u00edticos al Desnudo"},"image":{"@id":"https:\/\/politicosaldesnudo.com.mx\/#\/schema\/logo\/image\/"},"sameAs":["https:\/\/www.facebook.com\/PoliticosAD"]},{"@type":"Person","@id":"https:\/\/politicosaldesnudo.com.mx\/#\/schema\/person\/ef3a64e561cc3f3f5dc52fab81adde7e","name":"Redacci\u00f3n Pol\u00edticos","url":"https:\/\/politicosaldesnudo.com.mx\/index.php\/author\/redaccion-politicos\/"}]}},"jetpack_publicize_connections":[],"jetpack-related-posts":[{"id":87045,"url":"https:\/\/politicosaldesnudo.com.mx\/index.php\/2026\/07\/20\/en-medio-de-una-tensa-relacion-diplomatica-finalmente-claudia-sheinbaum-y-donald-trump-dialogan\/","url_meta":{"origin":80252,"position":0},"title":"En medio de una tensa relaci\u00f3n diplom\u00e1tica finalmente Claudia Sheinbaum y Donald Trump dialogan","author":"Redacci\u00f3n Pol\u00edticos","date":"20 de julio de 2026","format":false,"excerpt":"Tras la invitaci\u00f3n que le hiciera el presidente de los Estados Unidos, Donald Trump a su hom\u00f3loga de M\u00e9xico, Claudia Sheinbaum Pardo, para asistir a presenciar la final del mundial de f\u00fatbol, entre Argentina y Espa\u00f1a y; despu\u00e9s de cancelar un vuelo comercial y viajar en un avi\u00f3n militar, fue\u2026","rel":"","context":"En \u00abOPINI\u00d3N\u00bb","block_context":{"text":"OPINI\u00d3N","link":"https:\/\/politicosaldesnudo.com.mx\/index.php\/category\/columnistas\/"},"img":{"alt_text":"","src":"https:\/\/i0.wp.com\/politicosaldesnudo.com.mx\/wp-content\/uploads\/2026\/02\/LEAD-POLITICO-AZUL.jpg?fit=800%2C445&ssl=1&resize=350%2C200","width":350,"height":200,"srcset":"https:\/\/i0.wp.com\/politicosaldesnudo.com.mx\/wp-content\/uploads\/2026\/02\/LEAD-POLITICO-AZUL.jpg?fit=800%2C445&ssl=1&resize=350%2C200 1x, https:\/\/i0.wp.com\/politicosaldesnudo.com.mx\/wp-content\/uploads\/2026\/02\/LEAD-POLITICO-AZUL.jpg?fit=800%2C445&ssl=1&resize=525%2C300 1.5x, https:\/\/i0.wp.com\/politicosaldesnudo.com.mx\/wp-content\/uploads\/2026\/02\/LEAD-POLITICO-AZUL.jpg?fit=800%2C445&ssl=1&resize=700%2C400 2x"},"classes":[]},{"id":87993,"url":"https:\/\/politicosaldesnudo.com.mx\/index.php\/2026\/08\/23\/fuerte-sismo-sacude-tokio-y-deja-37-heridos-descartan-riesgo-de-tsunami\/","url_meta":{"origin":80252,"position":1},"title":"Fuerte sismo sacude Tokio y deja 37 heridos; descartan riesgo de tsunami","author":"Redacci\u00f3n Pol\u00edticos","date":"23 de agosto de 2026","format":false,"excerpt":"Un sismo de magnitud 5.9 estremeci\u00f3 durante la madrugada de este domingo el este de Jap\u00f3n, incluida el \u00e1rea metropolitana de Tokio, con un saldo preliminar de 37 personas lesionadas y afectaciones en el transporte y la red de agua. El movimiento tel\u00farico ocurri\u00f3 alrededor de las 2:00 horas y\u2026","rel":"","context":"En \u00abINTERNACIONAL\u00bb","block_context":{"text":"INTERNACIONAL","link":"https:\/\/politicosaldesnudo.com.mx\/index.php\/category\/internacional\/"},"img":{"alt_text":"","src":"https:\/\/i0.wp.com\/politicosaldesnudo.com.mx\/wp-content\/uploads\/2026\/08\/sismoo.png?fit=1200%2C675&ssl=1&resize=350%2C200","width":350,"height":200,"srcset":"https:\/\/i0.wp.com\/politicosaldesnudo.com.mx\/wp-content\/uploads\/2026\/08\/sismoo.png?fit=1200%2C675&ssl=1&resize=350%2C200 1x, https:\/\/i0.wp.com\/politicosaldesnudo.com.mx\/wp-content\/uploads\/2026\/08\/sismoo.png?fit=1200%2C675&ssl=1&resize=525%2C300 1.5x, https:\/\/i0.wp.com\/politicosaldesnudo.com.mx\/wp-content\/uploads\/2026\/08\/sismoo.png?fit=1200%2C675&ssl=1&resize=700%2C400 2x, https:\/\/i0.wp.com\/politicosaldesnudo.com.mx\/wp-content\/uploads\/2026\/08\/sismoo.png?fit=1200%2C675&ssl=1&resize=1050%2C600 3x"},"classes":[]},{"id":87059,"url":"https:\/\/politicosaldesnudo.com.mx\/index.php\/2026\/07\/20\/claudia-sheinbaum-cuida-su-relacion-con-eu\/","url_meta":{"origin":80252,"position":2},"title":"Claudia Sheinbaum cuida su relaci\u00f3n con EU","author":"Redacci\u00f3n Pol\u00edticos","date":"20 de julio de 2026","format":false,"excerpt":"ALMA GRANDE POR \u00c1NGEL \u00c1LVARO PE\u00d1A La imagen de la presidenta de M\u00e9xico, Claudia Sheinbaum, junto al presidente de Estados Unidos, Donald Trump, y al primer ministro de Canad\u00e1, Mark Carney, durante la final de la Copa Mundial de la FIFA 2026 en Nueva York tiene un significado que rebasa\u2026","rel":"","context":"En \u00abOPINI\u00d3N\u00bb","block_context":{"text":"OPINI\u00d3N","link":"https:\/\/politicosaldesnudo.com.mx\/index.php\/category\/columnistas\/"},"img":{"alt_text":"","src":"https:\/\/i0.wp.com\/politicosaldesnudo.com.mx\/wp-content\/uploads\/2026\/07\/BANNER-LOPEZ-DORIGA-DIGITAL-3.jpg?fit=800%2C445&ssl=1&resize=350%2C200","width":350,"height":200,"srcset":"https:\/\/i0.wp.com\/politicosaldesnudo.com.mx\/wp-content\/uploads\/2026\/07\/BANNER-LOPEZ-DORIGA-DIGITAL-3.jpg?fit=800%2C445&ssl=1&resize=350%2C200 1x, https:\/\/i0.wp.com\/politicosaldesnudo.com.mx\/wp-content\/uploads\/2026\/07\/BANNER-LOPEZ-DORIGA-DIGITAL-3.jpg?fit=800%2C445&ssl=1&resize=525%2C300 1.5x, https:\/\/i0.wp.com\/politicosaldesnudo.com.mx\/wp-content\/uploads\/2026\/07\/BANNER-LOPEZ-DORIGA-DIGITAL-3.jpg?fit=800%2C445&ssl=1&resize=700%2C400 2x"},"classes":[]},{"id":87194,"url":"https:\/\/politicosaldesnudo.com.mx\/index.php\/2026\/07\/24\/industria-del-tequila-integra-mas-de-166-actividades-economicas-en-mexico\/","url_meta":{"origin":80252,"position":3},"title":"Industria del tequila integra m\u00e1s de 166 actividades econ\u00f3micas en M\u00e9xico","author":"Redacci\u00f3n Pol\u00edticos","date":"24 de julio de 2026","format":false,"excerpt":"La cadena de valor del tequila integra m\u00e1s de 166 actividades econ\u00f3micas, desde el cultivo del agave hasta el embotellado, en las que participan jimadores, maestros tequileros, ingenieros y especialistas, seg\u00fan un comunicado\u00a0de Casa Herradura. El destilado se conmemora cada 24 de julio con el D\u00eda Internacional del Tequila y\u2026","rel":"","context":"En \u00abECONOM\u00cdA\u00bb","block_context":{"text":"ECONOM\u00cdA","link":"https:\/\/politicosaldesnudo.com.mx\/index.php\/category\/economia\/"},"img":{"alt_text":"","src":"https:\/\/i0.wp.com\/politicosaldesnudo.com.mx\/wp-content\/uploads\/2026\/07\/ATEH.webp?fit=1200%2C741&ssl=1&resize=350%2C200","width":350,"height":200,"srcset":"https:\/\/i0.wp.com\/politicosaldesnudo.com.mx\/wp-content\/uploads\/2026\/07\/ATEH.webp?fit=1200%2C741&ssl=1&resize=350%2C200 1x, https:\/\/i0.wp.com\/politicosaldesnudo.com.mx\/wp-content\/uploads\/2026\/07\/ATEH.webp?fit=1200%2C741&ssl=1&resize=525%2C300 1.5x, https:\/\/i0.wp.com\/politicosaldesnudo.com.mx\/wp-content\/uploads\/2026\/07\/ATEH.webp?fit=1200%2C741&ssl=1&resize=700%2C400 2x, https:\/\/i0.wp.com\/politicosaldesnudo.com.mx\/wp-content\/uploads\/2026\/07\/ATEH.webp?fit=1200%2C741&ssl=1&resize=1050%2C600 3x"},"classes":[]},{"id":88186,"url":"https:\/\/politicosaldesnudo.com.mx\/index.php\/2026\/08\/30\/gobierno-busca-poner-lupa-a-capital-extranjero-en-sectores-estrategicos-de-mexico\/","url_meta":{"origin":80252,"position":4},"title":"Gobierno busca poner lupa a capital extranjero en sectores estrat\u00e9gicos de M\u00e9xico","author":"Redacci\u00f3n Pol\u00edticos","date":"30 de agosto de 2026","format":false,"excerpt":"El Gobierno federal pretende reforzar la vigilancia sobre las operaciones mediante las cuales inversionistas extranjeros adquieren el control de compa\u00f1\u00edas mexicanas vinculadas con infraestructura, tecnolog\u00eda o informaci\u00f3n considerada sensible. La presidenta Claudia Sheinbaum envi\u00f3 al Senado una iniciativa para modificar la Ley de Inversi\u00f3n Extranjera y establecer un procedimiento especial\u2026","rel":"","context":"En \u00abNACIONAL\u00bb","block_context":{"text":"NACIONAL","link":"https:\/\/politicosaldesnudo.com.mx\/index.php\/category\/nacional\/"},"img":{"alt_text":"","src":"https:\/\/i0.wp.com\/politicosaldesnudo.com.mx\/wp-content\/uploads\/2026\/08\/maxresdefault.jpg?fit=1200%2C675&ssl=1&resize=350%2C200","width":350,"height":200,"srcset":"https:\/\/i0.wp.com\/politicosaldesnudo.com.mx\/wp-content\/uploads\/2026\/08\/maxresdefault.jpg?fit=1200%2C675&ssl=1&resize=350%2C200 1x, https:\/\/i0.wp.com\/politicosaldesnudo.com.mx\/wp-content\/uploads\/2026\/08\/maxresdefault.jpg?fit=1200%2C675&ssl=1&resize=525%2C300 1.5x, https:\/\/i0.wp.com\/politicosaldesnudo.com.mx\/wp-content\/uploads\/2026\/08\/maxresdefault.jpg?fit=1200%2C675&ssl=1&resize=700%2C400 2x, https:\/\/i0.wp.com\/politicosaldesnudo.com.mx\/wp-content\/uploads\/2026\/08\/maxresdefault.jpg?fit=1200%2C675&ssl=1&resize=1050%2C600 3x"},"classes":[]},{"id":88137,"url":"https:\/\/politicosaldesnudo.com.mx\/index.php\/2026\/08\/28\/trump-sella-megacuerdo-con-venezuela-estados-unidos-controlara-65-mil-millones-de-barriles-de-petroleo\/","url_meta":{"origin":80252,"position":5},"title":"Trump sella megacuerdo con Venezuela: Estados Unidos controlar\u00e1 65 mil millones de barriles de petr\u00f3leo","author":"Redacci\u00f3n Pol\u00edticos","date":"28 de agosto de 2026","format":false,"excerpt":"Estados Unidos tendr\u00e1 participaci\u00f3n mayoritaria sobre una parte estrat\u00e9gica de las reservas petroleras de Venezuela, luego de que el presidente Donald Trump anunciara un acuerdo que calific\u00f3 como el m\u00e1s grande alcanzado en la historia de la industria energ\u00e9tica. El convenio contempla que Washington obtenga el control operativo de m\u00e1s\u2026","rel":"","context":"En \u00abINTERNACIONAL\u00bb","block_context":{"text":"INTERNACIONAL","link":"https:\/\/politicosaldesnudo.com.mx\/index.php\/category\/internacional\/"},"img":{"alt_text":"","src":"https:\/\/i0.wp.com\/politicosaldesnudo.com.mx\/wp-content\/uploads\/2026\/08\/TRUNP.jpg?fit=640%2C427&ssl=1&resize=350%2C200","width":350,"height":200,"srcset":"https:\/\/i0.wp.com\/politicosaldesnudo.com.mx\/wp-content\/uploads\/2026\/08\/TRUNP.jpg?fit=640%2C427&ssl=1&resize=350%2C200 1x, https:\/\/i0.wp.com\/politicosaldesnudo.com.mx\/wp-content\/uploads\/2026\/08\/TRUNP.jpg?fit=640%2C427&ssl=1&resize=525%2C300 1.5x"},"classes":[]}],"jetpack_sharing_enabled":true,"jetpack_featured_media_url":"https:\/\/i0.wp.com\/politicosaldesnudo.com.mx\/wp-content\/uploads\/2026\/02\/CHAL.jpg?fit=1200%2C800&ssl=1","_links":{"self":[{"href":"https:\/\/politicosaldesnudo.com.mx\/index.php\/wp-json\/wp\/v2\/posts\/80252","targetHints":{"allow":["GET"]}}],"collection":[{"href":"https:\/\/politicosaldesnudo.com.mx\/index.php\/wp-json\/wp\/v2\/posts"}],"about":[{"href":"https:\/\/politicosaldesnudo.com.mx\/index.php\/wp-json\/wp\/v2\/types\/post"}],"author":[{"embeddable":true,"href":"https:\/\/politicosaldesnudo.com.mx\/index.php\/wp-json\/wp\/v2\/users\/4"}],"replies":[{"embeddable":true,"href":"https:\/\/politicosaldesnudo.com.mx\/index.php\/wp-json\/wp\/v2\/comments?post=80252"}],"version-history":[{"count":0,"href":"https:\/\/politicosaldesnudo.com.mx\/index.php\/wp-json\/wp\/v2\/posts\/80252\/revisions"}],"wp:featuredmedia":[{"embeddable":true,"href":"https:\/\/politicosaldesnudo.com.mx\/index.php\/wp-json\/wp\/v2\/media\/80253"}],"wp:attachment":[{"href":"https:\/\/politicosaldesnudo.com.mx\/index.php\/wp-json\/wp\/v2\/media?parent=80252"}],"wp:term":[{"taxonomy":"category","embeddable":true,"href":"https:\/\/politicosaldesnudo.com.mx\/index.php\/wp-json\/wp\/v2\/categories?post=80252"},{"taxonomy":"post_tag","embeddable":true,"href":"https:\/\/politicosaldesnudo.com.mx\/index.php\/wp-json\/wp\/v2\/tags?post=80252"}],"curies":[{"name":"wp","href":"https:\/\/api.w.org\/{rel}","templated":true}]}}