{"id":80258,"date":"2026-02-19T00:13:00","date_gmt":"2026-02-19T06:13:00","guid":{"rendered":"https:\/\/politicosaldesnudo.com.mx\/?p=80258"},"modified":"2026-02-18T21:42:17","modified_gmt":"2026-02-19T03:42:17","slug":"campesinos-de-zacatecas-exigen-a-sheinbaum-ley-que-regule-precios-agricolas","status":"publish","type":"post","link":"https:\/\/politicosaldesnudo.com.mx\/index.php\/2026\/02\/19\/campesinos-de-zacatecas-exigen-a-sheinbaum-ley-que-regule-precios-agricolas\/","title":{"rendered":"Campesinos de Zacatecas exigen a Sheinbaum ley que regule precios agr\u00edcolas"},"content":{"rendered":"<div id=\"article-content-tts\" class=\"nota-contenido mb-5\">\n<div id=\"content_nitf\">\n<p class=\"nota-justify\">En su segundo d\u00eda de protestas, con un bloqueo carretero intermitente sobre la autopista Zacatecas-Fresnillo, a la altura del municipio de Calera, campesinos de varios municipios solicitaron a la presidenta Claudia Sheinbaum, ser su voz \u201cpara exigir a la C\u00e1mara de Diputados\u201d, legislar y crear una ley federal \u201cque regule los precios de los productos del campo, como son los granos, hortalizas y c\u00e1rnicos\u201d.<\/p>\n<p class=\"nota-justify\">\u201cQue se regule el precio para fortalecer la econom\u00eda de los productores, porque no es justo que, en el caso del frijol, tres o cuatro personas de ciertos monopolios empresariales a nivel nacional, se entrevistaron en el estado de Zacatecas, para ponerse de acuerdo de a c\u00f3mo iban a despojar del producto \u2013a los campesinos-, y fijar un precio desleal de 7, 8 o 10 pesos m\u00e1ximo\u201d.<\/p>\n<p class=\"nota-justify\">Esa regulaci\u00f3n es urgente, indic\u00f3 en conferencia de prensa realizada en la capital zacatecana, Alberto de Santiago Murillo -uno de los voceros del Movimiento en Defensa del Campo Mexicano, en la entidad, acompa\u00f1ado de productores de distintos municipios, y l\u00edder de la asociaci\u00f3n de Agricultores de \u00c1reas Agr\u00edcolas de Zacatecas.<\/p>\n<p class=\"nota-justify\">De Santiago Murillo exhort\u00f3 \u201crespetuosamente a la se\u00f1ora Presidenta de la Rep\u00fablica, para que ponga a trabajar al Poder Legislativo, porque nos est\u00e1n debiendo, a ella y a nosotros los productores agr\u00edcolas\u201d.<\/p>\n<p class=\"nota-justify\">\u201cA ella, porque est\u00e1n incumpliendo las \u00f3rdenes, los mandatos \u2013de pagar el precio de frijol en 27 pesos el kilogramo-, que nosotros hemos reclamado, sin embargo, ahorita proponemos que se genere una ley que regule los precios de los productos del campo\u201d.<\/p>\n<p class=\"nota-justify\">El l\u00edder campesino record\u00f3 que actualmente, en la central de abastos de la Ciudad de M\u00e9xico, \u201clas entradas (compras) de frijol, por mayoreo, en el caso de los negros es de 18 pesos, y de los pintos y claros es de 20. Y el precio de salida (venta) de mayoreo es de 20 pesos y 22 pesos, respectivamente. Ah\u00ed vemos que la ley de la oferta y la demanda est\u00e1 operando de forma muy diferente, de c\u00f3mo opera en el\u00a0<i>coyotaje<\/i>\u201d.<\/p>\n<p class=\"nota-justify\">\u201c\u00bfC\u00f3mo va a ser posible que tres o cuatro monopolios de empresas, est\u00e9n manipulando las decisiones y los mandatos de la se\u00f1ora presidenta, y abusando de la necesidad de los productores? Es aqu\u00ed donde decimos: Se\u00f1ora Presidenta ponga a trabajar a su Poder Legislativo, que generen una pol\u00edtica nacional, una pol\u00edtica aut\u00f3noma, que proteja los precios de los productores\u201d.<\/p>\n<p class=\"nota-justify\">La necesidad de una ley que regule los precios de los productos agr\u00edcolas, debe contemplar, adem\u00e1s, indic\u00f3 Murillo de Santiago, una reglamentaci\u00f3n que proteja a los agricultores nacionales frente a los precios internacionales de los productos aqu\u00ed producidos, independiente de las bolsas de valores y mercados burs\u00e1tiles:<\/p>\n<p class=\"nota-justify\">\u201cPodemos tener tratados de libre comercio con todas las naciones del mundo, pero primero debemos proteger los intereses y la autonom\u00eda de la naci\u00f3n, a trav\u00e9s de sus precios, beneficiando a todos los productores\u201d.<\/p>\n<p class=\"nota-justify\">Esto es posible, se\u00f1al\u00f3, porque hay otros pa\u00edses, donde s\u00ed existen estas leyes. Tienen tambi\u00e9n tratados de libre comercio con muchas naciones, \u201cpero primero protegen a sus productores, primero protegen a su pueblo\u201d.<\/p>\n<p class=\"nota-justify\">\u201cEs aqu\u00ed donde la ley debe de obligar a quienes tienen el recurso, a quienes tienen las bodegas, para que compren justamente, con base a los costos de producci\u00f3n, con base a los costos de la vida, al desgaste de la maquinaria, al desgaste de la propia tierra. Porque no se vale, que, a ojos de usted, y de nosotros, y de la sociedad, est\u00e9n despojando a los productores \u00e9stos grandes coyotes empresariales\u201d.<\/p>\n<\/div>\n<\/div>\n<div class=\"notas-relacionadas\"><\/div>\n<div class=\"nota-tags\"><\/div>\n","protected":false},"excerpt":{"rendered":"<p>En su segundo d\u00eda de protestas, con un bloqueo carretero intermitente sobre la autopista Zacatecas-Fresnillo, a la altura del municipio [&hellip;]<\/p>\n","protected":false},"author":4,"featured_media":80259,"comment_status":"closed","ping_status":"closed","sticky":false,"template":"","format":"standard","meta":{"site-sidebar-layout":"default","site-content-layout":"","ast-site-content-layout":"default","site-content-style":"default","site-sidebar-style":"default","ast-global-header-display":"","ast-banner-title-visibility":"","ast-main-header-display":"","ast-hfb-above-header-display":"","ast-hfb-below-header-display":"","ast-hfb-mobile-header-display":"","site-post-title":"","ast-breadcrumbs-content":"","ast-featured-img":"","footer-sml-layout":"","ast-disable-related-posts":"","theme-transparent-header-meta":"","adv-header-id-meta":"","stick-header-meta":"","header-above-stick-meta":"","header-main-stick-meta":"","header-below-stick-meta":"","astra-migrate-meta-layouts":"default","ast-page-background-enabled":"default","ast-page-background-meta":{"desktop":{"background-color":"var(--ast-global-color-5)","background-image":"","background-repeat":"repeat","background-position":"center center","background-size":"auto","background-attachment":"scroll","background-type":"","background-media":"","overlay-type":"","overlay-color":"","overlay-opacity":"","overlay-gradient":""},"tablet":{"background-color":"","background-image":"","background-repeat":"repeat","background-position":"center center","background-size":"auto","background-attachment":"scroll","background-type":"","background-media":"","overlay-type":"","overlay-color":"","overlay-opacity":"","overlay-gradient":""},"mobile":{"background-color":"","background-image":"","background-repeat":"repeat","background-position":"center center","background-size":"auto","background-attachment":"scroll","background-type":"","background-media":"","overlay-type":"","overlay-color":"","overlay-opacity":"","overlay-gradient":""}},"ast-content-background-meta":{"desktop":{"background-color":"var(--ast-global-color-4)","background-image":"","background-repeat":"repeat","background-position":"center center","background-size":"auto","background-attachment":"scroll","background-type":"","background-media":"","overlay-type":"","overlay-color":"","overlay-opacity":"","overlay-gradient":""},"tablet":{"background-color":"var(--ast-global-color-4)","background-image":"","background-repeat":"repeat","background-position":"center center","background-size":"auto","background-attachment":"scroll","background-type":"","background-media":"","overlay-type":"","overlay-color":"","overlay-opacity":"","overlay-gradient":""},"mobile":{"background-color":"var(--ast-global-color-4)","background-image":"","background-repeat":"repeat","background-position":"center center","background-size":"auto","background-attachment":"scroll","background-type":"","background-media":"","overlay-type":"","overlay-color":"","overlay-opacity":"","overlay-gradient":""}},"_jetpack_newsletter_access":"","_jetpack_dont_email_post_to_subs":false,"_jetpack_newsletter_tier_id":0,"_jetpack_memberships_contains_paywalled_content":false,"_jetpack_feature_clip_id":0,"_jetpack_memberships_contains_paid_content":false,"footnotes":"","jetpack_publicize_message":"","jetpack_publicize_feature_enabled":true,"jetpack_social_post_already_shared":true,"jetpack_social_options":{"image_generator_settings":{"template":"highway","default_image_id":0,"font":"","enabled":false},"version":2},"jetpack_post_was_ever_published":false},"categories":[30],"tags":[],"class_list":["post-80258","post","type-post","status-publish","format-standard","has-post-thumbnail","hentry","category-estados"],"yoast_head":"<!-- This site is optimized with the Yoast SEO plugin v28.3 - https:\/\/yoast.com\/product\/yoast-seo-wordpress\/ -->\n<title>Campesinos de Zacatecas exigen a Sheinbaum ley que regule precios agr\u00edcolas - Pol\u00edticos al Desnudo<\/title>\n<meta name=\"robots\" content=\"index, follow, max-snippet:-1, max-image-preview:large, max-video-preview:-1\" \/>\n<link rel=\"canonical\" href=\"https:\/\/politicosaldesnudo.com.mx\/index.php\/2026\/02\/19\/campesinos-de-zacatecas-exigen-a-sheinbaum-ley-que-regule-precios-agricolas\/\" \/>\n<meta property=\"og:locale\" content=\"es_ES\" \/>\n<meta property=\"og:type\" content=\"article\" \/>\n<meta property=\"og:title\" content=\"Campesinos de Zacatecas exigen a Sheinbaum ley que regule precios agr\u00edcolas - Pol\u00edticos al Desnudo\" \/>\n<meta property=\"og:description\" content=\"En su segundo d\u00eda de protestas, con un bloqueo carretero intermitente sobre la autopista Zacatecas-Fresnillo, a la altura del municipio [&hellip;]\" \/>\n<meta property=\"og:url\" content=\"https:\/\/politicosaldesnudo.com.mx\/index.php\/2026\/02\/19\/campesinos-de-zacatecas-exigen-a-sheinbaum-ley-que-regule-precios-agricolas\/\" \/>\n<meta property=\"og:site_name\" content=\"Pol\u00edticos al Desnudo\" \/>\n<meta property=\"article:publisher\" content=\"https:\/\/www.facebook.com\/PoliticosAD\" \/>\n<meta property=\"article:published_time\" content=\"2026-02-19T06:13:00+00:00\" \/>\n<meta property=\"og:image\" content=\"https:\/\/i0.wp.com\/politicosaldesnudo.com.mx\/wp-content\/uploads\/2026\/02\/image_750x422_671418948cc78.jpg?fit=750%2C422&ssl=1\" \/>\n\t<meta property=\"og:image:width\" content=\"750\" \/>\n\t<meta property=\"og:image:height\" content=\"422\" \/>\n\t<meta property=\"og:image:type\" content=\"image\/jpeg\" \/>\n<meta name=\"author\" content=\"Redacci\u00f3n Pol\u00edticos\" \/>\n<meta name=\"twitter:card\" content=\"summary_large_image\" \/>\n<meta name=\"twitter:label1\" content=\"Escrito por\" \/>\n\t<meta name=\"twitter:data1\" content=\"Redacci\u00f3n Pol\u00edticos\" \/>\n\t<meta name=\"twitter:label2\" content=\"Tiempo de lectura\" \/>\n\t<meta name=\"twitter:data2\" content=\"3 minutos\" \/>\n<script type=\"application\/ld+json\" class=\"yoast-schema-graph\">{\"@context\":\"https:\\\/\\\/schema.org\",\"@graph\":[{\"@type\":\"Article\",\"@id\":\"https:\\\/\\\/politicosaldesnudo.com.mx\\\/index.php\\\/2026\\\/02\\\/19\\\/campesinos-de-zacatecas-exigen-a-sheinbaum-ley-que-regule-precios-agricolas\\\/#article\",\"isPartOf\":{\"@id\":\"https:\\\/\\\/politicosaldesnudo.com.mx\\\/index.php\\\/2026\\\/02\\\/19\\\/campesinos-de-zacatecas-exigen-a-sheinbaum-ley-que-regule-precios-agricolas\\\/\"},\"author\":{\"name\":\"Redacci\u00f3n Pol\u00edticos\",\"@id\":\"https:\\\/\\\/politicosaldesnudo.com.mx\\\/#\\\/schema\\\/person\\\/ef3a64e561cc3f3f5dc52fab81adde7e\"},\"headline\":\"Campesinos de Zacatecas exigen a Sheinbaum ley que regule precios agr\u00edcolas\",\"datePublished\":\"2026-02-19T06:13:00+00:00\",\"mainEntityOfPage\":{\"@id\":\"https:\\\/\\\/politicosaldesnudo.com.mx\\\/index.php\\\/2026\\\/02\\\/19\\\/campesinos-de-zacatecas-exigen-a-sheinbaum-ley-que-regule-precios-agricolas\\\/\"},\"wordCount\":624,\"publisher\":{\"@id\":\"https:\\\/\\\/politicosaldesnudo.com.mx\\\/#organization\"},\"image\":{\"@id\":\"https:\\\/\\\/politicosaldesnudo.com.mx\\\/index.php\\\/2026\\\/02\\\/19\\\/campesinos-de-zacatecas-exigen-a-sheinbaum-ley-que-regule-precios-agricolas\\\/#primaryimage\"},\"thumbnailUrl\":\"https:\\\/\\\/i0.wp.com\\\/politicosaldesnudo.com.mx\\\/wp-content\\\/uploads\\\/2026\\\/02\\\/image_750x422_671418948cc78.jpg?fit=750%2C422&ssl=1\",\"articleSection\":[\"ESTADOS\"],\"inLanguage\":\"es\"},{\"@type\":\"WebPage\",\"@id\":\"https:\\\/\\\/politicosaldesnudo.com.mx\\\/index.php\\\/2026\\\/02\\\/19\\\/campesinos-de-zacatecas-exigen-a-sheinbaum-ley-que-regule-precios-agricolas\\\/\",\"url\":\"https:\\\/\\\/politicosaldesnudo.com.mx\\\/index.php\\\/2026\\\/02\\\/19\\\/campesinos-de-zacatecas-exigen-a-sheinbaum-ley-que-regule-precios-agricolas\\\/\",\"name\":\"Campesinos de Zacatecas exigen a Sheinbaum ley que regule precios agr\u00edcolas - Pol\u00edticos al Desnudo\",\"isPartOf\":{\"@id\":\"https:\\\/\\\/politicosaldesnudo.com.mx\\\/#website\"},\"primaryImageOfPage\":{\"@id\":\"https:\\\/\\\/politicosaldesnudo.com.mx\\\/index.php\\\/2026\\\/02\\\/19\\\/campesinos-de-zacatecas-exigen-a-sheinbaum-ley-que-regule-precios-agricolas\\\/#primaryimage\"},\"image\":{\"@id\":\"https:\\\/\\\/politicosaldesnudo.com.mx\\\/index.php\\\/2026\\\/02\\\/19\\\/campesinos-de-zacatecas-exigen-a-sheinbaum-ley-que-regule-precios-agricolas\\\/#primaryimage\"},\"thumbnailUrl\":\"https:\\\/\\\/i0.wp.com\\\/politicosaldesnudo.com.mx\\\/wp-content\\\/uploads\\\/2026\\\/02\\\/image_750x422_671418948cc78.jpg?fit=750%2C422&ssl=1\",\"datePublished\":\"2026-02-19T06:13:00+00:00\",\"breadcrumb\":{\"@id\":\"https:\\\/\\\/politicosaldesnudo.com.mx\\\/index.php\\\/2026\\\/02\\\/19\\\/campesinos-de-zacatecas-exigen-a-sheinbaum-ley-que-regule-precios-agricolas\\\/#breadcrumb\"},\"inLanguage\":\"es\",\"potentialAction\":[{\"@type\":\"ReadAction\",\"target\":[\"https:\\\/\\\/politicosaldesnudo.com.mx\\\/index.php\\\/2026\\\/02\\\/19\\\/campesinos-de-zacatecas-exigen-a-sheinbaum-ley-que-regule-precios-agricolas\\\/\"]}]},{\"@type\":\"ImageObject\",\"inLanguage\":\"es\",\"@id\":\"https:\\\/\\\/politicosaldesnudo.com.mx\\\/index.php\\\/2026\\\/02\\\/19\\\/campesinos-de-zacatecas-exigen-a-sheinbaum-ley-que-regule-precios-agricolas\\\/#primaryimage\",\"url\":\"https:\\\/\\\/i0.wp.com\\\/politicosaldesnudo.com.mx\\\/wp-content\\\/uploads\\\/2026\\\/02\\\/image_750x422_671418948cc78.jpg?fit=750%2C422&ssl=1\",\"contentUrl\":\"https:\\\/\\\/i0.wp.com\\\/politicosaldesnudo.com.mx\\\/wp-content\\\/uploads\\\/2026\\\/02\\\/image_750x422_671418948cc78.jpg?fit=750%2C422&ssl=1\",\"width\":750,\"height\":422},{\"@type\":\"BreadcrumbList\",\"@id\":\"https:\\\/\\\/politicosaldesnudo.com.mx\\\/index.php\\\/2026\\\/02\\\/19\\\/campesinos-de-zacatecas-exigen-a-sheinbaum-ley-que-regule-precios-agricolas\\\/#breadcrumb\",\"itemListElement\":[{\"@type\":\"ListItem\",\"position\":1,\"name\":\"Portada\",\"item\":\"https:\\\/\\\/politicosaldesnudo.com.mx\\\/\"},{\"@type\":\"ListItem\",\"position\":2,\"name\":\"Campesinos de Zacatecas exigen a Sheinbaum ley que regule precios agr\u00edcolas\"}]},{\"@type\":\"WebSite\",\"@id\":\"https:\\\/\\\/politicosaldesnudo.com.mx\\\/#website\",\"url\":\"https:\\\/\\\/politicosaldesnudo.com.mx\\\/\",\"name\":\"Pol\u00edticos al Desnudo\",\"description\":\"\",\"publisher\":{\"@id\":\"https:\\\/\\\/politicosaldesnudo.com.mx\\\/#organization\"},\"potentialAction\":[{\"@type\":\"SearchAction\",\"target\":{\"@type\":\"EntryPoint\",\"urlTemplate\":\"https:\\\/\\\/politicosaldesnudo.com.mx\\\/?s={search_term_string}\"},\"query-input\":{\"@type\":\"PropertyValueSpecification\",\"valueRequired\":true,\"valueName\":\"search_term_string\"}}],\"inLanguage\":\"es\"},{\"@type\":\"Organization\",\"@id\":\"https:\\\/\\\/politicosaldesnudo.com.mx\\\/#organization\",\"name\":\"Pol\u00edticos al Desnudo\",\"url\":\"https:\\\/\\\/politicosaldesnudo.com.mx\\\/\",\"logo\":{\"@type\":\"ImageObject\",\"inLanguage\":\"es\",\"@id\":\"https:\\\/\\\/politicosaldesnudo.com.mx\\\/#\\\/schema\\\/logo\\\/image\\\/\",\"url\":\"https:\\\/\\\/i0.wp.com\\\/politicosaldesnudo.com.mx\\\/wp-content\\\/uploads\\\/2026\\\/08\\\/cropped-logo.webp?fit=400%2C126&ssl=1\",\"contentUrl\":\"https:\\\/\\\/i0.wp.com\\\/politicosaldesnudo.com.mx\\\/wp-content\\\/uploads\\\/2026\\\/08\\\/cropped-logo.webp?fit=400%2C126&ssl=1\",\"width\":400,\"height\":126,\"caption\":\"Pol\u00edticos al Desnudo\"},\"image\":{\"@id\":\"https:\\\/\\\/politicosaldesnudo.com.mx\\\/#\\\/schema\\\/logo\\\/image\\\/\"},\"sameAs\":[\"https:\\\/\\\/www.facebook.com\\\/PoliticosAD\"]},{\"@type\":\"Person\",\"@id\":\"https:\\\/\\\/politicosaldesnudo.com.mx\\\/#\\\/schema\\\/person\\\/ef3a64e561cc3f3f5dc52fab81adde7e\",\"name\":\"Redacci\u00f3n Pol\u00edticos\",\"url\":\"https:\\\/\\\/politicosaldesnudo.com.mx\\\/index.php\\\/author\\\/redaccion-politicos\\\/\"}]}<\/script>\n<!-- \/ Yoast SEO plugin. -->","yoast_head_json":{"title":"Campesinos de Zacatecas exigen a Sheinbaum ley que regule precios agr\u00edcolas - Pol\u00edticos al Desnudo","robots":{"index":"index","follow":"follow","max-snippet":"max-snippet:-1","max-image-preview":"max-image-preview:large","max-video-preview":"max-video-preview:-1"},"canonical":"https:\/\/politicosaldesnudo.com.mx\/index.php\/2026\/02\/19\/campesinos-de-zacatecas-exigen-a-sheinbaum-ley-que-regule-precios-agricolas\/","og_locale":"es_ES","og_type":"article","og_title":"Campesinos de Zacatecas exigen a Sheinbaum ley que regule precios agr\u00edcolas - Pol\u00edticos al Desnudo","og_description":"En su segundo d\u00eda de protestas, con un bloqueo carretero intermitente sobre la autopista Zacatecas-Fresnillo, a la altura del municipio [&hellip;]","og_url":"https:\/\/politicosaldesnudo.com.mx\/index.php\/2026\/02\/19\/campesinos-de-zacatecas-exigen-a-sheinbaum-ley-que-regule-precios-agricolas\/","og_site_name":"Pol\u00edticos al Desnudo","article_publisher":"https:\/\/www.facebook.com\/PoliticosAD","article_published_time":"2026-02-19T06:13:00+00:00","og_image":[{"width":750,"height":422,"url":"https:\/\/i0.wp.com\/politicosaldesnudo.com.mx\/wp-content\/uploads\/2026\/02\/image_750x422_671418948cc78.jpg?fit=750%2C422&ssl=1","type":"image\/jpeg"}],"author":"Redacci\u00f3n Pol\u00edticos","twitter_card":"summary_large_image","twitter_misc":{"Escrito por":"Redacci\u00f3n Pol\u00edticos","Tiempo de lectura":"3 minutos"},"schema":{"@context":"https:\/\/schema.org","@graph":[{"@type":"Article","@id":"https:\/\/politicosaldesnudo.com.mx\/index.php\/2026\/02\/19\/campesinos-de-zacatecas-exigen-a-sheinbaum-ley-que-regule-precios-agricolas\/#article","isPartOf":{"@id":"https:\/\/politicosaldesnudo.com.mx\/index.php\/2026\/02\/19\/campesinos-de-zacatecas-exigen-a-sheinbaum-ley-que-regule-precios-agricolas\/"},"author":{"name":"Redacci\u00f3n Pol\u00edticos","@id":"https:\/\/politicosaldesnudo.com.mx\/#\/schema\/person\/ef3a64e561cc3f3f5dc52fab81adde7e"},"headline":"Campesinos de Zacatecas exigen a Sheinbaum ley que regule precios agr\u00edcolas","datePublished":"2026-02-19T06:13:00+00:00","mainEntityOfPage":{"@id":"https:\/\/politicosaldesnudo.com.mx\/index.php\/2026\/02\/19\/campesinos-de-zacatecas-exigen-a-sheinbaum-ley-que-regule-precios-agricolas\/"},"wordCount":624,"publisher":{"@id":"https:\/\/politicosaldesnudo.com.mx\/#organization"},"image":{"@id":"https:\/\/politicosaldesnudo.com.mx\/index.php\/2026\/02\/19\/campesinos-de-zacatecas-exigen-a-sheinbaum-ley-que-regule-precios-agricolas\/#primaryimage"},"thumbnailUrl":"https:\/\/i0.wp.com\/politicosaldesnudo.com.mx\/wp-content\/uploads\/2026\/02\/image_750x422_671418948cc78.jpg?fit=750%2C422&ssl=1","articleSection":["ESTADOS"],"inLanguage":"es"},{"@type":"WebPage","@id":"https:\/\/politicosaldesnudo.com.mx\/index.php\/2026\/02\/19\/campesinos-de-zacatecas-exigen-a-sheinbaum-ley-que-regule-precios-agricolas\/","url":"https:\/\/politicosaldesnudo.com.mx\/index.php\/2026\/02\/19\/campesinos-de-zacatecas-exigen-a-sheinbaum-ley-que-regule-precios-agricolas\/","name":"Campesinos de Zacatecas exigen a Sheinbaum ley que regule precios agr\u00edcolas - Pol\u00edticos al Desnudo","isPartOf":{"@id":"https:\/\/politicosaldesnudo.com.mx\/#website"},"primaryImageOfPage":{"@id":"https:\/\/politicosaldesnudo.com.mx\/index.php\/2026\/02\/19\/campesinos-de-zacatecas-exigen-a-sheinbaum-ley-que-regule-precios-agricolas\/#primaryimage"},"image":{"@id":"https:\/\/politicosaldesnudo.com.mx\/index.php\/2026\/02\/19\/campesinos-de-zacatecas-exigen-a-sheinbaum-ley-que-regule-precios-agricolas\/#primaryimage"},"thumbnailUrl":"https:\/\/i0.wp.com\/politicosaldesnudo.com.mx\/wp-content\/uploads\/2026\/02\/image_750x422_671418948cc78.jpg?fit=750%2C422&ssl=1","datePublished":"2026-02-19T06:13:00+00:00","breadcrumb":{"@id":"https:\/\/politicosaldesnudo.com.mx\/index.php\/2026\/02\/19\/campesinos-de-zacatecas-exigen-a-sheinbaum-ley-que-regule-precios-agricolas\/#breadcrumb"},"inLanguage":"es","potentialAction":[{"@type":"ReadAction","target":["https:\/\/politicosaldesnudo.com.mx\/index.php\/2026\/02\/19\/campesinos-de-zacatecas-exigen-a-sheinbaum-ley-que-regule-precios-agricolas\/"]}]},{"@type":"ImageObject","inLanguage":"es","@id":"https:\/\/politicosaldesnudo.com.mx\/index.php\/2026\/02\/19\/campesinos-de-zacatecas-exigen-a-sheinbaum-ley-que-regule-precios-agricolas\/#primaryimage","url":"https:\/\/i0.wp.com\/politicosaldesnudo.com.mx\/wp-content\/uploads\/2026\/02\/image_750x422_671418948cc78.jpg?fit=750%2C422&ssl=1","contentUrl":"https:\/\/i0.wp.com\/politicosaldesnudo.com.mx\/wp-content\/uploads\/2026\/02\/image_750x422_671418948cc78.jpg?fit=750%2C422&ssl=1","width":750,"height":422},{"@type":"BreadcrumbList","@id":"https:\/\/politicosaldesnudo.com.mx\/index.php\/2026\/02\/19\/campesinos-de-zacatecas-exigen-a-sheinbaum-ley-que-regule-precios-agricolas\/#breadcrumb","itemListElement":[{"@type":"ListItem","position":1,"name":"Portada","item":"https:\/\/politicosaldesnudo.com.mx\/"},{"@type":"ListItem","position":2,"name":"Campesinos de Zacatecas exigen a Sheinbaum ley que regule precios agr\u00edcolas"}]},{"@type":"WebSite","@id":"https:\/\/politicosaldesnudo.com.mx\/#website","url":"https:\/\/politicosaldesnudo.com.mx\/","name":"Pol\u00edticos al Desnudo","description":"","publisher":{"@id":"https:\/\/politicosaldesnudo.com.mx\/#organization"},"potentialAction":[{"@type":"SearchAction","target":{"@type":"EntryPoint","urlTemplate":"https:\/\/politicosaldesnudo.com.mx\/?s={search_term_string}"},"query-input":{"@type":"PropertyValueSpecification","valueRequired":true,"valueName":"search_term_string"}}],"inLanguage":"es"},{"@type":"Organization","@id":"https:\/\/politicosaldesnudo.com.mx\/#organization","name":"Pol\u00edticos al Desnudo","url":"https:\/\/politicosaldesnudo.com.mx\/","logo":{"@type":"ImageObject","inLanguage":"es","@id":"https:\/\/politicosaldesnudo.com.mx\/#\/schema\/logo\/image\/","url":"https:\/\/i0.wp.com\/politicosaldesnudo.com.mx\/wp-content\/uploads\/2026\/08\/cropped-logo.webp?fit=400%2C126&ssl=1","contentUrl":"https:\/\/i0.wp.com\/politicosaldesnudo.com.mx\/wp-content\/uploads\/2026\/08\/cropped-logo.webp?fit=400%2C126&ssl=1","width":400,"height":126,"caption":"Pol\u00edticos al Desnudo"},"image":{"@id":"https:\/\/politicosaldesnudo.com.mx\/#\/schema\/logo\/image\/"},"sameAs":["https:\/\/www.facebook.com\/PoliticosAD"]},{"@type":"Person","@id":"https:\/\/politicosaldesnudo.com.mx\/#\/schema\/person\/ef3a64e561cc3f3f5dc52fab81adde7e","name":"Redacci\u00f3n Pol\u00edticos","url":"https:\/\/politicosaldesnudo.com.mx\/index.php\/author\/redaccion-politicos\/"}]}},"jetpack_publicize_connections":[],"jetpack-related-posts":[{"id":87150,"url":"https:\/\/politicosaldesnudo.com.mx\/index.php\/2026\/07\/23\/llegan-500-militares-a-zacatecas-tras-repunte-de-violencia-buscan-contener-disputa-criminal\/","url_meta":{"origin":80258,"position":0},"title":"Llegan 500 militares a Zacatecas tras repunte de violencia; buscan contener disputa criminal","author":"Redacci\u00f3n Pol\u00edticos","date":"23 de julio de 2026","format":false,"excerpt":"Luego de la ejecuci\u00f3n de diez personas, entre ellas empresarios, ganaderos y dos funcionarios municipales, la Secretar\u00eda de la Defensa Nacional (Defensa), \"como parte de las medidas permanentes para fortalecer la paz en Zacatecas\" envi\u00f3 100 integrantes del Cuerpo de Fuerzas Especiales a esa entidad. Los integrantes del Ej\u00e9rcito Mexicano\u2026","rel":"","context":"En \u00abESTADOS\u00bb","block_context":{"text":"ESTADOS","link":"https:\/\/politicosaldesnudo.com.mx\/index.php\/category\/estados\/"},"img":{"alt_text":"","src":"https:\/\/i0.wp.com\/politicosaldesnudo.com.mx\/wp-content\/uploads\/2026\/07\/LOSMI.webp?fit=1200%2C900&ssl=1&resize=350%2C200","width":350,"height":200,"srcset":"https:\/\/i0.wp.com\/politicosaldesnudo.com.mx\/wp-content\/uploads\/2026\/07\/LOSMI.webp?fit=1200%2C900&ssl=1&resize=350%2C200 1x, https:\/\/i0.wp.com\/politicosaldesnudo.com.mx\/wp-content\/uploads\/2026\/07\/LOSMI.webp?fit=1200%2C900&ssl=1&resize=525%2C300 1.5x, https:\/\/i0.wp.com\/politicosaldesnudo.com.mx\/wp-content\/uploads\/2026\/07\/LOSMI.webp?fit=1200%2C900&ssl=1&resize=700%2C400 2x, https:\/\/i0.wp.com\/politicosaldesnudo.com.mx\/wp-content\/uploads\/2026\/07\/LOSMI.webp?fit=1200%2C900&ssl=1&resize=1050%2C600 3x"},"classes":[]},{"id":88169,"url":"https:\/\/politicosaldesnudo.com.mx\/index.php\/2026\/08\/29\/sheinbaum-destaca-cinco-senales-positivas-de-la-economia-mexicana-rumbo-a-su-segundo-informe\/","url_meta":{"origin":80258,"position":1},"title":"Sheinbaum destaca cinco se\u00f1ales positivas de la econom\u00eda mexicana rumbo a su Segundo Informe","author":"Redacci\u00f3n Pol\u00edticos","date":"29 de agosto de 2026","format":false,"excerpt":"La presidenta Claudia Sheinbaum present\u00f3 un balance sobre la situaci\u00f3n econ\u00f3mica del pa\u00eds, en el que resalt\u00f3 el comportamiento de los combustibles, el empleo, los salarios, la inflaci\u00f3n y la inversi\u00f3n extranjera. A trav\u00e9s de un mensaje difundido en sus redes sociales, la mandataria asegur\u00f3 que durante su administraci\u00f3n se\u2026","rel":"","context":"En \u00abNACIONAL\u00bb","block_context":{"text":"NACIONAL","link":"https:\/\/politicosaldesnudo.com.mx\/index.php\/category\/nacional\/"},"img":{"alt_text":"","src":"https:\/\/i0.wp.com\/politicosaldesnudo.com.mx\/wp-content\/uploads\/2026\/08\/SHIN.png?fit=1200%2C673&ssl=1&resize=350%2C200","width":350,"height":200,"srcset":"https:\/\/i0.wp.com\/politicosaldesnudo.com.mx\/wp-content\/uploads\/2026\/08\/SHIN.png?fit=1200%2C673&ssl=1&resize=350%2C200 1x, https:\/\/i0.wp.com\/politicosaldesnudo.com.mx\/wp-content\/uploads\/2026\/08\/SHIN.png?fit=1200%2C673&ssl=1&resize=525%2C300 1.5x, https:\/\/i0.wp.com\/politicosaldesnudo.com.mx\/wp-content\/uploads\/2026\/08\/SHIN.png?fit=1200%2C673&ssl=1&resize=700%2C400 2x, https:\/\/i0.wp.com\/politicosaldesnudo.com.mx\/wp-content\/uploads\/2026\/08\/SHIN.png?fit=1200%2C673&ssl=1&resize=1050%2C600 3x"},"classes":[]},{"id":87896,"url":"https:\/\/politicosaldesnudo.com.mx\/index.php\/2026\/08\/19\/corte-proyecta-146-mdp-para-seguros-privados-sheinbaum-exige-que-ministros-los-paguen-de-su-bolsillo\/","url_meta":{"origin":80258,"position":2},"title":"Corte proyecta 146 mdp para seguros privados; Sheinbaum exige que ministros los paguen de su bolsillo","author":"Redacci\u00f3n Pol\u00edticos","date":"19 de agosto de 2026","format":false,"excerpt":"El proyecto de gasto de la Suprema Corte de Justicia de la Naci\u00f3n (SCJN) para 2027 abri\u00f3 un nuevo choque con el Gobierno federal. La raz\u00f3n es una partida cercana a los 146 millones de pesos que permitir\u00eda devolver el seguro de gastos m\u00e9dicos mayores a m\u00e1s de 300 funcionarios\u2026","rel":"","context":"En \u00abNACIONAL\u00bb","block_context":{"text":"NACIONAL","link":"https:\/\/politicosaldesnudo.com.mx\/index.php\/category\/nacional\/"},"img":{"alt_text":"","src":"https:\/\/i0.wp.com\/politicosaldesnudo.com.mx\/wp-content\/uploads\/2026\/08\/corte.jpg?fit=1200%2C675&ssl=1&resize=350%2C200","width":350,"height":200,"srcset":"https:\/\/i0.wp.com\/politicosaldesnudo.com.mx\/wp-content\/uploads\/2026\/08\/corte.jpg?fit=1200%2C675&ssl=1&resize=350%2C200 1x, https:\/\/i0.wp.com\/politicosaldesnudo.com.mx\/wp-content\/uploads\/2026\/08\/corte.jpg?fit=1200%2C675&ssl=1&resize=525%2C300 1.5x, https:\/\/i0.wp.com\/politicosaldesnudo.com.mx\/wp-content\/uploads\/2026\/08\/corte.jpg?fit=1200%2C675&ssl=1&resize=700%2C400 2x, https:\/\/i0.wp.com\/politicosaldesnudo.com.mx\/wp-content\/uploads\/2026\/08\/corte.jpg?fit=1200%2C675&ssl=1&resize=1050%2C600 3x"},"classes":[]},{"id":87316,"url":"https:\/\/politicosaldesnudo.com.mx\/index.php\/2026\/07\/29\/sheinbaum-anuncia-decreto-para-evitar-que-dependencias-reserven-informacion-de-manera-discrecional\/","url_meta":{"origin":80258,"position":3},"title":"Sheinbaum anuncia decreto para evitar que dependencias reserven informaci\u00f3n de manera discrecional","author":"Redacci\u00f3n Pol\u00edticos","date":"29 de julio de 2026","format":false,"excerpt":"La presidenta Claudia Sheinbaum Pardo adelant\u00f3 este martes que emitir\u00e1 un \u201cdecreto para la transparencia\u201d en la administraci\u00f3n p\u00fablica federal, con el objetivo de evitar que las dependencias reserven informaci\u00f3n de manera discrecional y, con ello, combatir la opacidad y la impunidad. Durante su conferencia matutina en Palacio Nacional, explic\u00f3\u2026","rel":"","context":"En \u00abNACIONAL\u00bb","block_context":{"text":"NACIONAL","link":"https:\/\/politicosaldesnudo.com.mx\/index.php\/category\/nacional\/"},"img":{"alt_text":"","src":"https:\/\/i0.wp.com\/politicosaldesnudo.com.mx\/wp-content\/uploads\/2026\/07\/Sin-titulo-1.jpg?fit=1200%2C741&ssl=1&resize=350%2C200","width":350,"height":200,"srcset":"https:\/\/i0.wp.com\/politicosaldesnudo.com.mx\/wp-content\/uploads\/2026\/07\/Sin-titulo-1.jpg?fit=1200%2C741&ssl=1&resize=350%2C200 1x, https:\/\/i0.wp.com\/politicosaldesnudo.com.mx\/wp-content\/uploads\/2026\/07\/Sin-titulo-1.jpg?fit=1200%2C741&ssl=1&resize=525%2C300 1.5x, https:\/\/i0.wp.com\/politicosaldesnudo.com.mx\/wp-content\/uploads\/2026\/07\/Sin-titulo-1.jpg?fit=1200%2C741&ssl=1&resize=700%2C400 2x, https:\/\/i0.wp.com\/politicosaldesnudo.com.mx\/wp-content\/uploads\/2026\/07\/Sin-titulo-1.jpg?fit=1200%2C741&ssl=1&resize=1050%2C600 3x"},"classes":[]},{"id":87961,"url":"https:\/\/politicosaldesnudo.com.mx\/index.php\/2026\/08\/22\/sheinbaum-lanza-fuerte-mensaje-tras-regreso-de-rocha-moya\/","url_meta":{"origin":80258,"position":4},"title":"Sheinbaum lanza fuerte mensaje tras regreso de Rocha Moya","author":"Redacci\u00f3n Pol\u00edticos","date":"22 de agosto de 2026","format":false,"excerpt":"La presidenta Claudia Sheinbaum dej\u00f3 en claro que no fue consultada sobre la decisi\u00f3n de Rub\u00e9n Rocha Moya de reincorporarse a la gubernatura de Sinaloa, despu\u00e9s de permanecer m\u00e1s de tres meses separado del cargo. La mandataria explic\u00f3 que se enter\u00f3 del regreso del morenista por medio de una publicaci\u00f3n\u2026","rel":"","context":"En \u00abNACIONAL\u00bb","block_context":{"text":"NACIONAL","link":"https:\/\/politicosaldesnudo.com.mx\/index.php\/category\/nacional\/"},"img":{"alt_text":"","src":"https:\/\/i0.wp.com\/politicosaldesnudo.com.mx\/wp-content\/uploads\/2026\/08\/she.webp?fit=1200%2C800&ssl=1&resize=350%2C200","width":350,"height":200,"srcset":"https:\/\/i0.wp.com\/politicosaldesnudo.com.mx\/wp-content\/uploads\/2026\/08\/she.webp?fit=1200%2C800&ssl=1&resize=350%2C200 1x, https:\/\/i0.wp.com\/politicosaldesnudo.com.mx\/wp-content\/uploads\/2026\/08\/she.webp?fit=1200%2C800&ssl=1&resize=525%2C300 1.5x, https:\/\/i0.wp.com\/politicosaldesnudo.com.mx\/wp-content\/uploads\/2026\/08\/she.webp?fit=1200%2C800&ssl=1&resize=700%2C400 2x, https:\/\/i0.wp.com\/politicosaldesnudo.com.mx\/wp-content\/uploads\/2026\/08\/she.webp?fit=1200%2C800&ssl=1&resize=1050%2C600 3x"},"classes":[]},{"id":88128,"url":"https:\/\/politicosaldesnudo.com.mx\/index.php\/2026\/08\/28\/sheinbaum-presume-avances-en-economia-y-seguridad-previo-a-su-segundo-informe\/","url_meta":{"origin":80258,"position":5},"title":"Sheinbaum presume avances en econom\u00eda y seguridad previo a su Segundo Informe","author":"Redacci\u00f3n Pol\u00edticos","date":"28 de agosto de 2026","format":false,"excerpt":"A cuatro d\u00edas de presentar su Segundo Informe de Gobierno, la presidenta Claudia Sheinbaum Pardo asegur\u00f3 que M\u00e9xico mantiene un rumbo favorable, pese a las dificultades internas y al complejo panorama internacional. Durante su conferencia matutina en Palacio Nacional, la mandataria se mostr\u00f3 confiada en los resultados alcanzados por su\u2026","rel":"","context":"En \u00abNACIONAL\u00bb","block_context":{"text":"NACIONAL","link":"https:\/\/politicosaldesnudo.com.mx\/index.php\/category\/nacional\/"},"img":{"alt_text":"","src":"https:\/\/i0.wp.com\/politicosaldesnudo.com.mx\/wp-content\/uploads\/2026\/08\/claudia-sheinbaum-mananera-28-agosto-2026.jpg?fit=1200%2C800&ssl=1&resize=350%2C200","width":350,"height":200,"srcset":"https:\/\/i0.wp.com\/politicosaldesnudo.com.mx\/wp-content\/uploads\/2026\/08\/claudia-sheinbaum-mananera-28-agosto-2026.jpg?fit=1200%2C800&ssl=1&resize=350%2C200 1x, https:\/\/i0.wp.com\/politicosaldesnudo.com.mx\/wp-content\/uploads\/2026\/08\/claudia-sheinbaum-mananera-28-agosto-2026.jpg?fit=1200%2C800&ssl=1&resize=525%2C300 1.5x, https:\/\/i0.wp.com\/politicosaldesnudo.com.mx\/wp-content\/uploads\/2026\/08\/claudia-sheinbaum-mananera-28-agosto-2026.jpg?fit=1200%2C800&ssl=1&resize=700%2C400 2x, https:\/\/i0.wp.com\/politicosaldesnudo.com.mx\/wp-content\/uploads\/2026\/08\/claudia-sheinbaum-mananera-28-agosto-2026.jpg?fit=1200%2C800&ssl=1&resize=1050%2C600 3x"},"classes":[]}],"jetpack_sharing_enabled":true,"jetpack_featured_media_url":"https:\/\/i0.wp.com\/politicosaldesnudo.com.mx\/wp-content\/uploads\/2026\/02\/image_750x422_671418948cc78.jpg?fit=750%2C422&ssl=1","_links":{"self":[{"href":"https:\/\/politicosaldesnudo.com.mx\/index.php\/wp-json\/wp\/v2\/posts\/80258","targetHints":{"allow":["GET"]}}],"collection":[{"href":"https:\/\/politicosaldesnudo.com.mx\/index.php\/wp-json\/wp\/v2\/posts"}],"about":[{"href":"https:\/\/politicosaldesnudo.com.mx\/index.php\/wp-json\/wp\/v2\/types\/post"}],"author":[{"embeddable":true,"href":"https:\/\/politicosaldesnudo.com.mx\/index.php\/wp-json\/wp\/v2\/users\/4"}],"replies":[{"embeddable":true,"href":"https:\/\/politicosaldesnudo.com.mx\/index.php\/wp-json\/wp\/v2\/comments?post=80258"}],"version-history":[{"count":0,"href":"https:\/\/politicosaldesnudo.com.mx\/index.php\/wp-json\/wp\/v2\/posts\/80258\/revisions"}],"wp:featuredmedia":[{"embeddable":true,"href":"https:\/\/politicosaldesnudo.com.mx\/index.php\/wp-json\/wp\/v2\/media\/80259"}],"wp:attachment":[{"href":"https:\/\/politicosaldesnudo.com.mx\/index.php\/wp-json\/wp\/v2\/media?parent=80258"}],"wp:term":[{"taxonomy":"category","embeddable":true,"href":"https:\/\/politicosaldesnudo.com.mx\/index.php\/wp-json\/wp\/v2\/categories?post=80258"},{"taxonomy":"post_tag","embeddable":true,"href":"https:\/\/politicosaldesnudo.com.mx\/index.php\/wp-json\/wp\/v2\/tags?post=80258"}],"curies":[{"name":"wp","href":"https:\/\/api.w.org\/{rel}","templated":true}]}}