{"id":80270,"date":"2026-02-19T00:17:38","date_gmt":"2026-02-19T06:17:38","guid":{"rendered":"https:\/\/politicosaldesnudo.com.mx\/?p=80270"},"modified":"2026-02-18T21:49:46","modified_gmt":"2026-02-19T03:49:46","slug":"congreso-de-peru-elige-a-jose-maria-balcazar-como-nuevo-presidente-interino","status":"publish","type":"post","link":"https:\/\/politicosaldesnudo.com.mx\/index.php\/2026\/02\/19\/congreso-de-peru-elige-a-jose-maria-balcazar-como-nuevo-presidente-interino\/","title":{"rendered":"Congreso de Per\u00fa elige a Jos\u00e9 Mar\u00eda Balc\u00e1zar como nuevo presidente interino"},"content":{"rendered":"<p class=\"nota-justify\">Jos\u00e9 Mar\u00eda Balc\u00e1zar Zelada, el congresista del partido de izquierda Per\u00fa Libre, que impuls\u00f3 al depuesto presidente Pedro Castillo, fue elegido como presidente de la mesa directiva del Congreso de Per\u00fa, por lo que asumir\u00e1 la presidencia interina del pa\u00eds latinoamericano.<\/p>\n<p class=\"nota-justify\">Balc\u00e1zar se impuso en la segunda vuelta de votaciones a Mar\u00eda del Carmen Alva, del partido de centro derecha Acci\u00f3n Popular.<\/p>\n<p class=\"nota-justify\">Ambos hab\u00edan pasado a una segunda instancia tras ser los candidatos m\u00e1s votados en la primera \u200cvuelta de la elecci\u00f3n, que se produjo un d\u00eda despu\u00e9s de que los legisladores votaran la vacancia de Jos\u00e9 Jer\u00ed.<\/p>\n<p class=\"nota-justify\">La votaci\u00f3n result\u00f3 con 46 votos a favor de Alva, frente a los 60 obtenidos por Balc\u00e1zar, quien decret\u00f3 un receso en la sesi\u00f3n. En cuanto se reanude la sesi\u00f3n se espera que sea proclamado mandatario interino.<\/p>\n","protected":false},"excerpt":{"rendered":"<p>Jos\u00e9 Mar\u00eda Balc\u00e1zar Zelada, el congresista del partido de izquierda Per\u00fa Libre, que impuls\u00f3 al depuesto presidente Pedro Castillo, fue [&hellip;]<\/p>\n","protected":false},"author":4,"featured_media":80271,"comment_status":"closed","ping_status":"closed","sticky":false,"template":"","format":"standard","meta":{"site-sidebar-layout":"default","site-content-layout":"","ast-site-content-layout":"default","site-content-style":"default","site-sidebar-style":"default","ast-global-header-display":"","ast-banner-title-visibility":"","ast-main-header-display":"","ast-hfb-above-header-display":"","ast-hfb-below-header-display":"","ast-hfb-mobile-header-display":"","site-post-title":"","ast-breadcrumbs-content":"","ast-featured-img":"","footer-sml-layout":"","ast-disable-related-posts":"","theme-transparent-header-meta":"","adv-header-id-meta":"","stick-header-meta":"","header-above-stick-meta":"","header-main-stick-meta":"","header-below-stick-meta":"","astra-migrate-meta-layouts":"default","ast-page-background-enabled":"default","ast-page-background-meta":{"desktop":{"background-color":"var(--ast-global-color-5)","background-image":"","background-repeat":"repeat","background-position":"center center","background-size":"auto","background-attachment":"scroll","background-type":"","background-media":"","overlay-type":"","overlay-color":"","overlay-opacity":"","overlay-gradient":""},"tablet":{"background-color":"","background-image":"","background-repeat":"repeat","background-position":"center center","background-size":"auto","background-attachment":"scroll","background-type":"","background-media":"","overlay-type":"","overlay-color":"","overlay-opacity":"","overlay-gradient":""},"mobile":{"background-color":"","background-image":"","background-repeat":"repeat","background-position":"center center","background-size":"auto","background-attachment":"scroll","background-type":"","background-media":"","overlay-type":"","overlay-color":"","overlay-opacity":"","overlay-gradient":""}},"ast-content-background-meta":{"desktop":{"background-color":"var(--ast-global-color-4)","background-image":"","background-repeat":"repeat","background-position":"center center","background-size":"auto","background-attachment":"scroll","background-type":"","background-media":"","overlay-type":"","overlay-color":"","overlay-opacity":"","overlay-gradient":""},"tablet":{"background-color":"var(--ast-global-color-4)","background-image":"","background-repeat":"repeat","background-position":"center center","background-size":"auto","background-attachment":"scroll","background-type":"","background-media":"","overlay-type":"","overlay-color":"","overlay-opacity":"","overlay-gradient":""},"mobile":{"background-color":"var(--ast-global-color-4)","background-image":"","background-repeat":"repeat","background-position":"center center","background-size":"auto","background-attachment":"scroll","background-type":"","background-media":"","overlay-type":"","overlay-color":"","overlay-opacity":"","overlay-gradient":""}},"_jetpack_newsletter_access":"","_jetpack_dont_email_post_to_subs":false,"_jetpack_newsletter_tier_id":0,"_jetpack_memberships_contains_paywalled_content":false,"_jetpack_feature_clip_id":0,"_jetpack_memberships_contains_paid_content":false,"footnotes":"","jetpack_publicize_message":"","jetpack_publicize_feature_enabled":true,"jetpack_social_post_already_shared":true,"jetpack_social_options":{"image_generator_settings":{"template":"highway","default_image_id":0,"font":"","enabled":false},"version":2},"jetpack_post_was_ever_published":false},"categories":[28],"tags":[],"class_list":["post-80270","post","type-post","status-publish","format-standard","has-post-thumbnail","hentry","category-internacional"],"yoast_head":"<!-- This site is optimized with the Yoast SEO plugin v28.3 - https:\/\/yoast.com\/product\/yoast-seo-wordpress\/ -->\n<title>Congreso de Per\u00fa elige a Jos\u00e9 Mar\u00eda Balc\u00e1zar como nuevo presidente interino - Pol\u00edticos al Desnudo<\/title>\n<meta name=\"robots\" content=\"index, follow, max-snippet:-1, max-image-preview:large, max-video-preview:-1\" \/>\n<link rel=\"canonical\" href=\"https:\/\/politicosaldesnudo.com.mx\/index.php\/2026\/02\/19\/congreso-de-peru-elige-a-jose-maria-balcazar-como-nuevo-presidente-interino\/\" \/>\n<meta property=\"og:locale\" content=\"es_ES\" \/>\n<meta property=\"og:type\" content=\"article\" \/>\n<meta property=\"og:title\" content=\"Congreso de Per\u00fa elige a Jos\u00e9 Mar\u00eda Balc\u00e1zar como nuevo presidente interino - Pol\u00edticos al Desnudo\" \/>\n<meta property=\"og:description\" content=\"Jos\u00e9 Mar\u00eda Balc\u00e1zar Zelada, el congresista del partido de izquierda Per\u00fa Libre, que impuls\u00f3 al depuesto presidente Pedro Castillo, fue [&hellip;]\" \/>\n<meta property=\"og:url\" content=\"https:\/\/politicosaldesnudo.com.mx\/index.php\/2026\/02\/19\/congreso-de-peru-elige-a-jose-maria-balcazar-como-nuevo-presidente-interino\/\" \/>\n<meta property=\"og:site_name\" content=\"Pol\u00edticos al Desnudo\" \/>\n<meta property=\"article:publisher\" content=\"https:\/\/www.facebook.com\/PoliticosAD\" \/>\n<meta property=\"article:published_time\" content=\"2026-02-19T06:17:38+00:00\" \/>\n<meta property=\"og:image\" content=\"https:\/\/i0.wp.com\/politicosaldesnudo.com.mx\/wp-content\/uploads\/2026\/02\/PER.jpg?fit=1200%2C800&ssl=1\" \/>\n\t<meta property=\"og:image:width\" content=\"1200\" \/>\n\t<meta property=\"og:image:height\" content=\"800\" \/>\n\t<meta property=\"og:image:type\" content=\"image\/jpeg\" \/>\n<meta name=\"author\" content=\"Redacci\u00f3n Pol\u00edticos\" \/>\n<meta name=\"twitter:card\" content=\"summary_large_image\" \/>\n<meta name=\"twitter:label1\" content=\"Escrito por\" \/>\n\t<meta name=\"twitter:data1\" content=\"Redacci\u00f3n Pol\u00edticos\" \/>\n\t<meta name=\"twitter:label2\" content=\"Tiempo de lectura\" \/>\n\t<meta name=\"twitter:data2\" content=\"1 minuto\" \/>\n<script type=\"application\/ld+json\" class=\"yoast-schema-graph\">{\"@context\":\"https:\\\/\\\/schema.org\",\"@graph\":[{\"@type\":\"Article\",\"@id\":\"https:\\\/\\\/politicosaldesnudo.com.mx\\\/index.php\\\/2026\\\/02\\\/19\\\/congreso-de-peru-elige-a-jose-maria-balcazar-como-nuevo-presidente-interino\\\/#article\",\"isPartOf\":{\"@id\":\"https:\\\/\\\/politicosaldesnudo.com.mx\\\/index.php\\\/2026\\\/02\\\/19\\\/congreso-de-peru-elige-a-jose-maria-balcazar-como-nuevo-presidente-interino\\\/\"},\"author\":{\"name\":\"Redacci\u00f3n Pol\u00edticos\",\"@id\":\"https:\\\/\\\/politicosaldesnudo.com.mx\\\/#\\\/schema\\\/person\\\/ef3a64e561cc3f3f5dc52fab81adde7e\"},\"headline\":\"Congreso de Per\u00fa elige a Jos\u00e9 Mar\u00eda Balc\u00e1zar como nuevo presidente interino\",\"datePublished\":\"2026-02-19T06:17:38+00:00\",\"mainEntityOfPage\":{\"@id\":\"https:\\\/\\\/politicosaldesnudo.com.mx\\\/index.php\\\/2026\\\/02\\\/19\\\/congreso-de-peru-elige-a-jose-maria-balcazar-como-nuevo-presidente-interino\\\/\"},\"wordCount\":162,\"publisher\":{\"@id\":\"https:\\\/\\\/politicosaldesnudo.com.mx\\\/#organization\"},\"image\":{\"@id\":\"https:\\\/\\\/politicosaldesnudo.com.mx\\\/index.php\\\/2026\\\/02\\\/19\\\/congreso-de-peru-elige-a-jose-maria-balcazar-como-nuevo-presidente-interino\\\/#primaryimage\"},\"thumbnailUrl\":\"https:\\\/\\\/i0.wp.com\\\/politicosaldesnudo.com.mx\\\/wp-content\\\/uploads\\\/2026\\\/02\\\/PER.jpg?fit=1200%2C800&ssl=1\",\"articleSection\":[\"INTERNACIONAL\"],\"inLanguage\":\"es\"},{\"@type\":\"WebPage\",\"@id\":\"https:\\\/\\\/politicosaldesnudo.com.mx\\\/index.php\\\/2026\\\/02\\\/19\\\/congreso-de-peru-elige-a-jose-maria-balcazar-como-nuevo-presidente-interino\\\/\",\"url\":\"https:\\\/\\\/politicosaldesnudo.com.mx\\\/index.php\\\/2026\\\/02\\\/19\\\/congreso-de-peru-elige-a-jose-maria-balcazar-como-nuevo-presidente-interino\\\/\",\"name\":\"Congreso de Per\u00fa elige a Jos\u00e9 Mar\u00eda Balc\u00e1zar como nuevo presidente interino - Pol\u00edticos al Desnudo\",\"isPartOf\":{\"@id\":\"https:\\\/\\\/politicosaldesnudo.com.mx\\\/#website\"},\"primaryImageOfPage\":{\"@id\":\"https:\\\/\\\/politicosaldesnudo.com.mx\\\/index.php\\\/2026\\\/02\\\/19\\\/congreso-de-peru-elige-a-jose-maria-balcazar-como-nuevo-presidente-interino\\\/#primaryimage\"},\"image\":{\"@id\":\"https:\\\/\\\/politicosaldesnudo.com.mx\\\/index.php\\\/2026\\\/02\\\/19\\\/congreso-de-peru-elige-a-jose-maria-balcazar-como-nuevo-presidente-interino\\\/#primaryimage\"},\"thumbnailUrl\":\"https:\\\/\\\/i0.wp.com\\\/politicosaldesnudo.com.mx\\\/wp-content\\\/uploads\\\/2026\\\/02\\\/PER.jpg?fit=1200%2C800&ssl=1\",\"datePublished\":\"2026-02-19T06:17:38+00:00\",\"breadcrumb\":{\"@id\":\"https:\\\/\\\/politicosaldesnudo.com.mx\\\/index.php\\\/2026\\\/02\\\/19\\\/congreso-de-peru-elige-a-jose-maria-balcazar-como-nuevo-presidente-interino\\\/#breadcrumb\"},\"inLanguage\":\"es\",\"potentialAction\":[{\"@type\":\"ReadAction\",\"target\":[\"https:\\\/\\\/politicosaldesnudo.com.mx\\\/index.php\\\/2026\\\/02\\\/19\\\/congreso-de-peru-elige-a-jose-maria-balcazar-como-nuevo-presidente-interino\\\/\"]}]},{\"@type\":\"ImageObject\",\"inLanguage\":\"es\",\"@id\":\"https:\\\/\\\/politicosaldesnudo.com.mx\\\/index.php\\\/2026\\\/02\\\/19\\\/congreso-de-peru-elige-a-jose-maria-balcazar-como-nuevo-presidente-interino\\\/#primaryimage\",\"url\":\"https:\\\/\\\/i0.wp.com\\\/politicosaldesnudo.com.mx\\\/wp-content\\\/uploads\\\/2026\\\/02\\\/PER.jpg?fit=1200%2C800&ssl=1\",\"contentUrl\":\"https:\\\/\\\/i0.wp.com\\\/politicosaldesnudo.com.mx\\\/wp-content\\\/uploads\\\/2026\\\/02\\\/PER.jpg?fit=1200%2C800&ssl=1\",\"width\":1200,\"height\":800},{\"@type\":\"BreadcrumbList\",\"@id\":\"https:\\\/\\\/politicosaldesnudo.com.mx\\\/index.php\\\/2026\\\/02\\\/19\\\/congreso-de-peru-elige-a-jose-maria-balcazar-como-nuevo-presidente-interino\\\/#breadcrumb\",\"itemListElement\":[{\"@type\":\"ListItem\",\"position\":1,\"name\":\"Portada\",\"item\":\"https:\\\/\\\/politicosaldesnudo.com.mx\\\/\"},{\"@type\":\"ListItem\",\"position\":2,\"name\":\"Congreso de Per\u00fa elige a Jos\u00e9 Mar\u00eda Balc\u00e1zar como nuevo presidente interino\"}]},{\"@type\":\"WebSite\",\"@id\":\"https:\\\/\\\/politicosaldesnudo.com.mx\\\/#website\",\"url\":\"https:\\\/\\\/politicosaldesnudo.com.mx\\\/\",\"name\":\"Pol\u00edticos al Desnudo\",\"description\":\"\",\"publisher\":{\"@id\":\"https:\\\/\\\/politicosaldesnudo.com.mx\\\/#organization\"},\"potentialAction\":[{\"@type\":\"SearchAction\",\"target\":{\"@type\":\"EntryPoint\",\"urlTemplate\":\"https:\\\/\\\/politicosaldesnudo.com.mx\\\/?s={search_term_string}\"},\"query-input\":{\"@type\":\"PropertyValueSpecification\",\"valueRequired\":true,\"valueName\":\"search_term_string\"}}],\"inLanguage\":\"es\"},{\"@type\":\"Organization\",\"@id\":\"https:\\\/\\\/politicosaldesnudo.com.mx\\\/#organization\",\"name\":\"Pol\u00edticos al Desnudo\",\"url\":\"https:\\\/\\\/politicosaldesnudo.com.mx\\\/\",\"logo\":{\"@type\":\"ImageObject\",\"inLanguage\":\"es\",\"@id\":\"https:\\\/\\\/politicosaldesnudo.com.mx\\\/#\\\/schema\\\/logo\\\/image\\\/\",\"url\":\"https:\\\/\\\/i0.wp.com\\\/politicosaldesnudo.com.mx\\\/wp-content\\\/uploads\\\/2026\\\/08\\\/cropped-logo.webp?fit=400%2C126&ssl=1\",\"contentUrl\":\"https:\\\/\\\/i0.wp.com\\\/politicosaldesnudo.com.mx\\\/wp-content\\\/uploads\\\/2026\\\/08\\\/cropped-logo.webp?fit=400%2C126&ssl=1\",\"width\":400,\"height\":126,\"caption\":\"Pol\u00edticos al Desnudo\"},\"image\":{\"@id\":\"https:\\\/\\\/politicosaldesnudo.com.mx\\\/#\\\/schema\\\/logo\\\/image\\\/\"},\"sameAs\":[\"https:\\\/\\\/www.facebook.com\\\/PoliticosAD\"]},{\"@type\":\"Person\",\"@id\":\"https:\\\/\\\/politicosaldesnudo.com.mx\\\/#\\\/schema\\\/person\\\/ef3a64e561cc3f3f5dc52fab81adde7e\",\"name\":\"Redacci\u00f3n Pol\u00edticos\",\"url\":\"https:\\\/\\\/politicosaldesnudo.com.mx\\\/index.php\\\/author\\\/redaccion-politicos\\\/\"}]}<\/script>\n<!-- \/ Yoast SEO plugin. -->","yoast_head_json":{"title":"Congreso de Per\u00fa elige a Jos\u00e9 Mar\u00eda Balc\u00e1zar como nuevo presidente interino - Pol\u00edticos al Desnudo","robots":{"index":"index","follow":"follow","max-snippet":"max-snippet:-1","max-image-preview":"max-image-preview:large","max-video-preview":"max-video-preview:-1"},"canonical":"https:\/\/politicosaldesnudo.com.mx\/index.php\/2026\/02\/19\/congreso-de-peru-elige-a-jose-maria-balcazar-como-nuevo-presidente-interino\/","og_locale":"es_ES","og_type":"article","og_title":"Congreso de Per\u00fa elige a Jos\u00e9 Mar\u00eda Balc\u00e1zar como nuevo presidente interino - Pol\u00edticos al Desnudo","og_description":"Jos\u00e9 Mar\u00eda Balc\u00e1zar Zelada, el congresista del partido de izquierda Per\u00fa Libre, que impuls\u00f3 al depuesto presidente Pedro Castillo, fue [&hellip;]","og_url":"https:\/\/politicosaldesnudo.com.mx\/index.php\/2026\/02\/19\/congreso-de-peru-elige-a-jose-maria-balcazar-como-nuevo-presidente-interino\/","og_site_name":"Pol\u00edticos al Desnudo","article_publisher":"https:\/\/www.facebook.com\/PoliticosAD","article_published_time":"2026-02-19T06:17:38+00:00","og_image":[{"width":1200,"height":800,"url":"https:\/\/i0.wp.com\/politicosaldesnudo.com.mx\/wp-content\/uploads\/2026\/02\/PER.jpg?fit=1200%2C800&ssl=1","type":"image\/jpeg"}],"author":"Redacci\u00f3n Pol\u00edticos","twitter_card":"summary_large_image","twitter_misc":{"Escrito por":"Redacci\u00f3n Pol\u00edticos","Tiempo de lectura":"1 minuto"},"schema":{"@context":"https:\/\/schema.org","@graph":[{"@type":"Article","@id":"https:\/\/politicosaldesnudo.com.mx\/index.php\/2026\/02\/19\/congreso-de-peru-elige-a-jose-maria-balcazar-como-nuevo-presidente-interino\/#article","isPartOf":{"@id":"https:\/\/politicosaldesnudo.com.mx\/index.php\/2026\/02\/19\/congreso-de-peru-elige-a-jose-maria-balcazar-como-nuevo-presidente-interino\/"},"author":{"name":"Redacci\u00f3n Pol\u00edticos","@id":"https:\/\/politicosaldesnudo.com.mx\/#\/schema\/person\/ef3a64e561cc3f3f5dc52fab81adde7e"},"headline":"Congreso de Per\u00fa elige a Jos\u00e9 Mar\u00eda Balc\u00e1zar como nuevo presidente interino","datePublished":"2026-02-19T06:17:38+00:00","mainEntityOfPage":{"@id":"https:\/\/politicosaldesnudo.com.mx\/index.php\/2026\/02\/19\/congreso-de-peru-elige-a-jose-maria-balcazar-como-nuevo-presidente-interino\/"},"wordCount":162,"publisher":{"@id":"https:\/\/politicosaldesnudo.com.mx\/#organization"},"image":{"@id":"https:\/\/politicosaldesnudo.com.mx\/index.php\/2026\/02\/19\/congreso-de-peru-elige-a-jose-maria-balcazar-como-nuevo-presidente-interino\/#primaryimage"},"thumbnailUrl":"https:\/\/i0.wp.com\/politicosaldesnudo.com.mx\/wp-content\/uploads\/2026\/02\/PER.jpg?fit=1200%2C800&ssl=1","articleSection":["INTERNACIONAL"],"inLanguage":"es"},{"@type":"WebPage","@id":"https:\/\/politicosaldesnudo.com.mx\/index.php\/2026\/02\/19\/congreso-de-peru-elige-a-jose-maria-balcazar-como-nuevo-presidente-interino\/","url":"https:\/\/politicosaldesnudo.com.mx\/index.php\/2026\/02\/19\/congreso-de-peru-elige-a-jose-maria-balcazar-como-nuevo-presidente-interino\/","name":"Congreso de Per\u00fa elige a Jos\u00e9 Mar\u00eda Balc\u00e1zar como nuevo presidente interino - Pol\u00edticos al Desnudo","isPartOf":{"@id":"https:\/\/politicosaldesnudo.com.mx\/#website"},"primaryImageOfPage":{"@id":"https:\/\/politicosaldesnudo.com.mx\/index.php\/2026\/02\/19\/congreso-de-peru-elige-a-jose-maria-balcazar-como-nuevo-presidente-interino\/#primaryimage"},"image":{"@id":"https:\/\/politicosaldesnudo.com.mx\/index.php\/2026\/02\/19\/congreso-de-peru-elige-a-jose-maria-balcazar-como-nuevo-presidente-interino\/#primaryimage"},"thumbnailUrl":"https:\/\/i0.wp.com\/politicosaldesnudo.com.mx\/wp-content\/uploads\/2026\/02\/PER.jpg?fit=1200%2C800&ssl=1","datePublished":"2026-02-19T06:17:38+00:00","breadcrumb":{"@id":"https:\/\/politicosaldesnudo.com.mx\/index.php\/2026\/02\/19\/congreso-de-peru-elige-a-jose-maria-balcazar-como-nuevo-presidente-interino\/#breadcrumb"},"inLanguage":"es","potentialAction":[{"@type":"ReadAction","target":["https:\/\/politicosaldesnudo.com.mx\/index.php\/2026\/02\/19\/congreso-de-peru-elige-a-jose-maria-balcazar-como-nuevo-presidente-interino\/"]}]},{"@type":"ImageObject","inLanguage":"es","@id":"https:\/\/politicosaldesnudo.com.mx\/index.php\/2026\/02\/19\/congreso-de-peru-elige-a-jose-maria-balcazar-como-nuevo-presidente-interino\/#primaryimage","url":"https:\/\/i0.wp.com\/politicosaldesnudo.com.mx\/wp-content\/uploads\/2026\/02\/PER.jpg?fit=1200%2C800&ssl=1","contentUrl":"https:\/\/i0.wp.com\/politicosaldesnudo.com.mx\/wp-content\/uploads\/2026\/02\/PER.jpg?fit=1200%2C800&ssl=1","width":1200,"height":800},{"@type":"BreadcrumbList","@id":"https:\/\/politicosaldesnudo.com.mx\/index.php\/2026\/02\/19\/congreso-de-peru-elige-a-jose-maria-balcazar-como-nuevo-presidente-interino\/#breadcrumb","itemListElement":[{"@type":"ListItem","position":1,"name":"Portada","item":"https:\/\/politicosaldesnudo.com.mx\/"},{"@type":"ListItem","position":2,"name":"Congreso de Per\u00fa elige a Jos\u00e9 Mar\u00eda Balc\u00e1zar como nuevo presidente interino"}]},{"@type":"WebSite","@id":"https:\/\/politicosaldesnudo.com.mx\/#website","url":"https:\/\/politicosaldesnudo.com.mx\/","name":"Pol\u00edticos al Desnudo","description":"","publisher":{"@id":"https:\/\/politicosaldesnudo.com.mx\/#organization"},"potentialAction":[{"@type":"SearchAction","target":{"@type":"EntryPoint","urlTemplate":"https:\/\/politicosaldesnudo.com.mx\/?s={search_term_string}"},"query-input":{"@type":"PropertyValueSpecification","valueRequired":true,"valueName":"search_term_string"}}],"inLanguage":"es"},{"@type":"Organization","@id":"https:\/\/politicosaldesnudo.com.mx\/#organization","name":"Pol\u00edticos al Desnudo","url":"https:\/\/politicosaldesnudo.com.mx\/","logo":{"@type":"ImageObject","inLanguage":"es","@id":"https:\/\/politicosaldesnudo.com.mx\/#\/schema\/logo\/image\/","url":"https:\/\/i0.wp.com\/politicosaldesnudo.com.mx\/wp-content\/uploads\/2026\/08\/cropped-logo.webp?fit=400%2C126&ssl=1","contentUrl":"https:\/\/i0.wp.com\/politicosaldesnudo.com.mx\/wp-content\/uploads\/2026\/08\/cropped-logo.webp?fit=400%2C126&ssl=1","width":400,"height":126,"caption":"Pol\u00edticos al Desnudo"},"image":{"@id":"https:\/\/politicosaldesnudo.com.mx\/#\/schema\/logo\/image\/"},"sameAs":["https:\/\/www.facebook.com\/PoliticosAD"]},{"@type":"Person","@id":"https:\/\/politicosaldesnudo.com.mx\/#\/schema\/person\/ef3a64e561cc3f3f5dc52fab81adde7e","name":"Redacci\u00f3n Pol\u00edticos","url":"https:\/\/politicosaldesnudo.com.mx\/index.php\/author\/redaccion-politicos\/"}]}},"jetpack_publicize_connections":[],"jetpack-related-posts":[{"id":88003,"url":"https:\/\/politicosaldesnudo.com.mx\/index.php\/2026\/08\/23\/congreso-de-sinaloa-elegira-este-lunes-a-quien-sustituya-a-rocha-moya\/","url_meta":{"origin":80270,"position":0},"title":"Congreso de Sinaloa elegir\u00e1 este lunes a quien sustituya a Rocha Moya","author":"Redacci\u00f3n Pol\u00edticos","date":"23 de agosto de 2026","format":false,"excerpt":"El futuro inmediato del Gobierno de Sinaloa ser\u00e1 definido este lunes 24 de agosto, cuando el Congreso estatal se re\u00fana en sesi\u00f3n extraordinaria para designar a la persona que asumir\u00e1 de manera interina la gubernatura. La decisi\u00f3n se produce despu\u00e9s de que los diputados aprobaran por unanimidad la nueva licencia\u2026","rel":"","context":"En \u00abNACIONAL\u00bb","block_context":{"text":"NACIONAL","link":"https:\/\/politicosaldesnudo.com.mx\/index.php\/category\/nacional\/"},"img":{"alt_text":"","src":"https:\/\/i0.wp.com\/politicosaldesnudo.com.mx\/wp-content\/uploads\/2026\/08\/moyaa.jpg?fit=1200%2C801&ssl=1&resize=350%2C200","width":350,"height":200,"srcset":"https:\/\/i0.wp.com\/politicosaldesnudo.com.mx\/wp-content\/uploads\/2026\/08\/moyaa.jpg?fit=1200%2C801&ssl=1&resize=350%2C200 1x, https:\/\/i0.wp.com\/politicosaldesnudo.com.mx\/wp-content\/uploads\/2026\/08\/moyaa.jpg?fit=1200%2C801&ssl=1&resize=525%2C300 1.5x, https:\/\/i0.wp.com\/politicosaldesnudo.com.mx\/wp-content\/uploads\/2026\/08\/moyaa.jpg?fit=1200%2C801&ssl=1&resize=700%2C400 2x, https:\/\/i0.wp.com\/politicosaldesnudo.com.mx\/wp-content\/uploads\/2026\/08\/moyaa.jpg?fit=1200%2C801&ssl=1&resize=1050%2C600 3x"},"classes":[]},{"id":88253,"url":"https:\/\/politicosaldesnudo.com.mx\/index.php\/2026\/09\/01\/congreso-recibe-el-segundo-informe-de-sheinbaum-inicia-revision-legislativa\/","url_meta":{"origin":80270,"position":1},"title":"Congreso recibe el Segundo Informe de Sheinbaum; inicia revisi\u00f3n legislativa","author":"Redacci\u00f3n Pol\u00edticos","date":"1 de septiembre de 2026","format":false,"excerpt":"La secretaria de Gobernaci\u00f3n, Rosa Icela Rodr\u00edguez, present\u00f3 formalmente ante el Congreso de la Uni\u00f3n el Segundo Informe de Gobierno de la presidenta Claudia Sheinbaum Pardo. El documento fue entregado este martes a la Mesa Directiva durante la sesi\u00f3n de Congreso General, con la que tambi\u00e9n qued\u00f3 inaugurado el nuevo\u2026","rel":"","context":"En \u00abNACIONAL\u00bb","block_context":{"text":"NACIONAL","link":"https:\/\/politicosaldesnudo.com.mx\/index.php\/category\/nacional\/"},"img":{"alt_text":"","src":"https:\/\/i0.wp.com\/politicosaldesnudo.com.mx\/wp-content\/uploads\/2026\/09\/790572007_1611715283639614_187349255645009408_n.jpg?fit=1200%2C799&ssl=1&resize=350%2C200","width":350,"height":200,"srcset":"https:\/\/i0.wp.com\/politicosaldesnudo.com.mx\/wp-content\/uploads\/2026\/09\/790572007_1611715283639614_187349255645009408_n.jpg?fit=1200%2C799&ssl=1&resize=350%2C200 1x, https:\/\/i0.wp.com\/politicosaldesnudo.com.mx\/wp-content\/uploads\/2026\/09\/790572007_1611715283639614_187349255645009408_n.jpg?fit=1200%2C799&ssl=1&resize=525%2C300 1.5x, https:\/\/i0.wp.com\/politicosaldesnudo.com.mx\/wp-content\/uploads\/2026\/09\/790572007_1611715283639614_187349255645009408_n.jpg?fit=1200%2C799&ssl=1&resize=700%2C400 2x, https:\/\/i0.wp.com\/politicosaldesnudo.com.mx\/wp-content\/uploads\/2026\/09\/790572007_1611715283639614_187349255645009408_n.jpg?fit=1200%2C799&ssl=1&resize=1050%2C600 3x"},"classes":[]},{"id":88244,"url":"https:\/\/politicosaldesnudo.com.mx\/index.php\/2026\/08\/31\/relevo-en-el-congreso-higinio-martinez-toma-el-senado-y-raul-bolanos-encabeza-san-lazaro\/","url_meta":{"origin":80270,"position":2},"title":"Relevo en el Congreso: Higinio Mart\u00ednez toma el Senado y Ra\u00fal Bola\u00f1os encabeza San L\u00e1zaro","author":"Redacci\u00f3n Pol\u00edticos","date":"31 de agosto de 2026","format":false,"excerpt":"Las dos c\u00e1maras del Congreso de la Uni\u00f3n renovaron sus mesas directivas para el \u00faltimo a\u00f1o de la LXVI Legislatura. Morena conservar\u00e1 la conducci\u00f3n del Senado, mientras el Partido Verde asumir\u00e1 por primera vez la presidencia de la C\u00e1mara de Diputados. El Congreso de la Uni\u00f3n inicia una nueva etapa\u2026","rel":"","context":"En \u00abNACIONAL\u00bb","block_context":{"text":"NACIONAL","link":"https:\/\/politicosaldesnudo.com.mx\/index.php\/category\/nacional\/"},"img":{"alt_text":"","src":"https:\/\/i0.wp.com\/politicosaldesnudo.com.mx\/wp-content\/uploads\/2026\/08\/3c93aced-3583-4f59-bf8b-eb1b5153d09e.png?fit=1200%2C675&ssl=1&resize=350%2C200","width":350,"height":200,"srcset":"https:\/\/i0.wp.com\/politicosaldesnudo.com.mx\/wp-content\/uploads\/2026\/08\/3c93aced-3583-4f59-bf8b-eb1b5153d09e.png?fit=1200%2C675&ssl=1&resize=350%2C200 1x, https:\/\/i0.wp.com\/politicosaldesnudo.com.mx\/wp-content\/uploads\/2026\/08\/3c93aced-3583-4f59-bf8b-eb1b5153d09e.png?fit=1200%2C675&ssl=1&resize=525%2C300 1.5x, https:\/\/i0.wp.com\/politicosaldesnudo.com.mx\/wp-content\/uploads\/2026\/08\/3c93aced-3583-4f59-bf8b-eb1b5153d09e.png?fit=1200%2C675&ssl=1&resize=700%2C400 2x, https:\/\/i0.wp.com\/politicosaldesnudo.com.mx\/wp-content\/uploads\/2026\/08\/3c93aced-3583-4f59-bf8b-eb1b5153d09e.png?fit=1200%2C675&ssl=1&resize=1050%2C600 3x"},"classes":[]},{"id":88051,"url":"https:\/\/politicosaldesnudo.com.mx\/index.php\/2026\/08\/24\/protestan-en-culiacan-contra-la-continuidad-del-grupo-politico-de-rocha-moya\/","url_meta":{"origin":80270,"position":3},"title":"Protestan en Culiac\u00e1n contra la continuidad del grupo pol\u00edtico de Rocha Moya","author":"Redacci\u00f3n Pol\u00edticos","date":"24 de agosto de 2026","format":false,"excerpt":"Culiac\u00e1n, Sin.- Empresarios, ciudadanos y representantes de partidos de oposici\u00f3n se concentraron este lunes frente al Palacio de Gobierno de Sinaloa para exigir la salida definitiva de Rub\u00e9n Rocha Moya y rechazar que alguno de sus colaboradores asuma el control de la administraci\u00f3n estatal. La movilizaci\u00f3n comenz\u00f3 alrededor de las\u2026","rel":"","context":"En \u00abESTADOS\u00bb","block_context":{"text":"ESTADOS","link":"https:\/\/politicosaldesnudo.com.mx\/index.php\/category\/estados\/"},"img":{"alt_text":"","src":"https:\/\/i0.wp.com\/politicosaldesnudo.com.mx\/wp-content\/uploads\/2026\/08\/manifestacion-sinaloa-fuerza-rocha-24ago26-1536x1024-1.jpg?fit=1200%2C800&ssl=1&resize=350%2C200","width":350,"height":200,"srcset":"https:\/\/i0.wp.com\/politicosaldesnudo.com.mx\/wp-content\/uploads\/2026\/08\/manifestacion-sinaloa-fuerza-rocha-24ago26-1536x1024-1.jpg?fit=1200%2C800&ssl=1&resize=350%2C200 1x, https:\/\/i0.wp.com\/politicosaldesnudo.com.mx\/wp-content\/uploads\/2026\/08\/manifestacion-sinaloa-fuerza-rocha-24ago26-1536x1024-1.jpg?fit=1200%2C800&ssl=1&resize=525%2C300 1.5x, https:\/\/i0.wp.com\/politicosaldesnudo.com.mx\/wp-content\/uploads\/2026\/08\/manifestacion-sinaloa-fuerza-rocha-24ago26-1536x1024-1.jpg?fit=1200%2C800&ssl=1&resize=700%2C400 2x, https:\/\/i0.wp.com\/politicosaldesnudo.com.mx\/wp-content\/uploads\/2026\/08\/manifestacion-sinaloa-fuerza-rocha-24ago26-1536x1024-1.jpg?fit=1200%2C800&ssl=1&resize=1050%2C600 3x"},"classes":[]},{"id":88122,"url":"https:\/\/politicosaldesnudo.com.mx\/index.php\/2026\/08\/28\/asi-cambiara-el-poder-judicial-de-veracruz\/","url_meta":{"origin":80270,"position":4},"title":"As\u00ed cambiar\u00e1 el Poder Judicial de Veracruz","author":"Redacci\u00f3n Pol\u00edticos","date":"28 de agosto de 2026","format":false,"excerpt":"ALMA GRANDE POR: \u00c1NGEL \u00c1LVARO PE\u00d1A El Poder Judicial de Veracruz est\u00e1 a punto de cambiar de manera profunda. El Congreso del Estado aprob\u00f3 una reforma a su Ley Org\u00e1nica que establece las reglas para magistraturas y judicaturas electas por voto popular, adem\u00e1s de modificar la integraci\u00f3n de las presidencias\u2026","rel":"","context":"En \u00abOPINI\u00d3N\u00bb","block_context":{"text":"OPINI\u00d3N","link":"https:\/\/politicosaldesnudo.com.mx\/index.php\/category\/columnistas\/"},"img":{"alt_text":"","src":"https:\/\/i0.wp.com\/politicosaldesnudo.com.mx\/wp-content\/uploads\/2026\/08\/AG-2808.png?fit=1200%2C658&ssl=1&resize=350%2C200","width":350,"height":200,"srcset":"https:\/\/i0.wp.com\/politicosaldesnudo.com.mx\/wp-content\/uploads\/2026\/08\/AG-2808.png?fit=1200%2C658&ssl=1&resize=350%2C200 1x, https:\/\/i0.wp.com\/politicosaldesnudo.com.mx\/wp-content\/uploads\/2026\/08\/AG-2808.png?fit=1200%2C658&ssl=1&resize=525%2C300 1.5x, https:\/\/i0.wp.com\/politicosaldesnudo.com.mx\/wp-content\/uploads\/2026\/08\/AG-2808.png?fit=1200%2C658&ssl=1&resize=700%2C400 2x, https:\/\/i0.wp.com\/politicosaldesnudo.com.mx\/wp-content\/uploads\/2026\/08\/AG-2808.png?fit=1200%2C658&ssl=1&resize=1050%2C600 3x"},"classes":[]},{"id":88195,"url":"https:\/\/politicosaldesnudo.com.mx\/index.php\/2026\/08\/31\/el-blindaje-legislativo-de-amlo-blindar-a-la-presidenta-y-el-juego-de-sombras-del-poder-real\/","url_meta":{"origin":80270,"position":5},"title":"El Blindaje Legislativo de AMLO: Blindar a la presidenta y el Juego de Sombras del Poder Real","author":"Redacci\u00f3n Pol\u00edticos","date":"31 de agosto de 2026","format":false,"excerpt":"Una Opini\u00f3n Alternativa Por Carlos O. Silva Bandala Bicefalia (dos cabezas) o Dualidad de Poder Pol\u00edtico. \u2013 Un fen\u00f3meno analizado cuando un liderazgo hist\u00f3rico (Plutarco El\u00edas Calles, El Maximato\u2026 AMLO, El Obradorato) mantiene una enorme influencia sobre las estructuras del Partido gobernante, lo que confirma, por decir lo menos, que\u2026","rel":"","context":"En \u00abOPINI\u00d3N\u00bb","block_context":{"text":"OPINI\u00d3N","link":"https:\/\/politicosaldesnudo.com.mx\/index.php\/category\/columnistas\/"},"img":{"alt_text":"","src":"https:\/\/i0.wp.com\/politicosaldesnudo.com.mx\/wp-content\/uploads\/2026\/08\/silva-3108.png?fit=1200%2C659&ssl=1&resize=350%2C200","width":350,"height":200,"srcset":"https:\/\/i0.wp.com\/politicosaldesnudo.com.mx\/wp-content\/uploads\/2026\/08\/silva-3108.png?fit=1200%2C659&ssl=1&resize=350%2C200 1x, https:\/\/i0.wp.com\/politicosaldesnudo.com.mx\/wp-content\/uploads\/2026\/08\/silva-3108.png?fit=1200%2C659&ssl=1&resize=525%2C300 1.5x, https:\/\/i0.wp.com\/politicosaldesnudo.com.mx\/wp-content\/uploads\/2026\/08\/silva-3108.png?fit=1200%2C659&ssl=1&resize=700%2C400 2x, https:\/\/i0.wp.com\/politicosaldesnudo.com.mx\/wp-content\/uploads\/2026\/08\/silva-3108.png?fit=1200%2C659&ssl=1&resize=1050%2C600 3x"},"classes":[]}],"jetpack_sharing_enabled":true,"jetpack_featured_media_url":"https:\/\/i0.wp.com\/politicosaldesnudo.com.mx\/wp-content\/uploads\/2026\/02\/PER.jpg?fit=1200%2C800&ssl=1","_links":{"self":[{"href":"https:\/\/politicosaldesnudo.com.mx\/index.php\/wp-json\/wp\/v2\/posts\/80270","targetHints":{"allow":["GET"]}}],"collection":[{"href":"https:\/\/politicosaldesnudo.com.mx\/index.php\/wp-json\/wp\/v2\/posts"}],"about":[{"href":"https:\/\/politicosaldesnudo.com.mx\/index.php\/wp-json\/wp\/v2\/types\/post"}],"author":[{"embeddable":true,"href":"https:\/\/politicosaldesnudo.com.mx\/index.php\/wp-json\/wp\/v2\/users\/4"}],"replies":[{"embeddable":true,"href":"https:\/\/politicosaldesnudo.com.mx\/index.php\/wp-json\/wp\/v2\/comments?post=80270"}],"version-history":[{"count":0,"href":"https:\/\/politicosaldesnudo.com.mx\/index.php\/wp-json\/wp\/v2\/posts\/80270\/revisions"}],"wp:featuredmedia":[{"embeddable":true,"href":"https:\/\/politicosaldesnudo.com.mx\/index.php\/wp-json\/wp\/v2\/media\/80271"}],"wp:attachment":[{"href":"https:\/\/politicosaldesnudo.com.mx\/index.php\/wp-json\/wp\/v2\/media?parent=80270"}],"wp:term":[{"taxonomy":"category","embeddable":true,"href":"https:\/\/politicosaldesnudo.com.mx\/index.php\/wp-json\/wp\/v2\/categories?post=80270"},{"taxonomy":"post_tag","embeddable":true,"href":"https:\/\/politicosaldesnudo.com.mx\/index.php\/wp-json\/wp\/v2\/tags?post=80270"}],"curies":[{"name":"wp","href":"https:\/\/api.w.org\/{rel}","templated":true}]}}