{"id":80322,"date":"2026-02-20T00:07:37","date_gmt":"2026-02-20T06:07:37","guid":{"rendered":"https:\/\/politicosaldesnudo.com.mx\/?p=80322"},"modified":"2026-02-19T23:10:49","modified_gmt":"2026-02-20T05:10:49","slug":"morena-acuerda-respaldar-como-venga-la-reforma-electoral-en-la-camara-de-diputados","status":"publish","type":"post","link":"https:\/\/politicosaldesnudo.com.mx\/index.php\/2026\/02\/20\/morena-acuerda-respaldar-como-venga-la-reforma-electoral-en-la-camara-de-diputados\/","title":{"rendered":"Morena acuerda respaldar \u201ccomo venga\u201d la reforma electoral en la C\u00e1mara de Diputados"},"content":{"rendered":"<p class=\"nota-justify\">Morena en la C\u00e1mara de Diputados acord\u00f3 el respaldo a la iniciativa presidencial de reforma a la Constituci\u00f3n en materia electoral, \u201ccomo venga\u201d, pero acot\u00f3 que \u201cser\u00e1 dif\u00edcil el acompa\u00f1amiento\u201d de los partidos aliados, el Verde y el del Trabajo, pero ser\u00eda \u201cun desacuerdo legislativo temporal, que no pone en riesgo la alianza para 2027 y 2030\u201d, resumi\u00f3 el coordinador de la bancada, Ricardo Monreal \u00c1vila.<\/p>\n<p class=\"nota-justify\">En la reuni\u00f3n plenaria de este jueves, a mano alzada y con gritos de \u201c\u00a1es un honor estar con Claudia hoy!\u201d, el grupo aval\u00f3 la propuesta de Monreal para \u201cque respaldemos a la presidenta Claudia Sheinbaum y la iniciativa y que las vamos a votar todos\u201d.<\/p>\n<p class=\"nota-justify\">Para reforzar el acuerdo, el legislador insisti\u00f3: \u201cYo necesito su voto y que levanten la mano, para que despu\u00e9s no haya ninguna duda\u201d.<\/p>\n<p class=\"nota-justify\">Durante el encuentro, explicaron diputados, Monreal insisti\u00f3 que se intentar\u00e1 lograr consensos con el PT y el PVEM, pero que por el contenido del documento que se enviar\u00e1 el martes al Congreso, ser\u00e1 dif\u00edcil que los legisladores de esos partidos la voten en favor.<\/p>\n<p class=\"nota-justify\">\u201cDe ser el caso, se tratar\u00e1 de un desacuerdo legislativo temporal\u201d, dijo en el encuentro en el auditorio Aurora Jim\u00e9nez de la c\u00e1mara donde nuevamente campe\u00f3 el ausentismo. Solo asistieron 94 de los 253 integrantes de la bancada, que revis\u00f3 las sanciones a aplicar a los diputados que se niegan a asistir al trabajo en el pleno de la c\u00e1mara y en comisiones.<\/p>\n<p class=\"nota-justify\">Monreal, quien despu\u00e9s sali\u00f3 a un nuevo di\u00e1logo en la Secretar\u00eda de Gobernaci\u00f3n, inform\u00f3 a los diputados que el proyecto de la iniciativa se presentar\u00e1 a los coordinadores la tarde del lunes en una entrevista con la presidenta Claudia Sheinbaum.<\/p>\n<p class=\"nota-justify\">El legislador adelant\u00f3 cinco puntos que contendr\u00e1 la propuesta.<\/p>\n<p class=\"nota-justify\">Indic\u00f3 que, consecuente con su postura, la presidenta seguramente ratificar\u00e1 su convicci\u00f3n de reducir el costo de las campa\u00f1as pol\u00edticas y el de la organizaci\u00f3n electoral; disminuir el n\u00famero de candidatos a diputados de representaci\u00f3n proporcional; cerrar el paso al financiamiento il\u00edcito a las campa\u00f1as; incrementar la participaci\u00f3n ciudadana, y una nueva f\u00f3rmula para elegir a los legisladores migrantes.<\/p>\n<p class=\"nota-justify\">\u201cEstos cinco temas van a venir en la iniciativa, que no conocemos a ciencia cierta\u201d, manifest\u00f3.<\/p>\n<p class=\"nota-justify\">No obstante, resalt\u00f3, el objetivo de la reuni\u00f3n era obtener el respaldo a la iniciativa \u201ccomo venga\u201d.<\/p>\n<p class=\"nota-justify\">Al concluir la reuni\u00f3n, en rueda de prensa ratific\u00f3 su postura de buscar el apoyo de PT y PVEM a la iniciativa, \u201ce intensificarlo una vez que se presente, ya sea aqu\u00ed en la C\u00e1mara de Diputados o en el Senado\u201d.<\/p>\n<p class=\"nota-justify\">-Si no hay acuerdo con el PT o con el Verde, \u00bfhabr\u00e1 un desencuentro? \u2013se le pregunt\u00f3.<\/p>\n<p class=\"nota-justify\">-Yo he dicho que, primero, no hay que cansarse de buscar este apoyo. Una vez que se presente hay que intensificarlo, ya sea en el Senado o aqu\u00ed.<\/p>\n<p class=\"nota-justify\">\u201cPero si no se diera respaldo a esta iniciativa, yo lo califico como un desacuerdo legislativo temporal que no pone en riesgo la alianza al 27 y al 30\u201d.<\/p>\n<p class=\"nota-justify\">-\u00bfNi el resto de las votaciones?<\/p>\n<p class=\"nota-justify\">-Ni el resto de las votaciones. Es un desacuerdo legislativo temporal.<\/p>\n<p class=\"nota-justify\">-\u00bfVa a ser o ser\u00eda? \u2013se le insisti\u00f3.<\/p>\n<p class=\"nota-justify\">-No, espero que no. Hay que luchar porque no.<\/p>\n<p class=\"nota-justify\">\u201cY vamos a hacer el esfuerzo por convencer a los aliados, el PT y Verde, a quienes respetamos y con quienes estamos conversando. No conocemos la iniciativa. Todo lo que se ha dicho y filtrado son especulaciones.<\/p>\n<p class=\"nota-justify\">\u201cY la \u00fanica que sabe el alcance y el contenido de esta reforma es la presidenta de la Rep\u00fablica. Y se va a presentar la iniciativa el martes. Entonces vamos a esperar, pero lo importante es que todos refrendamos el respaldo a la presidenta Claudia Sheinbaum.<\/p>\n<p class=\"nota-justify\">Tambi\u00e9n se\u00f1al\u00f3 que un documento que circul\u00f3 desde ayer data de hace dos semanas y su contenido, si bien no es falso, no es oficial y tampoco incluye los t\u00e9rminos en que se presentar\u00e1 el proyecto.<\/p>\n<p class=\"nota-justify\">\u201cEs un documento interno de la comisi\u00f3n (presidencial) que alguien filtr\u00f3, pero no pasa nada. La \u2018di\u00e1spora de 508 diputados\u2019 es falsa. Aunque s\u00ed se coment\u00f3, nunca se aprob\u00f3 y nunca se dio por sentado este prop\u00f3sito de ampliar la C\u00e1mara. No hagan caso al borrador, porque est\u00e1 desactualizado, hay puntos nuevos\u201d, indic\u00f3.<\/p>\n","protected":false},"excerpt":{"rendered":"<p>Morena en la C\u00e1mara de Diputados acord\u00f3 el respaldo a la iniciativa presidencial de reforma a la Constituci\u00f3n en materia [&hellip;]<\/p>\n","protected":false},"author":4,"featured_media":80323,"comment_status":"closed","ping_status":"closed","sticky":false,"template":"","format":"standard","meta":{"site-sidebar-layout":"default","site-content-layout":"","ast-site-content-layout":"default","site-content-style":"default","site-sidebar-style":"default","ast-global-header-display":"","ast-banner-title-visibility":"","ast-main-header-display":"","ast-hfb-above-header-display":"","ast-hfb-below-header-display":"","ast-hfb-mobile-header-display":"","site-post-title":"","ast-breadcrumbs-content":"","ast-featured-img":"","footer-sml-layout":"","ast-disable-related-posts":"","theme-transparent-header-meta":"","adv-header-id-meta":"","stick-header-meta":"","header-above-stick-meta":"","header-main-stick-meta":"","header-below-stick-meta":"","astra-migrate-meta-layouts":"default","ast-page-background-enabled":"default","ast-page-background-meta":{"desktop":{"background-color":"var(--ast-global-color-5)","background-image":"","background-repeat":"repeat","background-position":"center center","background-size":"auto","background-attachment":"scroll","background-type":"","background-media":"","overlay-type":"","overlay-color":"","overlay-opacity":"","overlay-gradient":""},"tablet":{"background-color":"","background-image":"","background-repeat":"repeat","background-position":"center center","background-size":"auto","background-attachment":"scroll","background-type":"","background-media":"","overlay-type":"","overlay-color":"","overlay-opacity":"","overlay-gradient":""},"mobile":{"background-color":"","background-image":"","background-repeat":"repeat","background-position":"center center","background-size":"auto","background-attachment":"scroll","background-type":"","background-media":"","overlay-type":"","overlay-color":"","overlay-opacity":"","overlay-gradient":""}},"ast-content-background-meta":{"desktop":{"background-color":"var(--ast-global-color-4)","background-image":"","background-repeat":"repeat","background-position":"center center","background-size":"auto","background-attachment":"scroll","background-type":"","background-media":"","overlay-type":"","overlay-color":"","overlay-opacity":"","overlay-gradient":""},"tablet":{"background-color":"var(--ast-global-color-4)","background-image":"","background-repeat":"repeat","background-position":"center center","background-size":"auto","background-attachment":"scroll","background-type":"","background-media":"","overlay-type":"","overlay-color":"","overlay-opacity":"","overlay-gradient":""},"mobile":{"background-color":"var(--ast-global-color-4)","background-image":"","background-repeat":"repeat","background-position":"center center","background-size":"auto","background-attachment":"scroll","background-type":"","background-media":"","overlay-type":"","overlay-color":"","overlay-opacity":"","overlay-gradient":""}},"_jetpack_newsletter_access":"","_jetpack_dont_email_post_to_subs":false,"_jetpack_newsletter_tier_id":0,"_jetpack_memberships_contains_paywalled_content":false,"_jetpack_feature_clip_id":0,"_jetpack_memberships_contains_paid_content":false,"footnotes":"","jetpack_publicize_message":"","jetpack_publicize_feature_enabled":true,"jetpack_social_post_already_shared":true,"jetpack_social_options":{"image_generator_settings":{"template":"highway","default_image_id":0,"font":"","enabled":false},"version":2},"jetpack_post_was_ever_published":false},"categories":[33],"tags":[],"class_list":["post-80322","post","type-post","status-publish","format-standard","has-post-thumbnail","hentry","category-nacional"],"yoast_head":"<!-- This site is optimized with the Yoast SEO plugin v28.3 - https:\/\/yoast.com\/product\/yoast-seo-wordpress\/ -->\n<title>Morena acuerda respaldar \u201ccomo venga\u201d la reforma electoral en la C\u00e1mara de Diputados - Pol\u00edticos al Desnudo<\/title>\n<meta name=\"robots\" content=\"index, follow, max-snippet:-1, max-image-preview:large, max-video-preview:-1\" \/>\n<link rel=\"canonical\" href=\"https:\/\/politicosaldesnudo.com.mx\/index.php\/2026\/02\/20\/morena-acuerda-respaldar-como-venga-la-reforma-electoral-en-la-camara-de-diputados\/\" \/>\n<meta property=\"og:locale\" content=\"es_ES\" \/>\n<meta property=\"og:type\" content=\"article\" \/>\n<meta property=\"og:title\" content=\"Morena acuerda respaldar \u201ccomo venga\u201d la reforma electoral en la C\u00e1mara de Diputados - Pol\u00edticos al Desnudo\" \/>\n<meta property=\"og:description\" content=\"Morena en la C\u00e1mara de Diputados acord\u00f3 el respaldo a la iniciativa presidencial de reforma a la Constituci\u00f3n en materia [&hellip;]\" \/>\n<meta property=\"og:url\" content=\"https:\/\/politicosaldesnudo.com.mx\/index.php\/2026\/02\/20\/morena-acuerda-respaldar-como-venga-la-reforma-electoral-en-la-camara-de-diputados\/\" \/>\n<meta property=\"og:site_name\" content=\"Pol\u00edticos al Desnudo\" \/>\n<meta property=\"article:publisher\" content=\"https:\/\/www.facebook.com\/PoliticosAD\" \/>\n<meta property=\"article:published_time\" content=\"2026-02-20T06:07:37+00:00\" \/>\n<meta property=\"og:image\" content=\"https:\/\/i0.wp.com\/politicosaldesnudo.com.mx\/wp-content\/uploads\/2026\/02\/CAMNHJ.jpg?fit=1200%2C900&ssl=1\" \/>\n\t<meta property=\"og:image:width\" content=\"1200\" \/>\n\t<meta property=\"og:image:height\" content=\"900\" \/>\n\t<meta property=\"og:image:type\" content=\"image\/jpeg\" \/>\n<meta name=\"author\" content=\"Redacci\u00f3n Pol\u00edticos\" \/>\n<meta name=\"twitter:card\" content=\"summary_large_image\" \/>\n<meta name=\"twitter:label1\" content=\"Escrito por\" \/>\n\t<meta name=\"twitter:data1\" content=\"Redacci\u00f3n Pol\u00edticos\" \/>\n\t<meta name=\"twitter:label2\" content=\"Tiempo de lectura\" \/>\n\t<meta name=\"twitter:data2\" content=\"4 minutos\" \/>\n<script type=\"application\/ld+json\" class=\"yoast-schema-graph\">{\"@context\":\"https:\\\/\\\/schema.org\",\"@graph\":[{\"@type\":\"Article\",\"@id\":\"https:\\\/\\\/politicosaldesnudo.com.mx\\\/index.php\\\/2026\\\/02\\\/20\\\/morena-acuerda-respaldar-como-venga-la-reforma-electoral-en-la-camara-de-diputados\\\/#article\",\"isPartOf\":{\"@id\":\"https:\\\/\\\/politicosaldesnudo.com.mx\\\/index.php\\\/2026\\\/02\\\/20\\\/morena-acuerda-respaldar-como-venga-la-reforma-electoral-en-la-camara-de-diputados\\\/\"},\"author\":{\"name\":\"Redacci\u00f3n Pol\u00edticos\",\"@id\":\"https:\\\/\\\/politicosaldesnudo.com.mx\\\/#\\\/schema\\\/person\\\/ef3a64e561cc3f3f5dc52fab81adde7e\"},\"headline\":\"Morena acuerda respaldar \u201ccomo venga\u201d la reforma electoral en la C\u00e1mara de Diputados\",\"datePublished\":\"2026-02-20T06:07:37+00:00\",\"mainEntityOfPage\":{\"@id\":\"https:\\\/\\\/politicosaldesnudo.com.mx\\\/index.php\\\/2026\\\/02\\\/20\\\/morena-acuerda-respaldar-como-venga-la-reforma-electoral-en-la-camara-de-diputados\\\/\"},\"wordCount\":750,\"publisher\":{\"@id\":\"https:\\\/\\\/politicosaldesnudo.com.mx\\\/#organization\"},\"image\":{\"@id\":\"https:\\\/\\\/politicosaldesnudo.com.mx\\\/index.php\\\/2026\\\/02\\\/20\\\/morena-acuerda-respaldar-como-venga-la-reforma-electoral-en-la-camara-de-diputados\\\/#primaryimage\"},\"thumbnailUrl\":\"https:\\\/\\\/i0.wp.com\\\/politicosaldesnudo.com.mx\\\/wp-content\\\/uploads\\\/2026\\\/02\\\/CAMNHJ.jpg?fit=1200%2C900&ssl=1\",\"articleSection\":[\"NACIONAL\"],\"inLanguage\":\"es\"},{\"@type\":\"WebPage\",\"@id\":\"https:\\\/\\\/politicosaldesnudo.com.mx\\\/index.php\\\/2026\\\/02\\\/20\\\/morena-acuerda-respaldar-como-venga-la-reforma-electoral-en-la-camara-de-diputados\\\/\",\"url\":\"https:\\\/\\\/politicosaldesnudo.com.mx\\\/index.php\\\/2026\\\/02\\\/20\\\/morena-acuerda-respaldar-como-venga-la-reforma-electoral-en-la-camara-de-diputados\\\/\",\"name\":\"Morena acuerda respaldar \u201ccomo venga\u201d la reforma electoral en la C\u00e1mara de Diputados - Pol\u00edticos al Desnudo\",\"isPartOf\":{\"@id\":\"https:\\\/\\\/politicosaldesnudo.com.mx\\\/#website\"},\"primaryImageOfPage\":{\"@id\":\"https:\\\/\\\/politicosaldesnudo.com.mx\\\/index.php\\\/2026\\\/02\\\/20\\\/morena-acuerda-respaldar-como-venga-la-reforma-electoral-en-la-camara-de-diputados\\\/#primaryimage\"},\"image\":{\"@id\":\"https:\\\/\\\/politicosaldesnudo.com.mx\\\/index.php\\\/2026\\\/02\\\/20\\\/morena-acuerda-respaldar-como-venga-la-reforma-electoral-en-la-camara-de-diputados\\\/#primaryimage\"},\"thumbnailUrl\":\"https:\\\/\\\/i0.wp.com\\\/politicosaldesnudo.com.mx\\\/wp-content\\\/uploads\\\/2026\\\/02\\\/CAMNHJ.jpg?fit=1200%2C900&ssl=1\",\"datePublished\":\"2026-02-20T06:07:37+00:00\",\"breadcrumb\":{\"@id\":\"https:\\\/\\\/politicosaldesnudo.com.mx\\\/index.php\\\/2026\\\/02\\\/20\\\/morena-acuerda-respaldar-como-venga-la-reforma-electoral-en-la-camara-de-diputados\\\/#breadcrumb\"},\"inLanguage\":\"es\",\"potentialAction\":[{\"@type\":\"ReadAction\",\"target\":[\"https:\\\/\\\/politicosaldesnudo.com.mx\\\/index.php\\\/2026\\\/02\\\/20\\\/morena-acuerda-respaldar-como-venga-la-reforma-electoral-en-la-camara-de-diputados\\\/\"]}]},{\"@type\":\"ImageObject\",\"inLanguage\":\"es\",\"@id\":\"https:\\\/\\\/politicosaldesnudo.com.mx\\\/index.php\\\/2026\\\/02\\\/20\\\/morena-acuerda-respaldar-como-venga-la-reforma-electoral-en-la-camara-de-diputados\\\/#primaryimage\",\"url\":\"https:\\\/\\\/i0.wp.com\\\/politicosaldesnudo.com.mx\\\/wp-content\\\/uploads\\\/2026\\\/02\\\/CAMNHJ.jpg?fit=1200%2C900&ssl=1\",\"contentUrl\":\"https:\\\/\\\/i0.wp.com\\\/politicosaldesnudo.com.mx\\\/wp-content\\\/uploads\\\/2026\\\/02\\\/CAMNHJ.jpg?fit=1200%2C900&ssl=1\",\"width\":1200,\"height\":900},{\"@type\":\"BreadcrumbList\",\"@id\":\"https:\\\/\\\/politicosaldesnudo.com.mx\\\/index.php\\\/2026\\\/02\\\/20\\\/morena-acuerda-respaldar-como-venga-la-reforma-electoral-en-la-camara-de-diputados\\\/#breadcrumb\",\"itemListElement\":[{\"@type\":\"ListItem\",\"position\":1,\"name\":\"Portada\",\"item\":\"https:\\\/\\\/politicosaldesnudo.com.mx\\\/\"},{\"@type\":\"ListItem\",\"position\":2,\"name\":\"Morena acuerda respaldar \u201ccomo venga\u201d la reforma electoral en la C\u00e1mara de Diputados\"}]},{\"@type\":\"WebSite\",\"@id\":\"https:\\\/\\\/politicosaldesnudo.com.mx\\\/#website\",\"url\":\"https:\\\/\\\/politicosaldesnudo.com.mx\\\/\",\"name\":\"Pol\u00edticos al Desnudo\",\"description\":\"\",\"publisher\":{\"@id\":\"https:\\\/\\\/politicosaldesnudo.com.mx\\\/#organization\"},\"potentialAction\":[{\"@type\":\"SearchAction\",\"target\":{\"@type\":\"EntryPoint\",\"urlTemplate\":\"https:\\\/\\\/politicosaldesnudo.com.mx\\\/?s={search_term_string}\"},\"query-input\":{\"@type\":\"PropertyValueSpecification\",\"valueRequired\":true,\"valueName\":\"search_term_string\"}}],\"inLanguage\":\"es\"},{\"@type\":\"Organization\",\"@id\":\"https:\\\/\\\/politicosaldesnudo.com.mx\\\/#organization\",\"name\":\"Pol\u00edticos al Desnudo\",\"url\":\"https:\\\/\\\/politicosaldesnudo.com.mx\\\/\",\"logo\":{\"@type\":\"ImageObject\",\"inLanguage\":\"es\",\"@id\":\"https:\\\/\\\/politicosaldesnudo.com.mx\\\/#\\\/schema\\\/logo\\\/image\\\/\",\"url\":\"https:\\\/\\\/i0.wp.com\\\/politicosaldesnudo.com.mx\\\/wp-content\\\/uploads\\\/2026\\\/08\\\/cropped-logo.webp?fit=400%2C126&ssl=1\",\"contentUrl\":\"https:\\\/\\\/i0.wp.com\\\/politicosaldesnudo.com.mx\\\/wp-content\\\/uploads\\\/2026\\\/08\\\/cropped-logo.webp?fit=400%2C126&ssl=1\",\"width\":400,\"height\":126,\"caption\":\"Pol\u00edticos al Desnudo\"},\"image\":{\"@id\":\"https:\\\/\\\/politicosaldesnudo.com.mx\\\/#\\\/schema\\\/logo\\\/image\\\/\"},\"sameAs\":[\"https:\\\/\\\/www.facebook.com\\\/PoliticosAD\"]},{\"@type\":\"Person\",\"@id\":\"https:\\\/\\\/politicosaldesnudo.com.mx\\\/#\\\/schema\\\/person\\\/ef3a64e561cc3f3f5dc52fab81adde7e\",\"name\":\"Redacci\u00f3n Pol\u00edticos\",\"url\":\"https:\\\/\\\/politicosaldesnudo.com.mx\\\/index.php\\\/author\\\/redaccion-politicos\\\/\"}]}<\/script>\n<!-- \/ Yoast SEO plugin. -->","yoast_head_json":{"title":"Morena acuerda respaldar \u201ccomo venga\u201d la reforma electoral en la C\u00e1mara de Diputados - Pol\u00edticos al Desnudo","robots":{"index":"index","follow":"follow","max-snippet":"max-snippet:-1","max-image-preview":"max-image-preview:large","max-video-preview":"max-video-preview:-1"},"canonical":"https:\/\/politicosaldesnudo.com.mx\/index.php\/2026\/02\/20\/morena-acuerda-respaldar-como-venga-la-reforma-electoral-en-la-camara-de-diputados\/","og_locale":"es_ES","og_type":"article","og_title":"Morena acuerda respaldar \u201ccomo venga\u201d la reforma electoral en la C\u00e1mara de Diputados - Pol\u00edticos al Desnudo","og_description":"Morena en la C\u00e1mara de Diputados acord\u00f3 el respaldo a la iniciativa presidencial de reforma a la Constituci\u00f3n en materia [&hellip;]","og_url":"https:\/\/politicosaldesnudo.com.mx\/index.php\/2026\/02\/20\/morena-acuerda-respaldar-como-venga-la-reforma-electoral-en-la-camara-de-diputados\/","og_site_name":"Pol\u00edticos al Desnudo","article_publisher":"https:\/\/www.facebook.com\/PoliticosAD","article_published_time":"2026-02-20T06:07:37+00:00","og_image":[{"width":1200,"height":900,"url":"https:\/\/i0.wp.com\/politicosaldesnudo.com.mx\/wp-content\/uploads\/2026\/02\/CAMNHJ.jpg?fit=1200%2C900&ssl=1","type":"image\/jpeg"}],"author":"Redacci\u00f3n Pol\u00edticos","twitter_card":"summary_large_image","twitter_misc":{"Escrito por":"Redacci\u00f3n Pol\u00edticos","Tiempo de lectura":"4 minutos"},"schema":{"@context":"https:\/\/schema.org","@graph":[{"@type":"Article","@id":"https:\/\/politicosaldesnudo.com.mx\/index.php\/2026\/02\/20\/morena-acuerda-respaldar-como-venga-la-reforma-electoral-en-la-camara-de-diputados\/#article","isPartOf":{"@id":"https:\/\/politicosaldesnudo.com.mx\/index.php\/2026\/02\/20\/morena-acuerda-respaldar-como-venga-la-reforma-electoral-en-la-camara-de-diputados\/"},"author":{"name":"Redacci\u00f3n Pol\u00edticos","@id":"https:\/\/politicosaldesnudo.com.mx\/#\/schema\/person\/ef3a64e561cc3f3f5dc52fab81adde7e"},"headline":"Morena acuerda respaldar \u201ccomo venga\u201d la reforma electoral en la C\u00e1mara de Diputados","datePublished":"2026-02-20T06:07:37+00:00","mainEntityOfPage":{"@id":"https:\/\/politicosaldesnudo.com.mx\/index.php\/2026\/02\/20\/morena-acuerda-respaldar-como-venga-la-reforma-electoral-en-la-camara-de-diputados\/"},"wordCount":750,"publisher":{"@id":"https:\/\/politicosaldesnudo.com.mx\/#organization"},"image":{"@id":"https:\/\/politicosaldesnudo.com.mx\/index.php\/2026\/02\/20\/morena-acuerda-respaldar-como-venga-la-reforma-electoral-en-la-camara-de-diputados\/#primaryimage"},"thumbnailUrl":"https:\/\/i0.wp.com\/politicosaldesnudo.com.mx\/wp-content\/uploads\/2026\/02\/CAMNHJ.jpg?fit=1200%2C900&ssl=1","articleSection":["NACIONAL"],"inLanguage":"es"},{"@type":"WebPage","@id":"https:\/\/politicosaldesnudo.com.mx\/index.php\/2026\/02\/20\/morena-acuerda-respaldar-como-venga-la-reforma-electoral-en-la-camara-de-diputados\/","url":"https:\/\/politicosaldesnudo.com.mx\/index.php\/2026\/02\/20\/morena-acuerda-respaldar-como-venga-la-reforma-electoral-en-la-camara-de-diputados\/","name":"Morena acuerda respaldar \u201ccomo venga\u201d la reforma electoral en la C\u00e1mara de Diputados - Pol\u00edticos al Desnudo","isPartOf":{"@id":"https:\/\/politicosaldesnudo.com.mx\/#website"},"primaryImageOfPage":{"@id":"https:\/\/politicosaldesnudo.com.mx\/index.php\/2026\/02\/20\/morena-acuerda-respaldar-como-venga-la-reforma-electoral-en-la-camara-de-diputados\/#primaryimage"},"image":{"@id":"https:\/\/politicosaldesnudo.com.mx\/index.php\/2026\/02\/20\/morena-acuerda-respaldar-como-venga-la-reforma-electoral-en-la-camara-de-diputados\/#primaryimage"},"thumbnailUrl":"https:\/\/i0.wp.com\/politicosaldesnudo.com.mx\/wp-content\/uploads\/2026\/02\/CAMNHJ.jpg?fit=1200%2C900&ssl=1","datePublished":"2026-02-20T06:07:37+00:00","breadcrumb":{"@id":"https:\/\/politicosaldesnudo.com.mx\/index.php\/2026\/02\/20\/morena-acuerda-respaldar-como-venga-la-reforma-electoral-en-la-camara-de-diputados\/#breadcrumb"},"inLanguage":"es","potentialAction":[{"@type":"ReadAction","target":["https:\/\/politicosaldesnudo.com.mx\/index.php\/2026\/02\/20\/morena-acuerda-respaldar-como-venga-la-reforma-electoral-en-la-camara-de-diputados\/"]}]},{"@type":"ImageObject","inLanguage":"es","@id":"https:\/\/politicosaldesnudo.com.mx\/index.php\/2026\/02\/20\/morena-acuerda-respaldar-como-venga-la-reforma-electoral-en-la-camara-de-diputados\/#primaryimage","url":"https:\/\/i0.wp.com\/politicosaldesnudo.com.mx\/wp-content\/uploads\/2026\/02\/CAMNHJ.jpg?fit=1200%2C900&ssl=1","contentUrl":"https:\/\/i0.wp.com\/politicosaldesnudo.com.mx\/wp-content\/uploads\/2026\/02\/CAMNHJ.jpg?fit=1200%2C900&ssl=1","width":1200,"height":900},{"@type":"BreadcrumbList","@id":"https:\/\/politicosaldesnudo.com.mx\/index.php\/2026\/02\/20\/morena-acuerda-respaldar-como-venga-la-reforma-electoral-en-la-camara-de-diputados\/#breadcrumb","itemListElement":[{"@type":"ListItem","position":1,"name":"Portada","item":"https:\/\/politicosaldesnudo.com.mx\/"},{"@type":"ListItem","position":2,"name":"Morena acuerda respaldar \u201ccomo venga\u201d la reforma electoral en la C\u00e1mara de Diputados"}]},{"@type":"WebSite","@id":"https:\/\/politicosaldesnudo.com.mx\/#website","url":"https:\/\/politicosaldesnudo.com.mx\/","name":"Pol\u00edticos al Desnudo","description":"","publisher":{"@id":"https:\/\/politicosaldesnudo.com.mx\/#organization"},"potentialAction":[{"@type":"SearchAction","target":{"@type":"EntryPoint","urlTemplate":"https:\/\/politicosaldesnudo.com.mx\/?s={search_term_string}"},"query-input":{"@type":"PropertyValueSpecification","valueRequired":true,"valueName":"search_term_string"}}],"inLanguage":"es"},{"@type":"Organization","@id":"https:\/\/politicosaldesnudo.com.mx\/#organization","name":"Pol\u00edticos al Desnudo","url":"https:\/\/politicosaldesnudo.com.mx\/","logo":{"@type":"ImageObject","inLanguage":"es","@id":"https:\/\/politicosaldesnudo.com.mx\/#\/schema\/logo\/image\/","url":"https:\/\/i0.wp.com\/politicosaldesnudo.com.mx\/wp-content\/uploads\/2026\/08\/cropped-logo.webp?fit=400%2C126&ssl=1","contentUrl":"https:\/\/i0.wp.com\/politicosaldesnudo.com.mx\/wp-content\/uploads\/2026\/08\/cropped-logo.webp?fit=400%2C126&ssl=1","width":400,"height":126,"caption":"Pol\u00edticos al Desnudo"},"image":{"@id":"https:\/\/politicosaldesnudo.com.mx\/#\/schema\/logo\/image\/"},"sameAs":["https:\/\/www.facebook.com\/PoliticosAD"]},{"@type":"Person","@id":"https:\/\/politicosaldesnudo.com.mx\/#\/schema\/person\/ef3a64e561cc3f3f5dc52fab81adde7e","name":"Redacci\u00f3n Pol\u00edticos","url":"https:\/\/politicosaldesnudo.com.mx\/index.php\/author\/redaccion-politicos\/"}]}},"jetpack_publicize_connections":[],"jetpack-related-posts":[{"id":87957,"url":"https:\/\/politicosaldesnudo.com.mx\/index.php\/2026\/08\/21\/morena-rompe-filas-con-rocha-moya-y-respalda-a-sheinbaum\/","url_meta":{"origin":80322,"position":0},"title":"Morena rompe filas con Rocha Moya y respalda a Sheinbaum","author":"Redacci\u00f3n Pol\u00edticos","date":"21 de agosto de 2026","format":false,"excerpt":"Rub\u00e9n Rocha Moya regres\u00f3 a la gubernatura de Sinaloa, pero la bienvenida estuvo lejos de ser c\u00e1lida. Apenas unas horas despu\u00e9s de anunciar su reincorporaci\u00f3n, 23 gobernadoras y gobernadores vinculados a la Cuarta Transformaci\u00f3n marcaron distancia de su decisi\u00f3n y cerraron filas con la presidenta Claudia Sheinbaum. En un pronunciamiento\u2026","rel":"","context":"En \u00abNACIONAL\u00bb","block_context":{"text":"NACIONAL","link":"https:\/\/politicosaldesnudo.com.mx\/index.php\/category\/nacional\/"},"img":{"alt_text":"","src":"https:\/\/i0.wp.com\/politicosaldesnudo.com.mx\/wp-content\/uploads\/2026\/08\/whatsapp-image-2026-02-27-at-74507-am-bcb617ec-focus-0-0-966-544.webp?fit=966%2C544&ssl=1&resize=350%2C200","width":350,"height":200,"srcset":"https:\/\/i0.wp.com\/politicosaldesnudo.com.mx\/wp-content\/uploads\/2026\/08\/whatsapp-image-2026-02-27-at-74507-am-bcb617ec-focus-0-0-966-544.webp?fit=966%2C544&ssl=1&resize=350%2C200 1x, https:\/\/i0.wp.com\/politicosaldesnudo.com.mx\/wp-content\/uploads\/2026\/08\/whatsapp-image-2026-02-27-at-74507-am-bcb617ec-focus-0-0-966-544.webp?fit=966%2C544&ssl=1&resize=525%2C300 1.5x, https:\/\/i0.wp.com\/politicosaldesnudo.com.mx\/wp-content\/uploads\/2026\/08\/whatsapp-image-2026-02-27-at-74507-am-bcb617ec-focus-0-0-966-544.webp?fit=966%2C544&ssl=1&resize=700%2C400 2x"},"classes":[]},{"id":88244,"url":"https:\/\/politicosaldesnudo.com.mx\/index.php\/2026\/08\/31\/relevo-en-el-congreso-higinio-martinez-toma-el-senado-y-raul-bolanos-encabeza-san-lazaro\/","url_meta":{"origin":80322,"position":1},"title":"Relevo en el Congreso: Higinio Mart\u00ednez toma el Senado y Ra\u00fal Bola\u00f1os encabeza San L\u00e1zaro","author":"Redacci\u00f3n Pol\u00edticos","date":"31 de agosto de 2026","format":false,"excerpt":"Las dos c\u00e1maras del Congreso de la Uni\u00f3n renovaron sus mesas directivas para el \u00faltimo a\u00f1o de la LXVI Legislatura. Morena conservar\u00e1 la conducci\u00f3n del Senado, mientras el Partido Verde asumir\u00e1 por primera vez la presidencia de la C\u00e1mara de Diputados. El Congreso de la Uni\u00f3n inicia una nueva etapa\u2026","rel":"","context":"En \u00abNACIONAL\u00bb","block_context":{"text":"NACIONAL","link":"https:\/\/politicosaldesnudo.com.mx\/index.php\/category\/nacional\/"},"img":{"alt_text":"","src":"https:\/\/i0.wp.com\/politicosaldesnudo.com.mx\/wp-content\/uploads\/2026\/08\/3c93aced-3583-4f59-bf8b-eb1b5153d09e.png?fit=1200%2C675&ssl=1&resize=350%2C200","width":350,"height":200,"srcset":"https:\/\/i0.wp.com\/politicosaldesnudo.com.mx\/wp-content\/uploads\/2026\/08\/3c93aced-3583-4f59-bf8b-eb1b5153d09e.png?fit=1200%2C675&ssl=1&resize=350%2C200 1x, https:\/\/i0.wp.com\/politicosaldesnudo.com.mx\/wp-content\/uploads\/2026\/08\/3c93aced-3583-4f59-bf8b-eb1b5153d09e.png?fit=1200%2C675&ssl=1&resize=525%2C300 1.5x, https:\/\/i0.wp.com\/politicosaldesnudo.com.mx\/wp-content\/uploads\/2026\/08\/3c93aced-3583-4f59-bf8b-eb1b5153d09e.png?fit=1200%2C675&ssl=1&resize=700%2C400 2x, https:\/\/i0.wp.com\/politicosaldesnudo.com.mx\/wp-content\/uploads\/2026\/08\/3c93aced-3583-4f59-bf8b-eb1b5153d09e.png?fit=1200%2C675&ssl=1&resize=1050%2C600 3x"},"classes":[]},{"id":18767,"url":"https:\/\/politicosaldesnudo.com.mx\/index.php\/2023\/04\/24\/ricardo-monreal-apoya-a-todos-menos-a-morena\/","url_meta":{"origin":80322,"position":2},"title":"Ricardo Monreal apoya a todos menos a Morena","author":"Redacci\u00f3n Pol\u00edticos","date":"24 de abril de 2023","format":false,"excerpt":"\u00a0 <<Larga lista de errores, corruptelas, trampas, traiciones condenan al zacatecano a perder liderazgo>> \u00a0 \u00a0 Por \u00c1ngel \u00c1lvaro Pe\u00f1a Ricardo Monreal ha dejado de ocupar los espacios principales en los medios, por fin entendi\u00f3 que su liderazgo no s\u00f3lo era ficticio porque ocupaba espacios privilegiados a veces por convenio\u2026","rel":"","context":"En \u00abNACIONAL\u00bb","block_context":{"text":"NACIONAL","link":"https:\/\/politicosaldesnudo.com.mx\/index.php\/category\/nacional\/"},"img":{"alt_text":"","src":"https:\/\/i0.wp.com\/politicosaldesnudo.com.mx\/wp-content\/uploads\/2023\/04\/P-MONREAL-3.png?fit=1200%2C671&ssl=1&resize=350%2C200","width":350,"height":200,"srcset":"https:\/\/i0.wp.com\/politicosaldesnudo.com.mx\/wp-content\/uploads\/2023\/04\/P-MONREAL-3.png?fit=1200%2C671&ssl=1&resize=350%2C200 1x, https:\/\/i0.wp.com\/politicosaldesnudo.com.mx\/wp-content\/uploads\/2023\/04\/P-MONREAL-3.png?fit=1200%2C671&ssl=1&resize=525%2C300 1.5x, https:\/\/i0.wp.com\/politicosaldesnudo.com.mx\/wp-content\/uploads\/2023\/04\/P-MONREAL-3.png?fit=1200%2C671&ssl=1&resize=700%2C400 2x, https:\/\/i0.wp.com\/politicosaldesnudo.com.mx\/wp-content\/uploads\/2023\/04\/P-MONREAL-3.png?fit=1200%2C671&ssl=1&resize=1050%2C600 3x"},"classes":[]},{"id":88074,"url":"https:\/\/politicosaldesnudo.com.mx\/index.php\/2026\/08\/26\/presionado-por-acusaciones-enrique-inzunza-deja-la-bancada-de-morena-pero-no-el-senado\/","url_meta":{"origin":80322,"position":3},"title":"Presionado por acusaciones, Enrique Inzunza deja la bancada de Morena, pero no el Senado","author":"Redacci\u00f3n Pol\u00edticos","date":"26 de agosto de 2026","format":false,"excerpt":"El senador Enrique Inzunza anunci\u00f3 su salida del grupo parlamentario de Morena y continuar\u00e1 sus funciones como legislador independiente, en medio de los se\u00f1alamientos que lo relacionan presuntamente con la facci\u00f3n de Los Chapitos. La decisi\u00f3n fue comunicada mediante una carta enviada a Ignacio Mier, coordinador de la bancada morenista\u2026","rel":"","context":"En \u00abNACIONAL\u00bb","block_context":{"text":"NACIONAL","link":"https:\/\/politicosaldesnudo.com.mx\/index.php\/category\/nacional\/"},"img":{"alt_text":"","src":"https:\/\/i0.wp.com\/politicosaldesnudo.com.mx\/wp-content\/uploads\/2026\/08\/inzunza-1.png?fit=1200%2C675&ssl=1&resize=350%2C200","width":350,"height":200,"srcset":"https:\/\/i0.wp.com\/politicosaldesnudo.com.mx\/wp-content\/uploads\/2026\/08\/inzunza-1.png?fit=1200%2C675&ssl=1&resize=350%2C200 1x, https:\/\/i0.wp.com\/politicosaldesnudo.com.mx\/wp-content\/uploads\/2026\/08\/inzunza-1.png?fit=1200%2C675&ssl=1&resize=525%2C300 1.5x, https:\/\/i0.wp.com\/politicosaldesnudo.com.mx\/wp-content\/uploads\/2026\/08\/inzunza-1.png?fit=1200%2C675&ssl=1&resize=700%2C400 2x, https:\/\/i0.wp.com\/politicosaldesnudo.com.mx\/wp-content\/uploads\/2026\/08\/inzunza-1.png?fit=1200%2C675&ssl=1&resize=1050%2C600 3x"},"classes":[]},{"id":88195,"url":"https:\/\/politicosaldesnudo.com.mx\/index.php\/2026\/08\/31\/el-blindaje-legislativo-de-amlo-blindar-a-la-presidenta-y-el-juego-de-sombras-del-poder-real\/","url_meta":{"origin":80322,"position":4},"title":"El Blindaje Legislativo de AMLO: Blindar a la presidenta y el Juego de Sombras del Poder Real","author":"Redacci\u00f3n Pol\u00edticos","date":"31 de agosto de 2026","format":false,"excerpt":"Una Opini\u00f3n Alternativa Por Carlos O. Silva Bandala Bicefalia (dos cabezas) o Dualidad de Poder Pol\u00edtico. \u2013 Un fen\u00f3meno analizado cuando un liderazgo hist\u00f3rico (Plutarco El\u00edas Calles, El Maximato\u2026 AMLO, El Obradorato) mantiene una enorme influencia sobre las estructuras del Partido gobernante, lo que confirma, por decir lo menos, que\u2026","rel":"","context":"En \u00abOPINI\u00d3N\u00bb","block_context":{"text":"OPINI\u00d3N","link":"https:\/\/politicosaldesnudo.com.mx\/index.php\/category\/columnistas\/"},"img":{"alt_text":"","src":"https:\/\/i0.wp.com\/politicosaldesnudo.com.mx\/wp-content\/uploads\/2026\/08\/silva-3108.png?fit=1200%2C659&ssl=1&resize=350%2C200","width":350,"height":200,"srcset":"https:\/\/i0.wp.com\/politicosaldesnudo.com.mx\/wp-content\/uploads\/2026\/08\/silva-3108.png?fit=1200%2C659&ssl=1&resize=350%2C200 1x, https:\/\/i0.wp.com\/politicosaldesnudo.com.mx\/wp-content\/uploads\/2026\/08\/silva-3108.png?fit=1200%2C659&ssl=1&resize=525%2C300 1.5x, https:\/\/i0.wp.com\/politicosaldesnudo.com.mx\/wp-content\/uploads\/2026\/08\/silva-3108.png?fit=1200%2C659&ssl=1&resize=700%2C400 2x, https:\/\/i0.wp.com\/politicosaldesnudo.com.mx\/wp-content\/uploads\/2026\/08\/silva-3108.png?fit=1200%2C659&ssl=1&resize=1050%2C600 3x"},"classes":[]},{"id":33280,"url":"https:\/\/politicosaldesnudo.com.mx\/index.php\/2024\/03\/12\/buscaremos-el-desarrollo-de-tuxpan-y-la-region-jv\/","url_meta":{"origin":80322,"position":5},"title":"Buscaremos el desarrollo de Tuxpan y la regi\u00f3n: JV","author":"Redacci\u00f3n Pol\u00edticos","date":"12 de marzo de 2024","format":false,"excerpt":"TUXPAN.- De acuerdo con lo mencionado en entrevista por el candidato del Movimiento de Regeneraci\u00f3n Nacional Javier Vel\u00e1zquez Vallejo, la zona norte del estado ha estado olvidada por muchos a\u00f1os, y aunque sus municipios tienen un gran potencial en diversos rubros, \u00e9stos han sido debidamente apoyados y respaldados, por lo\u2026","rel":"","context":"En \u00abTUXPAN\u00bb","block_context":{"text":"TUXPAN","link":"https:\/\/politicosaldesnudo.com.mx\/index.php\/category\/tuxpan\/"},"img":{"alt_text":"","src":"https:\/\/i0.wp.com\/politicosaldesnudo.com.mx\/wp-content\/uploads\/2024\/03\/4a-4.jpg?fit=1080%2C720&ssl=1&resize=350%2C200","width":350,"height":200,"srcset":"https:\/\/i0.wp.com\/politicosaldesnudo.com.mx\/wp-content\/uploads\/2024\/03\/4a-4.jpg?fit=1080%2C720&ssl=1&resize=350%2C200 1x, https:\/\/i0.wp.com\/politicosaldesnudo.com.mx\/wp-content\/uploads\/2024\/03\/4a-4.jpg?fit=1080%2C720&ssl=1&resize=525%2C300 1.5x, https:\/\/i0.wp.com\/politicosaldesnudo.com.mx\/wp-content\/uploads\/2024\/03\/4a-4.jpg?fit=1080%2C720&ssl=1&resize=700%2C400 2x, https:\/\/i0.wp.com\/politicosaldesnudo.com.mx\/wp-content\/uploads\/2024\/03\/4a-4.jpg?fit=1080%2C720&ssl=1&resize=1050%2C600 3x"},"classes":[]}],"jetpack_sharing_enabled":true,"jetpack_featured_media_url":"https:\/\/i0.wp.com\/politicosaldesnudo.com.mx\/wp-content\/uploads\/2026\/02\/CAMNHJ.jpg?fit=1200%2C900&ssl=1","_links":{"self":[{"href":"https:\/\/politicosaldesnudo.com.mx\/index.php\/wp-json\/wp\/v2\/posts\/80322","targetHints":{"allow":["GET"]}}],"collection":[{"href":"https:\/\/politicosaldesnudo.com.mx\/index.php\/wp-json\/wp\/v2\/posts"}],"about":[{"href":"https:\/\/politicosaldesnudo.com.mx\/index.php\/wp-json\/wp\/v2\/types\/post"}],"author":[{"embeddable":true,"href":"https:\/\/politicosaldesnudo.com.mx\/index.php\/wp-json\/wp\/v2\/users\/4"}],"replies":[{"embeddable":true,"href":"https:\/\/politicosaldesnudo.com.mx\/index.php\/wp-json\/wp\/v2\/comments?post=80322"}],"version-history":[{"count":0,"href":"https:\/\/politicosaldesnudo.com.mx\/index.php\/wp-json\/wp\/v2\/posts\/80322\/revisions"}],"wp:featuredmedia":[{"embeddable":true,"href":"https:\/\/politicosaldesnudo.com.mx\/index.php\/wp-json\/wp\/v2\/media\/80323"}],"wp:attachment":[{"href":"https:\/\/politicosaldesnudo.com.mx\/index.php\/wp-json\/wp\/v2\/media?parent=80322"}],"wp:term":[{"taxonomy":"category","embeddable":true,"href":"https:\/\/politicosaldesnudo.com.mx\/index.php\/wp-json\/wp\/v2\/categories?post=80322"},{"taxonomy":"post_tag","embeddable":true,"href":"https:\/\/politicosaldesnudo.com.mx\/index.php\/wp-json\/wp\/v2\/tags?post=80322"}],"curies":[{"name":"wp","href":"https:\/\/api.w.org\/{rel}","templated":true}]}}