{"id":80337,"date":"2026-02-20T00:12:23","date_gmt":"2026-02-20T06:12:23","guid":{"rendered":"https:\/\/politicosaldesnudo.com.mx\/?p=80337"},"modified":"2026-02-19T23:19:35","modified_gmt":"2026-02-20T05:19:35","slug":"secretaria-de-economia-valora-cerrar-importaciones-de-pollo-ante-problemas-de-productores","status":"publish","type":"post","link":"https:\/\/politicosaldesnudo.com.mx\/index.php\/2026\/02\/20\/secretaria-de-economia-valora-cerrar-importaciones-de-pollo-ante-problemas-de-productores\/","title":{"rendered":"Secretar\u00eda de Econom\u00eda valora cerrar importaciones de pollo ante problemas de productores"},"content":{"rendered":"<p class=\"nota-justify\">La Secretar\u00eda de Econom\u00eda (SE) analiza, junto con la Secretar\u00eda de Agricultura, la posibilidad de cerrar el ingreso de pollo proveniente del extranjero ante problemas que enfrentan productores nacionales.<\/p>\n<p class=\"nota-justify\">\u201cAhorita tenemos ese problema\u2026 Estamos valorando con la Secretar\u00eda de Agricultura cerrar el ingreso de producto que viene de otros pa\u00edses, precisamente porque ya estamos teniendo problemas con nuestros productores nacionales\u201d, se\u00f1al\u00f3 Gertrudis Mercado, directora General de Industrias Ligeras de la Secretar\u00eda de Econom\u00eda en el marco de la Convenci\u00f3n Anual de la Industria C\u00e1rnica 2026.<\/p>\n<p class=\"nota-justify\">De acuerdo con datos del Consejo Mexicano de la Carne, en 2025 el consumo per c\u00e1pita de carne en el pa\u00eds alcanz\u00f3 84.7 kilogramos anuales, de los cuales 38.7 kilos son pollo, con lo que es la prote\u00edna de mayor presencia en la dieta nacional.<\/p>\n<p class=\"nota-justify\">La funcionaria sostuvo que uno de los objetivos centrales de la dependencia es fortalecer la comunicaci\u00f3n con los actores del sector.<\/p>\n<p class=\"nota-justify\">Se\u00f1al\u00f3 que anteriormente no exist\u00eda un di\u00e1logo constante entre autoridades y productores, y que ahora se busca \u201cacercar a los productores a los comercializadores\u201d para atender de manera directa las problem\u00e1ticas que se presenten en la cadena.<\/p>\n<p class=\"nota-justify\">Explic\u00f3 que mientras la Secretar\u00eda de Agricultura se encarga de los insumos y la producci\u00f3n, la Secretar\u00eda de Econom\u00eda enfoca su trabajo en la comercializaci\u00f3n.<\/p>\n<p class=\"nota-justify\">En ese sentido, indic\u00f3 que la dependencia est\u00e1 abierta a recibir planteamientos del sector para valorar posibles medidas. \u201cRecib\u00ed todas las demandas que ustedes tengan que valorar la problem\u00e1tica\u201d, expres\u00f3 ante los asistentes.<\/p>\n","protected":false},"excerpt":{"rendered":"<p>La Secretar\u00eda de Econom\u00eda (SE) analiza, junto con la Secretar\u00eda de Agricultura, la posibilidad de cerrar el ingreso de pollo [&hellip;]<\/p>\n","protected":false},"author":4,"featured_media":80338,"comment_status":"closed","ping_status":"closed","sticky":false,"template":"","format":"standard","meta":{"site-sidebar-layout":"default","site-content-layout":"","ast-site-content-layout":"default","site-content-style":"default","site-sidebar-style":"default","ast-global-header-display":"","ast-banner-title-visibility":"","ast-main-header-display":"","ast-hfb-above-header-display":"","ast-hfb-below-header-display":"","ast-hfb-mobile-header-display":"","site-post-title":"","ast-breadcrumbs-content":"","ast-featured-img":"","footer-sml-layout":"","ast-disable-related-posts":"","theme-transparent-header-meta":"","adv-header-id-meta":"","stick-header-meta":"","header-above-stick-meta":"","header-main-stick-meta":"","header-below-stick-meta":"","astra-migrate-meta-layouts":"default","ast-page-background-enabled":"default","ast-page-background-meta":{"desktop":{"background-color":"var(--ast-global-color-5)","background-image":"","background-repeat":"repeat","background-position":"center center","background-size":"auto","background-attachment":"scroll","background-type":"","background-media":"","overlay-type":"","overlay-color":"","overlay-opacity":"","overlay-gradient":""},"tablet":{"background-color":"","background-image":"","background-repeat":"repeat","background-position":"center center","background-size":"auto","background-attachment":"scroll","background-type":"","background-media":"","overlay-type":"","overlay-color":"","overlay-opacity":"","overlay-gradient":""},"mobile":{"background-color":"","background-image":"","background-repeat":"repeat","background-position":"center center","background-size":"auto","background-attachment":"scroll","background-type":"","background-media":"","overlay-type":"","overlay-color":"","overlay-opacity":"","overlay-gradient":""}},"ast-content-background-meta":{"desktop":{"background-color":"var(--ast-global-color-4)","background-image":"","background-repeat":"repeat","background-position":"center center","background-size":"auto","background-attachment":"scroll","background-type":"","background-media":"","overlay-type":"","overlay-color":"","overlay-opacity":"","overlay-gradient":""},"tablet":{"background-color":"var(--ast-global-color-4)","background-image":"","background-repeat":"repeat","background-position":"center center","background-size":"auto","background-attachment":"scroll","background-type":"","background-media":"","overlay-type":"","overlay-color":"","overlay-opacity":"","overlay-gradient":""},"mobile":{"background-color":"var(--ast-global-color-4)","background-image":"","background-repeat":"repeat","background-position":"center center","background-size":"auto","background-attachment":"scroll","background-type":"","background-media":"","overlay-type":"","overlay-color":"","overlay-opacity":"","overlay-gradient":""}},"_jetpack_newsletter_access":"","_jetpack_dont_email_post_to_subs":false,"_jetpack_newsletter_tier_id":0,"_jetpack_memberships_contains_paywalled_content":false,"_jetpack_feature_clip_id":0,"_jetpack_memberships_contains_paid_content":false,"footnotes":"","jetpack_publicize_message":"","jetpack_publicize_feature_enabled":true,"jetpack_social_post_already_shared":true,"jetpack_social_options":{"image_generator_settings":{"template":"highway","default_image_id":0,"font":"","enabled":false},"version":2},"jetpack_post_was_ever_published":false},"categories":[2050],"tags":[],"class_list":["post-80337","post","type-post","status-publish","format-standard","has-post-thumbnail","hentry","category-economia"],"yoast_head":"<!-- This site is optimized with the Yoast SEO plugin v28.3 - https:\/\/yoast.com\/product\/yoast-seo-wordpress\/ -->\n<title>Secretar\u00eda de Econom\u00eda valora cerrar importaciones de pollo ante problemas de productores - Pol\u00edticos al Desnudo<\/title>\n<meta name=\"robots\" content=\"index, follow, max-snippet:-1, max-image-preview:large, max-video-preview:-1\" \/>\n<link rel=\"canonical\" href=\"https:\/\/politicosaldesnudo.com.mx\/index.php\/2026\/02\/20\/secretaria-de-economia-valora-cerrar-importaciones-de-pollo-ante-problemas-de-productores\/\" \/>\n<meta property=\"og:locale\" content=\"es_ES\" \/>\n<meta property=\"og:type\" content=\"article\" \/>\n<meta property=\"og:title\" content=\"Secretar\u00eda de Econom\u00eda valora cerrar importaciones de pollo ante problemas de productores - Pol\u00edticos al Desnudo\" \/>\n<meta property=\"og:description\" content=\"La Secretar\u00eda de Econom\u00eda (SE) analiza, junto con la Secretar\u00eda de Agricultura, la posibilidad de cerrar el ingreso de pollo [&hellip;]\" \/>\n<meta property=\"og:url\" content=\"https:\/\/politicosaldesnudo.com.mx\/index.php\/2026\/02\/20\/secretaria-de-economia-valora-cerrar-importaciones-de-pollo-ante-problemas-de-productores\/\" \/>\n<meta property=\"og:site_name\" content=\"Pol\u00edticos al Desnudo\" \/>\n<meta property=\"article:publisher\" content=\"https:\/\/www.facebook.com\/PoliticosAD\" \/>\n<meta property=\"article:published_time\" content=\"2026-02-20T06:12:23+00:00\" \/>\n<meta property=\"og:image\" content=\"https:\/\/i0.wp.com\/politicosaldesnudo.com.mx\/wp-content\/uploads\/2026\/02\/POLL.jpg?fit=1200%2C628&ssl=1\" \/>\n\t<meta property=\"og:image:width\" content=\"1200\" \/>\n\t<meta property=\"og:image:height\" content=\"628\" \/>\n\t<meta property=\"og:image:type\" content=\"image\/jpeg\" \/>\n<meta name=\"author\" content=\"Redacci\u00f3n Pol\u00edticos\" \/>\n<meta name=\"twitter:card\" content=\"summary_large_image\" \/>\n<meta name=\"twitter:label1\" content=\"Escrito por\" \/>\n\t<meta name=\"twitter:data1\" content=\"Redacci\u00f3n Pol\u00edticos\" \/>\n\t<meta name=\"twitter:label2\" content=\"Tiempo de lectura\" \/>\n\t<meta name=\"twitter:data2\" content=\"1 minuto\" \/>\n<script type=\"application\/ld+json\" class=\"yoast-schema-graph\">{\"@context\":\"https:\\\/\\\/schema.org\",\"@graph\":[{\"@type\":\"Article\",\"@id\":\"https:\\\/\\\/politicosaldesnudo.com.mx\\\/index.php\\\/2026\\\/02\\\/20\\\/secretaria-de-economia-valora-cerrar-importaciones-de-pollo-ante-problemas-de-productores\\\/#article\",\"isPartOf\":{\"@id\":\"https:\\\/\\\/politicosaldesnudo.com.mx\\\/index.php\\\/2026\\\/02\\\/20\\\/secretaria-de-economia-valora-cerrar-importaciones-de-pollo-ante-problemas-de-productores\\\/\"},\"author\":{\"name\":\"Redacci\u00f3n Pol\u00edticos\",\"@id\":\"https:\\\/\\\/politicosaldesnudo.com.mx\\\/#\\\/schema\\\/person\\\/ef3a64e561cc3f3f5dc52fab81adde7e\"},\"headline\":\"Secretar\u00eda de Econom\u00eda valora cerrar importaciones de pollo ante problemas de productores\",\"datePublished\":\"2026-02-20T06:12:23+00:00\",\"mainEntityOfPage\":{\"@id\":\"https:\\\/\\\/politicosaldesnudo.com.mx\\\/index.php\\\/2026\\\/02\\\/20\\\/secretaria-de-economia-valora-cerrar-importaciones-de-pollo-ante-problemas-de-productores\\\/\"},\"wordCount\":280,\"publisher\":{\"@id\":\"https:\\\/\\\/politicosaldesnudo.com.mx\\\/#organization\"},\"image\":{\"@id\":\"https:\\\/\\\/politicosaldesnudo.com.mx\\\/index.php\\\/2026\\\/02\\\/20\\\/secretaria-de-economia-valora-cerrar-importaciones-de-pollo-ante-problemas-de-productores\\\/#primaryimage\"},\"thumbnailUrl\":\"https:\\\/\\\/i0.wp.com\\\/politicosaldesnudo.com.mx\\\/wp-content\\\/uploads\\\/2026\\\/02\\\/POLL.jpg?fit=1200%2C628&ssl=1\",\"articleSection\":[\"ECONOM\u00cdA\"],\"inLanguage\":\"es\"},{\"@type\":\"WebPage\",\"@id\":\"https:\\\/\\\/politicosaldesnudo.com.mx\\\/index.php\\\/2026\\\/02\\\/20\\\/secretaria-de-economia-valora-cerrar-importaciones-de-pollo-ante-problemas-de-productores\\\/\",\"url\":\"https:\\\/\\\/politicosaldesnudo.com.mx\\\/index.php\\\/2026\\\/02\\\/20\\\/secretaria-de-economia-valora-cerrar-importaciones-de-pollo-ante-problemas-de-productores\\\/\",\"name\":\"Secretar\u00eda de Econom\u00eda valora cerrar importaciones de pollo ante problemas de productores - Pol\u00edticos al Desnudo\",\"isPartOf\":{\"@id\":\"https:\\\/\\\/politicosaldesnudo.com.mx\\\/#website\"},\"primaryImageOfPage\":{\"@id\":\"https:\\\/\\\/politicosaldesnudo.com.mx\\\/index.php\\\/2026\\\/02\\\/20\\\/secretaria-de-economia-valora-cerrar-importaciones-de-pollo-ante-problemas-de-productores\\\/#primaryimage\"},\"image\":{\"@id\":\"https:\\\/\\\/politicosaldesnudo.com.mx\\\/index.php\\\/2026\\\/02\\\/20\\\/secretaria-de-economia-valora-cerrar-importaciones-de-pollo-ante-problemas-de-productores\\\/#primaryimage\"},\"thumbnailUrl\":\"https:\\\/\\\/i0.wp.com\\\/politicosaldesnudo.com.mx\\\/wp-content\\\/uploads\\\/2026\\\/02\\\/POLL.jpg?fit=1200%2C628&ssl=1\",\"datePublished\":\"2026-02-20T06:12:23+00:00\",\"breadcrumb\":{\"@id\":\"https:\\\/\\\/politicosaldesnudo.com.mx\\\/index.php\\\/2026\\\/02\\\/20\\\/secretaria-de-economia-valora-cerrar-importaciones-de-pollo-ante-problemas-de-productores\\\/#breadcrumb\"},\"inLanguage\":\"es\",\"potentialAction\":[{\"@type\":\"ReadAction\",\"target\":[\"https:\\\/\\\/politicosaldesnudo.com.mx\\\/index.php\\\/2026\\\/02\\\/20\\\/secretaria-de-economia-valora-cerrar-importaciones-de-pollo-ante-problemas-de-productores\\\/\"]}]},{\"@type\":\"ImageObject\",\"inLanguage\":\"es\",\"@id\":\"https:\\\/\\\/politicosaldesnudo.com.mx\\\/index.php\\\/2026\\\/02\\\/20\\\/secretaria-de-economia-valora-cerrar-importaciones-de-pollo-ante-problemas-de-productores\\\/#primaryimage\",\"url\":\"https:\\\/\\\/i0.wp.com\\\/politicosaldesnudo.com.mx\\\/wp-content\\\/uploads\\\/2026\\\/02\\\/POLL.jpg?fit=1200%2C628&ssl=1\",\"contentUrl\":\"https:\\\/\\\/i0.wp.com\\\/politicosaldesnudo.com.mx\\\/wp-content\\\/uploads\\\/2026\\\/02\\\/POLL.jpg?fit=1200%2C628&ssl=1\",\"width\":1200,\"height\":628},{\"@type\":\"BreadcrumbList\",\"@id\":\"https:\\\/\\\/politicosaldesnudo.com.mx\\\/index.php\\\/2026\\\/02\\\/20\\\/secretaria-de-economia-valora-cerrar-importaciones-de-pollo-ante-problemas-de-productores\\\/#breadcrumb\",\"itemListElement\":[{\"@type\":\"ListItem\",\"position\":1,\"name\":\"Portada\",\"item\":\"https:\\\/\\\/politicosaldesnudo.com.mx\\\/\"},{\"@type\":\"ListItem\",\"position\":2,\"name\":\"Secretar\u00eda de Econom\u00eda valora cerrar importaciones de pollo ante problemas de productores\"}]},{\"@type\":\"WebSite\",\"@id\":\"https:\\\/\\\/politicosaldesnudo.com.mx\\\/#website\",\"url\":\"https:\\\/\\\/politicosaldesnudo.com.mx\\\/\",\"name\":\"Pol\u00edticos al Desnudo\",\"description\":\"\",\"publisher\":{\"@id\":\"https:\\\/\\\/politicosaldesnudo.com.mx\\\/#organization\"},\"potentialAction\":[{\"@type\":\"SearchAction\",\"target\":{\"@type\":\"EntryPoint\",\"urlTemplate\":\"https:\\\/\\\/politicosaldesnudo.com.mx\\\/?s={search_term_string}\"},\"query-input\":{\"@type\":\"PropertyValueSpecification\",\"valueRequired\":true,\"valueName\":\"search_term_string\"}}],\"inLanguage\":\"es\"},{\"@type\":\"Organization\",\"@id\":\"https:\\\/\\\/politicosaldesnudo.com.mx\\\/#organization\",\"name\":\"Pol\u00edticos al Desnudo\",\"url\":\"https:\\\/\\\/politicosaldesnudo.com.mx\\\/\",\"logo\":{\"@type\":\"ImageObject\",\"inLanguage\":\"es\",\"@id\":\"https:\\\/\\\/politicosaldesnudo.com.mx\\\/#\\\/schema\\\/logo\\\/image\\\/\",\"url\":\"https:\\\/\\\/i0.wp.com\\\/politicosaldesnudo.com.mx\\\/wp-content\\\/uploads\\\/2026\\\/08\\\/cropped-logo.webp?fit=400%2C126&ssl=1\",\"contentUrl\":\"https:\\\/\\\/i0.wp.com\\\/politicosaldesnudo.com.mx\\\/wp-content\\\/uploads\\\/2026\\\/08\\\/cropped-logo.webp?fit=400%2C126&ssl=1\",\"width\":400,\"height\":126,\"caption\":\"Pol\u00edticos al Desnudo\"},\"image\":{\"@id\":\"https:\\\/\\\/politicosaldesnudo.com.mx\\\/#\\\/schema\\\/logo\\\/image\\\/\"},\"sameAs\":[\"https:\\\/\\\/www.facebook.com\\\/PoliticosAD\"]},{\"@type\":\"Person\",\"@id\":\"https:\\\/\\\/politicosaldesnudo.com.mx\\\/#\\\/schema\\\/person\\\/ef3a64e561cc3f3f5dc52fab81adde7e\",\"name\":\"Redacci\u00f3n Pol\u00edticos\",\"url\":\"https:\\\/\\\/politicosaldesnudo.com.mx\\\/index.php\\\/author\\\/redaccion-politicos\\\/\"}]}<\/script>\n<!-- \/ Yoast SEO plugin. -->","yoast_head_json":{"title":"Secretar\u00eda de Econom\u00eda valora cerrar importaciones de pollo ante problemas de productores - Pol\u00edticos al Desnudo","robots":{"index":"index","follow":"follow","max-snippet":"max-snippet:-1","max-image-preview":"max-image-preview:large","max-video-preview":"max-video-preview:-1"},"canonical":"https:\/\/politicosaldesnudo.com.mx\/index.php\/2026\/02\/20\/secretaria-de-economia-valora-cerrar-importaciones-de-pollo-ante-problemas-de-productores\/","og_locale":"es_ES","og_type":"article","og_title":"Secretar\u00eda de Econom\u00eda valora cerrar importaciones de pollo ante problemas de productores - Pol\u00edticos al Desnudo","og_description":"La Secretar\u00eda de Econom\u00eda (SE) analiza, junto con la Secretar\u00eda de Agricultura, la posibilidad de cerrar el ingreso de pollo [&hellip;]","og_url":"https:\/\/politicosaldesnudo.com.mx\/index.php\/2026\/02\/20\/secretaria-de-economia-valora-cerrar-importaciones-de-pollo-ante-problemas-de-productores\/","og_site_name":"Pol\u00edticos al Desnudo","article_publisher":"https:\/\/www.facebook.com\/PoliticosAD","article_published_time":"2026-02-20T06:12:23+00:00","og_image":[{"width":1200,"height":628,"url":"https:\/\/i0.wp.com\/politicosaldesnudo.com.mx\/wp-content\/uploads\/2026\/02\/POLL.jpg?fit=1200%2C628&ssl=1","type":"image\/jpeg"}],"author":"Redacci\u00f3n Pol\u00edticos","twitter_card":"summary_large_image","twitter_misc":{"Escrito por":"Redacci\u00f3n Pol\u00edticos","Tiempo de lectura":"1 minuto"},"schema":{"@context":"https:\/\/schema.org","@graph":[{"@type":"Article","@id":"https:\/\/politicosaldesnudo.com.mx\/index.php\/2026\/02\/20\/secretaria-de-economia-valora-cerrar-importaciones-de-pollo-ante-problemas-de-productores\/#article","isPartOf":{"@id":"https:\/\/politicosaldesnudo.com.mx\/index.php\/2026\/02\/20\/secretaria-de-economia-valora-cerrar-importaciones-de-pollo-ante-problemas-de-productores\/"},"author":{"name":"Redacci\u00f3n Pol\u00edticos","@id":"https:\/\/politicosaldesnudo.com.mx\/#\/schema\/person\/ef3a64e561cc3f3f5dc52fab81adde7e"},"headline":"Secretar\u00eda de Econom\u00eda valora cerrar importaciones de pollo ante problemas de productores","datePublished":"2026-02-20T06:12:23+00:00","mainEntityOfPage":{"@id":"https:\/\/politicosaldesnudo.com.mx\/index.php\/2026\/02\/20\/secretaria-de-economia-valora-cerrar-importaciones-de-pollo-ante-problemas-de-productores\/"},"wordCount":280,"publisher":{"@id":"https:\/\/politicosaldesnudo.com.mx\/#organization"},"image":{"@id":"https:\/\/politicosaldesnudo.com.mx\/index.php\/2026\/02\/20\/secretaria-de-economia-valora-cerrar-importaciones-de-pollo-ante-problemas-de-productores\/#primaryimage"},"thumbnailUrl":"https:\/\/i0.wp.com\/politicosaldesnudo.com.mx\/wp-content\/uploads\/2026\/02\/POLL.jpg?fit=1200%2C628&ssl=1","articleSection":["ECONOM\u00cdA"],"inLanguage":"es"},{"@type":"WebPage","@id":"https:\/\/politicosaldesnudo.com.mx\/index.php\/2026\/02\/20\/secretaria-de-economia-valora-cerrar-importaciones-de-pollo-ante-problemas-de-productores\/","url":"https:\/\/politicosaldesnudo.com.mx\/index.php\/2026\/02\/20\/secretaria-de-economia-valora-cerrar-importaciones-de-pollo-ante-problemas-de-productores\/","name":"Secretar\u00eda de Econom\u00eda valora cerrar importaciones de pollo ante problemas de productores - Pol\u00edticos al Desnudo","isPartOf":{"@id":"https:\/\/politicosaldesnudo.com.mx\/#website"},"primaryImageOfPage":{"@id":"https:\/\/politicosaldesnudo.com.mx\/index.php\/2026\/02\/20\/secretaria-de-economia-valora-cerrar-importaciones-de-pollo-ante-problemas-de-productores\/#primaryimage"},"image":{"@id":"https:\/\/politicosaldesnudo.com.mx\/index.php\/2026\/02\/20\/secretaria-de-economia-valora-cerrar-importaciones-de-pollo-ante-problemas-de-productores\/#primaryimage"},"thumbnailUrl":"https:\/\/i0.wp.com\/politicosaldesnudo.com.mx\/wp-content\/uploads\/2026\/02\/POLL.jpg?fit=1200%2C628&ssl=1","datePublished":"2026-02-20T06:12:23+00:00","breadcrumb":{"@id":"https:\/\/politicosaldesnudo.com.mx\/index.php\/2026\/02\/20\/secretaria-de-economia-valora-cerrar-importaciones-de-pollo-ante-problemas-de-productores\/#breadcrumb"},"inLanguage":"es","potentialAction":[{"@type":"ReadAction","target":["https:\/\/politicosaldesnudo.com.mx\/index.php\/2026\/02\/20\/secretaria-de-economia-valora-cerrar-importaciones-de-pollo-ante-problemas-de-productores\/"]}]},{"@type":"ImageObject","inLanguage":"es","@id":"https:\/\/politicosaldesnudo.com.mx\/index.php\/2026\/02\/20\/secretaria-de-economia-valora-cerrar-importaciones-de-pollo-ante-problemas-de-productores\/#primaryimage","url":"https:\/\/i0.wp.com\/politicosaldesnudo.com.mx\/wp-content\/uploads\/2026\/02\/POLL.jpg?fit=1200%2C628&ssl=1","contentUrl":"https:\/\/i0.wp.com\/politicosaldesnudo.com.mx\/wp-content\/uploads\/2026\/02\/POLL.jpg?fit=1200%2C628&ssl=1","width":1200,"height":628},{"@type":"BreadcrumbList","@id":"https:\/\/politicosaldesnudo.com.mx\/index.php\/2026\/02\/20\/secretaria-de-economia-valora-cerrar-importaciones-de-pollo-ante-problemas-de-productores\/#breadcrumb","itemListElement":[{"@type":"ListItem","position":1,"name":"Portada","item":"https:\/\/politicosaldesnudo.com.mx\/"},{"@type":"ListItem","position":2,"name":"Secretar\u00eda de Econom\u00eda valora cerrar importaciones de pollo ante problemas de productores"}]},{"@type":"WebSite","@id":"https:\/\/politicosaldesnudo.com.mx\/#website","url":"https:\/\/politicosaldesnudo.com.mx\/","name":"Pol\u00edticos al Desnudo","description":"","publisher":{"@id":"https:\/\/politicosaldesnudo.com.mx\/#organization"},"potentialAction":[{"@type":"SearchAction","target":{"@type":"EntryPoint","urlTemplate":"https:\/\/politicosaldesnudo.com.mx\/?s={search_term_string}"},"query-input":{"@type":"PropertyValueSpecification","valueRequired":true,"valueName":"search_term_string"}}],"inLanguage":"es"},{"@type":"Organization","@id":"https:\/\/politicosaldesnudo.com.mx\/#organization","name":"Pol\u00edticos al Desnudo","url":"https:\/\/politicosaldesnudo.com.mx\/","logo":{"@type":"ImageObject","inLanguage":"es","@id":"https:\/\/politicosaldesnudo.com.mx\/#\/schema\/logo\/image\/","url":"https:\/\/i0.wp.com\/politicosaldesnudo.com.mx\/wp-content\/uploads\/2026\/08\/cropped-logo.webp?fit=400%2C126&ssl=1","contentUrl":"https:\/\/i0.wp.com\/politicosaldesnudo.com.mx\/wp-content\/uploads\/2026\/08\/cropped-logo.webp?fit=400%2C126&ssl=1","width":400,"height":126,"caption":"Pol\u00edticos al Desnudo"},"image":{"@id":"https:\/\/politicosaldesnudo.com.mx\/#\/schema\/logo\/image\/"},"sameAs":["https:\/\/www.facebook.com\/PoliticosAD"]},{"@type":"Person","@id":"https:\/\/politicosaldesnudo.com.mx\/#\/schema\/person\/ef3a64e561cc3f3f5dc52fab81adde7e","name":"Redacci\u00f3n Pol\u00edticos","url":"https:\/\/politicosaldesnudo.com.mx\/index.php\/author\/redaccion-politicos\/"}]}},"jetpack_publicize_connections":[],"jetpack-related-posts":[{"id":88141,"url":"https:\/\/politicosaldesnudo.com.mx\/index.php\/2026\/08\/28\/veracruz-rescatara-el-ingenio-san-pedro-asumira-su-operacion-y-contratara-a-trabajadores\/","url_meta":{"origin":80337,"position":0},"title":"Veracruz rescatar\u00e1 el Ingenio San Pedro: asumir\u00e1 su operaci\u00f3n y contratar\u00e1 a trabajadores","author":"Redacci\u00f3n Pol\u00edticos","date":"28 de agosto de 2026","format":false,"excerpt":"El Gobierno estatal alista un decreto para crear un organismo encargado de administrar la f\u00e1brica; antes, la empresa actual deber\u00e1 liquidar al personal y cubrir sus obligaciones pendientes. El Ingenio San Pedro no cerrar\u00e1 sus puertas. El Gobierno de Veracruz asumir\u00e1 el control de la planta azucarera ubicada en Lerdo\u2026","rel":"","context":"En \u00abESTADOS\u00bb","block_context":{"text":"ESTADOS","link":"https:\/\/politicosaldesnudo.com.mx\/index.php\/category\/estados\/"},"img":{"alt_text":"","src":"https:\/\/i0.wp.com\/politicosaldesnudo.com.mx\/wp-content\/uploads\/2026\/08\/INGENIO-1.jpg?fit=1200%2C675&ssl=1&resize=350%2C200","width":350,"height":200,"srcset":"https:\/\/i0.wp.com\/politicosaldesnudo.com.mx\/wp-content\/uploads\/2026\/08\/INGENIO-1.jpg?fit=1200%2C675&ssl=1&resize=350%2C200 1x, https:\/\/i0.wp.com\/politicosaldesnudo.com.mx\/wp-content\/uploads\/2026\/08\/INGENIO-1.jpg?fit=1200%2C675&ssl=1&resize=525%2C300 1.5x, https:\/\/i0.wp.com\/politicosaldesnudo.com.mx\/wp-content\/uploads\/2026\/08\/INGENIO-1.jpg?fit=1200%2C675&ssl=1&resize=700%2C400 2x, https:\/\/i0.wp.com\/politicosaldesnudo.com.mx\/wp-content\/uploads\/2026\/08\/INGENIO-1.jpg?fit=1200%2C675&ssl=1&resize=1050%2C600 3x"},"classes":[]},{"id":55821,"url":"https:\/\/politicosaldesnudo.com.mx\/index.php\/2025\/02\/03\/productores-impulsan-mercado-solidario\/","url_meta":{"origin":80337,"position":1},"title":"Productores impulsan mercado solidario","author":"Redacci\u00f3n Pol\u00edticos","date":"3 de febrero de 2025","format":false,"excerpt":"El Mercado Solidario Comunitario, instalado en la Plaza C\u00edvica de Tuxpan, sigue creciendo con la participaci\u00f3n de un mayor n\u00famero de productores locales que buscan ofrecer sus productos directamente al consumidor. Desde frutas y verduras frescas hasta pan artesanal, miel y artesan\u00edas, este espacio se ha convertido en una plataforma\u2026","rel":"","context":"En \u00abTUXPAN\u00bb","block_context":{"text":"TUXPAN","link":"https:\/\/politicosaldesnudo.com.mx\/index.php\/category\/tuxpan\/"},"img":{"alt_text":"","src":"https:\/\/i0.wp.com\/politicosaldesnudo.com.mx\/wp-content\/uploads\/2025\/02\/5b.jpg?fit=1200%2C540&ssl=1&resize=350%2C200","width":350,"height":200,"srcset":"https:\/\/i0.wp.com\/politicosaldesnudo.com.mx\/wp-content\/uploads\/2025\/02\/5b.jpg?fit=1200%2C540&ssl=1&resize=350%2C200 1x, https:\/\/i0.wp.com\/politicosaldesnudo.com.mx\/wp-content\/uploads\/2025\/02\/5b.jpg?fit=1200%2C540&ssl=1&resize=525%2C300 1.5x, https:\/\/i0.wp.com\/politicosaldesnudo.com.mx\/wp-content\/uploads\/2025\/02\/5b.jpg?fit=1200%2C540&ssl=1&resize=700%2C400 2x, https:\/\/i0.wp.com\/politicosaldesnudo.com.mx\/wp-content\/uploads\/2025\/02\/5b.jpg?fit=1200%2C540&ssl=1&resize=1050%2C600 3x"},"classes":[]},{"id":88169,"url":"https:\/\/politicosaldesnudo.com.mx\/index.php\/2026\/08\/29\/sheinbaum-destaca-cinco-senales-positivas-de-la-economia-mexicana-rumbo-a-su-segundo-informe\/","url_meta":{"origin":80337,"position":2},"title":"Sheinbaum destaca cinco se\u00f1ales positivas de la econom\u00eda mexicana rumbo a su Segundo Informe","author":"Redacci\u00f3n Pol\u00edticos","date":"29 de agosto de 2026","format":false,"excerpt":"La presidenta Claudia Sheinbaum present\u00f3 un balance sobre la situaci\u00f3n econ\u00f3mica del pa\u00eds, en el que resalt\u00f3 el comportamiento de los combustibles, el empleo, los salarios, la inflaci\u00f3n y la inversi\u00f3n extranjera. A trav\u00e9s de un mensaje difundido en sus redes sociales, la mandataria asegur\u00f3 que durante su administraci\u00f3n se\u2026","rel":"","context":"En \u00abNACIONAL\u00bb","block_context":{"text":"NACIONAL","link":"https:\/\/politicosaldesnudo.com.mx\/index.php\/category\/nacional\/"},"img":{"alt_text":"","src":"https:\/\/i0.wp.com\/politicosaldesnudo.com.mx\/wp-content\/uploads\/2026\/08\/SHIN.png?fit=1200%2C673&ssl=1&resize=350%2C200","width":350,"height":200,"srcset":"https:\/\/i0.wp.com\/politicosaldesnudo.com.mx\/wp-content\/uploads\/2026\/08\/SHIN.png?fit=1200%2C673&ssl=1&resize=350%2C200 1x, https:\/\/i0.wp.com\/politicosaldesnudo.com.mx\/wp-content\/uploads\/2026\/08\/SHIN.png?fit=1200%2C673&ssl=1&resize=525%2C300 1.5x, https:\/\/i0.wp.com\/politicosaldesnudo.com.mx\/wp-content\/uploads\/2026\/08\/SHIN.png?fit=1200%2C673&ssl=1&resize=700%2C400 2x, https:\/\/i0.wp.com\/politicosaldesnudo.com.mx\/wp-content\/uploads\/2026\/08\/SHIN.png?fit=1200%2C673&ssl=1&resize=1050%2C600 3x"},"classes":[]},{"id":87953,"url":"https:\/\/politicosaldesnudo.com.mx\/index.php\/2026\/08\/21\/anuncia-trump-que-negocia-nuevas-condiciones-comerciales-con-mexico\/","url_meta":{"origin":80337,"position":3},"title":"Anuncia Trump que negocia nuevas condiciones comerciales con M\u00e9xico","author":"Redacci\u00f3n Pol\u00edticos","date":"21 de agosto de 2026","format":false,"excerpt":"El presidente de Estados Unidos, Donald Trump, afirm\u00f3 que su gobierno comenz\u00f3 a trabajar en un nuevo entendimiento comercial con M\u00e9xico, en medio de las negociaciones abiertas tras la primera revisi\u00f3n conjunta del T-MEC. Durante un mensaje ofrecido este viernes, el mandatario estadounidense asegur\u00f3 que el eventual acuerdo ser\u00e1 m\u00e1s\u2026","rel":"","context":"En \u00abINTERNACIONAL\u00bb","block_context":{"text":"INTERNACIONAL","link":"https:\/\/politicosaldesnudo.com.mx\/index.php\/category\/internacional\/"},"img":{"alt_text":"","src":"https:\/\/i0.wp.com\/politicosaldesnudo.com.mx\/wp-content\/uploads\/2026\/08\/trimp.webp?fit=1200%2C800&ssl=1&resize=350%2C200","width":350,"height":200,"srcset":"https:\/\/i0.wp.com\/politicosaldesnudo.com.mx\/wp-content\/uploads\/2026\/08\/trimp.webp?fit=1200%2C800&ssl=1&resize=350%2C200 1x, https:\/\/i0.wp.com\/politicosaldesnudo.com.mx\/wp-content\/uploads\/2026\/08\/trimp.webp?fit=1200%2C800&ssl=1&resize=525%2C300 1.5x, https:\/\/i0.wp.com\/politicosaldesnudo.com.mx\/wp-content\/uploads\/2026\/08\/trimp.webp?fit=1200%2C800&ssl=1&resize=700%2C400 2x, https:\/\/i0.wp.com\/politicosaldesnudo.com.mx\/wp-content\/uploads\/2026\/08\/trimp.webp?fit=1200%2C800&ssl=1&resize=1050%2C600 3x"},"classes":[]},{"id":88128,"url":"https:\/\/politicosaldesnudo.com.mx\/index.php\/2026\/08\/28\/sheinbaum-presume-avances-en-economia-y-seguridad-previo-a-su-segundo-informe\/","url_meta":{"origin":80337,"position":4},"title":"Sheinbaum presume avances en econom\u00eda y seguridad previo a su Segundo Informe","author":"Redacci\u00f3n Pol\u00edticos","date":"28 de agosto de 2026","format":false,"excerpt":"A cuatro d\u00edas de presentar su Segundo Informe de Gobierno, la presidenta Claudia Sheinbaum Pardo asegur\u00f3 que M\u00e9xico mantiene un rumbo favorable, pese a las dificultades internas y al complejo panorama internacional. Durante su conferencia matutina en Palacio Nacional, la mandataria se mostr\u00f3 confiada en los resultados alcanzados por su\u2026","rel":"","context":"En \u00abNACIONAL\u00bb","block_context":{"text":"NACIONAL","link":"https:\/\/politicosaldesnudo.com.mx\/index.php\/category\/nacional\/"},"img":{"alt_text":"","src":"https:\/\/i0.wp.com\/politicosaldesnudo.com.mx\/wp-content\/uploads\/2026\/08\/claudia-sheinbaum-mananera-28-agosto-2026.jpg?fit=1200%2C800&ssl=1&resize=350%2C200","width":350,"height":200,"srcset":"https:\/\/i0.wp.com\/politicosaldesnudo.com.mx\/wp-content\/uploads\/2026\/08\/claudia-sheinbaum-mananera-28-agosto-2026.jpg?fit=1200%2C800&ssl=1&resize=350%2C200 1x, https:\/\/i0.wp.com\/politicosaldesnudo.com.mx\/wp-content\/uploads\/2026\/08\/claudia-sheinbaum-mananera-28-agosto-2026.jpg?fit=1200%2C800&ssl=1&resize=525%2C300 1.5x, https:\/\/i0.wp.com\/politicosaldesnudo.com.mx\/wp-content\/uploads\/2026\/08\/claudia-sheinbaum-mananera-28-agosto-2026.jpg?fit=1200%2C800&ssl=1&resize=700%2C400 2x, https:\/\/i0.wp.com\/politicosaldesnudo.com.mx\/wp-content\/uploads\/2026\/08\/claudia-sheinbaum-mananera-28-agosto-2026.jpg?fit=1200%2C800&ssl=1&resize=1050%2C600 3x"},"classes":[]},{"id":34134,"url":"https:\/\/politicosaldesnudo.com.mx\/index.php\/2024\/03\/25\/sin-solucion-de-raiz-la-migracion-seguira\/","url_meta":{"origin":80337,"position":5},"title":"Sin soluci\u00f3n de ra\u00edz, la migraci\u00f3n seguir\u00e1","author":"Redacci\u00f3n Pol\u00edticos","date":"25 de marzo de 2024","format":false,"excerpt":"En una entrevista con el programa estadunidense \u201860 Minutos\u2019 de CBS News, el presidente Andr\u00e9s Manuel L\u00f3pez Obrador afirm\u00f3 que si el problema de la migraci\u00f3n no se enfrenta de ra\u00edz y no se aplican sus propuestas de soluci\u00f3n, como realizar una inversi\u00f3n de 20 mil millones de d\u00f3lares en\u2026","rel":"","context":"En \u00abNACIONAL\u00bb","block_context":{"text":"NACIONAL","link":"https:\/\/politicosaldesnudo.com.mx\/index.php\/category\/nacional\/"},"img":{"alt_text":"","src":"https:\/\/i0.wp.com\/politicosaldesnudo.com.mx\/wp-content\/uploads\/2024\/03\/127283324_4317b55d-baea-47f8-b710-166d31efb5c7.jpg?fit=640%2C360&ssl=1&resize=350%2C200","width":350,"height":200,"srcset":"https:\/\/i0.wp.com\/politicosaldesnudo.com.mx\/wp-content\/uploads\/2024\/03\/127283324_4317b55d-baea-47f8-b710-166d31efb5c7.jpg?fit=640%2C360&ssl=1&resize=350%2C200 1x, https:\/\/i0.wp.com\/politicosaldesnudo.com.mx\/wp-content\/uploads\/2024\/03\/127283324_4317b55d-baea-47f8-b710-166d31efb5c7.jpg?fit=640%2C360&ssl=1&resize=525%2C300 1.5x"},"classes":[]}],"jetpack_sharing_enabled":true,"jetpack_featured_media_url":"https:\/\/i0.wp.com\/politicosaldesnudo.com.mx\/wp-content\/uploads\/2026\/02\/POLL.jpg?fit=1200%2C628&ssl=1","_links":{"self":[{"href":"https:\/\/politicosaldesnudo.com.mx\/index.php\/wp-json\/wp\/v2\/posts\/80337","targetHints":{"allow":["GET"]}}],"collection":[{"href":"https:\/\/politicosaldesnudo.com.mx\/index.php\/wp-json\/wp\/v2\/posts"}],"about":[{"href":"https:\/\/politicosaldesnudo.com.mx\/index.php\/wp-json\/wp\/v2\/types\/post"}],"author":[{"embeddable":true,"href":"https:\/\/politicosaldesnudo.com.mx\/index.php\/wp-json\/wp\/v2\/users\/4"}],"replies":[{"embeddable":true,"href":"https:\/\/politicosaldesnudo.com.mx\/index.php\/wp-json\/wp\/v2\/comments?post=80337"}],"version-history":[{"count":0,"href":"https:\/\/politicosaldesnudo.com.mx\/index.php\/wp-json\/wp\/v2\/posts\/80337\/revisions"}],"wp:featuredmedia":[{"embeddable":true,"href":"https:\/\/politicosaldesnudo.com.mx\/index.php\/wp-json\/wp\/v2\/media\/80338"}],"wp:attachment":[{"href":"https:\/\/politicosaldesnudo.com.mx\/index.php\/wp-json\/wp\/v2\/media?parent=80337"}],"wp:term":[{"taxonomy":"category","embeddable":true,"href":"https:\/\/politicosaldesnudo.com.mx\/index.php\/wp-json\/wp\/v2\/categories?post=80337"},{"taxonomy":"post_tag","embeddable":true,"href":"https:\/\/politicosaldesnudo.com.mx\/index.php\/wp-json\/wp\/v2\/tags?post=80337"}],"curies":[{"name":"wp","href":"https:\/\/api.w.org\/{rel}","templated":true}]}}