{"id":80349,"date":"2026-02-20T00:16:06","date_gmt":"2026-02-20T06:16:06","guid":{"rendered":"https:\/\/politicosaldesnudo.com.mx\/?p=80349"},"modified":"2026-02-19T23:26:11","modified_gmt":"2026-02-20T05:26:11","slug":"morelos-excandidata-a-alcaldia-de-totolapan-vinculada-a-proceso-por-extorsion-agravada","status":"publish","type":"post","link":"https:\/\/politicosaldesnudo.com.mx\/index.php\/2026\/02\/20\/morelos-excandidata-a-alcaldia-de-totolapan-vinculada-a-proceso-por-extorsion-agravada\/","title":{"rendered":"Morelos: excandidata a alcald\u00eda de Totolapan, vinculada a proceso por extorsi\u00f3n agravada"},"content":{"rendered":"<p>El Fiscal General del Estado (FGE),\u00a0Fernando Blumenkron Escobar, inform\u00f3 que\u00a0Cristina\u00a0Marl\u00e9n, la ex candidata del PRI y PRD a la alcald\u00eda del municipio de Totolapan, \u00a0fue vinculada a proceso por extorsi\u00f3n agravada.<\/p>\n<p>La detenci\u00f3n de esta mujer, explic\u00f3 el fiscal, fue la madrugada del mi\u00e9rcoles\u00a0 mediante un operativo interinstitucional realizado en Totolapan, en donde se realizaron 12 cateos simult\u00e1neos.<\/p>\n<p>La audiencia\u00a0 de imputaci\u00f3n y vinculaci\u00f3n a proceso se realiz\u00f3 la ma\u00f1ana de este jueves en los juzgados del fuero com\u00fan de esta entidad, precis\u00f3.<\/p>\n<p>La mujer fue detenida con varios envoltorios de droga, plantas de mariguana y otras sustancias il\u00edcitas.\u00a0 De esto, y otros delitos, el fiscal general asegur\u00f3 que contin\u00faan las investigaciones.<\/p>\n<p>Marl\u00e9n, seg\u00fan fuentes estas fuentes, tiene v\u00ednculos con la organizaci\u00f3n criminal La Empresa, vinculada al C\u00e1rtel del Pac\u00edfico, y cuyos integrantes tambi\u00e9n se identifican como Pueblo Unido.<\/p>\n<p>En junio de 2025, Marl\u00e9n encabez\u00f3 bloqueos en las entradas y salidas de Totolapan, acompa\u00f1ada por un grupo de personas, algunas tambi\u00e9n se\u00f1aladas como presuntos integrantes de grupos criminales, en protesta por cateos realizados en diversos domicilios y para impedir que fuerzas estatales y federales llevaran a cabo operativos en el municipio.<\/p>\n","protected":false},"excerpt":{"rendered":"<p>El Fiscal General del Estado (FGE),\u00a0Fernando Blumenkron Escobar, inform\u00f3 que\u00a0Cristina\u00a0Marl\u00e9n, la ex candidata del PRI y PRD a la alcald\u00eda [&hellip;]<\/p>\n","protected":false},"author":4,"featured_media":80350,"comment_status":"closed","ping_status":"closed","sticky":false,"template":"","format":"standard","meta":{"site-sidebar-layout":"default","site-content-layout":"","ast-site-content-layout":"default","site-content-style":"default","site-sidebar-style":"default","ast-global-header-display":"","ast-banner-title-visibility":"","ast-main-header-display":"","ast-hfb-above-header-display":"","ast-hfb-below-header-display":"","ast-hfb-mobile-header-display":"","site-post-title":"","ast-breadcrumbs-content":"","ast-featured-img":"","footer-sml-layout":"","ast-disable-related-posts":"","theme-transparent-header-meta":"","adv-header-id-meta":"","stick-header-meta":"","header-above-stick-meta":"","header-main-stick-meta":"","header-below-stick-meta":"","astra-migrate-meta-layouts":"default","ast-page-background-enabled":"default","ast-page-background-meta":{"desktop":{"background-color":"var(--ast-global-color-5)","background-image":"","background-repeat":"repeat","background-position":"center center","background-size":"auto","background-attachment":"scroll","background-type":"","background-media":"","overlay-type":"","overlay-color":"","overlay-opacity":"","overlay-gradient":""},"tablet":{"background-color":"","background-image":"","background-repeat":"repeat","background-position":"center center","background-size":"auto","background-attachment":"scroll","background-type":"","background-media":"","overlay-type":"","overlay-color":"","overlay-opacity":"","overlay-gradient":""},"mobile":{"background-color":"","background-image":"","background-repeat":"repeat","background-position":"center center","background-size":"auto","background-attachment":"scroll","background-type":"","background-media":"","overlay-type":"","overlay-color":"","overlay-opacity":"","overlay-gradient":""}},"ast-content-background-meta":{"desktop":{"background-color":"var(--ast-global-color-4)","background-image":"","background-repeat":"repeat","background-position":"center center","background-size":"auto","background-attachment":"scroll","background-type":"","background-media":"","overlay-type":"","overlay-color":"","overlay-opacity":"","overlay-gradient":""},"tablet":{"background-color":"var(--ast-global-color-4)","background-image":"","background-repeat":"repeat","background-position":"center center","background-size":"auto","background-attachment":"scroll","background-type":"","background-media":"","overlay-type":"","overlay-color":"","overlay-opacity":"","overlay-gradient":""},"mobile":{"background-color":"var(--ast-global-color-4)","background-image":"","background-repeat":"repeat","background-position":"center center","background-size":"auto","background-attachment":"scroll","background-type":"","background-media":"","overlay-type":"","overlay-color":"","overlay-opacity":"","overlay-gradient":""}},"_jetpack_newsletter_access":"","_jetpack_dont_email_post_to_subs":false,"_jetpack_newsletter_tier_id":0,"_jetpack_memberships_contains_paywalled_content":false,"_jetpack_feature_clip_id":0,"_jetpack_memberships_contains_paid_content":false,"footnotes":"","jetpack_publicize_message":"","jetpack_publicize_feature_enabled":true,"jetpack_social_post_already_shared":true,"jetpack_social_options":{"image_generator_settings":{"template":"highway","default_image_id":0,"font":"","enabled":false},"version":2},"jetpack_post_was_ever_published":false},"categories":[30],"tags":[],"class_list":["post-80349","post","type-post","status-publish","format-standard","has-post-thumbnail","hentry","category-estados"],"yoast_head":"<!-- This site is optimized with the Yoast SEO plugin v28.3 - https:\/\/yoast.com\/product\/yoast-seo-wordpress\/ -->\n<title>Morelos: excandidata a alcald\u00eda de Totolapan, vinculada a proceso por extorsi\u00f3n agravada - Pol\u00edticos al Desnudo<\/title>\n<meta name=\"robots\" content=\"index, follow, max-snippet:-1, max-image-preview:large, max-video-preview:-1\" \/>\n<link rel=\"canonical\" href=\"https:\/\/politicosaldesnudo.com.mx\/index.php\/2026\/02\/20\/morelos-excandidata-a-alcaldia-de-totolapan-vinculada-a-proceso-por-extorsion-agravada\/\" \/>\n<meta property=\"og:locale\" content=\"es_ES\" \/>\n<meta property=\"og:type\" content=\"article\" \/>\n<meta property=\"og:title\" content=\"Morelos: excandidata a alcald\u00eda de Totolapan, vinculada a proceso por extorsi\u00f3n agravada - Pol\u00edticos al Desnudo\" \/>\n<meta property=\"og:description\" content=\"El Fiscal General del Estado (FGE),\u00a0Fernando Blumenkron Escobar, inform\u00f3 que\u00a0Cristina\u00a0Marl\u00e9n, la ex candidata del PRI y PRD a la alcald\u00eda [&hellip;]\" \/>\n<meta property=\"og:url\" content=\"https:\/\/politicosaldesnudo.com.mx\/index.php\/2026\/02\/20\/morelos-excandidata-a-alcaldia-de-totolapan-vinculada-a-proceso-por-extorsion-agravada\/\" \/>\n<meta property=\"og:site_name\" content=\"Pol\u00edticos al Desnudo\" \/>\n<meta property=\"article:publisher\" content=\"https:\/\/www.facebook.com\/PoliticosAD\" \/>\n<meta property=\"article:published_time\" content=\"2026-02-20T06:16:06+00:00\" \/>\n<meta property=\"og:image\" content=\"https:\/\/i0.wp.com\/politicosaldesnudo.com.mx\/wp-content\/uploads\/2026\/02\/MOREX.jpg?fit=1200%2C860&ssl=1\" \/>\n\t<meta property=\"og:image:width\" content=\"1200\" \/>\n\t<meta property=\"og:image:height\" content=\"860\" \/>\n\t<meta property=\"og:image:type\" content=\"image\/jpeg\" \/>\n<meta name=\"author\" content=\"Redacci\u00f3n Pol\u00edticos\" \/>\n<meta name=\"twitter:card\" content=\"summary_large_image\" \/>\n<meta name=\"twitter:label1\" content=\"Escrito por\" \/>\n\t<meta name=\"twitter:data1\" content=\"Redacci\u00f3n Pol\u00edticos\" \/>\n\t<meta name=\"twitter:label2\" content=\"Tiempo de lectura\" \/>\n\t<meta name=\"twitter:data2\" content=\"1 minuto\" \/>\n<script type=\"application\/ld+json\" class=\"yoast-schema-graph\">{\"@context\":\"https:\\\/\\\/schema.org\",\"@graph\":[{\"@type\":\"Article\",\"@id\":\"https:\\\/\\\/politicosaldesnudo.com.mx\\\/index.php\\\/2026\\\/02\\\/20\\\/morelos-excandidata-a-alcaldia-de-totolapan-vinculada-a-proceso-por-extorsion-agravada\\\/#article\",\"isPartOf\":{\"@id\":\"https:\\\/\\\/politicosaldesnudo.com.mx\\\/index.php\\\/2026\\\/02\\\/20\\\/morelos-excandidata-a-alcaldia-de-totolapan-vinculada-a-proceso-por-extorsion-agravada\\\/\"},\"author\":{\"name\":\"Redacci\u00f3n Pol\u00edticos\",\"@id\":\"https:\\\/\\\/politicosaldesnudo.com.mx\\\/#\\\/schema\\\/person\\\/ef3a64e561cc3f3f5dc52fab81adde7e\"},\"headline\":\"Morelos: excandidata a alcald\u00eda de Totolapan, vinculada a proceso por extorsi\u00f3n agravada\",\"datePublished\":\"2026-02-20T06:16:06+00:00\",\"mainEntityOfPage\":{\"@id\":\"https:\\\/\\\/politicosaldesnudo.com.mx\\\/index.php\\\/2026\\\/02\\\/20\\\/morelos-excandidata-a-alcaldia-de-totolapan-vinculada-a-proceso-por-extorsion-agravada\\\/\"},\"wordCount\":229,\"publisher\":{\"@id\":\"https:\\\/\\\/politicosaldesnudo.com.mx\\\/#organization\"},\"image\":{\"@id\":\"https:\\\/\\\/politicosaldesnudo.com.mx\\\/index.php\\\/2026\\\/02\\\/20\\\/morelos-excandidata-a-alcaldia-de-totolapan-vinculada-a-proceso-por-extorsion-agravada\\\/#primaryimage\"},\"thumbnailUrl\":\"https:\\\/\\\/i0.wp.com\\\/politicosaldesnudo.com.mx\\\/wp-content\\\/uploads\\\/2026\\\/02\\\/MOREX.jpg?fit=1200%2C860&ssl=1\",\"articleSection\":[\"ESTADOS\"],\"inLanguage\":\"es\"},{\"@type\":\"WebPage\",\"@id\":\"https:\\\/\\\/politicosaldesnudo.com.mx\\\/index.php\\\/2026\\\/02\\\/20\\\/morelos-excandidata-a-alcaldia-de-totolapan-vinculada-a-proceso-por-extorsion-agravada\\\/\",\"url\":\"https:\\\/\\\/politicosaldesnudo.com.mx\\\/index.php\\\/2026\\\/02\\\/20\\\/morelos-excandidata-a-alcaldia-de-totolapan-vinculada-a-proceso-por-extorsion-agravada\\\/\",\"name\":\"Morelos: excandidata a alcald\u00eda de Totolapan, vinculada a proceso por extorsi\u00f3n agravada - Pol\u00edticos al Desnudo\",\"isPartOf\":{\"@id\":\"https:\\\/\\\/politicosaldesnudo.com.mx\\\/#website\"},\"primaryImageOfPage\":{\"@id\":\"https:\\\/\\\/politicosaldesnudo.com.mx\\\/index.php\\\/2026\\\/02\\\/20\\\/morelos-excandidata-a-alcaldia-de-totolapan-vinculada-a-proceso-por-extorsion-agravada\\\/#primaryimage\"},\"image\":{\"@id\":\"https:\\\/\\\/politicosaldesnudo.com.mx\\\/index.php\\\/2026\\\/02\\\/20\\\/morelos-excandidata-a-alcaldia-de-totolapan-vinculada-a-proceso-por-extorsion-agravada\\\/#primaryimage\"},\"thumbnailUrl\":\"https:\\\/\\\/i0.wp.com\\\/politicosaldesnudo.com.mx\\\/wp-content\\\/uploads\\\/2026\\\/02\\\/MOREX.jpg?fit=1200%2C860&ssl=1\",\"datePublished\":\"2026-02-20T06:16:06+00:00\",\"breadcrumb\":{\"@id\":\"https:\\\/\\\/politicosaldesnudo.com.mx\\\/index.php\\\/2026\\\/02\\\/20\\\/morelos-excandidata-a-alcaldia-de-totolapan-vinculada-a-proceso-por-extorsion-agravada\\\/#breadcrumb\"},\"inLanguage\":\"es\",\"potentialAction\":[{\"@type\":\"ReadAction\",\"target\":[\"https:\\\/\\\/politicosaldesnudo.com.mx\\\/index.php\\\/2026\\\/02\\\/20\\\/morelos-excandidata-a-alcaldia-de-totolapan-vinculada-a-proceso-por-extorsion-agravada\\\/\"]}]},{\"@type\":\"ImageObject\",\"inLanguage\":\"es\",\"@id\":\"https:\\\/\\\/politicosaldesnudo.com.mx\\\/index.php\\\/2026\\\/02\\\/20\\\/morelos-excandidata-a-alcaldia-de-totolapan-vinculada-a-proceso-por-extorsion-agravada\\\/#primaryimage\",\"url\":\"https:\\\/\\\/i0.wp.com\\\/politicosaldesnudo.com.mx\\\/wp-content\\\/uploads\\\/2026\\\/02\\\/MOREX.jpg?fit=1200%2C860&ssl=1\",\"contentUrl\":\"https:\\\/\\\/i0.wp.com\\\/politicosaldesnudo.com.mx\\\/wp-content\\\/uploads\\\/2026\\\/02\\\/MOREX.jpg?fit=1200%2C860&ssl=1\",\"width\":1200,\"height\":860},{\"@type\":\"BreadcrumbList\",\"@id\":\"https:\\\/\\\/politicosaldesnudo.com.mx\\\/index.php\\\/2026\\\/02\\\/20\\\/morelos-excandidata-a-alcaldia-de-totolapan-vinculada-a-proceso-por-extorsion-agravada\\\/#breadcrumb\",\"itemListElement\":[{\"@type\":\"ListItem\",\"position\":1,\"name\":\"Portada\",\"item\":\"https:\\\/\\\/politicosaldesnudo.com.mx\\\/\"},{\"@type\":\"ListItem\",\"position\":2,\"name\":\"Morelos: excandidata a alcald\u00eda de Totolapan, vinculada a proceso por extorsi\u00f3n agravada\"}]},{\"@type\":\"WebSite\",\"@id\":\"https:\\\/\\\/politicosaldesnudo.com.mx\\\/#website\",\"url\":\"https:\\\/\\\/politicosaldesnudo.com.mx\\\/\",\"name\":\"Pol\u00edticos al Desnudo\",\"description\":\"\",\"publisher\":{\"@id\":\"https:\\\/\\\/politicosaldesnudo.com.mx\\\/#organization\"},\"potentialAction\":[{\"@type\":\"SearchAction\",\"target\":{\"@type\":\"EntryPoint\",\"urlTemplate\":\"https:\\\/\\\/politicosaldesnudo.com.mx\\\/?s={search_term_string}\"},\"query-input\":{\"@type\":\"PropertyValueSpecification\",\"valueRequired\":true,\"valueName\":\"search_term_string\"}}],\"inLanguage\":\"es\"},{\"@type\":\"Organization\",\"@id\":\"https:\\\/\\\/politicosaldesnudo.com.mx\\\/#organization\",\"name\":\"Pol\u00edticos al Desnudo\",\"url\":\"https:\\\/\\\/politicosaldesnudo.com.mx\\\/\",\"logo\":{\"@type\":\"ImageObject\",\"inLanguage\":\"es\",\"@id\":\"https:\\\/\\\/politicosaldesnudo.com.mx\\\/#\\\/schema\\\/logo\\\/image\\\/\",\"url\":\"https:\\\/\\\/i0.wp.com\\\/politicosaldesnudo.com.mx\\\/wp-content\\\/uploads\\\/2026\\\/08\\\/cropped-logo.webp?fit=400%2C126&ssl=1\",\"contentUrl\":\"https:\\\/\\\/i0.wp.com\\\/politicosaldesnudo.com.mx\\\/wp-content\\\/uploads\\\/2026\\\/08\\\/cropped-logo.webp?fit=400%2C126&ssl=1\",\"width\":400,\"height\":126,\"caption\":\"Pol\u00edticos al Desnudo\"},\"image\":{\"@id\":\"https:\\\/\\\/politicosaldesnudo.com.mx\\\/#\\\/schema\\\/logo\\\/image\\\/\"},\"sameAs\":[\"https:\\\/\\\/www.facebook.com\\\/PoliticosAD\"]},{\"@type\":\"Person\",\"@id\":\"https:\\\/\\\/politicosaldesnudo.com.mx\\\/#\\\/schema\\\/person\\\/ef3a64e561cc3f3f5dc52fab81adde7e\",\"name\":\"Redacci\u00f3n Pol\u00edticos\",\"url\":\"https:\\\/\\\/politicosaldesnudo.com.mx\\\/index.php\\\/author\\\/redaccion-politicos\\\/\"}]}<\/script>\n<!-- \/ Yoast SEO plugin. -->","yoast_head_json":{"title":"Morelos: excandidata a alcald\u00eda de Totolapan, vinculada a proceso por extorsi\u00f3n agravada - Pol\u00edticos al Desnudo","robots":{"index":"index","follow":"follow","max-snippet":"max-snippet:-1","max-image-preview":"max-image-preview:large","max-video-preview":"max-video-preview:-1"},"canonical":"https:\/\/politicosaldesnudo.com.mx\/index.php\/2026\/02\/20\/morelos-excandidata-a-alcaldia-de-totolapan-vinculada-a-proceso-por-extorsion-agravada\/","og_locale":"es_ES","og_type":"article","og_title":"Morelos: excandidata a alcald\u00eda de Totolapan, vinculada a proceso por extorsi\u00f3n agravada - Pol\u00edticos al Desnudo","og_description":"El Fiscal General del Estado (FGE),\u00a0Fernando Blumenkron Escobar, inform\u00f3 que\u00a0Cristina\u00a0Marl\u00e9n, la ex candidata del PRI y PRD a la alcald\u00eda [&hellip;]","og_url":"https:\/\/politicosaldesnudo.com.mx\/index.php\/2026\/02\/20\/morelos-excandidata-a-alcaldia-de-totolapan-vinculada-a-proceso-por-extorsion-agravada\/","og_site_name":"Pol\u00edticos al Desnudo","article_publisher":"https:\/\/www.facebook.com\/PoliticosAD","article_published_time":"2026-02-20T06:16:06+00:00","og_image":[{"width":1200,"height":860,"url":"https:\/\/i0.wp.com\/politicosaldesnudo.com.mx\/wp-content\/uploads\/2026\/02\/MOREX.jpg?fit=1200%2C860&ssl=1","type":"image\/jpeg"}],"author":"Redacci\u00f3n Pol\u00edticos","twitter_card":"summary_large_image","twitter_misc":{"Escrito por":"Redacci\u00f3n Pol\u00edticos","Tiempo de lectura":"1 minuto"},"schema":{"@context":"https:\/\/schema.org","@graph":[{"@type":"Article","@id":"https:\/\/politicosaldesnudo.com.mx\/index.php\/2026\/02\/20\/morelos-excandidata-a-alcaldia-de-totolapan-vinculada-a-proceso-por-extorsion-agravada\/#article","isPartOf":{"@id":"https:\/\/politicosaldesnudo.com.mx\/index.php\/2026\/02\/20\/morelos-excandidata-a-alcaldia-de-totolapan-vinculada-a-proceso-por-extorsion-agravada\/"},"author":{"name":"Redacci\u00f3n Pol\u00edticos","@id":"https:\/\/politicosaldesnudo.com.mx\/#\/schema\/person\/ef3a64e561cc3f3f5dc52fab81adde7e"},"headline":"Morelos: excandidata a alcald\u00eda de Totolapan, vinculada a proceso por extorsi\u00f3n agravada","datePublished":"2026-02-20T06:16:06+00:00","mainEntityOfPage":{"@id":"https:\/\/politicosaldesnudo.com.mx\/index.php\/2026\/02\/20\/morelos-excandidata-a-alcaldia-de-totolapan-vinculada-a-proceso-por-extorsion-agravada\/"},"wordCount":229,"publisher":{"@id":"https:\/\/politicosaldesnudo.com.mx\/#organization"},"image":{"@id":"https:\/\/politicosaldesnudo.com.mx\/index.php\/2026\/02\/20\/morelos-excandidata-a-alcaldia-de-totolapan-vinculada-a-proceso-por-extorsion-agravada\/#primaryimage"},"thumbnailUrl":"https:\/\/i0.wp.com\/politicosaldesnudo.com.mx\/wp-content\/uploads\/2026\/02\/MOREX.jpg?fit=1200%2C860&ssl=1","articleSection":["ESTADOS"],"inLanguage":"es"},{"@type":"WebPage","@id":"https:\/\/politicosaldesnudo.com.mx\/index.php\/2026\/02\/20\/morelos-excandidata-a-alcaldia-de-totolapan-vinculada-a-proceso-por-extorsion-agravada\/","url":"https:\/\/politicosaldesnudo.com.mx\/index.php\/2026\/02\/20\/morelos-excandidata-a-alcaldia-de-totolapan-vinculada-a-proceso-por-extorsion-agravada\/","name":"Morelos: excandidata a alcald\u00eda de Totolapan, vinculada a proceso por extorsi\u00f3n agravada - Pol\u00edticos al Desnudo","isPartOf":{"@id":"https:\/\/politicosaldesnudo.com.mx\/#website"},"primaryImageOfPage":{"@id":"https:\/\/politicosaldesnudo.com.mx\/index.php\/2026\/02\/20\/morelos-excandidata-a-alcaldia-de-totolapan-vinculada-a-proceso-por-extorsion-agravada\/#primaryimage"},"image":{"@id":"https:\/\/politicosaldesnudo.com.mx\/index.php\/2026\/02\/20\/morelos-excandidata-a-alcaldia-de-totolapan-vinculada-a-proceso-por-extorsion-agravada\/#primaryimage"},"thumbnailUrl":"https:\/\/i0.wp.com\/politicosaldesnudo.com.mx\/wp-content\/uploads\/2026\/02\/MOREX.jpg?fit=1200%2C860&ssl=1","datePublished":"2026-02-20T06:16:06+00:00","breadcrumb":{"@id":"https:\/\/politicosaldesnudo.com.mx\/index.php\/2026\/02\/20\/morelos-excandidata-a-alcaldia-de-totolapan-vinculada-a-proceso-por-extorsion-agravada\/#breadcrumb"},"inLanguage":"es","potentialAction":[{"@type":"ReadAction","target":["https:\/\/politicosaldesnudo.com.mx\/index.php\/2026\/02\/20\/morelos-excandidata-a-alcaldia-de-totolapan-vinculada-a-proceso-por-extorsion-agravada\/"]}]},{"@type":"ImageObject","inLanguage":"es","@id":"https:\/\/politicosaldesnudo.com.mx\/index.php\/2026\/02\/20\/morelos-excandidata-a-alcaldia-de-totolapan-vinculada-a-proceso-por-extorsion-agravada\/#primaryimage","url":"https:\/\/i0.wp.com\/politicosaldesnudo.com.mx\/wp-content\/uploads\/2026\/02\/MOREX.jpg?fit=1200%2C860&ssl=1","contentUrl":"https:\/\/i0.wp.com\/politicosaldesnudo.com.mx\/wp-content\/uploads\/2026\/02\/MOREX.jpg?fit=1200%2C860&ssl=1","width":1200,"height":860},{"@type":"BreadcrumbList","@id":"https:\/\/politicosaldesnudo.com.mx\/index.php\/2026\/02\/20\/morelos-excandidata-a-alcaldia-de-totolapan-vinculada-a-proceso-por-extorsion-agravada\/#breadcrumb","itemListElement":[{"@type":"ListItem","position":1,"name":"Portada","item":"https:\/\/politicosaldesnudo.com.mx\/"},{"@type":"ListItem","position":2,"name":"Morelos: excandidata a alcald\u00eda de Totolapan, vinculada a proceso por extorsi\u00f3n agravada"}]},{"@type":"WebSite","@id":"https:\/\/politicosaldesnudo.com.mx\/#website","url":"https:\/\/politicosaldesnudo.com.mx\/","name":"Pol\u00edticos al Desnudo","description":"","publisher":{"@id":"https:\/\/politicosaldesnudo.com.mx\/#organization"},"potentialAction":[{"@type":"SearchAction","target":{"@type":"EntryPoint","urlTemplate":"https:\/\/politicosaldesnudo.com.mx\/?s={search_term_string}"},"query-input":{"@type":"PropertyValueSpecification","valueRequired":true,"valueName":"search_term_string"}}],"inLanguage":"es"},{"@type":"Organization","@id":"https:\/\/politicosaldesnudo.com.mx\/#organization","name":"Pol\u00edticos al Desnudo","url":"https:\/\/politicosaldesnudo.com.mx\/","logo":{"@type":"ImageObject","inLanguage":"es","@id":"https:\/\/politicosaldesnudo.com.mx\/#\/schema\/logo\/image\/","url":"https:\/\/i0.wp.com\/politicosaldesnudo.com.mx\/wp-content\/uploads\/2026\/08\/cropped-logo.webp?fit=400%2C126&ssl=1","contentUrl":"https:\/\/i0.wp.com\/politicosaldesnudo.com.mx\/wp-content\/uploads\/2026\/08\/cropped-logo.webp?fit=400%2C126&ssl=1","width":400,"height":126,"caption":"Pol\u00edticos al Desnudo"},"image":{"@id":"https:\/\/politicosaldesnudo.com.mx\/#\/schema\/logo\/image\/"},"sameAs":["https:\/\/www.facebook.com\/PoliticosAD"]},{"@type":"Person","@id":"https:\/\/politicosaldesnudo.com.mx\/#\/schema\/person\/ef3a64e561cc3f3f5dc52fab81adde7e","name":"Redacci\u00f3n Pol\u00edticos","url":"https:\/\/politicosaldesnudo.com.mx\/index.php\/author\/redaccion-politicos\/"}]}},"jetpack_publicize_connections":[],"jetpack-related-posts":[{"id":87996,"url":"https:\/\/politicosaldesnudo.com.mx\/index.php\/2026\/08\/23\/nuevos-autobuses-totonaco-arriban-a-poza-rica-operaran-tres-rutas-regionales\/","url_meta":{"origin":80349,"position":0},"title":"Nuevos autobuses Totonaco arriban a Poza Rica; operar\u00e1n tres rutas regionales","author":"Redacci\u00f3n Pol\u00edticos","date":"23 de agosto de 2026","format":false,"excerpt":"Los primeros autobuses del Servicio Totonaco ya se encuentran en Poza Rica como parte del proyecto con el que se busca renovar y ampliar las opciones de transporte p\u00fablico en la zona norte de Veracruz. Las unidades comenzaron a llegar durante el fin de semana y formar\u00e1n parte de una\u2026","rel":"","context":"En \u00abESTADOS\u00bb","block_context":{"text":"ESTADOS","link":"https:\/\/politicosaldesnudo.com.mx\/index.php\/category\/estados\/"},"img":{"alt_text":"","src":"https:\/\/i0.wp.com\/politicosaldesnudo.com.mx\/wp-content\/uploads\/2026\/08\/tt.jpg?fit=888%2C500&ssl=1&resize=350%2C200","width":350,"height":200,"srcset":"https:\/\/i0.wp.com\/politicosaldesnudo.com.mx\/wp-content\/uploads\/2026\/08\/tt.jpg?fit=888%2C500&ssl=1&resize=350%2C200 1x, https:\/\/i0.wp.com\/politicosaldesnudo.com.mx\/wp-content\/uploads\/2026\/08\/tt.jpg?fit=888%2C500&ssl=1&resize=525%2C300 1.5x, https:\/\/i0.wp.com\/politicosaldesnudo.com.mx\/wp-content\/uploads\/2026\/08\/tt.jpg?fit=888%2C500&ssl=1&resize=700%2C400 2x"},"classes":[]},{"id":88118,"url":"https:\/\/politicosaldesnudo.com.mx\/index.php\/2026\/08\/27\/cateo-en-tuxpan-aseguran-negocio-investigado-por-presunta-extorsion-a-avicultores\/","url_meta":{"origin":80349,"position":1},"title":"Cateo en Tuxpan: aseguran negocio investigado por presunta extorsi\u00f3n a avicultores","author":"Redacci\u00f3n Pol\u00edticos","date":"27 de agosto de 2026","format":false,"excerpt":"Un establecimiento comercial de la colonia An\u00e1huac, en Tuxpan, qued\u00f3 bajo resguardo de las autoridades tras un operativo relacionado con una investigaci\u00f3n por posibles extorsiones contra integrantes del sector av\u00edcola. La diligencia fue realizada por agentes de la Unidad Especializada en Combate al Secuestro y la Extorsi\u00f3n (UECS), quienes contaron\u2026","rel":"","context":"En \u00abESTADOS\u00bb","block_context":{"text":"ESTADOS","link":"https:\/\/politicosaldesnudo.com.mx\/index.php\/category\/estados\/"},"img":{"alt_text":"","src":"https:\/\/i0.wp.com\/politicosaldesnudo.com.mx\/wp-content\/uploads\/2026\/08\/avc-tuxpan-horizontal.png?fit=1200%2C675&ssl=1&resize=350%2C200","width":350,"height":200,"srcset":"https:\/\/i0.wp.com\/politicosaldesnudo.com.mx\/wp-content\/uploads\/2026\/08\/avc-tuxpan-horizontal.png?fit=1200%2C675&ssl=1&resize=350%2C200 1x, https:\/\/i0.wp.com\/politicosaldesnudo.com.mx\/wp-content\/uploads\/2026\/08\/avc-tuxpan-horizontal.png?fit=1200%2C675&ssl=1&resize=525%2C300 1.5x, https:\/\/i0.wp.com\/politicosaldesnudo.com.mx\/wp-content\/uploads\/2026\/08\/avc-tuxpan-horizontal.png?fit=1200%2C675&ssl=1&resize=700%2C400 2x, https:\/\/i0.wp.com\/politicosaldesnudo.com.mx\/wp-content\/uploads\/2026\/08\/avc-tuxpan-horizontal.png?fit=1200%2C675&ssl=1&resize=1050%2C600 3x"},"classes":[]},{"id":87983,"url":"https:\/\/politicosaldesnudo.com.mx\/index.php\/2026\/08\/22\/fernando-farias-permanecera-en-el-altiplano-definiran-el-miercoles-si-sera-vinculado-por-huachicol-fiscal\/","url_meta":{"origin":80349,"position":2},"title":"Fernando Far\u00edas permanecer\u00e1 en El Altiplano; definir\u00e1n el mi\u00e9rcoles si ser\u00e1 vinculado por huachicol fiscal","author":"Redacci\u00f3n Pol\u00edticos","date":"22 de agosto de 2026","format":false,"excerpt":"Fernando Far\u00edas Laguna, excontralmirante de la Secretar\u00eda de Marina, continuar\u00e1 recluido en el penal federal de m\u00e1xima seguridad de El Altiplano, luego de que una jueza le impusiera prisi\u00f3n preventiva oficiosa. La resoluci\u00f3n se emiti\u00f3 al t\u00e9rmino de una audiencia inicial que se prolong\u00f3 durante cerca de 18 horas y\u2026","rel":"","context":"En \u00abNACIONAL\u00bb","block_context":{"text":"NACIONAL","link":"https:\/\/politicosaldesnudo.com.mx\/index.php\/category\/nacional\/"},"img":{"alt_text":"","src":"https:\/\/i0.wp.com\/politicosaldesnudo.com.mx\/wp-content\/uploads\/2026\/08\/farias.jpg?fit=1200%2C800&ssl=1&resize=350%2C200","width":350,"height":200,"srcset":"https:\/\/i0.wp.com\/politicosaldesnudo.com.mx\/wp-content\/uploads\/2026\/08\/farias.jpg?fit=1200%2C800&ssl=1&resize=350%2C200 1x, https:\/\/i0.wp.com\/politicosaldesnudo.com.mx\/wp-content\/uploads\/2026\/08\/farias.jpg?fit=1200%2C800&ssl=1&resize=525%2C300 1.5x, https:\/\/i0.wp.com\/politicosaldesnudo.com.mx\/wp-content\/uploads\/2026\/08\/farias.jpg?fit=1200%2C800&ssl=1&resize=700%2C400 2x, https:\/\/i0.wp.com\/politicosaldesnudo.com.mx\/wp-content\/uploads\/2026\/08\/farias.jpg?fit=1200%2C800&ssl=1&resize=1050%2C600 3x"},"classes":[]},{"id":88100,"url":"https:\/\/politicosaldesnudo.com.mx\/index.php\/2026\/08\/27\/excontralmirante-fernando-farias-enfrentara-proceso-por-presunta-red-de-huachicol-fiscal\/","url_meta":{"origin":80349,"position":3},"title":"Excontralmirante Fernando Far\u00edas enfrentar\u00e1 proceso por presunta red de huachicol fiscal","author":"Redacci\u00f3n Pol\u00edticos","date":"27 de agosto de 2026","format":false,"excerpt":"Una jueza federal determin\u00f3 que existen elementos suficientes para continuar la investigaci\u00f3n contra el exmando naval, se\u00f1alado como uno de los presuntos dirigentes de una estructura dedicada al contrabando de combustibles. Fernando Far\u00edas Laguna, excontralmirante de la Secretar\u00eda de Marina, fue vinculado a proceso por su probable responsabilidad en delincuencia\u2026","rel":"","context":"En \u00abNACIONAL\u00bb","block_context":{"text":"NACIONAL","link":"https:\/\/politicosaldesnudo.com.mx\/index.php\/category\/nacional\/"},"img":{"alt_text":"","src":"https:\/\/i0.wp.com\/politicosaldesnudo.com.mx\/wp-content\/uploads\/2026\/08\/fernando-farias-laguna-2-1024x683-1.jpg?fit=1024%2C683&ssl=1&resize=350%2C200","width":350,"height":200,"srcset":"https:\/\/i0.wp.com\/politicosaldesnudo.com.mx\/wp-content\/uploads\/2026\/08\/fernando-farias-laguna-2-1024x683-1.jpg?fit=1024%2C683&ssl=1&resize=350%2C200 1x, https:\/\/i0.wp.com\/politicosaldesnudo.com.mx\/wp-content\/uploads\/2026\/08\/fernando-farias-laguna-2-1024x683-1.jpg?fit=1024%2C683&ssl=1&resize=525%2C300 1.5x, https:\/\/i0.wp.com\/politicosaldesnudo.com.mx\/wp-content\/uploads\/2026\/08\/fernando-farias-laguna-2-1024x683-1.jpg?fit=1024%2C683&ssl=1&resize=700%2C400 2x"},"classes":[]},{"id":88087,"url":"https:\/\/politicosaldesnudo.com.mx\/index.php\/2026\/08\/26\/caso-carlos-manzo-da-un-giro-fiscalia-indaga-vinculo-de-su-viuda-con-exfuncionario-procesado-por-el-crimen\/","url_meta":{"origin":80349,"position":4},"title":"Caso Carlos Manzo da un giro: Fiscal\u00eda indaga v\u00ednculo de su viuda con exfuncionario procesado por el crimen","author":"Redacci\u00f3n Pol\u00edticos","date":"26 de agosto de 2026","format":false,"excerpt":"La investigaci\u00f3n por el asesinato de Carlos Manzo abri\u00f3 un nuevo y delicado cap\u00edtulo. La Fiscal\u00eda General de Michoac\u00e1n buscar\u00e1 esclarecer la posible relaci\u00f3n entre Grecia Quiroz, actual alcaldesa de Uruapan y viuda del pol\u00edtico, y Samuel Garc\u00eda Rivero, exfuncionario municipal procesado por su presunta participaci\u00f3n en el homicidio. La\u2026","rel":"","context":"En \u00abNACIONAL\u00bb","block_context":{"text":"NACIONAL","link":"https:\/\/politicosaldesnudo.com.mx\/index.php\/category\/nacional\/"},"img":{"alt_text":"","src":"https:\/\/i0.wp.com\/politicosaldesnudo.com.mx\/wp-content\/uploads\/2026\/08\/grecia-quiroz.jpg?fit=1200%2C800&ssl=1&resize=350%2C200","width":350,"height":200,"srcset":"https:\/\/i0.wp.com\/politicosaldesnudo.com.mx\/wp-content\/uploads\/2026\/08\/grecia-quiroz.jpg?fit=1200%2C800&ssl=1&resize=350%2C200 1x, https:\/\/i0.wp.com\/politicosaldesnudo.com.mx\/wp-content\/uploads\/2026\/08\/grecia-quiroz.jpg?fit=1200%2C800&ssl=1&resize=525%2C300 1.5x, https:\/\/i0.wp.com\/politicosaldesnudo.com.mx\/wp-content\/uploads\/2026\/08\/grecia-quiroz.jpg?fit=1200%2C800&ssl=1&resize=700%2C400 2x, https:\/\/i0.wp.com\/politicosaldesnudo.com.mx\/wp-content\/uploads\/2026\/08\/grecia-quiroz.jpg?fit=1200%2C800&ssl=1&resize=1050%2C600 3x"},"classes":[]},{"id":87924,"url":"https:\/\/politicosaldesnudo.com.mx\/index.php\/2026\/08\/20\/trasladan-desde-argentina-a-fernando-farias-laguna-por-caso-de-huachicol-fiscal\/","url_meta":{"origin":80349,"position":5},"title":"Trasladan desde Argentina a Fernando Far\u00edas Laguna por caso de huachicol fiscal","author":"Redacci\u00f3n Pol\u00edticos","date":"20 de agosto de 2026","format":false,"excerpt":"El contralmirante Fernando Far\u00edas Laguna est\u00e1 siendo trasladado desde Argentina a territorio mexicano para quedar a disposici\u00f3n de la justicia, que lo investiga por su presunta participaci\u00f3n en una organizaci\u00f3n dedicada al contrabando y distribuci\u00f3n ilegal de combustibles. La Fiscal\u00eda General de la Rep\u00fablica confirm\u00f3 este jueves 20 de agosto\u2026","rel":"","context":"En \u00abNACIONAL\u00bb","block_context":{"text":"NACIONAL","link":"https:\/\/politicosaldesnudo.com.mx\/index.php\/category\/nacional\/"},"img":{"alt_text":"","src":"https:\/\/i0.wp.com\/politicosaldesnudo.com.mx\/wp-content\/uploads\/2026\/08\/farias.webp?fit=1200%2C806&ssl=1&resize=350%2C200","width":350,"height":200,"srcset":"https:\/\/i0.wp.com\/politicosaldesnudo.com.mx\/wp-content\/uploads\/2026\/08\/farias.webp?fit=1200%2C806&ssl=1&resize=350%2C200 1x, https:\/\/i0.wp.com\/politicosaldesnudo.com.mx\/wp-content\/uploads\/2026\/08\/farias.webp?fit=1200%2C806&ssl=1&resize=525%2C300 1.5x, https:\/\/i0.wp.com\/politicosaldesnudo.com.mx\/wp-content\/uploads\/2026\/08\/farias.webp?fit=1200%2C806&ssl=1&resize=700%2C400 2x, https:\/\/i0.wp.com\/politicosaldesnudo.com.mx\/wp-content\/uploads\/2026\/08\/farias.webp?fit=1200%2C806&ssl=1&resize=1050%2C600 3x"},"classes":[]}],"jetpack_sharing_enabled":true,"jetpack_featured_media_url":"https:\/\/i0.wp.com\/politicosaldesnudo.com.mx\/wp-content\/uploads\/2026\/02\/MOREX.jpg?fit=1200%2C860&ssl=1","_links":{"self":[{"href":"https:\/\/politicosaldesnudo.com.mx\/index.php\/wp-json\/wp\/v2\/posts\/80349","targetHints":{"allow":["GET"]}}],"collection":[{"href":"https:\/\/politicosaldesnudo.com.mx\/index.php\/wp-json\/wp\/v2\/posts"}],"about":[{"href":"https:\/\/politicosaldesnudo.com.mx\/index.php\/wp-json\/wp\/v2\/types\/post"}],"author":[{"embeddable":true,"href":"https:\/\/politicosaldesnudo.com.mx\/index.php\/wp-json\/wp\/v2\/users\/4"}],"replies":[{"embeddable":true,"href":"https:\/\/politicosaldesnudo.com.mx\/index.php\/wp-json\/wp\/v2\/comments?post=80349"}],"version-history":[{"count":0,"href":"https:\/\/politicosaldesnudo.com.mx\/index.php\/wp-json\/wp\/v2\/posts\/80349\/revisions"}],"wp:featuredmedia":[{"embeddable":true,"href":"https:\/\/politicosaldesnudo.com.mx\/index.php\/wp-json\/wp\/v2\/media\/80350"}],"wp:attachment":[{"href":"https:\/\/politicosaldesnudo.com.mx\/index.php\/wp-json\/wp\/v2\/media?parent=80349"}],"wp:term":[{"taxonomy":"category","embeddable":true,"href":"https:\/\/politicosaldesnudo.com.mx\/index.php\/wp-json\/wp\/v2\/categories?post=80349"},{"taxonomy":"post_tag","embeddable":true,"href":"https:\/\/politicosaldesnudo.com.mx\/index.php\/wp-json\/wp\/v2\/tags?post=80349"}],"curies":[{"name":"wp","href":"https:\/\/api.w.org\/{rel}","templated":true}]}}