{"id":80400,"date":"2026-02-21T00:12:41","date_gmt":"2026-02-21T06:12:41","guid":{"rendered":"https:\/\/politicosaldesnudo.com.mx\/?p=80400"},"modified":"2026-02-20T22:53:42","modified_gmt":"2026-02-21T04:53:42","slug":"comision-nacional-antimonopolio-niega-propuesta-de-adquisicion-de-prosa-por-parte-de-visa","status":"publish","type":"post","link":"https:\/\/politicosaldesnudo.com.mx\/index.php\/2026\/02\/21\/comision-nacional-antimonopolio-niega-propuesta-de-adquisicion-de-prosa-por-parte-de-visa\/","title":{"rendered":"Comisi\u00f3n Nacional Antimonopolio niega propuesta de adquisici\u00f3n de PROSA por parte de Visa"},"content":{"rendered":"<p class=\"nota-justify\">La Comisi\u00f3n Nacional Antimonopolio (CNA) neg\u00f3 la propuesta de adquisici\u00f3n del 51 por ciento del capital de PROSA por parte de Visa International, para prevenir riesgos a la competencia que afectar\u00edan a las personas usuarias de servicios financieros.<\/p>\n<p class=\"nota-justify\">El organismo regulador explic\u00f3 que decidi\u00f3 lo anterior porque la operaci\u00f3n implicaba la integraci\u00f3n entre uno de los procesadores de pagos con tarjeta m\u00e1s grandes de M\u00e9xico, es decir PROSA, con la marca de tarjetas de d\u00e9bito y cr\u00e9dito m\u00e1s grande del mundo, Visa.<\/p>\n<p class=\"nota-justify\">Explic\u00f3 que derivado de un an\u00e1lisis t\u00e9cnico y exhaustivo de la operaci\u00f3n, el Pleno de la Comisi\u00f3n concluy\u00f3 que tendr\u00eda efectos nocivos sobre el sistema financiero mexicano y, en particular, sobre las y los mexicanos que utilizan servicios financieros en el pa\u00eds.<\/p>\n<p class=\"nota-justify\">En este contexto, identific\u00f3 como posibles riesgos est\u00e1 la eliminaci\u00f3n de un competidor directo, pues Visa ya ofrece su propio servicio de procesamiento de pagos, siendo un competidor con gran potencial disruptivo. \u201cLa operaci\u00f3n implicaba que Visa comprara a uno de sus m\u00e1s grandes competidores en lugar de competir\u201d, indic\u00f3.<\/p>\n<p class=\"nota-justify\">Anot\u00f3 que tambi\u00e9n exist\u00eda un riesgo de eliminaci\u00f3n de una marca de tarjetas de menor costo, ya que\u00a0\u00a0PROSA es due\u00f1o de la marca Carnet. \u201cLa operaci\u00f3n pon\u00eda en riesgo la viabilidad de Carnet como una opci\u00f3n de bajo costo para los usuarios\u201d, se\u00f1al\u00f3.<\/p>\n<p class=\"nota-justify\">La CNA tambi\u00e9n hall\u00f3 que la posible adquisici\u00f3n implicaba riesgos respecto al uso de informaci\u00f3n de usuarios. \u201cLa operaci\u00f3n hubiera otorgado acceso a informaci\u00f3n transaccional \u00fanica de usuarios de servicios financieros, dejando en desventaja a los dem\u00e1s competidores en el mercado\u201d.<\/p>\n<p class=\"nota-justify\">Se\u00f1al\u00f3 que, si bien Visa y PROSA presentaron medidas para tratar de corregir los problemas identificados, no resultaron id\u00f3neas ni suficientes para evitar el riesgo a los mercados y consumidores que detect\u00f3 la Comisi\u00f3n.<\/p>\n<p class=\"nota-justify\">Subray\u00f3 que se ponder\u00f3 que la operaci\u00f3n implicaba inversiones por parte de Visa en los sistemas de procesamiento de PROSA. No obstante, no se logr\u00f3 acreditar que estas inversiones no pudieran hacerse fuera del contexto de la operaci\u00f3n.<\/p>\n<p class=\"nota-justify\">Despu\u00e9s de recordar que la tarea de la CNA \u201ces proteger la competencia en todos los sectores del pa\u00eds\u201d, el organismo regulador indic\u00f3 que esta decisi\u00f3n es parte de un esfuerzo decidido por parte de la autoridad de competencia mexicana para garantizar una mayor oferta en los mercados financieros del pa\u00eds en beneficio de\u00a0las y\u00a0los\u00a0usuarios mexicanos.<\/p>\n<p class=\"nota-justify\">Ante esta decisi\u00f3n, Visa expres\u00f3 estar \u201cdecepcionada\u201d e indic\u00f3 que revisar\u00e1 cuidadosamente la resoluci\u00f3n, por lo que evaluar\u00e1 todas las opciones disponibles.<\/p>\n<p class=\"nota-justify\">\u201cCreemos firmemente que la combinaci\u00f3n de Visa y Prosa potenciar\u00eda significativamente la competencia en el mercado y modernizar\u00eda los pagos en M\u00e9xico, permitiendo que consumidores, empresas e instituciones financieras se beneficien de experiencias de pago digital m\u00e1s innovadoras y seguras\u201d, indic\u00f3 en una comunicaci\u00f3n.<\/p>\n","protected":false},"excerpt":{"rendered":"<p>La Comisi\u00f3n Nacional Antimonopolio (CNA) neg\u00f3 la propuesta de adquisici\u00f3n del 51 por ciento del capital de PROSA por parte [&hellip;]<\/p>\n","protected":false},"author":4,"featured_media":80401,"comment_status":"closed","ping_status":"closed","sticky":false,"template":"","format":"standard","meta":{"site-sidebar-layout":"default","site-content-layout":"","ast-site-content-layout":"default","site-content-style":"default","site-sidebar-style":"default","ast-global-header-display":"","ast-banner-title-visibility":"","ast-main-header-display":"","ast-hfb-above-header-display":"","ast-hfb-below-header-display":"","ast-hfb-mobile-header-display":"","site-post-title":"","ast-breadcrumbs-content":"","ast-featured-img":"","footer-sml-layout":"","ast-disable-related-posts":"","theme-transparent-header-meta":"","adv-header-id-meta":"","stick-header-meta":"","header-above-stick-meta":"","header-main-stick-meta":"","header-below-stick-meta":"","astra-migrate-meta-layouts":"default","ast-page-background-enabled":"default","ast-page-background-meta":{"desktop":{"background-color":"var(--ast-global-color-5)","background-image":"","background-repeat":"repeat","background-position":"center center","background-size":"auto","background-attachment":"scroll","background-type":"","background-media":"","overlay-type":"","overlay-color":"","overlay-opacity":"","overlay-gradient":""},"tablet":{"background-color":"","background-image":"","background-repeat":"repeat","background-position":"center center","background-size":"auto","background-attachment":"scroll","background-type":"","background-media":"","overlay-type":"","overlay-color":"","overlay-opacity":"","overlay-gradient":""},"mobile":{"background-color":"","background-image":"","background-repeat":"repeat","background-position":"center center","background-size":"auto","background-attachment":"scroll","background-type":"","background-media":"","overlay-type":"","overlay-color":"","overlay-opacity":"","overlay-gradient":""}},"ast-content-background-meta":{"desktop":{"background-color":"var(--ast-global-color-4)","background-image":"","background-repeat":"repeat","background-position":"center center","background-size":"auto","background-attachment":"scroll","background-type":"","background-media":"","overlay-type":"","overlay-color":"","overlay-opacity":"","overlay-gradient":""},"tablet":{"background-color":"var(--ast-global-color-4)","background-image":"","background-repeat":"repeat","background-position":"center center","background-size":"auto","background-attachment":"scroll","background-type":"","background-media":"","overlay-type":"","overlay-color":"","overlay-opacity":"","overlay-gradient":""},"mobile":{"background-color":"var(--ast-global-color-4)","background-image":"","background-repeat":"repeat","background-position":"center center","background-size":"auto","background-attachment":"scroll","background-type":"","background-media":"","overlay-type":"","overlay-color":"","overlay-opacity":"","overlay-gradient":""}},"_jetpack_newsletter_access":"","_jetpack_dont_email_post_to_subs":false,"_jetpack_newsletter_tier_id":0,"_jetpack_memberships_contains_paywalled_content":false,"_jetpack_feature_clip_id":0,"_jetpack_memberships_contains_paid_content":false,"footnotes":"","jetpack_publicize_message":"","jetpack_publicize_feature_enabled":true,"jetpack_social_post_already_shared":true,"jetpack_social_options":{"image_generator_settings":{"template":"highway","default_image_id":0,"font":"","enabled":false},"version":2},"jetpack_post_was_ever_published":false},"categories":[2050],"tags":[],"class_list":["post-80400","post","type-post","status-publish","format-standard","has-post-thumbnail","hentry","category-economia"],"yoast_head":"<!-- This site is optimized with the Yoast SEO plugin v28.3 - https:\/\/yoast.com\/product\/yoast-seo-wordpress\/ -->\n<title>Comisi\u00f3n Nacional Antimonopolio niega propuesta de adquisici\u00f3n de PROSA por parte de Visa - Pol\u00edticos al Desnudo<\/title>\n<meta name=\"robots\" content=\"index, follow, max-snippet:-1, max-image-preview:large, max-video-preview:-1\" \/>\n<link rel=\"canonical\" href=\"https:\/\/politicosaldesnudo.com.mx\/index.php\/2026\/02\/21\/comision-nacional-antimonopolio-niega-propuesta-de-adquisicion-de-prosa-por-parte-de-visa\/\" \/>\n<meta property=\"og:locale\" content=\"es_ES\" \/>\n<meta property=\"og:type\" content=\"article\" \/>\n<meta property=\"og:title\" content=\"Comisi\u00f3n Nacional Antimonopolio niega propuesta de adquisici\u00f3n de PROSA por parte de Visa - Pol\u00edticos al Desnudo\" \/>\n<meta property=\"og:description\" content=\"La Comisi\u00f3n Nacional Antimonopolio (CNA) neg\u00f3 la propuesta de adquisici\u00f3n del 51 por ciento del capital de PROSA por parte [&hellip;]\" \/>\n<meta property=\"og:url\" content=\"https:\/\/politicosaldesnudo.com.mx\/index.php\/2026\/02\/21\/comision-nacional-antimonopolio-niega-propuesta-de-adquisicion-de-prosa-por-parte-de-visa\/\" \/>\n<meta property=\"og:site_name\" content=\"Pol\u00edticos al Desnudo\" \/>\n<meta property=\"article:publisher\" content=\"https:\/\/www.facebook.com\/PoliticosAD\" \/>\n<meta property=\"article:published_time\" content=\"2026-02-21T06:12:41+00:00\" \/>\n<meta property=\"og:image\" content=\"https:\/\/i0.wp.com\/politicosaldesnudo.com.mx\/wp-content\/uploads\/2026\/02\/VI-1.jpg?fit=1200%2C444&ssl=1\" \/>\n\t<meta property=\"og:image:width\" content=\"1200\" \/>\n\t<meta property=\"og:image:height\" content=\"444\" \/>\n\t<meta property=\"og:image:type\" content=\"image\/jpeg\" \/>\n<meta name=\"author\" content=\"Redacci\u00f3n Pol\u00edticos\" \/>\n<meta name=\"twitter:card\" content=\"summary_large_image\" \/>\n<meta name=\"twitter:label1\" content=\"Escrito por\" \/>\n\t<meta name=\"twitter:data1\" content=\"Redacci\u00f3n Pol\u00edticos\" \/>\n\t<meta name=\"twitter:label2\" content=\"Tiempo de lectura\" \/>\n\t<meta name=\"twitter:data2\" content=\"3 minutos\" \/>\n<script type=\"application\/ld+json\" class=\"yoast-schema-graph\">{\"@context\":\"https:\\\/\\\/schema.org\",\"@graph\":[{\"@type\":\"Article\",\"@id\":\"https:\\\/\\\/politicosaldesnudo.com.mx\\\/index.php\\\/2026\\\/02\\\/21\\\/comision-nacional-antimonopolio-niega-propuesta-de-adquisicion-de-prosa-por-parte-de-visa\\\/#article\",\"isPartOf\":{\"@id\":\"https:\\\/\\\/politicosaldesnudo.com.mx\\\/index.php\\\/2026\\\/02\\\/21\\\/comision-nacional-antimonopolio-niega-propuesta-de-adquisicion-de-prosa-por-parte-de-visa\\\/\"},\"author\":{\"name\":\"Redacci\u00f3n Pol\u00edticos\",\"@id\":\"https:\\\/\\\/politicosaldesnudo.com.mx\\\/#\\\/schema\\\/person\\\/ef3a64e561cc3f3f5dc52fab81adde7e\"},\"headline\":\"Comisi\u00f3n Nacional Antimonopolio niega propuesta de adquisici\u00f3n de PROSA por parte de Visa\",\"datePublished\":\"2026-02-21T06:12:41+00:00\",\"mainEntityOfPage\":{\"@id\":\"https:\\\/\\\/politicosaldesnudo.com.mx\\\/index.php\\\/2026\\\/02\\\/21\\\/comision-nacional-antimonopolio-niega-propuesta-de-adquisicion-de-prosa-por-parte-de-visa\\\/\"},\"wordCount\":520,\"publisher\":{\"@id\":\"https:\\\/\\\/politicosaldesnudo.com.mx\\\/#organization\"},\"image\":{\"@id\":\"https:\\\/\\\/politicosaldesnudo.com.mx\\\/index.php\\\/2026\\\/02\\\/21\\\/comision-nacional-antimonopolio-niega-propuesta-de-adquisicion-de-prosa-por-parte-de-visa\\\/#primaryimage\"},\"thumbnailUrl\":\"https:\\\/\\\/i0.wp.com\\\/politicosaldesnudo.com.mx\\\/wp-content\\\/uploads\\\/2026\\\/02\\\/VI-1.jpg?fit=1200%2C444&ssl=1\",\"articleSection\":[\"ECONOM\u00cdA\"],\"inLanguage\":\"es\"},{\"@type\":\"WebPage\",\"@id\":\"https:\\\/\\\/politicosaldesnudo.com.mx\\\/index.php\\\/2026\\\/02\\\/21\\\/comision-nacional-antimonopolio-niega-propuesta-de-adquisicion-de-prosa-por-parte-de-visa\\\/\",\"url\":\"https:\\\/\\\/politicosaldesnudo.com.mx\\\/index.php\\\/2026\\\/02\\\/21\\\/comision-nacional-antimonopolio-niega-propuesta-de-adquisicion-de-prosa-por-parte-de-visa\\\/\",\"name\":\"Comisi\u00f3n Nacional Antimonopolio niega propuesta de adquisici\u00f3n de PROSA por parte de Visa - Pol\u00edticos al Desnudo\",\"isPartOf\":{\"@id\":\"https:\\\/\\\/politicosaldesnudo.com.mx\\\/#website\"},\"primaryImageOfPage\":{\"@id\":\"https:\\\/\\\/politicosaldesnudo.com.mx\\\/index.php\\\/2026\\\/02\\\/21\\\/comision-nacional-antimonopolio-niega-propuesta-de-adquisicion-de-prosa-por-parte-de-visa\\\/#primaryimage\"},\"image\":{\"@id\":\"https:\\\/\\\/politicosaldesnudo.com.mx\\\/index.php\\\/2026\\\/02\\\/21\\\/comision-nacional-antimonopolio-niega-propuesta-de-adquisicion-de-prosa-por-parte-de-visa\\\/#primaryimage\"},\"thumbnailUrl\":\"https:\\\/\\\/i0.wp.com\\\/politicosaldesnudo.com.mx\\\/wp-content\\\/uploads\\\/2026\\\/02\\\/VI-1.jpg?fit=1200%2C444&ssl=1\",\"datePublished\":\"2026-02-21T06:12:41+00:00\",\"breadcrumb\":{\"@id\":\"https:\\\/\\\/politicosaldesnudo.com.mx\\\/index.php\\\/2026\\\/02\\\/21\\\/comision-nacional-antimonopolio-niega-propuesta-de-adquisicion-de-prosa-por-parte-de-visa\\\/#breadcrumb\"},\"inLanguage\":\"es\",\"potentialAction\":[{\"@type\":\"ReadAction\",\"target\":[\"https:\\\/\\\/politicosaldesnudo.com.mx\\\/index.php\\\/2026\\\/02\\\/21\\\/comision-nacional-antimonopolio-niega-propuesta-de-adquisicion-de-prosa-por-parte-de-visa\\\/\"]}]},{\"@type\":\"ImageObject\",\"inLanguage\":\"es\",\"@id\":\"https:\\\/\\\/politicosaldesnudo.com.mx\\\/index.php\\\/2026\\\/02\\\/21\\\/comision-nacional-antimonopolio-niega-propuesta-de-adquisicion-de-prosa-por-parte-de-visa\\\/#primaryimage\",\"url\":\"https:\\\/\\\/i0.wp.com\\\/politicosaldesnudo.com.mx\\\/wp-content\\\/uploads\\\/2026\\\/02\\\/VI-1.jpg?fit=1200%2C444&ssl=1\",\"contentUrl\":\"https:\\\/\\\/i0.wp.com\\\/politicosaldesnudo.com.mx\\\/wp-content\\\/uploads\\\/2026\\\/02\\\/VI-1.jpg?fit=1200%2C444&ssl=1\",\"width\":1200,\"height\":444},{\"@type\":\"BreadcrumbList\",\"@id\":\"https:\\\/\\\/politicosaldesnudo.com.mx\\\/index.php\\\/2026\\\/02\\\/21\\\/comision-nacional-antimonopolio-niega-propuesta-de-adquisicion-de-prosa-por-parte-de-visa\\\/#breadcrumb\",\"itemListElement\":[{\"@type\":\"ListItem\",\"position\":1,\"name\":\"Portada\",\"item\":\"https:\\\/\\\/politicosaldesnudo.com.mx\\\/\"},{\"@type\":\"ListItem\",\"position\":2,\"name\":\"Comisi\u00f3n Nacional Antimonopolio niega propuesta de adquisici\u00f3n de PROSA por parte de Visa\"}]},{\"@type\":\"WebSite\",\"@id\":\"https:\\\/\\\/politicosaldesnudo.com.mx\\\/#website\",\"url\":\"https:\\\/\\\/politicosaldesnudo.com.mx\\\/\",\"name\":\"Pol\u00edticos al Desnudo\",\"description\":\"\",\"publisher\":{\"@id\":\"https:\\\/\\\/politicosaldesnudo.com.mx\\\/#organization\"},\"potentialAction\":[{\"@type\":\"SearchAction\",\"target\":{\"@type\":\"EntryPoint\",\"urlTemplate\":\"https:\\\/\\\/politicosaldesnudo.com.mx\\\/?s={search_term_string}\"},\"query-input\":{\"@type\":\"PropertyValueSpecification\",\"valueRequired\":true,\"valueName\":\"search_term_string\"}}],\"inLanguage\":\"es\"},{\"@type\":\"Organization\",\"@id\":\"https:\\\/\\\/politicosaldesnudo.com.mx\\\/#organization\",\"name\":\"Pol\u00edticos al Desnudo\",\"url\":\"https:\\\/\\\/politicosaldesnudo.com.mx\\\/\",\"logo\":{\"@type\":\"ImageObject\",\"inLanguage\":\"es\",\"@id\":\"https:\\\/\\\/politicosaldesnudo.com.mx\\\/#\\\/schema\\\/logo\\\/image\\\/\",\"url\":\"https:\\\/\\\/i0.wp.com\\\/politicosaldesnudo.com.mx\\\/wp-content\\\/uploads\\\/2026\\\/08\\\/cropped-logo.webp?fit=400%2C126&ssl=1\",\"contentUrl\":\"https:\\\/\\\/i0.wp.com\\\/politicosaldesnudo.com.mx\\\/wp-content\\\/uploads\\\/2026\\\/08\\\/cropped-logo.webp?fit=400%2C126&ssl=1\",\"width\":400,\"height\":126,\"caption\":\"Pol\u00edticos al Desnudo\"},\"image\":{\"@id\":\"https:\\\/\\\/politicosaldesnudo.com.mx\\\/#\\\/schema\\\/logo\\\/image\\\/\"},\"sameAs\":[\"https:\\\/\\\/www.facebook.com\\\/PoliticosAD\"]},{\"@type\":\"Person\",\"@id\":\"https:\\\/\\\/politicosaldesnudo.com.mx\\\/#\\\/schema\\\/person\\\/ef3a64e561cc3f3f5dc52fab81adde7e\",\"name\":\"Redacci\u00f3n Pol\u00edticos\",\"url\":\"https:\\\/\\\/politicosaldesnudo.com.mx\\\/index.php\\\/author\\\/redaccion-politicos\\\/\"}]}<\/script>\n<!-- \/ Yoast SEO plugin. -->","yoast_head_json":{"title":"Comisi\u00f3n Nacional Antimonopolio niega propuesta de adquisici\u00f3n de PROSA por parte de Visa - Pol\u00edticos al Desnudo","robots":{"index":"index","follow":"follow","max-snippet":"max-snippet:-1","max-image-preview":"max-image-preview:large","max-video-preview":"max-video-preview:-1"},"canonical":"https:\/\/politicosaldesnudo.com.mx\/index.php\/2026\/02\/21\/comision-nacional-antimonopolio-niega-propuesta-de-adquisicion-de-prosa-por-parte-de-visa\/","og_locale":"es_ES","og_type":"article","og_title":"Comisi\u00f3n Nacional Antimonopolio niega propuesta de adquisici\u00f3n de PROSA por parte de Visa - Pol\u00edticos al Desnudo","og_description":"La Comisi\u00f3n Nacional Antimonopolio (CNA) neg\u00f3 la propuesta de adquisici\u00f3n del 51 por ciento del capital de PROSA por parte [&hellip;]","og_url":"https:\/\/politicosaldesnudo.com.mx\/index.php\/2026\/02\/21\/comision-nacional-antimonopolio-niega-propuesta-de-adquisicion-de-prosa-por-parte-de-visa\/","og_site_name":"Pol\u00edticos al Desnudo","article_publisher":"https:\/\/www.facebook.com\/PoliticosAD","article_published_time":"2026-02-21T06:12:41+00:00","og_image":[{"width":1200,"height":444,"url":"https:\/\/i0.wp.com\/politicosaldesnudo.com.mx\/wp-content\/uploads\/2026\/02\/VI-1.jpg?fit=1200%2C444&ssl=1","type":"image\/jpeg"}],"author":"Redacci\u00f3n Pol\u00edticos","twitter_card":"summary_large_image","twitter_misc":{"Escrito por":"Redacci\u00f3n Pol\u00edticos","Tiempo de lectura":"3 minutos"},"schema":{"@context":"https:\/\/schema.org","@graph":[{"@type":"Article","@id":"https:\/\/politicosaldesnudo.com.mx\/index.php\/2026\/02\/21\/comision-nacional-antimonopolio-niega-propuesta-de-adquisicion-de-prosa-por-parte-de-visa\/#article","isPartOf":{"@id":"https:\/\/politicosaldesnudo.com.mx\/index.php\/2026\/02\/21\/comision-nacional-antimonopolio-niega-propuesta-de-adquisicion-de-prosa-por-parte-de-visa\/"},"author":{"name":"Redacci\u00f3n Pol\u00edticos","@id":"https:\/\/politicosaldesnudo.com.mx\/#\/schema\/person\/ef3a64e561cc3f3f5dc52fab81adde7e"},"headline":"Comisi\u00f3n Nacional Antimonopolio niega propuesta de adquisici\u00f3n de PROSA por parte de Visa","datePublished":"2026-02-21T06:12:41+00:00","mainEntityOfPage":{"@id":"https:\/\/politicosaldesnudo.com.mx\/index.php\/2026\/02\/21\/comision-nacional-antimonopolio-niega-propuesta-de-adquisicion-de-prosa-por-parte-de-visa\/"},"wordCount":520,"publisher":{"@id":"https:\/\/politicosaldesnudo.com.mx\/#organization"},"image":{"@id":"https:\/\/politicosaldesnudo.com.mx\/index.php\/2026\/02\/21\/comision-nacional-antimonopolio-niega-propuesta-de-adquisicion-de-prosa-por-parte-de-visa\/#primaryimage"},"thumbnailUrl":"https:\/\/i0.wp.com\/politicosaldesnudo.com.mx\/wp-content\/uploads\/2026\/02\/VI-1.jpg?fit=1200%2C444&ssl=1","articleSection":["ECONOM\u00cdA"],"inLanguage":"es"},{"@type":"WebPage","@id":"https:\/\/politicosaldesnudo.com.mx\/index.php\/2026\/02\/21\/comision-nacional-antimonopolio-niega-propuesta-de-adquisicion-de-prosa-por-parte-de-visa\/","url":"https:\/\/politicosaldesnudo.com.mx\/index.php\/2026\/02\/21\/comision-nacional-antimonopolio-niega-propuesta-de-adquisicion-de-prosa-por-parte-de-visa\/","name":"Comisi\u00f3n Nacional Antimonopolio niega propuesta de adquisici\u00f3n de PROSA por parte de Visa - Pol\u00edticos al Desnudo","isPartOf":{"@id":"https:\/\/politicosaldesnudo.com.mx\/#website"},"primaryImageOfPage":{"@id":"https:\/\/politicosaldesnudo.com.mx\/index.php\/2026\/02\/21\/comision-nacional-antimonopolio-niega-propuesta-de-adquisicion-de-prosa-por-parte-de-visa\/#primaryimage"},"image":{"@id":"https:\/\/politicosaldesnudo.com.mx\/index.php\/2026\/02\/21\/comision-nacional-antimonopolio-niega-propuesta-de-adquisicion-de-prosa-por-parte-de-visa\/#primaryimage"},"thumbnailUrl":"https:\/\/i0.wp.com\/politicosaldesnudo.com.mx\/wp-content\/uploads\/2026\/02\/VI-1.jpg?fit=1200%2C444&ssl=1","datePublished":"2026-02-21T06:12:41+00:00","breadcrumb":{"@id":"https:\/\/politicosaldesnudo.com.mx\/index.php\/2026\/02\/21\/comision-nacional-antimonopolio-niega-propuesta-de-adquisicion-de-prosa-por-parte-de-visa\/#breadcrumb"},"inLanguage":"es","potentialAction":[{"@type":"ReadAction","target":["https:\/\/politicosaldesnudo.com.mx\/index.php\/2026\/02\/21\/comision-nacional-antimonopolio-niega-propuesta-de-adquisicion-de-prosa-por-parte-de-visa\/"]}]},{"@type":"ImageObject","inLanguage":"es","@id":"https:\/\/politicosaldesnudo.com.mx\/index.php\/2026\/02\/21\/comision-nacional-antimonopolio-niega-propuesta-de-adquisicion-de-prosa-por-parte-de-visa\/#primaryimage","url":"https:\/\/i0.wp.com\/politicosaldesnudo.com.mx\/wp-content\/uploads\/2026\/02\/VI-1.jpg?fit=1200%2C444&ssl=1","contentUrl":"https:\/\/i0.wp.com\/politicosaldesnudo.com.mx\/wp-content\/uploads\/2026\/02\/VI-1.jpg?fit=1200%2C444&ssl=1","width":1200,"height":444},{"@type":"BreadcrumbList","@id":"https:\/\/politicosaldesnudo.com.mx\/index.php\/2026\/02\/21\/comision-nacional-antimonopolio-niega-propuesta-de-adquisicion-de-prosa-por-parte-de-visa\/#breadcrumb","itemListElement":[{"@type":"ListItem","position":1,"name":"Portada","item":"https:\/\/politicosaldesnudo.com.mx\/"},{"@type":"ListItem","position":2,"name":"Comisi\u00f3n Nacional Antimonopolio niega propuesta de adquisici\u00f3n de PROSA por parte de Visa"}]},{"@type":"WebSite","@id":"https:\/\/politicosaldesnudo.com.mx\/#website","url":"https:\/\/politicosaldesnudo.com.mx\/","name":"Pol\u00edticos al Desnudo","description":"","publisher":{"@id":"https:\/\/politicosaldesnudo.com.mx\/#organization"},"potentialAction":[{"@type":"SearchAction","target":{"@type":"EntryPoint","urlTemplate":"https:\/\/politicosaldesnudo.com.mx\/?s={search_term_string}"},"query-input":{"@type":"PropertyValueSpecification","valueRequired":true,"valueName":"search_term_string"}}],"inLanguage":"es"},{"@type":"Organization","@id":"https:\/\/politicosaldesnudo.com.mx\/#organization","name":"Pol\u00edticos al Desnudo","url":"https:\/\/politicosaldesnudo.com.mx\/","logo":{"@type":"ImageObject","inLanguage":"es","@id":"https:\/\/politicosaldesnudo.com.mx\/#\/schema\/logo\/image\/","url":"https:\/\/i0.wp.com\/politicosaldesnudo.com.mx\/wp-content\/uploads\/2026\/08\/cropped-logo.webp?fit=400%2C126&ssl=1","contentUrl":"https:\/\/i0.wp.com\/politicosaldesnudo.com.mx\/wp-content\/uploads\/2026\/08\/cropped-logo.webp?fit=400%2C126&ssl=1","width":400,"height":126,"caption":"Pol\u00edticos al Desnudo"},"image":{"@id":"https:\/\/politicosaldesnudo.com.mx\/#\/schema\/logo\/image\/"},"sameAs":["https:\/\/www.facebook.com\/PoliticosAD"]},{"@type":"Person","@id":"https:\/\/politicosaldesnudo.com.mx\/#\/schema\/person\/ef3a64e561cc3f3f5dc52fab81adde7e","name":"Redacci\u00f3n Pol\u00edticos","url":"https:\/\/politicosaldesnudo.com.mx\/index.php\/author\/redaccion-politicos\/"}]}},"jetpack_publicize_connections":[],"jetpack-related-posts":[{"id":88186,"url":"https:\/\/politicosaldesnudo.com.mx\/index.php\/2026\/08\/30\/gobierno-busca-poner-lupa-a-capital-extranjero-en-sectores-estrategicos-de-mexico\/","url_meta":{"origin":80400,"position":0},"title":"Gobierno busca poner lupa a capital extranjero en sectores estrat\u00e9gicos de M\u00e9xico","author":"Redacci\u00f3n Pol\u00edticos","date":"30 de agosto de 2026","format":false,"excerpt":"El Gobierno federal pretende reforzar la vigilancia sobre las operaciones mediante las cuales inversionistas extranjeros adquieren el control de compa\u00f1\u00edas mexicanas vinculadas con infraestructura, tecnolog\u00eda o informaci\u00f3n considerada sensible. La presidenta Claudia Sheinbaum envi\u00f3 al Senado una iniciativa para modificar la Ley de Inversi\u00f3n Extranjera y establecer un procedimiento especial\u2026","rel":"","context":"En \u00abNACIONAL\u00bb","block_context":{"text":"NACIONAL","link":"https:\/\/politicosaldesnudo.com.mx\/index.php\/category\/nacional\/"},"img":{"alt_text":"","src":"https:\/\/i0.wp.com\/politicosaldesnudo.com.mx\/wp-content\/uploads\/2026\/08\/maxresdefault.jpg?fit=1200%2C675&ssl=1&resize=350%2C200","width":350,"height":200,"srcset":"https:\/\/i0.wp.com\/politicosaldesnudo.com.mx\/wp-content\/uploads\/2026\/08\/maxresdefault.jpg?fit=1200%2C675&ssl=1&resize=350%2C200 1x, https:\/\/i0.wp.com\/politicosaldesnudo.com.mx\/wp-content\/uploads\/2026\/08\/maxresdefault.jpg?fit=1200%2C675&ssl=1&resize=525%2C300 1.5x, https:\/\/i0.wp.com\/politicosaldesnudo.com.mx\/wp-content\/uploads\/2026\/08\/maxresdefault.jpg?fit=1200%2C675&ssl=1&resize=700%2C400 2x, https:\/\/i0.wp.com\/politicosaldesnudo.com.mx\/wp-content\/uploads\/2026\/08\/maxresdefault.jpg?fit=1200%2C675&ssl=1&resize=1050%2C600 3x"},"classes":[]},{"id":87759,"url":"https:\/\/politicosaldesnudo.com.mx\/index.php\/2026\/08\/15\/le-quitaron-la-visa-a-andy-y-se-sintio-secretario-de-estado-de-trump\/","url_meta":{"origin":80400,"position":1},"title":"Le quitaron la visa a Andy\u2026 y se sinti\u00f3 secretario de Estado de Trump","author":"Redacci\u00f3n Pol\u00edticos","date":"15 de agosto de 2026","format":false,"excerpt":"COLUMNA: LA LIBRETA DE LA EDITORA Hay gente que cuando le cancelan una visa pregunta: \u201c\u00bfY ahora por qu\u00e9?\u201d. Y hay otro tipo de gente que, cuando le cancelan la visa, le escribe al presidente del pa\u00eds para decirle c\u00f3mo debe manejar su gobierno. Andy L\u00f3pez Beltr\u00e1n, evidentemente, pertenece al\u2026","rel":"","context":"En \u00abOPINI\u00d3N\u00bb","block_context":{"text":"OPINI\u00d3N","link":"https:\/\/politicosaldesnudo.com.mx\/index.php\/category\/columnistas\/"},"img":{"alt_text":"","src":"https:\/\/i0.wp.com\/politicosaldesnudo.com.mx\/wp-content\/uploads\/2026\/08\/COLUMNISTAS-PAD.png?fit=1200%2C659&ssl=1&resize=350%2C200","width":350,"height":200,"srcset":"https:\/\/i0.wp.com\/politicosaldesnudo.com.mx\/wp-content\/uploads\/2026\/08\/COLUMNISTAS-PAD.png?fit=1200%2C659&ssl=1&resize=350%2C200 1x, https:\/\/i0.wp.com\/politicosaldesnudo.com.mx\/wp-content\/uploads\/2026\/08\/COLUMNISTAS-PAD.png?fit=1200%2C659&ssl=1&resize=525%2C300 1.5x, https:\/\/i0.wp.com\/politicosaldesnudo.com.mx\/wp-content\/uploads\/2026\/08\/COLUMNISTAS-PAD.png?fit=1200%2C659&ssl=1&resize=700%2C400 2x, https:\/\/i0.wp.com\/politicosaldesnudo.com.mx\/wp-content\/uploads\/2026\/08\/COLUMNISTAS-PAD.png?fit=1200%2C659&ssl=1&resize=1050%2C600 3x"},"classes":[]},{"id":49429,"url":"https:\/\/politicosaldesnudo.com.mx\/index.php\/2024\/10\/30\/petroleo-de-veracruz-a-cuba\/","url_meta":{"origin":80400,"position":2},"title":"Petr\u00f3leo de Veracruz a Cuba","author":"Redacci\u00f3n Pol\u00edticos","date":"30 de octubre de 2024","format":false,"excerpt":"\u00b7\u00a0\u00a0\u00a0\u00a0\u00a0 \u00a0400 mil barriles de crudo a Cuba para mitigar crisis energ\u00e9tica \u00b7\u00a0\u00a0\u00a0\u00a0\u00a0 \u00a0El env\u00edo es una \u201cdonaci\u00f3n\u201d del Estado mexicano \u00b7\u00a0\u00a0\u00a0\u00a0\u00a0 \u00a0El tanquero petrolero cubano Vilma parti\u00f3 del puerto de Pajaritos Por Miguel \u00c1ngel Cristiani G. El tanquero Vilma zarp\u00f3 del puerto de Pajaritos, Veracruz, con 400 mil barriles\u2026","rel":"","context":"En \u00abOPINI\u00d3N\u00bb","block_context":{"text":"OPINI\u00d3N","link":"https:\/\/politicosaldesnudo.com.mx\/index.php\/category\/columnistas\/"},"img":{"alt_text":"","src":"https:\/\/i0.wp.com\/politicosaldesnudo.com.mx\/wp-content\/uploads\/2024\/09\/CRISTIANI-2.jpg?fit=800%2C445&ssl=1&resize=350%2C200","width":350,"height":200,"srcset":"https:\/\/i0.wp.com\/politicosaldesnudo.com.mx\/wp-content\/uploads\/2024\/09\/CRISTIANI-2.jpg?fit=800%2C445&ssl=1&resize=350%2C200 1x, https:\/\/i0.wp.com\/politicosaldesnudo.com.mx\/wp-content\/uploads\/2024\/09\/CRISTIANI-2.jpg?fit=800%2C445&ssl=1&resize=525%2C300 1.5x, https:\/\/i0.wp.com\/politicosaldesnudo.com.mx\/wp-content\/uploads\/2024\/09\/CRISTIANI-2.jpg?fit=800%2C445&ssl=1&resize=700%2C400 2x"},"classes":[]},{"id":88273,"url":"https:\/\/politicosaldesnudo.com.mx\/index.php\/2026\/09\/02\/es-decision-de-estados-unidos-sin-problema-nahle-responde-ante-alguna-posibilidad-del-retiro-de-su-visa\/","url_meta":{"origin":80400,"position":3},"title":"\u201cEs decisi\u00f3n de Estados Unidos, sin problema\u201d: Nahle responde ante alguna posibilidad del retiro de su visa","author":"Redacci\u00f3n Pol\u00edticos","date":"2 de septiembre de 2026","format":false,"excerpt":"La gobernadora Roc\u00edo Nahle asegur\u00f3 que una eventual cancelaci\u00f3n de su visa estadounidense no afectar\u00eda sus actividades ni representa una preocupaci\u00f3n personal, pues considera que Veracruz ofrece suficientes opciones para vacacionar sin salir del pa\u00eds. Durante una entrevista concedida a Los Reporteros MX, la mandataria confirm\u00f3 que actualmente cuenta con\u2026","rel":"","context":"En \u00abESTADOS\u00bb","block_context":{"text":"ESTADOS","link":"https:\/\/politicosaldesnudo.com.mx\/index.php\/category\/estados\/"},"img":{"alt_text":"","src":"https:\/\/i0.wp.com\/politicosaldesnudo.com.mx\/wp-content\/uploads\/2026\/09\/Baja-homicidio-doloso.jpeg?fit=1140%2C544&ssl=1&resize=350%2C200","width":350,"height":200,"srcset":"https:\/\/i0.wp.com\/politicosaldesnudo.com.mx\/wp-content\/uploads\/2026\/09\/Baja-homicidio-doloso.jpeg?fit=1140%2C544&ssl=1&resize=350%2C200 1x, https:\/\/i0.wp.com\/politicosaldesnudo.com.mx\/wp-content\/uploads\/2026\/09\/Baja-homicidio-doloso.jpeg?fit=1140%2C544&ssl=1&resize=525%2C300 1.5x, https:\/\/i0.wp.com\/politicosaldesnudo.com.mx\/wp-content\/uploads\/2026\/09\/Baja-homicidio-doloso.jpeg?fit=1140%2C544&ssl=1&resize=700%2C400 2x, https:\/\/i0.wp.com\/politicosaldesnudo.com.mx\/wp-content\/uploads\/2026\/09\/Baja-homicidio-doloso.jpeg?fit=1140%2C544&ssl=1&resize=1050%2C600 3x"},"classes":[]},{"id":87795,"url":"https:\/\/politicosaldesnudo.com.mx\/index.php\/2026\/08\/17\/el-efecto-andy-hoy-por-ti-manana-por-mi-porque-si-caigo-yo-nos-caemos-todos-el-blindaje-politico-de-morena\/","url_meta":{"origin":80400,"position":4},"title":"EL EFECTO ANDY\u2026 HOY POR TI, MA\u00d1ANA POR M\u00cd, PORQUE SI \u201cCAIGO YO\u201d, NOS CAEMOS TODOS\u2026 El blindaje pol\u00edtico de MORENA","author":"Redacci\u00f3n Pol\u00edticos","date":"17 de agosto de 2026","format":false,"excerpt":"Una Opini\u00f3n Alternativa. Por. Carlos O. Silva Bandala. Sin embargo, la ruta de Andy L\u00f3pez Beltr\u00e1n est\u00e1 trazada: ser\u00e1 candidato a Diputado Federal y de manera subsecuente obtendr\u00e1 el Fuero Constitucional en el Congreso\u2026 En Psicolog\u00eda Pol\u00edtica la aspiraci\u00f3n de Andy se interpreta como la herencia simb\u00f3lica de un CAPITAL\u2026","rel":"","context":"En \u00abOPINI\u00d3N\u00bb","block_context":{"text":"OPINI\u00d3N","link":"https:\/\/politicosaldesnudo.com.mx\/index.php\/category\/columnistas\/"},"img":{"alt_text":"","src":"https:\/\/i0.wp.com\/politicosaldesnudo.com.mx\/wp-content\/uploads\/2026\/08\/carlos-silva-170826-scaled.png?fit=1200%2C659&ssl=1&resize=350%2C200","width":350,"height":200,"srcset":"https:\/\/i0.wp.com\/politicosaldesnudo.com.mx\/wp-content\/uploads\/2026\/08\/carlos-silva-170826-scaled.png?fit=1200%2C659&ssl=1&resize=350%2C200 1x, https:\/\/i0.wp.com\/politicosaldesnudo.com.mx\/wp-content\/uploads\/2026\/08\/carlos-silva-170826-scaled.png?fit=1200%2C659&ssl=1&resize=525%2C300 1.5x, https:\/\/i0.wp.com\/politicosaldesnudo.com.mx\/wp-content\/uploads\/2026\/08\/carlos-silva-170826-scaled.png?fit=1200%2C659&ssl=1&resize=700%2C400 2x, https:\/\/i0.wp.com\/politicosaldesnudo.com.mx\/wp-content\/uploads\/2026\/08\/carlos-silva-170826-scaled.png?fit=1200%2C659&ssl=1&resize=1050%2C600 3x"},"classes":[]},{"id":88257,"url":"https:\/\/politicosaldesnudo.com.mx\/index.php\/2026\/09\/01\/paquete-economico-2027-mantendra-programas-sociales-y-buscara-bajar-el-deficit-sheinbaum\/","url_meta":{"origin":80400,"position":5},"title":"Paquete Econ\u00f3mico 2027 mantendr\u00e1 programas sociales y buscar\u00e1 bajar el d\u00e9ficit: Sheinbaum","author":"Redacci\u00f3n Pol\u00edticos","date":"1 de septiembre de 2026","format":false,"excerpt":"La presidenta Claudia Sheinbaum adelant\u00f3 que el Paquete Econ\u00f3mico 2027 ser\u00e1 elaborado bajo criterios de responsabilidad financiera y tendr\u00e1 como objetivo continuar con la reducci\u00f3n gradual del d\u00e9ficit p\u00fablico. Durante su Segundo Informe de Gobierno, la mandataria asegur\u00f3 que el ajuste de las finanzas nacionales no implicar\u00e1 disminuir la inversi\u00f3n\u2026","rel":"","context":"En \u00abNACIONAL\u00bb","block_context":{"text":"NACIONAL","link":"https:\/\/politicosaldesnudo.com.mx\/index.php\/category\/nacional\/"},"img":{"alt_text":"","src":"https:\/\/i0.wp.com\/politicosaldesnudo.com.mx\/wp-content\/uploads\/2026\/09\/791849425_1609853084104467_2874062276430194544_n.jpg?fit=1200%2C799&ssl=1&resize=350%2C200","width":350,"height":200,"srcset":"https:\/\/i0.wp.com\/politicosaldesnudo.com.mx\/wp-content\/uploads\/2026\/09\/791849425_1609853084104467_2874062276430194544_n.jpg?fit=1200%2C799&ssl=1&resize=350%2C200 1x, https:\/\/i0.wp.com\/politicosaldesnudo.com.mx\/wp-content\/uploads\/2026\/09\/791849425_1609853084104467_2874062276430194544_n.jpg?fit=1200%2C799&ssl=1&resize=525%2C300 1.5x, https:\/\/i0.wp.com\/politicosaldesnudo.com.mx\/wp-content\/uploads\/2026\/09\/791849425_1609853084104467_2874062276430194544_n.jpg?fit=1200%2C799&ssl=1&resize=700%2C400 2x, https:\/\/i0.wp.com\/politicosaldesnudo.com.mx\/wp-content\/uploads\/2026\/09\/791849425_1609853084104467_2874062276430194544_n.jpg?fit=1200%2C799&ssl=1&resize=1050%2C600 3x"},"classes":[]}],"jetpack_sharing_enabled":true,"jetpack_featured_media_url":"https:\/\/i0.wp.com\/politicosaldesnudo.com.mx\/wp-content\/uploads\/2026\/02\/VI-1.jpg?fit=1200%2C444&ssl=1","_links":{"self":[{"href":"https:\/\/politicosaldesnudo.com.mx\/index.php\/wp-json\/wp\/v2\/posts\/80400","targetHints":{"allow":["GET"]}}],"collection":[{"href":"https:\/\/politicosaldesnudo.com.mx\/index.php\/wp-json\/wp\/v2\/posts"}],"about":[{"href":"https:\/\/politicosaldesnudo.com.mx\/index.php\/wp-json\/wp\/v2\/types\/post"}],"author":[{"embeddable":true,"href":"https:\/\/politicosaldesnudo.com.mx\/index.php\/wp-json\/wp\/v2\/users\/4"}],"replies":[{"embeddable":true,"href":"https:\/\/politicosaldesnudo.com.mx\/index.php\/wp-json\/wp\/v2\/comments?post=80400"}],"version-history":[{"count":0,"href":"https:\/\/politicosaldesnudo.com.mx\/index.php\/wp-json\/wp\/v2\/posts\/80400\/revisions"}],"wp:featuredmedia":[{"embeddable":true,"href":"https:\/\/politicosaldesnudo.com.mx\/index.php\/wp-json\/wp\/v2\/media\/80401"}],"wp:attachment":[{"href":"https:\/\/politicosaldesnudo.com.mx\/index.php\/wp-json\/wp\/v2\/media?parent=80400"}],"wp:term":[{"taxonomy":"category","embeddable":true,"href":"https:\/\/politicosaldesnudo.com.mx\/index.php\/wp-json\/wp\/v2\/categories?post=80400"},{"taxonomy":"post_tag","embeddable":true,"href":"https:\/\/politicosaldesnudo.com.mx\/index.php\/wp-json\/wp\/v2\/tags?post=80400"}],"curies":[{"name":"wp","href":"https:\/\/api.w.org\/{rel}","templated":true}]}}