{"id":80403,"date":"2026-02-21T00:13:32","date_gmt":"2026-02-21T06:13:32","guid":{"rendered":"https:\/\/politicosaldesnudo.com.mx\/?p=80403"},"modified":"2026-02-20T22:55:37","modified_gmt":"2026-02-21T04:55:37","slug":"agreden-a-policias-estatales-tras-asegurar-centro-de-huachicol-en-guanajuato","status":"publish","type":"post","link":"https:\/\/politicosaldesnudo.com.mx\/index.php\/2026\/02\/21\/agreden-a-policias-estatales-tras-asegurar-centro-de-huachicol-en-guanajuato\/","title":{"rendered":"Agreden a polic\u00edas estatales tras asegurar centro de huachicol en Guanajuato"},"content":{"rendered":"<p class=\"nota-justify\">Elementos de las Fuerzas de Seguridad P\u00fablica del Estado (FSPE) fueron atacados a balazos cuando aseguraron un centro de almacenamiento de<i>\u00a0huachico<\/i>l; un oficial result\u00f3 herido.<\/p>\n<p class=\"nota-justify\">La Secretar\u00eda de Seguridad y Paz confirm\u00f3 la agresi\u00f3n armada contra sus elementos cuando aseguraron \u201cun centro de almacenamiento ilegal de hidrocarburo sobre la carretera San Antonio de los Morales &#8211; San Jos\u00e9 de Guanajuato, municipio de Juventino Rosas\u201d.<\/p>\n<p class=\"nota-justify\">El oficial lesionado est\u00e1 hospitalizado y los m\u00e9dicos lo reportan estable, precis\u00f3.\u00a0Las FSPE encontraron una cisterna con capacidad aproximada de 180 mil litros, la cual ten\u00eda 35 mil litros de combustible robado.<\/p>\n<p class=\"nota-justify\">\u201cLas FSPE mantienen un despliegue en la zona con apoyo del Ej\u00e9rcito Mexicano y Guardia Nacional para detener a los responsables\u201d, se\u00f1al\u00f3.<\/p>\n","protected":false},"excerpt":{"rendered":"<p>Elementos de las Fuerzas de Seguridad P\u00fablica del Estado (FSPE) fueron atacados a balazos cuando aseguraron un centro de almacenamiento [&hellip;]<\/p>\n","protected":false},"author":4,"featured_media":80404,"comment_status":"closed","ping_status":"closed","sticky":false,"template":"","format":"standard","meta":{"site-sidebar-layout":"default","site-content-layout":"","ast-site-content-layout":"default","site-content-style":"default","site-sidebar-style":"default","ast-global-header-display":"","ast-banner-title-visibility":"","ast-main-header-display":"","ast-hfb-above-header-display":"","ast-hfb-below-header-display":"","ast-hfb-mobile-header-display":"","site-post-title":"","ast-breadcrumbs-content":"","ast-featured-img":"","footer-sml-layout":"","ast-disable-related-posts":"","theme-transparent-header-meta":"","adv-header-id-meta":"","stick-header-meta":"","header-above-stick-meta":"","header-main-stick-meta":"","header-below-stick-meta":"","astra-migrate-meta-layouts":"default","ast-page-background-enabled":"default","ast-page-background-meta":{"desktop":{"background-color":"var(--ast-global-color-5)","background-image":"","background-repeat":"repeat","background-position":"center center","background-size":"auto","background-attachment":"scroll","background-type":"","background-media":"","overlay-type":"","overlay-color":"","overlay-opacity":"","overlay-gradient":""},"tablet":{"background-color":"","background-image":"","background-repeat":"repeat","background-position":"center center","background-size":"auto","background-attachment":"scroll","background-type":"","background-media":"","overlay-type":"","overlay-color":"","overlay-opacity":"","overlay-gradient":""},"mobile":{"background-color":"","background-image":"","background-repeat":"repeat","background-position":"center center","background-size":"auto","background-attachment":"scroll","background-type":"","background-media":"","overlay-type":"","overlay-color":"","overlay-opacity":"","overlay-gradient":""}},"ast-content-background-meta":{"desktop":{"background-color":"var(--ast-global-color-4)","background-image":"","background-repeat":"repeat","background-position":"center center","background-size":"auto","background-attachment":"scroll","background-type":"","background-media":"","overlay-type":"","overlay-color":"","overlay-opacity":"","overlay-gradient":""},"tablet":{"background-color":"var(--ast-global-color-4)","background-image":"","background-repeat":"repeat","background-position":"center center","background-size":"auto","background-attachment":"scroll","background-type":"","background-media":"","overlay-type":"","overlay-color":"","overlay-opacity":"","overlay-gradient":""},"mobile":{"background-color":"var(--ast-global-color-4)","background-image":"","background-repeat":"repeat","background-position":"center center","background-size":"auto","background-attachment":"scroll","background-type":"","background-media":"","overlay-type":"","overlay-color":"","overlay-opacity":"","overlay-gradient":""}},"_jetpack_newsletter_access":"","_jetpack_dont_email_post_to_subs":false,"_jetpack_newsletter_tier_id":0,"_jetpack_memberships_contains_paywalled_content":false,"_jetpack_feature_clip_id":0,"_jetpack_memberships_contains_paid_content":false,"footnotes":"","jetpack_publicize_message":"","jetpack_publicize_feature_enabled":true,"jetpack_social_post_already_shared":true,"jetpack_social_options":{"image_generator_settings":{"template":"highway","default_image_id":0,"font":"","enabled":false},"version":2},"jetpack_post_was_ever_published":false},"categories":[30],"tags":[],"class_list":["post-80403","post","type-post","status-publish","format-standard","has-post-thumbnail","hentry","category-estados"],"yoast_head":"<!-- This site is optimized with the Yoast SEO plugin v28.3 - https:\/\/yoast.com\/product\/yoast-seo-wordpress\/ -->\n<title>Agreden a polic\u00edas estatales tras asegurar centro de huachicol en Guanajuato - Pol\u00edticos al Desnudo<\/title>\n<meta name=\"robots\" content=\"index, follow, max-snippet:-1, max-image-preview:large, max-video-preview:-1\" \/>\n<link rel=\"canonical\" href=\"https:\/\/politicosaldesnudo.com.mx\/index.php\/2026\/02\/21\/agreden-a-policias-estatales-tras-asegurar-centro-de-huachicol-en-guanajuato\/\" \/>\n<meta property=\"og:locale\" content=\"es_ES\" \/>\n<meta property=\"og:type\" content=\"article\" \/>\n<meta property=\"og:title\" content=\"Agreden a polic\u00edas estatales tras asegurar centro de huachicol en Guanajuato - Pol\u00edticos al Desnudo\" \/>\n<meta property=\"og:description\" content=\"Elementos de las Fuerzas de Seguridad P\u00fablica del Estado (FSPE) fueron atacados a balazos cuando aseguraron un centro de almacenamiento [&hellip;]\" \/>\n<meta property=\"og:url\" content=\"https:\/\/politicosaldesnudo.com.mx\/index.php\/2026\/02\/21\/agreden-a-policias-estatales-tras-asegurar-centro-de-huachicol-en-guanajuato\/\" \/>\n<meta property=\"og:site_name\" content=\"Pol\u00edticos al Desnudo\" \/>\n<meta property=\"article:publisher\" content=\"https:\/\/www.facebook.com\/PoliticosAD\" \/>\n<meta property=\"article:published_time\" content=\"2026-02-21T06:13:32+00:00\" \/>\n<meta property=\"og:image\" content=\"https:\/\/i0.wp.com\/politicosaldesnudo.com.mx\/wp-content\/uploads\/2026\/02\/WACHI.jpg?fit=1200%2C900&ssl=1\" \/>\n\t<meta property=\"og:image:width\" content=\"1200\" \/>\n\t<meta property=\"og:image:height\" content=\"900\" \/>\n\t<meta property=\"og:image:type\" content=\"image\/jpeg\" \/>\n<meta name=\"author\" content=\"Redacci\u00f3n Pol\u00edticos\" \/>\n<meta name=\"twitter:card\" content=\"summary_large_image\" \/>\n<meta name=\"twitter:label1\" content=\"Escrito por\" \/>\n\t<meta name=\"twitter:data1\" content=\"Redacci\u00f3n Pol\u00edticos\" \/>\n\t<meta name=\"twitter:label2\" content=\"Tiempo de lectura\" \/>\n\t<meta name=\"twitter:data2\" content=\"1 minuto\" \/>\n<script type=\"application\/ld+json\" class=\"yoast-schema-graph\">{\"@context\":\"https:\\\/\\\/schema.org\",\"@graph\":[{\"@type\":\"Article\",\"@id\":\"https:\\\/\\\/politicosaldesnudo.com.mx\\\/index.php\\\/2026\\\/02\\\/21\\\/agreden-a-policias-estatales-tras-asegurar-centro-de-huachicol-en-guanajuato\\\/#article\",\"isPartOf\":{\"@id\":\"https:\\\/\\\/politicosaldesnudo.com.mx\\\/index.php\\\/2026\\\/02\\\/21\\\/agreden-a-policias-estatales-tras-asegurar-centro-de-huachicol-en-guanajuato\\\/\"},\"author\":{\"name\":\"Redacci\u00f3n Pol\u00edticos\",\"@id\":\"https:\\\/\\\/politicosaldesnudo.com.mx\\\/#\\\/schema\\\/person\\\/ef3a64e561cc3f3f5dc52fab81adde7e\"},\"headline\":\"Agreden a polic\u00edas estatales tras asegurar centro de huachicol en Guanajuato\",\"datePublished\":\"2026-02-21T06:13:32+00:00\",\"mainEntityOfPage\":{\"@id\":\"https:\\\/\\\/politicosaldesnudo.com.mx\\\/index.php\\\/2026\\\/02\\\/21\\\/agreden-a-policias-estatales-tras-asegurar-centro-de-huachicol-en-guanajuato\\\/\"},\"wordCount\":137,\"publisher\":{\"@id\":\"https:\\\/\\\/politicosaldesnudo.com.mx\\\/#organization\"},\"image\":{\"@id\":\"https:\\\/\\\/politicosaldesnudo.com.mx\\\/index.php\\\/2026\\\/02\\\/21\\\/agreden-a-policias-estatales-tras-asegurar-centro-de-huachicol-en-guanajuato\\\/#primaryimage\"},\"thumbnailUrl\":\"https:\\\/\\\/i0.wp.com\\\/politicosaldesnudo.com.mx\\\/wp-content\\\/uploads\\\/2026\\\/02\\\/WACHI.jpg?fit=1200%2C900&ssl=1\",\"articleSection\":[\"ESTADOS\"],\"inLanguage\":\"es\"},{\"@type\":\"WebPage\",\"@id\":\"https:\\\/\\\/politicosaldesnudo.com.mx\\\/index.php\\\/2026\\\/02\\\/21\\\/agreden-a-policias-estatales-tras-asegurar-centro-de-huachicol-en-guanajuato\\\/\",\"url\":\"https:\\\/\\\/politicosaldesnudo.com.mx\\\/index.php\\\/2026\\\/02\\\/21\\\/agreden-a-policias-estatales-tras-asegurar-centro-de-huachicol-en-guanajuato\\\/\",\"name\":\"Agreden a polic\u00edas estatales tras asegurar centro de huachicol en Guanajuato - Pol\u00edticos al Desnudo\",\"isPartOf\":{\"@id\":\"https:\\\/\\\/politicosaldesnudo.com.mx\\\/#website\"},\"primaryImageOfPage\":{\"@id\":\"https:\\\/\\\/politicosaldesnudo.com.mx\\\/index.php\\\/2026\\\/02\\\/21\\\/agreden-a-policias-estatales-tras-asegurar-centro-de-huachicol-en-guanajuato\\\/#primaryimage\"},\"image\":{\"@id\":\"https:\\\/\\\/politicosaldesnudo.com.mx\\\/index.php\\\/2026\\\/02\\\/21\\\/agreden-a-policias-estatales-tras-asegurar-centro-de-huachicol-en-guanajuato\\\/#primaryimage\"},\"thumbnailUrl\":\"https:\\\/\\\/i0.wp.com\\\/politicosaldesnudo.com.mx\\\/wp-content\\\/uploads\\\/2026\\\/02\\\/WACHI.jpg?fit=1200%2C900&ssl=1\",\"datePublished\":\"2026-02-21T06:13:32+00:00\",\"breadcrumb\":{\"@id\":\"https:\\\/\\\/politicosaldesnudo.com.mx\\\/index.php\\\/2026\\\/02\\\/21\\\/agreden-a-policias-estatales-tras-asegurar-centro-de-huachicol-en-guanajuato\\\/#breadcrumb\"},\"inLanguage\":\"es\",\"potentialAction\":[{\"@type\":\"ReadAction\",\"target\":[\"https:\\\/\\\/politicosaldesnudo.com.mx\\\/index.php\\\/2026\\\/02\\\/21\\\/agreden-a-policias-estatales-tras-asegurar-centro-de-huachicol-en-guanajuato\\\/\"]}]},{\"@type\":\"ImageObject\",\"inLanguage\":\"es\",\"@id\":\"https:\\\/\\\/politicosaldesnudo.com.mx\\\/index.php\\\/2026\\\/02\\\/21\\\/agreden-a-policias-estatales-tras-asegurar-centro-de-huachicol-en-guanajuato\\\/#primaryimage\",\"url\":\"https:\\\/\\\/i0.wp.com\\\/politicosaldesnudo.com.mx\\\/wp-content\\\/uploads\\\/2026\\\/02\\\/WACHI.jpg?fit=1200%2C900&ssl=1\",\"contentUrl\":\"https:\\\/\\\/i0.wp.com\\\/politicosaldesnudo.com.mx\\\/wp-content\\\/uploads\\\/2026\\\/02\\\/WACHI.jpg?fit=1200%2C900&ssl=1\",\"width\":1200,\"height\":900},{\"@type\":\"BreadcrumbList\",\"@id\":\"https:\\\/\\\/politicosaldesnudo.com.mx\\\/index.php\\\/2026\\\/02\\\/21\\\/agreden-a-policias-estatales-tras-asegurar-centro-de-huachicol-en-guanajuato\\\/#breadcrumb\",\"itemListElement\":[{\"@type\":\"ListItem\",\"position\":1,\"name\":\"Portada\",\"item\":\"https:\\\/\\\/politicosaldesnudo.com.mx\\\/\"},{\"@type\":\"ListItem\",\"position\":2,\"name\":\"Agreden a polic\u00edas estatales tras asegurar centro de huachicol en Guanajuato\"}]},{\"@type\":\"WebSite\",\"@id\":\"https:\\\/\\\/politicosaldesnudo.com.mx\\\/#website\",\"url\":\"https:\\\/\\\/politicosaldesnudo.com.mx\\\/\",\"name\":\"Pol\u00edticos al Desnudo\",\"description\":\"\",\"publisher\":{\"@id\":\"https:\\\/\\\/politicosaldesnudo.com.mx\\\/#organization\"},\"potentialAction\":[{\"@type\":\"SearchAction\",\"target\":{\"@type\":\"EntryPoint\",\"urlTemplate\":\"https:\\\/\\\/politicosaldesnudo.com.mx\\\/?s={search_term_string}\"},\"query-input\":{\"@type\":\"PropertyValueSpecification\",\"valueRequired\":true,\"valueName\":\"search_term_string\"}}],\"inLanguage\":\"es\"},{\"@type\":\"Organization\",\"@id\":\"https:\\\/\\\/politicosaldesnudo.com.mx\\\/#organization\",\"name\":\"Pol\u00edticos al Desnudo\",\"url\":\"https:\\\/\\\/politicosaldesnudo.com.mx\\\/\",\"logo\":{\"@type\":\"ImageObject\",\"inLanguage\":\"es\",\"@id\":\"https:\\\/\\\/politicosaldesnudo.com.mx\\\/#\\\/schema\\\/logo\\\/image\\\/\",\"url\":\"https:\\\/\\\/i0.wp.com\\\/politicosaldesnudo.com.mx\\\/wp-content\\\/uploads\\\/2026\\\/08\\\/cropped-logo.webp?fit=400%2C126&ssl=1\",\"contentUrl\":\"https:\\\/\\\/i0.wp.com\\\/politicosaldesnudo.com.mx\\\/wp-content\\\/uploads\\\/2026\\\/08\\\/cropped-logo.webp?fit=400%2C126&ssl=1\",\"width\":400,\"height\":126,\"caption\":\"Pol\u00edticos al Desnudo\"},\"image\":{\"@id\":\"https:\\\/\\\/politicosaldesnudo.com.mx\\\/#\\\/schema\\\/logo\\\/image\\\/\"},\"sameAs\":[\"https:\\\/\\\/www.facebook.com\\\/PoliticosAD\"]},{\"@type\":\"Person\",\"@id\":\"https:\\\/\\\/politicosaldesnudo.com.mx\\\/#\\\/schema\\\/person\\\/ef3a64e561cc3f3f5dc52fab81adde7e\",\"name\":\"Redacci\u00f3n Pol\u00edticos\",\"url\":\"https:\\\/\\\/politicosaldesnudo.com.mx\\\/index.php\\\/author\\\/redaccion-politicos\\\/\"}]}<\/script>\n<!-- \/ Yoast SEO plugin. -->","yoast_head_json":{"title":"Agreden a polic\u00edas estatales tras asegurar centro de huachicol en Guanajuato - Pol\u00edticos al Desnudo","robots":{"index":"index","follow":"follow","max-snippet":"max-snippet:-1","max-image-preview":"max-image-preview:large","max-video-preview":"max-video-preview:-1"},"canonical":"https:\/\/politicosaldesnudo.com.mx\/index.php\/2026\/02\/21\/agreden-a-policias-estatales-tras-asegurar-centro-de-huachicol-en-guanajuato\/","og_locale":"es_ES","og_type":"article","og_title":"Agreden a polic\u00edas estatales tras asegurar centro de huachicol en Guanajuato - Pol\u00edticos al Desnudo","og_description":"Elementos de las Fuerzas de Seguridad P\u00fablica del Estado (FSPE) fueron atacados a balazos cuando aseguraron un centro de almacenamiento [&hellip;]","og_url":"https:\/\/politicosaldesnudo.com.mx\/index.php\/2026\/02\/21\/agreden-a-policias-estatales-tras-asegurar-centro-de-huachicol-en-guanajuato\/","og_site_name":"Pol\u00edticos al Desnudo","article_publisher":"https:\/\/www.facebook.com\/PoliticosAD","article_published_time":"2026-02-21T06:13:32+00:00","og_image":[{"width":1200,"height":900,"url":"https:\/\/i0.wp.com\/politicosaldesnudo.com.mx\/wp-content\/uploads\/2026\/02\/WACHI.jpg?fit=1200%2C900&ssl=1","type":"image\/jpeg"}],"author":"Redacci\u00f3n Pol\u00edticos","twitter_card":"summary_large_image","twitter_misc":{"Escrito por":"Redacci\u00f3n Pol\u00edticos","Tiempo de lectura":"1 minuto"},"schema":{"@context":"https:\/\/schema.org","@graph":[{"@type":"Article","@id":"https:\/\/politicosaldesnudo.com.mx\/index.php\/2026\/02\/21\/agreden-a-policias-estatales-tras-asegurar-centro-de-huachicol-en-guanajuato\/#article","isPartOf":{"@id":"https:\/\/politicosaldesnudo.com.mx\/index.php\/2026\/02\/21\/agreden-a-policias-estatales-tras-asegurar-centro-de-huachicol-en-guanajuato\/"},"author":{"name":"Redacci\u00f3n Pol\u00edticos","@id":"https:\/\/politicosaldesnudo.com.mx\/#\/schema\/person\/ef3a64e561cc3f3f5dc52fab81adde7e"},"headline":"Agreden a polic\u00edas estatales tras asegurar centro de huachicol en Guanajuato","datePublished":"2026-02-21T06:13:32+00:00","mainEntityOfPage":{"@id":"https:\/\/politicosaldesnudo.com.mx\/index.php\/2026\/02\/21\/agreden-a-policias-estatales-tras-asegurar-centro-de-huachicol-en-guanajuato\/"},"wordCount":137,"publisher":{"@id":"https:\/\/politicosaldesnudo.com.mx\/#organization"},"image":{"@id":"https:\/\/politicosaldesnudo.com.mx\/index.php\/2026\/02\/21\/agreden-a-policias-estatales-tras-asegurar-centro-de-huachicol-en-guanajuato\/#primaryimage"},"thumbnailUrl":"https:\/\/i0.wp.com\/politicosaldesnudo.com.mx\/wp-content\/uploads\/2026\/02\/WACHI.jpg?fit=1200%2C900&ssl=1","articleSection":["ESTADOS"],"inLanguage":"es"},{"@type":"WebPage","@id":"https:\/\/politicosaldesnudo.com.mx\/index.php\/2026\/02\/21\/agreden-a-policias-estatales-tras-asegurar-centro-de-huachicol-en-guanajuato\/","url":"https:\/\/politicosaldesnudo.com.mx\/index.php\/2026\/02\/21\/agreden-a-policias-estatales-tras-asegurar-centro-de-huachicol-en-guanajuato\/","name":"Agreden a polic\u00edas estatales tras asegurar centro de huachicol en Guanajuato - Pol\u00edticos al Desnudo","isPartOf":{"@id":"https:\/\/politicosaldesnudo.com.mx\/#website"},"primaryImageOfPage":{"@id":"https:\/\/politicosaldesnudo.com.mx\/index.php\/2026\/02\/21\/agreden-a-policias-estatales-tras-asegurar-centro-de-huachicol-en-guanajuato\/#primaryimage"},"image":{"@id":"https:\/\/politicosaldesnudo.com.mx\/index.php\/2026\/02\/21\/agreden-a-policias-estatales-tras-asegurar-centro-de-huachicol-en-guanajuato\/#primaryimage"},"thumbnailUrl":"https:\/\/i0.wp.com\/politicosaldesnudo.com.mx\/wp-content\/uploads\/2026\/02\/WACHI.jpg?fit=1200%2C900&ssl=1","datePublished":"2026-02-21T06:13:32+00:00","breadcrumb":{"@id":"https:\/\/politicosaldesnudo.com.mx\/index.php\/2026\/02\/21\/agreden-a-policias-estatales-tras-asegurar-centro-de-huachicol-en-guanajuato\/#breadcrumb"},"inLanguage":"es","potentialAction":[{"@type":"ReadAction","target":["https:\/\/politicosaldesnudo.com.mx\/index.php\/2026\/02\/21\/agreden-a-policias-estatales-tras-asegurar-centro-de-huachicol-en-guanajuato\/"]}]},{"@type":"ImageObject","inLanguage":"es","@id":"https:\/\/politicosaldesnudo.com.mx\/index.php\/2026\/02\/21\/agreden-a-policias-estatales-tras-asegurar-centro-de-huachicol-en-guanajuato\/#primaryimage","url":"https:\/\/i0.wp.com\/politicosaldesnudo.com.mx\/wp-content\/uploads\/2026\/02\/WACHI.jpg?fit=1200%2C900&ssl=1","contentUrl":"https:\/\/i0.wp.com\/politicosaldesnudo.com.mx\/wp-content\/uploads\/2026\/02\/WACHI.jpg?fit=1200%2C900&ssl=1","width":1200,"height":900},{"@type":"BreadcrumbList","@id":"https:\/\/politicosaldesnudo.com.mx\/index.php\/2026\/02\/21\/agreden-a-policias-estatales-tras-asegurar-centro-de-huachicol-en-guanajuato\/#breadcrumb","itemListElement":[{"@type":"ListItem","position":1,"name":"Portada","item":"https:\/\/politicosaldesnudo.com.mx\/"},{"@type":"ListItem","position":2,"name":"Agreden a polic\u00edas estatales tras asegurar centro de huachicol en Guanajuato"}]},{"@type":"WebSite","@id":"https:\/\/politicosaldesnudo.com.mx\/#website","url":"https:\/\/politicosaldesnudo.com.mx\/","name":"Pol\u00edticos al Desnudo","description":"","publisher":{"@id":"https:\/\/politicosaldesnudo.com.mx\/#organization"},"potentialAction":[{"@type":"SearchAction","target":{"@type":"EntryPoint","urlTemplate":"https:\/\/politicosaldesnudo.com.mx\/?s={search_term_string}"},"query-input":{"@type":"PropertyValueSpecification","valueRequired":true,"valueName":"search_term_string"}}],"inLanguage":"es"},{"@type":"Organization","@id":"https:\/\/politicosaldesnudo.com.mx\/#organization","name":"Pol\u00edticos al Desnudo","url":"https:\/\/politicosaldesnudo.com.mx\/","logo":{"@type":"ImageObject","inLanguage":"es","@id":"https:\/\/politicosaldesnudo.com.mx\/#\/schema\/logo\/image\/","url":"https:\/\/i0.wp.com\/politicosaldesnudo.com.mx\/wp-content\/uploads\/2026\/08\/cropped-logo.webp?fit=400%2C126&ssl=1","contentUrl":"https:\/\/i0.wp.com\/politicosaldesnudo.com.mx\/wp-content\/uploads\/2026\/08\/cropped-logo.webp?fit=400%2C126&ssl=1","width":400,"height":126,"caption":"Pol\u00edticos al Desnudo"},"image":{"@id":"https:\/\/politicosaldesnudo.com.mx\/#\/schema\/logo\/image\/"},"sameAs":["https:\/\/www.facebook.com\/PoliticosAD"]},{"@type":"Person","@id":"https:\/\/politicosaldesnudo.com.mx\/#\/schema\/person\/ef3a64e561cc3f3f5dc52fab81adde7e","name":"Redacci\u00f3n Pol\u00edticos","url":"https:\/\/politicosaldesnudo.com.mx\/index.php\/author\/redaccion-politicos\/"}]}},"jetpack_publicize_connections":[],"jetpack-related-posts":[{"id":88109,"url":"https:\/\/politicosaldesnudo.com.mx\/index.php\/2026\/08\/27\/cateos-contra-el-huachicol-destapan-rancho-con-135-animales-exoticos-en-tamaulipas\/","url_meta":{"origin":80403,"position":0},"title":"Cateos contra el huachicol destapan rancho con 135 animales ex\u00f3ticos en Tamaulipas","author":"Redacci\u00f3n Pol\u00edticos","date":"27 de agosto de 2026","format":false,"excerpt":"Tigres, jaguares, leones, hienas, monos y hasta un camello fueron encontrados durante un operativo federal en Tampico y Altamira; tambi\u00e9n se aseguraron 68 mil litros de di\u00e9sel. Tamaulipas.\u2014 Una investigaci\u00f3n contra el comercio ilegal de combustibles condujo a las autoridades federales hasta un rancho que albergaba 135 animales ex\u00f3ticos, varios\u2026","rel":"","context":"En \u00abESTADOS\u00bb","block_context":{"text":"ESTADOS","link":"https:\/\/politicosaldesnudo.com.mx\/index.php\/category\/estados\/"},"img":{"alt_text":"","src":"https:\/\/i0.wp.com\/politicosaldesnudo.com.mx\/wp-content\/uploads\/2026\/08\/ChatGPT-Image-27-ago-2026-18_22_18.png?fit=1200%2C675&ssl=1&resize=350%2C200","width":350,"height":200,"srcset":"https:\/\/i0.wp.com\/politicosaldesnudo.com.mx\/wp-content\/uploads\/2026\/08\/ChatGPT-Image-27-ago-2026-18_22_18.png?fit=1200%2C675&ssl=1&resize=350%2C200 1x, https:\/\/i0.wp.com\/politicosaldesnudo.com.mx\/wp-content\/uploads\/2026\/08\/ChatGPT-Image-27-ago-2026-18_22_18.png?fit=1200%2C675&ssl=1&resize=525%2C300 1.5x, https:\/\/i0.wp.com\/politicosaldesnudo.com.mx\/wp-content\/uploads\/2026\/08\/ChatGPT-Image-27-ago-2026-18_22_18.png?fit=1200%2C675&ssl=1&resize=700%2C400 2x, https:\/\/i0.wp.com\/politicosaldesnudo.com.mx\/wp-content\/uploads\/2026\/08\/ChatGPT-Image-27-ago-2026-18_22_18.png?fit=1200%2C675&ssl=1&resize=1050%2C600 3x"},"classes":[]},{"id":87051,"url":"https:\/\/politicosaldesnudo.com.mx\/index.php\/2026\/07\/20\/huachicol-fiscal-la-evolucion-del-crimen\/","url_meta":{"origin":80403,"position":1},"title":"Huachicol fiscal, la evoluci\u00f3n del crimen","author":"Redacci\u00f3n Pol\u00edticos","date":"20 de julio de 2026","format":false,"excerpt":"La detenci\u00f3n del exgobernador Ernesto Ruffo Appel por su presunta participaci\u00f3n en una red de huachicol fiscal ha colocado nuevamente la palabra \"huachicol\" en la conversaci\u00f3n p\u00fablica. Sin embargo, el verdadero valor de este caso no radica \u00fanicamente en la relevancia pol\u00edtica del personaje involucrado, sino en la oportunidad para\u2026","rel":"","context":"En \u00abOPINI\u00d3N\u00bb","block_context":{"text":"OPINI\u00d3N","link":"https:\/\/politicosaldesnudo.com.mx\/index.php\/category\/columnistas\/"},"img":{"alt_text":"","src":"https:\/\/i0.wp.com\/politicosaldesnudo.com.mx\/wp-content\/uploads\/2026\/01\/ZAIRA-ROSAS-1.jpg?fit=800%2C445&ssl=1&resize=350%2C200","width":350,"height":200,"srcset":"https:\/\/i0.wp.com\/politicosaldesnudo.com.mx\/wp-content\/uploads\/2026\/01\/ZAIRA-ROSAS-1.jpg?fit=800%2C445&ssl=1&resize=350%2C200 1x, https:\/\/i0.wp.com\/politicosaldesnudo.com.mx\/wp-content\/uploads\/2026\/01\/ZAIRA-ROSAS-1.jpg?fit=800%2C445&ssl=1&resize=525%2C300 1.5x, https:\/\/i0.wp.com\/politicosaldesnudo.com.mx\/wp-content\/uploads\/2026\/01\/ZAIRA-ROSAS-1.jpg?fit=800%2C445&ssl=1&resize=700%2C400 2x"},"classes":[]},{"id":88100,"url":"https:\/\/politicosaldesnudo.com.mx\/index.php\/2026\/08\/27\/excontralmirante-fernando-farias-enfrentara-proceso-por-presunta-red-de-huachicol-fiscal\/","url_meta":{"origin":80403,"position":2},"title":"Excontralmirante Fernando Far\u00edas enfrentar\u00e1 proceso por presunta red de huachicol fiscal","author":"Redacci\u00f3n Pol\u00edticos","date":"27 de agosto de 2026","format":false,"excerpt":"Una jueza federal determin\u00f3 que existen elementos suficientes para continuar la investigaci\u00f3n contra el exmando naval, se\u00f1alado como uno de los presuntos dirigentes de una estructura dedicada al contrabando de combustibles. Fernando Far\u00edas Laguna, excontralmirante de la Secretar\u00eda de Marina, fue vinculado a proceso por su probable responsabilidad en delincuencia\u2026","rel":"","context":"En \u00abNACIONAL\u00bb","block_context":{"text":"NACIONAL","link":"https:\/\/politicosaldesnudo.com.mx\/index.php\/category\/nacional\/"},"img":{"alt_text":"","src":"https:\/\/i0.wp.com\/politicosaldesnudo.com.mx\/wp-content\/uploads\/2026\/08\/fernando-farias-laguna-2-1024x683-1.jpg?fit=1024%2C683&ssl=1&resize=350%2C200","width":350,"height":200,"srcset":"https:\/\/i0.wp.com\/politicosaldesnudo.com.mx\/wp-content\/uploads\/2026\/08\/fernando-farias-laguna-2-1024x683-1.jpg?fit=1024%2C683&ssl=1&resize=350%2C200 1x, https:\/\/i0.wp.com\/politicosaldesnudo.com.mx\/wp-content\/uploads\/2026\/08\/fernando-farias-laguna-2-1024x683-1.jpg?fit=1024%2C683&ssl=1&resize=525%2C300 1.5x, https:\/\/i0.wp.com\/politicosaldesnudo.com.mx\/wp-content\/uploads\/2026\/08\/fernando-farias-laguna-2-1024x683-1.jpg?fit=1024%2C683&ssl=1&resize=700%2C400 2x"},"classes":[]},{"id":87924,"url":"https:\/\/politicosaldesnudo.com.mx\/index.php\/2026\/08\/20\/trasladan-desde-argentina-a-fernando-farias-laguna-por-caso-de-huachicol-fiscal\/","url_meta":{"origin":80403,"position":3},"title":"Trasladan desde Argentina a Fernando Far\u00edas Laguna por caso de huachicol fiscal","author":"Redacci\u00f3n Pol\u00edticos","date":"20 de agosto de 2026","format":false,"excerpt":"El contralmirante Fernando Far\u00edas Laguna est\u00e1 siendo trasladado desde Argentina a territorio mexicano para quedar a disposici\u00f3n de la justicia, que lo investiga por su presunta participaci\u00f3n en una organizaci\u00f3n dedicada al contrabando y distribuci\u00f3n ilegal de combustibles. La Fiscal\u00eda General de la Rep\u00fablica confirm\u00f3 este jueves 20 de agosto\u2026","rel":"","context":"En \u00abNACIONAL\u00bb","block_context":{"text":"NACIONAL","link":"https:\/\/politicosaldesnudo.com.mx\/index.php\/category\/nacional\/"},"img":{"alt_text":"","src":"https:\/\/i0.wp.com\/politicosaldesnudo.com.mx\/wp-content\/uploads\/2026\/08\/farias.webp?fit=1200%2C806&ssl=1&resize=350%2C200","width":350,"height":200,"srcset":"https:\/\/i0.wp.com\/politicosaldesnudo.com.mx\/wp-content\/uploads\/2026\/08\/farias.webp?fit=1200%2C806&ssl=1&resize=350%2C200 1x, https:\/\/i0.wp.com\/politicosaldesnudo.com.mx\/wp-content\/uploads\/2026\/08\/farias.webp?fit=1200%2C806&ssl=1&resize=525%2C300 1.5x, https:\/\/i0.wp.com\/politicosaldesnudo.com.mx\/wp-content\/uploads\/2026\/08\/farias.webp?fit=1200%2C806&ssl=1&resize=700%2C400 2x, https:\/\/i0.wp.com\/politicosaldesnudo.com.mx\/wp-content\/uploads\/2026\/08\/farias.webp?fit=1200%2C806&ssl=1&resize=1050%2C600 3x"},"classes":[]},{"id":87861,"url":"https:\/\/politicosaldesnudo.com.mx\/index.php\/2026\/08\/17\/fgr-sale-al-paso-por-caso-andy-niega-pruebas-y-testigos-protegidos-en-su-contra\/","url_meta":{"origin":80403,"position":4},"title":"FGR sale al paso por caso Andy: niega pruebas y testigos protegidos en su contra","author":"Redacci\u00f3n Pol\u00edticos","date":"17 de agosto de 2026","format":false,"excerpt":"En medio de la pol\u00e9mica desatada por la cancelaci\u00f3n de la visa estadounidense de Andr\u00e9s Manuel \u201cAndy\u201d L\u00f3pez Beltr\u00e1n, la Fiscal\u00eda General de la Rep\u00fablica (FGR) asegur\u00f3 que no cuenta con elementos legales para iniciar una investigaci\u00f3n en su contra por presuntos v\u00ednculos con el llamado huachicol fiscal. La dependencia\u2026","rel":"","context":"En \u00abNACIONAL\u00bb","block_context":{"text":"NACIONAL","link":"https:\/\/politicosaldesnudo.com.mx\/index.php\/category\/nacional\/"},"img":{"alt_text":"","src":"https:\/\/i0.wp.com\/politicosaldesnudo.com.mx\/wp-content\/uploads\/2026\/08\/756846602_17938858860320342_7848403107759573487_n.jpg?fit=853%2C568&ssl=1&resize=350%2C200","width":350,"height":200,"srcset":"https:\/\/i0.wp.com\/politicosaldesnudo.com.mx\/wp-content\/uploads\/2026\/08\/756846602_17938858860320342_7848403107759573487_n.jpg?fit=853%2C568&ssl=1&resize=350%2C200 1x, https:\/\/i0.wp.com\/politicosaldesnudo.com.mx\/wp-content\/uploads\/2026\/08\/756846602_17938858860320342_7848403107759573487_n.jpg?fit=853%2C568&ssl=1&resize=525%2C300 1.5x, https:\/\/i0.wp.com\/politicosaldesnudo.com.mx\/wp-content\/uploads\/2026\/08\/756846602_17938858860320342_7848403107759573487_n.jpg?fit=853%2C568&ssl=1&resize=700%2C400 2x"},"classes":[]},{"id":87983,"url":"https:\/\/politicosaldesnudo.com.mx\/index.php\/2026\/08\/22\/fernando-farias-permanecera-en-el-altiplano-definiran-el-miercoles-si-sera-vinculado-por-huachicol-fiscal\/","url_meta":{"origin":80403,"position":5},"title":"Fernando Far\u00edas permanecer\u00e1 en El Altiplano; definir\u00e1n el mi\u00e9rcoles si ser\u00e1 vinculado por huachicol fiscal","author":"Redacci\u00f3n Pol\u00edticos","date":"22 de agosto de 2026","format":false,"excerpt":"Fernando Far\u00edas Laguna, excontralmirante de la Secretar\u00eda de Marina, continuar\u00e1 recluido en el penal federal de m\u00e1xima seguridad de El Altiplano, luego de que una jueza le impusiera prisi\u00f3n preventiva oficiosa. La resoluci\u00f3n se emiti\u00f3 al t\u00e9rmino de una audiencia inicial que se prolong\u00f3 durante cerca de 18 horas y\u2026","rel":"","context":"En \u00abNACIONAL\u00bb","block_context":{"text":"NACIONAL","link":"https:\/\/politicosaldesnudo.com.mx\/index.php\/category\/nacional\/"},"img":{"alt_text":"","src":"https:\/\/i0.wp.com\/politicosaldesnudo.com.mx\/wp-content\/uploads\/2026\/08\/farias.jpg?fit=1200%2C800&ssl=1&resize=350%2C200","width":350,"height":200,"srcset":"https:\/\/i0.wp.com\/politicosaldesnudo.com.mx\/wp-content\/uploads\/2026\/08\/farias.jpg?fit=1200%2C800&ssl=1&resize=350%2C200 1x, https:\/\/i0.wp.com\/politicosaldesnudo.com.mx\/wp-content\/uploads\/2026\/08\/farias.jpg?fit=1200%2C800&ssl=1&resize=525%2C300 1.5x, https:\/\/i0.wp.com\/politicosaldesnudo.com.mx\/wp-content\/uploads\/2026\/08\/farias.jpg?fit=1200%2C800&ssl=1&resize=700%2C400 2x, https:\/\/i0.wp.com\/politicosaldesnudo.com.mx\/wp-content\/uploads\/2026\/08\/farias.jpg?fit=1200%2C800&ssl=1&resize=1050%2C600 3x"},"classes":[]}],"jetpack_sharing_enabled":true,"jetpack_featured_media_url":"https:\/\/i0.wp.com\/politicosaldesnudo.com.mx\/wp-content\/uploads\/2026\/02\/WACHI.jpg?fit=1200%2C900&ssl=1","_links":{"self":[{"href":"https:\/\/politicosaldesnudo.com.mx\/index.php\/wp-json\/wp\/v2\/posts\/80403","targetHints":{"allow":["GET"]}}],"collection":[{"href":"https:\/\/politicosaldesnudo.com.mx\/index.php\/wp-json\/wp\/v2\/posts"}],"about":[{"href":"https:\/\/politicosaldesnudo.com.mx\/index.php\/wp-json\/wp\/v2\/types\/post"}],"author":[{"embeddable":true,"href":"https:\/\/politicosaldesnudo.com.mx\/index.php\/wp-json\/wp\/v2\/users\/4"}],"replies":[{"embeddable":true,"href":"https:\/\/politicosaldesnudo.com.mx\/index.php\/wp-json\/wp\/v2\/comments?post=80403"}],"version-history":[{"count":0,"href":"https:\/\/politicosaldesnudo.com.mx\/index.php\/wp-json\/wp\/v2\/posts\/80403\/revisions"}],"wp:featuredmedia":[{"embeddable":true,"href":"https:\/\/politicosaldesnudo.com.mx\/index.php\/wp-json\/wp\/v2\/media\/80404"}],"wp:attachment":[{"href":"https:\/\/politicosaldesnudo.com.mx\/index.php\/wp-json\/wp\/v2\/media?parent=80403"}],"wp:term":[{"taxonomy":"category","embeddable":true,"href":"https:\/\/politicosaldesnudo.com.mx\/index.php\/wp-json\/wp\/v2\/categories?post=80403"},{"taxonomy":"post_tag","embeddable":true,"href":"https:\/\/politicosaldesnudo.com.mx\/index.php\/wp-json\/wp\/v2\/tags?post=80403"}],"curies":[{"name":"wp","href":"https:\/\/api.w.org\/{rel}","templated":true}]}}