{"id":80406,"date":"2026-02-21T00:14:21","date_gmt":"2026-02-21T06:14:21","guid":{"rendered":"https:\/\/politicosaldesnudo.com.mx\/?p=80406"},"modified":"2026-02-20T22:57:30","modified_gmt":"2026-02-21T04:57:30","slug":"realizan-campana-de-salud-visual-y-atencion-geriatrica-en-penal-de-nuevo-laredo","status":"publish","type":"post","link":"https:\/\/politicosaldesnudo.com.mx\/index.php\/2026\/02\/21\/realizan-campana-de-salud-visual-y-atencion-geriatrica-en-penal-de-nuevo-laredo\/","title":{"rendered":"Realizan campa\u00f1a de salud visual y atenci\u00f3n geri\u00e1trica en penal de Nuevo Laredo"},"content":{"rendered":"<p class=\"nota-justify\">La\u00a0Secretar\u00eda de Bienestar Social\u00a0llev\u00f3 a cabo una Campa\u00f1a de Salud Visual y Atenci\u00f3n Geri\u00e1trica en el Centro de Reinserci\u00f3n Social, como parte de las acciones orientadas a garantizar el acceso a servicios m\u00e9dicos para las personas privadas de la libertad.<\/p>\n<p class=\"nota-justify\">Durante la jornada, personal m\u00e9dico y de enfermer\u00eda efectu\u00f3 valoraciones generales, revisiones oftalmol\u00f3gicas y evaluaciones espec\u00edficas dirigidas a adultos mayores, con el prop\u00f3sito de detectar de manera oportuna padecimientos cr\u00f3nico-degenerativos, problemas de agudeza visual y otras condiciones asociadas a la edad.<\/p>\n<p class=\"nota-justify\">Las actividades estuvieron enfocadas en la prevenci\u00f3n, el diagn\u00f3stico temprano y la canalizaci\u00f3n de pacientes para seguimiento cl\u00ednico en los casos necesarios, a fin de contribuir al cuidado de la salud y a la mejora en las condiciones de vida de la poblaci\u00f3n penitenciaria.<\/p>\n<p class=\"nota-justify\">Este tipo de intervenciones forman parte de las acciones institucionales orientadas a acercar servicios m\u00e9dicos a sectores que requieren atenci\u00f3n prioritaria, bajo un enfoque de cobertura integral y acceso a la salud.<\/p>\n<p class=\"nota-justify\">Con la implementaci\u00f3n de estas campa\u00f1as, se busca fortalecer la atenci\u00f3n m\u00e9dica preventiva dentro del sistema penitenciario y dar continuidad a los programas de bienestar dirigidos a grupos en situaci\u00f3n de vulnerabilidad.<\/p>\n","protected":false},"excerpt":{"rendered":"<p>La\u00a0Secretar\u00eda de Bienestar Social\u00a0llev\u00f3 a cabo una Campa\u00f1a de Salud Visual y Atenci\u00f3n Geri\u00e1trica en el Centro de Reinserci\u00f3n Social, [&hellip;]<\/p>\n","protected":false},"author":4,"featured_media":80407,"comment_status":"closed","ping_status":"closed","sticky":false,"template":"","format":"standard","meta":{"site-sidebar-layout":"default","site-content-layout":"","ast-site-content-layout":"default","site-content-style":"default","site-sidebar-style":"default","ast-global-header-display":"","ast-banner-title-visibility":"","ast-main-header-display":"","ast-hfb-above-header-display":"","ast-hfb-below-header-display":"","ast-hfb-mobile-header-display":"","site-post-title":"","ast-breadcrumbs-content":"","ast-featured-img":"","footer-sml-layout":"","ast-disable-related-posts":"","theme-transparent-header-meta":"","adv-header-id-meta":"","stick-header-meta":"","header-above-stick-meta":"","header-main-stick-meta":"","header-below-stick-meta":"","astra-migrate-meta-layouts":"default","ast-page-background-enabled":"default","ast-page-background-meta":{"desktop":{"background-color":"var(--ast-global-color-5)","background-image":"","background-repeat":"repeat","background-position":"center center","background-size":"auto","background-attachment":"scroll","background-type":"","background-media":"","overlay-type":"","overlay-color":"","overlay-opacity":"","overlay-gradient":""},"tablet":{"background-color":"","background-image":"","background-repeat":"repeat","background-position":"center center","background-size":"auto","background-attachment":"scroll","background-type":"","background-media":"","overlay-type":"","overlay-color":"","overlay-opacity":"","overlay-gradient":""},"mobile":{"background-color":"","background-image":"","background-repeat":"repeat","background-position":"center center","background-size":"auto","background-attachment":"scroll","background-type":"","background-media":"","overlay-type":"","overlay-color":"","overlay-opacity":"","overlay-gradient":""}},"ast-content-background-meta":{"desktop":{"background-color":"var(--ast-global-color-4)","background-image":"","background-repeat":"repeat","background-position":"center center","background-size":"auto","background-attachment":"scroll","background-type":"","background-media":"","overlay-type":"","overlay-color":"","overlay-opacity":"","overlay-gradient":""},"tablet":{"background-color":"var(--ast-global-color-4)","background-image":"","background-repeat":"repeat","background-position":"center center","background-size":"auto","background-attachment":"scroll","background-type":"","background-media":"","overlay-type":"","overlay-color":"","overlay-opacity":"","overlay-gradient":""},"mobile":{"background-color":"var(--ast-global-color-4)","background-image":"","background-repeat":"repeat","background-position":"center center","background-size":"auto","background-attachment":"scroll","background-type":"","background-media":"","overlay-type":"","overlay-color":"","overlay-opacity":"","overlay-gradient":""}},"_jetpack_newsletter_access":"","_jetpack_dont_email_post_to_subs":false,"_jetpack_newsletter_tier_id":0,"_jetpack_memberships_contains_paywalled_content":false,"_jetpack_feature_clip_id":0,"_jetpack_memberships_contains_paid_content":false,"footnotes":"","jetpack_publicize_message":"","jetpack_publicize_feature_enabled":true,"jetpack_social_post_already_shared":true,"jetpack_social_options":{"image_generator_settings":{"template":"highway","default_image_id":0,"font":"","enabled":false},"version":2},"jetpack_post_was_ever_published":false},"categories":[30],"tags":[],"class_list":["post-80406","post","type-post","status-publish","format-standard","has-post-thumbnail","hentry","category-estados"],"yoast_head":"<!-- This site is optimized with the Yoast SEO plugin v28.3 - https:\/\/yoast.com\/product\/yoast-seo-wordpress\/ -->\n<title>Realizan campa\u00f1a de salud visual y atenci\u00f3n geri\u00e1trica en penal de Nuevo Laredo - Pol\u00edticos al Desnudo<\/title>\n<meta name=\"robots\" content=\"index, follow, max-snippet:-1, max-image-preview:large, max-video-preview:-1\" \/>\n<link rel=\"canonical\" href=\"https:\/\/politicosaldesnudo.com.mx\/index.php\/2026\/02\/21\/realizan-campana-de-salud-visual-y-atencion-geriatrica-en-penal-de-nuevo-laredo\/\" \/>\n<meta property=\"og:locale\" content=\"es_ES\" \/>\n<meta property=\"og:type\" content=\"article\" \/>\n<meta property=\"og:title\" content=\"Realizan campa\u00f1a de salud visual y atenci\u00f3n geri\u00e1trica en penal de Nuevo Laredo - Pol\u00edticos al Desnudo\" \/>\n<meta property=\"og:description\" content=\"La\u00a0Secretar\u00eda de Bienestar Social\u00a0llev\u00f3 a cabo una Campa\u00f1a de Salud Visual y Atenci\u00f3n Geri\u00e1trica en el Centro de Reinserci\u00f3n Social, [&hellip;]\" \/>\n<meta property=\"og:url\" content=\"https:\/\/politicosaldesnudo.com.mx\/index.php\/2026\/02\/21\/realizan-campana-de-salud-visual-y-atencion-geriatrica-en-penal-de-nuevo-laredo\/\" \/>\n<meta property=\"og:site_name\" content=\"Pol\u00edticos al Desnudo\" \/>\n<meta property=\"article:publisher\" content=\"https:\/\/www.facebook.com\/PoliticosAD\" \/>\n<meta property=\"article:published_time\" content=\"2026-02-21T06:14:21+00:00\" \/>\n<meta property=\"og:image\" content=\"https:\/\/i0.wp.com\/politicosaldesnudo.com.mx\/wp-content\/uploads\/2026\/02\/PENULA.jpg?fit=1200%2C931&ssl=1\" \/>\n\t<meta property=\"og:image:width\" content=\"1200\" \/>\n\t<meta property=\"og:image:height\" content=\"931\" \/>\n\t<meta property=\"og:image:type\" content=\"image\/jpeg\" \/>\n<meta name=\"author\" content=\"Redacci\u00f3n Pol\u00edticos\" \/>\n<meta name=\"twitter:card\" content=\"summary_large_image\" \/>\n<meta name=\"twitter:label1\" content=\"Escrito por\" \/>\n\t<meta name=\"twitter:data1\" content=\"Redacci\u00f3n Pol\u00edticos\" \/>\n\t<meta name=\"twitter:label2\" content=\"Tiempo de lectura\" \/>\n\t<meta name=\"twitter:data2\" content=\"1 minuto\" \/>\n<script type=\"application\/ld+json\" class=\"yoast-schema-graph\">{\"@context\":\"https:\\\/\\\/schema.org\",\"@graph\":[{\"@type\":\"Article\",\"@id\":\"https:\\\/\\\/politicosaldesnudo.com.mx\\\/index.php\\\/2026\\\/02\\\/21\\\/realizan-campana-de-salud-visual-y-atencion-geriatrica-en-penal-de-nuevo-laredo\\\/#article\",\"isPartOf\":{\"@id\":\"https:\\\/\\\/politicosaldesnudo.com.mx\\\/index.php\\\/2026\\\/02\\\/21\\\/realizan-campana-de-salud-visual-y-atencion-geriatrica-en-penal-de-nuevo-laredo\\\/\"},\"author\":{\"name\":\"Redacci\u00f3n Pol\u00edticos\",\"@id\":\"https:\\\/\\\/politicosaldesnudo.com.mx\\\/#\\\/schema\\\/person\\\/ef3a64e561cc3f3f5dc52fab81adde7e\"},\"headline\":\"Realizan campa\u00f1a de salud visual y atenci\u00f3n geri\u00e1trica en penal de Nuevo Laredo\",\"datePublished\":\"2026-02-21T06:14:21+00:00\",\"mainEntityOfPage\":{\"@id\":\"https:\\\/\\\/politicosaldesnudo.com.mx\\\/index.php\\\/2026\\\/02\\\/21\\\/realizan-campana-de-salud-visual-y-atencion-geriatrica-en-penal-de-nuevo-laredo\\\/\"},\"wordCount\":231,\"publisher\":{\"@id\":\"https:\\\/\\\/politicosaldesnudo.com.mx\\\/#organization\"},\"image\":{\"@id\":\"https:\\\/\\\/politicosaldesnudo.com.mx\\\/index.php\\\/2026\\\/02\\\/21\\\/realizan-campana-de-salud-visual-y-atencion-geriatrica-en-penal-de-nuevo-laredo\\\/#primaryimage\"},\"thumbnailUrl\":\"https:\\\/\\\/i0.wp.com\\\/politicosaldesnudo.com.mx\\\/wp-content\\\/uploads\\\/2026\\\/02\\\/PENULA.jpg?fit=1200%2C931&ssl=1\",\"articleSection\":[\"ESTADOS\"],\"inLanguage\":\"es\"},{\"@type\":\"WebPage\",\"@id\":\"https:\\\/\\\/politicosaldesnudo.com.mx\\\/index.php\\\/2026\\\/02\\\/21\\\/realizan-campana-de-salud-visual-y-atencion-geriatrica-en-penal-de-nuevo-laredo\\\/\",\"url\":\"https:\\\/\\\/politicosaldesnudo.com.mx\\\/index.php\\\/2026\\\/02\\\/21\\\/realizan-campana-de-salud-visual-y-atencion-geriatrica-en-penal-de-nuevo-laredo\\\/\",\"name\":\"Realizan campa\u00f1a de salud visual y atenci\u00f3n geri\u00e1trica en penal de Nuevo Laredo - Pol\u00edticos al Desnudo\",\"isPartOf\":{\"@id\":\"https:\\\/\\\/politicosaldesnudo.com.mx\\\/#website\"},\"primaryImageOfPage\":{\"@id\":\"https:\\\/\\\/politicosaldesnudo.com.mx\\\/index.php\\\/2026\\\/02\\\/21\\\/realizan-campana-de-salud-visual-y-atencion-geriatrica-en-penal-de-nuevo-laredo\\\/#primaryimage\"},\"image\":{\"@id\":\"https:\\\/\\\/politicosaldesnudo.com.mx\\\/index.php\\\/2026\\\/02\\\/21\\\/realizan-campana-de-salud-visual-y-atencion-geriatrica-en-penal-de-nuevo-laredo\\\/#primaryimage\"},\"thumbnailUrl\":\"https:\\\/\\\/i0.wp.com\\\/politicosaldesnudo.com.mx\\\/wp-content\\\/uploads\\\/2026\\\/02\\\/PENULA.jpg?fit=1200%2C931&ssl=1\",\"datePublished\":\"2026-02-21T06:14:21+00:00\",\"breadcrumb\":{\"@id\":\"https:\\\/\\\/politicosaldesnudo.com.mx\\\/index.php\\\/2026\\\/02\\\/21\\\/realizan-campana-de-salud-visual-y-atencion-geriatrica-en-penal-de-nuevo-laredo\\\/#breadcrumb\"},\"inLanguage\":\"es\",\"potentialAction\":[{\"@type\":\"ReadAction\",\"target\":[\"https:\\\/\\\/politicosaldesnudo.com.mx\\\/index.php\\\/2026\\\/02\\\/21\\\/realizan-campana-de-salud-visual-y-atencion-geriatrica-en-penal-de-nuevo-laredo\\\/\"]}]},{\"@type\":\"ImageObject\",\"inLanguage\":\"es\",\"@id\":\"https:\\\/\\\/politicosaldesnudo.com.mx\\\/index.php\\\/2026\\\/02\\\/21\\\/realizan-campana-de-salud-visual-y-atencion-geriatrica-en-penal-de-nuevo-laredo\\\/#primaryimage\",\"url\":\"https:\\\/\\\/i0.wp.com\\\/politicosaldesnudo.com.mx\\\/wp-content\\\/uploads\\\/2026\\\/02\\\/PENULA.jpg?fit=1200%2C931&ssl=1\",\"contentUrl\":\"https:\\\/\\\/i0.wp.com\\\/politicosaldesnudo.com.mx\\\/wp-content\\\/uploads\\\/2026\\\/02\\\/PENULA.jpg?fit=1200%2C931&ssl=1\",\"width\":1200,\"height\":931},{\"@type\":\"BreadcrumbList\",\"@id\":\"https:\\\/\\\/politicosaldesnudo.com.mx\\\/index.php\\\/2026\\\/02\\\/21\\\/realizan-campana-de-salud-visual-y-atencion-geriatrica-en-penal-de-nuevo-laredo\\\/#breadcrumb\",\"itemListElement\":[{\"@type\":\"ListItem\",\"position\":1,\"name\":\"Portada\",\"item\":\"https:\\\/\\\/politicosaldesnudo.com.mx\\\/\"},{\"@type\":\"ListItem\",\"position\":2,\"name\":\"Realizan campa\u00f1a de salud visual y atenci\u00f3n geri\u00e1trica en penal de Nuevo Laredo\"}]},{\"@type\":\"WebSite\",\"@id\":\"https:\\\/\\\/politicosaldesnudo.com.mx\\\/#website\",\"url\":\"https:\\\/\\\/politicosaldesnudo.com.mx\\\/\",\"name\":\"Pol\u00edticos al Desnudo\",\"description\":\"\",\"publisher\":{\"@id\":\"https:\\\/\\\/politicosaldesnudo.com.mx\\\/#organization\"},\"potentialAction\":[{\"@type\":\"SearchAction\",\"target\":{\"@type\":\"EntryPoint\",\"urlTemplate\":\"https:\\\/\\\/politicosaldesnudo.com.mx\\\/?s={search_term_string}\"},\"query-input\":{\"@type\":\"PropertyValueSpecification\",\"valueRequired\":true,\"valueName\":\"search_term_string\"}}],\"inLanguage\":\"es\"},{\"@type\":\"Organization\",\"@id\":\"https:\\\/\\\/politicosaldesnudo.com.mx\\\/#organization\",\"name\":\"Pol\u00edticos al Desnudo\",\"url\":\"https:\\\/\\\/politicosaldesnudo.com.mx\\\/\",\"logo\":{\"@type\":\"ImageObject\",\"inLanguage\":\"es\",\"@id\":\"https:\\\/\\\/politicosaldesnudo.com.mx\\\/#\\\/schema\\\/logo\\\/image\\\/\",\"url\":\"https:\\\/\\\/i0.wp.com\\\/politicosaldesnudo.com.mx\\\/wp-content\\\/uploads\\\/2026\\\/08\\\/cropped-logo.webp?fit=400%2C126&ssl=1\",\"contentUrl\":\"https:\\\/\\\/i0.wp.com\\\/politicosaldesnudo.com.mx\\\/wp-content\\\/uploads\\\/2026\\\/08\\\/cropped-logo.webp?fit=400%2C126&ssl=1\",\"width\":400,\"height\":126,\"caption\":\"Pol\u00edticos al Desnudo\"},\"image\":{\"@id\":\"https:\\\/\\\/politicosaldesnudo.com.mx\\\/#\\\/schema\\\/logo\\\/image\\\/\"},\"sameAs\":[\"https:\\\/\\\/www.facebook.com\\\/PoliticosAD\"]},{\"@type\":\"Person\",\"@id\":\"https:\\\/\\\/politicosaldesnudo.com.mx\\\/#\\\/schema\\\/person\\\/ef3a64e561cc3f3f5dc52fab81adde7e\",\"name\":\"Redacci\u00f3n Pol\u00edticos\",\"url\":\"https:\\\/\\\/politicosaldesnudo.com.mx\\\/index.php\\\/author\\\/redaccion-politicos\\\/\"}]}<\/script>\n<!-- \/ Yoast SEO plugin. -->","yoast_head_json":{"title":"Realizan campa\u00f1a de salud visual y atenci\u00f3n geri\u00e1trica en penal de Nuevo Laredo - Pol\u00edticos al Desnudo","robots":{"index":"index","follow":"follow","max-snippet":"max-snippet:-1","max-image-preview":"max-image-preview:large","max-video-preview":"max-video-preview:-1"},"canonical":"https:\/\/politicosaldesnudo.com.mx\/index.php\/2026\/02\/21\/realizan-campana-de-salud-visual-y-atencion-geriatrica-en-penal-de-nuevo-laredo\/","og_locale":"es_ES","og_type":"article","og_title":"Realizan campa\u00f1a de salud visual y atenci\u00f3n geri\u00e1trica en penal de Nuevo Laredo - Pol\u00edticos al Desnudo","og_description":"La\u00a0Secretar\u00eda de Bienestar Social\u00a0llev\u00f3 a cabo una Campa\u00f1a de Salud Visual y Atenci\u00f3n Geri\u00e1trica en el Centro de Reinserci\u00f3n Social, [&hellip;]","og_url":"https:\/\/politicosaldesnudo.com.mx\/index.php\/2026\/02\/21\/realizan-campana-de-salud-visual-y-atencion-geriatrica-en-penal-de-nuevo-laredo\/","og_site_name":"Pol\u00edticos al Desnudo","article_publisher":"https:\/\/www.facebook.com\/PoliticosAD","article_published_time":"2026-02-21T06:14:21+00:00","og_image":[{"width":1200,"height":931,"url":"https:\/\/i0.wp.com\/politicosaldesnudo.com.mx\/wp-content\/uploads\/2026\/02\/PENULA.jpg?fit=1200%2C931&ssl=1","type":"image\/jpeg"}],"author":"Redacci\u00f3n Pol\u00edticos","twitter_card":"summary_large_image","twitter_misc":{"Escrito por":"Redacci\u00f3n Pol\u00edticos","Tiempo de lectura":"1 minuto"},"schema":{"@context":"https:\/\/schema.org","@graph":[{"@type":"Article","@id":"https:\/\/politicosaldesnudo.com.mx\/index.php\/2026\/02\/21\/realizan-campana-de-salud-visual-y-atencion-geriatrica-en-penal-de-nuevo-laredo\/#article","isPartOf":{"@id":"https:\/\/politicosaldesnudo.com.mx\/index.php\/2026\/02\/21\/realizan-campana-de-salud-visual-y-atencion-geriatrica-en-penal-de-nuevo-laredo\/"},"author":{"name":"Redacci\u00f3n Pol\u00edticos","@id":"https:\/\/politicosaldesnudo.com.mx\/#\/schema\/person\/ef3a64e561cc3f3f5dc52fab81adde7e"},"headline":"Realizan campa\u00f1a de salud visual y atenci\u00f3n geri\u00e1trica en penal de Nuevo Laredo","datePublished":"2026-02-21T06:14:21+00:00","mainEntityOfPage":{"@id":"https:\/\/politicosaldesnudo.com.mx\/index.php\/2026\/02\/21\/realizan-campana-de-salud-visual-y-atencion-geriatrica-en-penal-de-nuevo-laredo\/"},"wordCount":231,"publisher":{"@id":"https:\/\/politicosaldesnudo.com.mx\/#organization"},"image":{"@id":"https:\/\/politicosaldesnudo.com.mx\/index.php\/2026\/02\/21\/realizan-campana-de-salud-visual-y-atencion-geriatrica-en-penal-de-nuevo-laredo\/#primaryimage"},"thumbnailUrl":"https:\/\/i0.wp.com\/politicosaldesnudo.com.mx\/wp-content\/uploads\/2026\/02\/PENULA.jpg?fit=1200%2C931&ssl=1","articleSection":["ESTADOS"],"inLanguage":"es"},{"@type":"WebPage","@id":"https:\/\/politicosaldesnudo.com.mx\/index.php\/2026\/02\/21\/realizan-campana-de-salud-visual-y-atencion-geriatrica-en-penal-de-nuevo-laredo\/","url":"https:\/\/politicosaldesnudo.com.mx\/index.php\/2026\/02\/21\/realizan-campana-de-salud-visual-y-atencion-geriatrica-en-penal-de-nuevo-laredo\/","name":"Realizan campa\u00f1a de salud visual y atenci\u00f3n geri\u00e1trica en penal de Nuevo Laredo - Pol\u00edticos al Desnudo","isPartOf":{"@id":"https:\/\/politicosaldesnudo.com.mx\/#website"},"primaryImageOfPage":{"@id":"https:\/\/politicosaldesnudo.com.mx\/index.php\/2026\/02\/21\/realizan-campana-de-salud-visual-y-atencion-geriatrica-en-penal-de-nuevo-laredo\/#primaryimage"},"image":{"@id":"https:\/\/politicosaldesnudo.com.mx\/index.php\/2026\/02\/21\/realizan-campana-de-salud-visual-y-atencion-geriatrica-en-penal-de-nuevo-laredo\/#primaryimage"},"thumbnailUrl":"https:\/\/i0.wp.com\/politicosaldesnudo.com.mx\/wp-content\/uploads\/2026\/02\/PENULA.jpg?fit=1200%2C931&ssl=1","datePublished":"2026-02-21T06:14:21+00:00","breadcrumb":{"@id":"https:\/\/politicosaldesnudo.com.mx\/index.php\/2026\/02\/21\/realizan-campana-de-salud-visual-y-atencion-geriatrica-en-penal-de-nuevo-laredo\/#breadcrumb"},"inLanguage":"es","potentialAction":[{"@type":"ReadAction","target":["https:\/\/politicosaldesnudo.com.mx\/index.php\/2026\/02\/21\/realizan-campana-de-salud-visual-y-atencion-geriatrica-en-penal-de-nuevo-laredo\/"]}]},{"@type":"ImageObject","inLanguage":"es","@id":"https:\/\/politicosaldesnudo.com.mx\/index.php\/2026\/02\/21\/realizan-campana-de-salud-visual-y-atencion-geriatrica-en-penal-de-nuevo-laredo\/#primaryimage","url":"https:\/\/i0.wp.com\/politicosaldesnudo.com.mx\/wp-content\/uploads\/2026\/02\/PENULA.jpg?fit=1200%2C931&ssl=1","contentUrl":"https:\/\/i0.wp.com\/politicosaldesnudo.com.mx\/wp-content\/uploads\/2026\/02\/PENULA.jpg?fit=1200%2C931&ssl=1","width":1200,"height":931},{"@type":"BreadcrumbList","@id":"https:\/\/politicosaldesnudo.com.mx\/index.php\/2026\/02\/21\/realizan-campana-de-salud-visual-y-atencion-geriatrica-en-penal-de-nuevo-laredo\/#breadcrumb","itemListElement":[{"@type":"ListItem","position":1,"name":"Portada","item":"https:\/\/politicosaldesnudo.com.mx\/"},{"@type":"ListItem","position":2,"name":"Realizan campa\u00f1a de salud visual y atenci\u00f3n geri\u00e1trica en penal de Nuevo Laredo"}]},{"@type":"WebSite","@id":"https:\/\/politicosaldesnudo.com.mx\/#website","url":"https:\/\/politicosaldesnudo.com.mx\/","name":"Pol\u00edticos al Desnudo","description":"","publisher":{"@id":"https:\/\/politicosaldesnudo.com.mx\/#organization"},"potentialAction":[{"@type":"SearchAction","target":{"@type":"EntryPoint","urlTemplate":"https:\/\/politicosaldesnudo.com.mx\/?s={search_term_string}"},"query-input":{"@type":"PropertyValueSpecification","valueRequired":true,"valueName":"search_term_string"}}],"inLanguage":"es"},{"@type":"Organization","@id":"https:\/\/politicosaldesnudo.com.mx\/#organization","name":"Pol\u00edticos al Desnudo","url":"https:\/\/politicosaldesnudo.com.mx\/","logo":{"@type":"ImageObject","inLanguage":"es","@id":"https:\/\/politicosaldesnudo.com.mx\/#\/schema\/logo\/image\/","url":"https:\/\/i0.wp.com\/politicosaldesnudo.com.mx\/wp-content\/uploads\/2026\/08\/cropped-logo.webp?fit=400%2C126&ssl=1","contentUrl":"https:\/\/i0.wp.com\/politicosaldesnudo.com.mx\/wp-content\/uploads\/2026\/08\/cropped-logo.webp?fit=400%2C126&ssl=1","width":400,"height":126,"caption":"Pol\u00edticos al Desnudo"},"image":{"@id":"https:\/\/politicosaldesnudo.com.mx\/#\/schema\/logo\/image\/"},"sameAs":["https:\/\/www.facebook.com\/PoliticosAD"]},{"@type":"Person","@id":"https:\/\/politicosaldesnudo.com.mx\/#\/schema\/person\/ef3a64e561cc3f3f5dc52fab81adde7e","name":"Redacci\u00f3n Pol\u00edticos","url":"https:\/\/politicosaldesnudo.com.mx\/index.php\/author\/redaccion-politicos\/"}]}},"jetpack_publicize_connections":[],"jetpack-related-posts":[{"id":87871,"url":"https:\/\/politicosaldesnudo.com.mx\/index.php\/2026\/08\/18\/sheinbaum-destaca-exito-del-imss-bienestar-consultas-de-especialidad-crecen-90\/","url_meta":{"origin":80406,"position":0},"title":"Sheinbaum destaca \u00e9xito del IMSS Bienestar: Consultas de especialidad crecen 90%","author":"Redacci\u00f3n Pol\u00edticos","date":"18 de agosto de 2026","format":false,"excerpt":"La presidenta Claudia Sheinbaum y autoridades de salud presentaron datos que demuestran una gran diferencia entre las cl\u00ednicas integradas a este sistema y los 8 estados que decidieron mantener sus propios servicios de salud. El impacto en los n\u00fameros de atenci\u00f3n Consultas generales: Subieron un 50% en las zonas con\u2026","rel":"","context":"En \u00abNACIONAL\u00bb","block_context":{"text":"NACIONAL","link":"https:\/\/politicosaldesnudo.com.mx\/index.php\/category\/nacional\/"},"img":{"alt_text":"","src":"https:\/\/i0.wp.com\/politicosaldesnudo.com.mx\/wp-content\/uploads\/2026\/08\/mananera.png?fit=1200%2C663&ssl=1&resize=350%2C200","width":350,"height":200,"srcset":"https:\/\/i0.wp.com\/politicosaldesnudo.com.mx\/wp-content\/uploads\/2026\/08\/mananera.png?fit=1200%2C663&ssl=1&resize=350%2C200 1x, https:\/\/i0.wp.com\/politicosaldesnudo.com.mx\/wp-content\/uploads\/2026\/08\/mananera.png?fit=1200%2C663&ssl=1&resize=525%2C300 1.5x, https:\/\/i0.wp.com\/politicosaldesnudo.com.mx\/wp-content\/uploads\/2026\/08\/mananera.png?fit=1200%2C663&ssl=1&resize=700%2C400 2x, https:\/\/i0.wp.com\/politicosaldesnudo.com.mx\/wp-content\/uploads\/2026\/08\/mananera.png?fit=1200%2C663&ssl=1&resize=1050%2C600 3x"},"classes":[]},{"id":86978,"url":"https:\/\/politicosaldesnudo.com.mx\/index.php\/2026\/07\/20\/instalan-modulos-gratuitos-de-vacunacion\/","url_meta":{"origin":80406,"position":1},"title":"Instalan m\u00f3dulos gratuitos de vacunaci\u00f3n","author":"Redacci\u00f3n Pol\u00edticos","date":"20 de julio de 2026","format":false,"excerpt":"Ante el incremento de casos de enfermedades prevenibles, los m\u00f3dulos de vacunaci\u00f3n instalados en distintos puntos de la ciudad contin\u00faan brindando atenci\u00f3n gratuita a la poblaci\u00f3n, principalmente para reforzar la protecci\u00f3n contra el sarampi\u00f3n y otras enfermedades. Los representantes de estos m\u00f3dulos hicieron un llamado a las familias tuxpe\u00f1as para\u2026","rel":"","context":"En \u00abTUXPAN\u00bb","block_context":{"text":"TUXPAN","link":"https:\/\/politicosaldesnudo.com.mx\/index.php\/category\/tuxpan\/"},"img":{"alt_text":"","src":"https:\/\/i0.wp.com\/politicosaldesnudo.com.mx\/wp-content\/uploads\/2026\/07\/WhatsApp-Image-2026-07-19-at-17.40.1.jpg?fit=1200%2C800&ssl=1&resize=350%2C200","width":350,"height":200,"srcset":"https:\/\/i0.wp.com\/politicosaldesnudo.com.mx\/wp-content\/uploads\/2026\/07\/WhatsApp-Image-2026-07-19-at-17.40.1.jpg?fit=1200%2C800&ssl=1&resize=350%2C200 1x, https:\/\/i0.wp.com\/politicosaldesnudo.com.mx\/wp-content\/uploads\/2026\/07\/WhatsApp-Image-2026-07-19-at-17.40.1.jpg?fit=1200%2C800&ssl=1&resize=525%2C300 1.5x, https:\/\/i0.wp.com\/politicosaldesnudo.com.mx\/wp-content\/uploads\/2026\/07\/WhatsApp-Image-2026-07-19-at-17.40.1.jpg?fit=1200%2C800&ssl=1&resize=700%2C400 2x, https:\/\/i0.wp.com\/politicosaldesnudo.com.mx\/wp-content\/uploads\/2026\/07\/WhatsApp-Image-2026-07-19-at-17.40.1.jpg?fit=1200%2C800&ssl=1&resize=1050%2C600 3x"},"classes":[]},{"id":6008,"url":"https:\/\/politicosaldesnudo.com.mx\/index.php\/2022\/05\/31\/reconocen-labor-de-susana-landeros\/","url_meta":{"origin":80406,"position":2},"title":"Reconocen labor de Susana Landeros","author":"Redacci\u00f3n Pol\u00edticos","date":"31 de mayo de 2022","format":false,"excerpt":"Morelos. En el marco de la clausura de la exposici\u00f3n \u201cMujeres Horizontes\u201d, conformada por obras del maestro oaxaque\u00f1o Rolando Rojas, en la Galer\u00eda Sixtos, de Tepotzotl\u00e1n, se reconoci\u00f3 la trayectoria de Susana Landeros Cort\u00e9s, presidenta de la Fundaci\u00f3n Fertilizando el Esfuerzo, por su destacada labor en el Estado de M\u00e9xico.\u2026","rel":"","context":"En \u00abCULTURA\u00bb","block_context":{"text":"CULTURA","link":"https:\/\/politicosaldesnudo.com.mx\/index.php\/category\/cultura\/"},"img":{"alt_text":"","src":"https:\/\/i0.wp.com\/politicosaldesnudo.com.mx\/wp-content\/uploads\/2022\/05\/P-SUSANALANDEROS4.png?fit=1200%2C671&ssl=1&resize=350%2C200","width":350,"height":200,"srcset":"https:\/\/i0.wp.com\/politicosaldesnudo.com.mx\/wp-content\/uploads\/2022\/05\/P-SUSANALANDEROS4.png?fit=1200%2C671&ssl=1&resize=350%2C200 1x, https:\/\/i0.wp.com\/politicosaldesnudo.com.mx\/wp-content\/uploads\/2022\/05\/P-SUSANALANDEROS4.png?fit=1200%2C671&ssl=1&resize=525%2C300 1.5x, https:\/\/i0.wp.com\/politicosaldesnudo.com.mx\/wp-content\/uploads\/2022\/05\/P-SUSANALANDEROS4.png?fit=1200%2C671&ssl=1&resize=700%2C400 2x, https:\/\/i0.wp.com\/politicosaldesnudo.com.mx\/wp-content\/uploads\/2022\/05\/P-SUSANALANDEROS4.png?fit=1200%2C671&ssl=1&resize=1050%2C600 3x"},"classes":[]},{"id":4677,"url":"https:\/\/politicosaldesnudo.com.mx\/index.php\/2022\/05\/02\/muestra-de-arte-colectiva-en-banxico\/","url_meta":{"origin":80406,"position":3},"title":"Muestra de arte colectiva en Banxico","author":"Redacci\u00f3n Pol\u00edticos","date":"2 de mayo de 2022","format":false,"excerpt":"Ciudad de M\u00e9xico. Esta exposici\u00f3n es parte del programa que tiene como objetivo vincular al visitante con la labor cultural del Banco de M\u00e9xico y destacar la relaci\u00f3n entre la educaci\u00f3n financiera con la cultura nacional e internacional. Arte\/Billete\/Maculatura\/Refines\/Dise\u00f1o, es el pretexto pl\u00e1stico que expone el Banco de M\u00e9xico como\u2026","rel":"","context":"En \u00abCULTURA\u00bb","block_context":{"text":"CULTURA","link":"https:\/\/politicosaldesnudo.com.mx\/index.php\/category\/cultura\/"},"img":{"alt_text":"","src":"https:\/\/i0.wp.com\/politicosaldesnudo.com.mx\/wp-content\/uploads\/2022\/05\/FPmw4pcUcAAJg9E.jpeg?fit=1024%2C512&ssl=1&resize=350%2C200","width":350,"height":200,"srcset":"https:\/\/i0.wp.com\/politicosaldesnudo.com.mx\/wp-content\/uploads\/2022\/05\/FPmw4pcUcAAJg9E.jpeg?fit=1024%2C512&ssl=1&resize=350%2C200 1x, https:\/\/i0.wp.com\/politicosaldesnudo.com.mx\/wp-content\/uploads\/2022\/05\/FPmw4pcUcAAJg9E.jpeg?fit=1024%2C512&ssl=1&resize=525%2C300 1.5x, https:\/\/i0.wp.com\/politicosaldesnudo.com.mx\/wp-content\/uploads\/2022\/05\/FPmw4pcUcAAJg9E.jpeg?fit=1024%2C512&ssl=1&resize=700%2C400 2x"},"classes":[]},{"id":88202,"url":"https:\/\/politicosaldesnudo.com.mx\/index.php\/2026\/08\/31\/en-la-busqueda-de-algo-trascendental\/","url_meta":{"origin":80406,"position":4},"title":"En la b\u00fasqueda de algo trascendental","author":"Redacci\u00f3n Pol\u00edticos","date":"31 de agosto de 2026","format":false,"excerpt":"MEDIACIONES Por: Zaira Rosas zairosas.22@gmail.com Han pasado casi 3 horas desde que las primeras personas llegaron al recinto esperando que las luces se apaguen y ante el m\u00ednimo cambio en la atm\u00f3sfera los gritos se incrementan anhelando que todo se oscurezca, aumente el sonido de las bocinas y se abra\u2026","rel":"","context":"En \u00abOPINI\u00d3N\u00bb","block_context":{"text":"OPINI\u00d3N","link":"https:\/\/politicosaldesnudo.com.mx\/index.php\/category\/columnistas\/"},"img":{"alt_text":"","src":"https:\/\/i0.wp.com\/politicosaldesnudo.com.mx\/wp-content\/uploads\/2026\/08\/COLUMNISTAS-PAD-7.png?fit=1200%2C658&ssl=1&resize=350%2C200","width":350,"height":200,"srcset":"https:\/\/i0.wp.com\/politicosaldesnudo.com.mx\/wp-content\/uploads\/2026\/08\/COLUMNISTAS-PAD-7.png?fit=1200%2C658&ssl=1&resize=350%2C200 1x, https:\/\/i0.wp.com\/politicosaldesnudo.com.mx\/wp-content\/uploads\/2026\/08\/COLUMNISTAS-PAD-7.png?fit=1200%2C658&ssl=1&resize=525%2C300 1.5x, https:\/\/i0.wp.com\/politicosaldesnudo.com.mx\/wp-content\/uploads\/2026\/08\/COLUMNISTAS-PAD-7.png?fit=1200%2C658&ssl=1&resize=700%2C400 2x, https:\/\/i0.wp.com\/politicosaldesnudo.com.mx\/wp-content\/uploads\/2026\/08\/COLUMNISTAS-PAD-7.png?fit=1200%2C658&ssl=1&resize=1050%2C600 3x"},"classes":[]},{"id":88103,"url":"https:\/\/politicosaldesnudo.com.mx\/index.php\/2026\/08\/27\/rescatan-a-43-perros-de-un-infierno-clandestino-en-xalapa\/","url_meta":{"origin":80406,"position":5},"title":"Rescatan a 43 perros de un infierno clandestino en Xalapa","author":"Redacci\u00f3n Pol\u00edticos","date":"27 de agosto de 2026","format":false,"excerpt":"Los animales permanec\u00edan hacinados entre basura y plagas en una vivienda de la colonia Modelo; algunos presentan desnutrici\u00f3n, enfermedades en la piel y padecimientos transmitidos por garrapatas. Xalapa, Ver.\u2014 Un total de 43 perros fueron retirados de una vivienda donde presuntamente funcionaba un criadero clandestino, tras ser encontrados en condiciones\u2026","rel":"","context":"En \u00abESTADOS\u00bb","block_context":{"text":"ESTADOS","link":"https:\/\/politicosaldesnudo.com.mx\/index.php\/category\/estados\/"},"img":{"alt_text":"","src":"https:\/\/i0.wp.com\/politicosaldesnudo.com.mx\/wp-content\/uploads\/2026\/08\/ChatGPT-Image-27-ago-2026-17_38_17.png?fit=1200%2C675&ssl=1&resize=350%2C200","width":350,"height":200,"srcset":"https:\/\/i0.wp.com\/politicosaldesnudo.com.mx\/wp-content\/uploads\/2026\/08\/ChatGPT-Image-27-ago-2026-17_38_17.png?fit=1200%2C675&ssl=1&resize=350%2C200 1x, https:\/\/i0.wp.com\/politicosaldesnudo.com.mx\/wp-content\/uploads\/2026\/08\/ChatGPT-Image-27-ago-2026-17_38_17.png?fit=1200%2C675&ssl=1&resize=525%2C300 1.5x, https:\/\/i0.wp.com\/politicosaldesnudo.com.mx\/wp-content\/uploads\/2026\/08\/ChatGPT-Image-27-ago-2026-17_38_17.png?fit=1200%2C675&ssl=1&resize=700%2C400 2x, https:\/\/i0.wp.com\/politicosaldesnudo.com.mx\/wp-content\/uploads\/2026\/08\/ChatGPT-Image-27-ago-2026-17_38_17.png?fit=1200%2C675&ssl=1&resize=1050%2C600 3x"},"classes":[]}],"jetpack_sharing_enabled":true,"jetpack_featured_media_url":"https:\/\/i0.wp.com\/politicosaldesnudo.com.mx\/wp-content\/uploads\/2026\/02\/PENULA.jpg?fit=1200%2C931&ssl=1","_links":{"self":[{"href":"https:\/\/politicosaldesnudo.com.mx\/index.php\/wp-json\/wp\/v2\/posts\/80406","targetHints":{"allow":["GET"]}}],"collection":[{"href":"https:\/\/politicosaldesnudo.com.mx\/index.php\/wp-json\/wp\/v2\/posts"}],"about":[{"href":"https:\/\/politicosaldesnudo.com.mx\/index.php\/wp-json\/wp\/v2\/types\/post"}],"author":[{"embeddable":true,"href":"https:\/\/politicosaldesnudo.com.mx\/index.php\/wp-json\/wp\/v2\/users\/4"}],"replies":[{"embeddable":true,"href":"https:\/\/politicosaldesnudo.com.mx\/index.php\/wp-json\/wp\/v2\/comments?post=80406"}],"version-history":[{"count":0,"href":"https:\/\/politicosaldesnudo.com.mx\/index.php\/wp-json\/wp\/v2\/posts\/80406\/revisions"}],"wp:featuredmedia":[{"embeddable":true,"href":"https:\/\/politicosaldesnudo.com.mx\/index.php\/wp-json\/wp\/v2\/media\/80407"}],"wp:attachment":[{"href":"https:\/\/politicosaldesnudo.com.mx\/index.php\/wp-json\/wp\/v2\/media?parent=80406"}],"wp:term":[{"taxonomy":"category","embeddable":true,"href":"https:\/\/politicosaldesnudo.com.mx\/index.php\/wp-json\/wp\/v2\/categories?post=80406"},{"taxonomy":"post_tag","embeddable":true,"href":"https:\/\/politicosaldesnudo.com.mx\/index.php\/wp-json\/wp\/v2\/tags?post=80406"}],"curies":[{"name":"wp","href":"https:\/\/api.w.org\/{rel}","templated":true}]}}