{"id":80421,"date":"2026-02-21T00:19:51","date_gmt":"2026-02-21T06:19:51","guid":{"rendered":"https:\/\/politicosaldesnudo.com.mx\/?p=80421"},"modified":"2026-02-20T23:06:05","modified_gmt":"2026-02-21T05:06:05","slug":"trump-considera-un-ataque-militar-limitado-para-presionar-a-iran-sobre-un-acuerdo-nuclear","status":"publish","type":"post","link":"https:\/\/politicosaldesnudo.com.mx\/index.php\/2026\/02\/21\/trump-considera-un-ataque-militar-limitado-para-presionar-a-iran-sobre-un-acuerdo-nuclear\/","title":{"rendered":"Trump considera un ataque militar limitado para presionar a Ir\u00e1n sobre un acuerdo nuclear"},"content":{"rendered":"<p class=\"nota-justify\">El presidente Donald Trump asegur\u00f3 el viernes que est\u00e1 \u00abconsiderando\u00bb un ataque militar limitado contra Ir\u00e1n para presionar a sus l\u00edderes a un acuerdo sobre su programa nuclear, report\u00f3 Fox News.<\/p>\n<p class=\"nota-justify\">\u00abCreo que puedo decir que lo estoy considerando\u00bb, declar\u00f3 Trump en un desayuno con gobernadores en la Casa Blanca, despu\u00e9s de que un periodista le preguntara: \u00ab\u00bfEst\u00e1n considerando un ataque militar limitado para presionar a Ir\u00e1n a llegar a un acuerdo?\u00bb.<\/p>\n<p class=\"nota-justify\">El presidente sugiri\u00f3 este jueves que la ventana para un avance se est\u00e1 reduciendo, indicando que Ir\u00e1n no tiene m\u00e1s de \u00ab10, 15 d\u00edas, pr\u00e1cticamente el m\u00e1ximo\u00bb para llegar a un acuerdo. \u00abO llegamos a un acuerdo o ser\u00e1 una desgracia para ellos\u00bb, sentenci\u00f3.<\/p>\n","protected":false},"excerpt":{"rendered":"<p>El presidente Donald Trump asegur\u00f3 el viernes que est\u00e1 \u00abconsiderando\u00bb un ataque militar limitado contra Ir\u00e1n para presionar a sus [&hellip;]<\/p>\n","protected":false},"author":4,"featured_media":80422,"comment_status":"closed","ping_status":"closed","sticky":false,"template":"","format":"standard","meta":{"site-sidebar-layout":"default","site-content-layout":"","ast-site-content-layout":"default","site-content-style":"default","site-sidebar-style":"default","ast-global-header-display":"","ast-banner-title-visibility":"","ast-main-header-display":"","ast-hfb-above-header-display":"","ast-hfb-below-header-display":"","ast-hfb-mobile-header-display":"","site-post-title":"","ast-breadcrumbs-content":"","ast-featured-img":"","footer-sml-layout":"","ast-disable-related-posts":"","theme-transparent-header-meta":"","adv-header-id-meta":"","stick-header-meta":"","header-above-stick-meta":"","header-main-stick-meta":"","header-below-stick-meta":"","astra-migrate-meta-layouts":"default","ast-page-background-enabled":"default","ast-page-background-meta":{"desktop":{"background-color":"var(--ast-global-color-5)","background-image":"","background-repeat":"repeat","background-position":"center center","background-size":"auto","background-attachment":"scroll","background-type":"","background-media":"","overlay-type":"","overlay-color":"","overlay-opacity":"","overlay-gradient":""},"tablet":{"background-color":"","background-image":"","background-repeat":"repeat","background-position":"center center","background-size":"auto","background-attachment":"scroll","background-type":"","background-media":"","overlay-type":"","overlay-color":"","overlay-opacity":"","overlay-gradient":""},"mobile":{"background-color":"","background-image":"","background-repeat":"repeat","background-position":"center center","background-size":"auto","background-attachment":"scroll","background-type":"","background-media":"","overlay-type":"","overlay-color":"","overlay-opacity":"","overlay-gradient":""}},"ast-content-background-meta":{"desktop":{"background-color":"var(--ast-global-color-4)","background-image":"","background-repeat":"repeat","background-position":"center center","background-size":"auto","background-attachment":"scroll","background-type":"","background-media":"","overlay-type":"","overlay-color":"","overlay-opacity":"","overlay-gradient":""},"tablet":{"background-color":"var(--ast-global-color-4)","background-image":"","background-repeat":"repeat","background-position":"center center","background-size":"auto","background-attachment":"scroll","background-type":"","background-media":"","overlay-type":"","overlay-color":"","overlay-opacity":"","overlay-gradient":""},"mobile":{"background-color":"var(--ast-global-color-4)","background-image":"","background-repeat":"repeat","background-position":"center center","background-size":"auto","background-attachment":"scroll","background-type":"","background-media":"","overlay-type":"","overlay-color":"","overlay-opacity":"","overlay-gradient":""}},"_jetpack_newsletter_access":"","_jetpack_dont_email_post_to_subs":false,"_jetpack_newsletter_tier_id":0,"_jetpack_memberships_contains_paywalled_content":false,"_jetpack_feature_clip_id":0,"_jetpack_memberships_contains_paid_content":false,"footnotes":"","jetpack_publicize_message":"","jetpack_publicize_feature_enabled":true,"jetpack_social_post_already_shared":true,"jetpack_social_options":{"image_generator_settings":{"template":"highway","default_image_id":0,"font":"","enabled":false},"version":2},"jetpack_post_was_ever_published":false},"categories":[28],"tags":[],"class_list":["post-80421","post","type-post","status-publish","format-standard","has-post-thumbnail","hentry","category-internacional"],"yoast_head":"<!-- This site is optimized with the Yoast SEO plugin v28.3 - https:\/\/yoast.com\/product\/yoast-seo-wordpress\/ -->\n<title>Trump considera un ataque militar limitado para presionar a Ir\u00e1n sobre un acuerdo nuclear - Pol\u00edticos al Desnudo<\/title>\n<meta name=\"robots\" content=\"index, follow, max-snippet:-1, max-image-preview:large, max-video-preview:-1\" \/>\n<link rel=\"canonical\" href=\"https:\/\/politicosaldesnudo.com.mx\/index.php\/2026\/02\/21\/trump-considera-un-ataque-militar-limitado-para-presionar-a-iran-sobre-un-acuerdo-nuclear\/\" \/>\n<meta property=\"og:locale\" content=\"es_ES\" \/>\n<meta property=\"og:type\" content=\"article\" \/>\n<meta property=\"og:title\" content=\"Trump considera un ataque militar limitado para presionar a Ir\u00e1n sobre un acuerdo nuclear - Pol\u00edticos al Desnudo\" \/>\n<meta property=\"og:description\" content=\"El presidente Donald Trump asegur\u00f3 el viernes que est\u00e1 \u00abconsiderando\u00bb un ataque militar limitado contra Ir\u00e1n para presionar a sus [&hellip;]\" \/>\n<meta property=\"og:url\" content=\"https:\/\/politicosaldesnudo.com.mx\/index.php\/2026\/02\/21\/trump-considera-un-ataque-militar-limitado-para-presionar-a-iran-sobre-un-acuerdo-nuclear\/\" \/>\n<meta property=\"og:site_name\" content=\"Pol\u00edticos al Desnudo\" \/>\n<meta property=\"article:publisher\" content=\"https:\/\/www.facebook.com\/PoliticosAD\" \/>\n<meta property=\"article:published_time\" content=\"2026-02-21T06:19:51+00:00\" \/>\n<meta property=\"og:image\" content=\"https:\/\/i0.wp.com\/politicosaldesnudo.com.mx\/wp-content\/uploads\/2026\/02\/SIG.jpg?fit=1200%2C800&ssl=1\" \/>\n\t<meta property=\"og:image:width\" content=\"1200\" \/>\n\t<meta property=\"og:image:height\" content=\"800\" \/>\n\t<meta property=\"og:image:type\" content=\"image\/jpeg\" \/>\n<meta name=\"author\" content=\"Redacci\u00f3n Pol\u00edticos\" \/>\n<meta name=\"twitter:card\" content=\"summary_large_image\" \/>\n<meta name=\"twitter:label1\" content=\"Escrito por\" \/>\n\t<meta name=\"twitter:data1\" content=\"Redacci\u00f3n Pol\u00edticos\" \/>\n\t<meta name=\"twitter:label2\" content=\"Tiempo de lectura\" \/>\n\t<meta name=\"twitter:data2\" content=\"1 minuto\" \/>\n<script type=\"application\/ld+json\" class=\"yoast-schema-graph\">{\"@context\":\"https:\\\/\\\/schema.org\",\"@graph\":[{\"@type\":\"Article\",\"@id\":\"https:\\\/\\\/politicosaldesnudo.com.mx\\\/index.php\\\/2026\\\/02\\\/21\\\/trump-considera-un-ataque-militar-limitado-para-presionar-a-iran-sobre-un-acuerdo-nuclear\\\/#article\",\"isPartOf\":{\"@id\":\"https:\\\/\\\/politicosaldesnudo.com.mx\\\/index.php\\\/2026\\\/02\\\/21\\\/trump-considera-un-ataque-militar-limitado-para-presionar-a-iran-sobre-un-acuerdo-nuclear\\\/\"},\"author\":{\"name\":\"Redacci\u00f3n Pol\u00edticos\",\"@id\":\"https:\\\/\\\/politicosaldesnudo.com.mx\\\/#\\\/schema\\\/person\\\/ef3a64e561cc3f3f5dc52fab81adde7e\"},\"headline\":\"Trump considera un ataque militar limitado para presionar a Ir\u00e1n sobre un acuerdo nuclear\",\"datePublished\":\"2026-02-21T06:19:51+00:00\",\"mainEntityOfPage\":{\"@id\":\"https:\\\/\\\/politicosaldesnudo.com.mx\\\/index.php\\\/2026\\\/02\\\/21\\\/trump-considera-un-ataque-militar-limitado-para-presionar-a-iran-sobre-un-acuerdo-nuclear\\\/\"},\"wordCount\":139,\"publisher\":{\"@id\":\"https:\\\/\\\/politicosaldesnudo.com.mx\\\/#organization\"},\"image\":{\"@id\":\"https:\\\/\\\/politicosaldesnudo.com.mx\\\/index.php\\\/2026\\\/02\\\/21\\\/trump-considera-un-ataque-militar-limitado-para-presionar-a-iran-sobre-un-acuerdo-nuclear\\\/#primaryimage\"},\"thumbnailUrl\":\"https:\\\/\\\/i0.wp.com\\\/politicosaldesnudo.com.mx\\\/wp-content\\\/uploads\\\/2026\\\/02\\\/SIG.jpg?fit=1200%2C800&ssl=1\",\"articleSection\":[\"INTERNACIONAL\"],\"inLanguage\":\"es\"},{\"@type\":\"WebPage\",\"@id\":\"https:\\\/\\\/politicosaldesnudo.com.mx\\\/index.php\\\/2026\\\/02\\\/21\\\/trump-considera-un-ataque-militar-limitado-para-presionar-a-iran-sobre-un-acuerdo-nuclear\\\/\",\"url\":\"https:\\\/\\\/politicosaldesnudo.com.mx\\\/index.php\\\/2026\\\/02\\\/21\\\/trump-considera-un-ataque-militar-limitado-para-presionar-a-iran-sobre-un-acuerdo-nuclear\\\/\",\"name\":\"Trump considera un ataque militar limitado para presionar a Ir\u00e1n sobre un acuerdo nuclear - Pol\u00edticos al Desnudo\",\"isPartOf\":{\"@id\":\"https:\\\/\\\/politicosaldesnudo.com.mx\\\/#website\"},\"primaryImageOfPage\":{\"@id\":\"https:\\\/\\\/politicosaldesnudo.com.mx\\\/index.php\\\/2026\\\/02\\\/21\\\/trump-considera-un-ataque-militar-limitado-para-presionar-a-iran-sobre-un-acuerdo-nuclear\\\/#primaryimage\"},\"image\":{\"@id\":\"https:\\\/\\\/politicosaldesnudo.com.mx\\\/index.php\\\/2026\\\/02\\\/21\\\/trump-considera-un-ataque-militar-limitado-para-presionar-a-iran-sobre-un-acuerdo-nuclear\\\/#primaryimage\"},\"thumbnailUrl\":\"https:\\\/\\\/i0.wp.com\\\/politicosaldesnudo.com.mx\\\/wp-content\\\/uploads\\\/2026\\\/02\\\/SIG.jpg?fit=1200%2C800&ssl=1\",\"datePublished\":\"2026-02-21T06:19:51+00:00\",\"breadcrumb\":{\"@id\":\"https:\\\/\\\/politicosaldesnudo.com.mx\\\/index.php\\\/2026\\\/02\\\/21\\\/trump-considera-un-ataque-militar-limitado-para-presionar-a-iran-sobre-un-acuerdo-nuclear\\\/#breadcrumb\"},\"inLanguage\":\"es\",\"potentialAction\":[{\"@type\":\"ReadAction\",\"target\":[\"https:\\\/\\\/politicosaldesnudo.com.mx\\\/index.php\\\/2026\\\/02\\\/21\\\/trump-considera-un-ataque-militar-limitado-para-presionar-a-iran-sobre-un-acuerdo-nuclear\\\/\"]}]},{\"@type\":\"ImageObject\",\"inLanguage\":\"es\",\"@id\":\"https:\\\/\\\/politicosaldesnudo.com.mx\\\/index.php\\\/2026\\\/02\\\/21\\\/trump-considera-un-ataque-militar-limitado-para-presionar-a-iran-sobre-un-acuerdo-nuclear\\\/#primaryimage\",\"url\":\"https:\\\/\\\/i0.wp.com\\\/politicosaldesnudo.com.mx\\\/wp-content\\\/uploads\\\/2026\\\/02\\\/SIG.jpg?fit=1200%2C800&ssl=1\",\"contentUrl\":\"https:\\\/\\\/i0.wp.com\\\/politicosaldesnudo.com.mx\\\/wp-content\\\/uploads\\\/2026\\\/02\\\/SIG.jpg?fit=1200%2C800&ssl=1\",\"width\":1200,\"height\":800},{\"@type\":\"BreadcrumbList\",\"@id\":\"https:\\\/\\\/politicosaldesnudo.com.mx\\\/index.php\\\/2026\\\/02\\\/21\\\/trump-considera-un-ataque-militar-limitado-para-presionar-a-iran-sobre-un-acuerdo-nuclear\\\/#breadcrumb\",\"itemListElement\":[{\"@type\":\"ListItem\",\"position\":1,\"name\":\"Portada\",\"item\":\"https:\\\/\\\/politicosaldesnudo.com.mx\\\/\"},{\"@type\":\"ListItem\",\"position\":2,\"name\":\"Trump considera un ataque militar limitado para presionar a Ir\u00e1n sobre un acuerdo nuclear\"}]},{\"@type\":\"WebSite\",\"@id\":\"https:\\\/\\\/politicosaldesnudo.com.mx\\\/#website\",\"url\":\"https:\\\/\\\/politicosaldesnudo.com.mx\\\/\",\"name\":\"Pol\u00edticos al Desnudo\",\"description\":\"\",\"publisher\":{\"@id\":\"https:\\\/\\\/politicosaldesnudo.com.mx\\\/#organization\"},\"potentialAction\":[{\"@type\":\"SearchAction\",\"target\":{\"@type\":\"EntryPoint\",\"urlTemplate\":\"https:\\\/\\\/politicosaldesnudo.com.mx\\\/?s={search_term_string}\"},\"query-input\":{\"@type\":\"PropertyValueSpecification\",\"valueRequired\":true,\"valueName\":\"search_term_string\"}}],\"inLanguage\":\"es\"},{\"@type\":\"Organization\",\"@id\":\"https:\\\/\\\/politicosaldesnudo.com.mx\\\/#organization\",\"name\":\"Pol\u00edticos al Desnudo\",\"url\":\"https:\\\/\\\/politicosaldesnudo.com.mx\\\/\",\"logo\":{\"@type\":\"ImageObject\",\"inLanguage\":\"es\",\"@id\":\"https:\\\/\\\/politicosaldesnudo.com.mx\\\/#\\\/schema\\\/logo\\\/image\\\/\",\"url\":\"https:\\\/\\\/i0.wp.com\\\/politicosaldesnudo.com.mx\\\/wp-content\\\/uploads\\\/2026\\\/08\\\/cropped-logo.webp?fit=400%2C126&ssl=1\",\"contentUrl\":\"https:\\\/\\\/i0.wp.com\\\/politicosaldesnudo.com.mx\\\/wp-content\\\/uploads\\\/2026\\\/08\\\/cropped-logo.webp?fit=400%2C126&ssl=1\",\"width\":400,\"height\":126,\"caption\":\"Pol\u00edticos al Desnudo\"},\"image\":{\"@id\":\"https:\\\/\\\/politicosaldesnudo.com.mx\\\/#\\\/schema\\\/logo\\\/image\\\/\"},\"sameAs\":[\"https:\\\/\\\/www.facebook.com\\\/PoliticosAD\"]},{\"@type\":\"Person\",\"@id\":\"https:\\\/\\\/politicosaldesnudo.com.mx\\\/#\\\/schema\\\/person\\\/ef3a64e561cc3f3f5dc52fab81adde7e\",\"name\":\"Redacci\u00f3n Pol\u00edticos\",\"url\":\"https:\\\/\\\/politicosaldesnudo.com.mx\\\/index.php\\\/author\\\/redaccion-politicos\\\/\"}]}<\/script>\n<!-- \/ Yoast SEO plugin. -->","yoast_head_json":{"title":"Trump considera un ataque militar limitado para presionar a Ir\u00e1n sobre un acuerdo nuclear - Pol\u00edticos al Desnudo","robots":{"index":"index","follow":"follow","max-snippet":"max-snippet:-1","max-image-preview":"max-image-preview:large","max-video-preview":"max-video-preview:-1"},"canonical":"https:\/\/politicosaldesnudo.com.mx\/index.php\/2026\/02\/21\/trump-considera-un-ataque-militar-limitado-para-presionar-a-iran-sobre-un-acuerdo-nuclear\/","og_locale":"es_ES","og_type":"article","og_title":"Trump considera un ataque militar limitado para presionar a Ir\u00e1n sobre un acuerdo nuclear - Pol\u00edticos al Desnudo","og_description":"El presidente Donald Trump asegur\u00f3 el viernes que est\u00e1 \u00abconsiderando\u00bb un ataque militar limitado contra Ir\u00e1n para presionar a sus [&hellip;]","og_url":"https:\/\/politicosaldesnudo.com.mx\/index.php\/2026\/02\/21\/trump-considera-un-ataque-militar-limitado-para-presionar-a-iran-sobre-un-acuerdo-nuclear\/","og_site_name":"Pol\u00edticos al Desnudo","article_publisher":"https:\/\/www.facebook.com\/PoliticosAD","article_published_time":"2026-02-21T06:19:51+00:00","og_image":[{"width":1200,"height":800,"url":"https:\/\/i0.wp.com\/politicosaldesnudo.com.mx\/wp-content\/uploads\/2026\/02\/SIG.jpg?fit=1200%2C800&ssl=1","type":"image\/jpeg"}],"author":"Redacci\u00f3n Pol\u00edticos","twitter_card":"summary_large_image","twitter_misc":{"Escrito por":"Redacci\u00f3n Pol\u00edticos","Tiempo de lectura":"1 minuto"},"schema":{"@context":"https:\/\/schema.org","@graph":[{"@type":"Article","@id":"https:\/\/politicosaldesnudo.com.mx\/index.php\/2026\/02\/21\/trump-considera-un-ataque-militar-limitado-para-presionar-a-iran-sobre-un-acuerdo-nuclear\/#article","isPartOf":{"@id":"https:\/\/politicosaldesnudo.com.mx\/index.php\/2026\/02\/21\/trump-considera-un-ataque-militar-limitado-para-presionar-a-iran-sobre-un-acuerdo-nuclear\/"},"author":{"name":"Redacci\u00f3n Pol\u00edticos","@id":"https:\/\/politicosaldesnudo.com.mx\/#\/schema\/person\/ef3a64e561cc3f3f5dc52fab81adde7e"},"headline":"Trump considera un ataque militar limitado para presionar a Ir\u00e1n sobre un acuerdo nuclear","datePublished":"2026-02-21T06:19:51+00:00","mainEntityOfPage":{"@id":"https:\/\/politicosaldesnudo.com.mx\/index.php\/2026\/02\/21\/trump-considera-un-ataque-militar-limitado-para-presionar-a-iran-sobre-un-acuerdo-nuclear\/"},"wordCount":139,"publisher":{"@id":"https:\/\/politicosaldesnudo.com.mx\/#organization"},"image":{"@id":"https:\/\/politicosaldesnudo.com.mx\/index.php\/2026\/02\/21\/trump-considera-un-ataque-militar-limitado-para-presionar-a-iran-sobre-un-acuerdo-nuclear\/#primaryimage"},"thumbnailUrl":"https:\/\/i0.wp.com\/politicosaldesnudo.com.mx\/wp-content\/uploads\/2026\/02\/SIG.jpg?fit=1200%2C800&ssl=1","articleSection":["INTERNACIONAL"],"inLanguage":"es"},{"@type":"WebPage","@id":"https:\/\/politicosaldesnudo.com.mx\/index.php\/2026\/02\/21\/trump-considera-un-ataque-militar-limitado-para-presionar-a-iran-sobre-un-acuerdo-nuclear\/","url":"https:\/\/politicosaldesnudo.com.mx\/index.php\/2026\/02\/21\/trump-considera-un-ataque-militar-limitado-para-presionar-a-iran-sobre-un-acuerdo-nuclear\/","name":"Trump considera un ataque militar limitado para presionar a Ir\u00e1n sobre un acuerdo nuclear - Pol\u00edticos al Desnudo","isPartOf":{"@id":"https:\/\/politicosaldesnudo.com.mx\/#website"},"primaryImageOfPage":{"@id":"https:\/\/politicosaldesnudo.com.mx\/index.php\/2026\/02\/21\/trump-considera-un-ataque-militar-limitado-para-presionar-a-iran-sobre-un-acuerdo-nuclear\/#primaryimage"},"image":{"@id":"https:\/\/politicosaldesnudo.com.mx\/index.php\/2026\/02\/21\/trump-considera-un-ataque-militar-limitado-para-presionar-a-iran-sobre-un-acuerdo-nuclear\/#primaryimage"},"thumbnailUrl":"https:\/\/i0.wp.com\/politicosaldesnudo.com.mx\/wp-content\/uploads\/2026\/02\/SIG.jpg?fit=1200%2C800&ssl=1","datePublished":"2026-02-21T06:19:51+00:00","breadcrumb":{"@id":"https:\/\/politicosaldesnudo.com.mx\/index.php\/2026\/02\/21\/trump-considera-un-ataque-militar-limitado-para-presionar-a-iran-sobre-un-acuerdo-nuclear\/#breadcrumb"},"inLanguage":"es","potentialAction":[{"@type":"ReadAction","target":["https:\/\/politicosaldesnudo.com.mx\/index.php\/2026\/02\/21\/trump-considera-un-ataque-militar-limitado-para-presionar-a-iran-sobre-un-acuerdo-nuclear\/"]}]},{"@type":"ImageObject","inLanguage":"es","@id":"https:\/\/politicosaldesnudo.com.mx\/index.php\/2026\/02\/21\/trump-considera-un-ataque-militar-limitado-para-presionar-a-iran-sobre-un-acuerdo-nuclear\/#primaryimage","url":"https:\/\/i0.wp.com\/politicosaldesnudo.com.mx\/wp-content\/uploads\/2026\/02\/SIG.jpg?fit=1200%2C800&ssl=1","contentUrl":"https:\/\/i0.wp.com\/politicosaldesnudo.com.mx\/wp-content\/uploads\/2026\/02\/SIG.jpg?fit=1200%2C800&ssl=1","width":1200,"height":800},{"@type":"BreadcrumbList","@id":"https:\/\/politicosaldesnudo.com.mx\/index.php\/2026\/02\/21\/trump-considera-un-ataque-militar-limitado-para-presionar-a-iran-sobre-un-acuerdo-nuclear\/#breadcrumb","itemListElement":[{"@type":"ListItem","position":1,"name":"Portada","item":"https:\/\/politicosaldesnudo.com.mx\/"},{"@type":"ListItem","position":2,"name":"Trump considera un ataque militar limitado para presionar a Ir\u00e1n sobre un acuerdo nuclear"}]},{"@type":"WebSite","@id":"https:\/\/politicosaldesnudo.com.mx\/#website","url":"https:\/\/politicosaldesnudo.com.mx\/","name":"Pol\u00edticos al Desnudo","description":"","publisher":{"@id":"https:\/\/politicosaldesnudo.com.mx\/#organization"},"potentialAction":[{"@type":"SearchAction","target":{"@type":"EntryPoint","urlTemplate":"https:\/\/politicosaldesnudo.com.mx\/?s={search_term_string}"},"query-input":{"@type":"PropertyValueSpecification","valueRequired":true,"valueName":"search_term_string"}}],"inLanguage":"es"},{"@type":"Organization","@id":"https:\/\/politicosaldesnudo.com.mx\/#organization","name":"Pol\u00edticos al Desnudo","url":"https:\/\/politicosaldesnudo.com.mx\/","logo":{"@type":"ImageObject","inLanguage":"es","@id":"https:\/\/politicosaldesnudo.com.mx\/#\/schema\/logo\/image\/","url":"https:\/\/i0.wp.com\/politicosaldesnudo.com.mx\/wp-content\/uploads\/2026\/08\/cropped-logo.webp?fit=400%2C126&ssl=1","contentUrl":"https:\/\/i0.wp.com\/politicosaldesnudo.com.mx\/wp-content\/uploads\/2026\/08\/cropped-logo.webp?fit=400%2C126&ssl=1","width":400,"height":126,"caption":"Pol\u00edticos al Desnudo"},"image":{"@id":"https:\/\/politicosaldesnudo.com.mx\/#\/schema\/logo\/image\/"},"sameAs":["https:\/\/www.facebook.com\/PoliticosAD"]},{"@type":"Person","@id":"https:\/\/politicosaldesnudo.com.mx\/#\/schema\/person\/ef3a64e561cc3f3f5dc52fab81adde7e","name":"Redacci\u00f3n Pol\u00edticos","url":"https:\/\/politicosaldesnudo.com.mx\/index.php\/author\/redaccion-politicos\/"}]}},"jetpack_publicize_connections":[],"jetpack-related-posts":[{"id":88279,"url":"https:\/\/politicosaldesnudo.com.mx\/index.php\/2026\/09\/02\/trump-quiere-bautizar-con-su-apellido-al-estrecho-de-ormuz-en-plena-ofensiva-contra-iran\/","url_meta":{"origin":80421,"position":0},"title":"Trump quiere bautizar con su apellido al estrecho de Ormuz en plena ofensiva contra Ir\u00e1n","author":"Redacci\u00f3n Pol\u00edticos","date":"2 de septiembre de 2026","format":false,"excerpt":"Donald Trump volvi\u00f3 a generar pol\u00e9mica internacional al sugerir que el estrecho de Ormuz, una de las rutas mar\u00edtimas m\u00e1s importantes del mundo, sea rebautizado como \u201cestrecho de Trump\u201d. El presidente estadounidense lanz\u00f3 la propuesta mediante una publicaci\u00f3n en Truth Social, donde asegur\u00f3 que la zona se encuentra bajo el\u2026","rel":"","context":"En \u00abINTERNACIONAL\u00bb","block_context":{"text":"INTERNACIONAL","link":"https:\/\/politicosaldesnudo.com.mx\/index.php\/category\/internacional\/"},"img":{"alt_text":"","src":"https:\/\/i0.wp.com\/politicosaldesnudo.com.mx\/wp-content\/uploads\/2026\/09\/P20260827MR-0955.webp?fit=1200%2C800&ssl=1&resize=350%2C200","width":350,"height":200,"srcset":"https:\/\/i0.wp.com\/politicosaldesnudo.com.mx\/wp-content\/uploads\/2026\/09\/P20260827MR-0955.webp?fit=1200%2C800&ssl=1&resize=350%2C200 1x, https:\/\/i0.wp.com\/politicosaldesnudo.com.mx\/wp-content\/uploads\/2026\/09\/P20260827MR-0955.webp?fit=1200%2C800&ssl=1&resize=525%2C300 1.5x, https:\/\/i0.wp.com\/politicosaldesnudo.com.mx\/wp-content\/uploads\/2026\/09\/P20260827MR-0955.webp?fit=1200%2C800&ssl=1&resize=700%2C400 2x, https:\/\/i0.wp.com\/politicosaldesnudo.com.mx\/wp-content\/uploads\/2026\/09\/P20260827MR-0955.webp?fit=1200%2C800&ssl=1&resize=1050%2C600 3x"},"classes":[]},{"id":88260,"url":"https:\/\/politicosaldesnudo.com.mx\/index.php\/2026\/09\/01\/canada-pone-un-alto-a-trump-no-retomara-dialogo-comercial-mientras-continuen-burlas-y-ataques\/","url_meta":{"origin":80421,"position":1},"title":"Canad\u00e1 pone un alto a Trump: no retomar\u00e1 di\u00e1logo comercial mientras contin\u00faen burlas y ataques","author":"Redacci\u00f3n Pol\u00edticos","date":"1 de septiembre de 2026","format":false,"excerpt":"El primer ministro canadiense, Mark Carney, condicion\u00f3 la reanudaci\u00f3n de las negociaciones comerciales con Estados Unidos a que el Gobierno de Donald Trump abandone las provocaciones y muestre una disposici\u00f3n seria para alcanzar un acuerdo. Carney se\u00f1al\u00f3 que Canad\u00e1 est\u00e1 preparado para volver a la mesa de di\u00e1logo, pero \u00fanicamente\u2026","rel":"","context":"En \u00abINTERNACIONAL\u00bb","block_context":{"text":"INTERNACIONAL","link":"https:\/\/politicosaldesnudo.com.mx\/index.php\/category\/internacional\/"},"img":{"alt_text":"","src":"https:\/\/i0.wp.com\/politicosaldesnudo.com.mx\/wp-content\/uploads\/2026\/09\/gettyimages-2227090184-1024x1024-1.jpg?fit=1024%2C683&ssl=1&resize=350%2C200","width":350,"height":200,"srcset":"https:\/\/i0.wp.com\/politicosaldesnudo.com.mx\/wp-content\/uploads\/2026\/09\/gettyimages-2227090184-1024x1024-1.jpg?fit=1024%2C683&ssl=1&resize=350%2C200 1x, https:\/\/i0.wp.com\/politicosaldesnudo.com.mx\/wp-content\/uploads\/2026\/09\/gettyimages-2227090184-1024x1024-1.jpg?fit=1024%2C683&ssl=1&resize=525%2C300 1.5x, https:\/\/i0.wp.com\/politicosaldesnudo.com.mx\/wp-content\/uploads\/2026\/09\/gettyimages-2227090184-1024x1024-1.jpg?fit=1024%2C683&ssl=1&resize=700%2C400 2x"},"classes":[]},{"id":87986,"url":"https:\/\/politicosaldesnudo.com.mx\/index.php\/2026\/08\/22\/macron-desafia-a-putin-francia-enviara-mas-misiles-para-proteger-a-ucrania\/","url_meta":{"origin":80421,"position":2},"title":"Macron desaf\u00eda a Putin: Francia enviar\u00e1 m\u00e1s misiles para proteger a Ucrania","author":"Redacci\u00f3n Pol\u00edticos","date":"22 de agosto de 2026","format":false,"excerpt":"Francia enviar\u00e1 nuevos misiles interceptores y acelerar\u00e1 la entrega de equipos militares a Ucrania, en respuesta a la reciente intensificaci\u00f3n de los ataques rusos contra ciudades e infraestructura civil. El presidente Emmanuel Macron confirm\u00f3 el apoyo despu\u00e9s de mantener una conversaci\u00f3n telef\u00f3nica de casi dos horas con su hom\u00f3logo ucraniano,\u2026","rel":"","context":"En \u00abINTERNACIONAL\u00bb","block_context":{"text":"INTERNACIONAL","link":"https:\/\/politicosaldesnudo.com.mx\/index.php\/category\/internacional\/"},"img":{"alt_text":"","src":"https:\/\/politicosaldesnudo.com.mx\/wp-content\/uploads\/2026\/08\/UZGCVPJBNJDS3O7ZRFP6WVEPYI.avif","width":350,"height":200,"srcset":"https:\/\/politicosaldesnudo.com.mx\/wp-content\/uploads\/2026\/08\/UZGCVPJBNJDS3O7ZRFP6WVEPYI.avif 1x, https:\/\/politicosaldesnudo.com.mx\/wp-content\/uploads\/2026\/08\/UZGCVPJBNJDS3O7ZRFP6WVEPYI.avif 1.5x, https:\/\/politicosaldesnudo.com.mx\/wp-content\/uploads\/2026\/08\/UZGCVPJBNJDS3O7ZRFP6WVEPYI.avif 2x"},"classes":[]},{"id":88048,"url":"https:\/\/politicosaldesnudo.com.mx\/index.php\/2026\/08\/24\/trump-eleva-la-presion-sobre-canada-con-aranceles-de-50-al-sector-automotriz\/","url_meta":{"origin":80421,"position":3},"title":"Trump eleva la presi\u00f3n sobre Canad\u00e1 con aranceles de 50% al sector automotriz","author":"Redacci\u00f3n Pol\u00edticos","date":"24 de agosto de 2026","format":false,"excerpt":"Washington.- La disputa comercial entre Estados Unidos y Canad\u00e1 entr\u00f3 en una nueva fase despu\u00e9s de que Donald Trump anunciara un arancel de 50 por ciento para los veh\u00edculos, camiones, autopartes y productos de acero procedentes del pa\u00eds vecino. Las nuevas tarifas entrar\u00edan en vigor el 1 de enero de\u2026","rel":"","context":"En \u00abINTERNACIONAL\u00bb","block_context":{"text":"INTERNACIONAL","link":"https:\/\/politicosaldesnudo.com.mx\/index.php\/category\/internacional\/"},"img":{"alt_text":"","src":"https:\/\/i0.wp.com\/politicosaldesnudo.com.mx\/wp-content\/uploads\/2026\/08\/trump-vs-carney-aranceles.jpg?fit=1200%2C675&ssl=1&resize=350%2C200","width":350,"height":200,"srcset":"https:\/\/i0.wp.com\/politicosaldesnudo.com.mx\/wp-content\/uploads\/2026\/08\/trump-vs-carney-aranceles.jpg?fit=1200%2C675&ssl=1&resize=350%2C200 1x, https:\/\/i0.wp.com\/politicosaldesnudo.com.mx\/wp-content\/uploads\/2026\/08\/trump-vs-carney-aranceles.jpg?fit=1200%2C675&ssl=1&resize=525%2C300 1.5x, https:\/\/i0.wp.com\/politicosaldesnudo.com.mx\/wp-content\/uploads\/2026\/08\/trump-vs-carney-aranceles.jpg?fit=1200%2C675&ssl=1&resize=700%2C400 2x, https:\/\/i0.wp.com\/politicosaldesnudo.com.mx\/wp-content\/uploads\/2026\/08\/trump-vs-carney-aranceles.jpg?fit=1200%2C675&ssl=1&resize=1050%2C600 3x"},"classes":[]},{"id":87047,"url":"https:\/\/politicosaldesnudo.com.mx\/index.php\/2026\/07\/20\/las-mentiras-y-chantajes-armas-genocidas-de-trump\/","url_meta":{"origin":80421,"position":4},"title":"Las mentiras y chantajes, armas genocidas de Trump","author":"Redacci\u00f3n Pol\u00edticos","date":"20 de julio de 2026","format":false,"excerpt":"Las mentiras, repetidas mil veces se convierten en verdades para confundir y como v\u00edboras hambrientas se apoderan de los recursos naturales de las naciones, dando paso, de inmediato al chantaje amenazante y\u00a0 criminal\u00a0 e la aplicaci\u00f3n\u00a0 de aranceles , o bien de bloqueo comerciales \u00a0para sojuzgar a los pueblos y\u2026","rel":"","context":"En \u00abOPINI\u00d3N\u00bb","block_context":{"text":"OPINI\u00d3N","link":"https:\/\/politicosaldesnudo.com.mx\/index.php\/category\/columnistas\/"},"img":{"alt_text":"","src":"https:\/\/i0.wp.com\/politicosaldesnudo.com.mx\/wp-content\/uploads\/2026\/01\/BANNER-LIMA-COBOS.jpg?fit=533%2C297&ssl=1&resize=350%2C200","width":350,"height":200,"srcset":"https:\/\/i0.wp.com\/politicosaldesnudo.com.mx\/wp-content\/uploads\/2026\/01\/BANNER-LIMA-COBOS.jpg?fit=533%2C297&ssl=1&resize=350%2C200 1x, https:\/\/i0.wp.com\/politicosaldesnudo.com.mx\/wp-content\/uploads\/2026\/01\/BANNER-LIMA-COBOS.jpg?fit=533%2C297&ssl=1&resize=525%2C300 1.5x"},"classes":[]},{"id":88137,"url":"https:\/\/politicosaldesnudo.com.mx\/index.php\/2026\/08\/28\/trump-sella-megacuerdo-con-venezuela-estados-unidos-controlara-65-mil-millones-de-barriles-de-petroleo\/","url_meta":{"origin":80421,"position":5},"title":"Trump sella megacuerdo con Venezuela: Estados Unidos controlar\u00e1 65 mil millones de barriles de petr\u00f3leo","author":"Redacci\u00f3n Pol\u00edticos","date":"28 de agosto de 2026","format":false,"excerpt":"Estados Unidos tendr\u00e1 participaci\u00f3n mayoritaria sobre una parte estrat\u00e9gica de las reservas petroleras de Venezuela, luego de que el presidente Donald Trump anunciara un acuerdo que calific\u00f3 como el m\u00e1s grande alcanzado en la historia de la industria energ\u00e9tica. El convenio contempla que Washington obtenga el control operativo de m\u00e1s\u2026","rel":"","context":"En \u00abINTERNACIONAL\u00bb","block_context":{"text":"INTERNACIONAL","link":"https:\/\/politicosaldesnudo.com.mx\/index.php\/category\/internacional\/"},"img":{"alt_text":"","src":"https:\/\/i0.wp.com\/politicosaldesnudo.com.mx\/wp-content\/uploads\/2026\/08\/TRUNP.jpg?fit=640%2C427&ssl=1&resize=350%2C200","width":350,"height":200,"srcset":"https:\/\/i0.wp.com\/politicosaldesnudo.com.mx\/wp-content\/uploads\/2026\/08\/TRUNP.jpg?fit=640%2C427&ssl=1&resize=350%2C200 1x, https:\/\/i0.wp.com\/politicosaldesnudo.com.mx\/wp-content\/uploads\/2026\/08\/TRUNP.jpg?fit=640%2C427&ssl=1&resize=525%2C300 1.5x"},"classes":[]}],"jetpack_sharing_enabled":true,"jetpack_featured_media_url":"https:\/\/i0.wp.com\/politicosaldesnudo.com.mx\/wp-content\/uploads\/2026\/02\/SIG.jpg?fit=1200%2C800&ssl=1","_links":{"self":[{"href":"https:\/\/politicosaldesnudo.com.mx\/index.php\/wp-json\/wp\/v2\/posts\/80421","targetHints":{"allow":["GET"]}}],"collection":[{"href":"https:\/\/politicosaldesnudo.com.mx\/index.php\/wp-json\/wp\/v2\/posts"}],"about":[{"href":"https:\/\/politicosaldesnudo.com.mx\/index.php\/wp-json\/wp\/v2\/types\/post"}],"author":[{"embeddable":true,"href":"https:\/\/politicosaldesnudo.com.mx\/index.php\/wp-json\/wp\/v2\/users\/4"}],"replies":[{"embeddable":true,"href":"https:\/\/politicosaldesnudo.com.mx\/index.php\/wp-json\/wp\/v2\/comments?post=80421"}],"version-history":[{"count":0,"href":"https:\/\/politicosaldesnudo.com.mx\/index.php\/wp-json\/wp\/v2\/posts\/80421\/revisions"}],"wp:featuredmedia":[{"embeddable":true,"href":"https:\/\/politicosaldesnudo.com.mx\/index.php\/wp-json\/wp\/v2\/media\/80422"}],"wp:attachment":[{"href":"https:\/\/politicosaldesnudo.com.mx\/index.php\/wp-json\/wp\/v2\/media?parent=80421"}],"wp:term":[{"taxonomy":"category","embeddable":true,"href":"https:\/\/politicosaldesnudo.com.mx\/index.php\/wp-json\/wp\/v2\/categories?post=80421"},{"taxonomy":"post_tag","embeddable":true,"href":"https:\/\/politicosaldesnudo.com.mx\/index.php\/wp-json\/wp\/v2\/tags?post=80421"}],"curies":[{"name":"wp","href":"https:\/\/api.w.org\/{rel}","templated":true}]}}