{"id":80457,"date":"2026-02-23T00:11:46","date_gmt":"2026-02-23T06:11:46","guid":{"rendered":"https:\/\/politicosaldesnudo.com.mx\/?p=80457"},"modified":"2026-02-22T18:58:01","modified_gmt":"2026-02-23T00:58:01","slug":"firman-brasil-e-india-un-acuerdo-pionero-sobre-minerales-criticos","status":"publish","type":"post","link":"https:\/\/politicosaldesnudo.com.mx\/index.php\/2026\/02\/23\/firman-brasil-e-india-un-acuerdo-pionero-sobre-minerales-criticos\/","title":{"rendered":"Firman Brasil e India un acuerdo pionero sobre minerales cr\u00edticos"},"content":{"rendered":"<p class=\"nota-justify\">India y Brasil firmaron ayer en Nueva Delhi un acuerdo \u201cpionero\u201d sobre minerales cr\u00edticos y tierras raras, tras un encuentro entre sus l\u00edderes, Narendra Modi y Luiz In\u00e1cio Lula da Silva, respectivamente.<\/p>\n<p class=\"nota-justify\">El pacto es \u201cun paso importante de la construcci\u00f3n de cadenas de suministro resilientes\u201d, destac\u00f3 Modi. \u201cBrasil es el mayor socio comercial de India en Am\u00e9rica Latina, y estamos comprometidos en llevar nuestro comercio bilateral por encima de 20 mil millones de d\u00f3lares en los cinco a\u00f1os venideros\u201d, expuso el primer ministro Modi.<\/p>\n<p class=\"nota-justify\">\u201cNuestro comercio no son n\u00fameros, es un s\u00edmbolo de nuestra confianza mutua. Ampliar las inversiones y la cooperaci\u00f3n en materia de energ\u00edas renovables y minerales cr\u00edticos est\u00e1 en el n\u00facleo del acuerdo pionero que hemos firmado\u201d, abund\u00f3 Lula sobre el convenio del que no se divulgaron detalles.<\/p>\n<p class=\"nota-justify\">Brasil e India son fundadores del BRICS, inicialmente integrado tambi\u00e9n por Rusia, China y Sud\u00e1frica, al que ahora pertenecen 11 naciones y 10 son asociadas.<\/p>\n<p class=\"nota-justify\">El gigante sudamericano posee las segundas mayores reservas mundiales de esos materiales, necesarios para la fabricaci\u00f3n de productos tan diversos como veh\u00edculos el\u00e9ctricos, paneles solares, celulares inteligentes, motores de avi\u00f3n y misiles guiados.<\/p>\n<p class=\"nota-justify\">India, que busca reducir su dependencia de China, que es el principal exportador y domina la cadena de suministro en muchos de esos minerales, ha ampliado la producci\u00f3n y el reciclaje nacionales, al tiempo que busca nuevos proveedores. Adem\u00e1s, los dos pa\u00edses firmaron otros nueve acuerdos y memorandos, relativos, entre otros, a la cooperaci\u00f3n digital y el acceso equitativo a medicamentos.<\/p>\n<p class=\"nota-justify\">Un funcionario de la canciller\u00eda india, P. Kumaran, se\u00f1al\u00f3 que el mandatario brasile\u00f1o \u201cofreci\u00f3 una presentaci\u00f3n detallada sobre las sustanciales reservas de minerales cr\u00edticos y tierras raras. \u201cMencion\u00f3 que s\u00f3lo 30 por ciento de sus reservas han sido exploradas y que existe un amplio margen para la exploraci\u00f3n, el procesamiento de minerales y tambi\u00e9n su utilizaci\u00f3n\u201d.<\/p>\n<p class=\"nota-justify\">Lula lleg\u00f3 a India el mi\u00e9rcoles al frente de una delegaci\u00f3n de m\u00e1s de una decena de ministros y numerosos empresarios, para asistir a una cumbre mundial de inteligencia artificial.<\/p>\n<p class=\"nota-justify\">El mandatario brasile\u00f1o elogi\u00f3 la cooperaci\u00f3n con el pa\u00eds asi\u00e1tico, el m\u00e1s poblado del mundo, en un \u201cescenario global turbulento\u201d.<\/p>\n<p class=\"nota-justify\">Y en una alusi\u00f3n a la pol\u00edtica arancelaria del presidente estadunidense Donald Trump, que afecta a India y Brasil, entre muchos pa\u00edses, habl\u00f3 de \u201cunilateralismo comercial\u201d. Lula defendi\u00f3 que \u201ces m\u00e1s que normal que el Mercosur e India trabajen para ampliar de forma significativa el acuerdo de comercio preferencial\u201d, que ya existe entre el bloque sudamericano y el pa\u00eds asi\u00e1tico. India es el d\u00e9cimo mayor mercado para las exportaciones brasile\u00f1as, y los intercambios bilaterales entre India y Brasil superaron 15 mil millones de d\u00f3lares en 2025.<\/p>\n<p class=\"nota-justify\">Fuerte demanda de hierro<\/p>\n<p class=\"nota-justify\">Entre las principales exportaciones brasile\u00f1as a India figuran el az\u00facar, el petr\u00f3leo, los aceites vegetales, el algod\u00f3n y el mineral de hierro, cuya demanda ha aumentado por el r\u00e1pido desarrollo de las infraestructuras y por el crecimiento industrial de India, que podr\u00eda convertirse en la cuarta econom\u00eda mundial.<\/p>\n<p class=\"nota-justify\">Las empresas brasile\u00f1as tambi\u00e9n se est\u00e1n desarrollando en India. El grupo Adani y Embraer pactaron en enero la fabricaci\u00f3n de helic\u00f3pteros.<\/p>\n<p class=\"nota-justify\">Despu\u00e9s de India, Lula viajar\u00e1 a Corea del Sur, donde se reunir\u00e1 con el presidente Lee Jae-myung, y participar\u00e1 en un foro de negocios Brasil-Corea del Sur.<\/p>\n<p class=\"nota-justify\">El encuentro entre Lula y Modi, dos l\u00edderes del llamado Sur Global, tuvo lugar al d\u00eda siguiente del varapalo que se llev\u00f3 Trump cuando la Suprema Corte de Estados Unidos dictamin\u00f3 que el mandatario no tiene derecho a imponer tarifas aduaneras como si fuera una emergencia nacional.<\/p>\n","protected":false},"excerpt":{"rendered":"<p>India y Brasil firmaron ayer en Nueva Delhi un acuerdo \u201cpionero\u201d sobre minerales cr\u00edticos y tierras raras, tras un encuentro [&hellip;]<\/p>\n","protected":false},"author":4,"featured_media":80458,"comment_status":"closed","ping_status":"closed","sticky":false,"template":"","format":"standard","meta":{"site-sidebar-layout":"default","site-content-layout":"","ast-site-content-layout":"default","site-content-style":"default","site-sidebar-style":"default","ast-global-header-display":"","ast-banner-title-visibility":"","ast-main-header-display":"","ast-hfb-above-header-display":"","ast-hfb-below-header-display":"","ast-hfb-mobile-header-display":"","site-post-title":"","ast-breadcrumbs-content":"","ast-featured-img":"","footer-sml-layout":"","ast-disable-related-posts":"","theme-transparent-header-meta":"","adv-header-id-meta":"","stick-header-meta":"","header-above-stick-meta":"","header-main-stick-meta":"","header-below-stick-meta":"","astra-migrate-meta-layouts":"default","ast-page-background-enabled":"default","ast-page-background-meta":{"desktop":{"background-color":"var(--ast-global-color-5)","background-image":"","background-repeat":"repeat","background-position":"center center","background-size":"auto","background-attachment":"scroll","background-type":"","background-media":"","overlay-type":"","overlay-color":"","overlay-opacity":"","overlay-gradient":""},"tablet":{"background-color":"","background-image":"","background-repeat":"repeat","background-position":"center center","background-size":"auto","background-attachment":"scroll","background-type":"","background-media":"","overlay-type":"","overlay-color":"","overlay-opacity":"","overlay-gradient":""},"mobile":{"background-color":"","background-image":"","background-repeat":"repeat","background-position":"center center","background-size":"auto","background-attachment":"scroll","background-type":"","background-media":"","overlay-type":"","overlay-color":"","overlay-opacity":"","overlay-gradient":""}},"ast-content-background-meta":{"desktop":{"background-color":"var(--ast-global-color-4)","background-image":"","background-repeat":"repeat","background-position":"center center","background-size":"auto","background-attachment":"scroll","background-type":"","background-media":"","overlay-type":"","overlay-color":"","overlay-opacity":"","overlay-gradient":""},"tablet":{"background-color":"var(--ast-global-color-4)","background-image":"","background-repeat":"repeat","background-position":"center center","background-size":"auto","background-attachment":"scroll","background-type":"","background-media":"","overlay-type":"","overlay-color":"","overlay-opacity":"","overlay-gradient":""},"mobile":{"background-color":"var(--ast-global-color-4)","background-image":"","background-repeat":"repeat","background-position":"center center","background-size":"auto","background-attachment":"scroll","background-type":"","background-media":"","overlay-type":"","overlay-color":"","overlay-opacity":"","overlay-gradient":""}},"_jetpack_newsletter_access":"","_jetpack_dont_email_post_to_subs":false,"_jetpack_newsletter_tier_id":0,"_jetpack_memberships_contains_paywalled_content":false,"_jetpack_feature_clip_id":0,"_jetpack_memberships_contains_paid_content":false,"footnotes":"","jetpack_publicize_message":"","jetpack_publicize_feature_enabled":true,"jetpack_social_post_already_shared":true,"jetpack_social_options":{"image_generator_settings":{"template":"highway","default_image_id":0,"font":"","enabled":false},"version":2},"jetpack_post_was_ever_published":false},"categories":[2050],"tags":[],"class_list":["post-80457","post","type-post","status-publish","format-standard","has-post-thumbnail","hentry","category-economia"],"yoast_head":"<!-- This site is optimized with the Yoast SEO plugin v28.3 - https:\/\/yoast.com\/product\/yoast-seo-wordpress\/ -->\n<title>Firman Brasil e India un acuerdo pionero sobre minerales cr\u00edticos - Pol\u00edticos al Desnudo<\/title>\n<meta name=\"robots\" content=\"index, follow, max-snippet:-1, max-image-preview:large, max-video-preview:-1\" \/>\n<link rel=\"canonical\" href=\"https:\/\/politicosaldesnudo.com.mx\/index.php\/2026\/02\/23\/firman-brasil-e-india-un-acuerdo-pionero-sobre-minerales-criticos\/\" \/>\n<meta property=\"og:locale\" content=\"es_ES\" \/>\n<meta property=\"og:type\" content=\"article\" \/>\n<meta property=\"og:title\" content=\"Firman Brasil e India un acuerdo pionero sobre minerales cr\u00edticos - Pol\u00edticos al Desnudo\" \/>\n<meta property=\"og:description\" content=\"India y Brasil firmaron ayer en Nueva Delhi un acuerdo \u201cpionero\u201d sobre minerales cr\u00edticos y tierras raras, tras un encuentro [&hellip;]\" \/>\n<meta property=\"og:url\" content=\"https:\/\/politicosaldesnudo.com.mx\/index.php\/2026\/02\/23\/firman-brasil-e-india-un-acuerdo-pionero-sobre-minerales-criticos\/\" \/>\n<meta property=\"og:site_name\" content=\"Pol\u00edticos al Desnudo\" \/>\n<meta property=\"article:publisher\" content=\"https:\/\/www.facebook.com\/PoliticosAD\" \/>\n<meta property=\"article:published_time\" content=\"2026-02-23T06:11:46+00:00\" \/>\n<meta property=\"og:image\" content=\"https:\/\/i0.wp.com\/politicosaldesnudo.com.mx\/wp-content\/uploads\/2026\/02\/FIRM.jpg?fit=1200%2C800&ssl=1\" \/>\n\t<meta property=\"og:image:width\" content=\"1200\" \/>\n\t<meta property=\"og:image:height\" content=\"800\" \/>\n\t<meta property=\"og:image:type\" content=\"image\/jpeg\" \/>\n<meta name=\"author\" content=\"Redacci\u00f3n Pol\u00edticos\" \/>\n<meta name=\"twitter:card\" content=\"summary_large_image\" \/>\n<meta name=\"twitter:label1\" content=\"Escrito por\" \/>\n\t<meta name=\"twitter:data1\" content=\"Redacci\u00f3n Pol\u00edticos\" \/>\n\t<meta name=\"twitter:label2\" content=\"Tiempo de lectura\" \/>\n\t<meta name=\"twitter:data2\" content=\"3 minutos\" \/>\n<script type=\"application\/ld+json\" class=\"yoast-schema-graph\">{\"@context\":\"https:\\\/\\\/schema.org\",\"@graph\":[{\"@type\":\"Article\",\"@id\":\"https:\\\/\\\/politicosaldesnudo.com.mx\\\/index.php\\\/2026\\\/02\\\/23\\\/firman-brasil-e-india-un-acuerdo-pionero-sobre-minerales-criticos\\\/#article\",\"isPartOf\":{\"@id\":\"https:\\\/\\\/politicosaldesnudo.com.mx\\\/index.php\\\/2026\\\/02\\\/23\\\/firman-brasil-e-india-un-acuerdo-pionero-sobre-minerales-criticos\\\/\"},\"author\":{\"name\":\"Redacci\u00f3n Pol\u00edticos\",\"@id\":\"https:\\\/\\\/politicosaldesnudo.com.mx\\\/#\\\/schema\\\/person\\\/ef3a64e561cc3f3f5dc52fab81adde7e\"},\"headline\":\"Firman Brasil e India un acuerdo pionero sobre minerales cr\u00edticos\",\"datePublished\":\"2026-02-23T06:11:46+00:00\",\"mainEntityOfPage\":{\"@id\":\"https:\\\/\\\/politicosaldesnudo.com.mx\\\/index.php\\\/2026\\\/02\\\/23\\\/firman-brasil-e-india-un-acuerdo-pionero-sobre-minerales-criticos\\\/\"},\"wordCount\":659,\"publisher\":{\"@id\":\"https:\\\/\\\/politicosaldesnudo.com.mx\\\/#organization\"},\"image\":{\"@id\":\"https:\\\/\\\/politicosaldesnudo.com.mx\\\/index.php\\\/2026\\\/02\\\/23\\\/firman-brasil-e-india-un-acuerdo-pionero-sobre-minerales-criticos\\\/#primaryimage\"},\"thumbnailUrl\":\"https:\\\/\\\/i0.wp.com\\\/politicosaldesnudo.com.mx\\\/wp-content\\\/uploads\\\/2026\\\/02\\\/FIRM.jpg?fit=1200%2C800&ssl=1\",\"articleSection\":[\"ECONOM\u00cdA\"],\"inLanguage\":\"es\"},{\"@type\":\"WebPage\",\"@id\":\"https:\\\/\\\/politicosaldesnudo.com.mx\\\/index.php\\\/2026\\\/02\\\/23\\\/firman-brasil-e-india-un-acuerdo-pionero-sobre-minerales-criticos\\\/\",\"url\":\"https:\\\/\\\/politicosaldesnudo.com.mx\\\/index.php\\\/2026\\\/02\\\/23\\\/firman-brasil-e-india-un-acuerdo-pionero-sobre-minerales-criticos\\\/\",\"name\":\"Firman Brasil e India un acuerdo pionero sobre minerales cr\u00edticos - Pol\u00edticos al Desnudo\",\"isPartOf\":{\"@id\":\"https:\\\/\\\/politicosaldesnudo.com.mx\\\/#website\"},\"primaryImageOfPage\":{\"@id\":\"https:\\\/\\\/politicosaldesnudo.com.mx\\\/index.php\\\/2026\\\/02\\\/23\\\/firman-brasil-e-india-un-acuerdo-pionero-sobre-minerales-criticos\\\/#primaryimage\"},\"image\":{\"@id\":\"https:\\\/\\\/politicosaldesnudo.com.mx\\\/index.php\\\/2026\\\/02\\\/23\\\/firman-brasil-e-india-un-acuerdo-pionero-sobre-minerales-criticos\\\/#primaryimage\"},\"thumbnailUrl\":\"https:\\\/\\\/i0.wp.com\\\/politicosaldesnudo.com.mx\\\/wp-content\\\/uploads\\\/2026\\\/02\\\/FIRM.jpg?fit=1200%2C800&ssl=1\",\"datePublished\":\"2026-02-23T06:11:46+00:00\",\"breadcrumb\":{\"@id\":\"https:\\\/\\\/politicosaldesnudo.com.mx\\\/index.php\\\/2026\\\/02\\\/23\\\/firman-brasil-e-india-un-acuerdo-pionero-sobre-minerales-criticos\\\/#breadcrumb\"},\"inLanguage\":\"es\",\"potentialAction\":[{\"@type\":\"ReadAction\",\"target\":[\"https:\\\/\\\/politicosaldesnudo.com.mx\\\/index.php\\\/2026\\\/02\\\/23\\\/firman-brasil-e-india-un-acuerdo-pionero-sobre-minerales-criticos\\\/\"]}]},{\"@type\":\"ImageObject\",\"inLanguage\":\"es\",\"@id\":\"https:\\\/\\\/politicosaldesnudo.com.mx\\\/index.php\\\/2026\\\/02\\\/23\\\/firman-brasil-e-india-un-acuerdo-pionero-sobre-minerales-criticos\\\/#primaryimage\",\"url\":\"https:\\\/\\\/i0.wp.com\\\/politicosaldesnudo.com.mx\\\/wp-content\\\/uploads\\\/2026\\\/02\\\/FIRM.jpg?fit=1200%2C800&ssl=1\",\"contentUrl\":\"https:\\\/\\\/i0.wp.com\\\/politicosaldesnudo.com.mx\\\/wp-content\\\/uploads\\\/2026\\\/02\\\/FIRM.jpg?fit=1200%2C800&ssl=1\",\"width\":1200,\"height\":800},{\"@type\":\"BreadcrumbList\",\"@id\":\"https:\\\/\\\/politicosaldesnudo.com.mx\\\/index.php\\\/2026\\\/02\\\/23\\\/firman-brasil-e-india-un-acuerdo-pionero-sobre-minerales-criticos\\\/#breadcrumb\",\"itemListElement\":[{\"@type\":\"ListItem\",\"position\":1,\"name\":\"Portada\",\"item\":\"https:\\\/\\\/politicosaldesnudo.com.mx\\\/\"},{\"@type\":\"ListItem\",\"position\":2,\"name\":\"Firman Brasil e India un acuerdo pionero sobre minerales cr\u00edticos\"}]},{\"@type\":\"WebSite\",\"@id\":\"https:\\\/\\\/politicosaldesnudo.com.mx\\\/#website\",\"url\":\"https:\\\/\\\/politicosaldesnudo.com.mx\\\/\",\"name\":\"Pol\u00edticos al Desnudo\",\"description\":\"\",\"publisher\":{\"@id\":\"https:\\\/\\\/politicosaldesnudo.com.mx\\\/#organization\"},\"potentialAction\":[{\"@type\":\"SearchAction\",\"target\":{\"@type\":\"EntryPoint\",\"urlTemplate\":\"https:\\\/\\\/politicosaldesnudo.com.mx\\\/?s={search_term_string}\"},\"query-input\":{\"@type\":\"PropertyValueSpecification\",\"valueRequired\":true,\"valueName\":\"search_term_string\"}}],\"inLanguage\":\"es\"},{\"@type\":\"Organization\",\"@id\":\"https:\\\/\\\/politicosaldesnudo.com.mx\\\/#organization\",\"name\":\"Pol\u00edticos al Desnudo\",\"url\":\"https:\\\/\\\/politicosaldesnudo.com.mx\\\/\",\"logo\":{\"@type\":\"ImageObject\",\"inLanguage\":\"es\",\"@id\":\"https:\\\/\\\/politicosaldesnudo.com.mx\\\/#\\\/schema\\\/logo\\\/image\\\/\",\"url\":\"https:\\\/\\\/i0.wp.com\\\/politicosaldesnudo.com.mx\\\/wp-content\\\/uploads\\\/2026\\\/08\\\/cropped-logo.webp?fit=400%2C126&ssl=1\",\"contentUrl\":\"https:\\\/\\\/i0.wp.com\\\/politicosaldesnudo.com.mx\\\/wp-content\\\/uploads\\\/2026\\\/08\\\/cropped-logo.webp?fit=400%2C126&ssl=1\",\"width\":400,\"height\":126,\"caption\":\"Pol\u00edticos al Desnudo\"},\"image\":{\"@id\":\"https:\\\/\\\/politicosaldesnudo.com.mx\\\/#\\\/schema\\\/logo\\\/image\\\/\"},\"sameAs\":[\"https:\\\/\\\/www.facebook.com\\\/PoliticosAD\"]},{\"@type\":\"Person\",\"@id\":\"https:\\\/\\\/politicosaldesnudo.com.mx\\\/#\\\/schema\\\/person\\\/ef3a64e561cc3f3f5dc52fab81adde7e\",\"name\":\"Redacci\u00f3n Pol\u00edticos\",\"url\":\"https:\\\/\\\/politicosaldesnudo.com.mx\\\/index.php\\\/author\\\/redaccion-politicos\\\/\"}]}<\/script>\n<!-- \/ Yoast SEO plugin. -->","yoast_head_json":{"title":"Firman Brasil e India un acuerdo pionero sobre minerales cr\u00edticos - Pol\u00edticos al Desnudo","robots":{"index":"index","follow":"follow","max-snippet":"max-snippet:-1","max-image-preview":"max-image-preview:large","max-video-preview":"max-video-preview:-1"},"canonical":"https:\/\/politicosaldesnudo.com.mx\/index.php\/2026\/02\/23\/firman-brasil-e-india-un-acuerdo-pionero-sobre-minerales-criticos\/","og_locale":"es_ES","og_type":"article","og_title":"Firman Brasil e India un acuerdo pionero sobre minerales cr\u00edticos - Pol\u00edticos al Desnudo","og_description":"India y Brasil firmaron ayer en Nueva Delhi un acuerdo \u201cpionero\u201d sobre minerales cr\u00edticos y tierras raras, tras un encuentro [&hellip;]","og_url":"https:\/\/politicosaldesnudo.com.mx\/index.php\/2026\/02\/23\/firman-brasil-e-india-un-acuerdo-pionero-sobre-minerales-criticos\/","og_site_name":"Pol\u00edticos al Desnudo","article_publisher":"https:\/\/www.facebook.com\/PoliticosAD","article_published_time":"2026-02-23T06:11:46+00:00","og_image":[{"width":1200,"height":800,"url":"https:\/\/i0.wp.com\/politicosaldesnudo.com.mx\/wp-content\/uploads\/2026\/02\/FIRM.jpg?fit=1200%2C800&ssl=1","type":"image\/jpeg"}],"author":"Redacci\u00f3n Pol\u00edticos","twitter_card":"summary_large_image","twitter_misc":{"Escrito por":"Redacci\u00f3n Pol\u00edticos","Tiempo de lectura":"3 minutos"},"schema":{"@context":"https:\/\/schema.org","@graph":[{"@type":"Article","@id":"https:\/\/politicosaldesnudo.com.mx\/index.php\/2026\/02\/23\/firman-brasil-e-india-un-acuerdo-pionero-sobre-minerales-criticos\/#article","isPartOf":{"@id":"https:\/\/politicosaldesnudo.com.mx\/index.php\/2026\/02\/23\/firman-brasil-e-india-un-acuerdo-pionero-sobre-minerales-criticos\/"},"author":{"name":"Redacci\u00f3n Pol\u00edticos","@id":"https:\/\/politicosaldesnudo.com.mx\/#\/schema\/person\/ef3a64e561cc3f3f5dc52fab81adde7e"},"headline":"Firman Brasil e India un acuerdo pionero sobre minerales cr\u00edticos","datePublished":"2026-02-23T06:11:46+00:00","mainEntityOfPage":{"@id":"https:\/\/politicosaldesnudo.com.mx\/index.php\/2026\/02\/23\/firman-brasil-e-india-un-acuerdo-pionero-sobre-minerales-criticos\/"},"wordCount":659,"publisher":{"@id":"https:\/\/politicosaldesnudo.com.mx\/#organization"},"image":{"@id":"https:\/\/politicosaldesnudo.com.mx\/index.php\/2026\/02\/23\/firman-brasil-e-india-un-acuerdo-pionero-sobre-minerales-criticos\/#primaryimage"},"thumbnailUrl":"https:\/\/i0.wp.com\/politicosaldesnudo.com.mx\/wp-content\/uploads\/2026\/02\/FIRM.jpg?fit=1200%2C800&ssl=1","articleSection":["ECONOM\u00cdA"],"inLanguage":"es"},{"@type":"WebPage","@id":"https:\/\/politicosaldesnudo.com.mx\/index.php\/2026\/02\/23\/firman-brasil-e-india-un-acuerdo-pionero-sobre-minerales-criticos\/","url":"https:\/\/politicosaldesnudo.com.mx\/index.php\/2026\/02\/23\/firman-brasil-e-india-un-acuerdo-pionero-sobre-minerales-criticos\/","name":"Firman Brasil e India un acuerdo pionero sobre minerales cr\u00edticos - Pol\u00edticos al Desnudo","isPartOf":{"@id":"https:\/\/politicosaldesnudo.com.mx\/#website"},"primaryImageOfPage":{"@id":"https:\/\/politicosaldesnudo.com.mx\/index.php\/2026\/02\/23\/firman-brasil-e-india-un-acuerdo-pionero-sobre-minerales-criticos\/#primaryimage"},"image":{"@id":"https:\/\/politicosaldesnudo.com.mx\/index.php\/2026\/02\/23\/firman-brasil-e-india-un-acuerdo-pionero-sobre-minerales-criticos\/#primaryimage"},"thumbnailUrl":"https:\/\/i0.wp.com\/politicosaldesnudo.com.mx\/wp-content\/uploads\/2026\/02\/FIRM.jpg?fit=1200%2C800&ssl=1","datePublished":"2026-02-23T06:11:46+00:00","breadcrumb":{"@id":"https:\/\/politicosaldesnudo.com.mx\/index.php\/2026\/02\/23\/firman-brasil-e-india-un-acuerdo-pionero-sobre-minerales-criticos\/#breadcrumb"},"inLanguage":"es","potentialAction":[{"@type":"ReadAction","target":["https:\/\/politicosaldesnudo.com.mx\/index.php\/2026\/02\/23\/firman-brasil-e-india-un-acuerdo-pionero-sobre-minerales-criticos\/"]}]},{"@type":"ImageObject","inLanguage":"es","@id":"https:\/\/politicosaldesnudo.com.mx\/index.php\/2026\/02\/23\/firman-brasil-e-india-un-acuerdo-pionero-sobre-minerales-criticos\/#primaryimage","url":"https:\/\/i0.wp.com\/politicosaldesnudo.com.mx\/wp-content\/uploads\/2026\/02\/FIRM.jpg?fit=1200%2C800&ssl=1","contentUrl":"https:\/\/i0.wp.com\/politicosaldesnudo.com.mx\/wp-content\/uploads\/2026\/02\/FIRM.jpg?fit=1200%2C800&ssl=1","width":1200,"height":800},{"@type":"BreadcrumbList","@id":"https:\/\/politicosaldesnudo.com.mx\/index.php\/2026\/02\/23\/firman-brasil-e-india-un-acuerdo-pionero-sobre-minerales-criticos\/#breadcrumb","itemListElement":[{"@type":"ListItem","position":1,"name":"Portada","item":"https:\/\/politicosaldesnudo.com.mx\/"},{"@type":"ListItem","position":2,"name":"Firman Brasil e India un acuerdo pionero sobre minerales cr\u00edticos"}]},{"@type":"WebSite","@id":"https:\/\/politicosaldesnudo.com.mx\/#website","url":"https:\/\/politicosaldesnudo.com.mx\/","name":"Pol\u00edticos al Desnudo","description":"","publisher":{"@id":"https:\/\/politicosaldesnudo.com.mx\/#organization"},"potentialAction":[{"@type":"SearchAction","target":{"@type":"EntryPoint","urlTemplate":"https:\/\/politicosaldesnudo.com.mx\/?s={search_term_string}"},"query-input":{"@type":"PropertyValueSpecification","valueRequired":true,"valueName":"search_term_string"}}],"inLanguage":"es"},{"@type":"Organization","@id":"https:\/\/politicosaldesnudo.com.mx\/#organization","name":"Pol\u00edticos al Desnudo","url":"https:\/\/politicosaldesnudo.com.mx\/","logo":{"@type":"ImageObject","inLanguage":"es","@id":"https:\/\/politicosaldesnudo.com.mx\/#\/schema\/logo\/image\/","url":"https:\/\/i0.wp.com\/politicosaldesnudo.com.mx\/wp-content\/uploads\/2026\/08\/cropped-logo.webp?fit=400%2C126&ssl=1","contentUrl":"https:\/\/i0.wp.com\/politicosaldesnudo.com.mx\/wp-content\/uploads\/2026\/08\/cropped-logo.webp?fit=400%2C126&ssl=1","width":400,"height":126,"caption":"Pol\u00edticos al Desnudo"},"image":{"@id":"https:\/\/politicosaldesnudo.com.mx\/#\/schema\/logo\/image\/"},"sameAs":["https:\/\/www.facebook.com\/PoliticosAD"]},{"@type":"Person","@id":"https:\/\/politicosaldesnudo.com.mx\/#\/schema\/person\/ef3a64e561cc3f3f5dc52fab81adde7e","name":"Redacci\u00f3n Pol\u00edticos","url":"https:\/\/politicosaldesnudo.com.mx\/index.php\/author\/redaccion-politicos\/"}]}},"jetpack_publicize_connections":[],"jetpack-related-posts":[{"id":15733,"url":"https:\/\/politicosaldesnudo.com.mx\/index.php\/2023\/01\/31\/destaca-lula-organismo-para-negociar-paz-entre-rusia-y-ucrania\/","url_meta":{"origin":80457,"position":0},"title":"Destaca Lula organismo para negociar paz entre Rusia y Ucrania","author":"Redacci\u00f3n Pol\u00edticos","date":"31 de enero de 2023","format":false,"excerpt":"\u00a0 S\u00c3O PAULO, BRASIL. Luiz Inacio Lula da Silva, presidente de Brasil, durante una rueda de prensa conjunta con Olaf Scholz, canciller alem\u00e1n, defendi\u00f3 la creaci\u00f3n de un organismo para negociar la paz entre Rusia y Ucrania. Durante su encuentro con Scholz, Lula\u00a0reafirm\u00f3 su intenci\u00f3n\u00a0de no enviar municiones a Kiev,\u2026","rel":"","context":"En \u00abINTERNACIONAL\u00bb","block_context":{"text":"INTERNACIONAL","link":"https:\/\/politicosaldesnudo.com.mx\/index.php\/category\/internacional\/"},"img":{"alt_text":"","src":"https:\/\/i0.wp.com\/politicosaldesnudo.com.mx\/wp-content\/uploads\/2023\/01\/P-LULA-DA-SILVA-OLAF-SCHOLZ.png?fit=1200%2C671&ssl=1&resize=350%2C200","width":350,"height":200,"srcset":"https:\/\/i0.wp.com\/politicosaldesnudo.com.mx\/wp-content\/uploads\/2023\/01\/P-LULA-DA-SILVA-OLAF-SCHOLZ.png?fit=1200%2C671&ssl=1&resize=350%2C200 1x, https:\/\/i0.wp.com\/politicosaldesnudo.com.mx\/wp-content\/uploads\/2023\/01\/P-LULA-DA-SILVA-OLAF-SCHOLZ.png?fit=1200%2C671&ssl=1&resize=525%2C300 1.5x, https:\/\/i0.wp.com\/politicosaldesnudo.com.mx\/wp-content\/uploads\/2023\/01\/P-LULA-DA-SILVA-OLAF-SCHOLZ.png?fit=1200%2C671&ssl=1&resize=700%2C400 2x, https:\/\/i0.wp.com\/politicosaldesnudo.com.mx\/wp-content\/uploads\/2023\/01\/P-LULA-DA-SILVA-OLAF-SCHOLZ.png?fit=1200%2C671&ssl=1&resize=1050%2C600 3x"},"classes":[]},{"id":26563,"url":"https:\/\/politicosaldesnudo.com.mx\/index.php\/2023\/11\/30\/murio-a-los-100-anos-henry-kissinger\/","url_meta":{"origin":80457,"position":1},"title":"Muri\u00f3 a los 100 a\u00f1os Henry Kissinger","author":"Redacci\u00f3n Pol\u00edticos","date":"30 de noviembre de 2023","format":false,"excerpt":"El ex secretario de Estado de Estados Unidos Henry Kissinger, tal vez el estratega geopol\u00edtico estadounidense m\u00e1s insigne \u2013en parte gracias a su enorme vanidad\u2013 desde la guerra en Vietnam hasta estas fechas, muri\u00f3 ayer en su casa en Connecticut a la edad de 100 a\u00f1os, inform\u00f3 su asociaci\u00f3n. \"El\u2026","rel":"","context":"En \u00abINTERNACIONAL\u00bb","block_context":{"text":"INTERNACIONAL","link":"https:\/\/politicosaldesnudo.com.mx\/index.php\/category\/internacional\/"},"img":{"alt_text":"","src":"https:\/\/i0.wp.com\/politicosaldesnudo.com.mx\/wp-content\/uploads\/2023\/11\/6567fbe4d24cc.jpeg?fit=1200%2C720&ssl=1&resize=350%2C200","width":350,"height":200,"srcset":"https:\/\/i0.wp.com\/politicosaldesnudo.com.mx\/wp-content\/uploads\/2023\/11\/6567fbe4d24cc.jpeg?fit=1200%2C720&ssl=1&resize=350%2C200 1x, https:\/\/i0.wp.com\/politicosaldesnudo.com.mx\/wp-content\/uploads\/2023\/11\/6567fbe4d24cc.jpeg?fit=1200%2C720&ssl=1&resize=525%2C300 1.5x, https:\/\/i0.wp.com\/politicosaldesnudo.com.mx\/wp-content\/uploads\/2023\/11\/6567fbe4d24cc.jpeg?fit=1200%2C720&ssl=1&resize=700%2C400 2x, https:\/\/i0.wp.com\/politicosaldesnudo.com.mx\/wp-content\/uploads\/2023\/11\/6567fbe4d24cc.jpeg?fit=1200%2C720&ssl=1&resize=1050%2C600 3x"},"classes":[]},{"id":88260,"url":"https:\/\/politicosaldesnudo.com.mx\/index.php\/2026\/09\/01\/canada-pone-un-alto-a-trump-no-retomara-dialogo-comercial-mientras-continuen-burlas-y-ataques\/","url_meta":{"origin":80457,"position":2},"title":"Canad\u00e1 pone un alto a Trump: no retomar\u00e1 di\u00e1logo comercial mientras contin\u00faen burlas y ataques","author":"Redacci\u00f3n Pol\u00edticos","date":"1 de septiembre de 2026","format":false,"excerpt":"El primer ministro canadiense, Mark Carney, condicion\u00f3 la reanudaci\u00f3n de las negociaciones comerciales con Estados Unidos a que el Gobierno de Donald Trump abandone las provocaciones y muestre una disposici\u00f3n seria para alcanzar un acuerdo. Carney se\u00f1al\u00f3 que Canad\u00e1 est\u00e1 preparado para volver a la mesa de di\u00e1logo, pero \u00fanicamente\u2026","rel":"","context":"En \u00abINTERNACIONAL\u00bb","block_context":{"text":"INTERNACIONAL","link":"https:\/\/politicosaldesnudo.com.mx\/index.php\/category\/internacional\/"},"img":{"alt_text":"","src":"https:\/\/i0.wp.com\/politicosaldesnudo.com.mx\/wp-content\/uploads\/2026\/09\/gettyimages-2227090184-1024x1024-1.jpg?fit=1024%2C683&ssl=1&resize=350%2C200","width":350,"height":200,"srcset":"https:\/\/i0.wp.com\/politicosaldesnudo.com.mx\/wp-content\/uploads\/2026\/09\/gettyimages-2227090184-1024x1024-1.jpg?fit=1024%2C683&ssl=1&resize=350%2C200 1x, https:\/\/i0.wp.com\/politicosaldesnudo.com.mx\/wp-content\/uploads\/2026\/09\/gettyimages-2227090184-1024x1024-1.jpg?fit=1024%2C683&ssl=1&resize=525%2C300 1.5x, https:\/\/i0.wp.com\/politicosaldesnudo.com.mx\/wp-content\/uploads\/2026\/09\/gettyimages-2227090184-1024x1024-1.jpg?fit=1024%2C683&ssl=1&resize=700%2C400 2x"},"classes":[]},{"id":87953,"url":"https:\/\/politicosaldesnudo.com.mx\/index.php\/2026\/08\/21\/anuncia-trump-que-negocia-nuevas-condiciones-comerciales-con-mexico\/","url_meta":{"origin":80457,"position":3},"title":"Anuncia Trump que negocia nuevas condiciones comerciales con M\u00e9xico","author":"Redacci\u00f3n Pol\u00edticos","date":"21 de agosto de 2026","format":false,"excerpt":"El presidente de Estados Unidos, Donald Trump, afirm\u00f3 que su gobierno comenz\u00f3 a trabajar en un nuevo entendimiento comercial con M\u00e9xico, en medio de las negociaciones abiertas tras la primera revisi\u00f3n conjunta del T-MEC. Durante un mensaje ofrecido este viernes, el mandatario estadounidense asegur\u00f3 que el eventual acuerdo ser\u00e1 m\u00e1s\u2026","rel":"","context":"En \u00abINTERNACIONAL\u00bb","block_context":{"text":"INTERNACIONAL","link":"https:\/\/politicosaldesnudo.com.mx\/index.php\/category\/internacional\/"},"img":{"alt_text":"","src":"https:\/\/i0.wp.com\/politicosaldesnudo.com.mx\/wp-content\/uploads\/2026\/08\/trimp.webp?fit=1200%2C800&ssl=1&resize=350%2C200","width":350,"height":200,"srcset":"https:\/\/i0.wp.com\/politicosaldesnudo.com.mx\/wp-content\/uploads\/2026\/08\/trimp.webp?fit=1200%2C800&ssl=1&resize=350%2C200 1x, https:\/\/i0.wp.com\/politicosaldesnudo.com.mx\/wp-content\/uploads\/2026\/08\/trimp.webp?fit=1200%2C800&ssl=1&resize=525%2C300 1.5x, https:\/\/i0.wp.com\/politicosaldesnudo.com.mx\/wp-content\/uploads\/2026\/08\/trimp.webp?fit=1200%2C800&ssl=1&resize=700%2C400 2x, https:\/\/i0.wp.com\/politicosaldesnudo.com.mx\/wp-content\/uploads\/2026\/08\/trimp.webp?fit=1200%2C800&ssl=1&resize=1050%2C600 3x"},"classes":[]},{"id":88198,"url":"https:\/\/politicosaldesnudo.com.mx\/index.php\/2026\/08\/31\/mc-la-anoranza-de-dante-delgado-25-anos-despues\/","url_meta":{"origin":80457,"position":4},"title":"MC: la a\u00f1oranza de Dante Delgado 25 a\u00f1os despu\u00e9s","author":"Redacci\u00f3n Pol\u00edticos","date":"31 de agosto de 2026","format":false,"excerpt":"Astrolabio Pol\u00edtico Por: Luis Ram\u00edrez Baqueiro \u201cLa ambici\u00f3n es el \u00faltimo refugio del fracaso\u201d. \u2013 Oscar Wilde. Movimiento Ciudadano en su desesperaci\u00f3n parece haber descubierto en Veracruz una peculiar estrategia de crecimiento: antes que construir nuevos liderazgos, formar cuadros o presentar una oferta pol\u00edtica verdaderamente distinta, abre sus puertas \u2014o\u2026","rel":"","context":"En \u00abOPINI\u00d3N\u00bb","block_context":{"text":"OPINI\u00d3N","link":"https:\/\/politicosaldesnudo.com.mx\/index.php\/category\/columnistas\/"},"img":{"alt_text":"","src":"https:\/\/i0.wp.com\/politicosaldesnudo.com.mx\/wp-content\/uploads\/2026\/08\/COLUMNISTAS-PAD-6.png?fit=1200%2C658&ssl=1&resize=350%2C200","width":350,"height":200,"srcset":"https:\/\/i0.wp.com\/politicosaldesnudo.com.mx\/wp-content\/uploads\/2026\/08\/COLUMNISTAS-PAD-6.png?fit=1200%2C658&ssl=1&resize=350%2C200 1x, https:\/\/i0.wp.com\/politicosaldesnudo.com.mx\/wp-content\/uploads\/2026\/08\/COLUMNISTAS-PAD-6.png?fit=1200%2C658&ssl=1&resize=525%2C300 1.5x, https:\/\/i0.wp.com\/politicosaldesnudo.com.mx\/wp-content\/uploads\/2026\/08\/COLUMNISTAS-PAD-6.png?fit=1200%2C658&ssl=1&resize=700%2C400 2x, https:\/\/i0.wp.com\/politicosaldesnudo.com.mx\/wp-content\/uploads\/2026\/08\/COLUMNISTAS-PAD-6.png?fit=1200%2C658&ssl=1&resize=1050%2C600 3x"},"classes":[]},{"id":87805,"url":"https:\/\/politicosaldesnudo.com.mx\/index.php\/2026\/08\/17\/luisa-maria-alcalde-la-pendejada-mas-grande-de-todas\/","url_meta":{"origin":80457,"position":5},"title":"Luisa Mar\u00eda Alcalde: la pendejada m\u00e1s grande de todas","author":"Redacci\u00f3n Pol\u00edticos","date":"17 de agosto de 2026","format":false,"excerpt":"PRIMICIAS POR VICENTE MART\u00cdNEZ Luisa Mar\u00eda Alcalde sali\u00f3 a decir que no existe una \u201clista negra\u201d de periodistas y que lo presentado durante el espacio \u201cDerecho de R\u00e9plica\u201d fue solamente un \u201can\u00e1lisis digital\u201d. El problema es que la explicaci\u00f3n no borra lo que se mostr\u00f3. Desde el Gobierno Federal se\u2026","rel":"","context":"En \u00abOPINI\u00d3N\u00bb","block_context":{"text":"OPINI\u00d3N","link":"https:\/\/politicosaldesnudo.com.mx\/index.php\/category\/columnistas\/"},"img":{"alt_text":"","src":"https:\/\/i0.wp.com\/politicosaldesnudo.com.mx\/wp-content\/uploads\/2026\/08\/primicias-170826-scaled.png?fit=1200%2C659&ssl=1&resize=350%2C200","width":350,"height":200,"srcset":"https:\/\/i0.wp.com\/politicosaldesnudo.com.mx\/wp-content\/uploads\/2026\/08\/primicias-170826-scaled.png?fit=1200%2C659&ssl=1&resize=350%2C200 1x, https:\/\/i0.wp.com\/politicosaldesnudo.com.mx\/wp-content\/uploads\/2026\/08\/primicias-170826-scaled.png?fit=1200%2C659&ssl=1&resize=525%2C300 1.5x, https:\/\/i0.wp.com\/politicosaldesnudo.com.mx\/wp-content\/uploads\/2026\/08\/primicias-170826-scaled.png?fit=1200%2C659&ssl=1&resize=700%2C400 2x, https:\/\/i0.wp.com\/politicosaldesnudo.com.mx\/wp-content\/uploads\/2026\/08\/primicias-170826-scaled.png?fit=1200%2C659&ssl=1&resize=1050%2C600 3x"},"classes":[]}],"jetpack_sharing_enabled":true,"jetpack_featured_media_url":"https:\/\/i0.wp.com\/politicosaldesnudo.com.mx\/wp-content\/uploads\/2026\/02\/FIRM.jpg?fit=1200%2C800&ssl=1","_links":{"self":[{"href":"https:\/\/politicosaldesnudo.com.mx\/index.php\/wp-json\/wp\/v2\/posts\/80457","targetHints":{"allow":["GET"]}}],"collection":[{"href":"https:\/\/politicosaldesnudo.com.mx\/index.php\/wp-json\/wp\/v2\/posts"}],"about":[{"href":"https:\/\/politicosaldesnudo.com.mx\/index.php\/wp-json\/wp\/v2\/types\/post"}],"author":[{"embeddable":true,"href":"https:\/\/politicosaldesnudo.com.mx\/index.php\/wp-json\/wp\/v2\/users\/4"}],"replies":[{"embeddable":true,"href":"https:\/\/politicosaldesnudo.com.mx\/index.php\/wp-json\/wp\/v2\/comments?post=80457"}],"version-history":[{"count":0,"href":"https:\/\/politicosaldesnudo.com.mx\/index.php\/wp-json\/wp\/v2\/posts\/80457\/revisions"}],"wp:featuredmedia":[{"embeddable":true,"href":"https:\/\/politicosaldesnudo.com.mx\/index.php\/wp-json\/wp\/v2\/media\/80458"}],"wp:attachment":[{"href":"https:\/\/politicosaldesnudo.com.mx\/index.php\/wp-json\/wp\/v2\/media?parent=80457"}],"wp:term":[{"taxonomy":"category","embeddable":true,"href":"https:\/\/politicosaldesnudo.com.mx\/index.php\/wp-json\/wp\/v2\/categories?post=80457"},{"taxonomy":"post_tag","embeddable":true,"href":"https:\/\/politicosaldesnudo.com.mx\/index.php\/wp-json\/wp\/v2\/tags?post=80457"}],"curies":[{"name":"wp","href":"https:\/\/api.w.org\/{rel}","templated":true}]}}