{"id":80472,"date":"2026-02-23T00:16:31","date_gmt":"2026-02-23T06:16:31","guid":{"rendered":"https:\/\/politicosaldesnudo.com.mx\/?p=80472"},"modified":"2026-02-22T19:09:51","modified_gmt":"2026-02-23T01:09:51","slug":"exigen-fortalecer-la-alerta-de-violencia-de-genero-en-morelos-ante-repunte-de-feminicidios","status":"publish","type":"post","link":"https:\/\/politicosaldesnudo.com.mx\/index.php\/2026\/02\/23\/exigen-fortalecer-la-alerta-de-violencia-de-genero-en-morelos-ante-repunte-de-feminicidios\/","title":{"rendered":"Exigen fortalecer la Alerta de Violencia de G\u00e9nero en Morelos ante repunte de feminicidios"},"content":{"rendered":"<p class=\"nota-justify\">En el pa\u00eds y en el estado de Morelos urge una pol\u00edtica integral para prevenir, atender, sancionar y erradicar la violencia contra las mujeres, as\u00ed como fortalecer el funcionamiento de la Alerta de Violencia de G\u00e9nero contra las Mujeres (AVGM), a fin de evitar m\u00e1s feminicidios y que la entidad deje de ocupar los primeros lugares a nivel nacional en este delito, como ha ocurrido en los \u00faltimos 13 a\u00f1os.<\/p>\n<p class=\"nota-justify\">Lo anterior, de acuerdo con el informe presentado por la Comisi\u00f3n Independiente de Derechos Humanos de Morelos (CIDHM), organizaci\u00f3n peticionaria de la AVGM en la entidad, en el contexto del pr\u00f3ximo 8 de marzo, D\u00eda Internacional de las Mujeres Trabajadoras, y ante la visita de la relatora de la Organizaci\u00f3n de las Naciones Unidas sobre los derechos de las mujeres y las ni\u00f1as.<\/p>\n<p class=\"nota-justify\">Integrantes de la organizaci\u00f3n detallaron que de enero a diciembre de 2025 se registraron en Morelos 121 feminicidios. Con esta cifra, suman mil 665 los casos documentados por la CIDHM desde el a\u00f1o 2000.<\/p>\n<p class=\"nota-justify\">\u201c2023 fue el a\u00f1o m\u00e1s violento para las mujeres, con 125 feminicidios; sin embargo, lo registrado en 2025 posiciona a este a\u00f1o como el segundo m\u00e1s violento en Morelos. Hoy se requiere con urgencia un programa general que articule las medidas necesarias para garantizar una vida libre de violencia para las mujeres. Es hora de que este gobierno presente resultados\u201d, demandaron.<\/p>\n<p class=\"nota-justify\">Recordaron que, a 10 a\u00f1os de la declaratoria de la AVGM en ocho municipios de Morelos, es necesario fortalecer este mecanismo mediante una pol\u00edtica integral de prevenci\u00f3n, atenci\u00f3n, sanci\u00f3n y erradicaci\u00f3n de la violencia feminicida.<\/p>\n<p class=\"nota-justify\">Manifestaron su preocupaci\u00f3n porque, tanto el gobierno federal que encabeza la presidenta Claudia Sheinbaum como el estatal de Margarita Gonz\u00e1lez, no cuentan \u2014aseguraron\u2014 con un plan espec\u00edfico para erradicar el feminicidio. Tambi\u00e9n se\u00f1alaron falta de transparencia en el seguimiento y en las acciones para fortalecer la AVGM.<\/p>\n<p class=\"nota-justify\">Asimismo, denunciaron que desde la extinci\u00f3n de la Comisi\u00f3n Nacional para Prevenir y Erradicar la Violencia contra las Mujeres (Conavim), en enero de 2025 \u2014instancia encargada de activar y dar seguimiento a las alertas en el pa\u00eds, conforme a la Ley General de Acceso de las Mujeres a una Vida Libre de Violencia\u2014, no existe una autoridad especializada responsable de dise\u00f1ar, coordinar y evaluar pol\u00edticas p\u00fablicas en la materia.<\/p>\n<p class=\"nota-justify\">\u00a0Por ello, consideraron que tanto el gobierno federal como el estatal han sido \u201comisos\u201d, al no actualizar la ley ni los reglamentos necesarios para su aplicaci\u00f3n.<\/p>\n<p class=\"nota-justify\">\u00a0Indicaron que, aunque con la creaci\u00f3n de la nueva Secretar\u00eda de las Mujeres \u2014a nivel estatal y federal\u2014 se mencion\u00f3 que asumir\u00eda las funciones de la Conavim, hasta ahora no existe claridad al respecto.<\/p>\n<p class=\"nota-justify\">Finalmente, exigieron una reuni\u00f3n con autoridades federales y estatales para revisar lo que calificaron como \u201cnegligencia\u201d en la implementaci\u00f3n de pol\u00edticas a favor de mujeres y ni\u00f1as.<\/p>\n<p class=\"nota-justify\">\u00a0Tambi\u00e9n cuestionaron que en Morelos no se est\u00e9 aplicando el protocolo de investigaci\u00f3n de feminicidio, el cual establece que toda muerte violenta de una mujer debe investigarse inicialmente como feminicidio. Se\u00f1alaron que las autoridades reconocen 33 casos el a\u00f1o pasado, mientras que su informe documenta 121, lo que podr\u00eda evidenciar deficiencias en el seguimiento y clasificaci\u00f3n de estos delitos.<\/p>\n","protected":false},"excerpt":{"rendered":"<p>En el pa\u00eds y en el estado de Morelos urge una pol\u00edtica integral para prevenir, atender, sancionar y erradicar la [&hellip;]<\/p>\n","protected":false},"author":4,"featured_media":80473,"comment_status":"closed","ping_status":"closed","sticky":false,"template":"","format":"standard","meta":{"site-sidebar-layout":"default","site-content-layout":"","ast-site-content-layout":"default","site-content-style":"default","site-sidebar-style":"default","ast-global-header-display":"","ast-banner-title-visibility":"","ast-main-header-display":"","ast-hfb-above-header-display":"","ast-hfb-below-header-display":"","ast-hfb-mobile-header-display":"","site-post-title":"","ast-breadcrumbs-content":"","ast-featured-img":"","footer-sml-layout":"","ast-disable-related-posts":"","theme-transparent-header-meta":"","adv-header-id-meta":"","stick-header-meta":"","header-above-stick-meta":"","header-main-stick-meta":"","header-below-stick-meta":"","astra-migrate-meta-layouts":"default","ast-page-background-enabled":"default","ast-page-background-meta":{"desktop":{"background-color":"var(--ast-global-color-5)","background-image":"","background-repeat":"repeat","background-position":"center center","background-size":"auto","background-attachment":"scroll","background-type":"","background-media":"","overlay-type":"","overlay-color":"","overlay-opacity":"","overlay-gradient":""},"tablet":{"background-color":"","background-image":"","background-repeat":"repeat","background-position":"center center","background-size":"auto","background-attachment":"scroll","background-type":"","background-media":"","overlay-type":"","overlay-color":"","overlay-opacity":"","overlay-gradient":""},"mobile":{"background-color":"","background-image":"","background-repeat":"repeat","background-position":"center center","background-size":"auto","background-attachment":"scroll","background-type":"","background-media":"","overlay-type":"","overlay-color":"","overlay-opacity":"","overlay-gradient":""}},"ast-content-background-meta":{"desktop":{"background-color":"var(--ast-global-color-4)","background-image":"","background-repeat":"repeat","background-position":"center center","background-size":"auto","background-attachment":"scroll","background-type":"","background-media":"","overlay-type":"","overlay-color":"","overlay-opacity":"","overlay-gradient":""},"tablet":{"background-color":"var(--ast-global-color-4)","background-image":"","background-repeat":"repeat","background-position":"center center","background-size":"auto","background-attachment":"scroll","background-type":"","background-media":"","overlay-type":"","overlay-color":"","overlay-opacity":"","overlay-gradient":""},"mobile":{"background-color":"var(--ast-global-color-4)","background-image":"","background-repeat":"repeat","background-position":"center center","background-size":"auto","background-attachment":"scroll","background-type":"","background-media":"","overlay-type":"","overlay-color":"","overlay-opacity":"","overlay-gradient":""}},"_jetpack_newsletter_access":"","_jetpack_dont_email_post_to_subs":false,"_jetpack_newsletter_tier_id":0,"_jetpack_memberships_contains_paywalled_content":false,"_jetpack_feature_clip_id":0,"_jetpack_memberships_contains_paid_content":false,"footnotes":"","jetpack_publicize_message":"","jetpack_publicize_feature_enabled":true,"jetpack_social_post_already_shared":true,"jetpack_social_options":{"image_generator_settings":{"template":"highway","default_image_id":0,"font":"","enabled":false},"version":2},"jetpack_post_was_ever_published":false},"categories":[30],"tags":[],"class_list":["post-80472","post","type-post","status-publish","format-standard","has-post-thumbnail","hentry","category-estados"],"yoast_head":"<!-- This site is optimized with the Yoast SEO plugin v28.3 - https:\/\/yoast.com\/product\/yoast-seo-wordpress\/ -->\n<title>Exigen fortalecer la Alerta de Violencia de G\u00e9nero en Morelos ante repunte de feminicidios - Pol\u00edticos al Desnudo<\/title>\n<meta name=\"robots\" content=\"index, follow, max-snippet:-1, max-image-preview:large, max-video-preview:-1\" \/>\n<link rel=\"canonical\" href=\"https:\/\/politicosaldesnudo.com.mx\/index.php\/2026\/02\/23\/exigen-fortalecer-la-alerta-de-violencia-de-genero-en-morelos-ante-repunte-de-feminicidios\/\" \/>\n<meta property=\"og:locale\" content=\"es_ES\" \/>\n<meta property=\"og:type\" content=\"article\" \/>\n<meta property=\"og:title\" content=\"Exigen fortalecer la Alerta de Violencia de G\u00e9nero en Morelos ante repunte de feminicidios - Pol\u00edticos al Desnudo\" \/>\n<meta property=\"og:description\" content=\"En el pa\u00eds y en el estado de Morelos urge una pol\u00edtica integral para prevenir, atender, sancionar y erradicar la [&hellip;]\" \/>\n<meta property=\"og:url\" content=\"https:\/\/politicosaldesnudo.com.mx\/index.php\/2026\/02\/23\/exigen-fortalecer-la-alerta-de-violencia-de-genero-en-morelos-ante-repunte-de-feminicidios\/\" \/>\n<meta property=\"og:site_name\" content=\"Pol\u00edticos al Desnudo\" \/>\n<meta property=\"article:publisher\" content=\"https:\/\/www.facebook.com\/PoliticosAD\" \/>\n<meta property=\"article:published_time\" content=\"2026-02-23T06:16:31+00:00\" \/>\n<meta property=\"og:image\" content=\"https:\/\/i0.wp.com\/politicosaldesnudo.com.mx\/wp-content\/uploads\/2026\/02\/MOMU.jpg?fit=1200%2C895&ssl=1\" \/>\n\t<meta property=\"og:image:width\" content=\"1200\" \/>\n\t<meta property=\"og:image:height\" content=\"895\" \/>\n\t<meta property=\"og:image:type\" content=\"image\/jpeg\" \/>\n<meta name=\"author\" content=\"Redacci\u00f3n Pol\u00edticos\" \/>\n<meta name=\"twitter:card\" content=\"summary_large_image\" \/>\n<meta name=\"twitter:label1\" content=\"Escrito por\" \/>\n\t<meta name=\"twitter:data1\" content=\"Redacci\u00f3n Pol\u00edticos\" \/>\n\t<meta name=\"twitter:label2\" content=\"Tiempo de lectura\" \/>\n\t<meta name=\"twitter:data2\" content=\"3 minutos\" \/>\n<script type=\"application\/ld+json\" class=\"yoast-schema-graph\">{\"@context\":\"https:\\\/\\\/schema.org\",\"@graph\":[{\"@type\":\"Article\",\"@id\":\"https:\\\/\\\/politicosaldesnudo.com.mx\\\/index.php\\\/2026\\\/02\\\/23\\\/exigen-fortalecer-la-alerta-de-violencia-de-genero-en-morelos-ante-repunte-de-feminicidios\\\/#article\",\"isPartOf\":{\"@id\":\"https:\\\/\\\/politicosaldesnudo.com.mx\\\/index.php\\\/2026\\\/02\\\/23\\\/exigen-fortalecer-la-alerta-de-violencia-de-genero-en-morelos-ante-repunte-de-feminicidios\\\/\"},\"author\":{\"name\":\"Redacci\u00f3n Pol\u00edticos\",\"@id\":\"https:\\\/\\\/politicosaldesnudo.com.mx\\\/#\\\/schema\\\/person\\\/ef3a64e561cc3f3f5dc52fab81adde7e\"},\"headline\":\"Exigen fortalecer la Alerta de Violencia de G\u00e9nero en Morelos ante repunte de feminicidios\",\"datePublished\":\"2026-02-23T06:16:31+00:00\",\"mainEntityOfPage\":{\"@id\":\"https:\\\/\\\/politicosaldesnudo.com.mx\\\/index.php\\\/2026\\\/02\\\/23\\\/exigen-fortalecer-la-alerta-de-violencia-de-genero-en-morelos-ante-repunte-de-feminicidios\\\/\"},\"wordCount\":575,\"publisher\":{\"@id\":\"https:\\\/\\\/politicosaldesnudo.com.mx\\\/#organization\"},\"image\":{\"@id\":\"https:\\\/\\\/politicosaldesnudo.com.mx\\\/index.php\\\/2026\\\/02\\\/23\\\/exigen-fortalecer-la-alerta-de-violencia-de-genero-en-morelos-ante-repunte-de-feminicidios\\\/#primaryimage\"},\"thumbnailUrl\":\"https:\\\/\\\/i0.wp.com\\\/politicosaldesnudo.com.mx\\\/wp-content\\\/uploads\\\/2026\\\/02\\\/MOMU.jpg?fit=1200%2C895&ssl=1\",\"articleSection\":[\"ESTADOS\"],\"inLanguage\":\"es\"},{\"@type\":\"WebPage\",\"@id\":\"https:\\\/\\\/politicosaldesnudo.com.mx\\\/index.php\\\/2026\\\/02\\\/23\\\/exigen-fortalecer-la-alerta-de-violencia-de-genero-en-morelos-ante-repunte-de-feminicidios\\\/\",\"url\":\"https:\\\/\\\/politicosaldesnudo.com.mx\\\/index.php\\\/2026\\\/02\\\/23\\\/exigen-fortalecer-la-alerta-de-violencia-de-genero-en-morelos-ante-repunte-de-feminicidios\\\/\",\"name\":\"Exigen fortalecer la Alerta de Violencia de G\u00e9nero en Morelos ante repunte de feminicidios - Pol\u00edticos al Desnudo\",\"isPartOf\":{\"@id\":\"https:\\\/\\\/politicosaldesnudo.com.mx\\\/#website\"},\"primaryImageOfPage\":{\"@id\":\"https:\\\/\\\/politicosaldesnudo.com.mx\\\/index.php\\\/2026\\\/02\\\/23\\\/exigen-fortalecer-la-alerta-de-violencia-de-genero-en-morelos-ante-repunte-de-feminicidios\\\/#primaryimage\"},\"image\":{\"@id\":\"https:\\\/\\\/politicosaldesnudo.com.mx\\\/index.php\\\/2026\\\/02\\\/23\\\/exigen-fortalecer-la-alerta-de-violencia-de-genero-en-morelos-ante-repunte-de-feminicidios\\\/#primaryimage\"},\"thumbnailUrl\":\"https:\\\/\\\/i0.wp.com\\\/politicosaldesnudo.com.mx\\\/wp-content\\\/uploads\\\/2026\\\/02\\\/MOMU.jpg?fit=1200%2C895&ssl=1\",\"datePublished\":\"2026-02-23T06:16:31+00:00\",\"breadcrumb\":{\"@id\":\"https:\\\/\\\/politicosaldesnudo.com.mx\\\/index.php\\\/2026\\\/02\\\/23\\\/exigen-fortalecer-la-alerta-de-violencia-de-genero-en-morelos-ante-repunte-de-feminicidios\\\/#breadcrumb\"},\"inLanguage\":\"es\",\"potentialAction\":[{\"@type\":\"ReadAction\",\"target\":[\"https:\\\/\\\/politicosaldesnudo.com.mx\\\/index.php\\\/2026\\\/02\\\/23\\\/exigen-fortalecer-la-alerta-de-violencia-de-genero-en-morelos-ante-repunte-de-feminicidios\\\/\"]}]},{\"@type\":\"ImageObject\",\"inLanguage\":\"es\",\"@id\":\"https:\\\/\\\/politicosaldesnudo.com.mx\\\/index.php\\\/2026\\\/02\\\/23\\\/exigen-fortalecer-la-alerta-de-violencia-de-genero-en-morelos-ante-repunte-de-feminicidios\\\/#primaryimage\",\"url\":\"https:\\\/\\\/i0.wp.com\\\/politicosaldesnudo.com.mx\\\/wp-content\\\/uploads\\\/2026\\\/02\\\/MOMU.jpg?fit=1200%2C895&ssl=1\",\"contentUrl\":\"https:\\\/\\\/i0.wp.com\\\/politicosaldesnudo.com.mx\\\/wp-content\\\/uploads\\\/2026\\\/02\\\/MOMU.jpg?fit=1200%2C895&ssl=1\",\"width\":1200,\"height\":895},{\"@type\":\"BreadcrumbList\",\"@id\":\"https:\\\/\\\/politicosaldesnudo.com.mx\\\/index.php\\\/2026\\\/02\\\/23\\\/exigen-fortalecer-la-alerta-de-violencia-de-genero-en-morelos-ante-repunte-de-feminicidios\\\/#breadcrumb\",\"itemListElement\":[{\"@type\":\"ListItem\",\"position\":1,\"name\":\"Portada\",\"item\":\"https:\\\/\\\/politicosaldesnudo.com.mx\\\/\"},{\"@type\":\"ListItem\",\"position\":2,\"name\":\"Exigen fortalecer la Alerta de Violencia de G\u00e9nero en Morelos ante repunte de feminicidios\"}]},{\"@type\":\"WebSite\",\"@id\":\"https:\\\/\\\/politicosaldesnudo.com.mx\\\/#website\",\"url\":\"https:\\\/\\\/politicosaldesnudo.com.mx\\\/\",\"name\":\"Pol\u00edticos al Desnudo\",\"description\":\"\",\"publisher\":{\"@id\":\"https:\\\/\\\/politicosaldesnudo.com.mx\\\/#organization\"},\"potentialAction\":[{\"@type\":\"SearchAction\",\"target\":{\"@type\":\"EntryPoint\",\"urlTemplate\":\"https:\\\/\\\/politicosaldesnudo.com.mx\\\/?s={search_term_string}\"},\"query-input\":{\"@type\":\"PropertyValueSpecification\",\"valueRequired\":true,\"valueName\":\"search_term_string\"}}],\"inLanguage\":\"es\"},{\"@type\":\"Organization\",\"@id\":\"https:\\\/\\\/politicosaldesnudo.com.mx\\\/#organization\",\"name\":\"Pol\u00edticos al Desnudo\",\"url\":\"https:\\\/\\\/politicosaldesnudo.com.mx\\\/\",\"logo\":{\"@type\":\"ImageObject\",\"inLanguage\":\"es\",\"@id\":\"https:\\\/\\\/politicosaldesnudo.com.mx\\\/#\\\/schema\\\/logo\\\/image\\\/\",\"url\":\"https:\\\/\\\/i0.wp.com\\\/politicosaldesnudo.com.mx\\\/wp-content\\\/uploads\\\/2026\\\/08\\\/cropped-logo.webp?fit=400%2C126&ssl=1\",\"contentUrl\":\"https:\\\/\\\/i0.wp.com\\\/politicosaldesnudo.com.mx\\\/wp-content\\\/uploads\\\/2026\\\/08\\\/cropped-logo.webp?fit=400%2C126&ssl=1\",\"width\":400,\"height\":126,\"caption\":\"Pol\u00edticos al Desnudo\"},\"image\":{\"@id\":\"https:\\\/\\\/politicosaldesnudo.com.mx\\\/#\\\/schema\\\/logo\\\/image\\\/\"},\"sameAs\":[\"https:\\\/\\\/www.facebook.com\\\/PoliticosAD\"]},{\"@type\":\"Person\",\"@id\":\"https:\\\/\\\/politicosaldesnudo.com.mx\\\/#\\\/schema\\\/person\\\/ef3a64e561cc3f3f5dc52fab81adde7e\",\"name\":\"Redacci\u00f3n Pol\u00edticos\",\"url\":\"https:\\\/\\\/politicosaldesnudo.com.mx\\\/index.php\\\/author\\\/redaccion-politicos\\\/\"}]}<\/script>\n<!-- \/ Yoast SEO plugin. -->","yoast_head_json":{"title":"Exigen fortalecer la Alerta de Violencia de G\u00e9nero en Morelos ante repunte de feminicidios - Pol\u00edticos al Desnudo","robots":{"index":"index","follow":"follow","max-snippet":"max-snippet:-1","max-image-preview":"max-image-preview:large","max-video-preview":"max-video-preview:-1"},"canonical":"https:\/\/politicosaldesnudo.com.mx\/index.php\/2026\/02\/23\/exigen-fortalecer-la-alerta-de-violencia-de-genero-en-morelos-ante-repunte-de-feminicidios\/","og_locale":"es_ES","og_type":"article","og_title":"Exigen fortalecer la Alerta de Violencia de G\u00e9nero en Morelos ante repunte de feminicidios - Pol\u00edticos al Desnudo","og_description":"En el pa\u00eds y en el estado de Morelos urge una pol\u00edtica integral para prevenir, atender, sancionar y erradicar la [&hellip;]","og_url":"https:\/\/politicosaldesnudo.com.mx\/index.php\/2026\/02\/23\/exigen-fortalecer-la-alerta-de-violencia-de-genero-en-morelos-ante-repunte-de-feminicidios\/","og_site_name":"Pol\u00edticos al Desnudo","article_publisher":"https:\/\/www.facebook.com\/PoliticosAD","article_published_time":"2026-02-23T06:16:31+00:00","og_image":[{"width":1200,"height":895,"url":"https:\/\/i0.wp.com\/politicosaldesnudo.com.mx\/wp-content\/uploads\/2026\/02\/MOMU.jpg?fit=1200%2C895&ssl=1","type":"image\/jpeg"}],"author":"Redacci\u00f3n Pol\u00edticos","twitter_card":"summary_large_image","twitter_misc":{"Escrito por":"Redacci\u00f3n Pol\u00edticos","Tiempo de lectura":"3 minutos"},"schema":{"@context":"https:\/\/schema.org","@graph":[{"@type":"Article","@id":"https:\/\/politicosaldesnudo.com.mx\/index.php\/2026\/02\/23\/exigen-fortalecer-la-alerta-de-violencia-de-genero-en-morelos-ante-repunte-de-feminicidios\/#article","isPartOf":{"@id":"https:\/\/politicosaldesnudo.com.mx\/index.php\/2026\/02\/23\/exigen-fortalecer-la-alerta-de-violencia-de-genero-en-morelos-ante-repunte-de-feminicidios\/"},"author":{"name":"Redacci\u00f3n Pol\u00edticos","@id":"https:\/\/politicosaldesnudo.com.mx\/#\/schema\/person\/ef3a64e561cc3f3f5dc52fab81adde7e"},"headline":"Exigen fortalecer la Alerta de Violencia de G\u00e9nero en Morelos ante repunte de feminicidios","datePublished":"2026-02-23T06:16:31+00:00","mainEntityOfPage":{"@id":"https:\/\/politicosaldesnudo.com.mx\/index.php\/2026\/02\/23\/exigen-fortalecer-la-alerta-de-violencia-de-genero-en-morelos-ante-repunte-de-feminicidios\/"},"wordCount":575,"publisher":{"@id":"https:\/\/politicosaldesnudo.com.mx\/#organization"},"image":{"@id":"https:\/\/politicosaldesnudo.com.mx\/index.php\/2026\/02\/23\/exigen-fortalecer-la-alerta-de-violencia-de-genero-en-morelos-ante-repunte-de-feminicidios\/#primaryimage"},"thumbnailUrl":"https:\/\/i0.wp.com\/politicosaldesnudo.com.mx\/wp-content\/uploads\/2026\/02\/MOMU.jpg?fit=1200%2C895&ssl=1","articleSection":["ESTADOS"],"inLanguage":"es"},{"@type":"WebPage","@id":"https:\/\/politicosaldesnudo.com.mx\/index.php\/2026\/02\/23\/exigen-fortalecer-la-alerta-de-violencia-de-genero-en-morelos-ante-repunte-de-feminicidios\/","url":"https:\/\/politicosaldesnudo.com.mx\/index.php\/2026\/02\/23\/exigen-fortalecer-la-alerta-de-violencia-de-genero-en-morelos-ante-repunte-de-feminicidios\/","name":"Exigen fortalecer la Alerta de Violencia de G\u00e9nero en Morelos ante repunte de feminicidios - Pol\u00edticos al Desnudo","isPartOf":{"@id":"https:\/\/politicosaldesnudo.com.mx\/#website"},"primaryImageOfPage":{"@id":"https:\/\/politicosaldesnudo.com.mx\/index.php\/2026\/02\/23\/exigen-fortalecer-la-alerta-de-violencia-de-genero-en-morelos-ante-repunte-de-feminicidios\/#primaryimage"},"image":{"@id":"https:\/\/politicosaldesnudo.com.mx\/index.php\/2026\/02\/23\/exigen-fortalecer-la-alerta-de-violencia-de-genero-en-morelos-ante-repunte-de-feminicidios\/#primaryimage"},"thumbnailUrl":"https:\/\/i0.wp.com\/politicosaldesnudo.com.mx\/wp-content\/uploads\/2026\/02\/MOMU.jpg?fit=1200%2C895&ssl=1","datePublished":"2026-02-23T06:16:31+00:00","breadcrumb":{"@id":"https:\/\/politicosaldesnudo.com.mx\/index.php\/2026\/02\/23\/exigen-fortalecer-la-alerta-de-violencia-de-genero-en-morelos-ante-repunte-de-feminicidios\/#breadcrumb"},"inLanguage":"es","potentialAction":[{"@type":"ReadAction","target":["https:\/\/politicosaldesnudo.com.mx\/index.php\/2026\/02\/23\/exigen-fortalecer-la-alerta-de-violencia-de-genero-en-morelos-ante-repunte-de-feminicidios\/"]}]},{"@type":"ImageObject","inLanguage":"es","@id":"https:\/\/politicosaldesnudo.com.mx\/index.php\/2026\/02\/23\/exigen-fortalecer-la-alerta-de-violencia-de-genero-en-morelos-ante-repunte-de-feminicidios\/#primaryimage","url":"https:\/\/i0.wp.com\/politicosaldesnudo.com.mx\/wp-content\/uploads\/2026\/02\/MOMU.jpg?fit=1200%2C895&ssl=1","contentUrl":"https:\/\/i0.wp.com\/politicosaldesnudo.com.mx\/wp-content\/uploads\/2026\/02\/MOMU.jpg?fit=1200%2C895&ssl=1","width":1200,"height":895},{"@type":"BreadcrumbList","@id":"https:\/\/politicosaldesnudo.com.mx\/index.php\/2026\/02\/23\/exigen-fortalecer-la-alerta-de-violencia-de-genero-en-morelos-ante-repunte-de-feminicidios\/#breadcrumb","itemListElement":[{"@type":"ListItem","position":1,"name":"Portada","item":"https:\/\/politicosaldesnudo.com.mx\/"},{"@type":"ListItem","position":2,"name":"Exigen fortalecer la Alerta de Violencia de G\u00e9nero en Morelos ante repunte de feminicidios"}]},{"@type":"WebSite","@id":"https:\/\/politicosaldesnudo.com.mx\/#website","url":"https:\/\/politicosaldesnudo.com.mx\/","name":"Pol\u00edticos al Desnudo","description":"","publisher":{"@id":"https:\/\/politicosaldesnudo.com.mx\/#organization"},"potentialAction":[{"@type":"SearchAction","target":{"@type":"EntryPoint","urlTemplate":"https:\/\/politicosaldesnudo.com.mx\/?s={search_term_string}"},"query-input":{"@type":"PropertyValueSpecification","valueRequired":true,"valueName":"search_term_string"}}],"inLanguage":"es"},{"@type":"Organization","@id":"https:\/\/politicosaldesnudo.com.mx\/#organization","name":"Pol\u00edticos al Desnudo","url":"https:\/\/politicosaldesnudo.com.mx\/","logo":{"@type":"ImageObject","inLanguage":"es","@id":"https:\/\/politicosaldesnudo.com.mx\/#\/schema\/logo\/image\/","url":"https:\/\/i0.wp.com\/politicosaldesnudo.com.mx\/wp-content\/uploads\/2026\/08\/cropped-logo.webp?fit=400%2C126&ssl=1","contentUrl":"https:\/\/i0.wp.com\/politicosaldesnudo.com.mx\/wp-content\/uploads\/2026\/08\/cropped-logo.webp?fit=400%2C126&ssl=1","width":400,"height":126,"caption":"Pol\u00edticos al Desnudo"},"image":{"@id":"https:\/\/politicosaldesnudo.com.mx\/#\/schema\/logo\/image\/"},"sameAs":["https:\/\/www.facebook.com\/PoliticosAD"]},{"@type":"Person","@id":"https:\/\/politicosaldesnudo.com.mx\/#\/schema\/person\/ef3a64e561cc3f3f5dc52fab81adde7e","name":"Redacci\u00f3n Pol\u00edticos","url":"https:\/\/politicosaldesnudo.com.mx\/index.php\/author\/redaccion-politicos\/"}]}},"jetpack_publicize_connections":[],"jetpack-related-posts":[{"id":88057,"url":"https:\/\/politicosaldesnudo.com.mx\/index.php\/2026\/08\/25\/canada-se-suma-a-la-alerta-por-mexicali-y-advierte-sobre-violencia-y-secuestros-en-mexico\/","url_meta":{"origin":80472,"position":0},"title":"Canad\u00e1 se suma a la alerta por Mexicali y advierte sobre violencia y secuestros en M\u00e9xico","author":"Redacci\u00f3n Pol\u00edticos","date":"25 de agosto de 2026","format":false,"excerpt":"El Gobierno de Canad\u00e1 actualiz\u00f3 sus recomendaciones de viaje para M\u00e9xico e incorpor\u00f3 la alerta de seguridad emitida por Estados Unidos ante una posible amenaza en Mexicali, Baja California. El aviso estadounidense orden\u00f3 suspender durante este 25 de agosto las actividades de su personal gubernamental y los viajes oficiales hacia\u2026","rel":"","context":"En \u00abINTERNACIONAL\u00bb","block_context":{"text":"INTERNACIONAL","link":"https:\/\/politicosaldesnudo.com.mx\/index.php\/category\/internacional\/"},"img":{"alt_text":"","src":"https:\/\/i0.wp.com\/politicosaldesnudo.com.mx\/wp-content\/uploads\/2026\/08\/mapa-alerta.png?fit=1200%2C675&ssl=1&resize=350%2C200","width":350,"height":200,"srcset":"https:\/\/i0.wp.com\/politicosaldesnudo.com.mx\/wp-content\/uploads\/2026\/08\/mapa-alerta.png?fit=1200%2C675&ssl=1&resize=350%2C200 1x, https:\/\/i0.wp.com\/politicosaldesnudo.com.mx\/wp-content\/uploads\/2026\/08\/mapa-alerta.png?fit=1200%2C675&ssl=1&resize=525%2C300 1.5x, https:\/\/i0.wp.com\/politicosaldesnudo.com.mx\/wp-content\/uploads\/2026\/08\/mapa-alerta.png?fit=1200%2C675&ssl=1&resize=700%2C400 2x, https:\/\/i0.wp.com\/politicosaldesnudo.com.mx\/wp-content\/uploads\/2026\/08\/mapa-alerta.png?fit=1200%2C675&ssl=1&resize=1050%2C600 3x"},"classes":[]},{"id":88163,"url":"https:\/\/politicosaldesnudo.com.mx\/index.php\/2026\/08\/29\/balean-a-fundadora-de-colectivo-de-busqueda-en-culiacan-fiscalia-indaga-intento-de-feminicidio\/","url_meta":{"origin":80472,"position":1},"title":"Balean a fundadora de colectivo de b\u00fasqueda en Culiac\u00e1n; Fiscal\u00eda indaga intento de feminicidio","author":"Redacci\u00f3n Pol\u00edticos","date":"29 de agosto de 2026","format":false,"excerpt":"Alma Rosa Rojo Medina, fundadora del colectivo Voces Unidas por la Vida, result\u00f3 herida durante un ataque armado registrado este s\u00e1bado en Culiac\u00e1n, Sinaloa. La agresi\u00f3n ocurri\u00f3 en la colonia Esthela Ortiz de Toledo, donde sujetos armados dispararon contra el autom\u00f3vil en el que viajaba la activista. Otra mujer, identificada\u2026","rel":"","context":"En \u00abNACIONAL\u00bb","block_context":{"text":"NACIONAL","link":"https:\/\/politicosaldesnudo.com.mx\/index.php\/category\/nacional\/"},"img":{"alt_text":"","src":"https:\/\/i0.wp.com\/politicosaldesnudo.com.mx\/wp-content\/uploads\/2026\/08\/atacan-balazos-buscadora-alma-rosa-rojo-medina-culiacan-sinaloa-29082026.jpg?fit=1200%2C750&ssl=1&resize=350%2C200","width":350,"height":200,"srcset":"https:\/\/i0.wp.com\/politicosaldesnudo.com.mx\/wp-content\/uploads\/2026\/08\/atacan-balazos-buscadora-alma-rosa-rojo-medina-culiacan-sinaloa-29082026.jpg?fit=1200%2C750&ssl=1&resize=350%2C200 1x, https:\/\/i0.wp.com\/politicosaldesnudo.com.mx\/wp-content\/uploads\/2026\/08\/atacan-balazos-buscadora-alma-rosa-rojo-medina-culiacan-sinaloa-29082026.jpg?fit=1200%2C750&ssl=1&resize=525%2C300 1.5x, https:\/\/i0.wp.com\/politicosaldesnudo.com.mx\/wp-content\/uploads\/2026\/08\/atacan-balazos-buscadora-alma-rosa-rojo-medina-culiacan-sinaloa-29082026.jpg?fit=1200%2C750&ssl=1&resize=700%2C400 2x, https:\/\/i0.wp.com\/politicosaldesnudo.com.mx\/wp-content\/uploads\/2026\/08\/atacan-balazos-buscadora-alma-rosa-rojo-medina-culiacan-sinaloa-29082026.jpg?fit=1200%2C750&ssl=1&resize=1050%2C600 3x"},"classes":[]},{"id":6008,"url":"https:\/\/politicosaldesnudo.com.mx\/index.php\/2022\/05\/31\/reconocen-labor-de-susana-landeros\/","url_meta":{"origin":80472,"position":2},"title":"Reconocen labor de Susana Landeros","author":"Redacci\u00f3n Pol\u00edticos","date":"31 de mayo de 2022","format":false,"excerpt":"Morelos. En el marco de la clausura de la exposici\u00f3n \u201cMujeres Horizontes\u201d, conformada por obras del maestro oaxaque\u00f1o Rolando Rojas, en la Galer\u00eda Sixtos, de Tepotzotl\u00e1n, se reconoci\u00f3 la trayectoria de Susana Landeros Cort\u00e9s, presidenta de la Fundaci\u00f3n Fertilizando el Esfuerzo, por su destacada labor en el Estado de M\u00e9xico.\u2026","rel":"","context":"En \u00abCULTURA\u00bb","block_context":{"text":"CULTURA","link":"https:\/\/politicosaldesnudo.com.mx\/index.php\/category\/cultura\/"},"img":{"alt_text":"","src":"https:\/\/i0.wp.com\/politicosaldesnudo.com.mx\/wp-content\/uploads\/2022\/05\/P-SUSANALANDEROS4.png?fit=1200%2C671&ssl=1&resize=350%2C200","width":350,"height":200,"srcset":"https:\/\/i0.wp.com\/politicosaldesnudo.com.mx\/wp-content\/uploads\/2022\/05\/P-SUSANALANDEROS4.png?fit=1200%2C671&ssl=1&resize=350%2C200 1x, https:\/\/i0.wp.com\/politicosaldesnudo.com.mx\/wp-content\/uploads\/2022\/05\/P-SUSANALANDEROS4.png?fit=1200%2C671&ssl=1&resize=525%2C300 1.5x, https:\/\/i0.wp.com\/politicosaldesnudo.com.mx\/wp-content\/uploads\/2022\/05\/P-SUSANALANDEROS4.png?fit=1200%2C671&ssl=1&resize=700%2C400 2x, https:\/\/i0.wp.com\/politicosaldesnudo.com.mx\/wp-content\/uploads\/2022\/05\/P-SUSANALANDEROS4.png?fit=1200%2C671&ssl=1&resize=1050%2C600 3x"},"classes":[]},{"id":87150,"url":"https:\/\/politicosaldesnudo.com.mx\/index.php\/2026\/07\/23\/llegan-500-militares-a-zacatecas-tras-repunte-de-violencia-buscan-contener-disputa-criminal\/","url_meta":{"origin":80472,"position":3},"title":"Llegan 500 militares a Zacatecas tras repunte de violencia; buscan contener disputa criminal","author":"Redacci\u00f3n Pol\u00edticos","date":"23 de julio de 2026","format":false,"excerpt":"Luego de la ejecuci\u00f3n de diez personas, entre ellas empresarios, ganaderos y dos funcionarios municipales, la Secretar\u00eda de la Defensa Nacional (Defensa), \"como parte de las medidas permanentes para fortalecer la paz en Zacatecas\" envi\u00f3 100 integrantes del Cuerpo de Fuerzas Especiales a esa entidad. Los integrantes del Ej\u00e9rcito Mexicano\u2026","rel":"","context":"En \u00abESTADOS\u00bb","block_context":{"text":"ESTADOS","link":"https:\/\/politicosaldesnudo.com.mx\/index.php\/category\/estados\/"},"img":{"alt_text":"","src":"https:\/\/i0.wp.com\/politicosaldesnudo.com.mx\/wp-content\/uploads\/2026\/07\/LOSMI.webp?fit=1200%2C900&ssl=1&resize=350%2C200","width":350,"height":200,"srcset":"https:\/\/i0.wp.com\/politicosaldesnudo.com.mx\/wp-content\/uploads\/2026\/07\/LOSMI.webp?fit=1200%2C900&ssl=1&resize=350%2C200 1x, https:\/\/i0.wp.com\/politicosaldesnudo.com.mx\/wp-content\/uploads\/2026\/07\/LOSMI.webp?fit=1200%2C900&ssl=1&resize=525%2C300 1.5x, https:\/\/i0.wp.com\/politicosaldesnudo.com.mx\/wp-content\/uploads\/2026\/07\/LOSMI.webp?fit=1200%2C900&ssl=1&resize=700%2C400 2x, https:\/\/i0.wp.com\/politicosaldesnudo.com.mx\/wp-content\/uploads\/2026\/07\/LOSMI.webp?fit=1200%2C900&ssl=1&resize=1050%2C600 3x"},"classes":[]},{"id":87249,"url":"https:\/\/politicosaldesnudo.com.mx\/index.php\/2026\/07\/27\/roberto-velasco-se-reune-con-vicesecretaria-de-la-onu\/","url_meta":{"origin":80472,"position":4},"title":"Roberto Velasco se re\u00fane con vicesecretaria de la ONU","author":"Redacci\u00f3n Pol\u00edticos","date":"27 de julio de 2026","format":false,"excerpt":"El canciller, Roberto Velasco, sostuvo una reuni\u00f3n con Amina J. Mohammed, vicesecretaria general de la Organizaci\u00f3n de las Naciones Unidas (ONU), en la que conversaron sobre el futuro del multilateralismo y el papel que M\u00e9xico desempe\u00f1a en su fortalecimiento. Igualmente, sobre las reformas que requiere la ONU para hacer frente\u2026","rel":"","context":"En \u00abNACIONAL\u00bb","block_context":{"text":"NACIONAL","link":"https:\/\/politicosaldesnudo.com.mx\/index.php\/category\/nacional\/"},"img":{"alt_text":"","src":"https:\/\/i0.wp.com\/politicosaldesnudo.com.mx\/wp-content\/uploads\/2026\/07\/ALALO.jpg?fit=1200%2C800&ssl=1&resize=350%2C200","width":350,"height":200,"srcset":"https:\/\/i0.wp.com\/politicosaldesnudo.com.mx\/wp-content\/uploads\/2026\/07\/ALALO.jpg?fit=1200%2C800&ssl=1&resize=350%2C200 1x, https:\/\/i0.wp.com\/politicosaldesnudo.com.mx\/wp-content\/uploads\/2026\/07\/ALALO.jpg?fit=1200%2C800&ssl=1&resize=525%2C300 1.5x, https:\/\/i0.wp.com\/politicosaldesnudo.com.mx\/wp-content\/uploads\/2026\/07\/ALALO.jpg?fit=1200%2C800&ssl=1&resize=700%2C400 2x, https:\/\/i0.wp.com\/politicosaldesnudo.com.mx\/wp-content\/uploads\/2026\/07\/ALALO.jpg?fit=1200%2C800&ssl=1&resize=1050%2C600 3x"},"classes":[]},{"id":88028,"url":"https:\/\/politicosaldesnudo.com.mx\/index.php\/2026\/08\/24\/se-acabaron-las-novatadas-violentas-en-las-escuelas-normales\/","url_meta":{"origin":80472,"position":5},"title":"Se acabaron las novatadas violentas en las escuelas normales","author":"Redacci\u00f3n Pol\u00edticos","date":"24 de agosto de 2026","format":false,"excerpt":"PRIMICIAS POR VICENTE MART\u00cdNEZ A una semana del regreso a clases, la Secretar\u00eda de Educaci\u00f3n P\u00fablica fij\u00f3 una postura firme frente a las llamadas novatadas en las escuelas normales y orden\u00f3 impedir cualquier pr\u00e1ctica de iniciaci\u00f3n que implique violencia o afecte los derechos de los estudiantes. El secretario de Educaci\u00f3n\u2026","rel":"","context":"En \u00abOPINI\u00d3N\u00bb","block_context":{"text":"OPINI\u00d3N","link":"https:\/\/politicosaldesnudo.com.mx\/index.php\/category\/columnistas\/"},"img":{"alt_text":"","src":"https:\/\/i0.wp.com\/politicosaldesnudo.com.mx\/wp-content\/uploads\/2026\/08\/primicias-2408-scaled.png?fit=1200%2C659&ssl=1&resize=350%2C200","width":350,"height":200,"srcset":"https:\/\/i0.wp.com\/politicosaldesnudo.com.mx\/wp-content\/uploads\/2026\/08\/primicias-2408-scaled.png?fit=1200%2C659&ssl=1&resize=350%2C200 1x, https:\/\/i0.wp.com\/politicosaldesnudo.com.mx\/wp-content\/uploads\/2026\/08\/primicias-2408-scaled.png?fit=1200%2C659&ssl=1&resize=525%2C300 1.5x, https:\/\/i0.wp.com\/politicosaldesnudo.com.mx\/wp-content\/uploads\/2026\/08\/primicias-2408-scaled.png?fit=1200%2C659&ssl=1&resize=700%2C400 2x, https:\/\/i0.wp.com\/politicosaldesnudo.com.mx\/wp-content\/uploads\/2026\/08\/primicias-2408-scaled.png?fit=1200%2C659&ssl=1&resize=1050%2C600 3x"},"classes":[]}],"jetpack_sharing_enabled":true,"jetpack_featured_media_url":"https:\/\/i0.wp.com\/politicosaldesnudo.com.mx\/wp-content\/uploads\/2026\/02\/MOMU.jpg?fit=1200%2C895&ssl=1","_links":{"self":[{"href":"https:\/\/politicosaldesnudo.com.mx\/index.php\/wp-json\/wp\/v2\/posts\/80472","targetHints":{"allow":["GET"]}}],"collection":[{"href":"https:\/\/politicosaldesnudo.com.mx\/index.php\/wp-json\/wp\/v2\/posts"}],"about":[{"href":"https:\/\/politicosaldesnudo.com.mx\/index.php\/wp-json\/wp\/v2\/types\/post"}],"author":[{"embeddable":true,"href":"https:\/\/politicosaldesnudo.com.mx\/index.php\/wp-json\/wp\/v2\/users\/4"}],"replies":[{"embeddable":true,"href":"https:\/\/politicosaldesnudo.com.mx\/index.php\/wp-json\/wp\/v2\/comments?post=80472"}],"version-history":[{"count":0,"href":"https:\/\/politicosaldesnudo.com.mx\/index.php\/wp-json\/wp\/v2\/posts\/80472\/revisions"}],"wp:featuredmedia":[{"embeddable":true,"href":"https:\/\/politicosaldesnudo.com.mx\/index.php\/wp-json\/wp\/v2\/media\/80473"}],"wp:attachment":[{"href":"https:\/\/politicosaldesnudo.com.mx\/index.php\/wp-json\/wp\/v2\/media?parent=80472"}],"wp:term":[{"taxonomy":"category","embeddable":true,"href":"https:\/\/politicosaldesnudo.com.mx\/index.php\/wp-json\/wp\/v2\/categories?post=80472"},{"taxonomy":"post_tag","embeddable":true,"href":"https:\/\/politicosaldesnudo.com.mx\/index.php\/wp-json\/wp\/v2\/tags?post=80472"}],"curies":[{"name":"wp","href":"https:\/\/api.w.org\/{rel}","templated":true}]}}