{"id":8049,"date":"2022-07-21T08:35:15","date_gmt":"2022-07-21T13:35:15","guid":{"rendered":"https:\/\/politicosaldesnudo.com.mx\/?p=8049"},"modified":"2022-07-21T08:35:15","modified_gmt":"2022-07-21T13:35:15","slug":"gobierno-de-tuxpan-y-prestadores-de-servicios-juntos-para-detonar-el-turismo","status":"publish","type":"post","link":"https:\/\/politicosaldesnudo.com.mx\/index.php\/2022\/07\/21\/gobierno-de-tuxpan-y-prestadores-de-servicios-juntos-para-detonar-el-turismo\/","title":{"rendered":"Gobierno de Tuxpan y prestadores de servicios juntos para detonar el turismo"},"content":{"rendered":"<p>&nbsp;<\/p>\n<p class=\"p1\"><span style=\"font-size: 18pt;\"><strong>&lt;&lt; Se dar\u00e1 proyecci\u00f3n nacional e internacional a Tuxpan: Jos\u00e9 Manuel Pozos &gt;&gt;<\/strong><\/span><\/p>\n<p>&nbsp;<\/p>\n<p class=\"p1\"><span style=\"font-size: 14pt;\"><em><strong>TUXPAN, Ver.\u00a0<\/strong><\/em> <strong>Prestadores de servicios de la Barra Norte acordaron trabajar<\/strong> muy de cerca y en forma coordinada con el gobierno municipal que encabeza <strong>Jos\u00e9 Manuel Pozos Castro para impulsar un verdadero desarrollo de la zona tur\u00edstica.<\/strong><\/span><\/p>\n<p class=\"p1\"><span style=\"font-size: 18pt;\"><strong>En una reuni\u00f3n participativa, cordialidad y de propuestas de trabajo se acordaron diversos puntos que tienen que ver con el mejoramiento de la infraestructura, el ordenamiento y, sobre todo, el perfeccionamiento de la atenci\u00f3n a los visitantes.<\/strong><\/span><\/p>\n<p class=\"p1\"><span style=\"font-size: 14pt;\">El presidente municipal reconoci\u00f3 el inter\u00e9s y compromiso de los prestadores de servicios para <strong>brindar una atenci\u00f3n de calidad al turismo<\/strong>, porque este sector habr\u00e1 de reactivar la econom\u00eda.<\/span><\/p>\n<p class=\"p1\"><span style=\"font-size: 18pt;\"><strong>Pozos Castro mencion\u00f3 que con el respaldo del gobernador Ing. Cuitl\u00e1huac Garc\u00eda Jim\u00e9nez y del secretario de turismo Iv\u00e1n Mart\u00ednez Olvera, est\u00e1n listos para iniciar la proyecci\u00f3n de Tuxpan a nivel nacional e internacional.<\/strong><\/span><\/p>\n<p class=\"p1\"><span style=\"font-size: 18pt;\"><strong>Jos\u00e9 Manuel Pozos reiter\u00f3 que tambi\u00e9n se impulsar\u00e1 la cultura, la gastronom\u00eda y nuestras tradiciones.<\/strong><\/span><\/p>\n<p class=\"p1\"><span style=\"font-size: 14pt;\">Acompa\u00f1ado del regidor Juan G\u00f3mez Garc\u00eda y de directores del ayuntamiento, el alcalde expuso que se necesita de todos para cuidar al turismo, brindarles servicios de primera, playas limpias, m\u00e1s seguridad y nuevas opciones de entretenimiento.<\/span><\/p>\n<p><img data-recalc-dims=\"1\" loading=\"lazy\" decoding=\"async\" class=\"aligncenter wp-image-8052 size-large\" src=\"https:\/\/i0.wp.com\/politicosaldesnudo.com.mx\/wp-content\/uploads\/2022\/07\/P-TUXPAN-TURISMO3-1-1024x573.png?resize=800%2C448&#038;ssl=1\" alt=\"\" width=\"800\" height=\"448\" srcset=\"https:\/\/i0.wp.com\/politicosaldesnudo.com.mx\/wp-content\/uploads\/2022\/07\/P-TUXPAN-TURISMO3-1.png?resize=1024%2C573&amp;ssl=1 1024w, https:\/\/i0.wp.com\/politicosaldesnudo.com.mx\/wp-content\/uploads\/2022\/07\/P-TUXPAN-TURISMO3-1.png?resize=300%2C168&amp;ssl=1 300w, https:\/\/i0.wp.com\/politicosaldesnudo.com.mx\/wp-content\/uploads\/2022\/07\/P-TUXPAN-TURISMO3-1.png?resize=768%2C430&amp;ssl=1 768w, https:\/\/i0.wp.com\/politicosaldesnudo.com.mx\/wp-content\/uploads\/2022\/07\/P-TUXPAN-TURISMO3-1.png?resize=1536%2C859&amp;ssl=1 1536w, https:\/\/i0.wp.com\/politicosaldesnudo.com.mx\/wp-content\/uploads\/2022\/07\/P-TUXPAN-TURISMO3-1.png?w=1816&amp;ssl=1 1816w, https:\/\/i0.wp.com\/politicosaldesnudo.com.mx\/wp-content\/uploads\/2022\/07\/P-TUXPAN-TURISMO3-1.png?w=1600&amp;ssl=1 1600w\" sizes=\"auto, (max-width: 800px) 100vw, 800px\" \/><\/p>\n<p>&nbsp;<\/p>\n<p class=\"p1\"><span style=\"font-size: 18pt;\"><strong>La primera autoridad coincidi\u00f3 con los prestadores de servicios en que se debe de ordenar y reglamentar la zona tur\u00edstica y aplicar Normas Oficiales Mexicanas.<\/strong><\/span><\/p>\n<p class=\"p1\"><span style=\"font-size: 14pt;\">Como resultado de las propuestas hechas se incrementar\u00e1n los contenedores de basura, se tendr\u00e1 mayor presencia policiaca en playas de Barra Galindo, se reglamentar\u00e1 la circulaci\u00f3n de veh\u00edculos y motos en la orilla de la playa y se dar\u00e1 capacitaci\u00f3n.<span class=\"Apple-converted-space\">\u00a0<\/span><\/span><\/p>\n<p class=\"p1\"><span style=\"font-size: 18pt;\"><strong>El presidente tambi\u00e9n anunci\u00f3 que un representante de los prestadores de servicios de la zona de playa tendr\u00e1 participaci\u00f3n en el Consejo Municipal de Turismo. Este anuncio alegr\u00f3 a todos los asistentes a la reuni\u00f3n.<\/strong><\/span><\/p>\n<p class=\"p1\"><span style=\"font-size: 14pt;\">El agente municipal Gabriel G\u00f3mez Ruiz expres\u00f3 que tanto \u00e9l, como su comunidad, conf\u00edan en el presidente municipal por ser una persona de compromisos y valores.<span class=\"Apple-converted-space\">\u00a0<\/span><\/span><\/p>\n<p class=\"p1\"><span style=\"font-size: 18pt;\"><strong>Por \u00faltimo, el alcalde Pozos Castro pidi\u00f3 que<span class=\"Apple-converted-space\">\u00a0 <\/span>todos los prestadores de servicios contin\u00faen capacit\u00e1ndose y anunci\u00f3 que en pocos d\u00edas habr\u00e1 un curso para ellos.<\/strong><\/span><\/p>\n<p><img data-recalc-dims=\"1\" loading=\"lazy\" decoding=\"async\" class=\"aligncenter wp-image-8051 size-large\" src=\"https:\/\/i0.wp.com\/politicosaldesnudo.com.mx\/wp-content\/uploads\/2022\/07\/P-TUXPAN-TURISMO2-1-1024x573.png?resize=800%2C448&#038;ssl=1\" alt=\"\" width=\"800\" height=\"448\" srcset=\"https:\/\/i0.wp.com\/politicosaldesnudo.com.mx\/wp-content\/uploads\/2022\/07\/P-TUXPAN-TURISMO2-1.png?resize=1024%2C573&amp;ssl=1 1024w, https:\/\/i0.wp.com\/politicosaldesnudo.com.mx\/wp-content\/uploads\/2022\/07\/P-TUXPAN-TURISMO2-1.png?resize=300%2C168&amp;ssl=1 300w, https:\/\/i0.wp.com\/politicosaldesnudo.com.mx\/wp-content\/uploads\/2022\/07\/P-TUXPAN-TURISMO2-1.png?resize=768%2C430&amp;ssl=1 768w, https:\/\/i0.wp.com\/politicosaldesnudo.com.mx\/wp-content\/uploads\/2022\/07\/P-TUXPAN-TURISMO2-1.png?resize=1536%2C859&amp;ssl=1 1536w, https:\/\/i0.wp.com\/politicosaldesnudo.com.mx\/wp-content\/uploads\/2022\/07\/P-TUXPAN-TURISMO2-1.png?w=1816&amp;ssl=1 1816w, https:\/\/i0.wp.com\/politicosaldesnudo.com.mx\/wp-content\/uploads\/2022\/07\/P-TUXPAN-TURISMO2-1.png?w=1600&amp;ssl=1 1600w\" sizes=\"auto, (max-width: 800px) 100vw, 800px\" \/><\/p>\n<p>&nbsp;<\/p>\n<p>&nbsp;<\/p>\n<p>&nbsp;<\/p>\n<p>&nbsp;<\/p>\n<p>&nbsp;<\/p>\n<p>&nbsp;<\/p>\n","protected":false},"excerpt":{"rendered":"<p>&nbsp; &lt;&lt; Se dar\u00e1 proyecci\u00f3n nacional e internacional a Tuxpan: Jos\u00e9 Manuel Pozos &gt;&gt; &nbsp; TUXPAN, Ver.\u00a0 Prestadores de servicios<\/p>\n","protected":false},"author":4,"featured_media":8050,"comment_status":"closed","ping_status":"closed","sticky":false,"template":"","format":"standard","meta":{"colormag_page_container_layout":"default_layout","colormag_page_sidebar_layout":"default_layout","_jetpack_memberships_contains_paid_content":false,"footnotes":"","jetpack_publicize_message":"","jetpack_publicize_feature_enabled":true,"jetpack_social_post_already_shared":false,"jetpack_social_options":{"image_generator_settings":{"template":"highway","default_image_id":0,"font":"","enabled":false},"version":2}},"categories":[1082],"tags":[576,1189,234,70,100],"class_list":["post-8049","post","type-post","status-publish","format-standard","has-post-thumbnail","hentry","category-tuxpan","tag-jose-manuel-pozos","tag-prestador-de-servicios","tag-turismo","tag-tuxpan","tag-veracruz"],"jetpack_publicize_connections":[],"jetpack_featured_media_url":"https:\/\/i0.wp.com\/politicosaldesnudo.com.mx\/wp-content\/uploads\/2022\/07\/P-TUXPAN-TURISMO1-1.png?fit=1816%2C1016&ssl=1","jetpack-related-posts":[],"jetpack_sharing_enabled":true,"_links":{"self":[{"href":"https:\/\/politicosaldesnudo.com.mx\/index.php\/wp-json\/wp\/v2\/posts\/8049","targetHints":{"allow":["GET"]}}],"collection":[{"href":"https:\/\/politicosaldesnudo.com.mx\/index.php\/wp-json\/wp\/v2\/posts"}],"about":[{"href":"https:\/\/politicosaldesnudo.com.mx\/index.php\/wp-json\/wp\/v2\/types\/post"}],"author":[{"embeddable":true,"href":"https:\/\/politicosaldesnudo.com.mx\/index.php\/wp-json\/wp\/v2\/users\/4"}],"replies":[{"embeddable":true,"href":"https:\/\/politicosaldesnudo.com.mx\/index.php\/wp-json\/wp\/v2\/comments?post=8049"}],"version-history":[{"count":0,"href":"https:\/\/politicosaldesnudo.com.mx\/index.php\/wp-json\/wp\/v2\/posts\/8049\/revisions"}],"wp:featuredmedia":[{"embeddable":true,"href":"https:\/\/politicosaldesnudo.com.mx\/index.php\/wp-json\/wp\/v2\/media\/8050"}],"wp:attachment":[{"href":"https:\/\/politicosaldesnudo.com.mx\/index.php\/wp-json\/wp\/v2\/media?parent=8049"}],"wp:term":[{"taxonomy":"category","embeddable":true,"href":"https:\/\/politicosaldesnudo.com.mx\/index.php\/wp-json\/wp\/v2\/categories?post=8049"},{"taxonomy":"post_tag","embeddable":true,"href":"https:\/\/politicosaldesnudo.com.mx\/index.php\/wp-json\/wp\/v2\/tags?post=8049"}],"curies":[{"name":"wp","href":"https:\/\/api.w.org\/{rel}","templated":true}]}}