{"id":80491,"date":"2026-02-20T21:01:20","date_gmt":"2026-02-21T03:01:20","guid":{"rendered":"https:\/\/politicosaldesnudo.com.mx\/?p=80491"},"modified":"2026-02-22T20:02:51","modified_gmt":"2026-02-23T02:02:51","slug":"veracruz-del-desorden-a-la-direccion-un-ano-que-empieza-a-sentirse","status":"publish","type":"post","link":"https:\/\/politicosaldesnudo.com.mx\/index.php\/2026\/02\/20\/veracruz-del-desorden-a-la-direccion-un-ano-que-empieza-a-sentirse\/","title":{"rendered":"Veracruz: del desorden a la direcci\u00f3n \u2014 un a\u00f1o que empieza a sentirse"},"content":{"rendered":"<p style=\"font-weight: 400;\"><em>\u201cMientras no haya una distribuci\u00f3n equitativa de la riqueza, no habr\u00e1 paz\u201d. \u2013 Elena Ochoa.<\/em><\/p>\n<p style=\"font-weight: 400;\"><strong>\u00a0<\/strong><\/p>\n<p style=\"font-weight: 400;\"><strong>A un a\u00f1o y casi dos meses del inicio del gobierno de Roc\u00edo Nahle Garc\u00eda, en Veracruz comienza a respirarse algo que durante mucho tiempo parec\u00eda extraviado: rumbo.<\/strong><\/p>\n<p style=\"font-weight: 400;\"><strong>No se trata a\u00fan de una transformaci\u00f3n total \u2014nadie serio podr\u00eda afirmarlo en tan corto plazo\u2014, pero s\u00ed de una tendencia clara. Una se\u00f1al de que el aparato estatal, que durante a\u00f1os oper\u00f3 entre inercias, rezagos y desconfianzas, hoy empieza a alinearse bajo una l\u00f3gica distinta: orden financiero, inversi\u00f3n p\u00fablica con sentido social y recuperaci\u00f3n del orgullo local.<\/strong><\/p>\n<p style=\"font-weight: 400;\"><strong>Este primer corte de caja obliga a mirar m\u00e1s all\u00e1 del discurso pol\u00edtico. Hay elementos concretos que ya est\u00e1n impactando la vida cotidiana y que permiten hablar de una administraci\u00f3n que, sin estridencias, ha optado por hacer su parte: hablar bien de Veracruz\u2026 pero, sobre todo, hacerlo bien.<\/strong><\/p>\n<p style=\"font-weight: 400;\"><strong>\u00a0<\/strong><\/p>\n<p style=\"font-weight: 400;\"><strong>Finanzas: el cimiento silencioso<\/strong><\/p>\n<p style=\"font-weight: 400;\"><strong>Todo gobierno que aspire a cambiar realidades necesita primero estabilizar sus cimientos. Y en Veracruz, ese cimiento hist\u00f3ricamente ha sido el m\u00e1s fr\u00e1gil: las finanzas p\u00fablicas.<\/strong><\/p>\n<p style=\"font-weight: 400;\"><strong>La disciplina financiera ha sido, hasta ahora, la columna vertebral del gobierno de Nahle. No es casual que el estado se ubique hoy como el n\u00famero uno en el aumento de participaciones federales. Este dato, que podr\u00eda parecer t\u00e9cnico, tiene implicaciones profundas: refleja confianza institucional, orden administrativo y capacidad de gesti\u00f3n ante la federaci\u00f3n que encabeza Claudia Sheinbaum Pardo.<\/strong><\/p>\n<p style=\"font-weight: 400;\"><strong>En t\u00e9rminos simples: Veracruz dej\u00f3 de ser visto como un barril sin fondo.<\/strong><\/p>\n<p style=\"font-weight: 400;\"><strong>El manejo responsable del gasto ha permitido no solo estabilizar las cuentas, sino avanzar en el pago de la deuda heredada. Durante a\u00f1os, el endeudamiento fue una losa que limit\u00f3 cualquier intento de desarrollo real. Hoy, sin anunciarlo como una haza\u00f1a propagand\u00edstica, el gobierno ha comenzado a reducir ese peso.<\/strong><\/p>\n<p style=\"font-weight: 400;\"><strong>Menos deuda significa m\u00e1s capacidad de inversi\u00f3n. Y eso empieza a notarse.<\/strong><\/p>\n<p style=\"font-weight: 400;\"><strong>\u00a0<\/strong><\/p>\n<p style=\"font-weight: 400;\"><strong>Infraestructura: lo que el ciudadano s\u00ed ve<\/strong><\/p>\n<p style=\"font-weight: 400;\"><strong>Si hay un rubro donde el cambio comienza a sentirse de forma tangible es en el mejoramiento carretero.<\/strong><\/p>\n<p style=\"font-weight: 400;\"><strong>Durante d\u00e9cadas, recorrer Veracruz fue sin\u00f3nimo de abandono: caminos deteriorados, trayectos interminables y una conectividad que castigaba la competitividad regional.<\/strong><\/p>\n<p style=\"font-weight: 400;\"><strong>Hoy, aunque a\u00fan falta mucho por hacer, el rescate de la red carretera ya es evidente. No es una percepci\u00f3n aislada: transportistas, productores y ciudadanos comienzan a notar que los trayectos se reducen, que la movilidad mejora y que la obra p\u00fablica deja de ser un anuncio para convertirse en una realidad.<\/strong><\/p>\n<p style=\"font-weight: 400;\"><strong>La infraestructura no solo conecta territorios; conecta econom\u00edas.<\/strong><\/p>\n<p style=\"font-weight: 400;\"><strong>Mejorar caminos implica facilitar el traslado de mercanc\u00edas, fortalecer el turismo interno y reducir los costos log\u00edsticos que hist\u00f3ricamente han frenado la inversi\u00f3n.<\/strong><\/p>\n<p style=\"font-weight: 400;\"><strong>Y precisamente, la inversi\u00f3n comienza a llegar.<\/strong><\/p>\n<p style=\"font-weight: 400;\"><strong>\u00a0<\/strong><\/p>\n<p style=\"font-weight: 400;\"><strong>Inversiones: la confianza regresa<\/strong><\/p>\n<p style=\"font-weight: 400;\"><strong>El orden financiero y la estabilidad institucional est\u00e1n generando algo que no se decreta: confianza.<\/strong><\/p>\n<p style=\"font-weight: 400;\"><strong>Nuevos proyectos productivos, ampliaciones industriales y capitales que vuelven a mirar hacia Veracruz empiezan a aparecer en el radar. No se trata de megaproyectos espectaculares \u2014al menos no a\u00fan\u2014, sino de una recuperaci\u00f3n progresiva del inter\u00e9s empresarial.<\/strong><\/p>\n<p style=\"font-weight: 400;\"><strong>Eso es clave.<\/strong><\/p>\n<p style=\"font-weight: 400;\"><strong>Porque el desarrollo sostenido no se construye solo con obra p\u00fablica, sino con actividad econ\u00f3mica que genere empleo y dinamismo local.<\/strong><\/p>\n<p style=\"font-weight: 400;\"><strong>Cuando un estado deja de ser visto como riesgoso, la inversi\u00f3n llega.<\/strong><\/p>\n<p style=\"font-weight: 400;\"><strong>Y cuando llega, el crecimiento deja de ser una promesa.<\/strong><\/p>\n<p style=\"font-weight: 400;\"><strong>\u00a0<\/strong><\/p>\n<p style=\"font-weight: 400;\"><strong>Salud: prioridad con resultados visibles<\/strong><\/p>\n<p style=\"font-weight: 400;\"><strong>Uno de los temas m\u00e1s sensibles \u2014y donde m\u00e1s r\u00e1pido se eval\u00faa a cualquier gobierno\u2014 es la salud.<\/strong><\/p>\n<p style=\"font-weight: 400;\"><strong>En este rubro, la administraci\u00f3n estatal ha colocado la atenci\u00f3n m\u00e9dica y el abastecimiento de medicamentos como prioridad. Los resultados recientes muestran mejoras en la entrega y disponibilidad de insumos, una de las demandas hist\u00f3ricas del sistema estatal.<\/strong><\/p>\n<p style=\"font-weight: 400;\"><strong>Durante a\u00f1os, la escasez de medicamentos fue s\u00edmbolo del abandono institucional. Hoy, sin proclamaciones triunfalistas, se reportan avances en la cobertura y distribuci\u00f3n.<\/strong><\/p>\n<p style=\"font-weight: 400;\"><strong>La diferencia radica en el enfoque: dejar de administrar la crisis para comenzar a resolverla.<\/strong><\/p>\n<p style=\"font-weight: 400;\"><strong>Si bien el sistema a\u00fan enfrenta desaf\u00edos estructurales, el cambio de tendencia comienza a ser perceptible.<\/strong><\/p>\n<p style=\"font-weight: 400;\"><strong>\u00a0<\/strong><\/p>\n<p style=\"font-weight: 400;\"><strong>Educaci\u00f3n y cultura: reconstruir tejido social<\/strong><\/p>\n<p style=\"font-weight: 400;\"><strong>El fortalecimiento educativo ha avanzado con una l\u00f3gica similar: menos anuncios y m\u00e1s continuidad.<\/strong><\/p>\n<p style=\"font-weight: 400;\"><strong>Mejoras en infraestructura escolar, atenci\u00f3n a rezagos regionales y programas de fortalecimiento acad\u00e9mico empiezan a integrarse como parte de una pol\u00edtica que busca reducir brechas hist\u00f3ricas.<\/strong><\/p>\n<p style=\"font-weight: 400;\"><strong>En paralelo, la cultura ha recuperado un lugar central.<\/strong><\/p>\n<p style=\"font-weight: 400;\"><strong>Y ah\u00ed es donde emerge uno de los s\u00edmbolos m\u00e1s poderosos de este primer a\u00f1o de gobierno.<\/strong><\/p>\n<p style=\"font-weight: 400;\"><strong>\u00a0<\/strong><\/p>\n<p style=\"font-weight: 400;\"><strong>El Carnaval: algo m\u00e1s que fiesta<\/strong><\/p>\n<p style=\"font-weight: 400;\"><strong>El reciente Carnaval de Veracruz no fue solo un evento tur\u00edstico.<\/strong><\/p>\n<p style=\"font-weight: 400;\"><strong>Fue una se\u00f1al.<\/strong><\/p>\n<p style=\"font-weight: 400;\"><strong>El ambiente que se vivi\u00f3 evoc\u00f3 los mejores tiempos de una celebraci\u00f3n que durante a\u00f1os perdi\u00f3 brillo entre crisis de seguridad, desorganizaci\u00f3n y apat\u00eda institucional.<\/strong><\/p>\n<p style=\"font-weight: 400;\"><strong>Hoy, el Carnaval volvi\u00f3 a sentirse como una fiesta del pueblo y no como un acto protocolario.<\/strong><\/p>\n<p style=\"font-weight: 400;\"><strong>Familias en las calles, visitantes regresando, econom\u00eda local reactiv\u00e1ndose y un \u00e1nimo colectivo que parec\u00eda olvidado.<\/strong><\/p>\n<p style=\"font-weight: 400;\"><strong>El turismo no se impulsa \u00fanicamente con campa\u00f1as publicitarias; se construye con experiencias positivas.<\/strong><\/p>\n<p style=\"font-weight: 400;\"><strong>Y este Carnaval dej\u00f3 una impresi\u00f3n clara: Veracruz puede volver a ser destino, no solo tr\u00e1nsito.<\/strong><\/p>\n<p style=\"font-weight: 400;\"><strong>\u00a0<\/strong><\/p>\n<p style=\"font-weight: 400;\"><strong>Turismo y Cultura: identidad como motor econ\u00f3mico<\/strong><\/p>\n<p style=\"font-weight: 400;\"><strong>La recuperaci\u00f3n del esp\u00edritu festivo es tambi\u00e9n recuperaci\u00f3n de identidad.<\/strong><\/p>\n<p style=\"font-weight: 400;\"><strong>Y en un estado con la riqueza cultural de Veracruz, esa identidad es un activo econ\u00f3mico.<\/strong><\/p>\n<p style=\"font-weight: 400;\"><strong>Eventos culturales revitalizados, promoci\u00f3n regional y mejoras en infraestructura comienzan a articular una narrativa distinta: la de un Veracruz que no solo conserva su historia, sino que la proyecta.<\/strong><\/p>\n<p style=\"font-weight: 400;\"><strong>El turismo, entonces, deja de ser un sector aislado y se convierte en parte de una estrategia integral de desarrollo.<\/strong><\/p>\n<p style=\"font-weight: 400;\"><strong>\u00a0<\/strong><\/p>\n<p style=\"font-weight: 400;\"><strong>Gobernar tambi\u00e9n es cambiar la conversaci\u00f3n<\/strong><\/p>\n<p style=\"font-weight: 400;\"><strong>Durante a\u00f1os, Veracruz fue noticia por esc\u00e1ndalos, deudas y crisis.<\/strong><\/p>\n<p style=\"font-weight: 400;\"><strong>Hoy, sin negar los retos que a\u00fan persisten, el gobierno estatal parece haber asumido una tarea fundamental: cambiar la conversaci\u00f3n.<\/strong><\/p>\n<p style=\"font-weight: 400;\"><strong>No mediante propaganda, sino mediante resultados.<\/strong><\/p>\n<p style=\"font-weight: 400;\"><strong>Hablar bien de Veracruz implica primero hacer que Veracruz funcione mejor.<\/strong><\/p>\n<p style=\"font-weight: 400;\"><strong>Y eso comienza por ordenar las finanzas, mejorar caminos, fortalecer la salud, impulsar la educaci\u00f3n y reactivar la vida cultural.<\/strong><\/p>\n<p style=\"font-weight: 400;\"><strong>\u00a0<\/strong><\/p>\n<p style=\"font-weight: 400;\"><strong>Balance: lo que ya se siente<\/strong><\/p>\n<p style=\"font-weight: 400;\"><strong>A un a\u00f1o y casi dos meses, el balance no puede ser definitivo.<\/strong><\/p>\n<p style=\"font-weight: 400;\"><strong>Pero s\u00ed permite identificar una tendencia:<\/strong><\/p>\n<ul style=\"font-weight: 400;\">\n<li><strong>Un manejo financiero que genera confianza.<\/strong><\/li>\n<li><strong>Un proceso sostenido de pago de deuda.<\/strong><\/li>\n<li><strong>Infraestructura que empieza a mejorar la conectividad.<\/strong><\/li>\n<li><strong>Atenci\u00f3n m\u00e9dica con avances visibles en abastecimiento.<\/strong><\/li>\n<li><strong>Turismo revitalizado a trav\u00e9s de identidad cultural.<\/strong><\/li>\n<li><strong>Inversiones que comienzan a regresar.<\/strong><\/li>\n<\/ul>\n<p style=\"font-weight: 400;\"><strong>Nada de esto es espectacular por s\u00ed mismo.<\/strong><\/p>\n<p style=\"font-weight: 400;\"><strong>Pero en conjunto, configura algo m\u00e1s importante: estabilidad.<\/strong><\/p>\n<p style=\"font-weight: 400;\"><strong>\u00a0<\/strong><\/p>\n<p style=\"font-weight: 400;\"><strong>El desaf\u00edo hacia adelante<\/strong><\/p>\n<p style=\"font-weight: 400;\"><strong>El verdadero reto ser\u00e1 sostener esta l\u00ednea.<\/strong><\/p>\n<p style=\"font-weight: 400;\"><strong>Porque el entusiasmo inicial puede disiparse si no se consolida en resultados estructurales.<\/strong><\/p>\n<p style=\"font-weight: 400;\"><strong>Veracruz necesita que esta disciplina financiera se traduzca en crecimiento econ\u00f3mico sostenido, que la mejora en salud se convierta en calidad de atenci\u00f3n permanente y que la inversi\u00f3n privada encuentre condiciones duraderas.<\/strong><\/p>\n<p style=\"font-weight: 400;\"><strong>El gobierno ha empezado a hacer su parte.<\/strong><\/p>\n<p style=\"font-weight: 400;\"><strong>Ahora deber\u00e1 demostrar que este rumbo no es coyuntural, sino estrat\u00e9gico.<\/strong><\/p>\n<p style=\"font-weight: 400;\"><strong>En pol\u00edtica, hay momentos que marcan rupturas y otros que marcan transiciones.<\/strong><\/p>\n<p style=\"font-weight: 400;\"><strong>Este primer a\u00f1o del gobierno de Roc\u00edo Nahle parece pertenecer a la segunda categor\u00eda.<\/strong><\/p>\n<p style=\"font-weight: 400;\"><strong>No es a\u00fan el punto de llegada.<\/strong><\/p>\n<p style=\"font-weight: 400;\"><strong>Pero s\u00ed el inicio de un trayecto que, por primera vez en mucho tiempo, empieza a sentirse en la vida diaria de los veracruzanos.<\/strong><\/p>\n<p style=\"font-weight: 400;\"><strong>\u00a0<\/strong><\/p>\n<p style=\"font-weight: 400;\"><strong>Al tiempo.<\/strong><\/p>\n<p><img data-recalc-dims=\"1\" loading=\"lazy\" decoding=\"async\" class=\"aligncenter size-full wp-image-80290\" src=\"https:\/\/i0.wp.com\/politicosaldesnudo.com.mx\/wp-content\/uploads\/2026\/02\/FIRMA-EDITORIAL-PD-5.jpg?resize=1024%2C125&#038;ssl=1\" alt=\"\" width=\"1024\" height=\"125\" srcset=\"https:\/\/i0.wp.com\/politicosaldesnudo.com.mx\/wp-content\/uploads\/2026\/02\/FIRMA-EDITORIAL-PD-5.jpg?w=1024&amp;ssl=1 1024w, https:\/\/i0.wp.com\/politicosaldesnudo.com.mx\/wp-content\/uploads\/2026\/02\/FIRMA-EDITORIAL-PD-5.jpg?resize=300%2C37&amp;ssl=1 300w, https:\/\/i0.wp.com\/politicosaldesnudo.com.mx\/wp-content\/uploads\/2026\/02\/FIRMA-EDITORIAL-PD-5.jpg?resize=768%2C94&amp;ssl=1 768w\" sizes=\"auto, (max-width: 1000px) 100vw, 1000px\" \/><\/p>\n","protected":false},"excerpt":{"rendered":"<p>\u201cMientras no haya una distribuci\u00f3n equitativa de la riqueza, no habr\u00e1 paz\u201d. \u2013 Elena Ochoa. \u00a0 A un a\u00f1o y [&hellip;]<\/p>\n","protected":false},"author":4,"featured_media":78055,"comment_status":"closed","ping_status":"closed","sticky":false,"template":"","format":"standard","meta":{"site-sidebar-layout":"default","site-content-layout":"","ast-site-content-layout":"default","site-content-style":"default","site-sidebar-style":"default","ast-global-header-display":"","ast-banner-title-visibility":"","ast-main-header-display":"","ast-hfb-above-header-display":"","ast-hfb-below-header-display":"","ast-hfb-mobile-header-display":"","site-post-title":"","ast-breadcrumbs-content":"","ast-featured-img":"","footer-sml-layout":"","ast-disable-related-posts":"","theme-transparent-header-meta":"","adv-header-id-meta":"","stick-header-meta":"","header-above-stick-meta":"","header-main-stick-meta":"","header-below-stick-meta":"","astra-migrate-meta-layouts":"default","ast-page-background-enabled":"default","ast-page-background-meta":{"desktop":{"background-color":"var(--ast-global-color-5)","background-image":"","background-repeat":"repeat","background-position":"center center","background-size":"auto","background-attachment":"scroll","background-type":"","background-media":"","overlay-type":"","overlay-color":"","overlay-opacity":"","overlay-gradient":""},"tablet":{"background-color":"","background-image":"","background-repeat":"repeat","background-position":"center center","background-size":"auto","background-attachment":"scroll","background-type":"","background-media":"","overlay-type":"","overlay-color":"","overlay-opacity":"","overlay-gradient":""},"mobile":{"background-color":"","background-image":"","background-repeat":"repeat","background-position":"center center","background-size":"auto","background-attachment":"scroll","background-type":"","background-media":"","overlay-type":"","overlay-color":"","overlay-opacity":"","overlay-gradient":""}},"ast-content-background-meta":{"desktop":{"background-color":"var(--ast-global-color-4)","background-image":"","background-repeat":"repeat","background-position":"center center","background-size":"auto","background-attachment":"scroll","background-type":"","background-media":"","overlay-type":"","overlay-color":"","overlay-opacity":"","overlay-gradient":""},"tablet":{"background-color":"var(--ast-global-color-4)","background-image":"","background-repeat":"repeat","background-position":"center center","background-size":"auto","background-attachment":"scroll","background-type":"","background-media":"","overlay-type":"","overlay-color":"","overlay-opacity":"","overlay-gradient":""},"mobile":{"background-color":"var(--ast-global-color-4)","background-image":"","background-repeat":"repeat","background-position":"center center","background-size":"auto","background-attachment":"scroll","background-type":"","background-media":"","overlay-type":"","overlay-color":"","overlay-opacity":"","overlay-gradient":""}},"_jetpack_newsletter_access":"","_jetpack_dont_email_post_to_subs":false,"_jetpack_newsletter_tier_id":0,"_jetpack_memberships_contains_paywalled_content":false,"_jetpack_feature_clip_id":0,"_jetpack_memberships_contains_paid_content":false,"footnotes":"","jetpack_publicize_message":"","jetpack_publicize_feature_enabled":true,"jetpack_social_post_already_shared":true,"jetpack_social_options":{"image_generator_settings":{"template":"highway","default_image_id":0,"font":"","enabled":false},"version":2},"jetpack_post_was_ever_published":false},"categories":[26],"tags":[],"class_list":["post-80491","post","type-post","status-publish","format-standard","has-post-thumbnail","hentry","category-columnistas"],"yoast_head":"<!-- This site is optimized with the Yoast SEO plugin v28.3 - https:\/\/yoast.com\/product\/yoast-seo-wordpress\/ -->\n<title>Veracruz: del desorden a la direcci\u00f3n \u2014 un a\u00f1o que empieza a sentirse - Pol\u00edticos al Desnudo<\/title>\n<meta name=\"robots\" content=\"index, follow, max-snippet:-1, max-image-preview:large, max-video-preview:-1\" \/>\n<link rel=\"canonical\" href=\"https:\/\/politicosaldesnudo.com.mx\/index.php\/2026\/02\/20\/veracruz-del-desorden-a-la-direccion-un-ano-que-empieza-a-sentirse\/\" \/>\n<meta property=\"og:locale\" content=\"es_ES\" \/>\n<meta property=\"og:type\" content=\"article\" \/>\n<meta property=\"og:title\" content=\"Veracruz: del desorden a la direcci\u00f3n \u2014 un a\u00f1o que empieza a sentirse - Pol\u00edticos al Desnudo\" \/>\n<meta property=\"og:description\" content=\"\u201cMientras no haya una distribuci\u00f3n equitativa de la riqueza, no habr\u00e1 paz\u201d. \u2013 Elena Ochoa. \u00a0 A un a\u00f1o y [&hellip;]\" \/>\n<meta property=\"og:url\" content=\"https:\/\/politicosaldesnudo.com.mx\/index.php\/2026\/02\/20\/veracruz-del-desorden-a-la-direccion-un-ano-que-empieza-a-sentirse\/\" \/>\n<meta property=\"og:site_name\" content=\"Pol\u00edticos al Desnudo\" \/>\n<meta property=\"article:publisher\" content=\"https:\/\/www.facebook.com\/PoliticosAD\" \/>\n<meta property=\"article:published_time\" content=\"2026-02-21T03:01:20+00:00\" \/>\n<meta property=\"article:modified_time\" content=\"2026-02-23T02:02:51+00:00\" \/>\n<meta property=\"og:image\" content=\"https:\/\/i0.wp.com\/politicosaldesnudo.com.mx\/wp-content\/uploads\/2026\/01\/BANNER-BAQUEIRO.jpg?fit=666%2C371&ssl=1\" \/>\n\t<meta property=\"og:image:width\" content=\"666\" \/>\n\t<meta property=\"og:image:height\" content=\"371\" \/>\n\t<meta property=\"og:image:type\" content=\"image\/jpeg\" \/>\n<meta name=\"author\" content=\"Redacci\u00f3n Pol\u00edticos\" \/>\n<meta name=\"twitter:card\" content=\"summary_large_image\" \/>\n<meta name=\"twitter:label1\" content=\"Escrito por\" \/>\n\t<meta name=\"twitter:data1\" content=\"Redacci\u00f3n Pol\u00edticos\" \/>\n\t<meta name=\"twitter:label2\" content=\"Tiempo de lectura\" \/>\n\t<meta name=\"twitter:data2\" content=\"7 minutos\" \/>\n<script type=\"application\/ld+json\" class=\"yoast-schema-graph\">{\"@context\":\"https:\\\/\\\/schema.org\",\"@graph\":[{\"@type\":\"Article\",\"@id\":\"https:\\\/\\\/politicosaldesnudo.com.mx\\\/index.php\\\/2026\\\/02\\\/20\\\/veracruz-del-desorden-a-la-direccion-un-ano-que-empieza-a-sentirse\\\/#article\",\"isPartOf\":{\"@id\":\"https:\\\/\\\/politicosaldesnudo.com.mx\\\/index.php\\\/2026\\\/02\\\/20\\\/veracruz-del-desorden-a-la-direccion-un-ano-que-empieza-a-sentirse\\\/\"},\"author\":{\"name\":\"Redacci\u00f3n Pol\u00edticos\",\"@id\":\"https:\\\/\\\/politicosaldesnudo.com.mx\\\/#\\\/schema\\\/person\\\/ef3a64e561cc3f3f5dc52fab81adde7e\"},\"headline\":\"Veracruz: del desorden a la direcci\u00f3n \u2014 un a\u00f1o que empieza a sentirse\",\"datePublished\":\"2026-02-21T03:01:20+00:00\",\"dateModified\":\"2026-02-23T02:02:51+00:00\",\"mainEntityOfPage\":{\"@id\":\"https:\\\/\\\/politicosaldesnudo.com.mx\\\/index.php\\\/2026\\\/02\\\/20\\\/veracruz-del-desorden-a-la-direccion-un-ano-que-empieza-a-sentirse\\\/\"},\"wordCount\":1344,\"publisher\":{\"@id\":\"https:\\\/\\\/politicosaldesnudo.com.mx\\\/#organization\"},\"image\":{\"@id\":\"https:\\\/\\\/politicosaldesnudo.com.mx\\\/index.php\\\/2026\\\/02\\\/20\\\/veracruz-del-desorden-a-la-direccion-un-ano-que-empieza-a-sentirse\\\/#primaryimage\"},\"thumbnailUrl\":\"https:\\\/\\\/i0.wp.com\\\/politicosaldesnudo.com.mx\\\/wp-content\\\/uploads\\\/2026\\\/01\\\/BANNER-BAQUEIRO.jpg?fit=666%2C371&ssl=1\",\"articleSection\":[\"OPINI\u00d3N\"],\"inLanguage\":\"es\"},{\"@type\":\"WebPage\",\"@id\":\"https:\\\/\\\/politicosaldesnudo.com.mx\\\/index.php\\\/2026\\\/02\\\/20\\\/veracruz-del-desorden-a-la-direccion-un-ano-que-empieza-a-sentirse\\\/\",\"url\":\"https:\\\/\\\/politicosaldesnudo.com.mx\\\/index.php\\\/2026\\\/02\\\/20\\\/veracruz-del-desorden-a-la-direccion-un-ano-que-empieza-a-sentirse\\\/\",\"name\":\"Veracruz: del desorden a la direcci\u00f3n \u2014 un a\u00f1o que empieza a sentirse - Pol\u00edticos al Desnudo\",\"isPartOf\":{\"@id\":\"https:\\\/\\\/politicosaldesnudo.com.mx\\\/#website\"},\"primaryImageOfPage\":{\"@id\":\"https:\\\/\\\/politicosaldesnudo.com.mx\\\/index.php\\\/2026\\\/02\\\/20\\\/veracruz-del-desorden-a-la-direccion-un-ano-que-empieza-a-sentirse\\\/#primaryimage\"},\"image\":{\"@id\":\"https:\\\/\\\/politicosaldesnudo.com.mx\\\/index.php\\\/2026\\\/02\\\/20\\\/veracruz-del-desorden-a-la-direccion-un-ano-que-empieza-a-sentirse\\\/#primaryimage\"},\"thumbnailUrl\":\"https:\\\/\\\/i0.wp.com\\\/politicosaldesnudo.com.mx\\\/wp-content\\\/uploads\\\/2026\\\/01\\\/BANNER-BAQUEIRO.jpg?fit=666%2C371&ssl=1\",\"datePublished\":\"2026-02-21T03:01:20+00:00\",\"dateModified\":\"2026-02-23T02:02:51+00:00\",\"breadcrumb\":{\"@id\":\"https:\\\/\\\/politicosaldesnudo.com.mx\\\/index.php\\\/2026\\\/02\\\/20\\\/veracruz-del-desorden-a-la-direccion-un-ano-que-empieza-a-sentirse\\\/#breadcrumb\"},\"inLanguage\":\"es\",\"potentialAction\":[{\"@type\":\"ReadAction\",\"target\":[\"https:\\\/\\\/politicosaldesnudo.com.mx\\\/index.php\\\/2026\\\/02\\\/20\\\/veracruz-del-desorden-a-la-direccion-un-ano-que-empieza-a-sentirse\\\/\"]}]},{\"@type\":\"ImageObject\",\"inLanguage\":\"es\",\"@id\":\"https:\\\/\\\/politicosaldesnudo.com.mx\\\/index.php\\\/2026\\\/02\\\/20\\\/veracruz-del-desorden-a-la-direccion-un-ano-que-empieza-a-sentirse\\\/#primaryimage\",\"url\":\"https:\\\/\\\/i0.wp.com\\\/politicosaldesnudo.com.mx\\\/wp-content\\\/uploads\\\/2026\\\/01\\\/BANNER-BAQUEIRO.jpg?fit=666%2C371&ssl=1\",\"contentUrl\":\"https:\\\/\\\/i0.wp.com\\\/politicosaldesnudo.com.mx\\\/wp-content\\\/uploads\\\/2026\\\/01\\\/BANNER-BAQUEIRO.jpg?fit=666%2C371&ssl=1\",\"width\":666,\"height\":371},{\"@type\":\"BreadcrumbList\",\"@id\":\"https:\\\/\\\/politicosaldesnudo.com.mx\\\/index.php\\\/2026\\\/02\\\/20\\\/veracruz-del-desorden-a-la-direccion-un-ano-que-empieza-a-sentirse\\\/#breadcrumb\",\"itemListElement\":[{\"@type\":\"ListItem\",\"position\":1,\"name\":\"Portada\",\"item\":\"https:\\\/\\\/politicosaldesnudo.com.mx\\\/\"},{\"@type\":\"ListItem\",\"position\":2,\"name\":\"Veracruz: del desorden a la direcci\u00f3n \u2014 un a\u00f1o que empieza a sentirse\"}]},{\"@type\":\"WebSite\",\"@id\":\"https:\\\/\\\/politicosaldesnudo.com.mx\\\/#website\",\"url\":\"https:\\\/\\\/politicosaldesnudo.com.mx\\\/\",\"name\":\"Pol\u00edticos al Desnudo\",\"description\":\"\",\"publisher\":{\"@id\":\"https:\\\/\\\/politicosaldesnudo.com.mx\\\/#organization\"},\"potentialAction\":[{\"@type\":\"SearchAction\",\"target\":{\"@type\":\"EntryPoint\",\"urlTemplate\":\"https:\\\/\\\/politicosaldesnudo.com.mx\\\/?s={search_term_string}\"},\"query-input\":{\"@type\":\"PropertyValueSpecification\",\"valueRequired\":true,\"valueName\":\"search_term_string\"}}],\"inLanguage\":\"es\"},{\"@type\":\"Organization\",\"@id\":\"https:\\\/\\\/politicosaldesnudo.com.mx\\\/#organization\",\"name\":\"Pol\u00edticos al Desnudo\",\"url\":\"https:\\\/\\\/politicosaldesnudo.com.mx\\\/\",\"logo\":{\"@type\":\"ImageObject\",\"inLanguage\":\"es\",\"@id\":\"https:\\\/\\\/politicosaldesnudo.com.mx\\\/#\\\/schema\\\/logo\\\/image\\\/\",\"url\":\"https:\\\/\\\/i0.wp.com\\\/politicosaldesnudo.com.mx\\\/wp-content\\\/uploads\\\/2026\\\/08\\\/cropped-logo.webp?fit=400%2C126&ssl=1\",\"contentUrl\":\"https:\\\/\\\/i0.wp.com\\\/politicosaldesnudo.com.mx\\\/wp-content\\\/uploads\\\/2026\\\/08\\\/cropped-logo.webp?fit=400%2C126&ssl=1\",\"width\":400,\"height\":126,\"caption\":\"Pol\u00edticos al Desnudo\"},\"image\":{\"@id\":\"https:\\\/\\\/politicosaldesnudo.com.mx\\\/#\\\/schema\\\/logo\\\/image\\\/\"},\"sameAs\":[\"https:\\\/\\\/www.facebook.com\\\/PoliticosAD\"]},{\"@type\":\"Person\",\"@id\":\"https:\\\/\\\/politicosaldesnudo.com.mx\\\/#\\\/schema\\\/person\\\/ef3a64e561cc3f3f5dc52fab81adde7e\",\"name\":\"Redacci\u00f3n Pol\u00edticos\",\"url\":\"https:\\\/\\\/politicosaldesnudo.com.mx\\\/index.php\\\/author\\\/redaccion-politicos\\\/\"}]}<\/script>\n<!-- \/ Yoast SEO plugin. -->","yoast_head_json":{"title":"Veracruz: del desorden a la direcci\u00f3n \u2014 un a\u00f1o que empieza a sentirse - Pol\u00edticos al Desnudo","robots":{"index":"index","follow":"follow","max-snippet":"max-snippet:-1","max-image-preview":"max-image-preview:large","max-video-preview":"max-video-preview:-1"},"canonical":"https:\/\/politicosaldesnudo.com.mx\/index.php\/2026\/02\/20\/veracruz-del-desorden-a-la-direccion-un-ano-que-empieza-a-sentirse\/","og_locale":"es_ES","og_type":"article","og_title":"Veracruz: del desorden a la direcci\u00f3n \u2014 un a\u00f1o que empieza a sentirse - Pol\u00edticos al Desnudo","og_description":"\u201cMientras no haya una distribuci\u00f3n equitativa de la riqueza, no habr\u00e1 paz\u201d. \u2013 Elena Ochoa. \u00a0 A un a\u00f1o y [&hellip;]","og_url":"https:\/\/politicosaldesnudo.com.mx\/index.php\/2026\/02\/20\/veracruz-del-desorden-a-la-direccion-un-ano-que-empieza-a-sentirse\/","og_site_name":"Pol\u00edticos al Desnudo","article_publisher":"https:\/\/www.facebook.com\/PoliticosAD","article_published_time":"2026-02-21T03:01:20+00:00","article_modified_time":"2026-02-23T02:02:51+00:00","og_image":[{"width":666,"height":371,"url":"https:\/\/i0.wp.com\/politicosaldesnudo.com.mx\/wp-content\/uploads\/2026\/01\/BANNER-BAQUEIRO.jpg?fit=666%2C371&ssl=1","type":"image\/jpeg"}],"author":"Redacci\u00f3n Pol\u00edticos","twitter_card":"summary_large_image","twitter_misc":{"Escrito por":"Redacci\u00f3n Pol\u00edticos","Tiempo de lectura":"7 minutos"},"schema":{"@context":"https:\/\/schema.org","@graph":[{"@type":"Article","@id":"https:\/\/politicosaldesnudo.com.mx\/index.php\/2026\/02\/20\/veracruz-del-desorden-a-la-direccion-un-ano-que-empieza-a-sentirse\/#article","isPartOf":{"@id":"https:\/\/politicosaldesnudo.com.mx\/index.php\/2026\/02\/20\/veracruz-del-desorden-a-la-direccion-un-ano-que-empieza-a-sentirse\/"},"author":{"name":"Redacci\u00f3n Pol\u00edticos","@id":"https:\/\/politicosaldesnudo.com.mx\/#\/schema\/person\/ef3a64e561cc3f3f5dc52fab81adde7e"},"headline":"Veracruz: del desorden a la direcci\u00f3n \u2014 un a\u00f1o que empieza a sentirse","datePublished":"2026-02-21T03:01:20+00:00","dateModified":"2026-02-23T02:02:51+00:00","mainEntityOfPage":{"@id":"https:\/\/politicosaldesnudo.com.mx\/index.php\/2026\/02\/20\/veracruz-del-desorden-a-la-direccion-un-ano-que-empieza-a-sentirse\/"},"wordCount":1344,"publisher":{"@id":"https:\/\/politicosaldesnudo.com.mx\/#organization"},"image":{"@id":"https:\/\/politicosaldesnudo.com.mx\/index.php\/2026\/02\/20\/veracruz-del-desorden-a-la-direccion-un-ano-que-empieza-a-sentirse\/#primaryimage"},"thumbnailUrl":"https:\/\/i0.wp.com\/politicosaldesnudo.com.mx\/wp-content\/uploads\/2026\/01\/BANNER-BAQUEIRO.jpg?fit=666%2C371&ssl=1","articleSection":["OPINI\u00d3N"],"inLanguage":"es"},{"@type":"WebPage","@id":"https:\/\/politicosaldesnudo.com.mx\/index.php\/2026\/02\/20\/veracruz-del-desorden-a-la-direccion-un-ano-que-empieza-a-sentirse\/","url":"https:\/\/politicosaldesnudo.com.mx\/index.php\/2026\/02\/20\/veracruz-del-desorden-a-la-direccion-un-ano-que-empieza-a-sentirse\/","name":"Veracruz: del desorden a la direcci\u00f3n \u2014 un a\u00f1o que empieza a sentirse - Pol\u00edticos al Desnudo","isPartOf":{"@id":"https:\/\/politicosaldesnudo.com.mx\/#website"},"primaryImageOfPage":{"@id":"https:\/\/politicosaldesnudo.com.mx\/index.php\/2026\/02\/20\/veracruz-del-desorden-a-la-direccion-un-ano-que-empieza-a-sentirse\/#primaryimage"},"image":{"@id":"https:\/\/politicosaldesnudo.com.mx\/index.php\/2026\/02\/20\/veracruz-del-desorden-a-la-direccion-un-ano-que-empieza-a-sentirse\/#primaryimage"},"thumbnailUrl":"https:\/\/i0.wp.com\/politicosaldesnudo.com.mx\/wp-content\/uploads\/2026\/01\/BANNER-BAQUEIRO.jpg?fit=666%2C371&ssl=1","datePublished":"2026-02-21T03:01:20+00:00","dateModified":"2026-02-23T02:02:51+00:00","breadcrumb":{"@id":"https:\/\/politicosaldesnudo.com.mx\/index.php\/2026\/02\/20\/veracruz-del-desorden-a-la-direccion-un-ano-que-empieza-a-sentirse\/#breadcrumb"},"inLanguage":"es","potentialAction":[{"@type":"ReadAction","target":["https:\/\/politicosaldesnudo.com.mx\/index.php\/2026\/02\/20\/veracruz-del-desorden-a-la-direccion-un-ano-que-empieza-a-sentirse\/"]}]},{"@type":"ImageObject","inLanguage":"es","@id":"https:\/\/politicosaldesnudo.com.mx\/index.php\/2026\/02\/20\/veracruz-del-desorden-a-la-direccion-un-ano-que-empieza-a-sentirse\/#primaryimage","url":"https:\/\/i0.wp.com\/politicosaldesnudo.com.mx\/wp-content\/uploads\/2026\/01\/BANNER-BAQUEIRO.jpg?fit=666%2C371&ssl=1","contentUrl":"https:\/\/i0.wp.com\/politicosaldesnudo.com.mx\/wp-content\/uploads\/2026\/01\/BANNER-BAQUEIRO.jpg?fit=666%2C371&ssl=1","width":666,"height":371},{"@type":"BreadcrumbList","@id":"https:\/\/politicosaldesnudo.com.mx\/index.php\/2026\/02\/20\/veracruz-del-desorden-a-la-direccion-un-ano-que-empieza-a-sentirse\/#breadcrumb","itemListElement":[{"@type":"ListItem","position":1,"name":"Portada","item":"https:\/\/politicosaldesnudo.com.mx\/"},{"@type":"ListItem","position":2,"name":"Veracruz: del desorden a la direcci\u00f3n \u2014 un a\u00f1o que empieza a sentirse"}]},{"@type":"WebSite","@id":"https:\/\/politicosaldesnudo.com.mx\/#website","url":"https:\/\/politicosaldesnudo.com.mx\/","name":"Pol\u00edticos al Desnudo","description":"","publisher":{"@id":"https:\/\/politicosaldesnudo.com.mx\/#organization"},"potentialAction":[{"@type":"SearchAction","target":{"@type":"EntryPoint","urlTemplate":"https:\/\/politicosaldesnudo.com.mx\/?s={search_term_string}"},"query-input":{"@type":"PropertyValueSpecification","valueRequired":true,"valueName":"search_term_string"}}],"inLanguage":"es"},{"@type":"Organization","@id":"https:\/\/politicosaldesnudo.com.mx\/#organization","name":"Pol\u00edticos al Desnudo","url":"https:\/\/politicosaldesnudo.com.mx\/","logo":{"@type":"ImageObject","inLanguage":"es","@id":"https:\/\/politicosaldesnudo.com.mx\/#\/schema\/logo\/image\/","url":"https:\/\/i0.wp.com\/politicosaldesnudo.com.mx\/wp-content\/uploads\/2026\/08\/cropped-logo.webp?fit=400%2C126&ssl=1","contentUrl":"https:\/\/i0.wp.com\/politicosaldesnudo.com.mx\/wp-content\/uploads\/2026\/08\/cropped-logo.webp?fit=400%2C126&ssl=1","width":400,"height":126,"caption":"Pol\u00edticos al Desnudo"},"image":{"@id":"https:\/\/politicosaldesnudo.com.mx\/#\/schema\/logo\/image\/"},"sameAs":["https:\/\/www.facebook.com\/PoliticosAD"]},{"@type":"Person","@id":"https:\/\/politicosaldesnudo.com.mx\/#\/schema\/person\/ef3a64e561cc3f3f5dc52fab81adde7e","name":"Redacci\u00f3n Pol\u00edticos","url":"https:\/\/politicosaldesnudo.com.mx\/index.php\/author\/redaccion-politicos\/"}]}},"jetpack_publicize_connections":[],"jetpack-related-posts":[{"id":42309,"url":"https:\/\/politicosaldesnudo.com.mx\/index.php\/2024\/07\/19\/covid-19-sin-datos-oficiales\/","url_meta":{"origin":80491,"position":0},"title":"Covid 19 sin datos oficiales","author":"Redacci\u00f3n Pol\u00edticos","date":"19 de julio de 2024","format":false,"excerpt":"Autoridades no reconocen que ha habido un aumento paulatino La mayor\u00eda de las personas contagiadas presentan s\u00edntomas leves Las vacunas contra el Covid 19 se encuentran agotadas en farmacias Por Miguel \u00c1ngel Cristiani G. Aunque se asegura extraoficialmente que en las \u00faltimas semanas, se ha registrado un incremento paulatino en\u2026","rel":"","context":"En \u00abOPINI\u00d3N\u00bb","block_context":{"text":"OPINI\u00d3N","link":"https:\/\/politicosaldesnudo.com.mx\/index.php\/category\/columnistas\/"},"img":{"alt_text":"","src":"https:\/\/i0.wp.com\/politicosaldesnudo.com.mx\/wp-content\/uploads\/2022\/04\/CRISTIANI.png?fit=1200%2C671&ssl=1&resize=350%2C200","width":350,"height":200,"srcset":"https:\/\/i0.wp.com\/politicosaldesnudo.com.mx\/wp-content\/uploads\/2022\/04\/CRISTIANI.png?fit=1200%2C671&ssl=1&resize=350%2C200 1x, https:\/\/i0.wp.com\/politicosaldesnudo.com.mx\/wp-content\/uploads\/2022\/04\/CRISTIANI.png?fit=1200%2C671&ssl=1&resize=525%2C300 1.5x, https:\/\/i0.wp.com\/politicosaldesnudo.com.mx\/wp-content\/uploads\/2022\/04\/CRISTIANI.png?fit=1200%2C671&ssl=1&resize=700%2C400 2x, https:\/\/i0.wp.com\/politicosaldesnudo.com.mx\/wp-content\/uploads\/2022\/04\/CRISTIANI.png?fit=1200%2C671&ssl=1&resize=1050%2C600 3x"},"classes":[]},{"id":88247,"url":"https:\/\/politicosaldesnudo.com.mx\/index.php\/2026\/08\/31\/pepe-yunes-frena-rumores-de-ruptura-con-el-pri-y-se-ofrece-para-unir-a-la-oposicion-en-veracruz\/","url_meta":{"origin":80491,"position":1},"title":"Pepe Yunes frena rumores de ruptura con el PRI y se ofrece para unir a la oposici\u00f3n en Veracruz","author":"Redacci\u00f3n Pol\u00edticos","date":"31 de agosto de 2026","format":false,"excerpt":"Su aparici\u00f3n en un encuentro de Movimiento Ciudadano aliment\u00f3 las versiones sobre un posible cambio de partido. El excandidato a gobernador asegur\u00f3 que seguir\u00e1 en el tricolor, pero buscar\u00e1 construir un bloque amplio contra Morena rumbo a 2027. Xalapa, Ver.\u2014 Jos\u00e9 Francisco Yunes Zorrilla puso freno a las especulaciones sobre\u2026","rel":"","context":"En \u00abESTADOS\u00bb","block_context":{"text":"ESTADOS","link":"https:\/\/politicosaldesnudo.com.mx\/index.php\/category\/estados\/"},"img":{"alt_text":"","src":"https:\/\/i0.wp.com\/politicosaldesnudo.com.mx\/wp-content\/uploads\/2026\/08\/pepe-scaled.jpg?fit=1200%2C800&ssl=1&resize=350%2C200","width":350,"height":200,"srcset":"https:\/\/i0.wp.com\/politicosaldesnudo.com.mx\/wp-content\/uploads\/2026\/08\/pepe-scaled.jpg?fit=1200%2C800&ssl=1&resize=350%2C200 1x, https:\/\/i0.wp.com\/politicosaldesnudo.com.mx\/wp-content\/uploads\/2026\/08\/pepe-scaled.jpg?fit=1200%2C800&ssl=1&resize=525%2C300 1.5x, https:\/\/i0.wp.com\/politicosaldesnudo.com.mx\/wp-content\/uploads\/2026\/08\/pepe-scaled.jpg?fit=1200%2C800&ssl=1&resize=700%2C400 2x, https:\/\/i0.wp.com\/politicosaldesnudo.com.mx\/wp-content\/uploads\/2026\/08\/pepe-scaled.jpg?fit=1200%2C800&ssl=1&resize=1050%2C600 3x"},"classes":[]},{"id":88294,"url":"https:\/\/politicosaldesnudo.com.mx\/index.php\/2026\/09\/04\/hallan-muerto-al-diputado-federal-zenyazen-escobar-en-la-carretera-xalapa-veracruz\/","url_meta":{"origin":80491,"position":2},"title":"Hallan muerto al diputado federal Zenyazen Escobar en la carretera Xalapa-Veracruz","author":"Redacci\u00f3n Pol\u00edticos","date":"4 de septiembre de 2026","format":false,"excerpt":"La Fiscal\u00eda estatal confirm\u00f3 el fallecimiento del legislador morenista; hasta el momento se desconocen las circunstancias en las que perdi\u00f3 la vida. Xalapa, Ver.\u2013 El diputado federal de Morena, Zenyazen Roberto Escobar Garc\u00eda, fue localizado sin vida la ma\u00f1ana de este viernes 4 de septiembre en las inmediaciones de la\u2026","rel":"","context":"En \u00abESTADOS\u00bb","block_context":{"text":"ESTADOS","link":"https:\/\/politicosaldesnudo.com.mx\/index.php\/category\/estados\/"},"img":{"alt_text":"","src":"https:\/\/i0.wp.com\/politicosaldesnudo.com.mx\/wp-content\/uploads\/2026\/09\/9d6aa119-7d82-423c-918c-95271fc20c14.png?fit=1200%2C675&ssl=1&resize=350%2C200","width":350,"height":200,"srcset":"https:\/\/i0.wp.com\/politicosaldesnudo.com.mx\/wp-content\/uploads\/2026\/09\/9d6aa119-7d82-423c-918c-95271fc20c14.png?fit=1200%2C675&ssl=1&resize=350%2C200 1x, https:\/\/i0.wp.com\/politicosaldesnudo.com.mx\/wp-content\/uploads\/2026\/09\/9d6aa119-7d82-423c-918c-95271fc20c14.png?fit=1200%2C675&ssl=1&resize=525%2C300 1.5x, https:\/\/i0.wp.com\/politicosaldesnudo.com.mx\/wp-content\/uploads\/2026\/09\/9d6aa119-7d82-423c-918c-95271fc20c14.png?fit=1200%2C675&ssl=1&resize=700%2C400 2x, https:\/\/i0.wp.com\/politicosaldesnudo.com.mx\/wp-content\/uploads\/2026\/09\/9d6aa119-7d82-423c-918c-95271fc20c14.png?fit=1200%2C675&ssl=1&resize=1050%2C600 3x"},"classes":[]},{"id":88084,"url":"https:\/\/politicosaldesnudo.com.mx\/index.php\/2026\/08\/26\/veracruz-dara-apoyo-de-transporte-a-20-mil-universitarios-entregaran-hasta-800-pesos\/","url_meta":{"origin":80491,"position":3},"title":"Veracruz dar\u00e1 apoyo de transporte a 20 mil universitarios; entregar\u00e1n hasta 800 pesos","author":"Redacci\u00f3n Pol\u00edticos","date":"26 de agosto de 2026","format":false,"excerpt":"Cerca de 20 mil j\u00f3venes inscritos en instituciones p\u00fablicas de educaci\u00f3n superior podr\u00e1n recibir una ayuda econ\u00f3mica para cubrir parte de sus gastos de traslado en el municipio de Veracruz. La alcaldesa Rosa Mar\u00eda Hern\u00e1ndez Espejo present\u00f3 la Beca Municipal Universitaria \u201cJoven H\u00e9roe Veracruzano Iv\u00e1n G\u00f3mez G\u00f3mez\u201d, un programa dirigido\u2026","rel":"","context":"En \u00abESTADOS\u00bb","block_context":{"text":"ESTADOS","link":"https:\/\/politicosaldesnudo.com.mx\/index.php\/category\/estados\/"},"img":{"alt_text":"","src":"https:\/\/i0.wp.com\/politicosaldesnudo.com.mx\/wp-content\/uploads\/2026\/08\/787342245_1643175124474327_9044534255507489650_n.jpg?fit=1200%2C800&ssl=1&resize=350%2C200","width":350,"height":200,"srcset":"https:\/\/i0.wp.com\/politicosaldesnudo.com.mx\/wp-content\/uploads\/2026\/08\/787342245_1643175124474327_9044534255507489650_n.jpg?fit=1200%2C800&ssl=1&resize=350%2C200 1x, https:\/\/i0.wp.com\/politicosaldesnudo.com.mx\/wp-content\/uploads\/2026\/08\/787342245_1643175124474327_9044534255507489650_n.jpg?fit=1200%2C800&ssl=1&resize=525%2C300 1.5x, https:\/\/i0.wp.com\/politicosaldesnudo.com.mx\/wp-content\/uploads\/2026\/08\/787342245_1643175124474327_9044534255507489650_n.jpg?fit=1200%2C800&ssl=1&resize=700%2C400 2x, https:\/\/i0.wp.com\/politicosaldesnudo.com.mx\/wp-content\/uploads\/2026\/08\/787342245_1643175124474327_9044534255507489650_n.jpg?fit=1200%2C800&ssl=1&resize=1050%2C600 3x"},"classes":[]},{"id":87653,"url":"https:\/\/politicosaldesnudo.com.mx\/index.php\/2026\/08\/11\/veracruz-tendra-lluvias-estas-regiones-podrian-registrar-los-mayores-acumulados\/","url_meta":{"origin":80491,"position":4},"title":"Veracruz tendr\u00e1 lluvias; estas regiones podr\u00edan registrar los mayores acumulados","author":"Redacci\u00f3n Pol\u00edticos","date":"11 de agosto de 2026","format":false,"excerpt":"El potencial de precipitaciones aumentar\u00e1 entre mi\u00e9rcoles y jueves por el paso de una onda tropical. En el sur del estado se esperan los mayores acumulados. Veracruz, Ver. \u2014 El estado de Veracruz mantendr\u00e1 condiciones favorables para la presencia de lluvias durante los pr\u00f3ximos d\u00edas, principalmente durante las noches y\u2026","rel":"","context":"En \u00abESTADOS\u00bb","block_context":{"text":"ESTADOS","link":"https:\/\/politicosaldesnudo.com.mx\/index.php\/category\/estados\/"},"img":{"alt_text":"","src":"https:\/\/i0.wp.com\/politicosaldesnudo.com.mx\/wp-content\/uploads\/2026\/08\/LLUVIAS.jpg?fit=1200%2C740&ssl=1&resize=350%2C200","width":350,"height":200,"srcset":"https:\/\/i0.wp.com\/politicosaldesnudo.com.mx\/wp-content\/uploads\/2026\/08\/LLUVIAS.jpg?fit=1200%2C740&ssl=1&resize=350%2C200 1x, https:\/\/i0.wp.com\/politicosaldesnudo.com.mx\/wp-content\/uploads\/2026\/08\/LLUVIAS.jpg?fit=1200%2C740&ssl=1&resize=525%2C300 1.5x, https:\/\/i0.wp.com\/politicosaldesnudo.com.mx\/wp-content\/uploads\/2026\/08\/LLUVIAS.jpg?fit=1200%2C740&ssl=1&resize=700%2C400 2x, https:\/\/i0.wp.com\/politicosaldesnudo.com.mx\/wp-content\/uploads\/2026\/08\/LLUVIAS.jpg?fit=1200%2C740&ssl=1&resize=1050%2C600 3x"},"classes":[]},{"id":88291,"url":"https:\/\/politicosaldesnudo.com.mx\/index.php\/2026\/09\/02\/nahle-ordena-reducir-sueldazo-de-sobrina-de-amlo-en-veracruz\/","url_meta":{"origin":80491,"position":5},"title":"Nahle ordena reducir \u201csueldazo\u201d de sobrina de AMLO en Veracruz","author":"Redacci\u00f3n Pol\u00edticos","date":"2 de septiembre de 2026","format":false,"excerpt":"La gobernadora neg\u00f3 que exista nepotismo en su administraci\u00f3n, pero reconoci\u00f3 que la percepci\u00f3n econ\u00f3mica de Erandi L\u00f3pez Herrer\u00eda resultaba excesiva. Xalapa, Ver.\u2014 La pol\u00e9mica por la presencia de familiares del expresidente Andr\u00e9s Manuel L\u00f3pez Obrador en el Gobierno de Veracruz escal\u00f3 luego de que Roc\u00edo Nahle ordenara revisar y\u2026","rel":"","context":"En \u00abESTADOS\u00bb","block_context":{"text":"ESTADOS","link":"https:\/\/politicosaldesnudo.com.mx\/index.php\/category\/estados\/"},"img":{"alt_text":"","src":"https:\/\/i0.wp.com\/politicosaldesnudo.com.mx\/wp-content\/uploads\/2026\/09\/Afiliaciones-de-Morena-1140x544-1.jpg?fit=1140%2C544&ssl=1&resize=350%2C200","width":350,"height":200,"srcset":"https:\/\/i0.wp.com\/politicosaldesnudo.com.mx\/wp-content\/uploads\/2026\/09\/Afiliaciones-de-Morena-1140x544-1.jpg?fit=1140%2C544&ssl=1&resize=350%2C200 1x, https:\/\/i0.wp.com\/politicosaldesnudo.com.mx\/wp-content\/uploads\/2026\/09\/Afiliaciones-de-Morena-1140x544-1.jpg?fit=1140%2C544&ssl=1&resize=525%2C300 1.5x, https:\/\/i0.wp.com\/politicosaldesnudo.com.mx\/wp-content\/uploads\/2026\/09\/Afiliaciones-de-Morena-1140x544-1.jpg?fit=1140%2C544&ssl=1&resize=700%2C400 2x, https:\/\/i0.wp.com\/politicosaldesnudo.com.mx\/wp-content\/uploads\/2026\/09\/Afiliaciones-de-Morena-1140x544-1.jpg?fit=1140%2C544&ssl=1&resize=1050%2C600 3x"},"classes":[]}],"jetpack_sharing_enabled":true,"jetpack_featured_media_url":"https:\/\/i0.wp.com\/politicosaldesnudo.com.mx\/wp-content\/uploads\/2026\/01\/BANNER-BAQUEIRO.jpg?fit=666%2C371&ssl=1","_links":{"self":[{"href":"https:\/\/politicosaldesnudo.com.mx\/index.php\/wp-json\/wp\/v2\/posts\/80491","targetHints":{"allow":["GET"]}}],"collection":[{"href":"https:\/\/politicosaldesnudo.com.mx\/index.php\/wp-json\/wp\/v2\/posts"}],"about":[{"href":"https:\/\/politicosaldesnudo.com.mx\/index.php\/wp-json\/wp\/v2\/types\/post"}],"author":[{"embeddable":true,"href":"https:\/\/politicosaldesnudo.com.mx\/index.php\/wp-json\/wp\/v2\/users\/4"}],"replies":[{"embeddable":true,"href":"https:\/\/politicosaldesnudo.com.mx\/index.php\/wp-json\/wp\/v2\/comments?post=80491"}],"version-history":[{"count":0,"href":"https:\/\/politicosaldesnudo.com.mx\/index.php\/wp-json\/wp\/v2\/posts\/80491\/revisions"}],"wp:featuredmedia":[{"embeddable":true,"href":"https:\/\/politicosaldesnudo.com.mx\/index.php\/wp-json\/wp\/v2\/media\/78055"}],"wp:attachment":[{"href":"https:\/\/politicosaldesnudo.com.mx\/index.php\/wp-json\/wp\/v2\/media?parent=80491"}],"wp:term":[{"taxonomy":"category","embeddable":true,"href":"https:\/\/politicosaldesnudo.com.mx\/index.php\/wp-json\/wp\/v2\/categories?post=80491"},{"taxonomy":"post_tag","embeddable":true,"href":"https:\/\/politicosaldesnudo.com.mx\/index.php\/wp-json\/wp\/v2\/tags?post=80491"}],"curies":[{"name":"wp","href":"https:\/\/api.w.org\/{rel}","templated":true}]}}