{"id":80500,"date":"2026-02-23T00:21:35","date_gmt":"2026-02-23T06:21:35","guid":{"rendered":"https:\/\/politicosaldesnudo.com.mx\/?p=80500"},"modified":"2026-02-23T00:21:35","modified_gmt":"2026-02-23T06:21:35","slug":"los-muertos-no-hablan","status":"publish","type":"post","link":"https:\/\/politicosaldesnudo.com.mx\/index.php\/2026\/02\/23\/los-muertos-no-hablan\/","title":{"rendered":"Los muertos no hablan"},"content":{"rendered":"<p>El \u201cabatimiento\u201d \u2013eufemismo para evitar decirle ejecuci\u00f3n- de Nemesio Oseguera Cervantes, \u201cEl Mencho\u201d, este domingo en Jalisco, obligar\u00e1 a un reacomodo en todos los niveles del poder en M\u00e9xico.<\/p>\n<p>Durante m\u00e1s de una d\u00e9cada bajo su f\u00e9rula, el C\u00e1rtel Jalisco Nueva Generaci\u00f3n (CJNG) se convirti\u00f3 en una de las organizaciones criminales m\u00e1s violentas y expansivas del continente. Y de acuerdo con analistas de seguridad, en la m\u00e1s grande y poderosa del mundo. M\u00e1s incluso que el C\u00e1rtel de Sinaloa en los tiempos de \u201cEl Chapo\u201d Guzm\u00e1n.<\/p>\n<p>Su ca\u00edda, confirmada por los gobiernos de M\u00e9xico y Estados Unidos, va m\u00e1s all\u00e1 de la mera eliminaci\u00f3n f\u00edsica de un capo. Es la ratificaci\u00f3n de que cuando se decide a hacerlo, el Estado puede capturar y\/o eliminar a cualquier delincuente, por poderoso que sea. Y que si no se hizo antes, fue simplemente porque no se quiso actuar.<\/p>\n<p>Obviamente, el contexto importa. El gobierno mexicano, a trav\u00e9s de la Secretar\u00eda de la Defensa, reconoci\u00f3 que en el operativo participaron militares estadounidenses de un grupo especializado en la recopilaci\u00f3n de inteligencia sobre\u00a0c\u00e1rteles de la droga, con lo que tambi\u00e9n queda expuesto que el operativo no fue a iniciativa, por lo menos no en exclusiva, de la administraci\u00f3n de Claudia Sheinbaum, sino m\u00e1s bien se trat\u00f3 de una respuesta a las presiones de Washington para actuar de manera efectiva y patente contra las bandas de narcotraficantes que operan en M\u00e9xico. Pero eso s\u00ed, muy \u201csoberanamente\u201d.<\/p>\n<p>Empero, muerto \u201cEl Mencho\u201d no se acab\u00f3 la rabia. La virulenta respuesta de su organizaci\u00f3n ante su ejecuci\u00f3n, con 252 narcobloqueos y hechos de violencia en 20 estados de la Rep\u00fablica, Veracruz incluido, solo este domingo, dej\u00f3 en claro la amplitud del poder territorial y de fuego del c\u00e1rtel, as\u00ed como su capacidad para poner en jaque a las autoridades civiles de los tres niveles de gobierno, que solo miraban imp\u00e1vidas la escalada.<\/p>\n<p>Lo que esto significa es que, como ha ocurrido en el pasado con otros grupos criminales, la muerte de su l\u00edder no significa la desaparici\u00f3n autom\u00e1tica de la organizaci\u00f3n. Ahora las autoridades enfrentan un colosal reto: contener la violencia derivada de la disputa interna por el liderazgo y evitar que otras organizaciones aprovechen el vac\u00edo.<\/p>\n<p>Habr\u00eda que recordar episodios como las ejecuciones de Arturo Beltr\u00e1n Leyva e Ignacio \u201cNacho\u201d Coronel, o las mismas capturas de \u201cEl Chapo\u201d Guzm\u00e1n, en especial la \u00faltima. En todos los casos, la violencia no solo no se contuvo, sino que el poder se redistribuy\u00f3, los c\u00e1rteles se fragmentaron y aparecieron de inmediato nuevas figuras dispuestas a tomar el relevo.<\/p>\n<p>Pero quiz\u00e1s lo m\u00e1s significativo de lo acontecido este agitado domingo haya sido precisamente que Nemesio Oseguera est\u00e1 muerto. A diferencia de lo que hab\u00eda ocurrido en los \u00faltimos a\u00f1os con los capos del narco capturados con vida y que, en la mayor\u00eda de los casos, terminaron en los Estados Unidos, extraditados o de plano expulsados de M\u00e9xico.<\/p>\n<p>La ejecuci\u00f3n de \u201cEl Mencho\u201d evita \u201cconvenientemente\u201d que sea llevado ante la justicia en Estados Unidos. O sea, nunca podr\u00e1 testificar, negociar ni revelar las redes de complicidad que inevitablemente lo protegieron. Un l\u00edder criminal vivo es un riesgo: puede hablar, exhibir nombres y buscar beneficios procesales. Uno muerto es simplemente un expediente cerrado.<\/p>\n<p>La muerte de \u201cEl Mencho\u201d elimina la posibilidad de que se ventilen v\u00ednculos pol\u00edticos, financieros y militares que podr\u00edan comprometer al gobierno de M\u00e9xico, sobre todo en los \u00faltimos a\u00f1os, en los que el poder del CJNG creci\u00f3 exponencialmente mientras se combat\u00eda a su competencia.<\/p>\n<p>El silenciamiento del capo es un alivio para quienes sus declaraciones pudieran incriminarlos en las redes de protecci\u00f3n, impunidad, lavado de dinero y hasta de operaci\u00f3n pol\u00edtico-electoral a cargo del c\u00e1rtel, ya fuesen funcionarios, empresarios, militares o dirigentes pol\u00edticos. Los muertos no hablan.<\/p>\n<p>Algo es innegable: por la buena o por la mala, la criminal pol\u00edtica de \u201cabrazos, no balazos\u201d, se termin\u00f3.<\/p>\n<p><img data-recalc-dims=\"1\" loading=\"lazy\" decoding=\"async\" class=\"aligncenter size-full wp-image-80494\" src=\"https:\/\/i0.wp.com\/politicosaldesnudo.com.mx\/wp-content\/uploads\/2026\/02\/FIRMA-EDITORIAL-PD-6.jpg?resize=1024%2C125&#038;ssl=1\" alt=\"\" width=\"1024\" height=\"125\" srcset=\"https:\/\/i0.wp.com\/politicosaldesnudo.com.mx\/wp-content\/uploads\/2026\/02\/FIRMA-EDITORIAL-PD-6.jpg?w=1024&amp;ssl=1 1024w, https:\/\/i0.wp.com\/politicosaldesnudo.com.mx\/wp-content\/uploads\/2026\/02\/FIRMA-EDITORIAL-PD-6.jpg?resize=300%2C37&amp;ssl=1 300w, https:\/\/i0.wp.com\/politicosaldesnudo.com.mx\/wp-content\/uploads\/2026\/02\/FIRMA-EDITORIAL-PD-6.jpg?resize=768%2C94&amp;ssl=1 768w\" sizes=\"auto, (max-width: 1000px) 100vw, 1000px\" \/><\/p>\n","protected":false},"excerpt":{"rendered":"<p>El \u201cabatimiento\u201d \u2013eufemismo para evitar decirle ejecuci\u00f3n- de Nemesio Oseguera Cervantes, \u201cEl Mencho\u201d, este domingo en Jalisco, obligar\u00e1 a un [&hellip;]<\/p>\n","protected":false},"author":4,"featured_media":78325,"comment_status":"closed","ping_status":"closed","sticky":false,"template":"","format":"standard","meta":{"site-sidebar-layout":"default","site-content-layout":"","ast-site-content-layout":"default","site-content-style":"default","site-sidebar-style":"default","ast-global-header-display":"","ast-banner-title-visibility":"","ast-main-header-display":"","ast-hfb-above-header-display":"","ast-hfb-below-header-display":"","ast-hfb-mobile-header-display":"","site-post-title":"","ast-breadcrumbs-content":"","ast-featured-img":"","footer-sml-layout":"","ast-disable-related-posts":"","theme-transparent-header-meta":"","adv-header-id-meta":"","stick-header-meta":"","header-above-stick-meta":"","header-main-stick-meta":"","header-below-stick-meta":"","astra-migrate-meta-layouts":"default","ast-page-background-enabled":"default","ast-page-background-meta":{"desktop":{"background-color":"var(--ast-global-color-5)","background-image":"","background-repeat":"repeat","background-position":"center center","background-size":"auto","background-attachment":"scroll","background-type":"","background-media":"","overlay-type":"","overlay-color":"","overlay-opacity":"","overlay-gradient":""},"tablet":{"background-color":"","background-image":"","background-repeat":"repeat","background-position":"center center","background-size":"auto","background-attachment":"scroll","background-type":"","background-media":"","overlay-type":"","overlay-color":"","overlay-opacity":"","overlay-gradient":""},"mobile":{"background-color":"","background-image":"","background-repeat":"repeat","background-position":"center center","background-size":"auto","background-attachment":"scroll","background-type":"","background-media":"","overlay-type":"","overlay-color":"","overlay-opacity":"","overlay-gradient":""}},"ast-content-background-meta":{"desktop":{"background-color":"var(--ast-global-color-4)","background-image":"","background-repeat":"repeat","background-position":"center center","background-size":"auto","background-attachment":"scroll","background-type":"","background-media":"","overlay-type":"","overlay-color":"","overlay-opacity":"","overlay-gradient":""},"tablet":{"background-color":"var(--ast-global-color-4)","background-image":"","background-repeat":"repeat","background-position":"center center","background-size":"auto","background-attachment":"scroll","background-type":"","background-media":"","overlay-type":"","overlay-color":"","overlay-opacity":"","overlay-gradient":""},"mobile":{"background-color":"var(--ast-global-color-4)","background-image":"","background-repeat":"repeat","background-position":"center center","background-size":"auto","background-attachment":"scroll","background-type":"","background-media":"","overlay-type":"","overlay-color":"","overlay-opacity":"","overlay-gradient":""}},"_jetpack_newsletter_access":"","_jetpack_dont_email_post_to_subs":false,"_jetpack_newsletter_tier_id":0,"_jetpack_memberships_contains_paywalled_content":false,"_jetpack_feature_clip_id":0,"_jetpack_memberships_contains_paid_content":false,"footnotes":"","jetpack_publicize_message":"","jetpack_publicize_feature_enabled":true,"jetpack_social_post_already_shared":true,"jetpack_social_options":{"image_generator_settings":{"template":"highway","default_image_id":0,"font":"","enabled":false},"version":2},"jetpack_post_was_ever_published":false},"categories":[26],"tags":[],"class_list":["post-80500","post","type-post","status-publish","format-standard","has-post-thumbnail","hentry","category-columnistas"],"yoast_head":"<!-- This site is optimized with the Yoast SEO plugin v28.3 - https:\/\/yoast.com\/product\/yoast-seo-wordpress\/ -->\n<title>Los muertos no hablan - Pol\u00edticos al Desnudo<\/title>\n<meta name=\"robots\" content=\"index, follow, max-snippet:-1, max-image-preview:large, max-video-preview:-1\" \/>\n<link rel=\"canonical\" href=\"https:\/\/politicosaldesnudo.com.mx\/index.php\/2026\/02\/23\/los-muertos-no-hablan\/\" \/>\n<meta property=\"og:locale\" content=\"es_ES\" \/>\n<meta property=\"og:type\" content=\"article\" \/>\n<meta property=\"og:title\" content=\"Los muertos no hablan - Pol\u00edticos al Desnudo\" \/>\n<meta property=\"og:description\" content=\"El \u201cabatimiento\u201d \u2013eufemismo para evitar decirle ejecuci\u00f3n- de Nemesio Oseguera Cervantes, \u201cEl Mencho\u201d, este domingo en Jalisco, obligar\u00e1 a un [&hellip;]\" \/>\n<meta property=\"og:url\" content=\"https:\/\/politicosaldesnudo.com.mx\/index.php\/2026\/02\/23\/los-muertos-no-hablan\/\" \/>\n<meta property=\"og:site_name\" content=\"Pol\u00edticos al Desnudo\" \/>\n<meta property=\"article:publisher\" content=\"https:\/\/www.facebook.com\/PoliticosAD\" \/>\n<meta property=\"article:published_time\" content=\"2026-02-23T06:21:35+00:00\" \/>\n<meta property=\"og:image\" content=\"https:\/\/i0.wp.com\/politicosaldesnudo.com.mx\/wp-content\/uploads\/2026\/01\/AURELIO-CONTRERAS.jpg?fit=800%2C445&ssl=1\" \/>\n\t<meta property=\"og:image:width\" content=\"800\" \/>\n\t<meta property=\"og:image:height\" content=\"445\" \/>\n\t<meta property=\"og:image:type\" content=\"image\/jpeg\" \/>\n<meta name=\"author\" content=\"Redacci\u00f3n Pol\u00edticos\" \/>\n<meta name=\"twitter:card\" content=\"summary_large_image\" \/>\n<meta name=\"twitter:label1\" content=\"Escrito por\" \/>\n\t<meta name=\"twitter:data1\" content=\"Redacci\u00f3n Pol\u00edticos\" \/>\n\t<meta name=\"twitter:label2\" content=\"Tiempo de lectura\" \/>\n\t<meta name=\"twitter:data2\" content=\"4 minutos\" \/>\n<script type=\"application\/ld+json\" class=\"yoast-schema-graph\">{\"@context\":\"https:\\\/\\\/schema.org\",\"@graph\":[{\"@type\":\"Article\",\"@id\":\"https:\\\/\\\/politicosaldesnudo.com.mx\\\/index.php\\\/2026\\\/02\\\/23\\\/los-muertos-no-hablan\\\/#article\",\"isPartOf\":{\"@id\":\"https:\\\/\\\/politicosaldesnudo.com.mx\\\/index.php\\\/2026\\\/02\\\/23\\\/los-muertos-no-hablan\\\/\"},\"author\":{\"name\":\"Redacci\u00f3n Pol\u00edticos\",\"@id\":\"https:\\\/\\\/politicosaldesnudo.com.mx\\\/#\\\/schema\\\/person\\\/ef3a64e561cc3f3f5dc52fab81adde7e\"},\"headline\":\"Los muertos no hablan\",\"datePublished\":\"2026-02-23T06:21:35+00:00\",\"mainEntityOfPage\":{\"@id\":\"https:\\\/\\\/politicosaldesnudo.com.mx\\\/index.php\\\/2026\\\/02\\\/23\\\/los-muertos-no-hablan\\\/\"},\"wordCount\":710,\"publisher\":{\"@id\":\"https:\\\/\\\/politicosaldesnudo.com.mx\\\/#organization\"},\"image\":{\"@id\":\"https:\\\/\\\/politicosaldesnudo.com.mx\\\/index.php\\\/2026\\\/02\\\/23\\\/los-muertos-no-hablan\\\/#primaryimage\"},\"thumbnailUrl\":\"https:\\\/\\\/i0.wp.com\\\/politicosaldesnudo.com.mx\\\/wp-content\\\/uploads\\\/2026\\\/01\\\/AURELIO-CONTRERAS.jpg?fit=800%2C445&ssl=1\",\"articleSection\":[\"OPINI\u00d3N\"],\"inLanguage\":\"es\"},{\"@type\":\"WebPage\",\"@id\":\"https:\\\/\\\/politicosaldesnudo.com.mx\\\/index.php\\\/2026\\\/02\\\/23\\\/los-muertos-no-hablan\\\/\",\"url\":\"https:\\\/\\\/politicosaldesnudo.com.mx\\\/index.php\\\/2026\\\/02\\\/23\\\/los-muertos-no-hablan\\\/\",\"name\":\"Los muertos no hablan - Pol\u00edticos al Desnudo\",\"isPartOf\":{\"@id\":\"https:\\\/\\\/politicosaldesnudo.com.mx\\\/#website\"},\"primaryImageOfPage\":{\"@id\":\"https:\\\/\\\/politicosaldesnudo.com.mx\\\/index.php\\\/2026\\\/02\\\/23\\\/los-muertos-no-hablan\\\/#primaryimage\"},\"image\":{\"@id\":\"https:\\\/\\\/politicosaldesnudo.com.mx\\\/index.php\\\/2026\\\/02\\\/23\\\/los-muertos-no-hablan\\\/#primaryimage\"},\"thumbnailUrl\":\"https:\\\/\\\/i0.wp.com\\\/politicosaldesnudo.com.mx\\\/wp-content\\\/uploads\\\/2026\\\/01\\\/AURELIO-CONTRERAS.jpg?fit=800%2C445&ssl=1\",\"datePublished\":\"2026-02-23T06:21:35+00:00\",\"breadcrumb\":{\"@id\":\"https:\\\/\\\/politicosaldesnudo.com.mx\\\/index.php\\\/2026\\\/02\\\/23\\\/los-muertos-no-hablan\\\/#breadcrumb\"},\"inLanguage\":\"es\",\"potentialAction\":[{\"@type\":\"ReadAction\",\"target\":[\"https:\\\/\\\/politicosaldesnudo.com.mx\\\/index.php\\\/2026\\\/02\\\/23\\\/los-muertos-no-hablan\\\/\"]}]},{\"@type\":\"ImageObject\",\"inLanguage\":\"es\",\"@id\":\"https:\\\/\\\/politicosaldesnudo.com.mx\\\/index.php\\\/2026\\\/02\\\/23\\\/los-muertos-no-hablan\\\/#primaryimage\",\"url\":\"https:\\\/\\\/i0.wp.com\\\/politicosaldesnudo.com.mx\\\/wp-content\\\/uploads\\\/2026\\\/01\\\/AURELIO-CONTRERAS.jpg?fit=800%2C445&ssl=1\",\"contentUrl\":\"https:\\\/\\\/i0.wp.com\\\/politicosaldesnudo.com.mx\\\/wp-content\\\/uploads\\\/2026\\\/01\\\/AURELIO-CONTRERAS.jpg?fit=800%2C445&ssl=1\",\"width\":800,\"height\":445},{\"@type\":\"BreadcrumbList\",\"@id\":\"https:\\\/\\\/politicosaldesnudo.com.mx\\\/index.php\\\/2026\\\/02\\\/23\\\/los-muertos-no-hablan\\\/#breadcrumb\",\"itemListElement\":[{\"@type\":\"ListItem\",\"position\":1,\"name\":\"Portada\",\"item\":\"https:\\\/\\\/politicosaldesnudo.com.mx\\\/\"},{\"@type\":\"ListItem\",\"position\":2,\"name\":\"Los muertos no hablan\"}]},{\"@type\":\"WebSite\",\"@id\":\"https:\\\/\\\/politicosaldesnudo.com.mx\\\/#website\",\"url\":\"https:\\\/\\\/politicosaldesnudo.com.mx\\\/\",\"name\":\"Pol\u00edticos al Desnudo\",\"description\":\"\",\"publisher\":{\"@id\":\"https:\\\/\\\/politicosaldesnudo.com.mx\\\/#organization\"},\"potentialAction\":[{\"@type\":\"SearchAction\",\"target\":{\"@type\":\"EntryPoint\",\"urlTemplate\":\"https:\\\/\\\/politicosaldesnudo.com.mx\\\/?s={search_term_string}\"},\"query-input\":{\"@type\":\"PropertyValueSpecification\",\"valueRequired\":true,\"valueName\":\"search_term_string\"}}],\"inLanguage\":\"es\"},{\"@type\":\"Organization\",\"@id\":\"https:\\\/\\\/politicosaldesnudo.com.mx\\\/#organization\",\"name\":\"Pol\u00edticos al Desnudo\",\"url\":\"https:\\\/\\\/politicosaldesnudo.com.mx\\\/\",\"logo\":{\"@type\":\"ImageObject\",\"inLanguage\":\"es\",\"@id\":\"https:\\\/\\\/politicosaldesnudo.com.mx\\\/#\\\/schema\\\/logo\\\/image\\\/\",\"url\":\"https:\\\/\\\/i0.wp.com\\\/politicosaldesnudo.com.mx\\\/wp-content\\\/uploads\\\/2026\\\/08\\\/cropped-logo.webp?fit=400%2C126&ssl=1\",\"contentUrl\":\"https:\\\/\\\/i0.wp.com\\\/politicosaldesnudo.com.mx\\\/wp-content\\\/uploads\\\/2026\\\/08\\\/cropped-logo.webp?fit=400%2C126&ssl=1\",\"width\":400,\"height\":126,\"caption\":\"Pol\u00edticos al Desnudo\"},\"image\":{\"@id\":\"https:\\\/\\\/politicosaldesnudo.com.mx\\\/#\\\/schema\\\/logo\\\/image\\\/\"},\"sameAs\":[\"https:\\\/\\\/www.facebook.com\\\/PoliticosAD\"]},{\"@type\":\"Person\",\"@id\":\"https:\\\/\\\/politicosaldesnudo.com.mx\\\/#\\\/schema\\\/person\\\/ef3a64e561cc3f3f5dc52fab81adde7e\",\"name\":\"Redacci\u00f3n Pol\u00edticos\",\"url\":\"https:\\\/\\\/politicosaldesnudo.com.mx\\\/index.php\\\/author\\\/redaccion-politicos\\\/\"}]}<\/script>\n<!-- \/ Yoast SEO plugin. -->","yoast_head_json":{"title":"Los muertos no hablan - Pol\u00edticos al Desnudo","robots":{"index":"index","follow":"follow","max-snippet":"max-snippet:-1","max-image-preview":"max-image-preview:large","max-video-preview":"max-video-preview:-1"},"canonical":"https:\/\/politicosaldesnudo.com.mx\/index.php\/2026\/02\/23\/los-muertos-no-hablan\/","og_locale":"es_ES","og_type":"article","og_title":"Los muertos no hablan - Pol\u00edticos al Desnudo","og_description":"El \u201cabatimiento\u201d \u2013eufemismo para evitar decirle ejecuci\u00f3n- de Nemesio Oseguera Cervantes, \u201cEl Mencho\u201d, este domingo en Jalisco, obligar\u00e1 a un [&hellip;]","og_url":"https:\/\/politicosaldesnudo.com.mx\/index.php\/2026\/02\/23\/los-muertos-no-hablan\/","og_site_name":"Pol\u00edticos al Desnudo","article_publisher":"https:\/\/www.facebook.com\/PoliticosAD","article_published_time":"2026-02-23T06:21:35+00:00","og_image":[{"width":800,"height":445,"url":"https:\/\/i0.wp.com\/politicosaldesnudo.com.mx\/wp-content\/uploads\/2026\/01\/AURELIO-CONTRERAS.jpg?fit=800%2C445&ssl=1","type":"image\/jpeg"}],"author":"Redacci\u00f3n Pol\u00edticos","twitter_card":"summary_large_image","twitter_misc":{"Escrito por":"Redacci\u00f3n Pol\u00edticos","Tiempo de lectura":"4 minutos"},"schema":{"@context":"https:\/\/schema.org","@graph":[{"@type":"Article","@id":"https:\/\/politicosaldesnudo.com.mx\/index.php\/2026\/02\/23\/los-muertos-no-hablan\/#article","isPartOf":{"@id":"https:\/\/politicosaldesnudo.com.mx\/index.php\/2026\/02\/23\/los-muertos-no-hablan\/"},"author":{"name":"Redacci\u00f3n Pol\u00edticos","@id":"https:\/\/politicosaldesnudo.com.mx\/#\/schema\/person\/ef3a64e561cc3f3f5dc52fab81adde7e"},"headline":"Los muertos no hablan","datePublished":"2026-02-23T06:21:35+00:00","mainEntityOfPage":{"@id":"https:\/\/politicosaldesnudo.com.mx\/index.php\/2026\/02\/23\/los-muertos-no-hablan\/"},"wordCount":710,"publisher":{"@id":"https:\/\/politicosaldesnudo.com.mx\/#organization"},"image":{"@id":"https:\/\/politicosaldesnudo.com.mx\/index.php\/2026\/02\/23\/los-muertos-no-hablan\/#primaryimage"},"thumbnailUrl":"https:\/\/i0.wp.com\/politicosaldesnudo.com.mx\/wp-content\/uploads\/2026\/01\/AURELIO-CONTRERAS.jpg?fit=800%2C445&ssl=1","articleSection":["OPINI\u00d3N"],"inLanguage":"es"},{"@type":"WebPage","@id":"https:\/\/politicosaldesnudo.com.mx\/index.php\/2026\/02\/23\/los-muertos-no-hablan\/","url":"https:\/\/politicosaldesnudo.com.mx\/index.php\/2026\/02\/23\/los-muertos-no-hablan\/","name":"Los muertos no hablan - Pol\u00edticos al Desnudo","isPartOf":{"@id":"https:\/\/politicosaldesnudo.com.mx\/#website"},"primaryImageOfPage":{"@id":"https:\/\/politicosaldesnudo.com.mx\/index.php\/2026\/02\/23\/los-muertos-no-hablan\/#primaryimage"},"image":{"@id":"https:\/\/politicosaldesnudo.com.mx\/index.php\/2026\/02\/23\/los-muertos-no-hablan\/#primaryimage"},"thumbnailUrl":"https:\/\/i0.wp.com\/politicosaldesnudo.com.mx\/wp-content\/uploads\/2026\/01\/AURELIO-CONTRERAS.jpg?fit=800%2C445&ssl=1","datePublished":"2026-02-23T06:21:35+00:00","breadcrumb":{"@id":"https:\/\/politicosaldesnudo.com.mx\/index.php\/2026\/02\/23\/los-muertos-no-hablan\/#breadcrumb"},"inLanguage":"es","potentialAction":[{"@type":"ReadAction","target":["https:\/\/politicosaldesnudo.com.mx\/index.php\/2026\/02\/23\/los-muertos-no-hablan\/"]}]},{"@type":"ImageObject","inLanguage":"es","@id":"https:\/\/politicosaldesnudo.com.mx\/index.php\/2026\/02\/23\/los-muertos-no-hablan\/#primaryimage","url":"https:\/\/i0.wp.com\/politicosaldesnudo.com.mx\/wp-content\/uploads\/2026\/01\/AURELIO-CONTRERAS.jpg?fit=800%2C445&ssl=1","contentUrl":"https:\/\/i0.wp.com\/politicosaldesnudo.com.mx\/wp-content\/uploads\/2026\/01\/AURELIO-CONTRERAS.jpg?fit=800%2C445&ssl=1","width":800,"height":445},{"@type":"BreadcrumbList","@id":"https:\/\/politicosaldesnudo.com.mx\/index.php\/2026\/02\/23\/los-muertos-no-hablan\/#breadcrumb","itemListElement":[{"@type":"ListItem","position":1,"name":"Portada","item":"https:\/\/politicosaldesnudo.com.mx\/"},{"@type":"ListItem","position":2,"name":"Los muertos no hablan"}]},{"@type":"WebSite","@id":"https:\/\/politicosaldesnudo.com.mx\/#website","url":"https:\/\/politicosaldesnudo.com.mx\/","name":"Pol\u00edticos al Desnudo","description":"","publisher":{"@id":"https:\/\/politicosaldesnudo.com.mx\/#organization"},"potentialAction":[{"@type":"SearchAction","target":{"@type":"EntryPoint","urlTemplate":"https:\/\/politicosaldesnudo.com.mx\/?s={search_term_string}"},"query-input":{"@type":"PropertyValueSpecification","valueRequired":true,"valueName":"search_term_string"}}],"inLanguage":"es"},{"@type":"Organization","@id":"https:\/\/politicosaldesnudo.com.mx\/#organization","name":"Pol\u00edticos al Desnudo","url":"https:\/\/politicosaldesnudo.com.mx\/","logo":{"@type":"ImageObject","inLanguage":"es","@id":"https:\/\/politicosaldesnudo.com.mx\/#\/schema\/logo\/image\/","url":"https:\/\/i0.wp.com\/politicosaldesnudo.com.mx\/wp-content\/uploads\/2026\/08\/cropped-logo.webp?fit=400%2C126&ssl=1","contentUrl":"https:\/\/i0.wp.com\/politicosaldesnudo.com.mx\/wp-content\/uploads\/2026\/08\/cropped-logo.webp?fit=400%2C126&ssl=1","width":400,"height":126,"caption":"Pol\u00edticos al Desnudo"},"image":{"@id":"https:\/\/politicosaldesnudo.com.mx\/#\/schema\/logo\/image\/"},"sameAs":["https:\/\/www.facebook.com\/PoliticosAD"]},{"@type":"Person","@id":"https:\/\/politicosaldesnudo.com.mx\/#\/schema\/person\/ef3a64e561cc3f3f5dc52fab81adde7e","name":"Redacci\u00f3n Pol\u00edticos","url":"https:\/\/politicosaldesnudo.com.mx\/index.php\/author\/redaccion-politicos\/"}]}},"jetpack_publicize_connections":[],"jetpack-related-posts":[{"id":87509,"url":"https:\/\/politicosaldesnudo.com.mx\/index.php\/2026\/08\/05\/vamos-por-ellos-incluyendo-a-narcopoliticos-dijo-el-director-de-la-dea-sobre-acciones-contra-el-cjng\/","url_meta":{"origin":80500,"position":0},"title":"\u201cVamos por ellos, incluyendo a narcopol\u00edticos\u201d: dijo el director de la DEA sobre acciones contra el CJNG","author":"Redacci\u00f3n Pol\u00edticos","date":"5 de agosto de 2026","format":false,"excerpt":"En conferencia de prensa este mi\u00e9rcoles, Todd Blanche, fiscal interino de Estados Unidos, dio a conocer medidas de aplicaci\u00f3n de la ley para\u00a0desmantelar al\u00a0C\u00e1rtel Jalisco Nueva Generaci\u00f3n (CJNG). Asegur\u00f3 que esta medida es una continuaci\u00f3n en contra de los c\u00e1rteles \u201cque nos han da\u00f1ado por demasiado tiempo\u201d. Expuso que las\u2026","rel":"","context":"En \u00abNACIONAL\u00bb","block_context":{"text":"NACIONAL","link":"https:\/\/politicosaldesnudo.com.mx\/index.php\/category\/nacional\/"},"img":{"alt_text":"","src":"https:\/\/i0.wp.com\/politicosaldesnudo.com.mx\/wp-content\/uploads\/2026\/08\/deaa.png?fit=1201%2C807&ssl=1&resize=350%2C200","width":350,"height":200,"srcset":"https:\/\/i0.wp.com\/politicosaldesnudo.com.mx\/wp-content\/uploads\/2026\/08\/deaa.png?fit=1201%2C807&ssl=1&resize=350%2C200 1x, https:\/\/i0.wp.com\/politicosaldesnudo.com.mx\/wp-content\/uploads\/2026\/08\/deaa.png?fit=1201%2C807&ssl=1&resize=525%2C300 1.5x, https:\/\/i0.wp.com\/politicosaldesnudo.com.mx\/wp-content\/uploads\/2026\/08\/deaa.png?fit=1201%2C807&ssl=1&resize=700%2C400 2x, https:\/\/i0.wp.com\/politicosaldesnudo.com.mx\/wp-content\/uploads\/2026\/08\/deaa.png?fit=1201%2C807&ssl=1&resize=1050%2C600 3x"},"classes":[]},{"id":13905,"url":"https:\/\/politicosaldesnudo.com.mx\/index.php\/2022\/12\/19\/cae-el-cartel-del-ine-y-el-futbolero-cuando\/","url_meta":{"origin":80500,"position":1},"title":"Cae el c\u00e1rtel del INE y el futbolero \u00bfcu\u00e1ndo?","author":"Redacci\u00f3n Pol\u00edticos","date":"19 de diciembre de 2022","format":false,"excerpt":"\u00a0 Por Jos\u00e9 Lima Cobos\u00a0 Segunda Parte \u00a0 En el pa\u00eds se ha formado y fortalecidos con los varios c\u00e1rteles que, lo mismo sirven para la defraudaci\u00f3n fiscal o tr\u00e1fico de personas\u00a0 o drogas, o bien cualquiera de las otras linduras que se forman\u00a0 o constituyen en la legalidad gubernamental\u2026","rel":"","context":"En \u00abOPINI\u00d3N\u00bb","block_context":{"text":"OPINI\u00d3N","link":"https:\/\/politicosaldesnudo.com.mx\/index.php\/category\/columnistas\/"},"img":{"alt_text":"","src":"https:\/\/i0.wp.com\/politicosaldesnudo.com.mx\/wp-content\/uploads\/2022\/04\/JOSE%CC%81-LIMA-COBOS.png?fit=1200%2C671&ssl=1&resize=350%2C200","width":350,"height":200,"srcset":"https:\/\/i0.wp.com\/politicosaldesnudo.com.mx\/wp-content\/uploads\/2022\/04\/JOSE%CC%81-LIMA-COBOS.png?fit=1200%2C671&ssl=1&resize=350%2C200 1x, https:\/\/i0.wp.com\/politicosaldesnudo.com.mx\/wp-content\/uploads\/2022\/04\/JOSE%CC%81-LIMA-COBOS.png?fit=1200%2C671&ssl=1&resize=525%2C300 1.5x, https:\/\/i0.wp.com\/politicosaldesnudo.com.mx\/wp-content\/uploads\/2022\/04\/JOSE%CC%81-LIMA-COBOS.png?fit=1200%2C671&ssl=1&resize=700%2C400 2x, https:\/\/i0.wp.com\/politicosaldesnudo.com.mx\/wp-content\/uploads\/2022\/04\/JOSE%CC%81-LIMA-COBOS.png?fit=1200%2C671&ssl=1&resize=1050%2C600 3x"},"classes":[]},{"id":88007,"url":"https:\/\/politicosaldesnudo.com.mx\/index.php\/2026\/08\/23\/dea-lanza-grave-acusacion-funcionarios-mexicanos-de-alto-nivel-trabajan-con-los-carteles\/","url_meta":{"origin":80500,"position":2},"title":"DEA lanza grave acusaci\u00f3n: funcionarios mexicanos de alto nivel trabajan con los c\u00e1rteles","author":"Redacci\u00f3n Pol\u00edticos","date":"23 de agosto de 2026","format":false,"excerpt":"El director de la Administraci\u00f3n para el Control de Drogas de Estados Unidos (DEA), Terry Cole, afirm\u00f3 que servidores p\u00fablicos mexicanos de alto nivel presuntamente mantienen v\u00ednculos directos con organizaciones del narcotr\u00e1fico. Durante una entrevista con N+, el funcionario estadounidense asegur\u00f3 que investigaciones recientes han permitido identificar casos de corrupci\u00f3n\u2026","rel":"","context":"En \u00abINTERNACIONAL\u00bb","block_context":{"text":"INTERNACIONAL","link":"https:\/\/politicosaldesnudo.com.mx\/index.php\/category\/internacional\/"},"img":{"alt_text":"","src":"https:\/\/i0.wp.com\/politicosaldesnudo.com.mx\/wp-content\/uploads\/2026\/08\/terry.jpg?fit=600%2C400&ssl=1&resize=350%2C200","width":350,"height":200,"srcset":"https:\/\/i0.wp.com\/politicosaldesnudo.com.mx\/wp-content\/uploads\/2026\/08\/terry.jpg?fit=600%2C400&ssl=1&resize=350%2C200 1x, https:\/\/i0.wp.com\/politicosaldesnudo.com.mx\/wp-content\/uploads\/2026\/08\/terry.jpg?fit=600%2C400&ssl=1&resize=525%2C300 1.5x"},"classes":[]},{"id":58935,"url":"https:\/\/politicosaldesnudo.com.mx\/index.php\/2025\/03\/17\/la-gran-hipocresia\/","url_meta":{"origin":80500,"position":3},"title":"LA GRAN HIPOCRES\u00cdA","author":"Redacci\u00f3n Pol\u00edticos","date":"17 de marzo de 2025","format":false,"excerpt":"El descubrimiento por parte de las \u201cmadres buscadoras\u201d de Jalisco, del campo de exterminio ubicado en el Rancho Izaguirre, exhibe la gran hipocres\u00eda que se practica respecto a la violencia criminal en M\u00e9xico. El Rancho Izaguirre ya hab\u00eda sido intervenido en septiembre pasado por una operaci\u00f3n conjunta entre la Fiscal\u00eda\u2026","rel":"","context":"En \u00abOPINI\u00d3N\u00bb","block_context":{"text":"OPINI\u00d3N","link":"https:\/\/politicosaldesnudo.com.mx\/index.php\/category\/columnistas\/"},"img":{"alt_text":"","src":"https:\/\/i0.wp.com\/politicosaldesnudo.com.mx\/wp-content\/uploads\/2024\/10\/RICARDO-HOMS.jpg?fit=800%2C447&ssl=1&resize=350%2C200","width":350,"height":200,"srcset":"https:\/\/i0.wp.com\/politicosaldesnudo.com.mx\/wp-content\/uploads\/2024\/10\/RICARDO-HOMS.jpg?fit=800%2C447&ssl=1&resize=350%2C200 1x, https:\/\/i0.wp.com\/politicosaldesnudo.com.mx\/wp-content\/uploads\/2024\/10\/RICARDO-HOMS.jpg?fit=800%2C447&ssl=1&resize=525%2C300 1.5x, https:\/\/i0.wp.com\/politicosaldesnudo.com.mx\/wp-content\/uploads\/2024\/10\/RICARDO-HOMS.jpg?fit=800%2C447&ssl=1&resize=700%2C400 2x"},"classes":[]},{"id":88081,"url":"https:\/\/politicosaldesnudo.com.mx\/index.php\/2026\/08\/26\/estados-unidos-aprieta-a-mexico-exige-frenar-el-fentanilo-y-desmantelar-a-los-carteles\/","url_meta":{"origin":80500,"position":4},"title":"Estados Unidos aprieta a M\u00e9xico: exige frenar el fentanilo y desmantelar a los c\u00e1rteles","author":"Redacci\u00f3n Pol\u00edticos","date":"26 de agosto de 2026","format":false,"excerpt":"El combate al narcotr\u00e1fico y la migraci\u00f3n irregular volvieron al centro de la relaci\u00f3n entre M\u00e9xico y Estados Unidos. Durante una reuni\u00f3n celebrada en Washington, el secretario de Estado estadounidense, Marco Rubio, plante\u00f3 al canciller Roberto Velasco la necesidad de acelerar las acciones contra los c\u00e1rteles y el tr\u00e1fico de\u2026","rel":"","context":"En \u00abINTERNACIONAL\u00bb","block_context":{"text":"INTERNACIONAL","link":"https:\/\/politicosaldesnudo.com.mx\/index.php\/category\/internacional\/"},"img":{"alt_text":"","src":"https:\/\/i0.wp.com\/politicosaldesnudo.com.mx\/wp-content\/uploads\/2026\/08\/782144596_1492096299330079_1426179680717466472_n.jpg?fit=1200%2C948&ssl=1&resize=350%2C200","width":350,"height":200,"srcset":"https:\/\/i0.wp.com\/politicosaldesnudo.com.mx\/wp-content\/uploads\/2026\/08\/782144596_1492096299330079_1426179680717466472_n.jpg?fit=1200%2C948&ssl=1&resize=350%2C200 1x, https:\/\/i0.wp.com\/politicosaldesnudo.com.mx\/wp-content\/uploads\/2026\/08\/782144596_1492096299330079_1426179680717466472_n.jpg?fit=1200%2C948&ssl=1&resize=525%2C300 1.5x, https:\/\/i0.wp.com\/politicosaldesnudo.com.mx\/wp-content\/uploads\/2026\/08\/782144596_1492096299330079_1426179680717466472_n.jpg?fit=1200%2C948&ssl=1&resize=700%2C400 2x, https:\/\/i0.wp.com\/politicosaldesnudo.com.mx\/wp-content\/uploads\/2026\/08\/782144596_1492096299330079_1426179680717466472_n.jpg?fit=1200%2C948&ssl=1&resize=1050%2C600 3x"},"classes":[]},{"id":87194,"url":"https:\/\/politicosaldesnudo.com.mx\/index.php\/2026\/07\/24\/industria-del-tequila-integra-mas-de-166-actividades-economicas-en-mexico\/","url_meta":{"origin":80500,"position":5},"title":"Industria del tequila integra m\u00e1s de 166 actividades econ\u00f3micas en M\u00e9xico","author":"Redacci\u00f3n Pol\u00edticos","date":"24 de julio de 2026","format":false,"excerpt":"La cadena de valor del tequila integra m\u00e1s de 166 actividades econ\u00f3micas, desde el cultivo del agave hasta el embotellado, en las que participan jimadores, maestros tequileros, ingenieros y especialistas, seg\u00fan un comunicado\u00a0de Casa Herradura. El destilado se conmemora cada 24 de julio con el D\u00eda Internacional del Tequila y\u2026","rel":"","context":"En \u00abECONOM\u00cdA\u00bb","block_context":{"text":"ECONOM\u00cdA","link":"https:\/\/politicosaldesnudo.com.mx\/index.php\/category\/economia\/"},"img":{"alt_text":"","src":"https:\/\/i0.wp.com\/politicosaldesnudo.com.mx\/wp-content\/uploads\/2026\/07\/ATEH.webp?fit=1200%2C741&ssl=1&resize=350%2C200","width":350,"height":200,"srcset":"https:\/\/i0.wp.com\/politicosaldesnudo.com.mx\/wp-content\/uploads\/2026\/07\/ATEH.webp?fit=1200%2C741&ssl=1&resize=350%2C200 1x, https:\/\/i0.wp.com\/politicosaldesnudo.com.mx\/wp-content\/uploads\/2026\/07\/ATEH.webp?fit=1200%2C741&ssl=1&resize=525%2C300 1.5x, https:\/\/i0.wp.com\/politicosaldesnudo.com.mx\/wp-content\/uploads\/2026\/07\/ATEH.webp?fit=1200%2C741&ssl=1&resize=700%2C400 2x, https:\/\/i0.wp.com\/politicosaldesnudo.com.mx\/wp-content\/uploads\/2026\/07\/ATEH.webp?fit=1200%2C741&ssl=1&resize=1050%2C600 3x"},"classes":[]}],"jetpack_sharing_enabled":true,"jetpack_featured_media_url":"https:\/\/i0.wp.com\/politicosaldesnudo.com.mx\/wp-content\/uploads\/2026\/01\/AURELIO-CONTRERAS.jpg?fit=800%2C445&ssl=1","_links":{"self":[{"href":"https:\/\/politicosaldesnudo.com.mx\/index.php\/wp-json\/wp\/v2\/posts\/80500","targetHints":{"allow":["GET"]}}],"collection":[{"href":"https:\/\/politicosaldesnudo.com.mx\/index.php\/wp-json\/wp\/v2\/posts"}],"about":[{"href":"https:\/\/politicosaldesnudo.com.mx\/index.php\/wp-json\/wp\/v2\/types\/post"}],"author":[{"embeddable":true,"href":"https:\/\/politicosaldesnudo.com.mx\/index.php\/wp-json\/wp\/v2\/users\/4"}],"replies":[{"embeddable":true,"href":"https:\/\/politicosaldesnudo.com.mx\/index.php\/wp-json\/wp\/v2\/comments?post=80500"}],"version-history":[{"count":0,"href":"https:\/\/politicosaldesnudo.com.mx\/index.php\/wp-json\/wp\/v2\/posts\/80500\/revisions"}],"wp:featuredmedia":[{"embeddable":true,"href":"https:\/\/politicosaldesnudo.com.mx\/index.php\/wp-json\/wp\/v2\/media\/78325"}],"wp:attachment":[{"href":"https:\/\/politicosaldesnudo.com.mx\/index.php\/wp-json\/wp\/v2\/media?parent=80500"}],"wp:term":[{"taxonomy":"category","embeddable":true,"href":"https:\/\/politicosaldesnudo.com.mx\/index.php\/wp-json\/wp\/v2\/categories?post=80500"},{"taxonomy":"post_tag","embeddable":true,"href":"https:\/\/politicosaldesnudo.com.mx\/index.php\/wp-json\/wp\/v2\/tags?post=80500"}],"curies":[{"name":"wp","href":"https:\/\/api.w.org\/{rel}","templated":true}]}}