{"id":80532,"date":"2026-02-24T00:08:34","date_gmt":"2026-02-24T06:08:34","guid":{"rendered":"https:\/\/politicosaldesnudo.com.mx\/?p=80532"},"modified":"2026-02-23T21:09:39","modified_gmt":"2026-02-24T03:09:39","slug":"inicia-funciones-comite-que-evaluara-inversiones-de-farmaceuticas-para-mejorar-insumos","status":"publish","type":"post","link":"https:\/\/politicosaldesnudo.com.mx\/index.php\/2026\/02\/24\/inicia-funciones-comite-que-evaluara-inversiones-de-farmaceuticas-para-mejorar-insumos\/","title":{"rendered":"Inicia funciones comit\u00e9 que evaluar\u00e1 inversiones de farmac\u00e9uticas para mejorar insumos"},"content":{"rendered":"<p class=\"nota-justify\">Como parte de las acciones previstas en el Plan M\u00e9xico para el fomento de la inversi\u00f3n en territorio nacional de la industria farmac\u00e9utica y a la vez, mejorar las condiciones de compra de estos insumos para el sector salud, empezar\u00e1 a funcionar el Comit\u00e9 de Promoci\u00f3n de la Inversi\u00f3n Farmac\u00e9utica.<\/p>\n<p class=\"nota-justify\">El organismo est\u00e1 integrado por las secretar\u00edas de Salud, Econom\u00eda y Anticorrupci\u00f3n y Buen Gobierno y tiene entre sus funciones evaluar y aprobar las propuestas de las empresas fabricantes de medicamentos y dispositivos de fuente \u00fanica y patente, a fin de garantizar que los montos de inversi\u00f3n sean proporcionales a lo que pretenden vender a las instituciones de salud.<\/p>\n<p class=\"nota-justify\">Se tomar\u00e1 en cuenta la capacidad productiva instalada y el grado de investigaci\u00f3n cient\u00edfica nacional de los fabricantes.<\/p>\n<p class=\"nota-justify\">Las reglas de funcionamiento del comit\u00e9 se publicaron hoy en el Diario Oficial de la Federaci\u00f3n y se\u00f1alan que como resultado de las evaluaciones, las dependencias federales y las empresas firmar\u00e1n convenios de concertaci\u00f3n con los compromisos de inversi\u00f3n planteados.<\/p>\n<p class=\"nota-justify\">Esto incluye plantas de manufactura, centros de desarrollo de ingredientes farmac\u00e9uticos activos, laboratorios. Tambi\u00e9n est\u00e1n contempladas las personas f\u00edsicas o morales que realicen desarrollo en investigaci\u00f3n cient\u00edfica o productos innovadores en materia de salud;<\/p>\n<p class=\"nota-justify\">Los criterios para aprobar las propuestas de inversi\u00f3n tomar\u00e1n en cuenta los siguientes aspectos: inversi\u00f3n en investigaci\u00f3n cient\u00edfica, desarrollo tecnol\u00f3gico o estudios cl\u00ednicos que deber\u00e1n representar al menos el dos por ciento del monto estimado total de las contrataciones con la empresa correspondiente.<\/p>\n<p class=\"nota-justify\">Se considerar\u00e1n \u00fanicamente aportaciones directas a proyectos de investigaci\u00f3n cl\u00ednica, desarrollo de medicamentos o dispositivos, o fortalecimiento de infraestructura de investigaci\u00f3n en salud realizados en territorio nacional.<\/p>\n<p class=\"nota-justify\">El segundo criterio tiene que ver con la inversi\u00f3n en infraestructura o capacidad productiva instalada, la cual deber\u00e1 ser equivalente, al menos a uno por ciento anualizado del monto estimado total de las ventas de productos innovadores al sector p\u00fablico, por cada a\u00f1o de vigencia del compromiso cuando se destine a construcci\u00f3n, ampliaci\u00f3n, modernizaci\u00f3n o equipamiento de plantas de manufactura, centros de desarrollo de ingredientes farmac\u00e9uticos activos o laboratorios ubicados en el pa\u00eds.<\/p>\n<p class=\"nota-justify\">El tercer indicador se refiere a la inversi\u00f3n orientada a generaci\u00f3n de empleo formal. Esta tendr\u00e1 que ser por lo menos de uno por ciento anualizado respecto del monto total estimado de las ventas al sector salud. En este caso, la empresa se debe comprometer a aumentar los empleos permanentes. Para verificar el cumplimiento del acuerdo se recurrir\u00e1 a las constancias de afiliaci\u00f3n patronal y registros ante el Instituto Mexicano del Seguro Social (IMSS).<\/p>\n<p class=\"nota-justify\">Las reglas del Comit\u00e9 de Promoci\u00f3n de la Inversi\u00f3n Farmac\u00e9utica se\u00f1alan que las decisiones se deber\u00e1n alinear con el enfoque de promoci\u00f3n de la proveedur\u00eda nacional.<\/p>\n<p class=\"nota-justify\">Los resultados del trabajo realizado y compromisos adquiridos se deber\u00e1n informar a la Secretar\u00eda de Salud, pues se convertir\u00e1n en parte del sustento para la toma de decisiones en la planeaci\u00f3n de los procesos de contrataci\u00f3n consolidada de medicamentos, insumos para la salud y dispositivos m\u00e9dicos.<\/p>\n","protected":false},"excerpt":{"rendered":"<p>Como parte de las acciones previstas en el Plan M\u00e9xico para el fomento de la inversi\u00f3n en territorio nacional de [&hellip;]<\/p>\n","protected":false},"author":4,"featured_media":80533,"comment_status":"closed","ping_status":"closed","sticky":false,"template":"","format":"standard","meta":{"site-sidebar-layout":"default","site-content-layout":"","ast-site-content-layout":"default","site-content-style":"default","site-sidebar-style":"default","ast-global-header-display":"","ast-banner-title-visibility":"","ast-main-header-display":"","ast-hfb-above-header-display":"","ast-hfb-below-header-display":"","ast-hfb-mobile-header-display":"","site-post-title":"","ast-breadcrumbs-content":"","ast-featured-img":"","footer-sml-layout":"","ast-disable-related-posts":"","theme-transparent-header-meta":"","adv-header-id-meta":"","stick-header-meta":"","header-above-stick-meta":"","header-main-stick-meta":"","header-below-stick-meta":"","astra-migrate-meta-layouts":"default","ast-page-background-enabled":"default","ast-page-background-meta":{"desktop":{"background-color":"var(--ast-global-color-5)","background-image":"","background-repeat":"repeat","background-position":"center center","background-size":"auto","background-attachment":"scroll","background-type":"","background-media":"","overlay-type":"","overlay-color":"","overlay-opacity":"","overlay-gradient":""},"tablet":{"background-color":"","background-image":"","background-repeat":"repeat","background-position":"center center","background-size":"auto","background-attachment":"scroll","background-type":"","background-media":"","overlay-type":"","overlay-color":"","overlay-opacity":"","overlay-gradient":""},"mobile":{"background-color":"","background-image":"","background-repeat":"repeat","background-position":"center center","background-size":"auto","background-attachment":"scroll","background-type":"","background-media":"","overlay-type":"","overlay-color":"","overlay-opacity":"","overlay-gradient":""}},"ast-content-background-meta":{"desktop":{"background-color":"var(--ast-global-color-4)","background-image":"","background-repeat":"repeat","background-position":"center center","background-size":"auto","background-attachment":"scroll","background-type":"","background-media":"","overlay-type":"","overlay-color":"","overlay-opacity":"","overlay-gradient":""},"tablet":{"background-color":"var(--ast-global-color-4)","background-image":"","background-repeat":"repeat","background-position":"center center","background-size":"auto","background-attachment":"scroll","background-type":"","background-media":"","overlay-type":"","overlay-color":"","overlay-opacity":"","overlay-gradient":""},"mobile":{"background-color":"var(--ast-global-color-4)","background-image":"","background-repeat":"repeat","background-position":"center center","background-size":"auto","background-attachment":"scroll","background-type":"","background-media":"","overlay-type":"","overlay-color":"","overlay-opacity":"","overlay-gradient":""}},"_jetpack_newsletter_access":"","_jetpack_dont_email_post_to_subs":false,"_jetpack_newsletter_tier_id":0,"_jetpack_memberships_contains_paywalled_content":false,"_jetpack_feature_clip_id":0,"_jetpack_memberships_contains_paid_content":false,"footnotes":"","jetpack_publicize_message":"","jetpack_publicize_feature_enabled":true,"jetpack_social_post_already_shared":true,"jetpack_social_options":{"image_generator_settings":{"template":"highway","default_image_id":0,"font":"","enabled":false},"version":2},"jetpack_post_was_ever_published":false},"categories":[33],"tags":[],"class_list":["post-80532","post","type-post","status-publish","format-standard","has-post-thumbnail","hentry","category-nacional"],"yoast_head":"<!-- This site is optimized with the Yoast SEO plugin v28.3 - https:\/\/yoast.com\/product\/yoast-seo-wordpress\/ -->\n<title>Inicia funciones comit\u00e9 que evaluar\u00e1 inversiones de farmac\u00e9uticas para mejorar insumos - Pol\u00edticos al Desnudo<\/title>\n<meta name=\"robots\" content=\"index, follow, max-snippet:-1, max-image-preview:large, max-video-preview:-1\" \/>\n<link rel=\"canonical\" href=\"https:\/\/politicosaldesnudo.com.mx\/index.php\/2026\/02\/24\/inicia-funciones-comite-que-evaluara-inversiones-de-farmaceuticas-para-mejorar-insumos\/\" \/>\n<meta property=\"og:locale\" content=\"es_ES\" \/>\n<meta property=\"og:type\" content=\"article\" \/>\n<meta property=\"og:title\" content=\"Inicia funciones comit\u00e9 que evaluar\u00e1 inversiones de farmac\u00e9uticas para mejorar insumos - Pol\u00edticos al Desnudo\" \/>\n<meta property=\"og:description\" content=\"Como parte de las acciones previstas en el Plan M\u00e9xico para el fomento de la inversi\u00f3n en territorio nacional de [&hellip;]\" \/>\n<meta property=\"og:url\" content=\"https:\/\/politicosaldesnudo.com.mx\/index.php\/2026\/02\/24\/inicia-funciones-comite-que-evaluara-inversiones-de-farmaceuticas-para-mejorar-insumos\/\" \/>\n<meta property=\"og:site_name\" content=\"Pol\u00edticos al Desnudo\" \/>\n<meta property=\"article:publisher\" content=\"https:\/\/www.facebook.com\/PoliticosAD\" \/>\n<meta property=\"article:published_time\" content=\"2026-02-24T06:08:34+00:00\" \/>\n<meta property=\"og:image\" content=\"https:\/\/i0.wp.com\/politicosaldesnudo.com.mx\/wp-content\/uploads\/2026\/02\/FARMA.jpg?fit=1200%2C800&ssl=1\" \/>\n\t<meta property=\"og:image:width\" content=\"1200\" \/>\n\t<meta property=\"og:image:height\" content=\"800\" \/>\n\t<meta property=\"og:image:type\" content=\"image\/jpeg\" \/>\n<meta name=\"author\" content=\"Redacci\u00f3n Pol\u00edticos\" \/>\n<meta name=\"twitter:card\" content=\"summary_large_image\" \/>\n<meta name=\"twitter:label1\" content=\"Escrito por\" \/>\n\t<meta name=\"twitter:data1\" content=\"Redacci\u00f3n Pol\u00edticos\" \/>\n\t<meta name=\"twitter:label2\" content=\"Tiempo de lectura\" \/>\n\t<meta name=\"twitter:data2\" content=\"3 minutos\" \/>\n<script type=\"application\/ld+json\" class=\"yoast-schema-graph\">{\"@context\":\"https:\\\/\\\/schema.org\",\"@graph\":[{\"@type\":\"Article\",\"@id\":\"https:\\\/\\\/politicosaldesnudo.com.mx\\\/index.php\\\/2026\\\/02\\\/24\\\/inicia-funciones-comite-que-evaluara-inversiones-de-farmaceuticas-para-mejorar-insumos\\\/#article\",\"isPartOf\":{\"@id\":\"https:\\\/\\\/politicosaldesnudo.com.mx\\\/index.php\\\/2026\\\/02\\\/24\\\/inicia-funciones-comite-que-evaluara-inversiones-de-farmaceuticas-para-mejorar-insumos\\\/\"},\"author\":{\"name\":\"Redacci\u00f3n Pol\u00edticos\",\"@id\":\"https:\\\/\\\/politicosaldesnudo.com.mx\\\/#\\\/schema\\\/person\\\/ef3a64e561cc3f3f5dc52fab81adde7e\"},\"headline\":\"Inicia funciones comit\u00e9 que evaluar\u00e1 inversiones de farmac\u00e9uticas para mejorar insumos\",\"datePublished\":\"2026-02-24T06:08:34+00:00\",\"mainEntityOfPage\":{\"@id\":\"https:\\\/\\\/politicosaldesnudo.com.mx\\\/index.php\\\/2026\\\/02\\\/24\\\/inicia-funciones-comite-que-evaluara-inversiones-de-farmaceuticas-para-mejorar-insumos\\\/\"},\"wordCount\":561,\"publisher\":{\"@id\":\"https:\\\/\\\/politicosaldesnudo.com.mx\\\/#organization\"},\"image\":{\"@id\":\"https:\\\/\\\/politicosaldesnudo.com.mx\\\/index.php\\\/2026\\\/02\\\/24\\\/inicia-funciones-comite-que-evaluara-inversiones-de-farmaceuticas-para-mejorar-insumos\\\/#primaryimage\"},\"thumbnailUrl\":\"https:\\\/\\\/i0.wp.com\\\/politicosaldesnudo.com.mx\\\/wp-content\\\/uploads\\\/2026\\\/02\\\/FARMA.jpg?fit=1200%2C800&ssl=1\",\"articleSection\":[\"NACIONAL\"],\"inLanguage\":\"es\"},{\"@type\":\"WebPage\",\"@id\":\"https:\\\/\\\/politicosaldesnudo.com.mx\\\/index.php\\\/2026\\\/02\\\/24\\\/inicia-funciones-comite-que-evaluara-inversiones-de-farmaceuticas-para-mejorar-insumos\\\/\",\"url\":\"https:\\\/\\\/politicosaldesnudo.com.mx\\\/index.php\\\/2026\\\/02\\\/24\\\/inicia-funciones-comite-que-evaluara-inversiones-de-farmaceuticas-para-mejorar-insumos\\\/\",\"name\":\"Inicia funciones comit\u00e9 que evaluar\u00e1 inversiones de farmac\u00e9uticas para mejorar insumos - Pol\u00edticos al Desnudo\",\"isPartOf\":{\"@id\":\"https:\\\/\\\/politicosaldesnudo.com.mx\\\/#website\"},\"primaryImageOfPage\":{\"@id\":\"https:\\\/\\\/politicosaldesnudo.com.mx\\\/index.php\\\/2026\\\/02\\\/24\\\/inicia-funciones-comite-que-evaluara-inversiones-de-farmaceuticas-para-mejorar-insumos\\\/#primaryimage\"},\"image\":{\"@id\":\"https:\\\/\\\/politicosaldesnudo.com.mx\\\/index.php\\\/2026\\\/02\\\/24\\\/inicia-funciones-comite-que-evaluara-inversiones-de-farmaceuticas-para-mejorar-insumos\\\/#primaryimage\"},\"thumbnailUrl\":\"https:\\\/\\\/i0.wp.com\\\/politicosaldesnudo.com.mx\\\/wp-content\\\/uploads\\\/2026\\\/02\\\/FARMA.jpg?fit=1200%2C800&ssl=1\",\"datePublished\":\"2026-02-24T06:08:34+00:00\",\"breadcrumb\":{\"@id\":\"https:\\\/\\\/politicosaldesnudo.com.mx\\\/index.php\\\/2026\\\/02\\\/24\\\/inicia-funciones-comite-que-evaluara-inversiones-de-farmaceuticas-para-mejorar-insumos\\\/#breadcrumb\"},\"inLanguage\":\"es\",\"potentialAction\":[{\"@type\":\"ReadAction\",\"target\":[\"https:\\\/\\\/politicosaldesnudo.com.mx\\\/index.php\\\/2026\\\/02\\\/24\\\/inicia-funciones-comite-que-evaluara-inversiones-de-farmaceuticas-para-mejorar-insumos\\\/\"]}]},{\"@type\":\"ImageObject\",\"inLanguage\":\"es\",\"@id\":\"https:\\\/\\\/politicosaldesnudo.com.mx\\\/index.php\\\/2026\\\/02\\\/24\\\/inicia-funciones-comite-que-evaluara-inversiones-de-farmaceuticas-para-mejorar-insumos\\\/#primaryimage\",\"url\":\"https:\\\/\\\/i0.wp.com\\\/politicosaldesnudo.com.mx\\\/wp-content\\\/uploads\\\/2026\\\/02\\\/FARMA.jpg?fit=1200%2C800&ssl=1\",\"contentUrl\":\"https:\\\/\\\/i0.wp.com\\\/politicosaldesnudo.com.mx\\\/wp-content\\\/uploads\\\/2026\\\/02\\\/FARMA.jpg?fit=1200%2C800&ssl=1\",\"width\":1200,\"height\":800},{\"@type\":\"BreadcrumbList\",\"@id\":\"https:\\\/\\\/politicosaldesnudo.com.mx\\\/index.php\\\/2026\\\/02\\\/24\\\/inicia-funciones-comite-que-evaluara-inversiones-de-farmaceuticas-para-mejorar-insumos\\\/#breadcrumb\",\"itemListElement\":[{\"@type\":\"ListItem\",\"position\":1,\"name\":\"Portada\",\"item\":\"https:\\\/\\\/politicosaldesnudo.com.mx\\\/\"},{\"@type\":\"ListItem\",\"position\":2,\"name\":\"Inicia funciones comit\u00e9 que evaluar\u00e1 inversiones de farmac\u00e9uticas para mejorar insumos\"}]},{\"@type\":\"WebSite\",\"@id\":\"https:\\\/\\\/politicosaldesnudo.com.mx\\\/#website\",\"url\":\"https:\\\/\\\/politicosaldesnudo.com.mx\\\/\",\"name\":\"Pol\u00edticos al Desnudo\",\"description\":\"\",\"publisher\":{\"@id\":\"https:\\\/\\\/politicosaldesnudo.com.mx\\\/#organization\"},\"potentialAction\":[{\"@type\":\"SearchAction\",\"target\":{\"@type\":\"EntryPoint\",\"urlTemplate\":\"https:\\\/\\\/politicosaldesnudo.com.mx\\\/?s={search_term_string}\"},\"query-input\":{\"@type\":\"PropertyValueSpecification\",\"valueRequired\":true,\"valueName\":\"search_term_string\"}}],\"inLanguage\":\"es\"},{\"@type\":\"Organization\",\"@id\":\"https:\\\/\\\/politicosaldesnudo.com.mx\\\/#organization\",\"name\":\"Pol\u00edticos al Desnudo\",\"url\":\"https:\\\/\\\/politicosaldesnudo.com.mx\\\/\",\"logo\":{\"@type\":\"ImageObject\",\"inLanguage\":\"es\",\"@id\":\"https:\\\/\\\/politicosaldesnudo.com.mx\\\/#\\\/schema\\\/logo\\\/image\\\/\",\"url\":\"https:\\\/\\\/i0.wp.com\\\/politicosaldesnudo.com.mx\\\/wp-content\\\/uploads\\\/2026\\\/08\\\/cropped-logo.webp?fit=400%2C126&ssl=1\",\"contentUrl\":\"https:\\\/\\\/i0.wp.com\\\/politicosaldesnudo.com.mx\\\/wp-content\\\/uploads\\\/2026\\\/08\\\/cropped-logo.webp?fit=400%2C126&ssl=1\",\"width\":400,\"height\":126,\"caption\":\"Pol\u00edticos al Desnudo\"},\"image\":{\"@id\":\"https:\\\/\\\/politicosaldesnudo.com.mx\\\/#\\\/schema\\\/logo\\\/image\\\/\"},\"sameAs\":[\"https:\\\/\\\/www.facebook.com\\\/PoliticosAD\"]},{\"@type\":\"Person\",\"@id\":\"https:\\\/\\\/politicosaldesnudo.com.mx\\\/#\\\/schema\\\/person\\\/ef3a64e561cc3f3f5dc52fab81adde7e\",\"name\":\"Redacci\u00f3n Pol\u00edticos\",\"url\":\"https:\\\/\\\/politicosaldesnudo.com.mx\\\/index.php\\\/author\\\/redaccion-politicos\\\/\"}]}<\/script>\n<!-- \/ Yoast SEO plugin. -->","yoast_head_json":{"title":"Inicia funciones comit\u00e9 que evaluar\u00e1 inversiones de farmac\u00e9uticas para mejorar insumos - Pol\u00edticos al Desnudo","robots":{"index":"index","follow":"follow","max-snippet":"max-snippet:-1","max-image-preview":"max-image-preview:large","max-video-preview":"max-video-preview:-1"},"canonical":"https:\/\/politicosaldesnudo.com.mx\/index.php\/2026\/02\/24\/inicia-funciones-comite-que-evaluara-inversiones-de-farmaceuticas-para-mejorar-insumos\/","og_locale":"es_ES","og_type":"article","og_title":"Inicia funciones comit\u00e9 que evaluar\u00e1 inversiones de farmac\u00e9uticas para mejorar insumos - Pol\u00edticos al Desnudo","og_description":"Como parte de las acciones previstas en el Plan M\u00e9xico para el fomento de la inversi\u00f3n en territorio nacional de [&hellip;]","og_url":"https:\/\/politicosaldesnudo.com.mx\/index.php\/2026\/02\/24\/inicia-funciones-comite-que-evaluara-inversiones-de-farmaceuticas-para-mejorar-insumos\/","og_site_name":"Pol\u00edticos al Desnudo","article_publisher":"https:\/\/www.facebook.com\/PoliticosAD","article_published_time":"2026-02-24T06:08:34+00:00","og_image":[{"width":1200,"height":800,"url":"https:\/\/i0.wp.com\/politicosaldesnudo.com.mx\/wp-content\/uploads\/2026\/02\/FARMA.jpg?fit=1200%2C800&ssl=1","type":"image\/jpeg"}],"author":"Redacci\u00f3n Pol\u00edticos","twitter_card":"summary_large_image","twitter_misc":{"Escrito por":"Redacci\u00f3n Pol\u00edticos","Tiempo de lectura":"3 minutos"},"schema":{"@context":"https:\/\/schema.org","@graph":[{"@type":"Article","@id":"https:\/\/politicosaldesnudo.com.mx\/index.php\/2026\/02\/24\/inicia-funciones-comite-que-evaluara-inversiones-de-farmaceuticas-para-mejorar-insumos\/#article","isPartOf":{"@id":"https:\/\/politicosaldesnudo.com.mx\/index.php\/2026\/02\/24\/inicia-funciones-comite-que-evaluara-inversiones-de-farmaceuticas-para-mejorar-insumos\/"},"author":{"name":"Redacci\u00f3n Pol\u00edticos","@id":"https:\/\/politicosaldesnudo.com.mx\/#\/schema\/person\/ef3a64e561cc3f3f5dc52fab81adde7e"},"headline":"Inicia funciones comit\u00e9 que evaluar\u00e1 inversiones de farmac\u00e9uticas para mejorar insumos","datePublished":"2026-02-24T06:08:34+00:00","mainEntityOfPage":{"@id":"https:\/\/politicosaldesnudo.com.mx\/index.php\/2026\/02\/24\/inicia-funciones-comite-que-evaluara-inversiones-de-farmaceuticas-para-mejorar-insumos\/"},"wordCount":561,"publisher":{"@id":"https:\/\/politicosaldesnudo.com.mx\/#organization"},"image":{"@id":"https:\/\/politicosaldesnudo.com.mx\/index.php\/2026\/02\/24\/inicia-funciones-comite-que-evaluara-inversiones-de-farmaceuticas-para-mejorar-insumos\/#primaryimage"},"thumbnailUrl":"https:\/\/i0.wp.com\/politicosaldesnudo.com.mx\/wp-content\/uploads\/2026\/02\/FARMA.jpg?fit=1200%2C800&ssl=1","articleSection":["NACIONAL"],"inLanguage":"es"},{"@type":"WebPage","@id":"https:\/\/politicosaldesnudo.com.mx\/index.php\/2026\/02\/24\/inicia-funciones-comite-que-evaluara-inversiones-de-farmaceuticas-para-mejorar-insumos\/","url":"https:\/\/politicosaldesnudo.com.mx\/index.php\/2026\/02\/24\/inicia-funciones-comite-que-evaluara-inversiones-de-farmaceuticas-para-mejorar-insumos\/","name":"Inicia funciones comit\u00e9 que evaluar\u00e1 inversiones de farmac\u00e9uticas para mejorar insumos - Pol\u00edticos al Desnudo","isPartOf":{"@id":"https:\/\/politicosaldesnudo.com.mx\/#website"},"primaryImageOfPage":{"@id":"https:\/\/politicosaldesnudo.com.mx\/index.php\/2026\/02\/24\/inicia-funciones-comite-que-evaluara-inversiones-de-farmaceuticas-para-mejorar-insumos\/#primaryimage"},"image":{"@id":"https:\/\/politicosaldesnudo.com.mx\/index.php\/2026\/02\/24\/inicia-funciones-comite-que-evaluara-inversiones-de-farmaceuticas-para-mejorar-insumos\/#primaryimage"},"thumbnailUrl":"https:\/\/i0.wp.com\/politicosaldesnudo.com.mx\/wp-content\/uploads\/2026\/02\/FARMA.jpg?fit=1200%2C800&ssl=1","datePublished":"2026-02-24T06:08:34+00:00","breadcrumb":{"@id":"https:\/\/politicosaldesnudo.com.mx\/index.php\/2026\/02\/24\/inicia-funciones-comite-que-evaluara-inversiones-de-farmaceuticas-para-mejorar-insumos\/#breadcrumb"},"inLanguage":"es","potentialAction":[{"@type":"ReadAction","target":["https:\/\/politicosaldesnudo.com.mx\/index.php\/2026\/02\/24\/inicia-funciones-comite-que-evaluara-inversiones-de-farmaceuticas-para-mejorar-insumos\/"]}]},{"@type":"ImageObject","inLanguage":"es","@id":"https:\/\/politicosaldesnudo.com.mx\/index.php\/2026\/02\/24\/inicia-funciones-comite-que-evaluara-inversiones-de-farmaceuticas-para-mejorar-insumos\/#primaryimage","url":"https:\/\/i0.wp.com\/politicosaldesnudo.com.mx\/wp-content\/uploads\/2026\/02\/FARMA.jpg?fit=1200%2C800&ssl=1","contentUrl":"https:\/\/i0.wp.com\/politicosaldesnudo.com.mx\/wp-content\/uploads\/2026\/02\/FARMA.jpg?fit=1200%2C800&ssl=1","width":1200,"height":800},{"@type":"BreadcrumbList","@id":"https:\/\/politicosaldesnudo.com.mx\/index.php\/2026\/02\/24\/inicia-funciones-comite-que-evaluara-inversiones-de-farmaceuticas-para-mejorar-insumos\/#breadcrumb","itemListElement":[{"@type":"ListItem","position":1,"name":"Portada","item":"https:\/\/politicosaldesnudo.com.mx\/"},{"@type":"ListItem","position":2,"name":"Inicia funciones comit\u00e9 que evaluar\u00e1 inversiones de farmac\u00e9uticas para mejorar insumos"}]},{"@type":"WebSite","@id":"https:\/\/politicosaldesnudo.com.mx\/#website","url":"https:\/\/politicosaldesnudo.com.mx\/","name":"Pol\u00edticos al Desnudo","description":"","publisher":{"@id":"https:\/\/politicosaldesnudo.com.mx\/#organization"},"potentialAction":[{"@type":"SearchAction","target":{"@type":"EntryPoint","urlTemplate":"https:\/\/politicosaldesnudo.com.mx\/?s={search_term_string}"},"query-input":{"@type":"PropertyValueSpecification","valueRequired":true,"valueName":"search_term_string"}}],"inLanguage":"es"},{"@type":"Organization","@id":"https:\/\/politicosaldesnudo.com.mx\/#organization","name":"Pol\u00edticos al Desnudo","url":"https:\/\/politicosaldesnudo.com.mx\/","logo":{"@type":"ImageObject","inLanguage":"es","@id":"https:\/\/politicosaldesnudo.com.mx\/#\/schema\/logo\/image\/","url":"https:\/\/i0.wp.com\/politicosaldesnudo.com.mx\/wp-content\/uploads\/2026\/08\/cropped-logo.webp?fit=400%2C126&ssl=1","contentUrl":"https:\/\/i0.wp.com\/politicosaldesnudo.com.mx\/wp-content\/uploads\/2026\/08\/cropped-logo.webp?fit=400%2C126&ssl=1","width":400,"height":126,"caption":"Pol\u00edticos al Desnudo"},"image":{"@id":"https:\/\/politicosaldesnudo.com.mx\/#\/schema\/logo\/image\/"},"sameAs":["https:\/\/www.facebook.com\/PoliticosAD"]},{"@type":"Person","@id":"https:\/\/politicosaldesnudo.com.mx\/#\/schema\/person\/ef3a64e561cc3f3f5dc52fab81adde7e","name":"Redacci\u00f3n Pol\u00edticos","url":"https:\/\/politicosaldesnudo.com.mx\/index.php\/author\/redaccion-politicos\/"}]}},"jetpack_publicize_connections":[],"jetpack-related-posts":[{"id":88186,"url":"https:\/\/politicosaldesnudo.com.mx\/index.php\/2026\/08\/30\/gobierno-busca-poner-lupa-a-capital-extranjero-en-sectores-estrategicos-de-mexico\/","url_meta":{"origin":80532,"position":0},"title":"Gobierno busca poner lupa a capital extranjero en sectores estrat\u00e9gicos de M\u00e9xico","author":"Redacci\u00f3n Pol\u00edticos","date":"30 de agosto de 2026","format":false,"excerpt":"El Gobierno federal pretende reforzar la vigilancia sobre las operaciones mediante las cuales inversionistas extranjeros adquieren el control de compa\u00f1\u00edas mexicanas vinculadas con infraestructura, tecnolog\u00eda o informaci\u00f3n considerada sensible. La presidenta Claudia Sheinbaum envi\u00f3 al Senado una iniciativa para modificar la Ley de Inversi\u00f3n Extranjera y establecer un procedimiento especial\u2026","rel":"","context":"En \u00abNACIONAL\u00bb","block_context":{"text":"NACIONAL","link":"https:\/\/politicosaldesnudo.com.mx\/index.php\/category\/nacional\/"},"img":{"alt_text":"","src":"https:\/\/i0.wp.com\/politicosaldesnudo.com.mx\/wp-content\/uploads\/2026\/08\/maxresdefault.jpg?fit=1200%2C675&ssl=1&resize=350%2C200","width":350,"height":200,"srcset":"https:\/\/i0.wp.com\/politicosaldesnudo.com.mx\/wp-content\/uploads\/2026\/08\/maxresdefault.jpg?fit=1200%2C675&ssl=1&resize=350%2C200 1x, https:\/\/i0.wp.com\/politicosaldesnudo.com.mx\/wp-content\/uploads\/2026\/08\/maxresdefault.jpg?fit=1200%2C675&ssl=1&resize=525%2C300 1.5x, https:\/\/i0.wp.com\/politicosaldesnudo.com.mx\/wp-content\/uploads\/2026\/08\/maxresdefault.jpg?fit=1200%2C675&ssl=1&resize=700%2C400 2x, https:\/\/i0.wp.com\/politicosaldesnudo.com.mx\/wp-content\/uploads\/2026\/08\/maxresdefault.jpg?fit=1200%2C675&ssl=1&resize=1050%2C600 3x"},"classes":[]},{"id":88169,"url":"https:\/\/politicosaldesnudo.com.mx\/index.php\/2026\/08\/29\/sheinbaum-destaca-cinco-senales-positivas-de-la-economia-mexicana-rumbo-a-su-segundo-informe\/","url_meta":{"origin":80532,"position":1},"title":"Sheinbaum destaca cinco se\u00f1ales positivas de la econom\u00eda mexicana rumbo a su Segundo Informe","author":"Redacci\u00f3n Pol\u00edticos","date":"29 de agosto de 2026","format":false,"excerpt":"La presidenta Claudia Sheinbaum present\u00f3 un balance sobre la situaci\u00f3n econ\u00f3mica del pa\u00eds, en el que resalt\u00f3 el comportamiento de los combustibles, el empleo, los salarios, la inflaci\u00f3n y la inversi\u00f3n extranjera. A trav\u00e9s de un mensaje difundido en sus redes sociales, la mandataria asegur\u00f3 que durante su administraci\u00f3n se\u2026","rel":"","context":"En \u00abNACIONAL\u00bb","block_context":{"text":"NACIONAL","link":"https:\/\/politicosaldesnudo.com.mx\/index.php\/category\/nacional\/"},"img":{"alt_text":"","src":"https:\/\/i0.wp.com\/politicosaldesnudo.com.mx\/wp-content\/uploads\/2026\/08\/SHIN.png?fit=1200%2C673&ssl=1&resize=350%2C200","width":350,"height":200,"srcset":"https:\/\/i0.wp.com\/politicosaldesnudo.com.mx\/wp-content\/uploads\/2026\/08\/SHIN.png?fit=1200%2C673&ssl=1&resize=350%2C200 1x, https:\/\/i0.wp.com\/politicosaldesnudo.com.mx\/wp-content\/uploads\/2026\/08\/SHIN.png?fit=1200%2C673&ssl=1&resize=525%2C300 1.5x, https:\/\/i0.wp.com\/politicosaldesnudo.com.mx\/wp-content\/uploads\/2026\/08\/SHIN.png?fit=1200%2C673&ssl=1&resize=700%2C400 2x, https:\/\/i0.wp.com\/politicosaldesnudo.com.mx\/wp-content\/uploads\/2026\/08\/SHIN.png?fit=1200%2C673&ssl=1&resize=1050%2C600 3x"},"classes":[]},{"id":87704,"url":"https:\/\/politicosaldesnudo.com.mx\/index.php\/2026\/08\/12\/nahle-busca-evitar-cierre-del-ingenio-san-pedro-y-abre-la-puerta-a-nuevos-inversionistas\/","url_meta":{"origin":80532,"position":2},"title":"Nahle busca evitar cierre del ingenio San Pedro y abre la puerta a nuevos inversionistas","author":"Redacci\u00f3n Pol\u00edticos","date":"12 de agosto de 2026","format":false,"excerpt":"La gobernadora de Veracruz advirti\u00f3 que el cierre del ingenio San Pedro afectar\u00eda a m\u00e1s de cinco mil familias de la regi\u00f3n y plante\u00f3 que, si Grupo Porres no contin\u00faa con la operaci\u00f3n, otro empresario podr\u00eda hacerse cargo de la factor\u00eda. La gobernadora Roc\u00edo Nahle Garc\u00eda asegur\u00f3 que su administraci\u00f3n\u2026","rel":"","context":"En \u00abESTADOS\u00bb","block_context":{"text":"ESTADOS","link":"https:\/\/politicosaldesnudo.com.mx\/index.php\/category\/estados\/"},"img":{"alt_text":"","src":"https:\/\/i0.wp.com\/politicosaldesnudo.com.mx\/wp-content\/uploads\/2026\/08\/773671695_1639927627495572_4477977375799244898_n.jpg?fit=1200%2C800&ssl=1&resize=350%2C200","width":350,"height":200,"srcset":"https:\/\/i0.wp.com\/politicosaldesnudo.com.mx\/wp-content\/uploads\/2026\/08\/773671695_1639927627495572_4477977375799244898_n.jpg?fit=1200%2C800&ssl=1&resize=350%2C200 1x, https:\/\/i0.wp.com\/politicosaldesnudo.com.mx\/wp-content\/uploads\/2026\/08\/773671695_1639927627495572_4477977375799244898_n.jpg?fit=1200%2C800&ssl=1&resize=525%2C300 1.5x, https:\/\/i0.wp.com\/politicosaldesnudo.com.mx\/wp-content\/uploads\/2026\/08\/773671695_1639927627495572_4477977375799244898_n.jpg?fit=1200%2C800&ssl=1&resize=700%2C400 2x, https:\/\/i0.wp.com\/politicosaldesnudo.com.mx\/wp-content\/uploads\/2026\/08\/773671695_1639927627495572_4477977375799244898_n.jpg?fit=1200%2C800&ssl=1&resize=1050%2C600 3x"},"classes":[]},{"id":88257,"url":"https:\/\/politicosaldesnudo.com.mx\/index.php\/2026\/09\/01\/paquete-economico-2027-mantendra-programas-sociales-y-buscara-bajar-el-deficit-sheinbaum\/","url_meta":{"origin":80532,"position":3},"title":"Paquete Econ\u00f3mico 2027 mantendr\u00e1 programas sociales y buscar\u00e1 bajar el d\u00e9ficit: Sheinbaum","author":"Redacci\u00f3n Pol\u00edticos","date":"1 de septiembre de 2026","format":false,"excerpt":"La presidenta Claudia Sheinbaum adelant\u00f3 que el Paquete Econ\u00f3mico 2027 ser\u00e1 elaborado bajo criterios de responsabilidad financiera y tendr\u00e1 como objetivo continuar con la reducci\u00f3n gradual del d\u00e9ficit p\u00fablico. Durante su Segundo Informe de Gobierno, la mandataria asegur\u00f3 que el ajuste de las finanzas nacionales no implicar\u00e1 disminuir la inversi\u00f3n\u2026","rel":"","context":"En \u00abNACIONAL\u00bb","block_context":{"text":"NACIONAL","link":"https:\/\/politicosaldesnudo.com.mx\/index.php\/category\/nacional\/"},"img":{"alt_text":"","src":"https:\/\/i0.wp.com\/politicosaldesnudo.com.mx\/wp-content\/uploads\/2026\/09\/791849425_1609853084104467_2874062276430194544_n.jpg?fit=1200%2C799&ssl=1&resize=350%2C200","width":350,"height":200,"srcset":"https:\/\/i0.wp.com\/politicosaldesnudo.com.mx\/wp-content\/uploads\/2026\/09\/791849425_1609853084104467_2874062276430194544_n.jpg?fit=1200%2C799&ssl=1&resize=350%2C200 1x, https:\/\/i0.wp.com\/politicosaldesnudo.com.mx\/wp-content\/uploads\/2026\/09\/791849425_1609853084104467_2874062276430194544_n.jpg?fit=1200%2C799&ssl=1&resize=525%2C300 1.5x, https:\/\/i0.wp.com\/politicosaldesnudo.com.mx\/wp-content\/uploads\/2026\/09\/791849425_1609853084104467_2874062276430194544_n.jpg?fit=1200%2C799&ssl=1&resize=700%2C400 2x, https:\/\/i0.wp.com\/politicosaldesnudo.com.mx\/wp-content\/uploads\/2026\/09\/791849425_1609853084104467_2874062276430194544_n.jpg?fit=1200%2C799&ssl=1&resize=1050%2C600 3x"},"classes":[]},{"id":87059,"url":"https:\/\/politicosaldesnudo.com.mx\/index.php\/2026\/07\/20\/claudia-sheinbaum-cuida-su-relacion-con-eu\/","url_meta":{"origin":80532,"position":4},"title":"Claudia Sheinbaum cuida su relaci\u00f3n con EU","author":"Redacci\u00f3n Pol\u00edticos","date":"20 de julio de 2026","format":false,"excerpt":"ALMA GRANDE POR \u00c1NGEL \u00c1LVARO PE\u00d1A La imagen de la presidenta de M\u00e9xico, Claudia Sheinbaum, junto al presidente de Estados Unidos, Donald Trump, y al primer ministro de Canad\u00e1, Mark Carney, durante la final de la Copa Mundial de la FIFA 2026 en Nueva York tiene un significado que rebasa\u2026","rel":"","context":"En \u00abOPINI\u00d3N\u00bb","block_context":{"text":"OPINI\u00d3N","link":"https:\/\/politicosaldesnudo.com.mx\/index.php\/category\/columnistas\/"},"img":{"alt_text":"","src":"https:\/\/i0.wp.com\/politicosaldesnudo.com.mx\/wp-content\/uploads\/2026\/07\/BANNER-LOPEZ-DORIGA-DIGITAL-3.jpg?fit=800%2C445&ssl=1&resize=350%2C200","width":350,"height":200,"srcset":"https:\/\/i0.wp.com\/politicosaldesnudo.com.mx\/wp-content\/uploads\/2026\/07\/BANNER-LOPEZ-DORIGA-DIGITAL-3.jpg?fit=800%2C445&ssl=1&resize=350%2C200 1x, https:\/\/i0.wp.com\/politicosaldesnudo.com.mx\/wp-content\/uploads\/2026\/07\/BANNER-LOPEZ-DORIGA-DIGITAL-3.jpg?fit=800%2C445&ssl=1&resize=525%2C300 1.5x, https:\/\/i0.wp.com\/politicosaldesnudo.com.mx\/wp-content\/uploads\/2026\/07\/BANNER-LOPEZ-DORIGA-DIGITAL-3.jpg?fit=800%2C445&ssl=1&resize=700%2C400 2x"},"classes":[]},{"id":88112,"url":"https:\/\/politicosaldesnudo.com.mx\/index.php\/2026\/08\/27\/veracruz-los-numeros-que-incomodan-a-la-oposicion\/","url_meta":{"origin":80532,"position":5},"title":"Veracruz: los n\u00fameros que incomodan a la oposici\u00f3n","author":"Redacci\u00f3n Pol\u00edticos","date":"27 de agosto de 2026","format":false,"excerpt":"Astrolabio Pol\u00edtico Por: Luis Ram\u00edrez Baqueiro \u201cEl genio comienza las grandes obras, pero s\u00f3lo el trabajo las acaba\u201d. \u2013 Joseph Joubert. Hay cifras que deber\u00edan obligar a cualquier oposici\u00f3n seria a replantear su discurso. No porque los n\u00fameros oficiales sean inmunes al an\u00e1lisis o porque todo indicador positivo deba convertirse\u2026","rel":"","context":"En \u00abOPINI\u00d3N\u00bb","block_context":{"text":"OPINI\u00d3N","link":"https:\/\/politicosaldesnudo.com.mx\/index.php\/category\/columnistas\/"},"img":{"alt_text":"","src":"https:\/\/i0.wp.com\/politicosaldesnudo.com.mx\/wp-content\/uploads\/2026\/08\/BAQUE-2708.png?fit=1200%2C658&ssl=1&resize=350%2C200","width":350,"height":200,"srcset":"https:\/\/i0.wp.com\/politicosaldesnudo.com.mx\/wp-content\/uploads\/2026\/08\/BAQUE-2708.png?fit=1200%2C658&ssl=1&resize=350%2C200 1x, https:\/\/i0.wp.com\/politicosaldesnudo.com.mx\/wp-content\/uploads\/2026\/08\/BAQUE-2708.png?fit=1200%2C658&ssl=1&resize=525%2C300 1.5x, https:\/\/i0.wp.com\/politicosaldesnudo.com.mx\/wp-content\/uploads\/2026\/08\/BAQUE-2708.png?fit=1200%2C658&ssl=1&resize=700%2C400 2x, https:\/\/i0.wp.com\/politicosaldesnudo.com.mx\/wp-content\/uploads\/2026\/08\/BAQUE-2708.png?fit=1200%2C658&ssl=1&resize=1050%2C600 3x"},"classes":[]}],"jetpack_sharing_enabled":true,"jetpack_featured_media_url":"https:\/\/i0.wp.com\/politicosaldesnudo.com.mx\/wp-content\/uploads\/2026\/02\/FARMA.jpg?fit=1200%2C800&ssl=1","_links":{"self":[{"href":"https:\/\/politicosaldesnudo.com.mx\/index.php\/wp-json\/wp\/v2\/posts\/80532","targetHints":{"allow":["GET"]}}],"collection":[{"href":"https:\/\/politicosaldesnudo.com.mx\/index.php\/wp-json\/wp\/v2\/posts"}],"about":[{"href":"https:\/\/politicosaldesnudo.com.mx\/index.php\/wp-json\/wp\/v2\/types\/post"}],"author":[{"embeddable":true,"href":"https:\/\/politicosaldesnudo.com.mx\/index.php\/wp-json\/wp\/v2\/users\/4"}],"replies":[{"embeddable":true,"href":"https:\/\/politicosaldesnudo.com.mx\/index.php\/wp-json\/wp\/v2\/comments?post=80532"}],"version-history":[{"count":0,"href":"https:\/\/politicosaldesnudo.com.mx\/index.php\/wp-json\/wp\/v2\/posts\/80532\/revisions"}],"wp:featuredmedia":[{"embeddable":true,"href":"https:\/\/politicosaldesnudo.com.mx\/index.php\/wp-json\/wp\/v2\/media\/80533"}],"wp:attachment":[{"href":"https:\/\/politicosaldesnudo.com.mx\/index.php\/wp-json\/wp\/v2\/media?parent=80532"}],"wp:term":[{"taxonomy":"category","embeddable":true,"href":"https:\/\/politicosaldesnudo.com.mx\/index.php\/wp-json\/wp\/v2\/categories?post=80532"},{"taxonomy":"post_tag","embeddable":true,"href":"https:\/\/politicosaldesnudo.com.mx\/index.php\/wp-json\/wp\/v2\/tags?post=80532"}],"curies":[{"name":"wp","href":"https:\/\/api.w.org\/{rel}","templated":true}]}}