{"id":80538,"date":"2026-02-24T00:10:51","date_gmt":"2026-02-24T06:10:51","guid":{"rendered":"https:\/\/politicosaldesnudo.com.mx\/?p=80538"},"modified":"2026-02-23T21:14:11","modified_gmt":"2026-02-24T03:14:11","slug":"incertidumbre-por-seguridad-y-geopolitica-golpea-al-peso-y-a-la-bolsa-mexicana","status":"publish","type":"post","link":"https:\/\/politicosaldesnudo.com.mx\/index.php\/2026\/02\/24\/incertidumbre-por-seguridad-y-geopolitica-golpea-al-peso-y-a-la-bolsa-mexicana\/","title":{"rendered":"Incertidumbre por seguridad y geopol\u00edtica golpea al peso y a la Bolsa Mexicana"},"content":{"rendered":"<p class=\"nota-justify\">El peso mexicano se posicion\u00f3 este lunes como una de las monedas m\u00e1s depreciadas frente al d\u00f3lar a nivel mundial; mientras que los inversionistas castigaron el precio de las acciones de los sectores a\u00e9reo y financiero, principalmente, en el mercado de capitales nacional, lo que evidenci\u00f3 el impacto de la seguridad nacional en los activos financieros mexicanos.<\/p>\n<p class=\"nota-justify\">La divisa mexicana present\u00f3 este lunes una depreciaci\u00f3n diaria de 0.75 por ciento frente a su similar estadunidense, para cerrar en 17.2659 pesos por d\u00f3lar\u00a0<i>spot<\/i>, luego de que el viernes, ante la debilidad del d\u00f3lar, se ubic\u00f3 en 17.1366 unidades por d\u00f3lar en el mercado al mayoreo.<\/p>\n<p class=\"nota-justify\">De acuerdo con datos del Banco de M\u00e9xico, el tipo de cambio oper\u00f3 entre un m\u00e1ximo de 17.2950 unidades y un m\u00ednimo de 17.1670 unidades.<\/p>\n<p class=\"nota-justify\">La debilidad del peso mexicano se da en medio de la ca\u00edda del d\u00f3lar. El \u00edndice DXY, que mide el comportamiento de la moneda estadunidense frente a una canasta de seis divisas internacionales, cay\u00f3 0.07 por ciento, a 97.670 unidades.<\/p>\n<p class=\"nota-justify\">De la mano de Wall Street, que sus tres principales \u00edndices perdieron m\u00e1s de uno por ciento, el \u00cdndice de Precios y Cotizaciones de la Bolsa Mexicana de Valores retrocedi\u00f3 1.12 por ciento, hasta los 70 mil 633.77 puntos.<\/p>\n<p class=\"nota-justify\">El principal \u00edndice accionario mexicano se vio afectado por la importante ca\u00edda del precio de las acciones de los grupos aeroportuarios, as\u00ed como de aerol\u00edneas, empresas financieras y de consumo, principalmente.<\/p>\n<p class=\"nota-justify\">Las acciones de Grupo Aeroportuario del Sureste (Asur) cayeron 3.04 por ciento; Grupo Aeroportuario del Pac\u00edfico (Gap), 5.29 por ciento; Grupo Aeroportuario Centro Norte (Oma), 1.87 por ciento; la aerol\u00ednea Volaris, 6.36 por ciento; Aerom\u00e9xico, 7.33 por ciento. En tanto, Inbursa descendi\u00f3 2.36 por ciento; Banorte, 0.56 por ciento; Alsea, 0.87 por ciento; Arca Continental, 1.96 por ciento.<\/p>\n<p class=\"nota-justify\">\u201cNo se puede negar que los temas de seguridad nacional que tuvieron lugar el fin de semana, impactaron a los activos mexicanos. El peso mexicano fue de las monedas con mayor p\u00e9rdida en la sesi\u00f3n, incluso entre las monedas emergentes, la mayor\u00eda gan\u00f3 frente al d\u00f3lar. En el caso de las aerol\u00edneas y aeropuertos, sus resultados se pueden ver afectados por la cancelaci\u00f3n de vuelos y las alertas de seguridad internacionales, mientras que emisoras de consumo se ver\u00edan afectadas por los disturbios generados en diversas tiendas y cierre de locales\u201d, explic\u00f3 Jacobo Rodr\u00edguez, analista y catedr\u00e1tico de la Universidad Nacional Aut\u00f3noma de M\u00e9xico (UNAM).<\/p>\n<p class=\"nota-justify\">Las ganancias de las mineras, en medio del aumento de los metales, no pudieron contrarrestar el efecto negativo en el mercado accionario mexicano. Pe\u00f1oles avanz\u00f3 3.54 por ciento y Grupo M\u00e9xico cerr\u00f3 tablas.<\/p>\n<p class=\"nota-justify\"><strong>Temor geopol\u00edtico<\/strong><\/p>\n<p class=\"nota-justify\">Lo anterior, en medio de una elevada incertidumbre geopol\u00edtica en Medio Oriente, las pol\u00edticas arancelarias y por el impacto del tema de seguridad nacional.<\/p>\n<p class=\"nota-justify\">Adem\u00e1s, el ultim\u00e1tum a Ir\u00e1n escal\u00f3 el nerviosismo entre los inversionistas, que dispar\u00f3 en un 3.29 por ciento el precio del oro, hasta los 5 mil 247.95 d\u00f3lares la onza; la plata subi\u00f3 6.85 por ciento, a 87.988 d\u00f3lares.<\/p>\n<p class=\"nota-justify\">Donald Trump dio un plazo para ver si lanza golpes limitados contra objetivos nucleares iran\u00edes. Los precios del petr\u00f3leo terminaron el lunes con una leve baja a la espera de nuevas conversaciones entre Washington y Teher\u00e1n sobre el programa nuclear iran\u00ed, aunque los inversionistas se mantienen en alerta ante el riesgo de una escalada.<\/p>\n<p class=\"nota-justify\">El precio del barril de Brent del mar del Norte, para entrega en abril, cedi\u00f3 0.38 por ciento, hasta los 71.49 d\u00f3lares. Su equivalente estadunidense, el West Texas Intermediate con plazo para el mismo mes, perdi\u00f3 0.26 por ciento, hasta los 66.31 d\u00f3lares.<\/p>\n<p class=\"nota-justify\">El S&amp;P 500 perdi\u00f3 1.04 por ciento, para colocarse en los 6 mil 837.75 puntos. El Nasdaq cedi\u00f3 1.13 por ciento, a los 22 mil 627.27 unidades y el Dow Jones, 1.66 por ciento, a 48 mil 804.06 enteros.<\/p>\n<p class=\"nota-justify\">La incertidumbre y la demanda de claridad que han expresado los principales socios comerciales de Estados Unidos tras el fallo de la Suprema Corte en contra de los aranceles impulsados por el presidente a lo largo de 2025, afect\u00f3 al mercado; toda vez que\u00a0\u00a0Anthropic, la empresa desarrolladora del modelo de inteligencia artificial Claude, contin\u00faa ampliando su frontera de innovaci\u00f3n y desafiando los modelos de negocio de\u00a0<i>software<\/i>, consultor\u00eda y medios de pago, describi\u00f3 Actinver.<\/p>\n","protected":false},"excerpt":{"rendered":"<p>El peso mexicano se posicion\u00f3 este lunes como una de las monedas m\u00e1s depreciadas frente al d\u00f3lar a nivel mundial; [&hellip;]<\/p>\n","protected":false},"author":4,"featured_media":80539,"comment_status":"closed","ping_status":"closed","sticky":false,"template":"","format":"standard","meta":{"site-sidebar-layout":"default","site-content-layout":"","ast-site-content-layout":"default","site-content-style":"default","site-sidebar-style":"default","ast-global-header-display":"","ast-banner-title-visibility":"","ast-main-header-display":"","ast-hfb-above-header-display":"","ast-hfb-below-header-display":"","ast-hfb-mobile-header-display":"","site-post-title":"","ast-breadcrumbs-content":"","ast-featured-img":"","footer-sml-layout":"","ast-disable-related-posts":"","theme-transparent-header-meta":"","adv-header-id-meta":"","stick-header-meta":"","header-above-stick-meta":"","header-main-stick-meta":"","header-below-stick-meta":"","astra-migrate-meta-layouts":"default","ast-page-background-enabled":"default","ast-page-background-meta":{"desktop":{"background-color":"var(--ast-global-color-5)","background-image":"","background-repeat":"repeat","background-position":"center center","background-size":"auto","background-attachment":"scroll","background-type":"","background-media":"","overlay-type":"","overlay-color":"","overlay-opacity":"","overlay-gradient":""},"tablet":{"background-color":"","background-image":"","background-repeat":"repeat","background-position":"center center","background-size":"auto","background-attachment":"scroll","background-type":"","background-media":"","overlay-type":"","overlay-color":"","overlay-opacity":"","overlay-gradient":""},"mobile":{"background-color":"","background-image":"","background-repeat":"repeat","background-position":"center center","background-size":"auto","background-attachment":"scroll","background-type":"","background-media":"","overlay-type":"","overlay-color":"","overlay-opacity":"","overlay-gradient":""}},"ast-content-background-meta":{"desktop":{"background-color":"var(--ast-global-color-4)","background-image":"","background-repeat":"repeat","background-position":"center center","background-size":"auto","background-attachment":"scroll","background-type":"","background-media":"","overlay-type":"","overlay-color":"","overlay-opacity":"","overlay-gradient":""},"tablet":{"background-color":"var(--ast-global-color-4)","background-image":"","background-repeat":"repeat","background-position":"center center","background-size":"auto","background-attachment":"scroll","background-type":"","background-media":"","overlay-type":"","overlay-color":"","overlay-opacity":"","overlay-gradient":""},"mobile":{"background-color":"var(--ast-global-color-4)","background-image":"","background-repeat":"repeat","background-position":"center center","background-size":"auto","background-attachment":"scroll","background-type":"","background-media":"","overlay-type":"","overlay-color":"","overlay-opacity":"","overlay-gradient":""}},"_jetpack_newsletter_access":"","_jetpack_dont_email_post_to_subs":false,"_jetpack_newsletter_tier_id":0,"_jetpack_memberships_contains_paywalled_content":false,"_jetpack_feature_clip_id":0,"_jetpack_memberships_contains_paid_content":false,"footnotes":"","jetpack_publicize_message":"","jetpack_publicize_feature_enabled":true,"jetpack_social_post_already_shared":true,"jetpack_social_options":{"image_generator_settings":{"template":"highway","default_image_id":0,"font":"","enabled":false},"version":2},"jetpack_post_was_ever_published":false},"categories":[2050],"tags":[],"class_list":["post-80538","post","type-post","status-publish","format-standard","has-post-thumbnail","hentry","category-economia"],"yoast_head":"<!-- This site is optimized with the Yoast SEO plugin v28.3 - https:\/\/yoast.com\/product\/yoast-seo-wordpress\/ -->\n<title>Incertidumbre por seguridad y geopol\u00edtica golpea al peso y a la Bolsa Mexicana - Pol\u00edticos al Desnudo<\/title>\n<meta name=\"robots\" content=\"index, follow, max-snippet:-1, max-image-preview:large, max-video-preview:-1\" \/>\n<link rel=\"canonical\" href=\"https:\/\/politicosaldesnudo.com.mx\/index.php\/2026\/02\/24\/incertidumbre-por-seguridad-y-geopolitica-golpea-al-peso-y-a-la-bolsa-mexicana\/\" \/>\n<meta property=\"og:locale\" content=\"es_ES\" \/>\n<meta property=\"og:type\" content=\"article\" \/>\n<meta property=\"og:title\" content=\"Incertidumbre por seguridad y geopol\u00edtica golpea al peso y a la Bolsa Mexicana - Pol\u00edticos al Desnudo\" \/>\n<meta property=\"og:description\" content=\"El peso mexicano se posicion\u00f3 este lunes como una de las monedas m\u00e1s depreciadas frente al d\u00f3lar a nivel mundial; [&hellip;]\" \/>\n<meta property=\"og:url\" content=\"https:\/\/politicosaldesnudo.com.mx\/index.php\/2026\/02\/24\/incertidumbre-por-seguridad-y-geopolitica-golpea-al-peso-y-a-la-bolsa-mexicana\/\" \/>\n<meta property=\"og:site_name\" content=\"Pol\u00edticos al Desnudo\" \/>\n<meta property=\"article:publisher\" content=\"https:\/\/www.facebook.com\/PoliticosAD\" \/>\n<meta property=\"article:published_time\" content=\"2026-02-24T06:10:51+00:00\" \/>\n<meta property=\"og:image\" content=\"https:\/\/i0.wp.com\/politicosaldesnudo.com.mx\/wp-content\/uploads\/2026\/02\/ECOBI.jpg?fit=1200%2C796&ssl=1\" \/>\n\t<meta property=\"og:image:width\" content=\"1200\" \/>\n\t<meta property=\"og:image:height\" content=\"796\" \/>\n\t<meta property=\"og:image:type\" content=\"image\/jpeg\" \/>\n<meta name=\"author\" content=\"Redacci\u00f3n Pol\u00edticos\" \/>\n<meta name=\"twitter:card\" content=\"summary_large_image\" \/>\n<meta name=\"twitter:label1\" content=\"Escrito por\" \/>\n\t<meta name=\"twitter:data1\" content=\"Redacci\u00f3n Pol\u00edticos\" \/>\n\t<meta name=\"twitter:label2\" content=\"Tiempo de lectura\" \/>\n\t<meta name=\"twitter:data2\" content=\"4 minutos\" \/>\n<script type=\"application\/ld+json\" class=\"yoast-schema-graph\">{\"@context\":\"https:\\\/\\\/schema.org\",\"@graph\":[{\"@type\":\"Article\",\"@id\":\"https:\\\/\\\/politicosaldesnudo.com.mx\\\/index.php\\\/2026\\\/02\\\/24\\\/incertidumbre-por-seguridad-y-geopolitica-golpea-al-peso-y-a-la-bolsa-mexicana\\\/#article\",\"isPartOf\":{\"@id\":\"https:\\\/\\\/politicosaldesnudo.com.mx\\\/index.php\\\/2026\\\/02\\\/24\\\/incertidumbre-por-seguridad-y-geopolitica-golpea-al-peso-y-a-la-bolsa-mexicana\\\/\"},\"author\":{\"name\":\"Redacci\u00f3n Pol\u00edticos\",\"@id\":\"https:\\\/\\\/politicosaldesnudo.com.mx\\\/#\\\/schema\\\/person\\\/ef3a64e561cc3f3f5dc52fab81adde7e\"},\"headline\":\"Incertidumbre por seguridad y geopol\u00edtica golpea al peso y a la Bolsa Mexicana\",\"datePublished\":\"2026-02-24T06:10:51+00:00\",\"mainEntityOfPage\":{\"@id\":\"https:\\\/\\\/politicosaldesnudo.com.mx\\\/index.php\\\/2026\\\/02\\\/24\\\/incertidumbre-por-seguridad-y-geopolitica-golpea-al-peso-y-a-la-bolsa-mexicana\\\/\"},\"wordCount\":734,\"publisher\":{\"@id\":\"https:\\\/\\\/politicosaldesnudo.com.mx\\\/#organization\"},\"image\":{\"@id\":\"https:\\\/\\\/politicosaldesnudo.com.mx\\\/index.php\\\/2026\\\/02\\\/24\\\/incertidumbre-por-seguridad-y-geopolitica-golpea-al-peso-y-a-la-bolsa-mexicana\\\/#primaryimage\"},\"thumbnailUrl\":\"https:\\\/\\\/i0.wp.com\\\/politicosaldesnudo.com.mx\\\/wp-content\\\/uploads\\\/2026\\\/02\\\/ECOBI.jpg?fit=1200%2C796&ssl=1\",\"articleSection\":[\"ECONOM\u00cdA\"],\"inLanguage\":\"es\"},{\"@type\":\"WebPage\",\"@id\":\"https:\\\/\\\/politicosaldesnudo.com.mx\\\/index.php\\\/2026\\\/02\\\/24\\\/incertidumbre-por-seguridad-y-geopolitica-golpea-al-peso-y-a-la-bolsa-mexicana\\\/\",\"url\":\"https:\\\/\\\/politicosaldesnudo.com.mx\\\/index.php\\\/2026\\\/02\\\/24\\\/incertidumbre-por-seguridad-y-geopolitica-golpea-al-peso-y-a-la-bolsa-mexicana\\\/\",\"name\":\"Incertidumbre por seguridad y geopol\u00edtica golpea al peso y a la Bolsa Mexicana - Pol\u00edticos al Desnudo\",\"isPartOf\":{\"@id\":\"https:\\\/\\\/politicosaldesnudo.com.mx\\\/#website\"},\"primaryImageOfPage\":{\"@id\":\"https:\\\/\\\/politicosaldesnudo.com.mx\\\/index.php\\\/2026\\\/02\\\/24\\\/incertidumbre-por-seguridad-y-geopolitica-golpea-al-peso-y-a-la-bolsa-mexicana\\\/#primaryimage\"},\"image\":{\"@id\":\"https:\\\/\\\/politicosaldesnudo.com.mx\\\/index.php\\\/2026\\\/02\\\/24\\\/incertidumbre-por-seguridad-y-geopolitica-golpea-al-peso-y-a-la-bolsa-mexicana\\\/#primaryimage\"},\"thumbnailUrl\":\"https:\\\/\\\/i0.wp.com\\\/politicosaldesnudo.com.mx\\\/wp-content\\\/uploads\\\/2026\\\/02\\\/ECOBI.jpg?fit=1200%2C796&ssl=1\",\"datePublished\":\"2026-02-24T06:10:51+00:00\",\"breadcrumb\":{\"@id\":\"https:\\\/\\\/politicosaldesnudo.com.mx\\\/index.php\\\/2026\\\/02\\\/24\\\/incertidumbre-por-seguridad-y-geopolitica-golpea-al-peso-y-a-la-bolsa-mexicana\\\/#breadcrumb\"},\"inLanguage\":\"es\",\"potentialAction\":[{\"@type\":\"ReadAction\",\"target\":[\"https:\\\/\\\/politicosaldesnudo.com.mx\\\/index.php\\\/2026\\\/02\\\/24\\\/incertidumbre-por-seguridad-y-geopolitica-golpea-al-peso-y-a-la-bolsa-mexicana\\\/\"]}]},{\"@type\":\"ImageObject\",\"inLanguage\":\"es\",\"@id\":\"https:\\\/\\\/politicosaldesnudo.com.mx\\\/index.php\\\/2026\\\/02\\\/24\\\/incertidumbre-por-seguridad-y-geopolitica-golpea-al-peso-y-a-la-bolsa-mexicana\\\/#primaryimage\",\"url\":\"https:\\\/\\\/i0.wp.com\\\/politicosaldesnudo.com.mx\\\/wp-content\\\/uploads\\\/2026\\\/02\\\/ECOBI.jpg?fit=1200%2C796&ssl=1\",\"contentUrl\":\"https:\\\/\\\/i0.wp.com\\\/politicosaldesnudo.com.mx\\\/wp-content\\\/uploads\\\/2026\\\/02\\\/ECOBI.jpg?fit=1200%2C796&ssl=1\",\"width\":1200,\"height\":796},{\"@type\":\"BreadcrumbList\",\"@id\":\"https:\\\/\\\/politicosaldesnudo.com.mx\\\/index.php\\\/2026\\\/02\\\/24\\\/incertidumbre-por-seguridad-y-geopolitica-golpea-al-peso-y-a-la-bolsa-mexicana\\\/#breadcrumb\",\"itemListElement\":[{\"@type\":\"ListItem\",\"position\":1,\"name\":\"Portada\",\"item\":\"https:\\\/\\\/politicosaldesnudo.com.mx\\\/\"},{\"@type\":\"ListItem\",\"position\":2,\"name\":\"Incertidumbre por seguridad y geopol\u00edtica golpea al peso y a la Bolsa Mexicana\"}]},{\"@type\":\"WebSite\",\"@id\":\"https:\\\/\\\/politicosaldesnudo.com.mx\\\/#website\",\"url\":\"https:\\\/\\\/politicosaldesnudo.com.mx\\\/\",\"name\":\"Pol\u00edticos al Desnudo\",\"description\":\"\",\"publisher\":{\"@id\":\"https:\\\/\\\/politicosaldesnudo.com.mx\\\/#organization\"},\"potentialAction\":[{\"@type\":\"SearchAction\",\"target\":{\"@type\":\"EntryPoint\",\"urlTemplate\":\"https:\\\/\\\/politicosaldesnudo.com.mx\\\/?s={search_term_string}\"},\"query-input\":{\"@type\":\"PropertyValueSpecification\",\"valueRequired\":true,\"valueName\":\"search_term_string\"}}],\"inLanguage\":\"es\"},{\"@type\":\"Organization\",\"@id\":\"https:\\\/\\\/politicosaldesnudo.com.mx\\\/#organization\",\"name\":\"Pol\u00edticos al Desnudo\",\"url\":\"https:\\\/\\\/politicosaldesnudo.com.mx\\\/\",\"logo\":{\"@type\":\"ImageObject\",\"inLanguage\":\"es\",\"@id\":\"https:\\\/\\\/politicosaldesnudo.com.mx\\\/#\\\/schema\\\/logo\\\/image\\\/\",\"url\":\"https:\\\/\\\/i0.wp.com\\\/politicosaldesnudo.com.mx\\\/wp-content\\\/uploads\\\/2026\\\/08\\\/cropped-logo.webp?fit=400%2C126&ssl=1\",\"contentUrl\":\"https:\\\/\\\/i0.wp.com\\\/politicosaldesnudo.com.mx\\\/wp-content\\\/uploads\\\/2026\\\/08\\\/cropped-logo.webp?fit=400%2C126&ssl=1\",\"width\":400,\"height\":126,\"caption\":\"Pol\u00edticos al Desnudo\"},\"image\":{\"@id\":\"https:\\\/\\\/politicosaldesnudo.com.mx\\\/#\\\/schema\\\/logo\\\/image\\\/\"},\"sameAs\":[\"https:\\\/\\\/www.facebook.com\\\/PoliticosAD\"]},{\"@type\":\"Person\",\"@id\":\"https:\\\/\\\/politicosaldesnudo.com.mx\\\/#\\\/schema\\\/person\\\/ef3a64e561cc3f3f5dc52fab81adde7e\",\"name\":\"Redacci\u00f3n Pol\u00edticos\",\"url\":\"https:\\\/\\\/politicosaldesnudo.com.mx\\\/index.php\\\/author\\\/redaccion-politicos\\\/\"}]}<\/script>\n<!-- \/ Yoast SEO plugin. -->","yoast_head_json":{"title":"Incertidumbre por seguridad y geopol\u00edtica golpea al peso y a la Bolsa Mexicana - Pol\u00edticos al Desnudo","robots":{"index":"index","follow":"follow","max-snippet":"max-snippet:-1","max-image-preview":"max-image-preview:large","max-video-preview":"max-video-preview:-1"},"canonical":"https:\/\/politicosaldesnudo.com.mx\/index.php\/2026\/02\/24\/incertidumbre-por-seguridad-y-geopolitica-golpea-al-peso-y-a-la-bolsa-mexicana\/","og_locale":"es_ES","og_type":"article","og_title":"Incertidumbre por seguridad y geopol\u00edtica golpea al peso y a la Bolsa Mexicana - Pol\u00edticos al Desnudo","og_description":"El peso mexicano se posicion\u00f3 este lunes como una de las monedas m\u00e1s depreciadas frente al d\u00f3lar a nivel mundial; [&hellip;]","og_url":"https:\/\/politicosaldesnudo.com.mx\/index.php\/2026\/02\/24\/incertidumbre-por-seguridad-y-geopolitica-golpea-al-peso-y-a-la-bolsa-mexicana\/","og_site_name":"Pol\u00edticos al Desnudo","article_publisher":"https:\/\/www.facebook.com\/PoliticosAD","article_published_time":"2026-02-24T06:10:51+00:00","og_image":[{"width":1200,"height":796,"url":"https:\/\/i0.wp.com\/politicosaldesnudo.com.mx\/wp-content\/uploads\/2026\/02\/ECOBI.jpg?fit=1200%2C796&ssl=1","type":"image\/jpeg"}],"author":"Redacci\u00f3n Pol\u00edticos","twitter_card":"summary_large_image","twitter_misc":{"Escrito por":"Redacci\u00f3n Pol\u00edticos","Tiempo de lectura":"4 minutos"},"schema":{"@context":"https:\/\/schema.org","@graph":[{"@type":"Article","@id":"https:\/\/politicosaldesnudo.com.mx\/index.php\/2026\/02\/24\/incertidumbre-por-seguridad-y-geopolitica-golpea-al-peso-y-a-la-bolsa-mexicana\/#article","isPartOf":{"@id":"https:\/\/politicosaldesnudo.com.mx\/index.php\/2026\/02\/24\/incertidumbre-por-seguridad-y-geopolitica-golpea-al-peso-y-a-la-bolsa-mexicana\/"},"author":{"name":"Redacci\u00f3n Pol\u00edticos","@id":"https:\/\/politicosaldesnudo.com.mx\/#\/schema\/person\/ef3a64e561cc3f3f5dc52fab81adde7e"},"headline":"Incertidumbre por seguridad y geopol\u00edtica golpea al peso y a la Bolsa Mexicana","datePublished":"2026-02-24T06:10:51+00:00","mainEntityOfPage":{"@id":"https:\/\/politicosaldesnudo.com.mx\/index.php\/2026\/02\/24\/incertidumbre-por-seguridad-y-geopolitica-golpea-al-peso-y-a-la-bolsa-mexicana\/"},"wordCount":734,"publisher":{"@id":"https:\/\/politicosaldesnudo.com.mx\/#organization"},"image":{"@id":"https:\/\/politicosaldesnudo.com.mx\/index.php\/2026\/02\/24\/incertidumbre-por-seguridad-y-geopolitica-golpea-al-peso-y-a-la-bolsa-mexicana\/#primaryimage"},"thumbnailUrl":"https:\/\/i0.wp.com\/politicosaldesnudo.com.mx\/wp-content\/uploads\/2026\/02\/ECOBI.jpg?fit=1200%2C796&ssl=1","articleSection":["ECONOM\u00cdA"],"inLanguage":"es"},{"@type":"WebPage","@id":"https:\/\/politicosaldesnudo.com.mx\/index.php\/2026\/02\/24\/incertidumbre-por-seguridad-y-geopolitica-golpea-al-peso-y-a-la-bolsa-mexicana\/","url":"https:\/\/politicosaldesnudo.com.mx\/index.php\/2026\/02\/24\/incertidumbre-por-seguridad-y-geopolitica-golpea-al-peso-y-a-la-bolsa-mexicana\/","name":"Incertidumbre por seguridad y geopol\u00edtica golpea al peso y a la Bolsa Mexicana - Pol\u00edticos al Desnudo","isPartOf":{"@id":"https:\/\/politicosaldesnudo.com.mx\/#website"},"primaryImageOfPage":{"@id":"https:\/\/politicosaldesnudo.com.mx\/index.php\/2026\/02\/24\/incertidumbre-por-seguridad-y-geopolitica-golpea-al-peso-y-a-la-bolsa-mexicana\/#primaryimage"},"image":{"@id":"https:\/\/politicosaldesnudo.com.mx\/index.php\/2026\/02\/24\/incertidumbre-por-seguridad-y-geopolitica-golpea-al-peso-y-a-la-bolsa-mexicana\/#primaryimage"},"thumbnailUrl":"https:\/\/i0.wp.com\/politicosaldesnudo.com.mx\/wp-content\/uploads\/2026\/02\/ECOBI.jpg?fit=1200%2C796&ssl=1","datePublished":"2026-02-24T06:10:51+00:00","breadcrumb":{"@id":"https:\/\/politicosaldesnudo.com.mx\/index.php\/2026\/02\/24\/incertidumbre-por-seguridad-y-geopolitica-golpea-al-peso-y-a-la-bolsa-mexicana\/#breadcrumb"},"inLanguage":"es","potentialAction":[{"@type":"ReadAction","target":["https:\/\/politicosaldesnudo.com.mx\/index.php\/2026\/02\/24\/incertidumbre-por-seguridad-y-geopolitica-golpea-al-peso-y-a-la-bolsa-mexicana\/"]}]},{"@type":"ImageObject","inLanguage":"es","@id":"https:\/\/politicosaldesnudo.com.mx\/index.php\/2026\/02\/24\/incertidumbre-por-seguridad-y-geopolitica-golpea-al-peso-y-a-la-bolsa-mexicana\/#primaryimage","url":"https:\/\/i0.wp.com\/politicosaldesnudo.com.mx\/wp-content\/uploads\/2026\/02\/ECOBI.jpg?fit=1200%2C796&ssl=1","contentUrl":"https:\/\/i0.wp.com\/politicosaldesnudo.com.mx\/wp-content\/uploads\/2026\/02\/ECOBI.jpg?fit=1200%2C796&ssl=1","width":1200,"height":796},{"@type":"BreadcrumbList","@id":"https:\/\/politicosaldesnudo.com.mx\/index.php\/2026\/02\/24\/incertidumbre-por-seguridad-y-geopolitica-golpea-al-peso-y-a-la-bolsa-mexicana\/#breadcrumb","itemListElement":[{"@type":"ListItem","position":1,"name":"Portada","item":"https:\/\/politicosaldesnudo.com.mx\/"},{"@type":"ListItem","position":2,"name":"Incertidumbre por seguridad y geopol\u00edtica golpea al peso y a la Bolsa Mexicana"}]},{"@type":"WebSite","@id":"https:\/\/politicosaldesnudo.com.mx\/#website","url":"https:\/\/politicosaldesnudo.com.mx\/","name":"Pol\u00edticos al Desnudo","description":"","publisher":{"@id":"https:\/\/politicosaldesnudo.com.mx\/#organization"},"potentialAction":[{"@type":"SearchAction","target":{"@type":"EntryPoint","urlTemplate":"https:\/\/politicosaldesnudo.com.mx\/?s={search_term_string}"},"query-input":{"@type":"PropertyValueSpecification","valueRequired":true,"valueName":"search_term_string"}}],"inLanguage":"es"},{"@type":"Organization","@id":"https:\/\/politicosaldesnudo.com.mx\/#organization","name":"Pol\u00edticos al Desnudo","url":"https:\/\/politicosaldesnudo.com.mx\/","logo":{"@type":"ImageObject","inLanguage":"es","@id":"https:\/\/politicosaldesnudo.com.mx\/#\/schema\/logo\/image\/","url":"https:\/\/i0.wp.com\/politicosaldesnudo.com.mx\/wp-content\/uploads\/2026\/08\/cropped-logo.webp?fit=400%2C126&ssl=1","contentUrl":"https:\/\/i0.wp.com\/politicosaldesnudo.com.mx\/wp-content\/uploads\/2026\/08\/cropped-logo.webp?fit=400%2C126&ssl=1","width":400,"height":126,"caption":"Pol\u00edticos al Desnudo"},"image":{"@id":"https:\/\/politicosaldesnudo.com.mx\/#\/schema\/logo\/image\/"},"sameAs":["https:\/\/www.facebook.com\/PoliticosAD"]},{"@type":"Person","@id":"https:\/\/politicosaldesnudo.com.mx\/#\/schema\/person\/ef3a64e561cc3f3f5dc52fab81adde7e","name":"Redacci\u00f3n Pol\u00edticos","url":"https:\/\/politicosaldesnudo.com.mx\/index.php\/author\/redaccion-politicos\/"}]}},"jetpack_publicize_connections":[],"jetpack-related-posts":[{"id":88169,"url":"https:\/\/politicosaldesnudo.com.mx\/index.php\/2026\/08\/29\/sheinbaum-destaca-cinco-senales-positivas-de-la-economia-mexicana-rumbo-a-su-segundo-informe\/","url_meta":{"origin":80538,"position":0},"title":"Sheinbaum destaca cinco se\u00f1ales positivas de la econom\u00eda mexicana rumbo a su Segundo Informe","author":"Redacci\u00f3n Pol\u00edticos","date":"29 de agosto de 2026","format":false,"excerpt":"La presidenta Claudia Sheinbaum present\u00f3 un balance sobre la situaci\u00f3n econ\u00f3mica del pa\u00eds, en el que resalt\u00f3 el comportamiento de los combustibles, el empleo, los salarios, la inflaci\u00f3n y la inversi\u00f3n extranjera. A trav\u00e9s de un mensaje difundido en sus redes sociales, la mandataria asegur\u00f3 que durante su administraci\u00f3n se\u2026","rel":"","context":"En \u00abNACIONAL\u00bb","block_context":{"text":"NACIONAL","link":"https:\/\/politicosaldesnudo.com.mx\/index.php\/category\/nacional\/"},"img":{"alt_text":"","src":"https:\/\/i0.wp.com\/politicosaldesnudo.com.mx\/wp-content\/uploads\/2026\/08\/SHIN.png?fit=1200%2C673&ssl=1&resize=350%2C200","width":350,"height":200,"srcset":"https:\/\/i0.wp.com\/politicosaldesnudo.com.mx\/wp-content\/uploads\/2026\/08\/SHIN.png?fit=1200%2C673&ssl=1&resize=350%2C200 1x, https:\/\/i0.wp.com\/politicosaldesnudo.com.mx\/wp-content\/uploads\/2026\/08\/SHIN.png?fit=1200%2C673&ssl=1&resize=525%2C300 1.5x, https:\/\/i0.wp.com\/politicosaldesnudo.com.mx\/wp-content\/uploads\/2026\/08\/SHIN.png?fit=1200%2C673&ssl=1&resize=700%2C400 2x, https:\/\/i0.wp.com\/politicosaldesnudo.com.mx\/wp-content\/uploads\/2026\/08\/SHIN.png?fit=1200%2C673&ssl=1&resize=1050%2C600 3x"},"classes":[]},{"id":87385,"url":"https:\/\/politicosaldesnudo.com.mx\/index.php\/2026\/07\/31\/cfe-obtuvo-ganancias-por-48-mil-mdp-en-el-segundo-trimestre-de-2026\/","url_meta":{"origin":80538,"position":1},"title":"CFE obtuvo ganancias por 48 mil mdp en el segundo trimestre de 2026","author":"Redacci\u00f3n Pol\u00edticos","date":"31 de julio de 2026","format":false,"excerpt":"La Comisi\u00f3n Federal de Electricidad (CFE) obtuvo ganancias por 48 mil 025 millones de pesos en el segundo trimestre de 2026, monto que revierte parte de las p\u00e9rdidas reportadas en los tres primeros meses del a\u00f1o, de acuerdo con el reporte enviado este jueves por la empresa a la Bolsa\u2026","rel":"","context":"En \u00abECONOM\u00cdA\u00bb","block_context":{"text":"ECONOM\u00cdA","link":"https:\/\/politicosaldesnudo.com.mx\/index.php\/category\/economia\/"},"img":{"alt_text":"","src":"https:\/\/i0.wp.com\/politicosaldesnudo.com.mx\/wp-content\/uploads\/2026\/07\/ALAC.webp?fit=1200%2C741&ssl=1&resize=350%2C200","width":350,"height":200,"srcset":"https:\/\/i0.wp.com\/politicosaldesnudo.com.mx\/wp-content\/uploads\/2026\/07\/ALAC.webp?fit=1200%2C741&ssl=1&resize=350%2C200 1x, https:\/\/i0.wp.com\/politicosaldesnudo.com.mx\/wp-content\/uploads\/2026\/07\/ALAC.webp?fit=1200%2C741&ssl=1&resize=525%2C300 1.5x, https:\/\/i0.wp.com\/politicosaldesnudo.com.mx\/wp-content\/uploads\/2026\/07\/ALAC.webp?fit=1200%2C741&ssl=1&resize=700%2C400 2x, https:\/\/i0.wp.com\/politicosaldesnudo.com.mx\/wp-content\/uploads\/2026\/07\/ALAC.webp?fit=1200%2C741&ssl=1&resize=1050%2C600 3x"},"classes":[]},{"id":88128,"url":"https:\/\/politicosaldesnudo.com.mx\/index.php\/2026\/08\/28\/sheinbaum-presume-avances-en-economia-y-seguridad-previo-a-su-segundo-informe\/","url_meta":{"origin":80538,"position":2},"title":"Sheinbaum presume avances en econom\u00eda y seguridad previo a su Segundo Informe","author":"Redacci\u00f3n Pol\u00edticos","date":"28 de agosto de 2026","format":false,"excerpt":"A cuatro d\u00edas de presentar su Segundo Informe de Gobierno, la presidenta Claudia Sheinbaum Pardo asegur\u00f3 que M\u00e9xico mantiene un rumbo favorable, pese a las dificultades internas y al complejo panorama internacional. Durante su conferencia matutina en Palacio Nacional, la mandataria se mostr\u00f3 confiada en los resultados alcanzados por su\u2026","rel":"","context":"En \u00abNACIONAL\u00bb","block_context":{"text":"NACIONAL","link":"https:\/\/politicosaldesnudo.com.mx\/index.php\/category\/nacional\/"},"img":{"alt_text":"","src":"https:\/\/i0.wp.com\/politicosaldesnudo.com.mx\/wp-content\/uploads\/2026\/08\/claudia-sheinbaum-mananera-28-agosto-2026.jpg?fit=1200%2C800&ssl=1&resize=350%2C200","width":350,"height":200,"srcset":"https:\/\/i0.wp.com\/politicosaldesnudo.com.mx\/wp-content\/uploads\/2026\/08\/claudia-sheinbaum-mananera-28-agosto-2026.jpg?fit=1200%2C800&ssl=1&resize=350%2C200 1x, https:\/\/i0.wp.com\/politicosaldesnudo.com.mx\/wp-content\/uploads\/2026\/08\/claudia-sheinbaum-mananera-28-agosto-2026.jpg?fit=1200%2C800&ssl=1&resize=525%2C300 1.5x, https:\/\/i0.wp.com\/politicosaldesnudo.com.mx\/wp-content\/uploads\/2026\/08\/claudia-sheinbaum-mananera-28-agosto-2026.jpg?fit=1200%2C800&ssl=1&resize=700%2C400 2x, https:\/\/i0.wp.com\/politicosaldesnudo.com.mx\/wp-content\/uploads\/2026\/08\/claudia-sheinbaum-mananera-28-agosto-2026.jpg?fit=1200%2C800&ssl=1&resize=1050%2C600 3x"},"classes":[]},{"id":87896,"url":"https:\/\/politicosaldesnudo.com.mx\/index.php\/2026\/08\/19\/corte-proyecta-146-mdp-para-seguros-privados-sheinbaum-exige-que-ministros-los-paguen-de-su-bolsillo\/","url_meta":{"origin":80538,"position":3},"title":"Corte proyecta 146 mdp para seguros privados; Sheinbaum exige que ministros los paguen de su bolsillo","author":"Redacci\u00f3n Pol\u00edticos","date":"19 de agosto de 2026","format":false,"excerpt":"El proyecto de gasto de la Suprema Corte de Justicia de la Naci\u00f3n (SCJN) para 2027 abri\u00f3 un nuevo choque con el Gobierno federal. La raz\u00f3n es una partida cercana a los 146 millones de pesos que permitir\u00eda devolver el seguro de gastos m\u00e9dicos mayores a m\u00e1s de 300 funcionarios\u2026","rel":"","context":"En \u00abNACIONAL\u00bb","block_context":{"text":"NACIONAL","link":"https:\/\/politicosaldesnudo.com.mx\/index.php\/category\/nacional\/"},"img":{"alt_text":"","src":"https:\/\/i0.wp.com\/politicosaldesnudo.com.mx\/wp-content\/uploads\/2026\/08\/corte.jpg?fit=1200%2C675&ssl=1&resize=350%2C200","width":350,"height":200,"srcset":"https:\/\/i0.wp.com\/politicosaldesnudo.com.mx\/wp-content\/uploads\/2026\/08\/corte.jpg?fit=1200%2C675&ssl=1&resize=350%2C200 1x, https:\/\/i0.wp.com\/politicosaldesnudo.com.mx\/wp-content\/uploads\/2026\/08\/corte.jpg?fit=1200%2C675&ssl=1&resize=525%2C300 1.5x, https:\/\/i0.wp.com\/politicosaldesnudo.com.mx\/wp-content\/uploads\/2026\/08\/corte.jpg?fit=1200%2C675&ssl=1&resize=700%2C400 2x, https:\/\/i0.wp.com\/politicosaldesnudo.com.mx\/wp-content\/uploads\/2026\/08\/corte.jpg?fit=1200%2C675&ssl=1&resize=1050%2C600 3x"},"classes":[]},{"id":87973,"url":"https:\/\/politicosaldesnudo.com.mx\/index.php\/2026\/08\/22\/canada-desafia-a-trump-y-prepara-represalias-comerciales-contra-estados-unidos\/","url_meta":{"origin":80538,"position":4},"title":"Canad\u00e1 desaf\u00eda a Trump y prepara represalias comerciales contra Estados Unidos","author":"Redacci\u00f3n Pol\u00edticos","date":"22 de agosto de 2026","format":false,"excerpt":"La tensi\u00f3n comercial entre Canad\u00e1 y Estados Unidos escal\u00f3 despu\u00e9s de que ambos gobiernos fracasaran en su intento por alcanzar un acuerdo. Ottawa anunci\u00f3 que responder\u00e1 con nuevos aranceles a mercanc\u00edas estadounidenses a partir del pr\u00f3ximo 8 de septiembre. El primer ministro canadiense, Mark Carney, inform\u00f3 que las medidas alcanzar\u00e1n\u2026","rel":"","context":"En \u00abINTERNACIONAL\u00bb","block_context":{"text":"INTERNACIONAL","link":"https:\/\/politicosaldesnudo.com.mx\/index.php\/category\/internacional\/"},"img":{"alt_text":"","src":"https:\/\/i0.wp.com\/politicosaldesnudo.com.mx\/wp-content\/uploads\/2026\/08\/7e33f41a-155c-4331-9834-f6b40b230a80.png?fit=1200%2C675&ssl=1&resize=350%2C200","width":350,"height":200,"srcset":"https:\/\/i0.wp.com\/politicosaldesnudo.com.mx\/wp-content\/uploads\/2026\/08\/7e33f41a-155c-4331-9834-f6b40b230a80.png?fit=1200%2C675&ssl=1&resize=350%2C200 1x, https:\/\/i0.wp.com\/politicosaldesnudo.com.mx\/wp-content\/uploads\/2026\/08\/7e33f41a-155c-4331-9834-f6b40b230a80.png?fit=1200%2C675&ssl=1&resize=525%2C300 1.5x, https:\/\/i0.wp.com\/politicosaldesnudo.com.mx\/wp-content\/uploads\/2026\/08\/7e33f41a-155c-4331-9834-f6b40b230a80.png?fit=1200%2C675&ssl=1&resize=700%2C400 2x, https:\/\/i0.wp.com\/politicosaldesnudo.com.mx\/wp-content\/uploads\/2026\/08\/7e33f41a-155c-4331-9834-f6b40b230a80.png?fit=1200%2C675&ssl=1&resize=1050%2C600 3x"},"classes":[]},{"id":88007,"url":"https:\/\/politicosaldesnudo.com.mx\/index.php\/2026\/08\/23\/dea-lanza-grave-acusacion-funcionarios-mexicanos-de-alto-nivel-trabajan-con-los-carteles\/","url_meta":{"origin":80538,"position":5},"title":"DEA lanza grave acusaci\u00f3n: funcionarios mexicanos de alto nivel trabajan con los c\u00e1rteles","author":"Redacci\u00f3n Pol\u00edticos","date":"23 de agosto de 2026","format":false,"excerpt":"El director de la Administraci\u00f3n para el Control de Drogas de Estados Unidos (DEA), Terry Cole, afirm\u00f3 que servidores p\u00fablicos mexicanos de alto nivel presuntamente mantienen v\u00ednculos directos con organizaciones del narcotr\u00e1fico. Durante una entrevista con N+, el funcionario estadounidense asegur\u00f3 que investigaciones recientes han permitido identificar casos de corrupci\u00f3n\u2026","rel":"","context":"En \u00abINTERNACIONAL\u00bb","block_context":{"text":"INTERNACIONAL","link":"https:\/\/politicosaldesnudo.com.mx\/index.php\/category\/internacional\/"},"img":{"alt_text":"","src":"https:\/\/i0.wp.com\/politicosaldesnudo.com.mx\/wp-content\/uploads\/2026\/08\/terry.jpg?fit=600%2C400&ssl=1&resize=350%2C200","width":350,"height":200,"srcset":"https:\/\/i0.wp.com\/politicosaldesnudo.com.mx\/wp-content\/uploads\/2026\/08\/terry.jpg?fit=600%2C400&ssl=1&resize=350%2C200 1x, https:\/\/i0.wp.com\/politicosaldesnudo.com.mx\/wp-content\/uploads\/2026\/08\/terry.jpg?fit=600%2C400&ssl=1&resize=525%2C300 1.5x"},"classes":[]}],"jetpack_sharing_enabled":true,"jetpack_featured_media_url":"https:\/\/i0.wp.com\/politicosaldesnudo.com.mx\/wp-content\/uploads\/2026\/02\/ECOBI.jpg?fit=1200%2C796&ssl=1","_links":{"self":[{"href":"https:\/\/politicosaldesnudo.com.mx\/index.php\/wp-json\/wp\/v2\/posts\/80538","targetHints":{"allow":["GET"]}}],"collection":[{"href":"https:\/\/politicosaldesnudo.com.mx\/index.php\/wp-json\/wp\/v2\/posts"}],"about":[{"href":"https:\/\/politicosaldesnudo.com.mx\/index.php\/wp-json\/wp\/v2\/types\/post"}],"author":[{"embeddable":true,"href":"https:\/\/politicosaldesnudo.com.mx\/index.php\/wp-json\/wp\/v2\/users\/4"}],"replies":[{"embeddable":true,"href":"https:\/\/politicosaldesnudo.com.mx\/index.php\/wp-json\/wp\/v2\/comments?post=80538"}],"version-history":[{"count":0,"href":"https:\/\/politicosaldesnudo.com.mx\/index.php\/wp-json\/wp\/v2\/posts\/80538\/revisions"}],"wp:featuredmedia":[{"embeddable":true,"href":"https:\/\/politicosaldesnudo.com.mx\/index.php\/wp-json\/wp\/v2\/media\/80539"}],"wp:attachment":[{"href":"https:\/\/politicosaldesnudo.com.mx\/index.php\/wp-json\/wp\/v2\/media?parent=80538"}],"wp:term":[{"taxonomy":"category","embeddable":true,"href":"https:\/\/politicosaldesnudo.com.mx\/index.php\/wp-json\/wp\/v2\/categories?post=80538"},{"taxonomy":"post_tag","embeddable":true,"href":"https:\/\/politicosaldesnudo.com.mx\/index.php\/wp-json\/wp\/v2\/tags?post=80538"}],"curies":[{"name":"wp","href":"https:\/\/api.w.org\/{rel}","templated":true}]}}