{"id":80674,"date":"2026-02-26T00:18:44","date_gmt":"2026-02-26T06:18:44","guid":{"rendered":"https:\/\/politicosaldesnudo.com.mx\/?p=80674"},"modified":"2026-02-25T21:55:51","modified_gmt":"2026-02-26T03:55:51","slug":"justicia-de-eu-omite-documentos-clave-sobre-acusacion-contra-trump-en-caso-epstein","status":"publish","type":"post","link":"https:\/\/politicosaldesnudo.com.mx\/index.php\/2026\/02\/26\/justicia-de-eu-omite-documentos-clave-sobre-acusacion-contra-trump-en-caso-epstein\/","title":{"rendered":"Justicia de EU omite documentos clave sobre acusaci\u00f3n contra Trump en caso Epstein"},"content":{"rendered":"<p class=\"nota-justify\">El vasto conjunto de documentos publicados por el Departamento de Justicia de sus investigaciones sobre el delincuente sexual convicto Jeffrey Epstein no incluy\u00f3 algunos materiales clave relacionados con una mujer que hizo una acusaci\u00f3n contra el presidente Trump, seg\u00fan una revisi\u00f3n de\u00a0<i>The New York Times<\/i>.<\/p>\n<p class=\"nota-justify\">Los materiales son memorandos de la Oficina Federal de Investigaciones (FBI, por sus siglas en ingl\u00e9s) que resumen entrevistas que la agencia realiz\u00f3 en relaci\u00f3n con las afirmaciones hechas en 2019 por una mujer que se present\u00f3 despu\u00e9s del arresto del Epstein para decir que hab\u00eda sido agredida sexualmente tanto por Trump como por el financiero d\u00e9cadas antes, cuando era menor de edad.<\/p>\n<p class=\"nota-justify\">La existencia de los memorandos se revel\u00f3 en un \u00edndice que enumeraba los materiales de investigaci\u00f3n relacionados con su relato, el cual se hizo p\u00fablico. Seg\u00fan dicho \u00edndice, el FBI realiz\u00f3 cuatro entrevistas en relaci\u00f3n con sus acusaciones y redact\u00f3 res\u00famenes de cada una. Sin embargo, el Departamento de Justicia solo public\u00f3 uno de los res\u00famenes, que describe sus acusaciones contra Epstein. Los otros tres est\u00e1n desaparecidos.<\/p>\n<p class=\"nota-justify\">Los archivos p\u00fablicos tampoco incluyen las notas de la entrevista subyacente, que el \u00edndice tambi\u00e9n indica que forman parte del expediente. El Departamento de Justicia public\u00f3 notas de entrevistas similares en relaci\u00f3n con entrevistas del FBI con otros posibles testigos y v\u00edctimas.<\/p>\n<p class=\"nota-justify\">No est\u00e1 claro por qu\u00e9 faltan los materiales. El Departamento de Justicia declar\u00f3 a\u00a0<i>The Times<\/i>\u00a0el lunes que \u201clos \u00fanicos materiales retenidos eran confidenciales o duplicados\u201d. En un nuevo comunicado el martes, el departamento tambi\u00e9n se\u00f1al\u00f3 que los documentos podr\u00edan haber sido retenidos debido a \u201cuna investigaci\u00f3n federal en curso\u201d. Los funcionarios no explicaron directamente por qu\u00e9 no se publicaron los memorandos relacionados con la denuncia de la mujer.<\/p>\n","protected":false},"excerpt":{"rendered":"<p>El vasto conjunto de documentos publicados por el Departamento de Justicia de sus investigaciones sobre el delincuente sexual convicto Jeffrey [&hellip;]<\/p>\n","protected":false},"author":4,"featured_media":80675,"comment_status":"closed","ping_status":"closed","sticky":false,"template":"","format":"standard","meta":{"site-sidebar-layout":"default","site-content-layout":"","ast-site-content-layout":"default","site-content-style":"default","site-sidebar-style":"default","ast-global-header-display":"","ast-banner-title-visibility":"","ast-main-header-display":"","ast-hfb-above-header-display":"","ast-hfb-below-header-display":"","ast-hfb-mobile-header-display":"","site-post-title":"","ast-breadcrumbs-content":"","ast-featured-img":"","footer-sml-layout":"","ast-disable-related-posts":"","theme-transparent-header-meta":"","adv-header-id-meta":"","stick-header-meta":"","header-above-stick-meta":"","header-main-stick-meta":"","header-below-stick-meta":"","astra-migrate-meta-layouts":"default","ast-page-background-enabled":"default","ast-page-background-meta":{"desktop":{"background-color":"var(--ast-global-color-5)","background-image":"","background-repeat":"repeat","background-position":"center center","background-size":"auto","background-attachment":"scroll","background-type":"","background-media":"","overlay-type":"","overlay-color":"","overlay-opacity":"","overlay-gradient":""},"tablet":{"background-color":"","background-image":"","background-repeat":"repeat","background-position":"center center","background-size":"auto","background-attachment":"scroll","background-type":"","background-media":"","overlay-type":"","overlay-color":"","overlay-opacity":"","overlay-gradient":""},"mobile":{"background-color":"","background-image":"","background-repeat":"repeat","background-position":"center center","background-size":"auto","background-attachment":"scroll","background-type":"","background-media":"","overlay-type":"","overlay-color":"","overlay-opacity":"","overlay-gradient":""}},"ast-content-background-meta":{"desktop":{"background-color":"var(--ast-global-color-4)","background-image":"","background-repeat":"repeat","background-position":"center center","background-size":"auto","background-attachment":"scroll","background-type":"","background-media":"","overlay-type":"","overlay-color":"","overlay-opacity":"","overlay-gradient":""},"tablet":{"background-color":"var(--ast-global-color-4)","background-image":"","background-repeat":"repeat","background-position":"center center","background-size":"auto","background-attachment":"scroll","background-type":"","background-media":"","overlay-type":"","overlay-color":"","overlay-opacity":"","overlay-gradient":""},"mobile":{"background-color":"var(--ast-global-color-4)","background-image":"","background-repeat":"repeat","background-position":"center center","background-size":"auto","background-attachment":"scroll","background-type":"","background-media":"","overlay-type":"","overlay-color":"","overlay-opacity":"","overlay-gradient":""}},"_jetpack_newsletter_access":"","_jetpack_dont_email_post_to_subs":false,"_jetpack_newsletter_tier_id":0,"_jetpack_memberships_contains_paywalled_content":false,"_jetpack_feature_clip_id":0,"_jetpack_memberships_contains_paid_content":false,"footnotes":"","jetpack_publicize_message":"","jetpack_publicize_feature_enabled":true,"jetpack_social_post_already_shared":true,"jetpack_social_options":{"image_generator_settings":{"template":"highway","default_image_id":0,"font":"","enabled":false},"version":2},"jetpack_post_was_ever_published":false},"categories":[28],"tags":[],"class_list":["post-80674","post","type-post","status-publish","format-standard","has-post-thumbnail","hentry","category-internacional"],"yoast_head":"<!-- This site is optimized with the Yoast SEO plugin v28.3 - https:\/\/yoast.com\/product\/yoast-seo-wordpress\/ -->\n<title>Justicia de EU omite documentos clave sobre acusaci\u00f3n contra Trump en caso Epstein - Pol\u00edticos al Desnudo<\/title>\n<meta name=\"robots\" content=\"index, follow, max-snippet:-1, max-image-preview:large, max-video-preview:-1\" \/>\n<link rel=\"canonical\" href=\"https:\/\/politicosaldesnudo.com.mx\/index.php\/2026\/02\/26\/justicia-de-eu-omite-documentos-clave-sobre-acusacion-contra-trump-en-caso-epstein\/\" \/>\n<meta property=\"og:locale\" content=\"es_ES\" \/>\n<meta property=\"og:type\" content=\"article\" \/>\n<meta property=\"og:title\" content=\"Justicia de EU omite documentos clave sobre acusaci\u00f3n contra Trump en caso Epstein - Pol\u00edticos al Desnudo\" \/>\n<meta property=\"og:description\" content=\"El vasto conjunto de documentos publicados por el Departamento de Justicia de sus investigaciones sobre el delincuente sexual convicto Jeffrey [&hellip;]\" \/>\n<meta property=\"og:url\" content=\"https:\/\/politicosaldesnudo.com.mx\/index.php\/2026\/02\/26\/justicia-de-eu-omite-documentos-clave-sobre-acusacion-contra-trump-en-caso-epstein\/\" \/>\n<meta property=\"og:site_name\" content=\"Pol\u00edticos al Desnudo\" \/>\n<meta property=\"article:publisher\" content=\"https:\/\/www.facebook.com\/PoliticosAD\" \/>\n<meta property=\"article:published_time\" content=\"2026-02-26T06:18:44+00:00\" \/>\n<meta property=\"og:image\" content=\"https:\/\/i0.wp.com\/politicosaldesnudo.com.mx\/wp-content\/uploads\/2026\/02\/trav.jpg?fit=1200%2C801&ssl=1\" \/>\n\t<meta property=\"og:image:width\" content=\"1200\" \/>\n\t<meta property=\"og:image:height\" content=\"801\" \/>\n\t<meta property=\"og:image:type\" content=\"image\/jpeg\" \/>\n<meta name=\"author\" content=\"Redacci\u00f3n Pol\u00edticos\" \/>\n<meta name=\"twitter:card\" content=\"summary_large_image\" \/>\n<meta name=\"twitter:label1\" content=\"Escrito por\" \/>\n\t<meta name=\"twitter:data1\" content=\"Redacci\u00f3n Pol\u00edticos\" \/>\n\t<meta name=\"twitter:label2\" content=\"Tiempo de lectura\" \/>\n\t<meta name=\"twitter:data2\" content=\"2 minutos\" \/>\n<script type=\"application\/ld+json\" class=\"yoast-schema-graph\">{\"@context\":\"https:\\\/\\\/schema.org\",\"@graph\":[{\"@type\":\"Article\",\"@id\":\"https:\\\/\\\/politicosaldesnudo.com.mx\\\/index.php\\\/2026\\\/02\\\/26\\\/justicia-de-eu-omite-documentos-clave-sobre-acusacion-contra-trump-en-caso-epstein\\\/#article\",\"isPartOf\":{\"@id\":\"https:\\\/\\\/politicosaldesnudo.com.mx\\\/index.php\\\/2026\\\/02\\\/26\\\/justicia-de-eu-omite-documentos-clave-sobre-acusacion-contra-trump-en-caso-epstein\\\/\"},\"author\":{\"name\":\"Redacci\u00f3n Pol\u00edticos\",\"@id\":\"https:\\\/\\\/politicosaldesnudo.com.mx\\\/#\\\/schema\\\/person\\\/ef3a64e561cc3f3f5dc52fab81adde7e\"},\"headline\":\"Justicia de EU omite documentos clave sobre acusaci\u00f3n contra Trump en caso Epstein\",\"datePublished\":\"2026-02-26T06:18:44+00:00\",\"mainEntityOfPage\":{\"@id\":\"https:\\\/\\\/politicosaldesnudo.com.mx\\\/index.php\\\/2026\\\/02\\\/26\\\/justicia-de-eu-omite-documentos-clave-sobre-acusacion-contra-trump-en-caso-epstein\\\/\"},\"wordCount\":324,\"publisher\":{\"@id\":\"https:\\\/\\\/politicosaldesnudo.com.mx\\\/#organization\"},\"image\":{\"@id\":\"https:\\\/\\\/politicosaldesnudo.com.mx\\\/index.php\\\/2026\\\/02\\\/26\\\/justicia-de-eu-omite-documentos-clave-sobre-acusacion-contra-trump-en-caso-epstein\\\/#primaryimage\"},\"thumbnailUrl\":\"https:\\\/\\\/i0.wp.com\\\/politicosaldesnudo.com.mx\\\/wp-content\\\/uploads\\\/2026\\\/02\\\/trav.jpg?fit=1200%2C801&ssl=1\",\"articleSection\":[\"INTERNACIONAL\"],\"inLanguage\":\"es\"},{\"@type\":\"WebPage\",\"@id\":\"https:\\\/\\\/politicosaldesnudo.com.mx\\\/index.php\\\/2026\\\/02\\\/26\\\/justicia-de-eu-omite-documentos-clave-sobre-acusacion-contra-trump-en-caso-epstein\\\/\",\"url\":\"https:\\\/\\\/politicosaldesnudo.com.mx\\\/index.php\\\/2026\\\/02\\\/26\\\/justicia-de-eu-omite-documentos-clave-sobre-acusacion-contra-trump-en-caso-epstein\\\/\",\"name\":\"Justicia de EU omite documentos clave sobre acusaci\u00f3n contra Trump en caso Epstein - Pol\u00edticos al Desnudo\",\"isPartOf\":{\"@id\":\"https:\\\/\\\/politicosaldesnudo.com.mx\\\/#website\"},\"primaryImageOfPage\":{\"@id\":\"https:\\\/\\\/politicosaldesnudo.com.mx\\\/index.php\\\/2026\\\/02\\\/26\\\/justicia-de-eu-omite-documentos-clave-sobre-acusacion-contra-trump-en-caso-epstein\\\/#primaryimage\"},\"image\":{\"@id\":\"https:\\\/\\\/politicosaldesnudo.com.mx\\\/index.php\\\/2026\\\/02\\\/26\\\/justicia-de-eu-omite-documentos-clave-sobre-acusacion-contra-trump-en-caso-epstein\\\/#primaryimage\"},\"thumbnailUrl\":\"https:\\\/\\\/i0.wp.com\\\/politicosaldesnudo.com.mx\\\/wp-content\\\/uploads\\\/2026\\\/02\\\/trav.jpg?fit=1200%2C801&ssl=1\",\"datePublished\":\"2026-02-26T06:18:44+00:00\",\"breadcrumb\":{\"@id\":\"https:\\\/\\\/politicosaldesnudo.com.mx\\\/index.php\\\/2026\\\/02\\\/26\\\/justicia-de-eu-omite-documentos-clave-sobre-acusacion-contra-trump-en-caso-epstein\\\/#breadcrumb\"},\"inLanguage\":\"es\",\"potentialAction\":[{\"@type\":\"ReadAction\",\"target\":[\"https:\\\/\\\/politicosaldesnudo.com.mx\\\/index.php\\\/2026\\\/02\\\/26\\\/justicia-de-eu-omite-documentos-clave-sobre-acusacion-contra-trump-en-caso-epstein\\\/\"]}]},{\"@type\":\"ImageObject\",\"inLanguage\":\"es\",\"@id\":\"https:\\\/\\\/politicosaldesnudo.com.mx\\\/index.php\\\/2026\\\/02\\\/26\\\/justicia-de-eu-omite-documentos-clave-sobre-acusacion-contra-trump-en-caso-epstein\\\/#primaryimage\",\"url\":\"https:\\\/\\\/i0.wp.com\\\/politicosaldesnudo.com.mx\\\/wp-content\\\/uploads\\\/2026\\\/02\\\/trav.jpg?fit=1200%2C801&ssl=1\",\"contentUrl\":\"https:\\\/\\\/i0.wp.com\\\/politicosaldesnudo.com.mx\\\/wp-content\\\/uploads\\\/2026\\\/02\\\/trav.jpg?fit=1200%2C801&ssl=1\",\"width\":1200,\"height\":801},{\"@type\":\"BreadcrumbList\",\"@id\":\"https:\\\/\\\/politicosaldesnudo.com.mx\\\/index.php\\\/2026\\\/02\\\/26\\\/justicia-de-eu-omite-documentos-clave-sobre-acusacion-contra-trump-en-caso-epstein\\\/#breadcrumb\",\"itemListElement\":[{\"@type\":\"ListItem\",\"position\":1,\"name\":\"Portada\",\"item\":\"https:\\\/\\\/politicosaldesnudo.com.mx\\\/\"},{\"@type\":\"ListItem\",\"position\":2,\"name\":\"Justicia de EU omite documentos clave sobre acusaci\u00f3n contra Trump en caso Epstein\"}]},{\"@type\":\"WebSite\",\"@id\":\"https:\\\/\\\/politicosaldesnudo.com.mx\\\/#website\",\"url\":\"https:\\\/\\\/politicosaldesnudo.com.mx\\\/\",\"name\":\"Pol\u00edticos al Desnudo\",\"description\":\"\",\"publisher\":{\"@id\":\"https:\\\/\\\/politicosaldesnudo.com.mx\\\/#organization\"},\"potentialAction\":[{\"@type\":\"SearchAction\",\"target\":{\"@type\":\"EntryPoint\",\"urlTemplate\":\"https:\\\/\\\/politicosaldesnudo.com.mx\\\/?s={search_term_string}\"},\"query-input\":{\"@type\":\"PropertyValueSpecification\",\"valueRequired\":true,\"valueName\":\"search_term_string\"}}],\"inLanguage\":\"es\"},{\"@type\":\"Organization\",\"@id\":\"https:\\\/\\\/politicosaldesnudo.com.mx\\\/#organization\",\"name\":\"Pol\u00edticos al Desnudo\",\"url\":\"https:\\\/\\\/politicosaldesnudo.com.mx\\\/\",\"logo\":{\"@type\":\"ImageObject\",\"inLanguage\":\"es\",\"@id\":\"https:\\\/\\\/politicosaldesnudo.com.mx\\\/#\\\/schema\\\/logo\\\/image\\\/\",\"url\":\"https:\\\/\\\/i0.wp.com\\\/politicosaldesnudo.com.mx\\\/wp-content\\\/uploads\\\/2026\\\/08\\\/cropped-logo.webp?fit=400%2C126&ssl=1\",\"contentUrl\":\"https:\\\/\\\/i0.wp.com\\\/politicosaldesnudo.com.mx\\\/wp-content\\\/uploads\\\/2026\\\/08\\\/cropped-logo.webp?fit=400%2C126&ssl=1\",\"width\":400,\"height\":126,\"caption\":\"Pol\u00edticos al Desnudo\"},\"image\":{\"@id\":\"https:\\\/\\\/politicosaldesnudo.com.mx\\\/#\\\/schema\\\/logo\\\/image\\\/\"},\"sameAs\":[\"https:\\\/\\\/www.facebook.com\\\/PoliticosAD\"]},{\"@type\":\"Person\",\"@id\":\"https:\\\/\\\/politicosaldesnudo.com.mx\\\/#\\\/schema\\\/person\\\/ef3a64e561cc3f3f5dc52fab81adde7e\",\"name\":\"Redacci\u00f3n Pol\u00edticos\",\"url\":\"https:\\\/\\\/politicosaldesnudo.com.mx\\\/index.php\\\/author\\\/redaccion-politicos\\\/\"}]}<\/script>\n<!-- \/ Yoast SEO plugin. -->","yoast_head_json":{"title":"Justicia de EU omite documentos clave sobre acusaci\u00f3n contra Trump en caso Epstein - Pol\u00edticos al Desnudo","robots":{"index":"index","follow":"follow","max-snippet":"max-snippet:-1","max-image-preview":"max-image-preview:large","max-video-preview":"max-video-preview:-1"},"canonical":"https:\/\/politicosaldesnudo.com.mx\/index.php\/2026\/02\/26\/justicia-de-eu-omite-documentos-clave-sobre-acusacion-contra-trump-en-caso-epstein\/","og_locale":"es_ES","og_type":"article","og_title":"Justicia de EU omite documentos clave sobre acusaci\u00f3n contra Trump en caso Epstein - Pol\u00edticos al Desnudo","og_description":"El vasto conjunto de documentos publicados por el Departamento de Justicia de sus investigaciones sobre el delincuente sexual convicto Jeffrey [&hellip;]","og_url":"https:\/\/politicosaldesnudo.com.mx\/index.php\/2026\/02\/26\/justicia-de-eu-omite-documentos-clave-sobre-acusacion-contra-trump-en-caso-epstein\/","og_site_name":"Pol\u00edticos al Desnudo","article_publisher":"https:\/\/www.facebook.com\/PoliticosAD","article_published_time":"2026-02-26T06:18:44+00:00","og_image":[{"width":1200,"height":801,"url":"https:\/\/i0.wp.com\/politicosaldesnudo.com.mx\/wp-content\/uploads\/2026\/02\/trav.jpg?fit=1200%2C801&ssl=1","type":"image\/jpeg"}],"author":"Redacci\u00f3n Pol\u00edticos","twitter_card":"summary_large_image","twitter_misc":{"Escrito por":"Redacci\u00f3n Pol\u00edticos","Tiempo de lectura":"2 minutos"},"schema":{"@context":"https:\/\/schema.org","@graph":[{"@type":"Article","@id":"https:\/\/politicosaldesnudo.com.mx\/index.php\/2026\/02\/26\/justicia-de-eu-omite-documentos-clave-sobre-acusacion-contra-trump-en-caso-epstein\/#article","isPartOf":{"@id":"https:\/\/politicosaldesnudo.com.mx\/index.php\/2026\/02\/26\/justicia-de-eu-omite-documentos-clave-sobre-acusacion-contra-trump-en-caso-epstein\/"},"author":{"name":"Redacci\u00f3n Pol\u00edticos","@id":"https:\/\/politicosaldesnudo.com.mx\/#\/schema\/person\/ef3a64e561cc3f3f5dc52fab81adde7e"},"headline":"Justicia de EU omite documentos clave sobre acusaci\u00f3n contra Trump en caso Epstein","datePublished":"2026-02-26T06:18:44+00:00","mainEntityOfPage":{"@id":"https:\/\/politicosaldesnudo.com.mx\/index.php\/2026\/02\/26\/justicia-de-eu-omite-documentos-clave-sobre-acusacion-contra-trump-en-caso-epstein\/"},"wordCount":324,"publisher":{"@id":"https:\/\/politicosaldesnudo.com.mx\/#organization"},"image":{"@id":"https:\/\/politicosaldesnudo.com.mx\/index.php\/2026\/02\/26\/justicia-de-eu-omite-documentos-clave-sobre-acusacion-contra-trump-en-caso-epstein\/#primaryimage"},"thumbnailUrl":"https:\/\/i0.wp.com\/politicosaldesnudo.com.mx\/wp-content\/uploads\/2026\/02\/trav.jpg?fit=1200%2C801&ssl=1","articleSection":["INTERNACIONAL"],"inLanguage":"es"},{"@type":"WebPage","@id":"https:\/\/politicosaldesnudo.com.mx\/index.php\/2026\/02\/26\/justicia-de-eu-omite-documentos-clave-sobre-acusacion-contra-trump-en-caso-epstein\/","url":"https:\/\/politicosaldesnudo.com.mx\/index.php\/2026\/02\/26\/justicia-de-eu-omite-documentos-clave-sobre-acusacion-contra-trump-en-caso-epstein\/","name":"Justicia de EU omite documentos clave sobre acusaci\u00f3n contra Trump en caso Epstein - Pol\u00edticos al Desnudo","isPartOf":{"@id":"https:\/\/politicosaldesnudo.com.mx\/#website"},"primaryImageOfPage":{"@id":"https:\/\/politicosaldesnudo.com.mx\/index.php\/2026\/02\/26\/justicia-de-eu-omite-documentos-clave-sobre-acusacion-contra-trump-en-caso-epstein\/#primaryimage"},"image":{"@id":"https:\/\/politicosaldesnudo.com.mx\/index.php\/2026\/02\/26\/justicia-de-eu-omite-documentos-clave-sobre-acusacion-contra-trump-en-caso-epstein\/#primaryimage"},"thumbnailUrl":"https:\/\/i0.wp.com\/politicosaldesnudo.com.mx\/wp-content\/uploads\/2026\/02\/trav.jpg?fit=1200%2C801&ssl=1","datePublished":"2026-02-26T06:18:44+00:00","breadcrumb":{"@id":"https:\/\/politicosaldesnudo.com.mx\/index.php\/2026\/02\/26\/justicia-de-eu-omite-documentos-clave-sobre-acusacion-contra-trump-en-caso-epstein\/#breadcrumb"},"inLanguage":"es","potentialAction":[{"@type":"ReadAction","target":["https:\/\/politicosaldesnudo.com.mx\/index.php\/2026\/02\/26\/justicia-de-eu-omite-documentos-clave-sobre-acusacion-contra-trump-en-caso-epstein\/"]}]},{"@type":"ImageObject","inLanguage":"es","@id":"https:\/\/politicosaldesnudo.com.mx\/index.php\/2026\/02\/26\/justicia-de-eu-omite-documentos-clave-sobre-acusacion-contra-trump-en-caso-epstein\/#primaryimage","url":"https:\/\/i0.wp.com\/politicosaldesnudo.com.mx\/wp-content\/uploads\/2026\/02\/trav.jpg?fit=1200%2C801&ssl=1","contentUrl":"https:\/\/i0.wp.com\/politicosaldesnudo.com.mx\/wp-content\/uploads\/2026\/02\/trav.jpg?fit=1200%2C801&ssl=1","width":1200,"height":801},{"@type":"BreadcrumbList","@id":"https:\/\/politicosaldesnudo.com.mx\/index.php\/2026\/02\/26\/justicia-de-eu-omite-documentos-clave-sobre-acusacion-contra-trump-en-caso-epstein\/#breadcrumb","itemListElement":[{"@type":"ListItem","position":1,"name":"Portada","item":"https:\/\/politicosaldesnudo.com.mx\/"},{"@type":"ListItem","position":2,"name":"Justicia de EU omite documentos clave sobre acusaci\u00f3n contra Trump en caso Epstein"}]},{"@type":"WebSite","@id":"https:\/\/politicosaldesnudo.com.mx\/#website","url":"https:\/\/politicosaldesnudo.com.mx\/","name":"Pol\u00edticos al Desnudo","description":"","publisher":{"@id":"https:\/\/politicosaldesnudo.com.mx\/#organization"},"potentialAction":[{"@type":"SearchAction","target":{"@type":"EntryPoint","urlTemplate":"https:\/\/politicosaldesnudo.com.mx\/?s={search_term_string}"},"query-input":{"@type":"PropertyValueSpecification","valueRequired":true,"valueName":"search_term_string"}}],"inLanguage":"es"},{"@type":"Organization","@id":"https:\/\/politicosaldesnudo.com.mx\/#organization","name":"Pol\u00edticos al Desnudo","url":"https:\/\/politicosaldesnudo.com.mx\/","logo":{"@type":"ImageObject","inLanguage":"es","@id":"https:\/\/politicosaldesnudo.com.mx\/#\/schema\/logo\/image\/","url":"https:\/\/i0.wp.com\/politicosaldesnudo.com.mx\/wp-content\/uploads\/2026\/08\/cropped-logo.webp?fit=400%2C126&ssl=1","contentUrl":"https:\/\/i0.wp.com\/politicosaldesnudo.com.mx\/wp-content\/uploads\/2026\/08\/cropped-logo.webp?fit=400%2C126&ssl=1","width":400,"height":126,"caption":"Pol\u00edticos al Desnudo"},"image":{"@id":"https:\/\/politicosaldesnudo.com.mx\/#\/schema\/logo\/image\/"},"sameAs":["https:\/\/www.facebook.com\/PoliticosAD"]},{"@type":"Person","@id":"https:\/\/politicosaldesnudo.com.mx\/#\/schema\/person\/ef3a64e561cc3f3f5dc52fab81adde7e","name":"Redacci\u00f3n Pol\u00edticos","url":"https:\/\/politicosaldesnudo.com.mx\/index.php\/author\/redaccion-politicos\/"}]}},"jetpack_publicize_connections":[],"jetpack-related-posts":[{"id":88007,"url":"https:\/\/politicosaldesnudo.com.mx\/index.php\/2026\/08\/23\/dea-lanza-grave-acusacion-funcionarios-mexicanos-de-alto-nivel-trabajan-con-los-carteles\/","url_meta":{"origin":80674,"position":0},"title":"DEA lanza grave acusaci\u00f3n: funcionarios mexicanos de alto nivel trabajan con los c\u00e1rteles","author":"Redacci\u00f3n Pol\u00edticos","date":"23 de agosto de 2026","format":false,"excerpt":"El director de la Administraci\u00f3n para el Control de Drogas de Estados Unidos (DEA), Terry Cole, afirm\u00f3 que servidores p\u00fablicos mexicanos de alto nivel presuntamente mantienen v\u00ednculos directos con organizaciones del narcotr\u00e1fico. Durante una entrevista con N+, el funcionario estadounidense asegur\u00f3 que investigaciones recientes han permitido identificar casos de corrupci\u00f3n\u2026","rel":"","context":"En \u00abINTERNACIONAL\u00bb","block_context":{"text":"INTERNACIONAL","link":"https:\/\/politicosaldesnudo.com.mx\/index.php\/category\/internacional\/"},"img":{"alt_text":"","src":"https:\/\/i0.wp.com\/politicosaldesnudo.com.mx\/wp-content\/uploads\/2026\/08\/terry.jpg?fit=600%2C400&ssl=1&resize=350%2C200","width":350,"height":200,"srcset":"https:\/\/i0.wp.com\/politicosaldesnudo.com.mx\/wp-content\/uploads\/2026\/08\/terry.jpg?fit=600%2C400&ssl=1&resize=350%2C200 1x, https:\/\/i0.wp.com\/politicosaldesnudo.com.mx\/wp-content\/uploads\/2026\/08\/terry.jpg?fit=600%2C400&ssl=1&resize=525%2C300 1.5x"},"classes":[]},{"id":88100,"url":"https:\/\/politicosaldesnudo.com.mx\/index.php\/2026\/08\/27\/excontralmirante-fernando-farias-enfrentara-proceso-por-presunta-red-de-huachicol-fiscal\/","url_meta":{"origin":80674,"position":1},"title":"Excontralmirante Fernando Far\u00edas enfrentar\u00e1 proceso por presunta red de huachicol fiscal","author":"Redacci\u00f3n Pol\u00edticos","date":"27 de agosto de 2026","format":false,"excerpt":"Una jueza federal determin\u00f3 que existen elementos suficientes para continuar la investigaci\u00f3n contra el exmando naval, se\u00f1alado como uno de los presuntos dirigentes de una estructura dedicada al contrabando de combustibles. Fernando Far\u00edas Laguna, excontralmirante de la Secretar\u00eda de Marina, fue vinculado a proceso por su probable responsabilidad en delincuencia\u2026","rel":"","context":"En \u00abNACIONAL\u00bb","block_context":{"text":"NACIONAL","link":"https:\/\/politicosaldesnudo.com.mx\/index.php\/category\/nacional\/"},"img":{"alt_text":"","src":"https:\/\/i0.wp.com\/politicosaldesnudo.com.mx\/wp-content\/uploads\/2026\/08\/fernando-farias-laguna-2-1024x683-1.jpg?fit=1024%2C683&ssl=1&resize=350%2C200","width":350,"height":200,"srcset":"https:\/\/i0.wp.com\/politicosaldesnudo.com.mx\/wp-content\/uploads\/2026\/08\/fernando-farias-laguna-2-1024x683-1.jpg?fit=1024%2C683&ssl=1&resize=350%2C200 1x, https:\/\/i0.wp.com\/politicosaldesnudo.com.mx\/wp-content\/uploads\/2026\/08\/fernando-farias-laguna-2-1024x683-1.jpg?fit=1024%2C683&ssl=1&resize=525%2C300 1.5x, https:\/\/i0.wp.com\/politicosaldesnudo.com.mx\/wp-content\/uploads\/2026\/08\/fernando-farias-laguna-2-1024x683-1.jpg?fit=1024%2C683&ssl=1&resize=700%2C400 2x"},"classes":[]},{"id":87839,"url":"https:\/\/politicosaldesnudo.com.mx\/index.php\/2026\/08\/17\/exjefe-de-seguridad-de-sinaloa-sale-de-prision-en-eu-su-proceso-por-presuntos-nexos-con-los-chapitos-continua\/","url_meta":{"origin":80674,"position":2},"title":"Exjefe de Seguridad de Sinaloa sale de prisi\u00f3n en EU; su proceso por presuntos nexos con Los Chapitos contin\u00faa","author":"Redacci\u00f3n Pol\u00edticos","date":"17 de agosto de 2026","format":false,"excerpt":"Gerardo M\u00e9rida S\u00e1nchez, exsecretario de Seguridad P\u00fablica de Sinaloa durante el gobierno de Rub\u00e9n Rocha Moya, dej\u00f3 la prisi\u00f3n federal de Brooklyn en la que permanec\u00eda recluido mientras enfrenta un proceso en Estados Unidos por presuntos v\u00ednculos con el C\u00e1rtel de Sinaloa. Registros del Bur\u00f3 Federal de Prisiones (BOP) indican\u2026","rel":"","context":"En \u00abINTERNACIONAL\u00bb","block_context":{"text":"INTERNACIONAL","link":"https:\/\/politicosaldesnudo.com.mx\/index.php\/category\/internacional\/"},"img":{"alt_text":"","src":"https:\/\/i0.wp.com\/politicosaldesnudo.com.mx\/wp-content\/uploads\/2026\/08\/gerardo-merida-sanchez-presento-su-renuncia-como-secretario-de-seguridad-en-sinaloa.jpg?fit=1200%2C680&ssl=1&resize=350%2C200","width":350,"height":200,"srcset":"https:\/\/i0.wp.com\/politicosaldesnudo.com.mx\/wp-content\/uploads\/2026\/08\/gerardo-merida-sanchez-presento-su-renuncia-como-secretario-de-seguridad-en-sinaloa.jpg?fit=1200%2C680&ssl=1&resize=350%2C200 1x, https:\/\/i0.wp.com\/politicosaldesnudo.com.mx\/wp-content\/uploads\/2026\/08\/gerardo-merida-sanchez-presento-su-renuncia-como-secretario-de-seguridad-en-sinaloa.jpg?fit=1200%2C680&ssl=1&resize=525%2C300 1.5x, https:\/\/i0.wp.com\/politicosaldesnudo.com.mx\/wp-content\/uploads\/2026\/08\/gerardo-merida-sanchez-presento-su-renuncia-como-secretario-de-seguridad-en-sinaloa.jpg?fit=1200%2C680&ssl=1&resize=700%2C400 2x, https:\/\/i0.wp.com\/politicosaldesnudo.com.mx\/wp-content\/uploads\/2026\/08\/gerardo-merida-sanchez-presento-su-renuncia-como-secretario-de-seguridad-en-sinaloa.jpg?fit=1200%2C680&ssl=1&resize=1050%2C600 3x"},"classes":[]},{"id":88179,"url":"https:\/\/politicosaldesnudo.com.mx\/index.php\/2026\/08\/30\/pena-nieto-reaparece-en-exclusiva-boda-en-italia-junto-a-empresario-relacionado-con-el-caso-pegasus\/","url_meta":{"origin":80674,"position":3},"title":"Pe\u00f1a Nieto reaparece en exclusiva boda en Italia junto a empresario relacionado con el caso Pegasus","author":"Redacci\u00f3n Pol\u00edticos","date":"30 de agosto de 2026","format":false,"excerpt":"Enrique Pe\u00f1a Nieto volvi\u00f3 a colocarse bajo los reflectores, pero esta vez no por una declaraci\u00f3n pol\u00edtica. El expresidente mexicano fue captado entre los invitados a la boda del cantante israel\u00ed Omer Adam y Sacha Israelovich, realizada en Portofino, Italia. Videos difundidos en redes sociales muestran al exmandatario vestido con\u2026","rel":"","context":"En \u00abNACIONAL\u00bb","block_context":{"text":"NACIONAL","link":"https:\/\/politicosaldesnudo.com.mx\/index.php\/category\/nacional\/"},"img":{"alt_text":"","src":"https:\/\/i0.wp.com\/politicosaldesnudo.com.mx\/wp-content\/uploads\/2026\/08\/pena.webp?fit=768%2C512&ssl=1&resize=350%2C200","width":350,"height":200,"srcset":"https:\/\/i0.wp.com\/politicosaldesnudo.com.mx\/wp-content\/uploads\/2026\/08\/pena.webp?fit=768%2C512&ssl=1&resize=350%2C200 1x, https:\/\/i0.wp.com\/politicosaldesnudo.com.mx\/wp-content\/uploads\/2026\/08\/pena.webp?fit=768%2C512&ssl=1&resize=525%2C300 1.5x, https:\/\/i0.wp.com\/politicosaldesnudo.com.mx\/wp-content\/uploads\/2026\/08\/pena.webp?fit=768%2C512&ssl=1&resize=700%2C400 2x"},"classes":[]},{"id":87059,"url":"https:\/\/politicosaldesnudo.com.mx\/index.php\/2026\/07\/20\/claudia-sheinbaum-cuida-su-relacion-con-eu\/","url_meta":{"origin":80674,"position":4},"title":"Claudia Sheinbaum cuida su relaci\u00f3n con EU","author":"Redacci\u00f3n Pol\u00edticos","date":"20 de julio de 2026","format":false,"excerpt":"ALMA GRANDE POR \u00c1NGEL \u00c1LVARO PE\u00d1A La imagen de la presidenta de M\u00e9xico, Claudia Sheinbaum, junto al presidente de Estados Unidos, Donald Trump, y al primer ministro de Canad\u00e1, Mark Carney, durante la final de la Copa Mundial de la FIFA 2026 en Nueva York tiene un significado que rebasa\u2026","rel":"","context":"En \u00abOPINI\u00d3N\u00bb","block_context":{"text":"OPINI\u00d3N","link":"https:\/\/politicosaldesnudo.com.mx\/index.php\/category\/columnistas\/"},"img":{"alt_text":"","src":"https:\/\/i0.wp.com\/politicosaldesnudo.com.mx\/wp-content\/uploads\/2026\/07\/BANNER-LOPEZ-DORIGA-DIGITAL-3.jpg?fit=800%2C445&ssl=1&resize=350%2C200","width":350,"height":200,"srcset":"https:\/\/i0.wp.com\/politicosaldesnudo.com.mx\/wp-content\/uploads\/2026\/07\/BANNER-LOPEZ-DORIGA-DIGITAL-3.jpg?fit=800%2C445&ssl=1&resize=350%2C200 1x, https:\/\/i0.wp.com\/politicosaldesnudo.com.mx\/wp-content\/uploads\/2026\/07\/BANNER-LOPEZ-DORIGA-DIGITAL-3.jpg?fit=800%2C445&ssl=1&resize=525%2C300 1.5x, https:\/\/i0.wp.com\/politicosaldesnudo.com.mx\/wp-content\/uploads\/2026\/07\/BANNER-LOPEZ-DORIGA-DIGITAL-3.jpg?fit=800%2C445&ssl=1&resize=700%2C400 2x"},"classes":[]},{"id":87355,"url":"https:\/\/politicosaldesnudo.com.mx\/index.php\/2026\/07\/29\/la-justicia-no-puede-tener-partido\/","url_meta":{"origin":80674,"position":5},"title":"La justicia no puede tener partido","author":"Redacci\u00f3n Pol\u00edticos","date":"29 de julio de 2026","format":false,"excerpt":"ALMA GRANDE POR \u00c1NGEL \u00c1LVARO PE\u00d1A En pol\u00edtica, pocas cosas erosionan tanto la confianza ciudadana como la percepci\u00f3n de que la justicia se utiliza con criterios distintos seg\u00fan el color partidista de quien enfrenta una acusaci\u00f3n. Por eso, m\u00e1s all\u00e1 de qui\u00e9n haya levantado la voz, el llamado a la\u2026","rel":"","context":"En \u00abOPINI\u00d3N\u00bb","block_context":{"text":"OPINI\u00d3N","link":"https:\/\/politicosaldesnudo.com.mx\/index.php\/category\/columnistas\/"},"img":{"alt_text":"","src":"https:\/\/i0.wp.com\/politicosaldesnudo.com.mx\/wp-content\/uploads\/2026\/07\/BANNER-LOPEZ-DORIGA-DIGITAL-4.jpg?fit=800%2C445&ssl=1&resize=350%2C200","width":350,"height":200,"srcset":"https:\/\/i0.wp.com\/politicosaldesnudo.com.mx\/wp-content\/uploads\/2026\/07\/BANNER-LOPEZ-DORIGA-DIGITAL-4.jpg?fit=800%2C445&ssl=1&resize=350%2C200 1x, https:\/\/i0.wp.com\/politicosaldesnudo.com.mx\/wp-content\/uploads\/2026\/07\/BANNER-LOPEZ-DORIGA-DIGITAL-4.jpg?fit=800%2C445&ssl=1&resize=525%2C300 1.5x, https:\/\/i0.wp.com\/politicosaldesnudo.com.mx\/wp-content\/uploads\/2026\/07\/BANNER-LOPEZ-DORIGA-DIGITAL-4.jpg?fit=800%2C445&ssl=1&resize=700%2C400 2x"},"classes":[]}],"jetpack_sharing_enabled":true,"jetpack_featured_media_url":"https:\/\/i0.wp.com\/politicosaldesnudo.com.mx\/wp-content\/uploads\/2026\/02\/trav.jpg?fit=1200%2C801&ssl=1","_links":{"self":[{"href":"https:\/\/politicosaldesnudo.com.mx\/index.php\/wp-json\/wp\/v2\/posts\/80674","targetHints":{"allow":["GET"]}}],"collection":[{"href":"https:\/\/politicosaldesnudo.com.mx\/index.php\/wp-json\/wp\/v2\/posts"}],"about":[{"href":"https:\/\/politicosaldesnudo.com.mx\/index.php\/wp-json\/wp\/v2\/types\/post"}],"author":[{"embeddable":true,"href":"https:\/\/politicosaldesnudo.com.mx\/index.php\/wp-json\/wp\/v2\/users\/4"}],"replies":[{"embeddable":true,"href":"https:\/\/politicosaldesnudo.com.mx\/index.php\/wp-json\/wp\/v2\/comments?post=80674"}],"version-history":[{"count":0,"href":"https:\/\/politicosaldesnudo.com.mx\/index.php\/wp-json\/wp\/v2\/posts\/80674\/revisions"}],"wp:featuredmedia":[{"embeddable":true,"href":"https:\/\/politicosaldesnudo.com.mx\/index.php\/wp-json\/wp\/v2\/media\/80675"}],"wp:attachment":[{"href":"https:\/\/politicosaldesnudo.com.mx\/index.php\/wp-json\/wp\/v2\/media?parent=80674"}],"wp:term":[{"taxonomy":"category","embeddable":true,"href":"https:\/\/politicosaldesnudo.com.mx\/index.php\/wp-json\/wp\/v2\/categories?post=80674"},{"taxonomy":"post_tag","embeddable":true,"href":"https:\/\/politicosaldesnudo.com.mx\/index.php\/wp-json\/wp\/v2\/tags?post=80674"}],"curies":[{"name":"wp","href":"https:\/\/api.w.org\/{rel}","templated":true}]}}