{"id":80730,"date":"2026-02-27T00:17:09","date_gmt":"2026-02-27T06:17:09","guid":{"rendered":"https:\/\/politicosaldesnudo.com.mx\/?p=80730"},"modified":"2026-02-26T22:29:12","modified_gmt":"2026-02-27T04:29:12","slug":"argentina-policias-golpean-a-camarografo-que-filmo-detencion-de-activistas-de-greenpeace","status":"publish","type":"post","link":"https:\/\/politicosaldesnudo.com.mx\/index.php\/2026\/02\/27\/argentina-policias-golpean-a-camarografo-que-filmo-detencion-de-activistas-de-greenpeace\/","title":{"rendered":"Argentina: polic\u00edas golpean a camar\u00f3grafo que film\u00f3 detenci\u00f3n de activistas de Greenpeace"},"content":{"rendered":"<p class=\"nota-justify\">La imagen del camar\u00f3grafo Facundo Tedeschini, con la cara ensangrentada arrastrado con las manos atadas tras ser brutalmente atacado por unos diez polic\u00edas, por filmar la detenci\u00f3n de doce activistas de Greenpeace evidenci\u00f3 la violencia contra la prensa por parte del gobierno del presidente, el ultraderechista Javier Milei.<\/p>\n<p class=\"nota-justify\">Los manifestantes de Greenpeace lograron saltar las rejas del Congreso y extendieron sus carteles para protestar por las modificaciones a la ley de glaciares sent\u00e1ndose en las escalinata.<\/p>\n<p class=\"nota-justify\">Tedeschini fue llevado detenido a un hospital, pero fue puesto en libertad ya que el juez ante el cual la polic\u00eda lo present\u00f3 como agresor de polic\u00edas s\u00f3lo por filmar c\u00f3mo arrestaban a los activistas de Greenpace, acus\u00e1ndolos de ser violadores de domicilios y otros delitos, que podr\u00edan considerarlos como terroristas.<\/p>\n<p class=\"nota-justify\">Al ver al filmaci\u00f3n, el magistrado orden\u00f3 la liberaci\u00f3n de todos y present\u00f3 un sumario por la mentira de un jefe policial, que los present\u00f3 con supuestas pruebas como extremadamente violentos y peligrosos.<\/p>\n<p class=\"nota-justify\">En tanto, todos los sindicatos y periodistas de todos los medios repudiaron la agresi\u00f3n y tambi\u00e9n hay denuncias sobre los 150 trabajadores de prensa, ya limitada en sus funciones, que fueron heridos, uno de ellos de extrema gravedad, en lo que va de esta administraci\u00f3n.<\/p>\n<p class=\"nota-justify\">Milei consider\u00f3 este jueves como \u201cterroristas\u201d a los periodistas y al Foro de Periodismo Argentino, que protest\u00f3 fuertemente este d\u00eda.<\/p>\n<p class=\"nota-justify\">La modificaci\u00f3n de la ley de glaciares permitir\u00e1 la entrada de mineras, \u201cdejando desiertos\u201d en los lugares por donde pasen y afectando gravemente a los pueblos originarios, y a quienes se oponen este gobierno est\u00e1 decidido a convertirlos en \u201cterroristas\u201d, como sucede con los Mapuches, en la Patagonia.<\/p>\n<p class=\"nota-justify\">Cumpliendo con las ordenanzas del presidente de Estados Unidos Donald Trump, y de su embajador aqu\u00ed Peter Lamelas quien lleg\u00f3 anunciando el disciplinamiento de las provincias, enviados de Milei visitaron varias provincias a fines del a\u00f1o pasado.<\/p>\n<p class=\"nota-justify\">Antes, el gobierno dej\u00f3 de pagar a las provincias los fondos de coparticipaci\u00f3n, como una forma de chantaje. El m\u00e1s afectado ha sido el gobernador de la provincia de Buenos Aires, el peronista, Axel Kicillof, que no se aline\u00f3 y se ha unido con sus pares de otras provincias para resistir los embates oficialistas.<\/p>\n<p class=\"nota-justify\">El chantaje, las ofertas y repartos de millones de d\u00f3lares se evidenci\u00f3 como nunca antes en los \u00faltimos d\u00edas con el voto en favor de la reforma laboral, que anula no s\u00f3lo todos los derechos de los trabajadores. Tambi\u00e9n qued\u00f3 expuesto c\u00f3mo el gobierno dobl\u00f3 la voluntad de los gobernadores y legisladores de varias provincias. Milei logr\u00f3 la aprobaci\u00f3n gracias a m\u00e9todos de corrupci\u00f3n.<\/p>\n<p class=\"nota-justify\">La tragedia argentina est\u00e1 a la vista. Una buena parte del territorio argentino ya ha sido entregado especialmente a Estados Unidos, Israel y Gran Breta\u00f1a. Mientras se rematan las empresas estatales que fueron privatizadas desde la llegada de Milei se han cerrado 21 mil industrias, grandes supermercados han quebrado o se han ido del pa\u00eds. Se han perdido m\u00e1s de 300 mil puestos de trabajos privados y m\u00e1s de 60 mil estatales. La suma con lo que ya exist\u00eda de trabajadores informales desocupados suman casi un mill\u00f3n de empleos.<\/p>\n<p class=\"nota-justify\">En tanto la figura de Milei comienza a caer. AtlasIntel\/Bloomberg encontr\u00f3 que 63.2 por ciento de las mujeres desaprueba su gesti\u00f3n, frente a 46 por ciento de los varones. Adem\u00e1s, 77 por ciento de familias que se sienten afectada.<\/p>\n","protected":false},"excerpt":{"rendered":"<p>La imagen del camar\u00f3grafo Facundo Tedeschini, con la cara ensangrentada arrastrado con las manos atadas tras ser brutalmente atacado por [&hellip;]<\/p>\n","protected":false},"author":4,"featured_media":80731,"comment_status":"closed","ping_status":"closed","sticky":false,"template":"","format":"standard","meta":{"site-sidebar-layout":"default","site-content-layout":"","ast-site-content-layout":"default","site-content-style":"default","site-sidebar-style":"default","ast-global-header-display":"","ast-banner-title-visibility":"","ast-main-header-display":"","ast-hfb-above-header-display":"","ast-hfb-below-header-display":"","ast-hfb-mobile-header-display":"","site-post-title":"","ast-breadcrumbs-content":"","ast-featured-img":"","footer-sml-layout":"","ast-disable-related-posts":"","theme-transparent-header-meta":"","adv-header-id-meta":"","stick-header-meta":"","header-above-stick-meta":"","header-main-stick-meta":"","header-below-stick-meta":"","astra-migrate-meta-layouts":"default","ast-page-background-enabled":"default","ast-page-background-meta":{"desktop":{"background-color":"var(--ast-global-color-5)","background-image":"","background-repeat":"repeat","background-position":"center center","background-size":"auto","background-attachment":"scroll","background-type":"","background-media":"","overlay-type":"","overlay-color":"","overlay-opacity":"","overlay-gradient":""},"tablet":{"background-color":"","background-image":"","background-repeat":"repeat","background-position":"center center","background-size":"auto","background-attachment":"scroll","background-type":"","background-media":"","overlay-type":"","overlay-color":"","overlay-opacity":"","overlay-gradient":""},"mobile":{"background-color":"","background-image":"","background-repeat":"repeat","background-position":"center center","background-size":"auto","background-attachment":"scroll","background-type":"","background-media":"","overlay-type":"","overlay-color":"","overlay-opacity":"","overlay-gradient":""}},"ast-content-background-meta":{"desktop":{"background-color":"var(--ast-global-color-4)","background-image":"","background-repeat":"repeat","background-position":"center center","background-size":"auto","background-attachment":"scroll","background-type":"","background-media":"","overlay-type":"","overlay-color":"","overlay-opacity":"","overlay-gradient":""},"tablet":{"background-color":"var(--ast-global-color-4)","background-image":"","background-repeat":"repeat","background-position":"center center","background-size":"auto","background-attachment":"scroll","background-type":"","background-media":"","overlay-type":"","overlay-color":"","overlay-opacity":"","overlay-gradient":""},"mobile":{"background-color":"var(--ast-global-color-4)","background-image":"","background-repeat":"repeat","background-position":"center center","background-size":"auto","background-attachment":"scroll","background-type":"","background-media":"","overlay-type":"","overlay-color":"","overlay-opacity":"","overlay-gradient":""}},"_jetpack_newsletter_access":"","_jetpack_dont_email_post_to_subs":false,"_jetpack_newsletter_tier_id":0,"_jetpack_memberships_contains_paywalled_content":false,"_jetpack_feature_clip_id":0,"_jetpack_memberships_contains_paid_content":false,"footnotes":"","jetpack_publicize_message":"","jetpack_publicize_feature_enabled":true,"jetpack_social_post_already_shared":true,"jetpack_social_options":{"image_generator_settings":{"template":"highway","default_image_id":0,"font":"","enabled":false},"version":2},"jetpack_post_was_ever_published":false},"categories":[28],"tags":[],"class_list":["post-80730","post","type-post","status-publish","format-standard","has-post-thumbnail","hentry","category-internacional"],"yoast_head":"<!-- This site is optimized with the Yoast SEO plugin v28.3 - https:\/\/yoast.com\/product\/yoast-seo-wordpress\/ -->\n<title>Argentina: polic\u00edas golpean a camar\u00f3grafo que film\u00f3 detenci\u00f3n de activistas de Greenpeace - Pol\u00edticos al Desnudo<\/title>\n<meta name=\"robots\" content=\"index, follow, max-snippet:-1, max-image-preview:large, max-video-preview:-1\" \/>\n<link rel=\"canonical\" href=\"https:\/\/politicosaldesnudo.com.mx\/index.php\/2026\/02\/27\/argentina-policias-golpean-a-camarografo-que-filmo-detencion-de-activistas-de-greenpeace\/\" \/>\n<meta property=\"og:locale\" content=\"es_ES\" \/>\n<meta property=\"og:type\" content=\"article\" \/>\n<meta property=\"og:title\" content=\"Argentina: polic\u00edas golpean a camar\u00f3grafo que film\u00f3 detenci\u00f3n de activistas de Greenpeace - Pol\u00edticos al Desnudo\" \/>\n<meta property=\"og:description\" content=\"La imagen del camar\u00f3grafo Facundo Tedeschini, con la cara ensangrentada arrastrado con las manos atadas tras ser brutalmente atacado por [&hellip;]\" \/>\n<meta property=\"og:url\" content=\"https:\/\/politicosaldesnudo.com.mx\/index.php\/2026\/02\/27\/argentina-policias-golpean-a-camarografo-que-filmo-detencion-de-activistas-de-greenpeace\/\" \/>\n<meta property=\"og:site_name\" content=\"Pol\u00edticos al Desnudo\" \/>\n<meta property=\"article:publisher\" content=\"https:\/\/www.facebook.com\/PoliticosAD\" \/>\n<meta property=\"article:published_time\" content=\"2026-02-27T06:17:09+00:00\" \/>\n<meta property=\"og:image\" content=\"https:\/\/i0.wp.com\/politicosaldesnudo.com.mx\/wp-content\/uploads\/2026\/02\/APASASD.jpg?fit=1200%2C800&ssl=1\" \/>\n\t<meta property=\"og:image:width\" content=\"1200\" \/>\n\t<meta property=\"og:image:height\" content=\"800\" \/>\n\t<meta property=\"og:image:type\" content=\"image\/jpeg\" \/>\n<meta name=\"author\" content=\"Redacci\u00f3n Pol\u00edticos\" \/>\n<meta name=\"twitter:card\" content=\"summary_large_image\" \/>\n<meta name=\"twitter:label1\" content=\"Escrito por\" \/>\n\t<meta name=\"twitter:data1\" content=\"Redacci\u00f3n Pol\u00edticos\" \/>\n\t<meta name=\"twitter:label2\" content=\"Tiempo de lectura\" \/>\n\t<meta name=\"twitter:data2\" content=\"3 minutos\" \/>\n<script type=\"application\/ld+json\" class=\"yoast-schema-graph\">{\"@context\":\"https:\\\/\\\/schema.org\",\"@graph\":[{\"@type\":\"Article\",\"@id\":\"https:\\\/\\\/politicosaldesnudo.com.mx\\\/index.php\\\/2026\\\/02\\\/27\\\/argentina-policias-golpean-a-camarografo-que-filmo-detencion-de-activistas-de-greenpeace\\\/#article\",\"isPartOf\":{\"@id\":\"https:\\\/\\\/politicosaldesnudo.com.mx\\\/index.php\\\/2026\\\/02\\\/27\\\/argentina-policias-golpean-a-camarografo-que-filmo-detencion-de-activistas-de-greenpeace\\\/\"},\"author\":{\"name\":\"Redacci\u00f3n Pol\u00edticos\",\"@id\":\"https:\\\/\\\/politicosaldesnudo.com.mx\\\/#\\\/schema\\\/person\\\/ef3a64e561cc3f3f5dc52fab81adde7e\"},\"headline\":\"Argentina: polic\u00edas golpean a camar\u00f3grafo que film\u00f3 detenci\u00f3n de activistas de Greenpeace\",\"datePublished\":\"2026-02-27T06:17:09+00:00\",\"mainEntityOfPage\":{\"@id\":\"https:\\\/\\\/politicosaldesnudo.com.mx\\\/index.php\\\/2026\\\/02\\\/27\\\/argentina-policias-golpean-a-camarografo-que-filmo-detencion-de-activistas-de-greenpeace\\\/\"},\"wordCount\":601,\"publisher\":{\"@id\":\"https:\\\/\\\/politicosaldesnudo.com.mx\\\/#organization\"},\"image\":{\"@id\":\"https:\\\/\\\/politicosaldesnudo.com.mx\\\/index.php\\\/2026\\\/02\\\/27\\\/argentina-policias-golpean-a-camarografo-que-filmo-detencion-de-activistas-de-greenpeace\\\/#primaryimage\"},\"thumbnailUrl\":\"https:\\\/\\\/i0.wp.com\\\/politicosaldesnudo.com.mx\\\/wp-content\\\/uploads\\\/2026\\\/02\\\/APASASD.jpg?fit=1200%2C800&ssl=1\",\"articleSection\":[\"INTERNACIONAL\"],\"inLanguage\":\"es\"},{\"@type\":\"WebPage\",\"@id\":\"https:\\\/\\\/politicosaldesnudo.com.mx\\\/index.php\\\/2026\\\/02\\\/27\\\/argentina-policias-golpean-a-camarografo-que-filmo-detencion-de-activistas-de-greenpeace\\\/\",\"url\":\"https:\\\/\\\/politicosaldesnudo.com.mx\\\/index.php\\\/2026\\\/02\\\/27\\\/argentina-policias-golpean-a-camarografo-que-filmo-detencion-de-activistas-de-greenpeace\\\/\",\"name\":\"Argentina: polic\u00edas golpean a camar\u00f3grafo que film\u00f3 detenci\u00f3n de activistas de Greenpeace - Pol\u00edticos al Desnudo\",\"isPartOf\":{\"@id\":\"https:\\\/\\\/politicosaldesnudo.com.mx\\\/#website\"},\"primaryImageOfPage\":{\"@id\":\"https:\\\/\\\/politicosaldesnudo.com.mx\\\/index.php\\\/2026\\\/02\\\/27\\\/argentina-policias-golpean-a-camarografo-que-filmo-detencion-de-activistas-de-greenpeace\\\/#primaryimage\"},\"image\":{\"@id\":\"https:\\\/\\\/politicosaldesnudo.com.mx\\\/index.php\\\/2026\\\/02\\\/27\\\/argentina-policias-golpean-a-camarografo-que-filmo-detencion-de-activistas-de-greenpeace\\\/#primaryimage\"},\"thumbnailUrl\":\"https:\\\/\\\/i0.wp.com\\\/politicosaldesnudo.com.mx\\\/wp-content\\\/uploads\\\/2026\\\/02\\\/APASASD.jpg?fit=1200%2C800&ssl=1\",\"datePublished\":\"2026-02-27T06:17:09+00:00\",\"breadcrumb\":{\"@id\":\"https:\\\/\\\/politicosaldesnudo.com.mx\\\/index.php\\\/2026\\\/02\\\/27\\\/argentina-policias-golpean-a-camarografo-que-filmo-detencion-de-activistas-de-greenpeace\\\/#breadcrumb\"},\"inLanguage\":\"es\",\"potentialAction\":[{\"@type\":\"ReadAction\",\"target\":[\"https:\\\/\\\/politicosaldesnudo.com.mx\\\/index.php\\\/2026\\\/02\\\/27\\\/argentina-policias-golpean-a-camarografo-que-filmo-detencion-de-activistas-de-greenpeace\\\/\"]}]},{\"@type\":\"ImageObject\",\"inLanguage\":\"es\",\"@id\":\"https:\\\/\\\/politicosaldesnudo.com.mx\\\/index.php\\\/2026\\\/02\\\/27\\\/argentina-policias-golpean-a-camarografo-que-filmo-detencion-de-activistas-de-greenpeace\\\/#primaryimage\",\"url\":\"https:\\\/\\\/i0.wp.com\\\/politicosaldesnudo.com.mx\\\/wp-content\\\/uploads\\\/2026\\\/02\\\/APASASD.jpg?fit=1200%2C800&ssl=1\",\"contentUrl\":\"https:\\\/\\\/i0.wp.com\\\/politicosaldesnudo.com.mx\\\/wp-content\\\/uploads\\\/2026\\\/02\\\/APASASD.jpg?fit=1200%2C800&ssl=1\",\"width\":1200,\"height\":800},{\"@type\":\"BreadcrumbList\",\"@id\":\"https:\\\/\\\/politicosaldesnudo.com.mx\\\/index.php\\\/2026\\\/02\\\/27\\\/argentina-policias-golpean-a-camarografo-que-filmo-detencion-de-activistas-de-greenpeace\\\/#breadcrumb\",\"itemListElement\":[{\"@type\":\"ListItem\",\"position\":1,\"name\":\"Portada\",\"item\":\"https:\\\/\\\/politicosaldesnudo.com.mx\\\/\"},{\"@type\":\"ListItem\",\"position\":2,\"name\":\"Argentina: polic\u00edas golpean a camar\u00f3grafo que film\u00f3 detenci\u00f3n de activistas de Greenpeace\"}]},{\"@type\":\"WebSite\",\"@id\":\"https:\\\/\\\/politicosaldesnudo.com.mx\\\/#website\",\"url\":\"https:\\\/\\\/politicosaldesnudo.com.mx\\\/\",\"name\":\"Pol\u00edticos al Desnudo\",\"description\":\"\",\"publisher\":{\"@id\":\"https:\\\/\\\/politicosaldesnudo.com.mx\\\/#organization\"},\"potentialAction\":[{\"@type\":\"SearchAction\",\"target\":{\"@type\":\"EntryPoint\",\"urlTemplate\":\"https:\\\/\\\/politicosaldesnudo.com.mx\\\/?s={search_term_string}\"},\"query-input\":{\"@type\":\"PropertyValueSpecification\",\"valueRequired\":true,\"valueName\":\"search_term_string\"}}],\"inLanguage\":\"es\"},{\"@type\":\"Organization\",\"@id\":\"https:\\\/\\\/politicosaldesnudo.com.mx\\\/#organization\",\"name\":\"Pol\u00edticos al Desnudo\",\"url\":\"https:\\\/\\\/politicosaldesnudo.com.mx\\\/\",\"logo\":{\"@type\":\"ImageObject\",\"inLanguage\":\"es\",\"@id\":\"https:\\\/\\\/politicosaldesnudo.com.mx\\\/#\\\/schema\\\/logo\\\/image\\\/\",\"url\":\"https:\\\/\\\/i0.wp.com\\\/politicosaldesnudo.com.mx\\\/wp-content\\\/uploads\\\/2026\\\/08\\\/cropped-logo.webp?fit=400%2C126&ssl=1\",\"contentUrl\":\"https:\\\/\\\/i0.wp.com\\\/politicosaldesnudo.com.mx\\\/wp-content\\\/uploads\\\/2026\\\/08\\\/cropped-logo.webp?fit=400%2C126&ssl=1\",\"width\":400,\"height\":126,\"caption\":\"Pol\u00edticos al Desnudo\"},\"image\":{\"@id\":\"https:\\\/\\\/politicosaldesnudo.com.mx\\\/#\\\/schema\\\/logo\\\/image\\\/\"},\"sameAs\":[\"https:\\\/\\\/www.facebook.com\\\/PoliticosAD\"]},{\"@type\":\"Person\",\"@id\":\"https:\\\/\\\/politicosaldesnudo.com.mx\\\/#\\\/schema\\\/person\\\/ef3a64e561cc3f3f5dc52fab81adde7e\",\"name\":\"Redacci\u00f3n Pol\u00edticos\",\"url\":\"https:\\\/\\\/politicosaldesnudo.com.mx\\\/index.php\\\/author\\\/redaccion-politicos\\\/\"}]}<\/script>\n<!-- \/ Yoast SEO plugin. -->","yoast_head_json":{"title":"Argentina: polic\u00edas golpean a camar\u00f3grafo que film\u00f3 detenci\u00f3n de activistas de Greenpeace - Pol\u00edticos al Desnudo","robots":{"index":"index","follow":"follow","max-snippet":"max-snippet:-1","max-image-preview":"max-image-preview:large","max-video-preview":"max-video-preview:-1"},"canonical":"https:\/\/politicosaldesnudo.com.mx\/index.php\/2026\/02\/27\/argentina-policias-golpean-a-camarografo-que-filmo-detencion-de-activistas-de-greenpeace\/","og_locale":"es_ES","og_type":"article","og_title":"Argentina: polic\u00edas golpean a camar\u00f3grafo que film\u00f3 detenci\u00f3n de activistas de Greenpeace - Pol\u00edticos al Desnudo","og_description":"La imagen del camar\u00f3grafo Facundo Tedeschini, con la cara ensangrentada arrastrado con las manos atadas tras ser brutalmente atacado por [&hellip;]","og_url":"https:\/\/politicosaldesnudo.com.mx\/index.php\/2026\/02\/27\/argentina-policias-golpean-a-camarografo-que-filmo-detencion-de-activistas-de-greenpeace\/","og_site_name":"Pol\u00edticos al Desnudo","article_publisher":"https:\/\/www.facebook.com\/PoliticosAD","article_published_time":"2026-02-27T06:17:09+00:00","og_image":[{"width":1200,"height":800,"url":"https:\/\/i0.wp.com\/politicosaldesnudo.com.mx\/wp-content\/uploads\/2026\/02\/APASASD.jpg?fit=1200%2C800&ssl=1","type":"image\/jpeg"}],"author":"Redacci\u00f3n Pol\u00edticos","twitter_card":"summary_large_image","twitter_misc":{"Escrito por":"Redacci\u00f3n Pol\u00edticos","Tiempo de lectura":"3 minutos"},"schema":{"@context":"https:\/\/schema.org","@graph":[{"@type":"Article","@id":"https:\/\/politicosaldesnudo.com.mx\/index.php\/2026\/02\/27\/argentina-policias-golpean-a-camarografo-que-filmo-detencion-de-activistas-de-greenpeace\/#article","isPartOf":{"@id":"https:\/\/politicosaldesnudo.com.mx\/index.php\/2026\/02\/27\/argentina-policias-golpean-a-camarografo-que-filmo-detencion-de-activistas-de-greenpeace\/"},"author":{"name":"Redacci\u00f3n Pol\u00edticos","@id":"https:\/\/politicosaldesnudo.com.mx\/#\/schema\/person\/ef3a64e561cc3f3f5dc52fab81adde7e"},"headline":"Argentina: polic\u00edas golpean a camar\u00f3grafo que film\u00f3 detenci\u00f3n de activistas de Greenpeace","datePublished":"2026-02-27T06:17:09+00:00","mainEntityOfPage":{"@id":"https:\/\/politicosaldesnudo.com.mx\/index.php\/2026\/02\/27\/argentina-policias-golpean-a-camarografo-que-filmo-detencion-de-activistas-de-greenpeace\/"},"wordCount":601,"publisher":{"@id":"https:\/\/politicosaldesnudo.com.mx\/#organization"},"image":{"@id":"https:\/\/politicosaldesnudo.com.mx\/index.php\/2026\/02\/27\/argentina-policias-golpean-a-camarografo-que-filmo-detencion-de-activistas-de-greenpeace\/#primaryimage"},"thumbnailUrl":"https:\/\/i0.wp.com\/politicosaldesnudo.com.mx\/wp-content\/uploads\/2026\/02\/APASASD.jpg?fit=1200%2C800&ssl=1","articleSection":["INTERNACIONAL"],"inLanguage":"es"},{"@type":"WebPage","@id":"https:\/\/politicosaldesnudo.com.mx\/index.php\/2026\/02\/27\/argentina-policias-golpean-a-camarografo-que-filmo-detencion-de-activistas-de-greenpeace\/","url":"https:\/\/politicosaldesnudo.com.mx\/index.php\/2026\/02\/27\/argentina-policias-golpean-a-camarografo-que-filmo-detencion-de-activistas-de-greenpeace\/","name":"Argentina: polic\u00edas golpean a camar\u00f3grafo que film\u00f3 detenci\u00f3n de activistas de Greenpeace - Pol\u00edticos al Desnudo","isPartOf":{"@id":"https:\/\/politicosaldesnudo.com.mx\/#website"},"primaryImageOfPage":{"@id":"https:\/\/politicosaldesnudo.com.mx\/index.php\/2026\/02\/27\/argentina-policias-golpean-a-camarografo-que-filmo-detencion-de-activistas-de-greenpeace\/#primaryimage"},"image":{"@id":"https:\/\/politicosaldesnudo.com.mx\/index.php\/2026\/02\/27\/argentina-policias-golpean-a-camarografo-que-filmo-detencion-de-activistas-de-greenpeace\/#primaryimage"},"thumbnailUrl":"https:\/\/i0.wp.com\/politicosaldesnudo.com.mx\/wp-content\/uploads\/2026\/02\/APASASD.jpg?fit=1200%2C800&ssl=1","datePublished":"2026-02-27T06:17:09+00:00","breadcrumb":{"@id":"https:\/\/politicosaldesnudo.com.mx\/index.php\/2026\/02\/27\/argentina-policias-golpean-a-camarografo-que-filmo-detencion-de-activistas-de-greenpeace\/#breadcrumb"},"inLanguage":"es","potentialAction":[{"@type":"ReadAction","target":["https:\/\/politicosaldesnudo.com.mx\/index.php\/2026\/02\/27\/argentina-policias-golpean-a-camarografo-que-filmo-detencion-de-activistas-de-greenpeace\/"]}]},{"@type":"ImageObject","inLanguage":"es","@id":"https:\/\/politicosaldesnudo.com.mx\/index.php\/2026\/02\/27\/argentina-policias-golpean-a-camarografo-que-filmo-detencion-de-activistas-de-greenpeace\/#primaryimage","url":"https:\/\/i0.wp.com\/politicosaldesnudo.com.mx\/wp-content\/uploads\/2026\/02\/APASASD.jpg?fit=1200%2C800&ssl=1","contentUrl":"https:\/\/i0.wp.com\/politicosaldesnudo.com.mx\/wp-content\/uploads\/2026\/02\/APASASD.jpg?fit=1200%2C800&ssl=1","width":1200,"height":800},{"@type":"BreadcrumbList","@id":"https:\/\/politicosaldesnudo.com.mx\/index.php\/2026\/02\/27\/argentina-policias-golpean-a-camarografo-que-filmo-detencion-de-activistas-de-greenpeace\/#breadcrumb","itemListElement":[{"@type":"ListItem","position":1,"name":"Portada","item":"https:\/\/politicosaldesnudo.com.mx\/"},{"@type":"ListItem","position":2,"name":"Argentina: polic\u00edas golpean a camar\u00f3grafo que film\u00f3 detenci\u00f3n de activistas de Greenpeace"}]},{"@type":"WebSite","@id":"https:\/\/politicosaldesnudo.com.mx\/#website","url":"https:\/\/politicosaldesnudo.com.mx\/","name":"Pol\u00edticos al Desnudo","description":"","publisher":{"@id":"https:\/\/politicosaldesnudo.com.mx\/#organization"},"potentialAction":[{"@type":"SearchAction","target":{"@type":"EntryPoint","urlTemplate":"https:\/\/politicosaldesnudo.com.mx\/?s={search_term_string}"},"query-input":{"@type":"PropertyValueSpecification","valueRequired":true,"valueName":"search_term_string"}}],"inLanguage":"es"},{"@type":"Organization","@id":"https:\/\/politicosaldesnudo.com.mx\/#organization","name":"Pol\u00edticos al Desnudo","url":"https:\/\/politicosaldesnudo.com.mx\/","logo":{"@type":"ImageObject","inLanguage":"es","@id":"https:\/\/politicosaldesnudo.com.mx\/#\/schema\/logo\/image\/","url":"https:\/\/i0.wp.com\/politicosaldesnudo.com.mx\/wp-content\/uploads\/2026\/08\/cropped-logo.webp?fit=400%2C126&ssl=1","contentUrl":"https:\/\/i0.wp.com\/politicosaldesnudo.com.mx\/wp-content\/uploads\/2026\/08\/cropped-logo.webp?fit=400%2C126&ssl=1","width":400,"height":126,"caption":"Pol\u00edticos al Desnudo"},"image":{"@id":"https:\/\/politicosaldesnudo.com.mx\/#\/schema\/logo\/image\/"},"sameAs":["https:\/\/www.facebook.com\/PoliticosAD"]},{"@type":"Person","@id":"https:\/\/politicosaldesnudo.com.mx\/#\/schema\/person\/ef3a64e561cc3f3f5dc52fab81adde7e","name":"Redacci\u00f3n Pol\u00edticos","url":"https:\/\/politicosaldesnudo.com.mx\/index.php\/author\/redaccion-politicos\/"}]}},"jetpack_publicize_connections":[],"jetpack-related-posts":[{"id":88233,"url":"https:\/\/politicosaldesnudo.com.mx\/index.php\/2026\/08\/31\/argentina-en-alerta-tragedia-en-nepal-desata-presion-contra-milei-por-reforma-a-los-glaciares\/","url_meta":{"origin":80730,"position":0},"title":"Argentina en alerta: tragedia en Nepal desata presi\u00f3n contra Milei por reforma a los glaciares","author":"Redacci\u00f3n Pol\u00edticos","date":"31 de agosto de 2026","format":false,"excerpt":"La tragedia provocada por el colapso de una masa de hielo en Nepal encendi\u00f3 las alarmas a miles de kil\u00f3metros de distancia. En Argentina, organizaciones ambientalistas retomaron las protestas contra la reforma impulsada por Javier Milei, que flexibiliz\u00f3 la protecci\u00f3n de los glaciares y permiti\u00f3 el avance de proyectos mineros\u2026","rel":"","context":"En \u00abINTERNACIONAL\u00bb","block_context":{"text":"INTERNACIONAL","link":"https:\/\/politicosaldesnudo.com.mx\/index.php\/category\/internacional\/"},"img":{"alt_text":"","src":"https:\/\/i0.wp.com\/politicosaldesnudo.com.mx\/wp-content\/uploads\/2026\/08\/glaciar-perito-moreno-1280x720-1.jpg?fit=1200%2C675&ssl=1&resize=350%2C200","width":350,"height":200,"srcset":"https:\/\/i0.wp.com\/politicosaldesnudo.com.mx\/wp-content\/uploads\/2026\/08\/glaciar-perito-moreno-1280x720-1.jpg?fit=1200%2C675&ssl=1&resize=350%2C200 1x, https:\/\/i0.wp.com\/politicosaldesnudo.com.mx\/wp-content\/uploads\/2026\/08\/glaciar-perito-moreno-1280x720-1.jpg?fit=1200%2C675&ssl=1&resize=525%2C300 1.5x, https:\/\/i0.wp.com\/politicosaldesnudo.com.mx\/wp-content\/uploads\/2026\/08\/glaciar-perito-moreno-1280x720-1.jpg?fit=1200%2C675&ssl=1&resize=700%2C400 2x, https:\/\/i0.wp.com\/politicosaldesnudo.com.mx\/wp-content\/uploads\/2026\/08\/glaciar-perito-moreno-1280x720-1.jpg?fit=1200%2C675&ssl=1&resize=1050%2C600 3x"},"classes":[]},{"id":87734,"url":"https:\/\/politicosaldesnudo.com.mx\/index.php\/2026\/08\/14\/entre-el-desafuero-y-los-golpes-la-politica-vuelve-a-calentarse\/","url_meta":{"origin":80730,"position":1},"title":"Entre el desafuero y los golpes, la pol\u00edtica vuelve a calentarse","author":"Redacci\u00f3n Pol\u00edticos","date":"14 de agosto de 2026","format":false,"excerpt":"ALMA GRANDE POR \u00c1NGEL \u00c1LVARO PE\u00d1A La disputa por el fuero de Alejandro Moreno C\u00e1rdenas, dirigente nacional del PRI, volvi\u00f3 a elevar el tono entre legisladores de Morena y el tricolor. Esta vez, el intercambio pol\u00edtico termin\u00f3 en un enfrentamiento f\u00edsico que estuvo cerca de llegar a los golpes. El\u2026","rel":"","context":"En \u00abOPINI\u00d3N\u00bb","block_context":{"text":"OPINI\u00d3N","link":"https:\/\/politicosaldesnudo.com.mx\/index.php\/category\/columnistas\/"},"img":{"alt_text":"","src":"https:\/\/i0.wp.com\/politicosaldesnudo.com.mx\/wp-content\/uploads\/2026\/08\/alma-grande-140826.png?fit=1200%2C659&ssl=1&resize=350%2C200","width":350,"height":200,"srcset":"https:\/\/i0.wp.com\/politicosaldesnudo.com.mx\/wp-content\/uploads\/2026\/08\/alma-grande-140826.png?fit=1200%2C659&ssl=1&resize=350%2C200 1x, https:\/\/i0.wp.com\/politicosaldesnudo.com.mx\/wp-content\/uploads\/2026\/08\/alma-grande-140826.png?fit=1200%2C659&ssl=1&resize=525%2C300 1.5x, https:\/\/i0.wp.com\/politicosaldesnudo.com.mx\/wp-content\/uploads\/2026\/08\/alma-grande-140826.png?fit=1200%2C659&ssl=1&resize=700%2C400 2x, https:\/\/i0.wp.com\/politicosaldesnudo.com.mx\/wp-content\/uploads\/2026\/08\/alma-grande-140826.png?fit=1200%2C659&ssl=1&resize=1050%2C600 3x"},"classes":[]},{"id":88019,"url":"https:\/\/politicosaldesnudo.com.mx\/index.php\/2026\/08\/24\/incalificable-pifia\/","url_meta":{"origin":80730,"position":2},"title":"Incalificable pifia","author":"Redacci\u00f3n Pol\u00edticos","date":"24 de agosto de 2026","format":false,"excerpt":"Por Lic. Alberto Woolrich Ortiz Una de las m\u00e1s incalificables pifias en la historia jur\u00eddica de nuestro M\u00e9xico, resulta ser la Reforma Judicial de Andr\u00e9s Manuel L\u00f3pez Obrador, la cual hoy obliga a nombrar por voto popular a togas de impartici\u00f3n de justicia, las m\u00e1s de las veces ignorantes, como\u2026","rel":"","context":"En \u00abOPINI\u00d3N\u00bb","block_context":{"text":"OPINI\u00d3N","link":"https:\/\/politicosaldesnudo.com.mx\/index.php\/category\/columnistas\/"},"img":{"alt_text":"","src":"https:\/\/i0.wp.com\/politicosaldesnudo.com.mx\/wp-content\/uploads\/2026\/08\/woorich-scaled.png?fit=1200%2C659&ssl=1&resize=350%2C200","width":350,"height":200,"srcset":"https:\/\/i0.wp.com\/politicosaldesnudo.com.mx\/wp-content\/uploads\/2026\/08\/woorich-scaled.png?fit=1200%2C659&ssl=1&resize=350%2C200 1x, https:\/\/i0.wp.com\/politicosaldesnudo.com.mx\/wp-content\/uploads\/2026\/08\/woorich-scaled.png?fit=1200%2C659&ssl=1&resize=525%2C300 1.5x, https:\/\/i0.wp.com\/politicosaldesnudo.com.mx\/wp-content\/uploads\/2026\/08\/woorich-scaled.png?fit=1200%2C659&ssl=1&resize=700%2C400 2x, https:\/\/i0.wp.com\/politicosaldesnudo.com.mx\/wp-content\/uploads\/2026\/08\/woorich-scaled.png?fit=1200%2C659&ssl=1&resize=1050%2C600 3x"},"classes":[]},{"id":87921,"url":"https:\/\/politicosaldesnudo.com.mx\/index.php\/2026\/08\/20\/nahle-garantiza-permanencia-del-ingenio-san-pedro-analizan-tres-alternativas-para-su-operacion\/","url_meta":{"origin":80730,"position":3},"title":"Nahle garantiza permanencia del Ingenio San Pedro; analizan tres alternativas para su operaci\u00f3n","author":"Redacci\u00f3n Pol\u00edticos","date":"20 de agosto de 2026","format":false,"excerpt":"La incertidumbre comienza a despejarse para las familias que dependen del Ingenio San Pedro: la planta permanecer\u00e1 activa en Lerdo de Tejada, aunque todav\u00eda falta determinar qui\u00e9n la administrar\u00e1 y bajo qu\u00e9 condiciones. La gobernadora Roc\u00edo Nahle Garc\u00eda inform\u00f3 que las negociaciones realizadas durante los \u00faltimos d\u00edas permitieron construir tres\u2026","rel":"","context":"En \u00abESTADOS\u00bb","block_context":{"text":"ESTADOS","link":"https:\/\/politicosaldesnudo.com.mx\/index.php\/category\/estados\/"},"img":{"alt_text":"","src":"https:\/\/i0.wp.com\/politicosaldesnudo.com.mx\/wp-content\/uploads\/2026\/08\/INGENIO.jpg?fit=1200%2C675&ssl=1&resize=350%2C200","width":350,"height":200,"srcset":"https:\/\/i0.wp.com\/politicosaldesnudo.com.mx\/wp-content\/uploads\/2026\/08\/INGENIO.jpg?fit=1200%2C675&ssl=1&resize=350%2C200 1x, https:\/\/i0.wp.com\/politicosaldesnudo.com.mx\/wp-content\/uploads\/2026\/08\/INGENIO.jpg?fit=1200%2C675&ssl=1&resize=525%2C300 1.5x, https:\/\/i0.wp.com\/politicosaldesnudo.com.mx\/wp-content\/uploads\/2026\/08\/INGENIO.jpg?fit=1200%2C675&ssl=1&resize=700%2C400 2x, https:\/\/i0.wp.com\/politicosaldesnudo.com.mx\/wp-content\/uploads\/2026\/08\/INGENIO.jpg?fit=1200%2C675&ssl=1&resize=1050%2C600 3x"},"classes":[]},{"id":88078,"url":"https:\/\/politicosaldesnudo.com.mx\/index.php\/2026\/08\/26\/cae-en-puebla-presunto-tirador-de-cesar-gastelum-operativo-termina-con-un-muerto-y-dos-detenidos\/","url_meta":{"origin":80730,"position":4},"title":"Cae en Puebla presunto tirador de C\u00e9sar Gast\u00e9lum; operativo termina con un muerto y dos detenidos","author":"Redacci\u00f3n Pol\u00edticos","date":"26 de agosto de 2026","format":false,"excerpt":"La investigaci\u00f3n por el asesinato del creador de contenido C\u00e9sar Daniel Nolazco Gast\u00e9lum, conocido en redes sociales como \u201cCesar\u00edn\u201d, llev\u00f3 a las autoridades hasta Puebla, donde fue capturado uno de los hombres se\u00f1alados como presunto autor material del crimen. El detenido fue identificado como Jes\u00fas Alberto \u201cN\u201d, quien habr\u00eda participado\u2026","rel":"","context":"En \u00abNACIONAL\u00bb","block_context":{"text":"NACIONAL","link":"https:\/\/politicosaldesnudo.com.mx\/index.php\/category\/nacional\/"},"img":{"alt_text":"","src":"https:\/\/i0.wp.com\/politicosaldesnudo.com.mx\/wp-content\/uploads\/2026\/08\/9bf1b478-8aa6-4326-90de-c846d4161717-e340a99c-focus-min0.14-0.34-856-514.webp?fit=856%2C514&ssl=1&resize=350%2C200","width":350,"height":200,"srcset":"https:\/\/i0.wp.com\/politicosaldesnudo.com.mx\/wp-content\/uploads\/2026\/08\/9bf1b478-8aa6-4326-90de-c846d4161717-e340a99c-focus-min0.14-0.34-856-514.webp?fit=856%2C514&ssl=1&resize=350%2C200 1x, https:\/\/i0.wp.com\/politicosaldesnudo.com.mx\/wp-content\/uploads\/2026\/08\/9bf1b478-8aa6-4326-90de-c846d4161717-e340a99c-focus-min0.14-0.34-856-514.webp?fit=856%2C514&ssl=1&resize=525%2C300 1.5x, https:\/\/i0.wp.com\/politicosaldesnudo.com.mx\/wp-content\/uploads\/2026\/08\/9bf1b478-8aa6-4326-90de-c846d4161717-e340a99c-focus-min0.14-0.34-856-514.webp?fit=856%2C514&ssl=1&resize=700%2C400 2x"},"classes":[]},{"id":87594,"url":"https:\/\/politicosaldesnudo.com.mx\/index.php\/2026\/08\/10\/la-prision-de-aguirre-puede-alcanzar-a-pena-nieto-y-a-calderon\/","url_meta":{"origin":80730,"position":5},"title":"La prisi\u00f3n de Aguirre puede alcanzar a Pe\u00f1a Nieto y a Calder\u00f3n","author":"Redacci\u00f3n Pol\u00edticos","date":"10 de agosto de 2026","format":false,"excerpt":"Por: Jos\u00e9 Lima Cobos En tanto el \u201cgusano\u201d mayor de Cuba en EEUU, Marco Rubio, secretario de Estado de ese pa\u00eds, amenaza con apretar cada d\u00eda m\u00e1s la soga que tiene desde hace m\u00e1s de sesenta a\u00f1os el pueblo cubano en su cuello, a efecto de hacer que se arrodille\u2026","rel":"","context":"En \u00abOPINI\u00d3N\u00bb","block_context":{"text":"OPINI\u00d3N","link":"https:\/\/politicosaldesnudo.com.mx\/index.php\/category\/columnistas\/"},"img":{"alt_text":"","src":"https:\/\/i0.wp.com\/politicosaldesnudo.com.mx\/wp-content\/uploads\/2026\/01\/BANNER-LIMA-COBOS.jpg?fit=533%2C297&ssl=1&resize=350%2C200","width":350,"height":200,"srcset":"https:\/\/i0.wp.com\/politicosaldesnudo.com.mx\/wp-content\/uploads\/2026\/01\/BANNER-LIMA-COBOS.jpg?fit=533%2C297&ssl=1&resize=350%2C200 1x, https:\/\/i0.wp.com\/politicosaldesnudo.com.mx\/wp-content\/uploads\/2026\/01\/BANNER-LIMA-COBOS.jpg?fit=533%2C297&ssl=1&resize=525%2C300 1.5x"},"classes":[]}],"jetpack_sharing_enabled":true,"jetpack_featured_media_url":"https:\/\/i0.wp.com\/politicosaldesnudo.com.mx\/wp-content\/uploads\/2026\/02\/APASASD.jpg?fit=1200%2C800&ssl=1","_links":{"self":[{"href":"https:\/\/politicosaldesnudo.com.mx\/index.php\/wp-json\/wp\/v2\/posts\/80730","targetHints":{"allow":["GET"]}}],"collection":[{"href":"https:\/\/politicosaldesnudo.com.mx\/index.php\/wp-json\/wp\/v2\/posts"}],"about":[{"href":"https:\/\/politicosaldesnudo.com.mx\/index.php\/wp-json\/wp\/v2\/types\/post"}],"author":[{"embeddable":true,"href":"https:\/\/politicosaldesnudo.com.mx\/index.php\/wp-json\/wp\/v2\/users\/4"}],"replies":[{"embeddable":true,"href":"https:\/\/politicosaldesnudo.com.mx\/index.php\/wp-json\/wp\/v2\/comments?post=80730"}],"version-history":[{"count":0,"href":"https:\/\/politicosaldesnudo.com.mx\/index.php\/wp-json\/wp\/v2\/posts\/80730\/revisions"}],"wp:featuredmedia":[{"embeddable":true,"href":"https:\/\/politicosaldesnudo.com.mx\/index.php\/wp-json\/wp\/v2\/media\/80731"}],"wp:attachment":[{"href":"https:\/\/politicosaldesnudo.com.mx\/index.php\/wp-json\/wp\/v2\/media?parent=80730"}],"wp:term":[{"taxonomy":"category","embeddable":true,"href":"https:\/\/politicosaldesnudo.com.mx\/index.php\/wp-json\/wp\/v2\/categories?post=80730"},{"taxonomy":"post_tag","embeddable":true,"href":"https:\/\/politicosaldesnudo.com.mx\/index.php\/wp-json\/wp\/v2\/tags?post=80730"}],"curies":[{"name":"wp","href":"https:\/\/api.w.org\/{rel}","templated":true}]}}