{"id":80736,"date":"2026-02-27T00:19:14","date_gmt":"2026-02-27T06:19:14","guid":{"rendered":"https:\/\/politicosaldesnudo.com.mx\/?p=80736"},"modified":"2026-02-26T22:32:18","modified_gmt":"2026-02-27T04:32:18","slug":"anthropic-dice-que-no-dara-al-ejercito-de-eu-un-uso-incondicional-de-su-ia","status":"publish","type":"post","link":"https:\/\/politicosaldesnudo.com.mx\/index.php\/2026\/02\/27\/anthropic-dice-que-no-dara-al-ejercito-de-eu-un-uso-incondicional-de-su-ia\/","title":{"rendered":"Anthropic dice que no dar\u00e1 al ej\u00e9rcito de EU un uso incondicional de su IA"},"content":{"rendered":"<p class=\"nota-justify\">La compa\u00f1\u00eda Anthropic declar\u00f3 este jueves que no otorgar\u00eda al Departamento de Guerra de Estados Unidos el uso militar sin restricciones de su tecnolog\u00eda de inteligencia artificial, a pesar de las presiones del Pent\u00e1gono.<\/p>\n<p class=\"nota-justify\">\u00abEstas amenazas no cambian nuestra posici\u00f3n: no podemos, en conciencia, acceder a su solicitud\u00bb, indic\u00f3 en un comunicado, Dario Amodei, director ejecutivo de la empresa. La compa\u00f1\u00eda se\u00f1al\u00f3 que no se est\u00e1 retirando de la negociaci\u00f3n, pero que el nuevo lenguaje contractual recibido del Departamento de Guerra \u201cpr\u00e1cticamente no avanz\u00f3 nada en impedir el uso (del chatbot) Claude para la vigilancia masiva de estadunidenses o en armas totalmente aut\u00f3nomas\u201d.<\/p>\n<p class=\"nota-justify\">El gobierno del presidente Donald Trump le dio a la startup hasta las 17 horas de este viernes para aceptar el uso militar incondicional de su IA, a pesar de que esa petici\u00f3n viola los lineamientos \u00e9ticos de la empresa.<\/p>\n<p class=\"nota-justify\">De negarse, el Pent\u00e1gono amag\u00f3 que la empresa se enfrentaba a una orden de cumplimiento forzoso bajo la Ley de Producci\u00f3n de Defensa. El principal vocero del Pent\u00e1gono, Sean Parnell escribi\u00f3 en redes sociales que el Pent\u00e1gono \u201cno tiene ning\u00fan inter\u00e9s en usar la IA para realizar vigilancia masiva de estadunidenses (lo cual es ilegal), ni queremos usar la IA para desarrollar armas aut\u00f3nomas que operen sin participaci\u00f3n humana\u201d.<\/p>\n<p class=\"nota-justify\">Esta normativa de la era de la guerra fr\u00eda otorga al gobierno federal amplios poderes para obligar a la industria privada a priorizar las necesidades de seguridad nacional.<\/p>\n<p class=\"nota-justify\">El Pent\u00e1gono tambi\u00e9n amenaz\u00f3 con calificar a Anthropic como un riesgo para la cadena de suministro, una designaci\u00f3n normalmente reservada para empresas de pa\u00edses adversarios que podr\u00eda perjudicar seriamente la reputaci\u00f3n de la compa\u00f1\u00eda.<\/p>\n<p class=\"nota-justify\">Amodei recalc\u00f3 que los modelos de Anthropic han sido desplegados por el Pent\u00e1gono y las agencias de inteligencia para defender al pa\u00eds, pero que la compa\u00f1\u00eda traza una l\u00ednea \u00e9tica respecto a su uso para la vigilancia masiva de ciudadanos estadounidenses y para armas totalmente aut\u00f3nomas. \u00abEl uso de estos sistemas para la vigilancia dom\u00e9stica masiva es incompatible con los valores democr\u00e1ticos\u00bb, afirm\u00f3 el ejecutivo.<\/p>\n<p class=\"nota-justify\">Y a\u00f1adi\u00f3 que los sistemas de IA de vanguardia a\u00fan no son lo bastante fiables como para confiarles el control de armas letales sin que haya un ser humano con el control \u00faltimo.<\/p>\n<p class=\"nota-justify\">Durante una reuni\u00f3n el pasado martes entre el secretario de Defensa, Pete Hegseth, y Amodei, funcionarios militares advirtieron que podr\u00edan designar a Anthropic como un riesgo para la cadena de suministro, cancelar su contrato o invocar una ley de la era de la Guerra Fr\u00eda, llamada Ley de Producci\u00f3n para la Defensa, con el fin de otorgar a las fuerzas armadas una autoridad m\u00e1s amplia para usar sus productos, incluso si la empresa no lo aprueba.<\/p>\n","protected":false},"excerpt":{"rendered":"<p>La compa\u00f1\u00eda Anthropic declar\u00f3 este jueves que no otorgar\u00eda al Departamento de Guerra de Estados Unidos el uso militar sin [&hellip;]<\/p>\n","protected":false},"author":4,"featured_media":80737,"comment_status":"closed","ping_status":"closed","sticky":false,"template":"","format":"standard","meta":{"site-sidebar-layout":"default","site-content-layout":"","ast-site-content-layout":"default","site-content-style":"default","site-sidebar-style":"default","ast-global-header-display":"","ast-banner-title-visibility":"","ast-main-header-display":"","ast-hfb-above-header-display":"","ast-hfb-below-header-display":"","ast-hfb-mobile-header-display":"","site-post-title":"","ast-breadcrumbs-content":"","ast-featured-img":"","footer-sml-layout":"","ast-disable-related-posts":"","theme-transparent-header-meta":"","adv-header-id-meta":"","stick-header-meta":"","header-above-stick-meta":"","header-main-stick-meta":"","header-below-stick-meta":"","astra-migrate-meta-layouts":"default","ast-page-background-enabled":"default","ast-page-background-meta":{"desktop":{"background-color":"var(--ast-global-color-5)","background-image":"","background-repeat":"repeat","background-position":"center center","background-size":"auto","background-attachment":"scroll","background-type":"","background-media":"","overlay-type":"","overlay-color":"","overlay-opacity":"","overlay-gradient":""},"tablet":{"background-color":"","background-image":"","background-repeat":"repeat","background-position":"center center","background-size":"auto","background-attachment":"scroll","background-type":"","background-media":"","overlay-type":"","overlay-color":"","overlay-opacity":"","overlay-gradient":""},"mobile":{"background-color":"","background-image":"","background-repeat":"repeat","background-position":"center center","background-size":"auto","background-attachment":"scroll","background-type":"","background-media":"","overlay-type":"","overlay-color":"","overlay-opacity":"","overlay-gradient":""}},"ast-content-background-meta":{"desktop":{"background-color":"var(--ast-global-color-4)","background-image":"","background-repeat":"repeat","background-position":"center center","background-size":"auto","background-attachment":"scroll","background-type":"","background-media":"","overlay-type":"","overlay-color":"","overlay-opacity":"","overlay-gradient":""},"tablet":{"background-color":"var(--ast-global-color-4)","background-image":"","background-repeat":"repeat","background-position":"center center","background-size":"auto","background-attachment":"scroll","background-type":"","background-media":"","overlay-type":"","overlay-color":"","overlay-opacity":"","overlay-gradient":""},"mobile":{"background-color":"var(--ast-global-color-4)","background-image":"","background-repeat":"repeat","background-position":"center center","background-size":"auto","background-attachment":"scroll","background-type":"","background-media":"","overlay-type":"","overlay-color":"","overlay-opacity":"","overlay-gradient":""}},"_jetpack_newsletter_access":"","_jetpack_dont_email_post_to_subs":false,"_jetpack_newsletter_tier_id":0,"_jetpack_memberships_contains_paywalled_content":false,"_jetpack_feature_clip_id":0,"_jetpack_memberships_contains_paid_content":false,"footnotes":"","jetpack_publicize_message":"","jetpack_publicize_feature_enabled":true,"jetpack_social_post_already_shared":true,"jetpack_social_options":{"image_generator_settings":{"template":"highway","default_image_id":0,"font":"","enabled":false},"version":2},"jetpack_post_was_ever_published":false},"categories":[28],"tags":[],"class_list":["post-80736","post","type-post","status-publish","format-standard","has-post-thumbnail","hentry","category-internacional"],"yoast_head":"<!-- This site is optimized with the Yoast SEO plugin v28.3 - https:\/\/yoast.com\/product\/yoast-seo-wordpress\/ -->\n<title>Anthropic dice que no dar\u00e1 al ej\u00e9rcito de EU un uso incondicional de su IA - Pol\u00edticos al Desnudo<\/title>\n<meta name=\"robots\" content=\"index, follow, max-snippet:-1, max-image-preview:large, max-video-preview:-1\" \/>\n<link rel=\"canonical\" href=\"https:\/\/politicosaldesnudo.com.mx\/index.php\/2026\/02\/27\/anthropic-dice-que-no-dara-al-ejercito-de-eu-un-uso-incondicional-de-su-ia\/\" \/>\n<meta property=\"og:locale\" content=\"es_ES\" \/>\n<meta property=\"og:type\" content=\"article\" \/>\n<meta property=\"og:title\" content=\"Anthropic dice que no dar\u00e1 al ej\u00e9rcito de EU un uso incondicional de su IA - Pol\u00edticos al Desnudo\" \/>\n<meta property=\"og:description\" content=\"La compa\u00f1\u00eda Anthropic declar\u00f3 este jueves que no otorgar\u00eda al Departamento de Guerra de Estados Unidos el uso militar sin [&hellip;]\" \/>\n<meta property=\"og:url\" content=\"https:\/\/politicosaldesnudo.com.mx\/index.php\/2026\/02\/27\/anthropic-dice-que-no-dara-al-ejercito-de-eu-un-uso-incondicional-de-su-ia\/\" \/>\n<meta property=\"og:site_name\" content=\"Pol\u00edticos al Desnudo\" \/>\n<meta property=\"article:publisher\" content=\"https:\/\/www.facebook.com\/PoliticosAD\" \/>\n<meta property=\"article:published_time\" content=\"2026-02-27T06:19:14+00:00\" \/>\n<meta property=\"og:image\" content=\"https:\/\/i0.wp.com\/politicosaldesnudo.com.mx\/wp-content\/uploads\/2026\/02\/AIBT.jpg?fit=1200%2C801&ssl=1\" \/>\n\t<meta property=\"og:image:width\" content=\"1200\" \/>\n\t<meta property=\"og:image:height\" content=\"801\" \/>\n\t<meta property=\"og:image:type\" content=\"image\/jpeg\" \/>\n<meta name=\"author\" content=\"Redacci\u00f3n Pol\u00edticos\" \/>\n<meta name=\"twitter:card\" content=\"summary_large_image\" \/>\n<meta name=\"twitter:label1\" content=\"Escrito por\" \/>\n\t<meta name=\"twitter:data1\" content=\"Redacci\u00f3n Pol\u00edticos\" \/>\n\t<meta name=\"twitter:label2\" content=\"Tiempo de lectura\" \/>\n\t<meta name=\"twitter:data2\" content=\"2 minutos\" \/>\n<script type=\"application\/ld+json\" class=\"yoast-schema-graph\">{\"@context\":\"https:\\\/\\\/schema.org\",\"@graph\":[{\"@type\":\"Article\",\"@id\":\"https:\\\/\\\/politicosaldesnudo.com.mx\\\/index.php\\\/2026\\\/02\\\/27\\\/anthropic-dice-que-no-dara-al-ejercito-de-eu-un-uso-incondicional-de-su-ia\\\/#article\",\"isPartOf\":{\"@id\":\"https:\\\/\\\/politicosaldesnudo.com.mx\\\/index.php\\\/2026\\\/02\\\/27\\\/anthropic-dice-que-no-dara-al-ejercito-de-eu-un-uso-incondicional-de-su-ia\\\/\"},\"author\":{\"name\":\"Redacci\u00f3n Pol\u00edticos\",\"@id\":\"https:\\\/\\\/politicosaldesnudo.com.mx\\\/#\\\/schema\\\/person\\\/ef3a64e561cc3f3f5dc52fab81adde7e\"},\"headline\":\"Anthropic dice que no dar\u00e1 al ej\u00e9rcito de EU un uso incondicional de su IA\",\"datePublished\":\"2026-02-27T06:19:14+00:00\",\"mainEntityOfPage\":{\"@id\":\"https:\\\/\\\/politicosaldesnudo.com.mx\\\/index.php\\\/2026\\\/02\\\/27\\\/anthropic-dice-que-no-dara-al-ejercito-de-eu-un-uso-incondicional-de-su-ia\\\/\"},\"wordCount\":504,\"publisher\":{\"@id\":\"https:\\\/\\\/politicosaldesnudo.com.mx\\\/#organization\"},\"image\":{\"@id\":\"https:\\\/\\\/politicosaldesnudo.com.mx\\\/index.php\\\/2026\\\/02\\\/27\\\/anthropic-dice-que-no-dara-al-ejercito-de-eu-un-uso-incondicional-de-su-ia\\\/#primaryimage\"},\"thumbnailUrl\":\"https:\\\/\\\/i0.wp.com\\\/politicosaldesnudo.com.mx\\\/wp-content\\\/uploads\\\/2026\\\/02\\\/AIBT.jpg?fit=1200%2C801&ssl=1\",\"articleSection\":[\"INTERNACIONAL\"],\"inLanguage\":\"es\"},{\"@type\":\"WebPage\",\"@id\":\"https:\\\/\\\/politicosaldesnudo.com.mx\\\/index.php\\\/2026\\\/02\\\/27\\\/anthropic-dice-que-no-dara-al-ejercito-de-eu-un-uso-incondicional-de-su-ia\\\/\",\"url\":\"https:\\\/\\\/politicosaldesnudo.com.mx\\\/index.php\\\/2026\\\/02\\\/27\\\/anthropic-dice-que-no-dara-al-ejercito-de-eu-un-uso-incondicional-de-su-ia\\\/\",\"name\":\"Anthropic dice que no dar\u00e1 al ej\u00e9rcito de EU un uso incondicional de su IA - Pol\u00edticos al Desnudo\",\"isPartOf\":{\"@id\":\"https:\\\/\\\/politicosaldesnudo.com.mx\\\/#website\"},\"primaryImageOfPage\":{\"@id\":\"https:\\\/\\\/politicosaldesnudo.com.mx\\\/index.php\\\/2026\\\/02\\\/27\\\/anthropic-dice-que-no-dara-al-ejercito-de-eu-un-uso-incondicional-de-su-ia\\\/#primaryimage\"},\"image\":{\"@id\":\"https:\\\/\\\/politicosaldesnudo.com.mx\\\/index.php\\\/2026\\\/02\\\/27\\\/anthropic-dice-que-no-dara-al-ejercito-de-eu-un-uso-incondicional-de-su-ia\\\/#primaryimage\"},\"thumbnailUrl\":\"https:\\\/\\\/i0.wp.com\\\/politicosaldesnudo.com.mx\\\/wp-content\\\/uploads\\\/2026\\\/02\\\/AIBT.jpg?fit=1200%2C801&ssl=1\",\"datePublished\":\"2026-02-27T06:19:14+00:00\",\"breadcrumb\":{\"@id\":\"https:\\\/\\\/politicosaldesnudo.com.mx\\\/index.php\\\/2026\\\/02\\\/27\\\/anthropic-dice-que-no-dara-al-ejercito-de-eu-un-uso-incondicional-de-su-ia\\\/#breadcrumb\"},\"inLanguage\":\"es\",\"potentialAction\":[{\"@type\":\"ReadAction\",\"target\":[\"https:\\\/\\\/politicosaldesnudo.com.mx\\\/index.php\\\/2026\\\/02\\\/27\\\/anthropic-dice-que-no-dara-al-ejercito-de-eu-un-uso-incondicional-de-su-ia\\\/\"]}]},{\"@type\":\"ImageObject\",\"inLanguage\":\"es\",\"@id\":\"https:\\\/\\\/politicosaldesnudo.com.mx\\\/index.php\\\/2026\\\/02\\\/27\\\/anthropic-dice-que-no-dara-al-ejercito-de-eu-un-uso-incondicional-de-su-ia\\\/#primaryimage\",\"url\":\"https:\\\/\\\/i0.wp.com\\\/politicosaldesnudo.com.mx\\\/wp-content\\\/uploads\\\/2026\\\/02\\\/AIBT.jpg?fit=1200%2C801&ssl=1\",\"contentUrl\":\"https:\\\/\\\/i0.wp.com\\\/politicosaldesnudo.com.mx\\\/wp-content\\\/uploads\\\/2026\\\/02\\\/AIBT.jpg?fit=1200%2C801&ssl=1\",\"width\":1200,\"height\":801},{\"@type\":\"BreadcrumbList\",\"@id\":\"https:\\\/\\\/politicosaldesnudo.com.mx\\\/index.php\\\/2026\\\/02\\\/27\\\/anthropic-dice-que-no-dara-al-ejercito-de-eu-un-uso-incondicional-de-su-ia\\\/#breadcrumb\",\"itemListElement\":[{\"@type\":\"ListItem\",\"position\":1,\"name\":\"Portada\",\"item\":\"https:\\\/\\\/politicosaldesnudo.com.mx\\\/\"},{\"@type\":\"ListItem\",\"position\":2,\"name\":\"Anthropic dice que no dar\u00e1 al ej\u00e9rcito de EU un uso incondicional de su IA\"}]},{\"@type\":\"WebSite\",\"@id\":\"https:\\\/\\\/politicosaldesnudo.com.mx\\\/#website\",\"url\":\"https:\\\/\\\/politicosaldesnudo.com.mx\\\/\",\"name\":\"Pol\u00edticos al Desnudo\",\"description\":\"\",\"publisher\":{\"@id\":\"https:\\\/\\\/politicosaldesnudo.com.mx\\\/#organization\"},\"potentialAction\":[{\"@type\":\"SearchAction\",\"target\":{\"@type\":\"EntryPoint\",\"urlTemplate\":\"https:\\\/\\\/politicosaldesnudo.com.mx\\\/?s={search_term_string}\"},\"query-input\":{\"@type\":\"PropertyValueSpecification\",\"valueRequired\":true,\"valueName\":\"search_term_string\"}}],\"inLanguage\":\"es\"},{\"@type\":\"Organization\",\"@id\":\"https:\\\/\\\/politicosaldesnudo.com.mx\\\/#organization\",\"name\":\"Pol\u00edticos al Desnudo\",\"url\":\"https:\\\/\\\/politicosaldesnudo.com.mx\\\/\",\"logo\":{\"@type\":\"ImageObject\",\"inLanguage\":\"es\",\"@id\":\"https:\\\/\\\/politicosaldesnudo.com.mx\\\/#\\\/schema\\\/logo\\\/image\\\/\",\"url\":\"https:\\\/\\\/i0.wp.com\\\/politicosaldesnudo.com.mx\\\/wp-content\\\/uploads\\\/2026\\\/08\\\/cropped-logo.webp?fit=400%2C126&ssl=1\",\"contentUrl\":\"https:\\\/\\\/i0.wp.com\\\/politicosaldesnudo.com.mx\\\/wp-content\\\/uploads\\\/2026\\\/08\\\/cropped-logo.webp?fit=400%2C126&ssl=1\",\"width\":400,\"height\":126,\"caption\":\"Pol\u00edticos al Desnudo\"},\"image\":{\"@id\":\"https:\\\/\\\/politicosaldesnudo.com.mx\\\/#\\\/schema\\\/logo\\\/image\\\/\"},\"sameAs\":[\"https:\\\/\\\/www.facebook.com\\\/PoliticosAD\"]},{\"@type\":\"Person\",\"@id\":\"https:\\\/\\\/politicosaldesnudo.com.mx\\\/#\\\/schema\\\/person\\\/ef3a64e561cc3f3f5dc52fab81adde7e\",\"name\":\"Redacci\u00f3n Pol\u00edticos\",\"url\":\"https:\\\/\\\/politicosaldesnudo.com.mx\\\/index.php\\\/author\\\/redaccion-politicos\\\/\"}]}<\/script>\n<!-- \/ Yoast SEO plugin. -->","yoast_head_json":{"title":"Anthropic dice que no dar\u00e1 al ej\u00e9rcito de EU un uso incondicional de su IA - Pol\u00edticos al Desnudo","robots":{"index":"index","follow":"follow","max-snippet":"max-snippet:-1","max-image-preview":"max-image-preview:large","max-video-preview":"max-video-preview:-1"},"canonical":"https:\/\/politicosaldesnudo.com.mx\/index.php\/2026\/02\/27\/anthropic-dice-que-no-dara-al-ejercito-de-eu-un-uso-incondicional-de-su-ia\/","og_locale":"es_ES","og_type":"article","og_title":"Anthropic dice que no dar\u00e1 al ej\u00e9rcito de EU un uso incondicional de su IA - Pol\u00edticos al Desnudo","og_description":"La compa\u00f1\u00eda Anthropic declar\u00f3 este jueves que no otorgar\u00eda al Departamento de Guerra de Estados Unidos el uso militar sin [&hellip;]","og_url":"https:\/\/politicosaldesnudo.com.mx\/index.php\/2026\/02\/27\/anthropic-dice-que-no-dara-al-ejercito-de-eu-un-uso-incondicional-de-su-ia\/","og_site_name":"Pol\u00edticos al Desnudo","article_publisher":"https:\/\/www.facebook.com\/PoliticosAD","article_published_time":"2026-02-27T06:19:14+00:00","og_image":[{"width":1200,"height":801,"url":"https:\/\/i0.wp.com\/politicosaldesnudo.com.mx\/wp-content\/uploads\/2026\/02\/AIBT.jpg?fit=1200%2C801&ssl=1","type":"image\/jpeg"}],"author":"Redacci\u00f3n Pol\u00edticos","twitter_card":"summary_large_image","twitter_misc":{"Escrito por":"Redacci\u00f3n Pol\u00edticos","Tiempo de lectura":"2 minutos"},"schema":{"@context":"https:\/\/schema.org","@graph":[{"@type":"Article","@id":"https:\/\/politicosaldesnudo.com.mx\/index.php\/2026\/02\/27\/anthropic-dice-que-no-dara-al-ejercito-de-eu-un-uso-incondicional-de-su-ia\/#article","isPartOf":{"@id":"https:\/\/politicosaldesnudo.com.mx\/index.php\/2026\/02\/27\/anthropic-dice-que-no-dara-al-ejercito-de-eu-un-uso-incondicional-de-su-ia\/"},"author":{"name":"Redacci\u00f3n Pol\u00edticos","@id":"https:\/\/politicosaldesnudo.com.mx\/#\/schema\/person\/ef3a64e561cc3f3f5dc52fab81adde7e"},"headline":"Anthropic dice que no dar\u00e1 al ej\u00e9rcito de EU un uso incondicional de su IA","datePublished":"2026-02-27T06:19:14+00:00","mainEntityOfPage":{"@id":"https:\/\/politicosaldesnudo.com.mx\/index.php\/2026\/02\/27\/anthropic-dice-que-no-dara-al-ejercito-de-eu-un-uso-incondicional-de-su-ia\/"},"wordCount":504,"publisher":{"@id":"https:\/\/politicosaldesnudo.com.mx\/#organization"},"image":{"@id":"https:\/\/politicosaldesnudo.com.mx\/index.php\/2026\/02\/27\/anthropic-dice-que-no-dara-al-ejercito-de-eu-un-uso-incondicional-de-su-ia\/#primaryimage"},"thumbnailUrl":"https:\/\/i0.wp.com\/politicosaldesnudo.com.mx\/wp-content\/uploads\/2026\/02\/AIBT.jpg?fit=1200%2C801&ssl=1","articleSection":["INTERNACIONAL"],"inLanguage":"es"},{"@type":"WebPage","@id":"https:\/\/politicosaldesnudo.com.mx\/index.php\/2026\/02\/27\/anthropic-dice-que-no-dara-al-ejercito-de-eu-un-uso-incondicional-de-su-ia\/","url":"https:\/\/politicosaldesnudo.com.mx\/index.php\/2026\/02\/27\/anthropic-dice-que-no-dara-al-ejercito-de-eu-un-uso-incondicional-de-su-ia\/","name":"Anthropic dice que no dar\u00e1 al ej\u00e9rcito de EU un uso incondicional de su IA - Pol\u00edticos al Desnudo","isPartOf":{"@id":"https:\/\/politicosaldesnudo.com.mx\/#website"},"primaryImageOfPage":{"@id":"https:\/\/politicosaldesnudo.com.mx\/index.php\/2026\/02\/27\/anthropic-dice-que-no-dara-al-ejercito-de-eu-un-uso-incondicional-de-su-ia\/#primaryimage"},"image":{"@id":"https:\/\/politicosaldesnudo.com.mx\/index.php\/2026\/02\/27\/anthropic-dice-que-no-dara-al-ejercito-de-eu-un-uso-incondicional-de-su-ia\/#primaryimage"},"thumbnailUrl":"https:\/\/i0.wp.com\/politicosaldesnudo.com.mx\/wp-content\/uploads\/2026\/02\/AIBT.jpg?fit=1200%2C801&ssl=1","datePublished":"2026-02-27T06:19:14+00:00","breadcrumb":{"@id":"https:\/\/politicosaldesnudo.com.mx\/index.php\/2026\/02\/27\/anthropic-dice-que-no-dara-al-ejercito-de-eu-un-uso-incondicional-de-su-ia\/#breadcrumb"},"inLanguage":"es","potentialAction":[{"@type":"ReadAction","target":["https:\/\/politicosaldesnudo.com.mx\/index.php\/2026\/02\/27\/anthropic-dice-que-no-dara-al-ejercito-de-eu-un-uso-incondicional-de-su-ia\/"]}]},{"@type":"ImageObject","inLanguage":"es","@id":"https:\/\/politicosaldesnudo.com.mx\/index.php\/2026\/02\/27\/anthropic-dice-que-no-dara-al-ejercito-de-eu-un-uso-incondicional-de-su-ia\/#primaryimage","url":"https:\/\/i0.wp.com\/politicosaldesnudo.com.mx\/wp-content\/uploads\/2026\/02\/AIBT.jpg?fit=1200%2C801&ssl=1","contentUrl":"https:\/\/i0.wp.com\/politicosaldesnudo.com.mx\/wp-content\/uploads\/2026\/02\/AIBT.jpg?fit=1200%2C801&ssl=1","width":1200,"height":801},{"@type":"BreadcrumbList","@id":"https:\/\/politicosaldesnudo.com.mx\/index.php\/2026\/02\/27\/anthropic-dice-que-no-dara-al-ejercito-de-eu-un-uso-incondicional-de-su-ia\/#breadcrumb","itemListElement":[{"@type":"ListItem","position":1,"name":"Portada","item":"https:\/\/politicosaldesnudo.com.mx\/"},{"@type":"ListItem","position":2,"name":"Anthropic dice que no dar\u00e1 al ej\u00e9rcito de EU un uso incondicional de su IA"}]},{"@type":"WebSite","@id":"https:\/\/politicosaldesnudo.com.mx\/#website","url":"https:\/\/politicosaldesnudo.com.mx\/","name":"Pol\u00edticos al Desnudo","description":"","publisher":{"@id":"https:\/\/politicosaldesnudo.com.mx\/#organization"},"potentialAction":[{"@type":"SearchAction","target":{"@type":"EntryPoint","urlTemplate":"https:\/\/politicosaldesnudo.com.mx\/?s={search_term_string}"},"query-input":{"@type":"PropertyValueSpecification","valueRequired":true,"valueName":"search_term_string"}}],"inLanguage":"es"},{"@type":"Organization","@id":"https:\/\/politicosaldesnudo.com.mx\/#organization","name":"Pol\u00edticos al Desnudo","url":"https:\/\/politicosaldesnudo.com.mx\/","logo":{"@type":"ImageObject","inLanguage":"es","@id":"https:\/\/politicosaldesnudo.com.mx\/#\/schema\/logo\/image\/","url":"https:\/\/i0.wp.com\/politicosaldesnudo.com.mx\/wp-content\/uploads\/2026\/08\/cropped-logo.webp?fit=400%2C126&ssl=1","contentUrl":"https:\/\/i0.wp.com\/politicosaldesnudo.com.mx\/wp-content\/uploads\/2026\/08\/cropped-logo.webp?fit=400%2C126&ssl=1","width":400,"height":126,"caption":"Pol\u00edticos al Desnudo"},"image":{"@id":"https:\/\/politicosaldesnudo.com.mx\/#\/schema\/logo\/image\/"},"sameAs":["https:\/\/www.facebook.com\/PoliticosAD"]},{"@type":"Person","@id":"https:\/\/politicosaldesnudo.com.mx\/#\/schema\/person\/ef3a64e561cc3f3f5dc52fab81adde7e","name":"Redacci\u00f3n Pol\u00edticos","url":"https:\/\/politicosaldesnudo.com.mx\/index.php\/author\/redaccion-politicos\/"}]}},"jetpack_publicize_connections":[],"jetpack-related-posts":[{"id":87231,"url":"https:\/\/politicosaldesnudo.com.mx\/index.php\/2026\/07\/27\/concluye-marina-curso-de-control-de-averias\/","url_meta":{"origin":80736,"position":0},"title":"Concluye Marina Curso de Control de Aver\u00edas","author":"Redacci\u00f3n Pol\u00edticos","date":"27 de julio de 2026","format":false,"excerpt":"La Secretar\u00eda de Marina a trav\u00e9s de la Armada de M\u00e9xico, por conducto de la Fuerza Naval del Golfo, informa que el d\u00eda hoy, se llev\u00f3 a cabo la ceremonia de clausura del Tercer Curso de Control de Aver\u00edas para Unidades Mar\u00edtimas para Guardiamarinas (CAUM- GUARD) impartido en el Centro\u2026","rel":"","context":"En \u00abTUXPAN\u00bb","block_context":{"text":"TUXPAN","link":"https:\/\/politicosaldesnudo.com.mx\/index.php\/category\/tuxpan\/"},"img":{"alt_text":"","src":"https:\/\/i0.wp.com\/politicosaldesnudo.com.mx\/wp-content\/uploads\/2026\/07\/AFU.jpg?fit=1200%2C900&ssl=1&resize=350%2C200","width":350,"height":200,"srcset":"https:\/\/i0.wp.com\/politicosaldesnudo.com.mx\/wp-content\/uploads\/2026\/07\/AFU.jpg?fit=1200%2C900&ssl=1&resize=350%2C200 1x, https:\/\/i0.wp.com\/politicosaldesnudo.com.mx\/wp-content\/uploads\/2026\/07\/AFU.jpg?fit=1200%2C900&ssl=1&resize=525%2C300 1.5x, https:\/\/i0.wp.com\/politicosaldesnudo.com.mx\/wp-content\/uploads\/2026\/07\/AFU.jpg?fit=1200%2C900&ssl=1&resize=700%2C400 2x, https:\/\/i0.wp.com\/politicosaldesnudo.com.mx\/wp-content\/uploads\/2026\/07\/AFU.jpg?fit=1200%2C900&ssl=1&resize=1050%2C600 3x"},"classes":[]},{"id":87433,"url":"https:\/\/politicosaldesnudo.com.mx\/index.php\/2026\/07\/31\/educar-no-es-militarizar\/","url_meta":{"origin":80736,"position":1},"title":"Educar no es militarizar","author":"Redacci\u00f3n Pol\u00edticos","date":"31 de julio de 2026","format":false,"excerpt":"ALMA GRANDE POR \u00c0NGEL \u00c1LVARO PE\u00d1A La educaci\u00f3n tiene un prop\u00f3sito claro: formar ciudadanos, no soldados. Por eso resulta acertada la determinaci\u00f3n de la Secretar\u00eda de Educaci\u00f3n P\u00fablica de prohibir que escuelas particulares operen bajo denominaciones que hagan referencia a una formaci\u00f3n militar o castrense. Durante a\u00f1os se normaliz\u00f3 la\u2026","rel":"","context":"En \u00abOPINI\u00d3N\u00bb","block_context":{"text":"OPINI\u00d3N","link":"https:\/\/politicosaldesnudo.com.mx\/index.php\/category\/columnistas\/"},"img":{"alt_text":"","src":"https:\/\/i0.wp.com\/politicosaldesnudo.com.mx\/wp-content\/uploads\/2026\/07\/BANNER-LOPEZ-DORIGA-DIGITAL-4.jpg?fit=800%2C445&ssl=1&resize=350%2C200","width":350,"height":200,"srcset":"https:\/\/i0.wp.com\/politicosaldesnudo.com.mx\/wp-content\/uploads\/2026\/07\/BANNER-LOPEZ-DORIGA-DIGITAL-4.jpg?fit=800%2C445&ssl=1&resize=350%2C200 1x, https:\/\/i0.wp.com\/politicosaldesnudo.com.mx\/wp-content\/uploads\/2026\/07\/BANNER-LOPEZ-DORIGA-DIGITAL-4.jpg?fit=800%2C445&ssl=1&resize=525%2C300 1.5x, https:\/\/i0.wp.com\/politicosaldesnudo.com.mx\/wp-content\/uploads\/2026\/07\/BANNER-LOPEZ-DORIGA-DIGITAL-4.jpg?fit=800%2C445&ssl=1&resize=700%2C400 2x"},"classes":[]},{"id":88160,"url":"https:\/\/politicosaldesnudo.com.mx\/index.php\/2026\/08\/29\/que-se-sabe-de-los-tres-drones-derribados-por-eu-en-la-frontera-con-mexico\/","url_meta":{"origin":80736,"position":2},"title":"\u00bfQu\u00e9 se sabe de los tres drones derribados por EU en la frontera con M\u00e9xico?","author":"Redacci\u00f3n Pol\u00edticos","date":"29 de agosto de 2026","format":false,"excerpt":"El Gobierno de M\u00e9xico confirm\u00f3 que fuerzas estadounidenses dejaron fuera de operaci\u00f3n tres drones que presuntamente eran utilizados por traficantes de personas para seguir los movimientos de las autoridades en la zona fronteriza. La Secretar\u00eda de la Defensa Nacional inform\u00f3 que los aparatos fueron detectados durante las noches del 25\u2026","rel":"","context":"En \u00abNACIONAL\u00bb","block_context":{"text":"NACIONAL","link":"https:\/\/politicosaldesnudo.com.mx\/index.php\/category\/nacional\/"},"img":{"alt_text":"","src":"https:\/\/i0.wp.com\/politicosaldesnudo.com.mx\/wp-content\/uploads\/2026\/08\/derribo-de-drones-con-laser-en-la-frontera-de-eeuu-con-mexico.jpg?fit=1200%2C740&ssl=1&resize=350%2C200","width":350,"height":200,"srcset":"https:\/\/i0.wp.com\/politicosaldesnudo.com.mx\/wp-content\/uploads\/2026\/08\/derribo-de-drones-con-laser-en-la-frontera-de-eeuu-con-mexico.jpg?fit=1200%2C740&ssl=1&resize=350%2C200 1x, https:\/\/i0.wp.com\/politicosaldesnudo.com.mx\/wp-content\/uploads\/2026\/08\/derribo-de-drones-con-laser-en-la-frontera-de-eeuu-con-mexico.jpg?fit=1200%2C740&ssl=1&resize=525%2C300 1.5x, https:\/\/i0.wp.com\/politicosaldesnudo.com.mx\/wp-content\/uploads\/2026\/08\/derribo-de-drones-con-laser-en-la-frontera-de-eeuu-con-mexico.jpg?fit=1200%2C740&ssl=1&resize=700%2C400 2x, https:\/\/i0.wp.com\/politicosaldesnudo.com.mx\/wp-content\/uploads\/2026\/08\/derribo-de-drones-con-laser-en-la-frontera-de-eeuu-con-mexico.jpg?fit=1200%2C740&ssl=1&resize=1050%2C600 3x"},"classes":[]},{"id":87197,"url":"https:\/\/politicosaldesnudo.com.mx\/index.php\/2026\/07\/24\/preocupa-a-canacar-uso-de-inhibidores-de-senal-en-robo-de-autotransporte\/","url_meta":{"origin":80736,"position":3},"title":"Preocupa a Canacar uso de inhibidores de se\u00f1al en robo de autotransporte","author":"Redacci\u00f3n Pol\u00edticos","date":"24 de julio de 2026","format":false,"excerpt":"Aunque el n\u00famero de robos a transporte de mercanc\u00edas en carretera ha disminuido, la C\u00e1mara Nacional del Autotransporte de Carga (Canacar), expres\u00f3 su preocupaci\u00f3n por el uso de inhibidores de se\u00f1al, conocidos como \u201cjammers\u201d, que est\u00e1n prohibidos en M\u00e9xico, para cometer estos delitos. En entrevista, Augusto Ramos Melo, destac\u00f3 la\u2026","rel":"","context":"En \u00abECONOM\u00cdA\u00bb","block_context":{"text":"ECONOM\u00cdA","link":"https:\/\/politicosaldesnudo.com.mx\/index.php\/category\/economia\/"},"img":{"alt_text":"","src":"https:\/\/i0.wp.com\/politicosaldesnudo.com.mx\/wp-content\/uploads\/2026\/07\/ACANS.webp?fit=1200%2C900&ssl=1&resize=350%2C200","width":350,"height":200,"srcset":"https:\/\/i0.wp.com\/politicosaldesnudo.com.mx\/wp-content\/uploads\/2026\/07\/ACANS.webp?fit=1200%2C900&ssl=1&resize=350%2C200 1x, https:\/\/i0.wp.com\/politicosaldesnudo.com.mx\/wp-content\/uploads\/2026\/07\/ACANS.webp?fit=1200%2C900&ssl=1&resize=525%2C300 1.5x, https:\/\/i0.wp.com\/politicosaldesnudo.com.mx\/wp-content\/uploads\/2026\/07\/ACANS.webp?fit=1200%2C900&ssl=1&resize=700%2C400 2x, https:\/\/i0.wp.com\/politicosaldesnudo.com.mx\/wp-content\/uploads\/2026\/07\/ACANS.webp?fit=1200%2C900&ssl=1&resize=1050%2C600 3x"},"classes":[]},{"id":87986,"url":"https:\/\/politicosaldesnudo.com.mx\/index.php\/2026\/08\/22\/macron-desafia-a-putin-francia-enviara-mas-misiles-para-proteger-a-ucrania\/","url_meta":{"origin":80736,"position":4},"title":"Macron desaf\u00eda a Putin: Francia enviar\u00e1 m\u00e1s misiles para proteger a Ucrania","author":"Redacci\u00f3n Pol\u00edticos","date":"22 de agosto de 2026","format":false,"excerpt":"Francia enviar\u00e1 nuevos misiles interceptores y acelerar\u00e1 la entrega de equipos militares a Ucrania, en respuesta a la reciente intensificaci\u00f3n de los ataques rusos contra ciudades e infraestructura civil. El presidente Emmanuel Macron confirm\u00f3 el apoyo despu\u00e9s de mantener una conversaci\u00f3n telef\u00f3nica de casi dos horas con su hom\u00f3logo ucraniano,\u2026","rel":"","context":"En \u00abINTERNACIONAL\u00bb","block_context":{"text":"INTERNACIONAL","link":"https:\/\/politicosaldesnudo.com.mx\/index.php\/category\/internacional\/"},"img":{"alt_text":"","src":"https:\/\/politicosaldesnudo.com.mx\/wp-content\/uploads\/2026\/08\/UZGCVPJBNJDS3O7ZRFP6WVEPYI.avif","width":350,"height":200,"srcset":"https:\/\/politicosaldesnudo.com.mx\/wp-content\/uploads\/2026\/08\/UZGCVPJBNJDS3O7ZRFP6WVEPYI.avif 1x, https:\/\/politicosaldesnudo.com.mx\/wp-content\/uploads\/2026\/08\/UZGCVPJBNJDS3O7ZRFP6WVEPYI.avif 1.5x, https:\/\/politicosaldesnudo.com.mx\/wp-content\/uploads\/2026\/08\/UZGCVPJBNJDS3O7ZRFP6WVEPYI.avif 2x"},"classes":[]},{"id":87150,"url":"https:\/\/politicosaldesnudo.com.mx\/index.php\/2026\/07\/23\/llegan-500-militares-a-zacatecas-tras-repunte-de-violencia-buscan-contener-disputa-criminal\/","url_meta":{"origin":80736,"position":5},"title":"Llegan 500 militares a Zacatecas tras repunte de violencia; buscan contener disputa criminal","author":"Redacci\u00f3n Pol\u00edticos","date":"23 de julio de 2026","format":false,"excerpt":"Luego de la ejecuci\u00f3n de diez personas, entre ellas empresarios, ganaderos y dos funcionarios municipales, la Secretar\u00eda de la Defensa Nacional (Defensa), \"como parte de las medidas permanentes para fortalecer la paz en Zacatecas\" envi\u00f3 100 integrantes del Cuerpo de Fuerzas Especiales a esa entidad. Los integrantes del Ej\u00e9rcito Mexicano\u2026","rel":"","context":"En \u00abESTADOS\u00bb","block_context":{"text":"ESTADOS","link":"https:\/\/politicosaldesnudo.com.mx\/index.php\/category\/estados\/"},"img":{"alt_text":"","src":"https:\/\/i0.wp.com\/politicosaldesnudo.com.mx\/wp-content\/uploads\/2026\/07\/LOSMI.webp?fit=1200%2C900&ssl=1&resize=350%2C200","width":350,"height":200,"srcset":"https:\/\/i0.wp.com\/politicosaldesnudo.com.mx\/wp-content\/uploads\/2026\/07\/LOSMI.webp?fit=1200%2C900&ssl=1&resize=350%2C200 1x, https:\/\/i0.wp.com\/politicosaldesnudo.com.mx\/wp-content\/uploads\/2026\/07\/LOSMI.webp?fit=1200%2C900&ssl=1&resize=525%2C300 1.5x, https:\/\/i0.wp.com\/politicosaldesnudo.com.mx\/wp-content\/uploads\/2026\/07\/LOSMI.webp?fit=1200%2C900&ssl=1&resize=700%2C400 2x, https:\/\/i0.wp.com\/politicosaldesnudo.com.mx\/wp-content\/uploads\/2026\/07\/LOSMI.webp?fit=1200%2C900&ssl=1&resize=1050%2C600 3x"},"classes":[]}],"jetpack_sharing_enabled":true,"jetpack_featured_media_url":"https:\/\/i0.wp.com\/politicosaldesnudo.com.mx\/wp-content\/uploads\/2026\/02\/AIBT.jpg?fit=1200%2C801&ssl=1","_links":{"self":[{"href":"https:\/\/politicosaldesnudo.com.mx\/index.php\/wp-json\/wp\/v2\/posts\/80736","targetHints":{"allow":["GET"]}}],"collection":[{"href":"https:\/\/politicosaldesnudo.com.mx\/index.php\/wp-json\/wp\/v2\/posts"}],"about":[{"href":"https:\/\/politicosaldesnudo.com.mx\/index.php\/wp-json\/wp\/v2\/types\/post"}],"author":[{"embeddable":true,"href":"https:\/\/politicosaldesnudo.com.mx\/index.php\/wp-json\/wp\/v2\/users\/4"}],"replies":[{"embeddable":true,"href":"https:\/\/politicosaldesnudo.com.mx\/index.php\/wp-json\/wp\/v2\/comments?post=80736"}],"version-history":[{"count":0,"href":"https:\/\/politicosaldesnudo.com.mx\/index.php\/wp-json\/wp\/v2\/posts\/80736\/revisions"}],"wp:featuredmedia":[{"embeddable":true,"href":"https:\/\/politicosaldesnudo.com.mx\/index.php\/wp-json\/wp\/v2\/media\/80737"}],"wp:attachment":[{"href":"https:\/\/politicosaldesnudo.com.mx\/index.php\/wp-json\/wp\/v2\/media?parent=80736"}],"wp:term":[{"taxonomy":"category","embeddable":true,"href":"https:\/\/politicosaldesnudo.com.mx\/index.php\/wp-json\/wp\/v2\/categories?post=80736"},{"taxonomy":"post_tag","embeddable":true,"href":"https:\/\/politicosaldesnudo.com.mx\/index.php\/wp-json\/wp\/v2\/tags?post=80736"}],"curies":[{"name":"wp","href":"https:\/\/api.w.org\/{rel}","templated":true}]}}