{"id":80747,"date":"2026-02-24T13:41:55","date_gmt":"2026-02-24T19:41:55","guid":{"rendered":"https:\/\/politicosaldesnudo.com.mx\/?p=80747"},"modified":"2026-02-26T22:44:07","modified_gmt":"2026-02-27T04:44:07","slug":"noche-de-guitarra-y-estrenos-de-america-y-europa-osx","status":"publish","type":"post","link":"https:\/\/politicosaldesnudo.com.mx\/index.php\/2026\/02\/24\/noche-de-guitarra-y-estrenos-de-america-y-europa-osx\/","title":{"rendered":"Noche de guitarra y estrenos de Am\u00e9rica y Europa OSX"},"content":{"rendered":"<ul>\n<li>Daniel Monroy, guitarrista invitado<\/li>\n<li>Estrenos musicales de: Soro, Villa-Lobos y Martin\u016f<\/li>\n<li>Nicol\u00e1s Rauss, director invitado\n<p>Xalapa, Ver. 24 de febrero de 2026. La Orquesta Sinf\u00f3nica de Xalapa cierra febrero con una noche de encuentros musicales entre Sudam\u00e9rica y Europa, con la guitarra como protagonista de la velada. Estrenando en Xalapa el Concierto para guitarra y orquesta del \u00edcono brasile\u00f1o, Heitor Villa-Lobos, con participaci\u00f3n destacada del guitarrista mexicano: Daniel Monroy. Adem\u00e1s, dos obras que tambi\u00e9n se escuchar\u00e1n por primera vez en la Atenas Veracruzana: <em>Tres Preludios Sinf\u00f3nicos <\/em>del chileno, Enrique Soro; y la Sinfon\u00eda n.\u00b0 4 del franc\u00e9s, Bohuslav Martin\u016f. Bajo la direcci\u00f3n de: Nicol\u00e1s Rauss, director invitado.<\/li>\n<\/ul>\n<p>Este concierto se realizar\u00e1 el viernes 27 de febrero de 2026 a las 20:00 h.<br \/>\n<img data-recalc-dims=\"1\" loading=\"lazy\" decoding=\"async\" class=\"aligncenter size-large wp-image-80749\" src=\"https:\/\/i0.wp.com\/politicosaldesnudo.com.mx\/wp-content\/uploads\/2026\/02\/Nicolas-Rauss.jpg?resize=800%2C734&#038;ssl=1\" alt=\"\" width=\"800\" height=\"734\" srcset=\"https:\/\/i0.wp.com\/politicosaldesnudo.com.mx\/wp-content\/uploads\/2026\/02\/Nicolas-Rauss-scaled.jpg?resize=1024%2C940&amp;ssl=1 1024w, https:\/\/i0.wp.com\/politicosaldesnudo.com.mx\/wp-content\/uploads\/2026\/02\/Nicolas-Rauss-scaled.jpg?resize=300%2C275&amp;ssl=1 300w, https:\/\/i0.wp.com\/politicosaldesnudo.com.mx\/wp-content\/uploads\/2026\/02\/Nicolas-Rauss-scaled.jpg?resize=768%2C705&amp;ssl=1 768w, https:\/\/i0.wp.com\/politicosaldesnudo.com.mx\/wp-content\/uploads\/2026\/02\/Nicolas-Rauss-scaled.jpg?resize=1536%2C1410&amp;ssl=1 1536w, https:\/\/i0.wp.com\/politicosaldesnudo.com.mx\/wp-content\/uploads\/2026\/02\/Nicolas-Rauss-scaled.jpg?resize=2048%2C1880&amp;ssl=1 2048w\" sizes=\"auto, (max-width: 800px) 100vw, 800px\" \/><\/p>\n<p>Enrique Soro, figura influyente en el ambiente musical chileno. Desde el punto de vista musical, su obra se entronca en la tradici\u00f3n cl\u00e1sico-rom\u00e1ntica, con un reconocido estilo sumergido en las formas cl\u00e1sicas, pleno de un sentido l\u00edrico espont\u00e1neo. Su obra que nos convoca para este programa se titula Tres Preludios Sinf\u00f3nicos y fue compuesta en 1929.<\/p>\n<p>La m\u00fasica de Heitor Villa-Lobos, revestida de un halo misterioso, no acusa el paso de los a\u00f1os. El Concierto para guitarra y peque\u00f1a orquesta, compuesto en 1951 y dedicado a Andr\u00e9s Segovia, es la \u00faltima pieza que el compositor cre\u00f3 para el instrumento de seis cuerdas. En ella realiz\u00f3 una de las labores m\u00e1s dif\u00edciles en obras de este tipo, balancear el sonido de la guitarra con el de la orquesta de forma que no se vea opacado el instrumento solista. Interpretaci\u00f3n a cargo de Daniel Monroy, solista invitado.<\/p>\n<p>&nbsp;<\/p>\n<p>La \u201cSinfon\u00eda N\u00b0 4\u201d fue escrita entre los meses de abril y junio de 1945, y se estren\u00f3 en Philadelphia el 30 de noviembre de 1945. Una sinfon\u00eda de car\u00e1cter l\u00edrico, en esta expresa un sentimiento de j\u00fabilo desde el inicio del primer movimiento. Una esperanza que por desgracia no lleg\u00f3 a realizarse. Es la sinfon\u00eda m\u00e1s popular de todas las escritas por Martin\u016f, siendo interpretada en todo el mundo. Sin poseer melod\u00edas caracter\u00edsticas ni especiales formas r\u00edtmicas, empleando partes bitonales y ciertas disonancias, crea una peculiar atm\u00f3sfera que afecta a la audiencia.<\/p>\n<p>Daniel Monroy, solista invitado, es licenciado en m\u00fasica por la Universidad Veracruzana y curs\u00f3 la maestr\u00eda en la University of Kentucky, donde actualmente cursa el doctorado bajo la tutela del Dr. Dieter Hennings. Ha sido reconocido con el 2do lugar en el Concurso Nacional Virtual GuitaREDUV 2020 y el 2do lugar en el concurso de interpretaci\u00f3n The Lewis Award. Complement\u00f3 su formaci\u00f3n con clases magistrales impartidas por figuras de renombre internacional como Eliot Fisk, William Kanengiser y Marcin Dylla.<\/p>\n<p>&nbsp;<\/p>\n<p>Nicol\u00e1s Rauss, director invitado, es director de orquesta suizo de importante trayectoria en Am\u00e9rica Latina, titular de la Orquesta Sinf\u00f3nica Nacional del Uruguay (Sodre) de 2023 a 2025, de la Orquesta USACH en Santiago de Chile de 2013 a 2021, de la Orquesta Sinf\u00f3nica Provincial de Rosario (Argentina, 2008 a 2014), y de la Filarm\u00f3nica de Mendoza (Argentina, 2000 a 2004).<\/p>\n<p>Luego de recibir una doble formaci\u00f3n en direcci\u00f3n orquestal y coral con Michel Corboz en Ginebra, en 1987 obtuvo el Primer Premio por unanimidad en el 6\u00b0 Concurso Internacional de Direcci\u00f3n Orquestal \u00abGino Marinuzzi\u00bb en San Remo.<\/p>\n<p>&nbsp;<\/p>\n<p>Complementa la experiencia musical co la Charla de Concierto, que contar\u00e1 con el ponente: Mtro. Guillermo Cuevas, de la Facultad de M\u00fasica UV. El viernes 27 de febrero, a las 19:00 h, en el mezzanine de Tlaqn\u00e1, Centro Cultural.<\/p>\n<p>&nbsp;<\/p>\n<p>Puedes comprar tus boletos en l\u00ednea en www.orquestasinfonicadexalapa.com, Tienda UV, Tienda UV Museo de Antropolog\u00eda y Taquilla Tlaqn\u00e1.<\/p>\n<p>Correo electr\u00f3nico: <a href=\"mailto:mercadotecnia.osx@gmail.com\">mercadotecnia.osx@gmail.com<\/a>.<\/p>\n","protected":false},"excerpt":{"rendered":"<p>Daniel Monroy, guitarrista invitado Estrenos musicales de: Soro, Villa-Lobos y Martin\u016f Nicol\u00e1s Rauss, director invitado Xalapa, Ver. 24 de febrero [&hellip;]<\/p>\n","protected":false},"author":4,"featured_media":80748,"comment_status":"closed","ping_status":"closed","sticky":false,"template":"","format":"standard","meta":{"site-sidebar-layout":"default","site-content-layout":"","ast-site-content-layout":"default","site-content-style":"default","site-sidebar-style":"default","ast-global-header-display":"","ast-banner-title-visibility":"","ast-main-header-display":"","ast-hfb-above-header-display":"","ast-hfb-below-header-display":"","ast-hfb-mobile-header-display":"","site-post-title":"","ast-breadcrumbs-content":"","ast-featured-img":"","footer-sml-layout":"","ast-disable-related-posts":"","theme-transparent-header-meta":"","adv-header-id-meta":"","stick-header-meta":"","header-above-stick-meta":"","header-main-stick-meta":"","header-below-stick-meta":"","astra-migrate-meta-layouts":"default","ast-page-background-enabled":"default","ast-page-background-meta":{"desktop":{"background-color":"var(--ast-global-color-5)","background-image":"","background-repeat":"repeat","background-position":"center center","background-size":"auto","background-attachment":"scroll","background-type":"","background-media":"","overlay-type":"","overlay-color":"","overlay-opacity":"","overlay-gradient":""},"tablet":{"background-color":"","background-image":"","background-repeat":"repeat","background-position":"center center","background-size":"auto","background-attachment":"scroll","background-type":"","background-media":"","overlay-type":"","overlay-color":"","overlay-opacity":"","overlay-gradient":""},"mobile":{"background-color":"","background-image":"","background-repeat":"repeat","background-position":"center center","background-size":"auto","background-attachment":"scroll","background-type":"","background-media":"","overlay-type":"","overlay-color":"","overlay-opacity":"","overlay-gradient":""}},"ast-content-background-meta":{"desktop":{"background-color":"var(--ast-global-color-4)","background-image":"","background-repeat":"repeat","background-position":"center center","background-size":"auto","background-attachment":"scroll","background-type":"","background-media":"","overlay-type":"","overlay-color":"","overlay-opacity":"","overlay-gradient":""},"tablet":{"background-color":"var(--ast-global-color-4)","background-image":"","background-repeat":"repeat","background-position":"center center","background-size":"auto","background-attachment":"scroll","background-type":"","background-media":"","overlay-type":"","overlay-color":"","overlay-opacity":"","overlay-gradient":""},"mobile":{"background-color":"var(--ast-global-color-4)","background-image":"","background-repeat":"repeat","background-position":"center center","background-size":"auto","background-attachment":"scroll","background-type":"","background-media":"","overlay-type":"","overlay-color":"","overlay-opacity":"","overlay-gradient":""}},"_jetpack_newsletter_access":"","_jetpack_dont_email_post_to_subs":false,"_jetpack_newsletter_tier_id":0,"_jetpack_memberships_contains_paywalled_content":false,"_jetpack_feature_clip_id":0,"_jetpack_memberships_contains_paid_content":false,"footnotes":"","jetpack_publicize_message":"","jetpack_publicize_feature_enabled":true,"jetpack_social_post_already_shared":true,"jetpack_social_options":{"image_generator_settings":{"template":"highway","default_image_id":0,"font":"","enabled":false},"version":2},"jetpack_post_was_ever_published":false},"categories":[474,30],"tags":[],"class_list":["post-80747","post","type-post","status-publish","format-standard","has-post-thumbnail","hentry","category-cultura","category-estados"],"yoast_head":"<!-- This site is optimized with the Yoast SEO plugin v28.3 - https:\/\/yoast.com\/product\/yoast-seo-wordpress\/ -->\n<title>Noche de guitarra y estrenos de Am\u00e9rica y Europa OSX - Pol\u00edticos al Desnudo<\/title>\n<meta name=\"robots\" content=\"index, follow, max-snippet:-1, max-image-preview:large, max-video-preview:-1\" \/>\n<link rel=\"canonical\" href=\"https:\/\/politicosaldesnudo.com.mx\/index.php\/2026\/02\/24\/noche-de-guitarra-y-estrenos-de-america-y-europa-osx\/\" \/>\n<meta property=\"og:locale\" content=\"es_ES\" \/>\n<meta property=\"og:type\" content=\"article\" \/>\n<meta property=\"og:title\" content=\"Noche de guitarra y estrenos de Am\u00e9rica y Europa OSX - Pol\u00edticos al Desnudo\" \/>\n<meta property=\"og:description\" content=\"Daniel Monroy, guitarrista invitado Estrenos musicales de: Soro, Villa-Lobos y Martin\u016f Nicol\u00e1s Rauss, director invitado Xalapa, Ver. 24 de febrero [&hellip;]\" \/>\n<meta property=\"og:url\" content=\"https:\/\/politicosaldesnudo.com.mx\/index.php\/2026\/02\/24\/noche-de-guitarra-y-estrenos-de-america-y-europa-osx\/\" \/>\n<meta property=\"og:site_name\" content=\"Pol\u00edticos al Desnudo\" \/>\n<meta property=\"article:publisher\" content=\"https:\/\/www.facebook.com\/PoliticosAD\" \/>\n<meta property=\"article:published_time\" content=\"2026-02-24T19:41:55+00:00\" \/>\n<meta property=\"article:modified_time\" content=\"2026-02-27T04:44:07+00:00\" \/>\n<meta property=\"og:image\" content=\"https:\/\/i0.wp.com\/politicosaldesnudo.com.mx\/wp-content\/uploads\/2026\/02\/Daniel-Monroy-300dpi-1-scaled.jpg?fit=2560%2C1707&ssl=1\" \/>\n\t<meta property=\"og:image:width\" content=\"2560\" \/>\n\t<meta property=\"og:image:height\" content=\"1707\" \/>\n\t<meta property=\"og:image:type\" content=\"image\/jpeg\" \/>\n<meta name=\"author\" content=\"Redacci\u00f3n Pol\u00edticos\" \/>\n<meta name=\"twitter:card\" content=\"summary_large_image\" \/>\n<meta name=\"twitter:label1\" content=\"Escrito por\" \/>\n\t<meta name=\"twitter:data1\" content=\"Redacci\u00f3n Pol\u00edticos\" \/>\n\t<meta name=\"twitter:label2\" content=\"Tiempo de lectura\" \/>\n\t<meta name=\"twitter:data2\" content=\"3 minutos\" \/>\n<script type=\"application\/ld+json\" class=\"yoast-schema-graph\">{\"@context\":\"https:\\\/\\\/schema.org\",\"@graph\":[{\"@type\":\"Article\",\"@id\":\"https:\\\/\\\/politicosaldesnudo.com.mx\\\/index.php\\\/2026\\\/02\\\/24\\\/noche-de-guitarra-y-estrenos-de-america-y-europa-osx\\\/#article\",\"isPartOf\":{\"@id\":\"https:\\\/\\\/politicosaldesnudo.com.mx\\\/index.php\\\/2026\\\/02\\\/24\\\/noche-de-guitarra-y-estrenos-de-america-y-europa-osx\\\/\"},\"author\":{\"name\":\"Redacci\u00f3n Pol\u00edticos\",\"@id\":\"https:\\\/\\\/politicosaldesnudo.com.mx\\\/#\\\/schema\\\/person\\\/ef3a64e561cc3f3f5dc52fab81adde7e\"},\"headline\":\"Noche de guitarra y estrenos de Am\u00e9rica y Europa OSX\",\"datePublished\":\"2026-02-24T19:41:55+00:00\",\"dateModified\":\"2026-02-27T04:44:07+00:00\",\"mainEntityOfPage\":{\"@id\":\"https:\\\/\\\/politicosaldesnudo.com.mx\\\/index.php\\\/2026\\\/02\\\/24\\\/noche-de-guitarra-y-estrenos-de-america-y-europa-osx\\\/\"},\"wordCount\":646,\"publisher\":{\"@id\":\"https:\\\/\\\/politicosaldesnudo.com.mx\\\/#organization\"},\"image\":{\"@id\":\"https:\\\/\\\/politicosaldesnudo.com.mx\\\/index.php\\\/2026\\\/02\\\/24\\\/noche-de-guitarra-y-estrenos-de-america-y-europa-osx\\\/#primaryimage\"},\"thumbnailUrl\":\"https:\\\/\\\/i0.wp.com\\\/politicosaldesnudo.com.mx\\\/wp-content\\\/uploads\\\/2026\\\/02\\\/Daniel-Monroy-300dpi-1-scaled.jpg?fit=2560%2C1707&ssl=1\",\"articleSection\":[\"CULTURA\",\"ESTADOS\"],\"inLanguage\":\"es\"},{\"@type\":\"WebPage\",\"@id\":\"https:\\\/\\\/politicosaldesnudo.com.mx\\\/index.php\\\/2026\\\/02\\\/24\\\/noche-de-guitarra-y-estrenos-de-america-y-europa-osx\\\/\",\"url\":\"https:\\\/\\\/politicosaldesnudo.com.mx\\\/index.php\\\/2026\\\/02\\\/24\\\/noche-de-guitarra-y-estrenos-de-america-y-europa-osx\\\/\",\"name\":\"Noche de guitarra y estrenos de Am\u00e9rica y Europa OSX - Pol\u00edticos al Desnudo\",\"isPartOf\":{\"@id\":\"https:\\\/\\\/politicosaldesnudo.com.mx\\\/#website\"},\"primaryImageOfPage\":{\"@id\":\"https:\\\/\\\/politicosaldesnudo.com.mx\\\/index.php\\\/2026\\\/02\\\/24\\\/noche-de-guitarra-y-estrenos-de-america-y-europa-osx\\\/#primaryimage\"},\"image\":{\"@id\":\"https:\\\/\\\/politicosaldesnudo.com.mx\\\/index.php\\\/2026\\\/02\\\/24\\\/noche-de-guitarra-y-estrenos-de-america-y-europa-osx\\\/#primaryimage\"},\"thumbnailUrl\":\"https:\\\/\\\/i0.wp.com\\\/politicosaldesnudo.com.mx\\\/wp-content\\\/uploads\\\/2026\\\/02\\\/Daniel-Monroy-300dpi-1-scaled.jpg?fit=2560%2C1707&ssl=1\",\"datePublished\":\"2026-02-24T19:41:55+00:00\",\"dateModified\":\"2026-02-27T04:44:07+00:00\",\"breadcrumb\":{\"@id\":\"https:\\\/\\\/politicosaldesnudo.com.mx\\\/index.php\\\/2026\\\/02\\\/24\\\/noche-de-guitarra-y-estrenos-de-america-y-europa-osx\\\/#breadcrumb\"},\"inLanguage\":\"es\",\"potentialAction\":[{\"@type\":\"ReadAction\",\"target\":[\"https:\\\/\\\/politicosaldesnudo.com.mx\\\/index.php\\\/2026\\\/02\\\/24\\\/noche-de-guitarra-y-estrenos-de-america-y-europa-osx\\\/\"]}]},{\"@type\":\"ImageObject\",\"inLanguage\":\"es\",\"@id\":\"https:\\\/\\\/politicosaldesnudo.com.mx\\\/index.php\\\/2026\\\/02\\\/24\\\/noche-de-guitarra-y-estrenos-de-america-y-europa-osx\\\/#primaryimage\",\"url\":\"https:\\\/\\\/i0.wp.com\\\/politicosaldesnudo.com.mx\\\/wp-content\\\/uploads\\\/2026\\\/02\\\/Daniel-Monroy-300dpi-1-scaled.jpg?fit=2560%2C1707&ssl=1\",\"contentUrl\":\"https:\\\/\\\/i0.wp.com\\\/politicosaldesnudo.com.mx\\\/wp-content\\\/uploads\\\/2026\\\/02\\\/Daniel-Monroy-300dpi-1-scaled.jpg?fit=2560%2C1707&ssl=1\",\"width\":2560,\"height\":1707},{\"@type\":\"BreadcrumbList\",\"@id\":\"https:\\\/\\\/politicosaldesnudo.com.mx\\\/index.php\\\/2026\\\/02\\\/24\\\/noche-de-guitarra-y-estrenos-de-america-y-europa-osx\\\/#breadcrumb\",\"itemListElement\":[{\"@type\":\"ListItem\",\"position\":1,\"name\":\"Portada\",\"item\":\"https:\\\/\\\/politicosaldesnudo.com.mx\\\/\"},{\"@type\":\"ListItem\",\"position\":2,\"name\":\"Noche de guitarra y estrenos de Am\u00e9rica y Europa OSX\"}]},{\"@type\":\"WebSite\",\"@id\":\"https:\\\/\\\/politicosaldesnudo.com.mx\\\/#website\",\"url\":\"https:\\\/\\\/politicosaldesnudo.com.mx\\\/\",\"name\":\"Pol\u00edticos al Desnudo\",\"description\":\"\",\"publisher\":{\"@id\":\"https:\\\/\\\/politicosaldesnudo.com.mx\\\/#organization\"},\"potentialAction\":[{\"@type\":\"SearchAction\",\"target\":{\"@type\":\"EntryPoint\",\"urlTemplate\":\"https:\\\/\\\/politicosaldesnudo.com.mx\\\/?s={search_term_string}\"},\"query-input\":{\"@type\":\"PropertyValueSpecification\",\"valueRequired\":true,\"valueName\":\"search_term_string\"}}],\"inLanguage\":\"es\"},{\"@type\":\"Organization\",\"@id\":\"https:\\\/\\\/politicosaldesnudo.com.mx\\\/#organization\",\"name\":\"Pol\u00edticos al Desnudo\",\"url\":\"https:\\\/\\\/politicosaldesnudo.com.mx\\\/\",\"logo\":{\"@type\":\"ImageObject\",\"inLanguage\":\"es\",\"@id\":\"https:\\\/\\\/politicosaldesnudo.com.mx\\\/#\\\/schema\\\/logo\\\/image\\\/\",\"url\":\"https:\\\/\\\/i0.wp.com\\\/politicosaldesnudo.com.mx\\\/wp-content\\\/uploads\\\/2026\\\/08\\\/cropped-logo.webp?fit=400%2C126&ssl=1\",\"contentUrl\":\"https:\\\/\\\/i0.wp.com\\\/politicosaldesnudo.com.mx\\\/wp-content\\\/uploads\\\/2026\\\/08\\\/cropped-logo.webp?fit=400%2C126&ssl=1\",\"width\":400,\"height\":126,\"caption\":\"Pol\u00edticos al Desnudo\"},\"image\":{\"@id\":\"https:\\\/\\\/politicosaldesnudo.com.mx\\\/#\\\/schema\\\/logo\\\/image\\\/\"},\"sameAs\":[\"https:\\\/\\\/www.facebook.com\\\/PoliticosAD\"]},{\"@type\":\"Person\",\"@id\":\"https:\\\/\\\/politicosaldesnudo.com.mx\\\/#\\\/schema\\\/person\\\/ef3a64e561cc3f3f5dc52fab81adde7e\",\"name\":\"Redacci\u00f3n Pol\u00edticos\",\"url\":\"https:\\\/\\\/politicosaldesnudo.com.mx\\\/index.php\\\/author\\\/redaccion-politicos\\\/\"}]}<\/script>\n<!-- \/ Yoast SEO plugin. -->","yoast_head_json":{"title":"Noche de guitarra y estrenos de Am\u00e9rica y Europa OSX - Pol\u00edticos al Desnudo","robots":{"index":"index","follow":"follow","max-snippet":"max-snippet:-1","max-image-preview":"max-image-preview:large","max-video-preview":"max-video-preview:-1"},"canonical":"https:\/\/politicosaldesnudo.com.mx\/index.php\/2026\/02\/24\/noche-de-guitarra-y-estrenos-de-america-y-europa-osx\/","og_locale":"es_ES","og_type":"article","og_title":"Noche de guitarra y estrenos de Am\u00e9rica y Europa OSX - Pol\u00edticos al Desnudo","og_description":"Daniel Monroy, guitarrista invitado Estrenos musicales de: Soro, Villa-Lobos y Martin\u016f Nicol\u00e1s Rauss, director invitado Xalapa, Ver. 24 de febrero [&hellip;]","og_url":"https:\/\/politicosaldesnudo.com.mx\/index.php\/2026\/02\/24\/noche-de-guitarra-y-estrenos-de-america-y-europa-osx\/","og_site_name":"Pol\u00edticos al Desnudo","article_publisher":"https:\/\/www.facebook.com\/PoliticosAD","article_published_time":"2026-02-24T19:41:55+00:00","article_modified_time":"2026-02-27T04:44:07+00:00","og_image":[{"width":2560,"height":1707,"url":"https:\/\/i0.wp.com\/politicosaldesnudo.com.mx\/wp-content\/uploads\/2026\/02\/Daniel-Monroy-300dpi-1-scaled.jpg?fit=2560%2C1707&ssl=1","type":"image\/jpeg"}],"author":"Redacci\u00f3n Pol\u00edticos","twitter_card":"summary_large_image","twitter_misc":{"Escrito por":"Redacci\u00f3n Pol\u00edticos","Tiempo de lectura":"3 minutos"},"schema":{"@context":"https:\/\/schema.org","@graph":[{"@type":"Article","@id":"https:\/\/politicosaldesnudo.com.mx\/index.php\/2026\/02\/24\/noche-de-guitarra-y-estrenos-de-america-y-europa-osx\/#article","isPartOf":{"@id":"https:\/\/politicosaldesnudo.com.mx\/index.php\/2026\/02\/24\/noche-de-guitarra-y-estrenos-de-america-y-europa-osx\/"},"author":{"name":"Redacci\u00f3n Pol\u00edticos","@id":"https:\/\/politicosaldesnudo.com.mx\/#\/schema\/person\/ef3a64e561cc3f3f5dc52fab81adde7e"},"headline":"Noche de guitarra y estrenos de Am\u00e9rica y Europa OSX","datePublished":"2026-02-24T19:41:55+00:00","dateModified":"2026-02-27T04:44:07+00:00","mainEntityOfPage":{"@id":"https:\/\/politicosaldesnudo.com.mx\/index.php\/2026\/02\/24\/noche-de-guitarra-y-estrenos-de-america-y-europa-osx\/"},"wordCount":646,"publisher":{"@id":"https:\/\/politicosaldesnudo.com.mx\/#organization"},"image":{"@id":"https:\/\/politicosaldesnudo.com.mx\/index.php\/2026\/02\/24\/noche-de-guitarra-y-estrenos-de-america-y-europa-osx\/#primaryimage"},"thumbnailUrl":"https:\/\/i0.wp.com\/politicosaldesnudo.com.mx\/wp-content\/uploads\/2026\/02\/Daniel-Monroy-300dpi-1-scaled.jpg?fit=2560%2C1707&ssl=1","articleSection":["CULTURA","ESTADOS"],"inLanguage":"es"},{"@type":"WebPage","@id":"https:\/\/politicosaldesnudo.com.mx\/index.php\/2026\/02\/24\/noche-de-guitarra-y-estrenos-de-america-y-europa-osx\/","url":"https:\/\/politicosaldesnudo.com.mx\/index.php\/2026\/02\/24\/noche-de-guitarra-y-estrenos-de-america-y-europa-osx\/","name":"Noche de guitarra y estrenos de Am\u00e9rica y Europa OSX - Pol\u00edticos al Desnudo","isPartOf":{"@id":"https:\/\/politicosaldesnudo.com.mx\/#website"},"primaryImageOfPage":{"@id":"https:\/\/politicosaldesnudo.com.mx\/index.php\/2026\/02\/24\/noche-de-guitarra-y-estrenos-de-america-y-europa-osx\/#primaryimage"},"image":{"@id":"https:\/\/politicosaldesnudo.com.mx\/index.php\/2026\/02\/24\/noche-de-guitarra-y-estrenos-de-america-y-europa-osx\/#primaryimage"},"thumbnailUrl":"https:\/\/i0.wp.com\/politicosaldesnudo.com.mx\/wp-content\/uploads\/2026\/02\/Daniel-Monroy-300dpi-1-scaled.jpg?fit=2560%2C1707&ssl=1","datePublished":"2026-02-24T19:41:55+00:00","dateModified":"2026-02-27T04:44:07+00:00","breadcrumb":{"@id":"https:\/\/politicosaldesnudo.com.mx\/index.php\/2026\/02\/24\/noche-de-guitarra-y-estrenos-de-america-y-europa-osx\/#breadcrumb"},"inLanguage":"es","potentialAction":[{"@type":"ReadAction","target":["https:\/\/politicosaldesnudo.com.mx\/index.php\/2026\/02\/24\/noche-de-guitarra-y-estrenos-de-america-y-europa-osx\/"]}]},{"@type":"ImageObject","inLanguage":"es","@id":"https:\/\/politicosaldesnudo.com.mx\/index.php\/2026\/02\/24\/noche-de-guitarra-y-estrenos-de-america-y-europa-osx\/#primaryimage","url":"https:\/\/i0.wp.com\/politicosaldesnudo.com.mx\/wp-content\/uploads\/2026\/02\/Daniel-Monroy-300dpi-1-scaled.jpg?fit=2560%2C1707&ssl=1","contentUrl":"https:\/\/i0.wp.com\/politicosaldesnudo.com.mx\/wp-content\/uploads\/2026\/02\/Daniel-Monroy-300dpi-1-scaled.jpg?fit=2560%2C1707&ssl=1","width":2560,"height":1707},{"@type":"BreadcrumbList","@id":"https:\/\/politicosaldesnudo.com.mx\/index.php\/2026\/02\/24\/noche-de-guitarra-y-estrenos-de-america-y-europa-osx\/#breadcrumb","itemListElement":[{"@type":"ListItem","position":1,"name":"Portada","item":"https:\/\/politicosaldesnudo.com.mx\/"},{"@type":"ListItem","position":2,"name":"Noche de guitarra y estrenos de Am\u00e9rica y Europa OSX"}]},{"@type":"WebSite","@id":"https:\/\/politicosaldesnudo.com.mx\/#website","url":"https:\/\/politicosaldesnudo.com.mx\/","name":"Pol\u00edticos al Desnudo","description":"","publisher":{"@id":"https:\/\/politicosaldesnudo.com.mx\/#organization"},"potentialAction":[{"@type":"SearchAction","target":{"@type":"EntryPoint","urlTemplate":"https:\/\/politicosaldesnudo.com.mx\/?s={search_term_string}"},"query-input":{"@type":"PropertyValueSpecification","valueRequired":true,"valueName":"search_term_string"}}],"inLanguage":"es"},{"@type":"Organization","@id":"https:\/\/politicosaldesnudo.com.mx\/#organization","name":"Pol\u00edticos al Desnudo","url":"https:\/\/politicosaldesnudo.com.mx\/","logo":{"@type":"ImageObject","inLanguage":"es","@id":"https:\/\/politicosaldesnudo.com.mx\/#\/schema\/logo\/image\/","url":"https:\/\/i0.wp.com\/politicosaldesnudo.com.mx\/wp-content\/uploads\/2026\/08\/cropped-logo.webp?fit=400%2C126&ssl=1","contentUrl":"https:\/\/i0.wp.com\/politicosaldesnudo.com.mx\/wp-content\/uploads\/2026\/08\/cropped-logo.webp?fit=400%2C126&ssl=1","width":400,"height":126,"caption":"Pol\u00edticos al Desnudo"},"image":{"@id":"https:\/\/politicosaldesnudo.com.mx\/#\/schema\/logo\/image\/"},"sameAs":["https:\/\/www.facebook.com\/PoliticosAD"]},{"@type":"Person","@id":"https:\/\/politicosaldesnudo.com.mx\/#\/schema\/person\/ef3a64e561cc3f3f5dc52fab81adde7e","name":"Redacci\u00f3n Pol\u00edticos","url":"https:\/\/politicosaldesnudo.com.mx\/index.php\/author\/redaccion-politicos\/"}]}},"jetpack_publicize_connections":[],"jetpack-related-posts":[{"id":88103,"url":"https:\/\/politicosaldesnudo.com.mx\/index.php\/2026\/08\/27\/rescatan-a-43-perros-de-un-infierno-clandestino-en-xalapa\/","url_meta":{"origin":80747,"position":0},"title":"Rescatan a 43 perros de un infierno clandestino en Xalapa","author":"Redacci\u00f3n Pol\u00edticos","date":"27 de agosto de 2026","format":false,"excerpt":"Los animales permanec\u00edan hacinados entre basura y plagas en una vivienda de la colonia Modelo; algunos presentan desnutrici\u00f3n, enfermedades en la piel y padecimientos transmitidos por garrapatas. Xalapa, Ver.\u2014 Un total de 43 perros fueron retirados de una vivienda donde presuntamente funcionaba un criadero clandestino, tras ser encontrados en condiciones\u2026","rel":"","context":"En \u00abESTADOS\u00bb","block_context":{"text":"ESTADOS","link":"https:\/\/politicosaldesnudo.com.mx\/index.php\/category\/estados\/"},"img":{"alt_text":"","src":"https:\/\/i0.wp.com\/politicosaldesnudo.com.mx\/wp-content\/uploads\/2026\/08\/ChatGPT-Image-27-ago-2026-17_38_17.png?fit=1200%2C675&ssl=1&resize=350%2C200","width":350,"height":200,"srcset":"https:\/\/i0.wp.com\/politicosaldesnudo.com.mx\/wp-content\/uploads\/2026\/08\/ChatGPT-Image-27-ago-2026-17_38_17.png?fit=1200%2C675&ssl=1&resize=350%2C200 1x, https:\/\/i0.wp.com\/politicosaldesnudo.com.mx\/wp-content\/uploads\/2026\/08\/ChatGPT-Image-27-ago-2026-17_38_17.png?fit=1200%2C675&ssl=1&resize=525%2C300 1.5x, https:\/\/i0.wp.com\/politicosaldesnudo.com.mx\/wp-content\/uploads\/2026\/08\/ChatGPT-Image-27-ago-2026-17_38_17.png?fit=1200%2C675&ssl=1&resize=700%2C400 2x, https:\/\/i0.wp.com\/politicosaldesnudo.com.mx\/wp-content\/uploads\/2026\/08\/ChatGPT-Image-27-ago-2026-17_38_17.png?fit=1200%2C675&ssl=1&resize=1050%2C600 3x"},"classes":[]},{"id":88166,"url":"https:\/\/politicosaldesnudo.com.mx\/index.php\/2026\/08\/29\/queremos-verdad-y-justicia-xalapa-marcha-por-melanie-michelle\/","url_meta":{"origin":80747,"position":1},"title":"\u201cQueremos verdad y justicia\u201d: Xalapa marcha por Melanie Michelle","author":"Redacci\u00f3n Pol\u00edticos","date":"29 de agosto de 2026","format":false,"excerpt":"Vestidos de blanco y con fotograf\u00edas, flores y pancartas, familiares, amigos y estudiantes de la Universidad Veracruzana recorrieron las calles de Xalapa para exigir que se esclarezca la muerte de Melanie Michelle M\u00e9ndez Morales. La movilizaci\u00f3n se realiz\u00f3 este s\u00e1bado 29 de agosto y avanz\u00f3 por el centro de la\u2026","rel":"","context":"En \u00abESTADOS\u00bb","block_context":{"text":"ESTADOS","link":"https:\/\/politicosaldesnudo.com.mx\/index.php\/category\/estados\/"},"img":{"alt_text":"","src":"https:\/\/i0.wp.com\/politicosaldesnudo.com.mx\/wp-content\/uploads\/2026\/08\/84829ba5-4ac5-4a6b-9949-ee4d2b0f9b04.png?fit=1200%2C864&ssl=1&resize=350%2C200","width":350,"height":200,"srcset":"https:\/\/i0.wp.com\/politicosaldesnudo.com.mx\/wp-content\/uploads\/2026\/08\/84829ba5-4ac5-4a6b-9949-ee4d2b0f9b04.png?fit=1200%2C864&ssl=1&resize=350%2C200 1x, https:\/\/i0.wp.com\/politicosaldesnudo.com.mx\/wp-content\/uploads\/2026\/08\/84829ba5-4ac5-4a6b-9949-ee4d2b0f9b04.png?fit=1200%2C864&ssl=1&resize=525%2C300 1.5x, https:\/\/i0.wp.com\/politicosaldesnudo.com.mx\/wp-content\/uploads\/2026\/08\/84829ba5-4ac5-4a6b-9949-ee4d2b0f9b04.png?fit=1200%2C864&ssl=1&resize=700%2C400 2x, https:\/\/i0.wp.com\/politicosaldesnudo.com.mx\/wp-content\/uploads\/2026\/08\/84829ba5-4ac5-4a6b-9949-ee4d2b0f9b04.png?fit=1200%2C864&ssl=1&resize=1050%2C600 3x"},"classes":[]},{"id":87890,"url":"https:\/\/politicosaldesnudo.com.mx\/index.php\/2026\/08\/19\/la-foto-que-puede-costar-la-vida\/","url_meta":{"origin":80747,"position":2},"title":"La foto que puede costar la vida","author":"Redacci\u00f3n Pol\u00edticos","date":"19 de agosto de 2026","format":false,"excerpt":"Astrolabio Pol\u00edtico Por: Luis Ram\u00edrez Baqueiro \u201cNo hay malas hierbas ni hombres malos; s\u00f3lo hay malos cultivadores\u201d. \u2013 V\u00edctor Hugo. Algo peligroso est\u00e1 ocurriendo en las calles y carreteras de Xalapa y sus alrededores. El incremento de accidentes en motocicleta obliga a revisar no solamente el comportamiento de quienes conducen\u2026","rel":"","context":"En \u00abOPINI\u00d3N\u00bb","block_context":{"text":"OPINI\u00d3N","link":"https:\/\/politicosaldesnudo.com.mx\/index.php\/category\/columnistas\/"},"img":{"alt_text":"","src":"https:\/\/i0.wp.com\/politicosaldesnudo.com.mx\/wp-content\/uploads\/2026\/08\/COLUMNISTAS-PAD-1-1.png?fit=1200%2C659&ssl=1&resize=350%2C200","width":350,"height":200,"srcset":"https:\/\/i0.wp.com\/politicosaldesnudo.com.mx\/wp-content\/uploads\/2026\/08\/COLUMNISTAS-PAD-1-1.png?fit=1200%2C659&ssl=1&resize=350%2C200 1x, https:\/\/i0.wp.com\/politicosaldesnudo.com.mx\/wp-content\/uploads\/2026\/08\/COLUMNISTAS-PAD-1-1.png?fit=1200%2C659&ssl=1&resize=525%2C300 1.5x, https:\/\/i0.wp.com\/politicosaldesnudo.com.mx\/wp-content\/uploads\/2026\/08\/COLUMNISTAS-PAD-1-1.png?fit=1200%2C659&ssl=1&resize=700%2C400 2x, https:\/\/i0.wp.com\/politicosaldesnudo.com.mx\/wp-content\/uploads\/2026\/08\/COLUMNISTAS-PAD-1-1.png?fit=1200%2C659&ssl=1&resize=1050%2C600 3x"},"classes":[]},{"id":87944,"url":"https:\/\/politicosaldesnudo.com.mx\/index.php\/2026\/08\/21\/muere-atanasio-garcia-duran-historico-referente-de-la-izquierda-veracruzana\/","url_meta":{"origin":80747,"position":3},"title":"Muere Atanasio Garc\u00eda Dur\u00e1n, hist\u00f3rico referente de la izquierda veracruzana","author":"Redacci\u00f3n Pol\u00edticos","date":"21 de agosto de 2026","format":false,"excerpt":"El maestro, acad\u00e9mico y exdiputado local Atanasio Garc\u00eda Dur\u00e1n falleci\u00f3 la noche del jueves 20 de agosto, a los 83 a\u00f1os. Adem\u00e1s de su amplia trayectoria en la educaci\u00f3n y la pol\u00edtica de Veracruz, fue padre del exgobernador Cuitl\u00e1huac Garc\u00eda Jim\u00e9nez. Garc\u00eda Dur\u00e1n permanec\u00eda hospitalizado desde principios de agosto debido\u2026","rel":"","context":"En \u00abESTADOS\u00bb","block_context":{"text":"ESTADOS","link":"https:\/\/politicosaldesnudo.com.mx\/index.php\/category\/estados\/"},"img":{"alt_text":"","src":"https:\/\/i0.wp.com\/politicosaldesnudo.com.mx\/wp-content\/uploads\/2026\/08\/fallecio-atanasio-garcia-padre-del-ex-gobernador-de-veracruz-cuitlahuac-garcia_93a1df84-098a-43c7-adf2-51d88e2d2666_media.webp?fit=1200%2C848&ssl=1&resize=350%2C200","width":350,"height":200,"srcset":"https:\/\/i0.wp.com\/politicosaldesnudo.com.mx\/wp-content\/uploads\/2026\/08\/fallecio-atanasio-garcia-padre-del-ex-gobernador-de-veracruz-cuitlahuac-garcia_93a1df84-098a-43c7-adf2-51d88e2d2666_media.webp?fit=1200%2C848&ssl=1&resize=350%2C200 1x, https:\/\/i0.wp.com\/politicosaldesnudo.com.mx\/wp-content\/uploads\/2026\/08\/fallecio-atanasio-garcia-padre-del-ex-gobernador-de-veracruz-cuitlahuac-garcia_93a1df84-098a-43c7-adf2-51d88e2d2666_media.webp?fit=1200%2C848&ssl=1&resize=525%2C300 1.5x, https:\/\/i0.wp.com\/politicosaldesnudo.com.mx\/wp-content\/uploads\/2026\/08\/fallecio-atanasio-garcia-padre-del-ex-gobernador-de-veracruz-cuitlahuac-garcia_93a1df84-098a-43c7-adf2-51d88e2d2666_media.webp?fit=1200%2C848&ssl=1&resize=700%2C400 2x, https:\/\/i0.wp.com\/politicosaldesnudo.com.mx\/wp-content\/uploads\/2026\/08\/fallecio-atanasio-garcia-padre-del-ex-gobernador-de-veracruz-cuitlahuac-garcia_93a1df84-098a-43c7-adf2-51d88e2d2666_media.webp?fit=1200%2C848&ssl=1&resize=1050%2C600 3x"},"classes":[]},{"id":88291,"url":"https:\/\/politicosaldesnudo.com.mx\/index.php\/2026\/09\/02\/nahle-ordena-reducir-sueldazo-de-sobrina-de-amlo-en-veracruz\/","url_meta":{"origin":80747,"position":4},"title":"Nahle ordena reducir \u201csueldazo\u201d de sobrina de AMLO en Veracruz","author":"Redacci\u00f3n Pol\u00edticos","date":"2 de septiembre de 2026","format":false,"excerpt":"La gobernadora neg\u00f3 que exista nepotismo en su administraci\u00f3n, pero reconoci\u00f3 que la percepci\u00f3n econ\u00f3mica de Erandi L\u00f3pez Herrer\u00eda resultaba excesiva. Xalapa, Ver.\u2014 La pol\u00e9mica por la presencia de familiares del expresidente Andr\u00e9s Manuel L\u00f3pez Obrador en el Gobierno de Veracruz escal\u00f3 luego de que Roc\u00edo Nahle ordenara revisar y\u2026","rel":"","context":"En \u00abESTADOS\u00bb","block_context":{"text":"ESTADOS","link":"https:\/\/politicosaldesnudo.com.mx\/index.php\/category\/estados\/"},"img":{"alt_text":"","src":"https:\/\/i0.wp.com\/politicosaldesnudo.com.mx\/wp-content\/uploads\/2026\/09\/Afiliaciones-de-Morena-1140x544-1.jpg?fit=1140%2C544&ssl=1&resize=350%2C200","width":350,"height":200,"srcset":"https:\/\/i0.wp.com\/politicosaldesnudo.com.mx\/wp-content\/uploads\/2026\/09\/Afiliaciones-de-Morena-1140x544-1.jpg?fit=1140%2C544&ssl=1&resize=350%2C200 1x, https:\/\/i0.wp.com\/politicosaldesnudo.com.mx\/wp-content\/uploads\/2026\/09\/Afiliaciones-de-Morena-1140x544-1.jpg?fit=1140%2C544&ssl=1&resize=525%2C300 1.5x, https:\/\/i0.wp.com\/politicosaldesnudo.com.mx\/wp-content\/uploads\/2026\/09\/Afiliaciones-de-Morena-1140x544-1.jpg?fit=1140%2C544&ssl=1&resize=700%2C400 2x, https:\/\/i0.wp.com\/politicosaldesnudo.com.mx\/wp-content\/uploads\/2026\/09\/Afiliaciones-de-Morena-1140x544-1.jpg?fit=1140%2C544&ssl=1&resize=1050%2C600 3x"},"classes":[]},{"id":87852,"url":"https:\/\/politicosaldesnudo.com.mx\/index.php\/2026\/08\/17\/sin-detenidos-por-crimen-de-estudiantes-de-la-uv-fiscalia-mantiene-abiertas-lineas-de-investigacion\/","url_meta":{"origin":80747,"position":5},"title":"Sin detenidos por crimen de estudiantes de la UV; Fiscal\u00eda mantiene abiertas l\u00edneas de investigaci\u00f3n","author":"Redacci\u00f3n Pol\u00edticos","date":"17 de agosto de 2026","format":false,"excerpt":"El asesinato de Melanie Michelle M\u00e9ndez Morales y Luis Fernando Hern\u00e1ndez Ib\u00e1\u00f1ez, estudiantes de Psicolog\u00eda de la Universidad Veracruzana (UV), contin\u00faa sin esclarecerse mientras la Fiscal\u00eda General del Estado (FGE) mantiene abiertas distintas l\u00edneas de investigaci\u00f3n para determinar qu\u00e9 ocurri\u00f3 antes de que ambos fueran encontrados sin vida. Los j\u00f3venes\u2026","rel":"","context":"En \u00abESTADOS\u00bb","block_context":{"text":"ESTADOS","link":"https:\/\/politicosaldesnudo.com.mx\/index.php\/category\/estados\/"},"img":{"alt_text":"","src":"https:\/\/i0.wp.com\/politicosaldesnudo.com.mx\/wp-content\/uploads\/2026\/08\/melanie_luis_fernando.jpg?fit=1200%2C800&ssl=1&resize=350%2C200","width":350,"height":200,"srcset":"https:\/\/i0.wp.com\/politicosaldesnudo.com.mx\/wp-content\/uploads\/2026\/08\/melanie_luis_fernando.jpg?fit=1200%2C800&ssl=1&resize=350%2C200 1x, https:\/\/i0.wp.com\/politicosaldesnudo.com.mx\/wp-content\/uploads\/2026\/08\/melanie_luis_fernando.jpg?fit=1200%2C800&ssl=1&resize=525%2C300 1.5x, https:\/\/i0.wp.com\/politicosaldesnudo.com.mx\/wp-content\/uploads\/2026\/08\/melanie_luis_fernando.jpg?fit=1200%2C800&ssl=1&resize=700%2C400 2x, https:\/\/i0.wp.com\/politicosaldesnudo.com.mx\/wp-content\/uploads\/2026\/08\/melanie_luis_fernando.jpg?fit=1200%2C800&ssl=1&resize=1050%2C600 3x"},"classes":[]}],"jetpack_sharing_enabled":true,"jetpack_featured_media_url":"https:\/\/i0.wp.com\/politicosaldesnudo.com.mx\/wp-content\/uploads\/2026\/02\/Daniel-Monroy-300dpi-1-scaled.jpg?fit=2560%2C1707&ssl=1","_links":{"self":[{"href":"https:\/\/politicosaldesnudo.com.mx\/index.php\/wp-json\/wp\/v2\/posts\/80747","targetHints":{"allow":["GET"]}}],"collection":[{"href":"https:\/\/politicosaldesnudo.com.mx\/index.php\/wp-json\/wp\/v2\/posts"}],"about":[{"href":"https:\/\/politicosaldesnudo.com.mx\/index.php\/wp-json\/wp\/v2\/types\/post"}],"author":[{"embeddable":true,"href":"https:\/\/politicosaldesnudo.com.mx\/index.php\/wp-json\/wp\/v2\/users\/4"}],"replies":[{"embeddable":true,"href":"https:\/\/politicosaldesnudo.com.mx\/index.php\/wp-json\/wp\/v2\/comments?post=80747"}],"version-history":[{"count":0,"href":"https:\/\/politicosaldesnudo.com.mx\/index.php\/wp-json\/wp\/v2\/posts\/80747\/revisions"}],"wp:featuredmedia":[{"embeddable":true,"href":"https:\/\/politicosaldesnudo.com.mx\/index.php\/wp-json\/wp\/v2\/media\/80748"}],"wp:attachment":[{"href":"https:\/\/politicosaldesnudo.com.mx\/index.php\/wp-json\/wp\/v2\/media?parent=80747"}],"wp:term":[{"taxonomy":"category","embeddable":true,"href":"https:\/\/politicosaldesnudo.com.mx\/index.php\/wp-json\/wp\/v2\/categories?post=80747"},{"taxonomy":"post_tag","embeddable":true,"href":"https:\/\/politicosaldesnudo.com.mx\/index.php\/wp-json\/wp\/v2\/tags?post=80747"}],"curies":[{"name":"wp","href":"https:\/\/api.w.org\/{rel}","templated":true}]}}