{"id":80945,"date":"2026-03-03T08:05:26","date_gmt":"2026-03-03T14:05:26","guid":{"rendered":"https:\/\/politicosaldesnudo.com.mx\/?p=80945"},"modified":"2026-03-03T08:05:26","modified_gmt":"2026-03-03T14:05:26","slug":"designan-al-quinto-titular-de-la-ssp-en-acapulco-durante-gestion-de-abelina-rodriguez","status":"publish","type":"post","link":"https:\/\/politicosaldesnudo.com.mx\/index.php\/2026\/03\/03\/designan-al-quinto-titular-de-la-ssp-en-acapulco-durante-gestion-de-abelina-rodriguez\/","title":{"rendered":"Designan al quinto titular de la SSP en Acapulco durante gesti\u00f3n de Abelina Rodr\u00edguez"},"content":{"rendered":"<p>Este lunes tomo protesta el nuevo titular de la Secretar\u00eda de Seguridad P\u00fablica (SSP) municipal de Acapulco, Federico Argumedo Rodr\u00edguez, en sustituci\u00f3n de Eduardo Arturo Bailleres Mendoza, quien present\u00f3 su renuncia a finales de la semana pasada.<\/p>\n<p>Este es el quinto responsable de la SSP municipal desde octubre de 2021, cuando la alcaldesa Abelina Rodr\u00edguez asumi\u00f3 el cargo en su primera gesti\u00f3n.<\/p>\n<p>Despu\u00e9s de la sesi\u00f3n extraordinaria efectuada en la sala de cabildos del ayuntamiento, en que el nombramiento fue aprobado por los regidores, la presidenta municipal de Acapulco, Abelina L\u00f3pez Rodr\u00edguez, tom\u00f3 protesta a Federico Argumedo Rodr\u00edguez como nuevo secretario de Seguridad P\u00fablica del municipio.<\/p>\n<p>Tras recibir su nombramiento, Argumedo Rodr\u00edguez present\u00f3 los ejes principales de su plan de trabajo, basado en un modelo de seguridad ciudadana fundamentado en inteligencia territorial, proximidad social, coordinaci\u00f3n interinstitucional y respeto a los derechos humanos.<\/p>\n<p>Su misi\u00f3n, expres\u00f3, consiste en garantizar la seguridad, el orden p\u00fablico y la protecci\u00f3n integral de la poblaci\u00f3n mediante la modernizaci\u00f3n operativa, tecnol\u00f3gica y profesional de la corporaci\u00f3n.<\/p>\n<p>El nuevo secretario se\u00f1al\u00f3 que su estrategia se ajusta a la Constituci\u00f3n Pol\u00edtica de los Estados Unidos Mexicanos, la Ley General del Sistema Nacional de Seguridad P\u00fablica, el Plan Nacional de Desarrollo y el Plan Municipal de Desarrollo.<\/p>\n<p>Argumedo Rodr\u00edguez present\u00f3 un diagn\u00f3stico delictivo de los a\u00f1os 2024 y 2025, en el que se identifican como principales problem\u00e1ticas de Acapulco el homicidio doloso, la extorsi\u00f3n, el robo con violencia, la violencia familiar y los delitos que afectan al sector tur\u00edstico.<\/p>\n<p>En diciembre de 2024 se identific\u00f3 a las colonias La Venta, Las Playas, Renacimiento, La Postal, Coloso, Magallanes y Centro, como de mayores \u00edndices delictivos.<\/p>\n<p>Para agosto de 2025, resaltaron las colonias Progreso, Magallanes, Costa Azul, Renacimiento, Club deportivo, Hornos, Icacos y Emiliano Zapata.<\/p>\n<p>Para diciembre de 2025, Magallanes, Renacimiento, Club Deportivo, Costa Azul , Progreso, Centro, Las Playas, Llano Largo, Bellavista y Hornos.<\/p>\n<p>Advirti\u00f3 la existencia de factores estructurales derivados de la fragmentaci\u00f3n de grupos delictivos y la afectaci\u00f3n socioecon\u00f3mica provocada por fen\u00f3menos climatol\u00f3gicos; y se\u00f1al\u00f3 que hay presencia en Acapulco de los grupos C\u00e1rtel Independiente de Acapulco, Los Rusos, Gente Nueva Guerrero y C\u00e1rtel Jalisco Nueva Generaci\u00f3n.<\/p>\n<p>Como parte de su plan integral, cit\u00f3 los ejes estrat\u00e9gicos que guiar\u00e1n su gesti\u00f3n, basados en el control territorial y disuasi\u00f3n del delito, as\u00ed como el fortalecimiento institucional y certificaci\u00f3n policial; la seguridad tur\u00edstica y la reactivaci\u00f3n econ\u00f3mica; atenci\u00f3n integral a la violencia familiar y de g\u00e9nero; modernizaci\u00f3n tecnol\u00f3gica; gobernanza y coordinaci\u00f3n, entre otros puntos, con metas a alcanzar durante los primeros 100 d\u00edas de gesti\u00f3n.<\/p>\n<p>La presidenta municipal Abelina L\u00f3pez Rodr\u00edguez explic\u00f3 que la elecci\u00f3n se defini\u00f3 tras valorar diversas propuestas y priorizar la experiencia en seguridad p\u00fablica, y sostuvo que la llegada del nuevo secretario dar\u00e1 continuidad a las acciones implementadas por Eduardo Bailleres Mendoza.<\/p>\n<p>Horas antes, durante la ma\u00f1ana, una mujer fue asesinada por impactos de bala en la colonia Ciudad Renacimiento, cuando conduc\u00eda un veh\u00edculo compacto.<\/p>\n<p>El crimen ocurri\u00f3 entre los andadores R\u00edo Grande, R\u00edo Minero y R\u00edo Cutzamala de Ciudad Renacimiento.<\/p>\n","protected":false},"excerpt":{"rendered":"<p>Este lunes tomo protesta el nuevo titular de la Secretar\u00eda de Seguridad P\u00fablica (SSP) municipal de Acapulco, Federico Argumedo Rodr\u00edguez,<\/p>\n","protected":false},"author":4,"featured_media":80946,"comment_status":"closed","ping_status":"closed","sticky":false,"template":"","format":"standard","meta":{"colormag_page_container_layout":"default_layout","colormag_page_sidebar_layout":"default_layout","_jetpack_memberships_contains_paid_content":false,"footnotes":"","jetpack_publicize_message":"","jetpack_publicize_feature_enabled":true,"jetpack_social_post_already_shared":true,"jetpack_social_options":{"image_generator_settings":{"template":"highway","default_image_id":0,"font":"","enabled":false},"version":2}},"categories":[30],"tags":[],"class_list":["post-80945","post","type-post","status-publish","format-standard","has-post-thumbnail","hentry","category-estados"],"jetpack_publicize_connections":[],"jetpack_featured_media_url":"https:\/\/i0.wp.com\/politicosaldesnudo.com.mx\/wp-content\/uploads\/2026\/03\/NAC.jpg?fit=536%2C426&ssl=1","jetpack-related-posts":[],"jetpack_sharing_enabled":true,"_links":{"self":[{"href":"https:\/\/politicosaldesnudo.com.mx\/index.php\/wp-json\/wp\/v2\/posts\/80945","targetHints":{"allow":["GET"]}}],"collection":[{"href":"https:\/\/politicosaldesnudo.com.mx\/index.php\/wp-json\/wp\/v2\/posts"}],"about":[{"href":"https:\/\/politicosaldesnudo.com.mx\/index.php\/wp-json\/wp\/v2\/types\/post"}],"author":[{"embeddable":true,"href":"https:\/\/politicosaldesnudo.com.mx\/index.php\/wp-json\/wp\/v2\/users\/4"}],"replies":[{"embeddable":true,"href":"https:\/\/politicosaldesnudo.com.mx\/index.php\/wp-json\/wp\/v2\/comments?post=80945"}],"version-history":[{"count":0,"href":"https:\/\/politicosaldesnudo.com.mx\/index.php\/wp-json\/wp\/v2\/posts\/80945\/revisions"}],"wp:featuredmedia":[{"embeddable":true,"href":"https:\/\/politicosaldesnudo.com.mx\/index.php\/wp-json\/wp\/v2\/media\/80946"}],"wp:attachment":[{"href":"https:\/\/politicosaldesnudo.com.mx\/index.php\/wp-json\/wp\/v2\/media?parent=80945"}],"wp:term":[{"taxonomy":"category","embeddable":true,"href":"https:\/\/politicosaldesnudo.com.mx\/index.php\/wp-json\/wp\/v2\/categories?post=80945"},{"taxonomy":"post_tag","embeddable":true,"href":"https:\/\/politicosaldesnudo.com.mx\/index.php\/wp-json\/wp\/v2\/tags?post=80945"}],"curies":[{"name":"wp","href":"https:\/\/api.w.org\/{rel}","templated":true}]}}