{"id":8101,"date":"2022-07-22T16:18:04","date_gmt":"2022-07-22T21:18:04","guid":{"rendered":"https:\/\/politicosaldesnudo.com.mx\/?p=8101"},"modified":"2022-07-22T16:21:52","modified_gmt":"2022-07-22T21:21:52","slug":"traera-productividad-y-crecimiento-google-cloud-se-instala-en-mexico","status":"publish","type":"post","link":"https:\/\/politicosaldesnudo.com.mx\/index.php\/2022\/07\/22\/traera-productividad-y-crecimiento-google-cloud-se-instala-en-mexico\/","title":{"rendered":"Traer\u00e1 productividad y crecimiento, Google Cloud se instala en M\u00e9xico"},"content":{"rendered":"<p>&nbsp;<\/p>\n<p class=\"p1\"><span style=\"font-size: 18pt; color: #319eca;\"><strong>&lt;&lt; En los pr\u00f3ximos cinco a\u00f1os Google inyectar\u00e1 1,200 mdd de inversi\u00f3n para Latinoam\u00e9rica &gt;&gt;<\/strong><\/span><\/p>\n<p>&nbsp;<\/p>\n<p class=\"p1\"><span style=\"font-size: 14pt;\"><em><strong>CIUDAD DE M\u00c9XICO.<\/strong> <\/em>Anuncia <strong>Google<\/strong> en conjunto con la <strong>Secretar\u00eda de Hacienda y Cr\u00e9dito P\u00fablico<\/strong> (SHCP), el proyecto para <strong>instalar una regi\u00f3n de nube de Google Cloud en M\u00e9xico<\/strong>, la tercera en Latinoam\u00e9rica, con lo que se unir\u00eda a Chile y Brasil.<\/span><\/p>\n<p class=\"p1\"><span style=\"font-size: 18pt;\"><strong>De hecho, Gabriel Yorio, subsecretario de Hacienda, dijo que la nueva regi\u00f3n de nube de Google en M\u00e9xico permitir\u00e1 que el pa\u00eds se convierta no s\u00f3lo en un hub digital sino en un hub financiero, ya que har\u00e1 posible que las instituciones financieras ofrezcan m\u00e1s servicios al mismo tiempo que cumplen con la legislaci\u00f3n mexicana en materia de localizaci\u00f3n de datos.<\/strong><\/span><\/p>\n<blockquote>\n<p class=\"p1\"><span style=\"font-size: 14pt;\">La regi\u00f3n nube (de Google) generar\u00e1 un impulso importante en la productividad, competitividad y crecimiento de nuestra econom\u00eda en general, pero sobre todo de la econom\u00eda digital en nuestro pa\u00eds\u201d<\/span><\/p>\n<\/blockquote>\n<p class=\"p1\"><span style=\"font-size: 18pt;\"><strong>Esta Regi\u00f3n Nube de Google ser\u00e1 la tercera de su tipo en Am\u00e9rica Latina, despu\u00e9s de las que reci\u00e9n se crearon en Brasil y Chile. Al respecto, Eduardo L\u00f3pez, presidente de Google Cloud Latinoam\u00e9rica, afirm\u00f3 que M\u00e9xico es un mercado estrat\u00e9gico para la empresa y \u00e9sta es una inversi\u00f3n significativa que expresa la confianza en el pa\u00eds y que traer\u00e1 beneficios clave para las organizaciones que operan en la regi\u00f3n.<\/strong><\/span><\/p>\n<p>&nbsp;<\/p>\n<p><span style=\"font-size: 18pt; color: #319eca;\"><strong>INVERSI\u00d3N EN LATINOAMERICA<\/strong><\/span><\/p>\n<p class=\"p1\"><span style=\"font-size: 14pt;\">Sin revelar el monto de la inversi\u00f3n que se destinar\u00e1 en M\u00e9xico ni d\u00f3nde estar\u00e1 ubicada, de acuerdo con los ejecutivos de Google que hicieron el anuncio, \u00e9sta forma parte de los<span style=\"font-size: 18pt;\"><strong>\u00a01,200 millones de d\u00f3lares de inversi\u00f3n\u00a0para Latinoam\u00e9rica que Google realizar\u00e1 en los pr\u00f3ximos cinco a\u00f1os<\/strong><\/span> y que anunci\u00f3 su\u00a0CEO, Sundar Pichai, durante la Cumbre de las Am\u00e9ricas a principios de junio pasado.<\/span><\/p>\n<p class=\"p1\"><span style=\"font-size: 14pt;\">La nube mexicana facilitar\u00e1, de acuerdo con la secretar\u00eda federal, el crecimiento de sistema de pagos digitales, fortalecer\u00e1 el desarrollo de herramientas fintech y abaratar\u00e1 las estrategias de almacenamiento de datos y control de riesgos operativos. En ese sentido, se se\u00f1al\u00f3 que al recudir el uso de infraestructura f\u00edsica, se tendr\u00e1 un impacto positivo en el medio ambiente.<\/span><\/p>\n<p class=\"p1\"><span style=\"font-size: 14pt;\"><span style=\"font-size: 18pt;\"><strong>Por su parte, Julio Vel\u00e1zquez, director de Google Cloud en M\u00e9xico dijo que se trata de un plan futuro, por lo que la compa\u00f1\u00eda no ofreci\u00f3 informaci\u00f3n sobre la inversi\u00f3n que realizar\u00e1, sobre la ubicaci\u00f3n de la infraestructura de nube que instalar\u00e1 o sobre sus caracter\u00edsticas, adem\u00e1s de ser una regi\u00f3n de Google Cloud significa infraestructura dedicada a atender servicios de nube para sus clientes y para el gobierno. \u00a0<\/strong> <\/span>\u00a0\u00a0<\/span><\/p>\n<blockquote>\n<p class=\"p1\"><span style=\"font-size: 14pt;\">No es un centro de datos para prestar servicios tradicionales de Google sino invertir y\u00a0crear una gran infraestructura de software, hardware y servicios\u00a0de excelencia para garantizar la continuidad operativa de los negocios en M\u00e9xico\u201d<\/span><\/p>\n<\/blockquote>\n<p class=\"p1\"><span style=\"font-size: 18pt;\"><strong>Con este avance, 142 mil peque\u00f1as y medianas empresas podr\u00e1n beneficiarse, y sobre todo, contribuir\u00e1 a cerrar la brecha digital y a generar empleos, por lo cual la dependencia se\u00f1al\u00f3 que este es otro logro del gobierno encabezado por el Presidente Andr\u00e9s Manuel L\u00f3pez Obrador en apoyo a las clases medias en M\u00e9xico.<\/strong><\/span><\/p>\n<p>&nbsp;<\/p>\n<p>&nbsp;<\/p>\n<p>&nbsp;<\/p>\n<p>&nbsp;<\/p>\n<p>&nbsp;<\/p>\n","protected":false},"excerpt":{"rendered":"<p>&nbsp; &lt;&lt; En los pr\u00f3ximos cinco a\u00f1os Google inyectar\u00e1 1,200 mdd de inversi\u00f3n para Latinoam\u00e9rica &gt;&gt; &nbsp; CIUDAD DE M\u00c9XICO. [&hellip;]<\/p>\n","protected":false},"author":4,"featured_media":8102,"comment_status":"closed","ping_status":"closed","sticky":false,"template":"","format":"standard","meta":{"site-sidebar-layout":"default","site-content-layout":"","ast-site-content-layout":"default","site-content-style":"default","site-sidebar-style":"default","ast-global-header-display":"","ast-banner-title-visibility":"","ast-main-header-display":"","ast-hfb-above-header-display":"","ast-hfb-below-header-display":"","ast-hfb-mobile-header-display":"","site-post-title":"","ast-breadcrumbs-content":"","ast-featured-img":"","footer-sml-layout":"","ast-disable-related-posts":"","theme-transparent-header-meta":"","adv-header-id-meta":"","stick-header-meta":"","header-above-stick-meta":"","header-main-stick-meta":"","header-below-stick-meta":"","astra-migrate-meta-layouts":"default","ast-page-background-enabled":"default","ast-page-background-meta":{"desktop":{"background-color":"var(--ast-global-color-5)","background-image":"","background-repeat":"repeat","background-position":"center center","background-size":"auto","background-attachment":"scroll","background-type":"","background-media":"","overlay-type":"","overlay-color":"","overlay-opacity":"","overlay-gradient":""},"tablet":{"background-color":"","background-image":"","background-repeat":"repeat","background-position":"center center","background-size":"auto","background-attachment":"scroll","background-type":"","background-media":"","overlay-type":"","overlay-color":"","overlay-opacity":"","overlay-gradient":""},"mobile":{"background-color":"","background-image":"","background-repeat":"repeat","background-position":"center center","background-size":"auto","background-attachment":"scroll","background-type":"","background-media":"","overlay-type":"","overlay-color":"","overlay-opacity":"","overlay-gradient":""}},"ast-content-background-meta":{"desktop":{"background-color":"var(--ast-global-color-4)","background-image":"","background-repeat":"repeat","background-position":"center center","background-size":"auto","background-attachment":"scroll","background-type":"","background-media":"","overlay-type":"","overlay-color":"","overlay-opacity":"","overlay-gradient":""},"tablet":{"background-color":"var(--ast-global-color-4)","background-image":"","background-repeat":"repeat","background-position":"center center","background-size":"auto","background-attachment":"scroll","background-type":"","background-media":"","overlay-type":"","overlay-color":"","overlay-opacity":"","overlay-gradient":""},"mobile":{"background-color":"var(--ast-global-color-4)","background-image":"","background-repeat":"repeat","background-position":"center center","background-size":"auto","background-attachment":"scroll","background-type":"","background-media":"","overlay-type":"","overlay-color":"","overlay-opacity":"","overlay-gradient":""}},"_jetpack_newsletter_access":"","_jetpack_dont_email_post_to_subs":false,"_jetpack_newsletter_tier_id":0,"_jetpack_memberships_contains_paywalled_content":false,"_jetpack_feature_clip_id":0,"_jetpack_memberships_contains_paid_content":false,"footnotes":"","jetpack_publicize_message":"","jetpack_publicize_feature_enabled":true,"jetpack_social_post_already_shared":false,"jetpack_social_options":{"image_generator_settings":{"template":"highway","default_image_id":0,"font":"","enabled":false},"version":2},"jetpack_post_was_ever_published":false},"categories":[33],"tags":[1198,516,1115,42,878],"class_list":["post-8101","post","type-post","status-publish","format-standard","has-post-thumbnail","hentry","category-nacional","tag-google-cloud","tag-inversion","tag-latinoamerica","tag-mexico","tag-shcp"],"yoast_head":"<!-- This site is optimized with the Yoast SEO plugin v28.3 - https:\/\/yoast.com\/product\/yoast-seo-wordpress\/ -->\n<title>Traer\u00e1 productividad y crecimiento, Google Cloud se instala en M\u00e9xico - Pol\u00edticos al Desnudo<\/title>\n<meta name=\"robots\" content=\"index, follow, max-snippet:-1, max-image-preview:large, max-video-preview:-1\" \/>\n<link rel=\"canonical\" href=\"https:\/\/politicosaldesnudo.com.mx\/index.php\/2022\/07\/22\/traera-productividad-y-crecimiento-google-cloud-se-instala-en-mexico\/\" \/>\n<meta property=\"og:locale\" content=\"es_ES\" \/>\n<meta property=\"og:type\" content=\"article\" \/>\n<meta property=\"og:title\" content=\"Traer\u00e1 productividad y crecimiento, Google Cloud se instala en M\u00e9xico - Pol\u00edticos al Desnudo\" \/>\n<meta property=\"og:description\" content=\"&nbsp; &lt;&lt; En los pr\u00f3ximos cinco a\u00f1os Google inyectar\u00e1 1,200 mdd de inversi\u00f3n para Latinoam\u00e9rica &gt;&gt; &nbsp; CIUDAD DE M\u00c9XICO. [&hellip;]\" \/>\n<meta property=\"og:url\" content=\"https:\/\/politicosaldesnudo.com.mx\/index.php\/2022\/07\/22\/traera-productividad-y-crecimiento-google-cloud-se-instala-en-mexico\/\" \/>\n<meta property=\"og:site_name\" content=\"Pol\u00edticos al Desnudo\" \/>\n<meta property=\"article:publisher\" content=\"https:\/\/www.facebook.com\/PoliticosAD\" \/>\n<meta property=\"article:published_time\" content=\"2022-07-22T21:18:04+00:00\" \/>\n<meta property=\"article:modified_time\" content=\"2022-07-22T21:21:52+00:00\" \/>\n<meta property=\"og:image\" content=\"https:\/\/i0.wp.com\/politicosaldesnudo.com.mx\/wp-content\/uploads\/2022\/07\/P-ME%CC%81XICO-GOOGLECOUD.png?fit=1816%2C1016&ssl=1\" \/>\n\t<meta property=\"og:image:width\" content=\"1816\" \/>\n\t<meta property=\"og:image:height\" content=\"1016\" \/>\n\t<meta property=\"og:image:type\" content=\"image\/png\" \/>\n<meta name=\"author\" content=\"Redacci\u00f3n Pol\u00edticos\" \/>\n<meta name=\"twitter:card\" content=\"summary_large_image\" \/>\n<meta name=\"twitter:label1\" content=\"Escrito por\" \/>\n\t<meta name=\"twitter:data1\" content=\"Redacci\u00f3n Pol\u00edticos\" \/>\n\t<meta name=\"twitter:label2\" content=\"Tiempo de lectura\" \/>\n\t<meta name=\"twitter:data2\" content=\"3 minutos\" \/>\n<script type=\"application\/ld+json\" class=\"yoast-schema-graph\">{\"@context\":\"https:\\\/\\\/schema.org\",\"@graph\":[{\"@type\":\"Article\",\"@id\":\"https:\\\/\\\/politicosaldesnudo.com.mx\\\/index.php\\\/2022\\\/07\\\/22\\\/traera-productividad-y-crecimiento-google-cloud-se-instala-en-mexico\\\/#article\",\"isPartOf\":{\"@id\":\"https:\\\/\\\/politicosaldesnudo.com.mx\\\/index.php\\\/2022\\\/07\\\/22\\\/traera-productividad-y-crecimiento-google-cloud-se-instala-en-mexico\\\/\"},\"author\":{\"name\":\"Redacci\u00f3n Pol\u00edticos\",\"@id\":\"https:\\\/\\\/politicosaldesnudo.com.mx\\\/#\\\/schema\\\/person\\\/ef3a64e561cc3f3f5dc52fab81adde7e\"},\"headline\":\"Traer\u00e1 productividad y crecimiento, Google Cloud se instala en M\u00e9xico\",\"datePublished\":\"2022-07-22T21:18:04+00:00\",\"dateModified\":\"2022-07-22T21:21:52+00:00\",\"mainEntityOfPage\":{\"@id\":\"https:\\\/\\\/politicosaldesnudo.com.mx\\\/index.php\\\/2022\\\/07\\\/22\\\/traera-productividad-y-crecimiento-google-cloud-se-instala-en-mexico\\\/\"},\"wordCount\":584,\"publisher\":{\"@id\":\"https:\\\/\\\/politicosaldesnudo.com.mx\\\/#organization\"},\"image\":{\"@id\":\"https:\\\/\\\/politicosaldesnudo.com.mx\\\/index.php\\\/2022\\\/07\\\/22\\\/traera-productividad-y-crecimiento-google-cloud-se-instala-en-mexico\\\/#primaryimage\"},\"thumbnailUrl\":\"https:\\\/\\\/i0.wp.com\\\/politicosaldesnudo.com.mx\\\/wp-content\\\/uploads\\\/2022\\\/07\\\/P-ME%CC%81XICO-GOOGLECOUD.png?fit=1816%2C1016&ssl=1\",\"keywords\":[\"GOOGLE CLOUD\",\"INVERSI\u00d3N\",\"LATINOAM\u00c9RICA\",\"M\u00c9XICO\",\"SHCP\"],\"articleSection\":[\"NACIONAL\"],\"inLanguage\":\"es\"},{\"@type\":\"WebPage\",\"@id\":\"https:\\\/\\\/politicosaldesnudo.com.mx\\\/index.php\\\/2022\\\/07\\\/22\\\/traera-productividad-y-crecimiento-google-cloud-se-instala-en-mexico\\\/\",\"url\":\"https:\\\/\\\/politicosaldesnudo.com.mx\\\/index.php\\\/2022\\\/07\\\/22\\\/traera-productividad-y-crecimiento-google-cloud-se-instala-en-mexico\\\/\",\"name\":\"Traer\u00e1 productividad y crecimiento, Google Cloud se instala en M\u00e9xico - Pol\u00edticos al Desnudo\",\"isPartOf\":{\"@id\":\"https:\\\/\\\/politicosaldesnudo.com.mx\\\/#website\"},\"primaryImageOfPage\":{\"@id\":\"https:\\\/\\\/politicosaldesnudo.com.mx\\\/index.php\\\/2022\\\/07\\\/22\\\/traera-productividad-y-crecimiento-google-cloud-se-instala-en-mexico\\\/#primaryimage\"},\"image\":{\"@id\":\"https:\\\/\\\/politicosaldesnudo.com.mx\\\/index.php\\\/2022\\\/07\\\/22\\\/traera-productividad-y-crecimiento-google-cloud-se-instala-en-mexico\\\/#primaryimage\"},\"thumbnailUrl\":\"https:\\\/\\\/i0.wp.com\\\/politicosaldesnudo.com.mx\\\/wp-content\\\/uploads\\\/2022\\\/07\\\/P-ME%CC%81XICO-GOOGLECOUD.png?fit=1816%2C1016&ssl=1\",\"datePublished\":\"2022-07-22T21:18:04+00:00\",\"dateModified\":\"2022-07-22T21:21:52+00:00\",\"breadcrumb\":{\"@id\":\"https:\\\/\\\/politicosaldesnudo.com.mx\\\/index.php\\\/2022\\\/07\\\/22\\\/traera-productividad-y-crecimiento-google-cloud-se-instala-en-mexico\\\/#breadcrumb\"},\"inLanguage\":\"es\",\"potentialAction\":[{\"@type\":\"ReadAction\",\"target\":[\"https:\\\/\\\/politicosaldesnudo.com.mx\\\/index.php\\\/2022\\\/07\\\/22\\\/traera-productividad-y-crecimiento-google-cloud-se-instala-en-mexico\\\/\"]}]},{\"@type\":\"ImageObject\",\"inLanguage\":\"es\",\"@id\":\"https:\\\/\\\/politicosaldesnudo.com.mx\\\/index.php\\\/2022\\\/07\\\/22\\\/traera-productividad-y-crecimiento-google-cloud-se-instala-en-mexico\\\/#primaryimage\",\"url\":\"https:\\\/\\\/i0.wp.com\\\/politicosaldesnudo.com.mx\\\/wp-content\\\/uploads\\\/2022\\\/07\\\/P-ME%CC%81XICO-GOOGLECOUD.png?fit=1816%2C1016&ssl=1\",\"contentUrl\":\"https:\\\/\\\/i0.wp.com\\\/politicosaldesnudo.com.mx\\\/wp-content\\\/uploads\\\/2022\\\/07\\\/P-ME%CC%81XICO-GOOGLECOUD.png?fit=1816%2C1016&ssl=1\",\"width\":1816,\"height\":1016},{\"@type\":\"BreadcrumbList\",\"@id\":\"https:\\\/\\\/politicosaldesnudo.com.mx\\\/index.php\\\/2022\\\/07\\\/22\\\/traera-productividad-y-crecimiento-google-cloud-se-instala-en-mexico\\\/#breadcrumb\",\"itemListElement\":[{\"@type\":\"ListItem\",\"position\":1,\"name\":\"Portada\",\"item\":\"https:\\\/\\\/politicosaldesnudo.com.mx\\\/\"},{\"@type\":\"ListItem\",\"position\":2,\"name\":\"Traer\u00e1 productividad y crecimiento, Google Cloud se instala en M\u00e9xico\"}]},{\"@type\":\"WebSite\",\"@id\":\"https:\\\/\\\/politicosaldesnudo.com.mx\\\/#website\",\"url\":\"https:\\\/\\\/politicosaldesnudo.com.mx\\\/\",\"name\":\"Pol\u00edticos al Desnudo\",\"description\":\"\",\"publisher\":{\"@id\":\"https:\\\/\\\/politicosaldesnudo.com.mx\\\/#organization\"},\"potentialAction\":[{\"@type\":\"SearchAction\",\"target\":{\"@type\":\"EntryPoint\",\"urlTemplate\":\"https:\\\/\\\/politicosaldesnudo.com.mx\\\/?s={search_term_string}\"},\"query-input\":{\"@type\":\"PropertyValueSpecification\",\"valueRequired\":true,\"valueName\":\"search_term_string\"}}],\"inLanguage\":\"es\"},{\"@type\":\"Organization\",\"@id\":\"https:\\\/\\\/politicosaldesnudo.com.mx\\\/#organization\",\"name\":\"Pol\u00edticos al Desnudo\",\"url\":\"https:\\\/\\\/politicosaldesnudo.com.mx\\\/\",\"logo\":{\"@type\":\"ImageObject\",\"inLanguage\":\"es\",\"@id\":\"https:\\\/\\\/politicosaldesnudo.com.mx\\\/#\\\/schema\\\/logo\\\/image\\\/\",\"url\":\"https:\\\/\\\/i0.wp.com\\\/politicosaldesnudo.com.mx\\\/wp-content\\\/uploads\\\/2026\\\/08\\\/cropped-logo.webp?fit=400%2C126&ssl=1\",\"contentUrl\":\"https:\\\/\\\/i0.wp.com\\\/politicosaldesnudo.com.mx\\\/wp-content\\\/uploads\\\/2026\\\/08\\\/cropped-logo.webp?fit=400%2C126&ssl=1\",\"width\":400,\"height\":126,\"caption\":\"Pol\u00edticos al Desnudo\"},\"image\":{\"@id\":\"https:\\\/\\\/politicosaldesnudo.com.mx\\\/#\\\/schema\\\/logo\\\/image\\\/\"},\"sameAs\":[\"https:\\\/\\\/www.facebook.com\\\/PoliticosAD\"]},{\"@type\":\"Person\",\"@id\":\"https:\\\/\\\/politicosaldesnudo.com.mx\\\/#\\\/schema\\\/person\\\/ef3a64e561cc3f3f5dc52fab81adde7e\",\"name\":\"Redacci\u00f3n Pol\u00edticos\",\"url\":\"https:\\\/\\\/politicosaldesnudo.com.mx\\\/index.php\\\/author\\\/redaccion-politicos\\\/\"}]}<\/script>\n<!-- \/ Yoast SEO plugin. -->","yoast_head_json":{"title":"Traer\u00e1 productividad y crecimiento, Google Cloud se instala en M\u00e9xico - Pol\u00edticos al Desnudo","robots":{"index":"index","follow":"follow","max-snippet":"max-snippet:-1","max-image-preview":"max-image-preview:large","max-video-preview":"max-video-preview:-1"},"canonical":"https:\/\/politicosaldesnudo.com.mx\/index.php\/2022\/07\/22\/traera-productividad-y-crecimiento-google-cloud-se-instala-en-mexico\/","og_locale":"es_ES","og_type":"article","og_title":"Traer\u00e1 productividad y crecimiento, Google Cloud se instala en M\u00e9xico - Pol\u00edticos al Desnudo","og_description":"&nbsp; &lt;&lt; En los pr\u00f3ximos cinco a\u00f1os Google inyectar\u00e1 1,200 mdd de inversi\u00f3n para Latinoam\u00e9rica &gt;&gt; &nbsp; CIUDAD DE M\u00c9XICO. [&hellip;]","og_url":"https:\/\/politicosaldesnudo.com.mx\/index.php\/2022\/07\/22\/traera-productividad-y-crecimiento-google-cloud-se-instala-en-mexico\/","og_site_name":"Pol\u00edticos al Desnudo","article_publisher":"https:\/\/www.facebook.com\/PoliticosAD","article_published_time":"2022-07-22T21:18:04+00:00","article_modified_time":"2022-07-22T21:21:52+00:00","og_image":[{"width":1816,"height":1016,"url":"https:\/\/i0.wp.com\/politicosaldesnudo.com.mx\/wp-content\/uploads\/2022\/07\/P-ME%CC%81XICO-GOOGLECOUD.png?fit=1816%2C1016&ssl=1","type":"image\/png"}],"author":"Redacci\u00f3n Pol\u00edticos","twitter_card":"summary_large_image","twitter_misc":{"Escrito por":"Redacci\u00f3n Pol\u00edticos","Tiempo de lectura":"3 minutos"},"schema":{"@context":"https:\/\/schema.org","@graph":[{"@type":"Article","@id":"https:\/\/politicosaldesnudo.com.mx\/index.php\/2022\/07\/22\/traera-productividad-y-crecimiento-google-cloud-se-instala-en-mexico\/#article","isPartOf":{"@id":"https:\/\/politicosaldesnudo.com.mx\/index.php\/2022\/07\/22\/traera-productividad-y-crecimiento-google-cloud-se-instala-en-mexico\/"},"author":{"name":"Redacci\u00f3n Pol\u00edticos","@id":"https:\/\/politicosaldesnudo.com.mx\/#\/schema\/person\/ef3a64e561cc3f3f5dc52fab81adde7e"},"headline":"Traer\u00e1 productividad y crecimiento, Google Cloud se instala en M\u00e9xico","datePublished":"2022-07-22T21:18:04+00:00","dateModified":"2022-07-22T21:21:52+00:00","mainEntityOfPage":{"@id":"https:\/\/politicosaldesnudo.com.mx\/index.php\/2022\/07\/22\/traera-productividad-y-crecimiento-google-cloud-se-instala-en-mexico\/"},"wordCount":584,"publisher":{"@id":"https:\/\/politicosaldesnudo.com.mx\/#organization"},"image":{"@id":"https:\/\/politicosaldesnudo.com.mx\/index.php\/2022\/07\/22\/traera-productividad-y-crecimiento-google-cloud-se-instala-en-mexico\/#primaryimage"},"thumbnailUrl":"https:\/\/i0.wp.com\/politicosaldesnudo.com.mx\/wp-content\/uploads\/2022\/07\/P-ME%CC%81XICO-GOOGLECOUD.png?fit=1816%2C1016&ssl=1","keywords":["GOOGLE CLOUD","INVERSI\u00d3N","LATINOAM\u00c9RICA","M\u00c9XICO","SHCP"],"articleSection":["NACIONAL"],"inLanguage":"es"},{"@type":"WebPage","@id":"https:\/\/politicosaldesnudo.com.mx\/index.php\/2022\/07\/22\/traera-productividad-y-crecimiento-google-cloud-se-instala-en-mexico\/","url":"https:\/\/politicosaldesnudo.com.mx\/index.php\/2022\/07\/22\/traera-productividad-y-crecimiento-google-cloud-se-instala-en-mexico\/","name":"Traer\u00e1 productividad y crecimiento, Google Cloud se instala en M\u00e9xico - Pol\u00edticos al Desnudo","isPartOf":{"@id":"https:\/\/politicosaldesnudo.com.mx\/#website"},"primaryImageOfPage":{"@id":"https:\/\/politicosaldesnudo.com.mx\/index.php\/2022\/07\/22\/traera-productividad-y-crecimiento-google-cloud-se-instala-en-mexico\/#primaryimage"},"image":{"@id":"https:\/\/politicosaldesnudo.com.mx\/index.php\/2022\/07\/22\/traera-productividad-y-crecimiento-google-cloud-se-instala-en-mexico\/#primaryimage"},"thumbnailUrl":"https:\/\/i0.wp.com\/politicosaldesnudo.com.mx\/wp-content\/uploads\/2022\/07\/P-ME%CC%81XICO-GOOGLECOUD.png?fit=1816%2C1016&ssl=1","datePublished":"2022-07-22T21:18:04+00:00","dateModified":"2022-07-22T21:21:52+00:00","breadcrumb":{"@id":"https:\/\/politicosaldesnudo.com.mx\/index.php\/2022\/07\/22\/traera-productividad-y-crecimiento-google-cloud-se-instala-en-mexico\/#breadcrumb"},"inLanguage":"es","potentialAction":[{"@type":"ReadAction","target":["https:\/\/politicosaldesnudo.com.mx\/index.php\/2022\/07\/22\/traera-productividad-y-crecimiento-google-cloud-se-instala-en-mexico\/"]}]},{"@type":"ImageObject","inLanguage":"es","@id":"https:\/\/politicosaldesnudo.com.mx\/index.php\/2022\/07\/22\/traera-productividad-y-crecimiento-google-cloud-se-instala-en-mexico\/#primaryimage","url":"https:\/\/i0.wp.com\/politicosaldesnudo.com.mx\/wp-content\/uploads\/2022\/07\/P-ME%CC%81XICO-GOOGLECOUD.png?fit=1816%2C1016&ssl=1","contentUrl":"https:\/\/i0.wp.com\/politicosaldesnudo.com.mx\/wp-content\/uploads\/2022\/07\/P-ME%CC%81XICO-GOOGLECOUD.png?fit=1816%2C1016&ssl=1","width":1816,"height":1016},{"@type":"BreadcrumbList","@id":"https:\/\/politicosaldesnudo.com.mx\/index.php\/2022\/07\/22\/traera-productividad-y-crecimiento-google-cloud-se-instala-en-mexico\/#breadcrumb","itemListElement":[{"@type":"ListItem","position":1,"name":"Portada","item":"https:\/\/politicosaldesnudo.com.mx\/"},{"@type":"ListItem","position":2,"name":"Traer\u00e1 productividad y crecimiento, Google Cloud se instala en M\u00e9xico"}]},{"@type":"WebSite","@id":"https:\/\/politicosaldesnudo.com.mx\/#website","url":"https:\/\/politicosaldesnudo.com.mx\/","name":"Pol\u00edticos al Desnudo","description":"","publisher":{"@id":"https:\/\/politicosaldesnudo.com.mx\/#organization"},"potentialAction":[{"@type":"SearchAction","target":{"@type":"EntryPoint","urlTemplate":"https:\/\/politicosaldesnudo.com.mx\/?s={search_term_string}"},"query-input":{"@type":"PropertyValueSpecification","valueRequired":true,"valueName":"search_term_string"}}],"inLanguage":"es"},{"@type":"Organization","@id":"https:\/\/politicosaldesnudo.com.mx\/#organization","name":"Pol\u00edticos al Desnudo","url":"https:\/\/politicosaldesnudo.com.mx\/","logo":{"@type":"ImageObject","inLanguage":"es","@id":"https:\/\/politicosaldesnudo.com.mx\/#\/schema\/logo\/image\/","url":"https:\/\/i0.wp.com\/politicosaldesnudo.com.mx\/wp-content\/uploads\/2026\/08\/cropped-logo.webp?fit=400%2C126&ssl=1","contentUrl":"https:\/\/i0.wp.com\/politicosaldesnudo.com.mx\/wp-content\/uploads\/2026\/08\/cropped-logo.webp?fit=400%2C126&ssl=1","width":400,"height":126,"caption":"Pol\u00edticos al Desnudo"},"image":{"@id":"https:\/\/politicosaldesnudo.com.mx\/#\/schema\/logo\/image\/"},"sameAs":["https:\/\/www.facebook.com\/PoliticosAD"]},{"@type":"Person","@id":"https:\/\/politicosaldesnudo.com.mx\/#\/schema\/person\/ef3a64e561cc3f3f5dc52fab81adde7e","name":"Redacci\u00f3n Pol\u00edticos","url":"https:\/\/politicosaldesnudo.com.mx\/index.php\/author\/redaccion-politicos\/"}]}},"jetpack_publicize_connections":[],"jetpack-related-posts":[{"id":87194,"url":"https:\/\/politicosaldesnudo.com.mx\/index.php\/2026\/07\/24\/industria-del-tequila-integra-mas-de-166-actividades-economicas-en-mexico\/","url_meta":{"origin":8101,"position":0},"title":"Industria del tequila integra m\u00e1s de 166 actividades econ\u00f3micas en M\u00e9xico","author":"Redacci\u00f3n Pol\u00edticos","date":"24 de julio de 2026","format":false,"excerpt":"La cadena de valor del tequila integra m\u00e1s de 166 actividades econ\u00f3micas, desde el cultivo del agave hasta el embotellado, en las que participan jimadores, maestros tequileros, ingenieros y especialistas, seg\u00fan un comunicado\u00a0de Casa Herradura. El destilado se conmemora cada 24 de julio con el D\u00eda Internacional del Tequila y\u2026","rel":"","context":"En \u00abECONOM\u00cdA\u00bb","block_context":{"text":"ECONOM\u00cdA","link":"https:\/\/politicosaldesnudo.com.mx\/index.php\/category\/economia\/"},"img":{"alt_text":"","src":"https:\/\/i0.wp.com\/politicosaldesnudo.com.mx\/wp-content\/uploads\/2026\/07\/ATEH.webp?fit=1200%2C741&ssl=1&resize=350%2C200","width":350,"height":200,"srcset":"https:\/\/i0.wp.com\/politicosaldesnudo.com.mx\/wp-content\/uploads\/2026\/07\/ATEH.webp?fit=1200%2C741&ssl=1&resize=350%2C200 1x, https:\/\/i0.wp.com\/politicosaldesnudo.com.mx\/wp-content\/uploads\/2026\/07\/ATEH.webp?fit=1200%2C741&ssl=1&resize=525%2C300 1.5x, https:\/\/i0.wp.com\/politicosaldesnudo.com.mx\/wp-content\/uploads\/2026\/07\/ATEH.webp?fit=1200%2C741&ssl=1&resize=700%2C400 2x, https:\/\/i0.wp.com\/politicosaldesnudo.com.mx\/wp-content\/uploads\/2026\/07\/ATEH.webp?fit=1200%2C741&ssl=1&resize=1050%2C600 3x"},"classes":[]},{"id":87059,"url":"https:\/\/politicosaldesnudo.com.mx\/index.php\/2026\/07\/20\/claudia-sheinbaum-cuida-su-relacion-con-eu\/","url_meta":{"origin":8101,"position":1},"title":"Claudia Sheinbaum cuida su relaci\u00f3n con EU","author":"Redacci\u00f3n Pol\u00edticos","date":"20 de julio de 2026","format":false,"excerpt":"ALMA GRANDE POR \u00c1NGEL \u00c1LVARO PE\u00d1A La imagen de la presidenta de M\u00e9xico, Claudia Sheinbaum, junto al presidente de Estados Unidos, Donald Trump, y al primer ministro de Canad\u00e1, Mark Carney, durante la final de la Copa Mundial de la FIFA 2026 en Nueva York tiene un significado que rebasa\u2026","rel":"","context":"En \u00abOPINI\u00d3N\u00bb","block_context":{"text":"OPINI\u00d3N","link":"https:\/\/politicosaldesnudo.com.mx\/index.php\/category\/columnistas\/"},"img":{"alt_text":"","src":"https:\/\/i0.wp.com\/politicosaldesnudo.com.mx\/wp-content\/uploads\/2026\/07\/BANNER-LOPEZ-DORIGA-DIGITAL-3.jpg?fit=800%2C445&ssl=1&resize=350%2C200","width":350,"height":200,"srcset":"https:\/\/i0.wp.com\/politicosaldesnudo.com.mx\/wp-content\/uploads\/2026\/07\/BANNER-LOPEZ-DORIGA-DIGITAL-3.jpg?fit=800%2C445&ssl=1&resize=350%2C200 1x, https:\/\/i0.wp.com\/politicosaldesnudo.com.mx\/wp-content\/uploads\/2026\/07\/BANNER-LOPEZ-DORIGA-DIGITAL-3.jpg?fit=800%2C445&ssl=1&resize=525%2C300 1.5x, https:\/\/i0.wp.com\/politicosaldesnudo.com.mx\/wp-content\/uploads\/2026\/07\/BANNER-LOPEZ-DORIGA-DIGITAL-3.jpg?fit=800%2C445&ssl=1&resize=700%2C400 2x"},"classes":[]},{"id":88186,"url":"https:\/\/politicosaldesnudo.com.mx\/index.php\/2026\/08\/30\/gobierno-busca-poner-lupa-a-capital-extranjero-en-sectores-estrategicos-de-mexico\/","url_meta":{"origin":8101,"position":2},"title":"Gobierno busca poner lupa a capital extranjero en sectores estrat\u00e9gicos de M\u00e9xico","author":"Redacci\u00f3n Pol\u00edticos","date":"30 de agosto de 2026","format":false,"excerpt":"El Gobierno federal pretende reforzar la vigilancia sobre las operaciones mediante las cuales inversionistas extranjeros adquieren el control de compa\u00f1\u00edas mexicanas vinculadas con infraestructura, tecnolog\u00eda o informaci\u00f3n considerada sensible. La presidenta Claudia Sheinbaum envi\u00f3 al Senado una iniciativa para modificar la Ley de Inversi\u00f3n Extranjera y establecer un procedimiento especial\u2026","rel":"","context":"En \u00abNACIONAL\u00bb","block_context":{"text":"NACIONAL","link":"https:\/\/politicosaldesnudo.com.mx\/index.php\/category\/nacional\/"},"img":{"alt_text":"","src":"https:\/\/i0.wp.com\/politicosaldesnudo.com.mx\/wp-content\/uploads\/2026\/08\/maxresdefault.jpg?fit=1200%2C675&ssl=1&resize=350%2C200","width":350,"height":200,"srcset":"https:\/\/i0.wp.com\/politicosaldesnudo.com.mx\/wp-content\/uploads\/2026\/08\/maxresdefault.jpg?fit=1200%2C675&ssl=1&resize=350%2C200 1x, https:\/\/i0.wp.com\/politicosaldesnudo.com.mx\/wp-content\/uploads\/2026\/08\/maxresdefault.jpg?fit=1200%2C675&ssl=1&resize=525%2C300 1.5x, https:\/\/i0.wp.com\/politicosaldesnudo.com.mx\/wp-content\/uploads\/2026\/08\/maxresdefault.jpg?fit=1200%2C675&ssl=1&resize=700%2C400 2x, https:\/\/i0.wp.com\/politicosaldesnudo.com.mx\/wp-content\/uploads\/2026\/08\/maxresdefault.jpg?fit=1200%2C675&ssl=1&resize=1050%2C600 3x"},"classes":[]},{"id":88169,"url":"https:\/\/politicosaldesnudo.com.mx\/index.php\/2026\/08\/29\/sheinbaum-destaca-cinco-senales-positivas-de-la-economia-mexicana-rumbo-a-su-segundo-informe\/","url_meta":{"origin":8101,"position":3},"title":"Sheinbaum destaca cinco se\u00f1ales positivas de la econom\u00eda mexicana rumbo a su Segundo Informe","author":"Redacci\u00f3n Pol\u00edticos","date":"29 de agosto de 2026","format":false,"excerpt":"La presidenta Claudia Sheinbaum present\u00f3 un balance sobre la situaci\u00f3n econ\u00f3mica del pa\u00eds, en el que resalt\u00f3 el comportamiento de los combustibles, el empleo, los salarios, la inflaci\u00f3n y la inversi\u00f3n extranjera. A trav\u00e9s de un mensaje difundido en sus redes sociales, la mandataria asegur\u00f3 que durante su administraci\u00f3n se\u2026","rel":"","context":"En \u00abNACIONAL\u00bb","block_context":{"text":"NACIONAL","link":"https:\/\/politicosaldesnudo.com.mx\/index.php\/category\/nacional\/"},"img":{"alt_text":"","src":"https:\/\/i0.wp.com\/politicosaldesnudo.com.mx\/wp-content\/uploads\/2026\/08\/SHIN.png?fit=1200%2C673&ssl=1&resize=350%2C200","width":350,"height":200,"srcset":"https:\/\/i0.wp.com\/politicosaldesnudo.com.mx\/wp-content\/uploads\/2026\/08\/SHIN.png?fit=1200%2C673&ssl=1&resize=350%2C200 1x, https:\/\/i0.wp.com\/politicosaldesnudo.com.mx\/wp-content\/uploads\/2026\/08\/SHIN.png?fit=1200%2C673&ssl=1&resize=525%2C300 1.5x, https:\/\/i0.wp.com\/politicosaldesnudo.com.mx\/wp-content\/uploads\/2026\/08\/SHIN.png?fit=1200%2C673&ssl=1&resize=700%2C400 2x, https:\/\/i0.wp.com\/politicosaldesnudo.com.mx\/wp-content\/uploads\/2026\/08\/SHIN.png?fit=1200%2C673&ssl=1&resize=1050%2C600 3x"},"classes":[]},{"id":88057,"url":"https:\/\/politicosaldesnudo.com.mx\/index.php\/2026\/08\/25\/canada-se-suma-a-la-alerta-por-mexicali-y-advierte-sobre-violencia-y-secuestros-en-mexico\/","url_meta":{"origin":8101,"position":4},"title":"Canad\u00e1 se suma a la alerta por Mexicali y advierte sobre violencia y secuestros en M\u00e9xico","author":"Redacci\u00f3n Pol\u00edticos","date":"25 de agosto de 2026","format":false,"excerpt":"El Gobierno de Canad\u00e1 actualiz\u00f3 sus recomendaciones de viaje para M\u00e9xico e incorpor\u00f3 la alerta de seguridad emitida por Estados Unidos ante una posible amenaza en Mexicali, Baja California. El aviso estadounidense orden\u00f3 suspender durante este 25 de agosto las actividades de su personal gubernamental y los viajes oficiales hacia\u2026","rel":"","context":"En \u00abINTERNACIONAL\u00bb","block_context":{"text":"INTERNACIONAL","link":"https:\/\/politicosaldesnudo.com.mx\/index.php\/category\/internacional\/"},"img":{"alt_text":"","src":"https:\/\/i0.wp.com\/politicosaldesnudo.com.mx\/wp-content\/uploads\/2026\/08\/mapa-alerta.png?fit=1200%2C675&ssl=1&resize=350%2C200","width":350,"height":200,"srcset":"https:\/\/i0.wp.com\/politicosaldesnudo.com.mx\/wp-content\/uploads\/2026\/08\/mapa-alerta.png?fit=1200%2C675&ssl=1&resize=350%2C200 1x, https:\/\/i0.wp.com\/politicosaldesnudo.com.mx\/wp-content\/uploads\/2026\/08\/mapa-alerta.png?fit=1200%2C675&ssl=1&resize=525%2C300 1.5x, https:\/\/i0.wp.com\/politicosaldesnudo.com.mx\/wp-content\/uploads\/2026\/08\/mapa-alerta.png?fit=1200%2C675&ssl=1&resize=700%2C400 2x, https:\/\/i0.wp.com\/politicosaldesnudo.com.mx\/wp-content\/uploads\/2026\/08\/mapa-alerta.png?fit=1200%2C675&ssl=1&resize=1050%2C600 3x"},"classes":[]},{"id":87011,"url":"https:\/\/politicosaldesnudo.com.mx\/index.php\/2026\/07\/20\/crecera-mas-el-pib-si-mexico-diversifica-sus-fuentes-de-energia-electrica-cepal\/","url_meta":{"origin":8101,"position":5},"title":"Crecer\u00e1 m\u00e1s el PIB si M\u00e9xico diversifica sus fuentes de energ\u00eda el\u00e9ctrica: Cepal","author":"Redacci\u00f3n Pol\u00edticos","date":"20 de julio de 2026","format":false,"excerpt":"La transici\u00f3n energ\u00e9tica es una oportunidad para impulsar la econom\u00eda mexicana, revela un an\u00e1lisis de la Comisi\u00f3n Econ\u00f3mica para Am\u00e9rica Latina y el Caribe (Cepal).De acuerdo con el estudio publicado por el organismo, la incorporaci\u00f3n de tecnolog\u00edas renovables consolida los encadenamientos productivos y amplifica los efectos multiplicadores del sector el\u00e9ctrico.\u201cSi\u2026","rel":"","context":"En \u00abECONOM\u00cdA\u00bb","block_context":{"text":"ECONOM\u00cdA","link":"https:\/\/politicosaldesnudo.com.mx\/index.php\/category\/economia\/"},"img":{"alt_text":"","src":"https:\/\/i0.wp.com\/politicosaldesnudo.com.mx\/wp-content\/uploads\/2026\/07\/aventi.webp?fit=1200%2C741&ssl=1&resize=350%2C200","width":350,"height":200,"srcset":"https:\/\/i0.wp.com\/politicosaldesnudo.com.mx\/wp-content\/uploads\/2026\/07\/aventi.webp?fit=1200%2C741&ssl=1&resize=350%2C200 1x, https:\/\/i0.wp.com\/politicosaldesnudo.com.mx\/wp-content\/uploads\/2026\/07\/aventi.webp?fit=1200%2C741&ssl=1&resize=525%2C300 1.5x, https:\/\/i0.wp.com\/politicosaldesnudo.com.mx\/wp-content\/uploads\/2026\/07\/aventi.webp?fit=1200%2C741&ssl=1&resize=700%2C400 2x, https:\/\/i0.wp.com\/politicosaldesnudo.com.mx\/wp-content\/uploads\/2026\/07\/aventi.webp?fit=1200%2C741&ssl=1&resize=1050%2C600 3x"},"classes":[]}],"jetpack_sharing_enabled":true,"jetpack_featured_media_url":"https:\/\/i0.wp.com\/politicosaldesnudo.com.mx\/wp-content\/uploads\/2022\/07\/P-ME%CC%81XICO-GOOGLECOUD.png?fit=1816%2C1016&ssl=1","_links":{"self":[{"href":"https:\/\/politicosaldesnudo.com.mx\/index.php\/wp-json\/wp\/v2\/posts\/8101","targetHints":{"allow":["GET"]}}],"collection":[{"href":"https:\/\/politicosaldesnudo.com.mx\/index.php\/wp-json\/wp\/v2\/posts"}],"about":[{"href":"https:\/\/politicosaldesnudo.com.mx\/index.php\/wp-json\/wp\/v2\/types\/post"}],"author":[{"embeddable":true,"href":"https:\/\/politicosaldesnudo.com.mx\/index.php\/wp-json\/wp\/v2\/users\/4"}],"replies":[{"embeddable":true,"href":"https:\/\/politicosaldesnudo.com.mx\/index.php\/wp-json\/wp\/v2\/comments?post=8101"}],"version-history":[{"count":0,"href":"https:\/\/politicosaldesnudo.com.mx\/index.php\/wp-json\/wp\/v2\/posts\/8101\/revisions"}],"wp:featuredmedia":[{"embeddable":true,"href":"https:\/\/politicosaldesnudo.com.mx\/index.php\/wp-json\/wp\/v2\/media\/8102"}],"wp:attachment":[{"href":"https:\/\/politicosaldesnudo.com.mx\/index.php\/wp-json\/wp\/v2\/media?parent=8101"}],"wp:term":[{"taxonomy":"category","embeddable":true,"href":"https:\/\/politicosaldesnudo.com.mx\/index.php\/wp-json\/wp\/v2\/categories?post=8101"},{"taxonomy":"post_tag","embeddable":true,"href":"https:\/\/politicosaldesnudo.com.mx\/index.php\/wp-json\/wp\/v2\/tags?post=8101"}],"curies":[{"name":"wp","href":"https:\/\/api.w.org\/{rel}","templated":true}]}}