{"id":81097,"date":"2026-03-03T22:03:57","date_gmt":"2026-03-04T04:03:57","guid":{"rendered":"https:\/\/politicosaldesnudo.com.mx\/?p=81097"},"modified":"2026-03-04T22:05:50","modified_gmt":"2026-03-05T04:05:50","slug":"osx-presenta-sinfonia-salvaje-en-tlaqna","status":"publish","type":"post","link":"https:\/\/politicosaldesnudo.com.mx\/index.php\/2026\/03\/03\/osx-presenta-sinfonia-salvaje-en-tlaqna\/","title":{"rendered":"OSX presenta: \u201cSinfon\u00eda Salvaje\u201d en Tlaqn\u00e1"},"content":{"rendered":"<ul>\n<li>Experiencia musical con pantalla<\/li>\n<li>Joanna Lemiszka, cuentacuentos<\/li>\n<li>Rodrigo Cadet, director invitado\n<p>Xalapa, Ver. 03 de marzo de 2026. La Orquesta Sinf\u00f3nica de Xalapa abre su actividad musical de marzo con una experiencia animada \u00fanica: <em>Sinfon\u00eda Salvaje<\/em>. Acompa\u00f1ada de animaciones en pantalla, y la narraci\u00f3n de la violinista OSX, Joanna Lemiszka; este programa art\u00edstico promete ser adem\u00e1s una aventura did\u00e1ctica para chicos y grandes de todas las edades. Bajo la direcci\u00f3n de Rodrigo Cadet, director invitado.<\/li>\n<\/ul>\n<p><img data-recalc-dims=\"1\" loading=\"lazy\" decoding=\"async\" class=\"aligncenter size-full wp-image-81099\" src=\"https:\/\/i0.wp.com\/politicosaldesnudo.com.mx\/wp-content\/uploads\/2026\/03\/Rodrigo-Cadet.jpg?resize=800%2C800&#038;ssl=1\" alt=\"\" width=\"800\" height=\"800\" srcset=\"https:\/\/i0.wp.com\/politicosaldesnudo.com.mx\/wp-content\/uploads\/2026\/03\/Rodrigo-Cadet.jpg?w=853&amp;ssl=1 853w, https:\/\/i0.wp.com\/politicosaldesnudo.com.mx\/wp-content\/uploads\/2026\/03\/Rodrigo-Cadet.jpg?resize=300%2C300&amp;ssl=1 300w, https:\/\/i0.wp.com\/politicosaldesnudo.com.mx\/wp-content\/uploads\/2026\/03\/Rodrigo-Cadet.jpg?resize=150%2C150&amp;ssl=1 150w, https:\/\/i0.wp.com\/politicosaldesnudo.com.mx\/wp-content\/uploads\/2026\/03\/Rodrigo-Cadet.jpg?resize=768%2C768&amp;ssl=1 768w\" sizes=\"auto, (max-width: 800px) 100vw, 800px\" \/><\/p>\n<p>Este concierto se realizar\u00e1 el viernes 6 de marzo de 2026 a las 20:00 h.<\/p>\n<p>\u00a1Los animales se apoderan de Tlaqn\u00e1! La OSX presenta <em>Sinfon\u00eda <\/em>Salvaje, un escaparate musical que brindar\u00e1 una muestra sonora y las capacidades de cada secci\u00f3n de instrumentos que conforman una orquesta, a trav\u00e9s de las peripecias y vivencias de los animales de la selva.<\/p>\n<p>&nbsp;<\/p>\n<p>Joanna Lemiszka, cuentacuentos y violinista OSX, realiz\u00f3 sus estudios de Licenciatura en la Facultad de M\u00fasica de la UV, bajo la tutela del Mtro. Mikhail<\/p>\n<p>Medvid. Posteriormente una maestr\u00eda en artes con especialidad en viol\u00edn. Desde el 2012 es miembro de la Orquesta Sinf\u00f3nica de Xalapa. Citando para este evento: \u201cNo hay t\u00edtulo que me brinde mayor orgullo que el de gu\u00eda de sue\u00f1os para mis dos hijas peque\u00f1as, a quienes cada noche abro las puertas de mundos infinitos a trav\u00e9s de la lectura, cultivando en ellas el asombro y la magia de las palabras\u201d.<\/p>\n<p>&nbsp;<\/p>\n<p>Rodrigo Cadet, director invitado, es compositor y director orquestal y coral, egresado de la Escuela Superior de M\u00fasica del INBA y de la UNAM. \u00a0Ha sido honrado con m\u00faltiples apoyos por parte del FONCA con los cuales ha creado distintas puestas en escena como Ariadna en Naxos de Jiri Benda, Svadba de Ana Sokolovic, entre otras. Promotor de la m\u00fasica nueva, ha estrenado m\u00e1s de 50 obras de compositores nacionales e internacionales. Fund\u00f3 el ensamble sinf\u00f3nico coral Cuicatl y dirigi\u00f3 el sexteto vocal T\u00faumben Paax. Como compositor, ha recibido encargos de la Universidad de Yale y VocalEssence.<\/p>\n<p>&nbsp;<\/p>\n<p>Puedes comprar tus boletos en l\u00ednea en www.orquestasinfonicadexalapa.com, Tienda UV, Tienda UV Museo de Antropolog\u00eda y Taquilla Tlaqn\u00e1.<\/p>\n<p>Correo electr\u00f3nico: <a href=\"mailto:mercadotecnia.osx@gmail.com\">mercadotecnia.osx@gmail.com<\/a>.<\/p>\n","protected":false},"excerpt":{"rendered":"<p>Experiencia musical con pantalla Joanna Lemiszka, cuentacuentos Rodrigo Cadet, director invitado Xalapa, Ver. 03 de marzo de 2026. La Orquesta<\/p>\n","protected":false},"author":4,"featured_media":81098,"comment_status":"closed","ping_status":"closed","sticky":false,"template":"","format":"standard","meta":{"colormag_page_container_layout":"default_layout","colormag_page_sidebar_layout":"default_layout","_jetpack_memberships_contains_paid_content":false,"footnotes":"","jetpack_publicize_message":"","jetpack_publicize_feature_enabled":true,"jetpack_social_post_already_shared":true,"jetpack_social_options":{"image_generator_settings":{"template":"highway","default_image_id":0,"font":"","enabled":false},"version":2}},"categories":[474,30],"tags":[],"class_list":["post-81097","post","type-post","status-publish","format-standard","has-post-thumbnail","hentry","category-cultura","category-estados"],"jetpack_publicize_connections":[],"jetpack_featured_media_url":"https:\/\/i0.wp.com\/politicosaldesnudo.com.mx\/wp-content\/uploads\/2026\/03\/Joanna-Lemiszka.jpeg?fit=678%2C452&ssl=1","jetpack-related-posts":[],"jetpack_sharing_enabled":true,"_links":{"self":[{"href":"https:\/\/politicosaldesnudo.com.mx\/index.php\/wp-json\/wp\/v2\/posts\/81097","targetHints":{"allow":["GET"]}}],"collection":[{"href":"https:\/\/politicosaldesnudo.com.mx\/index.php\/wp-json\/wp\/v2\/posts"}],"about":[{"href":"https:\/\/politicosaldesnudo.com.mx\/index.php\/wp-json\/wp\/v2\/types\/post"}],"author":[{"embeddable":true,"href":"https:\/\/politicosaldesnudo.com.mx\/index.php\/wp-json\/wp\/v2\/users\/4"}],"replies":[{"embeddable":true,"href":"https:\/\/politicosaldesnudo.com.mx\/index.php\/wp-json\/wp\/v2\/comments?post=81097"}],"version-history":[{"count":0,"href":"https:\/\/politicosaldesnudo.com.mx\/index.php\/wp-json\/wp\/v2\/posts\/81097\/revisions"}],"wp:featuredmedia":[{"embeddable":true,"href":"https:\/\/politicosaldesnudo.com.mx\/index.php\/wp-json\/wp\/v2\/media\/81098"}],"wp:attachment":[{"href":"https:\/\/politicosaldesnudo.com.mx\/index.php\/wp-json\/wp\/v2\/media?parent=81097"}],"wp:term":[{"taxonomy":"category","embeddable":true,"href":"https:\/\/politicosaldesnudo.com.mx\/index.php\/wp-json\/wp\/v2\/categories?post=81097"},{"taxonomy":"post_tag","embeddable":true,"href":"https:\/\/politicosaldesnudo.com.mx\/index.php\/wp-json\/wp\/v2\/tags?post=81097"}],"curies":[{"name":"wp","href":"https:\/\/api.w.org\/{rel}","templated":true}]}}