{"id":81296,"date":"2026-03-10T00:01:38","date_gmt":"2026-03-10T06:01:38","guid":{"rendered":"https:\/\/politicosaldesnudo.com.mx\/?p=81296"},"modified":"2026-03-09T17:47:13","modified_gmt":"2026-03-09T23:47:13","slug":"anuncian-feria-nacional-de-empleo-para-mujeres","status":"publish","type":"post","link":"https:\/\/politicosaldesnudo.com.mx\/index.php\/2026\/03\/10\/anuncian-feria-nacional-de-empleo-para-mujeres\/","title":{"rendered":"Anuncian Feria Nacional de Empleo para Mujeres"},"content":{"rendered":"<p>Con el objetivo de acercar oportunidades laborales a la poblaci\u00f3n femenina, el pr\u00f3ximo 11 de marzo se llevar\u00e1 a cabo en Tuxpan la Feria Nacional de Empleo para las Mujeres 2026, donde diversas empresas ofrecer\u00e1n vacantes y opciones de trabajo formal.<\/p>\n<p>El evento se realizar\u00e1 en la Plaza C\u00edvica del Ayuntamiento de Tuxpan, ubicada en avenida Benito Ju\u00e1rez n\u00famero 20, en la zona centro, en un horario de 9:00 de la ma\u00f1ana a 2:00 de la tarde.<\/p>\n<p>Durante esta jornada se espera la participaci\u00f3n de diferentes empresas e instituciones que presentar\u00e1n ofertas laborales dirigidas principalmente a mujeres que buscan integrarse al mercado de trabajo o mejorar sus condiciones laborales.<\/p>\n<p>Las interesadas podr\u00e1n acudir directamente al lugar para conocer las vacantes disponibles, entregar solicitudes o curr\u00edculum y recibir orientaci\u00f3n sobre oportunidades de empleo formal.<\/p>\n","protected":false},"excerpt":{"rendered":"<p>Con el objetivo de acercar oportunidades laborales a la poblaci\u00f3n femenina, el pr\u00f3ximo 11 de marzo se llevar\u00e1 a cabo<\/p>\n","protected":false},"author":4,"featured_media":81297,"comment_status":"closed","ping_status":"closed","sticky":false,"template":"","format":"standard","meta":{"colormag_page_container_layout":"default_layout","colormag_page_sidebar_layout":"default_layout","_jetpack_memberships_contains_paid_content":false,"footnotes":"","jetpack_publicize_message":"","jetpack_publicize_feature_enabled":true,"jetpack_social_post_already_shared":true,"jetpack_social_options":{"image_generator_settings":{"template":"highway","default_image_id":0,"font":"","enabled":false},"version":2}},"categories":[1082],"tags":[],"class_list":["post-81296","post","type-post","status-publish","format-standard","has-post-thumbnail","hentry","category-tuxpan"],"jetpack_publicize_connections":[],"jetpack_featured_media_url":"https:\/\/i0.wp.com\/politicosaldesnudo.com.mx\/wp-content\/uploads\/2026\/03\/FERI.jpg?fit=1200%2C801&ssl=1","jetpack-related-posts":[],"jetpack_sharing_enabled":true,"_links":{"self":[{"href":"https:\/\/politicosaldesnudo.com.mx\/index.php\/wp-json\/wp\/v2\/posts\/81296","targetHints":{"allow":["GET"]}}],"collection":[{"href":"https:\/\/politicosaldesnudo.com.mx\/index.php\/wp-json\/wp\/v2\/posts"}],"about":[{"href":"https:\/\/politicosaldesnudo.com.mx\/index.php\/wp-json\/wp\/v2\/types\/post"}],"author":[{"embeddable":true,"href":"https:\/\/politicosaldesnudo.com.mx\/index.php\/wp-json\/wp\/v2\/users\/4"}],"replies":[{"embeddable":true,"href":"https:\/\/politicosaldesnudo.com.mx\/index.php\/wp-json\/wp\/v2\/comments?post=81296"}],"version-history":[{"count":0,"href":"https:\/\/politicosaldesnudo.com.mx\/index.php\/wp-json\/wp\/v2\/posts\/81296\/revisions"}],"wp:featuredmedia":[{"embeddable":true,"href":"https:\/\/politicosaldesnudo.com.mx\/index.php\/wp-json\/wp\/v2\/media\/81297"}],"wp:attachment":[{"href":"https:\/\/politicosaldesnudo.com.mx\/index.php\/wp-json\/wp\/v2\/media?parent=81296"}],"wp:term":[{"taxonomy":"category","embeddable":true,"href":"https:\/\/politicosaldesnudo.com.mx\/index.php\/wp-json\/wp\/v2\/categories?post=81296"},{"taxonomy":"post_tag","embeddable":true,"href":"https:\/\/politicosaldesnudo.com.mx\/index.php\/wp-json\/wp\/v2\/tags?post=81296"}],"curies":[{"name":"wp","href":"https:\/\/api.w.org\/{rel}","templated":true}]}}