{"id":81299,"date":"2026-03-10T00:02:34","date_gmt":"2026-03-10T06:02:34","guid":{"rendered":"https:\/\/politicosaldesnudo.com.mx\/?p=81299"},"modified":"2026-03-09T17:47:58","modified_gmt":"2026-03-09T23:47:58","slug":"abogados-se-capacitan-en-el-uso-de-la-tecnologia","status":"publish","type":"post","link":"https:\/\/politicosaldesnudo.com.mx\/index.php\/2026\/03\/10\/abogados-se-capacitan-en-el-uso-de-la-tecnologia\/","title":{"rendered":"Abogados se capacitan en el uso de la tecnolog\u00eda"},"content":{"rendered":"<p>Con el objetivo de adaptarse a los cambios que enfrenta actualmente el sistema judicial, abogados de la regi\u00f3n participaron en el curso\u2013taller denominado \u201cEl uso de herramientas tecnol\u00f3gicas\u201d, impartido por el licenciado Enrique Sosa Santiago.<\/p>\n<p>Durante la actividad, el ponente abord\u00f3 la importancia que tiene hoy en d\u00eda la tecnolog\u00eda dentro del ejercicio de la abogac\u00eda, especialmente ante la transici\u00f3n que se est\u00e1 dando hacia los juicios en l\u00ednea y los procesos digitales dentro de los tribunales.<\/p>\n<p>En el taller se explic\u00f3 que uno de los objetivos del sistema judicial es reducir la saturaci\u00f3n en los tribunales, as\u00ed como disminuir el manejo de expedientes f\u00edsicos, apostando cada vez m\u00e1s por herramientas digitales que permitan agilizar los procesos legales.<\/p>\n<p>El abogado Enrique Sosa Santiago, quien cuenta con experiencia en este tipo de herramientas, comparti\u00f3 con los asistentes diversas recomendaciones y conocimientos para que los profesionales del derecho puedan adaptarse a las nuevas formas de trabajo que marcar\u00e1n el futuro de la profesi\u00f3n.<\/p>\n<p>Al evento acudieron integrantes del gremio jur\u00eddico y p\u00fablico interesado en el tema, quienes mostraron inter\u00e9s en continuar actualiz\u00e1ndose ante los cambios que se viven en el \u00e1mbito legal.<\/p>\n<p>De acuerdo con los organizadores, pr\u00f3ximamente se realizar\u00e1 un segundo taller, con el prop\u00f3sito de seguir fortaleciendo la capacitaci\u00f3n de los abogados en materia tecnol\u00f3gica.<\/p>\n","protected":false},"excerpt":{"rendered":"<p>Con el objetivo de adaptarse a los cambios que enfrenta actualmente el sistema judicial, abogados de la regi\u00f3n participaron en<\/p>\n","protected":false},"author":4,"featured_media":81300,"comment_status":"closed","ping_status":"closed","sticky":false,"template":"","format":"standard","meta":{"colormag_page_container_layout":"default_layout","colormag_page_sidebar_layout":"default_layout","_jetpack_memberships_contains_paid_content":false,"footnotes":"","jetpack_publicize_message":"","jetpack_publicize_feature_enabled":true,"jetpack_social_post_already_shared":true,"jetpack_social_options":{"image_generator_settings":{"template":"highway","default_image_id":0,"font":"","enabled":false},"version":2}},"categories":[1082],"tags":[],"class_list":["post-81299","post","type-post","status-publish","format-standard","has-post-thumbnail","hentry","category-tuxpan"],"jetpack_publicize_connections":[],"jetpack_featured_media_url":"https:\/\/i0.wp.com\/politicosaldesnudo.com.mx\/wp-content\/uploads\/2026\/03\/ABO.jpg?fit=1200%2C900&ssl=1","jetpack-related-posts":[],"jetpack_sharing_enabled":true,"_links":{"self":[{"href":"https:\/\/politicosaldesnudo.com.mx\/index.php\/wp-json\/wp\/v2\/posts\/81299","targetHints":{"allow":["GET"]}}],"collection":[{"href":"https:\/\/politicosaldesnudo.com.mx\/index.php\/wp-json\/wp\/v2\/posts"}],"about":[{"href":"https:\/\/politicosaldesnudo.com.mx\/index.php\/wp-json\/wp\/v2\/types\/post"}],"author":[{"embeddable":true,"href":"https:\/\/politicosaldesnudo.com.mx\/index.php\/wp-json\/wp\/v2\/users\/4"}],"replies":[{"embeddable":true,"href":"https:\/\/politicosaldesnudo.com.mx\/index.php\/wp-json\/wp\/v2\/comments?post=81299"}],"version-history":[{"count":0,"href":"https:\/\/politicosaldesnudo.com.mx\/index.php\/wp-json\/wp\/v2\/posts\/81299\/revisions"}],"wp:featuredmedia":[{"embeddable":true,"href":"https:\/\/politicosaldesnudo.com.mx\/index.php\/wp-json\/wp\/v2\/media\/81300"}],"wp:attachment":[{"href":"https:\/\/politicosaldesnudo.com.mx\/index.php\/wp-json\/wp\/v2\/media?parent=81299"}],"wp:term":[{"taxonomy":"category","embeddable":true,"href":"https:\/\/politicosaldesnudo.com.mx\/index.php\/wp-json\/wp\/v2\/categories?post=81299"},{"taxonomy":"post_tag","embeddable":true,"href":"https:\/\/politicosaldesnudo.com.mx\/index.php\/wp-json\/wp\/v2\/tags?post=81299"}],"curies":[{"name":"wp","href":"https:\/\/api.w.org\/{rel}","templated":true}]}}