{"id":81302,"date":"2026-03-10T00:03:18","date_gmt":"2026-03-10T06:03:18","guid":{"rendered":"https:\/\/politicosaldesnudo.com.mx\/?p=81302"},"modified":"2026-03-09T17:48:43","modified_gmt":"2026-03-09T23:48:43","slug":"prestadores-de-servicios-fortalecen-la-atencion-al-cliente","status":"publish","type":"post","link":"https:\/\/politicosaldesnudo.com.mx\/index.php\/2026\/03\/10\/prestadores-de-servicios-fortalecen-la-atencion-al-cliente\/","title":{"rendered":"Prestadores de servicios fortalecen la atenci\u00f3n al cliente"},"content":{"rendered":"<p>Con el prop\u00f3sito de fomentar un turismo m\u00e1s accesible, competitivo y con enfoque social, la Secretar\u00eda de Turismo (SECTUR) imparti\u00f3 cursos de capacitaci\u00f3n a prestadores y prestadoras de servicios tur\u00edsticos en el municipio de Tuxpan.<\/p>\n<p>La jornada incluy\u00f3 los temas Atenci\u00f3n al Cliente y Turismo Incluyente, orientados a elevar la calidad en el servicio, adem\u00e1s de garantizar una experiencia digna, respetuosa y sin distinci\u00f3n para los visitantes; cont\u00f3 con la asistencia de 30 proveedores de servicios.<\/p>\n<p>Durante las actividades se compartieron herramientas para reforzar la empat\u00eda, la comunicaci\u00f3n efectiva y la adaptaci\u00f3n de servicios a las diversas necesidades de las personas usuarias, reconociendo que la inclusi\u00f3n y la calidad son pilares esenciales para el desarrollo sostenible del turismo.<\/p>\n<p>Asimismo, la capacitaci\u00f3n fortalece las competencias del sector para promover de manera adecuada la amplia oferta de atractivos tur\u00edsticos del destino, que incluye playas, diversidad cultural, gastronom\u00eda distintiva e infraestructura hotelera consolidada.<\/p>\n<p>Con estas acciones SECTUR refrenda el compromiso de la gobernadora Roc\u00edo Nahle Garc\u00eda para impulsar la profesionalizaci\u00f3n que contribuya a fortalecer los destinos tur\u00edsticos del estado.<\/p>\n","protected":false},"excerpt":{"rendered":"<p>Con el prop\u00f3sito de fomentar un turismo m\u00e1s accesible, competitivo y con enfoque social, la Secretar\u00eda de Turismo (SECTUR) imparti\u00f3<\/p>\n","protected":false},"author":4,"featured_media":81303,"comment_status":"closed","ping_status":"closed","sticky":false,"template":"","format":"standard","meta":{"colormag_page_container_layout":"default_layout","colormag_page_sidebar_layout":"default_layout","_jetpack_memberships_contains_paid_content":false,"footnotes":"","jetpack_publicize_message":"","jetpack_publicize_feature_enabled":true,"jetpack_social_post_already_shared":true,"jetpack_social_options":{"image_generator_settings":{"template":"highway","default_image_id":0,"font":"","enabled":false},"version":2}},"categories":[1082],"tags":[],"class_list":["post-81302","post","type-post","status-publish","format-standard","has-post-thumbnail","hentry","category-tuxpan"],"jetpack_publicize_connections":[],"jetpack_featured_media_url":"https:\/\/i0.wp.com\/politicosaldesnudo.com.mx\/wp-content\/uploads\/2026\/03\/PREST.jpg?fit=1200%2C675&ssl=1","jetpack-related-posts":[],"jetpack_sharing_enabled":true,"_links":{"self":[{"href":"https:\/\/politicosaldesnudo.com.mx\/index.php\/wp-json\/wp\/v2\/posts\/81302","targetHints":{"allow":["GET"]}}],"collection":[{"href":"https:\/\/politicosaldesnudo.com.mx\/index.php\/wp-json\/wp\/v2\/posts"}],"about":[{"href":"https:\/\/politicosaldesnudo.com.mx\/index.php\/wp-json\/wp\/v2\/types\/post"}],"author":[{"embeddable":true,"href":"https:\/\/politicosaldesnudo.com.mx\/index.php\/wp-json\/wp\/v2\/users\/4"}],"replies":[{"embeddable":true,"href":"https:\/\/politicosaldesnudo.com.mx\/index.php\/wp-json\/wp\/v2\/comments?post=81302"}],"version-history":[{"count":0,"href":"https:\/\/politicosaldesnudo.com.mx\/index.php\/wp-json\/wp\/v2\/posts\/81302\/revisions"}],"wp:featuredmedia":[{"embeddable":true,"href":"https:\/\/politicosaldesnudo.com.mx\/index.php\/wp-json\/wp\/v2\/media\/81303"}],"wp:attachment":[{"href":"https:\/\/politicosaldesnudo.com.mx\/index.php\/wp-json\/wp\/v2\/media?parent=81302"}],"wp:term":[{"taxonomy":"category","embeddable":true,"href":"https:\/\/politicosaldesnudo.com.mx\/index.php\/wp-json\/wp\/v2\/categories?post=81302"},{"taxonomy":"post_tag","embeddable":true,"href":"https:\/\/politicosaldesnudo.com.mx\/index.php\/wp-json\/wp\/v2\/tags?post=81302"}],"curies":[{"name":"wp","href":"https:\/\/api.w.org\/{rel}","templated":true}]}}