{"id":81305,"date":"2026-03-10T00:04:00","date_gmt":"2026-03-10T06:04:00","guid":{"rendered":"https:\/\/politicosaldesnudo.com.mx\/?p=81305"},"modified":"2026-03-09T17:49:29","modified_gmt":"2026-03-09T23:49:29","slug":"celebran-con-exito-el-carnaval-teneek-2026","status":"publish","type":"post","link":"https:\/\/politicosaldesnudo.com.mx\/index.php\/2026\/03\/10\/celebran-con-exito-el-carnaval-teneek-2026\/","title":{"rendered":"Celebran con \u00e9xito el Carnaval Tene\u00e9k 2026"},"content":{"rendered":"<p>La comunidad de Juana Moza fue sede del Carnaval Tene\u00e9k 2026, una celebraci\u00f3n dedicada a resaltar la identidad, tradiciones y riqueza cultural de la regi\u00f3n huasteca. El evento fue organizado por la asociaci\u00f3n Tuxpan es M\u00e1s\u2026 Cultura, Identidad y Turismo, que desde d\u00edas previos realiz\u00f3 trabajos de acondicionamiento del espacio para que esta fiesta cultural se desarrollara en un ambiente adecuado para expositores y asistentes.<\/p>\n<p>Durante la jornada destac\u00f3 la participaci\u00f3n de mujeres en diversas actividades culturales. Uno de los momentos m\u00e1s ovacionados fue la presentaci\u00f3n de la Danza de los Comales, integrada por mujeres que actualmente son agentes y subagentes municipales de Tuxpan.<\/p>\n<p>Asimismo, por segundo a\u00f1o consecutivo se present\u00f3 el baile de Las Doncellas de Juana Moza, una creaci\u00f3n art\u00edstica dirigida por la maestra Maru, presidenta de la asociaci\u00f3n organizadora.<\/p>\n<p>Como parte de las tradiciones ancestrales, se realiz\u00f3 una procesi\u00f3n ceremonial con la participaci\u00f3n de representantes de diversas comunidades, quienes llevaron ofrendas de alimentos, bebidas, flores, semillas y frutos de la tierra hasta el altar principal. En el acto inaugural, Alejandro Alarc\u00f3n, en representaci\u00f3n del alcalde Daniel Cortina Mart\u00ednez, dirigi\u00f3 un mensaje alusivo y declar\u00f3 formalmente inaugurado el Carnaval Tene\u00e9k 2026.<\/p>\n<p>La celebraci\u00f3n concluy\u00f3 con la ceremonia del desentierro del Bolim, un ritual que simboliza el reconocimiento de la tierra como madre y proveedora, a quien se le ofrenda este alimento tradicional elaborado a base de ma\u00edz y otros productos de la regi\u00f3n.<\/p>\n<p>Los organizadores agradecieron el respaldo de autoridades municipales, representantes comunitarios y habitantes de localidades como Tumilco, Alto Lucero, La Calzada y Lindero, quienes contribuyeron a fortalecer este encuentro cultural de la Huasteca.<\/p>\n","protected":false},"excerpt":{"rendered":"<p>La comunidad de Juana Moza fue sede del Carnaval Tene\u00e9k 2026, una celebraci\u00f3n dedicada a resaltar la identidad, tradiciones y<\/p>\n","protected":false},"author":4,"featured_media":81306,"comment_status":"closed","ping_status":"closed","sticky":false,"template":"","format":"standard","meta":{"colormag_page_container_layout":"default_layout","colormag_page_sidebar_layout":"default_layout","_jetpack_memberships_contains_paid_content":false,"footnotes":"","jetpack_publicize_message":"","jetpack_publicize_feature_enabled":true,"jetpack_social_post_already_shared":true,"jetpack_social_options":{"image_generator_settings":{"template":"highway","default_image_id":0,"font":"","enabled":false},"version":2}},"categories":[1082],"tags":[],"class_list":["post-81305","post","type-post","status-publish","format-standard","has-post-thumbnail","hentry","category-tuxpan"],"jetpack_publicize_connections":[],"jetpack_featured_media_url":"https:\/\/i0.wp.com\/politicosaldesnudo.com.mx\/wp-content\/uploads\/2026\/03\/CARN.jpg?fit=1184%2C759&ssl=1","jetpack-related-posts":[],"jetpack_sharing_enabled":true,"_links":{"self":[{"href":"https:\/\/politicosaldesnudo.com.mx\/index.php\/wp-json\/wp\/v2\/posts\/81305","targetHints":{"allow":["GET"]}}],"collection":[{"href":"https:\/\/politicosaldesnudo.com.mx\/index.php\/wp-json\/wp\/v2\/posts"}],"about":[{"href":"https:\/\/politicosaldesnudo.com.mx\/index.php\/wp-json\/wp\/v2\/types\/post"}],"author":[{"embeddable":true,"href":"https:\/\/politicosaldesnudo.com.mx\/index.php\/wp-json\/wp\/v2\/users\/4"}],"replies":[{"embeddable":true,"href":"https:\/\/politicosaldesnudo.com.mx\/index.php\/wp-json\/wp\/v2\/comments?post=81305"}],"version-history":[{"count":0,"href":"https:\/\/politicosaldesnudo.com.mx\/index.php\/wp-json\/wp\/v2\/posts\/81305\/revisions"}],"wp:featuredmedia":[{"embeddable":true,"href":"https:\/\/politicosaldesnudo.com.mx\/index.php\/wp-json\/wp\/v2\/media\/81306"}],"wp:attachment":[{"href":"https:\/\/politicosaldesnudo.com.mx\/index.php\/wp-json\/wp\/v2\/media?parent=81305"}],"wp:term":[{"taxonomy":"category","embeddable":true,"href":"https:\/\/politicosaldesnudo.com.mx\/index.php\/wp-json\/wp\/v2\/categories?post=81305"},{"taxonomy":"post_tag","embeddable":true,"href":"https:\/\/politicosaldesnudo.com.mx\/index.php\/wp-json\/wp\/v2\/tags?post=81305"}],"curies":[{"name":"wp","href":"https:\/\/api.w.org\/{rel}","templated":true}]}}