{"id":81311,"date":"2026-03-10T00:06:58","date_gmt":"2026-03-10T06:06:58","guid":{"rendered":"https:\/\/politicosaldesnudo.com.mx\/?p=81311"},"modified":"2026-03-09T18:04:10","modified_gmt":"2026-03-10T00:04:10","slug":"defensa-de-lozoya-critica-fallo-de-la-corte-que-lo-obliga-a-indemnizar-a-lourdes-mendoza","status":"publish","type":"post","link":"https:\/\/politicosaldesnudo.com.mx\/index.php\/2026\/03\/10\/defensa-de-lozoya-critica-fallo-de-la-corte-que-lo-obliga-a-indemnizar-a-lourdes-mendoza\/","title":{"rendered":"Defensa de Lozoya critica fallo de la Corte que lo obliga a indemnizar a Lourdes Mendoza"},"content":{"rendered":"<p class=\"nota-justify\">La defensa legal del ex director de Pemex, Emilio Lozoya Austin, dijo que su representado y su familia respetan, pero no comparte la resoluci\u00f3n de la Suprema Corte de Justicia de la Naci\u00f3n (SCJN), que dej\u00f3 firme la sentencia que lo obliga indemnizar por da\u00f1o moral a la periodista Lourdes Mendoza, a quien acus\u00f3 de recibir sobornos en el contexto de las investigaciones por corrupci\u00f3n vinculadas al caso Odebrecht.<\/p>\n<p class=\"nota-justify\">El abogado Alejandro Rojas Pruneda dijo que, al no haber estudiado el recurso de revisi\u00f3n, el alto tribunal permiti\u00f3 que prevaleciera un criterio que representa un retroceso en los est\u00e1ndares de protecci\u00f3n a denunciantes de hechos delictivos.<\/p>\n<p class=\"nota-justify\">Al respecto, se\u00f1al\u00f3 que es el Estado, y no las v\u00edctimas ni los denunciantes, los que tienen la obligaci\u00f3n de investigar hechos delictivos y\/o probar su veracidad. \u201cSi la obligaci\u00f3n de probar hechos delictivos se la traslada el Estado a los denunciantes o a las v\u00edctimas, nadie va a denunciar hechos delictivos y estaremos a la merced de la delincuencia\u201d.<\/p>\n<p class=\"nota-justify\">Agreg\u00f3 que con la determinaci\u00f3n, la SCJN \u201cperdi\u00f3 la oportunidad de fijar criterios que protejan a los denunciantes de hechos de corrupci\u00f3n y los deja a \u00e9stos a la merced de las personas imputadas o denunciadas\u201d.<\/p>\n","protected":false},"excerpt":{"rendered":"<p>La defensa legal del ex director de Pemex, Emilio Lozoya Austin, dijo que su representado y su familia respetan, pero<\/p>\n","protected":false},"author":4,"featured_media":81312,"comment_status":"closed","ping_status":"closed","sticky":false,"template":"","format":"standard","meta":{"colormag_page_container_layout":"default_layout","colormag_page_sidebar_layout":"default_layout","_jetpack_memberships_contains_paid_content":false,"footnotes":"","jetpack_publicize_message":"","jetpack_publicize_feature_enabled":true,"jetpack_social_post_already_shared":true,"jetpack_social_options":{"image_generator_settings":{"template":"highway","default_image_id":0,"font":"","enabled":false},"version":2}},"categories":[33],"tags":[],"class_list":["post-81311","post","type-post","status-publish","format-standard","has-post-thumbnail","hentry","category-nacional"],"jetpack_publicize_connections":[],"jetpack_featured_media_url":"https:\/\/i0.wp.com\/politicosaldesnudo.com.mx\/wp-content\/uploads\/2026\/03\/LOSO.jpg?fit=1200%2C900&ssl=1","jetpack-related-posts":[],"jetpack_sharing_enabled":true,"_links":{"self":[{"href":"https:\/\/politicosaldesnudo.com.mx\/index.php\/wp-json\/wp\/v2\/posts\/81311","targetHints":{"allow":["GET"]}}],"collection":[{"href":"https:\/\/politicosaldesnudo.com.mx\/index.php\/wp-json\/wp\/v2\/posts"}],"about":[{"href":"https:\/\/politicosaldesnudo.com.mx\/index.php\/wp-json\/wp\/v2\/types\/post"}],"author":[{"embeddable":true,"href":"https:\/\/politicosaldesnudo.com.mx\/index.php\/wp-json\/wp\/v2\/users\/4"}],"replies":[{"embeddable":true,"href":"https:\/\/politicosaldesnudo.com.mx\/index.php\/wp-json\/wp\/v2\/comments?post=81311"}],"version-history":[{"count":0,"href":"https:\/\/politicosaldesnudo.com.mx\/index.php\/wp-json\/wp\/v2\/posts\/81311\/revisions"}],"wp:featuredmedia":[{"embeddable":true,"href":"https:\/\/politicosaldesnudo.com.mx\/index.php\/wp-json\/wp\/v2\/media\/81312"}],"wp:attachment":[{"href":"https:\/\/politicosaldesnudo.com.mx\/index.php\/wp-json\/wp\/v2\/media?parent=81311"}],"wp:term":[{"taxonomy":"category","embeddable":true,"href":"https:\/\/politicosaldesnudo.com.mx\/index.php\/wp-json\/wp\/v2\/categories?post=81311"},{"taxonomy":"post_tag","embeddable":true,"href":"https:\/\/politicosaldesnudo.com.mx\/index.php\/wp-json\/wp\/v2\/tags?post=81311"}],"curies":[{"name":"wp","href":"https:\/\/api.w.org\/{rel}","templated":true}]}}