{"id":81314,"date":"2026-03-10T00:07:21","date_gmt":"2026-03-10T06:07:21","guid":{"rendered":"https:\/\/politicosaldesnudo.com.mx\/?p=81314"},"modified":"2026-03-09T18:06:28","modified_gmt":"2026-03-10T00:06:28","slug":"entre-criticas-a-su-gestion-al-frente-de-la-asf-colmenares-buscara-la-releccion","status":"publish","type":"post","link":"https:\/\/politicosaldesnudo.com.mx\/index.php\/2026\/03\/10\/entre-criticas-a-su-gestion-al-frente-de-la-asf-colmenares-buscara-la-releccion\/","title":{"rendered":"Entre cr\u00edticas a su gesti\u00f3n al frente de la ASF, Colmenares buscar\u00e1 la relecci\u00f3n"},"content":{"rendered":"<p class=\"nota-justify\">La Comisi\u00f3n de Vigilancia de la C\u00e1mara de Diputados entr\u00f3 en la fase final de cabildeo para integrar la terna de candidatos a dirigir la Auditor\u00eda Superior de la Federaci\u00f3n (ASF), que se elegir\u00e1 ma\u00f1ana en la sesi\u00f3n ordinaria y requiere el voto de dos terceras partes de los legisladores presentes.<\/p>\n<p class=\"nota-justify\">La comisi\u00f3n est\u00e1 citada a las 9 de la ma\u00f1ana para avalar el dictamen y enviarlo a la Junta de Coordinaci\u00f3n Pol\u00edtica, para que la entregue al pleno ese mismo d\u00eda.<\/p>\n<p class=\"nota-justify\">Un sector de diputados de Morena cuestion\u00f3 el cierre de la gesti\u00f3n del actual auditor, David Colmenares, quien fue designado en 2018 y busca relegirse. En los a\u00f1os recientes, la ASF fren\u00f3 la formulaci\u00f3n de denuncias penales por presuntas irregularidades en el ejercicio del gasto: mientras en 2017 \u2014con Juan Manuel Portal de titular\u2014 la ASF interpuso 90, y en 2021 solo dos.<\/p>\n<p class=\"nota-justify\">Adem\u00e1s, la Auditor\u00eda tiene atribuciones de presentar expedientes ante el Tribunal Federal de Justicia Administrativa, pero tambi\u00e9n fueron en declive. Mil 829 casos corresponden a las cuentas p\u00fablicas de 2016 a 2018, pero \u00fanicamente hay 12 de las de 2019 a 2022.<\/p>\n<p class=\"nota-justify\">Como ha hecho en sus comparecencias ante la Comisi\u00f3n de Vigilancia y en su entrevista del viernes, Colmenares insiste en que su trabajo tuvo un enfoque preventivo, a pesar de que los art\u00edculos 74 y 79 constitucionales se\u00f1alan que la fiscalizaci\u00f3n se realiza a partir de la cuenta p\u00fablica que se presenta una vez cerrado el a\u00f1o fiscal.<\/p>\n<p class=\"nota-justify\">Adem\u00e1s, la revisi\u00f3n de los recursos durante el proceso de ejecuci\u00f3n corresponde a los \u00f3rganos internos de control y a la Secretar\u00eda Anticorrupci\u00f3n.<\/p>\n<p class=\"nota-justify\">Conforme a las bases de la convocatoria, la Comisi\u00f3n de Vigilancia comenz\u00f3 a descartar algunos perfiles. Entre ellos el de Juan Jos\u00e9 Serrano, ex contralor del gobierno capitalino, porque no cumpli\u00f3 el requisito de contar al menos con 10 a\u00f1os de experiencia efectiva en actividades o funciones relacionadas con el control y fiscalizaci\u00f3n del gasto p\u00fablico; pol\u00edtica presupuestaria; evaluaci\u00f3n del gasto p\u00fablico, del desempe\u00f1o y de pol\u00edticas p\u00fablicas, y administraci\u00f3n financiera o manejo de recursos.<\/p>\n<p class=\"nota-justify\">Tambi\u00e9n, Natalia T\u00e9llez \u2014a quien se identifica como cercana a la secretaria Anticorrupci\u00f3n, Raquel Buenrostro\u2014, que fue candidata a ministra de la Corte en la elecci\u00f3n de 2025, y la convocatoria proh\u00edbe haber participado en un cargo de elecci\u00f3n popular un a\u00f1o antes de selecci\u00f3n del auditor.<\/p>\n<p class=\"nota-justify\">Entre los perfiles relevantes en el proceso est\u00e1n Miroslava Carrillo, ex diputada federal en 2018, auditora local en el estado de M\u00e9xico y del grupo del senador, Higinio Mart\u00ednez; los ex auditores, Muna Dora Buchahin, Agust\u00edn Caso Rafael y Gerardo Lozano Dubernard, a quienes Colmenares destituy\u00f3, y Emilio Barriga, quien rompi\u00f3 con el auditor y renunci\u00f3 el a\u00f1o pasado. Tambi\u00e9n, Delia Gonz\u00e1lez, auditora en Veracruz, y el auditor capitalino, Edwin Meraz \u00c1ngeles, quien desarroll\u00f3 su carrera con Luz Elena Gonz\u00e1lez, actual titular de Energ\u00eda.<\/p>\n<p class=\"nota-justify\">El auditor debe ser electo por el voto de las dos terceras partes de los diputados, pero si ninguno de los candidatos obtiene los apoyos requeridos, podr\u00eda quedar un suplente en lugar de Colmenares, que ser\u00eda el auditor especial de cumplimiento financiero, Mart\u00edn S\u00e1nchez Arroyo, gracias al orden de prelaci\u00f3n que el titular de la ASF realiz\u00f3 al reglamento interno.<\/p>\n<p class=\"nota-justify\">Sin embargo, lo anterior implicar\u00eda emitir una nueva convocatoria en la que ya no podr\u00edan participar los incluidos en la terna de la Comisi\u00f3n de Vigilancia.<\/p>\n","protected":false},"excerpt":{"rendered":"<p>La Comisi\u00f3n de Vigilancia de la C\u00e1mara de Diputados entr\u00f3 en la fase final de cabildeo para integrar la terna<\/p>\n","protected":false},"author":4,"featured_media":81315,"comment_status":"closed","ping_status":"closed","sticky":false,"template":"","format":"standard","meta":{"colormag_page_container_layout":"default_layout","colormag_page_sidebar_layout":"default_layout","_jetpack_memberships_contains_paid_content":false,"footnotes":"","jetpack_publicize_message":"","jetpack_publicize_feature_enabled":true,"jetpack_social_post_already_shared":true,"jetpack_social_options":{"image_generator_settings":{"template":"highway","default_image_id":0,"font":"","enabled":false},"version":2}},"categories":[33],"tags":[],"class_list":["post-81314","post","type-post","status-publish","format-standard","has-post-thumbnail","hentry","category-nacional"],"jetpack_publicize_connections":[],"jetpack_featured_media_url":"https:\/\/i0.wp.com\/politicosaldesnudo.com.mx\/wp-content\/uploads\/2026\/03\/COLM.jpg?fit=1200%2C800&ssl=1","jetpack-related-posts":[],"jetpack_sharing_enabled":true,"_links":{"self":[{"href":"https:\/\/politicosaldesnudo.com.mx\/index.php\/wp-json\/wp\/v2\/posts\/81314","targetHints":{"allow":["GET"]}}],"collection":[{"href":"https:\/\/politicosaldesnudo.com.mx\/index.php\/wp-json\/wp\/v2\/posts"}],"about":[{"href":"https:\/\/politicosaldesnudo.com.mx\/index.php\/wp-json\/wp\/v2\/types\/post"}],"author":[{"embeddable":true,"href":"https:\/\/politicosaldesnudo.com.mx\/index.php\/wp-json\/wp\/v2\/users\/4"}],"replies":[{"embeddable":true,"href":"https:\/\/politicosaldesnudo.com.mx\/index.php\/wp-json\/wp\/v2\/comments?post=81314"}],"version-history":[{"count":0,"href":"https:\/\/politicosaldesnudo.com.mx\/index.php\/wp-json\/wp\/v2\/posts\/81314\/revisions"}],"wp:featuredmedia":[{"embeddable":true,"href":"https:\/\/politicosaldesnudo.com.mx\/index.php\/wp-json\/wp\/v2\/media\/81315"}],"wp:attachment":[{"href":"https:\/\/politicosaldesnudo.com.mx\/index.php\/wp-json\/wp\/v2\/media?parent=81314"}],"wp:term":[{"taxonomy":"category","embeddable":true,"href":"https:\/\/politicosaldesnudo.com.mx\/index.php\/wp-json\/wp\/v2\/categories?post=81314"},{"taxonomy":"post_tag","embeddable":true,"href":"https:\/\/politicosaldesnudo.com.mx\/index.php\/wp-json\/wp\/v2\/tags?post=81314"}],"curies":[{"name":"wp","href":"https:\/\/api.w.org\/{rel}","templated":true}]}}